{"id":35054,"date":"2022-07-13T15:07:27","date_gmt":"2022-07-13T14:07:27","guid":{"rendered":"https:\/\/deltaimage.de\/wp\/?p=35054"},"modified":"2025-08-19T21:23:26","modified_gmt":"2025-08-19T19:23:26","slug":"die-dreifluessestadt-passau-an-der-donau-inn-und-ilz-ein-fototrip-als-tagesausflug","status":"publish","type":"post","link":"https:\/\/deltaimage.de\/wp\/?p=35054","title":{"rendered":"Die Dreifl\u00fcssestadt Passau an der Donau, Inn und Ilz &#8211; ein Fototrip als Tagesausflug"},"content":{"rendered":"<p><img data-recalc-dims=\"1\" loading=\"lazy\" decoding=\"async\" data-attachment-id=\"10582\" data-permalink=\"https:\/\/deltaimage.de\/wp\/?attachment_id=10582#main\" data-orig-file=\"https:\/\/i0.wp.com\/deltaimage.de\/wp\/wp-content\/uploads\/BAYERWALDTEAM_neu.jpg?fit=1546%2C1085&amp;ssl=1\" data-orig-size=\"1546,1085\" data-comments-opened=\"0\" data-image-meta=\"{&quot;aperture&quot;:&quot;0&quot;,&quot;credit&quot;:&quot;&quot;,&quot;camera&quot;:&quot;&quot;,&quot;caption&quot;:&quot;&quot;,&quot;created_timestamp&quot;:&quot;0&quot;,&quot;copyright&quot;:&quot;&quot;,&quot;focal_length&quot;:&quot;0&quot;,&quot;iso&quot;:&quot;0&quot;,&quot;shutter_speed&quot;:&quot;0&quot;,&quot;title&quot;:&quot;&quot;,&quot;orientation&quot;:&quot;0&quot;}\" data-image-title=\"BAYERWALDTEAM_neu\" data-image-description=\"\" data-image-caption=\"\" data-large-file=\"https:\/\/i0.wp.com\/deltaimage.de\/wp\/wp-content\/uploads\/BAYERWALDTEAM_neu.jpg?fit=890%2C625&amp;ssl=1\" class=\"wp-image-10582 alignright\" src=\"https:\/\/i0.wp.com\/deltaimage.de\/wp\/wp-content\/uploads\/BAYERWALDTEAM_neu.jpg?resize=143%2C89\" alt=\"BAYERWALDTEAM neu\" width=\"143\" height=\"89\" \/><\/p>\n<p>Italienischer Flair in der Architektur und Kultur in Verbindung mit einer au\u00dfergew\u00f6hnlichen Lage am Zusammenfluss von der <strong>Donau<\/strong> &#8211; dem europ\u00e4ischen Strom, dem Inn, der Transportader des wertvollen Salzes aus dem <strong><a href=\"https:\/\/deltaimage.de\/wp\/?s=Salzkammergut\">Salzkammergut<\/a> <\/strong>nach Norden in Richtung B\u00f6hmen und auf der Donau nach Osten &#8211; und schlie\u00dflich der <strong>Ilz<\/strong>. Die <strong>Ilz<\/strong> ist der kleinste der drei Fl\u00fcsse, aber wohl der charaktervollste der drei Fl\u00fcsse, mit seinem Weg aus dem Grenzkamm und \u00fcber den <strong><a href=\"https:\/\/deltaimage.de\/wp\/?s=Granit\">Granit<\/a> <\/strong>des <strong><a href=\"https:\/\/deltaimage.de\/wp\/?s=Bayerischer+Wald\">Bayerischen Waldes<\/a><\/strong> und durch die unendlichen W\u00e4lder des &#8222;<strong>Nordwaldes<\/strong>&#8222;.<\/p>\n<p><img data-recalc-dims=\"1\" loading=\"lazy\" decoding=\"async\" data-attachment-id=\"35120\" data-permalink=\"https:\/\/deltaimage.de\/wp\/?attachment_id=35120#main\" data-orig-file=\"https:\/\/i0.wp.com\/deltaimage.de\/wp\/wp-content\/uploads\/PE5D3880_900.jpg?fit=890%2C593&amp;ssl=1\" data-orig-size=\"890,593\" data-comments-opened=\"0\" data-image-meta=\"{&quot;aperture&quot;:&quot;5.6&quot;,&quot;credit&quot;:&quot;Paul Eschbach&quot;,&quot;camera&quot;:&quot;Canon EOS 5DS R&quot;,&quot;caption&quot;:&quot;&quot;,&quot;created_timestamp&quot;:&quot;1657194496&quot;,&quot;copyright&quot;:&quot;DELTA IMAGE www.deltaimage.de&quot;,&quot;focal_length&quot;:&quot;187&quot;,&quot;iso&quot;:&quot;200&quot;,&quot;shutter_speed&quot;:&quot;0.00125&quot;,&quot;title&quot;:&quot;&quot;,&quot;orientation&quot;:&quot;0&quot;}\" data-image-title=\"PE5D3880_900\" data-image-description=\"\" data-image-caption=\"\" data-large-file=\"https:\/\/i0.wp.com\/deltaimage.de\/wp\/wp-content\/uploads\/PE5D3880_900.jpg?fit=890%2C593&amp;ssl=1\" class=\"aligncenter size-full wp-image-35120\" src=\"https:\/\/i0.wp.com\/deltaimage.de\/wp\/wp-content\/uploads\/PE5D3880_900.jpg?resize=890%2C593&#038;ssl=1\" alt=\"\" width=\"890\" height=\"593\" srcset=\"https:\/\/i0.wp.com\/deltaimage.de\/wp\/wp-content\/uploads\/PE5D3880_900.jpg?w=890&amp;ssl=1 890w, https:\/\/i0.wp.com\/deltaimage.de\/wp\/wp-content\/uploads\/PE5D3880_900.jpg?resize=300%2C200&amp;ssl=1 300w, https:\/\/i0.wp.com\/deltaimage.de\/wp\/wp-content\/uploads\/PE5D3880_900.jpg?resize=675%2C450&amp;ssl=1 675w, https:\/\/i0.wp.com\/deltaimage.de\/wp\/wp-content\/uploads\/PE5D3880_900.jpg?resize=600%2C400&amp;ssl=1 600w, https:\/\/i0.wp.com\/deltaimage.de\/wp\/wp-content\/uploads\/PE5D3880_900.jpg?resize=200%2C133&amp;ssl=1 200w\" sizes=\"auto, (max-width: 890px) 100vw, 890px\" \/><\/p>\n<p>Ein Tagesausflug nach <strong>Passau<\/strong> l\u00e4sst uns den Zauber dieser Stadt erleben und auch fotografisch erkunden. Dieter war zum ersten Mal in Passau, so beginnen wir die St\u00e4dtetour am <strong><a href=\"https:\/\/deltaimage.de\/wp\/?s=Oberhaus\">Oberhaus<\/a><\/strong>, mit einem grandiosen Ausblick auf diesem Tor und die Perle des <strong>Bayerischen Waldes<\/strong>.<\/p>\n<p><!--more--><\/p>\n<p>&nbsp;<\/p>\n<h2>Der Zugang zur F\u00fcrstbisch\u00f6flichen Residenzstadt \u00fcber die Luitpoldbr\u00fccke<\/h2>\n<p>Der wohl sch\u00f6nste Zugang zur Domstadt geht wohl \u00fcber die <strong>Veste<\/strong> <strong><a href=\"https:\/\/deltaimage.de\/wp\/?s=Oberhaus\">Oberhaus<\/a> <\/strong>und den verschlungenen Wegen durch die umfangreiche Burganlage hinunter zur Donau und \u00fcber die Luitpoldbr\u00fccke &#8222;H\u00e4ngebr\u00fccke&#8220; und \u00fcber die <strong><a href=\"https:\/\/deltaimage.de\/wp\/?s=Donau\">Donau<\/a> <\/strong>hinein in das Herz der Altstadt von Passau.<\/p>\n<p><img data-recalc-dims=\"1\" loading=\"lazy\" decoding=\"async\" data-attachment-id=\"35119\" data-permalink=\"https:\/\/deltaimage.de\/wp\/?attachment_id=35119#main\" data-orig-file=\"https:\/\/i0.wp.com\/deltaimage.de\/wp\/wp-content\/uploads\/PE5D3881_900.jpg?fit=890%2C593&amp;ssl=1\" data-orig-size=\"890,593\" data-comments-opened=\"0\" data-image-meta=\"{&quot;aperture&quot;:&quot;5.6&quot;,&quot;credit&quot;:&quot;Paul Eschbach&quot;,&quot;camera&quot;:&quot;Canon EOS 5DS R&quot;,&quot;caption&quot;:&quot;&quot;,&quot;created_timestamp&quot;:&quot;1657194510&quot;,&quot;copyright&quot;:&quot;DELTA IMAGE www.deltaimage.de&quot;,&quot;focal_length&quot;:&quot;200&quot;,&quot;iso&quot;:&quot;200&quot;,&quot;shutter_speed&quot;:&quot;0.001&quot;,&quot;title&quot;:&quot;&quot;,&quot;orientation&quot;:&quot;0&quot;}\" data-image-title=\"PE5D3881_900\" data-image-description=\"\" data-image-caption=\"\" data-large-file=\"https:\/\/i0.wp.com\/deltaimage.de\/wp\/wp-content\/uploads\/PE5D3881_900.jpg?fit=890%2C593&amp;ssl=1\" class=\"aligncenter size-full wp-image-35119\" src=\"https:\/\/i0.wp.com\/deltaimage.de\/wp\/wp-content\/uploads\/PE5D3881_900.jpg?resize=890%2C593&#038;ssl=1\" alt=\"\" width=\"890\" height=\"593\" srcset=\"https:\/\/i0.wp.com\/deltaimage.de\/wp\/wp-content\/uploads\/PE5D3881_900.jpg?w=890&amp;ssl=1 890w, https:\/\/i0.wp.com\/deltaimage.de\/wp\/wp-content\/uploads\/PE5D3881_900.jpg?resize=300%2C200&amp;ssl=1 300w, https:\/\/i0.wp.com\/deltaimage.de\/wp\/wp-content\/uploads\/PE5D3881_900.jpg?resize=675%2C450&amp;ssl=1 675w, https:\/\/i0.wp.com\/deltaimage.de\/wp\/wp-content\/uploads\/PE5D3881_900.jpg?resize=600%2C400&amp;ssl=1 600w, https:\/\/i0.wp.com\/deltaimage.de\/wp\/wp-content\/uploads\/PE5D3881_900.jpg?resize=200%2C133&amp;ssl=1 200w\" sizes=\"auto, (max-width: 890px) 100vw, 890px\" \/><\/p>\n<p>F\u00fcr die Fotografen sind die Fotomotive \u00fcberall da, die drei Fl\u00fcsse beleben die Stadt ungemein. Am Donaukai liegen die Schiffe der verschiedenen Schifffahrtslinien, im Jahr 1991 lagen hier noch die Schiffe der Donau-Dampfschiffahrts-Gesellschaft. Touristen starten von hier aus die Tour entlang der Donau durch die Wachau bis nach Wien. Weiter \u00fcber Bratislava und durch die Tiefebenen von Ungarn bis nach Budapest. Weiter geht die Fahrt entlang der Donau durch den Balkan und Rum\u00e4nien bis ans Schwarze Meer.<\/p>\n<p>&nbsp;<\/p>\n<h2>Zuerst ein Kaffee nach der Ankunft am Rathausplatz<\/h2>\n<p>Nach der Anreise und den beeindruckenden ersten Impressionen haben wir uns einen Kaffee verdient, und das am sch\u00f6nsten in der Altstadt selbst. Es wimmelt mit Touristen, alle wollen die Stadt, die Altstadt und die Sehensw\u00fcrdigkeiten sehen.<\/p>\n<p><img data-recalc-dims=\"1\" loading=\"lazy\" decoding=\"async\" data-attachment-id=\"35118\" data-permalink=\"https:\/\/deltaimage.de\/wp\/?attachment_id=35118#main\" data-orig-file=\"https:\/\/i0.wp.com\/deltaimage.de\/wp\/wp-content\/uploads\/PE5D3882_900.jpg?fit=593%2C890&amp;ssl=1\" data-orig-size=\"593,890\" data-comments-opened=\"0\" data-image-meta=\"{&quot;aperture&quot;:&quot;4&quot;,&quot;credit&quot;:&quot;Paul Eschbach&quot;,&quot;camera&quot;:&quot;Canon EOS 5DS R&quot;,&quot;caption&quot;:&quot;&quot;,&quot;created_timestamp&quot;:&quot;1657194594&quot;,&quot;copyright&quot;:&quot;DELTA IMAGE www.deltaimage.de&quot;,&quot;focal_length&quot;:&quot;155&quot;,&quot;iso&quot;:&quot;200&quot;,&quot;shutter_speed&quot;:&quot;0.000625&quot;,&quot;title&quot;:&quot;&quot;,&quot;orientation&quot;:&quot;0&quot;}\" data-image-title=\"PE5D3882_900\" data-image-description=\"\" data-image-caption=\"\" data-large-file=\"https:\/\/i0.wp.com\/deltaimage.de\/wp\/wp-content\/uploads\/PE5D3882_900.jpg?fit=593%2C890&amp;ssl=1\" class=\"aligncenter size-full wp-image-35118\" src=\"https:\/\/i0.wp.com\/deltaimage.de\/wp\/wp-content\/uploads\/PE5D3882_900.jpg?resize=593%2C890&#038;ssl=1\" alt=\"\" width=\"593\" height=\"890\" srcset=\"https:\/\/i0.wp.com\/deltaimage.de\/wp\/wp-content\/uploads\/PE5D3882_900.jpg?w=593&amp;ssl=1 593w, https:\/\/i0.wp.com\/deltaimage.de\/wp\/wp-content\/uploads\/PE5D3882_900.jpg?resize=400%2C600&amp;ssl=1 400w, https:\/\/i0.wp.com\/deltaimage.de\/wp\/wp-content\/uploads\/PE5D3882_900.jpg?resize=133%2C200&amp;ssl=1 133w, https:\/\/i0.wp.com\/deltaimage.de\/wp\/wp-content\/uploads\/PE5D3882_900.jpg?resize=395%2C593&amp;ssl=1 395w, https:\/\/i0.wp.com\/deltaimage.de\/wp\/wp-content\/uploads\/PE5D3882_900.jpg?resize=300%2C450&amp;ssl=1 300w, https:\/\/i0.wp.com\/deltaimage.de\/wp\/wp-content\/uploads\/PE5D3882_900.jpg?resize=267%2C400&amp;ssl=1 267w\" sizes=\"auto, (max-width: 593px) 100vw, 593px\" \/><\/p>\n<p>Die <strong>Stadt Passau<\/strong> spiegelt die Geschichte als \u00fcberregional bedeutendes F\u00fcrstbistum und Hochstift mit seiner Ausdehnung bis nach Ungarn wider. Der Stephansdom in Wien hatte als Patronat und Mutterkirche den Passauer Dom St. Stefan und auch die Stephanskrone der Ungarn geht auf den Heiligen Stefan zur\u00fcck. Hier sind die Spuren der von Passau entlang der Donau ausgehenden Christianisierung noch bis heute zu erkennen.<\/p>\n<p><img data-recalc-dims=\"1\" loading=\"lazy\" decoding=\"async\" data-attachment-id=\"35117\" data-permalink=\"https:\/\/deltaimage.de\/wp\/?attachment_id=35117#main\" data-orig-file=\"https:\/\/i0.wp.com\/deltaimage.de\/wp\/wp-content\/uploads\/PE5D3885_900.jpg?fit=890%2C593&amp;ssl=1\" data-orig-size=\"890,593\" data-comments-opened=\"0\" data-image-meta=\"{&quot;aperture&quot;:&quot;5&quot;,&quot;credit&quot;:&quot;Paul Eschbach&quot;,&quot;camera&quot;:&quot;Canon EOS 5DS R&quot;,&quot;caption&quot;:&quot;&quot;,&quot;created_timestamp&quot;:&quot;1657194967&quot;,&quot;copyright&quot;:&quot;DELTA IMAGE www.deltaimage.de&quot;,&quot;focal_length&quot;:&quot;192&quot;,&quot;iso&quot;:&quot;200&quot;,&quot;shutter_speed&quot;:&quot;0.001&quot;,&quot;title&quot;:&quot;&quot;,&quot;orientation&quot;:&quot;0&quot;}\" data-image-title=\"PE5D3885_900\" data-image-description=\"\" data-image-caption=\"\" data-large-file=\"https:\/\/i0.wp.com\/deltaimage.de\/wp\/wp-content\/uploads\/PE5D3885_900.jpg?fit=890%2C593&amp;ssl=1\" class=\"aligncenter size-full wp-image-35117\" src=\"https:\/\/i0.wp.com\/deltaimage.de\/wp\/wp-content\/uploads\/PE5D3885_900.jpg?resize=890%2C593&#038;ssl=1\" alt=\"\" width=\"890\" height=\"593\" srcset=\"https:\/\/i0.wp.com\/deltaimage.de\/wp\/wp-content\/uploads\/PE5D3885_900.jpg?w=890&amp;ssl=1 890w, https:\/\/i0.wp.com\/deltaimage.de\/wp\/wp-content\/uploads\/PE5D3885_900.jpg?resize=300%2C200&amp;ssl=1 300w, https:\/\/i0.wp.com\/deltaimage.de\/wp\/wp-content\/uploads\/PE5D3885_900.jpg?resize=675%2C450&amp;ssl=1 675w, https:\/\/i0.wp.com\/deltaimage.de\/wp\/wp-content\/uploads\/PE5D3885_900.jpg?resize=600%2C400&amp;ssl=1 600w, https:\/\/i0.wp.com\/deltaimage.de\/wp\/wp-content\/uploads\/PE5D3885_900.jpg?resize=200%2C133&amp;ssl=1 200w\" sizes=\"auto, (max-width: 890px) 100vw, 890px\" \/><\/p>\n<p>Die Passauer Altstadt zeigt alle wichtigen Bauepochen in einem herrlichen Nebeneinander dem Besucher:<\/p>\n<ul>\n<li><strong>Romanik<\/strong><\/li>\n<li><strong>Gothik<\/strong><\/li>\n<li><strong><a href=\"https:\/\/deltaimage.de\/wp\/?s=Renaissance\">Renaissance<\/a><\/strong><\/li>\n<li><strong><a href=\"https:\/\/deltaimage.de\/wp\/?s=Barock\">Barock<\/a><\/strong><\/li>\n<li><strong><a href=\"https:\/\/deltaimage.de\/wp\/?s=Klassizismus\">Klassizismus<\/a><\/strong><\/li>\n<\/ul>\n<p>&nbsp;<\/p>\n<h2>Entlang des Inns kam die italienische Leichtigkeit nach Passau<\/h2>\n<p>Die <strong><a href=\"https:\/\/deltaimage.de\/wp\/?s=Architektur\">Architektur<\/a> <\/strong>in Passau hat viel von den oberitalienischen Kulturst\u00e4dten \u00fcbernommen, kamen doch die Handwerker \u00fcber die Alpen und dann dem Inn entlang bis nach <strong>Passau<\/strong>. Dabei war Passau im Heiligen R\u00f6mischen Reich reichsunmittelbar und damit weitgehend selbst\u00e4ndig, der Reichtum kam vom Handel und dem Salzhandel \u00fcber den Inn und dann die Donau entlang und \u00fcber die S\u00e4umerpfade ins salzarme <strong><a href=\"https:\/\/deltaimage.de\/wp\/?s=B\u00f6hmen\">B\u00f6hmen<\/a><\/strong>.<\/p>\n<p><img data-recalc-dims=\"1\" loading=\"lazy\" decoding=\"async\" data-attachment-id=\"35112\" data-permalink=\"https:\/\/deltaimage.de\/wp\/?attachment_id=35112#main\" data-orig-file=\"https:\/\/i0.wp.com\/deltaimage.de\/wp\/wp-content\/uploads\/PE5D3951_900.jpg?fit=890%2C593&amp;ssl=1\" data-orig-size=\"890,593\" data-comments-opened=\"0\" data-image-meta=\"{&quot;aperture&quot;:&quot;5.6&quot;,&quot;credit&quot;:&quot;Paul Eschbach&quot;,&quot;camera&quot;:&quot;Canon EOS 5DS R&quot;,&quot;caption&quot;:&quot;&quot;,&quot;created_timestamp&quot;:&quot;1657206887&quot;,&quot;copyright&quot;:&quot;DELTA IMAGE www.deltaimage.de&quot;,&quot;focal_length&quot;:&quot;70&quot;,&quot;iso&quot;:&quot;200&quot;,&quot;shutter_speed&quot;:&quot;0.0015625&quot;,&quot;title&quot;:&quot;&quot;,&quot;orientation&quot;:&quot;0&quot;}\" data-image-title=\"PE5D3951_900\" data-image-description=\"\" data-image-caption=\"\" data-large-file=\"https:\/\/i0.wp.com\/deltaimage.de\/wp\/wp-content\/uploads\/PE5D3951_900.jpg?fit=890%2C593&amp;ssl=1\" class=\"aligncenter size-full wp-image-35112\" src=\"https:\/\/i0.wp.com\/deltaimage.de\/wp\/wp-content\/uploads\/PE5D3951_900.jpg?resize=890%2C593&#038;ssl=1\" alt=\"\" width=\"890\" height=\"593\" srcset=\"https:\/\/i0.wp.com\/deltaimage.de\/wp\/wp-content\/uploads\/PE5D3951_900.jpg?w=890&amp;ssl=1 890w, https:\/\/i0.wp.com\/deltaimage.de\/wp\/wp-content\/uploads\/PE5D3951_900.jpg?resize=300%2C200&amp;ssl=1 300w, https:\/\/i0.wp.com\/deltaimage.de\/wp\/wp-content\/uploads\/PE5D3951_900.jpg?resize=675%2C450&amp;ssl=1 675w, https:\/\/i0.wp.com\/deltaimage.de\/wp\/wp-content\/uploads\/PE5D3951_900.jpg?resize=600%2C400&amp;ssl=1 600w, https:\/\/i0.wp.com\/deltaimage.de\/wp\/wp-content\/uploads\/PE5D3951_900.jpg?resize=200%2C133&amp;ssl=1 200w\" sizes=\"auto, (max-width: 890px) 100vw, 890px\" \/><\/p>\n<p>Die Bischofsresidenz und die Veste <strong><a href=\"https:\/\/deltaimage.de\/wp\/?s=Oberhaus\">Oberhaus<\/a><\/strong> zeugen auch heute noch von der strategischen Bedeutung dieses Hochstiftes.<\/p>\n<p><img data-recalc-dims=\"1\" loading=\"lazy\" decoding=\"async\" data-attachment-id=\"35111\" data-permalink=\"https:\/\/deltaimage.de\/wp\/?attachment_id=35111#main\" data-orig-file=\"https:\/\/i0.wp.com\/deltaimage.de\/wp\/wp-content\/uploads\/PE5D3959_900.jpg?fit=890%2C593&amp;ssl=1\" data-orig-size=\"890,593\" data-comments-opened=\"0\" data-image-meta=\"{&quot;aperture&quot;:&quot;5&quot;,&quot;credit&quot;:&quot;Paul Eschbach&quot;,&quot;camera&quot;:&quot;Canon EOS 5DS R&quot;,&quot;caption&quot;:&quot;&quot;,&quot;created_timestamp&quot;:&quot;1657207718&quot;,&quot;copyright&quot;:&quot;DELTA IMAGE www.deltaimage.de&quot;,&quot;focal_length&quot;:&quot;155&quot;,&quot;iso&quot;:&quot;200&quot;,&quot;shutter_speed&quot;:&quot;0.01&quot;,&quot;title&quot;:&quot;&quot;,&quot;orientation&quot;:&quot;0&quot;}\" data-image-title=\"PE5D3959_900\" data-image-description=\"\" data-image-caption=\"\" data-large-file=\"https:\/\/i0.wp.com\/deltaimage.de\/wp\/wp-content\/uploads\/PE5D3959_900.jpg?fit=890%2C593&amp;ssl=1\" class=\"aligncenter size-full wp-image-35111\" src=\"https:\/\/i0.wp.com\/deltaimage.de\/wp\/wp-content\/uploads\/PE5D3959_900.jpg?resize=890%2C593&#038;ssl=1\" alt=\"\" width=\"890\" height=\"593\" srcset=\"https:\/\/i0.wp.com\/deltaimage.de\/wp\/wp-content\/uploads\/PE5D3959_900.jpg?w=890&amp;ssl=1 890w, https:\/\/i0.wp.com\/deltaimage.de\/wp\/wp-content\/uploads\/PE5D3959_900.jpg?resize=300%2C200&amp;ssl=1 300w, https:\/\/i0.wp.com\/deltaimage.de\/wp\/wp-content\/uploads\/PE5D3959_900.jpg?resize=675%2C450&amp;ssl=1 675w, https:\/\/i0.wp.com\/deltaimage.de\/wp\/wp-content\/uploads\/PE5D3959_900.jpg?resize=600%2C400&amp;ssl=1 600w, https:\/\/i0.wp.com\/deltaimage.de\/wp\/wp-content\/uploads\/PE5D3959_900.jpg?resize=200%2C133&amp;ssl=1 200w\" sizes=\"auto, (max-width: 890px) 100vw, 890px\" \/><\/p>\n<p>Die Wehrmauer in der <strong>Veste<\/strong> <strong><a href=\"https:\/\/deltaimage.de\/wp\/?s=Oberhaus\">Oberhaus<\/a> <\/strong>zeigt die milit\u00e4rische Bedeutung dieses reichen und strategisch bedeutenden Hochstifts auch heute noch dem Besucher.<\/p>\n<p>&nbsp;<\/p>\n<h2>1805 kam Passau im Frieden von Br\u00fcnn und Pressburg zu Bayern &#8211; bis heute<\/h2>\n<p>Mit der S\u00e4kularisierung 1803 wurde die weltliche Herrschaft des F\u00fcrstbischofs beendet und das Gebiet kam zuerst zu Bayern und dann zum Churf\u00fcrstentum Salzburg. Beim Frieden von Br\u00fcnn und Salzburg kam <strong>Passau<\/strong> dann endg\u00fcltig zu Bayern &#8211; und so blieb es bis heute.<\/p>\n<p>Auf dem Residenzplatz steht zu Ehren dieses Ereignisses ein herrlicher Brunnen mit der Inschrift.<\/p>\n<p><img data-recalc-dims=\"1\" loading=\"lazy\" decoding=\"async\" data-attachment-id=\"35116\" data-permalink=\"https:\/\/deltaimage.de\/wp\/?attachment_id=35116#main\" data-orig-file=\"https:\/\/i0.wp.com\/deltaimage.de\/wp\/wp-content\/uploads\/PE5D3893_900.jpg?fit=890%2C593&amp;ssl=1\" data-orig-size=\"890,593\" data-comments-opened=\"0\" data-image-meta=\"{&quot;aperture&quot;:&quot;5&quot;,&quot;credit&quot;:&quot;Paul Eschbach&quot;,&quot;camera&quot;:&quot;Canon EOS 5DS R&quot;,&quot;caption&quot;:&quot;&quot;,&quot;created_timestamp&quot;:&quot;1657197320&quot;,&quot;copyright&quot;:&quot;DELTA IMAGE www.deltaimage.de&quot;,&quot;focal_length&quot;:&quot;24&quot;,&quot;iso&quot;:&quot;200&quot;,&quot;shutter_speed&quot;:&quot;0.00125&quot;,&quot;title&quot;:&quot;&quot;,&quot;orientation&quot;:&quot;0&quot;}\" data-image-title=\"PE5D3893_900\" data-image-description=\"\" data-image-caption=\"\" data-large-file=\"https:\/\/i0.wp.com\/deltaimage.de\/wp\/wp-content\/uploads\/PE5D3893_900.jpg?fit=890%2C593&amp;ssl=1\" class=\"aligncenter size-full wp-image-35116\" src=\"https:\/\/i0.wp.com\/deltaimage.de\/wp\/wp-content\/uploads\/PE5D3893_900.jpg?resize=890%2C593&#038;ssl=1\" alt=\"\" width=\"890\" height=\"593\" srcset=\"https:\/\/i0.wp.com\/deltaimage.de\/wp\/wp-content\/uploads\/PE5D3893_900.jpg?w=890&amp;ssl=1 890w, https:\/\/i0.wp.com\/deltaimage.de\/wp\/wp-content\/uploads\/PE5D3893_900.jpg?resize=300%2C200&amp;ssl=1 300w, https:\/\/i0.wp.com\/deltaimage.de\/wp\/wp-content\/uploads\/PE5D3893_900.jpg?resize=675%2C450&amp;ssl=1 675w, https:\/\/i0.wp.com\/deltaimage.de\/wp\/wp-content\/uploads\/PE5D3893_900.jpg?resize=600%2C400&amp;ssl=1 600w, https:\/\/i0.wp.com\/deltaimage.de\/wp\/wp-content\/uploads\/PE5D3893_900.jpg?resize=200%2C133&amp;ssl=1 200w\" sizes=\"auto, (max-width: 890px) 100vw, 890px\" \/><\/p>\n<p>Das kommt uns doch bekannt vor. Der <a href=\"https:\/\/deltaimage.de\/wp\/?s=Friede+von+Br%C3%BCnn\"><strong>Friede von Br\u00fcnn und Pressburg<\/strong><\/a> regelte die Gebietsaufteilung nach der Dreikaiserschlacht bei <strong><a href=\"https:\/\/deltaimage.de\/wp\/?s=Austerlitz\">Austerlitz<\/a><\/strong>, in welcher der franz\u00f6sische Kaiser <strong>Napoleon<\/strong> gegen den \u00f6sterreichischen Kaiser und auch den russischen Kaiser gewann. Von ganz herausragender Bedeutung bei diesem Friedensschluss war der bayerische Gesandte in Wien und im Hauptquartier <strong>Napoleons<\/strong>, der bayerische Diplomat <strong><a href=\"https:\/\/deltaimage.de\/wp\/?s=Carl+Ernst+von+Gravenreuth\">Freiherr Carl Ernst von Gravenreuth<\/a><\/strong>. \u00dcber sein Wirken und sein Leben haben wir auf <strong>DELTA IMAGE<\/strong> ausf\u00fchrlich zu dem neuen Buch und Biografie von <strong><a href=\"https:\/\/deltaimage.de\/wp\/?s=Junkelmann\">Dr. Marcus Junkelmann<\/a><\/strong> im Pustet Verlag berichtet.<\/p>\n<p>&nbsp;<\/p>\n<h2>Dom St. Stefan &#8211; das gr\u00f6\u00dfte Barockgeb\u00e4ude n\u00f6rdlich der Alpen<\/h2>\n<p><strong>Passau<\/strong> kann auch gro\u00df und m\u00e4chtig. Die <strong>gr\u00f6\u00dfte Kirchenorgel der Welt<\/strong> im gr\u00f6\u00dften Barockgeb\u00e4ude n\u00f6rdlich der Alpen ist schon doppelt beeindruckend.<\/p>\n<p><img data-recalc-dims=\"1\" loading=\"lazy\" decoding=\"async\" data-attachment-id=\"35115\" data-permalink=\"https:\/\/deltaimage.de\/wp\/?attachment_id=35115#main\" data-orig-file=\"https:\/\/i0.wp.com\/deltaimage.de\/wp\/wp-content\/uploads\/PE5D3904_900.jpg?fit=593%2C890&amp;ssl=1\" data-orig-size=\"593,890\" data-comments-opened=\"0\" data-image-meta=\"{&quot;aperture&quot;:&quot;2&quot;,&quot;credit&quot;:&quot;Paul Eschbach&quot;,&quot;camera&quot;:&quot;Canon EOS 5DS R&quot;,&quot;caption&quot;:&quot;&quot;,&quot;created_timestamp&quot;:&quot;1657198413&quot;,&quot;copyright&quot;:&quot;DELTA IMAGE www.deltaimage.de&quot;,&quot;focal_length&quot;:&quot;50&quot;,&quot;iso&quot;:&quot;800&quot;,&quot;shutter_speed&quot;:&quot;0.05&quot;,&quot;title&quot;:&quot;&quot;,&quot;orientation&quot;:&quot;0&quot;}\" data-image-title=\"PE5D3904_900\" data-image-description=\"\" data-image-caption=\"\" data-large-file=\"https:\/\/i0.wp.com\/deltaimage.de\/wp\/wp-content\/uploads\/PE5D3904_900.jpg?fit=593%2C890&amp;ssl=1\" class=\"aligncenter size-full wp-image-35115\" src=\"https:\/\/i0.wp.com\/deltaimage.de\/wp\/wp-content\/uploads\/PE5D3904_900.jpg?resize=593%2C890&#038;ssl=1\" alt=\"\" width=\"593\" height=\"890\" srcset=\"https:\/\/i0.wp.com\/deltaimage.de\/wp\/wp-content\/uploads\/PE5D3904_900.jpg?w=593&amp;ssl=1 593w, https:\/\/i0.wp.com\/deltaimage.de\/wp\/wp-content\/uploads\/PE5D3904_900.jpg?resize=400%2C600&amp;ssl=1 400w, https:\/\/i0.wp.com\/deltaimage.de\/wp\/wp-content\/uploads\/PE5D3904_900.jpg?resize=133%2C200&amp;ssl=1 133w, https:\/\/i0.wp.com\/deltaimage.de\/wp\/wp-content\/uploads\/PE5D3904_900.jpg?resize=395%2C593&amp;ssl=1 395w, https:\/\/i0.wp.com\/deltaimage.de\/wp\/wp-content\/uploads\/PE5D3904_900.jpg?resize=300%2C450&amp;ssl=1 300w, https:\/\/i0.wp.com\/deltaimage.de\/wp\/wp-content\/uploads\/PE5D3904_900.jpg?resize=267%2C400&amp;ssl=1 267w\" sizes=\"auto, (max-width: 593px) 100vw, 593px\" \/><\/p>\n<p>Der Kern des <strong>Passauer Doms<\/strong> ist gotisch, daher auch die Scheitelh\u00f6he des Innengew\u00f6lbes mit 29 m. Die Ausf\u00fchrung ist Hochbarock und bildet so eine einmalige Verbindung dieser beiden Baustile im deutschen Sprachraum.<\/p>\n<p><img data-recalc-dims=\"1\" loading=\"lazy\" decoding=\"async\" data-attachment-id=\"35114\" data-permalink=\"https:\/\/deltaimage.de\/wp\/?attachment_id=35114#main\" data-orig-file=\"https:\/\/i0.wp.com\/deltaimage.de\/wp\/wp-content\/uploads\/PE5D3905_900.jpg?fit=890%2C593&amp;ssl=1\" data-orig-size=\"890,593\" data-comments-opened=\"0\" data-image-meta=\"{&quot;aperture&quot;:&quot;2&quot;,&quot;credit&quot;:&quot;Paul Eschbach&quot;,&quot;camera&quot;:&quot;Canon EOS 5DS R&quot;,&quot;caption&quot;:&quot;&quot;,&quot;created_timestamp&quot;:&quot;1657198477&quot;,&quot;copyright&quot;:&quot;DELTA IMAGE www.deltaimage.de&quot;,&quot;focal_length&quot;:&quot;50&quot;,&quot;iso&quot;:&quot;800&quot;,&quot;shutter_speed&quot;:&quot;0.066666666666667&quot;,&quot;title&quot;:&quot;&quot;,&quot;orientation&quot;:&quot;0&quot;}\" data-image-title=\"PE5D3905_900\" data-image-description=\"\" data-image-caption=\"\" data-large-file=\"https:\/\/i0.wp.com\/deltaimage.de\/wp\/wp-content\/uploads\/PE5D3905_900.jpg?fit=890%2C593&amp;ssl=1\" class=\"aligncenter size-full wp-image-35114\" src=\"https:\/\/i0.wp.com\/deltaimage.de\/wp\/wp-content\/uploads\/PE5D3905_900.jpg?resize=890%2C593&#038;ssl=1\" alt=\"\" width=\"890\" height=\"593\" srcset=\"https:\/\/i0.wp.com\/deltaimage.de\/wp\/wp-content\/uploads\/PE5D3905_900.jpg?w=890&amp;ssl=1 890w, https:\/\/i0.wp.com\/deltaimage.de\/wp\/wp-content\/uploads\/PE5D3905_900.jpg?resize=300%2C200&amp;ssl=1 300w, https:\/\/i0.wp.com\/deltaimage.de\/wp\/wp-content\/uploads\/PE5D3905_900.jpg?resize=675%2C450&amp;ssl=1 675w, https:\/\/i0.wp.com\/deltaimage.de\/wp\/wp-content\/uploads\/PE5D3905_900.jpg?resize=600%2C400&amp;ssl=1 600w, https:\/\/i0.wp.com\/deltaimage.de\/wp\/wp-content\/uploads\/PE5D3905_900.jpg?resize=200%2C133&amp;ssl=1 200w\" sizes=\"auto, (max-width: 890px) 100vw, 890px\" \/><\/p>\n<p>Eine kleine Zenger Gasse entlang des Doms, unter dem S\u00fcdturm gef\u00fchrt, diente der Zufahrt der Pferdekutschen \u00fcber den Domplatz zur Residenz des Bischofs, da der Residenzplatz zu eng war. Heute freuen sich die Besuche \u00fcber diesen sch\u00f6nen Weg in der Altstadt Passaus.<\/p>\n<p><img data-recalc-dims=\"1\" loading=\"lazy\" decoding=\"async\" data-attachment-id=\"35113\" data-permalink=\"https:\/\/deltaimage.de\/wp\/?attachment_id=35113#main\" data-orig-file=\"https:\/\/i0.wp.com\/deltaimage.de\/wp\/wp-content\/uploads\/PE5D3909_900.jpg?fit=593%2C890&amp;ssl=1\" data-orig-size=\"593,890\" data-comments-opened=\"0\" data-image-meta=\"{&quot;aperture&quot;:&quot;3.5&quot;,&quot;credit&quot;:&quot;Paul Eschbach&quot;,&quot;camera&quot;:&quot;Canon EOS 5DS R&quot;,&quot;caption&quot;:&quot;&quot;,&quot;created_timestamp&quot;:&quot;1657199259&quot;,&quot;copyright&quot;:&quot;DELTA IMAGE www.deltaimage.de&quot;,&quot;focal_length&quot;:&quot;24&quot;,&quot;iso&quot;:&quot;800&quot;,&quot;shutter_speed&quot;:&quot;0.000625&quot;,&quot;title&quot;:&quot;&quot;,&quot;orientation&quot;:&quot;0&quot;}\" data-image-title=\"PE5D3909_900\" data-image-description=\"\" data-image-caption=\"\" data-large-file=\"https:\/\/i0.wp.com\/deltaimage.de\/wp\/wp-content\/uploads\/PE5D3909_900.jpg?fit=593%2C890&amp;ssl=1\" class=\"aligncenter size-full wp-image-35113\" src=\"https:\/\/i0.wp.com\/deltaimage.de\/wp\/wp-content\/uploads\/PE5D3909_900.jpg?resize=593%2C890&#038;ssl=1\" alt=\"\" width=\"593\" height=\"890\" srcset=\"https:\/\/i0.wp.com\/deltaimage.de\/wp\/wp-content\/uploads\/PE5D3909_900.jpg?w=593&amp;ssl=1 593w, https:\/\/i0.wp.com\/deltaimage.de\/wp\/wp-content\/uploads\/PE5D3909_900.jpg?resize=400%2C600&amp;ssl=1 400w, https:\/\/i0.wp.com\/deltaimage.de\/wp\/wp-content\/uploads\/PE5D3909_900.jpg?resize=133%2C200&amp;ssl=1 133w, https:\/\/i0.wp.com\/deltaimage.de\/wp\/wp-content\/uploads\/PE5D3909_900.jpg?resize=395%2C593&amp;ssl=1 395w, https:\/\/i0.wp.com\/deltaimage.de\/wp\/wp-content\/uploads\/PE5D3909_900.jpg?resize=300%2C450&amp;ssl=1 300w, https:\/\/i0.wp.com\/deltaimage.de\/wp\/wp-content\/uploads\/PE5D3909_900.jpg?resize=267%2C400&amp;ssl=1 267w\" sizes=\"auto, (max-width: 593px) 100vw, 593px\" \/><\/p>\n","protected":false},"excerpt":{"rendered":"<p>Italienischer Flair in der Architektur und Kultur in Verbindung mit einer au\u00dfergew\u00f6hnlichen Lage am Zusammenfluss von der Donau &#8211; dem europ\u00e4ischen Strom, dem Inn, der Transportader des wertvollen Salzes aus [&hellip;]<\/p>\n","protected":false},"author":1,"featured_media":35110,"comment_status":"closed","ping_status":"closed","sticky":false,"template":"","format":"standard","meta":{"wpupg_custom_link":[],"wpupg_custom_link_behaviour":["default"],"wpupg_custom_link_nofollow":["default"],"wpupg_custom_image":[],"wpupg_custom_image_id":[],"jetpack_post_was_ever_published":false,"footnotes":""},"categories":[861,8],"tags":[595,2960,613,3286,615,614,254,612],"class_list":["post-35054","post","type-post","status-publish","format-standard","has-post-thumbnail","hentry","category-bayerwaldteam","category-news","tag-bayerischer-wald","tag-carl-ernst-von-gravenreuth","tag-donau","tag-dreifluessestadt","tag-ilz","tag-inn","tag-niederbayern","tag-passau"],"jetpack_featured_media_url":"https:\/\/i0.wp.com\/deltaimage.de\/wp\/wp-content\/uploads\/PE5D3876_1200.jpg?fit=1200%2C450&ssl=1","jetpack-related-posts":[{"id":24224,"url":"https:\/\/deltaimage.de\/wp\/?p=24224","url_meta":{"origin":35054,"position":0},"title":"Fjordlandschaft im Bayerischen Wald \u2013 Norwegen im Kleinstformat an der Erlau","author":"EschbacP","date":"5. Januar 2020","format":false,"excerpt":"Der Bayerische Wald ist WALD, LANDSCHAFT, NATUR, WALD, STEIN und WASSER. Der Mensch, der Woidler, hat sich mit den Elementen der Natur arrangiert und die Rohstoffe des Waldes immer genutzt. Die Glasindustrie ist inzwischen zu teuer im Woid. Die Holzindustrie ist technisiert und mechanisiert. Die Granitindustrie nach den l\u00e4ngsten Streiks\u2026","rel":"","context":"In &quot;BAYERWALDTEAM&quot;","block_context":{"text":"BAYERWALDTEAM","link":"https:\/\/deltaimage.de\/wp\/?cat=861"},"img":{"alt_text":"","src":"https:\/\/i0.wp.com\/deltaimage.de\/wp\/wp-content\/uploads\/fjordlandschaft-im-bayerischen-wald-norwegen-im-kleinstformat-an-der-erlau.jpg?fit=890%2C593&ssl=1&resize=350%2C200","width":350,"height":200,"srcset":"https:\/\/i0.wp.com\/deltaimage.de\/wp\/wp-content\/uploads\/fjordlandschaft-im-bayerischen-wald-norwegen-im-kleinstformat-an-der-erlau.jpg?fit=890%2C593&ssl=1&resize=350%2C200 1x, https:\/\/i0.wp.com\/deltaimage.de\/wp\/wp-content\/uploads\/fjordlandschaft-im-bayerischen-wald-norwegen-im-kleinstformat-an-der-erlau.jpg?fit=890%2C593&ssl=1&resize=525%2C300 1.5x, https:\/\/i0.wp.com\/deltaimage.de\/wp\/wp-content\/uploads\/fjordlandschaft-im-bayerischen-wald-norwegen-im-kleinstformat-an-der-erlau.jpg?fit=890%2C593&ssl=1&resize=700%2C400 2x"},"classes":[]},{"id":23949,"url":"https:\/\/deltaimage.de\/wp\/?p=23949","url_meta":{"origin":35054,"position":1},"title":"Fjordlandschaft im Bayerischen Wald \u2013 Norwegen im Kleinstformat an der Erlau","author":"EschbacP","date":"4. Januar 2020","format":false,"excerpt":"Der Bayerische Wald ist WALD, LANDSCHAFT, NATUR, WALD, STEIN und WASSER. Der Mensch, der Woidler, hat sich mit den Elementer der Natur arrangiert und die Rohstoffe des Waldes immer genutzt. Die Glasindustrie ist inzwischen zu teuer im Woid. Die Holzindustrie ist technisiert und mechanisiert. Die Granitindustrie nach den l\u00e4ngsten Streiks\u2026","rel":"","context":"In &quot;BAYERWALDTEAM&quot;","block_context":{"text":"BAYERWALDTEAM","link":"https:\/\/deltaimage.de\/wp\/?cat=861"},"img":{"alt_text":"","src":"https:\/\/i0.wp.com\/deltaimage.de\/wp\/wp-content\/uploads\/PE1S0917_1200.jpg?fit=1200%2C450&ssl=1&resize=350%2C200","width":350,"height":200,"srcset":"https:\/\/i0.wp.com\/deltaimage.de\/wp\/wp-content\/uploads\/PE1S0917_1200.jpg?fit=1200%2C450&ssl=1&resize=350%2C200 1x, https:\/\/i0.wp.com\/deltaimage.de\/wp\/wp-content\/uploads\/PE1S0917_1200.jpg?fit=1200%2C450&ssl=1&resize=525%2C300 1.5x, https:\/\/i0.wp.com\/deltaimage.de\/wp\/wp-content\/uploads\/PE1S0917_1200.jpg?fit=1200%2C450&ssl=1&resize=700%2C400 2x, https:\/\/i0.wp.com\/deltaimage.de\/wp\/wp-content\/uploads\/PE1S0917_1200.jpg?fit=1200%2C450&ssl=1&resize=1050%2C600 3x"},"classes":[]},{"id":21145,"url":"https:\/\/deltaimage.de\/wp\/?p=21145","url_meta":{"origin":35054,"position":2},"title":"Mit der Bayerischen Waldbahn durch den Bayerischen Wald im &#8222;Ausw\u00e4rts&#8220;","author":"EschbacP","date":"1. M\u00e4rz 2019","format":false,"excerpt":"Der \"Ausw\u00e4rts\" ist der \u00dcbergang vom Winter in den Fr\u00fchling. In dem schneereichen Waldgebirge des Bayerischen Waldes f\u00e4llt der \"Ausw\u00e4rts\" l\u00e4nger aus als im Flachland. Der Winter h\u00e4lt sich im Bayerischen Wald oft noch lange bis in den Mai hinein. Der Altschnee liegt noch gro\u00dffl\u00e4chig \u00fcber der Landschaft und die\u2026","rel":"","context":"In &quot;BAYERWALDTEAM&quot;","block_context":{"text":"BAYERWALDTEAM","link":"https:\/\/deltaimage.de\/wp\/?cat=861"},"img":{"alt_text":"","src":"https:\/\/i0.wp.com\/deltaimage.de\/wp\/wp-content\/uploads\/IMG_5462_1200.jpg?fit=1200%2C450&ssl=1&resize=350%2C200","width":350,"height":200,"srcset":"https:\/\/i0.wp.com\/deltaimage.de\/wp\/wp-content\/uploads\/IMG_5462_1200.jpg?fit=1200%2C450&ssl=1&resize=350%2C200 1x, https:\/\/i0.wp.com\/deltaimage.de\/wp\/wp-content\/uploads\/IMG_5462_1200.jpg?fit=1200%2C450&ssl=1&resize=525%2C300 1.5x, https:\/\/i0.wp.com\/deltaimage.de\/wp\/wp-content\/uploads\/IMG_5462_1200.jpg?fit=1200%2C450&ssl=1&resize=700%2C400 2x, https:\/\/i0.wp.com\/deltaimage.de\/wp\/wp-content\/uploads\/IMG_5462_1200.jpg?fit=1200%2C450&ssl=1&resize=1050%2C600 3x"},"classes":[]},{"id":25333,"url":"https:\/\/deltaimage.de\/wp\/?p=25333","url_meta":{"origin":35054,"position":3},"title":"Pfingsten nicht in die Berge und nicht in den S\u00fcden \u2026","author":"EschbacP","date":"1. Juni 2020","format":false,"excerpt":"Im Norden des Dachauer Landes liegt eine gro\u00dfe Natur- und Kulturlandschaft, die mit dem Dachauer Land sehr vergleichbar ist. \u00a0 Schrobenhausen - das Spargelland und dem Tor zum Donau-Moos Unser erstes Tagesziel liegt im eigentlich sehr nahen Schrobenhausen. Wir durchziehen das Dachauer Land \u00fcber Markt Indersdorf nach Hilgertshausen. Dies ist\u2026","rel":"","context":"In &quot;Dachauer Land&quot;","block_context":{"text":"Dachauer Land","link":"https:\/\/deltaimage.de\/wp\/?cat=3010"},"img":{"alt_text":"","src":"https:\/\/i0.wp.com\/deltaimage.de\/wp\/wp-content\/uploads\/IMG_5785_1200.jpg?fit=1200%2C450&ssl=1&resize=350%2C200","width":350,"height":200,"srcset":"https:\/\/i0.wp.com\/deltaimage.de\/wp\/wp-content\/uploads\/IMG_5785_1200.jpg?fit=1200%2C450&ssl=1&resize=350%2C200 1x, https:\/\/i0.wp.com\/deltaimage.de\/wp\/wp-content\/uploads\/IMG_5785_1200.jpg?fit=1200%2C450&ssl=1&resize=525%2C300 1.5x, https:\/\/i0.wp.com\/deltaimage.de\/wp\/wp-content\/uploads\/IMG_5785_1200.jpg?fit=1200%2C450&ssl=1&resize=700%2C400 2x, https:\/\/i0.wp.com\/deltaimage.de\/wp\/wp-content\/uploads\/IMG_5785_1200.jpg?fit=1200%2C450&ssl=1&resize=1050%2C600 3x"},"classes":[]},{"id":30408,"url":"https:\/\/deltaimage.de\/wp\/?p=30408","url_meta":{"origin":35054,"position":4},"title":"Mit Dr. Marcus Junkelmann im Jahr 1704 in Blenheim unterwegs","author":"EschbacP","date":"10. November 2021","format":false,"excerpt":"Dr. Marcus Junkelmann ist einer der profiliertesten Historiker in Bayern. Mit seinen experimentellen und historisch Untersuchungen zu den R\u00f6mern hat er sich einen Namen weit \u00fcber Bayern hinaus gemacht. Mit dem 18. und 19. Jahrhundert hat er eines seiner wichtigsten Bet\u00e4tigungsfelder als Historiker und Buchautor gefunden und sein Wissen in\u2026","rel":"","context":"In &quot;Geschichte als Fest - Dr. Marcus Junkelmann&quot;","block_context":{"text":"Geschichte als Fest - Dr. Marcus Junkelmann","link":"https:\/\/deltaimage.de\/wp\/?cat=3831"},"img":{"alt_text":"","src":"https:\/\/i0.wp.com\/deltaimage.de\/wp\/wp-content\/uploads\/PE1S0003_1200-4.jpg?fit=1200%2C450&ssl=1&resize=350%2C200","width":350,"height":200,"srcset":"https:\/\/i0.wp.com\/deltaimage.de\/wp\/wp-content\/uploads\/PE1S0003_1200-4.jpg?fit=1200%2C450&ssl=1&resize=350%2C200 1x, https:\/\/i0.wp.com\/deltaimage.de\/wp\/wp-content\/uploads\/PE1S0003_1200-4.jpg?fit=1200%2C450&ssl=1&resize=525%2C300 1.5x, https:\/\/i0.wp.com\/deltaimage.de\/wp\/wp-content\/uploads\/PE1S0003_1200-4.jpg?fit=1200%2C450&ssl=1&resize=700%2C400 2x, https:\/\/i0.wp.com\/deltaimage.de\/wp\/wp-content\/uploads\/PE1S0003_1200-4.jpg?fit=1200%2C450&ssl=1&resize=1050%2C600 3x"},"classes":[]},{"id":34110,"url":"https:\/\/deltaimage.de\/wp\/?p=34110","url_meta":{"origin":35054,"position":5},"title":"Steifzug durch Ulm und Neu-Ulm im Fr\u00fchling","author":"EschbacP","date":"12. Mai 2022","format":false,"excerpt":"Ach, wie sch\u00f6n ist doch die Welt des Fotografen, treibt mich das eine und das andere Projekt doch immer wieder an die sch\u00f6nsten Orte in Bayern und Deutschland - wo man selbst vielleicht nicht als Ziel ausgesucht h\u00e4tte. Schade darum - etwas zu entdecken gibt es immer und \u00fcberall. Heute\u2026","rel":"","context":"In &quot;News Blog&quot;","block_context":{"text":"News Blog","link":"https:\/\/deltaimage.de\/wp\/?cat=8"},"img":{"alt_text":"","src":"https:\/\/i0.wp.com\/deltaimage.de\/wp\/wp-content\/uploads\/PE1S0190_1200.jpg?fit=1200%2C450&ssl=1&resize=350%2C200","width":350,"height":200,"srcset":"https:\/\/i0.wp.com\/deltaimage.de\/wp\/wp-content\/uploads\/PE1S0190_1200.jpg?fit=1200%2C450&ssl=1&resize=350%2C200 1x, https:\/\/i0.wp.com\/deltaimage.de\/wp\/wp-content\/uploads\/PE1S0190_1200.jpg?fit=1200%2C450&ssl=1&resize=525%2C300 1.5x, https:\/\/i0.wp.com\/deltaimage.de\/wp\/wp-content\/uploads\/PE1S0190_1200.jpg?fit=1200%2C450&ssl=1&resize=700%2C400 2x, https:\/\/i0.wp.com\/deltaimage.de\/wp\/wp-content\/uploads\/PE1S0190_1200.jpg?fit=1200%2C450&ssl=1&resize=1050%2C600 3x"},"classes":[]}],"jetpack_sharing_enabled":true,"_links":{"self":[{"href":"https:\/\/deltaimage.de\/wp\/index.php?rest_route=\/wp\/v2\/posts\/35054","targetHints":{"allow":["GET"]}}],"collection":[{"href":"https:\/\/deltaimage.de\/wp\/index.php?rest_route=\/wp\/v2\/posts"}],"about":[{"href":"https:\/\/deltaimage.de\/wp\/index.php?rest_route=\/wp\/v2\/types\/post"}],"author":[{"embeddable":true,"href":"https:\/\/deltaimage.de\/wp\/index.php?rest_route=\/wp\/v2\/users\/1"}],"replies":[{"embeddable":true,"href":"https:\/\/deltaimage.de\/wp\/index.php?rest_route=%2Fwp%2Fv2%2Fcomments&post=35054"}],"version-history":[{"count":16,"href":"https:\/\/deltaimage.de\/wp\/index.php?rest_route=\/wp\/v2\/posts\/35054\/revisions"}],"predecessor-version":[{"id":51249,"href":"https:\/\/deltaimage.de\/wp\/index.php?rest_route=\/wp\/v2\/posts\/35054\/revisions\/51249"}],"wp:featuredmedia":[{"embeddable":true,"href":"https:\/\/deltaimage.de\/wp\/index.php?rest_route=\/wp\/v2\/media\/35110"}],"wp:attachment":[{"href":"https:\/\/deltaimage.de\/wp\/index.php?rest_route=%2Fwp%2Fv2%2Fmedia&parent=35054"}],"wp:term":[{"taxonomy":"category","embeddable":true,"href":"https:\/\/deltaimage.de\/wp\/index.php?rest_route=%2Fwp%2Fv2%2Fcategories&post=35054"},{"taxonomy":"post_tag","embeddable":true,"href":"https:\/\/deltaimage.de\/wp\/index.php?rest_route=%2Fwp%2Fv2%2Ftags&post=35054"}],"curies":[{"name":"wp","href":"https:\/\/api.w.org\/{rel}","templated":true}]}}