{"id":35380,"date":"2022-07-25T10:53:02","date_gmt":"2022-07-25T09:53:02","guid":{"rendered":"https:\/\/deltaimage.de\/wp\/?p=35380"},"modified":"2025-08-19T21:17:35","modified_gmt":"2025-08-19T19:17:35","slug":"eine-fahrt-ins-blaue-mit-meinem-kleinen-motorrad","status":"publish","type":"post","link":"https:\/\/deltaimage.de\/wp\/?p=35380","title":{"rendered":"Eine Fahrt ins Blaue mit meinem kleinen Motorrad"},"content":{"rendered":"<p><a href=\"https:\/\/deltaimage.de\/wp\/?page_id=40118\"><img data-recalc-dims=\"1\" loading=\"lazy\" decoding=\"async\" data-attachment-id=\"40115\" data-permalink=\"https:\/\/deltaimage.de\/wp\/?attachment_id=40115#main\" data-orig-file=\"https:\/\/i0.wp.com\/deltaimage.de\/wp\/wp-content\/uploads\/Stempel_DELTA-IMAGE_Quality.png?fit=961%2C960&amp;ssl=1\" data-orig-size=\"961,960\" data-comments-opened=\"1\" data-image-meta=\"{&quot;aperture&quot;:&quot;0&quot;,&quot;credit&quot;:&quot;&quot;,&quot;camera&quot;:&quot;&quot;,&quot;caption&quot;:&quot;&quot;,&quot;created_timestamp&quot;:&quot;0&quot;,&quot;copyright&quot;:&quot;&quot;,&quot;focal_length&quot;:&quot;0&quot;,&quot;iso&quot;:&quot;0&quot;,&quot;shutter_speed&quot;:&quot;0&quot;,&quot;title&quot;:&quot;&quot;,&quot;orientation&quot;:&quot;0&quot;}\" data-image-title=\"Stempel_DELTA IMAGE_Quality\" data-image-description=\"\" data-image-caption=\"\" data-large-file=\"https:\/\/i0.wp.com\/deltaimage.de\/wp\/wp-content\/uploads\/Stempel_DELTA-IMAGE_Quality.png?fit=890%2C889&amp;ssl=1\" class=\"alignright wp-image-40115 size-thumbnail\" src=\"https:\/\/i0.wp.com\/deltaimage.de\/wp\/wp-content\/uploads\/Stempel_DELTA-IMAGE_Quality.png?resize=200%2C200&#038;ssl=1\" alt=\"\" width=\"200\" height=\"200\" srcset=\"https:\/\/i0.wp.com\/deltaimage.de\/wp\/wp-content\/uploads\/Stempel_DELTA-IMAGE_Quality.png?resize=200%2C200&amp;ssl=1 200w, https:\/\/i0.wp.com\/deltaimage.de\/wp\/wp-content\/uploads\/Stempel_DELTA-IMAGE_Quality.png?resize=601%2C600&amp;ssl=1 601w, https:\/\/i0.wp.com\/deltaimage.de\/wp\/wp-content\/uploads\/Stempel_DELTA-IMAGE_Quality.png?resize=594%2C593&amp;ssl=1 594w, https:\/\/i0.wp.com\/deltaimage.de\/wp\/wp-content\/uploads\/Stempel_DELTA-IMAGE_Quality.png?resize=450%2C450&amp;ssl=1 450w, https:\/\/i0.wp.com\/deltaimage.de\/wp\/wp-content\/uploads\/Stempel_DELTA-IMAGE_Quality.png?resize=75%2C75&amp;ssl=1 75w, https:\/\/i0.wp.com\/deltaimage.de\/wp\/wp-content\/uploads\/Stempel_DELTA-IMAGE_Quality.png?resize=400%2C400&amp;ssl=1 400w, https:\/\/i0.wp.com\/deltaimage.de\/wp\/wp-content\/uploads\/Stempel_DELTA-IMAGE_Quality.png?resize=50%2C50&amp;ssl=1 50w, https:\/\/i0.wp.com\/deltaimage.de\/wp\/wp-content\/uploads\/Stempel_DELTA-IMAGE_Quality.png?w=961&amp;ssl=1 961w\" sizes=\"auto, (max-width: 200px) 100vw, 200px\" \/><\/a><\/p>\n<p>Sommer, Sonne &#8211; uns nicht ganz so hei\u00df wie die letzten Tage sind eine sehr sch\u00f6ne Gelegenheit f\u00fcr eine &#8222;kleine Motorradausfahrt ins Blaue&#8220; &#8211; Rund um den <strong>Ammersee<\/strong>.\u00a0Die Fahrt geht zusammen mit Andi Pirchmoser &#8211; das ist die Gelegenheit, einen Fotografen mit dabei zu haben, um auch mal wieder ein paar &#8222;<em>Fahr-Fotos<\/em>&#8220; zu machen.<\/p>\n<p><img data-recalc-dims=\"1\" loading=\"lazy\" decoding=\"async\" data-attachment-id=\"35376\" data-permalink=\"https:\/\/deltaimage.de\/wp\/?attachment_id=35376#main\" data-orig-file=\"https:\/\/i0.wp.com\/deltaimage.de\/wp\/wp-content\/uploads\/IMG_6520_900.jpg?fit=890%2C593&amp;ssl=1\" data-orig-size=\"890,593\" data-comments-opened=\"0\" data-image-meta=\"{&quot;aperture&quot;:&quot;4&quot;,&quot;credit&quot;:&quot;PAUL ESCHBACH&quot;,&quot;camera&quot;:&quot;Canon EOS 80D&quot;,&quot;caption&quot;:&quot;&quot;,&quot;created_timestamp&quot;:&quot;1658665948&quot;,&quot;copyright&quot;:&quot;Paul Eschbach @ DELTA IMAGE&quot;,&quot;focal_length&quot;:&quot;70&quot;,&quot;iso&quot;:&quot;200&quot;,&quot;shutter_speed&quot;:&quot;0.000625&quot;,&quot;title&quot;:&quot;&quot;,&quot;orientation&quot;:&quot;0&quot;}\" data-image-title=\"IMG_6520_900\" data-image-description=\"\" data-image-caption=\"\" data-large-file=\"https:\/\/i0.wp.com\/deltaimage.de\/wp\/wp-content\/uploads\/IMG_6520_900.jpg?fit=890%2C593&amp;ssl=1\" class=\"aligncenter size-full wp-image-35376\" src=\"https:\/\/i0.wp.com\/deltaimage.de\/wp\/wp-content\/uploads\/IMG_6520_900.jpg?resize=890%2C593&#038;ssl=1\" alt=\"\" width=\"890\" height=\"593\" srcset=\"https:\/\/i0.wp.com\/deltaimage.de\/wp\/wp-content\/uploads\/IMG_6520_900.jpg?w=890&amp;ssl=1 890w, https:\/\/i0.wp.com\/deltaimage.de\/wp\/wp-content\/uploads\/IMG_6520_900.jpg?resize=300%2C200&amp;ssl=1 300w, https:\/\/i0.wp.com\/deltaimage.de\/wp\/wp-content\/uploads\/IMG_6520_900.jpg?resize=675%2C450&amp;ssl=1 675w, https:\/\/i0.wp.com\/deltaimage.de\/wp\/wp-content\/uploads\/IMG_6520_900.jpg?resize=600%2C400&amp;ssl=1 600w, https:\/\/i0.wp.com\/deltaimage.de\/wp\/wp-content\/uploads\/IMG_6520_900.jpg?resize=200%2C133&amp;ssl=1 200w\" sizes=\"auto, (max-width: 890px) 100vw, 890px\" \/><\/p>\n<p>An diesem kleinen Fahrweg hatten wir 2019 bereits die sehr sch\u00f6nen Fotos mit der roten <strong><a href=\"https:\/\/deltaimage.de\/wp\/?p=22588\">Corvette zu 40 Jahre Corvette Club in Bayern<\/a><\/strong> gemacht.<\/p>\n<p><!--more--><\/p>\n<p><em>alle Fotos @Pirchmoser Andi<\/em><\/p>\n<p>Ja wir sind wieder in Raisting, an der bekannten <strong><a href=\"https:\/\/deltaimage.de\/wp\/?p=25058\">Erdfunkstelle Raisting<\/a><\/strong> als Motivhintergrund.<\/p>\n<p>&nbsp;<\/p>\n<h2>CB 250 RS aus 1984 in Raisting &#8211; eine Zeitreise<\/h2>\n<p>Das kleine Motorrad und Raisting stammen zwar nicht aus der gleichen Zeit-Epoche, aber das kommt sich schon ziemlich nahe. Eine sch\u00f6ne Szenerie f\u00fcr die Fotos ist diese High-Tech Denkmal auf jeden Fall. \u00dcber die <strong>Erdfunkstelle<\/strong> wurde die Mondlandung 1969 genauso \u00fcbertragen wie die TV-Bilder der <strong>XX. Olympischen Sommerspiele 1972 aus M\u00fcnchen<\/strong>, <strong>Kiel<\/strong> und <strong>Oberschlei\u00dfheim<\/strong> an alle angeschlossenen TV Sender weltweit.<\/p>\n<p><img data-recalc-dims=\"1\" loading=\"lazy\" decoding=\"async\" data-attachment-id=\"35374\" data-permalink=\"https:\/\/deltaimage.de\/wp\/?attachment_id=35374#main\" data-orig-file=\"https:\/\/i0.wp.com\/deltaimage.de\/wp\/wp-content\/uploads\/IMG_6524_900.jpg?fit=890%2C593&amp;ssl=1\" data-orig-size=\"890,593\" data-comments-opened=\"0\" data-image-meta=\"{&quot;aperture&quot;:&quot;4&quot;,&quot;credit&quot;:&quot;PAUL ESCHBACH&quot;,&quot;camera&quot;:&quot;Canon EOS 80D&quot;,&quot;caption&quot;:&quot;&quot;,&quot;created_timestamp&quot;:&quot;1658665975&quot;,&quot;copyright&quot;:&quot;Paul Eschbach @ DELTA IMAGE&quot;,&quot;focal_length&quot;:&quot;89&quot;,&quot;iso&quot;:&quot;200&quot;,&quot;shutter_speed&quot;:&quot;0.000625&quot;,&quot;title&quot;:&quot;&quot;,&quot;orientation&quot;:&quot;0&quot;}\" data-image-title=\"IMG_6524_900\" data-image-description=\"\" data-image-caption=\"\" data-large-file=\"https:\/\/i0.wp.com\/deltaimage.de\/wp\/wp-content\/uploads\/IMG_6524_900.jpg?fit=890%2C593&amp;ssl=1\" class=\"aligncenter size-full wp-image-35374\" src=\"https:\/\/i0.wp.com\/deltaimage.de\/wp\/wp-content\/uploads\/IMG_6524_900.jpg?resize=890%2C593&#038;ssl=1\" alt=\"\" width=\"890\" height=\"593\" srcset=\"https:\/\/i0.wp.com\/deltaimage.de\/wp\/wp-content\/uploads\/IMG_6524_900.jpg?w=890&amp;ssl=1 890w, https:\/\/i0.wp.com\/deltaimage.de\/wp\/wp-content\/uploads\/IMG_6524_900.jpg?resize=300%2C200&amp;ssl=1 300w, https:\/\/i0.wp.com\/deltaimage.de\/wp\/wp-content\/uploads\/IMG_6524_900.jpg?resize=675%2C450&amp;ssl=1 675w, https:\/\/i0.wp.com\/deltaimage.de\/wp\/wp-content\/uploads\/IMG_6524_900.jpg?resize=600%2C400&amp;ssl=1 600w, https:\/\/i0.wp.com\/deltaimage.de\/wp\/wp-content\/uploads\/IMG_6524_900.jpg?resize=200%2C133&amp;ssl=1 200w\" sizes=\"auto, (max-width: 890px) 100vw, 890px\" \/><\/p>\n<p>Eine Fotoserie auf dem <strong>Motorrad<\/strong> in Bewegung ist mit den heutigen digitalen Fototechniken auch alleine m\u00f6glich &#8211; mit einem zweiten Fotografen ist das noch um vieles einfacher und schneller.<\/p>\n<blockquote>\n<pre>Danke Andi f\u00fcr die sch\u00f6nen Fotos.<\/pre>\n<\/blockquote>\n<p>&nbsp;<\/p>\n<h2>Fotos bei viel Sonnenschein erstellen<\/h2>\n<p>An einem Sonnentag ist beim Fotografieren sehr oft einfach zu viel Sonne im Motiv &#8211; so auch bei diesem Motiv.<\/p>\n<p><img data-recalc-dims=\"1\" loading=\"lazy\" decoding=\"async\" data-attachment-id=\"35372\" data-permalink=\"https:\/\/deltaimage.de\/wp\/?attachment_id=35372#main\" data-orig-file=\"https:\/\/i0.wp.com\/deltaimage.de\/wp\/wp-content\/uploads\/IMG_6526_900.jpg?fit=890%2C593&amp;ssl=1\" data-orig-size=\"890,593\" data-comments-opened=\"0\" data-image-meta=\"{&quot;aperture&quot;:&quot;4&quot;,&quot;credit&quot;:&quot;PAUL ESCHBACH&quot;,&quot;camera&quot;:&quot;Canon EOS 80D&quot;,&quot;caption&quot;:&quot;&quot;,&quot;created_timestamp&quot;:&quot;1658665985&quot;,&quot;copyright&quot;:&quot;Paul Eschbach @ DELTA IMAGE&quot;,&quot;focal_length&quot;:&quot;106&quot;,&quot;iso&quot;:&quot;200&quot;,&quot;shutter_speed&quot;:&quot;0.0005&quot;,&quot;title&quot;:&quot;&quot;,&quot;orientation&quot;:&quot;0&quot;}\" data-image-title=\"IMG_6526_900\" data-image-description=\"\" data-image-caption=\"\" data-large-file=\"https:\/\/i0.wp.com\/deltaimage.de\/wp\/wp-content\/uploads\/IMG_6526_900.jpg?fit=890%2C593&amp;ssl=1\" class=\"aligncenter size-full wp-image-35372\" src=\"https:\/\/i0.wp.com\/deltaimage.de\/wp\/wp-content\/uploads\/IMG_6526_900.jpg?resize=890%2C593&#038;ssl=1\" alt=\"\" width=\"890\" height=\"593\" srcset=\"https:\/\/i0.wp.com\/deltaimage.de\/wp\/wp-content\/uploads\/IMG_6526_900.jpg?w=890&amp;ssl=1 890w, https:\/\/i0.wp.com\/deltaimage.de\/wp\/wp-content\/uploads\/IMG_6526_900.jpg?resize=300%2C200&amp;ssl=1 300w, https:\/\/i0.wp.com\/deltaimage.de\/wp\/wp-content\/uploads\/IMG_6526_900.jpg?resize=675%2C450&amp;ssl=1 675w, https:\/\/i0.wp.com\/deltaimage.de\/wp\/wp-content\/uploads\/IMG_6526_900.jpg?resize=600%2C400&amp;ssl=1 600w, https:\/\/i0.wp.com\/deltaimage.de\/wp\/wp-content\/uploads\/IMG_6526_900.jpg?resize=200%2C133&amp;ssl=1 200w\" sizes=\"auto, (max-width: 890px) 100vw, 890px\" \/><\/p>\n<p>Nicht nur, weil es das Motiv so hergibt, bei zu viel Licht auf dem Motiv hilft ganz einfach das Gegenlicht zu nutzen. So bleibt das eigentliche Fotomotiv zwar im Schatten &#8211; aber einheitlich und gleichm\u00e4\u00dfig.<\/p>\n<p><img data-recalc-dims=\"1\" loading=\"lazy\" decoding=\"async\" data-attachment-id=\"35371\" data-permalink=\"https:\/\/deltaimage.de\/wp\/?attachment_id=35371#main\" data-orig-file=\"https:\/\/i0.wp.com\/deltaimage.de\/wp\/wp-content\/uploads\/IMG_6528_900.jpg?fit=890%2C593&amp;ssl=1\" data-orig-size=\"890,593\" data-comments-opened=\"0\" data-image-meta=\"{&quot;aperture&quot;:&quot;4&quot;,&quot;credit&quot;:&quot;PAUL ESCHBACH&quot;,&quot;camera&quot;:&quot;Canon EOS 80D&quot;,&quot;caption&quot;:&quot;&quot;,&quot;created_timestamp&quot;:&quot;1658665989&quot;,&quot;copyright&quot;:&quot;Paul Eschbach @ DELTA IMAGE&quot;,&quot;focal_length&quot;:&quot;85&quot;,&quot;iso&quot;:&quot;200&quot;,&quot;shutter_speed&quot;:&quot;0.0008&quot;,&quot;title&quot;:&quot;&quot;,&quot;orientation&quot;:&quot;0&quot;}\" data-image-title=\"IMG_6528_900\" data-image-description=\"\" data-image-caption=\"\" data-large-file=\"https:\/\/i0.wp.com\/deltaimage.de\/wp\/wp-content\/uploads\/IMG_6528_900.jpg?fit=890%2C593&amp;ssl=1\" class=\"aligncenter size-full wp-image-35371\" src=\"https:\/\/i0.wp.com\/deltaimage.de\/wp\/wp-content\/uploads\/IMG_6528_900.jpg?resize=890%2C593&#038;ssl=1\" alt=\"\" width=\"890\" height=\"593\" srcset=\"https:\/\/i0.wp.com\/deltaimage.de\/wp\/wp-content\/uploads\/IMG_6528_900.jpg?w=890&amp;ssl=1 890w, https:\/\/i0.wp.com\/deltaimage.de\/wp\/wp-content\/uploads\/IMG_6528_900.jpg?resize=300%2C200&amp;ssl=1 300w, https:\/\/i0.wp.com\/deltaimage.de\/wp\/wp-content\/uploads\/IMG_6528_900.jpg?resize=675%2C450&amp;ssl=1 675w, https:\/\/i0.wp.com\/deltaimage.de\/wp\/wp-content\/uploads\/IMG_6528_900.jpg?resize=600%2C400&amp;ssl=1 600w, https:\/\/i0.wp.com\/deltaimage.de\/wp\/wp-content\/uploads\/IMG_6528_900.jpg?resize=200%2C133&amp;ssl=1 200w\" sizes=\"auto, (max-width: 890px) 100vw, 890px\" \/><\/p>\n<p>So lassen sich die sehr gro\u00dfen Unterschiede in der Helligkeit im Motiv und in der Umgebung in der Bildbearbeitung recht einfach.<\/p>\n<p>Der Hintergrund ist dann etwas heller wieder gegeben, das kommt der sommerlichen Atmosph\u00e4re im Bild aber nur entgegen.<\/p>\n<p>Der leichte Schatten des Baumes an dem Feldweg hilft, noch die restlichen Spitzlichter zu reduzieren. Das Motorrad und der Fahrer sind sehr sch\u00f6n durch gezeichnet und heben sich hervorragend gegen den hellen Hintergrund der Landschaft und der Parabolantennen der Erdfunkstelle Raisting.<\/p>\n<p>&nbsp;<\/p>\n<h2>Schnell noch die Bildergebnisse kontrollieren<\/h2>\n<p>bevor wir wieder weiter fahren, schnell noch einen Blick auf die gerade gemachten Fotos von meinem zweiten Fotografen Andi.<\/p>\n<p><img data-recalc-dims=\"1\" loading=\"lazy\" decoding=\"async\" data-attachment-id=\"35415\" data-permalink=\"https:\/\/deltaimage.de\/wp\/?attachment_id=35415#main\" data-orig-file=\"https:\/\/i0.wp.com\/deltaimage.de\/wp\/wp-content\/uploads\/L1010086_900.jpg?fit=890%2C593&amp;ssl=1\" data-orig-size=\"890,593\" data-comments-opened=\"0\" data-image-meta=\"{&quot;aperture&quot;:&quot;0&quot;,&quot;credit&quot;:&quot;&quot;,&quot;camera&quot;:&quot;&quot;,&quot;caption&quot;:&quot;&quot;,&quot;created_timestamp&quot;:&quot;0&quot;,&quot;copyright&quot;:&quot;&quot;,&quot;focal_length&quot;:&quot;0&quot;,&quot;iso&quot;:&quot;0&quot;,&quot;shutter_speed&quot;:&quot;0&quot;,&quot;title&quot;:&quot;&quot;,&quot;orientation&quot;:&quot;0&quot;}\" data-image-title=\"L1010086_900\" data-image-description=\"\" data-image-caption=\"\" data-large-file=\"https:\/\/i0.wp.com\/deltaimage.de\/wp\/wp-content\/uploads\/L1010086_900.jpg?fit=890%2C593&amp;ssl=1\" class=\"aligncenter size-full wp-image-35415\" src=\"https:\/\/i0.wp.com\/deltaimage.de\/wp\/wp-content\/uploads\/L1010086_900.jpg?resize=890%2C593&#038;ssl=1\" alt=\"\" width=\"890\" height=\"593\" srcset=\"https:\/\/i0.wp.com\/deltaimage.de\/wp\/wp-content\/uploads\/L1010086_900.jpg?w=890&amp;ssl=1 890w, https:\/\/i0.wp.com\/deltaimage.de\/wp\/wp-content\/uploads\/L1010086_900.jpg?resize=300%2C200&amp;ssl=1 300w, https:\/\/i0.wp.com\/deltaimage.de\/wp\/wp-content\/uploads\/L1010086_900.jpg?resize=675%2C450&amp;ssl=1 675w, https:\/\/i0.wp.com\/deltaimage.de\/wp\/wp-content\/uploads\/L1010086_900.jpg?resize=600%2C400&amp;ssl=1 600w, https:\/\/i0.wp.com\/deltaimage.de\/wp\/wp-content\/uploads\/L1010086_900.jpg?resize=200%2C133&amp;ssl=1 200w\" sizes=\"auto, (max-width: 890px) 100vw, 890px\" \/><\/p>\n<blockquote>\n<pre>\"Alles passt ganz wunderbar - wundert mich auch nicht bei dem Fotografen ...\"<\/pre>\n<\/blockquote>\n<p>Diese Bilder sind mit der Leica Q fotografiert &#8211; auch da macht sich das Oldtimer-Motorrad ganz wunderbar im Bild.<\/p>\n<p><img data-recalc-dims=\"1\" loading=\"lazy\" decoding=\"async\" data-attachment-id=\"35416\" data-permalink=\"https:\/\/deltaimage.de\/wp\/?attachment_id=35416#main\" data-orig-file=\"https:\/\/i0.wp.com\/deltaimage.de\/wp\/wp-content\/uploads\/L1010085_900.jpg?fit=890%2C593&amp;ssl=1\" data-orig-size=\"890,593\" data-comments-opened=\"0\" data-image-meta=\"{&quot;aperture&quot;:&quot;0&quot;,&quot;credit&quot;:&quot;&quot;,&quot;camera&quot;:&quot;&quot;,&quot;caption&quot;:&quot;&quot;,&quot;created_timestamp&quot;:&quot;0&quot;,&quot;copyright&quot;:&quot;&quot;,&quot;focal_length&quot;:&quot;0&quot;,&quot;iso&quot;:&quot;0&quot;,&quot;shutter_speed&quot;:&quot;0&quot;,&quot;title&quot;:&quot;&quot;,&quot;orientation&quot;:&quot;0&quot;}\" data-image-title=\"L1010085_900\" data-image-description=\"\" data-image-caption=\"\" data-large-file=\"https:\/\/i0.wp.com\/deltaimage.de\/wp\/wp-content\/uploads\/L1010085_900.jpg?fit=890%2C593&amp;ssl=1\" class=\"aligncenter size-full wp-image-35416\" src=\"https:\/\/i0.wp.com\/deltaimage.de\/wp\/wp-content\/uploads\/L1010085_900.jpg?resize=890%2C593&#038;ssl=1\" alt=\"\" width=\"890\" height=\"593\" srcset=\"https:\/\/i0.wp.com\/deltaimage.de\/wp\/wp-content\/uploads\/L1010085_900.jpg?w=890&amp;ssl=1 890w, https:\/\/i0.wp.com\/deltaimage.de\/wp\/wp-content\/uploads\/L1010085_900.jpg?resize=300%2C200&amp;ssl=1 300w, https:\/\/i0.wp.com\/deltaimage.de\/wp\/wp-content\/uploads\/L1010085_900.jpg?resize=675%2C450&amp;ssl=1 675w, https:\/\/i0.wp.com\/deltaimage.de\/wp\/wp-content\/uploads\/L1010085_900.jpg?resize=600%2C400&amp;ssl=1 600w, https:\/\/i0.wp.com\/deltaimage.de\/wp\/wp-content\/uploads\/L1010085_900.jpg?resize=200%2C133&amp;ssl=1 200w\" sizes=\"auto, (max-width: 890px) 100vw, 890px\" \/><\/p>\n<p>Raisting im Sommer, das kleine Motorrad und der Motorradfahrer (ich) und schon ist ein Urlaubsbild komplett mit 28 mm dieser hochwertigen LEICA Q. Noch eine kurze Abstimmung \u00fcber den weiteren Tourenverlauf und schon kann es wieder weiter gehen.<\/p>\n","protected":false},"excerpt":{"rendered":"<p>Sommer, Sonne &#8211; uns nicht ganz so hei\u00df wie die letzten Tage sind eine sehr sch\u00f6ne Gelegenheit f\u00fcr eine &#8222;kleine Motorradausfahrt ins Blaue&#8220; &#8211; Rund um den Ammersee.\u00a0Die Fahrt geht [&hellip;]<\/p>\n","protected":false},"author":1,"featured_media":35362,"comment_status":"closed","ping_status":"closed","sticky":false,"template":"","format":"standard","meta":{"wpupg_custom_link":[],"wpupg_custom_link_behaviour":["default"],"wpupg_custom_link_nofollow":["default"],"wpupg_custom_image":[],"wpupg_custom_image_id":[],"jetpack_post_was_ever_published":false,"footnotes":""},"categories":[8],"tags":[1672,1783,2807,67,1679,197],"class_list":["post-35380","post","type-post","status-publish","format-standard","has-post-thumbnail","hentry","category-news","tag-ammersee","tag-andi-pirchmoser","tag-cb-250-rs","tag-paul-eschbach","tag-raisting","tag-sommer"],"jetpack_featured_media_url":"https:\/\/i0.wp.com\/deltaimage.de\/wp\/wp-content\/uploads\/IMG_6523_1200.jpg?fit=1200%2C450&ssl=1","jetpack-related-posts":[{"id":35388,"url":"https:\/\/deltaimage.de\/wp\/?p=35388","url_meta":{"origin":35380,"position":0},"title":"Zwei Fotografen zur Sommerfrische am Ammersee","author":"EschbacP","date":"25. Juli 2022","format":false,"excerpt":"Immer Sommer zieht es die Menschen aus den Ballungsr\u00e4umen und der Landeshauptstadt M\u00fcnchen hinaus ins Blaue, um die Freizeit und die Natur erleben zu k\u00f6nnen. So war auf dem Ammersee auch schon vor langer Zeit der Ausflugsverkehr mit den Schiffen der Wei\u00dfen Linie. Stegen am Ammersee ist der Ausgangspunkt der\u2026","rel":"","context":"In &quot;News Blog&quot;","block_context":{"text":"News Blog","link":"https:\/\/deltaimage.de\/wp\/?cat=8"},"img":{"alt_text":"","src":"https:\/\/i0.wp.com\/deltaimage.de\/wp\/wp-content\/uploads\/IMG_6507_1200.jpg?fit=1200%2C450&ssl=1&resize=350%2C200","width":350,"height":200,"srcset":"https:\/\/i0.wp.com\/deltaimage.de\/wp\/wp-content\/uploads\/IMG_6507_1200.jpg?fit=1200%2C450&ssl=1&resize=350%2C200 1x, https:\/\/i0.wp.com\/deltaimage.de\/wp\/wp-content\/uploads\/IMG_6507_1200.jpg?fit=1200%2C450&ssl=1&resize=525%2C300 1.5x, https:\/\/i0.wp.com\/deltaimage.de\/wp\/wp-content\/uploads\/IMG_6507_1200.jpg?fit=1200%2C450&ssl=1&resize=700%2C400 2x, https:\/\/i0.wp.com\/deltaimage.de\/wp\/wp-content\/uploads\/IMG_6507_1200.jpg?fit=1200%2C450&ssl=1&resize=1050%2C600 3x"},"classes":[]},{"id":21183,"url":"https:\/\/deltaimage.de\/wp\/?p=21183","url_meta":{"origin":35380,"position":1},"title":"&#8230; ERDE an WELTALL. Hier spricht Raisting in Oberbayern &#8230;","author":"EschbacP","date":"4. M\u00e4rz 2019","format":false,"excerpt":"Die erste live \u00dcbertragung der XX. Olympischen Sommerspiele aus M\u00fcnchen in die ganze Welt. Seit 1964 besteht eine direkte Verbindung von Oberbayern aus in den \u00c4ther. Die \u00dcbertragung von Telefongespr\u00e4chen, Radio und Fernsehen \u00fcber gr\u00f6\u00dfte Distanzen sind seit dieser Zeit zur Selbstverst\u00e4ndlichkeit geworden und das alles deutlich vor dem Internet.\u2026","rel":"","context":"In &quot;News Blog&quot;","block_context":{"text":"News Blog","link":"https:\/\/deltaimage.de\/wp\/?cat=8"},"img":{"alt_text":"","src":"https:\/\/i0.wp.com\/deltaimage.de\/wp\/wp-content\/uploads\/PE1S0419_1200-1.jpg?fit=1200%2C450&ssl=1&resize=350%2C200","width":350,"height":200,"srcset":"https:\/\/i0.wp.com\/deltaimage.de\/wp\/wp-content\/uploads\/PE1S0419_1200-1.jpg?fit=1200%2C450&ssl=1&resize=350%2C200 1x, https:\/\/i0.wp.com\/deltaimage.de\/wp\/wp-content\/uploads\/PE1S0419_1200-1.jpg?fit=1200%2C450&ssl=1&resize=525%2C300 1.5x, https:\/\/i0.wp.com\/deltaimage.de\/wp\/wp-content\/uploads\/PE1S0419_1200-1.jpg?fit=1200%2C450&ssl=1&resize=700%2C400 2x, https:\/\/i0.wp.com\/deltaimage.de\/wp\/wp-content\/uploads\/PE1S0419_1200-1.jpg?fit=1200%2C450&ssl=1&resize=1050%2C600 3x"},"classes":[]},{"id":25057,"url":"https:\/\/deltaimage.de\/wp\/?p=25057","url_meta":{"origin":35380,"position":2},"title":"Mit 26 PS auf langsamen Sohlen in die 80er Jahre unterwegs","author":"EschbacP","date":"18. Mai 2020","format":false,"excerpt":"Mit Covid-19 ist dies \u2026 und ist das \u2026 F\u00fcr mich war endlich der zeitliche Raum, einen langen Herzenswunsch wieder in Erf\u00fcllung gehen zu lassen. Das eigene Motorrad nach 14 Jahren wieder aus der Garage zu holen und herrliche Ausfl\u00fcge in die oberbayerische Heimat zu unternehmen. Eine HONDA CB 250\u2026","rel":"","context":"In &quot;News Blog&quot;","block_context":{"text":"News Blog","link":"https:\/\/deltaimage.de\/wp\/?cat=8"},"img":{"alt_text":"","src":"https:\/\/i0.wp.com\/deltaimage.de\/wp\/wp-content\/uploads\/WP_20200517_14_05_55_Pro_1200.jpg?fit=1200%2C450&ssl=1&resize=350%2C200","width":350,"height":200,"srcset":"https:\/\/i0.wp.com\/deltaimage.de\/wp\/wp-content\/uploads\/WP_20200517_14_05_55_Pro_1200.jpg?fit=1200%2C450&ssl=1&resize=350%2C200 1x, https:\/\/i0.wp.com\/deltaimage.de\/wp\/wp-content\/uploads\/WP_20200517_14_05_55_Pro_1200.jpg?fit=1200%2C450&ssl=1&resize=525%2C300 1.5x, https:\/\/i0.wp.com\/deltaimage.de\/wp\/wp-content\/uploads\/WP_20200517_14_05_55_Pro_1200.jpg?fit=1200%2C450&ssl=1&resize=700%2C400 2x, https:\/\/i0.wp.com\/deltaimage.de\/wp\/wp-content\/uploads\/WP_20200517_14_05_55_Pro_1200.jpg?fit=1200%2C450&ssl=1&resize=1050%2C600 3x"},"classes":[]},{"id":25404,"url":"https:\/\/deltaimage.de\/wp\/?p=25404","url_meta":{"origin":35380,"position":3},"title":"Zwei Fotografen sehen den selben Tag mit unterschiedlichen Augen und Motiven &#8230;","author":"EschbacP","date":"5. Juni 2020","format":false,"excerpt":"... und das ist auch gut so. Modernde Digitalkameras k\u00f6nnen sehr viel, aber die Szenerie aus einer dritten Betrachtung zeigen f\u00e4llt noch sehr schwer. Da ist ein zweiter Fotograf doch viel praktischer. Eine Motorrad-Ausfahrt zu zweit hat auch gleich die M\u00f6glichkeit, zu unterschiedlichen Bildern zu kommen. \u00a0 Die zweite Perspektive\u2026","rel":"","context":"In &quot;Dachauer Land&quot;","block_context":{"text":"Dachauer Land","link":"https:\/\/deltaimage.de\/wp\/?cat=3010"},"img":{"alt_text":"","src":"https:\/\/i0.wp.com\/deltaimage.de\/wp\/wp-content\/uploads\/L1000055_1200.jpg?fit=1200%2C450&ssl=1&resize=350%2C200","width":350,"height":200,"srcset":"https:\/\/i0.wp.com\/deltaimage.de\/wp\/wp-content\/uploads\/L1000055_1200.jpg?fit=1200%2C450&ssl=1&resize=350%2C200 1x, https:\/\/i0.wp.com\/deltaimage.de\/wp\/wp-content\/uploads\/L1000055_1200.jpg?fit=1200%2C450&ssl=1&resize=525%2C300 1.5x, https:\/\/i0.wp.com\/deltaimage.de\/wp\/wp-content\/uploads\/L1000055_1200.jpg?fit=1200%2C450&ssl=1&resize=700%2C400 2x, https:\/\/i0.wp.com\/deltaimage.de\/wp\/wp-content\/uploads\/L1000055_1200.jpg?fit=1200%2C450&ssl=1&resize=1050%2C600 3x"},"classes":[]},{"id":21592,"url":"https:\/\/deltaimage.de\/wp\/?p=21592","url_meta":{"origin":35380,"position":4},"title":"Fr\u00fchling im Vorderriss &#8211; Fotoausflug mit Andi Pirchmoser","author":"EschbacP","date":"4. Mai 2019","format":false,"excerpt":"Mit Andi Pirchmoser geht die Fototour schon fr\u00fch Richtung Berge - ach welch gl\u00fcckliches Gef\u00fchl, den Morgen schon so intensiv erleben zu k\u00f6nnen. Die Fahrt der Fotografen soll eigentlich auf den Ahornboden gehen. Die Eng ist noch schneebedeckt und so ist die Stra\u00dfe an Ostern noch geschlossen. Kein Grund, den\u2026","rel":"","context":"In &quot;News Blog&quot;","block_context":{"text":"News Blog","link":"https:\/\/deltaimage.de\/wp\/?cat=8"},"img":{"alt_text":"","src":"https:\/\/i0.wp.com\/deltaimage.de\/wp\/wp-content\/uploads\/PE1S0008_1200.jpg?fit=1200%2C450&ssl=1&resize=350%2C200","width":350,"height":200,"srcset":"https:\/\/i0.wp.com\/deltaimage.de\/wp\/wp-content\/uploads\/PE1S0008_1200.jpg?fit=1200%2C450&ssl=1&resize=350%2C200 1x, https:\/\/i0.wp.com\/deltaimage.de\/wp\/wp-content\/uploads\/PE1S0008_1200.jpg?fit=1200%2C450&ssl=1&resize=525%2C300 1.5x, https:\/\/i0.wp.com\/deltaimage.de\/wp\/wp-content\/uploads\/PE1S0008_1200.jpg?fit=1200%2C450&ssl=1&resize=700%2C400 2x, https:\/\/i0.wp.com\/deltaimage.de\/wp\/wp-content\/uploads\/PE1S0008_1200.jpg?fit=1200%2C450&ssl=1&resize=1050%2C600 3x"},"classes":[]},{"id":19967,"url":"https:\/\/deltaimage.de\/wp\/?p=19967","url_meta":{"origin":35380,"position":5},"title":"Ballett, Walzer, Hipp-Hop, Irish-Dance und gro\u00dfes Musical \u2013 das Kinderballett Junghans in M\u00fcnchen macht es wieder m\u00f6glich","author":"EschbacP","date":"9. August 2018","format":false,"excerpt":"Das Kinderballett Junghans in M\u00fcnchen ist eine Institution. Seit Generationen gibt die Familie Junghans den Kindern von klein an die M\u00f6glichkeit in die zauberhafte Welt des Balletts und des gro\u00dfen Auftritts auf der B\u00fchne vor Publikum zu erleben. Klein und Gro\u00df gibt Alles um hier eine gute Figur abzugeben Einmal\u2026","rel":"","context":"In &quot;Event - Fotografie&quot;","block_context":{"text":"Event - Fotografie","link":"https:\/\/deltaimage.de\/wp\/?cat=851"},"img":{"alt_text":"","src":"https:\/\/i0.wp.com\/deltaimage.de\/wp\/wp-content\/uploads\/FotoSessner-2018-08-0162_1200.jpg?fit=1200%2C450&ssl=1&resize=350%2C200","width":350,"height":200,"srcset":"https:\/\/i0.wp.com\/deltaimage.de\/wp\/wp-content\/uploads\/FotoSessner-2018-08-0162_1200.jpg?fit=1200%2C450&ssl=1&resize=350%2C200 1x, https:\/\/i0.wp.com\/deltaimage.de\/wp\/wp-content\/uploads\/FotoSessner-2018-08-0162_1200.jpg?fit=1200%2C450&ssl=1&resize=525%2C300 1.5x, https:\/\/i0.wp.com\/deltaimage.de\/wp\/wp-content\/uploads\/FotoSessner-2018-08-0162_1200.jpg?fit=1200%2C450&ssl=1&resize=700%2C400 2x, https:\/\/i0.wp.com\/deltaimage.de\/wp\/wp-content\/uploads\/FotoSessner-2018-08-0162_1200.jpg?fit=1200%2C450&ssl=1&resize=1050%2C600 3x"},"classes":[]}],"jetpack_sharing_enabled":true,"_links":{"self":[{"href":"https:\/\/deltaimage.de\/wp\/index.php?rest_route=\/wp\/v2\/posts\/35380","targetHints":{"allow":["GET"]}}],"collection":[{"href":"https:\/\/deltaimage.de\/wp\/index.php?rest_route=\/wp\/v2\/posts"}],"about":[{"href":"https:\/\/deltaimage.de\/wp\/index.php?rest_route=\/wp\/v2\/types\/post"}],"author":[{"embeddable":true,"href":"https:\/\/deltaimage.de\/wp\/index.php?rest_route=\/wp\/v2\/users\/1"}],"replies":[{"embeddable":true,"href":"https:\/\/deltaimage.de\/wp\/index.php?rest_route=%2Fwp%2Fv2%2Fcomments&post=35380"}],"version-history":[{"count":6,"href":"https:\/\/deltaimage.de\/wp\/index.php?rest_route=\/wp\/v2\/posts\/35380\/revisions"}],"predecessor-version":[{"id":51245,"href":"https:\/\/deltaimage.de\/wp\/index.php?rest_route=\/wp\/v2\/posts\/35380\/revisions\/51245"}],"wp:featuredmedia":[{"embeddable":true,"href":"https:\/\/deltaimage.de\/wp\/index.php?rest_route=\/wp\/v2\/media\/35362"}],"wp:attachment":[{"href":"https:\/\/deltaimage.de\/wp\/index.php?rest_route=%2Fwp%2Fv2%2Fmedia&parent=35380"}],"wp:term":[{"taxonomy":"category","embeddable":true,"href":"https:\/\/deltaimage.de\/wp\/index.php?rest_route=%2Fwp%2Fv2%2Fcategories&post=35380"},{"taxonomy":"post_tag","embeddable":true,"href":"https:\/\/deltaimage.de\/wp\/index.php?rest_route=%2Fwp%2Fv2%2Ftags&post=35380"}],"curies":[{"name":"wp","href":"https:\/\/api.w.org\/{rel}","templated":true}]}}