{"id":35384,"date":"2022-07-25T11:06:13","date_gmt":"2022-07-25T10:06:13","guid":{"rendered":"https:\/\/deltaimage.de\/wp\/?p=35384"},"modified":"2025-08-20T18:41:24","modified_gmt":"2025-08-20T16:41:24","slug":"das-radom-hat-wieder-seine-schuetzende-huelle","status":"publish","type":"post","link":"https:\/\/deltaimage.de\/wp\/?p=35384","title":{"rendered":"Das RADOM hat wieder seine sch\u00fctzende H\u00fclle"},"content":{"rendered":"<p><a href=\"https:\/\/deltaimage.de\/wp\/?page_id=40118\"><img data-recalc-dims=\"1\" loading=\"lazy\" decoding=\"async\" data-attachment-id=\"40115\" data-permalink=\"https:\/\/deltaimage.de\/wp\/?attachment_id=40115#main\" data-orig-file=\"https:\/\/i0.wp.com\/deltaimage.de\/wp\/wp-content\/uploads\/Stempel_DELTA-IMAGE_Quality.png?fit=961%2C960&amp;ssl=1\" data-orig-size=\"961,960\" data-comments-opened=\"1\" data-image-meta=\"{&quot;aperture&quot;:&quot;0&quot;,&quot;credit&quot;:&quot;&quot;,&quot;camera&quot;:&quot;&quot;,&quot;caption&quot;:&quot;&quot;,&quot;created_timestamp&quot;:&quot;0&quot;,&quot;copyright&quot;:&quot;&quot;,&quot;focal_length&quot;:&quot;0&quot;,&quot;iso&quot;:&quot;0&quot;,&quot;shutter_speed&quot;:&quot;0&quot;,&quot;title&quot;:&quot;&quot;,&quot;orientation&quot;:&quot;0&quot;}\" data-image-title=\"Stempel_DELTA IMAGE_Quality\" data-image-description=\"\" data-image-caption=\"\" data-large-file=\"https:\/\/i0.wp.com\/deltaimage.de\/wp\/wp-content\/uploads\/Stempel_DELTA-IMAGE_Quality.png?fit=890%2C889&amp;ssl=1\" class=\"alignright wp-image-40115 size-thumbnail\" src=\"https:\/\/i0.wp.com\/deltaimage.de\/wp\/wp-content\/uploads\/Stempel_DELTA-IMAGE_Quality.png?resize=200%2C200&#038;ssl=1\" alt=\"\" width=\"200\" height=\"200\" srcset=\"https:\/\/i0.wp.com\/deltaimage.de\/wp\/wp-content\/uploads\/Stempel_DELTA-IMAGE_Quality.png?resize=200%2C200&amp;ssl=1 200w, https:\/\/i0.wp.com\/deltaimage.de\/wp\/wp-content\/uploads\/Stempel_DELTA-IMAGE_Quality.png?resize=601%2C600&amp;ssl=1 601w, https:\/\/i0.wp.com\/deltaimage.de\/wp\/wp-content\/uploads\/Stempel_DELTA-IMAGE_Quality.png?resize=594%2C593&amp;ssl=1 594w, https:\/\/i0.wp.com\/deltaimage.de\/wp\/wp-content\/uploads\/Stempel_DELTA-IMAGE_Quality.png?resize=450%2C450&amp;ssl=1 450w, https:\/\/i0.wp.com\/deltaimage.de\/wp\/wp-content\/uploads\/Stempel_DELTA-IMAGE_Quality.png?resize=75%2C75&amp;ssl=1 75w, https:\/\/i0.wp.com\/deltaimage.de\/wp\/wp-content\/uploads\/Stempel_DELTA-IMAGE_Quality.png?resize=400%2C400&amp;ssl=1 400w, https:\/\/i0.wp.com\/deltaimage.de\/wp\/wp-content\/uploads\/Stempel_DELTA-IMAGE_Quality.png?resize=50%2C50&amp;ssl=1 50w, https:\/\/i0.wp.com\/deltaimage.de\/wp\/wp-content\/uploads\/Stempel_DELTA-IMAGE_Quality.png?w=961&amp;ssl=1 961w\" sizes=\"auto, (max-width: 200px) 100vw, 200px\" \/><\/a>Das <strong>RADOM<\/strong> ist die \u00e4lteste Antenne der <strong>Erdfunkstelle Raisting<\/strong>, s\u00fcdlich des Ammersees und hatte bereits die <strong>Bilder der Mondlandung 1969<\/strong> und anderer Ereignisse \u00fcbertragen. Die Antennenanlage ist noch durch eine Schutzh\u00fclle gegen die Einwirkungen der Witterung und der Natur gesch\u00fctzt. Sp\u00e4tere Antennenanlagen kamen bereits ohne diese Schutzh\u00fclle aus.<\/p>\n<p>Im Februar 2020 herrschte ein Sturm am S\u00fcdufer des Ammersees und zerst\u00f6rte die Schutzh\u00fclle des <strong>RADOM<\/strong>.<\/p>\n<p><img data-recalc-dims=\"1\" loading=\"lazy\" decoding=\"async\" data-attachment-id=\"25060\" data-permalink=\"https:\/\/deltaimage.de\/wp\/?attachment_id=25060#main\" data-orig-file=\"https:\/\/i0.wp.com\/deltaimage.de\/wp\/wp-content\/uploads\/WP_20200517_11_09_22_Pro_900.jpg?fit=668%2C890&amp;ssl=1\" data-orig-size=\"668,890\" data-comments-opened=\"0\" data-image-meta=\"{&quot;aperture&quot;:&quot;1.9&quot;,&quot;credit&quot;:&quot;&quot;,&quot;camera&quot;:&quot;Lumia 950&quot;,&quot;caption&quot;:&quot;&quot;,&quot;created_timestamp&quot;:&quot;1589713762&quot;,&quot;copyright&quot;:&quot;&quot;,&quot;focal_length&quot;:&quot;0&quot;,&quot;iso&quot;:&quot;50&quot;,&quot;shutter_speed&quot;:&quot;0.00011494252873563&quot;,&quot;title&quot;:&quot;&quot;,&quot;orientation&quot;:&quot;0&quot;}\" data-image-title=\"WP_20200517_11_09_22_Pro_900\" data-image-description=\"\" data-image-caption=\"\" data-large-file=\"https:\/\/i0.wp.com\/deltaimage.de\/wp\/wp-content\/uploads\/WP_20200517_11_09_22_Pro_900.jpg?fit=668%2C890&amp;ssl=1\" class=\"aligncenter size-full wp-image-25060\" src=\"https:\/\/i0.wp.com\/deltaimage.de\/wp\/wp-content\/uploads\/WP_20200517_11_09_22_Pro_900.jpg?resize=668%2C890&#038;ssl=1\" alt=\"\" width=\"668\" height=\"890\" srcset=\"https:\/\/i0.wp.com\/deltaimage.de\/wp\/wp-content\/uploads\/WP_20200517_11_09_22_Pro_900.jpg?w=668&amp;ssl=1 668w, https:\/\/i0.wp.com\/deltaimage.de\/wp\/wp-content\/uploads\/WP_20200517_11_09_22_Pro_900.jpg?resize=150%2C200&amp;ssl=1 150w, https:\/\/i0.wp.com\/deltaimage.de\/wp\/wp-content\/uploads\/WP_20200517_11_09_22_Pro_900.jpg?resize=450%2C600&amp;ssl=1 450w, https:\/\/i0.wp.com\/deltaimage.de\/wp\/wp-content\/uploads\/WP_20200517_11_09_22_Pro_900.jpg?resize=445%2C593&amp;ssl=1 445w, https:\/\/i0.wp.com\/deltaimage.de\/wp\/wp-content\/uploads\/WP_20200517_11_09_22_Pro_900.jpg?resize=338%2C450&amp;ssl=1 338w, https:\/\/i0.wp.com\/deltaimage.de\/wp\/wp-content\/uploads\/WP_20200517_11_09_22_Pro_900.jpg?resize=300%2C400&amp;ssl=1 300w\" sizes=\"auto, (max-width: 668px) 100vw, 668px\" \/><\/p>\n<p>Das <strong>RADOM<\/strong> im Jahr 2020, nach dem Unwetter und ohne die gewohnte Schutzh\u00fclle.<\/p>\n<p><!--more--><\/p>\n<p>&nbsp;<\/p>\n<h2>Das RADOM mit neuer Schutzh\u00fclle wird im Juli 2022 wieder eingeweiht<\/h2>\n<p>P\u00fcnktlich zur geplanten neuen Einweihung statten wir der Erdfunkstelle Raisting wieder einen Besuch ab, um einfach mal nachzusehen.<\/p>\n<p><img data-recalc-dims=\"1\" loading=\"lazy\" decoding=\"async\" data-attachment-id=\"35365\" data-permalink=\"https:\/\/deltaimage.de\/wp\/?attachment_id=35365#main\" data-orig-file=\"https:\/\/i0.wp.com\/deltaimage.de\/wp\/wp-content\/uploads\/IMG_6529_900.jpg?fit=890%2C593&amp;ssl=1\" data-orig-size=\"890,593\" data-comments-opened=\"0\" data-image-meta=\"{&quot;aperture&quot;:&quot;4&quot;,&quot;credit&quot;:&quot;PAUL ESCHBACH&quot;,&quot;camera&quot;:&quot;Canon EOS 80D&quot;,&quot;caption&quot;:&quot;&quot;,&quot;created_timestamp&quot;:&quot;1658666105&quot;,&quot;copyright&quot;:&quot;Paul Eschbach @ DELTA IMAGE&quot;,&quot;focal_length&quot;:&quot;100&quot;,&quot;iso&quot;:&quot;200&quot;,&quot;shutter_speed&quot;:&quot;0.0003125&quot;,&quot;title&quot;:&quot;&quot;,&quot;orientation&quot;:&quot;0&quot;}\" data-image-title=\"IMG_6529_900\" data-image-description=\"\" data-image-caption=\"\" data-large-file=\"https:\/\/i0.wp.com\/deltaimage.de\/wp\/wp-content\/uploads\/IMG_6529_900.jpg?fit=890%2C593&amp;ssl=1\" class=\"aligncenter size-full wp-image-35365\" src=\"https:\/\/i0.wp.com\/deltaimage.de\/wp\/wp-content\/uploads\/IMG_6529_900.jpg?resize=890%2C593&#038;ssl=1\" alt=\"\" width=\"890\" height=\"593\" srcset=\"https:\/\/i0.wp.com\/deltaimage.de\/wp\/wp-content\/uploads\/IMG_6529_900.jpg?w=890&amp;ssl=1 890w, https:\/\/i0.wp.com\/deltaimage.de\/wp\/wp-content\/uploads\/IMG_6529_900.jpg?resize=300%2C200&amp;ssl=1 300w, https:\/\/i0.wp.com\/deltaimage.de\/wp\/wp-content\/uploads\/IMG_6529_900.jpg?resize=675%2C450&amp;ssl=1 675w, https:\/\/i0.wp.com\/deltaimage.de\/wp\/wp-content\/uploads\/IMG_6529_900.jpg?resize=600%2C400&amp;ssl=1 600w, https:\/\/i0.wp.com\/deltaimage.de\/wp\/wp-content\/uploads\/IMG_6529_900.jpg?resize=200%2C133&amp;ssl=1 200w\" sizes=\"auto, (max-width: 890px) 100vw, 890px\" \/><\/p>\n<p>Schon von weitem erstrahlt die neue Schutzh\u00fclle \u00fcber der Antennenanlage im fr\u00fcher gewohnten Bild.<\/p>\n<p>&nbsp;<\/p>\n<h2>Die gr\u00f6\u00dfte Ansammlung von Gro\u00dfantennen in Bayern &#8211; ja in Deutschland<\/h2>\n<p>Raisting ist schon ein ganz besonderes Fotomotiv zu vielen Jahreszeiten. Diese Ansammlung an Gro\u00dfantennen in Bayern ist schon etwas ganz Besonderes und immer einen Ausflug wert.<\/p>\n<p><img data-recalc-dims=\"1\" loading=\"lazy\" decoding=\"async\" data-attachment-id=\"35363\" data-permalink=\"https:\/\/deltaimage.de\/wp\/?attachment_id=35363#main\" data-orig-file=\"https:\/\/i0.wp.com\/deltaimage.de\/wp\/wp-content\/uploads\/IMG_6532_900.jpg?fit=890%2C593&amp;ssl=1\" data-orig-size=\"890,593\" data-comments-opened=\"0\" data-image-meta=\"{&quot;aperture&quot;:&quot;4&quot;,&quot;credit&quot;:&quot;PAUL ESCHBACH&quot;,&quot;camera&quot;:&quot;Canon EOS 80D&quot;,&quot;caption&quot;:&quot;&quot;,&quot;created_timestamp&quot;:&quot;1658666175&quot;,&quot;copyright&quot;:&quot;Paul Eschbach @ DELTA IMAGE&quot;,&quot;focal_length&quot;:&quot;100&quot;,&quot;iso&quot;:&quot;200&quot;,&quot;shutter_speed&quot;:&quot;0.0003125&quot;,&quot;title&quot;:&quot;&quot;,&quot;orientation&quot;:&quot;0&quot;}\" data-image-title=\"IMG_6532_900\" data-image-description=\"\" data-image-caption=\"\" data-large-file=\"https:\/\/i0.wp.com\/deltaimage.de\/wp\/wp-content\/uploads\/IMG_6532_900.jpg?fit=890%2C593&amp;ssl=1\" class=\"aligncenter size-full wp-image-35363\" src=\"https:\/\/i0.wp.com\/deltaimage.de\/wp\/wp-content\/uploads\/IMG_6532_900.jpg?resize=890%2C593&#038;ssl=1\" alt=\"\" width=\"890\" height=\"593\" srcset=\"https:\/\/i0.wp.com\/deltaimage.de\/wp\/wp-content\/uploads\/IMG_6532_900.jpg?w=890&amp;ssl=1 890w, https:\/\/i0.wp.com\/deltaimage.de\/wp\/wp-content\/uploads\/IMG_6532_900.jpg?resize=300%2C200&amp;ssl=1 300w, https:\/\/i0.wp.com\/deltaimage.de\/wp\/wp-content\/uploads\/IMG_6532_900.jpg?resize=675%2C450&amp;ssl=1 675w, https:\/\/i0.wp.com\/deltaimage.de\/wp\/wp-content\/uploads\/IMG_6532_900.jpg?resize=600%2C400&amp;ssl=1 600w, https:\/\/i0.wp.com\/deltaimage.de\/wp\/wp-content\/uploads\/IMG_6532_900.jpg?resize=200%2C133&amp;ssl=1 200w\" sizes=\"auto, (max-width: 890px) 100vw, 890px\" \/><\/p>\n<p>&nbsp;<\/p>\n<h2>Die Erdfunkstelle Raisting begr\u00fc\u00dft uns ganz herzlich<\/h2>\n<p>Ganz sicher nur f\u00fcr uns, eine herzliche Begr\u00fc\u00dfung f\u00fcr uns als Motorrad-fahrenden Fotografen.<\/p>\n<p><img data-recalc-dims=\"1\" loading=\"lazy\" decoding=\"async\" data-attachment-id=\"35367\" data-permalink=\"https:\/\/deltaimage.de\/wp\/?attachment_id=35367#main\" data-orig-file=\"https:\/\/i0.wp.com\/deltaimage.de\/wp\/wp-content\/uploads\/IMG_6536_1200.jpg?fit=1200%2C450&amp;ssl=1\" data-orig-size=\"1200,450\" data-comments-opened=\"0\" data-image-meta=\"{&quot;aperture&quot;:&quot;13&quot;,&quot;credit&quot;:&quot;PAUL ESCHBACH&quot;,&quot;camera&quot;:&quot;Canon EOS 80D&quot;,&quot;caption&quot;:&quot;&quot;,&quot;created_timestamp&quot;:&quot;1658666418&quot;,&quot;copyright&quot;:&quot;Paul Eschbach @ DELTA IMAGE&quot;,&quot;focal_length&quot;:&quot;17&quot;,&quot;iso&quot;:&quot;200&quot;,&quot;shutter_speed&quot;:&quot;0.004&quot;,&quot;title&quot;:&quot;&quot;,&quot;orientation&quot;:&quot;0&quot;}\" data-image-title=\"IMG_6536_1200\" data-image-description=\"\" data-image-caption=\"\" data-large-file=\"https:\/\/i0.wp.com\/deltaimage.de\/wp\/wp-content\/uploads\/IMG_6536_1200.jpg?fit=890%2C334&amp;ssl=1\" class=\"aligncenter size-full wp-image-35367\" src=\"https:\/\/i0.wp.com\/deltaimage.de\/wp\/wp-content\/uploads\/IMG_6536_1200.jpg?resize=890%2C334&#038;ssl=1\" alt=\"\" width=\"890\" height=\"334\" srcset=\"https:\/\/i0.wp.com\/deltaimage.de\/wp\/wp-content\/uploads\/IMG_6536_1200.jpg?w=1200&amp;ssl=1 1200w, https:\/\/i0.wp.com\/deltaimage.de\/wp\/wp-content\/uploads\/IMG_6536_1200.jpg?resize=900%2C338&amp;ssl=1 900w, https:\/\/i0.wp.com\/deltaimage.de\/wp\/wp-content\/uploads\/IMG_6536_1200.jpg?resize=300%2C113&amp;ssl=1 300w, https:\/\/i0.wp.com\/deltaimage.de\/wp\/wp-content\/uploads\/IMG_6536_1200.jpg?resize=890%2C334&amp;ssl=1 890w, https:\/\/i0.wp.com\/deltaimage.de\/wp\/wp-content\/uploads\/IMG_6536_1200.jpg?resize=1067%2C400&amp;ssl=1 1067w\" sizes=\"auto, (max-width: 890px) 100vw, 890px\" \/><\/p>\n<p>Was aber viel wichtiger ist, die Kuppel des Radom ist wieder da und erstrahlt im wei\u00dfesten Blau vor dem bayerischen Himmel in Wei\u00df und Blau.<\/p>\n<p><img data-recalc-dims=\"1\" loading=\"lazy\" decoding=\"async\" data-attachment-id=\"35368\" data-permalink=\"https:\/\/deltaimage.de\/wp\/?attachment_id=35368#main\" data-orig-file=\"https:\/\/i0.wp.com\/deltaimage.de\/wp\/wp-content\/uploads\/IMG_6533_900.jpg?fit=593%2C890&amp;ssl=1\" data-orig-size=\"593,890\" data-comments-opened=\"0\" data-image-meta=\"{&quot;aperture&quot;:&quot;13&quot;,&quot;credit&quot;:&quot;PAUL ESCHBACH&quot;,&quot;camera&quot;:&quot;Canon EOS 80D&quot;,&quot;caption&quot;:&quot;&quot;,&quot;created_timestamp&quot;:&quot;1658666355&quot;,&quot;copyright&quot;:&quot;Paul Eschbach @ DELTA IMAGE&quot;,&quot;focal_length&quot;:&quot;20&quot;,&quot;iso&quot;:&quot;200&quot;,&quot;shutter_speed&quot;:&quot;0.004&quot;,&quot;title&quot;:&quot;&quot;,&quot;orientation&quot;:&quot;0&quot;}\" data-image-title=\"IMG_6533_900\" data-image-description=\"\" data-image-caption=\"\" data-large-file=\"https:\/\/i0.wp.com\/deltaimage.de\/wp\/wp-content\/uploads\/IMG_6533_900.jpg?fit=593%2C890&amp;ssl=1\" class=\"aligncenter size-full wp-image-35368\" src=\"https:\/\/i0.wp.com\/deltaimage.de\/wp\/wp-content\/uploads\/IMG_6533_900.jpg?resize=593%2C890&#038;ssl=1\" alt=\"\" width=\"593\" height=\"890\" srcset=\"https:\/\/i0.wp.com\/deltaimage.de\/wp\/wp-content\/uploads\/IMG_6533_900.jpg?w=593&amp;ssl=1 593w, https:\/\/i0.wp.com\/deltaimage.de\/wp\/wp-content\/uploads\/IMG_6533_900.jpg?resize=400%2C600&amp;ssl=1 400w, https:\/\/i0.wp.com\/deltaimage.de\/wp\/wp-content\/uploads\/IMG_6533_900.jpg?resize=133%2C200&amp;ssl=1 133w, https:\/\/i0.wp.com\/deltaimage.de\/wp\/wp-content\/uploads\/IMG_6533_900.jpg?resize=395%2C593&amp;ssl=1 395w, https:\/\/i0.wp.com\/deltaimage.de\/wp\/wp-content\/uploads\/IMG_6533_900.jpg?resize=300%2C450&amp;ssl=1 300w, https:\/\/i0.wp.com\/deltaimage.de\/wp\/wp-content\/uploads\/IMG_6533_900.jpg?resize=267%2C400&amp;ssl=1 267w\" sizes=\"auto, (max-width: 593px) 100vw, 593px\" \/><\/p>\n<p>Da k\u00f6nnen wir die Bilder aus dem Jahr 2020 sehr gerne wieder vergessen wollen.<\/p>\n","protected":false},"excerpt":{"rendered":"<p>Das RADOM ist die \u00e4lteste Antenne der Erdfunkstelle Raisting, s\u00fcdlich des Ammersees und hatte bereits die Bilder der Mondlandung 1969 und anderer Ereignisse \u00fcbertragen. Die Antennenanlage ist noch durch eine [&hellip;]<\/p>\n","protected":false},"author":1,"featured_media":35364,"comment_status":"closed","ping_status":"closed","sticky":false,"template":"","format":"standard","meta":{"wpupg_custom_link":[],"wpupg_custom_link_behaviour":["default"],"wpupg_custom_link_nofollow":["default"],"wpupg_custom_image":[],"wpupg_custom_image_id":[],"jetpack_post_was_ever_published":false,"footnotes":""},"categories":[8],"tags":[2483,2620,1679,197],"class_list":["post-35384","post","type-post","status-publish","format-standard","has-post-thumbnail","hentry","category-news","tag-erdfunkstelle","tag-radom","tag-raisting","tag-sommer"],"jetpack_featured_media_url":"https:\/\/i0.wp.com\/deltaimage.de\/wp\/wp-content\/uploads\/IMG_6530_1200.jpg?fit=1200%2C450&ssl=1","jetpack-related-posts":[{"id":21183,"url":"https:\/\/deltaimage.de\/wp\/?p=21183","url_meta":{"origin":35384,"position":0},"title":"&#8230; ERDE an WELTALL. Hier spricht Raisting in Oberbayern &#8230;","author":"EschbacP","date":"4. M\u00e4rz 2019","format":false,"excerpt":"Die erste live \u00dcbertragung der XX. Olympischen Sommerspiele aus M\u00fcnchen in die ganze Welt. Seit 1964 besteht eine direkte Verbindung von Oberbayern aus in den \u00c4ther. Die \u00dcbertragung von Telefongespr\u00e4chen, Radio und Fernsehen \u00fcber gr\u00f6\u00dfte Distanzen sind seit dieser Zeit zur Selbstverst\u00e4ndlichkeit geworden und das alles deutlich vor dem Internet.\u2026","rel":"","context":"In &quot;News Blog&quot;","block_context":{"text":"News Blog","link":"https:\/\/deltaimage.de\/wp\/?cat=8"},"img":{"alt_text":"","src":"https:\/\/i0.wp.com\/deltaimage.de\/wp\/wp-content\/uploads\/PE1S0419_1200-1.jpg?fit=1200%2C450&ssl=1&resize=350%2C200","width":350,"height":200,"srcset":"https:\/\/i0.wp.com\/deltaimage.de\/wp\/wp-content\/uploads\/PE1S0419_1200-1.jpg?fit=1200%2C450&ssl=1&resize=350%2C200 1x, https:\/\/i0.wp.com\/deltaimage.de\/wp\/wp-content\/uploads\/PE1S0419_1200-1.jpg?fit=1200%2C450&ssl=1&resize=525%2C300 1.5x, https:\/\/i0.wp.com\/deltaimage.de\/wp\/wp-content\/uploads\/PE1S0419_1200-1.jpg?fit=1200%2C450&ssl=1&resize=700%2C400 2x, https:\/\/i0.wp.com\/deltaimage.de\/wp\/wp-content\/uploads\/PE1S0419_1200-1.jpg?fit=1200%2C450&ssl=1&resize=1050%2C600 3x"},"classes":[]},{"id":22588,"url":"https:\/\/deltaimage.de\/wp\/?p=22588","url_meta":{"origin":35384,"position":1},"title":"German Engineering &amp; Technology meets American Way of Drive &#8211; 21. Juli 2019","author":"EschbacP","date":"21. Oktober 2019","format":false,"excerpt":"Als Fotograf kommt man an Orte, an die man vielleicht niemals sonst kommen w\u00fcrde. Man trifft Menschen - liebe Menschen - die man sonst im Leben auch niemals getroffen h\u00e4tte. Das ist eine der vielen Schattierungen der Fotografie. Der K\u00fcnstler im Fotografen geht mit Menschen, mit Orten, mit Ereignissen um,\u2026","rel":"","context":"In &quot;Buch&quot;","block_context":{"text":"Buch","link":"https:\/\/deltaimage.de\/wp\/?cat=1189"},"img":{"alt_text":"","src":"https:\/\/i0.wp.com\/deltaimage.de\/wp\/wp-content\/uploads\/PE1S0181.jpg?fit=1200%2C450&ssl=1&resize=350%2C200","width":350,"height":200,"srcset":"https:\/\/i0.wp.com\/deltaimage.de\/wp\/wp-content\/uploads\/PE1S0181.jpg?fit=1200%2C450&ssl=1&resize=350%2C200 1x, https:\/\/i0.wp.com\/deltaimage.de\/wp\/wp-content\/uploads\/PE1S0181.jpg?fit=1200%2C450&ssl=1&resize=525%2C300 1.5x, https:\/\/i0.wp.com\/deltaimage.de\/wp\/wp-content\/uploads\/PE1S0181.jpg?fit=1200%2C450&ssl=1&resize=700%2C400 2x, https:\/\/i0.wp.com\/deltaimage.de\/wp\/wp-content\/uploads\/PE1S0181.jpg?fit=1200%2C450&ssl=1&resize=1050%2C600 3x"},"classes":[]},{"id":25057,"url":"https:\/\/deltaimage.de\/wp\/?p=25057","url_meta":{"origin":35384,"position":2},"title":"Mit 26 PS auf langsamen Sohlen in die 80er Jahre unterwegs","author":"EschbacP","date":"18. Mai 2020","format":false,"excerpt":"Mit Covid-19 ist dies \u2026 und ist das \u2026 F\u00fcr mich war endlich der zeitliche Raum, einen langen Herzenswunsch wieder in Erf\u00fcllung gehen zu lassen. Das eigene Motorrad nach 14 Jahren wieder aus der Garage zu holen und herrliche Ausfl\u00fcge in die oberbayerische Heimat zu unternehmen. Eine HONDA CB 250\u2026","rel":"","context":"In &quot;News Blog&quot;","block_context":{"text":"News Blog","link":"https:\/\/deltaimage.de\/wp\/?cat=8"},"img":{"alt_text":"","src":"https:\/\/i0.wp.com\/deltaimage.de\/wp\/wp-content\/uploads\/WP_20200517_14_05_55_Pro_1200.jpg?fit=1200%2C450&ssl=1&resize=350%2C200","width":350,"height":200,"srcset":"https:\/\/i0.wp.com\/deltaimage.de\/wp\/wp-content\/uploads\/WP_20200517_14_05_55_Pro_1200.jpg?fit=1200%2C450&ssl=1&resize=350%2C200 1x, https:\/\/i0.wp.com\/deltaimage.de\/wp\/wp-content\/uploads\/WP_20200517_14_05_55_Pro_1200.jpg?fit=1200%2C450&ssl=1&resize=525%2C300 1.5x, https:\/\/i0.wp.com\/deltaimage.de\/wp\/wp-content\/uploads\/WP_20200517_14_05_55_Pro_1200.jpg?fit=1200%2C450&ssl=1&resize=700%2C400 2x, https:\/\/i0.wp.com\/deltaimage.de\/wp\/wp-content\/uploads\/WP_20200517_14_05_55_Pro_1200.jpg?fit=1200%2C450&ssl=1&resize=1050%2C600 3x"},"classes":[]},{"id":35380,"url":"https:\/\/deltaimage.de\/wp\/?p=35380","url_meta":{"origin":35384,"position":3},"title":"Eine Fahrt ins Blaue mit meinem kleinen Motorrad","author":"EschbacP","date":"25. Juli 2022","format":false,"excerpt":"Sommer, Sonne - uns nicht ganz so hei\u00df wie die letzten Tage sind eine sehr sch\u00f6ne Gelegenheit f\u00fcr eine \"kleine Motorradausfahrt ins Blaue\" - Rund um den Ammersee.\u00a0Die Fahrt geht zusammen mit Andi Pirchmoser - das ist die Gelegenheit, einen Fotografen mit dabei zu haben, um auch mal wieder ein\u2026","rel":"","context":"In &quot;News Blog&quot;","block_context":{"text":"News Blog","link":"https:\/\/deltaimage.de\/wp\/?cat=8"},"img":{"alt_text":"","src":"https:\/\/i0.wp.com\/deltaimage.de\/wp\/wp-content\/uploads\/IMG_6523_1200.jpg?fit=1200%2C450&ssl=1&resize=350%2C200","width":350,"height":200,"srcset":"https:\/\/i0.wp.com\/deltaimage.de\/wp\/wp-content\/uploads\/IMG_6523_1200.jpg?fit=1200%2C450&ssl=1&resize=350%2C200 1x, https:\/\/i0.wp.com\/deltaimage.de\/wp\/wp-content\/uploads\/IMG_6523_1200.jpg?fit=1200%2C450&ssl=1&resize=525%2C300 1.5x, https:\/\/i0.wp.com\/deltaimage.de\/wp\/wp-content\/uploads\/IMG_6523_1200.jpg?fit=1200%2C450&ssl=1&resize=700%2C400 2x, https:\/\/i0.wp.com\/deltaimage.de\/wp\/wp-content\/uploads\/IMG_6523_1200.jpg?fit=1200%2C450&ssl=1&resize=1050%2C600 3x"},"classes":[]},{"id":35388,"url":"https:\/\/deltaimage.de\/wp\/?p=35388","url_meta":{"origin":35384,"position":4},"title":"Zwei Fotografen zur Sommerfrische am Ammersee","author":"EschbacP","date":"25. Juli 2022","format":false,"excerpt":"Immer Sommer zieht es die Menschen aus den Ballungsr\u00e4umen und der Landeshauptstadt M\u00fcnchen hinaus ins Blaue, um die Freizeit und die Natur erleben zu k\u00f6nnen. So war auf dem Ammersee auch schon vor langer Zeit der Ausflugsverkehr mit den Schiffen der Wei\u00dfen Linie. Stegen am Ammersee ist der Ausgangspunkt der\u2026","rel":"","context":"In &quot;News Blog&quot;","block_context":{"text":"News Blog","link":"https:\/\/deltaimage.de\/wp\/?cat=8"},"img":{"alt_text":"","src":"https:\/\/i0.wp.com\/deltaimage.de\/wp\/wp-content\/uploads\/IMG_6507_1200.jpg?fit=1200%2C450&ssl=1&resize=350%2C200","width":350,"height":200,"srcset":"https:\/\/i0.wp.com\/deltaimage.de\/wp\/wp-content\/uploads\/IMG_6507_1200.jpg?fit=1200%2C450&ssl=1&resize=350%2C200 1x, https:\/\/i0.wp.com\/deltaimage.de\/wp\/wp-content\/uploads\/IMG_6507_1200.jpg?fit=1200%2C450&ssl=1&resize=525%2C300 1.5x, https:\/\/i0.wp.com\/deltaimage.de\/wp\/wp-content\/uploads\/IMG_6507_1200.jpg?fit=1200%2C450&ssl=1&resize=700%2C400 2x, https:\/\/i0.wp.com\/deltaimage.de\/wp\/wp-content\/uploads\/IMG_6507_1200.jpg?fit=1200%2C450&ssl=1&resize=1050%2C600 3x"},"classes":[]},{"id":38631,"url":"https:\/\/deltaimage.de\/wp\/?p=38631","url_meta":{"origin":35384,"position":5},"title":"Zwei Tage mit dem Smartphone fotografieren in Wien","author":"EschbacP","date":"20. Januar 2023","format":false,"excerpt":"Ein Gesch\u00e4ftstermin f\u00fchrt mich zwei Tage nach Wien - in ein winterliches und kaltes Wien. Das ist nicht bemerkenswert, sondern, dass ich zwei Tage als Halbtags-Tourist nur mit dem Smartphone unterwegs bis. Die neuen eLearning Kurse und die Begeleitb\u00fccher dazu f\u00fchren mich immer wieder zu den Fragen wie: Was unterscheidet\u2026","rel":"","context":"In &quot;News Blog&quot;","block_context":{"text":"News Blog","link":"https:\/\/deltaimage.de\/wp\/?cat=8"},"img":{"alt_text":"","src":"https:\/\/i0.wp.com\/deltaimage.de\/wp\/wp-content\/uploads\/IMG_20230118_141502_1200.jpg?fit=1200%2C450&ssl=1&resize=350%2C200","width":350,"height":200,"srcset":"https:\/\/i0.wp.com\/deltaimage.de\/wp\/wp-content\/uploads\/IMG_20230118_141502_1200.jpg?fit=1200%2C450&ssl=1&resize=350%2C200 1x, https:\/\/i0.wp.com\/deltaimage.de\/wp\/wp-content\/uploads\/IMG_20230118_141502_1200.jpg?fit=1200%2C450&ssl=1&resize=525%2C300 1.5x, https:\/\/i0.wp.com\/deltaimage.de\/wp\/wp-content\/uploads\/IMG_20230118_141502_1200.jpg?fit=1200%2C450&ssl=1&resize=700%2C400 2x, https:\/\/i0.wp.com\/deltaimage.de\/wp\/wp-content\/uploads\/IMG_20230118_141502_1200.jpg?fit=1200%2C450&ssl=1&resize=1050%2C600 3x"},"classes":[]}],"jetpack_sharing_enabled":true,"_links":{"self":[{"href":"https:\/\/deltaimage.de\/wp\/index.php?rest_route=\/wp\/v2\/posts\/35384","targetHints":{"allow":["GET"]}}],"collection":[{"href":"https:\/\/deltaimage.de\/wp\/index.php?rest_route=\/wp\/v2\/posts"}],"about":[{"href":"https:\/\/deltaimage.de\/wp\/index.php?rest_route=\/wp\/v2\/types\/post"}],"author":[{"embeddable":true,"href":"https:\/\/deltaimage.de\/wp\/index.php?rest_route=\/wp\/v2\/users\/1"}],"replies":[{"embeddable":true,"href":"https:\/\/deltaimage.de\/wp\/index.php?rest_route=%2Fwp%2Fv2%2Fcomments&post=35384"}],"version-history":[{"count":8,"href":"https:\/\/deltaimage.de\/wp\/index.php?rest_route=\/wp\/v2\/posts\/35384\/revisions"}],"predecessor-version":[{"id":51363,"href":"https:\/\/deltaimage.de\/wp\/index.php?rest_route=\/wp\/v2\/posts\/35384\/revisions\/51363"}],"wp:featuredmedia":[{"embeddable":true,"href":"https:\/\/deltaimage.de\/wp\/index.php?rest_route=\/wp\/v2\/media\/35364"}],"wp:attachment":[{"href":"https:\/\/deltaimage.de\/wp\/index.php?rest_route=%2Fwp%2Fv2%2Fmedia&parent=35384"}],"wp:term":[{"taxonomy":"category","embeddable":true,"href":"https:\/\/deltaimage.de\/wp\/index.php?rest_route=%2Fwp%2Fv2%2Fcategories&post=35384"},{"taxonomy":"post_tag","embeddable":true,"href":"https:\/\/deltaimage.de\/wp\/index.php?rest_route=%2Fwp%2Fv2%2Ftags&post=35384"}],"curies":[{"name":"wp","href":"https:\/\/api.w.org\/{rel}","templated":true}]}}