{"id":35461,"date":"2022-07-29T20:07:00","date_gmt":"2022-07-29T19:07:00","guid":{"rendered":"https:\/\/deltaimage.de\/wp\/?p=35461"},"modified":"2025-08-20T18:40:43","modified_gmt":"2025-08-20T16:40:43","slug":"grosslibelle-im-flug-fotografieren-dachauer-moos","status":"publish","type":"post","link":"https:\/\/deltaimage.de\/wp\/?p=35461","title":{"rendered":"Gro\u00dflibelle im Flug fotografieren &#8211; Dachauer Moos"},"content":{"rendered":"<p><a href=\"https:\/\/deltaimage.de\/wp\/?page_id=40118\"><img data-recalc-dims=\"1\" loading=\"lazy\" decoding=\"async\" data-attachment-id=\"40115\" data-permalink=\"https:\/\/deltaimage.de\/wp\/?attachment_id=40115#main\" data-orig-file=\"https:\/\/i0.wp.com\/deltaimage.de\/wp\/wp-content\/uploads\/Stempel_DELTA-IMAGE_Quality.png?fit=961%2C960&amp;ssl=1\" data-orig-size=\"961,960\" data-comments-opened=\"1\" data-image-meta=\"{&quot;aperture&quot;:&quot;0&quot;,&quot;credit&quot;:&quot;&quot;,&quot;camera&quot;:&quot;&quot;,&quot;caption&quot;:&quot;&quot;,&quot;created_timestamp&quot;:&quot;0&quot;,&quot;copyright&quot;:&quot;&quot;,&quot;focal_length&quot;:&quot;0&quot;,&quot;iso&quot;:&quot;0&quot;,&quot;shutter_speed&quot;:&quot;0&quot;,&quot;title&quot;:&quot;&quot;,&quot;orientation&quot;:&quot;0&quot;}\" data-image-title=\"Stempel_DELTA IMAGE_Quality\" data-image-description=\"\" data-image-caption=\"\" data-large-file=\"https:\/\/i0.wp.com\/deltaimage.de\/wp\/wp-content\/uploads\/Stempel_DELTA-IMAGE_Quality.png?fit=890%2C889&amp;ssl=1\" class=\"alignright wp-image-40115 size-thumbnail\" src=\"https:\/\/i0.wp.com\/deltaimage.de\/wp\/wp-content\/uploads\/Stempel_DELTA-IMAGE_Quality.png?resize=200%2C200&#038;ssl=1\" alt=\"\" width=\"200\" height=\"200\" srcset=\"https:\/\/i0.wp.com\/deltaimage.de\/wp\/wp-content\/uploads\/Stempel_DELTA-IMAGE_Quality.png?resize=200%2C200&amp;ssl=1 200w, https:\/\/i0.wp.com\/deltaimage.de\/wp\/wp-content\/uploads\/Stempel_DELTA-IMAGE_Quality.png?resize=601%2C600&amp;ssl=1 601w, https:\/\/i0.wp.com\/deltaimage.de\/wp\/wp-content\/uploads\/Stempel_DELTA-IMAGE_Quality.png?resize=594%2C593&amp;ssl=1 594w, https:\/\/i0.wp.com\/deltaimage.de\/wp\/wp-content\/uploads\/Stempel_DELTA-IMAGE_Quality.png?resize=450%2C450&amp;ssl=1 450w, https:\/\/i0.wp.com\/deltaimage.de\/wp\/wp-content\/uploads\/Stempel_DELTA-IMAGE_Quality.png?resize=75%2C75&amp;ssl=1 75w, https:\/\/i0.wp.com\/deltaimage.de\/wp\/wp-content\/uploads\/Stempel_DELTA-IMAGE_Quality.png?resize=400%2C400&amp;ssl=1 400w, https:\/\/i0.wp.com\/deltaimage.de\/wp\/wp-content\/uploads\/Stempel_DELTA-IMAGE_Quality.png?resize=50%2C50&amp;ssl=1 50w, https:\/\/i0.wp.com\/deltaimage.de\/wp\/wp-content\/uploads\/Stempel_DELTA-IMAGE_Quality.png?w=961&amp;ssl=1 961w\" sizes=\"auto, (max-width: 200px) 100vw, 200px\" \/><\/a><strong>Naturfotografie<\/strong> funktioniert vor allem \u00fcber eine intensivere Besch\u00e4ftigung mit der Natur selbst und der zu fotografierenden Spezies. <strong>Gro\u00dflibellen<\/strong> sind so ein ganz besonderer Fall. Die Fotografie von <strong>Kleinleibellen<\/strong> wird bei ausreichend Geduld des Fotografen irgendwann mit Erfolg gekr\u00f6nt sein. Die <strong>Kleinlibellen<\/strong> setzen sich von Zeit zu Zeit auf einen Ansitzplatz, einen Grashalm, einen Ast oder sowas und ruhen sich aus &#8211; eine Gelegenheit sie in aller Ruhe fotografieren zu k\u00f6nnen.<\/p>\n<p>&nbsp;<\/p>\n<h2>Gro\u00dflibellen lassen sich kaum fotografieren, da sie immer im Flug bleiben<\/h2>\n<p>Die <strong>Gro\u00dflibellen<\/strong> haben ein ganz anderes Verhaltensmuster, sie setzen sich auf keinen Ansitzplatz, da sie im Flug ihre Beute erjagen. Sie fliegen und fliegen und fliegen und sind so vom Fotografen eigentlich kaum auf den Sensor zu bannen.<\/p>\n<p><img data-recalc-dims=\"1\" loading=\"lazy\" decoding=\"async\" data-attachment-id=\"35466\" data-permalink=\"https:\/\/deltaimage.de\/wp\/?attachment_id=35466#main\" data-orig-file=\"https:\/\/i0.wp.com\/deltaimage.de\/wp\/wp-content\/uploads\/IMG_7304_900.jpg?fit=890%2C593&amp;ssl=1\" data-orig-size=\"890,593\" data-comments-opened=\"0\" data-image-meta=\"{&quot;aperture&quot;:&quot;6.3&quot;,&quot;credit&quot;:&quot;PAUL ESCHBACH&quot;,&quot;camera&quot;:&quot;Canon EOS 80D&quot;,&quot;caption&quot;:&quot;&quot;,&quot;created_timestamp&quot;:&quot;1659018891&quot;,&quot;copyright&quot;:&quot;Paul Eschbach @ DELTA IMAGE&quot;,&quot;focal_length&quot;:&quot;180&quot;,&quot;iso&quot;:&quot;800&quot;,&quot;shutter_speed&quot;:&quot;0.0005&quot;,&quot;title&quot;:&quot;&quot;,&quot;orientation&quot;:&quot;0&quot;}\" data-image-title=\"IMG_7304_900\" data-image-description=\"\" data-image-caption=\"\" data-large-file=\"https:\/\/i0.wp.com\/deltaimage.de\/wp\/wp-content\/uploads\/IMG_7304_900.jpg?fit=890%2C593&amp;ssl=1\" class=\"aligncenter size-full wp-image-35466\" src=\"https:\/\/i0.wp.com\/deltaimage.de\/wp\/wp-content\/uploads\/IMG_7304_900.jpg?resize=890%2C593&#038;ssl=1\" alt=\"\" width=\"890\" height=\"593\" srcset=\"https:\/\/i0.wp.com\/deltaimage.de\/wp\/wp-content\/uploads\/IMG_7304_900.jpg?w=890&amp;ssl=1 890w, https:\/\/i0.wp.com\/deltaimage.de\/wp\/wp-content\/uploads\/IMG_7304_900.jpg?resize=300%2C200&amp;ssl=1 300w, https:\/\/i0.wp.com\/deltaimage.de\/wp\/wp-content\/uploads\/IMG_7304_900.jpg?resize=675%2C450&amp;ssl=1 675w, https:\/\/i0.wp.com\/deltaimage.de\/wp\/wp-content\/uploads\/IMG_7304_900.jpg?resize=600%2C400&amp;ssl=1 600w, https:\/\/i0.wp.com\/deltaimage.de\/wp\/wp-content\/uploads\/IMG_7304_900.jpg?resize=200%2C133&amp;ssl=1 200w\" sizes=\"auto, (max-width: 890px) 100vw, 890px\" \/><\/p>\n<p>Klein, schnell und immer im Zickzack unterwegs. Das wird schwierig beim Fotografieren.<\/p>\n<p><!--more--><\/p>\n<p>&nbsp;<\/p>\n<h2>Die Gro\u00dflibelle mit den Mitteln der Natur \u00fcberlisten<\/h2>\n<p>Eine <strong>Blaugr\u00fcne Mosaikjungfer<\/strong> zieht in den <strong>Amperauen<\/strong> ganz flink ihre Bahn \u00fcber dem Wasser, immer auf der Jagd nach einer fliegenden Beute. Hier im Auwald sind viele Insekten, Fliegen, Biene, Libellen, Schmetterlinge auch dicht \u00fcber der Wasseroberfl\u00e4che unterwegs.<\/p>\n<p>Er herrscht ein steifer Wind flussabw\u00e4rts und ich komme gerade den Wanderweg entlang und k\u00e4mpfe etwas gegen den starken Wind.<\/p>\n<p><img data-recalc-dims=\"1\" loading=\"lazy\" decoding=\"async\" data-attachment-id=\"35467\" data-permalink=\"https:\/\/deltaimage.de\/wp\/?attachment_id=35467#main\" data-orig-file=\"https:\/\/i0.wp.com\/deltaimage.de\/wp\/wp-content\/uploads\/IMG_7444_900.jpg?fit=890%2C593&amp;ssl=1\" data-orig-size=\"890,593\" data-comments-opened=\"0\" data-image-meta=\"{&quot;aperture&quot;:&quot;5.6&quot;,&quot;credit&quot;:&quot;PAUL ESCHBACH&quot;,&quot;camera&quot;:&quot;Canon EOS 80D&quot;,&quot;caption&quot;:&quot;&quot;,&quot;created_timestamp&quot;:&quot;1659019262&quot;,&quot;copyright&quot;:&quot;Paul Eschbach @ DELTA IMAGE&quot;,&quot;focal_length&quot;:&quot;180&quot;,&quot;iso&quot;:&quot;800&quot;,&quot;shutter_speed&quot;:&quot;0.0004&quot;,&quot;title&quot;:&quot;&quot;,&quot;orientation&quot;:&quot;0&quot;}\" data-image-title=\"IMG_7444_900\" data-image-description=\"\" data-image-caption=\"\" data-large-file=\"https:\/\/i0.wp.com\/deltaimage.de\/wp\/wp-content\/uploads\/IMG_7444_900.jpg?fit=890%2C593&amp;ssl=1\" class=\"aligncenter size-full wp-image-35467\" src=\"https:\/\/i0.wp.com\/deltaimage.de\/wp\/wp-content\/uploads\/IMG_7444_900.jpg?resize=890%2C593&#038;ssl=1\" alt=\"\" width=\"890\" height=\"593\" srcset=\"https:\/\/i0.wp.com\/deltaimage.de\/wp\/wp-content\/uploads\/IMG_7444_900.jpg?w=890&amp;ssl=1 890w, https:\/\/i0.wp.com\/deltaimage.de\/wp\/wp-content\/uploads\/IMG_7444_900.jpg?resize=300%2C200&amp;ssl=1 300w, https:\/\/i0.wp.com\/deltaimage.de\/wp\/wp-content\/uploads\/IMG_7444_900.jpg?resize=675%2C450&amp;ssl=1 675w, https:\/\/i0.wp.com\/deltaimage.de\/wp\/wp-content\/uploads\/IMG_7444_900.jpg?resize=600%2C400&amp;ssl=1 600w, https:\/\/i0.wp.com\/deltaimage.de\/wp\/wp-content\/uploads\/IMG_7444_900.jpg?resize=200%2C133&amp;ssl=1 200w\" sizes=\"auto, (max-width: 890px) 100vw, 890px\" \/><\/p>\n<p>Die <strong>Mosaikjungfer<\/strong> nutzt dies wohl ganz trickreich aus und positioniert sich an der strategisch richtigen Stelle &#8211; die Beute wird direkt auf sie zufliegen und muss nur warten und immer bereit sein. Durch den steifen Wind steht die Gro\u00dflibelle praktisch auf der Stelle und bewegt sich kaum in Flussrichtung.<\/p>\n<blockquote>\n<pre>Genau das habe ich gesucht und gefunden.<\/pre>\n<\/blockquote>\n<p>Am gegen\u00fcberliegenden Ufer sitze ich am Wanderweg und kann die Libelle in aller Ruhe beobachten und auch nahezu ruhig im Sucher stehend fotografieren.<\/p>\n<p>&nbsp;<\/p>\n<h2>Der Jagdplatz scheint der Libelle sehr gut zu gefallen<\/h2>\n<p>Sie kommt immer wieder hierher zur\u00fcck und verteidigt diesen Logenplatz auch gegen andere <strong>Mosaikjungfern<\/strong> und einen <strong>Blauen Pfeil<\/strong>.<\/p>\n<p><img data-recalc-dims=\"1\" loading=\"lazy\" decoding=\"async\" data-attachment-id=\"35468\" data-permalink=\"https:\/\/deltaimage.de\/wp\/?attachment_id=35468#main\" data-orig-file=\"https:\/\/i0.wp.com\/deltaimage.de\/wp\/wp-content\/uploads\/IMG_7483_900.jpg?fit=890%2C593&amp;ssl=1\" data-orig-size=\"890,593\" data-comments-opened=\"0\" data-image-meta=\"{&quot;aperture&quot;:&quot;5.6&quot;,&quot;credit&quot;:&quot;PAUL ESCHBACH&quot;,&quot;camera&quot;:&quot;Canon EOS 80D&quot;,&quot;caption&quot;:&quot;&quot;,&quot;created_timestamp&quot;:&quot;1659019459&quot;,&quot;copyright&quot;:&quot;Paul Eschbach @ DELTA IMAGE&quot;,&quot;focal_length&quot;:&quot;180&quot;,&quot;iso&quot;:&quot;800&quot;,&quot;shutter_speed&quot;:&quot;0.0004&quot;,&quot;title&quot;:&quot;&quot;,&quot;orientation&quot;:&quot;0&quot;}\" data-image-title=\"IMG_7483_900\" data-image-description=\"\" data-image-caption=\"\" data-large-file=\"https:\/\/i0.wp.com\/deltaimage.de\/wp\/wp-content\/uploads\/IMG_7483_900.jpg?fit=890%2C593&amp;ssl=1\" class=\"aligncenter size-full wp-image-35468\" src=\"https:\/\/i0.wp.com\/deltaimage.de\/wp\/wp-content\/uploads\/IMG_7483_900.jpg?resize=890%2C593&#038;ssl=1\" alt=\"\" width=\"890\" height=\"593\" srcset=\"https:\/\/i0.wp.com\/deltaimage.de\/wp\/wp-content\/uploads\/IMG_7483_900.jpg?w=890&amp;ssl=1 890w, https:\/\/i0.wp.com\/deltaimage.de\/wp\/wp-content\/uploads\/IMG_7483_900.jpg?resize=300%2C200&amp;ssl=1 300w, https:\/\/i0.wp.com\/deltaimage.de\/wp\/wp-content\/uploads\/IMG_7483_900.jpg?resize=675%2C450&amp;ssl=1 675w, https:\/\/i0.wp.com\/deltaimage.de\/wp\/wp-content\/uploads\/IMG_7483_900.jpg?resize=600%2C400&amp;ssl=1 600w, https:\/\/i0.wp.com\/deltaimage.de\/wp\/wp-content\/uploads\/IMG_7483_900.jpg?resize=200%2C133&amp;ssl=1 200w\" sizes=\"auto, (max-width: 890px) 100vw, 890px\" \/><\/p>\n<p>Die Libelle l\u00e4sst sich nun aus allen Richtungen ausf\u00fchrlich betrachten und auch fotografieren. Guten 30 Minuten kann ich so die <strong>Gro\u00dflibelle<\/strong> fotografieren, ohne sie irgendwie zu st\u00f6ren &#8211; dazu bin ich viel zu weit weg am belebten Wanderweg. 30 Minuten mit einem wunderbaren Einblick in das Leben hier im <strong>Auwald<\/strong> der <strong>Amper<\/strong> &#8211; eine sehr sch\u00f6ne Investition in das Beobachten und die Ruhe an der <strong>Amper<\/strong>.<\/p>\n<p><img data-recalc-dims=\"1\" loading=\"lazy\" decoding=\"async\" data-attachment-id=\"35470\" data-permalink=\"https:\/\/deltaimage.de\/wp\/?attachment_id=35470#main\" data-orig-file=\"https:\/\/i0.wp.com\/deltaimage.de\/wp\/wp-content\/uploads\/IMG_7509_900.jpg?fit=890%2C593&amp;ssl=1\" data-orig-size=\"890,593\" data-comments-opened=\"0\" data-image-meta=\"{&quot;aperture&quot;:&quot;5.6&quot;,&quot;credit&quot;:&quot;PAUL ESCHBACH&quot;,&quot;camera&quot;:&quot;Canon EOS 80D&quot;,&quot;caption&quot;:&quot;&quot;,&quot;created_timestamp&quot;:&quot;1659019488&quot;,&quot;copyright&quot;:&quot;Paul Eschbach @ DELTA IMAGE&quot;,&quot;focal_length&quot;:&quot;180&quot;,&quot;iso&quot;:&quot;800&quot;,&quot;shutter_speed&quot;:&quot;0.0004&quot;,&quot;title&quot;:&quot;&quot;,&quot;orientation&quot;:&quot;0&quot;}\" data-image-title=\"IMG_7509_900\" data-image-description=\"\" data-image-caption=\"\" data-large-file=\"https:\/\/i0.wp.com\/deltaimage.de\/wp\/wp-content\/uploads\/IMG_7509_900.jpg?fit=890%2C593&amp;ssl=1\" class=\"aligncenter size-full wp-image-35470\" src=\"https:\/\/i0.wp.com\/deltaimage.de\/wp\/wp-content\/uploads\/IMG_7509_900.jpg?resize=890%2C593&#038;ssl=1\" alt=\"\" width=\"890\" height=\"593\" srcset=\"https:\/\/i0.wp.com\/deltaimage.de\/wp\/wp-content\/uploads\/IMG_7509_900.jpg?w=890&amp;ssl=1 890w, https:\/\/i0.wp.com\/deltaimage.de\/wp\/wp-content\/uploads\/IMG_7509_900.jpg?resize=300%2C200&amp;ssl=1 300w, https:\/\/i0.wp.com\/deltaimage.de\/wp\/wp-content\/uploads\/IMG_7509_900.jpg?resize=675%2C450&amp;ssl=1 675w, https:\/\/i0.wp.com\/deltaimage.de\/wp\/wp-content\/uploads\/IMG_7509_900.jpg?resize=600%2C400&amp;ssl=1 600w, https:\/\/i0.wp.com\/deltaimage.de\/wp\/wp-content\/uploads\/IMG_7509_900.jpg?resize=200%2C133&amp;ssl=1 200w\" sizes=\"auto, (max-width: 890px) 100vw, 890px\" \/><\/p>\n<p>&nbsp;<\/p>\n<p>&nbsp;<\/p>\n<h2>Zum Abschluss will sie auch noch Servus sagen<\/h2>\n<p>Nach den 30 Minuten packe ich alles wieder ein und fotografiere noch einen letzten Rundflug der <strong>Blaugr\u00fcnen Mosaikjungfer<\/strong> &#8211; da scheint sie auch zu mir her\u00fcberzublicken und sich verabschieden zu wollen.<\/p>\n<p><img data-recalc-dims=\"1\" loading=\"lazy\" decoding=\"async\" data-attachment-id=\"35472\" data-permalink=\"https:\/\/deltaimage.de\/wp\/?attachment_id=35472#main\" data-orig-file=\"https:\/\/i0.wp.com\/deltaimage.de\/wp\/wp-content\/uploads\/IMG_7524_900.jpg?fit=890%2C593&amp;ssl=1\" data-orig-size=\"890,593\" data-comments-opened=\"0\" data-image-meta=\"{&quot;aperture&quot;:&quot;5.6&quot;,&quot;credit&quot;:&quot;PAUL ESCHBACH&quot;,&quot;camera&quot;:&quot;Canon EOS 80D&quot;,&quot;caption&quot;:&quot;&quot;,&quot;created_timestamp&quot;:&quot;1659019694&quot;,&quot;copyright&quot;:&quot;Paul Eschbach @ DELTA IMAGE&quot;,&quot;focal_length&quot;:&quot;180&quot;,&quot;iso&quot;:&quot;800&quot;,&quot;shutter_speed&quot;:&quot;0.0004&quot;,&quot;title&quot;:&quot;&quot;,&quot;orientation&quot;:&quot;0&quot;}\" data-image-title=\"IMG_7524_900\" data-image-description=\"\" data-image-caption=\"\" data-large-file=\"https:\/\/i0.wp.com\/deltaimage.de\/wp\/wp-content\/uploads\/IMG_7524_900.jpg?fit=890%2C593&amp;ssl=1\" class=\"aligncenter size-full wp-image-35472\" src=\"https:\/\/i0.wp.com\/deltaimage.de\/wp\/wp-content\/uploads\/IMG_7524_900.jpg?resize=890%2C593&#038;ssl=1\" alt=\"\" width=\"890\" height=\"593\" srcset=\"https:\/\/i0.wp.com\/deltaimage.de\/wp\/wp-content\/uploads\/IMG_7524_900.jpg?w=890&amp;ssl=1 890w, https:\/\/i0.wp.com\/deltaimage.de\/wp\/wp-content\/uploads\/IMG_7524_900.jpg?resize=300%2C200&amp;ssl=1 300w, https:\/\/i0.wp.com\/deltaimage.de\/wp\/wp-content\/uploads\/IMG_7524_900.jpg?resize=675%2C450&amp;ssl=1 675w, https:\/\/i0.wp.com\/deltaimage.de\/wp\/wp-content\/uploads\/IMG_7524_900.jpg?resize=600%2C400&amp;ssl=1 600w, https:\/\/i0.wp.com\/deltaimage.de\/wp\/wp-content\/uploads\/IMG_7524_900.jpg?resize=200%2C133&amp;ssl=1 200w\" sizes=\"auto, (max-width: 890px) 100vw, 890px\" \/><\/p>\n<p>Sehr gerne komme ich an diesen sch\u00f6nen Ort im <strong>Auwald<\/strong> an der <strong>Amper<\/strong> &#8211; hier am Rand des <strong>Dachauer Mooses<\/strong>, unmittelbar vor <strong>Dachau<\/strong> gelegen.<\/p>\n<pre>Das Gute und das Sch\u00f6ne liegt oft so nah.<\/pre>\n","protected":false},"excerpt":{"rendered":"<p>Naturfotografie funktioniert vor allem \u00fcber eine intensivere Besch\u00e4ftigung mit der Natur selbst und der zu fotografierenden Spezies. Gro\u00dflibellen sind so ein ganz besonderer Fall. Die Fotografie von Kleinleibellen wird bei [&hellip;]<\/p>\n","protected":false},"author":1,"featured_media":35464,"comment_status":"closed","ping_status":"closed","sticky":false,"template":"","format":"standard","meta":{"wpupg_custom_link":[],"wpupg_custom_link_behaviour":["default"],"wpupg_custom_link_nofollow":["default"],"wpupg_custom_image":[],"wpupg_custom_image_id":[],"jetpack_post_was_ever_published":false,"footnotes":""},"categories":[3010,2523,3217,8],"tags":[464,603,3076,775,3303,197],"class_list":["post-35461","post","type-post","status-publish","format-standard","has-post-thumbnail","hentry","category-dachauer-land","category-dachauer-moos","category-naturfotografie","category-news","tag-amper","tag-auwald","tag-blaugruene-mosaikjungfer","tag-dachauer-moos","tag-grosslibelle","tag-sommer"],"jetpack_featured_media_url":"https:\/\/i0.wp.com\/deltaimage.de\/wp\/wp-content\/uploads\/IMG_7613_1200.jpg?fit=1200%2C450&ssl=1","jetpack-related-posts":[{"id":52187,"url":"https:\/\/deltaimage.de\/wp\/?p=52187","url_meta":{"origin":35461,"position":0},"title":"Sp\u00e4tsommer im Palsweiser Moos &#8211; Naturfotografie am Ende der Sommerferien","author":"EschbacP","date":"9. September 2025","format":false,"excerpt":"Der Sommer verabschiedet sich ganz langsam, der Hochsommer ist vorbei. Die Tage werden schon wieder sp\u00fcrbar k\u00fcrzer und auch k\u00fchler. Die Natur im Niedermoor bereitet sich auf den vor der T\u00fcre stehenden Herbst vor. Dies sind alles gute Gr\u00fcnde, wieder einmal in das geliebte Palsweiser Moos im Dachauer Moos auf\u2026","rel":"","context":"In &quot;Dachauer Land&quot;","block_context":{"text":"Dachauer Land","link":"https:\/\/deltaimage.de\/wp\/?cat=3010"},"img":{"alt_text":"","src":"https:\/\/i0.wp.com\/deltaimage.de\/wp\/wp-content\/uploads\/PE1S0003-Pano_1200.jpg?fit=1200%2C450&ssl=1&resize=350%2C200","width":350,"height":200,"srcset":"https:\/\/i0.wp.com\/deltaimage.de\/wp\/wp-content\/uploads\/PE1S0003-Pano_1200.jpg?fit=1200%2C450&ssl=1&resize=350%2C200 1x, https:\/\/i0.wp.com\/deltaimage.de\/wp\/wp-content\/uploads\/PE1S0003-Pano_1200.jpg?fit=1200%2C450&ssl=1&resize=525%2C300 1.5x, https:\/\/i0.wp.com\/deltaimage.de\/wp\/wp-content\/uploads\/PE1S0003-Pano_1200.jpg?fit=1200%2C450&ssl=1&resize=700%2C400 2x, https:\/\/i0.wp.com\/deltaimage.de\/wp\/wp-content\/uploads\/PE1S0003-Pano_1200.jpg?fit=1200%2C450&ssl=1&resize=1050%2C600 3x"},"classes":[]},{"id":41360,"url":"https:\/\/deltaimage.de\/wp\/?p=41360","url_meta":{"origin":35461,"position":1},"title":"Leben im Dachauer Moos im Sp\u00e4tsommer","author":"EschbacP","date":"18. September 2023","format":false,"excerpt":"Der H\u00f6hepunkt des diesj\u00e4hrigen Sommers ist bereits vorbei. Mit dem Beginn des Oktoberfestes steht der \u00dcbergang vom Sommer (Sp\u00e4tsommer) in den zeitlich nun schon nahen Herbst auf dem Kalender. In der Natur, im Dachauer Moos, ist das Leben an vielen Stellen schon deutlich ruhiger. Der Nachwuchs ist aufgezogen und wird\u2026","rel":"","context":"In &quot;Dachauer Land&quot;","block_context":{"text":"Dachauer Land","link":"https:\/\/deltaimage.de\/wp\/?cat=3010"},"img":{"alt_text":"","src":"https:\/\/i0.wp.com\/deltaimage.de\/wp\/wp-content\/uploads\/IMG_0157-III_1200.jpg?fit=1200%2C450&ssl=1&resize=350%2C200","width":350,"height":200,"srcset":"https:\/\/i0.wp.com\/deltaimage.de\/wp\/wp-content\/uploads\/IMG_0157-III_1200.jpg?fit=1200%2C450&ssl=1&resize=350%2C200 1x, https:\/\/i0.wp.com\/deltaimage.de\/wp\/wp-content\/uploads\/IMG_0157-III_1200.jpg?fit=1200%2C450&ssl=1&resize=525%2C300 1.5x, https:\/\/i0.wp.com\/deltaimage.de\/wp\/wp-content\/uploads\/IMG_0157-III_1200.jpg?fit=1200%2C450&ssl=1&resize=700%2C400 2x, https:\/\/i0.wp.com\/deltaimage.de\/wp\/wp-content\/uploads\/IMG_0157-III_1200.jpg?fit=1200%2C450&ssl=1&resize=1050%2C600 3x"},"classes":[]},{"id":40310,"url":"https:\/\/deltaimage.de\/wp\/?p=40310","url_meta":{"origin":35461,"position":2},"title":"Sommerzeit ist Libellenzeit im Dachauer Moos","author":"EschbacP","date":"13. Juni 2023","format":false,"excerpt":"Die Sommermonate Juni und Juli sind im Dachauer Moos auch die intensivsten Monate mit den unz\u00e4hligen Arten der Libellen. Die warmen Sonnenstrahlen bringen die Kleinlibellen und danach auch die Gro\u00dflibellen zum Flug, auf der Suche nach Nahrung und zur Fortpflanzung, das werden wir auch noch sehen. Mit den Jahren lernt\u2026","rel":"","context":"In &quot;Dachauer Land&quot;","block_context":{"text":"Dachauer Land","link":"https:\/\/deltaimage.de\/wp\/?cat=3010"},"img":{"alt_text":"","src":"https:\/\/i0.wp.com\/deltaimage.de\/wp\/wp-content\/uploads\/IMG_7150_1200.jpg?fit=1200%2C450&ssl=1&resize=350%2C200","width":350,"height":200,"srcset":"https:\/\/i0.wp.com\/deltaimage.de\/wp\/wp-content\/uploads\/IMG_7150_1200.jpg?fit=1200%2C450&ssl=1&resize=350%2C200 1x, https:\/\/i0.wp.com\/deltaimage.de\/wp\/wp-content\/uploads\/IMG_7150_1200.jpg?fit=1200%2C450&ssl=1&resize=525%2C300 1.5x, https:\/\/i0.wp.com\/deltaimage.de\/wp\/wp-content\/uploads\/IMG_7150_1200.jpg?fit=1200%2C450&ssl=1&resize=700%2C400 2x, https:\/\/i0.wp.com\/deltaimage.de\/wp\/wp-content\/uploads\/IMG_7150_1200.jpg?fit=1200%2C450&ssl=1&resize=1050%2C600 3x"},"classes":[]},{"id":34906,"url":"https:\/\/deltaimage.de\/wp\/?p=34906","url_meta":{"origin":35461,"position":3},"title":"Mit dem Radl ins Dachauer Moos zu den Libellen fotografieren","author":"EschbacP","date":"2. Juli 2022","format":false,"excerpt":"Jetzt ist Sommer in Bayern, mit allen so sehns\u00fcchtig erwarteten Eigenschaften: Sonne, W\u00e4rme, Licht und die in voller Kraft stehende Landschaft und Natur. Heute geht's zu den Libellen im Dachauer Moos zum Fotografieren, und zwar mit dem Radl. Entlang der Amper und dann \u00fcber schmale Feldwege, Mittens zwischen den saftigen\u2026","rel":"","context":"In &quot;Dachauer Land&quot;","block_context":{"text":"Dachauer Land","link":"https:\/\/deltaimage.de\/wp\/?cat=3010"},"img":{"alt_text":"","src":"https:\/\/i0.wp.com\/deltaimage.de\/wp\/wp-content\/uploads\/IMG_5648_1200.jpg?fit=1200%2C450&ssl=1&resize=350%2C200","width":350,"height":200,"srcset":"https:\/\/i0.wp.com\/deltaimage.de\/wp\/wp-content\/uploads\/IMG_5648_1200.jpg?fit=1200%2C450&ssl=1&resize=350%2C200 1x, https:\/\/i0.wp.com\/deltaimage.de\/wp\/wp-content\/uploads\/IMG_5648_1200.jpg?fit=1200%2C450&ssl=1&resize=525%2C300 1.5x, https:\/\/i0.wp.com\/deltaimage.de\/wp\/wp-content\/uploads\/IMG_5648_1200.jpg?fit=1200%2C450&ssl=1&resize=700%2C400 2x, https:\/\/i0.wp.com\/deltaimage.de\/wp\/wp-content\/uploads\/IMG_5648_1200.jpg?fit=1200%2C450&ssl=1&resize=1050%2C600 3x"},"classes":[]},{"id":44904,"url":"https:\/\/deltaimage.de\/wp\/?p=44904","url_meta":{"origin":35461,"position":4},"title":"Der Herbst h\u00e4lt auch Einzug im Inhauser Moos","author":"EschbacP","date":"21. September 2024","format":false,"excerpt":"Dann fange ich einfach mal an, \u00fcber diesen Herbsttag im Inhauser Moos zu erz\u00e4hlen. Ich starte mit der K\u00f6nigslibelle - die wird in der Geschichte noch eine Rolle spielen. Die Gro\u00dfe K\u00f6nigslibelle ist eines der ganz besonderen Bildmotive in der Niedermoor-Landschaft und im Dachauer Moos durchaus regelm\u00e4\u00dfig anzutreffen. Optisch ist\u2026","rel":"","context":"In &quot;Dachauer Land&quot;","block_context":{"text":"Dachauer Land","link":"https:\/\/deltaimage.de\/wp\/?cat=3010"},"img":{"alt_text":"","src":"https:\/\/i0.wp.com\/deltaimage.de\/wp\/wp-content\/uploads\/PE1X6519_1200.jpg?fit=1200%2C450&ssl=1&resize=350%2C200","width":350,"height":200,"srcset":"https:\/\/i0.wp.com\/deltaimage.de\/wp\/wp-content\/uploads\/PE1X6519_1200.jpg?fit=1200%2C450&ssl=1&resize=350%2C200 1x, https:\/\/i0.wp.com\/deltaimage.de\/wp\/wp-content\/uploads\/PE1X6519_1200.jpg?fit=1200%2C450&ssl=1&resize=525%2C300 1.5x, https:\/\/i0.wp.com\/deltaimage.de\/wp\/wp-content\/uploads\/PE1X6519_1200.jpg?fit=1200%2C450&ssl=1&resize=700%2C400 2x, https:\/\/i0.wp.com\/deltaimage.de\/wp\/wp-content\/uploads\/PE1X6519_1200.jpg?fit=1200%2C450&ssl=1&resize=1050%2C600 3x"},"classes":[]},{"id":40070,"url":"https:\/\/deltaimage.de\/wp\/?p=40070","url_meta":{"origin":35461,"position":5},"title":"Der Sommer beginnt im Dachauer Moos","author":"EschbacP","date":"27. Mai 2023","format":false,"excerpt":"Nach vielen Wochen Regen und K\u00e4lte kommt nun der Sommer ins Dachauer Moos. Die Tiere im Moos zeigen den Wetter- und Stimmungswechsel durch ihren intensiven Aktivit\u00e4ten im Jahreskreis an. Es gilt ja schlie\u00dflich, einige Wochen in der Entwicklung nachzuholen. Hier taucht ein Bl\u00e4sshuhn nach den Gr\u00e4sern am Seegrund. Nicht spektakul\u00e4r,\u2026","rel":"","context":"In &quot;Dachauer Moos&quot;","block_context":{"text":"Dachauer Moos","link":"https:\/\/deltaimage.de\/wp\/?cat=2523"},"img":{"alt_text":"","src":"https:\/\/i0.wp.com\/deltaimage.de\/wp\/wp-content\/uploads\/PE1D8467_1200.jpg?fit=1200%2C450&ssl=1&resize=350%2C200","width":350,"height":200,"srcset":"https:\/\/i0.wp.com\/deltaimage.de\/wp\/wp-content\/uploads\/PE1D8467_1200.jpg?fit=1200%2C450&ssl=1&resize=350%2C200 1x, https:\/\/i0.wp.com\/deltaimage.de\/wp\/wp-content\/uploads\/PE1D8467_1200.jpg?fit=1200%2C450&ssl=1&resize=525%2C300 1.5x, https:\/\/i0.wp.com\/deltaimage.de\/wp\/wp-content\/uploads\/PE1D8467_1200.jpg?fit=1200%2C450&ssl=1&resize=700%2C400 2x, https:\/\/i0.wp.com\/deltaimage.de\/wp\/wp-content\/uploads\/PE1D8467_1200.jpg?fit=1200%2C450&ssl=1&resize=1050%2C600 3x"},"classes":[]}],"jetpack_sharing_enabled":true,"_links":{"self":[{"href":"https:\/\/deltaimage.de\/wp\/index.php?rest_route=\/wp\/v2\/posts\/35461","targetHints":{"allow":["GET"]}}],"collection":[{"href":"https:\/\/deltaimage.de\/wp\/index.php?rest_route=\/wp\/v2\/posts"}],"about":[{"href":"https:\/\/deltaimage.de\/wp\/index.php?rest_route=\/wp\/v2\/types\/post"}],"author":[{"embeddable":true,"href":"https:\/\/deltaimage.de\/wp\/index.php?rest_route=\/wp\/v2\/users\/1"}],"replies":[{"embeddable":true,"href":"https:\/\/deltaimage.de\/wp\/index.php?rest_route=%2Fwp%2Fv2%2Fcomments&post=35461"}],"version-history":[{"count":9,"href":"https:\/\/deltaimage.de\/wp\/index.php?rest_route=\/wp\/v2\/posts\/35461\/revisions"}],"predecessor-version":[{"id":51359,"href":"https:\/\/deltaimage.de\/wp\/index.php?rest_route=\/wp\/v2\/posts\/35461\/revisions\/51359"}],"wp:featuredmedia":[{"embeddable":true,"href":"https:\/\/deltaimage.de\/wp\/index.php?rest_route=\/wp\/v2\/media\/35464"}],"wp:attachment":[{"href":"https:\/\/deltaimage.de\/wp\/index.php?rest_route=%2Fwp%2Fv2%2Fmedia&parent=35461"}],"wp:term":[{"taxonomy":"category","embeddable":true,"href":"https:\/\/deltaimage.de\/wp\/index.php?rest_route=%2Fwp%2Fv2%2Fcategories&post=35461"},{"taxonomy":"post_tag","embeddable":true,"href":"https:\/\/deltaimage.de\/wp\/index.php?rest_route=%2Fwp%2Fv2%2Ftags&post=35461"}],"curies":[{"name":"wp","href":"https:\/\/api.w.org\/{rel}","templated":true}]}}