{"id":35533,"date":"2022-08-05T14:02:19","date_gmt":"2022-08-05T13:02:19","guid":{"rendered":"https:\/\/deltaimage.de\/wp\/?p=35533"},"modified":"2025-08-20T18:42:03","modified_gmt":"2025-08-20T16:42:03","slug":"heisse-tage-in-oberbayern-sternklare-nacht-und-perseiden-fuer-fotografinnen","status":"publish","type":"post","link":"https:\/\/deltaimage.de\/wp\/?p=35533","title":{"rendered":"Hei\u00dfe Tage in Oberbayern &#8211; sternklare Nacht und Perseiden f\u00fcr FotografInnen"},"content":{"rendered":"<h2><a href=\"https:\/\/deltaimage.de\/wp\/?page_id=40118\"><img data-recalc-dims=\"1\" loading=\"lazy\" decoding=\"async\" data-attachment-id=\"40115\" data-permalink=\"https:\/\/deltaimage.de\/wp\/?attachment_id=40115#main\" data-orig-file=\"https:\/\/i0.wp.com\/deltaimage.de\/wp\/wp-content\/uploads\/Stempel_DELTA-IMAGE_Quality.png?fit=961%2C960&amp;ssl=1\" data-orig-size=\"961,960\" data-comments-opened=\"1\" data-image-meta=\"{&quot;aperture&quot;:&quot;0&quot;,&quot;credit&quot;:&quot;&quot;,&quot;camera&quot;:&quot;&quot;,&quot;caption&quot;:&quot;&quot;,&quot;created_timestamp&quot;:&quot;0&quot;,&quot;copyright&quot;:&quot;&quot;,&quot;focal_length&quot;:&quot;0&quot;,&quot;iso&quot;:&quot;0&quot;,&quot;shutter_speed&quot;:&quot;0&quot;,&quot;title&quot;:&quot;&quot;,&quot;orientation&quot;:&quot;0&quot;}\" data-image-title=\"Stempel_DELTA IMAGE_Quality\" data-image-description=\"\" data-image-caption=\"\" data-large-file=\"https:\/\/i0.wp.com\/deltaimage.de\/wp\/wp-content\/uploads\/Stempel_DELTA-IMAGE_Quality.png?fit=890%2C889&amp;ssl=1\" class=\"alignright wp-image-40115 size-thumbnail\" src=\"https:\/\/i0.wp.com\/deltaimage.de\/wp\/wp-content\/uploads\/Stempel_DELTA-IMAGE_Quality.png?resize=200%2C200&#038;ssl=1\" alt=\"\" width=\"200\" height=\"200\" srcset=\"https:\/\/i0.wp.com\/deltaimage.de\/wp\/wp-content\/uploads\/Stempel_DELTA-IMAGE_Quality.png?resize=200%2C200&amp;ssl=1 200w, https:\/\/i0.wp.com\/deltaimage.de\/wp\/wp-content\/uploads\/Stempel_DELTA-IMAGE_Quality.png?resize=601%2C600&amp;ssl=1 601w, https:\/\/i0.wp.com\/deltaimage.de\/wp\/wp-content\/uploads\/Stempel_DELTA-IMAGE_Quality.png?resize=594%2C593&amp;ssl=1 594w, https:\/\/i0.wp.com\/deltaimage.de\/wp\/wp-content\/uploads\/Stempel_DELTA-IMAGE_Quality.png?resize=450%2C450&amp;ssl=1 450w, https:\/\/i0.wp.com\/deltaimage.de\/wp\/wp-content\/uploads\/Stempel_DELTA-IMAGE_Quality.png?resize=75%2C75&amp;ssl=1 75w, https:\/\/i0.wp.com\/deltaimage.de\/wp\/wp-content\/uploads\/Stempel_DELTA-IMAGE_Quality.png?resize=400%2C400&amp;ssl=1 400w, https:\/\/i0.wp.com\/deltaimage.de\/wp\/wp-content\/uploads\/Stempel_DELTA-IMAGE_Quality.png?resize=50%2C50&amp;ssl=1 50w, https:\/\/i0.wp.com\/deltaimage.de\/wp\/wp-content\/uploads\/Stempel_DELTA-IMAGE_Quality.png?w=961&amp;ssl=1 961w\" sizes=\"auto, (max-width: 200px) 100vw, 200px\" \/><\/a>August ist in Oberbayern wieder die Zeit f\u00fcr die Perseiden<\/h2>\n<p>Nacht-FotografInnen k\u00f6nnen ganz besonders in den warmen N\u00e4chten im August wieder zahlreiche Sternschnuppen am Nachthimmel beobachten und fotografieren gehen. Die Erde kreuzt regelm\u00e4\u00dfig im August die galaktische Bahn des Kometen 109P\/Swift-Tuttle. Dieser verliert auf seinem Flug durch das Weltall st\u00e4ndig Staubteilchen und diese treten in die Erdatmosph\u00e4re ein und &#8222;vergl\u00fchen&#8220; durch Reibung in der dichter werdenden Luft.<\/p>\n<p><img data-recalc-dims=\"1\" loading=\"lazy\" decoding=\"async\" data-attachment-id=\"35536\" data-permalink=\"https:\/\/deltaimage.de\/wp\/?attachment_id=35536#main\" data-orig-file=\"https:\/\/i0.wp.com\/deltaimage.de\/wp\/wp-content\/uploads\/PE1S2012_900.jpg?fit=890%2C593&amp;ssl=1\" data-orig-size=\"890,593\" data-comments-opened=\"0\" data-image-meta=\"{&quot;aperture&quot;:&quot;2.5&quot;,&quot;credit&quot;:&quot;Paul Eschbach&quot;,&quot;camera&quot;:&quot;Canon EOS-1Ds Mark III&quot;,&quot;caption&quot;:&quot;&quot;,&quot;created_timestamp&quot;:&quot;1659570780&quot;,&quot;copyright&quot;:&quot;&quot;,&quot;focal_length&quot;:&quot;15&quot;,&quot;iso&quot;:&quot;3200&quot;,&quot;shutter_speed&quot;:&quot;20&quot;,&quot;title&quot;:&quot;&quot;,&quot;orientation&quot;:&quot;0&quot;}\" data-image-title=\"PE1S2012_900\" data-image-description=\"\" data-image-caption=\"\" data-large-file=\"https:\/\/i0.wp.com\/deltaimage.de\/wp\/wp-content\/uploads\/PE1S2012_900.jpg?fit=890%2C593&amp;ssl=1\" class=\"aligncenter size-full wp-image-35536\" src=\"https:\/\/i0.wp.com\/deltaimage.de\/wp\/wp-content\/uploads\/PE1S2012_900.jpg?resize=890%2C593&#038;ssl=1\" alt=\"\" width=\"890\" height=\"593\" srcset=\"https:\/\/i0.wp.com\/deltaimage.de\/wp\/wp-content\/uploads\/PE1S2012_900.jpg?w=890&amp;ssl=1 890w, https:\/\/i0.wp.com\/deltaimage.de\/wp\/wp-content\/uploads\/PE1S2012_900.jpg?resize=300%2C200&amp;ssl=1 300w, https:\/\/i0.wp.com\/deltaimage.de\/wp\/wp-content\/uploads\/PE1S2012_900.jpg?resize=675%2C450&amp;ssl=1 675w, https:\/\/i0.wp.com\/deltaimage.de\/wp\/wp-content\/uploads\/PE1S2012_900.jpg?resize=600%2C400&amp;ssl=1 600w, https:\/\/i0.wp.com\/deltaimage.de\/wp\/wp-content\/uploads\/PE1S2012_900.jpg?resize=200%2C133&amp;ssl=1 200w\" sizes=\"auto, (max-width: 890px) 100vw, 890px\" \/><\/p>\n<p>Auch auf diesem Bild die erste Sternschnuppe an diesem Abend &#8211; ich darf mir jetzt etwas w\u00fcnschen:<\/p>\n<blockquote>\n<pre>\" ..... . Ja!\"<\/pre>\n<\/blockquote>\n<p><!--more--><\/p>\n<p>&nbsp;<\/p>\n<h2>Auch wir waren im Nachthimmel an diesem Augustabend unterwegs<\/h2>\n<p>Eigentlich hatte ich schon lange das Ziel, wieder einmal im <strong>Bayerischen Wald<\/strong> bei weitgehend idealen Bedingungen die Nacht zu fotografieren. Die Tage waren sehr hei\u00df und trotzdem war das Wetter in der Nacht kaum vorhersehbar. An kaum einem Abend hatten wir einen klaren Sonnenuntergang.<\/p>\n<p>Gegend haben wir auch hier im <strong>Dachauer Land<\/strong> zur Gen\u00fcge und einen Versuch ist es auf alle F\u00e4lle wert. Gleich hinter Dachau beginnen die sanften H\u00fcgelketten des <strong>Dachauer Hinterlandes<\/strong>, f\u00fcr die <strong>Astrofotografie<\/strong> helfen, diese das unvermeidliche Licht der Millionenmetropole M\u00fcnchen abzuschirmen, sodass es nicht direkt in die Optik gelangen kann.<\/p>\n<p><img data-recalc-dims=\"1\" loading=\"lazy\" decoding=\"async\" data-attachment-id=\"35540\" data-permalink=\"https:\/\/deltaimage.de\/wp\/?attachment_id=35540#main\" data-orig-file=\"https:\/\/i0.wp.com\/deltaimage.de\/wp\/wp-content\/uploads\/PE1S2014_900.jpg?fit=890%2C593&amp;ssl=1\" data-orig-size=\"890,593\" data-comments-opened=\"0\" data-image-meta=\"{&quot;aperture&quot;:&quot;2.5&quot;,&quot;credit&quot;:&quot;Paul Eschbach&quot;,&quot;camera&quot;:&quot;Canon EOS-1Ds Mark III&quot;,&quot;caption&quot;:&quot;&quot;,&quot;created_timestamp&quot;:&quot;1659571066&quot;,&quot;copyright&quot;:&quot;&quot;,&quot;focal_length&quot;:&quot;15&quot;,&quot;iso&quot;:&quot;3200&quot;,&quot;shutter_speed&quot;:&quot;20&quot;,&quot;title&quot;:&quot;&quot;,&quot;orientation&quot;:&quot;0&quot;}\" data-image-title=\"PE1S2014_900\" data-image-description=\"\" data-image-caption=\"\" data-large-file=\"https:\/\/i0.wp.com\/deltaimage.de\/wp\/wp-content\/uploads\/PE1S2014_900.jpg?fit=890%2C593&amp;ssl=1\" class=\"aligncenter size-full wp-image-35540\" src=\"https:\/\/i0.wp.com\/deltaimage.de\/wp\/wp-content\/uploads\/PE1S2014_900.jpg?resize=890%2C593&#038;ssl=1\" alt=\"\" width=\"890\" height=\"593\" srcset=\"https:\/\/i0.wp.com\/deltaimage.de\/wp\/wp-content\/uploads\/PE1S2014_900.jpg?w=890&amp;ssl=1 890w, https:\/\/i0.wp.com\/deltaimage.de\/wp\/wp-content\/uploads\/PE1S2014_900.jpg?resize=300%2C200&amp;ssl=1 300w, https:\/\/i0.wp.com\/deltaimage.de\/wp\/wp-content\/uploads\/PE1S2014_900.jpg?resize=675%2C450&amp;ssl=1 675w, https:\/\/i0.wp.com\/deltaimage.de\/wp\/wp-content\/uploads\/PE1S2014_900.jpg?resize=600%2C400&amp;ssl=1 600w, https:\/\/i0.wp.com\/deltaimage.de\/wp\/wp-content\/uploads\/PE1S2014_900.jpg?resize=200%2C133&amp;ssl=1 200w\" sizes=\"auto, (max-width: 890px) 100vw, 890px\" \/><\/p>\n<p>Am Nachthimmel stehen auch die Planeten deutlich sichtbar. An der linken unteren Bildecke steht der Saturn am Nachthimmel.<\/p>\n<p>&nbsp;<\/p>\n<h2>Ein Abend ohne Wolken geben freie Sicht auf die Sterne<\/h2>\n<p>Ein <strong>Astrofoto<\/strong> im unmittelbaren Umfang um M\u00fcnchen hat per se nur eine geringe Chance auf ein sch\u00f6nes Bild. Die Ergebnisse werden wir noch sehen. Klar, auf dem Berggipfel des <strong>Gro\u00dfen Falkensteins<\/strong> im <strong>Bayerischen Wald<\/strong> sind die Voraussetzungen um ein Vielfaches besser.<\/p>\n<p>Es gibt aber auch mehr als das Foto am Ende, das Erlebnis eine warme Sommernacht drau\u00dfen in der Landschaft zu erleben, liegt uns stark am Herzen.<\/p>\n<p><img data-recalc-dims=\"1\" loading=\"lazy\" decoding=\"async\" data-attachment-id=\"35542\" data-permalink=\"https:\/\/deltaimage.de\/wp\/?attachment_id=35542#main\" data-orig-file=\"https:\/\/i0.wp.com\/deltaimage.de\/wp\/wp-content\/uploads\/PE1S2008_900.jpg?fit=890%2C593&amp;ssl=1\" data-orig-size=\"890,593\" data-comments-opened=\"0\" data-image-meta=\"{&quot;aperture&quot;:&quot;2.5&quot;,&quot;credit&quot;:&quot;Paul Eschbach&quot;,&quot;camera&quot;:&quot;Canon EOS-1Ds Mark III&quot;,&quot;caption&quot;:&quot;&quot;,&quot;created_timestamp&quot;:&quot;1659569902&quot;,&quot;copyright&quot;:&quot;&quot;,&quot;focal_length&quot;:&quot;15&quot;,&quot;iso&quot;:&quot;3200&quot;,&quot;shutter_speed&quot;:&quot;20&quot;,&quot;title&quot;:&quot;&quot;,&quot;orientation&quot;:&quot;0&quot;}\" data-image-title=\"PE1S2008_900\" data-image-description=\"\" data-image-caption=\"\" data-large-file=\"https:\/\/i0.wp.com\/deltaimage.de\/wp\/wp-content\/uploads\/PE1S2008_900.jpg?fit=890%2C593&amp;ssl=1\" class=\"aligncenter size-full wp-image-35542\" src=\"https:\/\/i0.wp.com\/deltaimage.de\/wp\/wp-content\/uploads\/PE1S2008_900.jpg?resize=890%2C593&#038;ssl=1\" alt=\"\" width=\"890\" height=\"593\" srcset=\"https:\/\/i0.wp.com\/deltaimage.de\/wp\/wp-content\/uploads\/PE1S2008_900.jpg?w=890&amp;ssl=1 890w, https:\/\/i0.wp.com\/deltaimage.de\/wp\/wp-content\/uploads\/PE1S2008_900.jpg?resize=300%2C200&amp;ssl=1 300w, https:\/\/i0.wp.com\/deltaimage.de\/wp\/wp-content\/uploads\/PE1S2008_900.jpg?resize=675%2C450&amp;ssl=1 675w, https:\/\/i0.wp.com\/deltaimage.de\/wp\/wp-content\/uploads\/PE1S2008_900.jpg?resize=600%2C400&amp;ssl=1 600w, https:\/\/i0.wp.com\/deltaimage.de\/wp\/wp-content\/uploads\/PE1S2008_900.jpg?resize=200%2C133&amp;ssl=1 200w\" sizes=\"auto, (max-width: 890px) 100vw, 890px\" \/><\/p>\n<p>Mit dem Sonnenuntergang dauert es ca. 60 Minuten, bis die ersten Sterne am Nachthimmel erscheinen. Der Himmel ist im Westen aber immer noch viel zu hell, die untergehende Sonne strahlt immer noch in die Atmosph\u00e4re und hellt den Nachthimmel auf. Im S\u00fcdosten liegt die Metropolregion M\u00fcnchen und strahlt millionenfach den Nachthimmel an &#8211; auch hier ist Geduld gefragt. Mit zunehmender Nacht wird auch der Verkehr und das Leben in der Metropolregion weniger und das Streulicht l\u00e4sst nach.<\/p>\n<p>&nbsp;<\/p>\n<h2>Ein Vordergrundmotiv belebt die n\u00e4chtliche Szenerie<\/h2>\n<p>Als bildwirksamer Kontrast vor dem Sternen-\u00fcbers\u00e4hten Nachthimmel ist ein gro\u00dfes und markantes Vordergrundmotiv sinnvoll &#8211; wir w\u00e4hlen einen gro\u00dfen Baum\/Baumgruppe dazu aus.<\/p>\n<p><img data-recalc-dims=\"1\" loading=\"lazy\" decoding=\"async\" data-attachment-id=\"35543\" data-permalink=\"https:\/\/deltaimage.de\/wp\/?attachment_id=35543#main\" data-orig-file=\"https:\/\/i0.wp.com\/deltaimage.de\/wp\/wp-content\/uploads\/PE1S2007_900.jpg?fit=890%2C593&amp;ssl=1\" data-orig-size=\"890,593\" data-comments-opened=\"0\" data-image-meta=\"{&quot;aperture&quot;:&quot;2.5&quot;,&quot;credit&quot;:&quot;Paul Eschbach&quot;,&quot;camera&quot;:&quot;Canon EOS-1Ds Mark III&quot;,&quot;caption&quot;:&quot;&quot;,&quot;created_timestamp&quot;:&quot;1659569711&quot;,&quot;copyright&quot;:&quot;&quot;,&quot;focal_length&quot;:&quot;15&quot;,&quot;iso&quot;:&quot;3200&quot;,&quot;shutter_speed&quot;:&quot;20&quot;,&quot;title&quot;:&quot;&quot;,&quot;orientation&quot;:&quot;0&quot;}\" data-image-title=\"PE1S2007_900\" data-image-description=\"\" data-image-caption=\"\" data-large-file=\"https:\/\/i0.wp.com\/deltaimage.de\/wp\/wp-content\/uploads\/PE1S2007_900.jpg?fit=890%2C593&amp;ssl=1\" class=\"aligncenter size-full wp-image-35543\" src=\"https:\/\/i0.wp.com\/deltaimage.de\/wp\/wp-content\/uploads\/PE1S2007_900.jpg?resize=890%2C593&#038;ssl=1\" alt=\"\" width=\"890\" height=\"593\" srcset=\"https:\/\/i0.wp.com\/deltaimage.de\/wp\/wp-content\/uploads\/PE1S2007_900.jpg?w=890&amp;ssl=1 890w, https:\/\/i0.wp.com\/deltaimage.de\/wp\/wp-content\/uploads\/PE1S2007_900.jpg?resize=300%2C200&amp;ssl=1 300w, https:\/\/i0.wp.com\/deltaimage.de\/wp\/wp-content\/uploads\/PE1S2007_900.jpg?resize=675%2C450&amp;ssl=1 675w, https:\/\/i0.wp.com\/deltaimage.de\/wp\/wp-content\/uploads\/PE1S2007_900.jpg?resize=600%2C400&amp;ssl=1 600w, https:\/\/i0.wp.com\/deltaimage.de\/wp\/wp-content\/uploads\/PE1S2007_900.jpg?resize=200%2C133&amp;ssl=1 200w\" sizes=\"auto, (max-width: 890px) 100vw, 890px\" \/><\/p>\n<p>Der Mond wird an diesem Abend gegen 23.19 untergehen und so den Nachthimmel noch weiter abdunkeln. Dann k\u00f6nnen wir auch die Milchstra\u00dfe selbst in den Fokus nehmen und in sch\u00f6ne Bilder im n\u00e4chsten Beitrag bannen.<\/p>\n<p>In diesen Bildern ist die Restlichtbeleuchtung des kleinen Dorfes <strong>Prittlbach<\/strong> nur von Vorteil, die Bilder machen einfach mehr her als nur Dunkel und Dunkel.<\/p>\n<p>Im n\u00e4chsten Beitrag zeigen wir die Milchstra\u00dfe, von genau diesem Aufnahmeort aus in den sommerlichen Nachthimmel \u00fcber dem <strong>Dachauer Land<\/strong>.<\/p>\n","protected":false},"excerpt":{"rendered":"<p>August ist in Oberbayern wieder die Zeit f\u00fcr die Perseiden Nacht-FotografInnen k\u00f6nnen ganz besonders in den warmen N\u00e4chten im August wieder zahlreiche Sternschnuppen am Nachthimmel beobachten und fotografieren gehen. Die [&hellip;]<\/p>\n","protected":false},"author":1,"featured_media":35552,"comment_status":"closed","ping_status":"closed","sticky":false,"template":"","format":"standard","meta":{"wpupg_custom_link":[],"wpupg_custom_link_behaviour":["default"],"wpupg_custom_link_nofollow":["default"],"wpupg_custom_image":[],"wpupg_custom_image_id":[],"jetpack_post_was_ever_published":false,"footnotes":""},"categories":[3010,848,8],"tags":[3305,299,95,530,3067,3304,3306],"class_list":["post-35533","post","type-post","status-publish","format-standard","has-post-thumbnail","hentry","category-dachauer-land","category-fotografie","category-news","tag-astrofotografie","tag-august","tag-dachau","tag-dachauer-land","tag-perseiden","tag-prittlbach","tag-sternschnuppe"],"jetpack_featured_media_url":"https:\/\/i0.wp.com\/deltaimage.de\/wp\/wp-content\/uploads\/PE1S2011_1200.jpg?fit=1200%2C450&ssl=1","jetpack-related-posts":[{"id":29786,"url":"https:\/\/deltaimage.de\/wp\/?p=29786","url_meta":{"origin":35533,"position":0},"title":"Sternenfotografie im Nationalpark Bayerischer Wald w\u00e4hrend der Perseiden im August","author":"EschbacP","date":"17. August 2021","format":false,"excerpt":"In der zweiten Woche im August 2021 standen viele Bedingungen auf Gr\u00fcn: Das Wetter war f\u00fcr 6-7 Tage sehr gut und vor allem ohne Regen und Wolken Urlaub war m\u00f6glich Pandemiebedingungen erm\u00f6glichte ein gefahrloses Projekt Der Mond war am 8. August auf Neumond und versprach relativ dunkle Sternenn\u00e4chte mit einer\u2026","rel":"","context":"In &quot;BAYERWALDTEAM&quot;","block_context":{"text":"BAYERWALDTEAM","link":"https:\/\/deltaimage.de\/wp\/?cat=861"},"img":{"alt_text":"","src":"https:\/\/i0.wp.com\/deltaimage.de\/wp\/wp-content\/uploads\/PE5D2293_1200.jpg?fit=1200%2C450&ssl=1&resize=350%2C200","width":350,"height":200,"srcset":"https:\/\/i0.wp.com\/deltaimage.de\/wp\/wp-content\/uploads\/PE5D2293_1200.jpg?fit=1200%2C450&ssl=1&resize=350%2C200 1x, https:\/\/i0.wp.com\/deltaimage.de\/wp\/wp-content\/uploads\/PE5D2293_1200.jpg?fit=1200%2C450&ssl=1&resize=525%2C300 1.5x, https:\/\/i0.wp.com\/deltaimage.de\/wp\/wp-content\/uploads\/PE5D2293_1200.jpg?fit=1200%2C450&ssl=1&resize=700%2C400 2x, https:\/\/i0.wp.com\/deltaimage.de\/wp\/wp-content\/uploads\/PE5D2293_1200.jpg?fit=1200%2C450&ssl=1&resize=1050%2C600 3x"},"classes":[]},{"id":36970,"url":"https:\/\/deltaimage.de\/wp\/?p=36970","url_meta":{"origin":35533,"position":1},"title":"Dachauer Moos &#8211; eine herbstliche Landschaft im Abendlicht","author":"EschbacP","date":"25. September 2022","format":false,"excerpt":"Ende September werden die Tage schon deutlich k\u00fcrzer und das ist f\u00fcr die FotografInnen mitunter von gro\u00dfem Vorteil. Im Hochsommer (Juni\/Juli\/August) ist Sonnenuntergang um 21.15 Uhr und auch sp\u00e4ter. Da werden die Abende zu einer langen Warterei und das Abendlicht und den Sonnenuntergang. Jetzt, Ende September geht die Sonne schon\u2026","rel":"","context":"In &quot;Dachauer Land&quot;","block_context":{"text":"Dachauer Land","link":"https:\/\/deltaimage.de\/wp\/?cat=3010"},"img":{"alt_text":"","src":"https:\/\/i0.wp.com\/deltaimage.de\/wp\/wp-content\/uploads\/IMG_8730_1200.jpg?fit=1200%2C450&ssl=1&resize=350%2C200","width":350,"height":200,"srcset":"https:\/\/i0.wp.com\/deltaimage.de\/wp\/wp-content\/uploads\/IMG_8730_1200.jpg?fit=1200%2C450&ssl=1&resize=350%2C200 1x, https:\/\/i0.wp.com\/deltaimage.de\/wp\/wp-content\/uploads\/IMG_8730_1200.jpg?fit=1200%2C450&ssl=1&resize=525%2C300 1.5x, https:\/\/i0.wp.com\/deltaimage.de\/wp\/wp-content\/uploads\/IMG_8730_1200.jpg?fit=1200%2C450&ssl=1&resize=700%2C400 2x, https:\/\/i0.wp.com\/deltaimage.de\/wp\/wp-content\/uploads\/IMG_8730_1200.jpg?fit=1200%2C450&ssl=1&resize=1050%2C600 3x"},"classes":[]},{"id":37261,"url":"https:\/\/deltaimage.de\/wp\/?p=37261","url_meta":{"origin":35533,"position":2},"title":"Goldener Herbst im Dachauer Moos","author":"EschbacP","date":"17. Oktober 2022","format":false,"excerpt":"Mitte Oktober ist der Gipfel des goldenen Herbstes in Oberbayern und damit der fotografische H\u00f6hepunkt f\u00fcr Landschafts- und NaturfotografInnen gekommen. Da muss die FotografIn raus in die Landschaft und die Zeit zwischen den Tagen mit Wolken und Regen ausgiebig nutzen. Belohnt wird die FotografIn mit den herrlichsten Landschafts- und Naturfotos\u2026","rel":"","context":"In &quot;Dachauer Land&quot;","block_context":{"text":"Dachauer Land","link":"https:\/\/deltaimage.de\/wp\/?cat=3010"},"img":{"alt_text":"","src":"https:\/\/i0.wp.com\/deltaimage.de\/wp\/wp-content\/uploads\/PE1S0112-Pano_1200.jpg?fit=1200%2C450&ssl=1&resize=350%2C200","width":350,"height":200,"srcset":"https:\/\/i0.wp.com\/deltaimage.de\/wp\/wp-content\/uploads\/PE1S0112-Pano_1200.jpg?fit=1200%2C450&ssl=1&resize=350%2C200 1x, https:\/\/i0.wp.com\/deltaimage.de\/wp\/wp-content\/uploads\/PE1S0112-Pano_1200.jpg?fit=1200%2C450&ssl=1&resize=525%2C300 1.5x, https:\/\/i0.wp.com\/deltaimage.de\/wp\/wp-content\/uploads\/PE1S0112-Pano_1200.jpg?fit=1200%2C450&ssl=1&resize=700%2C400 2x, https:\/\/i0.wp.com\/deltaimage.de\/wp\/wp-content\/uploads\/PE1S0112-Pano_1200.jpg?fit=1200%2C450&ssl=1&resize=1050%2C600 3x"},"classes":[]},{"id":37378,"url":"https:\/\/deltaimage.de\/wp\/?p=37378","url_meta":{"origin":35533,"position":3},"title":"Der Herbst neigt sich seinem Ende zu &#8211; und haut nochmal die sch\u00f6nsten Fotomotive raus","author":"EschbacP","date":"24. Oktober 2022","format":false,"excerpt":"Der H\u00f6hepunkt des Herbstes ist auch immer ein H\u00f6hepunkt an Fotomotiven f\u00fcr den Wanderer und den Fotografen. In den vergangenen Jahren war dieses Spektakel an Farben und Motiven oft verwehrt, die Trockenheit lie\u00df die Bl\u00e4tter schon deutlich vor der Verf\u00e4rbung trocken von den \u00c4sten und Zweigen fallen. Heuer scheint trotz\u2026","rel":"","context":"In &quot;Dachauer Land&quot;","block_context":{"text":"Dachauer Land","link":"https:\/\/deltaimage.de\/wp\/?cat=3010"},"img":{"alt_text":"","src":"https:\/\/i0.wp.com\/deltaimage.de\/wp\/wp-content\/uploads\/IMG_0560_1200.jpg?fit=1200%2C450&ssl=1&resize=350%2C200","width":350,"height":200,"srcset":"https:\/\/i0.wp.com\/deltaimage.de\/wp\/wp-content\/uploads\/IMG_0560_1200.jpg?fit=1200%2C450&ssl=1&resize=350%2C200 1x, https:\/\/i0.wp.com\/deltaimage.de\/wp\/wp-content\/uploads\/IMG_0560_1200.jpg?fit=1200%2C450&ssl=1&resize=525%2C300 1.5x, https:\/\/i0.wp.com\/deltaimage.de\/wp\/wp-content\/uploads\/IMG_0560_1200.jpg?fit=1200%2C450&ssl=1&resize=700%2C400 2x, https:\/\/i0.wp.com\/deltaimage.de\/wp\/wp-content\/uploads\/IMG_0560_1200.jpg?fit=1200%2C450&ssl=1&resize=1050%2C600 3x"},"classes":[]},{"id":39252,"url":"https:\/\/deltaimage.de\/wp\/?p=39252","url_meta":{"origin":35533,"position":4},"title":"Fr\u00fchling in der Fauna im Haspelmoor","author":"EschbacP","date":"20. M\u00e4rz 2023","format":false,"excerpt":"Der Fr\u00fchling ist im Anmarsch, so auch in der Hochmoor-Gegend im oberbayerischen Haspelmoor bei F\u00fcrstenfeldbruck. Die Fauna ist bereits aktiv in den Fr\u00fchlingsvorbereitungen und l\u00e4sst sich sehr sch\u00f6n dabei beobachten. Heute bin ich hier im Haspelmoor, um die diesj\u00e4hrigen M\u00f6glichkeiten zu studieren. Es ist selbst an diesem tr\u00fcben Vorfr\u00fchlingstag, schon\u2026","rel":"","context":"In &quot;Dachauer Moos&quot;","block_context":{"text":"Dachauer Moos","link":"https:\/\/deltaimage.de\/wp\/?cat=2523"},"img":{"alt_text":"","src":"https:\/\/i0.wp.com\/deltaimage.de\/wp\/wp-content\/uploads\/IMG_1615_1200.jpg?fit=1200%2C450&ssl=1&resize=350%2C200","width":350,"height":200,"srcset":"https:\/\/i0.wp.com\/deltaimage.de\/wp\/wp-content\/uploads\/IMG_1615_1200.jpg?fit=1200%2C450&ssl=1&resize=350%2C200 1x, https:\/\/i0.wp.com\/deltaimage.de\/wp\/wp-content\/uploads\/IMG_1615_1200.jpg?fit=1200%2C450&ssl=1&resize=525%2C300 1.5x, https:\/\/i0.wp.com\/deltaimage.de\/wp\/wp-content\/uploads\/IMG_1615_1200.jpg?fit=1200%2C450&ssl=1&resize=700%2C400 2x, https:\/\/i0.wp.com\/deltaimage.de\/wp\/wp-content\/uploads\/IMG_1615_1200.jpg?fit=1200%2C450&ssl=1&resize=1050%2C600 3x"},"classes":[]},{"id":39152,"url":"https:\/\/deltaimage.de\/wp\/?p=39152","url_meta":{"origin":35533,"position":5},"title":"Workshop &#8222;Natur im Moor&#8220; ist erneut ausverkauft!","author":"EschbacP","date":"23. Februar 2023","format":false,"excerpt":"Naturfototage F\u00fcrstenfeld in F\u00fcrstenfeldbruck - 14.4. - 16.4.2023 \"Seit 2021 wird der Workshop \u201eNatur im Moor\u201c angeboten. Und zum dritten Mal ist er vorzeitig ausgebucht. Bei diesem Workshop f\u00fchren Naturfotograf Paul Eschbach begleitet von einem F\u00fcrstenfeldbrucker Moorspezialisten durch ein Hochmoor und ein Niedermoor. Dies ist nicht der einzige Workshop mit\u2026","rel":"","context":"In &quot;Dachauer Moos&quot;","block_context":{"text":"Dachauer Moos","link":"https:\/\/deltaimage.de\/wp\/?cat=2523"},"img":{"alt_text":"","src":"https:\/\/i0.wp.com\/deltaimage.de\/wp\/wp-content\/uploads\/IMG_7034_1200.jpg?fit=1200%2C450&ssl=1&resize=350%2C200","width":350,"height":200,"srcset":"https:\/\/i0.wp.com\/deltaimage.de\/wp\/wp-content\/uploads\/IMG_7034_1200.jpg?fit=1200%2C450&ssl=1&resize=350%2C200 1x, https:\/\/i0.wp.com\/deltaimage.de\/wp\/wp-content\/uploads\/IMG_7034_1200.jpg?fit=1200%2C450&ssl=1&resize=525%2C300 1.5x, https:\/\/i0.wp.com\/deltaimage.de\/wp\/wp-content\/uploads\/IMG_7034_1200.jpg?fit=1200%2C450&ssl=1&resize=700%2C400 2x, https:\/\/i0.wp.com\/deltaimage.de\/wp\/wp-content\/uploads\/IMG_7034_1200.jpg?fit=1200%2C450&ssl=1&resize=1050%2C600 3x"},"classes":[]}],"jetpack_sharing_enabled":true,"_links":{"self":[{"href":"https:\/\/deltaimage.de\/wp\/index.php?rest_route=\/wp\/v2\/posts\/35533","targetHints":{"allow":["GET"]}}],"collection":[{"href":"https:\/\/deltaimage.de\/wp\/index.php?rest_route=\/wp\/v2\/posts"}],"about":[{"href":"https:\/\/deltaimage.de\/wp\/index.php?rest_route=\/wp\/v2\/types\/post"}],"author":[{"embeddable":true,"href":"https:\/\/deltaimage.de\/wp\/index.php?rest_route=\/wp\/v2\/users\/1"}],"replies":[{"embeddable":true,"href":"https:\/\/deltaimage.de\/wp\/index.php?rest_route=%2Fwp%2Fv2%2Fcomments&post=35533"}],"version-history":[{"count":13,"href":"https:\/\/deltaimage.de\/wp\/index.php?rest_route=\/wp\/v2\/posts\/35533\/revisions"}],"predecessor-version":[{"id":51365,"href":"https:\/\/deltaimage.de\/wp\/index.php?rest_route=\/wp\/v2\/posts\/35533\/revisions\/51365"}],"wp:featuredmedia":[{"embeddable":true,"href":"https:\/\/deltaimage.de\/wp\/index.php?rest_route=\/wp\/v2\/media\/35552"}],"wp:attachment":[{"href":"https:\/\/deltaimage.de\/wp\/index.php?rest_route=%2Fwp%2Fv2%2Fmedia&parent=35533"}],"wp:term":[{"taxonomy":"category","embeddable":true,"href":"https:\/\/deltaimage.de\/wp\/index.php?rest_route=%2Fwp%2Fv2%2Fcategories&post=35533"},{"taxonomy":"post_tag","embeddable":true,"href":"https:\/\/deltaimage.de\/wp\/index.php?rest_route=%2Fwp%2Fv2%2Ftags&post=35533"}],"curies":[{"name":"wp","href":"https:\/\/api.w.org\/{rel}","templated":true}]}}