{"id":35768,"date":"2022-08-14T19:48:59","date_gmt":"2022-08-14T18:48:59","guid":{"rendered":"https:\/\/deltaimage.de\/wp\/?p=35768"},"modified":"2025-08-20T20:08:25","modified_gmt":"2025-08-20T18:08:25","slug":"vom-buero-mal-kurz-ab-in-die-natur","status":"publish","type":"post","link":"https:\/\/deltaimage.de\/wp\/?p=35768","title":{"rendered":"Vom B\u00fcro mal kurz ab in die Natur"},"content":{"rendered":"<p><a href=\"https:\/\/deltaimage.de\/wp\/?page_id=40118\"><img data-recalc-dims=\"1\" loading=\"lazy\" decoding=\"async\" data-attachment-id=\"40115\" data-permalink=\"https:\/\/deltaimage.de\/wp\/?attachment_id=40115#main\" data-orig-file=\"https:\/\/i0.wp.com\/deltaimage.de\/wp\/wp-content\/uploads\/Stempel_DELTA-IMAGE_Quality.png?fit=961%2C960&amp;ssl=1\" data-orig-size=\"961,960\" data-comments-opened=\"1\" data-image-meta=\"{&quot;aperture&quot;:&quot;0&quot;,&quot;credit&quot;:&quot;&quot;,&quot;camera&quot;:&quot;&quot;,&quot;caption&quot;:&quot;&quot;,&quot;created_timestamp&quot;:&quot;0&quot;,&quot;copyright&quot;:&quot;&quot;,&quot;focal_length&quot;:&quot;0&quot;,&quot;iso&quot;:&quot;0&quot;,&quot;shutter_speed&quot;:&quot;0&quot;,&quot;title&quot;:&quot;&quot;,&quot;orientation&quot;:&quot;0&quot;}\" data-image-title=\"Stempel_DELTA IMAGE_Quality\" data-image-description=\"\" data-image-caption=\"\" data-large-file=\"https:\/\/i0.wp.com\/deltaimage.de\/wp\/wp-content\/uploads\/Stempel_DELTA-IMAGE_Quality.png?fit=890%2C889&amp;ssl=1\" class=\"alignright wp-image-40115 size-thumbnail\" src=\"https:\/\/i0.wp.com\/deltaimage.de\/wp\/wp-content\/uploads\/Stempel_DELTA-IMAGE_Quality.png?resize=200%2C200&#038;ssl=1\" alt=\"\" width=\"200\" height=\"200\" srcset=\"https:\/\/i0.wp.com\/deltaimage.de\/wp\/wp-content\/uploads\/Stempel_DELTA-IMAGE_Quality.png?resize=200%2C200&amp;ssl=1 200w, https:\/\/i0.wp.com\/deltaimage.de\/wp\/wp-content\/uploads\/Stempel_DELTA-IMAGE_Quality.png?resize=601%2C600&amp;ssl=1 601w, https:\/\/i0.wp.com\/deltaimage.de\/wp\/wp-content\/uploads\/Stempel_DELTA-IMAGE_Quality.png?resize=594%2C593&amp;ssl=1 594w, https:\/\/i0.wp.com\/deltaimage.de\/wp\/wp-content\/uploads\/Stempel_DELTA-IMAGE_Quality.png?resize=450%2C450&amp;ssl=1 450w, https:\/\/i0.wp.com\/deltaimage.de\/wp\/wp-content\/uploads\/Stempel_DELTA-IMAGE_Quality.png?resize=75%2C75&amp;ssl=1 75w, https:\/\/i0.wp.com\/deltaimage.de\/wp\/wp-content\/uploads\/Stempel_DELTA-IMAGE_Quality.png?resize=400%2C400&amp;ssl=1 400w, https:\/\/i0.wp.com\/deltaimage.de\/wp\/wp-content\/uploads\/Stempel_DELTA-IMAGE_Quality.png?resize=50%2C50&amp;ssl=1 50w, https:\/\/i0.wp.com\/deltaimage.de\/wp\/wp-content\/uploads\/Stempel_DELTA-IMAGE_Quality.png?w=961&amp;ssl=1 961w\" sizes=\"auto, (max-width: 200px) 100vw, 200px\" \/><\/a>Davon tr\u00e4umt wohl so manche naturinteressierte Fotografin. Vom Arbeitsplatz einfach mal so sich umdrehen und einen Vogel im Baum beobachten und mit der ganz langen Linse fotografieren.<\/p>\r\n<p><img data-recalc-dims=\"1\" loading=\"lazy\" decoding=\"async\" data-attachment-id=\"35773\" data-permalink=\"https:\/\/deltaimage.de\/wp\/?attachment_id=35773#main\" data-orig-file=\"https:\/\/i0.wp.com\/deltaimage.de\/wp\/wp-content\/uploads\/PE1D2429_900.jpg?fit=890%2C599&amp;ssl=1\" data-orig-size=\"890,599\" data-comments-opened=\"0\" data-image-meta=\"{&quot;aperture&quot;:&quot;4&quot;,&quot;credit&quot;:&quot;DELTA IMAGE Paul Eschbach&quot;,&quot;camera&quot;:&quot;Canon EOS-1D Mark III&quot;,&quot;caption&quot;:&quot;&quot;,&quot;created_timestamp&quot;:&quot;1659955723&quot;,&quot;copyright&quot;:&quot;&quot;,&quot;focal_length&quot;:&quot;400&quot;,&quot;iso&quot;:&quot;200&quot;,&quot;shutter_speed&quot;:&quot;0.008&quot;,&quot;title&quot;:&quot;&quot;,&quot;orientation&quot;:&quot;0&quot;}\" data-image-title=\"PE1D2429_900\" data-image-description=\"\" data-image-caption=\"\" data-large-file=\"https:\/\/i0.wp.com\/deltaimage.de\/wp\/wp-content\/uploads\/PE1D2429_900.jpg?fit=890%2C599&amp;ssl=1\" class=\"aligncenter size-full wp-image-35773\" src=\"https:\/\/i0.wp.com\/deltaimage.de\/wp\/wp-content\/uploads\/PE1D2429_900.jpg?resize=890%2C599&#038;ssl=1\" alt=\"\" width=\"890\" height=\"599\" srcset=\"https:\/\/i0.wp.com\/deltaimage.de\/wp\/wp-content\/uploads\/PE1D2429_900.jpg?w=890&amp;ssl=1 890w, https:\/\/i0.wp.com\/deltaimage.de\/wp\/wp-content\/uploads\/PE1D2429_900.jpg?resize=297%2C200&amp;ssl=1 297w, https:\/\/i0.wp.com\/deltaimage.de\/wp\/wp-content\/uploads\/PE1D2429_900.jpg?resize=881%2C593&amp;ssl=1 881w, https:\/\/i0.wp.com\/deltaimage.de\/wp\/wp-content\/uploads\/PE1D2429_900.jpg?resize=669%2C450&amp;ssl=1 669w, https:\/\/i0.wp.com\/deltaimage.de\/wp\/wp-content\/uploads\/PE1D2429_900.jpg?resize=594%2C400&amp;ssl=1 594w\" sizes=\"auto, (max-width: 890px) 100vw, 890px\" \/><\/p>\r\n<!-- \/wp:post-content -->\r\n\r\n<!-- wp:more -->\r\n<p><!--more--><\/p>\r\n<!-- \/wp:more -->\r\n\r\n<!-- wp:heading -->\r\n<p>&nbsp;<\/p>\r\n<h2>Vor dem B\u00fcro ein alter, gro\u00dfer Apfelbaum<\/h2>\r\n<!-- \/wp:heading -->\r\n\r\n<!-- wp:paragraph -->\r\n<p>An diesem Apfelbaum kommt mich seit vielen Jahren immer wieder ein Buntspecht besuchen und sucht auf einem Ast nach Nahrung. Er l\u00e4sst sich auch nicht von dem Arbeiten hinter dem Fenster irritieren, nur zum Fotografieren sind die Fensterscheiben zu wellig, die Bilder bleiben unscharf. So bleibt mir nur das geduldige Beobachten und sich an dem Buntspecht an sich zu freuen. In den Wohnsiedlungen werden B\u00e4ume, Wiesen und B\u00fcsche und Blumen immer seltener.<\/p>\r\n<p><img data-recalc-dims=\"1\" loading=\"lazy\" decoding=\"async\" data-attachment-id=\"35774\" data-permalink=\"https:\/\/deltaimage.de\/wp\/?attachment_id=35774#main\" data-orig-file=\"https:\/\/i0.wp.com\/deltaimage.de\/wp\/wp-content\/uploads\/PE1D2428_900.jpg?fit=890%2C593&amp;ssl=1\" data-orig-size=\"890,593\" data-comments-opened=\"0\" data-image-meta=\"{&quot;aperture&quot;:&quot;4&quot;,&quot;credit&quot;:&quot;DELTA IMAGE Paul Eschbach&quot;,&quot;camera&quot;:&quot;Canon EOS-1D Mark III&quot;,&quot;caption&quot;:&quot;&quot;,&quot;created_timestamp&quot;:&quot;1659955721&quot;,&quot;copyright&quot;:&quot;&quot;,&quot;focal_length&quot;:&quot;400&quot;,&quot;iso&quot;:&quot;200&quot;,&quot;shutter_speed&quot;:&quot;0.008&quot;,&quot;title&quot;:&quot;&quot;,&quot;orientation&quot;:&quot;0&quot;}\" data-image-title=\"PE1D2428_900\" data-image-description=\"\" data-image-caption=\"\" data-large-file=\"https:\/\/i0.wp.com\/deltaimage.de\/wp\/wp-content\/uploads\/PE1D2428_900.jpg?fit=890%2C593&amp;ssl=1\" class=\"aligncenter size-full wp-image-35774\" src=\"https:\/\/i0.wp.com\/deltaimage.de\/wp\/wp-content\/uploads\/PE1D2428_900.jpg?resize=890%2C593&#038;ssl=1\" alt=\"\" width=\"890\" height=\"593\" srcset=\"https:\/\/i0.wp.com\/deltaimage.de\/wp\/wp-content\/uploads\/PE1D2428_900.jpg?w=890&amp;ssl=1 890w, https:\/\/i0.wp.com\/deltaimage.de\/wp\/wp-content\/uploads\/PE1D2428_900.jpg?resize=300%2C200&amp;ssl=1 300w, https:\/\/i0.wp.com\/deltaimage.de\/wp\/wp-content\/uploads\/PE1D2428_900.jpg?resize=675%2C450&amp;ssl=1 675w, https:\/\/i0.wp.com\/deltaimage.de\/wp\/wp-content\/uploads\/PE1D2428_900.jpg?resize=600%2C400&amp;ssl=1 600w, https:\/\/i0.wp.com\/deltaimage.de\/wp\/wp-content\/uploads\/PE1D2428_900.jpg?resize=200%2C133&amp;ssl=1 200w\" sizes=\"auto, (max-width: 890px) 100vw, 890px\" \/><\/p>\r\n<p>Der naturferne Steingarten pr\u00e4gt das Bild und wird noch von dem Alles-Rasen-zu-Parkplatz im Bestand gef\u00e4hrdet. Da verwundert es kaum, dass der Buntspecht immer wieder den Weg zu unserem gro\u00dfen Apfelbaum findet.<\/p>\r\n<p>&nbsp;<\/p>\r\n<!-- \/wp:paragraph -->\r\n\r\n<!-- wp:heading -->\r\n<h2>Jetzt im Sommer sind die Fenster weit offen, das st\u00f6rt den Buntspecht nicht<\/h2>\r\n<!-- \/wp:heading -->\r\n\r\n<!-- wp:paragraph -->\r\n<p>Er sucht ruhig nach Nahrung in der alten Rinde des Boskop-Baums und l\u00e4sst sich durch meine B\u00fcroarbeit nicht st\u00f6ren. Ich kann ganz normal ins Nebenzimmer gehen und das 500er holen. Er l\u00e4sst sich ganz ruhig fotografieren. 5-6 Fotos, das soll auch gen\u00fcgen. Ich m\u00f6chte&#8216; ihn nicht beunruhigen und schau ihm noch 15 Minuten zu. Mein Chef (ich) hat sicherlich Verst\u00e4ndnis f\u00fcr diese kleine Arbeitspause.<\/p>\r\n<p><img data-recalc-dims=\"1\" loading=\"lazy\" decoding=\"async\" data-attachment-id=\"35776\" data-permalink=\"https:\/\/deltaimage.de\/wp\/?attachment_id=35776#main\" data-orig-file=\"https:\/\/i0.wp.com\/deltaimage.de\/wp\/wp-content\/uploads\/PE1D2427_900.jpg?fit=890%2C593&amp;ssl=1\" data-orig-size=\"890,593\" data-comments-opened=\"0\" data-image-meta=\"{&quot;aperture&quot;:&quot;4&quot;,&quot;credit&quot;:&quot;DELTA IMAGE Paul Eschbach&quot;,&quot;camera&quot;:&quot;Canon EOS-1D Mark III&quot;,&quot;caption&quot;:&quot;&quot;,&quot;created_timestamp&quot;:&quot;1659955720&quot;,&quot;copyright&quot;:&quot;&quot;,&quot;focal_length&quot;:&quot;400&quot;,&quot;iso&quot;:&quot;200&quot;,&quot;shutter_speed&quot;:&quot;0.008&quot;,&quot;title&quot;:&quot;&quot;,&quot;orientation&quot;:&quot;0&quot;}\" data-image-title=\"PE1D2427_900\" data-image-description=\"\" data-image-caption=\"\" data-large-file=\"https:\/\/i0.wp.com\/deltaimage.de\/wp\/wp-content\/uploads\/PE1D2427_900.jpg?fit=890%2C593&amp;ssl=1\" class=\"aligncenter size-full wp-image-35776\" src=\"https:\/\/i0.wp.com\/deltaimage.de\/wp\/wp-content\/uploads\/PE1D2427_900.jpg?resize=890%2C593&#038;ssl=1\" alt=\"\" width=\"890\" height=\"593\" srcset=\"https:\/\/i0.wp.com\/deltaimage.de\/wp\/wp-content\/uploads\/PE1D2427_900.jpg?w=890&amp;ssl=1 890w, https:\/\/i0.wp.com\/deltaimage.de\/wp\/wp-content\/uploads\/PE1D2427_900.jpg?resize=300%2C200&amp;ssl=1 300w, https:\/\/i0.wp.com\/deltaimage.de\/wp\/wp-content\/uploads\/PE1D2427_900.jpg?resize=675%2C450&amp;ssl=1 675w, https:\/\/i0.wp.com\/deltaimage.de\/wp\/wp-content\/uploads\/PE1D2427_900.jpg?resize=600%2C400&amp;ssl=1 600w, https:\/\/i0.wp.com\/deltaimage.de\/wp\/wp-content\/uploads\/PE1D2427_900.jpg?resize=200%2C133&amp;ssl=1 200w\" sizes=\"auto, (max-width: 890px) 100vw, 890px\" \/><\/p>\r\n<!-- \/wp:paragraph -->\r\n\r\n<!-- wp:preformatted -->\r\n<blockquote>\r\n<pre class=\"wp-block-preformatted\">Es w\u00e4re sehr Schade, wenn keine V\u00f6gel uns in unseren Lebensr\u00e4umen<br \/>besuchen w\u00fcrden und uns ein paar Minuten von der eigentlichen <br \/>Arbeit abhalten m\u00f6chten. Vielleicht ist das ihre Art, <br \/>Danke zu sagen f\u00fcr den Baum der da noch steht, <br \/>die Wiese die da noch bl\u00fcht und die Blumen und <br \/>Hecken die da noch sind. <br \/>Aber gerne doch, lieber kleiner Freund!<\/pre>\r\n<\/blockquote>\r\n<!-- \/wp:preformatted -->\r\n\r\n<!-- wp:paragraph -->\r\n<p><img data-recalc-dims=\"1\" loading=\"lazy\" decoding=\"async\" data-attachment-id=\"35772\" data-permalink=\"https:\/\/deltaimage.de\/wp\/?attachment_id=35772#main\" data-orig-file=\"https:\/\/i0.wp.com\/deltaimage.de\/wp\/wp-content\/uploads\/PE1D2431_900.jpg?fit=890%2C629&amp;ssl=1\" data-orig-size=\"890,629\" data-comments-opened=\"0\" data-image-meta=\"{&quot;aperture&quot;:&quot;4&quot;,&quot;credit&quot;:&quot;DELTA IMAGE Paul Eschbach&quot;,&quot;camera&quot;:&quot;Canon EOS-1D Mark III&quot;,&quot;caption&quot;:&quot;&quot;,&quot;created_timestamp&quot;:&quot;1659955735&quot;,&quot;copyright&quot;:&quot;&quot;,&quot;focal_length&quot;:&quot;400&quot;,&quot;iso&quot;:&quot;200&quot;,&quot;shutter_speed&quot;:&quot;0.008&quot;,&quot;title&quot;:&quot;&quot;,&quot;orientation&quot;:&quot;0&quot;}\" data-image-title=\"PE1D2431_900\" data-image-description=\"\" data-image-caption=\"\" data-large-file=\"https:\/\/i0.wp.com\/deltaimage.de\/wp\/wp-content\/uploads\/PE1D2431_900.jpg?fit=890%2C629&amp;ssl=1\" class=\"aligncenter size-full wp-image-35772\" src=\"https:\/\/i0.wp.com\/deltaimage.de\/wp\/wp-content\/uploads\/PE1D2431_900.jpg?resize=890%2C629&#038;ssl=1\" alt=\"\" width=\"890\" height=\"629\" srcset=\"https:\/\/i0.wp.com\/deltaimage.de\/wp\/wp-content\/uploads\/PE1D2431_900.jpg?w=890&amp;ssl=1 890w, https:\/\/i0.wp.com\/deltaimage.de\/wp\/wp-content\/uploads\/PE1D2431_900.jpg?resize=849%2C600&amp;ssl=1 849w, https:\/\/i0.wp.com\/deltaimage.de\/wp\/wp-content\/uploads\/PE1D2431_900.jpg?resize=283%2C200&amp;ssl=1 283w, https:\/\/i0.wp.com\/deltaimage.de\/wp\/wp-content\/uploads\/PE1D2431_900.jpg?resize=839%2C593&amp;ssl=1 839w, https:\/\/i0.wp.com\/deltaimage.de\/wp\/wp-content\/uploads\/PE1D2431_900.jpg?resize=637%2C450&amp;ssl=1 637w, https:\/\/i0.wp.com\/deltaimage.de\/wp\/wp-content\/uploads\/PE1D2431_900.jpg?resize=566%2C400&amp;ssl=1 566w\" sizes=\"auto, (max-width: 890px) 100vw, 890px\" \/><\/p>\r\n<!-- \/wp:paragraph -->\r\n\r\n<!-- wp:paragraph \/-->\r\n\r\n<!-- wp:paragraph \/-->\r\n\r\n<!-- wp:paragraph \/-->\r\n\r\n<!-- wp:paragraph \/-->\r\n\r\n<!-- wp:paragraph -->\r\n<p>Bis bald &#8211; zur n\u00e4chsten St\u00f6rung bei mir am Arbeitsplatz.<\/p>\r\n<!-- \/wp:paragraph -->","protected":false},"excerpt":{"rendered":"<p>Davon tr\u00e4umt wohl so manche naturinteressierte Fotografin. Vom Arbeitsplatz einfach mal so sich umdrehen und einen Vogel im Baum beobachten und mit der ganz langen Linse fotografieren.<\/p>\n","protected":false},"author":1,"featured_media":35771,"comment_status":"closed","ping_status":"closed","sticky":false,"template":"","format":"standard","meta":{"wpupg_custom_link":[],"wpupg_custom_link_behaviour":["default"],"wpupg_custom_link_nofollow":["default"],"wpupg_custom_image":[],"wpupg_custom_image_id":[],"jetpack_post_was_ever_published":false,"footnotes":""},"categories":[3217,8],"tags":[3318,2997,95,1067,197],"class_list":["post-35768","post","type-post","status-publish","format-standard","has-post-thumbnail","hentry","category-naturfotografie","category-news","tag-apfelbaum","tag-buntspecht","tag-dachau","tag-dahoam","tag-sommer"],"jetpack_featured_media_url":"https:\/\/i0.wp.com\/deltaimage.de\/wp\/wp-content\/uploads\/PE1D2425_1200.jpg?fit=1200%2C450&ssl=1","jetpack-related-posts":[{"id":41768,"url":"https:\/\/deltaimage.de\/wp\/?p=41768","url_meta":{"origin":35768,"position":0},"title":"Der Buntspecht pr\u00fcft schon einmal einen Nestplatz im Fr\u00fchling","author":"EschbacP","date":"30. Oktober 2023","format":false,"excerpt":"Bei mir zu Hause steht vor dem Haus ein alter Boskop Apfelbaum als Wetterschutz f\u00fcr das Haus seit mindestens 90 Jahren. Im Sommer spendet der gro\u00dfgewachsene Apfelbaum herrlichen Schatten f\u00fcr das Haus und im Fr\u00fchling erfreut er uns mit seiner wei\u00dfen Bl\u00fctenpracht. Dies ist auch f\u00fcr die Bienen und die\u2026","rel":"","context":"In &quot;Dachauer Land&quot;","block_context":{"text":"Dachauer Land","link":"https:\/\/deltaimage.de\/wp\/?cat=3010"},"img":{"alt_text":"","src":"https:\/\/i0.wp.com\/deltaimage.de\/wp\/wp-content\/uploads\/PE5D7954_1200.jpg?fit=1200%2C450&ssl=1&resize=350%2C200","width":350,"height":200,"srcset":"https:\/\/i0.wp.com\/deltaimage.de\/wp\/wp-content\/uploads\/PE5D7954_1200.jpg?fit=1200%2C450&ssl=1&resize=350%2C200 1x, https:\/\/i0.wp.com\/deltaimage.de\/wp\/wp-content\/uploads\/PE5D7954_1200.jpg?fit=1200%2C450&ssl=1&resize=525%2C300 1.5x, https:\/\/i0.wp.com\/deltaimage.de\/wp\/wp-content\/uploads\/PE5D7954_1200.jpg?fit=1200%2C450&ssl=1&resize=700%2C400 2x, https:\/\/i0.wp.com\/deltaimage.de\/wp\/wp-content\/uploads\/PE5D7954_1200.jpg?fit=1200%2C450&ssl=1&resize=1050%2C600 3x"},"classes":[]},{"id":41350,"url":"https:\/\/deltaimage.de\/wp\/?p=41350","url_meta":{"origin":35768,"position":1},"title":"Der Buntspecht kommt zu mir ins B\u00fcro &#8211; beinahe","author":"EschbacP","date":"14. September 2023","format":false,"excerpt":"Wenn der Buntspecht zu mir ins B\u00fcro kommt und nicht ich zum Buntspecht in den Wald gehen muss! Ja, das ist schon praktisch als Naturfotograf. Der Buntspecht kommt ja nur, wenn vor dem B\u00fcro f\u00fcr ihn passende B\u00e4ume - bei mir ist es ein alter Boskop-Apfelbaum. Die Rinde ist knorrig,\u2026","rel":"","context":"In &quot;Dachauer Land&quot;","block_context":{"text":"Dachauer Land","link":"https:\/\/deltaimage.de\/wp\/?cat=3010"},"img":{"alt_text":"","src":"https:\/\/i0.wp.com\/deltaimage.de\/wp\/wp-content\/uploads\/PE5D7582_1200.jpg?fit=1200%2C450&ssl=1&resize=350%2C200","width":350,"height":200,"srcset":"https:\/\/i0.wp.com\/deltaimage.de\/wp\/wp-content\/uploads\/PE5D7582_1200.jpg?fit=1200%2C450&ssl=1&resize=350%2C200 1x, https:\/\/i0.wp.com\/deltaimage.de\/wp\/wp-content\/uploads\/PE5D7582_1200.jpg?fit=1200%2C450&ssl=1&resize=525%2C300 1.5x, https:\/\/i0.wp.com\/deltaimage.de\/wp\/wp-content\/uploads\/PE5D7582_1200.jpg?fit=1200%2C450&ssl=1&resize=700%2C400 2x, https:\/\/i0.wp.com\/deltaimage.de\/wp\/wp-content\/uploads\/PE5D7582_1200.jpg?fit=1200%2C450&ssl=1&resize=1050%2C600 3x"},"classes":[]},{"id":33622,"url":"https:\/\/deltaimage.de\/wp\/?p=33622","url_meta":{"origin":35768,"position":2},"title":"Das beste fotografische Hilfsmittel ist ausreichend Geduld","author":"EschbacP","date":"9. April 2022","format":false,"excerpt":"Ein kleiner Stadtpark an der Amper in F\u00fcrstenfeldbruck, an einem Fr\u00fchlingstag - da macht ein vertrautes Klopfen auf sich aufmerksam. \u00a0 Ein herrlicher Buntspecht bereitet sich auf den Fr\u00fchling vor Das Klopfen kommt hoch oben vom Baum in dem kleinen Stadtpark. Unter gehen die Spazierg\u00e4nger des Weges, der Buntspecht f\u00fchlt\u2026","rel":"","context":"In &quot;News Blog&quot;","block_context":{"text":"News Blog","link":"https:\/\/deltaimage.de\/wp\/?cat=8"},"img":{"alt_text":"","src":"https:\/\/i0.wp.com\/deltaimage.de\/wp\/wp-content\/uploads\/IMG_6926_1200.jpg?fit=1200%2C450&ssl=1&resize=350%2C200","width":350,"height":200,"srcset":"https:\/\/i0.wp.com\/deltaimage.de\/wp\/wp-content\/uploads\/IMG_6926_1200.jpg?fit=1200%2C450&ssl=1&resize=350%2C200 1x, https:\/\/i0.wp.com\/deltaimage.de\/wp\/wp-content\/uploads\/IMG_6926_1200.jpg?fit=1200%2C450&ssl=1&resize=525%2C300 1.5x, https:\/\/i0.wp.com\/deltaimage.de\/wp\/wp-content\/uploads\/IMG_6926_1200.jpg?fit=1200%2C450&ssl=1&resize=700%2C400 2x, https:\/\/i0.wp.com\/deltaimage.de\/wp\/wp-content\/uploads\/IMG_6926_1200.jpg?fit=1200%2C450&ssl=1&resize=1050%2C600 3x"},"classes":[]},{"id":33065,"url":"https:\/\/deltaimage.de\/wp\/?p=33065","url_meta":{"origin":35768,"position":3},"title":"V\u00f6gel in den Amperauen beobachten und fotografieren","author":"EschbacP","date":"26. Februar 2022","format":false,"excerpt":"Es wird von Tag zu Tag immer w\u00e4rmer, die Sonne steht h\u00f6her, es wird heller. In der Natur kommt ebenso das aktive Leben zur\u00fcck, der Fr\u00fchling steht vor der T\u00fcr und es gibt vieles zu tun: ein Revier sichern, eine gro\u00dfe Show abziehen, einen Platz f\u00fcr das Nest suchen, das\u2026","rel":"","context":"In &quot;Dachauer Land&quot;","block_context":{"text":"Dachauer Land","link":"https:\/\/deltaimage.de\/wp\/?cat=3010"},"img":{"alt_text":"","src":"https:\/\/i0.wp.com\/deltaimage.de\/wp\/wp-content\/uploads\/PE1S0065_1200.jpg?fit=1200%2C450&ssl=1&resize=350%2C200","width":350,"height":200,"srcset":"https:\/\/i0.wp.com\/deltaimage.de\/wp\/wp-content\/uploads\/PE1S0065_1200.jpg?fit=1200%2C450&ssl=1&resize=350%2C200 1x, https:\/\/i0.wp.com\/deltaimage.de\/wp\/wp-content\/uploads\/PE1S0065_1200.jpg?fit=1200%2C450&ssl=1&resize=525%2C300 1.5x, https:\/\/i0.wp.com\/deltaimage.de\/wp\/wp-content\/uploads\/PE1S0065_1200.jpg?fit=1200%2C450&ssl=1&resize=700%2C400 2x, https:\/\/i0.wp.com\/deltaimage.de\/wp\/wp-content\/uploads\/PE1S0065_1200.jpg?fit=1200%2C450&ssl=1&resize=1050%2C600 3x"},"classes":[]},{"id":54062,"url":"https:\/\/deltaimage.de\/wp\/?p=54062","url_meta":{"origin":35768,"position":4},"title":"Wild-Live in meinem Garten zum Fr\u00fchlingsbeginn","author":"EschbacP","date":"15. M\u00e4rz 2026","format":false,"excerpt":"\u00bbWenn die Arbeit im B\u00fcro kurz Pause macht.\u00ab Manchmal braucht es auch als Natur- und Landschaftsfotograf keine weite Reise f\u00fcr ein besonderes Bildmotiv. Die Natur kommt auch so manches Mal direkt zu mir als Fotografen. Manchmal reicht auch nur ein aufmerksamer Blick aus dem eigenen B\u00fcrofenster in den Vorgarten. W\u00e4hrend\u2026","rel":"","context":"In &quot;Dachauer Land&quot;","block_context":{"text":"Dachauer Land","link":"https:\/\/deltaimage.de\/wp\/?cat=3010"},"img":{"alt_text":"","src":"https:\/\/i0.wp.com\/deltaimage.de\/wp\/wp-content\/uploads\/PED46772_1200.jpg?fit=1200%2C450&ssl=1&resize=350%2C200","width":350,"height":200,"srcset":"https:\/\/i0.wp.com\/deltaimage.de\/wp\/wp-content\/uploads\/PED46772_1200.jpg?fit=1200%2C450&ssl=1&resize=350%2C200 1x, https:\/\/i0.wp.com\/deltaimage.de\/wp\/wp-content\/uploads\/PED46772_1200.jpg?fit=1200%2C450&ssl=1&resize=525%2C300 1.5x, https:\/\/i0.wp.com\/deltaimage.de\/wp\/wp-content\/uploads\/PED46772_1200.jpg?fit=1200%2C450&ssl=1&resize=700%2C400 2x, https:\/\/i0.wp.com\/deltaimage.de\/wp\/wp-content\/uploads\/PED46772_1200.jpg?fit=1200%2C450&ssl=1&resize=1050%2C600 3x"},"classes":[]},{"id":30522,"url":"https:\/\/deltaimage.de\/wp\/?p=30522","url_meta":{"origin":35768,"position":5},"title":"Fotografischer Herbstausflug ins Dachauer Moos","author":"EschbacP","date":"10. November 2021","format":false,"excerpt":"Der Herbst ist f\u00fcr Fotografen und Naturliebhaber eine ganz besondere Jahreszeit und die wichtigste Zeit zum Fotografieren. Ein Ausflug ins Dachauer Moos liegt bei uns in Dachau direkt vor der Haust\u00fcre und bietet in dieser Jahreszeit so ganz unterschiedliche Motive dem Fotografen als im Rest des Jahres. \u00a0 \u00a0 Hunderte\u2026","rel":"","context":"In &quot;Dachauer Land&quot;","block_context":{"text":"Dachauer Land","link":"https:\/\/deltaimage.de\/wp\/?cat=3010"},"img":{"alt_text":"","src":"https:\/\/i0.wp.com\/deltaimage.de\/wp\/wp-content\/uploads\/PE1S0028_1200.jpg?fit=1200%2C450&ssl=1&resize=350%2C200","width":350,"height":200,"srcset":"https:\/\/i0.wp.com\/deltaimage.de\/wp\/wp-content\/uploads\/PE1S0028_1200.jpg?fit=1200%2C450&ssl=1&resize=350%2C200 1x, https:\/\/i0.wp.com\/deltaimage.de\/wp\/wp-content\/uploads\/PE1S0028_1200.jpg?fit=1200%2C450&ssl=1&resize=525%2C300 1.5x, https:\/\/i0.wp.com\/deltaimage.de\/wp\/wp-content\/uploads\/PE1S0028_1200.jpg?fit=1200%2C450&ssl=1&resize=700%2C400 2x, https:\/\/i0.wp.com\/deltaimage.de\/wp\/wp-content\/uploads\/PE1S0028_1200.jpg?fit=1200%2C450&ssl=1&resize=1050%2C600 3x"},"classes":[]}],"jetpack_sharing_enabled":true,"_links":{"self":[{"href":"https:\/\/deltaimage.de\/wp\/index.php?rest_route=\/wp\/v2\/posts\/35768","targetHints":{"allow":["GET"]}}],"collection":[{"href":"https:\/\/deltaimage.de\/wp\/index.php?rest_route=\/wp\/v2\/posts"}],"about":[{"href":"https:\/\/deltaimage.de\/wp\/index.php?rest_route=\/wp\/v2\/types\/post"}],"author":[{"embeddable":true,"href":"https:\/\/deltaimage.de\/wp\/index.php?rest_route=\/wp\/v2\/users\/1"}],"replies":[{"embeddable":true,"href":"https:\/\/deltaimage.de\/wp\/index.php?rest_route=%2Fwp%2Fv2%2Fcomments&post=35768"}],"version-history":[{"count":10,"href":"https:\/\/deltaimage.de\/wp\/index.php?rest_route=\/wp\/v2\/posts\/35768\/revisions"}],"predecessor-version":[{"id":51367,"href":"https:\/\/deltaimage.de\/wp\/index.php?rest_route=\/wp\/v2\/posts\/35768\/revisions\/51367"}],"wp:featuredmedia":[{"embeddable":true,"href":"https:\/\/deltaimage.de\/wp\/index.php?rest_route=\/wp\/v2\/media\/35771"}],"wp:attachment":[{"href":"https:\/\/deltaimage.de\/wp\/index.php?rest_route=%2Fwp%2Fv2%2Fmedia&parent=35768"}],"wp:term":[{"taxonomy":"category","embeddable":true,"href":"https:\/\/deltaimage.de\/wp\/index.php?rest_route=%2Fwp%2Fv2%2Fcategories&post=35768"},{"taxonomy":"post_tag","embeddable":true,"href":"https:\/\/deltaimage.de\/wp\/index.php?rest_route=%2Fwp%2Fv2%2Ftags&post=35768"}],"curies":[{"name":"wp","href":"https:\/\/api.w.org\/{rel}","templated":true}]}}