{"id":36970,"date":"2022-09-25T16:16:32","date_gmt":"2022-09-25T15:16:32","guid":{"rendered":"https:\/\/deltaimage.de\/wp\/?p=36970"},"modified":"2025-08-20T20:48:22","modified_gmt":"2025-08-20T18:48:22","slug":"dachauer-moos-landschaft-im-abendlicht","status":"publish","type":"post","link":"https:\/\/deltaimage.de\/wp\/?p=36970","title":{"rendered":"Dachauer Moos &#8211; eine herbstliche Landschaft im Abendlicht"},"content":{"rendered":"<p><a href=\"https:\/\/deltaimage.de\/wp\/?page_id=40118\"><img data-recalc-dims=\"1\" loading=\"lazy\" decoding=\"async\" data-attachment-id=\"40115\" data-permalink=\"https:\/\/deltaimage.de\/wp\/?attachment_id=40115#main\" data-orig-file=\"https:\/\/i0.wp.com\/deltaimage.de\/wp\/wp-content\/uploads\/Stempel_DELTA-IMAGE_Quality.png?fit=961%2C960&amp;ssl=1\" data-orig-size=\"961,960\" data-comments-opened=\"1\" data-image-meta=\"{&quot;aperture&quot;:&quot;0&quot;,&quot;credit&quot;:&quot;&quot;,&quot;camera&quot;:&quot;&quot;,&quot;caption&quot;:&quot;&quot;,&quot;created_timestamp&quot;:&quot;0&quot;,&quot;copyright&quot;:&quot;&quot;,&quot;focal_length&quot;:&quot;0&quot;,&quot;iso&quot;:&quot;0&quot;,&quot;shutter_speed&quot;:&quot;0&quot;,&quot;title&quot;:&quot;&quot;,&quot;orientation&quot;:&quot;0&quot;}\" data-image-title=\"Stempel_DELTA IMAGE_Quality\" data-image-description=\"\" data-image-caption=\"\" data-large-file=\"https:\/\/i0.wp.com\/deltaimage.de\/wp\/wp-content\/uploads\/Stempel_DELTA-IMAGE_Quality.png?fit=890%2C889&amp;ssl=1\" class=\"alignright wp-image-40115 size-thumbnail\" src=\"https:\/\/i0.wp.com\/deltaimage.de\/wp\/wp-content\/uploads\/Stempel_DELTA-IMAGE_Quality.png?resize=200%2C200&#038;ssl=1\" alt=\"\" width=\"200\" height=\"200\" srcset=\"https:\/\/i0.wp.com\/deltaimage.de\/wp\/wp-content\/uploads\/Stempel_DELTA-IMAGE_Quality.png?resize=200%2C200&amp;ssl=1 200w, https:\/\/i0.wp.com\/deltaimage.de\/wp\/wp-content\/uploads\/Stempel_DELTA-IMAGE_Quality.png?resize=601%2C600&amp;ssl=1 601w, https:\/\/i0.wp.com\/deltaimage.de\/wp\/wp-content\/uploads\/Stempel_DELTA-IMAGE_Quality.png?resize=594%2C593&amp;ssl=1 594w, https:\/\/i0.wp.com\/deltaimage.de\/wp\/wp-content\/uploads\/Stempel_DELTA-IMAGE_Quality.png?resize=450%2C450&amp;ssl=1 450w, https:\/\/i0.wp.com\/deltaimage.de\/wp\/wp-content\/uploads\/Stempel_DELTA-IMAGE_Quality.png?resize=75%2C75&amp;ssl=1 75w, https:\/\/i0.wp.com\/deltaimage.de\/wp\/wp-content\/uploads\/Stempel_DELTA-IMAGE_Quality.png?resize=400%2C400&amp;ssl=1 400w, https:\/\/i0.wp.com\/deltaimage.de\/wp\/wp-content\/uploads\/Stempel_DELTA-IMAGE_Quality.png?resize=50%2C50&amp;ssl=1 50w, https:\/\/i0.wp.com\/deltaimage.de\/wp\/wp-content\/uploads\/Stempel_DELTA-IMAGE_Quality.png?w=961&amp;ssl=1 961w\" sizes=\"auto, (max-width: 200px) 100vw, 200px\" \/><\/a>Ende September werden die Tage schon deutlich k\u00fcrzer und das ist f\u00fcr die FotografInnen mitunter von gro\u00dfem Vorteil. Im Hochsommer (<em>Juni\/Juli\/August<\/em>) ist Sonnenuntergang um 21.15 Uhr und auch sp\u00e4ter. Da werden die Abende zu einer langen Warterei und das Abendlicht und den Sonnenuntergang.<\/p>\n<p><img data-recalc-dims=\"1\" loading=\"lazy\" decoding=\"async\" data-attachment-id=\"36971\" data-permalink=\"https:\/\/deltaimage.de\/wp\/?attachment_id=36971#main\" data-orig-file=\"https:\/\/i0.wp.com\/deltaimage.de\/wp\/wp-content\/uploads\/IMG_8742_900.jpg?fit=890%2C593&amp;ssl=1\" data-orig-size=\"890,593\" data-comments-opened=\"0\" data-image-meta=\"{&quot;aperture&quot;:&quot;8&quot;,&quot;credit&quot;:&quot;PAUL ESCHBACH&quot;,&quot;camera&quot;:&quot;Canon EOS 80D&quot;,&quot;caption&quot;:&quot;&quot;,&quot;created_timestamp&quot;:&quot;1663958776&quot;,&quot;copyright&quot;:&quot;Paul Eschbach @ DELTA IMAGE&quot;,&quot;focal_length&quot;:&quot;17&quot;,&quot;iso&quot;:&quot;200&quot;,&quot;shutter_speed&quot;:&quot;0.00125&quot;,&quot;title&quot;:&quot;&quot;,&quot;orientation&quot;:&quot;0&quot;}\" data-image-title=\"IMG_8742_900\" data-image-description=\"\" data-image-caption=\"\" data-large-file=\"https:\/\/i0.wp.com\/deltaimage.de\/wp\/wp-content\/uploads\/IMG_8742_900.jpg?fit=890%2C593&amp;ssl=1\" class=\"aligncenter size-full wp-image-36971\" src=\"https:\/\/i0.wp.com\/deltaimage.de\/wp\/wp-content\/uploads\/IMG_8742_900.jpg?resize=890%2C593&#038;ssl=1\" alt=\"\" width=\"890\" height=\"593\" srcset=\"https:\/\/i0.wp.com\/deltaimage.de\/wp\/wp-content\/uploads\/IMG_8742_900.jpg?w=890&amp;ssl=1 890w, https:\/\/i0.wp.com\/deltaimage.de\/wp\/wp-content\/uploads\/IMG_8742_900.jpg?resize=300%2C200&amp;ssl=1 300w, https:\/\/i0.wp.com\/deltaimage.de\/wp\/wp-content\/uploads\/IMG_8742_900.jpg?resize=675%2C450&amp;ssl=1 675w, https:\/\/i0.wp.com\/deltaimage.de\/wp\/wp-content\/uploads\/IMG_8742_900.jpg?resize=600%2C400&amp;ssl=1 600w, https:\/\/i0.wp.com\/deltaimage.de\/wp\/wp-content\/uploads\/IMG_8742_900.jpg?resize=200%2C133&amp;ssl=1 200w\" sizes=\"auto, (max-width: 890px) 100vw, 890px\" \/><\/p>\n<p>Jetzt, Ende September geht die Sonne schon zwei Stunden fr\u00fcher unter und es ist viel einfacher, den Licht- und Stimmungswechsel am Abend mit dem Tagesablauf beim Fotografieren einzubinden, so auch an diesem Tag.<\/p>\n<p><!--more--><\/p>\n<p>&nbsp;<\/p>\n<h2>Abendstimmung im Fussbergmoos im Herbst<\/h2>\n<p>Ein Blick \u00fcber das <strong>Fussbergmoos<\/strong> nach Westen in Richtung Sonnenuntergang bringt den sich schon in den Farben des Abends abzeichnenden Abendhimmel durch den lichten Bestand der Moorbirken. Der Belichtungskontrast in dieser stimmungsvollen Gegenlichtszene ist eigentlich nicht zu verarbeiten, daher ist dieses Motiv mit mehreren, unterschiedlich belichteten Aufnahmen, in eine finale Aufnahme kombiniert. So entsteht ein stimmungsvolles Bild einer fast allt\u00e4glichen Szenerie im Moos.<\/p>\n<p><img data-recalc-dims=\"1\" loading=\"lazy\" decoding=\"async\" data-attachment-id=\"36976\" data-permalink=\"https:\/\/deltaimage.de\/wp\/?attachment_id=36976#main\" data-orig-file=\"https:\/\/i0.wp.com\/deltaimage.de\/wp\/wp-content\/uploads\/IMG_8722-HDR_900.jpg?fit=890%2C593&amp;ssl=1\" data-orig-size=\"890,593\" data-comments-opened=\"0\" data-image-meta=\"{&quot;aperture&quot;:&quot;8&quot;,&quot;credit&quot;:&quot;PAUL ESCHBACH&quot;,&quot;camera&quot;:&quot;Canon EOS 80D&quot;,&quot;caption&quot;:&quot;&quot;,&quot;created_timestamp&quot;:&quot;1663956393&quot;,&quot;copyright&quot;:&quot;Paul Eschbach @ DELTA IMAGE&quot;,&quot;focal_length&quot;:&quot;17&quot;,&quot;iso&quot;:&quot;800&quot;,&quot;shutter_speed&quot;:&quot;0.001&quot;,&quot;title&quot;:&quot;&quot;,&quot;orientation&quot;:&quot;0&quot;}\" data-image-title=\"IMG_8722-HDR_900\" data-image-description=\"\" data-image-caption=\"\" data-large-file=\"https:\/\/i0.wp.com\/deltaimage.de\/wp\/wp-content\/uploads\/IMG_8722-HDR_900.jpg?fit=890%2C593&amp;ssl=1\" class=\"aligncenter size-medium wp-image-36976\" src=\"https:\/\/i0.wp.com\/deltaimage.de\/wp\/wp-content\/uploads\/IMG_8722-HDR_900.jpg?resize=890%2C593&#038;ssl=1\" alt=\"\" width=\"890\" height=\"593\" srcset=\"https:\/\/i0.wp.com\/deltaimage.de\/wp\/wp-content\/uploads\/IMG_8722-HDR_900.jpg?w=890&amp;ssl=1 890w, https:\/\/i0.wp.com\/deltaimage.de\/wp\/wp-content\/uploads\/IMG_8722-HDR_900.jpg?resize=300%2C200&amp;ssl=1 300w, https:\/\/i0.wp.com\/deltaimage.de\/wp\/wp-content\/uploads\/IMG_8722-HDR_900.jpg?resize=675%2C450&amp;ssl=1 675w, https:\/\/i0.wp.com\/deltaimage.de\/wp\/wp-content\/uploads\/IMG_8722-HDR_900.jpg?resize=600%2C400&amp;ssl=1 600w, https:\/\/i0.wp.com\/deltaimage.de\/wp\/wp-content\/uploads\/IMG_8722-HDR_900.jpg?resize=200%2C133&amp;ssl=1 200w\" sizes=\"auto, (max-width: 890px) 100vw, 890px\" \/><\/p>\n<p>Das schon weiche Licht des Abends setzt die gro\u00dfen Motivkontraste dieser Szenerie an einem Moosgraben im <strong>Fussbergmoos<\/strong> ebenso ganz herrlich in eine stimmungsvolle Komposition \u00fcber. Die einfachsten Motive sind auch in der Digitalfotografie oft die schwierigsten. Bei normalen Beleuchtungsverh\u00e4ltnissen ist der Motivkontrast zwischen dem hellen Himmel und dem tiefschwarzen und dunklen Moorwasser zu gro\u00df, um im Bild noch auf die BetrachterIn zu wirken.<\/p>\n<p><img data-recalc-dims=\"1\" loading=\"lazy\" decoding=\"async\" data-attachment-id=\"36975\" data-permalink=\"https:\/\/deltaimage.de\/wp\/?attachment_id=36975#main\" data-orig-file=\"https:\/\/i0.wp.com\/deltaimage.de\/wp\/wp-content\/uploads\/IMG_8730_900.jpg?fit=890%2C593&amp;ssl=1\" data-orig-size=\"890,593\" data-comments-opened=\"0\" data-image-meta=\"{&quot;aperture&quot;:&quot;5.6&quot;,&quot;credit&quot;:&quot;PAUL ESCHBACH&quot;,&quot;camera&quot;:&quot;Canon EOS 80D&quot;,&quot;caption&quot;:&quot;&quot;,&quot;created_timestamp&quot;:&quot;1663956576&quot;,&quot;copyright&quot;:&quot;Paul Eschbach @ DELTA IMAGE&quot;,&quot;focal_length&quot;:&quot;17&quot;,&quot;iso&quot;:&quot;800&quot;,&quot;shutter_speed&quot;:&quot;0.01&quot;,&quot;title&quot;:&quot;&quot;,&quot;orientation&quot;:&quot;0&quot;}\" data-image-title=\"IMG_8730_900\" data-image-description=\"\" data-image-caption=\"\" data-large-file=\"https:\/\/i0.wp.com\/deltaimage.de\/wp\/wp-content\/uploads\/IMG_8730_900.jpg?fit=890%2C593&amp;ssl=1\" class=\"aligncenter size-medium wp-image-36975\" src=\"https:\/\/i0.wp.com\/deltaimage.de\/wp\/wp-content\/uploads\/IMG_8730_900.jpg?resize=890%2C593&#038;ssl=1\" alt=\"\" width=\"890\" height=\"593\" srcset=\"https:\/\/i0.wp.com\/deltaimage.de\/wp\/wp-content\/uploads\/IMG_8730_900.jpg?w=890&amp;ssl=1 890w, https:\/\/i0.wp.com\/deltaimage.de\/wp\/wp-content\/uploads\/IMG_8730_900.jpg?resize=300%2C200&amp;ssl=1 300w, https:\/\/i0.wp.com\/deltaimage.de\/wp\/wp-content\/uploads\/IMG_8730_900.jpg?resize=675%2C450&amp;ssl=1 675w, https:\/\/i0.wp.com\/deltaimage.de\/wp\/wp-content\/uploads\/IMG_8730_900.jpg?resize=600%2C400&amp;ssl=1 600w, https:\/\/i0.wp.com\/deltaimage.de\/wp\/wp-content\/uploads\/IMG_8730_900.jpg?resize=200%2C133&amp;ssl=1 200w\" sizes=\"auto, (max-width: 890px) 100vw, 890px\" \/><\/p>\n<p>Der Abendhimmel zeigt sich zwischen den Moorbirken im <strong>Fussbergmoos<\/strong> und \u00fcbertr\u00e4gt die Stimmung dieses Abends auf die BetrachterIn, und doch haben die Moorbirken noch gen\u00fcgend Zeichnung, um als solche erkannt zu werden.<\/p>\n<p><img data-recalc-dims=\"1\" loading=\"lazy\" decoding=\"async\" data-attachment-id=\"36977\" data-permalink=\"https:\/\/deltaimage.de\/wp\/?attachment_id=36977#main\" data-orig-file=\"https:\/\/i0.wp.com\/deltaimage.de\/wp\/wp-content\/uploads\/IMG_8721-HDR_900.jpg?fit=890%2C593&amp;ssl=1\" data-orig-size=\"890,593\" data-comments-opened=\"0\" data-image-meta=\"{&quot;aperture&quot;:&quot;8&quot;,&quot;credit&quot;:&quot;PAUL ESCHBACH&quot;,&quot;camera&quot;:&quot;Canon EOS 80D&quot;,&quot;caption&quot;:&quot;&quot;,&quot;created_timestamp&quot;:&quot;1663956361&quot;,&quot;copyright&quot;:&quot;Paul Eschbach @ DELTA IMAGE&quot;,&quot;focal_length&quot;:&quot;17&quot;,&quot;iso&quot;:&quot;800&quot;,&quot;shutter_speed&quot;:&quot;0.0004&quot;,&quot;title&quot;:&quot;&quot;,&quot;orientation&quot;:&quot;0&quot;}\" data-image-title=\"IMG_8721-HDR_900\" data-image-description=\"\" data-image-caption=\"\" data-large-file=\"https:\/\/i0.wp.com\/deltaimage.de\/wp\/wp-content\/uploads\/IMG_8721-HDR_900.jpg?fit=890%2C593&amp;ssl=1\" class=\"aligncenter size-medium wp-image-36977\" src=\"https:\/\/i0.wp.com\/deltaimage.de\/wp\/wp-content\/uploads\/IMG_8721-HDR_900.jpg?resize=890%2C593&#038;ssl=1\" alt=\"\" width=\"890\" height=\"593\" srcset=\"https:\/\/i0.wp.com\/deltaimage.de\/wp\/wp-content\/uploads\/IMG_8721-HDR_900.jpg?w=890&amp;ssl=1 890w, https:\/\/i0.wp.com\/deltaimage.de\/wp\/wp-content\/uploads\/IMG_8721-HDR_900.jpg?resize=300%2C200&amp;ssl=1 300w, https:\/\/i0.wp.com\/deltaimage.de\/wp\/wp-content\/uploads\/IMG_8721-HDR_900.jpg?resize=675%2C450&amp;ssl=1 675w, https:\/\/i0.wp.com\/deltaimage.de\/wp\/wp-content\/uploads\/IMG_8721-HDR_900.jpg?resize=600%2C400&amp;ssl=1 600w, https:\/\/i0.wp.com\/deltaimage.de\/wp\/wp-content\/uploads\/IMG_8721-HDR_900.jpg?resize=200%2C133&amp;ssl=1 200w\" sizes=\"auto, (max-width: 890px) 100vw, 890px\" \/><\/p>\n<p>&nbsp;<\/p>\n<h2>Wie wird der Abendhimmel beim Sonnenuntergang werden?<\/h2>\n<p>Es ist immer wieder eine gro\u00dfe \u00dcberraschung f\u00fcr die FotografInnen, ob sich heute Abend das Warten lohnen wird, um die erhofften Aufnahmen machen zu k\u00f6nnen. Oder wird der Abendhimmel weit im Westen das Licht der untergehenden Sonnen soweit diffus streuen, dass kein brillanter Sonnenuntergang zu erwarten ist.<\/p>\n<p><img data-recalc-dims=\"1\" loading=\"lazy\" decoding=\"async\" data-attachment-id=\"36973\" data-permalink=\"https:\/\/deltaimage.de\/wp\/?attachment_id=36973#main\" data-orig-file=\"https:\/\/i0.wp.com\/deltaimage.de\/wp\/wp-content\/uploads\/IMG_8736_900.jpg?fit=890%2C593&amp;ssl=1\" data-orig-size=\"890,593\" data-comments-opened=\"0\" data-image-meta=\"{&quot;aperture&quot;:&quot;9&quot;,&quot;credit&quot;:&quot;PAUL ESCHBACH&quot;,&quot;camera&quot;:&quot;Canon EOS 80D&quot;,&quot;caption&quot;:&quot;&quot;,&quot;created_timestamp&quot;:&quot;1663958578&quot;,&quot;copyright&quot;:&quot;Paul Eschbach @ DELTA IMAGE&quot;,&quot;focal_length&quot;:&quot;20&quot;,&quot;iso&quot;:&quot;200&quot;,&quot;shutter_speed&quot;:&quot;0.016666666666667&quot;,&quot;title&quot;:&quot;&quot;,&quot;orientation&quot;:&quot;0&quot;}\" data-image-title=\"IMG_8736_900\" data-image-description=\"\" data-image-caption=\"\" data-large-file=\"https:\/\/i0.wp.com\/deltaimage.de\/wp\/wp-content\/uploads\/IMG_8736_900.jpg?fit=890%2C593&amp;ssl=1\" class=\"aligncenter size-medium wp-image-36973\" src=\"https:\/\/i0.wp.com\/deltaimage.de\/wp\/wp-content\/uploads\/IMG_8736_900.jpg?resize=890%2C593&#038;ssl=1\" alt=\"\" width=\"890\" height=\"593\" srcset=\"https:\/\/i0.wp.com\/deltaimage.de\/wp\/wp-content\/uploads\/IMG_8736_900.jpg?w=890&amp;ssl=1 890w, https:\/\/i0.wp.com\/deltaimage.de\/wp\/wp-content\/uploads\/IMG_8736_900.jpg?resize=300%2C200&amp;ssl=1 300w, https:\/\/i0.wp.com\/deltaimage.de\/wp\/wp-content\/uploads\/IMG_8736_900.jpg?resize=675%2C450&amp;ssl=1 675w, https:\/\/i0.wp.com\/deltaimage.de\/wp\/wp-content\/uploads\/IMG_8736_900.jpg?resize=600%2C400&amp;ssl=1 600w, https:\/\/i0.wp.com\/deltaimage.de\/wp\/wp-content\/uploads\/IMG_8736_900.jpg?resize=200%2C133&amp;ssl=1 200w\" sizes=\"auto, (max-width: 890px) 100vw, 890px\" \/><\/p>\n<p>Auch wenn die heutigen Wetter-Apps dabei schon ganz ordentlich helfen, bleibt die letzte \u00dcberraschung jeden Abend im Feld beim Fotografen \u00fcbrig, auch das ist eine der spannenden Seiten der Fotografie und es gibt schlimmere Erlebnisse, als bei herrlichem &#8211; aber nicht so erwartenden &#8211; Abendlich in der Landschaft zu stehen und nach sch\u00f6nen Fotom\u00f6glichkeiten Ausschau zu halten. Nur so freut man sich \u00fcber einen Abend mit dem passenden Licht am richtigen Ort.<\/p>\n","protected":false},"excerpt":{"rendered":"<p>Ende September werden die Tage schon deutlich k\u00fcrzer und das ist f\u00fcr die FotografInnen mitunter von gro\u00dfem Vorteil. Im Hochsommer (Juni\/Juli\/August) ist Sonnenuntergang um 21.15 Uhr und auch sp\u00e4ter. Da [&hellip;]<\/p>\n","protected":false},"author":1,"featured_media":36974,"comment_status":"closed","ping_status":"closed","sticky":false,"template":"","format":"standard","meta":{"wpupg_custom_link":[],"wpupg_custom_link_behaviour":["default"],"wpupg_custom_link_nofollow":["default"],"wpupg_custom_image":[],"wpupg_custom_image_id":[],"jetpack_post_was_ever_published":false,"footnotes":""},"categories":[3010,2523,3217,8],"tags":[1627,775,3349,319,89],"class_list":["post-36970","post","type-post","status-publish","format-standard","has-post-thumbnail","hentry","category-dachauer-land","category-dachauer-moos","category-naturfotografie","category-news","tag-abendstimmung","tag-dachauer-moos","tag-fussbergmoos","tag-herbst","tag-landschaft"],"jetpack_featured_media_url":"https:\/\/i0.wp.com\/deltaimage.de\/wp\/wp-content\/uploads\/IMG_8730_1200.jpg?fit=1200%2C450&ssl=1","jetpack-related-posts":[{"id":52961,"url":"https:\/\/deltaimage.de\/wp\/?p=52961","url_meta":{"origin":36970,"position":0},"title":"Dachauer Land &#8211; vor den gro\u00dfen Bergen im Herbst","author":"EschbacP","date":"8. November 2025","format":false,"excerpt":"Das Terti\u00e4r-H\u00fcgelland liegt um viele Meter h\u00f6her als die weite und ebene Landschaft des Dachauer Mooses. So streift der Blick von den ersten H\u00f6henr\u00fccken ohne Hindernisse weit hinaus in die Ebene nach S\u00fcden hin. Die Blicke der BetrachterInnen werden erst gebremst von den m\u00e4chtigen Bergen des Alpenhauptlammes. Weit im Westen\u2026","rel":"","context":"In &quot;Dachauer Land&quot;","block_context":{"text":"Dachauer Land","link":"https:\/\/deltaimage.de\/wp\/?cat=3010"},"img":{"alt_text":"","src":"https:\/\/i0.wp.com\/deltaimage.de\/wp\/wp-content\/uploads\/PED45007_1200.jpg?fit=1200%2C450&ssl=1&resize=350%2C200","width":350,"height":200,"srcset":"https:\/\/i0.wp.com\/deltaimage.de\/wp\/wp-content\/uploads\/PED45007_1200.jpg?fit=1200%2C450&ssl=1&resize=350%2C200 1x, https:\/\/i0.wp.com\/deltaimage.de\/wp\/wp-content\/uploads\/PED45007_1200.jpg?fit=1200%2C450&ssl=1&resize=525%2C300 1.5x, https:\/\/i0.wp.com\/deltaimage.de\/wp\/wp-content\/uploads\/PED45007_1200.jpg?fit=1200%2C450&ssl=1&resize=700%2C400 2x, https:\/\/i0.wp.com\/deltaimage.de\/wp\/wp-content\/uploads\/PED45007_1200.jpg?fit=1200%2C450&ssl=1&resize=1050%2C600 3x"},"classes":[]},{"id":42465,"url":"https:\/\/deltaimage.de\/wp\/?p=42465","url_meta":{"origin":36970,"position":1},"title":"Eis in der k\u00e4ltesten Jahreszeit im Dachauer Moos","author":"EschbacP","date":"24. Januar 2024","format":false,"excerpt":"Ab Mitte Januar kommt bis Mitte Februar die k\u00e4lteste Zeit im Jahreskreis. Von einem Tag auf den anderen sinkt das Thermometer bis auf -15 \u00b0C ab und es ist kalt. Sehr kalt. Die T\u00fcmpel und die Baggerseen sind schon l\u00e4ngst alle eingefroren, nur die Amper scheint noch lebendig zu sein.\u2026","rel":"","context":"In &quot;Dachauer Land&quot;","block_context":{"text":"Dachauer Land","link":"https:\/\/deltaimage.de\/wp\/?cat=3010"},"img":{"alt_text":"","src":"https:\/\/i0.wp.com\/deltaimage.de\/wp\/wp-content\/uploads\/PED46674-HDR_1200.jpg?fit=1200%2C450&ssl=1&resize=350%2C200","width":350,"height":200,"srcset":"https:\/\/i0.wp.com\/deltaimage.de\/wp\/wp-content\/uploads\/PED46674-HDR_1200.jpg?fit=1200%2C450&ssl=1&resize=350%2C200 1x, https:\/\/i0.wp.com\/deltaimage.de\/wp\/wp-content\/uploads\/PED46674-HDR_1200.jpg?fit=1200%2C450&ssl=1&resize=525%2C300 1.5x, https:\/\/i0.wp.com\/deltaimage.de\/wp\/wp-content\/uploads\/PED46674-HDR_1200.jpg?fit=1200%2C450&ssl=1&resize=700%2C400 2x, https:\/\/i0.wp.com\/deltaimage.de\/wp\/wp-content\/uploads\/PED46674-HDR_1200.jpg?fit=1200%2C450&ssl=1&resize=1050%2C600 3x"},"classes":[]},{"id":52290,"url":"https:\/\/deltaimage.de\/wp\/?p=52290","url_meta":{"origin":36970,"position":2},"title":"Einladung zur Vernissage zur Foto-Ausstellung von Paul Eschbach zum Palsweiser Moos und Fu\u00dfbergmoos; vhs Bergkirchen &#8211; 17.10.2025","author":"EschbacP","date":"12. September 2025","format":false,"excerpt":"Wir laden sehr herzlich alle B\u00fcrgerinnen und B\u00fcrger, alle Interessierten am Natur- und Landschaftsschutz, alle an der Niedermoor-Landschaft im Dachauer Moos, alle Fotografinnen und Fotografen, zur \u00f6ffentlichen Vernissage \/ Er\u00f6ffnung der neuen Foto-Ausstellung zum Dachauer Moos - Maisacher Moos - Palsweiser Moos und Fu\u00dfbergmoos ein. Eine neue Foto-Ausstellung in Bergkirchen,\u2026","rel":"","context":"In &quot;Dachauer Land&quot;","block_context":{"text":"Dachauer Land","link":"https:\/\/deltaimage.de\/wp\/?cat=3010"},"img":{"alt_text":"","src":"https:\/\/i0.wp.com\/deltaimage.de\/wp\/wp-content\/uploads\/Plakat_Bergkirchen_Vernissage-1200.jpg?fit=1200%2C450&ssl=1&resize=350%2C200","width":350,"height":200,"srcset":"https:\/\/i0.wp.com\/deltaimage.de\/wp\/wp-content\/uploads\/Plakat_Bergkirchen_Vernissage-1200.jpg?fit=1200%2C450&ssl=1&resize=350%2C200 1x, https:\/\/i0.wp.com\/deltaimage.de\/wp\/wp-content\/uploads\/Plakat_Bergkirchen_Vernissage-1200.jpg?fit=1200%2C450&ssl=1&resize=525%2C300 1.5x, https:\/\/i0.wp.com\/deltaimage.de\/wp\/wp-content\/uploads\/Plakat_Bergkirchen_Vernissage-1200.jpg?fit=1200%2C450&ssl=1&resize=700%2C400 2x, https:\/\/i0.wp.com\/deltaimage.de\/wp\/wp-content\/uploads\/Plakat_Bergkirchen_Vernissage-1200.jpg?fit=1200%2C450&ssl=1&resize=1050%2C600 3x"},"classes":[]},{"id":52502,"url":"https:\/\/deltaimage.de\/wp\/?p=52502","url_meta":{"origin":36970,"position":3},"title":"Bayern: Fotoausstellung \u00fcber das Palsweiser- und Fu\u00dfbergmoos (Dachauer Moos) von Paul Eschbach","author":"EschbacP","date":"14. Oktober 2025","format":false,"excerpt":"Ausstellung Fotoausstellung \u00fcber das Palsweiser Moos und Fu\u00dfbergmoos (Dachauer Moos) von Paul Eschbach Der Dachauer Natur- und Landschaftsfotograf Paul Eschbach zeigt in seiner Bilderausstellung die oft verborgenen Sch\u00f6nheiten dieser \u00fcbergreifenden Niedermoor-Landschaft aus allen vier Jahreszeiten, dem Moos, dem Wald, den Tieren und den Pflanzen. Die gro\u00dfformatigen Landschafts- und Naturbilder verdeutlichen\u2026","rel":"","context":"In &quot;Dachauer Land&quot;","block_context":{"text":"Dachauer Land","link":"https:\/\/deltaimage.de\/wp\/?cat=3010"},"img":{"alt_text":"","src":"https:\/\/i0.wp.com\/deltaimage.de\/wp\/wp-content\/uploads\/Logo_Bayern.jpg?fit=1200%2C450&ssl=1&resize=350%2C200","width":350,"height":200,"srcset":"https:\/\/i0.wp.com\/deltaimage.de\/wp\/wp-content\/uploads\/Logo_Bayern.jpg?fit=1200%2C450&ssl=1&resize=350%2C200 1x, https:\/\/i0.wp.com\/deltaimage.de\/wp\/wp-content\/uploads\/Logo_Bayern.jpg?fit=1200%2C450&ssl=1&resize=525%2C300 1.5x, https:\/\/i0.wp.com\/deltaimage.de\/wp\/wp-content\/uploads\/Logo_Bayern.jpg?fit=1200%2C450&ssl=1&resize=700%2C400 2x, https:\/\/i0.wp.com\/deltaimage.de\/wp\/wp-content\/uploads\/Logo_Bayern.jpg?fit=1200%2C450&ssl=1&resize=1050%2C600 3x"},"classes":[]},{"id":52052,"url":"https:\/\/deltaimage.de\/wp\/?p=52052","url_meta":{"origin":36970,"position":4},"title":"V\u00f6gel beobachten und fotografieren im Dachauer Moos &#8211; Turmfalke","author":"EschbacP","date":"5. September 2025","format":false,"excerpt":"Das Beobachten der Naturlandschaft ist ein ganz wesentlicher Bestandteil der Natur- und Landschaftsfotografie. Dabei sucht die FotografIn immer wieder die gleichen Orte in der Naturlandschaft auf, immer die Details beobachtend. Vieles ist dabei bekannt und unver\u00e4ndert. Doch dann ist etwas anders und beim genaueren Hinsehen, eine neue Spezies ist \u00fcberraschenderweise\u2026","rel":"","context":"In &quot;Dachauer Land&quot;","block_context":{"text":"Dachauer Land","link":"https:\/\/deltaimage.de\/wp\/?cat=3010"},"img":{"alt_text":"","src":"https:\/\/i0.wp.com\/deltaimage.de\/wp\/wp-content\/uploads\/PE1D8937_1200.jpg?fit=1200%2C450&ssl=1&resize=350%2C200","width":350,"height":200,"srcset":"https:\/\/i0.wp.com\/deltaimage.de\/wp\/wp-content\/uploads\/PE1D8937_1200.jpg?fit=1200%2C450&ssl=1&resize=350%2C200 1x, https:\/\/i0.wp.com\/deltaimage.de\/wp\/wp-content\/uploads\/PE1D8937_1200.jpg?fit=1200%2C450&ssl=1&resize=525%2C300 1.5x, https:\/\/i0.wp.com\/deltaimage.de\/wp\/wp-content\/uploads\/PE1D8937_1200.jpg?fit=1200%2C450&ssl=1&resize=700%2C400 2x, https:\/\/i0.wp.com\/deltaimage.de\/wp\/wp-content\/uploads\/PE1D8937_1200.jpg?fit=1200%2C450&ssl=1&resize=1050%2C600 3x"},"classes":[]},{"id":45960,"url":"https:\/\/deltaimage.de\/wp\/?p=45960","url_meta":{"origin":36970,"position":5},"title":"S\u00fcddeutsche Zeitung F\u00fcrstenfeldbruck: Schatzkammer der Natur &#8211; Fu\u00dfbergmoos","author":"EschbacP","date":"8. Oktober 2024","format":false,"excerpt":"Ein Blick in die Regionalausgabe SZ F\u00fcrstenfeldbruck Der vollst\u00e4ndige Artikel in der Regionalausgabe der S\u00fcddeutschenzeitung f\u00fcr den Landkreis F\u00fcrstenfeldbruck. \u00a0 Schatzkammer der Natur Paul Eschbach fotografiert im Maisacher Moos. Sein neuer Bildband ist ein eindringliches Pl\u00e4doyer f\u00fcr den Erhalt der dortigen Tier- und Pflanzenwelt. Von Stefan Salger Maisach \u2013 Es\u2026","rel":"","context":"In &quot;Buch&quot;","block_context":{"text":"Buch","link":"https:\/\/deltaimage.de\/wp\/?cat=1189"},"img":{"alt_text":"","src":"https:\/\/i0.wp.com\/deltaimage.de\/wp\/wp-content\/uploads\/SZ-FFB-Schatzkammer-der-Natur-20241008-300.jpg?resize=350%2C200&ssl=1","width":350,"height":200},"classes":[]}],"jetpack_sharing_enabled":true,"_links":{"self":[{"href":"https:\/\/deltaimage.de\/wp\/index.php?rest_route=\/wp\/v2\/posts\/36970","targetHints":{"allow":["GET"]}}],"collection":[{"href":"https:\/\/deltaimage.de\/wp\/index.php?rest_route=\/wp\/v2\/posts"}],"about":[{"href":"https:\/\/deltaimage.de\/wp\/index.php?rest_route=\/wp\/v2\/types\/post"}],"author":[{"embeddable":true,"href":"https:\/\/deltaimage.de\/wp\/index.php?rest_route=\/wp\/v2\/users\/1"}],"replies":[{"embeddable":true,"href":"https:\/\/deltaimage.de\/wp\/index.php?rest_route=%2Fwp%2Fv2%2Fcomments&post=36970"}],"version-history":[{"count":8,"href":"https:\/\/deltaimage.de\/wp\/index.php?rest_route=\/wp\/v2\/posts\/36970\/revisions"}],"predecessor-version":[{"id":51415,"href":"https:\/\/deltaimage.de\/wp\/index.php?rest_route=\/wp\/v2\/posts\/36970\/revisions\/51415"}],"wp:featuredmedia":[{"embeddable":true,"href":"https:\/\/deltaimage.de\/wp\/index.php?rest_route=\/wp\/v2\/media\/36974"}],"wp:attachment":[{"href":"https:\/\/deltaimage.de\/wp\/index.php?rest_route=%2Fwp%2Fv2%2Fmedia&parent=36970"}],"wp:term":[{"taxonomy":"category","embeddable":true,"href":"https:\/\/deltaimage.de\/wp\/index.php?rest_route=%2Fwp%2Fv2%2Fcategories&post=36970"},{"taxonomy":"post_tag","embeddable":true,"href":"https:\/\/deltaimage.de\/wp\/index.php?rest_route=%2Fwp%2Fv2%2Ftags&post=36970"}],"curies":[{"name":"wp","href":"https:\/\/api.w.org\/{rel}","templated":true}]}}