{"id":3743,"date":"2014-05-19T21:15:09","date_gmt":"2014-05-19T20:15:09","guid":{"rendered":"http:\/\/deltaimage.de\/wp\/?p=3743"},"modified":"2025-08-15T11:13:09","modified_gmt":"2025-08-15T09:13:09","slug":"sonderausstellung-in-der-flugwerft-schleissheim-eroeffnet","status":"publish","type":"post","link":"https:\/\/deltaimage.de\/wp\/?p=3743","title":{"rendered":"Sonderausstellung in der Flugwerft Schlei\u00dfheim &#8222;Fallschirmspringen &#8211; Die Suche nach dem Gl\u00fcck&#8220;"},"content":{"rendered":"<p>Eine spontane Idee f\u00fcr ein Wochenende\u00a0&#8211; ein Fallschirmsprung Wochenende an einem Septembertag am Flugplatz Greiling zu fotografieren.<\/p>\n<p>Zusammen mit Andreas Pirchmoser von <a href=\"http:\/\/www.foto-sessner.de\" target=\"_blank\" rel=\"noopener\">Foto Sessner aus Dachau<\/a> setzten wir die Idee mit einem mobilen Fotostudio direkt in der DZ (Drop Zone = Spungzone) um und setzten uns in den Kopf, die Fallschirmspringer direkt nach der Landung mit ihren bunten Schirmen und dem breiten Grinsen im Gesicht zu fotografieren &#8211; alles klappte bestens. In wenigen Monaten ist aus dieser Idee eine Sonderausstellung im Deutschen Museum in Oberschlei\u00dfheim entstanden.<\/p>\n<ul>\n<li>Fotoausstellung<\/li>\n<li>Themenausstellung<\/li>\n<li>Videos<\/li>\n<li>Modellbau<\/li>\n<\/ul>\n<p>Die Sonderausstellung k\u00f6nnen Sie auch virtuell von Zuhause aus besichtigen &#8211; <a title=\"Die Suche nach dem Gl\u00fcck \u2013 Sonderausstellung\" href=\"http:\/\/deltaimage.de\/wp\/?page_id=3713\">HIER<\/a>.<!--more--><\/p>\n<p><a href=\"https:\/\/i0.wp.com\/deltaimage.de\/wp\/wp-content\/uploads\/Plakat-Sonderausstellung.jpg\"><img data-recalc-dims=\"1\" loading=\"lazy\" decoding=\"async\" data-attachment-id=\"3244\" data-permalink=\"https:\/\/deltaimage.de\/wp\/?attachment_id=3244#main\" data-orig-file=\"https:\/\/i0.wp.com\/deltaimage.de\/wp\/wp-content\/uploads\/Plakat-Sonderausstellung.jpg?fit=714%2C992&amp;ssl=1\" data-orig-size=\"714,992\" data-comments-opened=\"0\" data-image-meta=\"{&quot;aperture&quot;:&quot;0&quot;,&quot;credit&quot;:&quot;&quot;,&quot;camera&quot;:&quot;&quot;,&quot;caption&quot;:&quot;&quot;,&quot;created_timestamp&quot;:&quot;0&quot;,&quot;copyright&quot;:&quot;&quot;,&quot;focal_length&quot;:&quot;0&quot;,&quot;iso&quot;:&quot;0&quot;,&quot;shutter_speed&quot;:&quot;0&quot;,&quot;title&quot;:&quot;&quot;,&quot;orientation&quot;:&quot;0&quot;}\" data-image-title=\"Plakat Sonderausstellung\" data-image-description=\"\" data-image-caption=\"\" data-large-file=\"https:\/\/i0.wp.com\/deltaimage.de\/wp\/wp-content\/uploads\/Plakat-Sonderausstellung.jpg?fit=714%2C992&amp;ssl=1\" class=\"aligncenter wp-image-3244 size-full\" src=\"https:\/\/i0.wp.com\/deltaimage.de\/wp\/wp-content\/uploads\/Plakat-Sonderausstellung.jpg?resize=714%2C992&#038;ssl=1\" alt=\"Plakat Sonderausstellung\" width=\"714\" height=\"992\" srcset=\"https:\/\/i0.wp.com\/deltaimage.de\/wp\/wp-content\/uploads\/Plakat-Sonderausstellung.jpg?w=714&amp;ssl=1 714w, https:\/\/i0.wp.com\/deltaimage.de\/wp\/wp-content\/uploads\/Plakat-Sonderausstellung.jpg?resize=215%2C300&amp;ssl=1 215w, https:\/\/i0.wp.com\/deltaimage.de\/wp\/wp-content\/uploads\/Plakat-Sonderausstellung.jpg?resize=427%2C593&amp;ssl=1 427w, https:\/\/i0.wp.com\/deltaimage.de\/wp\/wp-content\/uploads\/Plakat-Sonderausstellung.jpg?resize=324%2C450&amp;ssl=1 324w\" sizes=\"auto, (max-width: 714px) 100vw, 714px\" \/><\/a><\/p>\n<p>Einen Blick in die Ausstellungsr\u00e4ume des Grade-Saals.<\/p>\n\n\t\t<style type=\"text\/css\">\n\t\t\t#gallery-1 {\n\t\t\t\tmargin: auto;\n\t\t\t}\n\t\t\t#gallery-1 .gallery-item {\n\t\t\t\tfloat: left;\n\t\t\t\tmargin-top: 10px;\n\t\t\t\ttext-align: center;\n\t\t\t\twidth: 33%;\n\t\t\t}\n\t\t\t#gallery-1 img {\n\t\t\t\tborder: 2px solid #cfcfcf;\n\t\t\t}\n\t\t\t#gallery-1 .gallery-caption {\n\t\t\t\tmargin-left: 0;\n\t\t\t}\n\t\t\t\/* see gallery_shortcode() in wp-includes\/media.php *\/\n\t\t<\/style>\n\t\t<div data-carousel-extra='{&quot;blog_id&quot;:1,&quot;permalink&quot;:&quot;https:\/\/deltaimage.de\/wp\/?p=3743&quot;}' id='gallery-1' class='gallery galleryid-3743 gallery-columns-3 gallery-size-thumbnail'><dl class='gallery-item'>\n\t\t\t<dt class='gallery-icon landscape'>\n\t\t\t\t<a href='https:\/\/deltaimage.de\/wp\/?attachment_id=3644'><img loading=\"lazy\" decoding=\"async\" width=\"150\" height=\"150\" src=\"https:\/\/i0.wp.com\/deltaimage.de\/wp\/wp-content\/uploads\/ZY5M7301_Sonder.jpg?fit=150%2C150&amp;ssl=1\" class=\"attachment-thumbnail size-thumbnail\" alt=\"ZY5M7301 Sonder\" srcset=\"https:\/\/i0.wp.com\/deltaimage.de\/wp\/wp-content\/uploads\/ZY5M7301_Sonder.jpg?resize=150%2C150&amp;ssl=1 150w, https:\/\/i0.wp.com\/deltaimage.de\/wp\/wp-content\/uploads\/ZY5M7301_Sonder.jpg?zoom=2&amp;resize=150%2C150&amp;ssl=1 300w, https:\/\/i0.wp.com\/deltaimage.de\/wp\/wp-content\/uploads\/ZY5M7301_Sonder.jpg?zoom=3&amp;resize=150%2C150&amp;ssl=1 450w\" sizes=\"auto, (max-width: 150px) 100vw, 150px\" data-attachment-id=\"3644\" data-permalink=\"https:\/\/deltaimage.de\/wp\/?attachment_id=3644\" data-orig-file=\"https:\/\/i0.wp.com\/deltaimage.de\/wp\/wp-content\/uploads\/ZY5M7301_Sonder.jpg?fit=705%2C470&amp;ssl=1\" data-orig-size=\"705,470\" data-comments-opened=\"0\" data-image-meta=\"{&quot;aperture&quot;:&quot;9&quot;,&quot;credit&quot;:&quot;Paul Eschbach&quot;,&quot;camera&quot;:&quot;Canon EOS-1Ds Mark II&quot;,&quot;caption&quot;:&quot;&quot;,&quot;created_timestamp&quot;:&quot;1400405209&quot;,&quot;copyright&quot;:&quot;&quot;,&quot;focal_length&quot;:&quot;17&quot;,&quot;iso&quot;:&quot;100&quot;,&quot;shutter_speed&quot;:&quot;0.16666666666667&quot;,&quot;title&quot;:&quot;&quot;,&quot;orientation&quot;:&quot;1&quot;}\" data-image-title=\"ZY5M7301_Sonder\" data-image-description=\"\" data-image-caption=\"\" data-large-file=\"https:\/\/i0.wp.com\/deltaimage.de\/wp\/wp-content\/uploads\/ZY5M7301_Sonder.jpg?fit=705%2C470&amp;ssl=1\" \/><\/a>\n\t\t\t<\/dt><\/dl><dl class='gallery-item'>\n\t\t\t<dt class='gallery-icon landscape'>\n\t\t\t\t<a href='https:\/\/deltaimage.de\/wp\/?attachment_id=3635'><img loading=\"lazy\" decoding=\"async\" width=\"150\" height=\"150\" src=\"https:\/\/i0.wp.com\/deltaimage.de\/wp\/wp-content\/uploads\/ZY5M7287_Sonder.jpg?fit=150%2C150&amp;ssl=1\" class=\"attachment-thumbnail size-thumbnail\" alt=\"ZY5M7287 Sonder\" srcset=\"https:\/\/i0.wp.com\/deltaimage.de\/wp\/wp-content\/uploads\/ZY5M7287_Sonder.jpg?resize=150%2C150&amp;ssl=1 150w, https:\/\/i0.wp.com\/deltaimage.de\/wp\/wp-content\/uploads\/ZY5M7287_Sonder.jpg?zoom=2&amp;resize=150%2C150&amp;ssl=1 300w, https:\/\/i0.wp.com\/deltaimage.de\/wp\/wp-content\/uploads\/ZY5M7287_Sonder.jpg?zoom=3&amp;resize=150%2C150&amp;ssl=1 450w\" sizes=\"auto, (max-width: 150px) 100vw, 150px\" data-attachment-id=\"3635\" data-permalink=\"https:\/\/deltaimage.de\/wp\/?attachment_id=3635\" data-orig-file=\"https:\/\/i0.wp.com\/deltaimage.de\/wp\/wp-content\/uploads\/ZY5M7287_Sonder.jpg?fit=900%2C470&amp;ssl=1\" data-orig-size=\"900,470\" data-comments-opened=\"0\" data-image-meta=\"{&quot;aperture&quot;:&quot;9&quot;,&quot;credit&quot;:&quot;Paul Eschbach&quot;,&quot;camera&quot;:&quot;Canon EOS-1Ds Mark II&quot;,&quot;caption&quot;:&quot;&quot;,&quot;created_timestamp&quot;:&quot;1400404439&quot;,&quot;copyright&quot;:&quot;&quot;,&quot;focal_length&quot;:&quot;17&quot;,&quot;iso&quot;:&quot;100&quot;,&quot;shutter_speed&quot;:&quot;0.16666666666667&quot;,&quot;title&quot;:&quot;&quot;,&quot;orientation&quot;:&quot;1&quot;}\" data-image-title=\"ZY5M7287_Sonder\" data-image-description=\"\" data-image-caption=\"\" data-large-file=\"https:\/\/i0.wp.com\/deltaimage.de\/wp\/wp-content\/uploads\/ZY5M7287_Sonder.jpg?fit=890%2C465&amp;ssl=1\" \/><\/a>\n\t\t\t<\/dt><\/dl><dl class='gallery-item'>\n\t\t\t<dt class='gallery-icon landscape'>\n\t\t\t\t<a href='https:\/\/deltaimage.de\/wp\/?attachment_id=3633'><img loading=\"lazy\" decoding=\"async\" width=\"150\" height=\"150\" src=\"https:\/\/i0.wp.com\/deltaimage.de\/wp\/wp-content\/uploads\/ZY5M7283_Sonder.jpg?fit=150%2C150&amp;ssl=1\" class=\"attachment-thumbnail size-thumbnail\" alt=\"ZY5M7283 Sonder\" srcset=\"https:\/\/i0.wp.com\/deltaimage.de\/wp\/wp-content\/uploads\/ZY5M7283_Sonder.jpg?resize=150%2C150&amp;ssl=1 150w, https:\/\/i0.wp.com\/deltaimage.de\/wp\/wp-content\/uploads\/ZY5M7283_Sonder.jpg?zoom=2&amp;resize=150%2C150&amp;ssl=1 300w, https:\/\/i0.wp.com\/deltaimage.de\/wp\/wp-content\/uploads\/ZY5M7283_Sonder.jpg?zoom=3&amp;resize=150%2C150&amp;ssl=1 450w\" sizes=\"auto, (max-width: 150px) 100vw, 150px\" data-attachment-id=\"3633\" data-permalink=\"https:\/\/deltaimage.de\/wp\/?attachment_id=3633\" data-orig-file=\"https:\/\/i0.wp.com\/deltaimage.de\/wp\/wp-content\/uploads\/ZY5M7283_Sonder.jpg?fit=900%2C470&amp;ssl=1\" data-orig-size=\"900,470\" data-comments-opened=\"0\" data-image-meta=\"{&quot;aperture&quot;:&quot;9&quot;,&quot;credit&quot;:&quot;Paul Eschbach&quot;,&quot;camera&quot;:&quot;Canon EOS-1Ds Mark II&quot;,&quot;caption&quot;:&quot;&quot;,&quot;created_timestamp&quot;:&quot;1400404383&quot;,&quot;copyright&quot;:&quot;&quot;,&quot;focal_length&quot;:&quot;17&quot;,&quot;iso&quot;:&quot;100&quot;,&quot;shutter_speed&quot;:&quot;0.16666666666667&quot;,&quot;title&quot;:&quot;&quot;,&quot;orientation&quot;:&quot;1&quot;}\" data-image-title=\"ZY5M7283_Sonder\" data-image-description=\"\" data-image-caption=\"\" data-large-file=\"https:\/\/i0.wp.com\/deltaimage.de\/wp\/wp-content\/uploads\/ZY5M7283_Sonder.jpg?fit=890%2C465&amp;ssl=1\" \/><\/a>\n\t\t\t<\/dt><\/dl><br style=\"clear: both\" \/>\n\t\t<\/div>\n\n<p>&nbsp;<\/p>\n<p>Die Ausstellung gibt es auch zum Mitnehmen als Begleitdokumentation &#8211; mehr dazu gibt es &#8211; HIER.<\/p>\n<p><a href=\"https:\/\/i0.wp.com\/deltaimage.de\/wp\/wp-content\/uploads\/Titelseite_Doku.jpg\"><img data-recalc-dims=\"1\" loading=\"lazy\" decoding=\"async\" data-attachment-id=\"3606\" data-permalink=\"https:\/\/deltaimage.de\/wp\/?attachment_id=3606#main\" data-orig-file=\"https:\/\/i0.wp.com\/deltaimage.de\/wp\/wp-content\/uploads\/Titelseite_Doku.jpg?fit=1206%2C863&amp;ssl=1\" data-orig-size=\"1206,863\" data-comments-opened=\"0\" data-image-meta=\"{&quot;aperture&quot;:&quot;0&quot;,&quot;credit&quot;:&quot;Paul Eschbach&quot;,&quot;camera&quot;:&quot;&quot;,&quot;caption&quot;:&quot;&quot;,&quot;created_timestamp&quot;:&quot;1400368139&quot;,&quot;copyright&quot;:&quot;&quot;,&quot;focal_length&quot;:&quot;0&quot;,&quot;iso&quot;:&quot;0&quot;,&quot;shutter_speed&quot;:&quot;0&quot;,&quot;title&quot;:&quot;&quot;,&quot;orientation&quot;:&quot;0&quot;}\" data-image-title=\"Titelseite_Doku\" data-image-description=\"\" data-image-caption=\"\" data-large-file=\"https:\/\/i0.wp.com\/deltaimage.de\/wp\/wp-content\/uploads\/Titelseite_Doku.jpg?fit=890%2C636&amp;ssl=1\" class=\"size-medium wp-image-3606 aligncenter\" src=\"https:\/\/i0.wp.com\/deltaimage.de\/wp\/wp-content\/uploads\/Titelseite_Doku-300x214.jpg?resize=300%2C214\" alt=\"Titelseite_Doku\" width=\"300\" height=\"214\" srcset=\"https:\/\/i0.wp.com\/deltaimage.de\/wp\/wp-content\/uploads\/Titelseite_Doku.jpg?resize=300%2C214&amp;ssl=1 300w, https:\/\/i0.wp.com\/deltaimage.de\/wp\/wp-content\/uploads\/Titelseite_Doku.jpg?resize=1024%2C732&amp;ssl=1 1024w, https:\/\/i0.wp.com\/deltaimage.de\/wp\/wp-content\/uploads\/Titelseite_Doku.jpg?resize=829%2C593&amp;ssl=1 829w, https:\/\/i0.wp.com\/deltaimage.de\/wp\/wp-content\/uploads\/Titelseite_Doku.jpg?resize=629%2C450&amp;ssl=1 629w, https:\/\/i0.wp.com\/deltaimage.de\/wp\/wp-content\/uploads\/Titelseite_Doku.jpg?w=1206&amp;ssl=1 1206w\" sizes=\"auto, (max-width: 300px) 100vw, 300px\" \/><\/a><\/p>\n<p>Wir w\u00fcnschen allen Besuchern viel Spa\u00df an dieser ungew\u00f6hnlichen Themenausstellung in der historischen Flugwerft und danken allen Helfern und den Mitwirkenden, die zum Gelingen dieser Ausstellung beigetragen haben. Ganz besonders gilt unser Dank den 60 Fallschirmspringern, die sich mit Begeisterung an der Fotoaktion am Flugplatz Greiling im September 2013 beteiligt haben.\u00a0 Die Begeisterung der Fallschirmspringerinnen und Fallschirmspringern aus Bayern und Tirol und Ihrer Such nach Ihrem ganz pers\u00f6nlichen Gl\u00fcck war der Ausl\u00f6ser f\u00fcr diese Sonderausstellung.<\/p>\n","protected":false},"excerpt":{"rendered":"<p>Eine spontane Idee f\u00fcr ein Wochenende\u00a0&#8211; ein Fallschirmsprung Wochenende an einem Septembertag am Flugplatz Greiling zu fotografieren. Zusammen mit Andreas Pirchmoser von Foto Sessner aus Dachau setzten wir die Idee [&hellip;]<\/p>\n","protected":false},"author":1,"featured_media":13284,"comment_status":"closed","ping_status":"closed","sticky":false,"template":"","format":"standard","meta":{"wpupg_custom_link":[],"wpupg_custom_link_behaviour":["default"],"wpupg_custom_link_nofollow":["default"],"wpupg_custom_image":[],"wpupg_custom_image_id":[],"jetpack_post_was_ever_published":false,"footnotes":""},"categories":[860,8],"tags":[71,155,169,68,170,72,33,154],"class_list":["post-3743","post","type-post","status-publish","format-standard","has-post-thumbnail","hentry","category-sonderausstellung","category-news","tag-deutsches-museum","tag-die-suche-nach-dem-glueck","tag-fallschirmspringen","tag-flugwerft","tag-museum","tag-oberschleissheim","tag-schleisheim","tag-sonderausstellung"],"jetpack_featured_media_url":"https:\/\/i0.wp.com\/deltaimage.de\/wp\/wp-content\/uploads\/ZY5M3779_1200.jpg?fit=1200%2C450&ssl=1","jetpack-related-posts":[{"id":5310,"url":"https:\/\/deltaimage.de\/wp\/?p=5310","url_meta":{"origin":3743,"position":0},"title":"Sonderausstellung &#8222;Die Suche nach dem Gl\u00fcck&#8220; ist abgebaut","author":"EschbacP","date":"15. September 2014","format":false,"excerpt":"\u00a0 So schnell sind 4 Monate um Die Sonderausstellung \"Die Suche nach dem Gl\u00fcck - Fallschirmspringen\" hat nun \u00fcber 4 Monate die Besucher in der Flugwerft Schlei\u00dfheim des Deutsches Museum \u00fcber die Sommermonate hinweg als sehr interessante Erg\u00e4nzung zu dem Ausstellungsprogramm der Flugwerft begeistert. Nun ist die Ausstellung abgebaut. Auf\u2026","rel":"","context":"In &quot;News Blog&quot;","block_context":{"text":"News Blog","link":"https:\/\/deltaimage.de\/wp\/?cat=8"},"img":{"alt_text":"IMG_4426_DMFS","src":"https:\/\/i0.wp.com\/deltaimage.de\/wp\/wp-content\/uploads\/IMG_4426_DMFS1.jpg?resize=350%2C200","width":350,"height":200,"srcset":"https:\/\/i0.wp.com\/deltaimage.de\/wp\/wp-content\/uploads\/IMG_4426_DMFS1.jpg?resize=350%2C200 1x, https:\/\/i0.wp.com\/deltaimage.de\/wp\/wp-content\/uploads\/IMG_4426_DMFS1.jpg?resize=525%2C300 1.5x, https:\/\/i0.wp.com\/deltaimage.de\/wp\/wp-content\/uploads\/IMG_4426_DMFS1.jpg?resize=700%2C400 2x"},"classes":[]},{"id":3329,"url":"https:\/\/deltaimage.de\/wp\/?p=3329","url_meta":{"origin":3743,"position":1},"title":"Sonderausstellung in der Flugwerft Schlei\u00dfheim &#8222;Die Suche nach dem Gl\u00fcck&#8220; ab 19. Mai","author":"EschbacP","date":"8. Mai 2014","format":false,"excerpt":"N\u00e4chste Woche wird die Sonderausstellung \"Die Suche nach dem Gl\u00fcck - Fallschirmspringen\" in der Flugwerft Schlei\u00dfheim des Deutschen Museums in Oberschlei\u00dfheim aufgebaut, Er\u00f6ffnung ist am Montag, 19. Hier geht's zur Sonderausstellung\u00a0- HIER\u00a0 Die Ausstellung wird vom 19. Mai bis 14. September im Hans Grade Saal zu sehen sein \u2013 f\u00fcr\u2026","rel":"","context":"In &quot;Ausstellung \/ Sonderausstellung&quot;","block_context":{"text":"Ausstellung \/ Sonderausstellung","link":"https:\/\/deltaimage.de\/wp\/?cat=860"},"img":{"alt_text":"Unsere Aktionen","src":"https:\/\/i0.wp.com\/deltaimage.de\/wp\/wp-content\/uploads\/Plakat-Sonderausstellung.jpg?fit=714%2C992&ssl=1&resize=350%2C200","width":350,"height":200,"srcset":"https:\/\/i0.wp.com\/deltaimage.de\/wp\/wp-content\/uploads\/Plakat-Sonderausstellung.jpg?fit=714%2C992&ssl=1&resize=350%2C200 1x, https:\/\/i0.wp.com\/deltaimage.de\/wp\/wp-content\/uploads\/Plakat-Sonderausstellung.jpg?fit=714%2C992&ssl=1&resize=525%2C300 1.5x, https:\/\/i0.wp.com\/deltaimage.de\/wp\/wp-content\/uploads\/Plakat-Sonderausstellung.jpg?fit=714%2C992&ssl=1&resize=700%2C400 2x"},"classes":[]},{"id":5680,"url":"https:\/\/deltaimage.de\/wp\/?p=5680","url_meta":{"origin":3743,"position":2},"title":"Hermes Arzneimittel und die Suche nach dem Gl\u00fcck","author":"EschbacP","date":"29. Oktober 2014","format":false,"excerpt":"Mai bis September 2014 zeigte unsere Sonderausstellung im Deutsches Museum Flugwerft Schlei\u00dfheim das Thema \"Die Suche nach dem Gl\u00fcck - Fallschirmspringen. Entstanden sind die Fotos am Flugplatz Greiling und zwei Springerinnen inszenierten die Suche nach dem eigenen Gl\u00fcck besonders sch\u00f6n. Martina und Elfi - in der Springerszene weithin bekannt. Martina\u2026","rel":"","context":"In &quot;News Blog&quot;","block_context":{"text":"News Blog","link":"https:\/\/deltaimage.de\/wp\/?cat=8"},"img":{"alt_text":"","src":"https:\/\/i0.wp.com\/deltaimage.de\/wp\/wp-content\/uploads\/Titelseite_Doku-2.jpg?fit=1200%2C859&ssl=1&resize=350%2C200","width":350,"height":200,"srcset":"https:\/\/i0.wp.com\/deltaimage.de\/wp\/wp-content\/uploads\/Titelseite_Doku-2.jpg?fit=1200%2C859&ssl=1&resize=350%2C200 1x, https:\/\/i0.wp.com\/deltaimage.de\/wp\/wp-content\/uploads\/Titelseite_Doku-2.jpg?fit=1200%2C859&ssl=1&resize=525%2C300 1.5x, https:\/\/i0.wp.com\/deltaimage.de\/wp\/wp-content\/uploads\/Titelseite_Doku-2.jpg?fit=1200%2C859&ssl=1&resize=700%2C400 2x, https:\/\/i0.wp.com\/deltaimage.de\/wp\/wp-content\/uploads\/Titelseite_Doku-2.jpg?fit=1200%2C859&ssl=1&resize=1050%2C600 3x"},"classes":[]},{"id":1026,"url":"https:\/\/deltaimage.de\/wp\/?p=1026","url_meta":{"origin":3743,"position":3},"title":"19. Mai &#8211; 14. September 2014 &#8222;Die Suche nach dem Gl\u00fcck&#8220;","author":"EschbacP","date":"25. Januar 2014","format":false,"excerpt":"Die Sonderausstellung in der Flugwerft des Deutschen Museums in Oberschlei\u00dfheim steht im Zeitraum 19. Mai - 14. September 2014 im Hans Grade Saal den Besuchern offen. Die Sonderausstellung wird in Zusammenarbeit mit Andreas Pirchmoser und Foto Video Sessner GmbH, Dachau Hans Osterm\u00fcnchner und Fallschirmdepot GmbH Greiling Dr. Gerhard Gernstahler und\u2026","rel":"","context":"In &quot;News Blog&quot;","block_context":{"text":"News Blog","link":"https:\/\/deltaimage.de\/wp\/?cat=8"},"img":{"alt_text":"","src":"https:\/\/i0.wp.com\/deltaimage.de\/wp\/wp-content\/uploads\/Greiling_311_1200.jpg?fit=1200%2C450&ssl=1&resize=350%2C200","width":350,"height":200,"srcset":"https:\/\/i0.wp.com\/deltaimage.de\/wp\/wp-content\/uploads\/Greiling_311_1200.jpg?fit=1200%2C450&ssl=1&resize=350%2C200 1x, https:\/\/i0.wp.com\/deltaimage.de\/wp\/wp-content\/uploads\/Greiling_311_1200.jpg?fit=1200%2C450&ssl=1&resize=525%2C300 1.5x, https:\/\/i0.wp.com\/deltaimage.de\/wp\/wp-content\/uploads\/Greiling_311_1200.jpg?fit=1200%2C450&ssl=1&resize=700%2C400 2x, https:\/\/i0.wp.com\/deltaimage.de\/wp\/wp-content\/uploads\/Greiling_311_1200.jpg?fit=1200%2C450&ssl=1&resize=1050%2C600 3x"},"classes":[]},{"id":8828,"url":"https:\/\/deltaimage.de\/wp\/?p=8828","url_meta":{"origin":3743,"position":4},"title":"Der Generaldirektor des Deutsches Museum informiert sich \u00fcber Luftbildfotografie","author":"EschbacP","date":"7. Juli 2015","format":false,"excerpt":"Das j\u00e4hrlich stattfindende Fly-In ist f\u00fcr uns immer wieder ein H\u00f6hepunkt im Jahreskalender. Die enge Verbindung zwischen Flugplatz Schlei\u00dfheim und der Flugwerft bringt es mit sich, dass wir seit vielen Jahren wir an dem Fly-In irgendwie beteiligt sind. 2012 - 100 Jahre Flugplatz Schlei\u00dfheim H\u00f6hepunkt war sicherlich die T\u00e4tigkeit \u00fcber\u2026","rel":"","context":"In &quot;Luftbild&quot;","block_context":{"text":"Luftbild","link":"https:\/\/deltaimage.de\/wp\/?cat=850"},"img":{"alt_text":"","src":"https:\/\/i0.wp.com\/deltaimage.de\/wp\/wp-content\/uploads\/2M9A0066_900.jpg?resize=350%2C200","width":350,"height":200,"srcset":"https:\/\/i0.wp.com\/deltaimage.de\/wp\/wp-content\/uploads\/2M9A0066_900.jpg?resize=350%2C200 1x, https:\/\/i0.wp.com\/deltaimage.de\/wp\/wp-content\/uploads\/2M9A0066_900.jpg?resize=525%2C300 1.5x, https:\/\/i0.wp.com\/deltaimage.de\/wp\/wp-content\/uploads\/2M9A0066_900.jpg?resize=700%2C400 2x"},"classes":[]},{"id":1711,"url":"https:\/\/deltaimage.de\/wp\/?p=1711","url_meta":{"origin":3743,"position":5},"title":"Deutsches Museum M\u00fcnchen","author":"EschbacP","date":"28. Januar 2014","format":false,"excerpt":"Deutsches Museum Flugwerft Schlei\u00dfheim Die Flugwerft Schlei\u00dfheim ist eine Au\u00dfenstelle des Deutschen Museums in M\u00fcnchen, eines der besten und bekanntesten Technikmuseen in Europa. Beheimatet an dem 1912 gegr\u00fcndeten Flugplatz Schlei\u00dfheim wird die fliegende Tradition ohne Unterbrechung bis heute weiter gef\u00fchrt. Der Flugplatz ist einer der \u00e4ltesten Flugpl\u00e4tze in Europa und\u2026","rel":"","context":"In &quot;Ausstellung \/ Sonderausstellung&quot;","block_context":{"text":"Ausstellung \/ Sonderausstellung","link":"https:\/\/deltaimage.de\/wp\/?cat=860"},"img":{"alt_text":"","src":"https:\/\/i0.wp.com\/deltaimage.de\/wp\/wp-content\/uploads\/ZY5M5825_1200.jpg?fit=1200%2C450&ssl=1&resize=350%2C200","width":350,"height":200,"srcset":"https:\/\/i0.wp.com\/deltaimage.de\/wp\/wp-content\/uploads\/ZY5M5825_1200.jpg?fit=1200%2C450&ssl=1&resize=350%2C200 1x, https:\/\/i0.wp.com\/deltaimage.de\/wp\/wp-content\/uploads\/ZY5M5825_1200.jpg?fit=1200%2C450&ssl=1&resize=525%2C300 1.5x, https:\/\/i0.wp.com\/deltaimage.de\/wp\/wp-content\/uploads\/ZY5M5825_1200.jpg?fit=1200%2C450&ssl=1&resize=700%2C400 2x, https:\/\/i0.wp.com\/deltaimage.de\/wp\/wp-content\/uploads\/ZY5M5825_1200.jpg?fit=1200%2C450&ssl=1&resize=1050%2C600 3x"},"classes":[]}],"jetpack_sharing_enabled":true,"_links":{"self":[{"href":"https:\/\/deltaimage.de\/wp\/index.php?rest_route=\/wp\/v2\/posts\/3743","targetHints":{"allow":["GET"]}}],"collection":[{"href":"https:\/\/deltaimage.de\/wp\/index.php?rest_route=\/wp\/v2\/posts"}],"about":[{"href":"https:\/\/deltaimage.de\/wp\/index.php?rest_route=\/wp\/v2\/types\/post"}],"author":[{"embeddable":true,"href":"https:\/\/deltaimage.de\/wp\/index.php?rest_route=\/wp\/v2\/users\/1"}],"replies":[{"embeddable":true,"href":"https:\/\/deltaimage.de\/wp\/index.php?rest_route=%2Fwp%2Fv2%2Fcomments&post=3743"}],"version-history":[{"count":16,"href":"https:\/\/deltaimage.de\/wp\/index.php?rest_route=\/wp\/v2\/posts\/3743\/revisions"}],"predecessor-version":[{"id":50627,"href":"https:\/\/deltaimage.de\/wp\/index.php?rest_route=\/wp\/v2\/posts\/3743\/revisions\/50627"}],"wp:featuredmedia":[{"embeddable":true,"href":"https:\/\/deltaimage.de\/wp\/index.php?rest_route=\/wp\/v2\/media\/13284"}],"wp:attachment":[{"href":"https:\/\/deltaimage.de\/wp\/index.php?rest_route=%2Fwp%2Fv2%2Fmedia&parent=3743"}],"wp:term":[{"taxonomy":"category","embeddable":true,"href":"https:\/\/deltaimage.de\/wp\/index.php?rest_route=%2Fwp%2Fv2%2Fcategories&post=3743"},{"taxonomy":"post_tag","embeddable":true,"href":"https:\/\/deltaimage.de\/wp\/index.php?rest_route=%2Fwp%2Fv2%2Ftags&post=3743"}],"curies":[{"name":"wp","href":"https:\/\/api.w.org\/{rel}","templated":true}]}}