{"id":38201,"date":"2022-12-24T15:35:17","date_gmt":"2022-12-24T14:35:17","guid":{"rendered":"https:\/\/deltaimage.de\/wp\/?p=38201"},"modified":"2025-08-21T17:46:59","modified_gmt":"2025-08-21T15:46:59","slug":"eisregen-kann-auch-fotografen-treffen","status":"publish","type":"post","link":"https:\/\/deltaimage.de\/wp\/?p=38201","title":{"rendered":"Eisregen kann auch Fotografen treffen"},"content":{"rendered":"<p><a href=\"https:\/\/deltaimage.de\/wp\/?page_id=40118\"><img data-recalc-dims=\"1\" loading=\"lazy\" decoding=\"async\" data-attachment-id=\"40115\" data-permalink=\"https:\/\/deltaimage.de\/wp\/?attachment_id=40115#main\" data-orig-file=\"https:\/\/i0.wp.com\/deltaimage.de\/wp\/wp-content\/uploads\/Stempel_DELTA-IMAGE_Quality.png?fit=961%2C960&amp;ssl=1\" data-orig-size=\"961,960\" data-comments-opened=\"1\" data-image-meta=\"{&quot;aperture&quot;:&quot;0&quot;,&quot;credit&quot;:&quot;&quot;,&quot;camera&quot;:&quot;&quot;,&quot;caption&quot;:&quot;&quot;,&quot;created_timestamp&quot;:&quot;0&quot;,&quot;copyright&quot;:&quot;&quot;,&quot;focal_length&quot;:&quot;0&quot;,&quot;iso&quot;:&quot;0&quot;,&quot;shutter_speed&quot;:&quot;0&quot;,&quot;title&quot;:&quot;&quot;,&quot;orientation&quot;:&quot;0&quot;}\" data-image-title=\"Stempel_DELTA IMAGE_Quality\" data-image-description=\"\" data-image-caption=\"\" data-large-file=\"https:\/\/i0.wp.com\/deltaimage.de\/wp\/wp-content\/uploads\/Stempel_DELTA-IMAGE_Quality.png?fit=890%2C889&amp;ssl=1\" class=\"alignright wp-image-40115 size-thumbnail\" src=\"https:\/\/i0.wp.com\/deltaimage.de\/wp\/wp-content\/uploads\/Stempel_DELTA-IMAGE_Quality.png?resize=200%2C200&#038;ssl=1\" alt=\"\" width=\"200\" height=\"200\" srcset=\"https:\/\/i0.wp.com\/deltaimage.de\/wp\/wp-content\/uploads\/Stempel_DELTA-IMAGE_Quality.png?resize=200%2C200&amp;ssl=1 200w, https:\/\/i0.wp.com\/deltaimage.de\/wp\/wp-content\/uploads\/Stempel_DELTA-IMAGE_Quality.png?resize=601%2C600&amp;ssl=1 601w, https:\/\/i0.wp.com\/deltaimage.de\/wp\/wp-content\/uploads\/Stempel_DELTA-IMAGE_Quality.png?resize=594%2C593&amp;ssl=1 594w, https:\/\/i0.wp.com\/deltaimage.de\/wp\/wp-content\/uploads\/Stempel_DELTA-IMAGE_Quality.png?resize=450%2C450&amp;ssl=1 450w, https:\/\/i0.wp.com\/deltaimage.de\/wp\/wp-content\/uploads\/Stempel_DELTA-IMAGE_Quality.png?resize=75%2C75&amp;ssl=1 75w, https:\/\/i0.wp.com\/deltaimage.de\/wp\/wp-content\/uploads\/Stempel_DELTA-IMAGE_Quality.png?resize=400%2C400&amp;ssl=1 400w, https:\/\/i0.wp.com\/deltaimage.de\/wp\/wp-content\/uploads\/Stempel_DELTA-IMAGE_Quality.png?resize=50%2C50&amp;ssl=1 50w, https:\/\/i0.wp.com\/deltaimage.de\/wp\/wp-content\/uploads\/Stempel_DELTA-IMAGE_Quality.png?w=961&amp;ssl=1 961w\" sizes=\"auto, (max-width: 200px) 100vw, 200px\" \/><\/a>Der Wetterbericht sagt f\u00fcr diesen Tag \u00fcberfrierenden Eisregen voraus. Wir wollen trotzdem in der N\u00e4he einige Fotomotive im <strong>Dachauer Moos<\/strong> aufsuchen.<\/p>\n<p><img data-recalc-dims=\"1\" loading=\"lazy\" decoding=\"async\" data-attachment-id=\"38206\" data-permalink=\"https:\/\/deltaimage.de\/wp\/?attachment_id=38206#main\" data-orig-file=\"https:\/\/i0.wp.com\/deltaimage.de\/wp\/wp-content\/uploads\/PE1S1404_900.jpg?fit=890%2C593&amp;ssl=1\" data-orig-size=\"890,593\" data-comments-opened=\"0\" data-image-meta=\"{&quot;aperture&quot;:&quot;10&quot;,&quot;credit&quot;:&quot;Paul Eschbach&quot;,&quot;camera&quot;:&quot;Canon EOS-1Ds Mark III&quot;,&quot;caption&quot;:&quot;&quot;,&quot;created_timestamp&quot;:&quot;1671015734&quot;,&quot;copyright&quot;:&quot;&quot;,&quot;focal_length&quot;:&quot;400&quot;,&quot;iso&quot;:&quot;200&quot;,&quot;shutter_speed&quot;:&quot;0.0125&quot;,&quot;title&quot;:&quot;&quot;,&quot;orientation&quot;:&quot;0&quot;}\" data-image-title=\"PE1S1404_900\" data-image-description=\"\" data-image-caption=\"\" data-large-file=\"https:\/\/i0.wp.com\/deltaimage.de\/wp\/wp-content\/uploads\/PE1S1404_900.jpg?fit=890%2C593&amp;ssl=1\" class=\"aligncenter size-full wp-image-38206\" src=\"https:\/\/i0.wp.com\/deltaimage.de\/wp\/wp-content\/uploads\/PE1S1404_900.jpg?resize=890%2C593&#038;ssl=1\" alt=\"\" width=\"890\" height=\"593\" srcset=\"https:\/\/i0.wp.com\/deltaimage.de\/wp\/wp-content\/uploads\/PE1S1404_900.jpg?w=890&amp;ssl=1 890w, https:\/\/i0.wp.com\/deltaimage.de\/wp\/wp-content\/uploads\/PE1S1404_900.jpg?resize=300%2C200&amp;ssl=1 300w, https:\/\/i0.wp.com\/deltaimage.de\/wp\/wp-content\/uploads\/PE1S1404_900.jpg?resize=675%2C450&amp;ssl=1 675w, https:\/\/i0.wp.com\/deltaimage.de\/wp\/wp-content\/uploads\/PE1S1404_900.jpg?resize=600%2C400&amp;ssl=1 600w, https:\/\/i0.wp.com\/deltaimage.de\/wp\/wp-content\/uploads\/PE1S1404_900.jpg?resize=200%2C133&amp;ssl=1 200w\" sizes=\"auto, (max-width: 890px) 100vw, 890px\" \/><\/p>\n<p>Der Wetterbericht hatte mal wieder recht, vom Regen ging das Wetter in \u00fcberfrierenden Regen \u00fcber.<\/p>\n<p><!--more--><\/p>\n<p>&nbsp;<\/p>\n<h2>An solchen Tagen, besser nicht mit dem Auto fahren m\u00fcssen<\/h2>\n<p>Es war nur eine kurze Strecke, bis ins <strong>Schwarzh\u00f6lzl<\/strong>. Die Lichtstimmung trieb zwei Fotografen trotzdem zu einem Spaziergang ins Moos. Das Licht sollte uns auch nicht entt\u00e4uschen &#8211; einige ganz herrliche und au\u00dfergew\u00f6hnliche Motive waren m\u00f6glich.<\/p>\n<p><img data-recalc-dims=\"1\" loading=\"lazy\" decoding=\"async\" data-attachment-id=\"38204\" data-permalink=\"https:\/\/deltaimage.de\/wp\/?attachment_id=38204#main\" data-orig-file=\"https:\/\/i0.wp.com\/deltaimage.de\/wp\/wp-content\/uploads\/IMG_20221214_110310_900.jpg?fit=890%2C501&amp;ssl=1\" data-orig-size=\"890,501\" data-comments-opened=\"0\" data-image-meta=\"{&quot;aperture&quot;:&quot;1.9&quot;,&quot;credit&quot;:&quot;&quot;,&quot;camera&quot;:&quot;M2007J17G&quot;,&quot;caption&quot;:&quot;&quot;,&quot;created_timestamp&quot;:&quot;1671015790&quot;,&quot;copyright&quot;:&quot;&quot;,&quot;focal_length&quot;:&quot;5.43&quot;,&quot;iso&quot;:&quot;61&quot;,&quot;shutter_speed&quot;:&quot;0.01&quot;,&quot;title&quot;:&quot;&quot;,&quot;orientation&quot;:&quot;0&quot;}\" data-image-title=\"IMG_20221214_110310_900\" data-image-description=\"\" data-image-caption=\"\" data-large-file=\"https:\/\/i0.wp.com\/deltaimage.de\/wp\/wp-content\/uploads\/IMG_20221214_110310_900.jpg?fit=890%2C501&amp;ssl=1\" class=\"aligncenter size-medium wp-image-38204\" src=\"https:\/\/i0.wp.com\/deltaimage.de\/wp\/wp-content\/uploads\/IMG_20221214_110310_900.jpg?resize=890%2C501&#038;ssl=1\" alt=\"\" width=\"890\" height=\"501\" srcset=\"https:\/\/i0.wp.com\/deltaimage.de\/wp\/wp-content\/uploads\/IMG_20221214_110310_900.jpg?w=890&amp;ssl=1 890w, https:\/\/i0.wp.com\/deltaimage.de\/wp\/wp-content\/uploads\/IMG_20221214_110310_900.jpg?resize=300%2C169&amp;ssl=1 300w, https:\/\/i0.wp.com\/deltaimage.de\/wp\/wp-content\/uploads\/IMG_20221214_110310_900.jpg?resize=799%2C450&amp;ssl=1 799w, https:\/\/i0.wp.com\/deltaimage.de\/wp\/wp-content\/uploads\/IMG_20221214_110310_900.jpg?resize=711%2C400&amp;ssl=1 711w\" sizes=\"auto, (max-width: 890px) 100vw, 890px\" \/><\/p>\n<p>Nach zwei Stunden waren wir wieder zur\u00fcck, beim letzten Motivhalt am Moosbach ging das Fotografieren auch immer schwieriger.<\/p>\n<p>&nbsp;<\/p>\n<h2>Kamera und Objektiv wurde von einem Eispanzer \u00fcberzogen<\/h2>\n<p>Auf dem Fotoger\u00e4t war nicht etwas regen. Nein, der Regen fror unmittelbar als d\u00fcnne Eisschicht an den Oberfl\u00e4chen fest.<\/p>\n<p><img data-recalc-dims=\"1\" loading=\"lazy\" decoding=\"async\" data-attachment-id=\"38203\" data-permalink=\"https:\/\/deltaimage.de\/wp\/?attachment_id=38203#main\" data-orig-file=\"https:\/\/i0.wp.com\/deltaimage.de\/wp\/wp-content\/uploads\/IMG_20221214_110725_900.jpg?fit=890%2C501&amp;ssl=1\" data-orig-size=\"890,501\" data-comments-opened=\"0\" data-image-meta=\"{&quot;aperture&quot;:&quot;2.4&quot;,&quot;credit&quot;:&quot;&quot;,&quot;camera&quot;:&quot;M2007J17G&quot;,&quot;caption&quot;:&quot;&quot;,&quot;created_timestamp&quot;:&quot;1671016045&quot;,&quot;copyright&quot;:&quot;&quot;,&quot;focal_length&quot;:&quot;1.93&quot;,&quot;iso&quot;:&quot;50&quot;,&quot;shutter_speed&quot;:&quot;0.0041666666666667&quot;,&quot;title&quot;:&quot;&quot;,&quot;orientation&quot;:&quot;0&quot;}\" data-image-title=\"IMG_20221214_110725_900\" data-image-description=\"\" data-image-caption=\"\" data-large-file=\"https:\/\/i0.wp.com\/deltaimage.de\/wp\/wp-content\/uploads\/IMG_20221214_110725_900.jpg?fit=890%2C501&amp;ssl=1\" class=\"aligncenter size-medium wp-image-38203\" src=\"https:\/\/i0.wp.com\/deltaimage.de\/wp\/wp-content\/uploads\/IMG_20221214_110725_900.jpg?resize=890%2C501&#038;ssl=1\" alt=\"\" width=\"890\" height=\"501\" srcset=\"https:\/\/i0.wp.com\/deltaimage.de\/wp\/wp-content\/uploads\/IMG_20221214_110725_900.jpg?w=890&amp;ssl=1 890w, https:\/\/i0.wp.com\/deltaimage.de\/wp\/wp-content\/uploads\/IMG_20221214_110725_900.jpg?resize=300%2C169&amp;ssl=1 300w, https:\/\/i0.wp.com\/deltaimage.de\/wp\/wp-content\/uploads\/IMG_20221214_110725_900.jpg?resize=799%2C450&amp;ssl=1 799w, https:\/\/i0.wp.com\/deltaimage.de\/wp\/wp-content\/uploads\/IMG_20221214_110725_900.jpg?resize=711%2C400&amp;ssl=1 711w\" sizes=\"auto, (max-width: 890px) 100vw, 890px\" \/><\/p>\n<p>Sp\u00e4testens da merkt der Fotograf den Unterschied zwischen der fr\u00fcheren Profikamera und einer einfacheren Consumer-Kamera zu sch\u00e4tzen. Das Licht war ganz herrlich, alle Bedienung war halt etwas m\u00fchsamer.<\/p>\n<p>&nbsp;<\/p>\n<h2>Die Kamera und Objektiv besonders sorgf\u00e4ltig wieder ins Warme bringen<\/h2>\n<p>Oder besser noch, zuerst ins Kalte. Ein schneller Temperaturanstieg ist unbedingt zu vermeiden, sonst kondensiert die Luftfeuchtigkeit im Inneren der Kamera und Objektive und das kann bleibende Sch\u00e4den hinterlassen.<\/p>\n<p><img data-recalc-dims=\"1\" loading=\"lazy\" decoding=\"async\" data-attachment-id=\"38202\" data-permalink=\"https:\/\/deltaimage.de\/wp\/?attachment_id=38202#main\" data-orig-file=\"https:\/\/i0.wp.com\/deltaimage.de\/wp\/wp-content\/uploads\/IMG_20221214_110635_900.jpg?fit=890%2C501&amp;ssl=1\" data-orig-size=\"890,501\" data-comments-opened=\"0\" data-image-meta=\"{&quot;aperture&quot;:&quot;1.9&quot;,&quot;credit&quot;:&quot;&quot;,&quot;camera&quot;:&quot;M2007J17G&quot;,&quot;caption&quot;:&quot;&quot;,&quot;created_timestamp&quot;:&quot;1671015995&quot;,&quot;copyright&quot;:&quot;&quot;,&quot;focal_length&quot;:&quot;5.43&quot;,&quot;iso&quot;:&quot;50&quot;,&quot;shutter_speed&quot;:&quot;0.01&quot;,&quot;title&quot;:&quot;&quot;,&quot;orientation&quot;:&quot;0&quot;}\" data-image-title=\"IMG_20221214_110635_900\" data-image-description=\"\" data-image-caption=\"\" data-large-file=\"https:\/\/i0.wp.com\/deltaimage.de\/wp\/wp-content\/uploads\/IMG_20221214_110635_900.jpg?fit=890%2C501&amp;ssl=1\" class=\"aligncenter size-full wp-image-38202\" src=\"https:\/\/i0.wp.com\/deltaimage.de\/wp\/wp-content\/uploads\/IMG_20221214_110635_900.jpg?resize=890%2C501&#038;ssl=1\" alt=\"\" width=\"890\" height=\"501\" srcset=\"https:\/\/i0.wp.com\/deltaimage.de\/wp\/wp-content\/uploads\/IMG_20221214_110635_900.jpg?w=890&amp;ssl=1 890w, https:\/\/i0.wp.com\/deltaimage.de\/wp\/wp-content\/uploads\/IMG_20221214_110635_900.jpg?resize=300%2C169&amp;ssl=1 300w, https:\/\/i0.wp.com\/deltaimage.de\/wp\/wp-content\/uploads\/IMG_20221214_110635_900.jpg?resize=799%2C450&amp;ssl=1 799w, https:\/\/i0.wp.com\/deltaimage.de\/wp\/wp-content\/uploads\/IMG_20221214_110635_900.jpg?resize=711%2C400&amp;ssl=1 711w\" sizes=\"auto, (max-width: 890px) 100vw, 890px\" \/><\/p>\n<p>Die Ger\u00e4te werden in eine Decke, ein Handtuch, oder \u00e4hnliches eingewickelt, sodass die auftauende Feuchtigkeit auch gleich aufgenommen werden kann. Lieber langsam und in mehreren Schritten auftauen, dann \u00fcberstehen die Fotoger\u00e4te sowas auch ohne Schwierigkeiten.<\/p>\n<p>Dann noch ganz vorsichtig nach Hause kommen, sodass nichts mehr passiert.<\/p>\n","protected":false},"excerpt":{"rendered":"<p>Der Wetterbericht sagt f\u00fcr diesen Tag \u00fcberfrierenden Eisregen voraus. Wir wollen trotzdem in der N\u00e4he einige Fotomotive im Dachauer Moos aufsuchen. Der Wetterbericht hatte mal wieder recht, vom Regen ging [&hellip;]<\/p>\n","protected":false},"author":1,"featured_media":38205,"comment_status":"open","ping_status":"open","sticky":false,"template":"","format":"standard","meta":{"wpupg_custom_link":[],"wpupg_custom_link_behaviour":["default"],"wpupg_custom_link_nofollow":["default"],"wpupg_custom_image":[],"wpupg_custom_image_id":[],"jetpack_post_was_ever_published":false,"footnotes":""},"categories":[3010,2523,848,8],"tags":[775,3393,3392,620],"class_list":["post-38201","post","type-post","status-publish","format-standard","has-post-thumbnail","hentry","category-dachauer-land","category-dachauer-moos","category-fotografie","category-news","tag-dachauer-moos","tag-eisregen","tag-kaelte","tag-schwarzhoelzl"],"jetpack_featured_media_url":"https:\/\/i0.wp.com\/deltaimage.de\/wp\/wp-content\/uploads\/IMG_20221214_110255_1200.jpg?fit=1200%2C450&ssl=1","jetpack-related-posts":[{"id":38209,"url":"https:\/\/deltaimage.de\/wp\/?p=38209","url_meta":{"origin":38201,"position":0},"title":"Winter im Dachauer Moos im Dezember","author":"EschbacP","date":"24. Dezember 2022","format":false,"excerpt":"Der Winter bietet im Moos ein ganz anderes Gesicht, dem Fotografen und der BesucherIn. Der kleine See empf\u00e4ngt uns Fotografen mit einem herrlichen Nebel \u00fcber der Wasserfl\u00e4che. Die flache und monotone Landschaft f\u00e4ngt das Auge erst wieder an der n\u00e4chsten Baumreihe, oder am n\u00e4chsten Graben. Gerade dies ist die Zeit\u2026","rel":"","context":"In &quot;Dachauer Land&quot;","block_context":{"text":"Dachauer Land","link":"https:\/\/deltaimage.de\/wp\/?cat=3010"},"img":{"alt_text":"","src":"https:\/\/i0.wp.com\/deltaimage.de\/wp\/wp-content\/uploads\/PE1S1359_1200.jpg?fit=1200%2C450&ssl=1&resize=350%2C200","width":350,"height":200,"srcset":"https:\/\/i0.wp.com\/deltaimage.de\/wp\/wp-content\/uploads\/PE1S1359_1200.jpg?fit=1200%2C450&ssl=1&resize=350%2C200 1x, https:\/\/i0.wp.com\/deltaimage.de\/wp\/wp-content\/uploads\/PE1S1359_1200.jpg?fit=1200%2C450&ssl=1&resize=525%2C300 1.5x, https:\/\/i0.wp.com\/deltaimage.de\/wp\/wp-content\/uploads\/PE1S1359_1200.jpg?fit=1200%2C450&ssl=1&resize=700%2C400 2x, https:\/\/i0.wp.com\/deltaimage.de\/wp\/wp-content\/uploads\/PE1S1359_1200.jpg?fit=1200%2C450&ssl=1&resize=1050%2C600 3x"},"classes":[]},{"id":47567,"url":"https:\/\/deltaimage.de\/wp\/?p=47567","url_meta":{"origin":38201,"position":1},"title":"Buch-Neuvorstellung &#8211; Dachauer Moos: Schwarzh\u00f6lzl, Krenmoos &#038; Regatta-Anlage von Paul Eschbach","author":"EschbacP","date":"22. Januar 2025","format":false,"excerpt":"Buch-Neuvorstellung: FOTO-BILDBAND zum Schwarzh\u00f6lzl und Krenmoos DELTA IMAGE - Eigenverlag stellt einen neuen FOTO-BILDBAND\u00a0zum Dachauer Moos vor. Der Foto-Bildband zum Schwarzh\u00f6lzl und Krenmoos vom Dachauer Fotografen Paul Eschbach sucht im zweiten Band der FOTO-BILDBAND-Reihe wieder nach den Sch\u00f6nheiten in der Natur- und Kulturlandschaft. Das gr\u00f6\u00dfte Naturschutzgebiet (NSG) im Landkreis Dachau\u2026","rel":"","context":"In &quot;Buch&quot;","block_context":{"text":"Buch","link":"https:\/\/deltaimage.de\/wp\/?cat=1189"},"img":{"alt_text":"","src":"https:\/\/i0.wp.com\/deltaimage.de\/wp\/wp-content\/uploads\/Plakat_Schwarzhoelzl_1200.jpg?fit=1198%2C450&ssl=1&resize=350%2C200","width":350,"height":200,"srcset":"https:\/\/i0.wp.com\/deltaimage.de\/wp\/wp-content\/uploads\/Plakat_Schwarzhoelzl_1200.jpg?fit=1198%2C450&ssl=1&resize=350%2C200 1x, https:\/\/i0.wp.com\/deltaimage.de\/wp\/wp-content\/uploads\/Plakat_Schwarzhoelzl_1200.jpg?fit=1198%2C450&ssl=1&resize=525%2C300 1.5x, https:\/\/i0.wp.com\/deltaimage.de\/wp\/wp-content\/uploads\/Plakat_Schwarzhoelzl_1200.jpg?fit=1198%2C450&ssl=1&resize=700%2C400 2x, https:\/\/i0.wp.com\/deltaimage.de\/wp\/wp-content\/uploads\/Plakat_Schwarzhoelzl_1200.jpg?fit=1198%2C450&ssl=1&resize=1050%2C600 3x"},"classes":[]},{"id":37150,"url":"https:\/\/deltaimage.de\/wp\/?p=37150","url_meta":{"origin":38201,"position":2},"title":"Herbst &#8211; Dachauer Moos &#8211; Morgenstimmung","author":"EschbacP","date":"13. Oktober 2022","format":false,"excerpt":"Der Herbst steht im Dachauer Moos inzwischen im leuchtenden Spiel der Farben aus Gelb, Rot und Violett. Woche um Woche vergeht und das Wetter dreht nicht unbedingt nach sch\u00f6n, sonnig und warm. Vielleicht auch gut so in manchen Jahren war der Farbwechsel der Bl\u00e4tter zu sp\u00e4t und die Bl\u00e4tter vielen\u2026","rel":"","context":"In &quot;Dachauer Land&quot;","block_context":{"text":"Dachauer Land","link":"https:\/\/deltaimage.de\/wp\/?cat=3010"},"img":{"alt_text":"","src":"https:\/\/i0.wp.com\/deltaimage.de\/wp\/wp-content\/uploads\/PE1S0073_1200-3.jpg?fit=1200%2C450&ssl=1&resize=350%2C200","width":350,"height":200,"srcset":"https:\/\/i0.wp.com\/deltaimage.de\/wp\/wp-content\/uploads\/PE1S0073_1200-3.jpg?fit=1200%2C450&ssl=1&resize=350%2C200 1x, https:\/\/i0.wp.com\/deltaimage.de\/wp\/wp-content\/uploads\/PE1S0073_1200-3.jpg?fit=1200%2C450&ssl=1&resize=525%2C300 1.5x, https:\/\/i0.wp.com\/deltaimage.de\/wp\/wp-content\/uploads\/PE1S0073_1200-3.jpg?fit=1200%2C450&ssl=1&resize=700%2C400 2x, https:\/\/i0.wp.com\/deltaimage.de\/wp\/wp-content\/uploads\/PE1S0073_1200-3.jpg?fit=1200%2C450&ssl=1&resize=1050%2C600 3x"},"classes":[]},{"id":47543,"url":"https:\/\/deltaimage.de\/wp\/?p=47543","url_meta":{"origin":38201,"position":3},"title":"Schwarzh\u00f6lzl im Winter mit einem sonnigen Sonntag","author":"EschbacP","date":"21. Januar 2025","format":false,"excerpt":"Der Herbst 2024 und der Winter 2024\/2025 erscheint hier im Dachauer Moos sehr einheitlich und dauerhaft unter einem Hochnebel zu liegen. Die Landschaft liegt fotografisch in einem tr\u00fcben und wenig spektakul\u00e4ren Licht, was wiederum Auswirkungen bei der Suche nach spannenden Bildmotiven hat. In keinem der letzten 30 Jahre, war ich\u2026","rel":"","context":"In &quot;Dachauer Land&quot;","block_context":{"text":"Dachauer Land","link":"https:\/\/deltaimage.de\/wp\/?cat=3010"},"img":{"alt_text":"","src":"https:\/\/i0.wp.com\/deltaimage.de\/wp\/wp-content\/uploads\/PED48569_1200.jpg?fit=1200%2C450&ssl=1&resize=350%2C200","width":350,"height":200,"srcset":"https:\/\/i0.wp.com\/deltaimage.de\/wp\/wp-content\/uploads\/PED48569_1200.jpg?fit=1200%2C450&ssl=1&resize=350%2C200 1x, https:\/\/i0.wp.com\/deltaimage.de\/wp\/wp-content\/uploads\/PED48569_1200.jpg?fit=1200%2C450&ssl=1&resize=525%2C300 1.5x, https:\/\/i0.wp.com\/deltaimage.de\/wp\/wp-content\/uploads\/PED48569_1200.jpg?fit=1200%2C450&ssl=1&resize=700%2C400 2x, https:\/\/i0.wp.com\/deltaimage.de\/wp\/wp-content\/uploads\/PED48569_1200.jpg?fit=1200%2C450&ssl=1&resize=1050%2C600 3x"},"classes":[]},{"id":40591,"url":"https:\/\/deltaimage.de\/wp\/?p=40591","url_meta":{"origin":38201,"position":4},"title":"Sonne und Gewitterwolken wechseln sich \u00fcber dem Dachauer Moos ab","author":"EschbacP","date":"30. Juli 2023","format":false,"excerpt":"Nach 2,5 Monaten mit Dauer-Sonne und Trockenheit, Land-ein und Land-aus, freue ich mich \u00fcber jede Form der Abwechslung am Himmel. Regen - ganz toll. Gewitter - ja auch gerne. In den letzten Tagen erinnert das Wetter eher an britische Verh\u00e4ltnisse und das ist ausnahmsweise auch mal positiv: Jeden Tag und\u2026","rel":"","context":"In &quot;Dachauer Land&quot;","block_context":{"text":"Dachauer Land","link":"https:\/\/deltaimage.de\/wp\/?cat=3010"},"img":{"alt_text":"","src":"https:\/\/i0.wp.com\/deltaimage.de\/wp\/wp-content\/uploads\/PANO_20230730_104712_1200.jpg?fit=1200%2C389&ssl=1&resize=350%2C200","width":350,"height":200,"srcset":"https:\/\/i0.wp.com\/deltaimage.de\/wp\/wp-content\/uploads\/PANO_20230730_104712_1200.jpg?fit=1200%2C389&ssl=1&resize=350%2C200 1x, https:\/\/i0.wp.com\/deltaimage.de\/wp\/wp-content\/uploads\/PANO_20230730_104712_1200.jpg?fit=1200%2C389&ssl=1&resize=525%2C300 1.5x, https:\/\/i0.wp.com\/deltaimage.de\/wp\/wp-content\/uploads\/PANO_20230730_104712_1200.jpg?fit=1200%2C389&ssl=1&resize=700%2C400 2x, https:\/\/i0.wp.com\/deltaimage.de\/wp\/wp-content\/uploads\/PANO_20230730_104712_1200.jpg?fit=1200%2C389&ssl=1&resize=1050%2C600 3x"},"classes":[]},{"id":52436,"url":"https:\/\/deltaimage.de\/wp\/?p=52436","url_meta":{"origin":38201,"position":5},"title":"FOTO-Ausstellung von Paul Eschbach zum Dachauer Moos ist vorbereitet!","author":"EschbacP","date":"10. Oktober 2025","format":false,"excerpt":"In der Volkshochschule Bergkirchen (vhs Bergkirchen) beginnt ab 17. Oktober 2025 eine neue FOTO-Ausstellung zum Dachauer Moos vom Dachauer Fotografen Paul Eschbach mit einer \u00f6ffentlichen Vernissage am Freitag, 17.10.2025 18:30 Uhr. Die Weitl\u00e4ufigkeit und die Sch\u00f6nheit des Dachauer Mooses zeigt Paul Eschbach in seiner FOTO-Ausstellung mit 20 gro\u00dfformatigen Farbfotos in\u2026","rel":"","context":"In &quot;Dachauer Land&quot;","block_context":{"text":"Dachauer Land","link":"https:\/\/deltaimage.de\/wp\/?cat=3010"},"img":{"alt_text":"","src":"https:\/\/i0.wp.com\/deltaimage.de\/wp\/wp-content\/uploads\/1760109157303_1200.jpg?fit=1200%2C450&ssl=1&resize=350%2C200","width":350,"height":200,"srcset":"https:\/\/i0.wp.com\/deltaimage.de\/wp\/wp-content\/uploads\/1760109157303_1200.jpg?fit=1200%2C450&ssl=1&resize=350%2C200 1x, https:\/\/i0.wp.com\/deltaimage.de\/wp\/wp-content\/uploads\/1760109157303_1200.jpg?fit=1200%2C450&ssl=1&resize=525%2C300 1.5x, https:\/\/i0.wp.com\/deltaimage.de\/wp\/wp-content\/uploads\/1760109157303_1200.jpg?fit=1200%2C450&ssl=1&resize=700%2C400 2x, https:\/\/i0.wp.com\/deltaimage.de\/wp\/wp-content\/uploads\/1760109157303_1200.jpg?fit=1200%2C450&ssl=1&resize=1050%2C600 3x"},"classes":[]}],"jetpack_sharing_enabled":true,"_links":{"self":[{"href":"https:\/\/deltaimage.de\/wp\/index.php?rest_route=\/wp\/v2\/posts\/38201","targetHints":{"allow":["GET"]}}],"collection":[{"href":"https:\/\/deltaimage.de\/wp\/index.php?rest_route=\/wp\/v2\/posts"}],"about":[{"href":"https:\/\/deltaimage.de\/wp\/index.php?rest_route=\/wp\/v2\/types\/post"}],"author":[{"embeddable":true,"href":"https:\/\/deltaimage.de\/wp\/index.php?rest_route=\/wp\/v2\/users\/1"}],"replies":[{"embeddable":true,"href":"https:\/\/deltaimage.de\/wp\/index.php?rest_route=%2Fwp%2Fv2%2Fcomments&post=38201"}],"version-history":[{"count":4,"href":"https:\/\/deltaimage.de\/wp\/index.php?rest_route=\/wp\/v2\/posts\/38201\/revisions"}],"predecessor-version":[{"id":51435,"href":"https:\/\/deltaimage.de\/wp\/index.php?rest_route=\/wp\/v2\/posts\/38201\/revisions\/51435"}],"wp:featuredmedia":[{"embeddable":true,"href":"https:\/\/deltaimage.de\/wp\/index.php?rest_route=\/wp\/v2\/media\/38205"}],"wp:attachment":[{"href":"https:\/\/deltaimage.de\/wp\/index.php?rest_route=%2Fwp%2Fv2%2Fmedia&parent=38201"}],"wp:term":[{"taxonomy":"category","embeddable":true,"href":"https:\/\/deltaimage.de\/wp\/index.php?rest_route=%2Fwp%2Fv2%2Fcategories&post=38201"},{"taxonomy":"post_tag","embeddable":true,"href":"https:\/\/deltaimage.de\/wp\/index.php?rest_route=%2Fwp%2Fv2%2Ftags&post=38201"}],"curies":[{"name":"wp","href":"https:\/\/api.w.org\/{rel}","templated":true}]}}