{"id":38641,"date":"2023-01-20T17:22:02","date_gmt":"2023-01-20T16:22:02","guid":{"rendered":"https:\/\/deltaimage.de\/wp\/?p=38641"},"modified":"2025-08-21T17:39:13","modified_gmt":"2025-08-21T15:39:13","slug":"zum-richtigen-zeitpunkt-am-richtigen-ort-auch-mit-dem-smartphone","status":"publish","type":"post","link":"https:\/\/deltaimage.de\/wp\/?p=38641","title":{"rendered":"Zum richtigen Zeitpunkt am richtigen Ort &#8211; auch mit dem Smartphone"},"content":{"rendered":"<p>Hereinspaziert, in die wunderbare Motiv-Welt in Wien aus den Epochen der imperialen Macht der <strong>Habsburger<\/strong> und <strong>\u00d6sterreichs<\/strong>. Vom Wiener Hauptbahnhof, fr\u00fcher S\u00fcdbahnhof, ist es nur ein Katzensprung in das <strong>Schloss Belvedere<\/strong>, dem barocken Stadtpalais von <strong>Prinz Eugen von Savoyen<\/strong>.<\/p>\n<p><img data-recalc-dims=\"1\" loading=\"lazy\" decoding=\"async\" data-attachment-id=\"38644\" data-permalink=\"https:\/\/deltaimage.de\/wp\/?attachment_id=38644#main\" data-orig-file=\"https:\/\/i0.wp.com\/deltaimage.de\/wp\/wp-content\/uploads\/IMG_20230118_134135_900.jpg?fit=890%2C501&amp;ssl=1\" data-orig-size=\"890,501\" data-comments-opened=\"0\" data-image-meta=\"{&quot;aperture&quot;:&quot;1.9&quot;,&quot;credit&quot;:&quot;&quot;,&quot;camera&quot;:&quot;M2007J17G&quot;,&quot;caption&quot;:&quot;&quot;,&quot;created_timestamp&quot;:&quot;1674049296&quot;,&quot;copyright&quot;:&quot;&quot;,&quot;focal_length&quot;:&quot;5.43&quot;,&quot;iso&quot;:&quot;50&quot;,&quot;shutter_speed&quot;:&quot;0.00043478260869565&quot;,&quot;title&quot;:&quot;&quot;,&quot;orientation&quot;:&quot;0&quot;}\" data-image-title=\"IMG_20230118_134135_900\" data-image-description=\"\" data-image-caption=\"\" data-large-file=\"https:\/\/i0.wp.com\/deltaimage.de\/wp\/wp-content\/uploads\/IMG_20230118_134135_900.jpg?fit=890%2C501&amp;ssl=1\" class=\"aligncenter size-full wp-image-38644\" src=\"https:\/\/i0.wp.com\/deltaimage.de\/wp\/wp-content\/uploads\/IMG_20230118_134135_900.jpg?resize=890%2C501&#038;ssl=1\" alt=\"\" width=\"890\" height=\"501\" srcset=\"https:\/\/i0.wp.com\/deltaimage.de\/wp\/wp-content\/uploads\/IMG_20230118_134135_900.jpg?w=890&amp;ssl=1 890w, https:\/\/i0.wp.com\/deltaimage.de\/wp\/wp-content\/uploads\/IMG_20230118_134135_900.jpg?resize=300%2C169&amp;ssl=1 300w, https:\/\/i0.wp.com\/deltaimage.de\/wp\/wp-content\/uploads\/IMG_20230118_134135_900.jpg?resize=799%2C450&amp;ssl=1 799w, https:\/\/i0.wp.com\/deltaimage.de\/wp\/wp-content\/uploads\/IMG_20230118_134135_900.jpg?resize=711%2C400&amp;ssl=1 711w\" sizes=\"auto, (max-width: 890px) 100vw, 890px\" \/><\/p>\n<p><!--more--><\/p>\n<p>&nbsp;<\/p>\n<h2>Licht und Stimmung sind in der Fotografie bedeutend<\/h2>\n<p>Wenn ich schon mal im oberen Belvedere bin, dann fotografiere ich doch einmal wie ein Tourist das <strong>obere Belvedere<\/strong>. Wir werden gleich sehen, das Licht und damit die Stimmung ist absolut bedeutend in der Fotografie. Wenn dies passt, ist der Fotoapparat nicht mehr so wichtig, auch (oder gerade) ein Smartphone kann dann ganz hervorragende Bilder machen, die auch als JPEG noch hinreichend gut f\u00fcr die Verwendung im Blog bearbeitet werden k\u00f6nnen.<\/p>\n<p><img data-recalc-dims=\"1\" loading=\"lazy\" decoding=\"async\" data-attachment-id=\"38649\" data-permalink=\"https:\/\/deltaimage.de\/wp\/?attachment_id=38649#main\" data-orig-file=\"https:\/\/i0.wp.com\/deltaimage.de\/wp\/wp-content\/uploads\/IMG_20230118_134204_900.jpg?fit=890%2C501&amp;ssl=1\" data-orig-size=\"890,501\" data-comments-opened=\"0\" data-image-meta=\"{&quot;aperture&quot;:&quot;1.9&quot;,&quot;credit&quot;:&quot;&quot;,&quot;camera&quot;:&quot;M2007J17G&quot;,&quot;caption&quot;:&quot;&quot;,&quot;created_timestamp&quot;:&quot;1674049324&quot;,&quot;copyright&quot;:&quot;&quot;,&quot;focal_length&quot;:&quot;5.43&quot;,&quot;iso&quot;:&quot;50&quot;,&quot;shutter_speed&quot;:&quot;0.0008&quot;,&quot;title&quot;:&quot;&quot;,&quot;orientation&quot;:&quot;0&quot;}\" data-image-title=\"IMG_20230118_134204_900\" data-image-description=\"\" data-image-caption=\"\" data-large-file=\"https:\/\/i0.wp.com\/deltaimage.de\/wp\/wp-content\/uploads\/IMG_20230118_134204_900.jpg?fit=890%2C501&amp;ssl=1\" class=\"aligncenter size-medium wp-image-38649\" src=\"https:\/\/i0.wp.com\/deltaimage.de\/wp\/wp-content\/uploads\/IMG_20230118_134204_900.jpg?resize=890%2C501&#038;ssl=1\" alt=\"\" width=\"890\" height=\"501\" srcset=\"https:\/\/i0.wp.com\/deltaimage.de\/wp\/wp-content\/uploads\/IMG_20230118_134204_900.jpg?w=890&amp;ssl=1 890w, https:\/\/i0.wp.com\/deltaimage.de\/wp\/wp-content\/uploads\/IMG_20230118_134204_900.jpg?resize=300%2C169&amp;ssl=1 300w, https:\/\/i0.wp.com\/deltaimage.de\/wp\/wp-content\/uploads\/IMG_20230118_134204_900.jpg?resize=799%2C450&amp;ssl=1 799w, https:\/\/i0.wp.com\/deltaimage.de\/wp\/wp-content\/uploads\/IMG_20230118_134204_900.jpg?resize=711%2C400&amp;ssl=1 711w\" sizes=\"auto, (max-width: 890px) 100vw, 890px\" \/><\/p>\n<p>Da sein oder nicht ist die Frage. Die Sonne steht im R\u00fccken und macht den Bildschirm ziemlich schwierig zu bedienen.<\/p>\n<p><img data-recalc-dims=\"1\" loading=\"lazy\" decoding=\"async\" data-attachment-id=\"38648\" data-permalink=\"https:\/\/deltaimage.de\/wp\/?attachment_id=38648#main\" data-orig-file=\"https:\/\/i0.wp.com\/deltaimage.de\/wp\/wp-content\/uploads\/IMG_20230118_134254_900.jpg?fit=890%2C501&amp;ssl=1\" data-orig-size=\"890,501\" data-comments-opened=\"0\" data-image-meta=\"{&quot;aperture&quot;:&quot;1.9&quot;,&quot;credit&quot;:&quot;&quot;,&quot;camera&quot;:&quot;M2007J17G&quot;,&quot;caption&quot;:&quot;&quot;,&quot;created_timestamp&quot;:&quot;1674049374&quot;,&quot;copyright&quot;:&quot;&quot;,&quot;focal_length&quot;:&quot;5.43&quot;,&quot;iso&quot;:&quot;50&quot;,&quot;shutter_speed&quot;:&quot;0.000625&quot;,&quot;title&quot;:&quot;&quot;,&quot;orientation&quot;:&quot;0&quot;}\" data-image-title=\"IMG_20230118_134254_900\" data-image-description=\"\" data-image-caption=\"\" data-large-file=\"https:\/\/i0.wp.com\/deltaimage.de\/wp\/wp-content\/uploads\/IMG_20230118_134254_900.jpg?fit=890%2C501&amp;ssl=1\" class=\"aligncenter size-medium wp-image-38648\" src=\"https:\/\/i0.wp.com\/deltaimage.de\/wp\/wp-content\/uploads\/IMG_20230118_134254_900.jpg?resize=890%2C501&#038;ssl=1\" alt=\"\" width=\"890\" height=\"501\" srcset=\"https:\/\/i0.wp.com\/deltaimage.de\/wp\/wp-content\/uploads\/IMG_20230118_134254_900.jpg?w=890&amp;ssl=1 890w, https:\/\/i0.wp.com\/deltaimage.de\/wp\/wp-content\/uploads\/IMG_20230118_134254_900.jpg?resize=300%2C169&amp;ssl=1 300w, https:\/\/i0.wp.com\/deltaimage.de\/wp\/wp-content\/uploads\/IMG_20230118_134254_900.jpg?resize=799%2C450&amp;ssl=1 799w, https:\/\/i0.wp.com\/deltaimage.de\/wp\/wp-content\/uploads\/IMG_20230118_134254_900.jpg?resize=711%2C400&amp;ssl=1 711w\" sizes=\"auto, (max-width: 890px) 100vw, 890px\" \/><\/p>\n<p>Das fertige Bild ist sehr \u00fcberzeugend geworden. Spiegelungen und Reflexionen sind sehr oft das fotografische Salz in der Suppe.<\/p>\n<p>Bei diesen Motiven ist die vordringlichste Aufgabe der Fotografin auch zu dieser Zeit, mit diesem Licht und einer Kamera zu sein. Die Bildhelligkeit konnte ich durch unterschiedliche Bildanteile von Hell und Dunkel ohne weitere Einstellungen ver\u00e4ndern, bis es au\u00dfen-richtig zu passen scheint. Bildbearbeitungs-richtig war das eben nicht, konnte in Lightroom mit \u00fcberschaubaren Anpassungen noch gut bearbeitet werden.<\/p>\n<p>&nbsp;<\/p>\n<h2>Das gro\u00dfe Panorama der Haupt- und Residenzstadt Wien<\/h2>\n<p>Welch eine pr\u00e4chtige Aussicht auf Wien, diese Location ist wohl auch dem Erfolg des &#8222;T\u00fcrkenbezwingers&#8220; Prinz Eugen von Savoyen angemessen gewesen. Er war auch zusammen mit dem <strong>bayerischen Churf\u00fcrsten Max II Emanuel von Bayern<\/strong> an den &#8222;T\u00fcrkenkriegen&#8220; beteiligt. Der Blaue Churf\u00fcrst aus Bayern befehligte die Churbayerischen Truppen und zeichnete sich ebenso in diesen Schlachten aus. Sp\u00e4ter sah Max Emanuel in der Schlacht von H\u00f6chst\u00e4dt den Prinzen von Savoyen als Gegner und Bezwinger wieder.<\/p>\n<p><img data-recalc-dims=\"1\" loading=\"lazy\" decoding=\"async\" data-attachment-id=\"38647\" data-permalink=\"https:\/\/deltaimage.de\/wp\/?attachment_id=38647#main\" data-orig-file=\"https:\/\/i0.wp.com\/deltaimage.de\/wp\/wp-content\/uploads\/IMG_20230118_134740_900.jpg?fit=890%2C501&amp;ssl=1\" data-orig-size=\"890,501\" data-comments-opened=\"0\" data-image-meta=\"{&quot;aperture&quot;:&quot;1.9&quot;,&quot;credit&quot;:&quot;&quot;,&quot;camera&quot;:&quot;M2007J17G&quot;,&quot;caption&quot;:&quot;&quot;,&quot;created_timestamp&quot;:&quot;1674049660&quot;,&quot;copyright&quot;:&quot;&quot;,&quot;focal_length&quot;:&quot;5.43&quot;,&quot;iso&quot;:&quot;50&quot;,&quot;shutter_speed&quot;:&quot;0.0014705882352941&quot;,&quot;title&quot;:&quot;&quot;,&quot;orientation&quot;:&quot;0&quot;}\" data-image-title=\"IMG_20230118_134740_900\" data-image-description=\"\" data-image-caption=\"\" data-large-file=\"https:\/\/i0.wp.com\/deltaimage.de\/wp\/wp-content\/uploads\/IMG_20230118_134740_900.jpg?fit=890%2C501&amp;ssl=1\" class=\"aligncenter size-medium wp-image-38647\" src=\"https:\/\/i0.wp.com\/deltaimage.de\/wp\/wp-content\/uploads\/IMG_20230118_134740_900.jpg?resize=890%2C501&#038;ssl=1\" alt=\"\" width=\"890\" height=\"501\" srcset=\"https:\/\/i0.wp.com\/deltaimage.de\/wp\/wp-content\/uploads\/IMG_20230118_134740_900.jpg?w=890&amp;ssl=1 890w, https:\/\/i0.wp.com\/deltaimage.de\/wp\/wp-content\/uploads\/IMG_20230118_134740_900.jpg?resize=300%2C169&amp;ssl=1 300w, https:\/\/i0.wp.com\/deltaimage.de\/wp\/wp-content\/uploads\/IMG_20230118_134740_900.jpg?resize=799%2C450&amp;ssl=1 799w, https:\/\/i0.wp.com\/deltaimage.de\/wp\/wp-content\/uploads\/IMG_20230118_134740_900.jpg?resize=711%2C400&amp;ssl=1 711w\" sizes=\"auto, (max-width: 890px) 100vw, 890px\" \/><\/p>\n<p>&nbsp;<\/p>\n<h2>Gegenlicht und was nun?<\/h2>\n<p>Das obere Belvedere steht doch vom Garten aus gesehen jetzt ziemlich doof &#8211; absolutes Gegenlicht mit relativ harter und schon Jahreszeit-bedingt tief stehender Sonne. Eine gute Gelegenheit, das auch gleich einmal zu testen. Ich fotografiere bewusst im JPEG Format, was die fotografischen M\u00f6glichkeiten der Bildnachbearbeitung sehr einschr\u00e4nken wird.<\/p>\n<p><img data-recalc-dims=\"1\" loading=\"lazy\" decoding=\"async\" data-attachment-id=\"38645\" data-permalink=\"https:\/\/deltaimage.de\/wp\/?attachment_id=38645#main\" data-orig-file=\"https:\/\/i0.wp.com\/deltaimage.de\/wp\/wp-content\/uploads\/IMG_20230118_140003_900.jpg?fit=890%2C501&amp;ssl=1\" data-orig-size=\"890,501\" data-comments-opened=\"0\" data-image-meta=\"{&quot;aperture&quot;:&quot;1.9&quot;,&quot;credit&quot;:&quot;&quot;,&quot;camera&quot;:&quot;M2007J17G&quot;,&quot;caption&quot;:&quot;&quot;,&quot;created_timestamp&quot;:&quot;1674050403&quot;,&quot;copyright&quot;:&quot;&quot;,&quot;focal_length&quot;:&quot;5.43&quot;,&quot;iso&quot;:&quot;50&quot;,&quot;shutter_speed&quot;:&quot;0.00043478260869565&quot;,&quot;title&quot;:&quot;&quot;,&quot;orientation&quot;:&quot;0&quot;}\" data-image-title=\"IMG_20230118_140003_900\" data-image-description=\"\" data-image-caption=\"\" data-large-file=\"https:\/\/i0.wp.com\/deltaimage.de\/wp\/wp-content\/uploads\/IMG_20230118_140003_900.jpg?fit=890%2C501&amp;ssl=1\" class=\"aligncenter size-medium wp-image-38645\" src=\"https:\/\/i0.wp.com\/deltaimage.de\/wp\/wp-content\/uploads\/IMG_20230118_140003_900.jpg?resize=890%2C501&#038;ssl=1\" alt=\"\" width=\"890\" height=\"501\" srcset=\"https:\/\/i0.wp.com\/deltaimage.de\/wp\/wp-content\/uploads\/IMG_20230118_140003_900.jpg?w=890&amp;ssl=1 890w, https:\/\/i0.wp.com\/deltaimage.de\/wp\/wp-content\/uploads\/IMG_20230118_140003_900.jpg?resize=300%2C169&amp;ssl=1 300w, https:\/\/i0.wp.com\/deltaimage.de\/wp\/wp-content\/uploads\/IMG_20230118_140003_900.jpg?resize=799%2C450&amp;ssl=1 799w, https:\/\/i0.wp.com\/deltaimage.de\/wp\/wp-content\/uploads\/IMG_20230118_140003_900.jpg?resize=711%2C400&amp;ssl=1 711w\" sizes=\"auto, (max-width: 890px) 100vw, 890px\" \/><\/p>\n<p>Tiefe Schatten auf dem oberen Belvedere, was kann Lightroom aus den Schatten noch machen und wie empfinden Sie als BetrachterIn das fertige Bild.<\/p>\n<p>Das Bildmotiv des <strong>Schloss Belvedere<\/strong> entsprechend nachbearbeitet, hat einen sehr technischen Eindruck, nur bedingt gefallend. Ein weiteres Hineinzoomen ist praktisch nicht m\u00f6glich, die Grenze der Verwendung ist schon dieser Blogbeitrag.<\/p>\n<p><img data-recalc-dims=\"1\" loading=\"lazy\" decoding=\"async\" data-attachment-id=\"38651\" data-permalink=\"https:\/\/deltaimage.de\/wp\/?attachment_id=38651#main\" data-orig-file=\"https:\/\/i0.wp.com\/deltaimage.de\/wp\/wp-content\/uploads\/IMG_20230118_135046_900.jpg?fit=890%2C501&amp;ssl=1\" data-orig-size=\"890,501\" data-comments-opened=\"0\" data-image-meta=\"{&quot;aperture&quot;:&quot;1.9&quot;,&quot;credit&quot;:&quot;&quot;,&quot;camera&quot;:&quot;M2007J17G&quot;,&quot;caption&quot;:&quot;&quot;,&quot;created_timestamp&quot;:&quot;1674049847&quot;,&quot;copyright&quot;:&quot;&quot;,&quot;focal_length&quot;:&quot;5.43&quot;,&quot;iso&quot;:&quot;50&quot;,&quot;shutter_speed&quot;:&quot;0.0002&quot;,&quot;title&quot;:&quot;&quot;,&quot;orientation&quot;:&quot;0&quot;}\" data-image-title=\"IMG_20230118_135046_900\" data-image-description=\"\" data-image-caption=\"\" data-large-file=\"https:\/\/i0.wp.com\/deltaimage.de\/wp\/wp-content\/uploads\/IMG_20230118_135046_900.jpg?fit=890%2C501&amp;ssl=1\" class=\"aligncenter size-full wp-image-38651\" src=\"https:\/\/i0.wp.com\/deltaimage.de\/wp\/wp-content\/uploads\/IMG_20230118_135046_900.jpg?resize=890%2C501&#038;ssl=1\" alt=\"\" width=\"890\" height=\"501\" srcset=\"https:\/\/i0.wp.com\/deltaimage.de\/wp\/wp-content\/uploads\/IMG_20230118_135046_900.jpg?w=890&amp;ssl=1 890w, https:\/\/i0.wp.com\/deltaimage.de\/wp\/wp-content\/uploads\/IMG_20230118_135046_900.jpg?resize=300%2C169&amp;ssl=1 300w, https:\/\/i0.wp.com\/deltaimage.de\/wp\/wp-content\/uploads\/IMG_20230118_135046_900.jpg?resize=799%2C450&amp;ssl=1 799w, https:\/\/i0.wp.com\/deltaimage.de\/wp\/wp-content\/uploads\/IMG_20230118_135046_900.jpg?resize=711%2C400&amp;ssl=1 711w\" sizes=\"auto, (max-width: 890px) 100vw, 890px\" \/><\/p>\n<p>Und das bleibt aus einem Bild mit 12 MP \u00fcbrig.<\/p>\n<p><img data-recalc-dims=\"1\" loading=\"lazy\" decoding=\"async\" data-attachment-id=\"38655\" data-permalink=\"https:\/\/deltaimage.de\/wp\/?attachment_id=38655#main\" data-orig-file=\"https:\/\/i0.wp.com\/deltaimage.de\/wp\/wp-content\/uploads\/IMG_20230118_135046_900-2.jpg?fit=890%2C677&amp;ssl=1\" data-orig-size=\"890,677\" data-comments-opened=\"0\" data-image-meta=\"{&quot;aperture&quot;:&quot;1.9&quot;,&quot;credit&quot;:&quot;&quot;,&quot;camera&quot;:&quot;M2007J17G&quot;,&quot;caption&quot;:&quot;&quot;,&quot;created_timestamp&quot;:&quot;1674049847&quot;,&quot;copyright&quot;:&quot;&quot;,&quot;focal_length&quot;:&quot;5.43&quot;,&quot;iso&quot;:&quot;50&quot;,&quot;shutter_speed&quot;:&quot;0.0002&quot;,&quot;title&quot;:&quot;&quot;,&quot;orientation&quot;:&quot;0&quot;}\" data-image-title=\"IMG_20230118_135046_900-2\" data-image-description=\"\" data-image-caption=\"\" data-large-file=\"https:\/\/i0.wp.com\/deltaimage.de\/wp\/wp-content\/uploads\/IMG_20230118_135046_900-2.jpg?fit=890%2C677&amp;ssl=1\" class=\"aligncenter size-medium wp-image-38655\" src=\"https:\/\/i0.wp.com\/deltaimage.de\/wp\/wp-content\/uploads\/IMG_20230118_135046_900-2.jpg?resize=789%2C600&#038;ssl=1\" alt=\"\" width=\"789\" height=\"600\" srcset=\"https:\/\/i0.wp.com\/deltaimage.de\/wp\/wp-content\/uploads\/IMG_20230118_135046_900-2.jpg?resize=789%2C600&amp;ssl=1 789w, https:\/\/i0.wp.com\/deltaimage.de\/wp\/wp-content\/uploads\/IMG_20230118_135046_900-2.jpg?resize=263%2C200&amp;ssl=1 263w, https:\/\/i0.wp.com\/deltaimage.de\/wp\/wp-content\/uploads\/IMG_20230118_135046_900-2.jpg?resize=780%2C593&amp;ssl=1 780w, https:\/\/i0.wp.com\/deltaimage.de\/wp\/wp-content\/uploads\/IMG_20230118_135046_900-2.jpg?resize=592%2C450&amp;ssl=1 592w, https:\/\/i0.wp.com\/deltaimage.de\/wp\/wp-content\/uploads\/IMG_20230118_135046_900-2.jpg?resize=526%2C400&amp;ssl=1 526w, https:\/\/i0.wp.com\/deltaimage.de\/wp\/wp-content\/uploads\/IMG_20230118_135046_900-2.jpg?w=890&amp;ssl=1 890w\" sizes=\"auto, (max-width: 789px) 100vw, 789px\" \/><\/p>\n<p>Also mit Beschneiden ist dann nicht mehr viel drin. Muss vielleicht auch nicht. Nicht in diesem Motiv.<\/p>\n<p>&nbsp;<\/p>\n<h2>Fotografieren im Gegenlicht &#8211; bitte nicht.<\/h2>\n<p>Es ist anders und nicht unbedingt besser, wie denn auch.<\/p>\n<p>Das Fotografieren mit direkter Sonne von hinten auf den Monitor ist als fotografisches Erlebnis schon schrecklich. Das Fotografieren mit Gegenlicht, also der Sonne von Vorne ist &#8230;. Na ja, das hat mit fotografieren nicht mehr viel zu tun. Ich tue mich unendlich schwer, um \u00fcberhaupt den wei\u00dfen Ring zu treffen, um das Bild auszul\u00f6sen. Keine Haptik, keine Sicht &#8211; reines Trail und Error. Jedes Motiv wird 5-10 mal geknipst, in der Hoffnung, dass dann auch etwas mit dabei ist. Einfach nur schrecklich, und das kann nicht einmal an meinem Smartphone liegen, diese Probleme haben alle Smartphone aller Hersteller.<\/p>\n<p>Das <strong>Schloss Belvedere<\/strong> in <strong>Wien<\/strong> hat sich von seiner sch\u00f6nsten Seite gezeigt, viel besser geht auch im Fr\u00fchling oder Sommer nicht.<\/p>\n","protected":false},"excerpt":{"rendered":"<p>Hereinspaziert, in die wunderbare Motiv-Welt in Wien aus den Epochen der imperialen Macht der Habsburger und \u00d6sterreichs. Vom Wiener Hauptbahnhof, fr\u00fcher S\u00fcdbahnhof, ist es nur ein Katzensprung in das Schloss [&hellip;]<\/p>\n","protected":false},"author":1,"featured_media":38643,"comment_status":"open","ping_status":"open","sticky":false,"template":"","format":"standard","meta":{"wpupg_custom_link":[],"wpupg_custom_link_behaviour":["default"],"wpupg_custom_link_nofollow":["default"],"wpupg_custom_image":[],"wpupg_custom_image_id":[],"jetpack_post_was_ever_published":false,"footnotes":""},"categories":[8],"tags":[3402,3403,3400,1452,452],"class_list":["post-38641","post","type-post","status-publish","format-standard","has-post-thumbnail","hentry","category-news","tag-oberes-blevedere","tag-print-eugen-von-savoyen","tag-smartphone","tag-wien","tag-winter"],"jetpack_featured_media_url":"https:\/\/i0.wp.com\/deltaimage.de\/wp\/wp-content\/uploads\/IMG_20230118_134213_1200.jpg?fit=1200%2C450&ssl=1","jetpack-related-posts":[{"id":40490,"url":"https:\/\/deltaimage.de\/wp\/?p=40490","url_meta":{"origin":38641,"position":0},"title":"Schloss Hlubok\u00e1 nad Vltavou (Frauenberg) bei Nacht \u2013 BAYERWALDTEAM","author":"EschbacP","date":"11. August 2023","format":false,"excerpt":"\u00a0 Die Wirkung der sch\u00f6nsten Schlossanlage in S\u00fcdb\u00f6hmen auf den Betrachter zeigt sich auch und gerade nach Einbruch der Nacht. Hlubok\u00e1 ist sicherlich das bedeutendste Schloss hier und die N\u00e4he zum s\u00fcdb\u00f6hmischen Zentrum Budweis (\u010cesk\u00e9 Bud\u011bjovice) macht es zu einem Besuchermagnet ersten Ranges. Als ich ab Februar 2000 mit meinem\u2026","rel":"","context":"In &quot;BAYERWALDTEAM&quot;","block_context":{"text":"BAYERWALDTEAM","link":"https:\/\/deltaimage.de\/wp\/?cat=861"},"img":{"alt_text":"","src":"https:\/\/i0.wp.com\/deltaimage.de\/wp\/wp-content\/uploads\/PE1S2437_1200.jpg?fit=1200%2C450&ssl=1&resize=350%2C200","width":350,"height":200,"srcset":"https:\/\/i0.wp.com\/deltaimage.de\/wp\/wp-content\/uploads\/PE1S2437_1200.jpg?fit=1200%2C450&ssl=1&resize=350%2C200 1x, https:\/\/i0.wp.com\/deltaimage.de\/wp\/wp-content\/uploads\/PE1S2437_1200.jpg?fit=1200%2C450&ssl=1&resize=525%2C300 1.5x, https:\/\/i0.wp.com\/deltaimage.de\/wp\/wp-content\/uploads\/PE1S2437_1200.jpg?fit=1200%2C450&ssl=1&resize=700%2C400 2x, https:\/\/i0.wp.com\/deltaimage.de\/wp\/wp-content\/uploads\/PE1S2437_1200.jpg?fit=1200%2C450&ssl=1&resize=1050%2C600 3x"},"classes":[]},{"id":52861,"url":"https:\/\/deltaimage.de\/wp\/?p=52861","url_meta":{"origin":38641,"position":1},"title":"Herbst im Dachauer Land bei St. Stephanus in  Steinkirchen","author":"EschbacP","date":"31. Oktober 2025","format":false,"excerpt":"Eigentlich hatte ich ein anderes fotografisches Bildmotiv geplant, als ich mich auf den Weg nach Steinkirchen machte. Am Tag zuvor, waren Reste einer F\u00f6hn-artigen Wetterlage zu bewundern, die Alpen und die Zugspitze stand klar in 70 km Entfernung als Bildmotiv in weiter Ferne. So wollte ich diese Fernsicht mit der\u2026","rel":"","context":"In &quot;Dachauer Land&quot;","block_context":{"text":"Dachauer Land","link":"https:\/\/deltaimage.de\/wp\/?cat=3010"},"img":{"alt_text":"","src":"https:\/\/i0.wp.com\/deltaimage.de\/wp\/wp-content\/uploads\/PE1S0056_1200.jpg?fit=1200%2C450&ssl=1&resize=350%2C200","width":350,"height":200,"srcset":"https:\/\/i0.wp.com\/deltaimage.de\/wp\/wp-content\/uploads\/PE1S0056_1200.jpg?fit=1200%2C450&ssl=1&resize=350%2C200 1x, https:\/\/i0.wp.com\/deltaimage.de\/wp\/wp-content\/uploads\/PE1S0056_1200.jpg?fit=1200%2C450&ssl=1&resize=525%2C300 1.5x, https:\/\/i0.wp.com\/deltaimage.de\/wp\/wp-content\/uploads\/PE1S0056_1200.jpg?fit=1200%2C450&ssl=1&resize=700%2C400 2x, https:\/\/i0.wp.com\/deltaimage.de\/wp\/wp-content\/uploads\/PE1S0056_1200.jpg?fit=1200%2C450&ssl=1&resize=1050%2C600 3x"},"classes":[]},{"id":48382,"url":"https:\/\/deltaimage.de\/wp\/?p=48382","url_meta":{"origin":38641,"position":2},"title":"Graug\u00e4nse ziehen an den letzten Wintertagen \u00fcbers Krenmoos","author":"EschbacP","date":"16. M\u00e4rz 2025","format":false,"excerpt":"Ein ungem\u00fctlicher Tag im Niedermoor \u2013 eigentlich einer der letzten Wintertage. In wenigen Tagen ist der kalendarische Fr\u00fchlingsbeginn \u2013 dann beginnt das Leben in der Natur und im Moos. Die Farben im Moos wandeln sich im April dann schnell vom Grau und Braun in die Farbpaletten des Gr\u00fcns und Wei\u00df.\u2026","rel":"","context":"In &quot;Dachauer Land&quot;","block_context":{"text":"Dachauer Land","link":"https:\/\/deltaimage.de\/wp\/?cat=3010"},"img":{"alt_text":"","src":"https:\/\/i0.wp.com\/deltaimage.de\/wp\/wp-content\/uploads\/PED40272_1200.jpg?fit=1200%2C450&ssl=1&resize=350%2C200","width":350,"height":200,"srcset":"https:\/\/i0.wp.com\/deltaimage.de\/wp\/wp-content\/uploads\/PED40272_1200.jpg?fit=1200%2C450&ssl=1&resize=350%2C200 1x, https:\/\/i0.wp.com\/deltaimage.de\/wp\/wp-content\/uploads\/PED40272_1200.jpg?fit=1200%2C450&ssl=1&resize=525%2C300 1.5x, https:\/\/i0.wp.com\/deltaimage.de\/wp\/wp-content\/uploads\/PED40272_1200.jpg?fit=1200%2C450&ssl=1&resize=700%2C400 2x, https:\/\/i0.wp.com\/deltaimage.de\/wp\/wp-content\/uploads\/PED40272_1200.jpg?fit=1200%2C450&ssl=1&resize=1050%2C600 3x"},"classes":[]},{"id":36970,"url":"https:\/\/deltaimage.de\/wp\/?p=36970","url_meta":{"origin":38641,"position":3},"title":"Dachauer Moos &#8211; eine herbstliche Landschaft im Abendlicht","author":"EschbacP","date":"25. September 2022","format":false,"excerpt":"Ende September werden die Tage schon deutlich k\u00fcrzer und das ist f\u00fcr die FotografInnen mitunter von gro\u00dfem Vorteil. Im Hochsommer (Juni\/Juli\/August) ist Sonnenuntergang um 21.15 Uhr und auch sp\u00e4ter. Da werden die Abende zu einer langen Warterei und das Abendlicht und den Sonnenuntergang. Jetzt, Ende September geht die Sonne schon\u2026","rel":"","context":"In &quot;Dachauer Land&quot;","block_context":{"text":"Dachauer Land","link":"https:\/\/deltaimage.de\/wp\/?cat=3010"},"img":{"alt_text":"","src":"https:\/\/i0.wp.com\/deltaimage.de\/wp\/wp-content\/uploads\/IMG_8730_1200.jpg?fit=1200%2C450&ssl=1&resize=350%2C200","width":350,"height":200,"srcset":"https:\/\/i0.wp.com\/deltaimage.de\/wp\/wp-content\/uploads\/IMG_8730_1200.jpg?fit=1200%2C450&ssl=1&resize=350%2C200 1x, https:\/\/i0.wp.com\/deltaimage.de\/wp\/wp-content\/uploads\/IMG_8730_1200.jpg?fit=1200%2C450&ssl=1&resize=525%2C300 1.5x, https:\/\/i0.wp.com\/deltaimage.de\/wp\/wp-content\/uploads\/IMG_8730_1200.jpg?fit=1200%2C450&ssl=1&resize=700%2C400 2x, https:\/\/i0.wp.com\/deltaimage.de\/wp\/wp-content\/uploads\/IMG_8730_1200.jpg?fit=1200%2C450&ssl=1&resize=1050%2C600 3x"},"classes":[]},{"id":43400,"url":"https:\/\/deltaimage.de\/wp\/?p=43400","url_meta":{"origin":38641,"position":4},"title":"Ich schau mir das Brilliant-Feuerwerk zum Dachauer Volksfest aus dem Moos aus an","author":"EschbacP","date":"16. August 2024","format":false,"excerpt":"Jedes Jahr immer wieder das gleiche: \"Von wo aus will ich mir das Feuerwerk zum Dachauer Volksfest dieses Jahr ansehen und vielleicht auch fotografieren?\" Es ist ja nicht so, dass man das Feuerwerk nur von wenigen Pl\u00e4tzen aus gut sehen und erleben k\u00f6nnte. Von jedem Ort aus erscheint das Feuerwerk\u2026","rel":"","context":"In &quot;Dachauer Land&quot;","block_context":{"text":"Dachauer Land","link":"https:\/\/deltaimage.de\/wp\/?cat=3010"},"img":{"alt_text":"","src":"https:\/\/i0.wp.com\/deltaimage.de\/wp\/wp-content\/uploads\/PED46528_1200.jpg?fit=1200%2C450&ssl=1&resize=350%2C200","width":350,"height":200,"srcset":"https:\/\/i0.wp.com\/deltaimage.de\/wp\/wp-content\/uploads\/PED46528_1200.jpg?fit=1200%2C450&ssl=1&resize=350%2C200 1x, https:\/\/i0.wp.com\/deltaimage.de\/wp\/wp-content\/uploads\/PED46528_1200.jpg?fit=1200%2C450&ssl=1&resize=525%2C300 1.5x, https:\/\/i0.wp.com\/deltaimage.de\/wp\/wp-content\/uploads\/PED46528_1200.jpg?fit=1200%2C450&ssl=1&resize=700%2C400 2x, https:\/\/i0.wp.com\/deltaimage.de\/wp\/wp-content\/uploads\/PED46528_1200.jpg?fit=1200%2C450&ssl=1&resize=1050%2C600 3x"},"classes":[]},{"id":15265,"url":"https:\/\/deltaimage.de\/wp\/?p=15265","url_meta":{"origin":38641,"position":5},"title":"Das Gute am heftigen Regen ist das wunderbare Licht danach &#8230;","author":"EschbacP","date":"25. August 2017","format":false,"excerpt":"... als Fotograf darf man eine andere Sicht auf unsere Welt haben. So darf man sich auch auf den Regen freuen, denn danach gilt es rechtzeitig rauszugehen und die sch\u00f6nsten Motive zu suchen. \u00a0 Am sch\u00f6nsten ist es doch mit gleichgesinnten Fotografen den Lichtstrahlen hinterherzujagen. \u00a0 Der Regen macht die\u2026","rel":"","context":"In &quot;Dachauer Moos&quot;","block_context":{"text":"Dachauer Moos","link":"https:\/\/deltaimage.de\/wp\/?cat=2523"},"img":{"alt_text":"","src":"https:\/\/i0.wp.com\/deltaimage.de\/wp\/wp-content\/uploads\/PE1S0101_1200.jpg?fit=1200%2C450&ssl=1&resize=350%2C200","width":350,"height":200,"srcset":"https:\/\/i0.wp.com\/deltaimage.de\/wp\/wp-content\/uploads\/PE1S0101_1200.jpg?fit=1200%2C450&ssl=1&resize=350%2C200 1x, https:\/\/i0.wp.com\/deltaimage.de\/wp\/wp-content\/uploads\/PE1S0101_1200.jpg?fit=1200%2C450&ssl=1&resize=525%2C300 1.5x, https:\/\/i0.wp.com\/deltaimage.de\/wp\/wp-content\/uploads\/PE1S0101_1200.jpg?fit=1200%2C450&ssl=1&resize=700%2C400 2x, https:\/\/i0.wp.com\/deltaimage.de\/wp\/wp-content\/uploads\/PE1S0101_1200.jpg?fit=1200%2C450&ssl=1&resize=1050%2C600 3x"},"classes":[]}],"jetpack_sharing_enabled":true,"_links":{"self":[{"href":"https:\/\/deltaimage.de\/wp\/index.php?rest_route=\/wp\/v2\/posts\/38641","targetHints":{"allow":["GET"]}}],"collection":[{"href":"https:\/\/deltaimage.de\/wp\/index.php?rest_route=\/wp\/v2\/posts"}],"about":[{"href":"https:\/\/deltaimage.de\/wp\/index.php?rest_route=\/wp\/v2\/types\/post"}],"author":[{"embeddable":true,"href":"https:\/\/deltaimage.de\/wp\/index.php?rest_route=\/wp\/v2\/users\/1"}],"replies":[{"embeddable":true,"href":"https:\/\/deltaimage.de\/wp\/index.php?rest_route=%2Fwp%2Fv2%2Fcomments&post=38641"}],"version-history":[{"count":7,"href":"https:\/\/deltaimage.de\/wp\/index.php?rest_route=\/wp\/v2\/posts\/38641\/revisions"}],"predecessor-version":[{"id":51424,"href":"https:\/\/deltaimage.de\/wp\/index.php?rest_route=\/wp\/v2\/posts\/38641\/revisions\/51424"}],"wp:featuredmedia":[{"embeddable":true,"href":"https:\/\/deltaimage.de\/wp\/index.php?rest_route=\/wp\/v2\/media\/38643"}],"wp:attachment":[{"href":"https:\/\/deltaimage.de\/wp\/index.php?rest_route=%2Fwp%2Fv2%2Fmedia&parent=38641"}],"wp:term":[{"taxonomy":"category","embeddable":true,"href":"https:\/\/deltaimage.de\/wp\/index.php?rest_route=%2Fwp%2Fv2%2Fcategories&post=38641"},{"taxonomy":"post_tag","embeddable":true,"href":"https:\/\/deltaimage.de\/wp\/index.php?rest_route=%2Fwp%2Fv2%2Ftags&post=38641"}],"curies":[{"name":"wp","href":"https:\/\/api.w.org\/{rel}","templated":true}]}}