{"id":38666,"date":"2023-01-20T20:02:44","date_gmt":"2023-01-20T19:02:44","guid":{"rendered":"https:\/\/deltaimage.de\/wp\/?p=38666"},"modified":"2025-08-21T17:36:02","modified_gmt":"2025-08-21T15:36:02","slug":"secession-im-winterlichen-wien-mit-dem-smartphone","status":"publish","type":"post","link":"https:\/\/deltaimage.de\/wp\/?p=38666","title":{"rendered":"Secession im winterlichen Wien mit dem Smartphone"},"content":{"rendered":"<p>Die Kunstepoche des <strong>Jugendstils<\/strong> ver\u00e4nderte die Welt der Kunst fundamental. Aus der historisierenden Formensprachen der Epoche des <strong>Historismus<\/strong> entstand etwas ganz Neues, alle Bereiche der Kunst einschlie\u00dfende Stilrichtung. W\u00e4hrend die Stilarten des Historismus, also die Neu-Stilarten wie <strong>Neoromanik<\/strong>, <strong>Neogotik<\/strong>, <strong>Neorenaissance<\/strong>, <strong>Neumanierismus<\/strong>, <strong>Neobarock<\/strong>, <strong>Neorokoko<\/strong>, <strong>Neobyzantismus<\/strong> die vergangenen Stilarten immer wieder \u00e4hnlich neu interpretierten, war der Jugendstil ganz anders.<\/p>\n<p><img data-recalc-dims=\"1\" loading=\"lazy\" decoding=\"async\" data-attachment-id=\"38667\" data-permalink=\"https:\/\/deltaimage.de\/wp\/?attachment_id=38667#main\" data-orig-file=\"https:\/\/i0.wp.com\/deltaimage.de\/wp\/wp-content\/uploads\/IMG_20230119_104413_900.jpg?fit=501%2C890&amp;ssl=1\" data-orig-size=\"501,890\" data-comments-opened=\"0\" data-image-meta=\"{&quot;aperture&quot;:&quot;1.9&quot;,&quot;credit&quot;:&quot;&quot;,&quot;camera&quot;:&quot;M2007J17G&quot;,&quot;caption&quot;:&quot;&quot;,&quot;created_timestamp&quot;:&quot;1674125054&quot;,&quot;copyright&quot;:&quot;&quot;,&quot;focal_length&quot;:&quot;5.43&quot;,&quot;iso&quot;:&quot;50&quot;,&quot;shutter_speed&quot;:&quot;0.0017857142857143&quot;,&quot;title&quot;:&quot;&quot;,&quot;orientation&quot;:&quot;0&quot;}\" data-image-title=\"IMG_20230119_104413_900\" data-image-description=\"\" data-image-caption=\"\" data-large-file=\"https:\/\/i0.wp.com\/deltaimage.de\/wp\/wp-content\/uploads\/IMG_20230119_104413_900.jpg?fit=501%2C890&amp;ssl=1\" class=\"aligncenter size-medium wp-image-38667\" src=\"https:\/\/i0.wp.com\/deltaimage.de\/wp\/wp-content\/uploads\/IMG_20230119_104413_900.jpg?resize=338%2C600&#038;ssl=1\" alt=\"\" width=\"338\" height=\"600\" srcset=\"https:\/\/i0.wp.com\/deltaimage.de\/wp\/wp-content\/uploads\/IMG_20230119_104413_900.jpg?resize=338%2C600&amp;ssl=1 338w, https:\/\/i0.wp.com\/deltaimage.de\/wp\/wp-content\/uploads\/IMG_20230119_104413_900.jpg?resize=113%2C200&amp;ssl=1 113w, https:\/\/i0.wp.com\/deltaimage.de\/wp\/wp-content\/uploads\/IMG_20230119_104413_900.jpg?resize=334%2C593&amp;ssl=1 334w, https:\/\/i0.wp.com\/deltaimage.de\/wp\/wp-content\/uploads\/IMG_20230119_104413_900.jpg?resize=253%2C450&amp;ssl=1 253w, https:\/\/i0.wp.com\/deltaimage.de\/wp\/wp-content\/uploads\/IMG_20230119_104413_900.jpg?resize=225%2C400&amp;ssl=1 225w, https:\/\/i0.wp.com\/deltaimage.de\/wp\/wp-content\/uploads\/IMG_20230119_104413_900.jpg?w=501&amp;ssl=1 501w\" sizes=\"auto, (max-width: 338px) 100vw, 338px\" \/><\/p>\n<p>In Deutschland meist als <strong>Jugendstil<\/strong> bezeichnet, nach der in M\u00fcnchen erscheinende Zeitschrift &#8222;<strong>JUGEND<\/strong>&#8220; benannt wurde, fand die neue Form europaweit viele Zentren dieser neuen Kunst. Der <strong>Jugendstil<\/strong> kennzeichnet sich mit auf der einen Seite klaren und stilsicheren Formen und auf der anderen Seite eine \u00fcberschw\u00e4ngliche Pracht mit floralen und figuralen Darstellungen und Verzierungen.<\/p>\n<p><!--more--><\/p>\n<h2>Wien ist eines der Zentren der neuen Kunstform<\/h2>\n<p>In Wien bildete sich der Wiener Jugendstil mit der Bezeichnung &#8222;<strong>Secession<\/strong>&#8220; &#8211; so nannte sich auch die Vereinigung der K\u00fcnstler. Als Ausstellungsgeb\u00e4ude wurde in Wien, am Nordende des Karlsplatzes das Ausstellungsgeb\u00e4ude <strong>Secession<\/strong> errichtet und ist seit 2018 wieder frisch renoviert &#8211; ich statte diesem prachtvollen Geb\u00e4ude einen Besuch mit dem Smartphone ab.<\/p>\n<p><img data-recalc-dims=\"1\" loading=\"lazy\" decoding=\"async\" data-attachment-id=\"38668\" data-permalink=\"https:\/\/deltaimage.de\/wp\/?attachment_id=38668#main\" data-orig-file=\"https:\/\/i0.wp.com\/deltaimage.de\/wp\/wp-content\/uploads\/IMG_20230119_104554_900.jpg?fit=890%2C501&amp;ssl=1\" data-orig-size=\"890,501\" data-comments-opened=\"0\" data-image-meta=\"{&quot;aperture&quot;:&quot;1.9&quot;,&quot;credit&quot;:&quot;&quot;,&quot;camera&quot;:&quot;M2007J17G&quot;,&quot;caption&quot;:&quot;&quot;,&quot;created_timestamp&quot;:&quot;1674125154&quot;,&quot;copyright&quot;:&quot;&quot;,&quot;focal_length&quot;:&quot;5.43&quot;,&quot;iso&quot;:&quot;50&quot;,&quot;shutter_speed&quot;:&quot;0.002&quot;,&quot;title&quot;:&quot;&quot;,&quot;orientation&quot;:&quot;0&quot;}\" data-image-title=\"IMG_20230119_104554_900\" data-image-description=\"\" data-image-caption=\"\" data-large-file=\"https:\/\/i0.wp.com\/deltaimage.de\/wp\/wp-content\/uploads\/IMG_20230119_104554_900.jpg?fit=890%2C501&amp;ssl=1\" class=\"aligncenter size-medium wp-image-38668\" src=\"https:\/\/i0.wp.com\/deltaimage.de\/wp\/wp-content\/uploads\/IMG_20230119_104554_900.jpg?resize=890%2C501&#038;ssl=1\" alt=\"\" width=\"890\" height=\"501\" srcset=\"https:\/\/i0.wp.com\/deltaimage.de\/wp\/wp-content\/uploads\/IMG_20230119_104554_900.jpg?w=890&amp;ssl=1 890w, https:\/\/i0.wp.com\/deltaimage.de\/wp\/wp-content\/uploads\/IMG_20230119_104554_900.jpg?resize=300%2C169&amp;ssl=1 300w, https:\/\/i0.wp.com\/deltaimage.de\/wp\/wp-content\/uploads\/IMG_20230119_104554_900.jpg?resize=799%2C450&amp;ssl=1 799w, https:\/\/i0.wp.com\/deltaimage.de\/wp\/wp-content\/uploads\/IMG_20230119_104554_900.jpg?resize=711%2C400&amp;ssl=1 711w\" sizes=\"auto, (max-width: 890px) 100vw, 890px\" \/><\/p>\n<p>Dezent geht anders &#8211; Malerei, Architektur und Plastik. Nichts ist mehr von den klassizistischen Geb\u00e4uden auch der Wiener Ringstra\u00dfen Architektur in diesem Geb\u00e4udeentwurf zu erkennen. Anders, sch\u00f6ner, moderner.<\/p>\n<p><img data-recalc-dims=\"1\" loading=\"lazy\" decoding=\"async\" data-attachment-id=\"38673\" data-permalink=\"https:\/\/deltaimage.de\/wp\/?attachment_id=38673#main\" data-orig-file=\"https:\/\/i0.wp.com\/deltaimage.de\/wp\/wp-content\/uploads\/IMG_20230119_104159_900.jpg?fit=890%2C501&amp;ssl=1\" data-orig-size=\"890,501\" data-comments-opened=\"0\" data-image-meta=\"{&quot;aperture&quot;:&quot;1.9&quot;,&quot;credit&quot;:&quot;&quot;,&quot;camera&quot;:&quot;M2007J17G&quot;,&quot;caption&quot;:&quot;&quot;,&quot;created_timestamp&quot;:&quot;1674124919&quot;,&quot;copyright&quot;:&quot;&quot;,&quot;focal_length&quot;:&quot;5.43&quot;,&quot;iso&quot;:&quot;50&quot;,&quot;shutter_speed&quot;:&quot;0.002&quot;,&quot;title&quot;:&quot;&quot;,&quot;orientation&quot;:&quot;0&quot;}\" data-image-title=\"IMG_20230119_104159_900\" data-image-description=\"\" data-image-caption=\"\" data-large-file=\"https:\/\/i0.wp.com\/deltaimage.de\/wp\/wp-content\/uploads\/IMG_20230119_104159_900.jpg?fit=890%2C501&amp;ssl=1\" class=\"aligncenter size-medium wp-image-38673\" src=\"https:\/\/i0.wp.com\/deltaimage.de\/wp\/wp-content\/uploads\/IMG_20230119_104159_900.jpg?resize=890%2C501&#038;ssl=1\" alt=\"\" width=\"890\" height=\"501\" srcset=\"https:\/\/i0.wp.com\/deltaimage.de\/wp\/wp-content\/uploads\/IMG_20230119_104159_900.jpg?w=890&amp;ssl=1 890w, https:\/\/i0.wp.com\/deltaimage.de\/wp\/wp-content\/uploads\/IMG_20230119_104159_900.jpg?resize=300%2C169&amp;ssl=1 300w, https:\/\/i0.wp.com\/deltaimage.de\/wp\/wp-content\/uploads\/IMG_20230119_104159_900.jpg?resize=799%2C450&amp;ssl=1 799w, https:\/\/i0.wp.com\/deltaimage.de\/wp\/wp-content\/uploads\/IMG_20230119_104159_900.jpg?resize=711%2C400&amp;ssl=1 711w\" sizes=\"auto, (max-width: 890px) 100vw, 890px\" \/><\/p>\n<p>&nbsp;<\/p>\n<h2>Malereien sind Teil des Jugendstils<\/h2>\n<p>Bekannt und gesehen werden vor allem die Geb\u00e4ude im \u00f6ffentlichen Raum, in Zentren wie Prag hat sich auch die Malerei und Kunstgrafiken eines <strong>Alois Mucha<\/strong> weit gepr\u00e4gt. Im Au\u00dfenbereich des Secessions-Geb\u00e4udes in Wien findet sich eine sch\u00f6ne Gro\u00dfgrafik.<\/p>\n<p><img data-recalc-dims=\"1\" loading=\"lazy\" decoding=\"async\" data-attachment-id=\"38669\" data-permalink=\"https:\/\/deltaimage.de\/wp\/?attachment_id=38669#main\" data-orig-file=\"https:\/\/i0.wp.com\/deltaimage.de\/wp\/wp-content\/uploads\/IMG_20230119_105013_900.jpg?fit=541%2C890&amp;ssl=1\" data-orig-size=\"541,890\" data-comments-opened=\"0\" data-image-meta=\"{&quot;aperture&quot;:&quot;1.9&quot;,&quot;credit&quot;:&quot;&quot;,&quot;camera&quot;:&quot;M2007J17G&quot;,&quot;caption&quot;:&quot;&quot;,&quot;created_timestamp&quot;:&quot;1674125414&quot;,&quot;copyright&quot;:&quot;&quot;,&quot;focal_length&quot;:&quot;5.43&quot;,&quot;iso&quot;:&quot;50&quot;,&quot;shutter_speed&quot;:&quot;0.0029411764705882&quot;,&quot;title&quot;:&quot;&quot;,&quot;orientation&quot;:&quot;0&quot;}\" data-image-title=\"IMG_20230119_105013_900\" data-image-description=\"\" data-image-caption=\"\" data-large-file=\"https:\/\/i0.wp.com\/deltaimage.de\/wp\/wp-content\/uploads\/IMG_20230119_105013_900.jpg?fit=541%2C890&amp;ssl=1\" class=\"aligncenter size-medium wp-image-38669\" src=\"https:\/\/i0.wp.com\/deltaimage.de\/wp\/wp-content\/uploads\/IMG_20230119_105013_900.jpg?resize=365%2C600&#038;ssl=1\" alt=\"\" width=\"365\" height=\"600\" srcset=\"https:\/\/i0.wp.com\/deltaimage.de\/wp\/wp-content\/uploads\/IMG_20230119_105013_900.jpg?resize=365%2C600&amp;ssl=1 365w, https:\/\/i0.wp.com\/deltaimage.de\/wp\/wp-content\/uploads\/IMG_20230119_105013_900.jpg?resize=122%2C200&amp;ssl=1 122w, https:\/\/i0.wp.com\/deltaimage.de\/wp\/wp-content\/uploads\/IMG_20230119_105013_900.jpg?resize=360%2C593&amp;ssl=1 360w, https:\/\/i0.wp.com\/deltaimage.de\/wp\/wp-content\/uploads\/IMG_20230119_105013_900.jpg?resize=274%2C450&amp;ssl=1 274w, https:\/\/i0.wp.com\/deltaimage.de\/wp\/wp-content\/uploads\/IMG_20230119_105013_900.jpg?resize=243%2C400&amp;ssl=1 243w, https:\/\/i0.wp.com\/deltaimage.de\/wp\/wp-content\/uploads\/IMG_20230119_105013_900.jpg?w=541&amp;ssl=1 541w\" sizes=\"auto, (max-width: 365px) 100vw, 365px\" \/><\/p>\n<h2>Jugendstil an der neuen Hofburg<\/h2>\n<p>Der <strong>Jugendstil<\/strong>, oder <strong>Secession<\/strong>, ist im \u00f6ffentliche Raum an sehr vielen Orten und auch einigen unerwarteten Orten zu finden. Ein Streifzug durch die St\u00e4dte. Mit offenen Augen und einer digitalen Kamera mit dabei ist eine spannende Zeitreise durch die Kunstgeschichte. Mit viel Spa\u00df und Freude ist es immer ein kleines Detektivspiel, auf der Suche nach den sch\u00f6nsten Fotomotiven.<\/p>\n<p><img data-recalc-dims=\"1\" loading=\"lazy\" decoding=\"async\" data-attachment-id=\"38675\" data-permalink=\"https:\/\/deltaimage.de\/wp\/?attachment_id=38675#main\" data-orig-file=\"https:\/\/i0.wp.com\/deltaimage.de\/wp\/wp-content\/uploads\/IMG_20230119_102011_900.jpg?fit=890%2C501&amp;ssl=1\" data-orig-size=\"890,501\" data-comments-opened=\"0\" data-image-meta=\"{&quot;aperture&quot;:&quot;1.9&quot;,&quot;credit&quot;:&quot;&quot;,&quot;camera&quot;:&quot;M2007J17G&quot;,&quot;caption&quot;:&quot;&quot;,&quot;created_timestamp&quot;:&quot;1674123611&quot;,&quot;copyright&quot;:&quot;&quot;,&quot;focal_length&quot;:&quot;5.43&quot;,&quot;iso&quot;:&quot;50&quot;,&quot;shutter_speed&quot;:&quot;0.0021276595744681&quot;,&quot;title&quot;:&quot;&quot;,&quot;orientation&quot;:&quot;0&quot;}\" data-image-title=\"IMG_20230119_102011_900\" data-image-description=\"\" data-image-caption=\"\" data-large-file=\"https:\/\/i0.wp.com\/deltaimage.de\/wp\/wp-content\/uploads\/IMG_20230119_102011_900.jpg?fit=890%2C501&amp;ssl=1\" class=\"aligncenter size-medium wp-image-38675\" src=\"https:\/\/i0.wp.com\/deltaimage.de\/wp\/wp-content\/uploads\/IMG_20230119_102011_900.jpg?resize=890%2C501&#038;ssl=1\" alt=\"\" width=\"890\" height=\"501\" srcset=\"https:\/\/i0.wp.com\/deltaimage.de\/wp\/wp-content\/uploads\/IMG_20230119_102011_900.jpg?w=890&amp;ssl=1 890w, https:\/\/i0.wp.com\/deltaimage.de\/wp\/wp-content\/uploads\/IMG_20230119_102011_900.jpg?resize=300%2C169&amp;ssl=1 300w, https:\/\/i0.wp.com\/deltaimage.de\/wp\/wp-content\/uploads\/IMG_20230119_102011_900.jpg?resize=799%2C450&amp;ssl=1 799w, https:\/\/i0.wp.com\/deltaimage.de\/wp\/wp-content\/uploads\/IMG_20230119_102011_900.jpg?resize=711%2C400&amp;ssl=1 711w\" sizes=\"auto, (max-width: 890px) 100vw, 890px\" \/><\/p>\n<p>Selbst an nicht erwarteten Orten finden sich ganz hervorragende Meisterwerke des <strong>Jugendstils\/Secession<\/strong>. Hier in der neuen Hofburg im Palmenhaus und Schmetterlingsgarten. Diese Eisen-Glas-Konstruktion wurde sehr stark an das Palmenhaus in Sch\u00f6nbrunn angelehnt und stark vom Jugendstil beeinflusst. Achten Sie auf die vielen figuralen und floralen Verzierungen an den Gel\u00e4ndern und Verstrebungen. Die &#8222;<em>Stangerl<\/em>&#8220; sind nicht einfach gerade &#8211; nein, da eine Verzierung, dort eine geschwungene Ornamentik.<\/p>\n<p>Bei diesen Bildmotiven und bei dem unproblematischen Licht ist das Fotografieren mit dem Smartphone mehr als in Ordnung. Die Freude kommt dann auch mit den gelungenen Bildmotiven auf.<\/p>\n","protected":false},"excerpt":{"rendered":"<p>Die Kunstepoche des Jugendstils ver\u00e4nderte die Welt der Kunst fundamental. Aus der historisierenden Formensprachen der Epoche des Historismus entstand etwas ganz Neues, alle Bereiche der Kunst einschlie\u00dfende Stilrichtung. W\u00e4hrend die [&hellip;]<\/p>\n","protected":false},"author":1,"featured_media":38672,"comment_status":"open","ping_status":"open","sticky":false,"template":"","format":"standard","meta":{"wpupg_custom_link":[],"wpupg_custom_link_behaviour":["default"],"wpupg_custom_link_nofollow":["default"],"wpupg_custom_image":[],"wpupg_custom_image_id":[],"jetpack_post_was_ever_published":false,"footnotes":""},"categories":[8],"tags":[569,3404,3400,1452,452],"class_list":["post-38666","post","type-post","status-publish","format-standard","has-post-thumbnail","hentry","category-news","tag-jugendstil","tag-secession","tag-smartphone","tag-wien","tag-winter"],"jetpack_featured_media_url":"https:\/\/i0.wp.com\/deltaimage.de\/wp\/wp-content\/uploads\/IMG_20230119_104211_1200.jpg?fit=1200%2C450&ssl=1","jetpack-related-posts":[{"id":6910,"url":"https:\/\/deltaimage.de\/wp\/?p=6910","url_meta":{"origin":38666,"position":0},"title":"Das &#8222;kleine Theater in Haar&#8220; ist ein Jugendstiljuwel","author":"EschbacP","date":"18. Februar 2015","format":false,"excerpt":"Im Gro\u00dfraum M\u00fcnchen kennt jeder Haar als Begriff: von der Kreisirrenanstalt. \u00a0Die Anstalt ist ein psychiatrisches und neurologisches Krankenhaus und ist akademisches Lehrkrankenhaus der Ludwig-Maximilians-Universit\u00e4t M\u00fcnchen. Mehr zu Kleines Theater Haar. Gesehen hat\u00a0Haar\u00a0noch kaum einer - von innen, und das ist Schade 1912 wird die weit au\u00dferhalb den Toren der\u2026","rel":"","context":"In &quot;News Blog&quot;","block_context":{"text":"News Blog","link":"https:\/\/deltaimage.de\/wp\/?cat=8"},"img":{"alt_text":"","src":"https:\/\/i0.wp.com\/deltaimage.de\/wp\/wp-content\/uploads\/IMG_9760_1200.jpg?fit=1200%2C450&ssl=1&resize=350%2C200","width":350,"height":200,"srcset":"https:\/\/i0.wp.com\/deltaimage.de\/wp\/wp-content\/uploads\/IMG_9760_1200.jpg?fit=1200%2C450&ssl=1&resize=350%2C200 1x, https:\/\/i0.wp.com\/deltaimage.de\/wp\/wp-content\/uploads\/IMG_9760_1200.jpg?fit=1200%2C450&ssl=1&resize=525%2C300 1.5x, https:\/\/i0.wp.com\/deltaimage.de\/wp\/wp-content\/uploads\/IMG_9760_1200.jpg?fit=1200%2C450&ssl=1&resize=700%2C400 2x, https:\/\/i0.wp.com\/deltaimage.de\/wp\/wp-content\/uploads\/IMG_9760_1200.jpg?fit=1200%2C450&ssl=1&resize=1050%2C600 3x"},"classes":[]},{"id":48778,"url":"https:\/\/deltaimage.de\/wp\/?p=48778","url_meta":{"origin":38666,"position":1},"title":"Kubistisch kann auch irgendwie eine runde Sache sein &#8211; Kubismus in Prag","author":"EschbacP","date":"29. August 2025","format":false,"excerpt":"Die Goldene Stadt Prag ist weithin bekannt durch das sch\u00f6ne Nebeneinander von unterschiedlichen Architektur-Stilen aller wichtiger Zeit- und Kunst-Epochen: Romanik (950 und 1250 n. Chr.) Die romanischen Bauwerke sind in Mitteleuropa die \u00e4ltesten Bauwerke aus Stein und folgen nach der Zeitepoche der R\u00f6mer in Mitteleuropa. Die meist kirchlichen Bauwerke und\u2026","rel":"","context":"In &quot;News Blog&quot;","block_context":{"text":"News Blog","link":"https:\/\/deltaimage.de\/wp\/?cat=8"},"img":{"alt_text":"","src":"https:\/\/i0.wp.com\/deltaimage.de\/wp\/wp-content\/uploads\/IMG_6719_1200.jpg?fit=1200%2C450&ssl=1&resize=350%2C200","width":350,"height":200,"srcset":"https:\/\/i0.wp.com\/deltaimage.de\/wp\/wp-content\/uploads\/IMG_6719_1200.jpg?fit=1200%2C450&ssl=1&resize=350%2C200 1x, https:\/\/i0.wp.com\/deltaimage.de\/wp\/wp-content\/uploads\/IMG_6719_1200.jpg?fit=1200%2C450&ssl=1&resize=525%2C300 1.5x, https:\/\/i0.wp.com\/deltaimage.de\/wp\/wp-content\/uploads\/IMG_6719_1200.jpg?fit=1200%2C450&ssl=1&resize=700%2C400 2x, https:\/\/i0.wp.com\/deltaimage.de\/wp\/wp-content\/uploads\/IMG_6719_1200.jpg?fit=1200%2C450&ssl=1&resize=1050%2C600 3x"},"classes":[]},{"id":42614,"url":"https:\/\/deltaimage.de\/wp\/?p=42614","url_meta":{"origin":38666,"position":2},"title":"Im Fr\u00fchling &#8211; ab in die Goldene Stadt Prag","author":"EschbacP","date":"19. M\u00e4rz 2024","format":false,"excerpt":"Im Fr\u00fchling kann ich f\u00fcr ein paar Tage in die tschechische Hauptstadt Prag fahren und den Fr\u00fchling in Prag erleben. Also, auf geht's nach Prag - nat\u00fcrlich mit dem Zug, oder besser gesagt, mit dem ALEX ab M\u00fcnchen, ohne Umsteigen, direkt zum Hauptbahnhof in die goldene Stadt. Mitte der 90er\u2026","rel":"","context":"In &quot;BAYERWALDTEAM&quot;","block_context":{"text":"BAYERWALDTEAM","link":"https:\/\/deltaimage.de\/wp\/?cat=861"},"img":{"alt_text":"","src":"https:\/\/i0.wp.com\/deltaimage.de\/wp\/wp-content\/uploads\/1710356046420_1200.jpg?fit=1200%2C450&ssl=1&resize=350%2C200","width":350,"height":200,"srcset":"https:\/\/i0.wp.com\/deltaimage.de\/wp\/wp-content\/uploads\/1710356046420_1200.jpg?fit=1200%2C450&ssl=1&resize=350%2C200 1x, https:\/\/i0.wp.com\/deltaimage.de\/wp\/wp-content\/uploads\/1710356046420_1200.jpg?fit=1200%2C450&ssl=1&resize=525%2C300 1.5x, https:\/\/i0.wp.com\/deltaimage.de\/wp\/wp-content\/uploads\/1710356046420_1200.jpg?fit=1200%2C450&ssl=1&resize=700%2C400 2x, https:\/\/i0.wp.com\/deltaimage.de\/wp\/wp-content\/uploads\/1710356046420_1200.jpg?fit=1200%2C450&ssl=1&resize=1050%2C600 3x"},"classes":[]},{"id":21851,"url":"https:\/\/deltaimage.de\/wp\/?p=21851","url_meta":{"origin":38666,"position":3},"title":"Die Moldau in Prag \u2013 ein Ausflug in die goldene Stadt","author":"EschbacP","date":"5. Juni 2019","format":false,"excerpt":"Nutzen wir die Zeit - Carpe diem! Der fr\u00fchmorgentliche Weg, vom geschickt gew\u00e4hltem Hotel in Prag in das B\u00fcro zum Gesch\u00e4ftstermin kann ausreichen f\u00fcr den Fotografen. Fr\u00fchmorgens ist das Licht ungewohnt, weich und kommt aus der anderen Richtung. Bauwerke stehen jetzt im guten Licht, die sonst ab Mittag nur noch\u2026","rel":"","context":"In &quot;BAYERWALDTEAM&quot;","block_context":{"text":"BAYERWALDTEAM","link":"https:\/\/deltaimage.de\/wp\/?cat=861"},"img":{"alt_text":"","src":"https:\/\/i0.wp.com\/deltaimage.de\/wp\/wp-content\/uploads\/ZY5M1590_1200.jpg?fit=1200%2C450&ssl=1&resize=350%2C200","width":350,"height":200,"srcset":"https:\/\/i0.wp.com\/deltaimage.de\/wp\/wp-content\/uploads\/ZY5M1590_1200.jpg?fit=1200%2C450&ssl=1&resize=350%2C200 1x, https:\/\/i0.wp.com\/deltaimage.de\/wp\/wp-content\/uploads\/ZY5M1590_1200.jpg?fit=1200%2C450&ssl=1&resize=525%2C300 1.5x, https:\/\/i0.wp.com\/deltaimage.de\/wp\/wp-content\/uploads\/ZY5M1590_1200.jpg?fit=1200%2C450&ssl=1&resize=700%2C400 2x, https:\/\/i0.wp.com\/deltaimage.de\/wp\/wp-content\/uploads\/ZY5M1590_1200.jpg?fit=1200%2C450&ssl=1&resize=1050%2C600 3x"},"classes":[]},{"id":48777,"url":"https:\/\/deltaimage.de\/wp\/?p=48777","url_meta":{"origin":38666,"position":4},"title":"Die goldene Stadt Prag und die blaue Stunde","author":"EschbacP","date":"29. August 2025","format":false,"excerpt":"Altst\u00e4dter Ring in Prag w\u00e4hrend der blauen Stunde Das Zentrum der Altstadt in Prag ist das Rathaus und der Altst\u00e4dter Ring mit den herrlichen Fassaden, welche den gro\u00dfz\u00fcgigen und gr\u00f6\u00dften Platz in B\u00f6hmen einrahmen. Als fotografierender Besucher kommt man sehr gerne und sehr oft zum Prager Rathaus, hier ist immer\u2026","rel":"","context":"In &quot;News Blog&quot;","block_context":{"text":"News Blog","link":"https:\/\/deltaimage.de\/wp\/?cat=8"},"img":{"alt_text":"","src":"https:\/\/i0.wp.com\/deltaimage.de\/wp\/wp-content\/uploads\/IMG_6738_1200.jpg?fit=1200%2C450&ssl=1&resize=350%2C200","width":350,"height":200,"srcset":"https:\/\/i0.wp.com\/deltaimage.de\/wp\/wp-content\/uploads\/IMG_6738_1200.jpg?fit=1200%2C450&ssl=1&resize=350%2C200 1x, https:\/\/i0.wp.com\/deltaimage.de\/wp\/wp-content\/uploads\/IMG_6738_1200.jpg?fit=1200%2C450&ssl=1&resize=525%2C300 1.5x, https:\/\/i0.wp.com\/deltaimage.de\/wp\/wp-content\/uploads\/IMG_6738_1200.jpg?fit=1200%2C450&ssl=1&resize=700%2C400 2x, https:\/\/i0.wp.com\/deltaimage.de\/wp\/wp-content\/uploads\/IMG_6738_1200.jpg?fit=1200%2C450&ssl=1&resize=1050%2C600 3x"},"classes":[]},{"id":10505,"url":"https:\/\/deltaimage.de\/wp\/?p=10505","url_meta":{"origin":38666,"position":5},"title":"23. Januar &#8211; Tag der Handschrift","author":"EschbacP","date":"23. Januar 2016","format":false,"excerpt":"Jede Frau (M\u00e4dchen) und jeder Mann (Bursch) hat eine - und zwar unverwechselbar und nicht zu kopieren Eine ganz pers\u00f6nliche Handschrift. Im Mittelalter waren noch alle B\u00fccher mit Handschrift geschrieben, erst der Buchdruck mit beweglichen Lettern durch Guttenberg l\u00f6ste dieses Verfahren ab und der Buchdruck hielt mit einer Uniformit\u00e4t Einzug\u2026","rel":"","context":"In &quot;Fotografie&quot;","block_context":{"text":"Fotografie","link":"https:\/\/deltaimage.de\/wp\/?cat=848"},"img":{"alt_text":"Aktuelles","src":"https:\/\/i0.wp.com\/deltaimage.de\/wp\/wp-content\/uploads\/ZY5M4644_1200.jpg?fit=1200%2C500&ssl=1&resize=350%2C200","width":350,"height":200,"srcset":"https:\/\/i0.wp.com\/deltaimage.de\/wp\/wp-content\/uploads\/ZY5M4644_1200.jpg?fit=1200%2C500&ssl=1&resize=350%2C200 1x, https:\/\/i0.wp.com\/deltaimage.de\/wp\/wp-content\/uploads\/ZY5M4644_1200.jpg?fit=1200%2C500&ssl=1&resize=525%2C300 1.5x, https:\/\/i0.wp.com\/deltaimage.de\/wp\/wp-content\/uploads\/ZY5M4644_1200.jpg?fit=1200%2C500&ssl=1&resize=700%2C400 2x, https:\/\/i0.wp.com\/deltaimage.de\/wp\/wp-content\/uploads\/ZY5M4644_1200.jpg?fit=1200%2C500&ssl=1&resize=1050%2C600 3x"},"classes":[]}],"jetpack_sharing_enabled":true,"_links":{"self":[{"href":"https:\/\/deltaimage.de\/wp\/index.php?rest_route=\/wp\/v2\/posts\/38666","targetHints":{"allow":["GET"]}}],"collection":[{"href":"https:\/\/deltaimage.de\/wp\/index.php?rest_route=\/wp\/v2\/posts"}],"about":[{"href":"https:\/\/deltaimage.de\/wp\/index.php?rest_route=\/wp\/v2\/types\/post"}],"author":[{"embeddable":true,"href":"https:\/\/deltaimage.de\/wp\/index.php?rest_route=\/wp\/v2\/users\/1"}],"replies":[{"embeddable":true,"href":"https:\/\/deltaimage.de\/wp\/index.php?rest_route=%2Fwp%2Fv2%2Fcomments&post=38666"}],"version-history":[{"count":7,"href":"https:\/\/deltaimage.de\/wp\/index.php?rest_route=\/wp\/v2\/posts\/38666\/revisions"}],"predecessor-version":[{"id":51422,"href":"https:\/\/deltaimage.de\/wp\/index.php?rest_route=\/wp\/v2\/posts\/38666\/revisions\/51422"}],"wp:featuredmedia":[{"embeddable":true,"href":"https:\/\/deltaimage.de\/wp\/index.php?rest_route=\/wp\/v2\/media\/38672"}],"wp:attachment":[{"href":"https:\/\/deltaimage.de\/wp\/index.php?rest_route=%2Fwp%2Fv2%2Fmedia&parent=38666"}],"wp:term":[{"taxonomy":"category","embeddable":true,"href":"https:\/\/deltaimage.de\/wp\/index.php?rest_route=%2Fwp%2Fv2%2Fcategories&post=38666"},{"taxonomy":"post_tag","embeddable":true,"href":"https:\/\/deltaimage.de\/wp\/index.php?rest_route=%2Fwp%2Fv2%2Ftags&post=38666"}],"curies":[{"name":"wp","href":"https:\/\/api.w.org\/{rel}","templated":true}]}}