{"id":38838,"date":"2023-02-13T21:07:06","date_gmt":"2023-02-13T20:07:06","guid":{"rendered":"https:\/\/deltaimage.de\/wp\/?p=38838"},"modified":"2025-08-21T17:31:37","modified_gmt":"2025-08-21T15:31:37","slug":"der-einstieg-in-den-hoehlenschlund-in-der-buchberger-leite-im-bayerischen-wald","status":"publish","type":"post","link":"https:\/\/deltaimage.de\/wp\/?p=38838","title":{"rendered":"Der Einstieg in den H\u00f6hlenschlund in der Buchberger Leite im Bayerischen Wald"},"content":{"rendered":"<p><img data-recalc-dims=\"1\" loading=\"lazy\" decoding=\"async\" data-attachment-id=\"35072\" data-permalink=\"https:\/\/deltaimage.de\/wp\/?attachment_id=35072#main\" data-orig-file=\"https:\/\/i0.wp.com\/deltaimage.de\/wp\/wp-content\/uploads\/BAYERWALDTEAM_150.jpg?fit=150%2C105&amp;ssl=1\" data-orig-size=\"150,105\" data-comments-opened=\"0\" data-image-meta=\"{&quot;aperture&quot;:&quot;0&quot;,&quot;credit&quot;:&quot;&quot;,&quot;camera&quot;:&quot;&quot;,&quot;caption&quot;:&quot;&quot;,&quot;created_timestamp&quot;:&quot;0&quot;,&quot;copyright&quot;:&quot;&quot;,&quot;focal_length&quot;:&quot;0&quot;,&quot;iso&quot;:&quot;0&quot;,&quot;shutter_speed&quot;:&quot;0&quot;,&quot;title&quot;:&quot;&quot;,&quot;orientation&quot;:&quot;1&quot;}\" data-image-title=\"BAYERWALDTEAM_150\" data-image-description=\"\" data-image-caption=\"\" data-large-file=\"https:\/\/i0.wp.com\/deltaimage.de\/wp\/wp-content\/uploads\/BAYERWALDTEAM_150.jpg?fit=150%2C105&amp;ssl=1\" class=\"size-full wp-image-35072 alignright\" src=\"https:\/\/i0.wp.com\/deltaimage.de\/wp\/wp-content\/uploads\/BAYERWALDTEAM_150.jpg?resize=150%2C105&#038;ssl=1\" alt=\"\" width=\"150\" height=\"105\" \/><\/p>\n<p>Im Winter sind die gro\u00dfen Landschaftsaufnahmen von den Gipfeln der hohen Berge des Grenzkamms zwischen Bayern und B\u00f6hmen immer sehr beliebt. Die Besucherstr\u00f6me haben sich mit der Pandemie auch sehr stark in Richtung der dort heimatlichen Gefilde gelenkt, als die Fernreisen nicht m\u00f6glich waren.<\/p>\n<p>Als <strong>BAYERWALDTEAM<\/strong> sind wir immer auf der Suche nach ebenso spannenden Bildmotiven auch abseits dieser Touristenstr\u00f6me, die oft mit vollkommen zugeparkten Parkpl\u00e4tzen einhergehen. Die kleinen und feinen Motivwelten lassen sich gerade fotografisch sehr viel entspannten und konzentrierter Umsetzen, wenn wir nicht alle 2 Minuten das m\u00fchsam eingerichtete Stativ nicht wieder auf die Seite r\u00fccken m\u00fcssen.<\/p>\n<p><img data-recalc-dims=\"1\" loading=\"lazy\" decoding=\"async\" data-attachment-id=\"38878\" data-permalink=\"https:\/\/deltaimage.de\/wp\/?attachment_id=38878#main\" data-orig-file=\"https:\/\/i0.wp.com\/deltaimage.de\/wp\/wp-content\/uploads\/AK3I0863_900.jpg?fit=890%2C593&amp;ssl=1\" data-orig-size=\"890,593\" data-comments-opened=\"0\" data-image-meta=\"{&quot;aperture&quot;:&quot;8&quot;,&quot;credit&quot;:&quot;&quot;,&quot;camera&quot;:&quot;Canon EOS-1D X Mark II&quot;,&quot;caption&quot;:&quot;&quot;,&quot;created_timestamp&quot;:&quot;1676117873&quot;,&quot;copyright&quot;:&quot;&quot;,&quot;focal_length&quot;:&quot;24&quot;,&quot;iso&quot;:&quot;100&quot;,&quot;shutter_speed&quot;:&quot;2.5&quot;,&quot;title&quot;:&quot;&quot;,&quot;orientation&quot;:&quot;0&quot;}\" data-image-title=\"AK3I0863_900\" data-image-description=\"\" data-image-caption=\"\" data-large-file=\"https:\/\/i0.wp.com\/deltaimage.de\/wp\/wp-content\/uploads\/AK3I0863_900.jpg?fit=890%2C593&amp;ssl=1\" class=\"aligncenter size-full wp-image-38878\" src=\"https:\/\/i0.wp.com\/deltaimage.de\/wp\/wp-content\/uploads\/AK3I0863_900.jpg?resize=890%2C593&#038;ssl=1\" alt=\"\" width=\"890\" height=\"593\" srcset=\"https:\/\/i0.wp.com\/deltaimage.de\/wp\/wp-content\/uploads\/AK3I0863_900.jpg?w=890&amp;ssl=1 890w, https:\/\/i0.wp.com\/deltaimage.de\/wp\/wp-content\/uploads\/AK3I0863_900.jpg?resize=300%2C200&amp;ssl=1 300w, https:\/\/i0.wp.com\/deltaimage.de\/wp\/wp-content\/uploads\/AK3I0863_900.jpg?resize=675%2C450&amp;ssl=1 675w, https:\/\/i0.wp.com\/deltaimage.de\/wp\/wp-content\/uploads\/AK3I0863_900.jpg?resize=600%2C400&amp;ssl=1 600w, https:\/\/i0.wp.com\/deltaimage.de\/wp\/wp-content\/uploads\/AK3I0863_900.jpg?resize=200%2C133&amp;ssl=1 200w\" sizes=\"auto, (max-width: 890px) 100vw, 890px\" \/><\/p>\n<p>Von unserem <strong>BAYERWALDTEAM<\/strong> &#8211; St\u00fctzpunkt in <strong>Hauzenberg<\/strong>, ist es nur ein kurzer Weg nach <strong>Freyung<\/strong> und in die <strong>Buchberger Leite<\/strong> in ein wildromantisches Flusstal, um die fotografischen Sch\u00f6nheiten bei Schnee und Eis umsetzen zu k\u00f6nnen.<\/p>\n<p><!--more--><\/p>\n<p>Bei <strong>Ringelai<\/strong> flie\u00dft die <strong>Wolfensteiner Ohe<\/strong> in einer Flu\u00dfschleife beim Carbidwerk Ringelai, f\u00fcr die WanderIn ist, diese Schlei\u00dfe durch einen Tunnel abzuk\u00fcrzen und so den Eingang in das herrliche Biotop flussaufw\u00e4rts erm\u00f6glicht.<\/p>\n<p><img data-recalc-dims=\"1\" loading=\"lazy\" decoding=\"async\" data-attachment-id=\"38875\" data-permalink=\"https:\/\/deltaimage.de\/wp\/?attachment_id=38875#main\" data-orig-file=\"https:\/\/i0.wp.com\/deltaimage.de\/wp\/wp-content\/uploads\/PE1S3015_900.jpg?fit=890%2C593&amp;ssl=1\" data-orig-size=\"890,593\" data-comments-opened=\"0\" data-image-meta=\"{&quot;aperture&quot;:&quot;9&quot;,&quot;credit&quot;:&quot;Paul Eschbach&quot;,&quot;camera&quot;:&quot;Canon EOS-1Ds Mark III&quot;,&quot;caption&quot;:&quot;&quot;,&quot;created_timestamp&quot;:&quot;1676117246&quot;,&quot;copyright&quot;:&quot;&quot;,&quot;focal_length&quot;:&quot;105&quot;,&quot;iso&quot;:&quot;200&quot;,&quot;shutter_speed&quot;:&quot;0.8&quot;,&quot;title&quot;:&quot;&quot;,&quot;orientation&quot;:&quot;0&quot;}\" data-image-title=\"PE1S3015_900\" data-image-description=\"\" data-image-caption=\"\" data-large-file=\"https:\/\/i0.wp.com\/deltaimage.de\/wp\/wp-content\/uploads\/PE1S3015_900.jpg?fit=890%2C593&amp;ssl=1\" class=\"aligncenter size-full wp-image-38875\" src=\"https:\/\/i0.wp.com\/deltaimage.de\/wp\/wp-content\/uploads\/PE1S3015_900.jpg?resize=890%2C593&#038;ssl=1\" alt=\"\" width=\"890\" height=\"593\" srcset=\"https:\/\/i0.wp.com\/deltaimage.de\/wp\/wp-content\/uploads\/PE1S3015_900.jpg?w=890&amp;ssl=1 890w, https:\/\/i0.wp.com\/deltaimage.de\/wp\/wp-content\/uploads\/PE1S3015_900.jpg?resize=300%2C200&amp;ssl=1 300w, https:\/\/i0.wp.com\/deltaimage.de\/wp\/wp-content\/uploads\/PE1S3015_900.jpg?resize=675%2C450&amp;ssl=1 675w, https:\/\/i0.wp.com\/deltaimage.de\/wp\/wp-content\/uploads\/PE1S3015_900.jpg?resize=600%2C400&amp;ssl=1 600w, https:\/\/i0.wp.com\/deltaimage.de\/wp\/wp-content\/uploads\/PE1S3015_900.jpg?resize=200%2C133&amp;ssl=1 200w\" sizes=\"auto, (max-width: 890px) 100vw, 890px\" \/><\/p>\n<h2>Der Einstieg in einen Eiszapfen-bewehrten Tunnel<\/h2>\n<p>Der Einstieg in den Tunnel ist f\u00fcr die FotografIn eine gro\u00dfe Herausforderung. Von der Decke h\u00e4ngen dir gro\u00dfen und dicken Eiszapfen der FotografIn in die Linse, sodass passende Fotos unweigerlich gemacht werden m\u00fcssen. Eis ist einer der Bestandteile dieser Landschaft des <strong>Bayerischen Waldes,<\/strong> der Fels ebenso. Dann versuchen wir die Kombination dieser beiden Bestandteile f\u00fcr ein fotografisches Bild dieser Landschaft im Winter, unter Schnee und Eis.<\/p>\n<p><img data-recalc-dims=\"1\" loading=\"lazy\" decoding=\"async\" data-attachment-id=\"38880\" data-permalink=\"https:\/\/deltaimage.de\/wp\/?attachment_id=38880#main\" data-orig-file=\"https:\/\/i0.wp.com\/deltaimage.de\/wp\/wp-content\/uploads\/PE1S3008_900.jpg?fit=593%2C890&amp;ssl=1\" data-orig-size=\"593,890\" data-comments-opened=\"0\" data-image-meta=\"{&quot;aperture&quot;:&quot;4&quot;,&quot;credit&quot;:&quot;Paul Eschbach&quot;,&quot;camera&quot;:&quot;Canon EOS-1Ds Mark III&quot;,&quot;caption&quot;:&quot;&quot;,&quot;created_timestamp&quot;:&quot;1676116939&quot;,&quot;copyright&quot;:&quot;&quot;,&quot;focal_length&quot;:&quot;105&quot;,&quot;iso&quot;:&quot;200&quot;,&quot;shutter_speed&quot;:&quot;0.1&quot;,&quot;title&quot;:&quot;&quot;,&quot;orientation&quot;:&quot;0&quot;}\" data-image-title=\"PE1S3008_900\" data-image-description=\"\" data-image-caption=\"\" data-large-file=\"https:\/\/i0.wp.com\/deltaimage.de\/wp\/wp-content\/uploads\/PE1S3008_900.jpg?fit=593%2C890&amp;ssl=1\" class=\"aligncenter size-medium wp-image-38880\" src=\"https:\/\/i0.wp.com\/deltaimage.de\/wp\/wp-content\/uploads\/PE1S3008_900.jpg?resize=400%2C600&#038;ssl=1\" alt=\"\" width=\"400\" height=\"600\" srcset=\"https:\/\/i0.wp.com\/deltaimage.de\/wp\/wp-content\/uploads\/PE1S3008_900.jpg?resize=400%2C600&amp;ssl=1 400w, https:\/\/i0.wp.com\/deltaimage.de\/wp\/wp-content\/uploads\/PE1S3008_900.jpg?resize=133%2C200&amp;ssl=1 133w, https:\/\/i0.wp.com\/deltaimage.de\/wp\/wp-content\/uploads\/PE1S3008_900.jpg?resize=395%2C593&amp;ssl=1 395w, https:\/\/i0.wp.com\/deltaimage.de\/wp\/wp-content\/uploads\/PE1S3008_900.jpg?resize=300%2C450&amp;ssl=1 300w, https:\/\/i0.wp.com\/deltaimage.de\/wp\/wp-content\/uploads\/PE1S3008_900.jpg?resize=267%2C400&amp;ssl=1 267w, https:\/\/i0.wp.com\/deltaimage.de\/wp\/wp-content\/uploads\/PE1S3008_900.jpg?w=593&amp;ssl=1 593w\" sizes=\"auto, (max-width: 400px) 100vw, 400px\" \/><\/p>\n<p>F\u00fcr die gl\u00e4sernen Eiszapfen in der Dunkelheit des Tunnels, fast wie im Inneren eines Felsenschlunds, brauchen wir fotografisch das zauberhafte Licht eines &#8211; Systemblitzes.<\/p>\n<p><img data-recalc-dims=\"1\" loading=\"lazy\" decoding=\"async\" data-attachment-id=\"38876\" data-permalink=\"https:\/\/deltaimage.de\/wp\/?attachment_id=38876#main\" data-orig-file=\"https:\/\/i0.wp.com\/deltaimage.de\/wp\/wp-content\/uploads\/PE1S3003_900.jpg?fit=890%2C593&amp;ssl=1\" data-orig-size=\"890,593\" data-comments-opened=\"0\" data-image-meta=\"{&quot;aperture&quot;:&quot;9&quot;,&quot;credit&quot;:&quot;Paul Eschbach&quot;,&quot;camera&quot;:&quot;Canon EOS-1Ds Mark III&quot;,&quot;caption&quot;:&quot;&quot;,&quot;created_timestamp&quot;:&quot;1676116664&quot;,&quot;copyright&quot;:&quot;&quot;,&quot;focal_length&quot;:&quot;105&quot;,&quot;iso&quot;:&quot;200&quot;,&quot;shutter_speed&quot;:&quot;0.05&quot;,&quot;title&quot;:&quot;&quot;,&quot;orientation&quot;:&quot;0&quot;}\" data-image-title=\"PE1S3003_900\" data-image-description=\"\" data-image-caption=\"\" data-large-file=\"https:\/\/i0.wp.com\/deltaimage.de\/wp\/wp-content\/uploads\/PE1S3003_900.jpg?fit=890%2C593&amp;ssl=1\" class=\"aligncenter size-full wp-image-38876\" src=\"https:\/\/i0.wp.com\/deltaimage.de\/wp\/wp-content\/uploads\/PE1S3003_900.jpg?resize=890%2C593&#038;ssl=1\" alt=\"\" width=\"890\" height=\"593\" srcset=\"https:\/\/i0.wp.com\/deltaimage.de\/wp\/wp-content\/uploads\/PE1S3003_900.jpg?w=890&amp;ssl=1 890w, https:\/\/i0.wp.com\/deltaimage.de\/wp\/wp-content\/uploads\/PE1S3003_900.jpg?resize=300%2C200&amp;ssl=1 300w, https:\/\/i0.wp.com\/deltaimage.de\/wp\/wp-content\/uploads\/PE1S3003_900.jpg?resize=675%2C450&amp;ssl=1 675w, https:\/\/i0.wp.com\/deltaimage.de\/wp\/wp-content\/uploads\/PE1S3003_900.jpg?resize=600%2C400&amp;ssl=1 600w, https:\/\/i0.wp.com\/deltaimage.de\/wp\/wp-content\/uploads\/PE1S3003_900.jpg?resize=200%2C133&amp;ssl=1 200w\" sizes=\"auto, (max-width: 890px) 100vw, 890px\" \/><\/p>\n<h2>Das BAYERWALDTEAM im Zugang zum H\u00f6llenschlund<\/h2>\n<p>Eigentlich ja nur der Durchstieg im Tunnel der <strong>Wolfensteiner Ohe<\/strong>, auf die andere Seite der Flussschleife &#8211; H\u00f6llenschlund klingt aber so viel mehr dramatisch. Wasser in den verschiedenen Aggregatzust\u00e4nden<\/p>\n<ul>\n<li>fl\u00fcssig<\/li>\n<li>fest<\/li>\n<\/ul>\n<p>und der stete Wechsel dazwischen beschert den BesucherInnen und den FotografInnen eine zauberhafte Eiswelt an den W\u00e4nden der <strong>Buchberger Leite<\/strong>.<\/p>\n<p><img data-recalc-dims=\"1\" loading=\"lazy\" decoding=\"async\" data-attachment-id=\"38886\" data-permalink=\"https:\/\/deltaimage.de\/wp\/?attachment_id=38886#main\" data-orig-file=\"https:\/\/i0.wp.com\/deltaimage.de\/wp\/wp-content\/uploads\/PE1S3047_900.jpg?fit=593%2C890&amp;ssl=1\" data-orig-size=\"593,890\" data-comments-opened=\"0\" data-image-meta=\"{&quot;aperture&quot;:&quot;11&quot;,&quot;credit&quot;:&quot;Paul Eschbach&quot;,&quot;camera&quot;:&quot;Canon EOS-1Ds Mark III&quot;,&quot;caption&quot;:&quot;&quot;,&quot;created_timestamp&quot;:&quot;1676120839&quot;,&quot;copyright&quot;:&quot;&quot;,&quot;focal_length&quot;:&quot;100&quot;,&quot;iso&quot;:&quot;200&quot;,&quot;shutter_speed&quot;:&quot;0.066666666666667&quot;,&quot;title&quot;:&quot;&quot;,&quot;orientation&quot;:&quot;0&quot;}\" data-image-title=\"PE1S3047_900\" data-image-description=\"\" data-image-caption=\"\" data-large-file=\"https:\/\/i0.wp.com\/deltaimage.de\/wp\/wp-content\/uploads\/PE1S3047_900.jpg?fit=593%2C890&amp;ssl=1\" class=\"aligncenter size-medium wp-image-38886\" src=\"https:\/\/i0.wp.com\/deltaimage.de\/wp\/wp-content\/uploads\/PE1S3047_900.jpg?resize=400%2C600&#038;ssl=1\" alt=\"\" width=\"400\" height=\"600\" srcset=\"https:\/\/i0.wp.com\/deltaimage.de\/wp\/wp-content\/uploads\/PE1S3047_900.jpg?resize=400%2C600&amp;ssl=1 400w, https:\/\/i0.wp.com\/deltaimage.de\/wp\/wp-content\/uploads\/PE1S3047_900.jpg?resize=133%2C200&amp;ssl=1 133w, https:\/\/i0.wp.com\/deltaimage.de\/wp\/wp-content\/uploads\/PE1S3047_900.jpg?resize=395%2C593&amp;ssl=1 395w, https:\/\/i0.wp.com\/deltaimage.de\/wp\/wp-content\/uploads\/PE1S3047_900.jpg?resize=300%2C450&amp;ssl=1 300w, https:\/\/i0.wp.com\/deltaimage.de\/wp\/wp-content\/uploads\/PE1S3047_900.jpg?resize=267%2C400&amp;ssl=1 267w, https:\/\/i0.wp.com\/deltaimage.de\/wp\/wp-content\/uploads\/PE1S3047_900.jpg?w=593&amp;ssl=1 593w\" sizes=\"auto, (max-width: 400px) 100vw, 400px\" \/><\/p>\n<p>Das gefrierende Wasser schafft immer gr\u00f6\u00dfere und bizarrere Formen an Eis und Eiszapfen &#8211; unbedingt m\u00fcssen wir uns daran fotografisch ausprobieren.<\/p>\n<p>&nbsp;<\/p>\n<h2>Die kristallene Welt aus Eis und Licht<\/h2>\n<p>Nicht so gro\u00df als in den M\u00e4rchen und Sagenwelten, aber doch ganz stattliche Bildmotive in dieser kalten Felsenschlucht. Die gleichbleibende K\u00e4lte und das vom oberen Rand nachlaufende Wasser l\u00e4sst die Eiszapfen und Eisgebilde \u00fcber lange Zeit wachsen und erh\u00e4lt sich auch \u00fcber ein paar w\u00e4rmere Tage hinweg.<\/p>\n<p><img data-recalc-dims=\"1\" loading=\"lazy\" decoding=\"async\" data-attachment-id=\"38885\" data-permalink=\"https:\/\/deltaimage.de\/wp\/?attachment_id=38885#main\" data-orig-file=\"https:\/\/i0.wp.com\/deltaimage.de\/wp\/wp-content\/uploads\/PE1S3043_900.jpg?fit=593%2C890&amp;ssl=1\" data-orig-size=\"593,890\" data-comments-opened=\"0\" data-image-meta=\"{&quot;aperture&quot;:&quot;11&quot;,&quot;credit&quot;:&quot;Paul Eschbach&quot;,&quot;camera&quot;:&quot;Canon EOS-1Ds Mark III&quot;,&quot;caption&quot;:&quot;&quot;,&quot;created_timestamp&quot;:&quot;1676120707&quot;,&quot;copyright&quot;:&quot;&quot;,&quot;focal_length&quot;:&quot;100&quot;,&quot;iso&quot;:&quot;200&quot;,&quot;shutter_speed&quot;:&quot;0.05&quot;,&quot;title&quot;:&quot;&quot;,&quot;orientation&quot;:&quot;0&quot;}\" data-image-title=\"PE1S3043_900\" data-image-description=\"\" data-image-caption=\"\" data-large-file=\"https:\/\/i0.wp.com\/deltaimage.de\/wp\/wp-content\/uploads\/PE1S3043_900.jpg?fit=593%2C890&amp;ssl=1\" class=\"aligncenter size-medium wp-image-38885\" src=\"https:\/\/i0.wp.com\/deltaimage.de\/wp\/wp-content\/uploads\/PE1S3043_900.jpg?resize=400%2C600&#038;ssl=1\" alt=\"\" width=\"400\" height=\"600\" srcset=\"https:\/\/i0.wp.com\/deltaimage.de\/wp\/wp-content\/uploads\/PE1S3043_900.jpg?resize=400%2C600&amp;ssl=1 400w, https:\/\/i0.wp.com\/deltaimage.de\/wp\/wp-content\/uploads\/PE1S3043_900.jpg?resize=133%2C200&amp;ssl=1 133w, https:\/\/i0.wp.com\/deltaimage.de\/wp\/wp-content\/uploads\/PE1S3043_900.jpg?resize=395%2C593&amp;ssl=1 395w, https:\/\/i0.wp.com\/deltaimage.de\/wp\/wp-content\/uploads\/PE1S3043_900.jpg?resize=300%2C450&amp;ssl=1 300w, https:\/\/i0.wp.com\/deltaimage.de\/wp\/wp-content\/uploads\/PE1S3043_900.jpg?resize=267%2C400&amp;ssl=1 267w, https:\/\/i0.wp.com\/deltaimage.de\/wp\/wp-content\/uploads\/PE1S3043_900.jpg?w=593&amp;ssl=1 593w\" sizes=\"auto, (max-width: 400px) 100vw, 400px\" \/><\/p>\n<p>Das diffuse Licht dieses bedeckten Tages schafft ein gleichm\u00e4\u00dfiges und kontrastarmes Licht, um die vielen Reflexionen im Eis auch \u00fcberhaupt fotografieren zu k\u00f6nnen. Ein Tag mit Sonne, Wolken und tiefen Schatten schafft einen viel zu hohen Kontrast im Bild.<\/p>\n<blockquote>\n<pre>So ist es perfekt.<\/pre>\n<\/blockquote>\n<p><img data-recalc-dims=\"1\" loading=\"lazy\" decoding=\"async\" data-attachment-id=\"38884\" data-permalink=\"https:\/\/deltaimage.de\/wp\/?attachment_id=38884#main\" data-orig-file=\"https:\/\/i0.wp.com\/deltaimage.de\/wp\/wp-content\/uploads\/PE1S3041_900.jpg?fit=593%2C890&amp;ssl=1\" data-orig-size=\"593,890\" data-comments-opened=\"0\" data-image-meta=\"{&quot;aperture&quot;:&quot;11&quot;,&quot;credit&quot;:&quot;Paul Eschbach&quot;,&quot;camera&quot;:&quot;Canon EOS-1Ds Mark III&quot;,&quot;caption&quot;:&quot;&quot;,&quot;created_timestamp&quot;:&quot;1676120624&quot;,&quot;copyright&quot;:&quot;&quot;,&quot;focal_length&quot;:&quot;100&quot;,&quot;iso&quot;:&quot;200&quot;,&quot;shutter_speed&quot;:&quot;0.05&quot;,&quot;title&quot;:&quot;&quot;,&quot;orientation&quot;:&quot;0&quot;}\" data-image-title=\"PE1S3041_900\" data-image-description=\"\" data-image-caption=\"\" data-large-file=\"https:\/\/i0.wp.com\/deltaimage.de\/wp\/wp-content\/uploads\/PE1S3041_900.jpg?fit=593%2C890&amp;ssl=1\" class=\"aligncenter size-medium wp-image-38884\" src=\"https:\/\/i0.wp.com\/deltaimage.de\/wp\/wp-content\/uploads\/PE1S3041_900.jpg?resize=400%2C600&#038;ssl=1\" alt=\"\" width=\"400\" height=\"600\" srcset=\"https:\/\/i0.wp.com\/deltaimage.de\/wp\/wp-content\/uploads\/PE1S3041_900.jpg?resize=400%2C600&amp;ssl=1 400w, https:\/\/i0.wp.com\/deltaimage.de\/wp\/wp-content\/uploads\/PE1S3041_900.jpg?resize=133%2C200&amp;ssl=1 133w, https:\/\/i0.wp.com\/deltaimage.de\/wp\/wp-content\/uploads\/PE1S3041_900.jpg?resize=395%2C593&amp;ssl=1 395w, https:\/\/i0.wp.com\/deltaimage.de\/wp\/wp-content\/uploads\/PE1S3041_900.jpg?resize=300%2C450&amp;ssl=1 300w, https:\/\/i0.wp.com\/deltaimage.de\/wp\/wp-content\/uploads\/PE1S3041_900.jpg?resize=267%2C400&amp;ssl=1 267w, https:\/\/i0.wp.com\/deltaimage.de\/wp\/wp-content\/uploads\/PE1S3041_900.jpg?w=593&amp;ssl=1 593w\" sizes=\"auto, (max-width: 400px) 100vw, 400px\" \/><\/p>\n","protected":false},"excerpt":{"rendered":"<p>Im Winter sind die gro\u00dfen Landschaftsaufnahmen von den Gipfeln der hohen Berge des Grenzkamms zwischen Bayern und B\u00f6hmen immer sehr beliebt. Die Besucherstr\u00f6me haben sich mit der Pandemie auch sehr [&hellip;]<\/p>\n","protected":false},"author":1,"featured_media":38877,"comment_status":"open","ping_status":"open","sticky":false,"template":"","format":"standard","meta":{"wpupg_custom_link":[],"wpupg_custom_link_behaviour":["default"],"wpupg_custom_link_nofollow":["default"],"wpupg_custom_image":[],"wpupg_custom_image_id":[],"footnotes":"","jetpack_post_was_ever_published":false},"categories":[861,8],"tags":[595,594,2454,1216,3405,3406,2457,541,452,2458],"class_list":["post-38838","post","type-post","status-publish","format-standard","has-post-thumbnail","hentry","category-bayerwaldteam","category-news","tag-bayerischer-wald","tag-bayerwaldteam","tag-buchberger-leite","tag-eis","tag-fryung","tag-pfahl","tag-ringelai","tag-schnee","tag-winter","tag-wolfensteiner-ohe"],"jetpack-related-posts":[{"id":21026,"url":"https:\/\/deltaimage.de\/wp\/?p=21026","url_meta":{"origin":38838,"position":0},"title":"Buchberger Leite im Bayerischen Wald in Schwarz und Wei\u00df","author":"EschbacP","date":"29. Januar 2019","format":false,"excerpt":"Winter im Bayerischen Wald war fr\u00fcher schneesicher und mit viel Schnee \u00fcber eine lange Zeit verbunden. Der Klimawandel ist auch am Bayerischen Wald nicht spurlos vor\u00fcbergegangen. Der Bayerische Wald ist immer noch eine herrliche Gegend mit wildromantischen Pl\u00e4tzen auch und gerade im Winter. \u00a0 Die Buchberger Leite bei Freyung -\u2026","rel":"","context":"In &quot;BAYERWALDTEAM&quot;","block_context":{"text":"BAYERWALDTEAM","link":"https:\/\/deltaimage.de\/wp\/?cat=861"},"img":{"alt_text":"","src":"https:\/\/i0.wp.com\/deltaimage.de\/wp\/wp-content\/uploads\/PE1S0102_1200-2.jpg?fit=1200%2C450&ssl=1&resize=350%2C200","width":350,"height":200,"srcset":"https:\/\/i0.wp.com\/deltaimage.de\/wp\/wp-content\/uploads\/PE1S0102_1200-2.jpg?fit=1200%2C450&ssl=1&resize=350%2C200 1x, https:\/\/i0.wp.com\/deltaimage.de\/wp\/wp-content\/uploads\/PE1S0102_1200-2.jpg?fit=1200%2C450&ssl=1&resize=525%2C300 1.5x, https:\/\/i0.wp.com\/deltaimage.de\/wp\/wp-content\/uploads\/PE1S0102_1200-2.jpg?fit=1200%2C450&ssl=1&resize=700%2C400 2x, https:\/\/i0.wp.com\/deltaimage.de\/wp\/wp-content\/uploads\/PE1S0102_1200-2.jpg?fit=1200%2C450&ssl=1&resize=1050%2C600 3x"},"classes":[]},{"id":21051,"url":"https:\/\/deltaimage.de\/wp\/?p=21051","url_meta":{"origin":38838,"position":1},"title":"BAYERWALDTEAM \u2013 Winter im Bayerischen Wald","author":"EschbacP","date":"30. Januar 2019","format":false,"excerpt":"Die Wolfensteiner Ohe hat sich eine wildromantische Schlucht von Freyung bis Ringelai im Bayerischen Wald \u00fcber die Jahrtausende in den Schiefer geschliffen. F\u00fcr den Naturwanderer und Fotografen ist die Buchberger Leite ein Kleinod in der Naturlandschaft. Am Ende der Schlucht f\u00fchrt ein kurzer Stollen durch den Berg und schafft den\u2026","rel":"","context":"In &quot;BAYERWALDTEAM&quot;","block_context":{"text":"BAYERWALDTEAM","link":"https:\/\/deltaimage.de\/wp\/?cat=861"},"img":{"alt_text":"","src":"https:\/\/i0.wp.com\/deltaimage.de\/wp\/wp-content\/uploads\/PE1S0102_1200-2.jpg?fit=1200%2C450&ssl=1&resize=350%2C200","width":350,"height":200,"srcset":"https:\/\/i0.wp.com\/deltaimage.de\/wp\/wp-content\/uploads\/PE1S0102_1200-2.jpg?fit=1200%2C450&ssl=1&resize=350%2C200 1x, https:\/\/i0.wp.com\/deltaimage.de\/wp\/wp-content\/uploads\/PE1S0102_1200-2.jpg?fit=1200%2C450&ssl=1&resize=525%2C300 1.5x, https:\/\/i0.wp.com\/deltaimage.de\/wp\/wp-content\/uploads\/PE1S0102_1200-2.jpg?fit=1200%2C450&ssl=1&resize=700%2C400 2x, https:\/\/i0.wp.com\/deltaimage.de\/wp\/wp-content\/uploads\/PE1S0102_1200-2.jpg?fit=1200%2C450&ssl=1&resize=1050%2C600 3x"},"classes":[]},{"id":38821,"url":"https:\/\/deltaimage.de\/wp\/?p=38821","url_meta":{"origin":38838,"position":2},"title":"Paul (BAYERWALDTEAM) in Eis und Schnee auf Bildersuche im Bayerischen Wald","author":"EschbacP","date":"14. Februar 2023","format":false,"excerpt":"Das Fotoabenteuer im winterlichen Bayerischen Wald spielt in drei Abschnitten. Wir waren viel Zeit drau\u00dfen in der Natur und Landschaft, um den auch hier nicht mehr so selbstverst\u00e4ndlichen Winter in unseren Bildern festhalten zu k\u00f6nnen. \u00a0 Foto-Abenteuer #1 am Gro\u00dfen Arber mit \u00dcbernachtung im Schutzhaus Zwei Tage und eine Nacht\u2026","rel":"","context":"In &quot;BAYERWALDTEAM&quot;","block_context":{"text":"BAYERWALDTEAM","link":"https:\/\/deltaimage.de\/wp\/?cat=861"},"img":{"alt_text":"","src":"https:\/\/i0.wp.com\/deltaimage.de\/wp\/wp-content\/uploads\/AK3I0654_1200.jpg?fit=1200%2C450&ssl=1&resize=350%2C200","width":350,"height":200,"srcset":"https:\/\/i0.wp.com\/deltaimage.de\/wp\/wp-content\/uploads\/AK3I0654_1200.jpg?fit=1200%2C450&ssl=1&resize=350%2C200 1x, https:\/\/i0.wp.com\/deltaimage.de\/wp\/wp-content\/uploads\/AK3I0654_1200.jpg?fit=1200%2C450&ssl=1&resize=525%2C300 1.5x, https:\/\/i0.wp.com\/deltaimage.de\/wp\/wp-content\/uploads\/AK3I0654_1200.jpg?fit=1200%2C450&ssl=1&resize=700%2C400 2x, https:\/\/i0.wp.com\/deltaimage.de\/wp\/wp-content\/uploads\/AK3I0654_1200.jpg?fit=1200%2C450&ssl=1&resize=1050%2C600 3x"},"classes":[]},{"id":40508,"url":"https:\/\/deltaimage.de\/wp\/?p=40508","url_meta":{"origin":38838,"position":3},"title":"Buchberger Leite am hei\u00dfesten Tag des Jahres \u2013 BAYERWALDTEAM","author":"EschbacP","date":"9. August 2023","format":false,"excerpt":"Heute ist Samstag und es soll der hei\u00dfeste Tag des Jahres mit 39 \u00b0C - 40 \u00b0C im Bayerischen Wald werden. Eine Foto-Tour auf einen der Gipfel am Grenzkamm f\u00e4llt heute aus - es ist einfach viel zu hei\u00df und die Belastungen f\u00fcr uns ist nicht zu untersch\u00e4tzen. Nach kurzer\u2026","rel":"","context":"In &quot;BAYERWALDTEAM&quot;","block_context":{"text":"BAYERWALDTEAM","link":"https:\/\/deltaimage.de\/wp\/?cat=861"},"img":{"alt_text":"","src":"https:\/\/i0.wp.com\/deltaimage.de\/wp\/wp-content\/uploads\/PE5D7208-Pano_1200.jpg?fit=1200%2C354&ssl=1&resize=350%2C200","width":350,"height":200,"srcset":"https:\/\/i0.wp.com\/deltaimage.de\/wp\/wp-content\/uploads\/PE5D7208-Pano_1200.jpg?fit=1200%2C354&ssl=1&resize=350%2C200 1x, https:\/\/i0.wp.com\/deltaimage.de\/wp\/wp-content\/uploads\/PE5D7208-Pano_1200.jpg?fit=1200%2C354&ssl=1&resize=525%2C300 1.5x, https:\/\/i0.wp.com\/deltaimage.de\/wp\/wp-content\/uploads\/PE5D7208-Pano_1200.jpg?fit=1200%2C354&ssl=1&resize=700%2C400 2x, https:\/\/i0.wp.com\/deltaimage.de\/wp\/wp-content\/uploads\/PE5D7208-Pano_1200.jpg?fit=1200%2C354&ssl=1&resize=1050%2C600 3x"},"classes":[]},{"id":21015,"url":"https:\/\/deltaimage.de\/wp\/?p=21015","url_meta":{"origin":38838,"position":4},"title":"Eiskristalle in der staden Zeit &#8211; die kalte Seite des Bayerischen Waldes","author":"EschbacP","date":"29. Januar 2019","format":false,"excerpt":"\u00dcberall sprie\u00dfen die kleinen B\u00e4chlein zu Tage und suchen sich den Weg \u00fcber Steine und Felsen zu den gro\u00dfen Str\u00f6men im Bayerischen Wald - die Ilz und der Regen. Die Sch\u00f6nheit liegt sehr oft im Kleinen und unscheinbaren verborgen. Ein kleines B\u00e4chlein - dazu Temperaturen dauerhaft unter 0\u00b0C und schon\u2026","rel":"","context":"In &quot;BAYERWALDTEAM&quot;","block_context":{"text":"BAYERWALDTEAM","link":"https:\/\/deltaimage.de\/wp\/?cat=861"},"img":{"alt_text":"","src":"https:\/\/i0.wp.com\/deltaimage.de\/wp\/wp-content\/uploads\/PE1S0146_1200.jpg?fit=1200%2C450&ssl=1&resize=350%2C200","width":350,"height":200,"srcset":"https:\/\/i0.wp.com\/deltaimage.de\/wp\/wp-content\/uploads\/PE1S0146_1200.jpg?fit=1200%2C450&ssl=1&resize=350%2C200 1x, https:\/\/i0.wp.com\/deltaimage.de\/wp\/wp-content\/uploads\/PE1S0146_1200.jpg?fit=1200%2C450&ssl=1&resize=525%2C300 1.5x, https:\/\/i0.wp.com\/deltaimage.de\/wp\/wp-content\/uploads\/PE1S0146_1200.jpg?fit=1200%2C450&ssl=1&resize=700%2C400 2x, https:\/\/i0.wp.com\/deltaimage.de\/wp\/wp-content\/uploads\/PE1S0146_1200.jpg?fit=1200%2C450&ssl=1&resize=1050%2C600 3x"},"classes":[]},{"id":27695,"url":"https:\/\/deltaimage.de\/wp\/?p=27695","url_meta":{"origin":38838,"position":5},"title":"BAYERWALDTEAM am Dreisessel \u2013 Konserve aus dem Jahr 2016","author":"EschbacP","date":"17. April 2021","format":false,"excerpt":"Momentan f\u00e4llt es sehr schwierig, aktuelle Beitr\u00e4ge zum Themenbereich BAYERISCHER WALD und B\u00d6HMERWALD zu schreiben. Wir d\u00fcrfen einfach nicht in die Region und \u00fcber die Fotografie berichten. Da bleibt dann nur noch der Griff in die Konserve und viele Bilder, die niemals ver\u00f6ffentlicht wurden, bekommen eine zweite Chance. \u00a0 Dreisessel\u2026","rel":"","context":"In &quot;BAYERWALDTEAM&quot;","block_context":{"text":"BAYERWALDTEAM","link":"https:\/\/deltaimage.de\/wp\/?cat=861"},"img":{"alt_text":"","src":"https:\/\/i0.wp.com\/deltaimage.de\/wp\/wp-content\/uploads\/2_PaulDreisesselJan2016_neu-1200.jpg?fit=1200%2C450&ssl=1&resize=350%2C200","width":350,"height":200,"srcset":"https:\/\/i0.wp.com\/deltaimage.de\/wp\/wp-content\/uploads\/2_PaulDreisesselJan2016_neu-1200.jpg?fit=1200%2C450&ssl=1&resize=350%2C200 1x, https:\/\/i0.wp.com\/deltaimage.de\/wp\/wp-content\/uploads\/2_PaulDreisesselJan2016_neu-1200.jpg?fit=1200%2C450&ssl=1&resize=525%2C300 1.5x, https:\/\/i0.wp.com\/deltaimage.de\/wp\/wp-content\/uploads\/2_PaulDreisesselJan2016_neu-1200.jpg?fit=1200%2C450&ssl=1&resize=700%2C400 2x, https:\/\/i0.wp.com\/deltaimage.de\/wp\/wp-content\/uploads\/2_PaulDreisesselJan2016_neu-1200.jpg?fit=1200%2C450&ssl=1&resize=1050%2C600 3x"},"classes":[]}],"jetpack_sharing_enabled":true,"jetpack_featured_media_url":"https:\/\/i0.wp.com\/deltaimage.de\/wp\/wp-content\/uploads\/PE1S3026_1200.jpg?fit=1200%2C450&ssl=1","_links":{"self":[{"href":"https:\/\/deltaimage.de\/wp\/index.php?rest_route=\/wp\/v2\/posts\/38838","targetHints":{"allow":["GET"]}}],"collection":[{"href":"https:\/\/deltaimage.de\/wp\/index.php?rest_route=\/wp\/v2\/posts"}],"about":[{"href":"https:\/\/deltaimage.de\/wp\/index.php?rest_route=\/wp\/v2\/types\/post"}],"author":[{"embeddable":true,"href":"https:\/\/deltaimage.de\/wp\/index.php?rest_route=\/wp\/v2\/users\/1"}],"replies":[{"embeddable":true,"href":"https:\/\/deltaimage.de\/wp\/index.php?rest_route=%2Fwp%2Fv2%2Fcomments&post=38838"}],"version-history":[{"count":10,"href":"https:\/\/deltaimage.de\/wp\/index.php?rest_route=\/wp\/v2\/posts\/38838\/revisions"}],"predecessor-version":[{"id":51418,"href":"https:\/\/deltaimage.de\/wp\/index.php?rest_route=\/wp\/v2\/posts\/38838\/revisions\/51418"}],"wp:featuredmedia":[{"embeddable":true,"href":"https:\/\/deltaimage.de\/wp\/index.php?rest_route=\/wp\/v2\/media\/38877"}],"wp:attachment":[{"href":"https:\/\/deltaimage.de\/wp\/index.php?rest_route=%2Fwp%2Fv2%2Fmedia&parent=38838"}],"wp:term":[{"taxonomy":"category","embeddable":true,"href":"https:\/\/deltaimage.de\/wp\/index.php?rest_route=%2Fwp%2Fv2%2Fcategories&post=38838"},{"taxonomy":"post_tag","embeddable":true,"href":"https:\/\/deltaimage.de\/wp\/index.php?rest_route=%2Fwp%2Fv2%2Ftags&post=38838"}],"curies":[{"name":"wp","href":"https:\/\/api.w.org\/{rel}","templated":true}]}}