{"id":39152,"date":"2023-02-23T20:38:15","date_gmt":"2023-02-23T19:38:15","guid":{"rendered":"https:\/\/deltaimage.de\/wp\/?p=39152"},"modified":"2025-08-21T18:10:27","modified_gmt":"2025-08-21T16:10:27","slug":"workshop-natur-im-moor-ist-erneut-ausverkauft","status":"publish","type":"post","link":"https:\/\/deltaimage.de\/wp\/?p=39152","title":{"rendered":"Workshop &#8222;Natur im Moor&#8220; ist erneut ausverkauft!"},"content":{"rendered":"<h2><img data-recalc-dims=\"1\" loading=\"lazy\" decoding=\"async\" data-attachment-id=\"41951\" data-permalink=\"https:\/\/deltaimage.de\/wp\/?attachment_id=41951#main\" data-orig-file=\"https:\/\/i0.wp.com\/deltaimage.de\/wp\/wp-content\/uploads\/Glanzlichter_Fuerstenfeld.jpg?fit=248%2C172&amp;ssl=1\" data-orig-size=\"248,172\" data-comments-opened=\"1\" data-image-meta=\"{&quot;aperture&quot;:&quot;0&quot;,&quot;credit&quot;:&quot;Paul Eschbach&quot;,&quot;camera&quot;:&quot;&quot;,&quot;caption&quot;:&quot;&quot;,&quot;created_timestamp&quot;:&quot;1470174877&quot;,&quot;copyright&quot;:&quot;&quot;,&quot;focal_length&quot;:&quot;0&quot;,&quot;iso&quot;:&quot;0&quot;,&quot;shutter_speed&quot;:&quot;0&quot;,&quot;title&quot;:&quot;&quot;,&quot;orientation&quot;:&quot;0&quot;}\" data-image-title=\"Glanzlichter_F\u00fcrstenfeld\" data-image-description=\"\" data-image-caption=\"\" data-large-file=\"https:\/\/i0.wp.com\/deltaimage.de\/wp\/wp-content\/uploads\/Glanzlichter_Fuerstenfeld.jpg?fit=248%2C172&amp;ssl=1\" class=\"size-full wp-image-41951 alignright\" src=\"https:\/\/i0.wp.com\/deltaimage.de\/wp\/wp-content\/uploads\/Glanzlichter_Fuerstenfeld.jpg?resize=248%2C172&#038;ssl=1\" alt=\"\" width=\"248\" height=\"172\" \/><\/h2>\n<h2>Naturfototage F\u00fcrstenfeld in F\u00fcrstenfeldbruck &#8211; 14.4. &#8211; 16.4.2023<\/h2>\n<blockquote><p>&#8222;Seit 2021 wird der Workshop \u201eNatur im Moor\u201c angeboten. Und zum dritten Mal ist er vorzeitig ausgebucht. Bei diesem Workshop f\u00fchren Naturfotograf Paul Eschbach begleitet von einem F\u00fcrstenfeldbrucker Moorspezialisten durch ein Hochmoor und ein Niedermoor. Dies ist nicht der einzige Workshop mit Paul Eschbach. Wer sich f\u00fcr Architekturfotografie interessiert, historische Technik sehen m\u00f6chte oder als F\u00fcrstenfeldbrucker seine Heimatstadt aus neuer Perspektive erleben m\u00f6chte, f\u00fcr den empfiehlt sich der WS \u201eArchitektur und Technik\u201c.&#8220;<\/p><\/blockquote>\n<p>So berichtet der Veranstalter Udo H\u00f6cke nun schon fast 2 Monate vor dem eigentlichen Termin des Workshops am 15.4.2023 auf seiner <strong><a href=\"https:\/\/glanzlichter.com\">Webseite www.glanzlichter.com<\/a><\/strong>.<\/p>\n<p><!--more--><\/p>\n<p>Ein <strong>Graureiher<\/strong> im <strong>\u00dcbergangsmoor<\/strong> bei <strong>F\u00fcrstenfeldbruck<\/strong>. Die Tiere der Moorlandschaft sind da, wir Menschen m\u00fcssen uns zum Beobachten aber ruhig und defensiv verhalten, dann bekommen wir auch unsere Chancen f\u00fcr sehr sch\u00f6ne Bilder.<\/p>\n<p>&nbsp;<\/p>\n<h2>Wenn die Naturfototage F\u00fcrstenfeld und Paul Eschbach zum Workshop im Moor rufen &#8230;<\/h2>\n<p>&#8230; dann kommen nicht nur die Tiere im <strong>Hoch- und Niedermoor<\/strong> zusammen &#8211; auch die FotografInnen kommen zum Workshop.<\/p>\n<p><img data-recalc-dims=\"1\" loading=\"lazy\" decoding=\"async\" data-attachment-id=\"33642\" data-permalink=\"https:\/\/deltaimage.de\/wp\/?attachment_id=33642#main\" data-orig-file=\"https:\/\/i0.wp.com\/deltaimage.de\/wp\/wp-content\/uploads\/IMG_6645_900.jpg?fit=890%2C593&amp;ssl=1\" data-orig-size=\"890,593\" data-comments-opened=\"0\" data-image-meta=\"{&quot;aperture&quot;:&quot;4&quot;,&quot;credit&quot;:&quot;PAUL ESCHBACH&quot;,&quot;camera&quot;:&quot;Canon EOS 80D&quot;,&quot;caption&quot;:&quot;&quot;,&quot;created_timestamp&quot;:&quot;1649509340&quot;,&quot;copyright&quot;:&quot;Paul Eschbach @ DELTA IMAGE&quot;,&quot;focal_length&quot;:&quot;200&quot;,&quot;iso&quot;:&quot;200&quot;,&quot;shutter_speed&quot;:&quot;0.00125&quot;,&quot;title&quot;:&quot;&quot;,&quot;orientation&quot;:&quot;0&quot;}\" data-image-title=\"IMG_6645_900\" data-image-description=\"\" data-image-caption=\"\" data-large-file=\"https:\/\/i0.wp.com\/deltaimage.de\/wp\/wp-content\/uploads\/IMG_6645_900.jpg?fit=890%2C593&amp;ssl=1\" class=\"aligncenter size-full wp-image-33642\" src=\"https:\/\/i0.wp.com\/deltaimage.de\/wp\/wp-content\/uploads\/IMG_6645_900.jpg?resize=890%2C593&#038;ssl=1\" alt=\"\" width=\"890\" height=\"593\" srcset=\"https:\/\/i0.wp.com\/deltaimage.de\/wp\/wp-content\/uploads\/IMG_6645_900.jpg?w=890&amp;ssl=1 890w, https:\/\/i0.wp.com\/deltaimage.de\/wp\/wp-content\/uploads\/IMG_6645_900.jpg?resize=300%2C200&amp;ssl=1 300w, https:\/\/i0.wp.com\/deltaimage.de\/wp\/wp-content\/uploads\/IMG_6645_900.jpg?resize=675%2C450&amp;ssl=1 675w, https:\/\/i0.wp.com\/deltaimage.de\/wp\/wp-content\/uploads\/IMG_6645_900.jpg?resize=600%2C400&amp;ssl=1 600w, https:\/\/i0.wp.com\/deltaimage.de\/wp\/wp-content\/uploads\/IMG_6645_900.jpg?resize=200%2C133&amp;ssl=1 200w\" sizes=\"auto, (max-width: 890px) 100vw, 890px\" \/><\/p>\n<p>Der Workshop wurde inzwischen zum vierten Mal angeboten, einmal wegen Covid-19 ausgefallen. Bislang immer ist dieser Workshop schon 2-3 Monate vor Veranstaltungsbeginn ausgebucht. Das ist f\u00fcr mich, f\u00fcr <strong>Robert Hoiss<\/strong> und den Veranstalter gut, f\u00fcr die potenziellen TeilnehmerInnen aber schlecht.<\/p>\n<p><img data-recalc-dims=\"1\" loading=\"lazy\" decoding=\"async\" data-attachment-id=\"38771\" data-permalink=\"https:\/\/deltaimage.de\/wp\/?attachment_id=38771\" data-orig-file=\"https:\/\/i0.wp.com\/deltaimage.de\/wp\/wp-content\/uploads\/240x340_25IFN23-WEB.jpg?fit=240%2C340&amp;ssl=1\" data-orig-size=\"240,340\" data-comments-opened=\"0\" data-image-meta=\"{&quot;aperture&quot;:&quot;0&quot;,&quot;credit&quot;:&quot;&quot;,&quot;camera&quot;:&quot;&quot;,&quot;caption&quot;:&quot;&quot;,&quot;created_timestamp&quot;:&quot;0&quot;,&quot;copyright&quot;:&quot;&quot;,&quot;focal_length&quot;:&quot;0&quot;,&quot;iso&quot;:&quot;0&quot;,&quot;shutter_speed&quot;:&quot;0&quot;,&quot;title&quot;:&quot;&quot;,&quot;orientation&quot;:&quot;1&quot;}\" data-image-title=\"240x340_25IFN23-WEB\" data-image-description=\"\" data-image-caption=\"\" data-large-file=\"https:\/\/i0.wp.com\/deltaimage.de\/wp\/wp-content\/uploads\/240x340_25IFN23-WEB.jpg?fit=240%2C340&amp;ssl=1\" class=\"aligncenter size-full wp-image-38771\" src=\"https:\/\/i0.wp.com\/deltaimage.de\/wp\/wp-content\/uploads\/240x340_25IFN23-WEB.jpg?resize=240%2C340&#038;ssl=1\" alt=\"\" width=\"240\" height=\"340\" srcset=\"https:\/\/i0.wp.com\/deltaimage.de\/wp\/wp-content\/uploads\/240x340_25IFN23-WEB.jpg?w=240&amp;ssl=1 240w, https:\/\/i0.wp.com\/deltaimage.de\/wp\/wp-content\/uploads\/240x340_25IFN23-WEB.jpg?resize=141%2C200&amp;ssl=1 141w\" sizes=\"auto, (max-width: 240px) 100vw, 240px\" \/><\/p>\n<h2>Die TeilnehmerInnen haben einen ganz ungewohnten Lebensraum vor sich<\/h2>\n<p>Manchmal m\u00f6chte ich meinen, alle FotografInnen waren schon mindestens einmal in Island und Vancouver Island zum fotografischen Aufw\u00e4rmen, dann ab nach Namibia, Gr\u00f6nland und ganz aktuell ist die Antarktis mit j\u00e4hrlich 100.000 TouristInnen.<\/p>\n<p>Da kann man unterschiedlicher Meinung sein, ich m\u00f6chte bei diesen Workshops auch zeigen, dass es ganz spannende Biotope und Naturschutzgebiete in unserem unmittelbaren Lebensraum &#8211; ja unserer Heimat &#8211; gibt. Auch wenn diese Gebiete der Natur geh\u00f6ren und nicht \u00fcberlaufen werden d\u00fcrfen, macht eine Fotoreise f\u00fcr eine Woche um den Globus in der jetzigen Zeit nicht mehr wirklich viel Sinn.<\/p>\n<p><img data-recalc-dims=\"1\" loading=\"lazy\" decoding=\"async\" data-attachment-id=\"39158\" data-permalink=\"https:\/\/deltaimage.de\/wp\/?attachment_id=39158#main\" data-orig-file=\"https:\/\/i0.wp.com\/deltaimage.de\/wp\/wp-content\/uploads\/PE5D3110_900.jpg?fit=890%2C593&amp;ssl=1\" data-orig-size=\"890,593\" data-comments-opened=\"0\" data-image-meta=\"{&quot;aperture&quot;:&quot;4&quot;,&quot;credit&quot;:&quot;Paul Eschbach&quot;,&quot;camera&quot;:&quot;Canon EOS 5DS R&quot;,&quot;caption&quot;:&quot;&quot;,&quot;created_timestamp&quot;:&quot;1650709915&quot;,&quot;copyright&quot;:&quot;DELTA IMAGE&quot;,&quot;focal_length&quot;:&quot;400&quot;,&quot;iso&quot;:&quot;800&quot;,&quot;shutter_speed&quot;:&quot;0.0025&quot;,&quot;title&quot;:&quot;&quot;,&quot;orientation&quot;:&quot;0&quot;}\" data-image-title=\"PE5D3110_900\" data-image-description=\"\" data-image-caption=\"\" data-large-file=\"https:\/\/i0.wp.com\/deltaimage.de\/wp\/wp-content\/uploads\/PE5D3110_900.jpg?fit=890%2C593&amp;ssl=1\" class=\"aligncenter size-medium wp-image-39158\" src=\"https:\/\/i0.wp.com\/deltaimage.de\/wp\/wp-content\/uploads\/PE5D3110_900.jpg?resize=890%2C593&#038;ssl=1\" alt=\"\" width=\"890\" height=\"593\" srcset=\"https:\/\/i0.wp.com\/deltaimage.de\/wp\/wp-content\/uploads\/PE5D3110_900.jpg?w=890&amp;ssl=1 890w, https:\/\/i0.wp.com\/deltaimage.de\/wp\/wp-content\/uploads\/PE5D3110_900.jpg?resize=300%2C200&amp;ssl=1 300w, https:\/\/i0.wp.com\/deltaimage.de\/wp\/wp-content\/uploads\/PE5D3110_900.jpg?resize=675%2C450&amp;ssl=1 675w, https:\/\/i0.wp.com\/deltaimage.de\/wp\/wp-content\/uploads\/PE5D3110_900.jpg?resize=600%2C400&amp;ssl=1 600w, https:\/\/i0.wp.com\/deltaimage.de\/wp\/wp-content\/uploads\/PE5D3110_900.jpg?resize=200%2C133&amp;ssl=1 200w\" sizes=\"auto, (max-width: 890px) 100vw, 890px\" \/><\/p>\n<p>Die TeilnehmerInnen sch\u00e4tzen vor allem den Austausch untereinander \u00fcber die Fotografie und speziell die <strong>Naturfotografie<\/strong>. Robert und ich sind nur die Guides, um den Workshop auch in geordnete Bahnen laufen zu lassen und f\u00fchren die FotografInnen an die Fotomotive heran.<\/p>\n<p><img data-recalc-dims=\"1\" loading=\"lazy\" decoding=\"async\" data-attachment-id=\"39155\" data-permalink=\"https:\/\/deltaimage.de\/wp\/?attachment_id=39155#main\" data-orig-file=\"https:\/\/i0.wp.com\/deltaimage.de\/wp\/wp-content\/uploads\/PE1S0140_900-2.jpg?fit=890%2C593&amp;ssl=1\" data-orig-size=\"890,593\" data-comments-opened=\"0\" data-image-meta=\"{&quot;aperture&quot;:&quot;1.4&quot;,&quot;credit&quot;:&quot;Paul Eschbach&quot;,&quot;camera&quot;:&quot;Canon EOS-1Ds Mark III&quot;,&quot;caption&quot;:&quot;&quot;,&quot;created_timestamp&quot;:&quot;1650728499&quot;,&quot;copyright&quot;:&quot;&quot;,&quot;focal_length&quot;:&quot;50&quot;,&quot;iso&quot;:&quot;200&quot;,&quot;shutter_speed&quot;:&quot;0.00025&quot;,&quot;title&quot;:&quot;&quot;,&quot;orientation&quot;:&quot;0&quot;}\" data-image-title=\"PE1S0140_900\" data-image-description=\"\" data-image-caption=\"\" data-large-file=\"https:\/\/i0.wp.com\/deltaimage.de\/wp\/wp-content\/uploads\/PE1S0140_900-2.jpg?fit=890%2C593&amp;ssl=1\" class=\"aligncenter size-full wp-image-39155\" src=\"https:\/\/i0.wp.com\/deltaimage.de\/wp\/wp-content\/uploads\/PE1S0140_900-2.jpg?resize=890%2C593&#038;ssl=1\" alt=\"\" width=\"890\" height=\"593\" srcset=\"https:\/\/i0.wp.com\/deltaimage.de\/wp\/wp-content\/uploads\/PE1S0140_900-2.jpg?w=890&amp;ssl=1 890w, https:\/\/i0.wp.com\/deltaimage.de\/wp\/wp-content\/uploads\/PE1S0140_900-2.jpg?resize=300%2C200&amp;ssl=1 300w, https:\/\/i0.wp.com\/deltaimage.de\/wp\/wp-content\/uploads\/PE1S0140_900-2.jpg?resize=675%2C450&amp;ssl=1 675w, https:\/\/i0.wp.com\/deltaimage.de\/wp\/wp-content\/uploads\/PE1S0140_900-2.jpg?resize=600%2C400&amp;ssl=1 600w, https:\/\/i0.wp.com\/deltaimage.de\/wp\/wp-content\/uploads\/PE1S0140_900-2.jpg?resize=200%2C133&amp;ssl=1 200w\" sizes=\"auto, (max-width: 890px) 100vw, 890px\" \/><\/p>\n<p>Auf einem <strong>Natur-Beobachtungsturm<\/strong> zu stehen und 10 Minuten in die Landschaft des <strong>Niedermoors<\/strong> zu blicken, auch wenn jetzt keine Herde an Elefanten vorbeil\u00e4uft, ist f\u00fcr viele Menschen ungewohnt. In der Natur und der <strong>Naturfotografie<\/strong> passiert nichts dann, wenn wir es m\u00f6chten. Die Natur hat seinen eigenen Plan und wir m\u00fcssen uns diesem adaptieren.<\/p>\n<p>&nbsp;<\/p>\n<h2>Das Verst\u00e4ndnis der Moore und Moose in Bayern f\u00f6rdern<\/h2>\n<p>Die Landschaftsr\u00e4ume der <strong>Moore<\/strong> und <strong>Moose<\/strong> (<strong>Niedermoore<\/strong>) sind in Deutschland gesch\u00fctzte Bereiche, die einen wertvollen Beitrag zum CO2 Haushalt und damit zum Klimaschutz liefern. Wir m\u00f6chten im Rahmen der <strong>Naturfototage<\/strong> auch dies den FotografInnen vermitteln. Robert und ich sind im <strong>Moos<\/strong> und im <strong>Moor<\/strong> aufgewachsen, f\u00fcr uns sind diese Naturr\u00e4ume eine sch\u00fctzenswerte Selbstverst\u00e4ndlichkeit.<\/p>\n<p><img data-recalc-dims=\"1\" loading=\"lazy\" decoding=\"async\" data-attachment-id=\"39156\" data-permalink=\"https:\/\/deltaimage.de\/wp\/?attachment_id=39156#main\" data-orig-file=\"https:\/\/i0.wp.com\/deltaimage.de\/wp\/wp-content\/uploads\/PE1S0125_900-3.jpg?fit=890%2C593&amp;ssl=1\" data-orig-size=\"890,593\" data-comments-opened=\"0\" data-image-meta=\"{&quot;aperture&quot;:&quot;1.4&quot;,&quot;credit&quot;:&quot;Paul Eschbach&quot;,&quot;camera&quot;:&quot;Canon EOS-1Ds Mark III&quot;,&quot;caption&quot;:&quot;&quot;,&quot;created_timestamp&quot;:&quot;1650727281&quot;,&quot;copyright&quot;:&quot;&quot;,&quot;focal_length&quot;:&quot;50&quot;,&quot;iso&quot;:&quot;200&quot;,&quot;shutter_speed&quot;:&quot;0.0003125&quot;,&quot;title&quot;:&quot;&quot;,&quot;orientation&quot;:&quot;0&quot;}\" data-image-title=\"PE1S0125_900\" data-image-description=\"\" data-image-caption=\"\" data-large-file=\"https:\/\/i0.wp.com\/deltaimage.de\/wp\/wp-content\/uploads\/PE1S0125_900-3.jpg?fit=890%2C593&amp;ssl=1\" class=\"aligncenter size-medium wp-image-39156\" src=\"https:\/\/i0.wp.com\/deltaimage.de\/wp\/wp-content\/uploads\/PE1S0125_900-3.jpg?resize=890%2C593&#038;ssl=1\" alt=\"\" width=\"890\" height=\"593\" srcset=\"https:\/\/i0.wp.com\/deltaimage.de\/wp\/wp-content\/uploads\/PE1S0125_900-3.jpg?w=890&amp;ssl=1 890w, https:\/\/i0.wp.com\/deltaimage.de\/wp\/wp-content\/uploads\/PE1S0125_900-3.jpg?resize=300%2C200&amp;ssl=1 300w, https:\/\/i0.wp.com\/deltaimage.de\/wp\/wp-content\/uploads\/PE1S0125_900-3.jpg?resize=675%2C450&amp;ssl=1 675w, https:\/\/i0.wp.com\/deltaimage.de\/wp\/wp-content\/uploads\/PE1S0125_900-3.jpg?resize=600%2C400&amp;ssl=1 600w, https:\/\/i0.wp.com\/deltaimage.de\/wp\/wp-content\/uploads\/PE1S0125_900-3.jpg?resize=200%2C133&amp;ssl=1 200w\" sizes=\"auto, (max-width: 890px) 100vw, 890px\" \/><\/p>\n<p>Die <strong>Amper<\/strong> verl\u00e4sst gerade das <strong>Amper-Moos<\/strong> und die FotografInnen erkunden diesen Fluss, der die Wasser der gro\u00dfen Moosfl\u00e4chen in Oberbayern von hier ab gegen die Isar entw\u00e4ssern wird, fotografisch.<\/p>\n<p><img data-recalc-dims=\"1\" loading=\"lazy\" decoding=\"async\" data-attachment-id=\"39157\" data-permalink=\"https:\/\/deltaimage.de\/wp\/?attachment_id=39157#main\" data-orig-file=\"https:\/\/i0.wp.com\/deltaimage.de\/wp\/wp-content\/uploads\/PE1S0086_900-2.jpg?fit=890%2C593&amp;ssl=1\" data-orig-size=\"890,593\" data-comments-opened=\"0\" data-image-meta=\"{&quot;aperture&quot;:&quot;7.1&quot;,&quot;credit&quot;:&quot;Paul Eschbach&quot;,&quot;camera&quot;:&quot;Canon EOS-1Ds Mark III&quot;,&quot;caption&quot;:&quot;&quot;,&quot;created_timestamp&quot;:&quot;1650717609&quot;,&quot;copyright&quot;:&quot;&quot;,&quot;focal_length&quot;:&quot;180&quot;,&quot;iso&quot;:&quot;200&quot;,&quot;shutter_speed&quot;:&quot;0.01&quot;,&quot;title&quot;:&quot;&quot;,&quot;orientation&quot;:&quot;0&quot;}\" data-image-title=\"PE1S0086_900\" data-image-description=\"\" data-image-caption=\"\" data-large-file=\"https:\/\/i0.wp.com\/deltaimage.de\/wp\/wp-content\/uploads\/PE1S0086_900-2.jpg?fit=890%2C593&amp;ssl=1\" class=\"aligncenter size-medium wp-image-39157\" src=\"https:\/\/i0.wp.com\/deltaimage.de\/wp\/wp-content\/uploads\/PE1S0086_900-2.jpg?resize=890%2C593&#038;ssl=1\" alt=\"\" width=\"890\" height=\"593\" srcset=\"https:\/\/i0.wp.com\/deltaimage.de\/wp\/wp-content\/uploads\/PE1S0086_900-2.jpg?w=890&amp;ssl=1 890w, https:\/\/i0.wp.com\/deltaimage.de\/wp\/wp-content\/uploads\/PE1S0086_900-2.jpg?resize=300%2C200&amp;ssl=1 300w, https:\/\/i0.wp.com\/deltaimage.de\/wp\/wp-content\/uploads\/PE1S0086_900-2.jpg?resize=675%2C450&amp;ssl=1 675w, https:\/\/i0.wp.com\/deltaimage.de\/wp\/wp-content\/uploads\/PE1S0086_900-2.jpg?resize=600%2C400&amp;ssl=1 600w, https:\/\/i0.wp.com\/deltaimage.de\/wp\/wp-content\/uploads\/PE1S0086_900-2.jpg?resize=200%2C133&amp;ssl=1 200w\" sizes=\"auto, (max-width: 890px) 100vw, 890px\" \/><\/p>\n<p>&nbsp;<\/p>\n<h2>Jede FotografIn sucht und findet eigene Sichten auf diese Naturlandschaften<\/h2>\n<p>Jetzt im April bietet das Niedermoor keine bl\u00fchenden Landschaften an. Oft liegt noch bis 1-2 Wochen vor dem Termin noch Schnee und Eis. Jetzt erwacht auch diese Landschaft im Hochmoor, die auf extrem wenige N\u00e4hrstoffe spezialisiert ist zum Leben, Verschwendung ist nicht die Sache im Moor. Der Einsatz der Kraft der Natur muss wohl\u00fcberlegt sein, um das \u00dcberleben zu erm\u00f6glichen.<\/p>\n<p>Den FotografInnen zeigen wir unsere Wege zu den Fotomotiven, wir suchen in der kargen Landschaft nach den fotografischen Bildmotiven.<\/p>\n<p><img data-recalc-dims=\"1\" loading=\"lazy\" decoding=\"async\" data-attachment-id=\"39159\" data-permalink=\"https:\/\/deltaimage.de\/wp\/?attachment_id=39159#main\" data-orig-file=\"https:\/\/i0.wp.com\/deltaimage.de\/wp\/wp-content\/uploads\/PE5D3332_900-1.jpg?fit=890%2C593&amp;ssl=1\" data-orig-size=\"890,593\" data-comments-opened=\"0\" data-image-meta=\"{&quot;aperture&quot;:&quot;4&quot;,&quot;credit&quot;:&quot;Paul Eschbach&quot;,&quot;camera&quot;:&quot;Canon EOS 5DS R&quot;,&quot;caption&quot;:&quot;&quot;,&quot;created_timestamp&quot;:&quot;1650720977&quot;,&quot;copyright&quot;:&quot;DELTA IMAGE&quot;,&quot;focal_length&quot;:&quot;400&quot;,&quot;iso&quot;:&quot;800&quot;,&quot;shutter_speed&quot;:&quot;0.0002&quot;,&quot;title&quot;:&quot;&quot;,&quot;orientation&quot;:&quot;0&quot;}\" data-image-title=\"PE5D3332_900\" data-image-description=\"\" data-image-caption=\"\" data-large-file=\"https:\/\/i0.wp.com\/deltaimage.de\/wp\/wp-content\/uploads\/PE5D3332_900-1.jpg?fit=890%2C593&amp;ssl=1\" class=\"aligncenter size-medium wp-image-39159\" src=\"https:\/\/i0.wp.com\/deltaimage.de\/wp\/wp-content\/uploads\/PE5D3332_900-1.jpg?resize=890%2C593&#038;ssl=1\" alt=\"\" width=\"890\" height=\"593\" srcset=\"https:\/\/i0.wp.com\/deltaimage.de\/wp\/wp-content\/uploads\/PE5D3332_900-1.jpg?w=890&amp;ssl=1 890w, https:\/\/i0.wp.com\/deltaimage.de\/wp\/wp-content\/uploads\/PE5D3332_900-1.jpg?resize=300%2C200&amp;ssl=1 300w, https:\/\/i0.wp.com\/deltaimage.de\/wp\/wp-content\/uploads\/PE5D3332_900-1.jpg?resize=675%2C450&amp;ssl=1 675w, https:\/\/i0.wp.com\/deltaimage.de\/wp\/wp-content\/uploads\/PE5D3332_900-1.jpg?resize=600%2C400&amp;ssl=1 600w, https:\/\/i0.wp.com\/deltaimage.de\/wp\/wp-content\/uploads\/PE5D3332_900-1.jpg?resize=200%2C133&amp;ssl=1 200w\" sizes=\"auto, (max-width: 890px) 100vw, 890px\" \/><\/p>\n<p>Inmitten des Gebietes liegt der Moorsee.<\/p>\n<p><img data-recalc-dims=\"1\" loading=\"lazy\" decoding=\"async\" data-attachment-id=\"27101\" data-permalink=\"https:\/\/deltaimage.de\/wp\/?attachment_id=27101#main\" data-orig-file=\"https:\/\/i0.wp.com\/deltaimage.de\/wp\/wp-content\/uploads\/Banner_Naturfototage_Haspelmoor_1200.jpg?fit=1200%2C489&amp;ssl=1\" data-orig-size=\"1200,489\" data-comments-opened=\"1\" data-image-meta=\"{&quot;aperture&quot;:&quot;0&quot;,&quot;credit&quot;:&quot;&quot;,&quot;camera&quot;:&quot;&quot;,&quot;caption&quot;:&quot;&quot;,&quot;created_timestamp&quot;:&quot;0&quot;,&quot;copyright&quot;:&quot;&quot;,&quot;focal_length&quot;:&quot;0&quot;,&quot;iso&quot;:&quot;0&quot;,&quot;shutter_speed&quot;:&quot;0&quot;,&quot;title&quot;:&quot;&quot;,&quot;orientation&quot;:&quot;1&quot;}\" data-image-title=\"Banner_Naturfototage_Haspelmoor_1200\" data-image-description=\"\" data-image-caption=\"\" data-large-file=\"https:\/\/i0.wp.com\/deltaimage.de\/wp\/wp-content\/uploads\/Banner_Naturfototage_Haspelmoor_1200.jpg?fit=890%2C363&amp;ssl=1\" class=\"aligncenter size-medium wp-image-27101\" src=\"https:\/\/i0.wp.com\/deltaimage.de\/wp\/wp-content\/uploads\/Banner_Naturfototage_Haspelmoor_1200.jpg?resize=890%2C363&#038;ssl=1\" alt=\"\" width=\"890\" height=\"363\" srcset=\"https:\/\/i0.wp.com\/deltaimage.de\/wp\/wp-content\/uploads\/Banner_Naturfototage_Haspelmoor_1200.jpg?resize=900%2C367&amp;ssl=1 900w, https:\/\/i0.wp.com\/deltaimage.de\/wp\/wp-content\/uploads\/Banner_Naturfototage_Haspelmoor_1200.jpg?resize=300%2C122&amp;ssl=1 300w, https:\/\/i0.wp.com\/deltaimage.de\/wp\/wp-content\/uploads\/Banner_Naturfototage_Haspelmoor_1200.jpg?resize=890%2C363&amp;ssl=1 890w, https:\/\/i0.wp.com\/deltaimage.de\/wp\/wp-content\/uploads\/Banner_Naturfototage_Haspelmoor_1200.jpg?resize=1104%2C450&amp;ssl=1 1104w, https:\/\/i0.wp.com\/deltaimage.de\/wp\/wp-content\/uploads\/Banner_Naturfototage_Haspelmoor_1200.jpg?resize=982%2C400&amp;ssl=1 982w, https:\/\/i0.wp.com\/deltaimage.de\/wp\/wp-content\/uploads\/Banner_Naturfototage_Haspelmoor_1200.jpg?w=1200&amp;ssl=1 1200w\" sizes=\"auto, (max-width: 890px) 100vw, 890px\" \/><\/p>\n","protected":false},"excerpt":{"rendered":"<p>Naturfototage F\u00fcrstenfeld in F\u00fcrstenfeldbruck &#8211; 14.4. &#8211; 16.4.2023 &#8222;Seit 2021 wird der Workshop \u201eNatur im Moor\u201c angeboten. Und zum dritten Mal ist er vorzeitig ausgebucht. Bei diesem Workshop f\u00fchren Naturfotograf [&hellip;]<\/p>\n","protected":false},"author":1,"featured_media":33636,"comment_status":"open","ping_status":"open","sticky":false,"template":"","format":"standard","meta":{"wpupg_custom_link":[],"wpupg_custom_link_behaviour":["default"],"wpupg_custom_link_nofollow":["default"],"wpupg_custom_image":[],"wpupg_custom_image_id":[],"jetpack_post_was_ever_published":false,"footnotes":""},"categories":[2523,8],"tags":[27,2096,2159,2659,959,2125,2160,67,833],"class_list":["post-39152","post","type-post","status-publish","format-standard","has-post-thumbnail","hentry","category-dachauer-moos","category-news","tag-furstenfeldbruck","tag-glanzlichter-com","tag-hochmoor","tag-moor","tag-moos","tag-naturfototage-fuerstenfeld","tag-niedermoor","tag-paul-eschbach","tag-workshop"],"jetpack_featured_media_url":"https:\/\/i0.wp.com\/deltaimage.de\/wp\/wp-content\/uploads\/IMG_7034_1200.jpg?fit=1200%2C450&ssl=1","jetpack-related-posts":[{"id":30394,"url":"https:\/\/deltaimage.de\/wp\/?p=30394","url_meta":{"origin":39152,"position":0},"title":"Naturfototage F\u00fcrstenfeldbruck 2022 &#8211; Paul Eschbach wieder mit zwei beliebten Workshops dabei","author":"EschbacP","date":"16. Oktober 2021","format":false,"excerpt":"Im Veranstaltungsprogramm der 24. F\u00fcrstenfeldbrucker Naturfototage 2022 ist DELTA IMAGE mit Paul Eschbach wieder mit zwei \u00e4u\u00dferst beliebten Workshops dabei. Wir freuen uns riesig auf den Kontakt mit den vielen Fotobegeisterten in unseren Workshops und auf den Naturfototagen. \u00a0 Die Workshops bei den Naturfototagen F\u00fcrstenfeldbruck 2022 2020 haben wir die\u2026","rel":"","context":"In &quot;Naturfototage F\u00fcrstenfeld&quot;","block_context":{"text":"Naturfototage F\u00fcrstenfeld","link":"https:\/\/deltaimage.de\/wp\/?cat=1492"},"img":{"alt_text":"","src":"https:\/\/i0.wp.com\/deltaimage.de\/wp\/wp-content\/uploads\/PE5D1902_1200.jpg?fit=1200%2C450&ssl=1&resize=350%2C200","width":350,"height":200,"srcset":"https:\/\/i0.wp.com\/deltaimage.de\/wp\/wp-content\/uploads\/PE5D1902_1200.jpg?fit=1200%2C450&ssl=1&resize=350%2C200 1x, https:\/\/i0.wp.com\/deltaimage.de\/wp\/wp-content\/uploads\/PE5D1902_1200.jpg?fit=1200%2C450&ssl=1&resize=525%2C300 1.5x, https:\/\/i0.wp.com\/deltaimage.de\/wp\/wp-content\/uploads\/PE5D1902_1200.jpg?fit=1200%2C450&ssl=1&resize=700%2C400 2x, https:\/\/i0.wp.com\/deltaimage.de\/wp\/wp-content\/uploads\/PE5D1902_1200.jpg?fit=1200%2C450&ssl=1&resize=1050%2C600 3x"},"classes":[]},{"id":29680,"url":"https:\/\/deltaimage.de\/wp\/?p=29680","url_meta":{"origin":39152,"position":1},"title":"Naturfototage: Workshop Natur im Moor","author":"EschbacP","date":"4. August 2021","format":false,"excerpt":"Im Veranstaltungsprogramm der F\u00fcrstenfeldbrucker Naturfototage waren wir mit einem ganz neuen Workshop \u201eNatur im Moor\u201c mit Paul Eschbach vertreten und f\u00fchrten den ausverkauften Workshop mit allen TeilnehmerInnen in die Umgebung von F\u00fcrstenfeldbruck an die sch\u00f6nsten Fotopl\u00e4tze f\u00fcr NaturfotografInnen. Den Workshop habe ich thematisch in drei Bereiche eingeteilt \u00a0 Das Haspelmoor\u2026","rel":"","context":"In &quot;Dachauer Moos&quot;","block_context":{"text":"Dachauer Moos","link":"https:\/\/deltaimage.de\/wp\/?cat=2523"},"img":{"alt_text":"","src":"https:\/\/i0.wp.com\/deltaimage.de\/wp\/wp-content\/uploads\/PE5D2085_1200.jpg?fit=1200%2C450&ssl=1&resize=350%2C200","width":350,"height":200,"srcset":"https:\/\/i0.wp.com\/deltaimage.de\/wp\/wp-content\/uploads\/PE5D2085_1200.jpg?fit=1200%2C450&ssl=1&resize=350%2C200 1x, https:\/\/i0.wp.com\/deltaimage.de\/wp\/wp-content\/uploads\/PE5D2085_1200.jpg?fit=1200%2C450&ssl=1&resize=525%2C300 1.5x, https:\/\/i0.wp.com\/deltaimage.de\/wp\/wp-content\/uploads\/PE5D2085_1200.jpg?fit=1200%2C450&ssl=1&resize=700%2C400 2x, https:\/\/i0.wp.com\/deltaimage.de\/wp\/wp-content\/uploads\/PE5D2085_1200.jpg?fit=1200%2C450&ssl=1&resize=1050%2C600 3x"},"classes":[]},{"id":33632,"url":"https:\/\/deltaimage.de\/wp\/?p=33632","url_meta":{"origin":39152,"position":2},"title":"In 2 Wochen Workshop Natur &#038; Moor: Naturfototage F\u00fcrstenfeldbruck im Haspelmoor","author":"EschbacP","date":"11. April 2022","format":false,"excerpt":"In 2 Wochen gehen die Naturfototage F\u00fcrstenfeld in F\u00fcrstenfeldbruck los (21.4. - 24.4.2022) und versammeln die Naturfotobranche und die Naturfotoliebhaber aus S\u00fcddeutschland und den Nachbarl\u00e4ndern im Forum F\u00fcrstenfeld mit tausenden an Fotografie-Begeisterten zusammen. Zur Vorbereitung des Workshops Natur & Moor schaue ich mich vor Ort um Der Fr\u00fchling beginnt zu\u2026","rel":"","context":"In &quot;Buch&quot;","block_context":{"text":"Buch","link":"https:\/\/deltaimage.de\/wp\/?cat=1189"},"img":{"alt_text":"","src":"https:\/\/i0.wp.com\/deltaimage.de\/wp\/wp-content\/uploads\/IMG_7034_1200.jpg?fit=1200%2C450&ssl=1&resize=350%2C200","width":350,"height":200,"srcset":"https:\/\/i0.wp.com\/deltaimage.de\/wp\/wp-content\/uploads\/IMG_7034_1200.jpg?fit=1200%2C450&ssl=1&resize=350%2C200 1x, https:\/\/i0.wp.com\/deltaimage.de\/wp\/wp-content\/uploads\/IMG_7034_1200.jpg?fit=1200%2C450&ssl=1&resize=525%2C300 1.5x, https:\/\/i0.wp.com\/deltaimage.de\/wp\/wp-content\/uploads\/IMG_7034_1200.jpg?fit=1200%2C450&ssl=1&resize=700%2C400 2x, https:\/\/i0.wp.com\/deltaimage.de\/wp\/wp-content\/uploads\/IMG_7034_1200.jpg?fit=1200%2C450&ssl=1&resize=1050%2C600 3x"},"classes":[]},{"id":48339,"url":"https:\/\/deltaimage.de\/wp\/?p=48339","url_meta":{"origin":39152,"position":3},"title":"Naturfototage F\u00fcrstenfeldbruck: Wieder Workshop im Niedermoor mit Paul Eschbach","author":"EschbacP","date":"25. August 2025","format":false,"excerpt":"Die 27. internationalen Naturfototage F\u00fcrstenfeld in F\u00fcrstenfeldbruck bei M\u00fcnchen beginnen in wenigen Wochen. Die Veranstaltungsprogramme f\u00fcr die spannenden Vortr\u00e4ge und die beliebten Workshops am verl\u00e4ngerten 1. Mai-Wochende (1.-4. Mai 2025) gehen nun fast vollst\u00e4ndig online und sind auch schon buchbar. \u00a0 Praxisworkshop mit Paul Eschbach im nahe gelegenen Niedermoor Seit\u2026","rel":"","context":"In &quot;Buch&quot;","block_context":{"text":"Buch","link":"https:\/\/deltaimage.de\/wp\/?cat=1189"},"img":{"alt_text":"","src":"https:\/\/i0.wp.com\/deltaimage.de\/wp\/wp-content\/uploads\/Banner_Workshop_Eschbach_1200x450.jpg?fit=1200%2C452&ssl=1&resize=350%2C200","width":350,"height":200,"srcset":"https:\/\/i0.wp.com\/deltaimage.de\/wp\/wp-content\/uploads\/Banner_Workshop_Eschbach_1200x450.jpg?fit=1200%2C452&ssl=1&resize=350%2C200 1x, https:\/\/i0.wp.com\/deltaimage.de\/wp\/wp-content\/uploads\/Banner_Workshop_Eschbach_1200x450.jpg?fit=1200%2C452&ssl=1&resize=525%2C300 1.5x, https:\/\/i0.wp.com\/deltaimage.de\/wp\/wp-content\/uploads\/Banner_Workshop_Eschbach_1200x450.jpg?fit=1200%2C452&ssl=1&resize=700%2C400 2x, https:\/\/i0.wp.com\/deltaimage.de\/wp\/wp-content\/uploads\/Banner_Workshop_Eschbach_1200x450.jpg?fit=1200%2C452&ssl=1&resize=1050%2C600 3x"},"classes":[]},{"id":39737,"url":"https:\/\/deltaimage.de\/wp\/?p=39737","url_meta":{"origin":39152,"position":4},"title":"Workshop Naturfototage: Natur im Moor","author":"EschbacP","date":"18. April 2023","format":false,"excerpt":"W\u00e4hrend der\u00a025. Naturfototage F\u00fcrstenfeldbruck\u00a0steht ein sehr umfangreiches Angebot an\u00a0Workshops und Seminaren aller Art auf dem Veranstaltungsprogramm. Das Workshop-Programm beginnt nicht ohne Grund mit unserem Thema \u201eNatur im Moor\u201c. Der Anblick, bis zu 15 TeilnehmerInnen mit langen Teleobjektiven, gro\u00dfen Rucks\u00e4cken und wetterfesten Outdoor-Kleidung und eigener Tagesverpflegung mit dabei - ziehen vom\u2026","rel":"","context":"In &quot;Fotografie&quot;","block_context":{"text":"Fotografie","link":"https:\/\/deltaimage.de\/wp\/?cat=848"},"img":{"alt_text":"","src":"https:\/\/i0.wp.com\/deltaimage.de\/wp\/wp-content\/uploads\/PE5D5287_1200.jpg?fit=1200%2C450&ssl=1&resize=350%2C200","width":350,"height":200,"srcset":"https:\/\/i0.wp.com\/deltaimage.de\/wp\/wp-content\/uploads\/PE5D5287_1200.jpg?fit=1200%2C450&ssl=1&resize=350%2C200 1x, https:\/\/i0.wp.com\/deltaimage.de\/wp\/wp-content\/uploads\/PE5D5287_1200.jpg?fit=1200%2C450&ssl=1&resize=525%2C300 1.5x, https:\/\/i0.wp.com\/deltaimage.de\/wp\/wp-content\/uploads\/PE5D5287_1200.jpg?fit=1200%2C450&ssl=1&resize=700%2C400 2x, https:\/\/i0.wp.com\/deltaimage.de\/wp\/wp-content\/uploads\/PE5D5287_1200.jpg?fit=1200%2C450&ssl=1&resize=1050%2C600 3x"},"classes":[]},{"id":39471,"url":"https:\/\/deltaimage.de\/wp\/?p=39471","url_meta":{"origin":39152,"position":5},"title":"Workshop &#8222;Natur im Moor&#8220; bei 25. Naturfototage F\u00fcrstenfeld 2023","author":"EschbacP","date":"27. M\u00e4rz 2023","format":false,"excerpt":"\"Natur im Moor\" ist das Thema bei dem diesj\u00e4hrigen Workshop im Rahmen der 25. Naturfototage F\u00fcrstenfeldbruck 2023. Wir zeigen den TeilnehmerInnen die Motivvielfalt in den heimischen Hoch- und Niedermooren. Die Moore z\u00e4hlen zu den sch\u00e4tzenswertesten Biotopgebieten in Deutschland. F\u00fcr den wichtigen Artenschutz, die erstrebenswerte Biodiversit\u00e4t als \u00dcberlebensraum vom Aussterben bedrohter\u2026","rel":"","context":"In &quot;Dachauer Moos&quot;","block_context":{"text":"Dachauer Moos","link":"https:\/\/deltaimage.de\/wp\/?cat=2523"},"img":{"alt_text":"","src":"https:\/\/i0.wp.com\/deltaimage.de\/wp\/wp-content\/uploads\/IMG_20230325_155208_1200.jpg?fit=1200%2C450&ssl=1&resize=350%2C200","width":350,"height":200,"srcset":"https:\/\/i0.wp.com\/deltaimage.de\/wp\/wp-content\/uploads\/IMG_20230325_155208_1200.jpg?fit=1200%2C450&ssl=1&resize=350%2C200 1x, https:\/\/i0.wp.com\/deltaimage.de\/wp\/wp-content\/uploads\/IMG_20230325_155208_1200.jpg?fit=1200%2C450&ssl=1&resize=525%2C300 1.5x, https:\/\/i0.wp.com\/deltaimage.de\/wp\/wp-content\/uploads\/IMG_20230325_155208_1200.jpg?fit=1200%2C450&ssl=1&resize=700%2C400 2x, https:\/\/i0.wp.com\/deltaimage.de\/wp\/wp-content\/uploads\/IMG_20230325_155208_1200.jpg?fit=1200%2C450&ssl=1&resize=1050%2C600 3x"},"classes":[]}],"jetpack_sharing_enabled":true,"_links":{"self":[{"href":"https:\/\/deltaimage.de\/wp\/index.php?rest_route=\/wp\/v2\/posts\/39152","targetHints":{"allow":["GET"]}}],"collection":[{"href":"https:\/\/deltaimage.de\/wp\/index.php?rest_route=\/wp\/v2\/posts"}],"about":[{"href":"https:\/\/deltaimage.de\/wp\/index.php?rest_route=\/wp\/v2\/types\/post"}],"author":[{"embeddable":true,"href":"https:\/\/deltaimage.de\/wp\/index.php?rest_route=\/wp\/v2\/users\/1"}],"replies":[{"embeddable":true,"href":"https:\/\/deltaimage.de\/wp\/index.php?rest_route=%2Fwp%2Fv2%2Fcomments&post=39152"}],"version-history":[{"count":8,"href":"https:\/\/deltaimage.de\/wp\/index.php?rest_route=\/wp\/v2\/posts\/39152\/revisions"}],"predecessor-version":[{"id":51452,"href":"https:\/\/deltaimage.de\/wp\/index.php?rest_route=\/wp\/v2\/posts\/39152\/revisions\/51452"}],"wp:featuredmedia":[{"embeddable":true,"href":"https:\/\/deltaimage.de\/wp\/index.php?rest_route=\/wp\/v2\/media\/33636"}],"wp:attachment":[{"href":"https:\/\/deltaimage.de\/wp\/index.php?rest_route=%2Fwp%2Fv2%2Fmedia&parent=39152"}],"wp:term":[{"taxonomy":"category","embeddable":true,"href":"https:\/\/deltaimage.de\/wp\/index.php?rest_route=%2Fwp%2Fv2%2Fcategories&post=39152"},{"taxonomy":"post_tag","embeddable":true,"href":"https:\/\/deltaimage.de\/wp\/index.php?rest_route=%2Fwp%2Fv2%2Ftags&post=39152"}],"curies":[{"name":"wp","href":"https:\/\/api.w.org\/{rel}","templated":true}]}}