{"id":39252,"date":"2023-03-20T20:07:47","date_gmt":"2023-03-20T19:07:47","guid":{"rendered":"https:\/\/deltaimage.de\/wp\/?p=39252"},"modified":"2025-08-21T18:04:13","modified_gmt":"2025-08-21T16:04:13","slug":"fruehling-in-der-fauna-im-roten-moor","status":"publish","type":"post","link":"https:\/\/deltaimage.de\/wp\/?p=39252","title":{"rendered":"Fr\u00fchling in der Fauna im Haspelmoor"},"content":{"rendered":"<p><a href=\"https:\/\/deltaimage.de\/wp\/?page_id=40118\"><img data-recalc-dims=\"1\" loading=\"lazy\" decoding=\"async\" data-attachment-id=\"40115\" data-permalink=\"https:\/\/deltaimage.de\/wp\/?attachment_id=40115#main\" data-orig-file=\"https:\/\/i0.wp.com\/deltaimage.de\/wp\/wp-content\/uploads\/Stempel_DELTA-IMAGE_Quality.png?fit=961%2C960&amp;ssl=1\" data-orig-size=\"961,960\" data-comments-opened=\"1\" data-image-meta=\"{&quot;aperture&quot;:&quot;0&quot;,&quot;credit&quot;:&quot;&quot;,&quot;camera&quot;:&quot;&quot;,&quot;caption&quot;:&quot;&quot;,&quot;created_timestamp&quot;:&quot;0&quot;,&quot;copyright&quot;:&quot;&quot;,&quot;focal_length&quot;:&quot;0&quot;,&quot;iso&quot;:&quot;0&quot;,&quot;shutter_speed&quot;:&quot;0&quot;,&quot;title&quot;:&quot;&quot;,&quot;orientation&quot;:&quot;0&quot;}\" data-image-title=\"Stempel_DELTA IMAGE_Quality\" data-image-description=\"\" data-image-caption=\"\" data-large-file=\"https:\/\/i0.wp.com\/deltaimage.de\/wp\/wp-content\/uploads\/Stempel_DELTA-IMAGE_Quality.png?fit=890%2C889&amp;ssl=1\" class=\"alignright wp-image-40115 size-thumbnail\" src=\"https:\/\/i0.wp.com\/deltaimage.de\/wp\/wp-content\/uploads\/Stempel_DELTA-IMAGE_Quality.png?resize=200%2C200&#038;ssl=1\" alt=\"\" width=\"200\" height=\"200\" srcset=\"https:\/\/i0.wp.com\/deltaimage.de\/wp\/wp-content\/uploads\/Stempel_DELTA-IMAGE_Quality.png?resize=200%2C200&amp;ssl=1 200w, https:\/\/i0.wp.com\/deltaimage.de\/wp\/wp-content\/uploads\/Stempel_DELTA-IMAGE_Quality.png?resize=601%2C600&amp;ssl=1 601w, https:\/\/i0.wp.com\/deltaimage.de\/wp\/wp-content\/uploads\/Stempel_DELTA-IMAGE_Quality.png?resize=594%2C593&amp;ssl=1 594w, https:\/\/i0.wp.com\/deltaimage.de\/wp\/wp-content\/uploads\/Stempel_DELTA-IMAGE_Quality.png?resize=450%2C450&amp;ssl=1 450w, https:\/\/i0.wp.com\/deltaimage.de\/wp\/wp-content\/uploads\/Stempel_DELTA-IMAGE_Quality.png?resize=75%2C75&amp;ssl=1 75w, https:\/\/i0.wp.com\/deltaimage.de\/wp\/wp-content\/uploads\/Stempel_DELTA-IMAGE_Quality.png?resize=400%2C400&amp;ssl=1 400w, https:\/\/i0.wp.com\/deltaimage.de\/wp\/wp-content\/uploads\/Stempel_DELTA-IMAGE_Quality.png?resize=50%2C50&amp;ssl=1 50w, https:\/\/i0.wp.com\/deltaimage.de\/wp\/wp-content\/uploads\/Stempel_DELTA-IMAGE_Quality.png?w=961&amp;ssl=1 961w\" sizes=\"auto, (max-width: 200px) 100vw, 200px\" \/><\/a>Der Fr\u00fchling ist im Anmarsch, so auch in der Hochmoor-Gegend im oberbayerischen <strong>Haspelmoor<\/strong> bei <strong>F\u00fcrstenfeldbruck<\/strong>. Die Fauna ist bereits aktiv in den Fr\u00fchlingsvorbereitungen und l\u00e4sst sich sehr sch\u00f6n dabei beobachten.<\/p>\n<p>Heute bin ich hier im <strong>Haspelmoor<\/strong>, um die diesj\u00e4hrigen M\u00f6glichkeiten zu studieren.<\/p>\n<p><img data-recalc-dims=\"1\" loading=\"lazy\" decoding=\"async\" data-attachment-id=\"39267\" data-permalink=\"https:\/\/deltaimage.de\/wp\/?attachment_id=39267#main\" data-orig-file=\"https:\/\/i0.wp.com\/deltaimage.de\/wp\/wp-content\/uploads\/IMG_1508_900.jpg?fit=890%2C593&amp;ssl=1\" data-orig-size=\"890,593\" data-comments-opened=\"0\" data-image-meta=\"{&quot;aperture&quot;:&quot;5.6&quot;,&quot;credit&quot;:&quot;PAUL ESCHBACH&quot;,&quot;camera&quot;:&quot;Canon EOS 80D&quot;,&quot;caption&quot;:&quot;&quot;,&quot;created_timestamp&quot;:&quot;1679236155&quot;,&quot;copyright&quot;:&quot;Paul Eschbach @ DELTA IMAGE&quot;,&quot;focal_length&quot;:&quot;400&quot;,&quot;iso&quot;:&quot;800&quot;,&quot;shutter_speed&quot;:&quot;0.001&quot;,&quot;title&quot;:&quot;&quot;,&quot;orientation&quot;:&quot;0&quot;}\" data-image-title=\"IMG_1508_900\" data-image-description=\"\" data-image-caption=\"\" data-large-file=\"https:\/\/i0.wp.com\/deltaimage.de\/wp\/wp-content\/uploads\/IMG_1508_900.jpg?fit=890%2C593&amp;ssl=1\" class=\"aligncenter size-full wp-image-39267\" src=\"https:\/\/i0.wp.com\/deltaimage.de\/wp\/wp-content\/uploads\/IMG_1508_900.jpg?resize=890%2C593&#038;ssl=1\" alt=\"\" width=\"890\" height=\"593\" srcset=\"https:\/\/i0.wp.com\/deltaimage.de\/wp\/wp-content\/uploads\/IMG_1508_900.jpg?w=890&amp;ssl=1 890w, https:\/\/i0.wp.com\/deltaimage.de\/wp\/wp-content\/uploads\/IMG_1508_900.jpg?resize=300%2C200&amp;ssl=1 300w, https:\/\/i0.wp.com\/deltaimage.de\/wp\/wp-content\/uploads\/IMG_1508_900.jpg?resize=675%2C450&amp;ssl=1 675w, https:\/\/i0.wp.com\/deltaimage.de\/wp\/wp-content\/uploads\/IMG_1508_900.jpg?resize=600%2C400&amp;ssl=1 600w, https:\/\/i0.wp.com\/deltaimage.de\/wp\/wp-content\/uploads\/IMG_1508_900.jpg?resize=200%2C133&amp;ssl=1 200w\" sizes=\"auto, (max-width: 890px) 100vw, 890px\" \/><\/p>\n<p>Es ist selbst an diesem tr\u00fcben Vorfr\u00fchlingstag, schon einiges los, im <strong>Roten Moor<\/strong>. In den offenen Wasserfl\u00e4chen tummeln sich schon die <strong>Stockenten<\/strong> und die <strong>Bl\u00e4ssh\u00fchner<\/strong>.<\/p>\n<p><!--more--><\/p>\n<blockquote>\n<pre>Und, welch eine \u00dcberraschung!<\/pre>\n<\/blockquote>\n<p>&nbsp;<\/p>\n<h2>Der Wasser-Baumeister schaut auch bei mir vorbei<\/h2>\n<p>Der Biber ist wohl der Hausherr in den offenen Wasserfl\u00e4chen und k\u00fcmmert sich meist unbemerkt um sein Zuhause in den Kan\u00e4len und B\u00e4chen und um seine Biberburg. Er f\u00e4llt die umstehenden B\u00e4ume, um<\/p>\n<ul>\n<li>die B\u00e4che f\u00fcr seine Biberburg anzustauen,<\/li>\n<li>lange frische Nahrung in Form der Rinde und der Bl\u00e4tter zu haben,<\/li>\n<li>Baumaterial f\u00fcr die Biberburg zu bekommen.<\/li>\n<\/ul>\n<p>So hilft der Biber bei der Wiedervern\u00e4ssung der Moorfl\u00e4chen und h\u00e4lt stellenweise die Verbuschung niedrig-, Alles wertvolle Pflegema\u00dfnahmen im Moor.<\/p>\n<p><img data-recalc-dims=\"1\" loading=\"lazy\" decoding=\"async\" data-attachment-id=\"39269\" data-permalink=\"https:\/\/deltaimage.de\/wp\/?attachment_id=39269#main\" data-orig-file=\"https:\/\/i0.wp.com\/deltaimage.de\/wp\/wp-content\/uploads\/IMG_1618_900.jpg?fit=890%2C593&amp;ssl=1\" data-orig-size=\"890,593\" data-comments-opened=\"0\" data-image-meta=\"{&quot;aperture&quot;:&quot;5.6&quot;,&quot;credit&quot;:&quot;PAUL ESCHBACH&quot;,&quot;camera&quot;:&quot;Canon EOS 80D&quot;,&quot;caption&quot;:&quot;&quot;,&quot;created_timestamp&quot;:&quot;1679237564&quot;,&quot;copyright&quot;:&quot;Paul Eschbach @ DELTA IMAGE&quot;,&quot;focal_length&quot;:&quot;400&quot;,&quot;iso&quot;:&quot;800&quot;,&quot;shutter_speed&quot;:&quot;0.000125&quot;,&quot;title&quot;:&quot;&quot;,&quot;orientation&quot;:&quot;0&quot;}\" data-image-title=\"IMG_1618_900\" data-image-description=\"\" data-image-caption=\"\" data-large-file=\"https:\/\/i0.wp.com\/deltaimage.de\/wp\/wp-content\/uploads\/IMG_1618_900.jpg?fit=890%2C593&amp;ssl=1\" class=\"aligncenter size-full wp-image-39269\" src=\"https:\/\/i0.wp.com\/deltaimage.de\/wp\/wp-content\/uploads\/IMG_1618_900.jpg?resize=890%2C593&#038;ssl=1\" alt=\"\" width=\"890\" height=\"593\" srcset=\"https:\/\/i0.wp.com\/deltaimage.de\/wp\/wp-content\/uploads\/IMG_1618_900.jpg?w=890&amp;ssl=1 890w, https:\/\/i0.wp.com\/deltaimage.de\/wp\/wp-content\/uploads\/IMG_1618_900.jpg?resize=300%2C200&amp;ssl=1 300w, https:\/\/i0.wp.com\/deltaimage.de\/wp\/wp-content\/uploads\/IMG_1618_900.jpg?resize=675%2C450&amp;ssl=1 675w, https:\/\/i0.wp.com\/deltaimage.de\/wp\/wp-content\/uploads\/IMG_1618_900.jpg?resize=600%2C400&amp;ssl=1 600w, https:\/\/i0.wp.com\/deltaimage.de\/wp\/wp-content\/uploads\/IMG_1618_900.jpg?resize=200%2C133&amp;ssl=1 200w\" sizes=\"auto, (max-width: 890px) 100vw, 890px\" \/><\/p>\n<p>Den <strong>Biber<\/strong> hatte ich hier im <strong>Haspelmoor<\/strong> noch nicht gesehen. Wie so oft in der Naturfotografie braucht es viel Geduld und die richtige Aufmerksamkeit im Naturraum.<\/p>\n<blockquote>\n<pre>\"Was treibt denn da f\u00fcr ein Holzst\u00fcck im Moorwasser?\"<\/pre>\n<\/blockquote>\n<p>Es ist ein junger <strong>Biber<\/strong>, der Gr\u00f6\u00dfe nach zu urteilen. Auch und gerade das geh\u00f6rt zum Naturerlebnis im Moor mit dazu. Unverhofft trifft die aufmerksame NaturgeherIn und FotografIn wieder auf ein neues Tier in der Fauna des Moores. Die Wassertiere lassen sich dabei von den BesucherInnen und FotografInnen wohl kaum beeintr\u00e4chtigen, die gro\u00dfe Wasserfl\u00e4che dazwischen verspricht einen wirksamen Schutz und Sicherheit.<\/p>\n<p>&nbsp;<\/p>\n<h2>Die Stockenten ziehen die Bahnen durch die L\u00fcfte<\/h2>\n<p>Im t\u00e4glichen Flugprogramm ist schon einiges los. Vor allem die vielen Stockenten sind schon flei\u00dfig und verlegen von T\u00fcmpel zu T\u00fcmpel und fliegen laut schnatternd durch die L\u00fcfte \u00fcber dem <strong>Roten Moor<\/strong>.<\/p>\n<p><img data-recalc-dims=\"1\" loading=\"lazy\" decoding=\"async\" data-attachment-id=\"39258\" data-permalink=\"https:\/\/deltaimage.de\/wp\/?attachment_id=39258#main\" data-orig-file=\"https:\/\/i0.wp.com\/deltaimage.de\/wp\/wp-content\/uploads\/IMG_1501_1200.jpg?fit=1200%2C450&amp;ssl=1\" data-orig-size=\"1200,450\" data-comments-opened=\"0\" data-image-meta=\"{&quot;aperture&quot;:&quot;5.6&quot;,&quot;credit&quot;:&quot;PAUL ESCHBACH&quot;,&quot;camera&quot;:&quot;Canon EOS 80D&quot;,&quot;caption&quot;:&quot;&quot;,&quot;created_timestamp&quot;:&quot;1679235943&quot;,&quot;copyright&quot;:&quot;Paul Eschbach @ DELTA IMAGE&quot;,&quot;focal_length&quot;:&quot;400&quot;,&quot;iso&quot;:&quot;800&quot;,&quot;shutter_speed&quot;:&quot;0.0004&quot;,&quot;title&quot;:&quot;&quot;,&quot;orientation&quot;:&quot;0&quot;}\" data-image-title=\"IMG_1501_1200\" data-image-description=\"\" data-image-caption=\"\" data-large-file=\"https:\/\/i0.wp.com\/deltaimage.de\/wp\/wp-content\/uploads\/IMG_1501_1200.jpg?fit=890%2C334&amp;ssl=1\" class=\"aligncenter size-medium wp-image-39258\" src=\"https:\/\/i0.wp.com\/deltaimage.de\/wp\/wp-content\/uploads\/IMG_1501_1200.jpg?resize=890%2C334&#038;ssl=1\" alt=\"\" width=\"890\" height=\"334\" srcset=\"https:\/\/i0.wp.com\/deltaimage.de\/wp\/wp-content\/uploads\/IMG_1501_1200.jpg?resize=900%2C338&amp;ssl=1 900w, https:\/\/i0.wp.com\/deltaimage.de\/wp\/wp-content\/uploads\/IMG_1501_1200.jpg?resize=300%2C113&amp;ssl=1 300w, https:\/\/i0.wp.com\/deltaimage.de\/wp\/wp-content\/uploads\/IMG_1501_1200.jpg?resize=890%2C334&amp;ssl=1 890w, https:\/\/i0.wp.com\/deltaimage.de\/wp\/wp-content\/uploads\/IMG_1501_1200.jpg?resize=1067%2C400&amp;ssl=1 1067w, https:\/\/i0.wp.com\/deltaimage.de\/wp\/wp-content\/uploads\/IMG_1501_1200.jpg?w=1200&amp;ssl=1 1200w\" sizes=\"auto, (max-width: 890px) 100vw, 890px\" \/><\/p>\n<p>In den schon \/ noch offenen Moorfl\u00e4chen sind die Enten, G\u00e4nse und Graureiher auch sehr gut zu beobachten und zu fotografieren. Die BesucherInnen k\u00f6nnen sich nur auf dem schmalen Streifen des Gehweges aufhalten. Alles andere, links und rechts dieses Weges, ist tiefes Moor. Undurchdringlich und abweisend f\u00fcr jeden der n\u00e4her ran m\u00f6chte. Das sind hervorragende Bedingungen f\u00fcr die Fauna im Moor.<\/p>\n<p>&nbsp;<\/p>\n<h2>Das Bl\u00e4sshuhn zieht mit lauten Rufen durch das Moorwasser<\/h2>\n<p>Die offenen Wasserfl\u00e4chen sind f\u00fcr die am und im Wasser lebenden Wasserv\u00f6gel ein herrlicher Platz. Der ehemalige Kanal ist mit vielen <strong>Stockenten<\/strong>, <strong>Graug\u00e4nsen<\/strong> und <strong>Bl\u00e4ssh\u00fchnern<\/strong> besiedelt und bieten ein abwechslungsreiches Bild f\u00fcr die FotografInnen.<\/p>\n<p><img data-recalc-dims=\"1\" loading=\"lazy\" decoding=\"async\" data-attachment-id=\"39260\" data-permalink=\"https:\/\/deltaimage.de\/wp\/?attachment_id=39260#main\" data-orig-file=\"https:\/\/i0.wp.com\/deltaimage.de\/wp\/wp-content\/uploads\/IMG_1523_900.jpg?fit=890%2C593&amp;ssl=1\" data-orig-size=\"890,593\" data-comments-opened=\"0\" data-image-meta=\"{&quot;aperture&quot;:&quot;10&quot;,&quot;credit&quot;:&quot;PAUL ESCHBACH&quot;,&quot;camera&quot;:&quot;Canon EOS 80D&quot;,&quot;caption&quot;:&quot;&quot;,&quot;created_timestamp&quot;:&quot;1679236535&quot;,&quot;copyright&quot;:&quot;Paul Eschbach @ DELTA IMAGE&quot;,&quot;focal_length&quot;:&quot;400&quot;,&quot;iso&quot;:&quot;800&quot;,&quot;shutter_speed&quot;:&quot;0.002&quot;,&quot;title&quot;:&quot;&quot;,&quot;orientation&quot;:&quot;0&quot;}\" data-image-title=\"IMG_1523_900\" data-image-description=\"\" data-image-caption=\"\" data-large-file=\"https:\/\/i0.wp.com\/deltaimage.de\/wp\/wp-content\/uploads\/IMG_1523_900.jpg?fit=890%2C593&amp;ssl=1\" class=\"aligncenter size-medium wp-image-39260\" src=\"https:\/\/i0.wp.com\/deltaimage.de\/wp\/wp-content\/uploads\/IMG_1523_900.jpg?resize=890%2C593&#038;ssl=1\" alt=\"\" width=\"890\" height=\"593\" srcset=\"https:\/\/i0.wp.com\/deltaimage.de\/wp\/wp-content\/uploads\/IMG_1523_900.jpg?w=890&amp;ssl=1 890w, https:\/\/i0.wp.com\/deltaimage.de\/wp\/wp-content\/uploads\/IMG_1523_900.jpg?resize=300%2C200&amp;ssl=1 300w, https:\/\/i0.wp.com\/deltaimage.de\/wp\/wp-content\/uploads\/IMG_1523_900.jpg?resize=675%2C450&amp;ssl=1 675w, https:\/\/i0.wp.com\/deltaimage.de\/wp\/wp-content\/uploads\/IMG_1523_900.jpg?resize=600%2C400&amp;ssl=1 600w, https:\/\/i0.wp.com\/deltaimage.de\/wp\/wp-content\/uploads\/IMG_1523_900.jpg?resize=200%2C133&amp;ssl=1 200w\" sizes=\"auto, (max-width: 890px) 100vw, 890px\" \/><\/p>\n<p>Nur Geduld, die FotografInnen k\u00f6nnen nicht zum Blesshuhn kommen. So muss ich warten, das <strong>Bl\u00e4sshuhn<\/strong> kommt schlie\u00dflich zu mir und l\u00e4sst sich sehr sch\u00f6n fotografieren. Geduld und Ausdauer sind die Arbeitsmittel der NaturfotografInnen.<\/p>\n<p><img data-recalc-dims=\"1\" loading=\"lazy\" decoding=\"async\" data-attachment-id=\"39259\" data-permalink=\"https:\/\/deltaimage.de\/wp\/?attachment_id=39259#main\" data-orig-file=\"https:\/\/i0.wp.com\/deltaimage.de\/wp\/wp-content\/uploads\/IMG_1568_900.jpg?fit=890%2C593&amp;ssl=1\" data-orig-size=\"890,593\" data-comments-opened=\"0\" data-image-meta=\"{&quot;aperture&quot;:&quot;10&quot;,&quot;credit&quot;:&quot;PAUL ESCHBACH&quot;,&quot;camera&quot;:&quot;Canon EOS 80D&quot;,&quot;caption&quot;:&quot;&quot;,&quot;created_timestamp&quot;:&quot;1679236875&quot;,&quot;copyright&quot;:&quot;Paul Eschbach @ DELTA IMAGE&quot;,&quot;focal_length&quot;:&quot;400&quot;,&quot;iso&quot;:&quot;800&quot;,&quot;shutter_speed&quot;:&quot;0.002&quot;,&quot;title&quot;:&quot;&quot;,&quot;orientation&quot;:&quot;0&quot;}\" data-image-title=\"IMG_1568_900\" data-image-description=\"\" data-image-caption=\"\" data-large-file=\"https:\/\/i0.wp.com\/deltaimage.de\/wp\/wp-content\/uploads\/IMG_1568_900.jpg?fit=890%2C593&amp;ssl=1\" class=\"aligncenter size-full wp-image-39259\" src=\"https:\/\/i0.wp.com\/deltaimage.de\/wp\/wp-content\/uploads\/IMG_1568_900.jpg?resize=890%2C593&#038;ssl=1\" alt=\"\" width=\"890\" height=\"593\" srcset=\"https:\/\/i0.wp.com\/deltaimage.de\/wp\/wp-content\/uploads\/IMG_1568_900.jpg?w=890&amp;ssl=1 890w, https:\/\/i0.wp.com\/deltaimage.de\/wp\/wp-content\/uploads\/IMG_1568_900.jpg?resize=300%2C200&amp;ssl=1 300w, https:\/\/i0.wp.com\/deltaimage.de\/wp\/wp-content\/uploads\/IMG_1568_900.jpg?resize=675%2C450&amp;ssl=1 675w, https:\/\/i0.wp.com\/deltaimage.de\/wp\/wp-content\/uploads\/IMG_1568_900.jpg?resize=600%2C400&amp;ssl=1 600w, https:\/\/i0.wp.com\/deltaimage.de\/wp\/wp-content\/uploads\/IMG_1568_900.jpg?resize=200%2C133&amp;ssl=1 200w\" sizes=\"auto, (max-width: 890px) 100vw, 890px\" \/><\/p>\n<p>&nbsp;<\/p>\n<h2>Eine Ebene h\u00f6her lebt der elegante Graureiher<\/h2>\n<p>Schon fast majest\u00e4tisch bewegt sich der Graureiher am Boden und in der Luft. Die langen Beine sind f\u00fcr das Moos und das Moor gemacht, um in den feuchten Wiesen und T\u00fcmpeln nach Nahrung suchen zu k\u00f6nnen. Die gro\u00dfe Fl\u00fcgelspannweite vollendet die elegante Erscheinung des Graureihers.<\/p>\n<p><img data-recalc-dims=\"1\" loading=\"lazy\" decoding=\"async\" data-attachment-id=\"39262\" data-permalink=\"https:\/\/deltaimage.de\/wp\/?attachment_id=39262#main\" data-orig-file=\"https:\/\/i0.wp.com\/deltaimage.de\/wp\/wp-content\/uploads\/IMG_1440_900.jpg?fit=890%2C593&amp;ssl=1\" data-orig-size=\"890,593\" data-comments-opened=\"0\" data-image-meta=\"{&quot;aperture&quot;:&quot;4&quot;,&quot;credit&quot;:&quot;PAUL ESCHBACH&quot;,&quot;camera&quot;:&quot;Canon EOS 80D&quot;,&quot;caption&quot;:&quot;&quot;,&quot;created_timestamp&quot;:&quot;1679234843&quot;,&quot;copyright&quot;:&quot;Paul Eschbach @ DELTA IMAGE&quot;,&quot;focal_length&quot;:&quot;400&quot;,&quot;iso&quot;:&quot;200&quot;,&quot;shutter_speed&quot;:&quot;0.00125&quot;,&quot;title&quot;:&quot;&quot;,&quot;orientation&quot;:&quot;0&quot;}\" data-image-title=\"IMG_1440_900\" data-image-description=\"\" data-image-caption=\"\" data-large-file=\"https:\/\/i0.wp.com\/deltaimage.de\/wp\/wp-content\/uploads\/IMG_1440_900.jpg?fit=890%2C593&amp;ssl=1\" class=\"aligncenter size-full wp-image-39262\" src=\"https:\/\/i0.wp.com\/deltaimage.de\/wp\/wp-content\/uploads\/IMG_1440_900.jpg?resize=890%2C593&#038;ssl=1\" alt=\"\" width=\"890\" height=\"593\" srcset=\"https:\/\/i0.wp.com\/deltaimage.de\/wp\/wp-content\/uploads\/IMG_1440_900.jpg?w=890&amp;ssl=1 890w, https:\/\/i0.wp.com\/deltaimage.de\/wp\/wp-content\/uploads\/IMG_1440_900.jpg?resize=300%2C200&amp;ssl=1 300w, https:\/\/i0.wp.com\/deltaimage.de\/wp\/wp-content\/uploads\/IMG_1440_900.jpg?resize=675%2C450&amp;ssl=1 675w, https:\/\/i0.wp.com\/deltaimage.de\/wp\/wp-content\/uploads\/IMG_1440_900.jpg?resize=600%2C400&amp;ssl=1 600w, https:\/\/i0.wp.com\/deltaimage.de\/wp\/wp-content\/uploads\/IMG_1440_900.jpg?resize=200%2C133&amp;ssl=1 200w\" sizes=\"auto, (max-width: 890px) 100vw, 890px\" \/><\/p>\n<p>Am Boden ist der Graureiher schon eine sehr imposante Erscheinung und wohl auch das gr\u00f6\u00dfte Tier, welches sich in diese Nassfl\u00e4chen bewegt.<\/p>\n<p>Ist der Graureiher erst einmal in der Luft, stellt er alle anderen Tiere der Fauna ganz klar in den Schatten, so auf dem bevorzugten Ansitzbaum in den weiten Moorfl\u00e4chen. Kein Feind kommt am Boden da hin, da ist der <strong>Graureiher<\/strong> sicher.<\/p>\n<p><img data-recalc-dims=\"1\" loading=\"lazy\" decoding=\"async\" data-attachment-id=\"39265\" data-permalink=\"https:\/\/deltaimage.de\/wp\/?attachment_id=39265#main\" data-orig-file=\"https:\/\/i0.wp.com\/deltaimage.de\/wp\/wp-content\/uploads\/IMG_1471_900.jpg?fit=890%2C593&amp;ssl=1\" data-orig-size=\"890,593\" data-comments-opened=\"0\" data-image-meta=\"{&quot;aperture&quot;:&quot;4&quot;,&quot;credit&quot;:&quot;PAUL ESCHBACH&quot;,&quot;camera&quot;:&quot;Canon EOS 80D&quot;,&quot;caption&quot;:&quot;&quot;,&quot;created_timestamp&quot;:&quot;1679234981&quot;,&quot;copyright&quot;:&quot;Paul Eschbach @ DELTA IMAGE&quot;,&quot;focal_length&quot;:&quot;400&quot;,&quot;iso&quot;:&quot;200&quot;,&quot;shutter_speed&quot;:&quot;0.001&quot;,&quot;title&quot;:&quot;&quot;,&quot;orientation&quot;:&quot;0&quot;}\" data-image-title=\"IMG_1471_900\" data-image-description=\"\" data-image-caption=\"\" data-large-file=\"https:\/\/i0.wp.com\/deltaimage.de\/wp\/wp-content\/uploads\/IMG_1471_900.jpg?fit=890%2C593&amp;ssl=1\" class=\"aligncenter size-full wp-image-39265\" src=\"https:\/\/i0.wp.com\/deltaimage.de\/wp\/wp-content\/uploads\/IMG_1471_900.jpg?resize=890%2C593&#038;ssl=1\" alt=\"\" width=\"890\" height=\"593\" srcset=\"https:\/\/i0.wp.com\/deltaimage.de\/wp\/wp-content\/uploads\/IMG_1471_900.jpg?w=890&amp;ssl=1 890w, https:\/\/i0.wp.com\/deltaimage.de\/wp\/wp-content\/uploads\/IMG_1471_900.jpg?resize=300%2C200&amp;ssl=1 300w, https:\/\/i0.wp.com\/deltaimage.de\/wp\/wp-content\/uploads\/IMG_1471_900.jpg?resize=675%2C450&amp;ssl=1 675w, https:\/\/i0.wp.com\/deltaimage.de\/wp\/wp-content\/uploads\/IMG_1471_900.jpg?resize=600%2C400&amp;ssl=1 600w, https:\/\/i0.wp.com\/deltaimage.de\/wp\/wp-content\/uploads\/IMG_1471_900.jpg?resize=200%2C133&amp;ssl=1 200w\" sizes=\"auto, (max-width: 890px) 100vw, 890px\" \/><\/p>\n<p>Die stolze und imposante Erscheinung erinnert schon eher an Skandinavien oder auch an Afrika und S\u00fcdamerika &#8211; auch wenn ich noch niemals in Afrika oder S\u00fcdamerika selbst war. Nein, es ist hier in Oberbayern im Landkreis F\u00fcrstenfeldbruck in einem der gr\u00f6\u00dften Hochmoor-Reste, fern ab des Alpenhauptkammes.<\/p>\n","protected":false},"excerpt":{"rendered":"<p>Der Fr\u00fchling ist im Anmarsch, so auch in der Hochmoor-Gegend im oberbayerischen Haspelmoor bei F\u00fcrstenfeldbruck. Die Fauna ist bereits aktiv in den Fr\u00fchlingsvorbereitungen und l\u00e4sst sich sehr sch\u00f6n dabei beobachten. [&hellip;]<\/p>\n","protected":false},"author":1,"featured_media":39253,"comment_status":"open","ping_status":"open","sticky":false,"template":"","format":"standard","meta":{"wpupg_custom_link":[],"wpupg_custom_link_behaviour":["default"],"wpupg_custom_link_nofollow":["default"],"wpupg_custom_image":[],"wpupg_custom_image_id":[],"jetpack_post_was_ever_published":false,"footnotes":""},"categories":[2523,1492,8],"tags":[3411,3415,3236,3042,3412,3414,3413],"class_list":["post-39252","post","type-post","status-publish","format-standard","has-post-thumbnail","hentry","category-dachauer-moos","category-naturfototage-fuerstenfeld","category-news","tag-biber","tag-blaesshuhn","tag-graureiher","tag-haspelmoor","tag-rotes-moor","tag-stockente","tag-uebergangsmoor"],"jetpack_featured_media_url":"https:\/\/i0.wp.com\/deltaimage.de\/wp\/wp-content\/uploads\/IMG_1615_1200.jpg?fit=1200%2C450&ssl=1","jetpack-related-posts":[{"id":29680,"url":"https:\/\/deltaimage.de\/wp\/?p=29680","url_meta":{"origin":39252,"position":0},"title":"Naturfototage: Workshop Natur im Moor","author":"EschbacP","date":"4. August 2021","format":false,"excerpt":"Im Veranstaltungsprogramm der F\u00fcrstenfeldbrucker Naturfototage waren wir mit einem ganz neuen Workshop \u201eNatur im Moor\u201c mit Paul Eschbach vertreten und f\u00fchrten den ausverkauften Workshop mit allen TeilnehmerInnen in die Umgebung von F\u00fcrstenfeldbruck an die sch\u00f6nsten Fotopl\u00e4tze f\u00fcr NaturfotografInnen. Den Workshop habe ich thematisch in drei Bereiche eingeteilt \u00a0 Das Haspelmoor\u2026","rel":"","context":"In &quot;Dachauer Moos&quot;","block_context":{"text":"Dachauer Moos","link":"https:\/\/deltaimage.de\/wp\/?cat=2523"},"img":{"alt_text":"","src":"https:\/\/i0.wp.com\/deltaimage.de\/wp\/wp-content\/uploads\/PE5D2085_1200.jpg?fit=1200%2C450&ssl=1&resize=350%2C200","width":350,"height":200,"srcset":"https:\/\/i0.wp.com\/deltaimage.de\/wp\/wp-content\/uploads\/PE5D2085_1200.jpg?fit=1200%2C450&ssl=1&resize=350%2C200 1x, https:\/\/i0.wp.com\/deltaimage.de\/wp\/wp-content\/uploads\/PE5D2085_1200.jpg?fit=1200%2C450&ssl=1&resize=525%2C300 1.5x, https:\/\/i0.wp.com\/deltaimage.de\/wp\/wp-content\/uploads\/PE5D2085_1200.jpg?fit=1200%2C450&ssl=1&resize=700%2C400 2x, https:\/\/i0.wp.com\/deltaimage.de\/wp\/wp-content\/uploads\/PE5D2085_1200.jpg?fit=1200%2C450&ssl=1&resize=1050%2C600 3x"},"classes":[]},{"id":33632,"url":"https:\/\/deltaimage.de\/wp\/?p=33632","url_meta":{"origin":39252,"position":1},"title":"In 2 Wochen Workshop Natur &#038; Moor: Naturfototage F\u00fcrstenfeldbruck im Haspelmoor","author":"EschbacP","date":"11. April 2022","format":false,"excerpt":"In 2 Wochen gehen die Naturfototage F\u00fcrstenfeld in F\u00fcrstenfeldbruck los (21.4. - 24.4.2022) und versammeln die Naturfotobranche und die Naturfotoliebhaber aus S\u00fcddeutschland und den Nachbarl\u00e4ndern im Forum F\u00fcrstenfeld mit tausenden an Fotografie-Begeisterten zusammen. Zur Vorbereitung des Workshops Natur & Moor schaue ich mich vor Ort um Der Fr\u00fchling beginnt zu\u2026","rel":"","context":"In &quot;Buch&quot;","block_context":{"text":"Buch","link":"https:\/\/deltaimage.de\/wp\/?cat=1189"},"img":{"alt_text":"","src":"https:\/\/i0.wp.com\/deltaimage.de\/wp\/wp-content\/uploads\/IMG_7034_1200.jpg?fit=1200%2C450&ssl=1&resize=350%2C200","width":350,"height":200,"srcset":"https:\/\/i0.wp.com\/deltaimage.de\/wp\/wp-content\/uploads\/IMG_7034_1200.jpg?fit=1200%2C450&ssl=1&resize=350%2C200 1x, https:\/\/i0.wp.com\/deltaimage.de\/wp\/wp-content\/uploads\/IMG_7034_1200.jpg?fit=1200%2C450&ssl=1&resize=525%2C300 1.5x, https:\/\/i0.wp.com\/deltaimage.de\/wp\/wp-content\/uploads\/IMG_7034_1200.jpg?fit=1200%2C450&ssl=1&resize=700%2C400 2x, https:\/\/i0.wp.com\/deltaimage.de\/wp\/wp-content\/uploads\/IMG_7034_1200.jpg?fit=1200%2C450&ssl=1&resize=1050%2C600 3x"},"classes":[]},{"id":29219,"url":"https:\/\/deltaimage.de\/wp\/?p=29219","url_meta":{"origin":39252,"position":2},"title":"16 Monate keine gemeinsame Fotowanderung mehr unternommen &#8211; BAYERWALDTEAM im Hoch- und Niedermoor unterwegs","author":"EschbacP","date":"29. Juni 2021","format":false,"excerpt":"Das lief so ganz anders als wir das geplant hatten. \u00a0 Im Januar 2020 waren wir noch als BAYERWALDTEAM zusammen im Bayerischen Wald unterwegs und hatten viel Zeit in der Landschaft und der Natur im Grenzgebirge verbracht. Eigentlich wollten wir in 2020 viele Tage auf den Wanderh\u00fctten im Grenzkamm von\u2026","rel":"","context":"In &quot;BAYERWALDTEAM&quot;","block_context":{"text":"BAYERWALDTEAM","link":"https:\/\/deltaimage.de\/wp\/?cat=861"},"img":{"alt_text":"","src":"https:\/\/i0.wp.com\/deltaimage.de\/wp\/wp-content\/uploads\/AK3I8100_1200.jpg?fit=1200%2C450&ssl=1&resize=350%2C200","width":350,"height":200,"srcset":"https:\/\/i0.wp.com\/deltaimage.de\/wp\/wp-content\/uploads\/AK3I8100_1200.jpg?fit=1200%2C450&ssl=1&resize=350%2C200 1x, https:\/\/i0.wp.com\/deltaimage.de\/wp\/wp-content\/uploads\/AK3I8100_1200.jpg?fit=1200%2C450&ssl=1&resize=525%2C300 1.5x, https:\/\/i0.wp.com\/deltaimage.de\/wp\/wp-content\/uploads\/AK3I8100_1200.jpg?fit=1200%2C450&ssl=1&resize=700%2C400 2x, https:\/\/i0.wp.com\/deltaimage.de\/wp\/wp-content\/uploads\/AK3I8100_1200.jpg?fit=1200%2C450&ssl=1&resize=1050%2C600 3x"},"classes":[]},{"id":29234,"url":"https:\/\/deltaimage.de\/wp\/?p=29234","url_meta":{"origin":39252,"position":3},"title":"BAYERWALDTEAM im Hochmoor unterwegs","author":"EschbacP","date":"29. Juni 2021","format":false,"excerpt":"Die sch\u00f6nsten und liebsten Fotomotive sind doch die, die vollkommen \u00fcberraschend auf den Fotografen zukommen. Hubert wusste nicht, was in den drei Tagen auf dem Programm stand - und das war auch gut so. Die Erkundung des Hochmoorgebietes im Haspelmoor war so eine gelungene \u00dcberraschung. Klar kennt man das Hochmoor\u2026","rel":"","context":"In &quot;BAYERWALDTEAM&quot;","block_context":{"text":"BAYERWALDTEAM","link":"https:\/\/deltaimage.de\/wp\/?cat=861"},"img":{"alt_text":"","src":"https:\/\/i0.wp.com\/deltaimage.de\/wp\/wp-content\/uploads\/IMG_9565_1200.jpg?fit=1200%2C450&ssl=1&resize=350%2C200","width":350,"height":200,"srcset":"https:\/\/i0.wp.com\/deltaimage.de\/wp\/wp-content\/uploads\/IMG_9565_1200.jpg?fit=1200%2C450&ssl=1&resize=350%2C200 1x, https:\/\/i0.wp.com\/deltaimage.de\/wp\/wp-content\/uploads\/IMG_9565_1200.jpg?fit=1200%2C450&ssl=1&resize=525%2C300 1.5x, https:\/\/i0.wp.com\/deltaimage.de\/wp\/wp-content\/uploads\/IMG_9565_1200.jpg?fit=1200%2C450&ssl=1&resize=700%2C400 2x, https:\/\/i0.wp.com\/deltaimage.de\/wp\/wp-content\/uploads\/IMG_9565_1200.jpg?fit=1200%2C450&ssl=1&resize=1050%2C600 3x"},"classes":[]},{"id":53610,"url":"https:\/\/deltaimage.de\/wp\/?p=53610","url_meta":{"origin":39252,"position":4},"title":"Dancing on Air &#8211; NaturFoto Magazin Leserwettbewerb 2026\/01","author":"EschbacP","date":"21. Januar 2026","format":false,"excerpt":"Das f\u00fchrende Magazin f\u00fcr Naturfotografie hat f\u00fcr das monatlich erscheinende Ausgabe jeweils ein anderes Titelthema, welches immer mit einem Leserwettbewerb begleitet wird. Eine wunderbare Sache, um noch mehr Vielfalt an fotografischen Umsetzungen zu einem speziellen Thema in der Naturfotografie sehen und damit lernen zu k\u00f6nnen. F\u00fcr die Ausgabe 01\/2026 war\u2026","rel":"","context":"In &quot;Dachauer Land&quot;","block_context":{"text":"Dachauer Land","link":"https:\/\/deltaimage.de\/wp\/?cat=3010"},"img":{"alt_text":"","src":"https:\/\/i0.wp.com\/deltaimage.de\/wp\/wp-content\/uploads\/Cover-NaturFoto_Magazin_2026-01.png?fit=1200%2C450&ssl=1&resize=350%2C200","width":350,"height":200,"srcset":"https:\/\/i0.wp.com\/deltaimage.de\/wp\/wp-content\/uploads\/Cover-NaturFoto_Magazin_2026-01.png?fit=1200%2C450&ssl=1&resize=350%2C200 1x, https:\/\/i0.wp.com\/deltaimage.de\/wp\/wp-content\/uploads\/Cover-NaturFoto_Magazin_2026-01.png?fit=1200%2C450&ssl=1&resize=525%2C300 1.5x, https:\/\/i0.wp.com\/deltaimage.de\/wp\/wp-content\/uploads\/Cover-NaturFoto_Magazin_2026-01.png?fit=1200%2C450&ssl=1&resize=700%2C400 2x, https:\/\/i0.wp.com\/deltaimage.de\/wp\/wp-content\/uploads\/Cover-NaturFoto_Magazin_2026-01.png?fit=1200%2C450&ssl=1&resize=1050%2C600 3x"},"classes":[]},{"id":48751,"url":"https:\/\/deltaimage.de\/wp\/?p=48751","url_meta":{"origin":39252,"position":5},"title":"Gro\u00dfartige Multivisions-Vortr\u00e4ge am Wochenende im Dachauer Wasserturm","author":"EschbacP","date":"31. M\u00e4rz 2025","format":false,"excerpt":"Am kommenden Wochenende, 4.April bis 6. April 2025 haben wir auf der Veranstaltungsb\u00fchne im vierten Stockwerk des Dachauer Wasserturm gleich drei besondere (und besonders gute) Vortr\u00e4ge f\u00fcr die BesucherInnen - nat\u00fcrlich kostenlos im Eintritt. \u00a0 Vortr\u00e4ge und Veranstaltungsb\u00fchne im Dachauer Wasserturm Im Dachgarten (Dachgescho\u00df des Dachauer Wasserturm) hat DELTA IMAGE\u2026","rel":"","context":"In &quot;Buch&quot;","block_context":{"text":"Buch","link":"https:\/\/deltaimage.de\/wp\/?cat=1189"},"img":{"alt_text":"","src":"https:\/\/i0.wp.com\/deltaimage.de\/wp\/wp-content\/uploads\/PE1X9954_1200.jpg?fit=1200%2C450&ssl=1&resize=350%2C200","width":350,"height":200,"srcset":"https:\/\/i0.wp.com\/deltaimage.de\/wp\/wp-content\/uploads\/PE1X9954_1200.jpg?fit=1200%2C450&ssl=1&resize=350%2C200 1x, https:\/\/i0.wp.com\/deltaimage.de\/wp\/wp-content\/uploads\/PE1X9954_1200.jpg?fit=1200%2C450&ssl=1&resize=525%2C300 1.5x, https:\/\/i0.wp.com\/deltaimage.de\/wp\/wp-content\/uploads\/PE1X9954_1200.jpg?fit=1200%2C450&ssl=1&resize=700%2C400 2x, https:\/\/i0.wp.com\/deltaimage.de\/wp\/wp-content\/uploads\/PE1X9954_1200.jpg?fit=1200%2C450&ssl=1&resize=1050%2C600 3x"},"classes":[]}],"jetpack_sharing_enabled":true,"_links":{"self":[{"href":"https:\/\/deltaimage.de\/wp\/index.php?rest_route=\/wp\/v2\/posts\/39252","targetHints":{"allow":["GET"]}}],"collection":[{"href":"https:\/\/deltaimage.de\/wp\/index.php?rest_route=\/wp\/v2\/posts"}],"about":[{"href":"https:\/\/deltaimage.de\/wp\/index.php?rest_route=\/wp\/v2\/types\/post"}],"author":[{"embeddable":true,"href":"https:\/\/deltaimage.de\/wp\/index.php?rest_route=\/wp\/v2\/users\/1"}],"replies":[{"embeddable":true,"href":"https:\/\/deltaimage.de\/wp\/index.php?rest_route=%2Fwp%2Fv2%2Fcomments&post=39252"}],"version-history":[{"count":18,"href":"https:\/\/deltaimage.de\/wp\/index.php?rest_route=\/wp\/v2\/posts\/39252\/revisions"}],"predecessor-version":[{"id":51447,"href":"https:\/\/deltaimage.de\/wp\/index.php?rest_route=\/wp\/v2\/posts\/39252\/revisions\/51447"}],"wp:featuredmedia":[{"embeddable":true,"href":"https:\/\/deltaimage.de\/wp\/index.php?rest_route=\/wp\/v2\/media\/39253"}],"wp:attachment":[{"href":"https:\/\/deltaimage.de\/wp\/index.php?rest_route=%2Fwp%2Fv2%2Fmedia&parent=39252"}],"wp:term":[{"taxonomy":"category","embeddable":true,"href":"https:\/\/deltaimage.de\/wp\/index.php?rest_route=%2Fwp%2Fv2%2Fcategories&post=39252"},{"taxonomy":"post_tag","embeddable":true,"href":"https:\/\/deltaimage.de\/wp\/index.php?rest_route=%2Fwp%2Fv2%2Ftags&post=39252"}],"curies":[{"name":"wp","href":"https:\/\/api.w.org\/{rel}","templated":true}]}}