{"id":39524,"date":"2023-03-30T20:24:42","date_gmt":"2023-03-30T19:24:42","guid":{"rendered":"https:\/\/deltaimage.de\/wp\/?p=39524"},"modified":"2025-08-21T19:10:53","modified_gmt":"2025-08-21T17:10:53","slug":"industriedenkmal-im-sucher-bericht-in-der-sz","status":"publish","type":"post","link":"https:\/\/deltaimage.de\/wp\/?p=39524","title":{"rendered":"Industriedenkmal im Sucher &#8211; Bericht in der SZ"},"content":{"rendered":"<p><a href=\"https:\/\/deltaimage.de\/wp\/?page_id=40118\"><img data-recalc-dims=\"1\" loading=\"lazy\" decoding=\"async\" data-attachment-id=\"40115\" data-permalink=\"https:\/\/deltaimage.de\/wp\/?attachment_id=40115#main\" data-orig-file=\"https:\/\/i0.wp.com\/deltaimage.de\/wp\/wp-content\/uploads\/Stempel_DELTA-IMAGE_Quality.png?fit=961%2C960&amp;ssl=1\" data-orig-size=\"961,960\" data-comments-opened=\"1\" data-image-meta=\"{&quot;aperture&quot;:&quot;0&quot;,&quot;credit&quot;:&quot;&quot;,&quot;camera&quot;:&quot;&quot;,&quot;caption&quot;:&quot;&quot;,&quot;created_timestamp&quot;:&quot;0&quot;,&quot;copyright&quot;:&quot;&quot;,&quot;focal_length&quot;:&quot;0&quot;,&quot;iso&quot;:&quot;0&quot;,&quot;shutter_speed&quot;:&quot;0&quot;,&quot;title&quot;:&quot;&quot;,&quot;orientation&quot;:&quot;0&quot;}\" data-image-title=\"Stempel_DELTA IMAGE_Quality\" data-image-description=\"\" data-image-caption=\"\" data-large-file=\"https:\/\/i0.wp.com\/deltaimage.de\/wp\/wp-content\/uploads\/Stempel_DELTA-IMAGE_Quality.png?fit=890%2C889&amp;ssl=1\" class=\"alignright wp-image-40115 size-thumbnail\" src=\"https:\/\/i0.wp.com\/deltaimage.de\/wp\/wp-content\/uploads\/Stempel_DELTA-IMAGE_Quality.png?resize=200%2C200&#038;ssl=1\" alt=\"\" width=\"200\" height=\"200\" srcset=\"https:\/\/i0.wp.com\/deltaimage.de\/wp\/wp-content\/uploads\/Stempel_DELTA-IMAGE_Quality.png?resize=200%2C200&amp;ssl=1 200w, https:\/\/i0.wp.com\/deltaimage.de\/wp\/wp-content\/uploads\/Stempel_DELTA-IMAGE_Quality.png?resize=601%2C600&amp;ssl=1 601w, https:\/\/i0.wp.com\/deltaimage.de\/wp\/wp-content\/uploads\/Stempel_DELTA-IMAGE_Quality.png?resize=594%2C593&amp;ssl=1 594w, https:\/\/i0.wp.com\/deltaimage.de\/wp\/wp-content\/uploads\/Stempel_DELTA-IMAGE_Quality.png?resize=450%2C450&amp;ssl=1 450w, https:\/\/i0.wp.com\/deltaimage.de\/wp\/wp-content\/uploads\/Stempel_DELTA-IMAGE_Quality.png?resize=75%2C75&amp;ssl=1 75w, https:\/\/i0.wp.com\/deltaimage.de\/wp\/wp-content\/uploads\/Stempel_DELTA-IMAGE_Quality.png?resize=400%2C400&amp;ssl=1 400w, https:\/\/i0.wp.com\/deltaimage.de\/wp\/wp-content\/uploads\/Stempel_DELTA-IMAGE_Quality.png?resize=50%2C50&amp;ssl=1 50w, https:\/\/i0.wp.com\/deltaimage.de\/wp\/wp-content\/uploads\/Stempel_DELTA-IMAGE_Quality.png?w=961&amp;ssl=1 961w\" sizes=\"auto, (max-width: 200px) 100vw, 200px\" \/><\/a>Die <strong>S\u00fcddeutsche Zeitung<\/strong> berichtet im Vorfeld der <strong><a href=\"http:\/\/www.glanzlichter.com\">25. Naturfototage F\u00fcrstenfeldbruck 2023<\/a><\/strong> \u00fcber unseren Foto-Workshop zum Thema &#8222;<em>Architektur &amp; Technik<\/em>&#8220; im Rahmen dieser bedeutendsten Fotoveranstaltung in S\u00fcddeutschland.<\/p>\n<blockquote>\n<pre><a href=\"https:\/\/www.glanzlichter.com\/template\/index.cfm\/fuseaction\/executeMenuID\/uuidMenu\/CABB95C0-155D-00B4-66A6CC6003FB81D7\">Workshop \"Architektur &amp; Technik\" im Rahmen der Naturfototage F\u00fcrstenfeldbruck<\/a>\r\n<a href=\"https:\/\/www.glanzlichter.com\/template\/index.cfm\/fuseaction\/executeMenuID\/uuidMenu\/C217DDC6-43FE-4A1C-ABC4EF3FB7737DB1\/lastuuid\/D2EC17F4-0DD5-4162-B85F53AFC41D1827\">Kartenvorverkauf und Tageskasse<\/a>\r\nFreitag, 14.4.2023 09.00 - 17.00 Uhr, Wir verpflegen uns im Stadtbereich F\u00fcrstenfeldbruck\r\nEs sind noch Restkarten erh\u00e4ltlich.<\/pre>\n<\/blockquote>\n<p>Der Autor des Beitrages <a href=\"https:\/\/www.sueddeutsche.de\/autoren\/stefan-salger-1.1408988\"><strong>Stefan Salger<\/strong><\/a> hat mich eine Stunde zum H\u00f6hepunkt des Workshops in das in unmittelbarer N\u00e4he gelegene Wasserkraftwerk der <strong><a href=\"http:\/\/www.stadtwerke-ffb.de\">Stadtwerke F\u00fcrstenfeldbruck<\/a><\/strong> begleitet, um sich selbst einen Eindruck von diesem Industriedenkmal aus der Sicht eines Fotografen machen zu k\u00f6nnen.<\/p>\n<p><img data-recalc-dims=\"1\" loading=\"lazy\" decoding=\"async\" data-attachment-id=\"39531\" data-permalink=\"https:\/\/deltaimage.de\/wp\/?attachment_id=39531#main\" data-orig-file=\"https:\/\/i0.wp.com\/deltaimage.de\/wp\/wp-content\/uploads\/SZ_Stefan_Salger_Workshop_Wasserkraftwerk_2023.jpg?fit=937%2C925&amp;ssl=1\" data-orig-size=\"937,925\" data-comments-opened=\"0\" data-image-meta=\"{&quot;aperture&quot;:&quot;0&quot;,&quot;credit&quot;:&quot;Paul Eschbach&quot;,&quot;camera&quot;:&quot;&quot;,&quot;caption&quot;:&quot;&quot;,&quot;created_timestamp&quot;:&quot;1680209409&quot;,&quot;copyright&quot;:&quot;&quot;,&quot;focal_length&quot;:&quot;0&quot;,&quot;iso&quot;:&quot;0&quot;,&quot;shutter_speed&quot;:&quot;0&quot;,&quot;title&quot;:&quot;&quot;,&quot;orientation&quot;:&quot;0&quot;}\" data-image-title=\"SZ_Stefan_Salger_Workshop_Wasserkraftwerk_2023\" data-image-description=\"\" data-image-caption=\"&lt;p&gt;Presseartikel in der S\u00fcddeutschen Zeitung&lt;\/p&gt;\n\" data-large-file=\"https:\/\/i0.wp.com\/deltaimage.de\/wp\/wp-content\/uploads\/SZ_Stefan_Salger_Workshop_Wasserkraftwerk_2023.jpg?fit=890%2C879&amp;ssl=1\" class=\"aligncenter wp-image-39531 size-full\" src=\"https:\/\/i0.wp.com\/deltaimage.de\/wp\/wp-content\/uploads\/SZ_Stefan_Salger_Workshop_Wasserkraftwerk_2023.jpg?resize=890%2C879&#038;ssl=1\" alt=\"\" width=\"890\" height=\"879\" srcset=\"https:\/\/i0.wp.com\/deltaimage.de\/wp\/wp-content\/uploads\/SZ_Stefan_Salger_Workshop_Wasserkraftwerk_2023.jpg?w=937&amp;ssl=1 937w, https:\/\/i0.wp.com\/deltaimage.de\/wp\/wp-content\/uploads\/SZ_Stefan_Salger_Workshop_Wasserkraftwerk_2023.jpg?resize=608%2C600&amp;ssl=1 608w, https:\/\/i0.wp.com\/deltaimage.de\/wp\/wp-content\/uploads\/SZ_Stefan_Salger_Workshop_Wasserkraftwerk_2023.jpg?resize=203%2C200&amp;ssl=1 203w, https:\/\/i0.wp.com\/deltaimage.de\/wp\/wp-content\/uploads\/SZ_Stefan_Salger_Workshop_Wasserkraftwerk_2023.jpg?resize=601%2C593&amp;ssl=1 601w, https:\/\/i0.wp.com\/deltaimage.de\/wp\/wp-content\/uploads\/SZ_Stefan_Salger_Workshop_Wasserkraftwerk_2023.jpg?resize=456%2C450&amp;ssl=1 456w, https:\/\/i0.wp.com\/deltaimage.de\/wp\/wp-content\/uploads\/SZ_Stefan_Salger_Workshop_Wasserkraftwerk_2023.jpg?resize=75%2C75&amp;ssl=1 75w, https:\/\/i0.wp.com\/deltaimage.de\/wp\/wp-content\/uploads\/SZ_Stefan_Salger_Workshop_Wasserkraftwerk_2023.jpg?resize=405%2C400&amp;ssl=1 405w, https:\/\/i0.wp.com\/deltaimage.de\/wp\/wp-content\/uploads\/SZ_Stefan_Salger_Workshop_Wasserkraftwerk_2023.jpg?resize=50%2C50&amp;ssl=1 50w\" sizes=\"auto, (max-width: 890px) 100vw, 890px\" \/><\/p>\n<p>Zum <a href=\"https:\/\/www.sueddeutsche.de\/muenchen\/fuerstenfeldbruck\/workshop-naturfototage-eschbach-wasserkraftwerk-stadtwerke-fotos-fotografieren-1.5778914\"><strong>Originalbeitrag der S\u00fcddeutschen Zeitung<\/strong><\/a>, ver\u00f6ffentlicht am 30. <strong>M\u00e4rz 2023, 16:57 Uhr,<\/strong>\u00a0 von Stefan Salger. Der Zeitungsartikel ist als Zitat hier nur verk\u00fcrzt wiedergegeben.<\/p>\n<p><!--more--><\/p>\n<p>&nbsp;<\/p>\n<h2>Fotografischer Besuch im Wasserkraftwerk an der Amper<img data-recalc-dims=\"1\" loading=\"lazy\" decoding=\"async\" data-attachment-id=\"41951\" data-permalink=\"https:\/\/deltaimage.de\/wp\/?attachment_id=41951#main\" data-orig-file=\"https:\/\/i0.wp.com\/deltaimage.de\/wp\/wp-content\/uploads\/Glanzlichter_Fuerstenfeld.jpg?fit=248%2C172&amp;ssl=1\" data-orig-size=\"248,172\" data-comments-opened=\"1\" data-image-meta=\"{&quot;aperture&quot;:&quot;0&quot;,&quot;credit&quot;:&quot;Paul Eschbach&quot;,&quot;camera&quot;:&quot;&quot;,&quot;caption&quot;:&quot;&quot;,&quot;created_timestamp&quot;:&quot;1470174877&quot;,&quot;copyright&quot;:&quot;&quot;,&quot;focal_length&quot;:&quot;0&quot;,&quot;iso&quot;:&quot;0&quot;,&quot;shutter_speed&quot;:&quot;0&quot;,&quot;title&quot;:&quot;&quot;,&quot;orientation&quot;:&quot;0&quot;}\" data-image-title=\"Glanzlichter_F\u00fcrstenfeld\" data-image-description=\"\" data-image-caption=\"\" data-large-file=\"https:\/\/i0.wp.com\/deltaimage.de\/wp\/wp-content\/uploads\/Glanzlichter_Fuerstenfeld.jpg?fit=248%2C172&amp;ssl=1\" class=\"size-full wp-image-41951 alignright\" src=\"https:\/\/i0.wp.com\/deltaimage.de\/wp\/wp-content\/uploads\/Glanzlichter_Fuerstenfeld.jpg?resize=248%2C172&#038;ssl=1\" alt=\"\" width=\"248\" height=\"172\" \/><\/h2>\n<p>In dem Workshop besuchen wir in unmittelbarer N\u00e4he zum Veranstaltungsgel\u00e4nde, mehrere au\u00dfergew\u00f6hnliche Orte mit ganz tollen Motiven in den Bereichen &#8222;<em>Architektur &amp; Technik<\/em>&#8222;. Der erste Ort ist das Wasserkraftwerk &#8222;<em>Auf der L\u00e4nde<\/em>&#8220; der Stadtwerke F\u00fcrstenfeldbruck, diese \u00f6ffnen f\u00fcr unsere Workshop-TeilnehmerInnen die Tore, um solch ein Industriedenkmal zu betreten und fotografisch nach Motiven suchen zu k\u00f6nnen.<\/p>\n<blockquote>\n<pre>Bislang ist noch keiner TeilnehmerIn in dem Industriedenkmal \r\nfotografisch langweilig geworden. Ganz im Gegenteil.\r\nEin Wasserkraftwerk ist im Zuge der \u00f6ffentlichen Diskussionen \r\num die Energiewende zunehmend ins positive Bewusstsein und \r\nInteresse geraten.<\/pre>\n<\/blockquote>\n<p>Ich zeige den TeilnehmerInnen wir Strom aus erneuerbaren Energien erzeugt werden kann.<\/p>\n<p><img data-recalc-dims=\"1\" loading=\"lazy\" decoding=\"async\" data-attachment-id=\"39530\" data-permalink=\"https:\/\/deltaimage.de\/wp\/?attachment_id=39530#main\" data-orig-file=\"https:\/\/i0.wp.com\/deltaimage.de\/wp\/wp-content\/uploads\/PE1S3669_900.jpg?fit=890%2C593&amp;ssl=1\" data-orig-size=\"890,593\" data-comments-opened=\"0\" data-image-meta=\"{&quot;aperture&quot;:&quot;2&quot;,&quot;credit&quot;:&quot;Paul Eschbach&quot;,&quot;camera&quot;:&quot;Canon EOS-1Ds Mark III&quot;,&quot;caption&quot;:&quot;&quot;,&quot;created_timestamp&quot;:&quot;1678195189&quot;,&quot;copyright&quot;:&quot;&quot;,&quot;focal_length&quot;:&quot;50&quot;,&quot;iso&quot;:&quot;1600&quot;,&quot;shutter_speed&quot;:&quot;0.025&quot;,&quot;title&quot;:&quot;&quot;,&quot;orientation&quot;:&quot;0&quot;}\" data-image-title=\"PE1S3669_900\" data-image-description=\"\" data-image-caption=\"\" data-large-file=\"https:\/\/i0.wp.com\/deltaimage.de\/wp\/wp-content\/uploads\/PE1S3669_900.jpg?fit=890%2C593&amp;ssl=1\" class=\"aligncenter size-medium wp-image-39530\" src=\"https:\/\/i0.wp.com\/deltaimage.de\/wp\/wp-content\/uploads\/PE1S3669_900.jpg?resize=890%2C593&#038;ssl=1\" alt=\"\" width=\"890\" height=\"593\" srcset=\"https:\/\/i0.wp.com\/deltaimage.de\/wp\/wp-content\/uploads\/PE1S3669_900.jpg?w=890&amp;ssl=1 890w, https:\/\/i0.wp.com\/deltaimage.de\/wp\/wp-content\/uploads\/PE1S3669_900.jpg?resize=300%2C200&amp;ssl=1 300w, https:\/\/i0.wp.com\/deltaimage.de\/wp\/wp-content\/uploads\/PE1S3669_900.jpg?resize=675%2C450&amp;ssl=1 675w, https:\/\/i0.wp.com\/deltaimage.de\/wp\/wp-content\/uploads\/PE1S3669_900.jpg?resize=600%2C400&amp;ssl=1 600w, https:\/\/i0.wp.com\/deltaimage.de\/wp\/wp-content\/uploads\/PE1S3669_900.jpg?resize=200%2C133&amp;ssl=1 200w\" sizes=\"auto, (max-width: 890px) 100vw, 890px\" \/><\/p>\n<p>Hier bin ich zusammen mit Stefan Salger (links) und Lukas Sedlmeier (Stadtwerke F\u00fcrstenfeldbruck) im Wellenraum der Wasserturbine, Energieerzeugung wird so sp\u00fcrbar und h\u00f6rbar &#8211; das gilt es in aussagekr\u00e4ftige Bilder umzusetzen. Das ist die Aufgabenstellung an die Workshop-TeilnehmerInnen.<\/p>\n<p>Nach einer Sicherheitsunterweisung, beginnen alle FotografInnen im Kraftwerk auszuschw\u00e4rmen, um die Zeit im Wasserkraftwerk ideal ausnutzen zu k\u00f6nnen. Der Turbinenraum ist hell und lichtdurchflutet, hier unten im Wellenraum ist es dunkel und eng &#8211; eine ganz andere Fototechnik ist gefragt.<\/p>\n<p><img data-recalc-dims=\"1\" loading=\"lazy\" decoding=\"async\" data-attachment-id=\"39527\" data-permalink=\"https:\/\/deltaimage.de\/wp\/?attachment_id=39527#main\" data-orig-file=\"https:\/\/i0.wp.com\/deltaimage.de\/wp\/wp-content\/uploads\/PE1S3692_900.jpg?fit=890%2C593&amp;ssl=1\" data-orig-size=\"890,593\" data-comments-opened=\"0\" data-image-meta=\"{&quot;aperture&quot;:&quot;2&quot;,&quot;credit&quot;:&quot;Paul Eschbach&quot;,&quot;camera&quot;:&quot;Canon EOS-1Ds Mark III&quot;,&quot;caption&quot;:&quot;&quot;,&quot;created_timestamp&quot;:&quot;1678195977&quot;,&quot;copyright&quot;:&quot;&quot;,&quot;focal_length&quot;:&quot;50&quot;,&quot;iso&quot;:&quot;800&quot;,&quot;shutter_speed&quot;:&quot;0.125&quot;,&quot;title&quot;:&quot;&quot;,&quot;orientation&quot;:&quot;0&quot;}\" data-image-title=\"PE1S3692_900\" data-image-description=\"\" data-image-caption=\"\" data-large-file=\"https:\/\/i0.wp.com\/deltaimage.de\/wp\/wp-content\/uploads\/PE1S3692_900.jpg?fit=890%2C593&amp;ssl=1\" class=\"aligncenter size-medium wp-image-39527\" src=\"https:\/\/i0.wp.com\/deltaimage.de\/wp\/wp-content\/uploads\/PE1S3692_900.jpg?resize=890%2C593&#038;ssl=1\" alt=\"\" width=\"890\" height=\"593\" srcset=\"https:\/\/i0.wp.com\/deltaimage.de\/wp\/wp-content\/uploads\/PE1S3692_900.jpg?w=890&amp;ssl=1 890w, https:\/\/i0.wp.com\/deltaimage.de\/wp\/wp-content\/uploads\/PE1S3692_900.jpg?resize=300%2C200&amp;ssl=1 300w, https:\/\/i0.wp.com\/deltaimage.de\/wp\/wp-content\/uploads\/PE1S3692_900.jpg?resize=675%2C450&amp;ssl=1 675w, https:\/\/i0.wp.com\/deltaimage.de\/wp\/wp-content\/uploads\/PE1S3692_900.jpg?resize=600%2C400&amp;ssl=1 600w, https:\/\/i0.wp.com\/deltaimage.de\/wp\/wp-content\/uploads\/PE1S3692_900.jpg?resize=200%2C133&amp;ssl=1 200w\" sizes=\"auto, (max-width: 890px) 100vw, 890px\" \/><\/p>\n<p>Das alte Schaltpult des Kraftwerkes und der angeschlossenen Verteilstationen im Netz wurden bis vor kurzem von hier aus bedient und gesteuert &#8211; das interessierte auch Herrn Salger als Fotograf auf seiner ganz pers\u00f6nlichen Motivsuche.<\/p>\n<p><img data-recalc-dims=\"1\" loading=\"lazy\" decoding=\"async\" data-attachment-id=\"39526\" data-permalink=\"https:\/\/deltaimage.de\/wp\/?attachment_id=39526#main\" data-orig-file=\"https:\/\/i0.wp.com\/deltaimage.de\/wp\/wp-content\/uploads\/PE1S3696_900.jpg?fit=890%2C593&amp;ssl=1\" data-orig-size=\"890,593\" data-comments-opened=\"0\" data-image-meta=\"{&quot;aperture&quot;:&quot;2&quot;,&quot;credit&quot;:&quot;Paul Eschbach&quot;,&quot;camera&quot;:&quot;Canon EOS-1Ds Mark III&quot;,&quot;caption&quot;:&quot;&quot;,&quot;created_timestamp&quot;:&quot;1678196134&quot;,&quot;copyright&quot;:&quot;&quot;,&quot;focal_length&quot;:&quot;50&quot;,&quot;iso&quot;:&quot;800&quot;,&quot;shutter_speed&quot;:&quot;0.05&quot;,&quot;title&quot;:&quot;&quot;,&quot;orientation&quot;:&quot;0&quot;}\" data-image-title=\"PE1S3696_900\" data-image-description=\"\" data-image-caption=\"\" data-large-file=\"https:\/\/i0.wp.com\/deltaimage.de\/wp\/wp-content\/uploads\/PE1S3696_900.jpg?fit=890%2C593&amp;ssl=1\" class=\"aligncenter size-full wp-image-39526\" src=\"https:\/\/i0.wp.com\/deltaimage.de\/wp\/wp-content\/uploads\/PE1S3696_900.jpg?resize=890%2C593&#038;ssl=1\" alt=\"\" width=\"890\" height=\"593\" srcset=\"https:\/\/i0.wp.com\/deltaimage.de\/wp\/wp-content\/uploads\/PE1S3696_900.jpg?w=890&amp;ssl=1 890w, https:\/\/i0.wp.com\/deltaimage.de\/wp\/wp-content\/uploads\/PE1S3696_900.jpg?resize=300%2C200&amp;ssl=1 300w, https:\/\/i0.wp.com\/deltaimage.de\/wp\/wp-content\/uploads\/PE1S3696_900.jpg?resize=675%2C450&amp;ssl=1 675w, https:\/\/i0.wp.com\/deltaimage.de\/wp\/wp-content\/uploads\/PE1S3696_900.jpg?resize=600%2C400&amp;ssl=1 600w, https:\/\/i0.wp.com\/deltaimage.de\/wp\/wp-content\/uploads\/PE1S3696_900.jpg?resize=200%2C133&amp;ssl=1 200w\" sizes=\"auto, (max-width: 890px) 100vw, 890px\" \/><\/p>\n<p>Vom Kraftwerksleitstand aus gen\u00fcgte ein Blick durch das gro\u00dfe Fenster und die gesamte Anlage mit zwei Turbinen war im Blick.<\/p>\n<p><img data-recalc-dims=\"1\" loading=\"lazy\" decoding=\"async\" data-attachment-id=\"39528\" data-permalink=\"https:\/\/deltaimage.de\/wp\/?attachment_id=39528#main\" data-orig-file=\"https:\/\/i0.wp.com\/deltaimage.de\/wp\/wp-content\/uploads\/PE1S3678_900.jpg?fit=890%2C593&amp;ssl=1\" data-orig-size=\"890,593\" data-comments-opened=\"0\" data-image-meta=\"{&quot;aperture&quot;:&quot;1.4&quot;,&quot;credit&quot;:&quot;Paul Eschbach&quot;,&quot;camera&quot;:&quot;Canon EOS-1Ds Mark III&quot;,&quot;caption&quot;:&quot;&quot;,&quot;created_timestamp&quot;:&quot;1678195736&quot;,&quot;copyright&quot;:&quot;&quot;,&quot;focal_length&quot;:&quot;50&quot;,&quot;iso&quot;:&quot;200&quot;,&quot;shutter_speed&quot;:&quot;0.00125&quot;,&quot;title&quot;:&quot;&quot;,&quot;orientation&quot;:&quot;0&quot;}\" data-image-title=\"PE1S3678_900\" data-image-description=\"\" data-image-caption=\"\" data-large-file=\"https:\/\/i0.wp.com\/deltaimage.de\/wp\/wp-content\/uploads\/PE1S3678_900.jpg?fit=890%2C593&amp;ssl=1\" class=\"aligncenter size-medium wp-image-39528\" src=\"https:\/\/i0.wp.com\/deltaimage.de\/wp\/wp-content\/uploads\/PE1S3678_900.jpg?resize=890%2C593&#038;ssl=1\" alt=\"\" width=\"890\" height=\"593\" srcset=\"https:\/\/i0.wp.com\/deltaimage.de\/wp\/wp-content\/uploads\/PE1S3678_900.jpg?w=890&amp;ssl=1 890w, https:\/\/i0.wp.com\/deltaimage.de\/wp\/wp-content\/uploads\/PE1S3678_900.jpg?resize=300%2C200&amp;ssl=1 300w, https:\/\/i0.wp.com\/deltaimage.de\/wp\/wp-content\/uploads\/PE1S3678_900.jpg?resize=675%2C450&amp;ssl=1 675w, https:\/\/i0.wp.com\/deltaimage.de\/wp\/wp-content\/uploads\/PE1S3678_900.jpg?resize=600%2C400&amp;ssl=1 600w, https:\/\/i0.wp.com\/deltaimage.de\/wp\/wp-content\/uploads\/PE1S3678_900.jpg?resize=200%2C133&amp;ssl=1 200w\" sizes=\"auto, (max-width: 890px) 100vw, 890px\" \/><\/p>\n<p>Die teilnehmenden FotografInnen bekommen von mir Anregungen und wertvolle Hinweise, wie solche Motivbereiche besonders effektvoll fotografisch eingefangen werden k\u00f6nnen. Fotografisch interessante Motive gibt es in H\u00fclle und F\u00fclle.<\/p>\n<blockquote>\n<pre>Wie erz\u00e4hlt die FotografIn auch eine fotografische Geschichte von solchen Motiven, \r\num mehr als nur eine wilde Ansammlung an Bildern zu haben.<\/pre>\n<\/blockquote>\n<p>&nbsp;<\/p>\n<h2>Herr Salger geht hoch hinaus &#8211; und nah ran<\/h2>\n<p>Unter Beachtung der Sicherheitshinweise ist in diesem Wasserkraftwerk einiges an Bewegungsraum f\u00fcr die FotografInnen m\u00f6glich. So erklimmt Herr Salger hier die Turbine 1 und macht sich ein Bild von oben, dem Generator und der Erregermaschine. Hier wird aus der Kraft der flie\u00dfenden Amper der elektrische Strom erzeugt, um die Haushalte in F\u00fcrstenfeldbruck versorgen zu k\u00f6nnen.<\/p>\n<p><img data-recalc-dims=\"1\" loading=\"lazy\" decoding=\"async\" data-attachment-id=\"39529\" data-permalink=\"https:\/\/deltaimage.de\/wp\/?attachment_id=39529#main\" data-orig-file=\"https:\/\/i0.wp.com\/deltaimage.de\/wp\/wp-content\/uploads\/PE1S3674_900.jpg?fit=890%2C593&amp;ssl=1\" data-orig-size=\"890,593\" data-comments-opened=\"0\" data-image-meta=\"{&quot;aperture&quot;:&quot;2&quot;,&quot;credit&quot;:&quot;Paul Eschbach&quot;,&quot;camera&quot;:&quot;Canon EOS-1Ds Mark III&quot;,&quot;caption&quot;:&quot;&quot;,&quot;created_timestamp&quot;:&quot;1678195626&quot;,&quot;copyright&quot;:&quot;&quot;,&quot;focal_length&quot;:&quot;50&quot;,&quot;iso&quot;:&quot;1600&quot;,&quot;shutter_speed&quot;:&quot;0.008&quot;,&quot;title&quot;:&quot;&quot;,&quot;orientation&quot;:&quot;0&quot;}\" data-image-title=\"PE1S3674_900\" data-image-description=\"\" data-image-caption=\"\" data-large-file=\"https:\/\/i0.wp.com\/deltaimage.de\/wp\/wp-content\/uploads\/PE1S3674_900.jpg?fit=890%2C593&amp;ssl=1\" class=\"aligncenter size-medium wp-image-39529\" src=\"https:\/\/i0.wp.com\/deltaimage.de\/wp\/wp-content\/uploads\/PE1S3674_900.jpg?resize=890%2C593&#038;ssl=1\" alt=\"\" width=\"890\" height=\"593\" srcset=\"https:\/\/i0.wp.com\/deltaimage.de\/wp\/wp-content\/uploads\/PE1S3674_900.jpg?w=890&amp;ssl=1 890w, https:\/\/i0.wp.com\/deltaimage.de\/wp\/wp-content\/uploads\/PE1S3674_900.jpg?resize=300%2C200&amp;ssl=1 300w, https:\/\/i0.wp.com\/deltaimage.de\/wp\/wp-content\/uploads\/PE1S3674_900.jpg?resize=675%2C450&amp;ssl=1 675w, https:\/\/i0.wp.com\/deltaimage.de\/wp\/wp-content\/uploads\/PE1S3674_900.jpg?resize=600%2C400&amp;ssl=1 600w, https:\/\/i0.wp.com\/deltaimage.de\/wp\/wp-content\/uploads\/PE1S3674_900.jpg?resize=200%2C133&amp;ssl=1 200w\" sizes=\"auto, (max-width: 890px) 100vw, 890px\" \/><\/p>\n<p>&nbsp;<\/p>\n<h2>Wie geht&#8217;s im Workshop weiter<\/h2>\n<p>Das Wasserkraftwerk ist das erste Motiv am Workshoptag Freitag 14. April 2023. Wir k\u00f6nnen hier in das <strong>Wasserkraftwerk<\/strong> mit R\u00fccksicht auf die Belegschaft nur Werktags hinein &#8211; so haben wir den Freitag daf\u00fcr vorgesehen.<\/p>\n<p>Von der L\u00e4nde aus, erkunden wir fotografisch das gro\u00dfe Areal der Aum\u00fchle, einem Konglomerat aus den unterschiedlichsten Architekturstilen &#8211; ein Eldorado an fotografischen Motiven und verzwickten Aufgabenstellungen vom Workshopleiter (das bin ich) an die TeilnehmerInnen.<\/p>\n<p>Auf dem Weg dahin kommen wir an mehreren kleinen Motiven vorbei.<\/p>\n<p>Das gro\u00dfe Finale am Nachmittag ist die barocke Klosterkirche auf dem Veranstaltungsgel\u00e4nde &#8211; sowohl innen als auch Au\u00dfen. Die TeilnehmerInnen setzen schwierige fotografische Aufgaben um und versuchen, den widerstrebenden Bauwerken eine eigene fotografische Sicht abzuringen. Da ist f\u00fcr jede FotografIn sicherlich viel Neues und Unbekanntes mit dabei.<\/p>\n<p>&nbsp;<\/p>\n","protected":false},"excerpt":{"rendered":"<p>Die S\u00fcddeutsche Zeitung berichtet im Vorfeld der 25. Naturfototage F\u00fcrstenfeldbruck 2023 \u00fcber unseren Foto-Workshop zum Thema &#8222;Architektur &amp; Technik&#8220; im Rahmen dieser bedeutendsten Fotoveranstaltung in S\u00fcddeutschland. Workshop &#8222;Architektur &amp; Technik&#8220; [&hellip;]<\/p>\n","protected":false},"author":1,"featured_media":39525,"comment_status":"open","ping_status":"open","sticky":false,"template":"","format":"standard","meta":{"wpupg_custom_link":[],"wpupg_custom_link_behaviour":["default"],"wpupg_custom_link_nofollow":["default"],"wpupg_custom_image":[],"wpupg_custom_image_id":[],"jetpack_post_was_ever_published":false,"footnotes":""},"categories":[848,610,1492,8],"tags":[464,3422,27,24,2855,3052,2127,1667,833],"class_list":["post-39524","post","type-post","status-publish","format-standard","has-post-thumbnail","hentry","category-fotografie","category-kameratechnik","category-naturfototage-fuerstenfeld","category-news","tag-amper","tag-architektur-technik","tag-furstenfeldbruck","tag-naturfoto","tag-naturfototage-fuerstenfeldbruck","tag-stadtwerke-fuerstenfeldbruck","tag-sueddeutsche-zeitung","tag-wasserkraftwerk","tag-workshop"],"jetpack_featured_media_url":"https:\/\/i0.wp.com\/deltaimage.de\/wp\/wp-content\/uploads\/PE1S3694_1200.jpg?fit=1200%2C450&ssl=1","jetpack-related-posts":[{"id":18507,"url":"https:\/\/deltaimage.de\/wp\/?p=18507","url_meta":{"origin":39524,"position":0},"title":"Uiiihh! Auf der Titelseite einer Zeitung &#8230;","author":"EschbacP","date":"14. Mai 2018","format":false,"excerpt":".. ja nicht ganz vorne - aber immerhin auf der Regionalausgabe F\u00fcrstenfeldbruck. Fotos Pirchmoser@Foto Sessner GmbH \u00a0 S\u00fcddeutsche Zeitung Regionalteil F\u00fcrstenfeldbruck und Paul Eschbach Ein Anfang ist gemacht. Naturfototage F\u00fcrstenfeld und die \"fliegende Kamera\" Das Thema Multicopter & Drohne scheint sehr interessant zu sein. Die S\u00fcddeutsche Zeitung berichtet in der\u2026","rel":"","context":"In &quot;Naturfototage F\u00fcrstenfeld&quot;","block_context":{"text":"Naturfototage F\u00fcrstenfeld","link":"https:\/\/deltaimage.de\/wp\/?cat=1492"},"img":{"alt_text":"SZ_FFB_Naturfototage 2018","src":"https:\/\/i0.wp.com\/deltaimage.de\/wp\/wp-content\/uploads\/SZ_FFB_Naturfototage-2018.jpg?resize=350%2C200","width":350,"height":200,"srcset":"https:\/\/i0.wp.com\/deltaimage.de\/wp\/wp-content\/uploads\/SZ_FFB_Naturfototage-2018.jpg?resize=350%2C200 1x, https:\/\/i0.wp.com\/deltaimage.de\/wp\/wp-content\/uploads\/SZ_FFB_Naturfototage-2018.jpg?resize=525%2C300 1.5x, https:\/\/i0.wp.com\/deltaimage.de\/wp\/wp-content\/uploads\/SZ_FFB_Naturfototage-2018.jpg?resize=700%2C400 2x, https:\/\/i0.wp.com\/deltaimage.de\/wp\/wp-content\/uploads\/SZ_FFB_Naturfototage-2018.jpg?resize=1050%2C600 3x"},"classes":[]},{"id":30394,"url":"https:\/\/deltaimage.de\/wp\/?p=30394","url_meta":{"origin":39524,"position":1},"title":"Naturfototage F\u00fcrstenfeldbruck 2022 &#8211; Paul Eschbach wieder mit zwei beliebten Workshops dabei","author":"EschbacP","date":"16. Oktober 2021","format":false,"excerpt":"Im Veranstaltungsprogramm der 24. F\u00fcrstenfeldbrucker Naturfototage 2022 ist DELTA IMAGE mit Paul Eschbach wieder mit zwei \u00e4u\u00dferst beliebten Workshops dabei. Wir freuen uns riesig auf den Kontakt mit den vielen Fotobegeisterten in unseren Workshops und auf den Naturfototagen. \u00a0 Die Workshops bei den Naturfototagen F\u00fcrstenfeldbruck 2022 2020 haben wir die\u2026","rel":"","context":"In &quot;Naturfototage F\u00fcrstenfeld&quot;","block_context":{"text":"Naturfototage F\u00fcrstenfeld","link":"https:\/\/deltaimage.de\/wp\/?cat=1492"},"img":{"alt_text":"","src":"https:\/\/i0.wp.com\/deltaimage.de\/wp\/wp-content\/uploads\/PE5D1902_1200.jpg?fit=1200%2C450&ssl=1&resize=350%2C200","width":350,"height":200,"srcset":"https:\/\/i0.wp.com\/deltaimage.de\/wp\/wp-content\/uploads\/PE5D1902_1200.jpg?fit=1200%2C450&ssl=1&resize=350%2C200 1x, https:\/\/i0.wp.com\/deltaimage.de\/wp\/wp-content\/uploads\/PE5D1902_1200.jpg?fit=1200%2C450&ssl=1&resize=525%2C300 1.5x, https:\/\/i0.wp.com\/deltaimage.de\/wp\/wp-content\/uploads\/PE5D1902_1200.jpg?fit=1200%2C450&ssl=1&resize=700%2C400 2x, https:\/\/i0.wp.com\/deltaimage.de\/wp\/wp-content\/uploads\/PE5D1902_1200.jpg?fit=1200%2C450&ssl=1&resize=1050%2C600 3x"},"classes":[]},{"id":39165,"url":"https:\/\/deltaimage.de\/wp\/?p=39165","url_meta":{"origin":39524,"position":2},"title":"Stadtwerke F\u00fcrstenfeldbruck \u00f6ffnen f\u00fcr uns das Wasserkraftwerk","author":"EschbacP","date":"24. Februar 2023","format":false,"excerpt":"Naturfototage F\u00fcstenfeldbruck 2023 - Workshops Der regionale Energieversorger Stadtwerke F\u00fcrstenfeldbruck unterst\u00fctzt unseren Workshop \u201eArchitektur und Technik\u201c nun schon im dritten Jahr hintereinander. Damit kann ich die TeilnehmerInnen am Freitag 14.4.2023 wieder in das fu\u00dfl\u00e4ufig an der nahen Amper gelegene Wasserkraftwerk \u201eAuf der L\u00e4nde\u201c f\u00fchren. Das ist eines der Highlights des\u2026","rel":"","context":"In &quot;Naturfototage F\u00fcrstenfeld&quot;","block_context":{"text":"Naturfototage F\u00fcrstenfeld","link":"https:\/\/deltaimage.de\/wp\/?cat=1492"},"img":{"alt_text":"","src":"https:\/\/i0.wp.com\/deltaimage.de\/wp\/wp-content\/uploads\/PE5D2989_1200.jpg?fit=1200%2C450&ssl=1&resize=350%2C200","width":350,"height":200,"srcset":"https:\/\/i0.wp.com\/deltaimage.de\/wp\/wp-content\/uploads\/PE5D2989_1200.jpg?fit=1200%2C450&ssl=1&resize=350%2C200 1x, https:\/\/i0.wp.com\/deltaimage.de\/wp\/wp-content\/uploads\/PE5D2989_1200.jpg?fit=1200%2C450&ssl=1&resize=525%2C300 1.5x, https:\/\/i0.wp.com\/deltaimage.de\/wp\/wp-content\/uploads\/PE5D2989_1200.jpg?fit=1200%2C450&ssl=1&resize=700%2C400 2x, https:\/\/i0.wp.com\/deltaimage.de\/wp\/wp-content\/uploads\/PE5D2989_1200.jpg?fit=1200%2C450&ssl=1&resize=1050%2C600 3x"},"classes":[]},{"id":29312,"url":"https:\/\/deltaimage.de\/wp\/?p=29312","url_meta":{"origin":39524,"position":3},"title":"Die Stadtwerke F\u00fcrstenfeldbruck unterst\u00fctzen den Workshop &#8222;Architektur und Technik&#8220; von Paul Eschbach","author":"EschbacP","date":"17. Juli 2021","format":false,"excerpt":"Die Vorbereitungen laufen beim Veranstalter projekt natur & fotografie auf Hochtouren, die Aussteller bereiten die Materialien letztmalig vor und die Workshop Leiter stimmen die Workshopinhalte und den Ablauf mit allen Beteiligten ab. Ich stimme die Inhalte zu dem Workshop \"Architektur & Technik\" mit den Partnern im Umfeld des Klosters F\u00fcrstenfeldbruck\u2026","rel":"","context":"In &quot;Kameratechnik&quot;","block_context":{"text":"Kameratechnik","link":"https:\/\/deltaimage.de\/wp\/?cat=610"},"img":{"alt_text":"","src":"https:\/\/i0.wp.com\/deltaimage.de\/wp\/wp-content\/uploads\/PE1S0903_1200.jpg?fit=1200%2C450&ssl=1&resize=350%2C200","width":350,"height":200,"srcset":"https:\/\/i0.wp.com\/deltaimage.de\/wp\/wp-content\/uploads\/PE1S0903_1200.jpg?fit=1200%2C450&ssl=1&resize=350%2C200 1x, https:\/\/i0.wp.com\/deltaimage.de\/wp\/wp-content\/uploads\/PE1S0903_1200.jpg?fit=1200%2C450&ssl=1&resize=525%2C300 1.5x, https:\/\/i0.wp.com\/deltaimage.de\/wp\/wp-content\/uploads\/PE1S0903_1200.jpg?fit=1200%2C450&ssl=1&resize=700%2C400 2x, https:\/\/i0.wp.com\/deltaimage.de\/wp\/wp-content\/uploads\/PE1S0903_1200.jpg?fit=1200%2C450&ssl=1&resize=1050%2C600 3x"},"classes":[]},{"id":29547,"url":"https:\/\/deltaimage.de\/wp\/?p=29547","url_meta":{"origin":39524,"position":4},"title":"S\u00fcddeutsche Zeitung: Naturfototage F\u00fcrstenfeldbruck 2021","author":"EschbacP","date":"2. August 2021","format":false,"excerpt":"Die Naturfototage F\u00fcrstenfeldbruck sind die gr\u00f6\u00dfte Naturfotoveranstaltung in S\u00fcddeutschland und dieses Jahr durch Corona bedingt, vermutlich auch die gr\u00f6\u00dfte in ganz Deutschland. Es trifft sich in F\u00fcrstenfeldbruck bei M\u00fcnchen die Naturfotobranche mit den bekannten Spitzen-FotografInnen, der Fotoindustrie, Dienstleistern, Reiseveranstaltern, Buchverlagen, Workshops zur Naturfotografie - und eigentlich allem was dazu geh\u00f6rt.\u2026","rel":"","context":"In &quot;Dachauer Moos&quot;","block_context":{"text":"Dachauer Moos","link":"https:\/\/deltaimage.de\/wp\/?cat=2523"},"img":{"alt_text":"","src":"https:\/\/i0.wp.com\/deltaimage.de\/wp\/wp-content\/uploads\/SZ-Naturfototage_Bild_2021.jpg?fit=1200%2C803&ssl=1&resize=350%2C200","width":350,"height":200,"srcset":"https:\/\/i0.wp.com\/deltaimage.de\/wp\/wp-content\/uploads\/SZ-Naturfototage_Bild_2021.jpg?fit=1200%2C803&ssl=1&resize=350%2C200 1x, https:\/\/i0.wp.com\/deltaimage.de\/wp\/wp-content\/uploads\/SZ-Naturfototage_Bild_2021.jpg?fit=1200%2C803&ssl=1&resize=525%2C300 1.5x, https:\/\/i0.wp.com\/deltaimage.de\/wp\/wp-content\/uploads\/SZ-Naturfototage_Bild_2021.jpg?fit=1200%2C803&ssl=1&resize=700%2C400 2x, https:\/\/i0.wp.com\/deltaimage.de\/wp\/wp-content\/uploads\/SZ-Naturfototage_Bild_2021.jpg?fit=1200%2C803&ssl=1&resize=1050%2C600 3x"},"classes":[]},{"id":29585,"url":"https:\/\/deltaimage.de\/wp\/?p=29585","url_meta":{"origin":39524,"position":5},"title":"Naturfototage: Workshop Architektur und Technik &#8211; Motivbereich Wasserkrafttechnik im Museum","author":"EschbacP","date":"3. August 2021","format":false,"excerpt":"Im Veranstaltungsprogramm der F\u00fcrstenfeldbrucker Naturfototage waren wir mit einem ganz neuen Workshop \"Architektur und Technik\" mit Paul Eschbach vertreten und f\u00fchrten den ausverkauften Workshop mit allen TeilnehmerInnen in unmittelbarer N\u00e4he zum Forum F\u00fcrstenfeldbruck an die sch\u00f6nsten Fotopl\u00e4tze f\u00fcr Architektur und Technik. Die Umgebung des Forums kann hier wahrlich mit einmaligen\u2026","rel":"","context":"In &quot;Fotografie&quot;","block_context":{"text":"Fotografie","link":"https:\/\/deltaimage.de\/wp\/?cat=848"},"img":{"alt_text":"","src":"https:\/\/i0.wp.com\/deltaimage.de\/wp\/wp-content\/uploads\/PE5D1836_1200.jpg?fit=1200%2C450&ssl=1&resize=350%2C200","width":350,"height":200,"srcset":"https:\/\/i0.wp.com\/deltaimage.de\/wp\/wp-content\/uploads\/PE5D1836_1200.jpg?fit=1200%2C450&ssl=1&resize=350%2C200 1x, https:\/\/i0.wp.com\/deltaimage.de\/wp\/wp-content\/uploads\/PE5D1836_1200.jpg?fit=1200%2C450&ssl=1&resize=525%2C300 1.5x, https:\/\/i0.wp.com\/deltaimage.de\/wp\/wp-content\/uploads\/PE5D1836_1200.jpg?fit=1200%2C450&ssl=1&resize=700%2C400 2x, https:\/\/i0.wp.com\/deltaimage.de\/wp\/wp-content\/uploads\/PE5D1836_1200.jpg?fit=1200%2C450&ssl=1&resize=1050%2C600 3x"},"classes":[]}],"jetpack_sharing_enabled":true,"_links":{"self":[{"href":"https:\/\/deltaimage.de\/wp\/index.php?rest_route=\/wp\/v2\/posts\/39524","targetHints":{"allow":["GET"]}}],"collection":[{"href":"https:\/\/deltaimage.de\/wp\/index.php?rest_route=\/wp\/v2\/posts"}],"about":[{"href":"https:\/\/deltaimage.de\/wp\/index.php?rest_route=\/wp\/v2\/types\/post"}],"author":[{"embeddable":true,"href":"https:\/\/deltaimage.de\/wp\/index.php?rest_route=\/wp\/v2\/users\/1"}],"replies":[{"embeddable":true,"href":"https:\/\/deltaimage.de\/wp\/index.php?rest_route=%2Fwp%2Fv2%2Fcomments&post=39524"}],"version-history":[{"count":13,"href":"https:\/\/deltaimage.de\/wp\/index.php?rest_route=\/wp\/v2\/posts\/39524\/revisions"}],"predecessor-version":[{"id":51490,"href":"https:\/\/deltaimage.de\/wp\/index.php?rest_route=\/wp\/v2\/posts\/39524\/revisions\/51490"}],"wp:featuredmedia":[{"embeddable":true,"href":"https:\/\/deltaimage.de\/wp\/index.php?rest_route=\/wp\/v2\/media\/39525"}],"wp:attachment":[{"href":"https:\/\/deltaimage.de\/wp\/index.php?rest_route=%2Fwp%2Fv2%2Fmedia&parent=39524"}],"wp:term":[{"taxonomy":"category","embeddable":true,"href":"https:\/\/deltaimage.de\/wp\/index.php?rest_route=%2Fwp%2Fv2%2Fcategories&post=39524"},{"taxonomy":"post_tag","embeddable":true,"href":"https:\/\/deltaimage.de\/wp\/index.php?rest_route=%2Fwp%2Fv2%2Ftags&post=39524"}],"curies":[{"name":"wp","href":"https:\/\/api.w.org\/{rel}","templated":true}]}}