{"id":39737,"date":"2023-04-18T20:21:57","date_gmt":"2023-04-18T19:21:57","guid":{"rendered":"https:\/\/deltaimage.de\/wp\/?p=39737"},"modified":"2025-08-21T18:59:46","modified_gmt":"2025-08-21T16:59:46","slug":"workshop-naturfototage-natur-im-moor","status":"publish","type":"post","link":"https:\/\/deltaimage.de\/wp\/?p=39737","title":{"rendered":"Workshop Naturfototage: Natur im Moor"},"content":{"rendered":"<p><img data-recalc-dims=\"1\" loading=\"lazy\" decoding=\"async\" data-attachment-id=\"41951\" data-permalink=\"https:\/\/deltaimage.de\/wp\/?attachment_id=41951#main\" data-orig-file=\"https:\/\/i0.wp.com\/deltaimage.de\/wp\/wp-content\/uploads\/Glanzlichter_Fuerstenfeld.jpg?fit=248%2C172&amp;ssl=1\" data-orig-size=\"248,172\" data-comments-opened=\"1\" data-image-meta=\"{&quot;aperture&quot;:&quot;0&quot;,&quot;credit&quot;:&quot;Paul Eschbach&quot;,&quot;camera&quot;:&quot;&quot;,&quot;caption&quot;:&quot;&quot;,&quot;created_timestamp&quot;:&quot;1470174877&quot;,&quot;copyright&quot;:&quot;&quot;,&quot;focal_length&quot;:&quot;0&quot;,&quot;iso&quot;:&quot;0&quot;,&quot;shutter_speed&quot;:&quot;0&quot;,&quot;title&quot;:&quot;&quot;,&quot;orientation&quot;:&quot;0&quot;}\" data-image-title=\"Glanzlichter_F\u00fcrstenfeld\" data-image-description=\"\" data-image-caption=\"\" data-large-file=\"https:\/\/i0.wp.com\/deltaimage.de\/wp\/wp-content\/uploads\/Glanzlichter_Fuerstenfeld.jpg?fit=248%2C172&amp;ssl=1\" class=\"size-full wp-image-41951 alignright\" src=\"https:\/\/i0.wp.com\/deltaimage.de\/wp\/wp-content\/uploads\/Glanzlichter_Fuerstenfeld.jpg?resize=248%2C172&#038;ssl=1\" alt=\"\" width=\"248\" height=\"172\" \/>W\u00e4hrend der\u00a0<strong><a href=\"http:\/\/www.glanzlichter.com\/\">25. Naturfototage F\u00fcrstenfeldbruck<\/a><\/strong>\u00a0steht ein sehr umfangreiches Angebot an\u00a0<strong><a href=\"https:\/\/www.glanzlichter.com\/Seminare.cfm\">Workshops und Seminaren<\/a><\/strong> aller Art auf dem Veranstaltungsprogramm. Das Workshop-Programm beginnt nicht ohne Grund mit unserem Thema <strong>\u201e<a href=\"https:\/\/www.glanzlichter.com\/template\/index.cfm\/fuseaction\/executeMenuID\/uuidMenu\/9B43B1C1-98ED-FB95-FF503F24AE90C603\/lastuuid\/CABB95C0-155D-00B4-66A6CC6003FB81D7\">Natur im Moor<\/a>\u201c<\/strong>.<\/p>\n<blockquote>\n<pre>Der Anblick, bis zu 15 TeilnehmerInnen mit langen Teleobjektiven, \r\ngro\u00dfen Rucks\u00e4cken und wetterfesten Outdoor-Kleidung und eigener \r\nTagesverpflegung mit dabei - ziehen vom Forumsgel\u00e4nde F\u00fcrstenfeld \r\nhinaus ins Moor.<\/pre>\n<\/blockquote>\n<p>&nbsp;<\/p>\n<h2>\u201eNatur im Moor\u201c &#8211; wir stellen das Hochmoor und Niedermoor als Biotop und Naturfl\u00e4che f\u00fcr den Klimaschutz vor<\/h2>\n<p>Jedes Jahr besuchen inzwischen 100.000 BesucherInnen, meist FotografInnen, die Antarktis. Da geh\u00f6ren wir nicht hin, die sensible Natur muss am besten in Ruhe gelassen werden. Die wunderbare und sch\u00fctzenswerte Welt der Moore und Moose in Deutschland kennt dagegen noch kaum eine FotografIn.<\/p>\n<p>Wir stellen an diesem Workshop-Tag das Moor als Lebensraum, Biotop und enorm wichtigen Beitrag zum Klimaschutz in Deutschland vor. Die Moorgebiete pr\u00e4sentieren sich uns als eine enorme Vielfalt an Flora und Fauna. Wir beginnen mit einem Niedermoor f\u00fcr die FotografInnen, sie k\u00f6nnen sich auch an diesen Motivraum gew\u00f6hnen, um im Laufe des Tages immer besser zu werden. Gro\u00dfe Wasserfl\u00e4chen bieten f\u00fcr die Wasserv\u00f6gel einen besonderen Lebensraum, das sumpfige Moorgel\u00e4nde bewahrt die Wasserv\u00f6gel vor allen Raubtieren und auch dem Menschen &#8211; da geht niemand freiwillig hinein. Die V\u00f6gel wissen, dass uns sind wenig scheu gegen\u00fcber dem Menschen.<\/p>\n<p><img data-recalc-dims=\"1\" loading=\"lazy\" decoding=\"async\" data-attachment-id=\"39758\" data-permalink=\"https:\/\/deltaimage.de\/wp\/?attachment_id=39758#main\" data-orig-file=\"https:\/\/i0.wp.com\/deltaimage.de\/wp\/wp-content\/uploads\/PE5D5133_900.jpg?fit=890%2C593&amp;ssl=1\" data-orig-size=\"890,593\" data-comments-opened=\"0\" data-image-meta=\"{&quot;aperture&quot;:&quot;4.5&quot;,&quot;credit&quot;:&quot;Paul Eschbach&quot;,&quot;camera&quot;:&quot;Canon EOS 5DS R&quot;,&quot;caption&quot;:&quot;&quot;,&quot;created_timestamp&quot;:&quot;1681555063&quot;,&quot;copyright&quot;:&quot;DELTA IMAGE www.deltaimage.de&quot;,&quot;focal_length&quot;:&quot;180&quot;,&quot;iso&quot;:&quot;200&quot;,&quot;shutter_speed&quot;:&quot;0.003125&quot;,&quot;title&quot;:&quot;&quot;,&quot;orientation&quot;:&quot;0&quot;}\" data-image-title=\"PE5D5133_900\" data-image-description=\"\" data-image-caption=\"\" data-large-file=\"https:\/\/i0.wp.com\/deltaimage.de\/wp\/wp-content\/uploads\/PE5D5133_900.jpg?fit=890%2C593&amp;ssl=1\" class=\"aligncenter size-full wp-image-39758\" src=\"https:\/\/i0.wp.com\/deltaimage.de\/wp\/wp-content\/uploads\/PE5D5133_900.jpg?resize=890%2C593&#038;ssl=1\" alt=\"\" width=\"890\" height=\"593\" srcset=\"https:\/\/i0.wp.com\/deltaimage.de\/wp\/wp-content\/uploads\/PE5D5133_900.jpg?w=890&amp;ssl=1 890w, https:\/\/i0.wp.com\/deltaimage.de\/wp\/wp-content\/uploads\/PE5D5133_900.jpg?resize=300%2C200&amp;ssl=1 300w, https:\/\/i0.wp.com\/deltaimage.de\/wp\/wp-content\/uploads\/PE5D5133_900.jpg?resize=675%2C450&amp;ssl=1 675w, https:\/\/i0.wp.com\/deltaimage.de\/wp\/wp-content\/uploads\/PE5D5133_900.jpg?resize=600%2C400&amp;ssl=1 600w, https:\/\/i0.wp.com\/deltaimage.de\/wp\/wp-content\/uploads\/PE5D5133_900.jpg?resize=200%2C133&amp;ssl=1 200w\" sizes=\"auto, (max-width: 890px) 100vw, 890px\" \/><\/p>\n<p>Die jetzigen Moorfl\u00e4chen sind aus einem fr\u00fcheren Staatswald in Monokultur entstanden. Viele B\u00e4ume nebeneinander und viele B\u00e4ume hintereinander. Da hat alles Platz, aber nur (fast) kein Leben. Es kommt kaum Licht an, es ist Dunkel und keine spezifische Nahrung vorhanden. Diese W\u00e4lder sind extrem artenarm und sind biologisch nur bedingt wertvoll, au\u00dfer der Holzproduktion und dem CO2 Speicher. Dass es auch anders geht, zeigten die Bayerischen Staatsforsten und wandelten diese fr\u00fchere Monokultur in ein Moorgebiet um.<\/p>\n<p><!--more--><\/p>\n<p>Die in der Sonne ausbleichenden Baumst\u00e4mme liegen jetzt im Moor und zeugen noch von dem fr\u00fcheren Sein hier im Moor. Der fotografische Kontrast aus der Moorvegetation und den absterbenden und ausgebleichten Baumst\u00e4mmen ist ganz besonders reizvoll.<\/p>\n<p>&nbsp;<\/p>\n<h2>Die TeilnehmerInnen fotografieren unabl\u00e4ssig<\/h2>\n<p>Jetzt m\u00f6chte keine TeilnehmerIn irgendetwas von uns Workshop-Leitern wissen, nur die Natur im Sucher erleben k\u00f6nnen. Jede TeilnehmerIn hat eine ganz eigene Fototechnik und sucht sich andere Motive aus &#8211; das ist auch gut so und gewollt.<\/p>\n<p><img data-recalc-dims=\"1\" loading=\"lazy\" decoding=\"async\" data-attachment-id=\"39757\" data-permalink=\"https:\/\/deltaimage.de\/wp\/?attachment_id=39757#main\" data-orig-file=\"https:\/\/i0.wp.com\/deltaimage.de\/wp\/wp-content\/uploads\/PE5D5145_900.jpg?fit=890%2C593&amp;ssl=1\" data-orig-size=\"890,593\" data-comments-opened=\"0\" data-image-meta=\"{&quot;aperture&quot;:&quot;4.5&quot;,&quot;credit&quot;:&quot;Paul Eschbach&quot;,&quot;camera&quot;:&quot;Canon EOS 5DS R&quot;,&quot;caption&quot;:&quot;&quot;,&quot;created_timestamp&quot;:&quot;1681555725&quot;,&quot;copyright&quot;:&quot;DELTA IMAGE www.deltaimage.de&quot;,&quot;focal_length&quot;:&quot;180&quot;,&quot;iso&quot;:&quot;200&quot;,&quot;shutter_speed&quot;:&quot;0.005&quot;,&quot;title&quot;:&quot;&quot;,&quot;orientation&quot;:&quot;0&quot;}\" data-image-title=\"PE5D5145_900\" data-image-description=\"\" data-image-caption=\"\" data-large-file=\"https:\/\/i0.wp.com\/deltaimage.de\/wp\/wp-content\/uploads\/PE5D5145_900.jpg?fit=890%2C593&amp;ssl=1\" class=\"aligncenter size-medium wp-image-39757\" src=\"https:\/\/i0.wp.com\/deltaimage.de\/wp\/wp-content\/uploads\/PE5D5145_900.jpg?resize=890%2C593&#038;ssl=1\" alt=\"\" width=\"890\" height=\"593\" srcset=\"https:\/\/i0.wp.com\/deltaimage.de\/wp\/wp-content\/uploads\/PE5D5145_900.jpg?w=890&amp;ssl=1 890w, https:\/\/i0.wp.com\/deltaimage.de\/wp\/wp-content\/uploads\/PE5D5145_900.jpg?resize=300%2C200&amp;ssl=1 300w, https:\/\/i0.wp.com\/deltaimage.de\/wp\/wp-content\/uploads\/PE5D5145_900.jpg?resize=675%2C450&amp;ssl=1 675w, https:\/\/i0.wp.com\/deltaimage.de\/wp\/wp-content\/uploads\/PE5D5145_900.jpg?resize=600%2C400&amp;ssl=1 600w, https:\/\/i0.wp.com\/deltaimage.de\/wp\/wp-content\/uploads\/PE5D5145_900.jpg?resize=200%2C133&amp;ssl=1 200w\" sizes=\"auto, (max-width: 890px) 100vw, 890px\" \/><\/p>\n<p>Auf dem breiten Zentralweg kann niemand aus, links und rechts beginnt gleich das sumpfige Moor. Dort wo der Weg zu Ende ist, beginnt die Reichweite der langen Spezialobjektive, um die nicht zu st\u00f6ren und trotzdem zu sch\u00f6nen Bildern zu kommen.<\/p>\n<p><img data-recalc-dims=\"1\" loading=\"lazy\" decoding=\"async\" data-attachment-id=\"39754\" data-permalink=\"https:\/\/deltaimage.de\/wp\/?attachment_id=39754#main\" data-orig-file=\"https:\/\/i0.wp.com\/deltaimage.de\/wp\/wp-content\/uploads\/PE5D5242_900.jpg?fit=890%2C593&amp;ssl=1\" data-orig-size=\"890,593\" data-comments-opened=\"0\" data-image-meta=\"{&quot;aperture&quot;:&quot;5.6&quot;,&quot;credit&quot;:&quot;Paul Eschbach&quot;,&quot;camera&quot;:&quot;Canon EOS 5DS R&quot;,&quot;caption&quot;:&quot;&quot;,&quot;created_timestamp&quot;:&quot;1681558308&quot;,&quot;copyright&quot;:&quot;DELTA IMAGE www.deltaimage.de&quot;,&quot;focal_length&quot;:&quot;180&quot;,&quot;iso&quot;:&quot;400&quot;,&quot;shutter_speed&quot;:&quot;0.004&quot;,&quot;title&quot;:&quot;&quot;,&quot;orientation&quot;:&quot;0&quot;}\" data-image-title=\"PE5D5242_900\" data-image-description=\"\" data-image-caption=\"\" data-large-file=\"https:\/\/i0.wp.com\/deltaimage.de\/wp\/wp-content\/uploads\/PE5D5242_900.jpg?fit=890%2C593&amp;ssl=1\" class=\"aligncenter size-medium wp-image-39754\" src=\"https:\/\/i0.wp.com\/deltaimage.de\/wp\/wp-content\/uploads\/PE5D5242_900.jpg?resize=890%2C593&#038;ssl=1\" alt=\"\" width=\"890\" height=\"593\" srcset=\"https:\/\/i0.wp.com\/deltaimage.de\/wp\/wp-content\/uploads\/PE5D5242_900.jpg?w=890&amp;ssl=1 890w, https:\/\/i0.wp.com\/deltaimage.de\/wp\/wp-content\/uploads\/PE5D5242_900.jpg?resize=300%2C200&amp;ssl=1 300w, https:\/\/i0.wp.com\/deltaimage.de\/wp\/wp-content\/uploads\/PE5D5242_900.jpg?resize=675%2C450&amp;ssl=1 675w, https:\/\/i0.wp.com\/deltaimage.de\/wp\/wp-content\/uploads\/PE5D5242_900.jpg?resize=600%2C400&amp;ssl=1 600w, https:\/\/i0.wp.com\/deltaimage.de\/wp\/wp-content\/uploads\/PE5D5242_900.jpg?resize=200%2C133&amp;ssl=1 200w\" sizes=\"auto, (max-width: 890px) 100vw, 890px\" \/><\/p>\n<p>&nbsp;<\/p>\n<h2>Die sch\u00f6nen Fr\u00fchlingsmotive liegen oft erreichbar vor uns<\/h2>\n<p>Die Weidenk\u00e4tzchen sind inzwischen gesch\u00fctzt und d\u00fcrfen auch im eigenen Garten nicht mehr geschnitten werden (bis zu 3.000 \u20ac Strafe). Fotografisch d\u00fcrfen wir uns an den gerade frisch bl\u00fchenden Weidenk\u00e4tzchen erfreuen und mit nach Hause nehmen.<\/p>\n<p><img data-recalc-dims=\"1\" loading=\"lazy\" decoding=\"async\" data-attachment-id=\"39756\" data-permalink=\"https:\/\/deltaimage.de\/wp\/?attachment_id=39756#main\" data-orig-file=\"https:\/\/i0.wp.com\/deltaimage.de\/wp\/wp-content\/uploads\/PE5D5152_900.jpg?fit=890%2C593&amp;ssl=1\" data-orig-size=\"890,593\" data-comments-opened=\"0\" data-image-meta=\"{&quot;aperture&quot;:&quot;7.1&quot;,&quot;credit&quot;:&quot;Paul Eschbach&quot;,&quot;camera&quot;:&quot;Canon EOS 5DS R&quot;,&quot;caption&quot;:&quot;&quot;,&quot;created_timestamp&quot;:&quot;1681556001&quot;,&quot;copyright&quot;:&quot;DELTA IMAGE www.deltaimage.de&quot;,&quot;focal_length&quot;:&quot;180&quot;,&quot;iso&quot;:&quot;200&quot;,&quot;shutter_speed&quot;:&quot;0.00625&quot;,&quot;title&quot;:&quot;&quot;,&quot;orientation&quot;:&quot;0&quot;}\" data-image-title=\"PE5D5152_900\" data-image-description=\"\" data-image-caption=\"\" data-large-file=\"https:\/\/i0.wp.com\/deltaimage.de\/wp\/wp-content\/uploads\/PE5D5152_900.jpg?fit=890%2C593&amp;ssl=1\" class=\"aligncenter size-medium wp-image-39756\" src=\"https:\/\/i0.wp.com\/deltaimage.de\/wp\/wp-content\/uploads\/PE5D5152_900.jpg?resize=890%2C593&#038;ssl=1\" alt=\"\" width=\"890\" height=\"593\" srcset=\"https:\/\/i0.wp.com\/deltaimage.de\/wp\/wp-content\/uploads\/PE5D5152_900.jpg?w=890&amp;ssl=1 890w, https:\/\/i0.wp.com\/deltaimage.de\/wp\/wp-content\/uploads\/PE5D5152_900.jpg?resize=300%2C200&amp;ssl=1 300w, https:\/\/i0.wp.com\/deltaimage.de\/wp\/wp-content\/uploads\/PE5D5152_900.jpg?resize=675%2C450&amp;ssl=1 675w, https:\/\/i0.wp.com\/deltaimage.de\/wp\/wp-content\/uploads\/PE5D5152_900.jpg?resize=600%2C400&amp;ssl=1 600w, https:\/\/i0.wp.com\/deltaimage.de\/wp\/wp-content\/uploads\/PE5D5152_900.jpg?resize=200%2C133&amp;ssl=1 200w\" sizes=\"auto, (max-width: 890px) 100vw, 890px\" \/><\/p>\n<p>Zu einem Weidenk\u00e4tzchen geh\u00f6rt fast untrennbar auch die Honigbienen oder die Hummel &#8211; Na Bitte!<\/p>\n<p><img data-recalc-dims=\"1\" loading=\"lazy\" decoding=\"async\" data-attachment-id=\"39761\" data-permalink=\"https:\/\/deltaimage.de\/wp\/?attachment_id=39761#main\" data-orig-file=\"https:\/\/i0.wp.com\/deltaimage.de\/wp\/wp-content\/uploads\/PE5D5188_900.jpg?fit=890%2C593&amp;ssl=1\" data-orig-size=\"890,593\" data-comments-opened=\"0\" data-image-meta=\"{&quot;aperture&quot;:&quot;6.3&quot;,&quot;credit&quot;:&quot;Paul Eschbach&quot;,&quot;camera&quot;:&quot;Canon EOS 5DS R&quot;,&quot;caption&quot;:&quot;&quot;,&quot;created_timestamp&quot;:&quot;1681556331&quot;,&quot;copyright&quot;:&quot;DELTA IMAGE www.deltaimage.de&quot;,&quot;focal_length&quot;:&quot;180&quot;,&quot;iso&quot;:&quot;800&quot;,&quot;shutter_speed&quot;:&quot;0.004&quot;,&quot;title&quot;:&quot;&quot;,&quot;orientation&quot;:&quot;0&quot;}\" data-image-title=\"PE5D5188_900\" data-image-description=\"\" data-image-caption=\"\" data-large-file=\"https:\/\/i0.wp.com\/deltaimage.de\/wp\/wp-content\/uploads\/PE5D5188_900.jpg?fit=890%2C593&amp;ssl=1\" class=\"aligncenter size-full wp-image-39761\" src=\"https:\/\/i0.wp.com\/deltaimage.de\/wp\/wp-content\/uploads\/PE5D5188_900.jpg?resize=890%2C593&#038;ssl=1\" alt=\"\" width=\"890\" height=\"593\" srcset=\"https:\/\/i0.wp.com\/deltaimage.de\/wp\/wp-content\/uploads\/PE5D5188_900.jpg?w=890&amp;ssl=1 890w, https:\/\/i0.wp.com\/deltaimage.de\/wp\/wp-content\/uploads\/PE5D5188_900.jpg?resize=300%2C200&amp;ssl=1 300w, https:\/\/i0.wp.com\/deltaimage.de\/wp\/wp-content\/uploads\/PE5D5188_900.jpg?resize=675%2C450&amp;ssl=1 675w, https:\/\/i0.wp.com\/deltaimage.de\/wp\/wp-content\/uploads\/PE5D5188_900.jpg?resize=600%2C400&amp;ssl=1 600w, https:\/\/i0.wp.com\/deltaimage.de\/wp\/wp-content\/uploads\/PE5D5188_900.jpg?resize=200%2C133&amp;ssl=1 200w\" sizes=\"auto, (max-width: 890px) 100vw, 890px\" \/><\/p>\n<p>Ein Makroobjektiv, und schon kann die FotografIn mit viel Geduld und Ausdauer den fliegenden Freund im Bild festhalten.\u00a0Obwohl wir als Gruppe schon von den Tieren bemerkt werden, kommen Sie von selbst sehr nahe, da das Wasser Sicherheit garantieren kann.<\/p>\n<p><img data-recalc-dims=\"1\" loading=\"lazy\" decoding=\"async\" data-attachment-id=\"39755\" data-permalink=\"https:\/\/deltaimage.de\/wp\/?attachment_id=39755#main\" data-orig-file=\"https:\/\/i0.wp.com\/deltaimage.de\/wp\/wp-content\/uploads\/PE5D5225_900.jpg?fit=890%2C593&amp;ssl=1\" data-orig-size=\"890,593\" data-comments-opened=\"0\" data-image-meta=\"{&quot;aperture&quot;:&quot;5.6&quot;,&quot;credit&quot;:&quot;Paul Eschbach&quot;,&quot;camera&quot;:&quot;Canon EOS 5DS R&quot;,&quot;caption&quot;:&quot;&quot;,&quot;created_timestamp&quot;:&quot;1681557528&quot;,&quot;copyright&quot;:&quot;DELTA IMAGE www.deltaimage.de&quot;,&quot;focal_length&quot;:&quot;180&quot;,&quot;iso&quot;:&quot;400&quot;,&quot;shutter_speed&quot;:&quot;0.003125&quot;,&quot;title&quot;:&quot;&quot;,&quot;orientation&quot;:&quot;0&quot;}\" data-image-title=\"PE5D5225_900\" data-image-description=\"\" data-image-caption=\"\" data-large-file=\"https:\/\/i0.wp.com\/deltaimage.de\/wp\/wp-content\/uploads\/PE5D5225_900.jpg?fit=890%2C593&amp;ssl=1\" class=\"aligncenter size-medium wp-image-39755\" src=\"https:\/\/i0.wp.com\/deltaimage.de\/wp\/wp-content\/uploads\/PE5D5225_900.jpg?resize=890%2C593&#038;ssl=1\" alt=\"\" width=\"890\" height=\"593\" srcset=\"https:\/\/i0.wp.com\/deltaimage.de\/wp\/wp-content\/uploads\/PE5D5225_900.jpg?w=890&amp;ssl=1 890w, https:\/\/i0.wp.com\/deltaimage.de\/wp\/wp-content\/uploads\/PE5D5225_900.jpg?resize=300%2C200&amp;ssl=1 300w, https:\/\/i0.wp.com\/deltaimage.de\/wp\/wp-content\/uploads\/PE5D5225_900.jpg?resize=675%2C450&amp;ssl=1 675w, https:\/\/i0.wp.com\/deltaimage.de\/wp\/wp-content\/uploads\/PE5D5225_900.jpg?resize=600%2C400&amp;ssl=1 600w, https:\/\/i0.wp.com\/deltaimage.de\/wp\/wp-content\/uploads\/PE5D5225_900.jpg?resize=200%2C133&amp;ssl=1 200w\" sizes=\"auto, (max-width: 890px) 100vw, 890px\" \/><\/p>\n<p>Der kleine Trauerschn\u00e4pper kommt bis auf 3 Meter nahe und nutzt den Busch auch zum Singen. Eine gute Gelegenheit eines Bildes &#8211; er muss sich nur noch kurz zu mir umdrehen. Bingo.<\/p>\n<p>&nbsp;<\/p>\n<h2>Workshop-TeilnehmerInnen erwandern sich die Moorlandschaft und lernen die Natur kennen<\/h2>\n<p>Die TeilnehmerInnen kommen mit ordentlich Equipment hier in den Wald und erschlie\u00dfen sich fotografisch diese unterschiedlichen Naturlandschaften zu Fu\u00df und erm\u00f6glichen so auch immer andere Fototechniken und Fotomotive. Der Workshop bietet sehr viel Abwechslung in der Fotografie, sodass f\u00fcr jede TeilnehmerIn etwas Passendes mit dabei ist.<\/p>\n<p><img data-recalc-dims=\"1\" loading=\"lazy\" decoding=\"async\" data-attachment-id=\"39750\" data-permalink=\"https:\/\/deltaimage.de\/wp\/?attachment_id=39750#main\" data-orig-file=\"https:\/\/i0.wp.com\/deltaimage.de\/wp\/wp-content\/uploads\/PE5D5254_900.jpg?fit=890%2C593&amp;ssl=1\" data-orig-size=\"890,593\" data-comments-opened=\"0\" data-image-meta=\"{&quot;aperture&quot;:&quot;5.6&quot;,&quot;credit&quot;:&quot;Paul Eschbach&quot;,&quot;camera&quot;:&quot;Canon EOS 5DS R&quot;,&quot;caption&quot;:&quot;&quot;,&quot;created_timestamp&quot;:&quot;1681559276&quot;,&quot;copyright&quot;:&quot;DELTA IMAGE www.deltaimage.de&quot;,&quot;focal_length&quot;:&quot;180&quot;,&quot;iso&quot;:&quot;400&quot;,&quot;shutter_speed&quot;:&quot;0.0025&quot;,&quot;title&quot;:&quot;&quot;,&quot;orientation&quot;:&quot;0&quot;}\" data-image-title=\"PE5D5254_900\" data-image-description=\"\" data-image-caption=\"\" data-large-file=\"https:\/\/i0.wp.com\/deltaimage.de\/wp\/wp-content\/uploads\/PE5D5254_900.jpg?fit=890%2C593&amp;ssl=1\" class=\"aligncenter size-medium wp-image-39750\" src=\"https:\/\/i0.wp.com\/deltaimage.de\/wp\/wp-content\/uploads\/PE5D5254_900.jpg?resize=890%2C593&#038;ssl=1\" alt=\"\" width=\"890\" height=\"593\" srcset=\"https:\/\/i0.wp.com\/deltaimage.de\/wp\/wp-content\/uploads\/PE5D5254_900.jpg?w=890&amp;ssl=1 890w, https:\/\/i0.wp.com\/deltaimage.de\/wp\/wp-content\/uploads\/PE5D5254_900.jpg?resize=300%2C200&amp;ssl=1 300w, https:\/\/i0.wp.com\/deltaimage.de\/wp\/wp-content\/uploads\/PE5D5254_900.jpg?resize=675%2C450&amp;ssl=1 675w, https:\/\/i0.wp.com\/deltaimage.de\/wp\/wp-content\/uploads\/PE5D5254_900.jpg?resize=600%2C400&amp;ssl=1 600w, https:\/\/i0.wp.com\/deltaimage.de\/wp\/wp-content\/uploads\/PE5D5254_900.jpg?resize=200%2C133&amp;ssl=1 200w\" sizes=\"auto, (max-width: 890px) 100vw, 890px\" \/><\/p>\n<p>&nbsp;<\/p>\n<h2>Sch\u00f6ne Makromotive direkt am Wegesrand<\/h2>\n<p>Wir m\u00fcssen uns als FotografInnen manchmal nur einfach b\u00fccken, und schon sind wir in der Reichweite der sch\u00f6nsten Motive des Tages.<\/p>\n<p><img data-recalc-dims=\"1\" loading=\"lazy\" decoding=\"async\" data-attachment-id=\"39747\" data-permalink=\"https:\/\/deltaimage.de\/wp\/?attachment_id=39747#main\" data-orig-file=\"https:\/\/i0.wp.com\/deltaimage.de\/wp\/wp-content\/uploads\/PE5D5264_900.jpg?fit=890%2C593&amp;ssl=1\" data-orig-size=\"890,593\" data-comments-opened=\"0\" data-image-meta=\"{&quot;aperture&quot;:&quot;5.6&quot;,&quot;credit&quot;:&quot;Paul Eschbach&quot;,&quot;camera&quot;:&quot;Canon EOS 5DS R&quot;,&quot;caption&quot;:&quot;&quot;,&quot;created_timestamp&quot;:&quot;1681560112&quot;,&quot;copyright&quot;:&quot;DELTA IMAGE www.deltaimage.de&quot;,&quot;focal_length&quot;:&quot;180&quot;,&quot;iso&quot;:&quot;400&quot;,&quot;shutter_speed&quot;:&quot;0.005&quot;,&quot;title&quot;:&quot;&quot;,&quot;orientation&quot;:&quot;0&quot;}\" data-image-title=\"PE5D5264_900\" data-image-description=\"\" data-image-caption=\"\" data-large-file=\"https:\/\/i0.wp.com\/deltaimage.de\/wp\/wp-content\/uploads\/PE5D5264_900.jpg?fit=890%2C593&amp;ssl=1\" class=\"aligncenter size-medium wp-image-39747\" src=\"https:\/\/i0.wp.com\/deltaimage.de\/wp\/wp-content\/uploads\/PE5D5264_900.jpg?resize=890%2C593&#038;ssl=1\" alt=\"\" width=\"890\" height=\"593\" srcset=\"https:\/\/i0.wp.com\/deltaimage.de\/wp\/wp-content\/uploads\/PE5D5264_900.jpg?w=890&amp;ssl=1 890w, https:\/\/i0.wp.com\/deltaimage.de\/wp\/wp-content\/uploads\/PE5D5264_900.jpg?resize=300%2C200&amp;ssl=1 300w, https:\/\/i0.wp.com\/deltaimage.de\/wp\/wp-content\/uploads\/PE5D5264_900.jpg?resize=675%2C450&amp;ssl=1 675w, https:\/\/i0.wp.com\/deltaimage.de\/wp\/wp-content\/uploads\/PE5D5264_900.jpg?resize=600%2C400&amp;ssl=1 600w, https:\/\/i0.wp.com\/deltaimage.de\/wp\/wp-content\/uploads\/PE5D5264_900.jpg?resize=200%2C133&amp;ssl=1 200w\" sizes=\"auto, (max-width: 890px) 100vw, 890px\" \/><\/p>\n<p>Im Moor gibt es viel Feuchtigkeit am Boden und in der Luft, besonders wenn es die letzten Tage immer wieder geregnet hatte. Wie zeigen wir die N\u00e4sse des Moors in ausdrucksvollen Bildern &#8211; hier ein Beispiel mit einem 180 mm Makroobjektiv!<\/p>\n<p><img data-recalc-dims=\"1\" loading=\"lazy\" decoding=\"async\" data-attachment-id=\"39746\" data-permalink=\"https:\/\/deltaimage.de\/wp\/?attachment_id=39746#main\" data-orig-file=\"https:\/\/i0.wp.com\/deltaimage.de\/wp\/wp-content\/uploads\/PE5D5262_900.jpg?fit=890%2C593&amp;ssl=1\" data-orig-size=\"890,593\" data-comments-opened=\"0\" data-image-meta=\"{&quot;aperture&quot;:&quot;5.6&quot;,&quot;credit&quot;:&quot;Paul Eschbach&quot;,&quot;camera&quot;:&quot;Canon EOS 5DS R&quot;,&quot;caption&quot;:&quot;&quot;,&quot;created_timestamp&quot;:&quot;1681560094&quot;,&quot;copyright&quot;:&quot;DELTA IMAGE www.deltaimage.de&quot;,&quot;focal_length&quot;:&quot;180&quot;,&quot;iso&quot;:&quot;400&quot;,&quot;shutter_speed&quot;:&quot;0.004&quot;,&quot;title&quot;:&quot;&quot;,&quot;orientation&quot;:&quot;0&quot;}\" data-image-title=\"PE5D5262_900\" data-image-description=\"\" data-image-caption=\"\" data-large-file=\"https:\/\/i0.wp.com\/deltaimage.de\/wp\/wp-content\/uploads\/PE5D5262_900.jpg?fit=890%2C593&amp;ssl=1\" class=\"aligncenter size-medium wp-image-39746\" src=\"https:\/\/i0.wp.com\/deltaimage.de\/wp\/wp-content\/uploads\/PE5D5262_900.jpg?resize=890%2C593&#038;ssl=1\" alt=\"\" width=\"890\" height=\"593\" srcset=\"https:\/\/i0.wp.com\/deltaimage.de\/wp\/wp-content\/uploads\/PE5D5262_900.jpg?w=890&amp;ssl=1 890w, https:\/\/i0.wp.com\/deltaimage.de\/wp\/wp-content\/uploads\/PE5D5262_900.jpg?resize=300%2C200&amp;ssl=1 300w, https:\/\/i0.wp.com\/deltaimage.de\/wp\/wp-content\/uploads\/PE5D5262_900.jpg?resize=675%2C450&amp;ssl=1 675w, https:\/\/i0.wp.com\/deltaimage.de\/wp\/wp-content\/uploads\/PE5D5262_900.jpg?resize=600%2C400&amp;ssl=1 600w, https:\/\/i0.wp.com\/deltaimage.de\/wp\/wp-content\/uploads\/PE5D5262_900.jpg?resize=200%2C133&amp;ssl=1 200w\" sizes=\"auto, (max-width: 890px) 100vw, 890px\" \/><\/p>\n<blockquote>\n<pre>Ganz einfach!<\/pre>\n<\/blockquote>\n<p>Das Hochmoor offenbart noch ganz andere Motive im Kontext von N\u00e4sse, Feuchtigkeit und dem Kreislauf das Werden und Sterbens im Moor.<\/p>\n<p><img data-recalc-dims=\"1\" loading=\"lazy\" decoding=\"async\" data-attachment-id=\"39745\" data-permalink=\"https:\/\/deltaimage.de\/wp\/?attachment_id=39745#main\" data-orig-file=\"https:\/\/i0.wp.com\/deltaimage.de\/wp\/wp-content\/uploads\/PE5D5272_900.jpg?fit=890%2C593&amp;ssl=1\" data-orig-size=\"890,593\" data-comments-opened=\"0\" data-image-meta=\"{&quot;aperture&quot;:&quot;5.6&quot;,&quot;credit&quot;:&quot;Paul Eschbach&quot;,&quot;camera&quot;:&quot;Canon EOS 5DS R&quot;,&quot;caption&quot;:&quot;&quot;,&quot;created_timestamp&quot;:&quot;1681565701&quot;,&quot;copyright&quot;:&quot;DELTA IMAGE www.deltaimage.de&quot;,&quot;focal_length&quot;:&quot;180&quot;,&quot;iso&quot;:&quot;800&quot;,&quot;shutter_speed&quot;:&quot;0.066666666666667&quot;,&quot;title&quot;:&quot;&quot;,&quot;orientation&quot;:&quot;0&quot;}\" data-image-title=\"PE5D5272_900\" data-image-description=\"\" data-image-caption=\"\" data-large-file=\"https:\/\/i0.wp.com\/deltaimage.de\/wp\/wp-content\/uploads\/PE5D5272_900.jpg?fit=890%2C593&amp;ssl=1\" class=\"aligncenter size-medium wp-image-39745\" src=\"https:\/\/i0.wp.com\/deltaimage.de\/wp\/wp-content\/uploads\/PE5D5272_900.jpg?resize=890%2C593&#038;ssl=1\" alt=\"\" width=\"890\" height=\"593\" srcset=\"https:\/\/i0.wp.com\/deltaimage.de\/wp\/wp-content\/uploads\/PE5D5272_900.jpg?w=890&amp;ssl=1 890w, https:\/\/i0.wp.com\/deltaimage.de\/wp\/wp-content\/uploads\/PE5D5272_900.jpg?resize=300%2C200&amp;ssl=1 300w, https:\/\/i0.wp.com\/deltaimage.de\/wp\/wp-content\/uploads\/PE5D5272_900.jpg?resize=675%2C450&amp;ssl=1 675w, https:\/\/i0.wp.com\/deltaimage.de\/wp\/wp-content\/uploads\/PE5D5272_900.jpg?resize=600%2C400&amp;ssl=1 600w, https:\/\/i0.wp.com\/deltaimage.de\/wp\/wp-content\/uploads\/PE5D5272_900.jpg?resize=200%2C133&amp;ssl=1 200w\" sizes=\"auto, (max-width: 890px) 100vw, 890px\" \/><\/p>\n<p>Die Farbe Gr\u00fcn, nach einem kurzen Gewitterschauer \u00fcber dem <strong>Hochmoor<\/strong> &#8211; pl\u00f6tzlich sind die Moose im <strong>Hochmoor<\/strong> wieder kr\u00e4ftig in der Farbe Gr\u00fcn.<\/p>\n<p><img data-recalc-dims=\"1\" loading=\"lazy\" decoding=\"async\" data-attachment-id=\"39744\" data-permalink=\"https:\/\/deltaimage.de\/wp\/?attachment_id=39744#main\" data-orig-file=\"https:\/\/i0.wp.com\/deltaimage.de\/wp\/wp-content\/uploads\/PE5D5275_900.jpg?fit=890%2C593&amp;ssl=1\" data-orig-size=\"890,593\" data-comments-opened=\"0\" data-image-meta=\"{&quot;aperture&quot;:&quot;5.6&quot;,&quot;credit&quot;:&quot;Paul Eschbach&quot;,&quot;camera&quot;:&quot;Canon EOS 5DS R&quot;,&quot;caption&quot;:&quot;&quot;,&quot;created_timestamp&quot;:&quot;1681565935&quot;,&quot;copyright&quot;:&quot;DELTA IMAGE www.deltaimage.de&quot;,&quot;focal_length&quot;:&quot;180&quot;,&quot;iso&quot;:&quot;800&quot;,&quot;shutter_speed&quot;:&quot;0.02&quot;,&quot;title&quot;:&quot;&quot;,&quot;orientation&quot;:&quot;0&quot;}\" data-image-title=\"PE5D5275_900\" data-image-description=\"\" data-image-caption=\"\" data-large-file=\"https:\/\/i0.wp.com\/deltaimage.de\/wp\/wp-content\/uploads\/PE5D5275_900.jpg?fit=890%2C593&amp;ssl=1\" class=\"aligncenter size-medium wp-image-39744\" src=\"https:\/\/i0.wp.com\/deltaimage.de\/wp\/wp-content\/uploads\/PE5D5275_900.jpg?resize=890%2C593&#038;ssl=1\" alt=\"\" width=\"890\" height=\"593\" srcset=\"https:\/\/i0.wp.com\/deltaimage.de\/wp\/wp-content\/uploads\/PE5D5275_900.jpg?w=890&amp;ssl=1 890w, https:\/\/i0.wp.com\/deltaimage.de\/wp\/wp-content\/uploads\/PE5D5275_900.jpg?resize=300%2C200&amp;ssl=1 300w, https:\/\/i0.wp.com\/deltaimage.de\/wp\/wp-content\/uploads\/PE5D5275_900.jpg?resize=675%2C450&amp;ssl=1 675w, https:\/\/i0.wp.com\/deltaimage.de\/wp\/wp-content\/uploads\/PE5D5275_900.jpg?resize=600%2C400&amp;ssl=1 600w, https:\/\/i0.wp.com\/deltaimage.de\/wp\/wp-content\/uploads\/PE5D5275_900.jpg?resize=200%2C133&amp;ssl=1 200w\" sizes=\"auto, (max-width: 890px) 100vw, 890px\" \/><\/p>\n<p>&nbsp;<\/p>\n<h2>Wenn das Moor mit dem Fotografen zu einer Symbiose wird<\/h2>\n<p>In diesem Bild scheint das Hochmoor mit dem ausdrucksstarken Fotografen aus der Schweiz schon fast zu einer Einheit zu verschmelzen, als ob er hier hingeh\u00f6rt. Langer grauer Bart und Haare, einen Filzhut und Sandalen (sic!) &#8211; nat\u00fcrlich kam er nach F\u00fcrstenfeldbruck mit dem Fahrrad angereist.<\/p>\n<p><img data-recalc-dims=\"1\" loading=\"lazy\" decoding=\"async\" data-attachment-id=\"39743\" data-permalink=\"https:\/\/deltaimage.de\/wp\/?attachment_id=39743#main\" data-orig-file=\"https:\/\/i0.wp.com\/deltaimage.de\/wp\/wp-content\/uploads\/PE5D5282_900.jpg?fit=890%2C593&amp;ssl=1\" data-orig-size=\"890,593\" data-comments-opened=\"0\" data-image-meta=\"{&quot;aperture&quot;:&quot;5.6&quot;,&quot;credit&quot;:&quot;Paul Eschbach&quot;,&quot;camera&quot;:&quot;Canon EOS 5DS R&quot;,&quot;caption&quot;:&quot;&quot;,&quot;created_timestamp&quot;:&quot;1681569124&quot;,&quot;copyright&quot;:&quot;DELTA IMAGE www.deltaimage.de&quot;,&quot;focal_length&quot;:&quot;180&quot;,&quot;iso&quot;:&quot;800&quot;,&quot;shutter_speed&quot;:&quot;0.003125&quot;,&quot;title&quot;:&quot;&quot;,&quot;orientation&quot;:&quot;0&quot;}\" data-image-title=\"PE5D5282_900\" data-image-description=\"\" data-image-caption=\"\" data-large-file=\"https:\/\/i0.wp.com\/deltaimage.de\/wp\/wp-content\/uploads\/PE5D5282_900.jpg?fit=890%2C593&amp;ssl=1\" class=\"aligncenter size-medium wp-image-39743\" src=\"https:\/\/i0.wp.com\/deltaimage.de\/wp\/wp-content\/uploads\/PE5D5282_900.jpg?resize=890%2C593&#038;ssl=1\" alt=\"\" width=\"890\" height=\"593\" srcset=\"https:\/\/i0.wp.com\/deltaimage.de\/wp\/wp-content\/uploads\/PE5D5282_900.jpg?w=890&amp;ssl=1 890w, https:\/\/i0.wp.com\/deltaimage.de\/wp\/wp-content\/uploads\/PE5D5282_900.jpg?resize=300%2C200&amp;ssl=1 300w, https:\/\/i0.wp.com\/deltaimage.de\/wp\/wp-content\/uploads\/PE5D5282_900.jpg?resize=675%2C450&amp;ssl=1 675w, https:\/\/i0.wp.com\/deltaimage.de\/wp\/wp-content\/uploads\/PE5D5282_900.jpg?resize=600%2C400&amp;ssl=1 600w, https:\/\/i0.wp.com\/deltaimage.de\/wp\/wp-content\/uploads\/PE5D5282_900.jpg?resize=200%2C133&amp;ssl=1 200w\" sizes=\"auto, (max-width: 890px) 100vw, 890px\" \/><\/p>\n","protected":false},"excerpt":{"rendered":"<p>W\u00e4hrend der\u00a025. Naturfototage F\u00fcrstenfeldbruck\u00a0steht ein sehr umfangreiches Angebot an\u00a0Workshops und Seminaren aller Art auf dem Veranstaltungsprogramm. Das Workshop-Programm beginnt nicht ohne Grund mit unserem Thema \u201eNatur im Moor\u201c. Der Anblick, [&hellip;]<\/p>\n","protected":false},"author":1,"featured_media":39742,"comment_status":"open","ping_status":"closed","sticky":false,"template":"","format":"standard","meta":{"wpupg_custom_link":[],"wpupg_custom_link_behaviour":["default"],"wpupg_custom_link_nofollow":["default"],"wpupg_custom_image":[],"wpupg_custom_image_id":[],"jetpack_post_was_ever_published":false,"footnotes":""},"categories":[848,3217,1492,8],"tags":[464,2488,3062,3439,2659,959,1204,2855,3440,833],"class_list":["post-39737","post","type-post","status-publish","format-standard","has-post-thumbnail","hentry","category-fotografie","category-naturfotografie","category-naturfototage-fuerstenfeld","category-news","tag-amper","tag-amper-moos","tag-architektur-und-technik","tag-hochmoos","tag-moor","tag-moos","tag-naturfotografie","tag-naturfototage-fuerstenfeldbruck","tag-niedermoos","tag-workshop"],"jetpack_featured_media_url":"https:\/\/i0.wp.com\/deltaimage.de\/wp\/wp-content\/uploads\/PE5D5287_1200.jpg?fit=1200%2C450&ssl=1","jetpack-related-posts":[{"id":39471,"url":"https:\/\/deltaimage.de\/wp\/?p=39471","url_meta":{"origin":39737,"position":0},"title":"Workshop &#8222;Natur im Moor&#8220; bei 25. Naturfototage F\u00fcrstenfeld 2023","author":"EschbacP","date":"27. M\u00e4rz 2023","format":false,"excerpt":"\"Natur im Moor\" ist das Thema bei dem diesj\u00e4hrigen Workshop im Rahmen der 25. Naturfototage F\u00fcrstenfeldbruck 2023. Wir zeigen den TeilnehmerInnen die Motivvielfalt in den heimischen Hoch- und Niedermooren. Die Moore z\u00e4hlen zu den sch\u00e4tzenswertesten Biotopgebieten in Deutschland. F\u00fcr den wichtigen Artenschutz, die erstrebenswerte Biodiversit\u00e4t als \u00dcberlebensraum vom Aussterben bedrohter\u2026","rel":"","context":"In &quot;Dachauer Moos&quot;","block_context":{"text":"Dachauer Moos","link":"https:\/\/deltaimage.de\/wp\/?cat=2523"},"img":{"alt_text":"","src":"https:\/\/i0.wp.com\/deltaimage.de\/wp\/wp-content\/uploads\/IMG_20230325_155208_1200.jpg?fit=1200%2C450&ssl=1&resize=350%2C200","width":350,"height":200,"srcset":"https:\/\/i0.wp.com\/deltaimage.de\/wp\/wp-content\/uploads\/IMG_20230325_155208_1200.jpg?fit=1200%2C450&ssl=1&resize=350%2C200 1x, https:\/\/i0.wp.com\/deltaimage.de\/wp\/wp-content\/uploads\/IMG_20230325_155208_1200.jpg?fit=1200%2C450&ssl=1&resize=525%2C300 1.5x, https:\/\/i0.wp.com\/deltaimage.de\/wp\/wp-content\/uploads\/IMG_20230325_155208_1200.jpg?fit=1200%2C450&ssl=1&resize=700%2C400 2x, https:\/\/i0.wp.com\/deltaimage.de\/wp\/wp-content\/uploads\/IMG_20230325_155208_1200.jpg?fit=1200%2C450&ssl=1&resize=1050%2C600 3x"},"classes":[]},{"id":29680,"url":"https:\/\/deltaimage.de\/wp\/?p=29680","url_meta":{"origin":39737,"position":1},"title":"Naturfototage: Workshop Natur im Moor","author":"EschbacP","date":"4. August 2021","format":false,"excerpt":"Im Veranstaltungsprogramm der F\u00fcrstenfeldbrucker Naturfototage waren wir mit einem ganz neuen Workshop \u201eNatur im Moor\u201c mit Paul Eschbach vertreten und f\u00fchrten den ausverkauften Workshop mit allen TeilnehmerInnen in die Umgebung von F\u00fcrstenfeldbruck an die sch\u00f6nsten Fotopl\u00e4tze f\u00fcr NaturfotografInnen. Den Workshop habe ich thematisch in drei Bereiche eingeteilt \u00a0 Das Haspelmoor\u2026","rel":"","context":"In &quot;Dachauer Moos&quot;","block_context":{"text":"Dachauer Moos","link":"https:\/\/deltaimage.de\/wp\/?cat=2523"},"img":{"alt_text":"","src":"https:\/\/i0.wp.com\/deltaimage.de\/wp\/wp-content\/uploads\/PE5D2085_1200.jpg?fit=1200%2C450&ssl=1&resize=350%2C200","width":350,"height":200,"srcset":"https:\/\/i0.wp.com\/deltaimage.de\/wp\/wp-content\/uploads\/PE5D2085_1200.jpg?fit=1200%2C450&ssl=1&resize=350%2C200 1x, https:\/\/i0.wp.com\/deltaimage.de\/wp\/wp-content\/uploads\/PE5D2085_1200.jpg?fit=1200%2C450&ssl=1&resize=525%2C300 1.5x, https:\/\/i0.wp.com\/deltaimage.de\/wp\/wp-content\/uploads\/PE5D2085_1200.jpg?fit=1200%2C450&ssl=1&resize=700%2C400 2x, https:\/\/i0.wp.com\/deltaimage.de\/wp\/wp-content\/uploads\/PE5D2085_1200.jpg?fit=1200%2C450&ssl=1&resize=1050%2C600 3x"},"classes":[]},{"id":33632,"url":"https:\/\/deltaimage.de\/wp\/?p=33632","url_meta":{"origin":39737,"position":2},"title":"In 2 Wochen Workshop Natur &#038; Moor: Naturfototage F\u00fcrstenfeldbruck im Haspelmoor","author":"EschbacP","date":"11. April 2022","format":false,"excerpt":"In 2 Wochen gehen die Naturfototage F\u00fcrstenfeld in F\u00fcrstenfeldbruck los (21.4. - 24.4.2022) und versammeln die Naturfotobranche und die Naturfotoliebhaber aus S\u00fcddeutschland und den Nachbarl\u00e4ndern im Forum F\u00fcrstenfeld mit tausenden an Fotografie-Begeisterten zusammen. Zur Vorbereitung des Workshops Natur & Moor schaue ich mich vor Ort um Der Fr\u00fchling beginnt zu\u2026","rel":"","context":"In &quot;Buch&quot;","block_context":{"text":"Buch","link":"https:\/\/deltaimage.de\/wp\/?cat=1189"},"img":{"alt_text":"","src":"https:\/\/i0.wp.com\/deltaimage.de\/wp\/wp-content\/uploads\/IMG_7034_1200.jpg?fit=1200%2C450&ssl=1&resize=350%2C200","width":350,"height":200,"srcset":"https:\/\/i0.wp.com\/deltaimage.de\/wp\/wp-content\/uploads\/IMG_7034_1200.jpg?fit=1200%2C450&ssl=1&resize=350%2C200 1x, https:\/\/i0.wp.com\/deltaimage.de\/wp\/wp-content\/uploads\/IMG_7034_1200.jpg?fit=1200%2C450&ssl=1&resize=525%2C300 1.5x, https:\/\/i0.wp.com\/deltaimage.de\/wp\/wp-content\/uploads\/IMG_7034_1200.jpg?fit=1200%2C450&ssl=1&resize=700%2C400 2x, https:\/\/i0.wp.com\/deltaimage.de\/wp\/wp-content\/uploads\/IMG_7034_1200.jpg?fit=1200%2C450&ssl=1&resize=1050%2C600 3x"},"classes":[]},{"id":39152,"url":"https:\/\/deltaimage.de\/wp\/?p=39152","url_meta":{"origin":39737,"position":3},"title":"Workshop &#8222;Natur im Moor&#8220; ist erneut ausverkauft!","author":"EschbacP","date":"23. Februar 2023","format":false,"excerpt":"Naturfototage F\u00fcrstenfeld in F\u00fcrstenfeldbruck - 14.4. - 16.4.2023 \"Seit 2021 wird der Workshop \u201eNatur im Moor\u201c angeboten. Und zum dritten Mal ist er vorzeitig ausgebucht. Bei diesem Workshop f\u00fchren Naturfotograf Paul Eschbach begleitet von einem F\u00fcrstenfeldbrucker Moorspezialisten durch ein Hochmoor und ein Niedermoor. Dies ist nicht der einzige Workshop mit\u2026","rel":"","context":"In &quot;Dachauer Moos&quot;","block_context":{"text":"Dachauer Moos","link":"https:\/\/deltaimage.de\/wp\/?cat=2523"},"img":{"alt_text":"","src":"https:\/\/i0.wp.com\/deltaimage.de\/wp\/wp-content\/uploads\/IMG_7034_1200.jpg?fit=1200%2C450&ssl=1&resize=350%2C200","width":350,"height":200,"srcset":"https:\/\/i0.wp.com\/deltaimage.de\/wp\/wp-content\/uploads\/IMG_7034_1200.jpg?fit=1200%2C450&ssl=1&resize=350%2C200 1x, https:\/\/i0.wp.com\/deltaimage.de\/wp\/wp-content\/uploads\/IMG_7034_1200.jpg?fit=1200%2C450&ssl=1&resize=525%2C300 1.5x, https:\/\/i0.wp.com\/deltaimage.de\/wp\/wp-content\/uploads\/IMG_7034_1200.jpg?fit=1200%2C450&ssl=1&resize=700%2C400 2x, https:\/\/i0.wp.com\/deltaimage.de\/wp\/wp-content\/uploads\/IMG_7034_1200.jpg?fit=1200%2C450&ssl=1&resize=1050%2C600 3x"},"classes":[]},{"id":48339,"url":"https:\/\/deltaimage.de\/wp\/?p=48339","url_meta":{"origin":39737,"position":4},"title":"Naturfototage F\u00fcrstenfeldbruck: Wieder Workshop im Niedermoor mit Paul Eschbach","author":"EschbacP","date":"25. August 2025","format":false,"excerpt":"Die 27. internationalen Naturfototage F\u00fcrstenfeld in F\u00fcrstenfeldbruck bei M\u00fcnchen beginnen in wenigen Wochen. Die Veranstaltungsprogramme f\u00fcr die spannenden Vortr\u00e4ge und die beliebten Workshops am verl\u00e4ngerten 1. Mai-Wochende (1.-4. Mai 2025) gehen nun fast vollst\u00e4ndig online und sind auch schon buchbar. \u00a0 Praxisworkshop mit Paul Eschbach im nahe gelegenen Niedermoor Seit\u2026","rel":"","context":"In &quot;Buch&quot;","block_context":{"text":"Buch","link":"https:\/\/deltaimage.de\/wp\/?cat=1189"},"img":{"alt_text":"","src":"https:\/\/i0.wp.com\/deltaimage.de\/wp\/wp-content\/uploads\/Banner_Workshop_Eschbach_1200x450.jpg?fit=1200%2C452&ssl=1&resize=350%2C200","width":350,"height":200,"srcset":"https:\/\/i0.wp.com\/deltaimage.de\/wp\/wp-content\/uploads\/Banner_Workshop_Eschbach_1200x450.jpg?fit=1200%2C452&ssl=1&resize=350%2C200 1x, https:\/\/i0.wp.com\/deltaimage.de\/wp\/wp-content\/uploads\/Banner_Workshop_Eschbach_1200x450.jpg?fit=1200%2C452&ssl=1&resize=525%2C300 1.5x, https:\/\/i0.wp.com\/deltaimage.de\/wp\/wp-content\/uploads\/Banner_Workshop_Eschbach_1200x450.jpg?fit=1200%2C452&ssl=1&resize=700%2C400 2x, https:\/\/i0.wp.com\/deltaimage.de\/wp\/wp-content\/uploads\/Banner_Workshop_Eschbach_1200x450.jpg?fit=1200%2C452&ssl=1&resize=1050%2C600 3x"},"classes":[]},{"id":30394,"url":"https:\/\/deltaimage.de\/wp\/?p=30394","url_meta":{"origin":39737,"position":5},"title":"Naturfototage F\u00fcrstenfeldbruck 2022 &#8211; Paul Eschbach wieder mit zwei beliebten Workshops dabei","author":"EschbacP","date":"16. Oktober 2021","format":false,"excerpt":"Im Veranstaltungsprogramm der 24. F\u00fcrstenfeldbrucker Naturfototage 2022 ist DELTA IMAGE mit Paul Eschbach wieder mit zwei \u00e4u\u00dferst beliebten Workshops dabei. Wir freuen uns riesig auf den Kontakt mit den vielen Fotobegeisterten in unseren Workshops und auf den Naturfototagen. \u00a0 Die Workshops bei den Naturfototagen F\u00fcrstenfeldbruck 2022 2020 haben wir die\u2026","rel":"","context":"In &quot;Naturfototage F\u00fcrstenfeld&quot;","block_context":{"text":"Naturfototage F\u00fcrstenfeld","link":"https:\/\/deltaimage.de\/wp\/?cat=1492"},"img":{"alt_text":"","src":"https:\/\/i0.wp.com\/deltaimage.de\/wp\/wp-content\/uploads\/PE5D1902_1200.jpg?fit=1200%2C450&ssl=1&resize=350%2C200","width":350,"height":200,"srcset":"https:\/\/i0.wp.com\/deltaimage.de\/wp\/wp-content\/uploads\/PE5D1902_1200.jpg?fit=1200%2C450&ssl=1&resize=350%2C200 1x, https:\/\/i0.wp.com\/deltaimage.de\/wp\/wp-content\/uploads\/PE5D1902_1200.jpg?fit=1200%2C450&ssl=1&resize=525%2C300 1.5x, https:\/\/i0.wp.com\/deltaimage.de\/wp\/wp-content\/uploads\/PE5D1902_1200.jpg?fit=1200%2C450&ssl=1&resize=700%2C400 2x, https:\/\/i0.wp.com\/deltaimage.de\/wp\/wp-content\/uploads\/PE5D1902_1200.jpg?fit=1200%2C450&ssl=1&resize=1050%2C600 3x"},"classes":[]}],"jetpack_sharing_enabled":true,"_links":{"self":[{"href":"https:\/\/deltaimage.de\/wp\/index.php?rest_route=\/wp\/v2\/posts\/39737","targetHints":{"allow":["GET"]}}],"collection":[{"href":"https:\/\/deltaimage.de\/wp\/index.php?rest_route=\/wp\/v2\/posts"}],"about":[{"href":"https:\/\/deltaimage.de\/wp\/index.php?rest_route=\/wp\/v2\/types\/post"}],"author":[{"embeddable":true,"href":"https:\/\/deltaimage.de\/wp\/index.php?rest_route=\/wp\/v2\/users\/1"}],"replies":[{"embeddable":true,"href":"https:\/\/deltaimage.de\/wp\/index.php?rest_route=%2Fwp%2Fv2%2Fcomments&post=39737"}],"version-history":[{"count":12,"href":"https:\/\/deltaimage.de\/wp\/index.php?rest_route=\/wp\/v2\/posts\/39737\/revisions"}],"predecessor-version":[{"id":51477,"href":"https:\/\/deltaimage.de\/wp\/index.php?rest_route=\/wp\/v2\/posts\/39737\/revisions\/51477"}],"wp:featuredmedia":[{"embeddable":true,"href":"https:\/\/deltaimage.de\/wp\/index.php?rest_route=\/wp\/v2\/media\/39742"}],"wp:attachment":[{"href":"https:\/\/deltaimage.de\/wp\/index.php?rest_route=%2Fwp%2Fv2%2Fmedia&parent=39737"}],"wp:term":[{"taxonomy":"category","embeddable":true,"href":"https:\/\/deltaimage.de\/wp\/index.php?rest_route=%2Fwp%2Fv2%2Fcategories&post=39737"},{"taxonomy":"post_tag","embeddable":true,"href":"https:\/\/deltaimage.de\/wp\/index.php?rest_route=%2Fwp%2Fv2%2Ftags&post=39737"}],"curies":[{"name":"wp","href":"https:\/\/api.w.org\/{rel}","templated":true}]}}