{"id":39815,"date":"2023-04-24T19:20:18","date_gmt":"2023-04-24T18:20:18","guid":{"rendered":"https:\/\/deltaimage.de\/wp\/?p=39815"},"modified":"2023-06-07T10:07:48","modified_gmt":"2023-06-07T09:07:48","slug":"begleitbuch-zum-elearning-kurs-fortgeschrittene-fotografie-ist-gedruckt","status":"publish","type":"post","link":"https:\/\/deltaimage.de\/wp\/?p=39815","title":{"rendered":"Begleitbuch zum eLearning Kurs: Fortgeschrittene Fotografie ist gedruckt"},"content":{"rendered":"<p>Das Begleitbuch zum eLearning Kurs Fortgeschrittene Fotografie da. Nach dem Buch Grundlagen der Fotografie zum Jahresanfang 2023, kommt ein neues Paket von der Druckerei. Darin ist der neue Druck des Begleitbuches zum eLearning Kurs<\/p>\n<p>&nbsp;<\/p>\n<h2 style=\"text-align: center;\">Fortgeschrittene Fotografie.<\/h2>\n<p>&nbsp;<\/p>\n<p>Das neue Begleitbuch erg\u00e4nzt den auch ganz neuen <strong>eLearning Kurs<\/strong> auf unserer Lernplattform <a href=\"http:\/\/lernen.deltaimage.de\"><strong>lernen.deltaimage.de<\/strong><\/a>. Die neue Formen des Lernens sind bei fast allen Altersgruppen sehr beliebt, unabh\u00e4ngig zu sein, von einem Workshop Termin, bei dem man sich an einem Samstag 6 Stunden Zeit nehmen muss. Jeder Mensch hat ein individuelles Lernbed\u00fcrfnis und eine andere Lerngeschwindigkeit.<\/p>\n<p>So k\u00f6nnen die Lernenden auch vermeintliche Totzeiten im Tages- und Wochenablauf sinnvoll ausf\u00fcllen, sei es ein Warten auf was und wen auch immer, oder eine Zugfahrt. Dieses Zeitpuffer m\u00f6chte man gerne sinnvoll und wertsch\u00f6pfend verbringen, eine Online-Verbindung ist aber umst\u00e4ndlich oder schichtweg nicht verf\u00fcgbar. Was liegt da n\u00e4her, als Teile des Stoffes sich in einem Buch zu verinnerlichen.<\/p>\n<p><img data-recalc-dims=\"1\" loading=\"lazy\" decoding=\"async\" data-attachment-id=\"39818\" data-permalink=\"https:\/\/deltaimage.de\/wp\/?attachment_id=39818#main\" data-orig-file=\"https:\/\/i0.wp.com\/deltaimage.de\/wp\/wp-content\/uploads\/IMG_8220_900.jpg?fit=890%2C593&amp;ssl=1\" data-orig-size=\"890,593\" data-comments-opened=\"0\" data-image-meta=\"{&quot;aperture&quot;:&quot;9&quot;,&quot;credit&quot;:&quot;PAUL ESCHBACH&quot;,&quot;camera&quot;:&quot;Canon EOS Kiss X6i&quot;,&quot;caption&quot;:&quot;&quot;,&quot;created_timestamp&quot;:&quot;1682361296&quot;,&quot;copyright&quot;:&quot;(C) DELTA IMAGE&quot;,&quot;focal_length&quot;:&quot;60&quot;,&quot;iso&quot;:&quot;100&quot;,&quot;shutter_speed&quot;:&quot;0.00625&quot;,&quot;title&quot;:&quot;&quot;,&quot;orientation&quot;:&quot;0&quot;}\" data-image-title=\"IMG_8220_900\" data-image-description=\"\" data-image-caption=\"\" data-large-file=\"https:\/\/i0.wp.com\/deltaimage.de\/wp\/wp-content\/uploads\/IMG_8220_900.jpg?fit=890%2C593&amp;ssl=1\" class=\"aligncenter size-full wp-image-39818\" src=\"https:\/\/i0.wp.com\/deltaimage.de\/wp\/wp-content\/uploads\/IMG_8220_900.jpg?resize=890%2C593&#038;ssl=1\" alt=\"\" width=\"890\" height=\"593\" srcset=\"https:\/\/i0.wp.com\/deltaimage.de\/wp\/wp-content\/uploads\/IMG_8220_900.jpg?w=890&amp;ssl=1 890w, https:\/\/i0.wp.com\/deltaimage.de\/wp\/wp-content\/uploads\/IMG_8220_900.jpg?resize=300%2C200&amp;ssl=1 300w, https:\/\/i0.wp.com\/deltaimage.de\/wp\/wp-content\/uploads\/IMG_8220_900.jpg?resize=675%2C450&amp;ssl=1 675w, https:\/\/i0.wp.com\/deltaimage.de\/wp\/wp-content\/uploads\/IMG_8220_900.jpg?resize=600%2C400&amp;ssl=1 600w, https:\/\/i0.wp.com\/deltaimage.de\/wp\/wp-content\/uploads\/IMG_8220_900.jpg?resize=200%2C133&amp;ssl=1 200w\" sizes=\"auto, (max-width: 890px) 100vw, 890px\" \/><\/p>\n<p>Die Lernabschnitte und die Lerninhalte sind genau die selben, nur werden im Buch keine Videos gezeigt &#8211; das ist aber eh klar.<\/p>\n<p>Zum Begleitbuch &#8222;<strong>Fortgeschrittene Fotografie<\/strong>&#8220; geht&#8217;s hier zum<a href=\"https:\/\/shop.deltaimage.de\/?product=elearning-fortgeschrittene-fotografie-gesamt-kurs\"><strong> shop.deltaimage.de<\/strong><\/a>.<\/p>\n<p><!--more--><\/p>\n<p>&nbsp;<\/p>\n<p>Das neue Begleitbuch eignet sich auch ganz hervorragend zum Selbststudium ohne den eLearning Kurs. Die Inhalte sind mit dem eLearning Kurs gr\u00f6\u00dftenteils identisch. Die Sprache und Didaktik ist speziell f\u00fcr die EinsteigerInnen und die AufsteigerInnen vom Smartphone ausgelegt. Die fotografischen Fachbegriffe werden in einer sehr verst\u00e4ndlichen Sprache erkl\u00e4rt und schrittweise weiter fortgef\u00fchrt.<\/p>\n<p>&nbsp;<\/p>\n<h2>eLearning Kurs und Begleitbuch nun auch bei Foto Sessner in Dachau erh\u00e4ltlich<\/h2>\n<p>Mit diesem erweiterten Produktangebot wollen wir zusammen mit Guido Gl\u00fcck und Mathias Gl\u00fcck von Foto Sessner GmbH, mehr FotografInnen in Dachau und dem Norden von M\u00fcnchen erreichen und ansprechen. Das neue Begleitbuch erleichtert das Lernen ganz gewaltig. Schritt f\u00fcr Schritt, Lerninhalt nach Lerninhalt kommt die Lernenden als EinsteigerInnen und AufsteigerInnen zu mehr Freude und besseren Fotoergebnissen in der digitalen Fotografie.<\/p>\n<p><img data-recalc-dims=\"1\" loading=\"lazy\" decoding=\"async\" data-attachment-id=\"39820\" data-permalink=\"https:\/\/deltaimage.de\/wp\/?attachment_id=39820#main\" data-orig-file=\"https:\/\/i0.wp.com\/deltaimage.de\/wp\/wp-content\/uploads\/IMG_8227_900.jpg?fit=890%2C593&amp;ssl=1\" data-orig-size=\"890,593\" data-comments-opened=\"0\" data-image-meta=\"{&quot;aperture&quot;:&quot;10&quot;,&quot;credit&quot;:&quot;PAUL ESCHBACH&quot;,&quot;camera&quot;:&quot;Canon EOS Kiss X6i&quot;,&quot;caption&quot;:&quot;&quot;,&quot;created_timestamp&quot;:&quot;1682361737&quot;,&quot;copyright&quot;:&quot;(C) DELTA IMAGE&quot;,&quot;focal_length&quot;:&quot;60&quot;,&quot;iso&quot;:&quot;100&quot;,&quot;shutter_speed&quot;:&quot;0.00625&quot;,&quot;title&quot;:&quot;&quot;,&quot;orientation&quot;:&quot;0&quot;}\" data-image-title=\"IMG_8227_900\" data-image-description=\"\" data-image-caption=\"\" data-large-file=\"https:\/\/i0.wp.com\/deltaimage.de\/wp\/wp-content\/uploads\/IMG_8227_900.jpg?fit=890%2C593&amp;ssl=1\" class=\"aligncenter size-full wp-image-39820\" src=\"https:\/\/i0.wp.com\/deltaimage.de\/wp\/wp-content\/uploads\/IMG_8227_900.jpg?resize=890%2C593&#038;ssl=1\" alt=\"\" width=\"890\" height=\"593\" srcset=\"https:\/\/i0.wp.com\/deltaimage.de\/wp\/wp-content\/uploads\/IMG_8227_900.jpg?w=890&amp;ssl=1 890w, https:\/\/i0.wp.com\/deltaimage.de\/wp\/wp-content\/uploads\/IMG_8227_900.jpg?resize=300%2C200&amp;ssl=1 300w, https:\/\/i0.wp.com\/deltaimage.de\/wp\/wp-content\/uploads\/IMG_8227_900.jpg?resize=675%2C450&amp;ssl=1 675w, https:\/\/i0.wp.com\/deltaimage.de\/wp\/wp-content\/uploads\/IMG_8227_900.jpg?resize=600%2C400&amp;ssl=1 600w, https:\/\/i0.wp.com\/deltaimage.de\/wp\/wp-content\/uploads\/IMG_8227_900.jpg?resize=200%2C133&amp;ssl=1 200w\" sizes=\"auto, (max-width: 890px) 100vw, 890px\" \/><\/p>\n<p>&nbsp;<\/p>\n<h2>Das Begleitbuch ist das 19. Buch im DELTA IMAGE Eigenverlag<\/h2>\n<p>Seit dem Jahr 2016 erstellen und verkaufen wir im DELTA IMAGE Eigenverlag B\u00fccher zu unterschiedlichen Themenstellungen und Inhalten. Dieses Begleitbuch zum eLearning Kurs <strong>Fortgeschrittene Fotografie<\/strong> ist nun schon das 19. Buch, das bei uns erscheint.<\/p>\n<p><img data-recalc-dims=\"1\" loading=\"lazy\" decoding=\"async\" data-attachment-id=\"39821\" data-permalink=\"https:\/\/deltaimage.de\/wp\/?attachment_id=39821#main\" data-orig-file=\"https:\/\/i0.wp.com\/deltaimage.de\/wp\/wp-content\/uploads\/IMG_8223_900.jpg?fit=650%2C890&amp;ssl=1\" data-orig-size=\"650,890\" data-comments-opened=\"0\" data-image-meta=\"{&quot;aperture&quot;:&quot;6.3&quot;,&quot;credit&quot;:&quot;PAUL ESCHBACH&quot;,&quot;camera&quot;:&quot;Canon EOS Kiss X6i&quot;,&quot;caption&quot;:&quot;&quot;,&quot;created_timestamp&quot;:&quot;1682361500&quot;,&quot;copyright&quot;:&quot;(C) DELTA IMAGE&quot;,&quot;focal_length&quot;:&quot;60&quot;,&quot;iso&quot;:&quot;100&quot;,&quot;shutter_speed&quot;:&quot;0.00625&quot;,&quot;title&quot;:&quot;&quot;,&quot;orientation&quot;:&quot;0&quot;}\" data-image-title=\"IMG_8223_900\" data-image-description=\"\" data-image-caption=\"\" data-large-file=\"https:\/\/i0.wp.com\/deltaimage.de\/wp\/wp-content\/uploads\/IMG_8223_900.jpg?fit=650%2C890&amp;ssl=1\" class=\"aligncenter size-medium wp-image-39821\" src=\"https:\/\/i0.wp.com\/deltaimage.de\/wp\/wp-content\/uploads\/IMG_8223_900.jpg?resize=438%2C600&#038;ssl=1\" alt=\"\" width=\"438\" height=\"600\" srcset=\"https:\/\/i0.wp.com\/deltaimage.de\/wp\/wp-content\/uploads\/IMG_8223_900.jpg?resize=438%2C600&amp;ssl=1 438w, https:\/\/i0.wp.com\/deltaimage.de\/wp\/wp-content\/uploads\/IMG_8223_900.jpg?resize=146%2C200&amp;ssl=1 146w, https:\/\/i0.wp.com\/deltaimage.de\/wp\/wp-content\/uploads\/IMG_8223_900.jpg?resize=433%2C593&amp;ssl=1 433w, https:\/\/i0.wp.com\/deltaimage.de\/wp\/wp-content\/uploads\/IMG_8223_900.jpg?resize=329%2C450&amp;ssl=1 329w, https:\/\/i0.wp.com\/deltaimage.de\/wp\/wp-content\/uploads\/IMG_8223_900.jpg?resize=292%2C400&amp;ssl=1 292w, https:\/\/i0.wp.com\/deltaimage.de\/wp\/wp-content\/uploads\/IMG_8223_900.jpg?w=650&amp;ssl=1 650w\" sizes=\"auto, (max-width: 438px) 100vw, 438px\" \/><\/p>\n<p>Mit diesen B\u00fcchern erreichen wir viele Menschen in Deutschland und auch im Ausland<\/p>\n<ul>\n<li>\u00d6sterreich<\/li>\n<li>Schweiz<\/li>\n<li>Lichtenstein<\/li>\n<li>Luxemburg<\/li>\n<li>Frankreich<\/li>\n<li>Spanien<\/li>\n<li>Belgien<\/li>\n<li>Albanien.<\/li>\n<\/ul>\n<p>Ich bin schon ganz gespannt, wie diese Reise weiter gehen wird, mit Ihnen zusammen, den vielen LeserInnen dieser Buchpublikationen. F\u00fcr das Interesse und das entgegengebrachte Vertrauen m\u00f6chte ich mich auch ganz herzlich bei Ihnen bedanken.<\/p>\n","protected":false},"excerpt":{"rendered":"<p>Das Begleitbuch zum eLearning Kurs Fortgeschrittene Fotografie da. Nach dem Buch Grundlagen der Fotografie zum Jahresanfang 2023, kommt ein neues Paket von der Druckerei. Darin ist der neue Druck des [&hellip;]<\/p>\n","protected":false},"author":1,"featured_media":39817,"comment_status":"open","ping_status":"open","sticky":false,"template":"","format":"standard","meta":{"wpupg_custom_link":[],"wpupg_custom_link_behaviour":["default"],"wpupg_custom_link_nofollow":[],"wpupg_custom_image":[],"wpupg_custom_image_id":[],"jetpack_post_was_ever_published":false,"footnotes":""},"categories":[1189,81,848,8],"tags":[487,3399,1146,3379,3449,1782],"class_list":["post-39815","post","type-post","status-publish","format-standard","has-post-thumbnail","hentry","category-buch","category-fotobuch","category-fotografie","category-news","tag-buch","tag-delta-image-eigenverlag","tag-druckerei","tag-elearning","tag-fortgeschrittene-fotografie","tag-foto-sessner-gmbh"],"jetpack_featured_media_url":"https:\/\/i0.wp.com\/deltaimage.de\/wp\/wp-content\/uploads\/IMG_8221_1200.jpg?fit=1200%2C450&ssl=1","jetpack-related-posts":[{"id":38471,"url":"https:\/\/deltaimage.de\/wp\/?p=38471","url_meta":{"origin":39815,"position":0},"title":"Begleitbuch zum eLearning Kurs: Grundlagen der Fotografie ist gedruckt","author":"EschbacP","date":"2. Januar 2023","format":false,"excerpt":"Das Begleitbuch zum eLearning Kurs Grundlagen der Fotografie ist da. Gleich zum Jahresanfang 2023, kommt ein neues Paket von der Druckerei. Darin ist der neue Druck des Begleitbuches zum eLearning Kurs \u00a0 Grundlagen der der Fotografie. \u00a0 Das neue Begleitbuch erg\u00e4nzt den auch ganz neuen eLearning Kurs auf unserer Lernplattform\u2026","rel":"","context":"In &quot;Buch&quot;","block_context":{"text":"Buch","link":"https:\/\/deltaimage.de\/wp\/?cat=1189"},"img":{"alt_text":"","src":"https:\/\/i0.wp.com\/deltaimage.de\/wp\/wp-content\/uploads\/IMG_8150_900.jpg?fit=1200%2C450&ssl=1&resize=350%2C200","width":350,"height":200,"srcset":"https:\/\/i0.wp.com\/deltaimage.de\/wp\/wp-content\/uploads\/IMG_8150_900.jpg?fit=1200%2C450&ssl=1&resize=350%2C200 1x, https:\/\/i0.wp.com\/deltaimage.de\/wp\/wp-content\/uploads\/IMG_8150_900.jpg?fit=1200%2C450&ssl=1&resize=525%2C300 1.5x, https:\/\/i0.wp.com\/deltaimage.de\/wp\/wp-content\/uploads\/IMG_8150_900.jpg?fit=1200%2C450&ssl=1&resize=700%2C400 2x, https:\/\/i0.wp.com\/deltaimage.de\/wp\/wp-content\/uploads\/IMG_8150_900.jpg?fit=1200%2C450&ssl=1&resize=1050%2C600 3x"},"classes":[]},{"id":38021,"url":"https:\/\/deltaimage.de\/wp\/?p=38021","url_meta":{"origin":39815,"position":1},"title":"&#8222;Grundlagen der Fotografie&#8220; als eLearning &#8211; wir beginnen mit den neuen Kursen","author":"EschbacP","date":"15. Dezember 2022","format":false,"excerpt":"Die beliebten Fotokurse \"Grundlagen der Fotografie\" bieten wir nun als eLearning Kurse auf unserer neuen Lern-Plattform im Online-Format an. \u00a0 Aus 6 Stunden Pr\u00e4senz werden nun 5 Stunden Online-Training 5 Stunden Kursmaterial ersetzt das bisherige Pr\u00e4senzformat mit ca. 6 Stunden. Zus\u00e4tzlich sind Aufgaben f\u00fcr die KursteilnehmerInnen zur fotografischen Umsetzung enthalten\u2026","rel":"","context":"In &quot;Fotografie&quot;","block_context":{"text":"Fotografie","link":"https:\/\/deltaimage.de\/wp\/?cat=848"},"img":{"alt_text":"","src":"https:\/\/i0.wp.com\/deltaimage.de\/wp\/wp-content\/uploads\/laptop-5673901_1920_1200.jpg?fit=1200%2C450&ssl=1&resize=350%2C200","width":350,"height":200,"srcset":"https:\/\/i0.wp.com\/deltaimage.de\/wp\/wp-content\/uploads\/laptop-5673901_1920_1200.jpg?fit=1200%2C450&ssl=1&resize=350%2C200 1x, https:\/\/i0.wp.com\/deltaimage.de\/wp\/wp-content\/uploads\/laptop-5673901_1920_1200.jpg?fit=1200%2C450&ssl=1&resize=525%2C300 1.5x, https:\/\/i0.wp.com\/deltaimage.de\/wp\/wp-content\/uploads\/laptop-5673901_1920_1200.jpg?fit=1200%2C450&ssl=1&resize=700%2C400 2x, https:\/\/i0.wp.com\/deltaimage.de\/wp\/wp-content\/uploads\/laptop-5673901_1920_1200.jpg?fit=1200%2C450&ssl=1&resize=1050%2C600 3x"},"classes":[]},{"id":38026,"url":"https:\/\/deltaimage.de\/wp\/?p=38026","url_meta":{"origin":39815,"position":2},"title":"Eine ganz neue eLearning Plattform &#8211; lernen.deltaimage.de","author":"EschbacP","date":"13. Dezember 2022","format":false,"excerpt":"DELTA IMAGE pr\u00e4sentiert zum Jahreswechsel 2022\/2023\u00a0eine ganz neue eLearning Plattform Damit erweitern wir auch unser Leistungsangebot auf die Erstellung und Bereitstellung von modernen und lernorientierten Inhalten als eLearning, beginnend f\u00fcr das Segment eLearning FOTOGRAFIE. \u00a0 Hier ist sie, die neue Webseite lernen.deltaimage.de ! Fotografie-Kurse im Pr\u00e4senzformat Seit vielen Jahren f\u00fchren\u2026","rel":"","context":"In &quot;Fotografie&quot;","block_context":{"text":"Fotografie","link":"https:\/\/deltaimage.de\/wp\/?cat=848"},"img":{"alt_text":"","src":"https:\/\/i0.wp.com\/deltaimage.de\/wp\/wp-content\/uploads\/Responsive_Website_20221212_1200.jpg?fit=1200%2C451&ssl=1&resize=350%2C200","width":350,"height":200,"srcset":"https:\/\/i0.wp.com\/deltaimage.de\/wp\/wp-content\/uploads\/Responsive_Website_20221212_1200.jpg?fit=1200%2C451&ssl=1&resize=350%2C200 1x, https:\/\/i0.wp.com\/deltaimage.de\/wp\/wp-content\/uploads\/Responsive_Website_20221212_1200.jpg?fit=1200%2C451&ssl=1&resize=525%2C300 1.5x, https:\/\/i0.wp.com\/deltaimage.de\/wp\/wp-content\/uploads\/Responsive_Website_20221212_1200.jpg?fit=1200%2C451&ssl=1&resize=700%2C400 2x, https:\/\/i0.wp.com\/deltaimage.de\/wp\/wp-content\/uploads\/Responsive_Website_20221212_1200.jpg?fit=1200%2C451&ssl=1&resize=1050%2C600 3x"},"classes":[]},{"id":16753,"url":"https:\/\/deltaimage.de\/wp\/?p=16753","url_meta":{"origin":39815,"position":3},"title":"An einem grauen Novembertag kreative (Blitz-)Fotografie in der Blauen Stunde machen &#8230;","author":"EschbacP","date":"18. November 2017","format":"gallery","excerpt":"... begeistert die Teilnehmer am Blitz-Foto-Kurs in Dachau mit Foto Sessner und Paul Eschbach@DELTA IMAGE am letzten Samstag im November. Zusammen mit Foto Sessner in Dachau f\u00fchren wir jeden Monat in einem Foto Kurs die Teilnehmer in die spannende und kreative Welt der Fotografie ein und entlassen am Ende motivierte\u2026","rel":"","context":"In &quot;Fotografie&quot;","block_context":{"text":"Fotografie","link":"https:\/\/deltaimage.de\/wp\/?cat=848"},"img":{"alt_text":"","src":"https:\/\/i0.wp.com\/deltaimage.de\/wp\/wp-content\/uploads\/PE1S0224_1200.jpg?fit=1200%2C450&ssl=1&resize=350%2C200","width":350,"height":200,"srcset":"https:\/\/i0.wp.com\/deltaimage.de\/wp\/wp-content\/uploads\/PE1S0224_1200.jpg?fit=1200%2C450&ssl=1&resize=350%2C200 1x, https:\/\/i0.wp.com\/deltaimage.de\/wp\/wp-content\/uploads\/PE1S0224_1200.jpg?fit=1200%2C450&ssl=1&resize=525%2C300 1.5x, https:\/\/i0.wp.com\/deltaimage.de\/wp\/wp-content\/uploads\/PE1S0224_1200.jpg?fit=1200%2C450&ssl=1&resize=700%2C400 2x, https:\/\/i0.wp.com\/deltaimage.de\/wp\/wp-content\/uploads\/PE1S0224_1200.jpg?fit=1200%2C450&ssl=1&resize=1050%2C600 3x"},"classes":[]},{"id":42971,"url":"https:\/\/deltaimage.de\/wp\/?p=42971","url_meta":{"origin":39815,"position":4},"title":"Eindr\u00fccke zum Foto-Kurs im Moos","author":"EschbacP","date":"13. Juni 2024","format":false,"excerpt":"Seit vielen Jahren mache ich Foto-Kurse in Dachau, gerade f\u00fcr Anf\u00e4ngerInnen in der Fotografie. Seit einigen Jahren veranstalte ich diese Einsteiger-Kurse sehr gerne drau\u00dfen in der Natur. Jetzt fand wieder ein Foto-Kurs im Dachauer Moos statt. In den Anf\u00e4nger-Kursen behandeln wir die grundlegenden Foto-Techniken in der Bedienung. Das ist ein\u2026","rel":"","context":"In &quot;Dachauer Land&quot;","block_context":{"text":"Dachauer Land","link":"https:\/\/deltaimage.de\/wp\/?cat=3010"},"img":{"alt_text":"","src":"https:\/\/i0.wp.com\/deltaimage.de\/wp\/wp-content\/uploads\/PE1S0376_1200.jpg?fit=1200%2C450&ssl=1&resize=350%2C200","width":350,"height":200,"srcset":"https:\/\/i0.wp.com\/deltaimage.de\/wp\/wp-content\/uploads\/PE1S0376_1200.jpg?fit=1200%2C450&ssl=1&resize=350%2C200 1x, https:\/\/i0.wp.com\/deltaimage.de\/wp\/wp-content\/uploads\/PE1S0376_1200.jpg?fit=1200%2C450&ssl=1&resize=525%2C300 1.5x, https:\/\/i0.wp.com\/deltaimage.de\/wp\/wp-content\/uploads\/PE1S0376_1200.jpg?fit=1200%2C450&ssl=1&resize=700%2C400 2x, https:\/\/i0.wp.com\/deltaimage.de\/wp\/wp-content\/uploads\/PE1S0376_1200.jpg?fit=1200%2C450&ssl=1&resize=1050%2C600 3x"},"classes":[]},{"id":43751,"url":"https:\/\/deltaimage.de\/wp\/?p=43751","url_meta":{"origin":39815,"position":5},"title":"Paul Eschbach pr\u00e4sentiert sein neues Buch dem Kreisvorsitzenden BUND Naturschutz","author":"EschbacP","date":"3. September 2024","format":false,"excerpt":"Der neue Foto-Bildband zum Dachauer Moos geht als Projekt voran. Der Fotograf Paul Eschbach pr\u00e4sentiert das neue Buch in zwei Formaten dem Kreisvorsitzenden Dr. Zauscher in der Gesch\u00e4ftsstelle. Das Buchprojekt wurde im November 2023 besprochen und gestartet. Nach zehn Monaten Arbeit liegen zwei neue B\u00fccher in unserer Gesch\u00e4ftsstelle und der\u2026","rel":"","context":"In &quot;Buch&quot;","block_context":{"text":"Buch","link":"https:\/\/deltaimage.de\/wp\/?cat=1189"},"img":{"alt_text":"","src":"https:\/\/i0.wp.com\/deltaimage.de\/wp\/wp-content\/uploads\/ANDI0013_1200.jpg?fit=1200%2C450&ssl=1&resize=350%2C200","width":350,"height":200,"srcset":"https:\/\/i0.wp.com\/deltaimage.de\/wp\/wp-content\/uploads\/ANDI0013_1200.jpg?fit=1200%2C450&ssl=1&resize=350%2C200 1x, https:\/\/i0.wp.com\/deltaimage.de\/wp\/wp-content\/uploads\/ANDI0013_1200.jpg?fit=1200%2C450&ssl=1&resize=525%2C300 1.5x, https:\/\/i0.wp.com\/deltaimage.de\/wp\/wp-content\/uploads\/ANDI0013_1200.jpg?fit=1200%2C450&ssl=1&resize=700%2C400 2x, https:\/\/i0.wp.com\/deltaimage.de\/wp\/wp-content\/uploads\/ANDI0013_1200.jpg?fit=1200%2C450&ssl=1&resize=1050%2C600 3x"},"classes":[]}],"jetpack_sharing_enabled":true,"_links":{"self":[{"href":"https:\/\/deltaimage.de\/wp\/index.php?rest_route=\/wp\/v2\/posts\/39815","targetHints":{"allow":["GET"]}}],"collection":[{"href":"https:\/\/deltaimage.de\/wp\/index.php?rest_route=\/wp\/v2\/posts"}],"about":[{"href":"https:\/\/deltaimage.de\/wp\/index.php?rest_route=\/wp\/v2\/types\/post"}],"author":[{"embeddable":true,"href":"https:\/\/deltaimage.de\/wp\/index.php?rest_route=\/wp\/v2\/users\/1"}],"replies":[{"embeddable":true,"href":"https:\/\/deltaimage.de\/wp\/index.php?rest_route=%2Fwp%2Fv2%2Fcomments&post=39815"}],"version-history":[{"count":3,"href":"https:\/\/deltaimage.de\/wp\/index.php?rest_route=\/wp\/v2\/posts\/39815\/revisions"}],"predecessor-version":[{"id":39822,"href":"https:\/\/deltaimage.de\/wp\/index.php?rest_route=\/wp\/v2\/posts\/39815\/revisions\/39822"}],"wp:featuredmedia":[{"embeddable":true,"href":"https:\/\/deltaimage.de\/wp\/index.php?rest_route=\/wp\/v2\/media\/39817"}],"wp:attachment":[{"href":"https:\/\/deltaimage.de\/wp\/index.php?rest_route=%2Fwp%2Fv2%2Fmedia&parent=39815"}],"wp:term":[{"taxonomy":"category","embeddable":true,"href":"https:\/\/deltaimage.de\/wp\/index.php?rest_route=%2Fwp%2Fv2%2Fcategories&post=39815"},{"taxonomy":"post_tag","embeddable":true,"href":"https:\/\/deltaimage.de\/wp\/index.php?rest_route=%2Fwp%2Fv2%2Ftags&post=39815"}],"curies":[{"name":"wp","href":"https:\/\/api.w.org\/{rel}","templated":true}]}}