{"id":40070,"date":"2023-05-27T13:02:58","date_gmt":"2023-05-27T12:02:58","guid":{"rendered":"https:\/\/deltaimage.de\/wp\/?p=40070"},"modified":"2025-08-21T18:25:55","modified_gmt":"2025-08-21T16:25:55","slug":"der-sommer-beginnt-im-dachauer-moos","status":"publish","type":"post","link":"https:\/\/deltaimage.de\/wp\/?p=40070","title":{"rendered":"Der Sommer beginnt im Dachauer Moos"},"content":{"rendered":"<p><a href=\"https:\/\/deltaimage.de\/wp\/?page_id=40118\"><img data-recalc-dims=\"1\" loading=\"lazy\" decoding=\"async\" data-attachment-id=\"40115\" data-permalink=\"https:\/\/deltaimage.de\/wp\/?attachment_id=40115#main\" data-orig-file=\"https:\/\/i0.wp.com\/deltaimage.de\/wp\/wp-content\/uploads\/Stempel_DELTA-IMAGE_Quality.png?fit=961%2C960&amp;ssl=1\" data-orig-size=\"961,960\" data-comments-opened=\"1\" data-image-meta=\"{&quot;aperture&quot;:&quot;0&quot;,&quot;credit&quot;:&quot;&quot;,&quot;camera&quot;:&quot;&quot;,&quot;caption&quot;:&quot;&quot;,&quot;created_timestamp&quot;:&quot;0&quot;,&quot;copyright&quot;:&quot;&quot;,&quot;focal_length&quot;:&quot;0&quot;,&quot;iso&quot;:&quot;0&quot;,&quot;shutter_speed&quot;:&quot;0&quot;,&quot;title&quot;:&quot;&quot;,&quot;orientation&quot;:&quot;0&quot;}\" data-image-title=\"Stempel_DELTA IMAGE_Quality\" data-image-description=\"\" data-image-caption=\"\" data-large-file=\"https:\/\/i0.wp.com\/deltaimage.de\/wp\/wp-content\/uploads\/Stempel_DELTA-IMAGE_Quality.png?fit=890%2C889&amp;ssl=1\" class=\"alignright wp-image-40115 size-thumbnail\" src=\"https:\/\/i0.wp.com\/deltaimage.de\/wp\/wp-content\/uploads\/Stempel_DELTA-IMAGE_Quality.png?resize=200%2C200&#038;ssl=1\" alt=\"\" width=\"200\" height=\"200\" srcset=\"https:\/\/i0.wp.com\/deltaimage.de\/wp\/wp-content\/uploads\/Stempel_DELTA-IMAGE_Quality.png?resize=200%2C200&amp;ssl=1 200w, https:\/\/i0.wp.com\/deltaimage.de\/wp\/wp-content\/uploads\/Stempel_DELTA-IMAGE_Quality.png?resize=601%2C600&amp;ssl=1 601w, https:\/\/i0.wp.com\/deltaimage.de\/wp\/wp-content\/uploads\/Stempel_DELTA-IMAGE_Quality.png?resize=594%2C593&amp;ssl=1 594w, https:\/\/i0.wp.com\/deltaimage.de\/wp\/wp-content\/uploads\/Stempel_DELTA-IMAGE_Quality.png?resize=450%2C450&amp;ssl=1 450w, https:\/\/i0.wp.com\/deltaimage.de\/wp\/wp-content\/uploads\/Stempel_DELTA-IMAGE_Quality.png?resize=75%2C75&amp;ssl=1 75w, https:\/\/i0.wp.com\/deltaimage.de\/wp\/wp-content\/uploads\/Stempel_DELTA-IMAGE_Quality.png?resize=400%2C400&amp;ssl=1 400w, https:\/\/i0.wp.com\/deltaimage.de\/wp\/wp-content\/uploads\/Stempel_DELTA-IMAGE_Quality.png?resize=50%2C50&amp;ssl=1 50w, https:\/\/i0.wp.com\/deltaimage.de\/wp\/wp-content\/uploads\/Stempel_DELTA-IMAGE_Quality.png?w=961&amp;ssl=1 961w\" sizes=\"auto, (max-width: 200px) 100vw, 200px\" \/><\/a>Nach vielen Wochen Regen und K\u00e4lte kommt nun der Sommer ins <strong>Dachauer Moos<\/strong>. Die Tiere im Moos zeigen den Wetter- und Stimmungswechsel durch ihren intensiven Aktivit\u00e4ten im Jahreskreis an. Es gilt ja schlie\u00dflich, einige Wochen in der Entwicklung nachzuholen.<\/p>\r\n<!-- \/wp:post-content -->\r\n\r\n<!-- wp:paragraph -->\r\n<p>Hier taucht ein <strong>Bl\u00e4sshuhn<\/strong> nach den Gr\u00e4sern am Seegrund.<\/p>\r\n<p><img data-recalc-dims=\"1\" loading=\"lazy\" decoding=\"async\" data-attachment-id=\"40074\" data-permalink=\"https:\/\/deltaimage.de\/wp\/?attachment_id=40074#main\" data-orig-file=\"https:\/\/i0.wp.com\/deltaimage.de\/wp\/wp-content\/uploads\/PE1D8502_900.jpg?fit=890%2C593&amp;ssl=1\" data-orig-size=\"890,593\" data-comments-opened=\"0\" data-image-meta=\"{&quot;aperture&quot;:&quot;4&quot;,&quot;credit&quot;:&quot;DELTA IMAGE Paul Eschbach&quot;,&quot;camera&quot;:&quot;Canon EOS-1D Mark III&quot;,&quot;caption&quot;:&quot;&quot;,&quot;created_timestamp&quot;:&quot;1685123028&quot;,&quot;copyright&quot;:&quot;&quot;,&quot;focal_length&quot;:&quot;400&quot;,&quot;iso&quot;:&quot;800&quot;,&quot;shutter_speed&quot;:&quot;0.00025&quot;,&quot;title&quot;:&quot;&quot;,&quot;orientation&quot;:&quot;0&quot;}\" data-image-title=\"PE1D8502_900\" data-image-description=\"\" data-image-caption=\"\" data-large-file=\"https:\/\/i0.wp.com\/deltaimage.de\/wp\/wp-content\/uploads\/PE1D8502_900.jpg?fit=890%2C593&amp;ssl=1\" class=\"aligncenter size-medium wp-image-40074\" src=\"https:\/\/i0.wp.com\/deltaimage.de\/wp\/wp-content\/uploads\/PE1D8502_900.jpg?resize=890%2C593&#038;ssl=1\" alt=\"\" width=\"890\" height=\"593\" srcset=\"https:\/\/i0.wp.com\/deltaimage.de\/wp\/wp-content\/uploads\/PE1D8502_900.jpg?w=890&amp;ssl=1 890w, https:\/\/i0.wp.com\/deltaimage.de\/wp\/wp-content\/uploads\/PE1D8502_900.jpg?resize=300%2C200&amp;ssl=1 300w, https:\/\/i0.wp.com\/deltaimage.de\/wp\/wp-content\/uploads\/PE1D8502_900.jpg?resize=675%2C450&amp;ssl=1 675w, https:\/\/i0.wp.com\/deltaimage.de\/wp\/wp-content\/uploads\/PE1D8502_900.jpg?resize=600%2C400&amp;ssl=1 600w, https:\/\/i0.wp.com\/deltaimage.de\/wp\/wp-content\/uploads\/PE1D8502_900.jpg?resize=200%2C133&amp;ssl=1 200w\" sizes=\"auto, (max-width: 890px) 100vw, 890px\" \/><\/p>\r\n<p>Nicht spektakul\u00e4r, aber einen Moment im Verhalten der Wasserv\u00f6gel sch\u00f6n im Bild festgehalten und f\u00fcr die BetrachterIn aus dem Zeitstrahl herausgel\u00f6st.<\/p>\r\n<p><!--more--><\/p>\r\n<p>&nbsp;<\/p>\r\n<h2>Die Rauschwalbe ist ein Kulturfolger und br\u00fctet in der Umgebung von Menschen<\/h2>\r\n<p>Die schnell fliegenden Schwalben kennt man schon als kleines Kind, zeigen sie doch einen bevorstehenden Wetterwechsel auf ein nahendes Gewitter oder einen Regen an.<\/p>\r\n<blockquote>\r\n<pre>Die Schwalben fliegen dann sehr tief, weil die Insekten als Nahrungsgrundlage durch die <br \/>ausbleibende Thermik nicht mehr nach oben getragen werden dann auch sehr tief fliegen.<\/pre>\r\n<\/blockquote>\r\n<p>Die Oberseite des Federkleides ist metallisch-blau gef\u00e4rbt und so im Sonnenlicht herrlich anzusehen.<\/p>\r\n<p><img data-recalc-dims=\"1\" loading=\"lazy\" decoding=\"async\" data-attachment-id=\"40077\" data-permalink=\"https:\/\/deltaimage.de\/wp\/?attachment_id=40077#main\" data-orig-file=\"https:\/\/i0.wp.com\/deltaimage.de\/wp\/wp-content\/uploads\/PE1D8490_900.jpg?fit=890%2C593&amp;ssl=1\" data-orig-size=\"890,593\" data-comments-opened=\"0\" data-image-meta=\"{&quot;aperture&quot;:&quot;5.6&quot;,&quot;credit&quot;:&quot;DELTA IMAGE Paul Eschbach&quot;,&quot;camera&quot;:&quot;Canon EOS-1D Mark III&quot;,&quot;caption&quot;:&quot;&quot;,&quot;created_timestamp&quot;:&quot;1685122738&quot;,&quot;copyright&quot;:&quot;&quot;,&quot;focal_length&quot;:&quot;400&quot;,&quot;iso&quot;:&quot;800&quot;,&quot;shutter_speed&quot;:&quot;0.0003125&quot;,&quot;title&quot;:&quot;&quot;,&quot;orientation&quot;:&quot;0&quot;}\" data-image-title=\"PE1D8490_900\" data-image-description=\"\" data-image-caption=\"\" data-large-file=\"https:\/\/i0.wp.com\/deltaimage.de\/wp\/wp-content\/uploads\/PE1D8490_900.jpg?fit=890%2C593&amp;ssl=1\" class=\"aligncenter size-medium wp-image-40077\" src=\"https:\/\/i0.wp.com\/deltaimage.de\/wp\/wp-content\/uploads\/PE1D8490_900.jpg?resize=890%2C593&#038;ssl=1\" alt=\"\" width=\"890\" height=\"593\" srcset=\"https:\/\/i0.wp.com\/deltaimage.de\/wp\/wp-content\/uploads\/PE1D8490_900.jpg?w=890&amp;ssl=1 890w, https:\/\/i0.wp.com\/deltaimage.de\/wp\/wp-content\/uploads\/PE1D8490_900.jpg?resize=300%2C200&amp;ssl=1 300w, https:\/\/i0.wp.com\/deltaimage.de\/wp\/wp-content\/uploads\/PE1D8490_900.jpg?resize=675%2C450&amp;ssl=1 675w, https:\/\/i0.wp.com\/deltaimage.de\/wp\/wp-content\/uploads\/PE1D8490_900.jpg?resize=600%2C400&amp;ssl=1 600w, https:\/\/i0.wp.com\/deltaimage.de\/wp\/wp-content\/uploads\/PE1D8490_900.jpg?resize=200%2C133&amp;ssl=1 200w\" sizes=\"auto, (max-width: 890px) 100vw, 890px\" \/><\/p>\r\n<p>Die <strong>Rauschwalbe<\/strong> ist ein Kulturfolger und nistet vor allem in der N\u00e4he von Menschen, bevorzugt innerhalb von Geb\u00e4uden. So wundert es nicht, sie im <strong>Dachauer Moos<\/strong> fliegen sehen zu k\u00f6nnen. Diese schnellen und flinken V\u00f6gel sind \u00e4u\u00dfert schwierig im Flug zu fotografieren, schauen wir uns die <strong>Rauchschwalbe<\/strong> im Sommerbeginn mit einigen Bildern an.<\/p>\r\n<p><img data-recalc-dims=\"1\" loading=\"lazy\" decoding=\"async\" data-attachment-id=\"40075\" data-permalink=\"https:\/\/deltaimage.de\/wp\/?attachment_id=40075#main\" data-orig-file=\"https:\/\/i0.wp.com\/deltaimage.de\/wp\/wp-content\/uploads\/PE1D8496_900.jpg?fit=890%2C593&amp;ssl=1\" data-orig-size=\"890,593\" data-comments-opened=\"0\" data-image-meta=\"{&quot;aperture&quot;:&quot;5.6&quot;,&quot;credit&quot;:&quot;DELTA IMAGE Paul Eschbach&quot;,&quot;camera&quot;:&quot;Canon EOS-1D Mark III&quot;,&quot;caption&quot;:&quot;&quot;,&quot;created_timestamp&quot;:&quot;1685122746&quot;,&quot;copyright&quot;:&quot;&quot;,&quot;focal_length&quot;:&quot;400&quot;,&quot;iso&quot;:&quot;800&quot;,&quot;shutter_speed&quot;:&quot;0.00025&quot;,&quot;title&quot;:&quot;&quot;,&quot;orientation&quot;:&quot;0&quot;}\" data-image-title=\"PE1D8496_900\" data-image-description=\"\" data-image-caption=\"\" data-large-file=\"https:\/\/i0.wp.com\/deltaimage.de\/wp\/wp-content\/uploads\/PE1D8496_900.jpg?fit=890%2C593&amp;ssl=1\" class=\"aligncenter size-medium wp-image-40075\" src=\"https:\/\/i0.wp.com\/deltaimage.de\/wp\/wp-content\/uploads\/PE1D8496_900.jpg?resize=890%2C593&#038;ssl=1\" alt=\"\" width=\"890\" height=\"593\" srcset=\"https:\/\/i0.wp.com\/deltaimage.de\/wp\/wp-content\/uploads\/PE1D8496_900.jpg?w=890&amp;ssl=1 890w, https:\/\/i0.wp.com\/deltaimage.de\/wp\/wp-content\/uploads\/PE1D8496_900.jpg?resize=300%2C200&amp;ssl=1 300w, https:\/\/i0.wp.com\/deltaimage.de\/wp\/wp-content\/uploads\/PE1D8496_900.jpg?resize=675%2C450&amp;ssl=1 675w, https:\/\/i0.wp.com\/deltaimage.de\/wp\/wp-content\/uploads\/PE1D8496_900.jpg?resize=600%2C400&amp;ssl=1 600w, https:\/\/i0.wp.com\/deltaimage.de\/wp\/wp-content\/uploads\/PE1D8496_900.jpg?resize=200%2C133&amp;ssl=1 200w\" sizes=\"auto, (max-width: 890px) 100vw, 890px\" \/><\/p>\r\n<p>Ganz knapp \u00fcber der Wasseroberfl\u00e4che trinkt die <strong>Rauchschwalbe<\/strong> im Flug Wasser mit dem Schnabel.<\/p>\r\n<p><img data-recalc-dims=\"1\" loading=\"lazy\" decoding=\"async\" data-attachment-id=\"40076\" data-permalink=\"https:\/\/deltaimage.de\/wp\/?attachment_id=40076#main\" data-orig-file=\"https:\/\/i0.wp.com\/deltaimage.de\/wp\/wp-content\/uploads\/PE1D8495_900.jpg?fit=890%2C593&amp;ssl=1\" data-orig-size=\"890,593\" data-comments-opened=\"0\" data-image-meta=\"{&quot;aperture&quot;:&quot;5.6&quot;,&quot;credit&quot;:&quot;DELTA IMAGE Paul Eschbach&quot;,&quot;camera&quot;:&quot;Canon EOS-1D Mark III&quot;,&quot;caption&quot;:&quot;&quot;,&quot;created_timestamp&quot;:&quot;1685122745&quot;,&quot;copyright&quot;:&quot;&quot;,&quot;focal_length&quot;:&quot;400&quot;,&quot;iso&quot;:&quot;800&quot;,&quot;shutter_speed&quot;:&quot;0.00025&quot;,&quot;title&quot;:&quot;&quot;,&quot;orientation&quot;:&quot;0&quot;}\" data-image-title=\"PE1D8495_900\" data-image-description=\"\" data-image-caption=\"\" data-large-file=\"https:\/\/i0.wp.com\/deltaimage.de\/wp\/wp-content\/uploads\/PE1D8495_900.jpg?fit=890%2C593&amp;ssl=1\" class=\"aligncenter size-medium wp-image-40076\" src=\"https:\/\/i0.wp.com\/deltaimage.de\/wp\/wp-content\/uploads\/PE1D8495_900.jpg?resize=890%2C593&#038;ssl=1\" alt=\"\" width=\"890\" height=\"593\" srcset=\"https:\/\/i0.wp.com\/deltaimage.de\/wp\/wp-content\/uploads\/PE1D8495_900.jpg?w=890&amp;ssl=1 890w, https:\/\/i0.wp.com\/deltaimage.de\/wp\/wp-content\/uploads\/PE1D8495_900.jpg?resize=300%2C200&amp;ssl=1 300w, https:\/\/i0.wp.com\/deltaimage.de\/wp\/wp-content\/uploads\/PE1D8495_900.jpg?resize=675%2C450&amp;ssl=1 675w, https:\/\/i0.wp.com\/deltaimage.de\/wp\/wp-content\/uploads\/PE1D8495_900.jpg?resize=600%2C400&amp;ssl=1 600w, https:\/\/i0.wp.com\/deltaimage.de\/wp\/wp-content\/uploads\/PE1D8495_900.jpg?resize=200%2C133&amp;ssl=1 200w\" sizes=\"auto, (max-width: 890px) 100vw, 890px\" \/><\/p>\r\n<p>Hier zeigt uns die <strong>Rauchschwalbe<\/strong> die ganze Sch\u00f6nheit ihres Federkleides und der Fl\u00fcgel &#8211; und das ganz knapp \u00fcber der Wasseroberfl\u00e4che.<\/p>\r\n<p>&nbsp;<\/p>\r\n<h2>Der Haubentaucher hat die K\u00fcken schon gro\u00dfgezogen und zieht wieder alleine \u00fcber den See<\/h2>\r\n<p>An diesem Tag ist der Himmel ganz klar, auch der Sahara-Sand ist wieder weitergezogen. Das sp\u00e4te Abendlicht spiegelt sich in der Wasseroberfl\u00e4che des Sees. Auf dem Titelbild scheint der <strong>Haubentaucher<\/strong> abwechselnd durch gr\u00fcnes und blaues Wasser zu schwimmen. Die F\u00e4rbung kommt von den umstehenden B\u00e4umen und Baumgruppen, die das Wasser mit dem noch jungen Laub entsprechend einf\u00e4rben.<\/p>\r\n<p><img data-recalc-dims=\"1\" loading=\"lazy\" decoding=\"async\" data-attachment-id=\"40079\" data-permalink=\"https:\/\/deltaimage.de\/wp\/?attachment_id=40079#main\" data-orig-file=\"https:\/\/i0.wp.com\/deltaimage.de\/wp\/wp-content\/uploads\/PE1D8467_1200.jpg?fit=1200%2C450&amp;ssl=1\" data-orig-size=\"1200,450\" data-comments-opened=\"0\" data-image-meta=\"{&quot;aperture&quot;:&quot;4&quot;,&quot;credit&quot;:&quot;DELTA IMAGE Paul Eschbach&quot;,&quot;camera&quot;:&quot;Canon EOS-1D Mark III&quot;,&quot;caption&quot;:&quot;&quot;,&quot;created_timestamp&quot;:&quot;1685122636&quot;,&quot;copyright&quot;:&quot;&quot;,&quot;focal_length&quot;:&quot;400&quot;,&quot;iso&quot;:&quot;800&quot;,&quot;shutter_speed&quot;:&quot;0.000125&quot;,&quot;title&quot;:&quot;&quot;,&quot;orientation&quot;:&quot;0&quot;}\" data-image-title=\"PE1D8467_1200\" data-image-description=\"\" data-image-caption=\"\" data-large-file=\"https:\/\/i0.wp.com\/deltaimage.de\/wp\/wp-content\/uploads\/PE1D8467_1200.jpg?fit=890%2C334&amp;ssl=1\" class=\"aligncenter size-medium wp-image-40079\" src=\"https:\/\/i0.wp.com\/deltaimage.de\/wp\/wp-content\/uploads\/PE1D8467_1200.jpg?resize=890%2C334&#038;ssl=1\" alt=\"\" width=\"890\" height=\"334\" srcset=\"https:\/\/i0.wp.com\/deltaimage.de\/wp\/wp-content\/uploads\/PE1D8467_1200.jpg?resize=900%2C338&amp;ssl=1 900w, https:\/\/i0.wp.com\/deltaimage.de\/wp\/wp-content\/uploads\/PE1D8467_1200.jpg?resize=300%2C113&amp;ssl=1 300w, https:\/\/i0.wp.com\/deltaimage.de\/wp\/wp-content\/uploads\/PE1D8467_1200.jpg?resize=890%2C334&amp;ssl=1 890w, https:\/\/i0.wp.com\/deltaimage.de\/wp\/wp-content\/uploads\/PE1D8467_1200.jpg?resize=1067%2C400&amp;ssl=1 1067w, https:\/\/i0.wp.com\/deltaimage.de\/wp\/wp-content\/uploads\/PE1D8467_1200.jpg?w=1200&amp;ssl=1 1200w\" sizes=\"auto, (max-width: 890px) 100vw, 890px\" \/><\/p>\r\n<p>Der Haubentaucher holt sich die Nahrung aus dem Wasser und taucht dazu nach Pflanzen und kleinen Fischen. Ansonsten zieht er ganz ruhig seine Bahnen in dem See.<\/p>\r\n<p><img data-recalc-dims=\"1\" loading=\"lazy\" decoding=\"async\" data-attachment-id=\"40078\" data-permalink=\"https:\/\/deltaimage.de\/wp\/?attachment_id=40078#main\" data-orig-file=\"https:\/\/i0.wp.com\/deltaimage.de\/wp\/wp-content\/uploads\/PE1D8461_900.jpg?fit=890%2C593&amp;ssl=1\" data-orig-size=\"890,593\" data-comments-opened=\"0\" data-image-meta=\"{&quot;aperture&quot;:&quot;4&quot;,&quot;credit&quot;:&quot;DELTA IMAGE Paul Eschbach&quot;,&quot;camera&quot;:&quot;Canon EOS-1D Mark III&quot;,&quot;caption&quot;:&quot;&quot;,&quot;created_timestamp&quot;:&quot;1685122630&quot;,&quot;copyright&quot;:&quot;&quot;,&quot;focal_length&quot;:&quot;400&quot;,&quot;iso&quot;:&quot;800&quot;,&quot;shutter_speed&quot;:&quot;0.000125&quot;,&quot;title&quot;:&quot;&quot;,&quot;orientation&quot;:&quot;0&quot;}\" data-image-title=\"PE1D8461_900\" data-image-description=\"\" data-image-caption=\"\" data-large-file=\"https:\/\/i0.wp.com\/deltaimage.de\/wp\/wp-content\/uploads\/PE1D8461_900.jpg?fit=890%2C593&amp;ssl=1\" class=\"aligncenter size-medium wp-image-40078\" src=\"https:\/\/i0.wp.com\/deltaimage.de\/wp\/wp-content\/uploads\/PE1D8461_900.jpg?resize=890%2C593&#038;ssl=1\" alt=\"\" width=\"890\" height=\"593\" srcset=\"https:\/\/i0.wp.com\/deltaimage.de\/wp\/wp-content\/uploads\/PE1D8461_900.jpg?w=890&amp;ssl=1 890w, https:\/\/i0.wp.com\/deltaimage.de\/wp\/wp-content\/uploads\/PE1D8461_900.jpg?resize=300%2C200&amp;ssl=1 300w, https:\/\/i0.wp.com\/deltaimage.de\/wp\/wp-content\/uploads\/PE1D8461_900.jpg?resize=675%2C450&amp;ssl=1 675w, https:\/\/i0.wp.com\/deltaimage.de\/wp\/wp-content\/uploads\/PE1D8461_900.jpg?resize=600%2C400&amp;ssl=1 600w, https:\/\/i0.wp.com\/deltaimage.de\/wp\/wp-content\/uploads\/PE1D8461_900.jpg?resize=200%2C133&amp;ssl=1 200w\" sizes=\"auto, (max-width: 890px) 100vw, 890px\" \/><\/p>\r\n<!-- \/wp:paragraph -->\r\n\r\n<!-- wp:paragraph \/-->\r\n\r\n<!-- wp:paragraph \/-->\r\n\r\n<!-- wp:paragraph \/-->\r\n\r\n<!-- wp:paragraph -->\r\n<p>&nbsp;<\/p>\r\n<h2>Ein Goldlaufk\u00e4fer krabbelt direkt neben mir<\/h2>\r\n<blockquote>\r\n<pre>Was krabbelt denn da am Boden neben mir?<\/pre>\r\n<\/blockquote>\r\n<p>Am meisten sehen und auch lernen kann man unmittelbar in der Natur drau\u00dfen, indem man die Augen offen h\u00e4lt. Ich fotografiere gerade die Wasserv\u00f6gel auf einem kleinen See, da f\u00e4llt mir dieser herrliche K\u00e4fer am Boden auf.<\/p>\r\n<p>Mit einem Objektiv mit 500 mm Brennweite und ohne Stativ kein leichtes Unterfangen, aber ein Bild wird ganz sehr gut.<\/p>\r\n<p><img data-recalc-dims=\"1\" loading=\"lazy\" decoding=\"async\" data-attachment-id=\"40072\" data-permalink=\"https:\/\/deltaimage.de\/wp\/?attachment_id=40072#main\" data-orig-file=\"https:\/\/i0.wp.com\/deltaimage.de\/wp\/wp-content\/uploads\/PE1D8477_900.jpg?fit=890%2C593&amp;ssl=1\" data-orig-size=\"890,593\" data-comments-opened=\"0\" data-image-meta=\"{&quot;aperture&quot;:&quot;4&quot;,&quot;credit&quot;:&quot;DELTA IMAGE Paul Eschbach&quot;,&quot;camera&quot;:&quot;Canon EOS-1D Mark III&quot;,&quot;caption&quot;:&quot;&quot;,&quot;created_timestamp&quot;:&quot;1685122660&quot;,&quot;copyright&quot;:&quot;&quot;,&quot;focal_length&quot;:&quot;400&quot;,&quot;iso&quot;:&quot;800&quot;,&quot;shutter_speed&quot;:&quot;0.001&quot;,&quot;title&quot;:&quot;&quot;,&quot;orientation&quot;:&quot;0&quot;}\" data-image-title=\"PE1D8477_900\" data-image-description=\"\" data-image-caption=\"\" data-large-file=\"https:\/\/i0.wp.com\/deltaimage.de\/wp\/wp-content\/uploads\/PE1D8477_900.jpg?fit=890%2C593&amp;ssl=1\" class=\"aligncenter size-full wp-image-40072\" src=\"https:\/\/i0.wp.com\/deltaimage.de\/wp\/wp-content\/uploads\/PE1D8477_900.jpg?resize=890%2C593&#038;ssl=1\" alt=\"\" width=\"890\" height=\"593\" srcset=\"https:\/\/i0.wp.com\/deltaimage.de\/wp\/wp-content\/uploads\/PE1D8477_900.jpg?w=890&amp;ssl=1 890w, https:\/\/i0.wp.com\/deltaimage.de\/wp\/wp-content\/uploads\/PE1D8477_900.jpg?resize=300%2C200&amp;ssl=1 300w, https:\/\/i0.wp.com\/deltaimage.de\/wp\/wp-content\/uploads\/PE1D8477_900.jpg?resize=675%2C450&amp;ssl=1 675w, https:\/\/i0.wp.com\/deltaimage.de\/wp\/wp-content\/uploads\/PE1D8477_900.jpg?resize=600%2C400&amp;ssl=1 600w, https:\/\/i0.wp.com\/deltaimage.de\/wp\/wp-content\/uploads\/PE1D8477_900.jpg?resize=200%2C133&amp;ssl=1 200w\" sizes=\"auto, (max-width: 890px) 100vw, 890px\" \/><\/p>\r\n<p>Der <strong>Goldlaufk\u00e4fer<\/strong> kann auch leicht mit dem <strong>Goldgl\u00e4nzenden Laufk\u00e4fer<\/strong> verwechselt werden, vieles sieht sehr \u00e4hnlich aus. Die Unterscheidungsmerkmale sind vor allem die Anzahl der rot gef\u00e4rbten ersten vier\u00a0F\u00fchlerglieder, hier sind sie eindeutig rot und damit ein Goldlaufk\u00e4fer.<\/p>\r\n<p>&nbsp;<\/p>\r\n<h2>Friedliche Hornisse in einem T\u00fcmpel auf Nahrungssuche<\/h2>\r\n<p>Mit offenen Augen durch die Natur gehen, er\u00f6ffnet jeden Tag neue Sch\u00f6nheiten und Erkenntnisse dem Wanderer. Hier sitzt eine friedliche Hornisse in einem T\u00fcmpel und sucht nach Nahrung.<\/p>\r\n<p><img data-recalc-dims=\"1\" loading=\"lazy\" decoding=\"async\" data-attachment-id=\"40085\" data-permalink=\"https:\/\/deltaimage.de\/wp\/?attachment_id=40085#main\" data-orig-file=\"https:\/\/i0.wp.com\/deltaimage.de\/wp\/wp-content\/uploads\/PE5D6288_900.jpg?fit=890%2C593&amp;ssl=1\" data-orig-size=\"890,593\" data-comments-opened=\"0\" data-image-meta=\"{&quot;aperture&quot;:&quot;5.6&quot;,&quot;credit&quot;:&quot;Paul Eschbach&quot;,&quot;camera&quot;:&quot;Canon EOS 5DS R&quot;,&quot;caption&quot;:&quot;&quot;,&quot;created_timestamp&quot;:&quot;1683463356&quot;,&quot;copyright&quot;:&quot;DELTA IMAGE www.deltaimage.de&quot;,&quot;focal_length&quot;:&quot;400&quot;,&quot;iso&quot;:&quot;800&quot;,&quot;shutter_speed&quot;:&quot;0.0003125&quot;,&quot;title&quot;:&quot;&quot;,&quot;orientation&quot;:&quot;0&quot;}\" data-image-title=\"PE5D6288_900\" data-image-description=\"\" data-image-caption=\"\" data-large-file=\"https:\/\/i0.wp.com\/deltaimage.de\/wp\/wp-content\/uploads\/PE5D6288_900.jpg?fit=890%2C593&amp;ssl=1\" class=\"aligncenter size-full wp-image-40085\" src=\"https:\/\/i0.wp.com\/deltaimage.de\/wp\/wp-content\/uploads\/PE5D6288_900.jpg?resize=890%2C593&#038;ssl=1\" alt=\"\" width=\"890\" height=\"593\" srcset=\"https:\/\/i0.wp.com\/deltaimage.de\/wp\/wp-content\/uploads\/PE5D6288_900.jpg?w=890&amp;ssl=1 890w, https:\/\/i0.wp.com\/deltaimage.de\/wp\/wp-content\/uploads\/PE5D6288_900.jpg?resize=300%2C200&amp;ssl=1 300w, https:\/\/i0.wp.com\/deltaimage.de\/wp\/wp-content\/uploads\/PE5D6288_900.jpg?resize=675%2C450&amp;ssl=1 675w, https:\/\/i0.wp.com\/deltaimage.de\/wp\/wp-content\/uploads\/PE5D6288_900.jpg?resize=600%2C400&amp;ssl=1 600w, https:\/\/i0.wp.com\/deltaimage.de\/wp\/wp-content\/uploads\/PE5D6288_900.jpg?resize=200%2C133&amp;ssl=1 200w\" sizes=\"auto, (max-width: 890px) 100vw, 890px\" \/><\/p>\r\n<p>Hornissen haben einen Stachel, mit dem sie sich verteidigen, aber nicht angreifen. Daher sind Hornissen f\u00fcr den Menschen i.d.R. nicht gef\u00e4hrlich &#8211; vor allem nicht, wenn wir Sie in Ruhe lassen. In Deutschland ist die Hornisse eine nach der Bundesartenschutzverordnung\u00a0besonders gesch\u00fctzte\u00a0Art.<\/p>\r\n<!-- \/wp:paragraph -->","protected":false},"excerpt":{"rendered":"<p>Nach vielen Wochen Regen und K\u00e4lte kommt nun der Sommer ins Dachauer Moos. Die Tiere im Moos zeigen den Wetter- und Stimmungswechsel durch ihren intensiven Aktivit\u00e4ten im Jahreskreis an. Es [&hellip;]<\/p>\n","protected":false},"author":1,"featured_media":40079,"comment_status":"open","ping_status":"closed","sticky":false,"template":"","format":"standard","meta":{"wpupg_custom_link":[],"wpupg_custom_link_behaviour":["default"],"wpupg_custom_link_nofollow":["default"],"wpupg_custom_image":[],"wpupg_custom_image_id":[],"jetpack_post_was_ever_published":false,"footnotes":""},"categories":[2523,3217,8],"tags":[3415,775,3486,3424,3487,3481,197],"class_list":["post-40070","post","type-post","status-publish","format-standard","has-post-thumbnail","hentry","category-dachauer-moos","category-naturfotografie","category-news","tag-blaesshuhn","tag-dachauer-moos","tag-goldlaufkaefer","tag-haubentaucher","tag-hornisse","tag-kiebitz","tag-sommer"],"jetpack_featured_media_url":"https:\/\/i0.wp.com\/deltaimage.de\/wp\/wp-content\/uploads\/PE1D8467_1200.jpg?fit=1200%2C450&ssl=1","jetpack-related-posts":[{"id":40344,"url":"https:\/\/deltaimage.de\/wp\/?p=40344","url_meta":{"origin":40070,"position":0},"title":"Sommer und Radlausfl\u00fcge im Dachauer Moos","author":"EschbacP","date":"20. Juni 2023","format":false,"excerpt":"Sommerzeit ist Ausflugszeit und nichts liegt n\u00e4her, als die eigene Umgebung zu Hause daf\u00fcr zu nutzen. Zu Fu\u00df und auch mit dem Radl, l\u00e4sst sich die Landschaft im Dachauer Moos so herrlich durchstreifen und nach sommerlichen Fotomotiven erkunden. Im Juni ist die Flora und Fauna auf Hochtouren und es lassen\u2026","rel":"","context":"In &quot;Dachauer Land&quot;","block_context":{"text":"Dachauer Land","link":"https:\/\/deltaimage.de\/wp\/?cat=3010"},"img":{"alt_text":"","src":"https:\/\/i0.wp.com\/deltaimage.de\/wp\/wp-content\/uploads\/PE1S1188_1200.jpg?fit=1200%2C450&ssl=1&resize=350%2C200","width":350,"height":200,"srcset":"https:\/\/i0.wp.com\/deltaimage.de\/wp\/wp-content\/uploads\/PE1S1188_1200.jpg?fit=1200%2C450&ssl=1&resize=350%2C200 1x, https:\/\/i0.wp.com\/deltaimage.de\/wp\/wp-content\/uploads\/PE1S1188_1200.jpg?fit=1200%2C450&ssl=1&resize=525%2C300 1.5x, https:\/\/i0.wp.com\/deltaimage.de\/wp\/wp-content\/uploads\/PE1S1188_1200.jpg?fit=1200%2C450&ssl=1&resize=700%2C400 2x, https:\/\/i0.wp.com\/deltaimage.de\/wp\/wp-content\/uploads\/PE1S1188_1200.jpg?fit=1200%2C450&ssl=1&resize=1050%2C600 3x"},"classes":[]},{"id":40320,"url":"https:\/\/deltaimage.de\/wp\/?p=40320","url_meta":{"origin":40070,"position":1},"title":"Natur im Dachauer Moos erleben &#8211; Turmfalke im R\u00fcttelflug","author":"EschbacP","date":"14. Juni 2023","format":false,"excerpt":"In den letzten 4 Wochen ist der Sommer im Dachauer Moos in den vollen Z\u00fcgen. Sonne und W\u00e4rme den ganzen Tag, die ganze Woche und auch schon fast den ganzen Monat. Im Dachauer Moos sieht die WandererIn dies auch in der Landschaft. Die vielen Streuwiesen lassen bei Sonne und W\u00e4rme\u2026","rel":"","context":"In &quot;Dachauer Land&quot;","block_context":{"text":"Dachauer Land","link":"https:\/\/deltaimage.de\/wp\/?cat=3010"},"img":{"alt_text":"","src":"https:\/\/i0.wp.com\/deltaimage.de\/wp\/wp-content\/uploads\/PE1D0100_1200.jpg?fit=1200%2C450&ssl=1&resize=350%2C200","width":350,"height":200,"srcset":"https:\/\/i0.wp.com\/deltaimage.de\/wp\/wp-content\/uploads\/PE1D0100_1200.jpg?fit=1200%2C450&ssl=1&resize=350%2C200 1x, https:\/\/i0.wp.com\/deltaimage.de\/wp\/wp-content\/uploads\/PE1D0100_1200.jpg?fit=1200%2C450&ssl=1&resize=525%2C300 1.5x, https:\/\/i0.wp.com\/deltaimage.de\/wp\/wp-content\/uploads\/PE1D0100_1200.jpg?fit=1200%2C450&ssl=1&resize=700%2C400 2x, https:\/\/i0.wp.com\/deltaimage.de\/wp\/wp-content\/uploads\/PE1D0100_1200.jpg?fit=1200%2C450&ssl=1&resize=1050%2C600 3x"},"classes":[]},{"id":49496,"url":"https:\/\/deltaimage.de\/wp\/?p=49496","url_meta":{"origin":40070,"position":2},"title":"Der Sommer beginnt im Dachauer Moos","author":"EschbacP","date":"1. Juni 2025","format":false,"excerpt":"Der Mai ist zu Ende und der Vorsommer zieht langsam \u00fcber das Dachauer Moos. Das Licht ver\u00e4ndert sich vom luftigen Fr\u00fchling zwischen sp\u00e4rlichem Laub, zum dominanten und dramatischen Licht des Sommers, auch wenn der kalendarische Sommerbeginn noch einige Wochen braucht. Der Sommer ist da! Die Landschaft ver\u00e4ndert sich, die B\u00e4ume\u2026","rel":"","context":"In &quot;Dachauer Land&quot;","block_context":{"text":"Dachauer Land","link":"https:\/\/deltaimage.de\/wp\/?cat=3010"},"img":{"alt_text":"","src":"https:\/\/i0.wp.com\/deltaimage.de\/wp\/wp-content\/uploads\/IMG_8955_1200.jpg?fit=1200%2C450&ssl=1&resize=350%2C200","width":350,"height":200,"srcset":"https:\/\/i0.wp.com\/deltaimage.de\/wp\/wp-content\/uploads\/IMG_8955_1200.jpg?fit=1200%2C450&ssl=1&resize=350%2C200 1x, https:\/\/i0.wp.com\/deltaimage.de\/wp\/wp-content\/uploads\/IMG_8955_1200.jpg?fit=1200%2C450&ssl=1&resize=525%2C300 1.5x, https:\/\/i0.wp.com\/deltaimage.de\/wp\/wp-content\/uploads\/IMG_8955_1200.jpg?fit=1200%2C450&ssl=1&resize=700%2C400 2x, https:\/\/i0.wp.com\/deltaimage.de\/wp\/wp-content\/uploads\/IMG_8955_1200.jpg?fit=1200%2C450&ssl=1&resize=1050%2C600 3x"},"classes":[]},{"id":40249,"url":"https:\/\/deltaimage.de\/wp\/?p=40249","url_meta":{"origin":40070,"position":3},"title":"\u00dcber den Streuwiesen im Dachauer Moos in diesem Sommer","author":"EschbacP","date":"4. Juni 2023","format":false,"excerpt":"Das Dachauer Moos wird zu gro\u00dfen Teilen als Streuwiesen in der Landwirtschaft genutzt. In Feld und Flur w\u00e4chst alles in den letzten Wochen bei durchgehendem Sonnenschein und mehreren Wochen Regen zuvor. An einem Sonntagnachmittag, wendet der Landwirt, mit seinem Traktor und Graswender, das frisch geschnittene, lange Gras. Das alleine ist\u2026","rel":"","context":"In &quot;Dachauer Moos&quot;","block_context":{"text":"Dachauer Moos","link":"https:\/\/deltaimage.de\/wp\/?cat=2523"},"img":{"alt_text":"","src":"https:\/\/i0.wp.com\/deltaimage.de\/wp\/wp-content\/uploads\/IMG_6825_1200.jpg?fit=1200%2C450&ssl=1&resize=350%2C200","width":350,"height":200,"srcset":"https:\/\/i0.wp.com\/deltaimage.de\/wp\/wp-content\/uploads\/IMG_6825_1200.jpg?fit=1200%2C450&ssl=1&resize=350%2C200 1x, https:\/\/i0.wp.com\/deltaimage.de\/wp\/wp-content\/uploads\/IMG_6825_1200.jpg?fit=1200%2C450&ssl=1&resize=525%2C300 1.5x, https:\/\/i0.wp.com\/deltaimage.de\/wp\/wp-content\/uploads\/IMG_6825_1200.jpg?fit=1200%2C450&ssl=1&resize=700%2C400 2x, https:\/\/i0.wp.com\/deltaimage.de\/wp\/wp-content\/uploads\/IMG_6825_1200.jpg?fit=1200%2C450&ssl=1&resize=1050%2C600 3x"},"classes":[]},{"id":41547,"url":"https:\/\/deltaimage.de\/wp\/?p=41547","url_meta":{"origin":40070,"position":4},"title":"Der Sommer sagt im Dachauer Moos langsam Servus","author":"EschbacP","date":"24. September 2023","format":false,"excerpt":"Der Sommer hatte dieses Jahr wahre H\u00f6hepunkte und war als Erlebnis wunderbar, gepaart mit zu wenig Wasser und Niederschl\u00e4ge in der Natur und hier auch im Dachauer Moos. Die Wasserfl\u00e4chen im Dachauer Moos sind gleich mehrmals trocken gefallen. Das sind harte Bedingungen f\u00fcr die Flora und Fauna im Moos. Mitte\u2026","rel":"","context":"In &quot;Dachauer Land&quot;","block_context":{"text":"Dachauer Land","link":"https:\/\/deltaimage.de\/wp\/?cat=3010"},"img":{"alt_text":"","src":"https:\/\/i0.wp.com\/deltaimage.de\/wp\/wp-content\/uploads\/IMG_0850_1200.jpg?fit=1200%2C450&ssl=1&resize=350%2C200","width":350,"height":200,"srcset":"https:\/\/i0.wp.com\/deltaimage.de\/wp\/wp-content\/uploads\/IMG_0850_1200.jpg?fit=1200%2C450&ssl=1&resize=350%2C200 1x, https:\/\/i0.wp.com\/deltaimage.de\/wp\/wp-content\/uploads\/IMG_0850_1200.jpg?fit=1200%2C450&ssl=1&resize=525%2C300 1.5x, https:\/\/i0.wp.com\/deltaimage.de\/wp\/wp-content\/uploads\/IMG_0850_1200.jpg?fit=1200%2C450&ssl=1&resize=700%2C400 2x, https:\/\/i0.wp.com\/deltaimage.de\/wp\/wp-content\/uploads\/IMG_0850_1200.jpg?fit=1200%2C450&ssl=1&resize=1050%2C600 3x"},"classes":[]},{"id":52079,"url":"https:\/\/deltaimage.de\/wp\/?p=52079","url_meta":{"origin":40070,"position":5},"title":"V\u00f6gel beobachten und fotografieren im Dachauer Moos &#8211; Eichelh\u00e4her mit K\u00fccken","author":"EschbacP","date":"10. September 2025","format":false,"excerpt":"Das Beobachten der Naturlandschaft ist ein ganz wesentlicher Bestandteil der Natur- und Landschaftsfotografie. Dabei sucht die FotografIn immer wieder die gleichen Orte in der Naturlandschaft auf, immer die Details beobachtend. Vieles ist dabei bekannt und unver\u00e4ndert. Doch dann ist etwas anders und beim genaueren Hinsehen, eine neue Spezies ist \u00fcberraschenderweise\u2026","rel":"","context":"In &quot;Dachauer Land&quot;","block_context":{"text":"Dachauer Land","link":"https:\/\/deltaimage.de\/wp\/?cat=3010"},"img":{"alt_text":"","src":"https:\/\/i0.wp.com\/deltaimage.de\/wp\/wp-content\/uploads\/PE1D5121_1200.jpg?fit=1200%2C450&ssl=1&resize=350%2C200","width":350,"height":200,"srcset":"https:\/\/i0.wp.com\/deltaimage.de\/wp\/wp-content\/uploads\/PE1D5121_1200.jpg?fit=1200%2C450&ssl=1&resize=350%2C200 1x, https:\/\/i0.wp.com\/deltaimage.de\/wp\/wp-content\/uploads\/PE1D5121_1200.jpg?fit=1200%2C450&ssl=1&resize=525%2C300 1.5x, https:\/\/i0.wp.com\/deltaimage.de\/wp\/wp-content\/uploads\/PE1D5121_1200.jpg?fit=1200%2C450&ssl=1&resize=700%2C400 2x, https:\/\/i0.wp.com\/deltaimage.de\/wp\/wp-content\/uploads\/PE1D5121_1200.jpg?fit=1200%2C450&ssl=1&resize=1050%2C600 3x"},"classes":[]}],"jetpack_sharing_enabled":true,"_links":{"self":[{"href":"https:\/\/deltaimage.de\/wp\/index.php?rest_route=\/wp\/v2\/posts\/40070","targetHints":{"allow":["GET"]}}],"collection":[{"href":"https:\/\/deltaimage.de\/wp\/index.php?rest_route=\/wp\/v2\/posts"}],"about":[{"href":"https:\/\/deltaimage.de\/wp\/index.php?rest_route=\/wp\/v2\/types\/post"}],"author":[{"embeddable":true,"href":"https:\/\/deltaimage.de\/wp\/index.php?rest_route=\/wp\/v2\/users\/1"}],"replies":[{"embeddable":true,"href":"https:\/\/deltaimage.de\/wp\/index.php?rest_route=%2Fwp%2Fv2%2Fcomments&post=40070"}],"version-history":[{"count":7,"href":"https:\/\/deltaimage.de\/wp\/index.php?rest_route=\/wp\/v2\/posts\/40070\/revisions"}],"predecessor-version":[{"id":51463,"href":"https:\/\/deltaimage.de\/wp\/index.php?rest_route=\/wp\/v2\/posts\/40070\/revisions\/51463"}],"wp:featuredmedia":[{"embeddable":true,"href":"https:\/\/deltaimage.de\/wp\/index.php?rest_route=\/wp\/v2\/media\/40079"}],"wp:attachment":[{"href":"https:\/\/deltaimage.de\/wp\/index.php?rest_route=%2Fwp%2Fv2%2Fmedia&parent=40070"}],"wp:term":[{"taxonomy":"category","embeddable":true,"href":"https:\/\/deltaimage.de\/wp\/index.php?rest_route=%2Fwp%2Fv2%2Fcategories&post=40070"},{"taxonomy":"post_tag","embeddable":true,"href":"https:\/\/deltaimage.de\/wp\/index.php?rest_route=%2Fwp%2Fv2%2Ftags&post=40070"}],"curies":[{"name":"wp","href":"https:\/\/api.w.org\/{rel}","templated":true}]}}