{"id":40310,"date":"2023-06-13T19:41:51","date_gmt":"2023-06-13T18:41:51","guid":{"rendered":"https:\/\/deltaimage.de\/wp\/?p=40310"},"modified":"2025-08-21T19:23:35","modified_gmt":"2025-08-21T17:23:35","slug":"sommerzeit-ist-libellenzeit-im-dachauer-moos","status":"publish","type":"post","link":"https:\/\/deltaimage.de\/wp\/?p=40310","title":{"rendered":"Sommerzeit ist Libellenzeit im Dachauer Moos"},"content":{"rendered":"<p><a href=\"https:\/\/deltaimage.de\/wp\/?page_id=40118\"><img data-recalc-dims=\"1\" loading=\"lazy\" decoding=\"async\" data-attachment-id=\"40115\" data-permalink=\"https:\/\/deltaimage.de\/wp\/?attachment_id=40115#main\" data-orig-file=\"https:\/\/i0.wp.com\/deltaimage.de\/wp\/wp-content\/uploads\/Stempel_DELTA-IMAGE_Quality.png?fit=961%2C960&amp;ssl=1\" data-orig-size=\"961,960\" data-comments-opened=\"1\" data-image-meta=\"{&quot;aperture&quot;:&quot;0&quot;,&quot;credit&quot;:&quot;&quot;,&quot;camera&quot;:&quot;&quot;,&quot;caption&quot;:&quot;&quot;,&quot;created_timestamp&quot;:&quot;0&quot;,&quot;copyright&quot;:&quot;&quot;,&quot;focal_length&quot;:&quot;0&quot;,&quot;iso&quot;:&quot;0&quot;,&quot;shutter_speed&quot;:&quot;0&quot;,&quot;title&quot;:&quot;&quot;,&quot;orientation&quot;:&quot;0&quot;}\" data-image-title=\"Stempel_DELTA IMAGE_Quality\" data-image-description=\"\" data-image-caption=\"\" data-large-file=\"https:\/\/i0.wp.com\/deltaimage.de\/wp\/wp-content\/uploads\/Stempel_DELTA-IMAGE_Quality.png?fit=890%2C889&amp;ssl=1\" class=\"alignright wp-image-40115 size-thumbnail\" src=\"https:\/\/i0.wp.com\/deltaimage.de\/wp\/wp-content\/uploads\/Stempel_DELTA-IMAGE_Quality.png?resize=200%2C200&#038;ssl=1\" alt=\"\" width=\"200\" height=\"200\" srcset=\"https:\/\/i0.wp.com\/deltaimage.de\/wp\/wp-content\/uploads\/Stempel_DELTA-IMAGE_Quality.png?resize=200%2C200&amp;ssl=1 200w, https:\/\/i0.wp.com\/deltaimage.de\/wp\/wp-content\/uploads\/Stempel_DELTA-IMAGE_Quality.png?resize=601%2C600&amp;ssl=1 601w, https:\/\/i0.wp.com\/deltaimage.de\/wp\/wp-content\/uploads\/Stempel_DELTA-IMAGE_Quality.png?resize=594%2C593&amp;ssl=1 594w, https:\/\/i0.wp.com\/deltaimage.de\/wp\/wp-content\/uploads\/Stempel_DELTA-IMAGE_Quality.png?resize=450%2C450&amp;ssl=1 450w, https:\/\/i0.wp.com\/deltaimage.de\/wp\/wp-content\/uploads\/Stempel_DELTA-IMAGE_Quality.png?resize=75%2C75&amp;ssl=1 75w, https:\/\/i0.wp.com\/deltaimage.de\/wp\/wp-content\/uploads\/Stempel_DELTA-IMAGE_Quality.png?resize=400%2C400&amp;ssl=1 400w, https:\/\/i0.wp.com\/deltaimage.de\/wp\/wp-content\/uploads\/Stempel_DELTA-IMAGE_Quality.png?resize=50%2C50&amp;ssl=1 50w, https:\/\/i0.wp.com\/deltaimage.de\/wp\/wp-content\/uploads\/Stempel_DELTA-IMAGE_Quality.png?w=961&amp;ssl=1 961w\" sizes=\"auto, (max-width: 200px) 100vw, 200px\" \/><\/a>Die Sommermonate Juni und Juli sind im <strong>Dachauer Moos<\/strong> auch die intensivsten Monate mit den unz\u00e4hligen Arten der <strong>Libellen<\/strong>. Die warmen Sonnenstrahlen bringen die <strong>Kleinlibellen<\/strong> und danach auch die <strong>Gro\u00dflibellen<\/strong> zum Flug, auf der Suche nach Nahrung und zur Fortpflanzung, das werden wir auch noch sehen.<\/p>\n<p>Mit den Jahren lernt auch die FotografIn die <strong>Libellenarten<\/strong> im Flug zu unterscheiden und kann damit schon etwas auf das Verhalten schlie\u00dfen. <strong>Kleinlibellen<\/strong> verhalten sich ganz anders als die <strong>Gro\u00dflibellen<\/strong> &#8211; gerade was die M\u00f6glichkeiten zum Fotografieren bedeutet.<\/p>\n<p>&nbsp;<\/p>\n<h2>Der Blaue Pfeil (Libelle) ist eine meiner liebsten Fotomotive im Moos<\/h2>\n<p>Der <strong>Blaue Pfeil<\/strong> f\u00e4llt im Moos durch seinen herrlich hellblau gef\u00e4rbten Hinterteil (Abdomen) ganz besonders auf. Es ist eine <strong>Gro\u00dflibelle<\/strong>, wie man an der Fl\u00fcgelhaltung im Ansitz sehr gut erkennen kann. Die <strong>Gro\u00dflibellen<\/strong> halten die Fl\u00fcgelpaare vergleichbar einem Flugzeug am Boden &#8211; parallel und ausgestreckt.<\/p>\n<p>Der <strong>Blaue Pfeil<\/strong> ist leicht mit dem sehr \u00e4hnlich aussehenden Plattbauch und Spitzenfleck zu verwechseln. Die nachfolgende Libelle ist ein <strong>Blauer Pfeil<\/strong> &#8211; f\u00fcr mich als Fotograf sind diese alle <strong>Blaue Pfeile<\/strong> im Flug und auf der Sitzwarte.<\/p>\n<p><img data-recalc-dims=\"1\" loading=\"lazy\" decoding=\"async\" data-attachment-id=\"40297\" data-permalink=\"https:\/\/deltaimage.de\/wp\/?attachment_id=40297#main\" data-orig-file=\"https:\/\/i0.wp.com\/deltaimage.de\/wp\/wp-content\/uploads\/IMG_7283_900.jpg?fit=890%2C593&amp;ssl=1\" data-orig-size=\"890,593\" data-comments-opened=\"1\" data-image-meta=\"{&quot;aperture&quot;:&quot;9&quot;,&quot;credit&quot;:&quot;PAUL ESCHBACH&quot;,&quot;camera&quot;:&quot;Canon EOS 80D&quot;,&quot;caption&quot;:&quot;&quot;,&quot;created_timestamp&quot;:&quot;1686484948&quot;,&quot;copyright&quot;:&quot;Paul Eschbach @ DELTA IMAGE&quot;,&quot;focal_length&quot;:&quot;180&quot;,&quot;iso&quot;:&quot;200&quot;,&quot;shutter_speed&quot;:&quot;0.0015625&quot;,&quot;title&quot;:&quot;&quot;,&quot;orientation&quot;:&quot;0&quot;}\" data-image-title=\"IMG_7283_900\" data-image-description=\"\" data-image-caption=\"\" data-large-file=\"https:\/\/i0.wp.com\/deltaimage.de\/wp\/wp-content\/uploads\/IMG_7283_900.jpg?fit=890%2C593&amp;ssl=1\" class=\"aligncenter size-full wp-image-40297\" src=\"https:\/\/i0.wp.com\/deltaimage.de\/wp\/wp-content\/uploads\/IMG_7283_900.jpg?resize=890%2C593&#038;ssl=1\" alt=\"\" width=\"890\" height=\"593\" srcset=\"https:\/\/i0.wp.com\/deltaimage.de\/wp\/wp-content\/uploads\/IMG_7283_900.jpg?w=890&amp;ssl=1 890w, https:\/\/i0.wp.com\/deltaimage.de\/wp\/wp-content\/uploads\/IMG_7283_900.jpg?resize=300%2C200&amp;ssl=1 300w, https:\/\/i0.wp.com\/deltaimage.de\/wp\/wp-content\/uploads\/IMG_7283_900.jpg?resize=675%2C450&amp;ssl=1 675w, https:\/\/i0.wp.com\/deltaimage.de\/wp\/wp-content\/uploads\/IMG_7283_900.jpg?resize=600%2C400&amp;ssl=1 600w, https:\/\/i0.wp.com\/deltaimage.de\/wp\/wp-content\/uploads\/IMG_7283_900.jpg?resize=200%2C133&amp;ssl=1 200w\" sizes=\"auto, (max-width: 890px) 100vw, 890px\" \/><\/p>\n<p>Die <strong>Libellen<\/strong> werden \u00fcblicherweise im Ansitz fotografiert, nur da halten sie still und zeigen die ganze Gr\u00f6\u00dfe und Sch\u00f6nheit im Sonnenlicht. Die <strong>Libelle<\/strong> auf dem Ast ist so bei mehr oder weniger vielen Libellenbilder zu sehen. Hier gelingt es, die Szenerie gegen den tiefblauen Himmel freizustellen und so die sch\u00f6ne Libelle (M\u00e4nnchen) besonders zur Wirkung kommen zu lassen.<\/p>\n<p>Begleiten Sie mich \u00fcber mehrere Tage und meinen Streifz\u00fcgen durch das <strong>Dachauer Moos<\/strong>, auf der Suche nach sch\u00f6nen Bildern von Libellen.<\/p>\n<p><!--more--><\/p>\n<p>&nbsp;<\/p>\n<h2>Der Vierfleck (Libelle) sitzt besonders h\u00e4ufig im Ansitz<\/h2>\n<p>Der <strong>Vierfleck<\/strong> hat seinen Namen von den vier deutlich sichtbaren dunklen Flecken an den Vorderkanten der Fl\u00fcgelpaare auf jeder Seite. Obwohl eine <strong>Gro\u00dflibelle<\/strong>, ist der Vierfleck wohl, die Libellenart, die nach meiner Wahrnehmung, sich besonders h\u00e4ufig und ausgiebig auf die Ansitzpl\u00e4tze setzt &#8211; gute Gelegenheiten sie zu fotografieren.<\/p>\n<p><img data-recalc-dims=\"1\" loading=\"lazy\" decoding=\"async\" data-attachment-id=\"40298\" data-permalink=\"https:\/\/deltaimage.de\/wp\/?attachment_id=40298#main\" data-orig-file=\"https:\/\/i0.wp.com\/deltaimage.de\/wp\/wp-content\/uploads\/IMG_7149_900.jpg?fit=890%2C593&amp;ssl=1\" data-orig-size=\"890,593\" data-comments-opened=\"1\" data-image-meta=\"{&quot;aperture&quot;:&quot;6.3&quot;,&quot;credit&quot;:&quot;PAUL ESCHBACH&quot;,&quot;camera&quot;:&quot;Canon EOS 80D&quot;,&quot;caption&quot;:&quot;&quot;,&quot;created_timestamp&quot;:&quot;1686395499&quot;,&quot;copyright&quot;:&quot;Paul Eschbach @ DELTA IMAGE&quot;,&quot;focal_length&quot;:&quot;180&quot;,&quot;iso&quot;:&quot;200&quot;,&quot;shutter_speed&quot;:&quot;0.00125&quot;,&quot;title&quot;:&quot;&quot;,&quot;orientation&quot;:&quot;0&quot;}\" data-image-title=\"IMG_7149_900\" data-image-description=\"\" data-image-caption=\"\" data-large-file=\"https:\/\/i0.wp.com\/deltaimage.de\/wp\/wp-content\/uploads\/IMG_7149_900.jpg?fit=890%2C593&amp;ssl=1\" class=\"aligncenter size-full wp-image-40298\" src=\"https:\/\/i0.wp.com\/deltaimage.de\/wp\/wp-content\/uploads\/IMG_7149_900.jpg?resize=890%2C593&#038;ssl=1\" alt=\"\" width=\"890\" height=\"593\" srcset=\"https:\/\/i0.wp.com\/deltaimage.de\/wp\/wp-content\/uploads\/IMG_7149_900.jpg?w=890&amp;ssl=1 890w, https:\/\/i0.wp.com\/deltaimage.de\/wp\/wp-content\/uploads\/IMG_7149_900.jpg?resize=300%2C200&amp;ssl=1 300w, https:\/\/i0.wp.com\/deltaimage.de\/wp\/wp-content\/uploads\/IMG_7149_900.jpg?resize=675%2C450&amp;ssl=1 675w, https:\/\/i0.wp.com\/deltaimage.de\/wp\/wp-content\/uploads\/IMG_7149_900.jpg?resize=600%2C400&amp;ssl=1 600w, https:\/\/i0.wp.com\/deltaimage.de\/wp\/wp-content\/uploads\/IMG_7149_900.jpg?resize=200%2C133&amp;ssl=1 200w\" sizes=\"auto, (max-width: 890px) 100vw, 890px\" \/><\/p>\n<p>Es gibt andere Libellenarten, die auff\u00e4lliger als der Vierfleck in der Farbgebung sind. In der Nahaufnahme in der Natur erscheint der <strong>Vierfleck<\/strong> geradezu transparent und durchsichtig, die Struktur der <strong>Libelle<\/strong>, die vielen \u00c4derchen kommen bei dieser Libellenart im Foto, ganz besonders sch\u00f6n heraus.<\/p>\n<p>&nbsp;<\/p>\n<h2>Die geb\u00e4nderte Prachtlibelle ist eine der sch\u00f6nsten Libellen im Dachauer Moos<\/h2>\n<p>Sch\u00f6n sind sie alle und jede Art f\u00fcr sich. Die <strong>geb\u00e4nderte Prachtlibelle<\/strong>, ist eine <strong>Kleinlibelle<\/strong> und zeigt sich uns als M\u00e4nnchen in einem ganz tiefen Dunkelblau mit metallischem Glanz &#8211; eine einpr\u00e4gsame <strong>Libelle<\/strong>. Das Weibchen sieht sehr \u00e4hnlich aus, nur anstelle des Dunkelblaus, erscheint sie in einem ebenso bezaubernden Dunkelgr\u00fcn mit metallischem Glanz. Ganz so als ob die beiden anschlie\u00dfend in die Libellen-Oper gehen wollen.<\/p>\n<p>Das M\u00e4nnchen kommt mit den breiten, dunklen B\u00e4ndern quer \u00fcber die Fl\u00fcgelpaare daher, daher der Name &#8211; geb\u00e4nderte Prachtlibelle.<\/p>\n<p><img data-recalc-dims=\"1\" loading=\"lazy\" decoding=\"async\" data-attachment-id=\"40291\" data-permalink=\"https:\/\/deltaimage.de\/wp\/?attachment_id=40291#main\" data-orig-file=\"https:\/\/i0.wp.com\/deltaimage.de\/wp\/wp-content\/uploads\/IMG_7300_900.jpg?fit=890%2C593&amp;ssl=1\" data-orig-size=\"890,593\" data-comments-opened=\"1\" data-image-meta=\"{&quot;aperture&quot;:&quot;4&quot;,&quot;credit&quot;:&quot;PAUL ESCHBACH&quot;,&quot;camera&quot;:&quot;Canon EOS 80D&quot;,&quot;caption&quot;:&quot;&quot;,&quot;created_timestamp&quot;:&quot;1686486477&quot;,&quot;copyright&quot;:&quot;Paul Eschbach @ DELTA IMAGE&quot;,&quot;focal_length&quot;:&quot;180&quot;,&quot;iso&quot;:&quot;200&quot;,&quot;shutter_speed&quot;:&quot;0.001&quot;,&quot;title&quot;:&quot;&quot;,&quot;orientation&quot;:&quot;0&quot;}\" data-image-title=\"IMG_7300_900\" data-image-description=\"\" data-image-caption=\"\" data-large-file=\"https:\/\/i0.wp.com\/deltaimage.de\/wp\/wp-content\/uploads\/IMG_7300_900.jpg?fit=890%2C593&amp;ssl=1\" class=\"aligncenter size-full wp-image-40291\" src=\"https:\/\/i0.wp.com\/deltaimage.de\/wp\/wp-content\/uploads\/IMG_7300_900.jpg?resize=890%2C593&#038;ssl=1\" alt=\"\" width=\"890\" height=\"593\" srcset=\"https:\/\/i0.wp.com\/deltaimage.de\/wp\/wp-content\/uploads\/IMG_7300_900.jpg?w=890&amp;ssl=1 890w, https:\/\/i0.wp.com\/deltaimage.de\/wp\/wp-content\/uploads\/IMG_7300_900.jpg?resize=300%2C200&amp;ssl=1 300w, https:\/\/i0.wp.com\/deltaimage.de\/wp\/wp-content\/uploads\/IMG_7300_900.jpg?resize=675%2C450&amp;ssl=1 675w, https:\/\/i0.wp.com\/deltaimage.de\/wp\/wp-content\/uploads\/IMG_7300_900.jpg?resize=600%2C400&amp;ssl=1 600w, https:\/\/i0.wp.com\/deltaimage.de\/wp\/wp-content\/uploads\/IMG_7300_900.jpg?resize=200%2C133&amp;ssl=1 200w\" sizes=\"auto, (max-width: 890px) 100vw, 890px\" \/><\/p>\n<p>Hier beobachte ich das M\u00e4nnchen (Links) in Blau und das Weibchen (Rechts) in Gr\u00fcn, bei der Paarung auf einem sonnigen Pl\u00e4tzchen in den dunklen und schattigen <strong>Amperauen<\/strong> im <strong>Dachauer Moos<\/strong>. Das beobachtende Auge des Fotografen wird hier wieder einmal belohnt. Diese Momente dauern nur 1-2 Minuten und dann geht das Libellenpaar auch wieder in die Luft und sucht sich wohl das n\u00e4chste lauschige Pl\u00e4tzchen, dabei bleiben sie in dieser Herzform, auch im Flug verbunden.<\/p>\n<p>Wie sch\u00f6n und grazil die <strong>geb\u00e4nderte Prachtlibelle<\/strong> in unserer Mooslandschaft zu Hause ist, m\u00f6chte ich mit diesem herrlichen Bild eines Weibchens zeigen. Die dunkelgr\u00fcne F\u00e4rbung passt sehr gut zu dem bevorzugten Lebensraum an Fl\u00fcssen, B\u00e4chen, T\u00fcmpeln und Altwassern. Das dominante Gr\u00fcn in der Umgebung setzt sich im Farbkleid des Weibchens fort.<\/p>\n<p><img data-recalc-dims=\"1\" loading=\"lazy\" decoding=\"async\" data-attachment-id=\"40314\" data-permalink=\"https:\/\/deltaimage.de\/wp\/?attachment_id=40314#main\" data-orig-file=\"https:\/\/i0.wp.com\/deltaimage.de\/wp\/wp-content\/uploads\/IMG_7049_900.jpg?fit=890%2C593&amp;ssl=1\" data-orig-size=\"890,593\" data-comments-opened=\"1\" data-image-meta=\"{&quot;aperture&quot;:&quot;8&quot;,&quot;credit&quot;:&quot;PAUL ESCHBACH&quot;,&quot;camera&quot;:&quot;Canon EOS 80D&quot;,&quot;caption&quot;:&quot;&quot;,&quot;created_timestamp&quot;:&quot;1685891517&quot;,&quot;copyright&quot;:&quot;Paul Eschbach @ DELTA IMAGE&quot;,&quot;focal_length&quot;:&quot;200&quot;,&quot;iso&quot;:&quot;800&quot;,&quot;shutter_speed&quot;:&quot;0.0015625&quot;,&quot;title&quot;:&quot;&quot;,&quot;orientation&quot;:&quot;0&quot;}\" data-image-title=\"IMG_7049_900\" data-image-description=\"\" data-image-caption=\"\" data-large-file=\"https:\/\/i0.wp.com\/deltaimage.de\/wp\/wp-content\/uploads\/IMG_7049_900.jpg?fit=890%2C593&amp;ssl=1\" class=\"aligncenter size-full wp-image-40314\" src=\"https:\/\/i0.wp.com\/deltaimage.de\/wp\/wp-content\/uploads\/IMG_7049_900.jpg?resize=890%2C593&#038;ssl=1\" alt=\"\" width=\"890\" height=\"593\" srcset=\"https:\/\/i0.wp.com\/deltaimage.de\/wp\/wp-content\/uploads\/IMG_7049_900.jpg?w=890&amp;ssl=1 890w, https:\/\/i0.wp.com\/deltaimage.de\/wp\/wp-content\/uploads\/IMG_7049_900.jpg?resize=300%2C200&amp;ssl=1 300w, https:\/\/i0.wp.com\/deltaimage.de\/wp\/wp-content\/uploads\/IMG_7049_900.jpg?resize=675%2C450&amp;ssl=1 675w, https:\/\/i0.wp.com\/deltaimage.de\/wp\/wp-content\/uploads\/IMG_7049_900.jpg?resize=600%2C400&amp;ssl=1 600w, https:\/\/i0.wp.com\/deltaimage.de\/wp\/wp-content\/uploads\/IMG_7049_900.jpg?resize=200%2C133&amp;ssl=1 200w\" sizes=\"auto, (max-width: 890px) 100vw, 890px\" \/><\/p>\n<p>Als <strong>Kleinlibelle<\/strong> kann die <strong>geb\u00e4nderte Prachtlibelle<\/strong> die beiden Fl\u00fcgelpaare scheinbar nach hinten klappen. Doch der K\u00f6rper ist an der Fl\u00fcgelwurzel schr\u00e4g gebaut und so erscheinen die Fl\u00fcgelpaare als nach hinten geklappt, wahrlich sind sie nur zusammen geklappt.<\/p>\n<p>Die <strong>Libellen<\/strong> stammen aus der Zeitepoche des Oberkarbon (360 &#8211; 300 Mio Jahre) und sind damit 100-150 Mio Jahre \u00e4lter als die Dinosaurier (Trias 250 &#8211; 200 Mio Jahre).\u00a0 Klein aber wirkungsvoll.<\/p>\n<p>&nbsp;<\/p>\n<h2>Die K\u00f6nigin der Libellen im Dachauer Moos &#8211; die Gro\u00dfe K\u00f6nigslibelle<\/h2>\n<p>Gro\u00df und in der Farbigkeit ein wahrlich k\u00f6niglicher Auftritt ist diese <strong>Gro\u00dflibelle<\/strong> im <strong>Dachauer Moos<\/strong> durchaus \u00f6fter zu sehen, aber nur sehr schwer zu fotografieren. Wie viele <strong>Gro\u00dflibellen<\/strong>, ist auch diese ein Dauerflieger und verbringt den Tag \u00fcberwiegend im Flug, setzt sich bei Sonnenschein nur ganz selten ab. Die Nahrung wird im Flug gefangen und auch verspeist.<\/p>\n<p><img data-recalc-dims=\"1\" loading=\"lazy\" decoding=\"async\" data-attachment-id=\"40312\" data-permalink=\"https:\/\/deltaimage.de\/wp\/?attachment_id=40312#main\" data-orig-file=\"https:\/\/i0.wp.com\/deltaimage.de\/wp\/wp-content\/uploads\/PE1D0188_900.jpg?fit=890%2C593&amp;ssl=1\" data-orig-size=\"890,593\" data-comments-opened=\"1\" data-image-meta=\"{&quot;aperture&quot;:&quot;7.1&quot;,&quot;credit&quot;:&quot;DELTA IMAGE Paul Eschbach&quot;,&quot;camera&quot;:&quot;Canon EOS-1D Mark III&quot;,&quot;caption&quot;:&quot;&quot;,&quot;created_timestamp&quot;:&quot;1686664588&quot;,&quot;copyright&quot;:&quot;&quot;,&quot;focal_length&quot;:&quot;400&quot;,&quot;iso&quot;:&quot;400&quot;,&quot;shutter_speed&quot;:&quot;0.0015625&quot;,&quot;title&quot;:&quot;&quot;,&quot;orientation&quot;:&quot;0&quot;}\" data-image-title=\"PE1D0188_900\" data-image-description=\"\" data-image-caption=\"\" data-large-file=\"https:\/\/i0.wp.com\/deltaimage.de\/wp\/wp-content\/uploads\/PE1D0188_900.jpg?fit=890%2C593&amp;ssl=1\" class=\"aligncenter size-medium wp-image-40312\" src=\"https:\/\/i0.wp.com\/deltaimage.de\/wp\/wp-content\/uploads\/PE1D0188_900.jpg?resize=890%2C593&#038;ssl=1\" alt=\"\" width=\"890\" height=\"593\" srcset=\"https:\/\/i0.wp.com\/deltaimage.de\/wp\/wp-content\/uploads\/PE1D0188_900.jpg?w=890&amp;ssl=1 890w, https:\/\/i0.wp.com\/deltaimage.de\/wp\/wp-content\/uploads\/PE1D0188_900.jpg?resize=300%2C200&amp;ssl=1 300w, https:\/\/i0.wp.com\/deltaimage.de\/wp\/wp-content\/uploads\/PE1D0188_900.jpg?resize=675%2C450&amp;ssl=1 675w, https:\/\/i0.wp.com\/deltaimage.de\/wp\/wp-content\/uploads\/PE1D0188_900.jpg?resize=600%2C400&amp;ssl=1 600w, https:\/\/i0.wp.com\/deltaimage.de\/wp\/wp-content\/uploads\/PE1D0188_900.jpg?resize=200%2C133&amp;ssl=1 200w\" sizes=\"auto, (max-width: 890px) 100vw, 890px\" \/><\/p>\n<p>Hier sehen wir die <strong>Gro\u00dfe K\u00f6nigslibelle<\/strong> bei der Eiablage in einem Moost\u00fcmpel. Die Eier werden unter den Seerosenbl\u00e4ttern geklebt, oder in Pflanzenreste eingestochen.<\/p>\n<p><img data-recalc-dims=\"1\" loading=\"lazy\" decoding=\"async\" data-attachment-id=\"40313\" data-permalink=\"https:\/\/deltaimage.de\/wp\/?attachment_id=40313#main\" data-orig-file=\"https:\/\/i0.wp.com\/deltaimage.de\/wp\/wp-content\/uploads\/PE1D0201_900.jpg?fit=890%2C593&amp;ssl=1\" data-orig-size=\"890,593\" data-comments-opened=\"1\" data-image-meta=\"{&quot;aperture&quot;:&quot;7.1&quot;,&quot;credit&quot;:&quot;DELTA IMAGE Paul Eschbach&quot;,&quot;camera&quot;:&quot;Canon EOS-1D Mark III&quot;,&quot;caption&quot;:&quot;&quot;,&quot;created_timestamp&quot;:&quot;1686664788&quot;,&quot;copyright&quot;:&quot;&quot;,&quot;focal_length&quot;:&quot;400&quot;,&quot;iso&quot;:&quot;400&quot;,&quot;shutter_speed&quot;:&quot;0.0015625&quot;,&quot;title&quot;:&quot;&quot;,&quot;orientation&quot;:&quot;0&quot;}\" data-image-title=\"PE1D0201_900\" data-image-description=\"\" data-image-caption=\"\" data-large-file=\"https:\/\/i0.wp.com\/deltaimage.de\/wp\/wp-content\/uploads\/PE1D0201_900.jpg?fit=890%2C593&amp;ssl=1\" class=\"aligncenter size-medium wp-image-40313\" src=\"https:\/\/i0.wp.com\/deltaimage.de\/wp\/wp-content\/uploads\/PE1D0201_900.jpg?resize=890%2C593&#038;ssl=1\" alt=\"\" width=\"890\" height=\"593\" srcset=\"https:\/\/i0.wp.com\/deltaimage.de\/wp\/wp-content\/uploads\/PE1D0201_900.jpg?w=890&amp;ssl=1 890w, https:\/\/i0.wp.com\/deltaimage.de\/wp\/wp-content\/uploads\/PE1D0201_900.jpg?resize=300%2C200&amp;ssl=1 300w, https:\/\/i0.wp.com\/deltaimage.de\/wp\/wp-content\/uploads\/PE1D0201_900.jpg?resize=675%2C450&amp;ssl=1 675w, https:\/\/i0.wp.com\/deltaimage.de\/wp\/wp-content\/uploads\/PE1D0201_900.jpg?resize=600%2C400&amp;ssl=1 600w, https:\/\/i0.wp.com\/deltaimage.de\/wp\/wp-content\/uploads\/PE1D0201_900.jpg?resize=200%2C133&amp;ssl=1 200w\" sizes=\"auto, (max-width: 890px) 100vw, 890px\" \/><\/p>\n<p>Das Element Wasser spielt im Leben der <strong>Libellen<\/strong> eine sehr gro\u00dfe Rolle. Dort, wo Wasser ist, sind auch Libellen. Wenn da auch noch Sonne und unbeschattete Uferbereiche vorherrschen, f\u00fchlen sich die Libellen sehr gut.<\/p>\n<p>&nbsp;<\/p>\n<h2>Sommerliche Streifz\u00fcge im Dachauer Moos &#8211; mit dem Auge und der Fotokamera<\/h2>\n<p>Die warmen und sonnigen Tage in den letzten Wochen bieten sich regelrecht an, die n\u00e4here Heimat auch einmal nach diesen kleinen Bewohnern dieses Landschaftsraumes zu durchstreifen. Bei einem Spaziergang einfach mit wachem Auge und etwas innerer Ruhe an den Uferbereichen von B\u00e4chen, Seen oder T\u00fcmpeln vorsichtig nach den fliegenden oder den sitzenden Libellen Ausschau halten. So kann auch gut und gerne einmal eine ganze Stunde vergehen, belohnt wird die umsichtige WanderInnen durch faszinierende Naturerlebnisse dieser kleinen Freunde in ihrem herrlichen Farbkleid.<\/p>\n","protected":false},"excerpt":{"rendered":"<p>Die Sommermonate Juni und Juli sind im Dachauer Moos auch die intensivsten Monate mit den unz\u00e4hligen Arten der Libellen. Die warmen Sonnenstrahlen bringen die Kleinlibellen und danach auch die Gro\u00dflibellen [&hellip;]<\/p>\n","protected":false},"author":1,"featured_media":40311,"comment_status":"open","ping_status":"closed","sticky":false,"template":"","format":"standard","meta":{"wpupg_custom_link":[],"wpupg_custom_link_behaviour":["default"],"wpupg_custom_link_nofollow":["default"],"wpupg_custom_image":[],"wpupg_custom_image_id":[],"jetpack_post_was_ever_published":false,"footnotes":""},"categories":[3010,2523,3217,8],"tags":[3261,3076,775,3493,3078,1204,197,3494],"class_list":["post-40310","post","type-post","status-publish","format-standard","has-post-thumbnail","hentry","category-dachauer-land","category-dachauer-moos","category-naturfotografie","category-news","tag-blauer-pfeil","tag-blaugruene-mosaikjungfer","tag-dachauer-moos","tag-gebaenderte-prachtlibelle","tag-libelle","tag-naturfotografie","tag-sommer","tag-vierfleck"],"jetpack_featured_media_url":"https:\/\/i0.wp.com\/deltaimage.de\/wp\/wp-content\/uploads\/IMG_7150_1200.jpg?fit=1200%2C450&ssl=1","jetpack-related-posts":[{"id":35461,"url":"https:\/\/deltaimage.de\/wp\/?p=35461","url_meta":{"origin":40310,"position":0},"title":"Gro\u00dflibelle im Flug fotografieren &#8211; Dachauer Moos","author":"EschbacP","date":"29. Juli 2022","format":false,"excerpt":"Naturfotografie funktioniert vor allem \u00fcber eine intensivere Besch\u00e4ftigung mit der Natur selbst und der zu fotografierenden Spezies. Gro\u00dflibellen sind so ein ganz besonderer Fall. Die Fotografie von Kleinleibellen wird bei ausreichend Geduld des Fotografen irgendwann mit Erfolg gekr\u00f6nt sein. Die Kleinlibellen setzen sich von Zeit zu Zeit auf einen Ansitzplatz,\u2026","rel":"","context":"In &quot;Dachauer Land&quot;","block_context":{"text":"Dachauer Land","link":"https:\/\/deltaimage.de\/wp\/?cat=3010"},"img":{"alt_text":"","src":"https:\/\/i0.wp.com\/deltaimage.de\/wp\/wp-content\/uploads\/IMG_7613_1200.jpg?fit=1200%2C450&ssl=1&resize=350%2C200","width":350,"height":200,"srcset":"https:\/\/i0.wp.com\/deltaimage.de\/wp\/wp-content\/uploads\/IMG_7613_1200.jpg?fit=1200%2C450&ssl=1&resize=350%2C200 1x, https:\/\/i0.wp.com\/deltaimage.de\/wp\/wp-content\/uploads\/IMG_7613_1200.jpg?fit=1200%2C450&ssl=1&resize=525%2C300 1.5x, https:\/\/i0.wp.com\/deltaimage.de\/wp\/wp-content\/uploads\/IMG_7613_1200.jpg?fit=1200%2C450&ssl=1&resize=700%2C400 2x, https:\/\/i0.wp.com\/deltaimage.de\/wp\/wp-content\/uploads\/IMG_7613_1200.jpg?fit=1200%2C450&ssl=1&resize=1050%2C600 3x"},"classes":[]},{"id":34906,"url":"https:\/\/deltaimage.de\/wp\/?p=34906","url_meta":{"origin":40310,"position":1},"title":"Mit dem Radl ins Dachauer Moos zu den Libellen fotografieren","author":"EschbacP","date":"2. Juli 2022","format":false,"excerpt":"Jetzt ist Sommer in Bayern, mit allen so sehns\u00fcchtig erwarteten Eigenschaften: Sonne, W\u00e4rme, Licht und die in voller Kraft stehende Landschaft und Natur. Heute geht's zu den Libellen im Dachauer Moos zum Fotografieren, und zwar mit dem Radl. Entlang der Amper und dann \u00fcber schmale Feldwege, Mittens zwischen den saftigen\u2026","rel":"","context":"In &quot;Dachauer Land&quot;","block_context":{"text":"Dachauer Land","link":"https:\/\/deltaimage.de\/wp\/?cat=3010"},"img":{"alt_text":"","src":"https:\/\/i0.wp.com\/deltaimage.de\/wp\/wp-content\/uploads\/IMG_5648_1200.jpg?fit=1200%2C450&ssl=1&resize=350%2C200","width":350,"height":200,"srcset":"https:\/\/i0.wp.com\/deltaimage.de\/wp\/wp-content\/uploads\/IMG_5648_1200.jpg?fit=1200%2C450&ssl=1&resize=350%2C200 1x, https:\/\/i0.wp.com\/deltaimage.de\/wp\/wp-content\/uploads\/IMG_5648_1200.jpg?fit=1200%2C450&ssl=1&resize=525%2C300 1.5x, https:\/\/i0.wp.com\/deltaimage.de\/wp\/wp-content\/uploads\/IMG_5648_1200.jpg?fit=1200%2C450&ssl=1&resize=700%2C400 2x, https:\/\/i0.wp.com\/deltaimage.de\/wp\/wp-content\/uploads\/IMG_5648_1200.jpg?fit=1200%2C450&ssl=1&resize=1050%2C600 3x"},"classes":[]},{"id":40344,"url":"https:\/\/deltaimage.de\/wp\/?p=40344","url_meta":{"origin":40310,"position":2},"title":"Sommer und Radlausfl\u00fcge im Dachauer Moos","author":"EschbacP","date":"20. Juni 2023","format":false,"excerpt":"Sommerzeit ist Ausflugszeit und nichts liegt n\u00e4her, als die eigene Umgebung zu Hause daf\u00fcr zu nutzen. Zu Fu\u00df und auch mit dem Radl, l\u00e4sst sich die Landschaft im Dachauer Moos so herrlich durchstreifen und nach sommerlichen Fotomotiven erkunden. Im Juni ist die Flora und Fauna auf Hochtouren und es lassen\u2026","rel":"","context":"In &quot;Dachauer Land&quot;","block_context":{"text":"Dachauer Land","link":"https:\/\/deltaimage.de\/wp\/?cat=3010"},"img":{"alt_text":"","src":"https:\/\/i0.wp.com\/deltaimage.de\/wp\/wp-content\/uploads\/PE1S1188_1200.jpg?fit=1200%2C450&ssl=1&resize=350%2C200","width":350,"height":200,"srcset":"https:\/\/i0.wp.com\/deltaimage.de\/wp\/wp-content\/uploads\/PE1S1188_1200.jpg?fit=1200%2C450&ssl=1&resize=350%2C200 1x, https:\/\/i0.wp.com\/deltaimage.de\/wp\/wp-content\/uploads\/PE1S1188_1200.jpg?fit=1200%2C450&ssl=1&resize=525%2C300 1.5x, https:\/\/i0.wp.com\/deltaimage.de\/wp\/wp-content\/uploads\/PE1S1188_1200.jpg?fit=1200%2C450&ssl=1&resize=700%2C400 2x, https:\/\/i0.wp.com\/deltaimage.de\/wp\/wp-content\/uploads\/PE1S1188_1200.jpg?fit=1200%2C450&ssl=1&resize=1050%2C600 3x"},"classes":[]},{"id":52187,"url":"https:\/\/deltaimage.de\/wp\/?p=52187","url_meta":{"origin":40310,"position":3},"title":"Sp\u00e4tsommer im Palsweiser Moos &#8211; Naturfotografie am Ende der Sommerferien","author":"EschbacP","date":"9. September 2025","format":false,"excerpt":"Der Sommer verabschiedet sich ganz langsam, der Hochsommer ist vorbei. Die Tage werden schon wieder sp\u00fcrbar k\u00fcrzer und auch k\u00fchler. Die Natur im Niedermoor bereitet sich auf den vor der T\u00fcre stehenden Herbst vor. Dies sind alles gute Gr\u00fcnde, wieder einmal in das geliebte Palsweiser Moos im Dachauer Moos auf\u2026","rel":"","context":"In &quot;Dachauer Land&quot;","block_context":{"text":"Dachauer Land","link":"https:\/\/deltaimage.de\/wp\/?cat=3010"},"img":{"alt_text":"","src":"https:\/\/i0.wp.com\/deltaimage.de\/wp\/wp-content\/uploads\/PE1S0003-Pano_1200.jpg?fit=1200%2C450&ssl=1&resize=350%2C200","width":350,"height":200,"srcset":"https:\/\/i0.wp.com\/deltaimage.de\/wp\/wp-content\/uploads\/PE1S0003-Pano_1200.jpg?fit=1200%2C450&ssl=1&resize=350%2C200 1x, https:\/\/i0.wp.com\/deltaimage.de\/wp\/wp-content\/uploads\/PE1S0003-Pano_1200.jpg?fit=1200%2C450&ssl=1&resize=525%2C300 1.5x, https:\/\/i0.wp.com\/deltaimage.de\/wp\/wp-content\/uploads\/PE1S0003-Pano_1200.jpg?fit=1200%2C450&ssl=1&resize=700%2C400 2x, https:\/\/i0.wp.com\/deltaimage.de\/wp\/wp-content\/uploads\/PE1S0003-Pano_1200.jpg?fit=1200%2C450&ssl=1&resize=1050%2C600 3x"},"classes":[]},{"id":41360,"url":"https:\/\/deltaimage.de\/wp\/?p=41360","url_meta":{"origin":40310,"position":4},"title":"Leben im Dachauer Moos im Sp\u00e4tsommer","author":"EschbacP","date":"18. September 2023","format":false,"excerpt":"Der H\u00f6hepunkt des diesj\u00e4hrigen Sommers ist bereits vorbei. Mit dem Beginn des Oktoberfestes steht der \u00dcbergang vom Sommer (Sp\u00e4tsommer) in den zeitlich nun schon nahen Herbst auf dem Kalender. In der Natur, im Dachauer Moos, ist das Leben an vielen Stellen schon deutlich ruhiger. Der Nachwuchs ist aufgezogen und wird\u2026","rel":"","context":"In &quot;Dachauer Land&quot;","block_context":{"text":"Dachauer Land","link":"https:\/\/deltaimage.de\/wp\/?cat=3010"},"img":{"alt_text":"","src":"https:\/\/i0.wp.com\/deltaimage.de\/wp\/wp-content\/uploads\/IMG_0157-III_1200.jpg?fit=1200%2C450&ssl=1&resize=350%2C200","width":350,"height":200,"srcset":"https:\/\/i0.wp.com\/deltaimage.de\/wp\/wp-content\/uploads\/IMG_0157-III_1200.jpg?fit=1200%2C450&ssl=1&resize=350%2C200 1x, https:\/\/i0.wp.com\/deltaimage.de\/wp\/wp-content\/uploads\/IMG_0157-III_1200.jpg?fit=1200%2C450&ssl=1&resize=525%2C300 1.5x, https:\/\/i0.wp.com\/deltaimage.de\/wp\/wp-content\/uploads\/IMG_0157-III_1200.jpg?fit=1200%2C450&ssl=1&resize=700%2C400 2x, https:\/\/i0.wp.com\/deltaimage.de\/wp\/wp-content\/uploads\/IMG_0157-III_1200.jpg?fit=1200%2C450&ssl=1&resize=1050%2C600 3x"},"classes":[]},{"id":44904,"url":"https:\/\/deltaimage.de\/wp\/?p=44904","url_meta":{"origin":40310,"position":5},"title":"Der Herbst h\u00e4lt auch Einzug im Inhauser Moos","author":"EschbacP","date":"21. September 2024","format":false,"excerpt":"Dann fange ich einfach mal an, \u00fcber diesen Herbsttag im Inhauser Moos zu erz\u00e4hlen. Ich starte mit der K\u00f6nigslibelle - die wird in der Geschichte noch eine Rolle spielen. Die Gro\u00dfe K\u00f6nigslibelle ist eines der ganz besonderen Bildmotive in der Niedermoor-Landschaft und im Dachauer Moos durchaus regelm\u00e4\u00dfig anzutreffen. Optisch ist\u2026","rel":"","context":"In &quot;Dachauer Land&quot;","block_context":{"text":"Dachauer Land","link":"https:\/\/deltaimage.de\/wp\/?cat=3010"},"img":{"alt_text":"","src":"https:\/\/i0.wp.com\/deltaimage.de\/wp\/wp-content\/uploads\/PE1X6519_1200.jpg?fit=1200%2C450&ssl=1&resize=350%2C200","width":350,"height":200,"srcset":"https:\/\/i0.wp.com\/deltaimage.de\/wp\/wp-content\/uploads\/PE1X6519_1200.jpg?fit=1200%2C450&ssl=1&resize=350%2C200 1x, https:\/\/i0.wp.com\/deltaimage.de\/wp\/wp-content\/uploads\/PE1X6519_1200.jpg?fit=1200%2C450&ssl=1&resize=525%2C300 1.5x, https:\/\/i0.wp.com\/deltaimage.de\/wp\/wp-content\/uploads\/PE1X6519_1200.jpg?fit=1200%2C450&ssl=1&resize=700%2C400 2x, https:\/\/i0.wp.com\/deltaimage.de\/wp\/wp-content\/uploads\/PE1X6519_1200.jpg?fit=1200%2C450&ssl=1&resize=1050%2C600 3x"},"classes":[]}],"jetpack_sharing_enabled":true,"_links":{"self":[{"href":"https:\/\/deltaimage.de\/wp\/index.php?rest_route=\/wp\/v2\/posts\/40310","targetHints":{"allow":["GET"]}}],"collection":[{"href":"https:\/\/deltaimage.de\/wp\/index.php?rest_route=\/wp\/v2\/posts"}],"about":[{"href":"https:\/\/deltaimage.de\/wp\/index.php?rest_route=\/wp\/v2\/types\/post"}],"author":[{"embeddable":true,"href":"https:\/\/deltaimage.de\/wp\/index.php?rest_route=\/wp\/v2\/users\/1"}],"replies":[{"embeddable":true,"href":"https:\/\/deltaimage.de\/wp\/index.php?rest_route=%2Fwp%2Fv2%2Fcomments&post=40310"}],"version-history":[{"count":8,"href":"https:\/\/deltaimage.de\/wp\/index.php?rest_route=\/wp\/v2\/posts\/40310\/revisions"}],"predecessor-version":[{"id":51505,"href":"https:\/\/deltaimage.de\/wp\/index.php?rest_route=\/wp\/v2\/posts\/40310\/revisions\/51505"}],"wp:featuredmedia":[{"embeddable":true,"href":"https:\/\/deltaimage.de\/wp\/index.php?rest_route=\/wp\/v2\/media\/40311"}],"wp:attachment":[{"href":"https:\/\/deltaimage.de\/wp\/index.php?rest_route=%2Fwp%2Fv2%2Fmedia&parent=40310"}],"wp:term":[{"taxonomy":"category","embeddable":true,"href":"https:\/\/deltaimage.de\/wp\/index.php?rest_route=%2Fwp%2Fv2%2Fcategories&post=40310"},{"taxonomy":"post_tag","embeddable":true,"href":"https:\/\/deltaimage.de\/wp\/index.php?rest_route=%2Fwp%2Fv2%2Ftags&post=40310"}],"curies":[{"name":"wp","href":"https:\/\/api.w.org\/{rel}","templated":true}]}}