{"id":40436,"date":"2023-07-31T07:00:35","date_gmt":"2023-07-31T06:00:35","guid":{"rendered":"https:\/\/deltaimage.de\/wp\/?p=40436"},"modified":"2025-08-21T20:15:22","modified_gmt":"2025-08-21T18:15:22","slug":"in-suedboehmen-und-im-boehmerwald-fotografisch-wieder-unterwegs-bayerwaldteam","status":"publish","type":"post","link":"https:\/\/deltaimage.de\/wp\/?p=40436","title":{"rendered":"In S\u00fcdb\u00f6hmen und im B\u00f6hmerwald fotografisch wieder unterwegs \u2013 BAYERWALDTEAM"},"content":{"rendered":"<p><img data-recalc-dims=\"1\" loading=\"lazy\" decoding=\"async\" class=\"wp-image-4093 size-thumbnail alignright\" src=\"https:\/\/i0.wp.com\/bayerwaldteam.eu\/wp-content\/uploads\/2022\/12\/cropped-BAYERWALDTEAM_550-150x150.jpg?resize=150%2C150&#038;ssl=1\" alt=\"\" width=\"150\" height=\"150\" \/><\/p>\n<p>Seit Februar 2023 waren wir nicht mehr im <strong>Bayerischen Wald<\/strong> fotografisch unterwegs. Viel ist inzwischen passiert und gerade deshalb sollten wieder einmal ein paar Tage Fotografieren im <strong>Bayerischen Wald<\/strong> und im <strong>B\u00f6hmerwald<\/strong> m\u00f6glich sein.<\/p>\n<p>Ob der hohen Tagestemperaturen standen die langen und anstrengenden Wanderungen im <strong>Bayerischen Wald<\/strong> nicht hoch im Kurs. Als wunderbare Alternative und eine Bereicherung \u00fcberdies hinaus sind fotografische Reisen in den naheliegenden <strong>B\u00f6hmerwald<\/strong> und nach S\u00fcdb\u00f6hmen. Es ist eh schon lange her, dass wir dort gemeinsam fotografisch unterwegs waren.<\/p>\n<p><img data-recalc-dims=\"1\" loading=\"lazy\" decoding=\"async\" class=\"aligncenter size-full wp-image-4207\" src=\"https:\/\/i0.wp.com\/bayerwaldteam.eu\/wp-content\/uploads\/2023\/07\/PE1S2401_900.jpg?resize=890%2C593&#038;ssl=1\" alt=\"\" width=\"890\" height=\"593\" \/><\/p>\n<p>Wir werden in dieser Foto-Reise in der <strong>B\u00f6hmerwald<\/strong> und nach <strong>S\u00fcdb\u00f6hmen<\/strong>:<\/p>\n<ul>\n<li>Die <strong>Kulturlandschaft in S\u00fcdb\u00f6hmen<\/strong> an der Moldau &#8230;<\/li>\n<li>Zum wohl <strong>sch\u00f6nsten Schloss in S\u00fcdb\u00f6hmen<\/strong> &#8230;<\/li>\n<li>Die<strong> ber\u00fchmtesten Schl\u00f6sser<\/strong>, <strong>Kl\u00f6ster<\/strong> und <strong>Burgen<\/strong> in <strong>S\u00fcdb\u00f6hmen<\/strong> &#8230;<\/li>\n<li>Am <strong>Moldaustausee den Sommer<\/strong> &#8230;<\/li>\n<li>Zum wohl<strong> sch\u00f6nsten Bauerndorf in S\u00fcdb\u00f6hmen<\/strong> &#8230;<\/li>\n<li><strong>S\u00fcdb\u00f6hmen<\/strong> in <strong>Budweis<\/strong> und Umgebung, und die malerischen D\u00f6rfer und Weizenfelder &#8230;<\/li>\n<li>Auf eine <strong>Ritterburg<\/strong> hoch \u00fcber der Moldau gelegen und inzwischen nur noch eine Ruine &#8230;<\/li>\n<li>Die <strong>Natur<\/strong> mit verschiedensten <strong>Tierarten<\/strong> &#8230;<\/li>\n<\/ul>\n<p>&#8230; fotografieren und erleben. Die <strong>Natur- und Kulturlandschaft<\/strong> im <strong>Bayerischen Wald<\/strong> und im <strong>B\u00f6hmerwald<\/strong> werden wir dabei ausgiebig genie\u00dfen und erleben.<\/p>\n<p>Zu den wichtigsten H\u00f6hepunkten dieser Foto-Reise in der engeren Heimat kommen auch jeweils bebilderte Reportage-Beitr\u00e4ge auf dieser Seite.<\/p>\n<p><!--more--><\/p>\n<p>&nbsp;<\/p>\n<h2>Kultur und Natur in S\u00fcdb\u00f6hmen<\/h2>\n<p><strong>S\u00fcdb\u00f6hmen<\/strong> ist so reich und so abwechslungsreich an <strong>Kulturlandschaft<\/strong> und <strong>Naturlandschaft<\/strong>, dass ein Besuch auch und gerade im Sommer immer eine besondere Freude sein kann.<\/p>\n<p><img data-recalc-dims=\"1\" loading=\"lazy\" decoding=\"async\" class=\"aligncenter size-full wp-image-4215\" src=\"https:\/\/i0.wp.com\/bayerwaldteam.eu\/wp-content\/uploads\/2023\/07\/PE1S1620_900.jpg?resize=890%2C593&#038;ssl=1\" alt=\"\" width=\"890\" height=\"593\" \/><\/p>\n<p>Von <strong>Hauzenberg<\/strong> aus ist es nur eine kurze Fahrt und schon sind wir in <strong>Vy\u0161\u0161\u00ed Brod\u00a0(Hohenfurth)<\/strong> mit dem alten <strong>Zisterzienser-Kloster<\/strong> und der reichhaltigen Kultur, welches von diesem Kloster ausging.<\/p>\n<p>Nach dem anf\u00e4nglichen Rennen im 10-Sekunden Selbstausl\u00f6ser, geht das mit dem Wireless Extender (WFT-2) und einem Smartphone auch ganz elegant aus der Entfernung auszul\u00f6sen.<\/p>\n<p><img data-recalc-dims=\"1\" loading=\"lazy\" decoding=\"async\" class=\"aligncenter size-full wp-image-4225\" src=\"https:\/\/i0.wp.com\/bayerwaldteam.eu\/wp-content\/uploads\/2023\/07\/1DX21229_900.jpg?resize=890%2C581&#038;ssl=1\" alt=\"\" width=\"890\" height=\"581\" \/><\/p>\n<p>Die ganz herrliche Klosteranlage liegt unmittelbar an der <strong>Moldau<\/strong>, wo den Sommer \u00fcber eine ganz rege Nutzung des Flusses f\u00fcr Kanu und Bootsfahrten bis nach Budweis hinein veranstaltet wird.<\/p>\n<p><img data-recalc-dims=\"1\" loading=\"lazy\" decoding=\"async\" class=\"aligncenter size-full wp-image-4226\" src=\"https:\/\/i0.wp.com\/bayerwaldteam.eu\/wp-content\/uploads\/2023\/07\/1DX21224_900.jpg?resize=890%2C593&#038;ssl=1\" alt=\"\" width=\"890\" height=\"593\" \/><\/p>\n<p>Im Klostergarten nutzen wir die mitgebrachten Stative, um auch selbst ein paar Fotos vom eigenen Team machen zu k\u00f6nnen.<\/p>\n<p><img data-recalc-dims=\"1\" loading=\"lazy\" decoding=\"async\" class=\"aligncenter size-full wp-image-4214\" src=\"https:\/\/i0.wp.com\/bayerwaldteam.eu\/wp-content\/uploads\/2023\/07\/PE1S1646_900.jpg?resize=593%2C890&#038;ssl=1\" alt=\"\" width=\"593\" height=\"890\" \/><\/p>\n<p>&nbsp;<\/p>\n<h2>An der Moldau besuchen wir auch eine Burgruine<\/h2>\n<p>Kultur und Abwechslung ist das Programm in <strong>S\u00fcdb\u00f6hmen<\/strong>, wir besuchen auch eine Burgruine an der <strong>Moldau<\/strong>.<\/p>\n<p><img data-recalc-dims=\"1\" loading=\"lazy\" decoding=\"async\" class=\"aligncenter size-full wp-image-4208\" src=\"https:\/\/i0.wp.com\/bayerwaldteam.eu\/wp-content\/uploads\/2023\/07\/PE1S2374_900.jpg?resize=593%2C890&#038;ssl=1\" alt=\"\" width=\"593\" height=\"890\" \/><\/p>\n<p>&nbsp;<\/p>\n<h2>Auch die kleinen Fotomotive verdienen eine fotografische Beachtung in S\u00fcdb\u00f6hmen<\/h2>\n<p>Eine kleine Wanderung im <strong>B\u00f6hmerwald<\/strong> f\u00fchrt uns zu einer abseits gelegenen Kapelle mit einer nicht minder interessanten Baukultur und passenden Bildmotiven f\u00fcr die Fotografen.<\/p>\n<p><img data-recalc-dims=\"1\" loading=\"lazy\" decoding=\"async\" class=\"aligncenter size-full wp-image-4212\" src=\"https:\/\/i0.wp.com\/bayerwaldteam.eu\/wp-content\/uploads\/2023\/07\/PE1S1955_900.jpg?resize=593%2C890&#038;ssl=1\" alt=\"\" width=\"593\" height=\"890\" \/><\/p>\n<p>Das ist Abwechslung im <strong>B\u00f6hmerwald<\/strong> und in <strong>S\u00fcdb\u00f6hmen<\/strong>.<\/p>\n<p><img data-recalc-dims=\"1\" loading=\"lazy\" decoding=\"async\" class=\"aligncenter size-full wp-image-4213\" src=\"https:\/\/i0.wp.com\/bayerwaldteam.eu\/wp-content\/uploads\/2023\/07\/PE1S1949_900.jpg?resize=593%2C890&#038;ssl=1\" alt=\"\" width=\"593\" height=\"890\" \/> Mehr dazu im sp\u00e4teren Themenbeitrag.<\/p>\n","protected":false},"excerpt":{"rendered":"<p>Seit Februar 2023 waren wir nicht mehr im Bayerischen Wald fotografisch unterwegs. Viel ist inzwischen passiert und gerade deshalb sollten wieder einmal ein paar Tage Fotografieren im Bayerischen Wald und [&hellip;]<\/p>\n","protected":false},"author":1,"featured_media":43397,"comment_status":"open","ping_status":"closed","sticky":false,"template":"","format":"standard","meta":{"wpupg_custom_link":[],"wpupg_custom_link_behaviour":["default"],"wpupg_custom_link_nofollow":["default"],"wpupg_custom_image":[],"wpupg_custom_image_id":[],"jetpack_post_was_ever_published":false,"footnotes":""},"categories":[861,3710,3711,610,3217,8,3708],"tags":[594,900,1892,2924,1177,67,3502],"class_list":["post-40436","post","type-post","status-publish","format-standard","has-post-thumbnail","hentry","category-bayerwaldteam","category-boehmen","category-boehmerwald","category-kameratechnik","category-naturfotografie","category-news","category-tschechien","tag-bayerwaldteam","tag-boehmerwald","tag-hubert-bauer-falkner","tag-kulturlandschaft","tag-naturlandschaft","tag-paul-eschbach","tag-suedboehmen"],"jetpack_featured_media_url":"https:\/\/i0.wp.com\/deltaimage.de\/wp\/wp-content\/uploads\/1DX21224_1200-2.jpg?fit=1200%2C450&ssl=1","jetpack-related-posts":[{"id":40438,"url":"https:\/\/deltaimage.de\/wp\/?p=40438","url_meta":{"origin":40436,"position":0},"title":"Den Sommertag am Moldau-Stausee fotografisch ausklingen lassen \u2013 BAYERWALDTEAM","author":"EschbacP","date":"31. Juli 2023","format":false,"excerpt":"Seit Februar 2023 waren wir nicht mehr im Bayerischen Wald fotografisch unterwegs. Viel ist inzwischen passiert und gerade deshalb sollten wieder einmal ein paar Tage Fotografieren im Bayerischen Wald und im B\u00f6hmerwald m\u00f6glich sein. Den Sommer genie\u00dfen, mit Sonne, Strand und Freizeitaktivit\u00e4ten am Wasser. Die fotografischen Streifz\u00fcge f\u00fchren uns an\u2026","rel":"","context":"In &quot;BAYERWALDTEAM&quot;","block_context":{"text":"BAYERWALDTEAM","link":"https:\/\/deltaimage.de\/wp\/?cat=861"},"img":{"alt_text":"","src":"https:\/\/i0.wp.com\/deltaimage.de\/wp\/wp-content\/uploads\/PANO_20230716_202502_1200.jpg?fit=1200%2C450&ssl=1&resize=350%2C200","width":350,"height":200,"srcset":"https:\/\/i0.wp.com\/deltaimage.de\/wp\/wp-content\/uploads\/PANO_20230716_202502_1200.jpg?fit=1200%2C450&ssl=1&resize=350%2C200 1x, https:\/\/i0.wp.com\/deltaimage.de\/wp\/wp-content\/uploads\/PANO_20230716_202502_1200.jpg?fit=1200%2C450&ssl=1&resize=525%2C300 1.5x, https:\/\/i0.wp.com\/deltaimage.de\/wp\/wp-content\/uploads\/PANO_20230716_202502_1200.jpg?fit=1200%2C450&ssl=1&resize=700%2C400 2x, https:\/\/i0.wp.com\/deltaimage.de\/wp\/wp-content\/uploads\/PANO_20230716_202502_1200.jpg?fit=1200%2C450&ssl=1&resize=1050%2C600 3x"},"classes":[]},{"id":40437,"url":"https:\/\/deltaimage.de\/wp\/?p=40437","url_meta":{"origin":40436,"position":1},"title":"Am Dreisesselberg mehrere Tage fotografisch unterwegs \u2013 BAYERWALDTEAM","author":"EschbacP","date":"22. Juli 2023","format":false,"excerpt":"Seit Februar 2023 waren wir nicht mehr im Bayerischen Wald fotografisch unterwegs. Viel ist inzwischen passiert und gerade deshalb sollten wieder einmal ein paar Tage Fotografieren im Bayerischen Wald und im B\u00f6hmerwald m\u00f6glich sein. Mitte Juli zeigt das Thermometer konstant die hei\u00dfesten Tage des Jahres an (bis 39 \u00b0C), schlecht\u2026","rel":"","context":"In &quot;BAYERWALDTEAM&quot;","block_context":{"text":"BAYERWALDTEAM","link":"https:\/\/deltaimage.de\/wp\/?cat=861"},"img":{"alt_text":"","src":"https:\/\/i0.wp.com\/deltaimage.de\/wp\/wp-content\/uploads\/IMG_20230713_181428_1200.jpg?fit=1200%2C450&ssl=1&resize=350%2C200","width":350,"height":200,"srcset":"https:\/\/i0.wp.com\/deltaimage.de\/wp\/wp-content\/uploads\/IMG_20230713_181428_1200.jpg?fit=1200%2C450&ssl=1&resize=350%2C200 1x, https:\/\/i0.wp.com\/deltaimage.de\/wp\/wp-content\/uploads\/IMG_20230713_181428_1200.jpg?fit=1200%2C450&ssl=1&resize=525%2C300 1.5x, https:\/\/i0.wp.com\/deltaimage.de\/wp\/wp-content\/uploads\/IMG_20230713_181428_1200.jpg?fit=1200%2C450&ssl=1&resize=700%2C400 2x, https:\/\/i0.wp.com\/deltaimage.de\/wp\/wp-content\/uploads\/IMG_20230713_181428_1200.jpg?fit=1200%2C450&ssl=1&resize=1050%2C600 3x"},"classes":[]},{"id":40439,"url":"https:\/\/deltaimage.de\/wp\/?p=40439","url_meta":{"origin":40436,"position":2},"title":"\u00dcbernachten in einem herr(schaft)lichen Schloss in S\u00fcdb\u00f6hmen \u2013 BAYERWALDTEAM","author":"EschbacP","date":"26. Juli 2023","format":false,"excerpt":"Seit Februar 2023 waren wir nicht mehr im Bayerischen Wald fotografisch unterwegs. Viel ist inzwischen passiert und gerade deshalb sollten wieder einmal ein paar Tage Fotografieren im Bayerischen Wald und im B\u00f6hmerwald m\u00f6glich sein. Man g\u00f6nnt sich ja sonst nichts. Als Ausgangspunkt f\u00fcr die fotografischen Streifz\u00fcge in S\u00fcdb\u00f6hmen, suchen wir\u2026","rel":"","context":"In &quot;BAYERWALDTEAM&quot;","block_context":{"text":"BAYERWALDTEAM","link":"https:\/\/deltaimage.de\/wp\/?cat=861"},"img":{"alt_text":"","src":"https:\/\/i0.wp.com\/deltaimage.de\/wp\/wp-content\/uploads\/IMG_20230718_075110_1200.jpg?fit=1200%2C450&ssl=1&resize=350%2C200","width":350,"height":200,"srcset":"https:\/\/i0.wp.com\/deltaimage.de\/wp\/wp-content\/uploads\/IMG_20230718_075110_1200.jpg?fit=1200%2C450&ssl=1&resize=350%2C200 1x, https:\/\/i0.wp.com\/deltaimage.de\/wp\/wp-content\/uploads\/IMG_20230718_075110_1200.jpg?fit=1200%2C450&ssl=1&resize=525%2C300 1.5x, https:\/\/i0.wp.com\/deltaimage.de\/wp\/wp-content\/uploads\/IMG_20230718_075110_1200.jpg?fit=1200%2C450&ssl=1&resize=700%2C400 2x, https:\/\/i0.wp.com\/deltaimage.de\/wp\/wp-content\/uploads\/IMG_20230718_075110_1200.jpg?fit=1200%2C450&ssl=1&resize=1050%2C600 3x"},"classes":[]},{"id":40487,"url":"https:\/\/deltaimage.de\/wp\/?p=40487","url_meta":{"origin":40436,"position":3},"title":"Architektonisches Kleinod Maria Rast am Stein im B\u00f6hmerwald \u2013 BAYERWALDTEAM","author":"EschbacP","date":"21. August 2023","format":false,"excerpt":"Die Region S\u00fcdb\u00f6hmen ist voll mit historischen Sehensw\u00fcrdigkeiten in den gro\u00dfen und den kleinen Orten entlang der Moldau. Manchmal sind es aber gerade die unscheinbarsten Orte, welche die fotografische Aufmerksamkeit auf sich zieht. Ganz in der N\u00e4he des Kloster Hohenfurth (Vy\u0161\u0161\u00ed Brod) liegt hoch im Wald auf 846 m eine\u2026","rel":"","context":"In &quot;BAYERWALDTEAM&quot;","block_context":{"text":"BAYERWALDTEAM","link":"https:\/\/deltaimage.de\/wp\/?cat=861"},"img":{"alt_text":"","src":"https:\/\/i0.wp.com\/deltaimage.de\/wp\/wp-content\/uploads\/PE1S1907_1200-1.jpg?fit=1200%2C450&ssl=1&resize=350%2C200","width":350,"height":200,"srcset":"https:\/\/i0.wp.com\/deltaimage.de\/wp\/wp-content\/uploads\/PE1S1907_1200-1.jpg?fit=1200%2C450&ssl=1&resize=350%2C200 1x, https:\/\/i0.wp.com\/deltaimage.de\/wp\/wp-content\/uploads\/PE1S1907_1200-1.jpg?fit=1200%2C450&ssl=1&resize=525%2C300 1.5x, https:\/\/i0.wp.com\/deltaimage.de\/wp\/wp-content\/uploads\/PE1S1907_1200-1.jpg?fit=1200%2C450&ssl=1&resize=700%2C400 2x, https:\/\/i0.wp.com\/deltaimage.de\/wp\/wp-content\/uploads\/PE1S1907_1200-1.jpg?fit=1200%2C450&ssl=1&resize=1050%2C600 3x"},"classes":[]},{"id":40673,"url":"https:\/\/deltaimage.de\/wp\/?p=40673","url_meta":{"origin":40436,"position":4},"title":"Wie die Zeit vergeht!","author":"EschbacP","date":"26. September 2023","format":false,"excerpt":"Am eigenen Geburtstag ist es eine gute M\u00f6glichkeit, auch mal einen Blick zur\u00fcckzuwerfen. Seit dem Jahr 1986 stehe ich meistens hinter der Kamera und fotografiere wie wild und auch andere Menschen. Dann f\u00e4llt mir wieder ein analoges Bild im Format 20 x 30 cm in die Hand. Einiges gibt es\u2026","rel":"","context":"In &quot;BAYERWALDTEAM&quot;","block_context":{"text":"BAYERWALDTEAM","link":"https:\/\/deltaimage.de\/wp\/?cat=861"},"img":{"alt_text":"","src":"https:\/\/i0.wp.com\/deltaimage.de\/wp\/wp-content\/uploads\/Scan0001_1200.jpg?fit=1200%2C450&ssl=1&resize=350%2C200","width":350,"height":200,"srcset":"https:\/\/i0.wp.com\/deltaimage.de\/wp\/wp-content\/uploads\/Scan0001_1200.jpg?fit=1200%2C450&ssl=1&resize=350%2C200 1x, https:\/\/i0.wp.com\/deltaimage.de\/wp\/wp-content\/uploads\/Scan0001_1200.jpg?fit=1200%2C450&ssl=1&resize=525%2C300 1.5x, https:\/\/i0.wp.com\/deltaimage.de\/wp\/wp-content\/uploads\/Scan0001_1200.jpg?fit=1200%2C450&ssl=1&resize=700%2C400 2x, https:\/\/i0.wp.com\/deltaimage.de\/wp\/wp-content\/uploads\/Scan0001_1200.jpg?fit=1200%2C450&ssl=1&resize=1050%2C600 3x"},"classes":[]},{"id":7074,"url":"https:\/\/deltaimage.de\/wp\/?p=7074","url_meta":{"origin":40436,"position":5},"title":"Meine erste Fotoausstellung in Zwiesel 1994","author":"EschbacP","date":"26. Februar 2015","format":false,"excerpt":"BAYERWALDTEAM - Diashows \u00fcber Bayerischer Wald und B\u00f6hmerwald Heute bin ich nach langer Zeit \u00fcber die Webseite meines fr\u00fcheren Partners Hubert Bauer-Falkner gesto\u00dfen und viele sch\u00f6ne Fotos aus gemeinsamen Streifz\u00fcgen durch den Bayerischen Wald und B\u00f6hmerwald wieder gesehen - das freut mich sehr. In den analogen Zeiten eines relativ niedrig\u2026","rel":"","context":"In &quot;Ausstellung \/ Sonderausstellung&quot;","block_context":{"text":"Ausstellung \/ Sonderausstellung","link":"https:\/\/deltaimage.de\/wp\/?cat=860"},"img":{"alt_text":"","src":"https:\/\/i0.wp.com\/deltaimage.de\/wp\/wp-content\/uploads\/Fotoaustellung01_1200_.jpg?fit=1200%2C778&ssl=1&resize=350%2C200","width":350,"height":200,"srcset":"https:\/\/i0.wp.com\/deltaimage.de\/wp\/wp-content\/uploads\/Fotoaustellung01_1200_.jpg?fit=1200%2C778&ssl=1&resize=350%2C200 1x, https:\/\/i0.wp.com\/deltaimage.de\/wp\/wp-content\/uploads\/Fotoaustellung01_1200_.jpg?fit=1200%2C778&ssl=1&resize=525%2C300 1.5x, https:\/\/i0.wp.com\/deltaimage.de\/wp\/wp-content\/uploads\/Fotoaustellung01_1200_.jpg?fit=1200%2C778&ssl=1&resize=700%2C400 2x, https:\/\/i0.wp.com\/deltaimage.de\/wp\/wp-content\/uploads\/Fotoaustellung01_1200_.jpg?fit=1200%2C778&ssl=1&resize=1050%2C600 3x"},"classes":[]}],"jetpack_sharing_enabled":true,"_links":{"self":[{"href":"https:\/\/deltaimage.de\/wp\/index.php?rest_route=\/wp\/v2\/posts\/40436","targetHints":{"allow":["GET"]}}],"collection":[{"href":"https:\/\/deltaimage.de\/wp\/index.php?rest_route=\/wp\/v2\/posts"}],"about":[{"href":"https:\/\/deltaimage.de\/wp\/index.php?rest_route=\/wp\/v2\/types\/post"}],"author":[{"embeddable":true,"href":"https:\/\/deltaimage.de\/wp\/index.php?rest_route=\/wp\/v2\/users\/1"}],"replies":[{"embeddable":true,"href":"https:\/\/deltaimage.de\/wp\/index.php?rest_route=%2Fwp%2Fv2%2Fcomments&post=40436"}],"version-history":[{"count":6,"href":"https:\/\/deltaimage.de\/wp\/index.php?rest_route=\/wp\/v2\/posts\/40436\/revisions"}],"predecessor-version":[{"id":51547,"href":"https:\/\/deltaimage.de\/wp\/index.php?rest_route=\/wp\/v2\/posts\/40436\/revisions\/51547"}],"wp:featuredmedia":[{"embeddable":true,"href":"https:\/\/deltaimage.de\/wp\/index.php?rest_route=\/wp\/v2\/media\/43397"}],"wp:attachment":[{"href":"https:\/\/deltaimage.de\/wp\/index.php?rest_route=%2Fwp%2Fv2%2Fmedia&parent=40436"}],"wp:term":[{"taxonomy":"category","embeddable":true,"href":"https:\/\/deltaimage.de\/wp\/index.php?rest_route=%2Fwp%2Fv2%2Fcategories&post=40436"},{"taxonomy":"post_tag","embeddable":true,"href":"https:\/\/deltaimage.de\/wp\/index.php?rest_route=%2Fwp%2Fv2%2Ftags&post=40436"}],"curies":[{"name":"wp","href":"https:\/\/api.w.org\/{rel}","templated":true}]}}