{"id":40439,"date":"2023-07-26T08:24:13","date_gmt":"2023-07-26T07:24:13","guid":{"rendered":"https:\/\/deltaimage.de\/wp\/?p=40439"},"modified":"2025-08-21T19:13:03","modified_gmt":"2025-08-21T17:13:03","slug":"uebernachten-in-einem-herrschaftlichen-schloss-in-suedboehmen-bayerwaldteam","status":"publish","type":"post","link":"https:\/\/deltaimage.de\/wp\/?p=40439","title":{"rendered":"\u00dcbernachten in einem herr(schaft)lichen Schloss in S\u00fcdb\u00f6hmen \u2013 BAYERWALDTEAM"},"content":{"rendered":"<p><img data-recalc-dims=\"1\" loading=\"lazy\" decoding=\"async\" class=\"wp-image-4093 size-thumbnail alignright\" src=\"https:\/\/i0.wp.com\/bayerwaldteam.eu\/wp-content\/uploads\/2022\/12\/cropped-BAYERWALDTEAM_550-150x150.jpg?resize=150%2C150&#038;ssl=1\" alt=\"\" width=\"150\" height=\"150\" \/><\/p>\n<p>Seit Februar 2023 waren wir nicht mehr im <strong>Bayerischen Wald<\/strong> fotografisch unterwegs. Viel ist inzwischen passiert und gerade deshalb sollten wieder einmal ein paar Tage Fotografieren im <strong>Bayerischen Wald<\/strong> und im <strong>B\u00f6hmerwald<\/strong> m\u00f6glich sein.<\/p>\n<blockquote>\n<pre>Man g\u00f6nnt sich ja sonst nichts.<\/pre>\n<\/blockquote>\n<p>Als Ausgangspunkt f\u00fcr die fotografischen Streifz\u00fcge in S\u00fcdb\u00f6hmen, suchen wir uns eine ganz herrliche \u00dcbernachtung in einem sch\u00f6n gelegenen Schloss in S\u00fcdb\u00f6hmen. Da passt einfach alles, wie gut dass ich das Hotel bereits aus meinen beruflichen Projekten in S\u00fcdb\u00f6hmen kenne &#8211; und der \u00dcbernachtungspreis inkl. Fr\u00fchst\u00fcck und Parken ist ganz wunderbar.<\/p>\n<p><img data-recalc-dims=\"1\" loading=\"lazy\" decoding=\"async\" class=\"aligncenter size-full wp-image-4211\" src=\"https:\/\/i0.wp.com\/bayerwaldteam.eu\/wp-content\/uploads\/2023\/07\/PE1S1956_900.jpg?resize=593%2C890&#038;ssl=1\" alt=\"\" width=\"593\" height=\"890\" \/><\/p>\n<p>Da passt auch der Van seht gut zum Ambiente dieser Schlossanlage. Mal sehen, wie es innen aussieht.<\/p>\n<p>&nbsp;<\/p>\n<p><!--more--><\/p>\n<p>Das Schloss ist dann auch nur knapp 100 m vom Hotel entfernt &#8211; wie (un-)praktisch f\u00fcr zwei Fotografen, da endet das Tag im Schlosspark und beginnt auch wieder im Schlosspark.<\/p>\n<p>&nbsp;<\/p>\n<h2>Auch innen alles wunderbar. Ja, passt!<\/h2>\n<p>Hubert ist \u00fcberw\u00e4ltigt, es ist ja auch ein ganz herrliches Schloss in dem wir f\u00fcr zwei N\u00e4chte residieren &#8211; \u00fcbernachten wird dieser Umgebung nicht gerecht. Im Englischen Club-Room kann man in dicken Ledersesseln gepflegte Konversation f\u00fchren. Uns zieht es aber hinaus in den herrlichen Garten und dann in das ganz nahe gelegene Schloss.<\/p>\n<p><img data-recalc-dims=\"1\" loading=\"lazy\" decoding=\"async\" class=\"aligncenter size-full wp-image-4210\" src=\"https:\/\/i0.wp.com\/bayerwaldteam.eu\/wp-content\/uploads\/2023\/07\/PE1S1968_900.jpg?resize=890%2C593&#038;ssl=1\" alt=\"\" width=\"890\" height=\"593\" \/><\/p>\n<p>Wir werden diesen Club Raum gar nicht nutzen k\u00f6nnen, das Wetter ist einfach zu sch\u00f6n.<\/p>\n<p>&nbsp;<\/p>\n<h2>Am Fr\u00fchst\u00fcck kann man das Hotel erkennen<\/h2>\n<p>Ein herrliches Fr\u00fchst\u00fccksbuffet im ehemaligen Pferdestall und dann hinaus in den sonnigen Garten, der fr\u00fchmorgens noch wohltuenden Schatten spendet. Da kommen die Lebensgeister wieder zur\u00fcck und das BAYERWALDTEAM ist dann ger\u00fcstet f\u00fcr die Fototouren am Tag. Da ist eine gute und abwechslungsreiche Ern\u00e4hrung auch eine wichtige Grundlage f\u00fcr das Wohlergehen.<\/p>\n<p><img data-recalc-dims=\"1\" loading=\"lazy\" decoding=\"async\" class=\"aligncenter size-full wp-image-4221\" src=\"https:\/\/i0.wp.com\/bayerwaldteam.eu\/wp-content\/uploads\/2023\/07\/IMG_20230718_075110_900.jpg?resize=890%2C501&#038;ssl=1\" alt=\"\" width=\"890\" height=\"501\" \/><\/p>\n<p>Dabei ist das nur eine winzig-kleine Auswahl des angebotenen Buffets mit Spiegeleier und Palatschinken.<\/p>\n<p><img data-recalc-dims=\"1\" loading=\"lazy\" decoding=\"async\" class=\"aligncenter size-full wp-image-4220\" src=\"https:\/\/i0.wp.com\/bayerwaldteam.eu\/wp-content\/uploads\/2023\/07\/IMG_20230718_075116_900.jpg?resize=890%2C501&#038;ssl=1\" alt=\"\" width=\"890\" height=\"501\" \/><\/p>\n<p>Und daneben pl\u00e4tschert der kleine Springbrunnen und macht richtig Lust auf den kommenden Tag in S\u00fcdb\u00f6hmen.<\/p>\n<p>Da m\u00f6chte man sich doch gleich dazu setzen und den Tag mit einem leckeren Fr\u00fchst\u00fcck beginnen lassen. Dann geht&#8217;s gleich noch 100 m weiter. Sie wissen ja, da ist das sch\u00f6nste Schloss in ganz S\u00fcdb\u00f6hmen und noch kaum BesucherInnen da.<\/p>\n<blockquote>\n<pre>Auf geht's!<\/pre>\n<\/blockquote>\n","protected":false},"excerpt":{"rendered":"<p>Seit Februar 2023 waren wir nicht mehr im Bayerischen Wald fotografisch unterwegs. Viel ist inzwischen passiert und gerade deshalb sollten wieder einmal ein paar Tage Fotografieren im Bayerischen Wald und [&hellip;]<\/p>\n","protected":false},"author":1,"featured_media":40445,"comment_status":"open","ping_status":"closed","sticky":false,"template":"","format":"standard","meta":{"wpupg_custom_link":[],"wpupg_custom_link_behaviour":["default"],"wpupg_custom_link_nofollow":["default"],"wpupg_custom_image":[],"wpupg_custom_image_id":[],"jetpack_post_was_ever_published":false,"footnotes":""},"categories":[861,3217,8],"tags":[594,900,1892,2924,1177,67,3502],"class_list":["post-40439","post","type-post","status-publish","format-standard","has-post-thumbnail","hentry","category-bayerwaldteam","category-naturfotografie","category-news","tag-bayerwaldteam","tag-boehmerwald","tag-hubert-bauer-falkner","tag-kulturlandschaft","tag-naturlandschaft","tag-paul-eschbach","tag-suedboehmen"],"jetpack_featured_media_url":"https:\/\/i0.wp.com\/deltaimage.de\/wp\/wp-content\/uploads\/IMG_20230718_075110_1200.jpg?fit=1200%2C450&ssl=1","jetpack-related-posts":[{"id":40436,"url":"https:\/\/deltaimage.de\/wp\/?p=40436","url_meta":{"origin":40439,"position":0},"title":"In S\u00fcdb\u00f6hmen und im B\u00f6hmerwald fotografisch wieder unterwegs \u2013 BAYERWALDTEAM","author":"EschbacP","date":"31. Juli 2023","format":false,"excerpt":"Seit Februar 2023 waren wir nicht mehr im Bayerischen Wald fotografisch unterwegs. Viel ist inzwischen passiert und gerade deshalb sollten wieder einmal ein paar Tage Fotografieren im Bayerischen Wald und im B\u00f6hmerwald m\u00f6glich sein. Ob der hohen Tagestemperaturen standen die langen und anstrengenden Wanderungen im Bayerischen Wald nicht hoch im\u2026","rel":"","context":"In &quot;BAYERWALDTEAM&quot;","block_context":{"text":"BAYERWALDTEAM","link":"https:\/\/deltaimage.de\/wp\/?cat=861"},"img":{"alt_text":"","src":"https:\/\/i0.wp.com\/deltaimage.de\/wp\/wp-content\/uploads\/1DX21224_1200-2.jpg?fit=1200%2C450&ssl=1&resize=350%2C200","width":350,"height":200,"srcset":"https:\/\/i0.wp.com\/deltaimage.de\/wp\/wp-content\/uploads\/1DX21224_1200-2.jpg?fit=1200%2C450&ssl=1&resize=350%2C200 1x, https:\/\/i0.wp.com\/deltaimage.de\/wp\/wp-content\/uploads\/1DX21224_1200-2.jpg?fit=1200%2C450&ssl=1&resize=525%2C300 1.5x, https:\/\/i0.wp.com\/deltaimage.de\/wp\/wp-content\/uploads\/1DX21224_1200-2.jpg?fit=1200%2C450&ssl=1&resize=700%2C400 2x, https:\/\/i0.wp.com\/deltaimage.de\/wp\/wp-content\/uploads\/1DX21224_1200-2.jpg?fit=1200%2C450&ssl=1&resize=1050%2C600 3x"},"classes":[]},{"id":40438,"url":"https:\/\/deltaimage.de\/wp\/?p=40438","url_meta":{"origin":40439,"position":1},"title":"Den Sommertag am Moldau-Stausee fotografisch ausklingen lassen \u2013 BAYERWALDTEAM","author":"EschbacP","date":"31. Juli 2023","format":false,"excerpt":"Seit Februar 2023 waren wir nicht mehr im Bayerischen Wald fotografisch unterwegs. Viel ist inzwischen passiert und gerade deshalb sollten wieder einmal ein paar Tage Fotografieren im Bayerischen Wald und im B\u00f6hmerwald m\u00f6glich sein. Den Sommer genie\u00dfen, mit Sonne, Strand und Freizeitaktivit\u00e4ten am Wasser. Die fotografischen Streifz\u00fcge f\u00fchren uns an\u2026","rel":"","context":"In &quot;BAYERWALDTEAM&quot;","block_context":{"text":"BAYERWALDTEAM","link":"https:\/\/deltaimage.de\/wp\/?cat=861"},"img":{"alt_text":"","src":"https:\/\/i0.wp.com\/deltaimage.de\/wp\/wp-content\/uploads\/PANO_20230716_202502_1200.jpg?fit=1200%2C450&ssl=1&resize=350%2C200","width":350,"height":200,"srcset":"https:\/\/i0.wp.com\/deltaimage.de\/wp\/wp-content\/uploads\/PANO_20230716_202502_1200.jpg?fit=1200%2C450&ssl=1&resize=350%2C200 1x, https:\/\/i0.wp.com\/deltaimage.de\/wp\/wp-content\/uploads\/PANO_20230716_202502_1200.jpg?fit=1200%2C450&ssl=1&resize=525%2C300 1.5x, https:\/\/i0.wp.com\/deltaimage.de\/wp\/wp-content\/uploads\/PANO_20230716_202502_1200.jpg?fit=1200%2C450&ssl=1&resize=700%2C400 2x, https:\/\/i0.wp.com\/deltaimage.de\/wp\/wp-content\/uploads\/PANO_20230716_202502_1200.jpg?fit=1200%2C450&ssl=1&resize=1050%2C600 3x"},"classes":[]},{"id":40437,"url":"https:\/\/deltaimage.de\/wp\/?p=40437","url_meta":{"origin":40439,"position":2},"title":"Am Dreisesselberg mehrere Tage fotografisch unterwegs \u2013 BAYERWALDTEAM","author":"EschbacP","date":"22. Juli 2023","format":false,"excerpt":"Seit Februar 2023 waren wir nicht mehr im Bayerischen Wald fotografisch unterwegs. Viel ist inzwischen passiert und gerade deshalb sollten wieder einmal ein paar Tage Fotografieren im Bayerischen Wald und im B\u00f6hmerwald m\u00f6glich sein. Mitte Juli zeigt das Thermometer konstant die hei\u00dfesten Tage des Jahres an (bis 39 \u00b0C), schlecht\u2026","rel":"","context":"In &quot;BAYERWALDTEAM&quot;","block_context":{"text":"BAYERWALDTEAM","link":"https:\/\/deltaimage.de\/wp\/?cat=861"},"img":{"alt_text":"","src":"https:\/\/i0.wp.com\/deltaimage.de\/wp\/wp-content\/uploads\/IMG_20230713_181428_1200.jpg?fit=1200%2C450&ssl=1&resize=350%2C200","width":350,"height":200,"srcset":"https:\/\/i0.wp.com\/deltaimage.de\/wp\/wp-content\/uploads\/IMG_20230713_181428_1200.jpg?fit=1200%2C450&ssl=1&resize=350%2C200 1x, https:\/\/i0.wp.com\/deltaimage.de\/wp\/wp-content\/uploads\/IMG_20230713_181428_1200.jpg?fit=1200%2C450&ssl=1&resize=525%2C300 1.5x, https:\/\/i0.wp.com\/deltaimage.de\/wp\/wp-content\/uploads\/IMG_20230713_181428_1200.jpg?fit=1200%2C450&ssl=1&resize=700%2C400 2x, https:\/\/i0.wp.com\/deltaimage.de\/wp\/wp-content\/uploads\/IMG_20230713_181428_1200.jpg?fit=1200%2C450&ssl=1&resize=1050%2C600 3x"},"classes":[]},{"id":40502,"url":"https:\/\/deltaimage.de\/wp\/?p=40502","url_meta":{"origin":40439,"position":3},"title":"Kultur und Schutz an der Moldau \u2013 Ro\u017emberk nad Vltavou (Rosenberg) \u2013 BAYERWALDTEAM","author":"EschbacP","date":"16. August 2023","format":false,"excerpt":"\u00a0 An der Moldau reihen sich D\u00f6rfer, Burgen, Kl\u00f6ster, Schl\u00f6sser und die sch\u00f6nsten St\u00e4dte in S\u00fcdb\u00f6hmen aneinander und schafften so den Schutz f\u00fcr die Reisenden und die Handel treibenden Kaufleute, von dem Zentrum in S\u00fcdb\u00f6hmen Budweis bis zur Landesgrenze nach \u00d6sterreich hin\u00fcber. Der Handel mit dem wertvollen Salz aus dem\u2026","rel":"","context":"In &quot;BAYERWALDTEAM&quot;","block_context":{"text":"BAYERWALDTEAM","link":"https:\/\/deltaimage.de\/wp\/?cat=861"},"img":{"alt_text":"","src":"https:\/\/i0.wp.com\/deltaimage.de\/wp\/wp-content\/uploads\/PE1S2452_1200.jpg?fit=1200%2C450&ssl=1&resize=350%2C200","width":350,"height":200,"srcset":"https:\/\/i0.wp.com\/deltaimage.de\/wp\/wp-content\/uploads\/PE1S2452_1200.jpg?fit=1200%2C450&ssl=1&resize=350%2C200 1x, https:\/\/i0.wp.com\/deltaimage.de\/wp\/wp-content\/uploads\/PE1S2452_1200.jpg?fit=1200%2C450&ssl=1&resize=525%2C300 1.5x, https:\/\/i0.wp.com\/deltaimage.de\/wp\/wp-content\/uploads\/PE1S2452_1200.jpg?fit=1200%2C450&ssl=1&resize=700%2C400 2x, https:\/\/i0.wp.com\/deltaimage.de\/wp\/wp-content\/uploads\/PE1S2452_1200.jpg?fit=1200%2C450&ssl=1&resize=1050%2C600 3x"},"classes":[]},{"id":40487,"url":"https:\/\/deltaimage.de\/wp\/?p=40487","url_meta":{"origin":40439,"position":4},"title":"Architektonisches Kleinod Maria Rast am Stein im B\u00f6hmerwald \u2013 BAYERWALDTEAM","author":"EschbacP","date":"21. August 2023","format":false,"excerpt":"Die Region S\u00fcdb\u00f6hmen ist voll mit historischen Sehensw\u00fcrdigkeiten in den gro\u00dfen und den kleinen Orten entlang der Moldau. Manchmal sind es aber gerade die unscheinbarsten Orte, welche die fotografische Aufmerksamkeit auf sich zieht. Ganz in der N\u00e4he des Kloster Hohenfurth (Vy\u0161\u0161\u00ed Brod) liegt hoch im Wald auf 846 m eine\u2026","rel":"","context":"In &quot;BAYERWALDTEAM&quot;","block_context":{"text":"BAYERWALDTEAM","link":"https:\/\/deltaimage.de\/wp\/?cat=861"},"img":{"alt_text":"","src":"https:\/\/i0.wp.com\/deltaimage.de\/wp\/wp-content\/uploads\/PE1S1907_1200-1.jpg?fit=1200%2C450&ssl=1&resize=350%2C200","width":350,"height":200,"srcset":"https:\/\/i0.wp.com\/deltaimage.de\/wp\/wp-content\/uploads\/PE1S1907_1200-1.jpg?fit=1200%2C450&ssl=1&resize=350%2C200 1x, https:\/\/i0.wp.com\/deltaimage.de\/wp\/wp-content\/uploads\/PE1S1907_1200-1.jpg?fit=1200%2C450&ssl=1&resize=525%2C300 1.5x, https:\/\/i0.wp.com\/deltaimage.de\/wp\/wp-content\/uploads\/PE1S1907_1200-1.jpg?fit=1200%2C450&ssl=1&resize=700%2C400 2x, https:\/\/i0.wp.com\/deltaimage.de\/wp\/wp-content\/uploads\/PE1S1907_1200-1.jpg?fit=1200%2C450&ssl=1&resize=1050%2C600 3x"},"classes":[]},{"id":40505,"url":"https:\/\/deltaimage.de\/wp\/?p=40505","url_meta":{"origin":40439,"position":5},"title":"Das sch\u00f6nste Schloss in S\u00fcdb\u00f6hmen \u2013 Hlubok\u00e1 nad Vltavou (Frauenberg) \u2013 BAYERWALDTEAM","author":"EschbacP","date":"7. August 2023","format":false,"excerpt":"In S\u00fcdb\u00f6hmen kann man als Fotograf nicht wirklich weit fahren, um nicht gleich wieder auf das n\u00e4chste Schloss, eine Burg oder den n\u00e4chsten historisch prachtvollen Stadtkern zu sto\u00dfen. Die Dichte an Schl\u00f6ssern und Burgen ist hier wohl viel h\u00f6her als in anderen Regionen - und die meisten sind ganz wunderbar\u2026","rel":"","context":"In &quot;BAYERWALDTEAM&quot;","block_context":{"text":"BAYERWALDTEAM","link":"https:\/\/deltaimage.de\/wp\/?cat=861"},"img":{"alt_text":"","src":"https:\/\/i0.wp.com\/deltaimage.de\/wp\/wp-content\/uploads\/PE1S1994_1200.jpg?fit=1200%2C450&ssl=1&resize=350%2C200","width":350,"height":200,"srcset":"https:\/\/i0.wp.com\/deltaimage.de\/wp\/wp-content\/uploads\/PE1S1994_1200.jpg?fit=1200%2C450&ssl=1&resize=350%2C200 1x, https:\/\/i0.wp.com\/deltaimage.de\/wp\/wp-content\/uploads\/PE1S1994_1200.jpg?fit=1200%2C450&ssl=1&resize=525%2C300 1.5x, https:\/\/i0.wp.com\/deltaimage.de\/wp\/wp-content\/uploads\/PE1S1994_1200.jpg?fit=1200%2C450&ssl=1&resize=700%2C400 2x, https:\/\/i0.wp.com\/deltaimage.de\/wp\/wp-content\/uploads\/PE1S1994_1200.jpg?fit=1200%2C450&ssl=1&resize=1050%2C600 3x"},"classes":[]}],"jetpack_sharing_enabled":true,"_links":{"self":[{"href":"https:\/\/deltaimage.de\/wp\/index.php?rest_route=\/wp\/v2\/posts\/40439","targetHints":{"allow":["GET"]}}],"collection":[{"href":"https:\/\/deltaimage.de\/wp\/index.php?rest_route=\/wp\/v2\/posts"}],"about":[{"href":"https:\/\/deltaimage.de\/wp\/index.php?rest_route=\/wp\/v2\/types\/post"}],"author":[{"embeddable":true,"href":"https:\/\/deltaimage.de\/wp\/index.php?rest_route=\/wp\/v2\/users\/1"}],"replies":[{"embeddable":true,"href":"https:\/\/deltaimage.de\/wp\/index.php?rest_route=%2Fwp%2Fv2%2Fcomments&post=40439"}],"version-history":[{"count":8,"href":"https:\/\/deltaimage.de\/wp\/index.php?rest_route=\/wp\/v2\/posts\/40439\/revisions"}],"predecessor-version":[{"id":51492,"href":"https:\/\/deltaimage.de\/wp\/index.php?rest_route=\/wp\/v2\/posts\/40439\/revisions\/51492"}],"wp:featuredmedia":[{"embeddable":true,"href":"https:\/\/deltaimage.de\/wp\/index.php?rest_route=\/wp\/v2\/media\/40445"}],"wp:attachment":[{"href":"https:\/\/deltaimage.de\/wp\/index.php?rest_route=%2Fwp%2Fv2%2Fmedia&parent=40439"}],"wp:term":[{"taxonomy":"category","embeddable":true,"href":"https:\/\/deltaimage.de\/wp\/index.php?rest_route=%2Fwp%2Fv2%2Fcategories&post=40439"},{"taxonomy":"post_tag","embeddable":true,"href":"https:\/\/deltaimage.de\/wp\/index.php?rest_route=%2Fwp%2Fv2%2Ftags&post=40439"}],"curies":[{"name":"wp","href":"https:\/\/api.w.org\/{rel}","templated":true}]}}