{"id":40485,"date":"2023-08-26T07:00:12","date_gmt":"2023-08-26T06:00:12","guid":{"rendered":"https:\/\/deltaimage.de\/wp\/?p=40485"},"modified":"2025-08-21T20:29:07","modified_gmt":"2025-08-21T18:29:07","slug":"sonnenuntergang-am-moldau-stausee-im-boehmerwald-bayerwaldteam","status":"publish","type":"post","link":"https:\/\/deltaimage.de\/wp\/?p=40485","title":{"rendered":"Sonnenuntergang am Moldau Stausee im B\u00f6hmerwald \u2013 BAYERWALDTEAM"},"content":{"rendered":"<p><img data-recalc-dims=\"1\" loading=\"lazy\" decoding=\"async\" class=\"wp-image-4093 size-thumbnail alignright\" src=\"https:\/\/i0.wp.com\/bayerwaldteam.eu\/wp-content\/uploads\/2022\/12\/cropped-BAYERWALDTEAM_550-150x150.jpg?resize=150%2C150&#038;ssl=1\" alt=\"\" width=\"150\" height=\"150\" \/><\/p>\n<p>Die Sonne geht im Westen unter. Was genau ist das fotografische Bildmotiv f\u00fcr eine FotografIn? Wir k\u00f6nnen erwarten einen eint\u00f6nigen Himmel, eine rote Sonnenscheibe davon und darunter ein Vorder-\/Mittelgrund, der vollkommen in Schwarz verschwindet. So toll den Moment der Fotografie auch sein mag, diese Empfindungen und Gef\u00fchle m\u00fcssen auf die BetrachterInnen auch mithilfe der Fotografie \u00fcbertragen werden.<\/p>\n<p>Die fotografischen Regeln aus Vordergrund, Mittelgrund und Hintergrund bleiben auch beim Sonnenuntergang-Foto bestehen, nur wird es ungleich schwieriger, passend beleuchtete Vordergr\u00fcnde in die Bildkomposition zu verbinden.<\/p>\n<p><img data-recalc-dims=\"1\" loading=\"lazy\" decoding=\"async\" class=\"aligncenter size-full wp-image-4728\" src=\"https:\/\/i0.wp.com\/bayerwaldteam.eu\/wp-content\/uploads\/2023\/07\/PE1S1680_900-1.jpg?resize=890%2C593&#038;ssl=1\" alt=\"\" width=\"890\" height=\"593\" \/><\/p>\n<p>Die beiden St\u00fchle sind ganz wunderbar in Unsch\u00e4rfe, so geht der Blick der BetrachterInnen von alleine hinaus auf die Wasserfl\u00e4che und hin\u00fcber zu dem beginnenden Farbspektakel am Abendhimmel. Nehmen Sie doch mit Platz und erfreuen sich dieser Szenerie,<\/p>\n<p><!--more--><\/p>\n<p>&nbsp;<\/p>\n<h2>Der \u00dcbergang vom Tag und in die blaue Stunde der Nacht im B\u00f6hmerwald<\/h2>\n<p>Ein Sonnenuntergang ist fotografisch ein spannender Motivbereich. Eine Stunde vor dem Sonnenuntergang, hat der Abend immer noch ein gro\u00dfes \u00dcberraschungspotenzial, wie der Sonnenuntergang denn aussehen wird. Alle paar Minuten ver\u00e4ndert sich die Szenerie, je nachdem, wie der Durchgang der Sonnenscheibe durch die verschiedenen Wolkenschichten vonstattengeht.<\/p>\n<p>\u00dcberraschung hat auch immer das Potenzial, eine deutliche \u00dcberraschung auf der sch\u00f6nen Seite, zu bieten.<\/p>\n<p><img data-recalc-dims=\"1\" loading=\"lazy\" decoding=\"async\" class=\"aligncenter size-full wp-image-4726\" src=\"https:\/\/i0.wp.com\/bayerwaldteam.eu\/wp-content\/uploads\/2023\/07\/PE1S1712-Pano_900-1.jpg?resize=890%2C593&#038;ssl=1\" alt=\"\" width=\"890\" height=\"593\" \/><\/p>\n<h2>19:52 Uhr<\/h2>\n<p>Die Ausgangslage l\u00e4sst auf einen fotografisch abwechslungsreichen Sonnenuntergang hoffen, wir wurden auch nicht entt\u00e4uscht.<\/p>\n<p><img data-recalc-dims=\"1\" loading=\"lazy\" decoding=\"async\" class=\"aligncenter size-full wp-image-4727\" src=\"https:\/\/i0.wp.com\/bayerwaldteam.eu\/wp-content\/uploads\/2023\/07\/PE1S1691_900-1.jpg?resize=890%2C593&#038;ssl=1\" alt=\"\" width=\"890\" height=\"593\" \/><\/p>\n<p>Das sch\u00f6ne Bild, der fotografische Moment ist nie eine Selbstverst\u00e4ndlichkeit. Ein erster sehr sch\u00f6ner Durchgang der Sonnenstrahlen durch das dunkle Wolkenband im Vordergrund. Diese dunkle Wolke h\u00e4lt das direkte Licht von dem Objektiv ab, so bleiben die Kontraste in einem gut zu verarbeitbaren Bereich. Es treten die feinen Helligkeitsmodellierungen in den Wolken deutlich hervor und zaubern den pittoresken Vorhang aus dem Licht der Sonnenstrahlen.<\/p>\n<p><img data-recalc-dims=\"1\" loading=\"lazy\" decoding=\"async\" class=\"aligncenter size-full wp-image-4725\" src=\"https:\/\/i0.wp.com\/bayerwaldteam.eu\/wp-content\/uploads\/2023\/07\/PE1S1748_900-1.jpg?resize=890%2C593&#038;ssl=1\" alt=\"\" width=\"890\" height=\"593\" \/><\/p>\n<h2>20:12 Uhr<\/h2>\n<p>Jede Minute eine weitere fotografische \u00dcberraschung. Die Sonne taucht wieder unter dem dunklen Wolkenband hervor und erf\u00fcllt den Abendhimmel wieder mit goldfarbigem Licht und zaubert wieder fotografisch sehr wirkungsvolle Reflexionen auf die Wasseroberfl\u00e4che.<\/p>\n<p><img data-recalc-dims=\"1\" loading=\"lazy\" decoding=\"async\" class=\"aligncenter size-full wp-image-4718\" src=\"https:\/\/i0.wp.com\/bayerwaldteam.eu\/wp-content\/uploads\/2023\/07\/PE1S1809_900.jpg?resize=890%2C593&#038;ssl=1\" alt=\"\" width=\"890\" height=\"593\" \/><\/p>\n<h2>20:30 Uhr<\/h2>\n<p>Die Sonne verschwindet hinter den dunklen Wolken an der Horizontlinie, das direkte und das reflektierte Sonnenlicht fehlt nun inzwischen vollst\u00e4ndig. Nur noch die beleuchteten mittelhohen und hohen Wolken zaubern Licht und Farbe in das Bildmotiv. Der Himmel wirkt jetzt besonders eindrucksvoll.<\/p>\n<p><img data-recalc-dims=\"1\" loading=\"lazy\" decoding=\"async\" class=\"aligncenter size-full wp-image-4717\" src=\"https:\/\/i0.wp.com\/bayerwaldteam.eu\/wp-content\/uploads\/2023\/07\/PE1S1817_900-1.jpg?resize=890%2C593&#038;ssl=1\" alt=\"\" width=\"890\" height=\"593\" \/><\/p>\n<h2>20:46 Uhr<\/h2>\n<p>Die Sonnenscheibe ist hinter dem Horizont vollst\u00e4ndig verschwunden. Nur noch das blaue Licht der blauen Stunde beleuchtet den Himmel und schafft im Bild eine Mischung aus den roten Farbt\u00f6nen und dem blauen Licht &#8211; es entstehen Farben von Lila und Violett.<\/p>\n<p>Der Tag ist jetzt eindeutig zu Ende &#8211; jetzt beginnt die Nacht. In einem Beitrag erz\u00e4hlen wir die kleine Geschichte, wie die Nacht uns fotografisch zeigte, als wir vom Moldau Stausee aus in Sch\u00f6neben die Landesgrenze nach \u00d6sterreich \u00fcberquerten. <a href=\"https:\/\/bayerwaldteam.eu\/2023\/07\/21\/gewitter-mit-blitz-und-donner-in-oesterreichischen-ulrichsberg-bayerwaldteam\/\"><strong>Zu dem Beitrag in Ulrichsberg<\/strong><\/a>.<\/p>\n","protected":false},"excerpt":{"rendered":"<p>Die Sonne geht im Westen unter. Was genau ist das fotografische Bildmotiv f\u00fcr eine FotografIn? Wir k\u00f6nnen erwarten einen eint\u00f6nigen Himmel, eine rote Sonnenscheibe davon und darunter ein Vorder-\/Mittelgrund, der [&hellip;]<\/p>\n","protected":false},"author":1,"featured_media":40533,"comment_status":"open","ping_status":"closed","sticky":false,"template":"","format":"standard","meta":{"wpupg_custom_link":[],"wpupg_custom_link_behaviour":["default"],"wpupg_custom_link_nofollow":["default"],"wpupg_custom_image":[],"wpupg_custom_image_id":[],"jetpack_post_was_ever_published":false,"footnotes":""},"categories":[861,8],"tags":[594,803,3503,197,412,3502,292],"class_list":["post-40485","post","type-post","status-publish","format-standard","has-post-thumbnail","hentry","category-bayerwaldteam","category-news","tag-bayerwaldteam","tag-moldau","tag-moldaustausee","tag-sommer","tag-sonnenuntergang","tag-suedboehmen","tag-wolken"],"jetpack_featured_media_url":"https:\/\/i0.wp.com\/deltaimage.de\/wp\/wp-content\/uploads\/PE1S1658_1200.jpg?fit=1200%2C450&ssl=1","jetpack-related-posts":[{"id":40486,"url":"https:\/\/deltaimage.de\/wp\/?p=40486","url_meta":{"origin":40485,"position":0},"title":"Moldau Stausee im B\u00f6hmerwald \u2013 BAYERWALDTEAM","author":"EschbacP","date":"23. August 2023","format":false,"excerpt":"Der Moldaustausee ist die gr\u00f6\u00dfte Wasserfl\u00e4che in S\u00fcdb\u00f6hmen und ist in den 50er Jahres des letzten Jahrhunderts f\u00fcr den Hochwasserschutz der unterhalb liegenden St\u00e4dte, wie Hohenfurth, Krumau, Budweis und die goldene Stadt Prag errichtet worden. Die Kraft des Wassers wird auch zur Energieerzeugung verwendet. Mit dem Beginn der 2000er Jahre\u2026","rel":"","context":"In &quot;BAYERWALDTEAM&quot;","block_context":{"text":"BAYERWALDTEAM","link":"https:\/\/deltaimage.de\/wp\/?cat=861"},"img":{"alt_text":"","src":"https:\/\/i0.wp.com\/deltaimage.de\/wp\/wp-content\/uploads\/PE1S1790_1200.jpg?fit=1200%2C450&ssl=1&resize=350%2C200","width":350,"height":200,"srcset":"https:\/\/i0.wp.com\/deltaimage.de\/wp\/wp-content\/uploads\/PE1S1790_1200.jpg?fit=1200%2C450&ssl=1&resize=350%2C200 1x, https:\/\/i0.wp.com\/deltaimage.de\/wp\/wp-content\/uploads\/PE1S1790_1200.jpg?fit=1200%2C450&ssl=1&resize=525%2C300 1.5x, https:\/\/i0.wp.com\/deltaimage.de\/wp\/wp-content\/uploads\/PE1S1790_1200.jpg?fit=1200%2C450&ssl=1&resize=700%2C400 2x, https:\/\/i0.wp.com\/deltaimage.de\/wp\/wp-content\/uploads\/PE1S1790_1200.jpg?fit=1200%2C450&ssl=1&resize=1050%2C600 3x"},"classes":[]},{"id":40506,"url":"https:\/\/deltaimage.de\/wp\/?p=40506","url_meta":{"origin":40485,"position":1},"title":"Architektur-Fotografie und Perspektivkorrektur im Kloster Zlata Koruna an der Moldau \u2013 BAYERWALDTEAM","author":"EschbacP","date":"14. August 2023","format":false,"excerpt":"Eine gotische Klosteranlage ist ein sehr gut geeignetes Anwendungsthema f\u00fcr die Architekturfotografie. Die verschiedenen Baustile in der Kunstgeschichte haben jeweils eigene Spezifika und Charakteristika - immer andere Anforderungen an die Umsetzung. In dieser Wanderung durch den Bayerischen Wald und den B\u00f6hmerwald habe ich als Experiment ein Objektiv zur Perspektivkorrektur mit\u2026","rel":"","context":"In &quot;BAYERWALDTEAM&quot;","block_context":{"text":"BAYERWALDTEAM","link":"https:\/\/deltaimage.de\/wp\/?cat=861"},"img":{"alt_text":"","src":"https:\/\/i0.wp.com\/deltaimage.de\/wp\/wp-content\/uploads\/PE1S2311_1200.jpg?fit=1200%2C450&ssl=1&resize=350%2C200","width":350,"height":200,"srcset":"https:\/\/i0.wp.com\/deltaimage.de\/wp\/wp-content\/uploads\/PE1S2311_1200.jpg?fit=1200%2C450&ssl=1&resize=350%2C200 1x, https:\/\/i0.wp.com\/deltaimage.de\/wp\/wp-content\/uploads\/PE1S2311_1200.jpg?fit=1200%2C450&ssl=1&resize=525%2C300 1.5x, https:\/\/i0.wp.com\/deltaimage.de\/wp\/wp-content\/uploads\/PE1S2311_1200.jpg?fit=1200%2C450&ssl=1&resize=700%2C400 2x, https:\/\/i0.wp.com\/deltaimage.de\/wp\/wp-content\/uploads\/PE1S2311_1200.jpg?fit=1200%2C450&ssl=1&resize=1050%2C600 3x"},"classes":[]},{"id":42640,"url":"https:\/\/deltaimage.de\/wp\/?p=42640","url_meta":{"origin":40485,"position":2},"title":"Prager Fr\u00fchling auf der Prager Burg (Hradschin, Hrad\u010din)","author":"EschbacP","date":"19. M\u00e4rz 2024","format":false,"excerpt":"Der Weg zur Prager Burg f\u00fchrt \u00fcber die Kleinseite am linken Ufer der Moldau, dort wo die Moldau auf einen geologisch massiven Querriegel trifft und zu einer Umleitung des Flusslaufes, gezwungen wird. Die Kleinseite unterhalb der Burg war\/ist eine Art von gro\u00dfer Vorburg zur Prager Burg. Die Kleinseite ist in\u2026","rel":"","context":"In &quot;BAYERWALDTEAM&quot;","block_context":{"text":"BAYERWALDTEAM","link":"https:\/\/deltaimage.de\/wp\/?cat=861"},"img":{"alt_text":"","src":"https:\/\/i0.wp.com\/deltaimage.de\/wp\/wp-content\/uploads\/1710355947881_900.jpg?fit=890%2C454&ssl=1&resize=350%2C200","width":350,"height":200,"srcset":"https:\/\/i0.wp.com\/deltaimage.de\/wp\/wp-content\/uploads\/1710355947881_900.jpg?fit=890%2C454&ssl=1&resize=350%2C200 1x, https:\/\/i0.wp.com\/deltaimage.de\/wp\/wp-content\/uploads\/1710355947881_900.jpg?fit=890%2C454&ssl=1&resize=525%2C300 1.5x, https:\/\/i0.wp.com\/deltaimage.de\/wp\/wp-content\/uploads\/1710355947881_900.jpg?fit=890%2C454&ssl=1&resize=700%2C400 2x"},"classes":[]},{"id":40507,"url":"https:\/\/deltaimage.de\/wp\/?p=40507","url_meta":{"origin":40485,"position":3},"title":"Kloster Zlata Koruna (Goldenkron) an der Moldau \u2013 BAYERWALDTEAM","author":"EschbacP","date":"18. August 2023","format":false,"excerpt":"Die Moldau ist der gro\u00dfe und dominante Strom in B\u00f6hmen. Macht, Politik, Ausweitung des Glaubens, Kultur und Wirtschaft haben sich entlang der Moldau entwickelt und so auch die entlegenen Regionen in S\u00fcdb\u00f6hmen und im B\u00f6hmerwald erreicht. Von Budweis und Krummau aus, liegt die Grenze zu Ober\u00f6sterreich und damit zu den\u2026","rel":"","context":"In &quot;BAYERWALDTEAM&quot;","block_context":{"text":"BAYERWALDTEAM","link":"https:\/\/deltaimage.de\/wp\/?cat=861"},"img":{"alt_text":"","src":"https:\/\/i0.wp.com\/deltaimage.de\/wp\/wp-content\/uploads\/PE1S2305_1200.jpg?fit=1200%2C450&ssl=1&resize=350%2C200","width":350,"height":200,"srcset":"https:\/\/i0.wp.com\/deltaimage.de\/wp\/wp-content\/uploads\/PE1S2305_1200.jpg?fit=1200%2C450&ssl=1&resize=350%2C200 1x, https:\/\/i0.wp.com\/deltaimage.de\/wp\/wp-content\/uploads\/PE1S2305_1200.jpg?fit=1200%2C450&ssl=1&resize=525%2C300 1.5x, https:\/\/i0.wp.com\/deltaimage.de\/wp\/wp-content\/uploads\/PE1S2305_1200.jpg?fit=1200%2C450&ssl=1&resize=700%2C400 2x, https:\/\/i0.wp.com\/deltaimage.de\/wp\/wp-content\/uploads\/PE1S2305_1200.jpg?fit=1200%2C450&ssl=1&resize=1050%2C600 3x"},"classes":[]},{"id":40437,"url":"https:\/\/deltaimage.de\/wp\/?p=40437","url_meta":{"origin":40485,"position":4},"title":"Am Dreisesselberg mehrere Tage fotografisch unterwegs \u2013 BAYERWALDTEAM","author":"EschbacP","date":"22. Juli 2023","format":false,"excerpt":"Seit Februar 2023 waren wir nicht mehr im Bayerischen Wald fotografisch unterwegs. Viel ist inzwischen passiert und gerade deshalb sollten wieder einmal ein paar Tage Fotografieren im Bayerischen Wald und im B\u00f6hmerwald m\u00f6glich sein. Mitte Juli zeigt das Thermometer konstant die hei\u00dfesten Tage des Jahres an (bis 39 \u00b0C), schlecht\u2026","rel":"","context":"In &quot;BAYERWALDTEAM&quot;","block_context":{"text":"BAYERWALDTEAM","link":"https:\/\/deltaimage.de\/wp\/?cat=861"},"img":{"alt_text":"","src":"https:\/\/i0.wp.com\/deltaimage.de\/wp\/wp-content\/uploads\/IMG_20230713_181428_1200.jpg?fit=1200%2C450&ssl=1&resize=350%2C200","width":350,"height":200,"srcset":"https:\/\/i0.wp.com\/deltaimage.de\/wp\/wp-content\/uploads\/IMG_20230713_181428_1200.jpg?fit=1200%2C450&ssl=1&resize=350%2C200 1x, https:\/\/i0.wp.com\/deltaimage.de\/wp\/wp-content\/uploads\/IMG_20230713_181428_1200.jpg?fit=1200%2C450&ssl=1&resize=525%2C300 1.5x, https:\/\/i0.wp.com\/deltaimage.de\/wp\/wp-content\/uploads\/IMG_20230713_181428_1200.jpg?fit=1200%2C450&ssl=1&resize=700%2C400 2x, https:\/\/i0.wp.com\/deltaimage.de\/wp\/wp-content\/uploads\/IMG_20230713_181428_1200.jpg?fit=1200%2C450&ssl=1&resize=1050%2C600 3x"},"classes":[]},{"id":42680,"url":"https:\/\/deltaimage.de\/wp\/?p=42680","url_meta":{"origin":40485,"position":5},"title":"Die Karlsbr\u00fccke, die Moldau und die blaue Stunde","author":"EschbacP","date":"19. M\u00e4rz 2024","format":false,"excerpt":"Die Prager Kleinseite auf dem linken Moldauufer, ist mit der Altstadt auf dem rechten Moldauufer, mit der \u00e4ltesten Steinbr\u00fccke in Tschechien, der Karlsbr\u00fccke, verbunden. Die gesamte Szenerie in Prag, ist gerade in der blauen Stunde, wie in einem \u00fcberdimensionierten Freiluft-Architektur-Museum, die Moldau \u00f6ffnet die gesamte Szenerie und die Blicke fallen\u2026","rel":"","context":"In &quot;BAYERWALDTEAM&quot;","block_context":{"text":"BAYERWALDTEAM","link":"https:\/\/deltaimage.de\/wp\/?cat=861"},"img":{"alt_text":"","src":"https:\/\/i0.wp.com\/deltaimage.de\/wp\/wp-content\/uploads\/1710355947384_1200.jpg?fit=1200%2C450&ssl=1&resize=350%2C200","width":350,"height":200,"srcset":"https:\/\/i0.wp.com\/deltaimage.de\/wp\/wp-content\/uploads\/1710355947384_1200.jpg?fit=1200%2C450&ssl=1&resize=350%2C200 1x, https:\/\/i0.wp.com\/deltaimage.de\/wp\/wp-content\/uploads\/1710355947384_1200.jpg?fit=1200%2C450&ssl=1&resize=525%2C300 1.5x, https:\/\/i0.wp.com\/deltaimage.de\/wp\/wp-content\/uploads\/1710355947384_1200.jpg?fit=1200%2C450&ssl=1&resize=700%2C400 2x, https:\/\/i0.wp.com\/deltaimage.de\/wp\/wp-content\/uploads\/1710355947384_1200.jpg?fit=1200%2C450&ssl=1&resize=1050%2C600 3x"},"classes":[]}],"jetpack_sharing_enabled":true,"_links":{"self":[{"href":"https:\/\/deltaimage.de\/wp\/index.php?rest_route=\/wp\/v2\/posts\/40485","targetHints":{"allow":["GET"]}}],"collection":[{"href":"https:\/\/deltaimage.de\/wp\/index.php?rest_route=\/wp\/v2\/posts"}],"about":[{"href":"https:\/\/deltaimage.de\/wp\/index.php?rest_route=\/wp\/v2\/types\/post"}],"author":[{"embeddable":true,"href":"https:\/\/deltaimage.de\/wp\/index.php?rest_route=\/wp\/v2\/users\/1"}],"replies":[{"embeddable":true,"href":"https:\/\/deltaimage.de\/wp\/index.php?rest_route=%2Fwp%2Fv2%2Fcomments&post=40485"}],"version-history":[{"count":5,"href":"https:\/\/deltaimage.de\/wp\/index.php?rest_route=\/wp\/v2\/posts\/40485\/revisions"}],"predecessor-version":[{"id":51554,"href":"https:\/\/deltaimage.de\/wp\/index.php?rest_route=\/wp\/v2\/posts\/40485\/revisions\/51554"}],"wp:featuredmedia":[{"embeddable":true,"href":"https:\/\/deltaimage.de\/wp\/index.php?rest_route=\/wp\/v2\/media\/40533"}],"wp:attachment":[{"href":"https:\/\/deltaimage.de\/wp\/index.php?rest_route=%2Fwp%2Fv2%2Fmedia&parent=40485"}],"wp:term":[{"taxonomy":"category","embeddable":true,"href":"https:\/\/deltaimage.de\/wp\/index.php?rest_route=%2Fwp%2Fv2%2Fcategories&post=40485"},{"taxonomy":"post_tag","embeddable":true,"href":"https:\/\/deltaimage.de\/wp\/index.php?rest_route=%2Fwp%2Fv2%2Ftags&post=40485"}],"curies":[{"name":"wp","href":"https:\/\/api.w.org\/{rel}","templated":true}]}}