{"id":40487,"date":"2023-08-21T09:00:24","date_gmt":"2023-08-21T08:00:24","guid":{"rendered":"https:\/\/deltaimage.de\/wp\/?p=40487"},"modified":"2025-08-21T20:35:10","modified_gmt":"2025-08-21T18:35:10","slug":"architektonisches-kleinod-maria-rast-am-stein-im-boehmerwald-bayerwaldteam","status":"publish","type":"post","link":"https:\/\/deltaimage.de\/wp\/?p=40487","title":{"rendered":"Architektonisches Kleinod Maria Rast am Stein im B\u00f6hmerwald \u2013 BAYERWALDTEAM"},"content":{"rendered":"<p><img data-recalc-dims=\"1\" loading=\"lazy\" decoding=\"async\" class=\"wp-image-4093 size-thumbnail alignright\" src=\"https:\/\/i0.wp.com\/bayerwaldteam.eu\/wp-content\/uploads\/2022\/12\/cropped-BAYERWALDTEAM_550-150x150.jpg?resize=150%2C150&#038;ssl=1\" alt=\"\" width=\"150\" height=\"150\" \/><\/p>\n<p>Die Region <strong>S\u00fcdb\u00f6hmen<\/strong> ist voll mit historischen Sehensw\u00fcrdigkeiten in den gro\u00dfen und den kleinen Orten entlang der <strong>Moldau<\/strong>. Manchmal sind es aber gerade die unscheinbarsten Orte, welche die fotografische Aufmerksamkeit auf sich zieht. Ganz in der N\u00e4he des <strong>Kloster Hohenfurth (Vy\u0161\u0161\u00ed Brod<\/strong>) liegt hoch im Wald auf 846 m eine kleine und unscheinbare <strong>Wallfahrtskapelle Maria Rast am Stein<\/strong> (<strong>Panna Marie odpo\u010d\u00edvaj\u00edc\u00ed na kameni<\/strong>) aus dem Jahr 1890.<\/p>\n<p>Die Kapelle im neoromanischen Stil ist ein kleines und sch\u00f6nes Ensemble am Berghang gelegen, schaut weit in die umgebende Landschaft um <strong>Hohenfurth<\/strong> und dem <strong>Moldautal<\/strong> umher.<\/p>\n<p><img data-recalc-dims=\"1\" loading=\"lazy\" decoding=\"async\" class=\"aligncenter size-full wp-image-4709\" src=\"https:\/\/i0.wp.com\/bayerwaldteam.eu\/wp-content\/uploads\/2023\/07\/PE1S1864-HDR_900.jpg?resize=890%2C593&#038;ssl=1\" alt=\"\" width=\"890\" height=\"593\" \/><\/p>\n<p><!--more--><\/p>\n<p>&nbsp;<\/p>\n<h2>Von der Wallfahrtskapelle zum Kloster Hohenfurth<\/h2>\n<p>Auch heute noch ergibt sich ein sch\u00f6ner Blick von der kleinen <strong>Wallfahrtskapelle<\/strong> hinab zum im <strong>Moldautal<\/strong> liegenden <strong>Kloster Hohenfurth<\/strong>, dem dominanten geistlichen und kulturellem Ort am oberen Modaulauf.<\/p>\n<p><img data-recalc-dims=\"1\" loading=\"lazy\" decoding=\"async\" class=\"aligncenter size-full wp-image-4714\" src=\"https:\/\/i0.wp.com\/bayerwaldteam.eu\/wp-content\/uploads\/2023\/07\/PE1S1879-HDR_900.jpg?resize=890%2C593&#038;ssl=1\" alt=\"\" width=\"890\" height=\"593\" \/><\/p>\n<p>&nbsp;<\/p>\n<h2>Wallfahrtskapelle Maria Rast am Stein<\/h2>\n<p>Das Ensemble am Berghang besteht aus der neuen Wallfahrtskapelle, einer freien Kanzel f\u00fcr eine Andacht im Freien und die alte kleinere Kapelle. Fotografisch ein Kleinod zur Auflockerung zwischen all der s\u00fcdb\u00f6hmischen Pracht der Rosenberger und der Schwarzenbergs.<\/p>\n<p><img data-recalc-dims=\"1\" loading=\"lazy\" decoding=\"async\" class=\"aligncenter size-full wp-image-4712\" src=\"https:\/\/i0.wp.com\/bayerwaldteam.eu\/wp-content\/uploads\/2023\/07\/PE1S1927-HDR_900.jpg?resize=890%2C593&#038;ssl=1\" alt=\"\" width=\"890\" height=\"593\" \/><\/p>\n<p>Die <strong>Wallfahrtskapelle Maria Rast am Stein<\/strong> ist von <strong>Hohenfurth<\/strong> aus in einer sch\u00f6nen Wanderung bergan durch den <strong>s\u00fcdb\u00f6hmischen Hochwald<\/strong> auch zu Fu\u00df gut zu erreichen.<\/p>\n<p><img data-recalc-dims=\"1\" loading=\"lazy\" decoding=\"async\" class=\"aligncenter size-full wp-image-4711\" src=\"https:\/\/i0.wp.com\/bayerwaldteam.eu\/wp-content\/uploads\/2023\/07\/PE1S1917-HDR-2_900.jpg?resize=890%2C593&#038;ssl=1\" alt=\"\" width=\"890\" height=\"593\" \/><\/p>\n<p>&nbsp;<\/p>\n<h2>Maria hat sich auf einem Granitblock mit dem Jesuskind ausgeruht<\/h2>\n<p>Der Legende nach hat sich hier die heilige Maria mit dem Jesuskind auf einem Granitblock ausgeruht. In den Verzierungen an den beiden Eing\u00e4ngen zur alten Kapelle finden sich die Buchstaben M\u00a0 A\u00a0 R\u00a0 I\u00a0 A in einer kunstvollen Anordnung als besondere Widmung und auch als Verzierung.<\/p>\n<p><img data-recalc-dims=\"1\" loading=\"lazy\" decoding=\"async\" class=\"aligncenter size-full wp-image-4713\" src=\"https:\/\/i0.wp.com\/bayerwaldteam.eu\/wp-content\/uploads\/2023\/07\/PE1S1882_900.jpg?resize=890%2C593&#038;ssl=1\" alt=\"\" width=\"890\" height=\"593\" \/><\/p>\n","protected":false},"excerpt":{"rendered":"<p>Die Region S\u00fcdb\u00f6hmen ist voll mit historischen Sehensw\u00fcrdigkeiten in den gro\u00dfen und den kleinen Orten entlang der Moldau. Manchmal sind es aber gerade die unscheinbarsten Orte, welche die fotografische Aufmerksamkeit [&hellip;]<\/p>\n","protected":false},"author":1,"featured_media":40555,"comment_status":"open","ping_status":"closed","sticky":false,"template":"","format":"standard","meta":{"wpupg_custom_link":[],"wpupg_custom_link_behaviour":["default"],"wpupg_custom_link_nofollow":["default"],"wpupg_custom_image":[],"wpupg_custom_image_id":[],"jetpack_post_was_ever_published":false,"footnotes":""},"categories":[861,3710,3711,8,3708],"tags":[594,900,3514,3527,3502,3528],"class_list":["post-40487","post","type-post","status-publish","format-standard","has-post-thumbnail","hentry","category-bayerwaldteam","category-boehmen","category-boehmerwald","category-news","category-tschechien","tag-bayerwaldteam","tag-boehmerwald","tag-kloster-hohenfurth","tag-maria-rast-am-stein","tag-suedboehmen","tag-wallfahrtskapelle"],"jetpack_featured_media_url":"https:\/\/i0.wp.com\/deltaimage.de\/wp\/wp-content\/uploads\/PE1S1907_1200-1.jpg?fit=1200%2C450&ssl=1","jetpack-related-posts":[{"id":40436,"url":"https:\/\/deltaimage.de\/wp\/?p=40436","url_meta":{"origin":40487,"position":0},"title":"In S\u00fcdb\u00f6hmen und im B\u00f6hmerwald fotografisch wieder unterwegs \u2013 BAYERWALDTEAM","author":"EschbacP","date":"31. Juli 2023","format":false,"excerpt":"Seit Februar 2023 waren wir nicht mehr im Bayerischen Wald fotografisch unterwegs. Viel ist inzwischen passiert und gerade deshalb sollten wieder einmal ein paar Tage Fotografieren im Bayerischen Wald und im B\u00f6hmerwald m\u00f6glich sein. Ob der hohen Tagestemperaturen standen die langen und anstrengenden Wanderungen im Bayerischen Wald nicht hoch im\u2026","rel":"","context":"In &quot;BAYERWALDTEAM&quot;","block_context":{"text":"BAYERWALDTEAM","link":"https:\/\/deltaimage.de\/wp\/?cat=861"},"img":{"alt_text":"","src":"https:\/\/i0.wp.com\/deltaimage.de\/wp\/wp-content\/uploads\/1DX21224_1200-2.jpg?fit=1200%2C450&ssl=1&resize=350%2C200","width":350,"height":200,"srcset":"https:\/\/i0.wp.com\/deltaimage.de\/wp\/wp-content\/uploads\/1DX21224_1200-2.jpg?fit=1200%2C450&ssl=1&resize=350%2C200 1x, https:\/\/i0.wp.com\/deltaimage.de\/wp\/wp-content\/uploads\/1DX21224_1200-2.jpg?fit=1200%2C450&ssl=1&resize=525%2C300 1.5x, https:\/\/i0.wp.com\/deltaimage.de\/wp\/wp-content\/uploads\/1DX21224_1200-2.jpg?fit=1200%2C450&ssl=1&resize=700%2C400 2x, https:\/\/i0.wp.com\/deltaimage.de\/wp\/wp-content\/uploads\/1DX21224_1200-2.jpg?fit=1200%2C450&ssl=1&resize=1050%2C600 3x"},"classes":[]},{"id":40504,"url":"https:\/\/deltaimage.de\/wp\/?p=40504","url_meta":{"origin":40487,"position":1},"title":"Kulturlandschaft im B\u00f6hmerwald im Kloster Hohenfurth (Vy\u0161\u0161i Brod) \u2013 BAYERWALDTEAM","author":"EschbacP","date":"11. August 2023","format":false,"excerpt":"Im B\u00f6hmerwald und in S\u00fcdb\u00f6hmen verbreitete sich die Kultur vor allem entlang der Fl\u00fcsse - die Moldau ist der gro\u00dfe Fluss in B\u00f6hmen. Sie entspringt ganz im S\u00fcden, noch auf bayerischer Seite und f\u00fchrt in die Goldene Stadt Prag und \u00fcber die Elbe im Norden hinaus zur Nordsee und den\u2026","rel":"","context":"In &quot;BAYERWALDTEAM&quot;","block_context":{"text":"BAYERWALDTEAM","link":"https:\/\/deltaimage.de\/wp\/?cat=861"},"img":{"alt_text":"","src":"https:\/\/i0.wp.com\/deltaimage.de\/wp\/wp-content\/uploads\/PE1S1630-HDR_1200.jpg?fit=1200%2C450&ssl=1&resize=350%2C200","width":350,"height":200,"srcset":"https:\/\/i0.wp.com\/deltaimage.de\/wp\/wp-content\/uploads\/PE1S1630-HDR_1200.jpg?fit=1200%2C450&ssl=1&resize=350%2C200 1x, https:\/\/i0.wp.com\/deltaimage.de\/wp\/wp-content\/uploads\/PE1S1630-HDR_1200.jpg?fit=1200%2C450&ssl=1&resize=525%2C300 1.5x, https:\/\/i0.wp.com\/deltaimage.de\/wp\/wp-content\/uploads\/PE1S1630-HDR_1200.jpg?fit=1200%2C450&ssl=1&resize=700%2C400 2x, https:\/\/i0.wp.com\/deltaimage.de\/wp\/wp-content\/uploads\/PE1S1630-HDR_1200.jpg?fit=1200%2C450&ssl=1&resize=1050%2C600 3x"},"classes":[]},{"id":40502,"url":"https:\/\/deltaimage.de\/wp\/?p=40502","url_meta":{"origin":40487,"position":2},"title":"Kultur und Schutz an der Moldau \u2013 Ro\u017emberk nad Vltavou (Rosenberg) \u2013 BAYERWALDTEAM","author":"EschbacP","date":"16. August 2023","format":false,"excerpt":"\u00a0 An der Moldau reihen sich D\u00f6rfer, Burgen, Kl\u00f6ster, Schl\u00f6sser und die sch\u00f6nsten St\u00e4dte in S\u00fcdb\u00f6hmen aneinander und schafften so den Schutz f\u00fcr die Reisenden und die Handel treibenden Kaufleute, von dem Zentrum in S\u00fcdb\u00f6hmen Budweis bis zur Landesgrenze nach \u00d6sterreich hin\u00fcber. Der Handel mit dem wertvollen Salz aus dem\u2026","rel":"","context":"In &quot;BAYERWALDTEAM&quot;","block_context":{"text":"BAYERWALDTEAM","link":"https:\/\/deltaimage.de\/wp\/?cat=861"},"img":{"alt_text":"","src":"https:\/\/i0.wp.com\/deltaimage.de\/wp\/wp-content\/uploads\/PE1S2452_1200.jpg?fit=1200%2C450&ssl=1&resize=350%2C200","width":350,"height":200,"srcset":"https:\/\/i0.wp.com\/deltaimage.de\/wp\/wp-content\/uploads\/PE1S2452_1200.jpg?fit=1200%2C450&ssl=1&resize=350%2C200 1x, https:\/\/i0.wp.com\/deltaimage.de\/wp\/wp-content\/uploads\/PE1S2452_1200.jpg?fit=1200%2C450&ssl=1&resize=525%2C300 1.5x, https:\/\/i0.wp.com\/deltaimage.de\/wp\/wp-content\/uploads\/PE1S2452_1200.jpg?fit=1200%2C450&ssl=1&resize=700%2C400 2x, https:\/\/i0.wp.com\/deltaimage.de\/wp\/wp-content\/uploads\/PE1S2452_1200.jpg?fit=1200%2C450&ssl=1&resize=1050%2C600 3x"},"classes":[]},{"id":40486,"url":"https:\/\/deltaimage.de\/wp\/?p=40486","url_meta":{"origin":40487,"position":3},"title":"Moldau Stausee im B\u00f6hmerwald \u2013 BAYERWALDTEAM","author":"EschbacP","date":"23. August 2023","format":false,"excerpt":"Der Moldaustausee ist die gr\u00f6\u00dfte Wasserfl\u00e4che in S\u00fcdb\u00f6hmen und ist in den 50er Jahres des letzten Jahrhunderts f\u00fcr den Hochwasserschutz der unterhalb liegenden St\u00e4dte, wie Hohenfurth, Krumau, Budweis und die goldene Stadt Prag errichtet worden. Die Kraft des Wassers wird auch zur Energieerzeugung verwendet. Mit dem Beginn der 2000er Jahre\u2026","rel":"","context":"In &quot;BAYERWALDTEAM&quot;","block_context":{"text":"BAYERWALDTEAM","link":"https:\/\/deltaimage.de\/wp\/?cat=861"},"img":{"alt_text":"","src":"https:\/\/i0.wp.com\/deltaimage.de\/wp\/wp-content\/uploads\/PE1S1790_1200.jpg?fit=1200%2C450&ssl=1&resize=350%2C200","width":350,"height":200,"srcset":"https:\/\/i0.wp.com\/deltaimage.de\/wp\/wp-content\/uploads\/PE1S1790_1200.jpg?fit=1200%2C450&ssl=1&resize=350%2C200 1x, https:\/\/i0.wp.com\/deltaimage.de\/wp\/wp-content\/uploads\/PE1S1790_1200.jpg?fit=1200%2C450&ssl=1&resize=525%2C300 1.5x, https:\/\/i0.wp.com\/deltaimage.de\/wp\/wp-content\/uploads\/PE1S1790_1200.jpg?fit=1200%2C450&ssl=1&resize=700%2C400 2x, https:\/\/i0.wp.com\/deltaimage.de\/wp\/wp-content\/uploads\/PE1S1790_1200.jpg?fit=1200%2C450&ssl=1&resize=1050%2C600 3x"},"classes":[]},{"id":40507,"url":"https:\/\/deltaimage.de\/wp\/?p=40507","url_meta":{"origin":40487,"position":4},"title":"Kloster Zlata Koruna (Goldenkron) an der Moldau \u2013 BAYERWALDTEAM","author":"EschbacP","date":"18. August 2023","format":false,"excerpt":"Die Moldau ist der gro\u00dfe und dominante Strom in B\u00f6hmen. Macht, Politik, Ausweitung des Glaubens, Kultur und Wirtschaft haben sich entlang der Moldau entwickelt und so auch die entlegenen Regionen in S\u00fcdb\u00f6hmen und im B\u00f6hmerwald erreicht. Von Budweis und Krummau aus, liegt die Grenze zu Ober\u00f6sterreich und damit zu den\u2026","rel":"","context":"In &quot;BAYERWALDTEAM&quot;","block_context":{"text":"BAYERWALDTEAM","link":"https:\/\/deltaimage.de\/wp\/?cat=861"},"img":{"alt_text":"","src":"https:\/\/i0.wp.com\/deltaimage.de\/wp\/wp-content\/uploads\/PE1S2305_1200.jpg?fit=1200%2C450&ssl=1&resize=350%2C200","width":350,"height":200,"srcset":"https:\/\/i0.wp.com\/deltaimage.de\/wp\/wp-content\/uploads\/PE1S2305_1200.jpg?fit=1200%2C450&ssl=1&resize=350%2C200 1x, https:\/\/i0.wp.com\/deltaimage.de\/wp\/wp-content\/uploads\/PE1S2305_1200.jpg?fit=1200%2C450&ssl=1&resize=525%2C300 1.5x, https:\/\/i0.wp.com\/deltaimage.de\/wp\/wp-content\/uploads\/PE1S2305_1200.jpg?fit=1200%2C450&ssl=1&resize=700%2C400 2x, https:\/\/i0.wp.com\/deltaimage.de\/wp\/wp-content\/uploads\/PE1S2305_1200.jpg?fit=1200%2C450&ssl=1&resize=1050%2C600 3x"},"classes":[]},{"id":40525,"url":"https:\/\/deltaimage.de\/wp\/?p=40525","url_meta":{"origin":40487,"position":5},"title":"Mit einem fotografischen Experiment unterwegs \u2013 BAYERWALDTEAM","author":"EschbacP","date":"2. August 2023","format":false,"excerpt":"Einige Tage eine Fotoreise zu unternehmen, ist auch sehr oft eine sehr gute M\u00f6glichkeit, ein besonderes fotografisches Experiment zu versuchen und die Ergebnisse dann auch zu bewerten. Nur so entwickelt sich die FotografIn auch weiter, aus Erfahrung und eigener Anschauung. Das generelle fotografische Thema dieser Fotoreise in den Bayerischen Wald\u2026","rel":"","context":"In &quot;BAYERWALDTEAM&quot;","block_context":{"text":"BAYERWALDTEAM","link":"https:\/\/deltaimage.de\/wp\/?cat=861"},"img":{"alt_text":"","src":"https:\/\/i0.wp.com\/deltaimage.de\/wp\/wp-content\/uploads\/PE5D7283_1200-1.jpg?fit=1200%2C450&ssl=1&resize=350%2C200","width":350,"height":200,"srcset":"https:\/\/i0.wp.com\/deltaimage.de\/wp\/wp-content\/uploads\/PE5D7283_1200-1.jpg?fit=1200%2C450&ssl=1&resize=350%2C200 1x, https:\/\/i0.wp.com\/deltaimage.de\/wp\/wp-content\/uploads\/PE5D7283_1200-1.jpg?fit=1200%2C450&ssl=1&resize=525%2C300 1.5x, https:\/\/i0.wp.com\/deltaimage.de\/wp\/wp-content\/uploads\/PE5D7283_1200-1.jpg?fit=1200%2C450&ssl=1&resize=700%2C400 2x, https:\/\/i0.wp.com\/deltaimage.de\/wp\/wp-content\/uploads\/PE5D7283_1200-1.jpg?fit=1200%2C450&ssl=1&resize=1050%2C600 3x"},"classes":[]}],"jetpack_sharing_enabled":true,"_links":{"self":[{"href":"https:\/\/deltaimage.de\/wp\/index.php?rest_route=\/wp\/v2\/posts\/40487","targetHints":{"allow":["GET"]}}],"collection":[{"href":"https:\/\/deltaimage.de\/wp\/index.php?rest_route=\/wp\/v2\/posts"}],"about":[{"href":"https:\/\/deltaimage.de\/wp\/index.php?rest_route=\/wp\/v2\/types\/post"}],"author":[{"embeddable":true,"href":"https:\/\/deltaimage.de\/wp\/index.php?rest_route=\/wp\/v2\/users\/1"}],"replies":[{"embeddable":true,"href":"https:\/\/deltaimage.de\/wp\/index.php?rest_route=%2Fwp%2Fv2%2Fcomments&post=40487"}],"version-history":[{"count":4,"href":"https:\/\/deltaimage.de\/wp\/index.php?rest_route=\/wp\/v2\/posts\/40487\/revisions"}],"predecessor-version":[{"id":51560,"href":"https:\/\/deltaimage.de\/wp\/index.php?rest_route=\/wp\/v2\/posts\/40487\/revisions\/51560"}],"wp:featuredmedia":[{"embeddable":true,"href":"https:\/\/deltaimage.de\/wp\/index.php?rest_route=\/wp\/v2\/media\/40555"}],"wp:attachment":[{"href":"https:\/\/deltaimage.de\/wp\/index.php?rest_route=%2Fwp%2Fv2%2Fmedia&parent=40487"}],"wp:term":[{"taxonomy":"category","embeddable":true,"href":"https:\/\/deltaimage.de\/wp\/index.php?rest_route=%2Fwp%2Fv2%2Fcategories&post=40487"},{"taxonomy":"post_tag","embeddable":true,"href":"https:\/\/deltaimage.de\/wp\/index.php?rest_route=%2Fwp%2Fv2%2Ftags&post=40487"}],"curies":[{"name":"wp","href":"https:\/\/api.w.org\/{rel}","templated":true}]}}