{"id":40489,"date":"2023-08-14T09:00:14","date_gmt":"2023-08-14T08:00:14","guid":{"rendered":"https:\/\/deltaimage.de\/wp\/?p=40489"},"modified":"2025-08-21T20:50:28","modified_gmt":"2025-08-21T18:50:28","slug":"die-fauna-im-boehmerwald-fotografieren-bayerwaldteam","status":"publish","type":"post","link":"https:\/\/deltaimage.de\/wp\/?p=40489","title":{"rendered":"Die Fauna im B\u00f6hmerwald fotografieren \u2013 BAYERWALDTEAM"},"content":{"rendered":"<p><img data-recalc-dims=\"1\" loading=\"lazy\" decoding=\"async\" class=\"wp-image-4093 size-thumbnail alignright\" src=\"https:\/\/i0.wp.com\/bayerwaldteam.eu\/wp-content\/uploads\/2022\/12\/cropped-BAYERWALDTEAM_550-150x150.jpg?resize=150%2C150&#038;ssl=1\" alt=\"\" width=\"150\" height=\"150\" \/><\/p>\n<p>Mit der Digitalkamera in der Naturlandschaft weitl\u00e4ufigen und noch wenig zersiedelten <strong>B\u00f6hmerwald<\/strong> zu stehen, bringt mich sehr oft in die Lage, die heimische Fauna auch hier zu fotografieren. Nicht gezielt und auch nicht mit der spezifischen Ausr\u00fcstung, aber ein 100-400 mm richtig eingesetzt, kann auch dabei sehr gute Dienste leisten.<\/p>\n<p>Manche Spezies sind vertraut vom <strong>Dachauer<\/strong> <strong>Moos<\/strong>, manche Spezies sind neu und aufregend in diesem anderen Naturraum.<\/p>\n<p>Eine im <strong>Dachauer<\/strong> <strong>Moos<\/strong> sehr gerne von mir beobachtete Libellenart ist die <strong>Gemeine Heidelibelle<\/strong> &#8211; jetzt als Besonderheit &#8211; im Flug fotografiert.<\/p>\n<p><img data-recalc-dims=\"1\" loading=\"lazy\" decoding=\"async\" class=\"aligncenter size-full wp-image-4370\" src=\"https:\/\/i0.wp.com\/bayerwaldteam.eu\/wp-content\/uploads\/2023\/07\/PE1S2267_900.jpg?resize=890%2C593&#038;ssl=1\" alt=\"\" width=\"890\" height=\"593\" \/><\/p>\n<p>Diese Libelle habe ich an einem kleinen, ganz unscheinbaren Teich im B\u00f6hmerwald, an einer Kreuzung zwischen zwei noch unbedeutenderen Stra\u00dfen fotografiert. Der Wind stand richtig und so verharrte die <strong>Heidelibelle<\/strong> auf der Stelle und konnte pr\u00e4gnant scharf abgebildet werden.<\/p>\n<p><!--more--><\/p>\n<p>&nbsp;<\/p>\n<h2>Manche Motive erkennt die FotografIn erst in der Bildnachbearbeitung<\/h2>\n<p>Auf den ersten Blick ist alles klar. Wieder dieselbe <strong>Gemeine<\/strong> <strong>Heidelibelle<\/strong> in einer Paarungssituation, auf einem kleinen Ast sitzend.<\/p>\n<blockquote>\n<pre>Sehen Sie es schon? Erkennen Sie das Bildmotiv?<\/pre>\n<\/blockquote>\n<p>Das M\u00e4nnchen und das Weibchen der <strong>Gemeinen<\/strong> <strong>Heidelibelle<\/strong> sind kaum zu unterscheiden &#8211; auf jeden Fall nicht aus der Entfernung der FotografInnen. Zuerst dachte ich es sei ein <strong>Paarungsrad<\/strong>, aber da passen zwei Sachen nicht:<\/p>\n<ul>\n<li>Die beiden Libellen geh\u00f6ren verschiedenen Spezies an.<\/li>\n<li>Die \u00fcblichen Positionen von Hinterleib und Genick stimmen \u00fcberhaupt nicht \u00fcberein.<\/li>\n<\/ul>\n<p>Ich denke vielmehr, da will die blaugr\u00fcne Libelle die rote Libelle (<strong>Gemeine<\/strong> <strong>Heidelibelle<\/strong>) verspeisen.<\/p>\n<p><img data-recalc-dims=\"1\" loading=\"lazy\" decoding=\"async\" class=\"aligncenter size-full wp-image-4369\" src=\"https:\/\/i0.wp.com\/bayerwaldteam.eu\/wp-content\/uploads\/2023\/07\/PE1S2258_900.jpg?resize=890%2C593&#038;ssl=1\" alt=\"\" width=\"890\" height=\"593\" \/><\/p>\n<p>Der Kreis des Lebens an einem unbedeutenden Teich im <strong>B\u00f6hmerwald<\/strong>. Die Gemeine <strong>Heidelibelle<\/strong> pr\u00e4sentiert sich uns gleich mehrfach im Flug und mit dem 100-400 mm recht problemlos zu fotografieren.<\/p>\n<p><img data-recalc-dims=\"1\" loading=\"lazy\" decoding=\"async\" class=\"aligncenter size-full wp-image-4367\" src=\"https:\/\/i0.wp.com\/bayerwaldteam.eu\/wp-content\/uploads\/2023\/07\/PE1S2261_900.jpg?resize=890%2C593&#038;ssl=1\" alt=\"\" width=\"890\" height=\"593\" \/><\/p>\n<h2>Ja eigentlich haben wir wegen des wei\u00dfen Schwanes und den 5 K\u00fcken angehalten<\/h2>\n<p>Solche kleinen Szenen kann man noch im <strong>B\u00f6hmerwald<\/strong> am Stra\u00dfenrand erleben. Schwan und K\u00fcken f\u00fchlen sich offensichtlich wohl in diesem kleinen Teich und lassen uns ein paar Minuten zum Fotografieren Zeit.<\/p>\n<p><img data-recalc-dims=\"1\" loading=\"lazy\" decoding=\"async\" class=\"aligncenter size-full wp-image-4368\" src=\"https:\/\/i0.wp.com\/bayerwaldteam.eu\/wp-content\/uploads\/2023\/07\/PE1S2248_900.jpg?resize=890%2C593&#038;ssl=1\" alt=\"\" width=\"890\" height=\"593\" \/><\/p>\n<h2>Kleinlibellen am Teich im B\u00f6hmerwald<\/h2>\n<p>Zuerst war es nur der Schwan, dann die <strong>Gemeine<\/strong> <strong>Heidelibelle<\/strong> und am Ende noch zwei weitere Spezies an <strong>Kleinlibellen<\/strong>. Das <strong>kleine<\/strong> <strong>Granatauge<\/strong> (Kleinlibelle) hat den Namen von den intensiv roten Augen an dieser sonst eher kleinen und unscheinbaren Libellenart.<\/p>\n<p><img data-recalc-dims=\"1\" loading=\"lazy\" decoding=\"async\" class=\"aligncenter size-full wp-image-4366\" src=\"https:\/\/i0.wp.com\/bayerwaldteam.eu\/wp-content\/uploads\/2023\/07\/PE1S2284_900.jpg?resize=890%2C593&#038;ssl=1\" alt=\"\" width=\"890\" height=\"593\" \/><\/p>\n<p>Zusammen mit dem <strong>Granatauge<\/strong> fliegen eine Unzahl an <strong>Azurjungfern<\/strong> umher, auch die lassen sich sehr gut und sehr einfach fotografieren. Es scheint ihnen durch die FotografInnen keine Gefahr zu erwachsen, also erstmal ruhig sitzen bleiben.<\/p>\n<p>&nbsp;<\/p>\n<h2>Eine in Bayern bereits stark gef\u00e4hrdete Mond-Azurjungfer gesellt sich dazu<\/h2>\n<p>Ruhig sitzen bleiben und geduldig abwarten, dann kommen die Libellen zur FotografIn. So auch die Azurjungfer, wahrscheinlich eine in Bayern bereits gef\u00e4hrdete <strong>Mond-Azurjungfer<\/strong>, kommt in gr\u00f6\u00dferer Anzahl zu mir, um auch fotografiert zu werden.<\/p>\n<p><img data-recalc-dims=\"1\" loading=\"lazy\" decoding=\"async\" class=\"aligncenter size-full wp-image-4365\" src=\"https:\/\/i0.wp.com\/bayerwaldteam.eu\/wp-content\/uploads\/2023\/07\/PE1S2287_900.jpg?resize=890%2C593&#038;ssl=1\" alt=\"\" width=\"890\" height=\"593\" \/><\/p>\n<p>Es ist warm, die Sonne scheint und das treibt das Fluggeschehen der Libellen deutlich an.<\/p>\n<p><img data-recalc-dims=\"1\" loading=\"lazy\" decoding=\"async\" class=\"aligncenter size-full wp-image-4364\" src=\"https:\/\/i0.wp.com\/bayerwaldteam.eu\/wp-content\/uploads\/2023\/07\/PE1S2291_900.jpg?resize=890%2C593&#038;ssl=1\" alt=\"\" width=\"890\" height=\"593\" \/><\/p>\n<p>Auf einmal sitzt diese <strong>Azurjungfer<\/strong> ganz herrlich parallel zum Sensor und wird somit von ganz vorne bis ganz hinten auch scharf abgebildet.<\/p>\n","protected":false},"excerpt":{"rendered":"<p>Mit der Digitalkamera in der Naturlandschaft weitl\u00e4ufigen und noch wenig zersiedelten B\u00f6hmerwald zu stehen, bringt mich sehr oft in die Lage, die heimische Fauna auch hier zu fotografieren. Nicht gezielt [&hellip;]<\/p>\n","protected":false},"author":1,"featured_media":40551,"comment_status":"open","ping_status":"closed","sticky":false,"template":"","format":"standard","meta":{"wpupg_custom_link":[],"wpupg_custom_link_behaviour":["default"],"wpupg_custom_link_nofollow":["default"],"wpupg_custom_image":[],"wpupg_custom_image_id":[],"jetpack_post_was_ever_published":false,"footnotes":""},"categories":[861,3710,3711,8,3709,3708],"tags":[3523,594,900,3524,3212],"class_list":["post-40489","post","type-post","status-publish","format-standard","has-post-thumbnail","hentry","category-bayerwaldteam","category-boehmen","category-boehmerwald","category-news","category-prag","category-tschechien","tag-azurjungfer","tag-bayerwaldteam","tag-boehmerwald","tag-gemeine-heidelibelle","tag-schwan"],"jetpack_featured_media_url":"https:\/\/i0.wp.com\/deltaimage.de\/wp\/wp-content\/uploads\/PE1S2273_1200.jpg?fit=1200%2C450&ssl=1","jetpack-related-posts":[{"id":40436,"url":"https:\/\/deltaimage.de\/wp\/?p=40436","url_meta":{"origin":40489,"position":0},"title":"In S\u00fcdb\u00f6hmen und im B\u00f6hmerwald fotografisch wieder unterwegs \u2013 BAYERWALDTEAM","author":"EschbacP","date":"31. Juli 2023","format":false,"excerpt":"Seit Februar 2023 waren wir nicht mehr im Bayerischen Wald fotografisch unterwegs. Viel ist inzwischen passiert und gerade deshalb sollten wieder einmal ein paar Tage Fotografieren im Bayerischen Wald und im B\u00f6hmerwald m\u00f6glich sein. Ob der hohen Tagestemperaturen standen die langen und anstrengenden Wanderungen im Bayerischen Wald nicht hoch im\u2026","rel":"","context":"In &quot;BAYERWALDTEAM&quot;","block_context":{"text":"BAYERWALDTEAM","link":"https:\/\/deltaimage.de\/wp\/?cat=861"},"img":{"alt_text":"","src":"https:\/\/i0.wp.com\/deltaimage.de\/wp\/wp-content\/uploads\/1DX21224_1200-2.jpg?fit=1200%2C450&ssl=1&resize=350%2C200","width":350,"height":200,"srcset":"https:\/\/i0.wp.com\/deltaimage.de\/wp\/wp-content\/uploads\/1DX21224_1200-2.jpg?fit=1200%2C450&ssl=1&resize=350%2C200 1x, https:\/\/i0.wp.com\/deltaimage.de\/wp\/wp-content\/uploads\/1DX21224_1200-2.jpg?fit=1200%2C450&ssl=1&resize=525%2C300 1.5x, https:\/\/i0.wp.com\/deltaimage.de\/wp\/wp-content\/uploads\/1DX21224_1200-2.jpg?fit=1200%2C450&ssl=1&resize=700%2C400 2x, https:\/\/i0.wp.com\/deltaimage.de\/wp\/wp-content\/uploads\/1DX21224_1200-2.jpg?fit=1200%2C450&ssl=1&resize=1050%2C600 3x"},"classes":[]},{"id":29234,"url":"https:\/\/deltaimage.de\/wp\/?p=29234","url_meta":{"origin":40489,"position":1},"title":"BAYERWALDTEAM im Hochmoor unterwegs","author":"EschbacP","date":"29. Juni 2021","format":false,"excerpt":"Die sch\u00f6nsten und liebsten Fotomotive sind doch die, die vollkommen \u00fcberraschend auf den Fotografen zukommen. Hubert wusste nicht, was in den drei Tagen auf dem Programm stand - und das war auch gut so. Die Erkundung des Hochmoorgebietes im Haspelmoor war so eine gelungene \u00dcberraschung. Klar kennt man das Hochmoor\u2026","rel":"","context":"In &quot;BAYERWALDTEAM&quot;","block_context":{"text":"BAYERWALDTEAM","link":"https:\/\/deltaimage.de\/wp\/?cat=861"},"img":{"alt_text":"","src":"https:\/\/i0.wp.com\/deltaimage.de\/wp\/wp-content\/uploads\/IMG_9565_1200.jpg?fit=1200%2C450&ssl=1&resize=350%2C200","width":350,"height":200,"srcset":"https:\/\/i0.wp.com\/deltaimage.de\/wp\/wp-content\/uploads\/IMG_9565_1200.jpg?fit=1200%2C450&ssl=1&resize=350%2C200 1x, https:\/\/i0.wp.com\/deltaimage.de\/wp\/wp-content\/uploads\/IMG_9565_1200.jpg?fit=1200%2C450&ssl=1&resize=525%2C300 1.5x, https:\/\/i0.wp.com\/deltaimage.de\/wp\/wp-content\/uploads\/IMG_9565_1200.jpg?fit=1200%2C450&ssl=1&resize=700%2C400 2x, https:\/\/i0.wp.com\/deltaimage.de\/wp\/wp-content\/uploads\/IMG_9565_1200.jpg?fit=1200%2C450&ssl=1&resize=1050%2C600 3x"},"classes":[]},{"id":40438,"url":"https:\/\/deltaimage.de\/wp\/?p=40438","url_meta":{"origin":40489,"position":2},"title":"Den Sommertag am Moldau-Stausee fotografisch ausklingen lassen \u2013 BAYERWALDTEAM","author":"EschbacP","date":"31. Juli 2023","format":false,"excerpt":"Seit Februar 2023 waren wir nicht mehr im Bayerischen Wald fotografisch unterwegs. Viel ist inzwischen passiert und gerade deshalb sollten wieder einmal ein paar Tage Fotografieren im Bayerischen Wald und im B\u00f6hmerwald m\u00f6glich sein. Den Sommer genie\u00dfen, mit Sonne, Strand und Freizeitaktivit\u00e4ten am Wasser. Die fotografischen Streifz\u00fcge f\u00fchren uns an\u2026","rel":"","context":"In &quot;BAYERWALDTEAM&quot;","block_context":{"text":"BAYERWALDTEAM","link":"https:\/\/deltaimage.de\/wp\/?cat=861"},"img":{"alt_text":"","src":"https:\/\/i0.wp.com\/deltaimage.de\/wp\/wp-content\/uploads\/PANO_20230716_202502_1200.jpg?fit=1200%2C450&ssl=1&resize=350%2C200","width":350,"height":200,"srcset":"https:\/\/i0.wp.com\/deltaimage.de\/wp\/wp-content\/uploads\/PANO_20230716_202502_1200.jpg?fit=1200%2C450&ssl=1&resize=350%2C200 1x, https:\/\/i0.wp.com\/deltaimage.de\/wp\/wp-content\/uploads\/PANO_20230716_202502_1200.jpg?fit=1200%2C450&ssl=1&resize=525%2C300 1.5x, https:\/\/i0.wp.com\/deltaimage.de\/wp\/wp-content\/uploads\/PANO_20230716_202502_1200.jpg?fit=1200%2C450&ssl=1&resize=700%2C400 2x, https:\/\/i0.wp.com\/deltaimage.de\/wp\/wp-content\/uploads\/PANO_20230716_202502_1200.jpg?fit=1200%2C450&ssl=1&resize=1050%2C600 3x"},"classes":[]},{"id":36957,"url":"https:\/\/deltaimage.de\/wp\/?p=36957","url_meta":{"origin":40489,"position":3},"title":"Herbstbeginn im Palsweiser Moos &#8211; ein Fototag voller \u00dcberraschungen","author":"EschbacP","date":"30. September 2022","format":false,"excerpt":"F\u00fcr mich ist das Dachauer Moos inzwischen voll mit den sch\u00f6nsten Fotomotiven das ganze Jahr hindurch. Nicht weit von Zuhause entfernt liegen die Motive in Reichweite zu Fu\u00df, mit dem Fahrrad oder nur eine kurze Fahrt. Perfekte Bedingungen, um ganzj\u00e4hrig immer wieder nach fotografischen Motiven im Dachauer Moos zu suchen.\u2026","rel":"","context":"In &quot;Dachauer Land&quot;","block_context":{"text":"Dachauer Land","link":"https:\/\/deltaimage.de\/wp\/?cat=3010"},"img":{"alt_text":"","src":"https:\/\/i0.wp.com\/deltaimage.de\/wp\/wp-content\/uploads\/IMG_8684_1200.jpg?fit=1200%2C450&ssl=1&resize=350%2C200","width":350,"height":200,"srcset":"https:\/\/i0.wp.com\/deltaimage.de\/wp\/wp-content\/uploads\/IMG_8684_1200.jpg?fit=1200%2C450&ssl=1&resize=350%2C200 1x, https:\/\/i0.wp.com\/deltaimage.de\/wp\/wp-content\/uploads\/IMG_8684_1200.jpg?fit=1200%2C450&ssl=1&resize=525%2C300 1.5x, https:\/\/i0.wp.com\/deltaimage.de\/wp\/wp-content\/uploads\/IMG_8684_1200.jpg?fit=1200%2C450&ssl=1&resize=700%2C400 2x, https:\/\/i0.wp.com\/deltaimage.de\/wp\/wp-content\/uploads\/IMG_8684_1200.jpg?fit=1200%2C450&ssl=1&resize=1050%2C600 3x"},"classes":[]},{"id":29219,"url":"https:\/\/deltaimage.de\/wp\/?p=29219","url_meta":{"origin":40489,"position":4},"title":"16 Monate keine gemeinsame Fotowanderung mehr unternommen &#8211; BAYERWALDTEAM im Hoch- und Niedermoor unterwegs","author":"EschbacP","date":"29. Juni 2021","format":false,"excerpt":"Das lief so ganz anders als wir das geplant hatten. \u00a0 Im Januar 2020 waren wir noch als BAYERWALDTEAM zusammen im Bayerischen Wald unterwegs und hatten viel Zeit in der Landschaft und der Natur im Grenzgebirge verbracht. Eigentlich wollten wir in 2020 viele Tage auf den Wanderh\u00fctten im Grenzkamm von\u2026","rel":"","context":"In &quot;BAYERWALDTEAM&quot;","block_context":{"text":"BAYERWALDTEAM","link":"https:\/\/deltaimage.de\/wp\/?cat=861"},"img":{"alt_text":"","src":"https:\/\/i0.wp.com\/deltaimage.de\/wp\/wp-content\/uploads\/AK3I8100_1200.jpg?fit=1200%2C450&ssl=1&resize=350%2C200","width":350,"height":200,"srcset":"https:\/\/i0.wp.com\/deltaimage.de\/wp\/wp-content\/uploads\/AK3I8100_1200.jpg?fit=1200%2C450&ssl=1&resize=350%2C200 1x, https:\/\/i0.wp.com\/deltaimage.de\/wp\/wp-content\/uploads\/AK3I8100_1200.jpg?fit=1200%2C450&ssl=1&resize=525%2C300 1.5x, https:\/\/i0.wp.com\/deltaimage.de\/wp\/wp-content\/uploads\/AK3I8100_1200.jpg?fit=1200%2C450&ssl=1&resize=700%2C400 2x, https:\/\/i0.wp.com\/deltaimage.de\/wp\/wp-content\/uploads\/AK3I8100_1200.jpg?fit=1200%2C450&ssl=1&resize=1050%2C600 3x"},"classes":[]},{"id":40506,"url":"https:\/\/deltaimage.de\/wp\/?p=40506","url_meta":{"origin":40489,"position":5},"title":"Architektur-Fotografie und Perspektivkorrektur im Kloster Zlata Koruna an der Moldau \u2013 BAYERWALDTEAM","author":"EschbacP","date":"14. August 2023","format":false,"excerpt":"Eine gotische Klosteranlage ist ein sehr gut geeignetes Anwendungsthema f\u00fcr die Architekturfotografie. Die verschiedenen Baustile in der Kunstgeschichte haben jeweils eigene Spezifika und Charakteristika - immer andere Anforderungen an die Umsetzung. In dieser Wanderung durch den Bayerischen Wald und den B\u00f6hmerwald habe ich als Experiment ein Objektiv zur Perspektivkorrektur mit\u2026","rel":"","context":"In &quot;BAYERWALDTEAM&quot;","block_context":{"text":"BAYERWALDTEAM","link":"https:\/\/deltaimage.de\/wp\/?cat=861"},"img":{"alt_text":"","src":"https:\/\/i0.wp.com\/deltaimage.de\/wp\/wp-content\/uploads\/PE1S2311_1200.jpg?fit=1200%2C450&ssl=1&resize=350%2C200","width":350,"height":200,"srcset":"https:\/\/i0.wp.com\/deltaimage.de\/wp\/wp-content\/uploads\/PE1S2311_1200.jpg?fit=1200%2C450&ssl=1&resize=350%2C200 1x, https:\/\/i0.wp.com\/deltaimage.de\/wp\/wp-content\/uploads\/PE1S2311_1200.jpg?fit=1200%2C450&ssl=1&resize=525%2C300 1.5x, https:\/\/i0.wp.com\/deltaimage.de\/wp\/wp-content\/uploads\/PE1S2311_1200.jpg?fit=1200%2C450&ssl=1&resize=700%2C400 2x, https:\/\/i0.wp.com\/deltaimage.de\/wp\/wp-content\/uploads\/PE1S2311_1200.jpg?fit=1200%2C450&ssl=1&resize=1050%2C600 3x"},"classes":[]}],"jetpack_sharing_enabled":true,"_links":{"self":[{"href":"https:\/\/deltaimage.de\/wp\/index.php?rest_route=\/wp\/v2\/posts\/40489","targetHints":{"allow":["GET"]}}],"collection":[{"href":"https:\/\/deltaimage.de\/wp\/index.php?rest_route=\/wp\/v2\/posts"}],"about":[{"href":"https:\/\/deltaimage.de\/wp\/index.php?rest_route=\/wp\/v2\/types\/post"}],"author":[{"embeddable":true,"href":"https:\/\/deltaimage.de\/wp\/index.php?rest_route=\/wp\/v2\/users\/1"}],"replies":[{"embeddable":true,"href":"https:\/\/deltaimage.de\/wp\/index.php?rest_route=%2Fwp%2Fv2%2Fcomments&post=40489"}],"version-history":[{"count":5,"href":"https:\/\/deltaimage.de\/wp\/index.php?rest_route=\/wp\/v2\/posts\/40489\/revisions"}],"predecessor-version":[{"id":51575,"href":"https:\/\/deltaimage.de\/wp\/index.php?rest_route=\/wp\/v2\/posts\/40489\/revisions\/51575"}],"wp:featuredmedia":[{"embeddable":true,"href":"https:\/\/deltaimage.de\/wp\/index.php?rest_route=\/wp\/v2\/media\/40551"}],"wp:attachment":[{"href":"https:\/\/deltaimage.de\/wp\/index.php?rest_route=%2Fwp%2Fv2%2Fmedia&parent=40489"}],"wp:term":[{"taxonomy":"category","embeddable":true,"href":"https:\/\/deltaimage.de\/wp\/index.php?rest_route=%2Fwp%2Fv2%2Fcategories&post=40489"},{"taxonomy":"post_tag","embeddable":true,"href":"https:\/\/deltaimage.de\/wp\/index.php?rest_route=%2Fwp%2Fv2%2Ftags&post=40489"}],"curies":[{"name":"wp","href":"https:\/\/api.w.org\/{rel}","templated":true}]}}