{"id":40591,"date":"2023-07-30T14:27:33","date_gmt":"2023-07-30T13:27:33","guid":{"rendered":"https:\/\/deltaimage.de\/wp\/?p=40591"},"modified":"2025-08-21T20:16:34","modified_gmt":"2025-08-21T18:16:34","slug":"sonne-und-gewitterwolken-wechseln-sich-ueber-dem-dachauer-moos-ab","status":"publish","type":"post","link":"https:\/\/deltaimage.de\/wp\/?p=40591","title":{"rendered":"Sonne und Gewitterwolken wechseln sich \u00fcber dem Dachauer Moos ab"},"content":{"rendered":"<p><a href=\"https:\/\/deltaimage.de\/wp\/?page_id=40118\"><img data-recalc-dims=\"1\" loading=\"lazy\" decoding=\"async\" data-attachment-id=\"40115\" data-permalink=\"https:\/\/deltaimage.de\/wp\/?attachment_id=40115#main\" data-orig-file=\"https:\/\/i0.wp.com\/deltaimage.de\/wp\/wp-content\/uploads\/Stempel_DELTA-IMAGE_Quality.png?fit=961%2C960&amp;ssl=1\" data-orig-size=\"961,960\" data-comments-opened=\"1\" data-image-meta=\"{&quot;aperture&quot;:&quot;0&quot;,&quot;credit&quot;:&quot;&quot;,&quot;camera&quot;:&quot;&quot;,&quot;caption&quot;:&quot;&quot;,&quot;created_timestamp&quot;:&quot;0&quot;,&quot;copyright&quot;:&quot;&quot;,&quot;focal_length&quot;:&quot;0&quot;,&quot;iso&quot;:&quot;0&quot;,&quot;shutter_speed&quot;:&quot;0&quot;,&quot;title&quot;:&quot;&quot;,&quot;orientation&quot;:&quot;0&quot;}\" data-image-title=\"Stempel_DELTA IMAGE_Quality\" data-image-description=\"\" data-image-caption=\"\" data-large-file=\"https:\/\/i0.wp.com\/deltaimage.de\/wp\/wp-content\/uploads\/Stempel_DELTA-IMAGE_Quality.png?fit=890%2C889&amp;ssl=1\" class=\"alignright wp-image-40115 size-thumbnail\" src=\"https:\/\/i0.wp.com\/deltaimage.de\/wp\/wp-content\/uploads\/Stempel_DELTA-IMAGE_Quality.png?resize=200%2C200&#038;ssl=1\" alt=\"\" width=\"200\" height=\"200\" srcset=\"https:\/\/i0.wp.com\/deltaimage.de\/wp\/wp-content\/uploads\/Stempel_DELTA-IMAGE_Quality.png?resize=200%2C200&amp;ssl=1 200w, https:\/\/i0.wp.com\/deltaimage.de\/wp\/wp-content\/uploads\/Stempel_DELTA-IMAGE_Quality.png?resize=601%2C600&amp;ssl=1 601w, https:\/\/i0.wp.com\/deltaimage.de\/wp\/wp-content\/uploads\/Stempel_DELTA-IMAGE_Quality.png?resize=594%2C593&amp;ssl=1 594w, https:\/\/i0.wp.com\/deltaimage.de\/wp\/wp-content\/uploads\/Stempel_DELTA-IMAGE_Quality.png?resize=450%2C450&amp;ssl=1 450w, https:\/\/i0.wp.com\/deltaimage.de\/wp\/wp-content\/uploads\/Stempel_DELTA-IMAGE_Quality.png?resize=75%2C75&amp;ssl=1 75w, https:\/\/i0.wp.com\/deltaimage.de\/wp\/wp-content\/uploads\/Stempel_DELTA-IMAGE_Quality.png?resize=400%2C400&amp;ssl=1 400w, https:\/\/i0.wp.com\/deltaimage.de\/wp\/wp-content\/uploads\/Stempel_DELTA-IMAGE_Quality.png?resize=50%2C50&amp;ssl=1 50w, https:\/\/i0.wp.com\/deltaimage.de\/wp\/wp-content\/uploads\/Stempel_DELTA-IMAGE_Quality.png?w=961&amp;ssl=1 961w\" sizes=\"auto, (max-width: 200px) 100vw, 200px\" \/><\/a><\/p>\r\n\r\n<p>Nach 2,5 Monaten mit Dauer-Sonne und Trockenheit, Land-ein und Land-aus, freue ich mich \u00fcber jede Form der Abwechslung am Himmel. Regen &#8211; ganz toll. Gewitter &#8211; ja auch gerne. In den letzten Tagen erinnert das Wetter eher an britische Verh\u00e4ltnisse und das ist ausnahmsweise auch mal positiv:<\/p>\r\n\r\n\r\n\r\n<blockquote>\r\n<pre>Jeden Tag und alle 30 Minuten jedes Wetter ein Mal.<\/pre>\r\n<\/blockquote>\r\n<p><img data-recalc-dims=\"1\" loading=\"lazy\" decoding=\"async\" data-attachment-id=\"40597\" data-permalink=\"https:\/\/deltaimage.de\/wp\/?attachment_id=40597#main\" data-orig-file=\"https:\/\/i0.wp.com\/deltaimage.de\/wp\/wp-content\/uploads\/IMG_20230730_143136_900.jpg?fit=890%2C668&amp;ssl=1\" data-orig-size=\"890,668\" data-comments-opened=\"1\" data-image-meta=\"{&quot;aperture&quot;:&quot;2.2&quot;,&quot;credit&quot;:&quot;&quot;,&quot;camera&quot;:&quot;2201116SG&quot;,&quot;caption&quot;:&quot;&quot;,&quot;created_timestamp&quot;:&quot;1690727496&quot;,&quot;copyright&quot;:&quot;&quot;,&quot;focal_length&quot;:&quot;1.65&quot;,&quot;iso&quot;:&quot;50&quot;,&quot;shutter_speed&quot;:&quot;0.0003125&quot;,&quot;title&quot;:&quot;&quot;,&quot;orientation&quot;:&quot;0&quot;}\" data-image-title=\"IMG_20230730_143136_900\" data-image-description=\"\" data-image-caption=\"\" data-large-file=\"https:\/\/i0.wp.com\/deltaimage.de\/wp\/wp-content\/uploads\/IMG_20230730_143136_900.jpg?fit=890%2C668&amp;ssl=1\" class=\"aligncenter size-medium wp-image-40597\" src=\"https:\/\/i0.wp.com\/deltaimage.de\/wp\/wp-content\/uploads\/IMG_20230730_143136_900.jpg?resize=799%2C600&#038;ssl=1\" alt=\"\" width=\"799\" height=\"600\" srcset=\"https:\/\/i0.wp.com\/deltaimage.de\/wp\/wp-content\/uploads\/IMG_20230730_143136_900.jpg?resize=799%2C600&amp;ssl=1 799w, https:\/\/i0.wp.com\/deltaimage.de\/wp\/wp-content\/uploads\/IMG_20230730_143136_900.jpg?resize=266%2C200&amp;ssl=1 266w, https:\/\/i0.wp.com\/deltaimage.de\/wp\/wp-content\/uploads\/IMG_20230730_143136_900.jpg?resize=790%2C593&amp;ssl=1 790w, https:\/\/i0.wp.com\/deltaimage.de\/wp\/wp-content\/uploads\/IMG_20230730_143136_900.jpg?resize=600%2C450&amp;ssl=1 600w, https:\/\/i0.wp.com\/deltaimage.de\/wp\/wp-content\/uploads\/IMG_20230730_143136_900.jpg?resize=533%2C400&amp;ssl=1 533w, https:\/\/i0.wp.com\/deltaimage.de\/wp\/wp-content\/uploads\/IMG_20230730_143136_900.jpg?w=890&amp;ssl=1 890w\" sizes=\"auto, (max-width: 799px) 100vw, 799px\" \/><\/p>\r\n<blockquote>\r\n<pre>Ahh! Ja?<\/pre>\r\n<\/blockquote>\r\n<p>Die BetrachterInnen k\u00f6nnen nur vermuten, was da in der Atmosph\u00e4re abgeht. Kr\u00e4ftige Gewitterwolken mit ausgepr\u00e4gten Cumulus Wolken in Bodenn\u00e4he. Kr\u00e4ftige Cirren in den H\u00f6henlagen und dazwischen viele andere Erscheinungsformen von wetterbestimmenden Wolkenformen.<\/p>\r\n<p><!--more--><\/p>\r\n<p>&nbsp;<\/p>\r\n<p>In jede Himmelsrichtung blickend, zeigte sich ein ganz anderer Wolkenhimmel \u00fcber dem <strong>Dachauer Moos<\/strong>. Als Fotograf konnte ich mich kaum satt sehen, so sch\u00f6n waren die st\u00e4ndig wechselnden Stimmungen. Heute bleibt mir nur die Fotografie mit dem Smartphone, darunter dieses Panorama-Foto im <strong>Krenmoos<\/strong>.<\/p>\r\n<p><img data-recalc-dims=\"1\" loading=\"lazy\" decoding=\"async\" data-attachment-id=\"40605\" data-permalink=\"https:\/\/deltaimage.de\/wp\/?attachment_id=40605#main\" data-orig-file=\"https:\/\/i0.wp.com\/deltaimage.de\/wp\/wp-content\/uploads\/IMG_20230730_142748-Pano_1200.jpg?fit=1200%2C340&amp;ssl=1\" data-orig-size=\"1200,340\" data-comments-opened=\"1\" data-image-meta=\"{&quot;aperture&quot;:&quot;1.9&quot;,&quot;credit&quot;:&quot;&quot;,&quot;camera&quot;:&quot;2201116SG&quot;,&quot;caption&quot;:&quot;&quot;,&quot;created_timestamp&quot;:&quot;1690727268&quot;,&quot;copyright&quot;:&quot;&quot;,&quot;focal_length&quot;:&quot;5.89&quot;,&quot;iso&quot;:&quot;50&quot;,&quot;shutter_speed&quot;:&quot;0.0008&quot;,&quot;title&quot;:&quot;&quot;,&quot;orientation&quot;:&quot;0&quot;}\" data-image-title=\"IMG_20230730_142748-Pano_1200\" data-image-description=\"\" data-image-caption=\"\" data-large-file=\"https:\/\/i0.wp.com\/deltaimage.de\/wp\/wp-content\/uploads\/IMG_20230730_142748-Pano_1200.jpg?fit=890%2C252&amp;ssl=1\" class=\"aligncenter size-medium wp-image-40605\" src=\"https:\/\/i0.wp.com\/deltaimage.de\/wp\/wp-content\/uploads\/IMG_20230730_142748-Pano_1200.jpg?resize=890%2C252&#038;ssl=1\" alt=\"\" width=\"890\" height=\"252\" srcset=\"https:\/\/i0.wp.com\/deltaimage.de\/wp\/wp-content\/uploads\/IMG_20230730_142748-Pano_1200.jpg?resize=900%2C255&amp;ssl=1 900w, https:\/\/i0.wp.com\/deltaimage.de\/wp\/wp-content\/uploads\/IMG_20230730_142748-Pano_1200.jpg?resize=300%2C85&amp;ssl=1 300w, https:\/\/i0.wp.com\/deltaimage.de\/wp\/wp-content\/uploads\/IMG_20230730_142748-Pano_1200.jpg?resize=890%2C252&amp;ssl=1 890w, https:\/\/i0.wp.com\/deltaimage.de\/wp\/wp-content\/uploads\/IMG_20230730_142748-Pano_1200.jpg?w=1200&amp;ssl=1 1200w\" sizes=\"auto, (max-width: 890px) 100vw, 890px\" \/><\/p>\r\n<p>&nbsp;<\/p>\r\n<h2>Kren Moos im Vormittags-Licht &#8211; tr\u00fcb und geheimnisvoll<\/h2>\r\n<p>Bei so stark sich wechselndem Wetter, Himmel und Lichtstimmung &#8211; einfach l\u00e4nger oder \u00f6fter am Tag am Bildmotiv verweilen. Das hilft fotografisch zu den sch\u00f6nsten Impressionen, auch und gerade in doch so bekannten Umgebungen.<\/p>\r\n<p><img data-recalc-dims=\"1\" loading=\"lazy\" decoding=\"async\" data-attachment-id=\"40602\" data-permalink=\"https:\/\/deltaimage.de\/wp\/?attachment_id=40602#main\" data-orig-file=\"https:\/\/i0.wp.com\/deltaimage.de\/wp\/wp-content\/uploads\/IMG_20230730_104538_900.jpg?fit=890%2C668&amp;ssl=1\" data-orig-size=\"890,668\" data-comments-opened=\"1\" data-image-meta=\"{&quot;aperture&quot;:&quot;1.9&quot;,&quot;credit&quot;:&quot;&quot;,&quot;camera&quot;:&quot;2201116SG&quot;,&quot;caption&quot;:&quot;&quot;,&quot;created_timestamp&quot;:&quot;1690713939&quot;,&quot;copyright&quot;:&quot;&quot;,&quot;focal_length&quot;:&quot;5.89&quot;,&quot;iso&quot;:&quot;50&quot;,&quot;shutter_speed&quot;:&quot;0.0017543859649123&quot;,&quot;title&quot;:&quot;&quot;,&quot;orientation&quot;:&quot;0&quot;}\" data-image-title=\"IMG_20230730_104538_900\" data-image-description=\"\" data-image-caption=\"\" data-large-file=\"https:\/\/i0.wp.com\/deltaimage.de\/wp\/wp-content\/uploads\/IMG_20230730_104538_900.jpg?fit=890%2C668&amp;ssl=1\" class=\"aligncenter size-medium wp-image-40602\" src=\"https:\/\/i0.wp.com\/deltaimage.de\/wp\/wp-content\/uploads\/IMG_20230730_104538_900.jpg?resize=799%2C600&#038;ssl=1\" alt=\"\" width=\"799\" height=\"600\" srcset=\"https:\/\/i0.wp.com\/deltaimage.de\/wp\/wp-content\/uploads\/IMG_20230730_104538_900.jpg?resize=799%2C600&amp;ssl=1 799w, https:\/\/i0.wp.com\/deltaimage.de\/wp\/wp-content\/uploads\/IMG_20230730_104538_900.jpg?resize=266%2C200&amp;ssl=1 266w, https:\/\/i0.wp.com\/deltaimage.de\/wp\/wp-content\/uploads\/IMG_20230730_104538_900.jpg?resize=790%2C593&amp;ssl=1 790w, https:\/\/i0.wp.com\/deltaimage.de\/wp\/wp-content\/uploads\/IMG_20230730_104538_900.jpg?resize=600%2C450&amp;ssl=1 600w, https:\/\/i0.wp.com\/deltaimage.de\/wp\/wp-content\/uploads\/IMG_20230730_104538_900.jpg?resize=533%2C400&amp;ssl=1 533w, https:\/\/i0.wp.com\/deltaimage.de\/wp\/wp-content\/uploads\/IMG_20230730_104538_900.jpg?w=890&amp;ssl=1 890w\" sizes=\"auto, (max-width: 799px) 100vw, 799px\" \/><\/p>\r\n<p>Am Nachmittag war ein vollkommen anderes Licht und Lichtstimmung am selben Ort im Krenmoos. \u00dcber der ganzen Szenerie schwebten dicke und dunkle Gewitterwolken. Sie gaben der Landschaft eine f\u00fcr das <strong>Dachauer Moos<\/strong> schon von den Malern der K\u00fcnstlerkolonie so gesch\u00e4tzte Lichtfarbe und Stimmung.<\/p>\r\n<p><img data-recalc-dims=\"1\" loading=\"lazy\" decoding=\"async\" data-attachment-id=\"40603\" data-permalink=\"https:\/\/deltaimage.de\/wp\/?attachment_id=40603#main\" data-orig-file=\"https:\/\/i0.wp.com\/deltaimage.de\/wp\/wp-content\/uploads\/PANO_20230730_104712_1200.jpg?fit=1200%2C389&amp;ssl=1\" data-orig-size=\"1200,389\" data-comments-opened=\"1\" data-image-meta=\"{&quot;aperture&quot;:&quot;0&quot;,&quot;credit&quot;:&quot;&quot;,&quot;camera&quot;:&quot;2201116SG&quot;,&quot;caption&quot;:&quot;&quot;,&quot;created_timestamp&quot;:&quot;1690714032&quot;,&quot;copyright&quot;:&quot;&quot;,&quot;focal_length&quot;:&quot;0&quot;,&quot;iso&quot;:&quot;0&quot;,&quot;shutter_speed&quot;:&quot;0&quot;,&quot;title&quot;:&quot;&quot;,&quot;orientation&quot;:&quot;0&quot;}\" data-image-title=\"PANO_20230730_104712_1200\" data-image-description=\"\" data-image-caption=\"\" data-large-file=\"https:\/\/i0.wp.com\/deltaimage.de\/wp\/wp-content\/uploads\/PANO_20230730_104712_1200.jpg?fit=890%2C289&amp;ssl=1\" class=\"aligncenter size-medium wp-image-40603\" src=\"https:\/\/i0.wp.com\/deltaimage.de\/wp\/wp-content\/uploads\/PANO_20230730_104712_1200.jpg?resize=890%2C289&#038;ssl=1\" alt=\"\" width=\"890\" height=\"289\" srcset=\"https:\/\/i0.wp.com\/deltaimage.de\/wp\/wp-content\/uploads\/PANO_20230730_104712_1200.jpg?resize=900%2C292&amp;ssl=1 900w, https:\/\/i0.wp.com\/deltaimage.de\/wp\/wp-content\/uploads\/PANO_20230730_104712_1200.jpg?resize=300%2C97&amp;ssl=1 300w, https:\/\/i0.wp.com\/deltaimage.de\/wp\/wp-content\/uploads\/PANO_20230730_104712_1200.jpg?resize=890%2C289&amp;ssl=1 890w, https:\/\/i0.wp.com\/deltaimage.de\/wp\/wp-content\/uploads\/PANO_20230730_104712_1200.jpg?w=1200&amp;ssl=1 1200w\" sizes=\"auto, (max-width: 890px) 100vw, 890px\" \/><\/p>\r\n<p>&nbsp;<\/p>\r\n<h2>Die Solit\u00e4rb\u00e4ume im Schwarzh\u00f6lzl und Krenmoos<\/h2>\r\n<p>Zwischen dem <strong>Schwarzh\u00f6lzl<\/strong> und dem <strong>Krenmoos<\/strong> hatte schon <strong>Josef Koller<\/strong> die sch\u00f6nen Solit\u00e4rb\u00e4ume beschrieben, als Fotografie f\u00fcr den spannenden Wolkenhimmel nehme ich mir genau diese <strong>Solit\u00e4rb\u00e4ume<\/strong> als passende und stimmungsvolles Vordergrundmotiv.<\/p>\r\n<p><img data-recalc-dims=\"1\" loading=\"lazy\" decoding=\"async\" data-attachment-id=\"40599\" data-permalink=\"https:\/\/deltaimage.de\/wp\/?attachment_id=40599#main\" data-orig-file=\"https:\/\/i0.wp.com\/deltaimage.de\/wp\/wp-content\/uploads\/IMG_20230730_143539_900.jpg?fit=890%2C668&amp;ssl=1\" data-orig-size=\"890,668\" data-comments-opened=\"1\" data-image-meta=\"{&quot;aperture&quot;:&quot;2.2&quot;,&quot;credit&quot;:&quot;&quot;,&quot;camera&quot;:&quot;2201116SG&quot;,&quot;caption&quot;:&quot;&quot;,&quot;created_timestamp&quot;:&quot;1690727739&quot;,&quot;copyright&quot;:&quot;&quot;,&quot;focal_length&quot;:&quot;1.65&quot;,&quot;iso&quot;:&quot;50&quot;,&quot;shutter_speed&quot;:&quot;0.00022727272727273&quot;,&quot;title&quot;:&quot;&quot;,&quot;orientation&quot;:&quot;0&quot;}\" data-image-title=\"IMG_20230730_143539_900\" data-image-description=\"\" data-image-caption=\"\" data-large-file=\"https:\/\/i0.wp.com\/deltaimage.de\/wp\/wp-content\/uploads\/IMG_20230730_143539_900.jpg?fit=890%2C668&amp;ssl=1\" class=\"aligncenter size-medium wp-image-40599\" src=\"https:\/\/i0.wp.com\/deltaimage.de\/wp\/wp-content\/uploads\/IMG_20230730_143539_900.jpg?resize=799%2C600&#038;ssl=1\" alt=\"\" width=\"799\" height=\"600\" srcset=\"https:\/\/i0.wp.com\/deltaimage.de\/wp\/wp-content\/uploads\/IMG_20230730_143539_900.jpg?resize=799%2C600&amp;ssl=1 799w, https:\/\/i0.wp.com\/deltaimage.de\/wp\/wp-content\/uploads\/IMG_20230730_143539_900.jpg?resize=266%2C200&amp;ssl=1 266w, https:\/\/i0.wp.com\/deltaimage.de\/wp\/wp-content\/uploads\/IMG_20230730_143539_900.jpg?resize=790%2C593&amp;ssl=1 790w, https:\/\/i0.wp.com\/deltaimage.de\/wp\/wp-content\/uploads\/IMG_20230730_143539_900.jpg?resize=600%2C450&amp;ssl=1 600w, https:\/\/i0.wp.com\/deltaimage.de\/wp\/wp-content\/uploads\/IMG_20230730_143539_900.jpg?resize=533%2C400&amp;ssl=1 533w, https:\/\/i0.wp.com\/deltaimage.de\/wp\/wp-content\/uploads\/IMG_20230730_143539_900.jpg?w=890&amp;ssl=1 890w\" sizes=\"auto, (max-width: 799px) 100vw, 799px\" \/><\/p>\r\n<p>Schauen Sie sich das abwechslungsreiche Spektrum der Wolkenformationen an diesem Tag an.<\/p>\r\n<ul>\r\n<li>ganz unten ziehen schwere und dunkle Cumulus Wolken \u00fcber die Landschaft und bringen Regen und entwickeln sich zu Gewitter Wolken<\/li>\r\n<li>dar\u00fcber ganz leichte und durch die wilden Windstr\u00f6mungen zerrissene Wolkenfetzen<\/li>\r\n<li>in den h\u00f6chsten Lagen die Eiswolken, die sich als Federwolken oder Cirren zeigen<\/li>\r\n<\/ul>\r\n<p>Die Solit\u00e4rb\u00e4ume bilden die Vordergrundelemente und schaffen einen Gr\u00f6\u00dfenbezug in dem Bildmotiv.<\/p>\r\n<p><img data-recalc-dims=\"1\" loading=\"lazy\" decoding=\"async\" data-attachment-id=\"40600\" data-permalink=\"https:\/\/deltaimage.de\/wp\/?attachment_id=40600#main\" data-orig-file=\"https:\/\/i0.wp.com\/deltaimage.de\/wp\/wp-content\/uploads\/IMG_20230730_143517_900.jpg?fit=890%2C668&amp;ssl=1\" data-orig-size=\"890,668\" data-comments-opened=\"1\" data-image-meta=\"{&quot;aperture&quot;:&quot;1.9&quot;,&quot;credit&quot;:&quot;&quot;,&quot;camera&quot;:&quot;2201116SG&quot;,&quot;caption&quot;:&quot;&quot;,&quot;created_timestamp&quot;:&quot;1690727718&quot;,&quot;copyright&quot;:&quot;&quot;,&quot;focal_length&quot;:&quot;5.89&quot;,&quot;iso&quot;:&quot;50&quot;,&quot;shutter_speed&quot;:&quot;0.00058823529411765&quot;,&quot;title&quot;:&quot;&quot;,&quot;orientation&quot;:&quot;0&quot;}\" data-image-title=\"IMG_20230730_143517_900\" data-image-description=\"\" data-image-caption=\"\" data-large-file=\"https:\/\/i0.wp.com\/deltaimage.de\/wp\/wp-content\/uploads\/IMG_20230730_143517_900.jpg?fit=890%2C668&amp;ssl=1\" class=\"aligncenter size-medium wp-image-40600\" src=\"https:\/\/i0.wp.com\/deltaimage.de\/wp\/wp-content\/uploads\/IMG_20230730_143517_900.jpg?resize=799%2C600&#038;ssl=1\" alt=\"\" width=\"799\" height=\"600\" srcset=\"https:\/\/i0.wp.com\/deltaimage.de\/wp\/wp-content\/uploads\/IMG_20230730_143517_900.jpg?resize=799%2C600&amp;ssl=1 799w, https:\/\/i0.wp.com\/deltaimage.de\/wp\/wp-content\/uploads\/IMG_20230730_143517_900.jpg?resize=266%2C200&amp;ssl=1 266w, https:\/\/i0.wp.com\/deltaimage.de\/wp\/wp-content\/uploads\/IMG_20230730_143517_900.jpg?resize=790%2C593&amp;ssl=1 790w, https:\/\/i0.wp.com\/deltaimage.de\/wp\/wp-content\/uploads\/IMG_20230730_143517_900.jpg?resize=600%2C450&amp;ssl=1 600w, https:\/\/i0.wp.com\/deltaimage.de\/wp\/wp-content\/uploads\/IMG_20230730_143517_900.jpg?resize=533%2C400&amp;ssl=1 533w, https:\/\/i0.wp.com\/deltaimage.de\/wp\/wp-content\/uploads\/IMG_20230730_143517_900.jpg?w=890&amp;ssl=1 890w\" sizes=\"auto, (max-width: 799px) 100vw, 799px\" \/><\/p>\r\n<blockquote>\r\n<pre>Wird es regnen?<\/pre>\r\n<\/blockquote>\r\n<p>Ja, mehrmals &#8211; aber nicht lange. \u00dcber Bayern ziehen zwei Kaltfronten durch und die bringen \u00fcblicherweise<\/p>\r\n<ul>\r\n<li>Gewitter<\/li>\r\n<li>Platzregen &#8211; nur ein paar Minuten lang<\/li>\r\n<li>vereinzelte kurze Niederschl\u00e4ge hinter den Fronten<\/li>\r\n<li>eine merkliche Abk\u00fchlung<\/li>\r\n<\/ul>\r\n<p><img data-recalc-dims=\"1\" loading=\"lazy\" decoding=\"async\" data-attachment-id=\"40601\" data-permalink=\"https:\/\/deltaimage.de\/wp\/?attachment_id=40601#main\" data-orig-file=\"https:\/\/i0.wp.com\/deltaimage.de\/wp\/wp-content\/uploads\/IMG_20230730_143508_900.jpg?fit=890%2C668&amp;ssl=1\" data-orig-size=\"890,668\" data-comments-opened=\"1\" data-image-meta=\"{&quot;aperture&quot;:&quot;1.9&quot;,&quot;credit&quot;:&quot;&quot;,&quot;camera&quot;:&quot;2201116SG&quot;,&quot;caption&quot;:&quot;&quot;,&quot;created_timestamp&quot;:&quot;1690727708&quot;,&quot;copyright&quot;:&quot;&quot;,&quot;focal_length&quot;:&quot;5.89&quot;,&quot;iso&quot;:&quot;50&quot;,&quot;shutter_speed&quot;:&quot;0.00090909090909091&quot;,&quot;title&quot;:&quot;&quot;,&quot;orientation&quot;:&quot;0&quot;}\" data-image-title=\"IMG_20230730_143508_900\" data-image-description=\"\" data-image-caption=\"\" data-large-file=\"https:\/\/i0.wp.com\/deltaimage.de\/wp\/wp-content\/uploads\/IMG_20230730_143508_900.jpg?fit=890%2C668&amp;ssl=1\" class=\"aligncenter size-medium wp-image-40601\" src=\"https:\/\/i0.wp.com\/deltaimage.de\/wp\/wp-content\/uploads\/IMG_20230730_143508_900.jpg?resize=799%2C600&#038;ssl=1\" alt=\"\" width=\"799\" height=\"600\" srcset=\"https:\/\/i0.wp.com\/deltaimage.de\/wp\/wp-content\/uploads\/IMG_20230730_143508_900.jpg?resize=799%2C600&amp;ssl=1 799w, https:\/\/i0.wp.com\/deltaimage.de\/wp\/wp-content\/uploads\/IMG_20230730_143508_900.jpg?resize=266%2C200&amp;ssl=1 266w, https:\/\/i0.wp.com\/deltaimage.de\/wp\/wp-content\/uploads\/IMG_20230730_143508_900.jpg?resize=790%2C593&amp;ssl=1 790w, https:\/\/i0.wp.com\/deltaimage.de\/wp\/wp-content\/uploads\/IMG_20230730_143508_900.jpg?resize=600%2C450&amp;ssl=1 600w, https:\/\/i0.wp.com\/deltaimage.de\/wp\/wp-content\/uploads\/IMG_20230730_143508_900.jpg?resize=533%2C400&amp;ssl=1 533w, https:\/\/i0.wp.com\/deltaimage.de\/wp\/wp-content\/uploads\/IMG_20230730_143508_900.jpg?w=890&amp;ssl=1 890w\" sizes=\"auto, (max-width: 799px) 100vw, 799px\" \/><\/p>\r\n<p>Nichts Ungew\u00f6hnliches den ganzen Tag \u00fcber &#8211; eigentlich das Bild eines Julitages, wie ich es von fr\u00fcher noch kenne. Man wird mit dem Fahrrad mindestens einmal am Tage etwas nass &#8211; nicht schlimm.<\/p>\r\n","protected":false},"excerpt":{"rendered":"<p>Nach 2,5 Monaten mit Dauer-Sonne und Trockenheit, Land-ein und Land-aus, freue ich mich \u00fcber jede Form der Abwechslung am Himmel. Regen &#8211; ganz toll. Gewitter &#8211; ja auch gerne. In [&hellip;]<\/p>\n","protected":false},"author":1,"featured_media":40603,"comment_status":"open","ping_status":"closed","sticky":false,"template":"","format":"standard","meta":{"wpupg_custom_link":[],"wpupg_custom_link_behaviour":["default"],"wpupg_custom_link_nofollow":["default"],"wpupg_custom_image":[],"wpupg_custom_image_id":[],"jetpack_post_was_ever_published":false,"footnotes":""},"categories":[3010,2523,3217,8],"tags":[775,291,1055,197,410,292,3533],"class_list":["post-40591","post","type-post","status-publish","format-standard","has-post-thumbnail","hentry","category-dachauer-land","category-dachauer-moos","category-naturfotografie","category-news","tag-dachauer-moos","tag-gewitter","tag-himmel","tag-sommer","tag-sonne","tag-wolken","tag-wolkenformationen"],"jetpack_featured_media_url":"https:\/\/i0.wp.com\/deltaimage.de\/wp\/wp-content\/uploads\/PANO_20230730_104712_1200.jpg?fit=1200%2C389&ssl=1","jetpack-related-posts":[{"id":43318,"url":"https:\/\/deltaimage.de\/wp\/?p=43318","url_meta":{"origin":40591,"position":0},"title":"Urlaub &#8211; Sonne &#8211; Sommerbilder &#8211; der strahlende Abschluss des Sommertages","author":"EschbacP","date":"1. August 2024","format":false,"excerpt":"Es ist Urlaubszeit, auch und gerade in Bayern - seit einigen wenigen Tagen. Viele Menschen verbringen nun die sch\u00f6nsten Tage des Jahres in fernen L\u00e4ndern und freuen sich \u00fcber die Kombination aus Sommer, Sonne und Urlaubsstimmung. Da will ich auch mitmachen und zeige meine Urlaubsstimmung mit ein paar Bildern dazu.\u2026","rel":"","context":"In &quot;Dachauer Land&quot;","block_context":{"text":"Dachauer Land","link":"https:\/\/deltaimage.de\/wp\/?cat=3010"},"img":{"alt_text":"","src":"https:\/\/i0.wp.com\/deltaimage.de\/wp\/wp-content\/uploads\/IMG_6975_1200.jpg?fit=1200%2C450&ssl=1&resize=350%2C200","width":350,"height":200,"srcset":"https:\/\/i0.wp.com\/deltaimage.de\/wp\/wp-content\/uploads\/IMG_6975_1200.jpg?fit=1200%2C450&ssl=1&resize=350%2C200 1x, https:\/\/i0.wp.com\/deltaimage.de\/wp\/wp-content\/uploads\/IMG_6975_1200.jpg?fit=1200%2C450&ssl=1&resize=525%2C300 1.5x, https:\/\/i0.wp.com\/deltaimage.de\/wp\/wp-content\/uploads\/IMG_6975_1200.jpg?fit=1200%2C450&ssl=1&resize=700%2C400 2x, https:\/\/i0.wp.com\/deltaimage.de\/wp\/wp-content\/uploads\/IMG_6975_1200.jpg?fit=1200%2C450&ssl=1&resize=1050%2C600 3x"},"classes":[]},{"id":52927,"url":"https:\/\/deltaimage.de\/wp\/?p=52927","url_meta":{"origin":40591,"position":1},"title":"In einem Land &#8211; weit weit weg, Ende Oktober im Sp\u00e4t-Herbst!","author":"EschbacP","date":"8. November 2025","format":false,"excerpt":"Die Natur- und Landschaftsfotografie bietet eine unendliche Vielfalt an Bildmotiven, Genres und Lichtstimmungen. F\u00fcr mich entstehen die liebsten Bildmotive immer noch vor der eigenen Haust\u00fcre, manchmal geplant und auch manchmal einfach durch die jeweilige Situation \u00fcberrascht zu werden. Landschaftsfotografie bedeutet, mit offenen fotografischen Augen durch die Landschaft zu ziehen. An\u2026","rel":"","context":"In &quot;Dachauer Land&quot;","block_context":{"text":"Dachauer Land","link":"https:\/\/deltaimage.de\/wp\/?cat=3010"},"img":{"alt_text":"","src":"https:\/\/i0.wp.com\/deltaimage.de\/wp\/wp-content\/uploads\/PED45065_1200.jpg?fit=1200%2C450&ssl=1&resize=350%2C200","width":350,"height":200,"srcset":"https:\/\/i0.wp.com\/deltaimage.de\/wp\/wp-content\/uploads\/PED45065_1200.jpg?fit=1200%2C450&ssl=1&resize=350%2C200 1x, https:\/\/i0.wp.com\/deltaimage.de\/wp\/wp-content\/uploads\/PED45065_1200.jpg?fit=1200%2C450&ssl=1&resize=525%2C300 1.5x, https:\/\/i0.wp.com\/deltaimage.de\/wp\/wp-content\/uploads\/PED45065_1200.jpg?fit=1200%2C450&ssl=1&resize=700%2C400 2x, https:\/\/i0.wp.com\/deltaimage.de\/wp\/wp-content\/uploads\/PED45065_1200.jpg?fit=1200%2C450&ssl=1&resize=1050%2C600 3x"},"classes":[]},{"id":32558,"url":"https:\/\/deltaimage.de\/wp\/?p=32558","url_meta":{"origin":40591,"position":2},"title":"Neues Jahr 2022 geht mit einem Farbspektakel am Winterhimmel los","author":"EschbacP","date":"7. Januar 2022","format":false,"excerpt":"Der Jahreswechsel 2021\/2022 war im Dachauer Moos ohne echten Winter, ohne echten Schnee und Eis. Vielleicht auch gerade deswegen, bieten sich viele fotografischen Motive an den l\u00e4ngsten N\u00e4chten im Jahreskreis - der Himmel bekommt am Abend noch mehr Zeit in einem besonderen Schauspiel den Tag in die Nacht verabschieden zu\u2026","rel":"","context":"In &quot;Dachauer Moos&quot;","block_context":{"text":"Dachauer Moos","link":"https:\/\/deltaimage.de\/wp\/?cat=2523"},"img":{"alt_text":"","src":"https:\/\/i0.wp.com\/deltaimage.de\/wp\/wp-content\/uploads\/IMG_3275_1200.jpg?fit=1200%2C450&ssl=1&resize=350%2C200","width":350,"height":200,"srcset":"https:\/\/i0.wp.com\/deltaimage.de\/wp\/wp-content\/uploads\/IMG_3275_1200.jpg?fit=1200%2C450&ssl=1&resize=350%2C200 1x, https:\/\/i0.wp.com\/deltaimage.de\/wp\/wp-content\/uploads\/IMG_3275_1200.jpg?fit=1200%2C450&ssl=1&resize=525%2C300 1.5x, https:\/\/i0.wp.com\/deltaimage.de\/wp\/wp-content\/uploads\/IMG_3275_1200.jpg?fit=1200%2C450&ssl=1&resize=700%2C400 2x, https:\/\/i0.wp.com\/deltaimage.de\/wp\/wp-content\/uploads\/IMG_3275_1200.jpg?fit=1200%2C450&ssl=1&resize=1050%2C600 3x"},"classes":[]},{"id":6308,"url":"https:\/\/deltaimage.de\/wp\/?p=6308","url_meta":{"origin":40591,"position":3},"title":"Wie da Kurf\u00fcrst den Winter in Schlei\u00dfheim gesehen hat","author":"EschbacP","date":"21. Dezember 2014","format":false,"excerpt":"Schloss Schlei\u00dfheim war wie viele andere Schl\u00f6sser in Bayern eine Sommerresidenz und der Kurf\u00fcrst weilte nur selten im Winter in Schlei\u00dfheim. Was w\u00e4re, aber wenn? \u00a0 Sonnenuntergang am weiten Mooshimmel in Schlei\u00dfheim Der weite Himmel \u00fcber der ausgedehnten Mooslandschaft von Schlei\u00dfheim und Dachau hatte schon die ber\u00fchmten Maler in der\u2026","rel":"","context":"In &quot;Dachauer Moos&quot;","block_context":{"text":"Dachauer Moos","link":"https:\/\/deltaimage.de\/wp\/?cat=2523"},"img":{"alt_text":"","src":"https:\/\/i0.wp.com\/deltaimage.de\/wp\/wp-content\/uploads\/ZY5M8797_1200.jpg?fit=1199%2C450&ssl=1&resize=350%2C200","width":350,"height":200,"srcset":"https:\/\/i0.wp.com\/deltaimage.de\/wp\/wp-content\/uploads\/ZY5M8797_1200.jpg?fit=1199%2C450&ssl=1&resize=350%2C200 1x, https:\/\/i0.wp.com\/deltaimage.de\/wp\/wp-content\/uploads\/ZY5M8797_1200.jpg?fit=1199%2C450&ssl=1&resize=525%2C300 1.5x, https:\/\/i0.wp.com\/deltaimage.de\/wp\/wp-content\/uploads\/ZY5M8797_1200.jpg?fit=1199%2C450&ssl=1&resize=700%2C400 2x, https:\/\/i0.wp.com\/deltaimage.de\/wp\/wp-content\/uploads\/ZY5M8797_1200.jpg?fit=1199%2C450&ssl=1&resize=1050%2C600 3x"},"classes":[]},{"id":41320,"url":"https:\/\/deltaimage.de\/wp\/?p=41320","url_meta":{"origin":40591,"position":4},"title":"Was f\u00fcr ein toller Sommer f\u00fcr Ausfl\u00fcge im Abendlicht eines Sp\u00e4tsommertages","author":"EschbacP","date":"13. September 2023","format":false,"excerpt":"Was f\u00fcr ein toller Sommer im Dachauer Land, Sonne - Sommer gef\u00fchlt seit Anfang Mai des Jahres, mit nur kurzen Unterbrechungen. So geht der Sp\u00e4tsommer auch weiter, mit viel Sonne und angenehmen Temperaturen. Eine sch\u00f6ne Gelegenheit, an diesem September-Abend eine kleine Ausfahrt mit der 39 Jahre alten 250er (CB 250\u2026","rel":"","context":"In &quot;News Blog&quot;","block_context":{"text":"News Blog","link":"https:\/\/deltaimage.de\/wp\/?cat=8"},"img":{"alt_text":"","src":"https:\/\/i0.wp.com\/deltaimage.de\/wp\/wp-content\/uploads\/IMG_9827_1200.jpg?fit=1200%2C450&ssl=1&resize=350%2C200","width":350,"height":200,"srcset":"https:\/\/i0.wp.com\/deltaimage.de\/wp\/wp-content\/uploads\/IMG_9827_1200.jpg?fit=1200%2C450&ssl=1&resize=350%2C200 1x, https:\/\/i0.wp.com\/deltaimage.de\/wp\/wp-content\/uploads\/IMG_9827_1200.jpg?fit=1200%2C450&ssl=1&resize=525%2C300 1.5x, https:\/\/i0.wp.com\/deltaimage.de\/wp\/wp-content\/uploads\/IMG_9827_1200.jpg?fit=1200%2C450&ssl=1&resize=700%2C400 2x, https:\/\/i0.wp.com\/deltaimage.de\/wp\/wp-content\/uploads\/IMG_9827_1200.jpg?fit=1200%2C450&ssl=1&resize=1050%2C600 3x"},"classes":[]},{"id":18935,"url":"https:\/\/deltaimage.de\/wp\/?p=18935","url_meta":{"origin":40591,"position":5},"title":"Abseits der Nationalparkstra\u00dfe im Bayerischen Wald &#8211; Gro\u00dfer Filz","author":"EschbacP","date":"21. Juni 2018","format":false,"excerpt":"Sommerzeit ist im Waldgebirge auch oft Zeit f\u00fcr Gewitter. seit Tagen h\u00e4ngt das Gewitter\u00a0 mit hohen Cumulonimbus Wolken \u00fcber dem Grenzkamm des Bayerischen Waldes. Wir m\u00f6chten sehr gerne die paar freien Tage nutzen, um wieder einmal auf einer Bergh\u00fctte zu \u00fcbernachten. Das ferne Grollen unter den hoch aufragenden Wolken den\u2026","rel":"","context":"In &quot;BAYERWALDTEAM&quot;","block_context":{"text":"BAYERWALDTEAM","link":"https:\/\/deltaimage.de\/wp\/?cat=861"},"img":{"alt_text":"","src":"https:\/\/i0.wp.com\/deltaimage.de\/wp\/wp-content\/uploads\/PE1S0137_1200.jpg?fit=1200%2C450&ssl=1&resize=350%2C200","width":350,"height":200,"srcset":"https:\/\/i0.wp.com\/deltaimage.de\/wp\/wp-content\/uploads\/PE1S0137_1200.jpg?fit=1200%2C450&ssl=1&resize=350%2C200 1x, https:\/\/i0.wp.com\/deltaimage.de\/wp\/wp-content\/uploads\/PE1S0137_1200.jpg?fit=1200%2C450&ssl=1&resize=525%2C300 1.5x, https:\/\/i0.wp.com\/deltaimage.de\/wp\/wp-content\/uploads\/PE1S0137_1200.jpg?fit=1200%2C450&ssl=1&resize=700%2C400 2x, https:\/\/i0.wp.com\/deltaimage.de\/wp\/wp-content\/uploads\/PE1S0137_1200.jpg?fit=1200%2C450&ssl=1&resize=1050%2C600 3x"},"classes":[]}],"jetpack_sharing_enabled":true,"_links":{"self":[{"href":"https:\/\/deltaimage.de\/wp\/index.php?rest_route=\/wp\/v2\/posts\/40591","targetHints":{"allow":["GET"]}}],"collection":[{"href":"https:\/\/deltaimage.de\/wp\/index.php?rest_route=\/wp\/v2\/posts"}],"about":[{"href":"https:\/\/deltaimage.de\/wp\/index.php?rest_route=\/wp\/v2\/types\/post"}],"author":[{"embeddable":true,"href":"https:\/\/deltaimage.de\/wp\/index.php?rest_route=\/wp\/v2\/users\/1"}],"replies":[{"embeddable":true,"href":"https:\/\/deltaimage.de\/wp\/index.php?rest_route=%2Fwp%2Fv2%2Fcomments&post=40591"}],"version-history":[{"count":14,"href":"https:\/\/deltaimage.de\/wp\/index.php?rest_route=\/wp\/v2\/posts\/40591\/revisions"}],"predecessor-version":[{"id":51549,"href":"https:\/\/deltaimage.de\/wp\/index.php?rest_route=\/wp\/v2\/posts\/40591\/revisions\/51549"}],"wp:featuredmedia":[{"embeddable":true,"href":"https:\/\/deltaimage.de\/wp\/index.php?rest_route=\/wp\/v2\/media\/40603"}],"wp:attachment":[{"href":"https:\/\/deltaimage.de\/wp\/index.php?rest_route=%2Fwp%2Fv2%2Fmedia&parent=40591"}],"wp:term":[{"taxonomy":"category","embeddable":true,"href":"https:\/\/deltaimage.de\/wp\/index.php?rest_route=%2Fwp%2Fv2%2Fcategories&post=40591"},{"taxonomy":"post_tag","embeddable":true,"href":"https:\/\/deltaimage.de\/wp\/index.php?rest_route=%2Fwp%2Fv2%2Ftags&post=40591"}],"curies":[{"name":"wp","href":"https:\/\/api.w.org\/{rel}","templated":true}]}}