{"id":40673,"date":"2023-09-26T12:31:34","date_gmt":"2023-09-26T11:31:34","guid":{"rendered":"https:\/\/deltaimage.de\/wp\/?p=40673"},"modified":"2025-08-21T21:03:16","modified_gmt":"2025-08-21T19:03:16","slug":"wie-die-zeit-vergeht","status":"publish","type":"post","link":"https:\/\/deltaimage.de\/wp\/?p=40673","title":{"rendered":"Wie die Zeit vergeht!"},"content":{"rendered":"<p><a href=\"https:\/\/deltaimage.de\/wp\/?page_id=40118\"><img data-recalc-dims=\"1\" loading=\"lazy\" decoding=\"async\" data-attachment-id=\"40115\" data-permalink=\"https:\/\/deltaimage.de\/wp\/?attachment_id=40115#main\" data-orig-file=\"https:\/\/i0.wp.com\/deltaimage.de\/wp\/wp-content\/uploads\/Stempel_DELTA-IMAGE_Quality.png?fit=961%2C960&amp;ssl=1\" data-orig-size=\"961,960\" data-comments-opened=\"1\" data-image-meta=\"{&quot;aperture&quot;:&quot;0&quot;,&quot;credit&quot;:&quot;&quot;,&quot;camera&quot;:&quot;&quot;,&quot;caption&quot;:&quot;&quot;,&quot;created_timestamp&quot;:&quot;0&quot;,&quot;copyright&quot;:&quot;&quot;,&quot;focal_length&quot;:&quot;0&quot;,&quot;iso&quot;:&quot;0&quot;,&quot;shutter_speed&quot;:&quot;0&quot;,&quot;title&quot;:&quot;&quot;,&quot;orientation&quot;:&quot;0&quot;}\" data-image-title=\"Stempel_DELTA IMAGE_Quality\" data-image-description=\"\" data-image-caption=\"\" data-large-file=\"https:\/\/i0.wp.com\/deltaimage.de\/wp\/wp-content\/uploads\/Stempel_DELTA-IMAGE_Quality.png?fit=890%2C889&amp;ssl=1\" class=\"alignright wp-image-40115 size-thumbnail\" src=\"https:\/\/i0.wp.com\/deltaimage.de\/wp\/wp-content\/uploads\/Stempel_DELTA-IMAGE_Quality.png?resize=200%2C200&#038;ssl=1\" alt=\"\" width=\"200\" height=\"200\" srcset=\"https:\/\/i0.wp.com\/deltaimage.de\/wp\/wp-content\/uploads\/Stempel_DELTA-IMAGE_Quality.png?resize=200%2C200&amp;ssl=1 200w, https:\/\/i0.wp.com\/deltaimage.de\/wp\/wp-content\/uploads\/Stempel_DELTA-IMAGE_Quality.png?resize=601%2C600&amp;ssl=1 601w, https:\/\/i0.wp.com\/deltaimage.de\/wp\/wp-content\/uploads\/Stempel_DELTA-IMAGE_Quality.png?resize=594%2C593&amp;ssl=1 594w, https:\/\/i0.wp.com\/deltaimage.de\/wp\/wp-content\/uploads\/Stempel_DELTA-IMAGE_Quality.png?resize=450%2C450&amp;ssl=1 450w, https:\/\/i0.wp.com\/deltaimage.de\/wp\/wp-content\/uploads\/Stempel_DELTA-IMAGE_Quality.png?resize=75%2C75&amp;ssl=1 75w, https:\/\/i0.wp.com\/deltaimage.de\/wp\/wp-content\/uploads\/Stempel_DELTA-IMAGE_Quality.png?resize=400%2C400&amp;ssl=1 400w, https:\/\/i0.wp.com\/deltaimage.de\/wp\/wp-content\/uploads\/Stempel_DELTA-IMAGE_Quality.png?resize=50%2C50&amp;ssl=1 50w, https:\/\/i0.wp.com\/deltaimage.de\/wp\/wp-content\/uploads\/Stempel_DELTA-IMAGE_Quality.png?w=961&amp;ssl=1 961w\" sizes=\"auto, (max-width: 200px) 100vw, 200px\" \/><\/a><\/p>\r\n<p>Am eigenen Geburtstag ist es eine gute M\u00f6glichkeit, auch mal einen Blick zur\u00fcckzuwerfen. Seit dem Jahr <strong>1986<\/strong> stehe ich meistens hinter der Kamera und fotografiere wie wild und auch andere Menschen.<\/p>\r\n<!-- \/wp:post-content -->\r\n\r\n<!-- wp:paragraph -->\r\n<p>Dann f\u00e4llt mir wieder ein analoges Bild im Format 20 x 30 cm in die Hand.<\/p>\r\n<!-- \/wp:paragraph -->\r\n\r\n<!-- wp:paragraph -->\r\n<p><img data-recalc-dims=\"1\" loading=\"lazy\" decoding=\"async\" data-attachment-id=\"40676\" data-permalink=\"https:\/\/deltaimage.de\/wp\/?attachment_id=40676#main\" data-orig-file=\"https:\/\/i0.wp.com\/deltaimage.de\/wp\/wp-content\/uploads\/Scan0001_900.jpg?fit=656%2C890&amp;ssl=1\" data-orig-size=\"656,890\" data-comments-opened=\"1\" data-image-meta=\"{&quot;aperture&quot;:&quot;0&quot;,&quot;credit&quot;:&quot;&quot;,&quot;camera&quot;:&quot;&quot;,&quot;caption&quot;:&quot;&quot;,&quot;created_timestamp&quot;:&quot;0&quot;,&quot;copyright&quot;:&quot;&quot;,&quot;focal_length&quot;:&quot;0&quot;,&quot;iso&quot;:&quot;0&quot;,&quot;shutter_speed&quot;:&quot;0&quot;,&quot;title&quot;:&quot;&quot;,&quot;orientation&quot;:&quot;0&quot;}\" data-image-title=\"Scan0001_900\" data-image-description=\"\" data-image-caption=\"&lt;p&gt;Paul Eschbach als Fotomotiv eines Gesellenst\u00fccks bei Foto Sessner.&lt;\/p&gt;\n\" data-large-file=\"https:\/\/i0.wp.com\/deltaimage.de\/wp\/wp-content\/uploads\/Scan0001_900.jpg?fit=656%2C890&amp;ssl=1\" class=\"aligncenter wp-image-40676 size-full\" src=\"https:\/\/i0.wp.com\/deltaimage.de\/wp\/wp-content\/uploads\/Scan0001_900.jpg?resize=656%2C890&#038;ssl=1\" alt=\"\" width=\"656\" height=\"890\" srcset=\"https:\/\/i0.wp.com\/deltaimage.de\/wp\/wp-content\/uploads\/Scan0001_900.jpg?w=656&amp;ssl=1 656w, https:\/\/i0.wp.com\/deltaimage.de\/wp\/wp-content\/uploads\/Scan0001_900.jpg?resize=442%2C600&amp;ssl=1 442w, https:\/\/i0.wp.com\/deltaimage.de\/wp\/wp-content\/uploads\/Scan0001_900.jpg?resize=147%2C200&amp;ssl=1 147w, https:\/\/i0.wp.com\/deltaimage.de\/wp\/wp-content\/uploads\/Scan0001_900.jpg?resize=437%2C593&amp;ssl=1 437w, https:\/\/i0.wp.com\/deltaimage.de\/wp\/wp-content\/uploads\/Scan0001_900.jpg?resize=332%2C450&amp;ssl=1 332w, https:\/\/i0.wp.com\/deltaimage.de\/wp\/wp-content\/uploads\/Scan0001_900.jpg?resize=295%2C400&amp;ssl=1 295w\" sizes=\"auto, (max-width: 656px) 100vw, 656px\" \/><\/p>\r\n<p>Einiges gibt es noch auf diesem Bild, das MTB, die Jacke und der Kerl. Alles andere eben nicht mehr.<\/p>\r\n<!-- \/wp:paragraph -->\r\n\r\n<!-- wp:more -->\r\n<p><!--more--><\/p>\r\n<!-- \/wp:more -->\r\n\r\n<!-- wp:heading -->\r\n<h2>\u00a0<\/h2>\r\n<h2 class=\"wp-block-heading\">Anfang der 90er Jahre war ich das Foto-Model<\/h2>\r\n<!-- \/wp:heading -->\r\n\r\n<!-- wp:paragraph -->\r\n<p>1991 kaufte ich mir mein erstes <strong>Mountainbike<\/strong> MTB und dann auch die passende Kleidung dazu. In den 90ern waren andere Designs inn, als schwarz in schwarz. Gerade die Klamotten vom Label <strong>Riff&amp;Raff<\/strong> waren absolut modern und passten zum neuen Lebensstil des Mountainbiking.<\/p>\r\n<p><img data-recalc-dims=\"1\" loading=\"lazy\" decoding=\"async\" data-attachment-id=\"12655\" data-permalink=\"https:\/\/deltaimage.de\/wp\/?attachment_id=12655#main\" data-orig-file=\"https:\/\/i0.wp.com\/deltaimage.de\/wp\/wp-content\/uploads\/IMG_2056_900.jpg?fit=890%2C645&amp;ssl=1\" data-orig-size=\"890,645\" data-comments-opened=\"0\" data-image-meta=\"{&quot;aperture&quot;:&quot;4.4&quot;,&quot;credit&quot;:&quot;&quot;,&quot;camera&quot;:&quot;E5000&quot;,&quot;caption&quot;:&quot;&quot;,&quot;created_timestamp&quot;:&quot;1073177173&quot;,&quot;copyright&quot;:&quot;&quot;,&quot;focal_length&quot;:&quot;7.7&quot;,&quot;iso&quot;:&quot;100&quot;,&quot;shutter_speed&quot;:&quot;0.016666666666667&quot;,&quot;title&quot;:&quot;&quot;,&quot;orientation&quot;:&quot;0&quot;}\" data-image-title=\"img_2056_900\" data-image-description=\"\" data-image-caption=\"&lt;p&gt;MTB Tour Rund um das Schloss Hohenzollern. Analog&lt;\/p&gt;\n\" data-large-file=\"https:\/\/i0.wp.com\/deltaimage.de\/wp\/wp-content\/uploads\/IMG_2056_900.jpg?fit=890%2C645&amp;ssl=1\" class=\"aligncenter wp-image-12655 size-full\" src=\"https:\/\/i0.wp.com\/deltaimage.de\/wp\/wp-content\/uploads\/IMG_2056_900.jpg?resize=890%2C645&#038;ssl=1\" alt=\"\" width=\"890\" height=\"645\" srcset=\"https:\/\/i0.wp.com\/deltaimage.de\/wp\/wp-content\/uploads\/IMG_2056_900.jpg?w=890&amp;ssl=1 890w, https:\/\/i0.wp.com\/deltaimage.de\/wp\/wp-content\/uploads\/IMG_2056_900.jpg?resize=200%2C145&amp;ssl=1 200w, https:\/\/i0.wp.com\/deltaimage.de\/wp\/wp-content\/uploads\/IMG_2056_900.jpg?resize=300%2C217&amp;ssl=1 300w, https:\/\/i0.wp.com\/deltaimage.de\/wp\/wp-content\/uploads\/IMG_2056_900.jpg?resize=768%2C557&amp;ssl=1 768w, https:\/\/i0.wp.com\/deltaimage.de\/wp\/wp-content\/uploads\/IMG_2056_900.jpg?resize=818%2C593&amp;ssl=1 818w, https:\/\/i0.wp.com\/deltaimage.de\/wp\/wp-content\/uploads\/IMG_2056_900.jpg?resize=621%2C450&amp;ssl=1 621w, https:\/\/i0.wp.com\/deltaimage.de\/wp\/wp-content\/uploads\/IMG_2056_900.jpg?resize=552%2C400&amp;ssl=1 552w\" sizes=\"auto, (max-width: 890px) 100vw, 890px\" \/><\/p>\r\n<!-- \/wp:paragraph -->\r\n\r\n<!-- wp:paragraph -->\r\n<p>Mit dem neuen SCOTT BOULDER war auch f\u00fcr mich als Fotograf, der Bewegungsradius um ein Vielfaches gr\u00f6\u00dfer.<\/p>\r\n<p>&nbsp;<\/p>\r\n<h2 class=\"wp-block-heading\">Foto-Model f\u00fcr Foto Sessner in Dachau<\/h2>\r\n<!-- \/wp:paragraph -->\r\n\r\n<!-- wp:paragraph -->\r\n<p><strong>Foto Sessner<\/strong> hatte damals noch Azubi f\u00fcr Fotografie, auch in Zusammenarbeit mit dem Bayerischen Rundfunk in M\u00fcnchen. Eines Tages stehe ich vor der Kamera, es war eine Mamiya RZ 6&#215;7, <strong>Foto Sessner<\/strong> stand eben f\u00fcr Qualit\u00e4t in der analogen \u00c4ra.<\/p>\r\n<!-- \/wp:paragraph -->\r\n\r\n<!-- wp:paragraph -->\r\n<p>Ein Azubi br\u00e4uchte ein passendes Bild f\u00fcr seine Abschlussarbeit und kein Kunde kam mit einem MTB und stimmiger Kleidung ins Ladengesch\u00e4ft. So kam ich zu meinem ersten Modelling in Dachau.<\/p>\r\n<!-- \/wp:paragraph -->\r\n\r\n<!-- wp:heading -->\r\n<h2>\u00a0<\/h2>\r\n<h2 class=\"wp-block-heading\">Das MTB gibt es noch und auch die stylische Jacke von RIFF&amp;RAFF<\/h2>\r\n<!-- \/wp:heading -->\r\n\r\n<!-- wp:paragraph -->\r\n<p>Das <strong>SCOTT BOLDER<\/strong> von 1991 gibt es auch heute immer noch. Das MTB hatte mich in 10 Jahren in <strong>Dachau<\/strong>, im <strong>Bayerischen Wald<\/strong> und im <strong>B\u00f6hmerwald<\/strong> auf den spannendsten Foto-Touren begleitet.<\/p>\r\n<!-- \/wp:paragraph -->\r\n\r\n<!-- wp:paragraph -->\r\n<p><img data-recalc-dims=\"1\" loading=\"lazy\" decoding=\"async\" data-attachment-id=\"13433\" data-permalink=\"https:\/\/deltaimage.de\/wp\/?attachment_id=13433#main\" data-orig-file=\"https:\/\/i0.wp.com\/deltaimage.de\/wp\/wp-content\/uploads\/IMG_2660_900.jpg?fit=890%2C593&amp;ssl=1\" data-orig-size=\"890,593\" data-comments-opened=\"0\" data-image-meta=\"{&quot;aperture&quot;:&quot;11&quot;,&quot;credit&quot;:&quot;PAUL ESCHBACH&quot;,&quot;camera&quot;:&quot;Canon EOS Kiss X6i&quot;,&quot;caption&quot;:&quot;&quot;,&quot;created_timestamp&quot;:&quot;1482744283&quot;,&quot;copyright&quot;:&quot;(C) DELTA IMAGE&quot;,&quot;focal_length&quot;:&quot;100&quot;,&quot;iso&quot;:&quot;200&quot;,&quot;shutter_speed&quot;:&quot;0.066666666666667&quot;,&quot;title&quot;:&quot;&quot;,&quot;orientation&quot;:&quot;0&quot;}\" data-image-title=\"IMG_2660_900\" data-image-description=\"\" data-image-caption=\"&lt;p&gt;MTB Tour im Bayerischen Wald 1992, ich musste zwei mal \u00fcber den Brennessattel. Mit allem Gep\u00e4ck am kleinen Arbersee. Analog&lt;\/p&gt;\n\" data-large-file=\"https:\/\/i0.wp.com\/deltaimage.de\/wp\/wp-content\/uploads\/IMG_2660_900.jpg?fit=890%2C593&amp;ssl=1\" class=\"aligncenter wp-image-13433 size-full\" src=\"https:\/\/i0.wp.com\/deltaimage.de\/wp\/wp-content\/uploads\/IMG_2660_900.jpg?resize=890%2C593&#038;ssl=1\" alt=\"\" width=\"890\" height=\"593\" srcset=\"https:\/\/i0.wp.com\/deltaimage.de\/wp\/wp-content\/uploads\/IMG_2660_900.jpg?w=890&amp;ssl=1 890w, https:\/\/i0.wp.com\/deltaimage.de\/wp\/wp-content\/uploads\/IMG_2660_900.jpg?resize=200%2C133&amp;ssl=1 200w, https:\/\/i0.wp.com\/deltaimage.de\/wp\/wp-content\/uploads\/IMG_2660_900.jpg?resize=300%2C200&amp;ssl=1 300w, https:\/\/i0.wp.com\/deltaimage.de\/wp\/wp-content\/uploads\/IMG_2660_900.jpg?resize=768%2C512&amp;ssl=1 768w, https:\/\/i0.wp.com\/deltaimage.de\/wp\/wp-content\/uploads\/IMG_2660_900.jpg?resize=675%2C450&amp;ssl=1 675w, https:\/\/i0.wp.com\/deltaimage.de\/wp\/wp-content\/uploads\/IMG_2660_900.jpg?resize=600%2C400&amp;ssl=1 600w\" sizes=\"auto, (max-width: 890px) 100vw, 890px\" \/><\/p>\r\n<!-- \/wp:paragraph -->\r\n\r\n<!-- wp:paragraph -->\r\n<p>In diesem Sommer 2023 habe ich das alte MTB aus dem Jahr 1991 wieder zum Leben erweckt und &#8222;<em>general-saniert<\/em>&#8222;. Jetzt habe ich wieder viel Freude auf dem alten und doch so gewohnten Gef\u00e4hrt.<\/p>\r\n<!-- \/wp:paragraph -->\r\n\r\n<!-- wp:heading -->\r\n<h2>\u00a0<\/h2>\r\n<h2>Im Bayerischen Wald und B\u00f6hmerwald unterwegs<\/h2>\r\n<p class=\"wp-block-heading\">Auch die RIFF&amp;RAFF kam im <strong>Bayerischen Wald<\/strong> und im <strong>B\u00f6hmerwald<\/strong> zu allen Jahreszeiten viel <em>umanand<\/em>, hier ein Winterbild auf der <strong>Rachelwiese<\/strong> beim <strong>Waldschmidthaus<\/strong>, kurz unterhalb des <strong>Gro\u00dfen Rachel<\/strong> Gipfels.<\/p>\r\n<!-- \/wp:heading -->\r\n\r\n<!-- wp:paragraph -->\r\n<div id=\"attachment_7678\" style=\"width: 1819px\" class=\"wp-caption aligncenter\"><img data-recalc-dims=\"1\" loading=\"lazy\" decoding=\"async\" aria-describedby=\"caption-attachment-7678\" data-attachment-id=\"7678\" data-permalink=\"https:\/\/deltaimage.de\/wp\/?attachment_id=7678#main\" data-orig-file=\"https:\/\/i0.wp.com\/deltaimage.de\/wp\/wp-content\/uploads\/Paul.jpg?fit=1809%2C1140&amp;ssl=1\" data-orig-size=\"1809,1140\" data-comments-opened=\"0\" data-image-meta=\"{&quot;aperture&quot;:&quot;5.6&quot;,&quot;credit&quot;:&quot;&quot;,&quot;camera&quot;:&quot;T90&quot;,&quot;caption&quot;:&quot;&quot;,&quot;created_timestamp&quot;:&quot;0&quot;,&quot;copyright&quot;:&quot;&quot;,&quot;focal_length&quot;:&quot;200&quot;,&quot;iso&quot;:&quot;0&quot;,&quot;shutter_speed&quot;:&quot;0&quot;,&quot;title&quot;:&quot;&quot;,&quot;orientation&quot;:&quot;0&quot;}\" data-image-title=\"Paul\" data-image-description=\"\" data-image-caption=\"&lt;p&gt;Im Winter auf der Rachelwiese im Tiefschnee &#8211; das war unsere Form der Naturfotografie im Bayerischen Wald.&lt;\/p&gt;\n\" data-large-file=\"https:\/\/i0.wp.com\/deltaimage.de\/wp\/wp-content\/uploads\/Paul.jpg?fit=890%2C561&amp;ssl=1\" class=\"wp-image-7678 size-full\" src=\"https:\/\/i0.wp.com\/deltaimage.de\/wp\/wp-content\/uploads\/Paul.jpg?resize=890%2C561&#038;ssl=1\" alt=\"\u00dcber mich \u2013 Bio Page\" width=\"890\" height=\"561\" srcset=\"https:\/\/i0.wp.com\/deltaimage.de\/wp\/wp-content\/uploads\/Paul.jpg?w=1809&amp;ssl=1 1809w, https:\/\/i0.wp.com\/deltaimage.de\/wp\/wp-content\/uploads\/Paul.jpg?resize=300%2C189&amp;ssl=1 300w, https:\/\/i0.wp.com\/deltaimage.de\/wp\/wp-content\/uploads\/Paul.jpg?resize=1024%2C645&amp;ssl=1 1024w, https:\/\/i0.wp.com\/deltaimage.de\/wp\/wp-content\/uploads\/Paul.jpg?resize=890%2C561&amp;ssl=1 890w, https:\/\/i0.wp.com\/deltaimage.de\/wp\/wp-content\/uploads\/Paul.jpg?resize=714%2C450&amp;ssl=1 714w, https:\/\/i0.wp.com\/deltaimage.de\/wp\/wp-content\/uploads\/Paul.jpg?resize=635%2C400&amp;ssl=1 635w\" sizes=\"auto, (max-width: 890px) 100vw, 890px\" \/><p id=\"caption-attachment-7678\" class=\"wp-caption-text\">Foto: BAYERWALDTEAM Hubert Bauer-Falkner<\/p><\/div>\r\n<!-- \/wp:paragraph -->\r\n<p>&nbsp;<\/p>\r\n<h2>Mein analoges Diaarchiv zeigt die Spuren der Zeit<\/h2>\r\n<p>Das MTB kam in 10 Jahren ordentlich im <strong>Bayerischen Wald<\/strong> und im <strong>B\u00f6hmerwald<\/strong> herum.<\/p>\r\n<p>&nbsp;<\/p>\r\n<p><!-- \/wp:paragraph -->\r\n\r\n<!-- wp:paragraph --><\/p>\r\n<div class=\"tiled-gallery type-rectangular tiled-gallery-unresized\" data-original-width=\"890\" data-carousel-extra='{&quot;blog_id&quot;:1,&quot;permalink&quot;:&quot;https:\\\/\\\/deltaimage.de\\\/wp\\\/?p=40673&quot;,&quot;likes_blog_id&quot;:66828988}' itemscope itemtype=\"http:\/\/schema.org\/ImageGallery\" > <div class=\"gallery-row\" style=\"width: 890px; height: 254px;\" data-original-width=\"890\" data-original-height=\"254\" > <div class=\"gallery-group images-1\" style=\"width: 379px; height: 254px;\" data-original-width=\"379\" data-original-height=\"254\" > <div class=\"tiled-gallery-item tiled-gallery-item-large\" itemprop=\"associatedMedia\" itemscope itemtype=\"http:\/\/schema.org\/ImageObject\"> <a href=\"https:\/\/deltaimage.de\/wp\/?attachment_id=13435#main\" border=\"0\" itemprop=\"url\"> <meta itemprop=\"width\" content=\"375\"> <meta itemprop=\"height\" content=\"250\"> <img decoding=\"async\" class=\"\" data-attachment-id=\"13435\" data-orig-file=\"https:\/\/deltaimage.de\/wp\/wp-content\/uploads\/IMG_2572_900.jpg\" data-orig-size=\"890,593\" data-comments-opened=\"\" data-image-meta=\"{&quot;aperture&quot;:&quot;11&quot;,&quot;credit&quot;:&quot;PAUL ESCHBACH&quot;,&quot;camera&quot;:&quot;Canon EOS Kiss X6i&quot;,&quot;caption&quot;:&quot;&quot;,&quot;created_timestamp&quot;:&quot;1482684057&quot;,&quot;copyright&quot;:&quot;(C) DELTA IMAGE&quot;,&quot;focal_length&quot;:&quot;100&quot;,&quot;iso&quot;:&quot;200&quot;,&quot;shutter_speed&quot;:&quot;0.125&quot;,&quot;title&quot;:&quot;&quot;,&quot;orientation&quot;:&quot;0&quot;}\" data-image-title=\"IMG_2572_900\" data-image-description=\"\" data-medium-file=\"https:\/\/i0.wp.com\/deltaimage.de\/wp\/wp-content\/uploads\/IMG_2572_900.jpg?fit=300%2C200&#038;ssl=1\" data-large-file=\"https:\/\/i0.wp.com\/deltaimage.de\/wp\/wp-content\/uploads\/IMG_2572_900.jpg?fit=890%2C593&#038;ssl=1\" src=\"https:\/\/i0.wp.com\/deltaimage.de\/wp\/wp-content\/uploads\/IMG_2572_900.jpg?w=375&#038;h=250&#038;ssl=1\" srcset=\"https:\/\/i0.wp.com\/deltaimage.de\/wp\/wp-content\/uploads\/IMG_2572_900.jpg?w=890&amp;ssl=1 890w, https:\/\/i0.wp.com\/deltaimage.de\/wp\/wp-content\/uploads\/IMG_2572_900.jpg?resize=200%2C133&amp;ssl=1 200w, https:\/\/i0.wp.com\/deltaimage.de\/wp\/wp-content\/uploads\/IMG_2572_900.jpg?resize=300%2C200&amp;ssl=1 300w, https:\/\/i0.wp.com\/deltaimage.de\/wp\/wp-content\/uploads\/IMG_2572_900.jpg?resize=768%2C512&amp;ssl=1 768w, https:\/\/i0.wp.com\/deltaimage.de\/wp\/wp-content\/uploads\/IMG_2572_900.jpg?resize=675%2C450&amp;ssl=1 675w, https:\/\/i0.wp.com\/deltaimage.de\/wp\/wp-content\/uploads\/IMG_2572_900.jpg?resize=600%2C400&amp;ssl=1 600w\" width=\"375\" height=\"250\" loading=\"lazy\" data-original-width=\"375\" data-original-height=\"250\" itemprop=\"http:\/\/schema.org\/image\" title=\"IMG_2572_900\" alt=\"Die R\u00fcckfahrt von Passau HBF nach Hause. MTB Reise ist bald zu Ende. MINOX 35 analog\" style=\"width: 375px; height: 250px;\" \/> <\/a> <div class=\"tiled-gallery-caption\" itemprop=\"caption description\"> Die R\u00fcckfahrt von Passau HBF nach Hause. MTB Reise ist bald zu Ende. MINOX 35 analog <\/div> <\/div> <\/div> <!-- close group --> <div class=\"gallery-group images-1\" style=\"width: 171px; height: 254px;\" data-original-width=\"171\" data-original-height=\"254\" > <div class=\"tiled-gallery-item tiled-gallery-item-small\" itemprop=\"associatedMedia\" itemscope itemtype=\"http:\/\/schema.org\/ImageObject\"> <a href=\"https:\/\/deltaimage.de\/wp\/?attachment_id=13441#main\" border=\"0\" itemprop=\"url\"> <meta itemprop=\"width\" content=\"167\"> <meta itemprop=\"height\" content=\"250\"> <img decoding=\"async\" class=\"\" data-attachment-id=\"13441\" data-orig-file=\"https:\/\/deltaimage.de\/wp\/wp-content\/uploads\/IMG_2466_900.jpg\" data-orig-size=\"593,890\" data-comments-opened=\"\" data-image-meta=\"{&quot;aperture&quot;:&quot;11&quot;,&quot;credit&quot;:&quot;PAUL ESCHBACH&quot;,&quot;camera&quot;:&quot;Canon EOS Kiss X6i&quot;,&quot;caption&quot;:&quot;&quot;,&quot;created_timestamp&quot;:&quot;1482682844&quot;,&quot;copyright&quot;:&quot;(C) DELTA IMAGE&quot;,&quot;focal_length&quot;:&quot;100&quot;,&quot;iso&quot;:&quot;200&quot;,&quot;shutter_speed&quot;:&quot;0.16666666666667&quot;,&quot;title&quot;:&quot;&quot;,&quot;orientation&quot;:&quot;0&quot;}\" data-image-title=\"IMG_2466_900\" data-image-description=\"\" data-medium-file=\"https:\/\/i0.wp.com\/deltaimage.de\/wp\/wp-content\/uploads\/IMG_2466_900.jpg?fit=200%2C300&#038;ssl=1\" data-large-file=\"https:\/\/i0.wp.com\/deltaimage.de\/wp\/wp-content\/uploads\/IMG_2466_900.jpg?fit=593%2C890&#038;ssl=1\" src=\"https:\/\/i0.wp.com\/deltaimage.de\/wp\/wp-content\/uploads\/IMG_2466_900.jpg?w=167&#038;h=250&#038;ssl=1\" srcset=\"https:\/\/i0.wp.com\/deltaimage.de\/wp\/wp-content\/uploads\/IMG_2466_900.jpg?w=593&amp;ssl=1 593w, https:\/\/i0.wp.com\/deltaimage.de\/wp\/wp-content\/uploads\/IMG_2466_900.jpg?resize=133%2C200&amp;ssl=1 133w, https:\/\/i0.wp.com\/deltaimage.de\/wp\/wp-content\/uploads\/IMG_2466_900.jpg?resize=200%2C300&amp;ssl=1 200w, https:\/\/i0.wp.com\/deltaimage.de\/wp\/wp-content\/uploads\/IMG_2466_900.jpg?resize=395%2C593&amp;ssl=1 395w, https:\/\/i0.wp.com\/deltaimage.de\/wp\/wp-content\/uploads\/IMG_2466_900.jpg?resize=300%2C450&amp;ssl=1 300w, https:\/\/i0.wp.com\/deltaimage.de\/wp\/wp-content\/uploads\/IMG_2466_900.jpg?resize=267%2C400&amp;ssl=1 267w\" width=\"167\" height=\"250\" loading=\"lazy\" data-original-width=\"167\" data-original-height=\"250\" itemprop=\"http:\/\/schema.org\/image\" title=\"IMG_2466_900\" alt=\"Die R\u00fcckfahrt von Passau HBF, nochmal in Freising umsteigen bis Oberschlei\u00dfheim. MINOX 35 analog\" style=\"width: 167px; height: 250px;\" \/> <\/a> <div class=\"tiled-gallery-caption\" itemprop=\"caption description\"> Die R\u00fcckfahrt von Passau HBF, nochmal in Freising umsteigen bis Oberschlei\u00dfheim. MINOX 35 analog <\/div> <\/div> <\/div> <!-- close group --> <div class=\"gallery-group images-1\" style=\"width: 170px; height: 254px;\" data-original-width=\"170\" data-original-height=\"254\" > <div class=\"tiled-gallery-item tiled-gallery-item-small\" itemprop=\"associatedMedia\" itemscope itemtype=\"http:\/\/schema.org\/ImageObject\"> <a href=\"https:\/\/deltaimage.de\/wp\/?attachment_id=13440#main\" border=\"0\" itemprop=\"url\"> <meta itemprop=\"width\" content=\"166\"> <meta itemprop=\"height\" content=\"250\"> <img decoding=\"async\" class=\"\" data-attachment-id=\"13440\" data-orig-file=\"https:\/\/deltaimage.de\/wp\/wp-content\/uploads\/IMG_2482_900.jpg\" data-orig-size=\"593,890\" data-comments-opened=\"\" data-image-meta=\"{&quot;aperture&quot;:&quot;11&quot;,&quot;credit&quot;:&quot;PAUL ESCHBACH&quot;,&quot;camera&quot;:&quot;Canon EOS Kiss X6i&quot;,&quot;caption&quot;:&quot;&quot;,&quot;created_timestamp&quot;:&quot;1482683017&quot;,&quot;copyright&quot;:&quot;(C) DELTA IMAGE&quot;,&quot;focal_length&quot;:&quot;100&quot;,&quot;iso&quot;:&quot;200&quot;,&quot;shutter_speed&quot;:&quot;0.16666666666667&quot;,&quot;title&quot;:&quot;&quot;,&quot;orientation&quot;:&quot;0&quot;}\" data-image-title=\"IMG_2482_900\" data-image-description=\"\" data-medium-file=\"https:\/\/i0.wp.com\/deltaimage.de\/wp\/wp-content\/uploads\/IMG_2482_900.jpg?fit=200%2C300&#038;ssl=1\" data-large-file=\"https:\/\/i0.wp.com\/deltaimage.de\/wp\/wp-content\/uploads\/IMG_2482_900.jpg?fit=593%2C890&#038;ssl=1\" src=\"https:\/\/i0.wp.com\/deltaimage.de\/wp\/wp-content\/uploads\/IMG_2482_900.jpg?w=166&#038;h=250&#038;ssl=1\" srcset=\"https:\/\/i0.wp.com\/deltaimage.de\/wp\/wp-content\/uploads\/IMG_2482_900.jpg?w=593&amp;ssl=1 593w, https:\/\/i0.wp.com\/deltaimage.de\/wp\/wp-content\/uploads\/IMG_2482_900.jpg?resize=133%2C200&amp;ssl=1 133w, https:\/\/i0.wp.com\/deltaimage.de\/wp\/wp-content\/uploads\/IMG_2482_900.jpg?resize=200%2C300&amp;ssl=1 200w, https:\/\/i0.wp.com\/deltaimage.de\/wp\/wp-content\/uploads\/IMG_2482_900.jpg?resize=395%2C593&amp;ssl=1 395w, https:\/\/i0.wp.com\/deltaimage.de\/wp\/wp-content\/uploads\/IMG_2482_900.jpg?resize=300%2C450&amp;ssl=1 300w, https:\/\/i0.wp.com\/deltaimage.de\/wp\/wp-content\/uploads\/IMG_2482_900.jpg?resize=267%2C400&amp;ssl=1 267w\" width=\"166\" height=\"250\" loading=\"lazy\" data-original-width=\"166\" data-original-height=\"250\" itemprop=\"http:\/\/schema.org\/image\" title=\"IMG_2482_900\" alt=\"Paul Eschbach an der Wolfram von Eschenbach Linde bei Bad K\u00f6tzding. MINOX 35 analog\" style=\"width: 166px; height: 250px;\" \/> <\/a> <div class=\"tiled-gallery-caption\" itemprop=\"caption description\"> Paul Eschbach an der Wolfram von Eschenbach Linde bei Bad K\u00f6tzding. MINOX 35 analog <\/div> <\/div> <\/div> <!-- close group --> <div class=\"gallery-group images-1\" style=\"width: 170px; height: 254px;\" data-original-width=\"170\" data-original-height=\"254\" > <div class=\"tiled-gallery-item tiled-gallery-item-small\" itemprop=\"associatedMedia\" itemscope itemtype=\"http:\/\/schema.org\/ImageObject\"> <a href=\"https:\/\/deltaimage.de\/wp\/?attachment_id=13436#main\" border=\"0\" itemprop=\"url\"> <meta itemprop=\"width\" content=\"166\"> <meta itemprop=\"height\" content=\"250\"> <img decoding=\"async\" class=\"\" data-attachment-id=\"13436\" data-orig-file=\"https:\/\/deltaimage.de\/wp\/wp-content\/uploads\/IMG_2571_900.jpg\" data-orig-size=\"593,890\" data-comments-opened=\"\" data-image-meta=\"{&quot;aperture&quot;:&quot;11&quot;,&quot;credit&quot;:&quot;PAUL ESCHBACH&quot;,&quot;camera&quot;:&quot;Canon EOS Kiss X6i&quot;,&quot;caption&quot;:&quot;&quot;,&quot;created_timestamp&quot;:&quot;1482684046&quot;,&quot;copyright&quot;:&quot;(C) DELTA IMAGE&quot;,&quot;focal_length&quot;:&quot;100&quot;,&quot;iso&quot;:&quot;200&quot;,&quot;shutter_speed&quot;:&quot;0.125&quot;,&quot;title&quot;:&quot;&quot;,&quot;orientation&quot;:&quot;0&quot;}\" data-image-title=\"IMG_2571_900\" data-image-description=\"\" data-medium-file=\"https:\/\/i0.wp.com\/deltaimage.de\/wp\/wp-content\/uploads\/IMG_2571_900.jpg?fit=200%2C300&#038;ssl=1\" data-large-file=\"https:\/\/i0.wp.com\/deltaimage.de\/wp\/wp-content\/uploads\/IMG_2571_900.jpg?fit=593%2C890&#038;ssl=1\" src=\"https:\/\/i0.wp.com\/deltaimage.de\/wp\/wp-content\/uploads\/IMG_2571_900.jpg?w=166&#038;h=250&#038;ssl=1\" srcset=\"https:\/\/i0.wp.com\/deltaimage.de\/wp\/wp-content\/uploads\/IMG_2571_900.jpg?w=593&amp;ssl=1 593w, https:\/\/i0.wp.com\/deltaimage.de\/wp\/wp-content\/uploads\/IMG_2571_900.jpg?resize=133%2C200&amp;ssl=1 133w, https:\/\/i0.wp.com\/deltaimage.de\/wp\/wp-content\/uploads\/IMG_2571_900.jpg?resize=200%2C300&amp;ssl=1 200w, https:\/\/i0.wp.com\/deltaimage.de\/wp\/wp-content\/uploads\/IMG_2571_900.jpg?resize=395%2C593&amp;ssl=1 395w, https:\/\/i0.wp.com\/deltaimage.de\/wp\/wp-content\/uploads\/IMG_2571_900.jpg?resize=300%2C450&amp;ssl=1 300w, https:\/\/i0.wp.com\/deltaimage.de\/wp\/wp-content\/uploads\/IMG_2571_900.jpg?resize=267%2C400&amp;ssl=1 267w\" width=\"166\" height=\"250\" loading=\"lazy\" data-original-width=\"166\" data-original-height=\"250\" itemprop=\"http:\/\/schema.org\/image\" title=\"IMG_2571_900\" alt=\"Das gro\u00dfe Ziel der MTB Reise ist erreicht, ich war in Passau mit dem MTB und allem Gep\u00e4ck angekommen.: MINOX 35 analog\" style=\"width: 166px; height: 250px;\" \/> <\/a> <div class=\"tiled-gallery-caption\" itemprop=\"caption description\"> Das gro\u00dfe Ziel der MTB Reise ist erreicht, ich war in Passau mit dem MTB und allem Gep\u00e4ck angekommen.: MINOX 35 analog <\/div> <\/div> <\/div> <!-- close group --> <\/div> <!-- close row --> <div class=\"gallery-row\" style=\"width: 890px; height: 625px;\" data-original-width=\"890\" data-original-height=\"625\" > <div class=\"gallery-group images-2\" style=\"width: 473px; height: 625px;\" data-original-width=\"473\" data-original-height=\"625\" > <div class=\"tiled-gallery-item tiled-gallery-item-large\" itemprop=\"associatedMedia\" itemscope itemtype=\"http:\/\/schema.org\/ImageObject\"> <a href=\"https:\/\/deltaimage.de\/wp\/?attachment_id=13447#main\" border=\"0\" itemprop=\"url\"> <meta itemprop=\"width\" content=\"469\"> <meta itemprop=\"height\" content=\"305\"> <img decoding=\"async\" class=\"\" data-attachment-id=\"13447\" data-orig-file=\"https:\/\/deltaimage.de\/wp\/wp-content\/uploads\/ZY5M8963_900.jpg\" data-orig-size=\"890,578\" data-comments-opened=\"\" data-image-meta=\"{&quot;aperture&quot;:&quot;14&quot;,&quot;credit&quot;:&quot;Paul Eschbach&quot;,&quot;camera&quot;:&quot;Canon EOS-1Ds Mark II&quot;,&quot;caption&quot;:&quot;&quot;,&quot;created_timestamp&quot;:&quot;1387574056&quot;,&quot;copyright&quot;:&quot;&quot;,&quot;focal_length&quot;:&quot;180&quot;,&quot;iso&quot;:&quot;100&quot;,&quot;shutter_speed&quot;:&quot;0.25&quot;,&quot;title&quot;:&quot;&quot;,&quot;orientation&quot;:&quot;0&quot;}\" data-image-title=\"ZY5M8963_900\" data-image-description=\"\" data-medium-file=\"https:\/\/i0.wp.com\/deltaimage.de\/wp\/wp-content\/uploads\/ZY5M8963_900.jpg?fit=300%2C195&#038;ssl=1\" data-large-file=\"https:\/\/i0.wp.com\/deltaimage.de\/wp\/wp-content\/uploads\/ZY5M8963_900.jpg?fit=890%2C578&#038;ssl=1\" src=\"https:\/\/i0.wp.com\/deltaimage.de\/wp\/wp-content\/uploads\/ZY5M8963_900.jpg?w=469&#038;h=305&#038;ssl=1\" srcset=\"https:\/\/i0.wp.com\/deltaimage.de\/wp\/wp-content\/uploads\/ZY5M8963_900.jpg?w=890&amp;ssl=1 890w, https:\/\/i0.wp.com\/deltaimage.de\/wp\/wp-content\/uploads\/ZY5M8963_900.jpg?resize=200%2C130&amp;ssl=1 200w, https:\/\/i0.wp.com\/deltaimage.de\/wp\/wp-content\/uploads\/ZY5M8963_900.jpg?resize=300%2C195&amp;ssl=1 300w, https:\/\/i0.wp.com\/deltaimage.de\/wp\/wp-content\/uploads\/ZY5M8963_900.jpg?resize=768%2C499&amp;ssl=1 768w, https:\/\/i0.wp.com\/deltaimage.de\/wp\/wp-content\/uploads\/ZY5M8963_900.jpg?resize=693%2C450&amp;ssl=1 693w, https:\/\/i0.wp.com\/deltaimage.de\/wp\/wp-content\/uploads\/ZY5M8963_900.jpg?resize=616%2C400&amp;ssl=1 616w\" width=\"469\" height=\"305\" loading=\"lazy\" data-original-width=\"469\" data-original-height=\"305\" itemprop=\"http:\/\/schema.org\/image\" title=\"ZY5M8963_900\" alt=\"ZY5M8963_900\" style=\"width: 469px; height: 305px;\" \/> <\/a> <\/div> <div class=\"tiled-gallery-item tiled-gallery-item-large\" itemprop=\"associatedMedia\" itemscope itemtype=\"http:\/\/schema.org\/ImageObject\"> <a href=\"https:\/\/deltaimage.de\/wp\/?attachment_id=13432#main\" border=\"0\" itemprop=\"url\"> <meta itemprop=\"width\" content=\"469\"> <meta itemprop=\"height\" content=\"312\"> <img decoding=\"async\" class=\"\" data-attachment-id=\"13432\" data-orig-file=\"https:\/\/deltaimage.de\/wp\/wp-content\/uploads\/IMG_2661_900.jpg\" data-orig-size=\"890,593\" data-comments-opened=\"\" data-image-meta=\"{&quot;aperture&quot;:&quot;11&quot;,&quot;credit&quot;:&quot;PAUL ESCHBACH&quot;,&quot;camera&quot;:&quot;Canon EOS Kiss X6i&quot;,&quot;caption&quot;:&quot;&quot;,&quot;created_timestamp&quot;:&quot;1482744294&quot;,&quot;copyright&quot;:&quot;(C) DELTA IMAGE&quot;,&quot;focal_length&quot;:&quot;100&quot;,&quot;iso&quot;:&quot;200&quot;,&quot;shutter_speed&quot;:&quot;0.066666666666667&quot;,&quot;title&quot;:&quot;&quot;,&quot;orientation&quot;:&quot;0&quot;}\" data-image-title=\"IMG_2661_900\" data-image-description=\"\" data-medium-file=\"https:\/\/i0.wp.com\/deltaimage.de\/wp\/wp-content\/uploads\/IMG_2661_900.jpg?fit=300%2C200&#038;ssl=1\" data-large-file=\"https:\/\/i0.wp.com\/deltaimage.de\/wp\/wp-content\/uploads\/IMG_2661_900.jpg?fit=890%2C593&#038;ssl=1\" src=\"https:\/\/i0.wp.com\/deltaimage.de\/wp\/wp-content\/uploads\/IMG_2661_900.jpg?w=469&#038;h=312&#038;ssl=1\" srcset=\"https:\/\/i0.wp.com\/deltaimage.de\/wp\/wp-content\/uploads\/IMG_2661_900.jpg?w=890&amp;ssl=1 890w, https:\/\/i0.wp.com\/deltaimage.de\/wp\/wp-content\/uploads\/IMG_2661_900.jpg?resize=200%2C133&amp;ssl=1 200w, https:\/\/i0.wp.com\/deltaimage.de\/wp\/wp-content\/uploads\/IMG_2661_900.jpg?resize=300%2C200&amp;ssl=1 300w, https:\/\/i0.wp.com\/deltaimage.de\/wp\/wp-content\/uploads\/IMG_2661_900.jpg?resize=768%2C512&amp;ssl=1 768w, https:\/\/i0.wp.com\/deltaimage.de\/wp\/wp-content\/uploads\/IMG_2661_900.jpg?resize=675%2C450&amp;ssl=1 675w, https:\/\/i0.wp.com\/deltaimage.de\/wp\/wp-content\/uploads\/IMG_2661_900.jpg?resize=600%2C400&amp;ssl=1 600w\" width=\"469\" height=\"312\" loading=\"lazy\" data-original-width=\"469\" data-original-height=\"312\" itemprop=\"http:\/\/schema.org\/image\" title=\"IMG_2661_900\" alt=\"Auf Tour mit dem MTB in Bayerischen Wald. MINOX35 analog\" style=\"width: 469px; height: 312px;\" \/> <\/a> <div class=\"tiled-gallery-caption\" itemprop=\"caption description\"> Auf Tour mit dem MTB in Bayerischen Wald. MINOX35 analog <\/div> <\/div> <\/div> <!-- close group --> <div class=\"gallery-group images-1\" style=\"width: 417px; height: 625px;\" data-original-width=\"417\" data-original-height=\"625\" > <div class=\"tiled-gallery-item tiled-gallery-item-large\" itemprop=\"associatedMedia\" itemscope itemtype=\"http:\/\/schema.org\/ImageObject\"> <a href=\"https:\/\/deltaimage.de\/wp\/?attachment_id=13434#main\" border=\"0\" itemprop=\"url\"> <meta itemprop=\"width\" content=\"413\"> <meta itemprop=\"height\" content=\"621\"> <img decoding=\"async\" class=\"\" data-attachment-id=\"13434\" data-orig-file=\"https:\/\/deltaimage.de\/wp\/wp-content\/uploads\/IMG_2588_900.jpg\" data-orig-size=\"593,890\" data-comments-opened=\"\" data-image-meta=\"{&quot;aperture&quot;:&quot;11&quot;,&quot;credit&quot;:&quot;PAUL ESCHBACH&quot;,&quot;camera&quot;:&quot;Canon EOS Kiss X6i&quot;,&quot;caption&quot;:&quot;&quot;,&quot;created_timestamp&quot;:&quot;1482684253&quot;,&quot;copyright&quot;:&quot;(C) DELTA IMAGE&quot;,&quot;focal_length&quot;:&quot;100&quot;,&quot;iso&quot;:&quot;200&quot;,&quot;shutter_speed&quot;:&quot;0.076923076923077&quot;,&quot;title&quot;:&quot;&quot;,&quot;orientation&quot;:&quot;0&quot;}\" data-image-title=\"IMG_2588_900\" data-image-description=\"\" data-medium-file=\"https:\/\/i0.wp.com\/deltaimage.de\/wp\/wp-content\/uploads\/IMG_2588_900.jpg?fit=200%2C300&#038;ssl=1\" data-large-file=\"https:\/\/i0.wp.com\/deltaimage.de\/wp\/wp-content\/uploads\/IMG_2588_900.jpg?fit=593%2C890&#038;ssl=1\" src=\"https:\/\/i0.wp.com\/deltaimage.de\/wp\/wp-content\/uploads\/IMG_2588_900.jpg?w=413&#038;h=621&#038;ssl=1\" srcset=\"https:\/\/i0.wp.com\/deltaimage.de\/wp\/wp-content\/uploads\/IMG_2588_900.jpg?w=593&amp;ssl=1 593w, https:\/\/i0.wp.com\/deltaimage.de\/wp\/wp-content\/uploads\/IMG_2588_900.jpg?resize=133%2C200&amp;ssl=1 133w, https:\/\/i0.wp.com\/deltaimage.de\/wp\/wp-content\/uploads\/IMG_2588_900.jpg?resize=200%2C300&amp;ssl=1 200w, https:\/\/i0.wp.com\/deltaimage.de\/wp\/wp-content\/uploads\/IMG_2588_900.jpg?resize=395%2C593&amp;ssl=1 395w, https:\/\/i0.wp.com\/deltaimage.de\/wp\/wp-content\/uploads\/IMG_2588_900.jpg?resize=300%2C450&amp;ssl=1 300w, https:\/\/i0.wp.com\/deltaimage.de\/wp\/wp-content\/uploads\/IMG_2588_900.jpg?resize=267%2C400&amp;ssl=1 267w\" width=\"413\" height=\"621\" loading=\"lazy\" data-original-width=\"413\" data-original-height=\"621\" itemprop=\"http:\/\/schema.org\/image\" title=\"IMG_2588_900\" alt=\"Der erste gro\u00dfe Urlaub mit dem Ende des Studiums - dann gleich mit dem neuen MTB von Dachau aus entlang des ganzen Bayerischen Waldes. Hier auf der Strecke in einem Abstellbahnhof in Blaibach.\" style=\"width: 413px; height: 621px;\" \/> <\/a> <div class=\"tiled-gallery-caption\" itemprop=\"caption description\"> Der erste gro\u00dfe Urlaub mit dem Ende des Studiums &#8211; dann gleich mit dem neuen MTB von Dachau aus entlang des ganzen Bayerischen Waldes. Hier auf der Strecke in einem Abstellbahnhof in Blaibach. <\/div> <\/div> <\/div> <!-- close group --> <\/div> <!-- close row --> <div class=\"gallery-row\" style=\"width: 890px; height: 435px;\" data-original-width=\"890\" data-original-height=\"435\" > <div class=\"gallery-group images-1\" style=\"width: 599px; height: 435px;\" data-original-width=\"599\" data-original-height=\"435\" > <div class=\"tiled-gallery-item tiled-gallery-item-large\" itemprop=\"associatedMedia\" itemscope itemtype=\"http:\/\/schema.org\/ImageObject\"> <a href=\"https:\/\/deltaimage.de\/wp\/?attachment_id=12655#main\" border=\"0\" itemprop=\"url\"> <meta itemprop=\"width\" content=\"595\"> <meta itemprop=\"height\" content=\"431\"> <img decoding=\"async\" class=\"\" data-attachment-id=\"12655\" data-orig-file=\"https:\/\/deltaimage.de\/wp\/wp-content\/uploads\/IMG_2056_900.jpg\" data-orig-size=\"890,645\" data-comments-opened=\"\" data-image-meta=\"{&quot;aperture&quot;:&quot;4.4&quot;,&quot;credit&quot;:&quot;&quot;,&quot;camera&quot;:&quot;E5000&quot;,&quot;caption&quot;:&quot;&quot;,&quot;created_timestamp&quot;:&quot;1073177173&quot;,&quot;copyright&quot;:&quot;&quot;,&quot;focal_length&quot;:&quot;7.7&quot;,&quot;iso&quot;:&quot;100&quot;,&quot;shutter_speed&quot;:&quot;0.016666666666667&quot;,&quot;title&quot;:&quot;&quot;,&quot;orientation&quot;:&quot;0&quot;}\" data-image-title=\"img_2056_900\" data-image-description=\"\" data-medium-file=\"https:\/\/i0.wp.com\/deltaimage.de\/wp\/wp-content\/uploads\/IMG_2056_900.jpg?fit=300%2C217&#038;ssl=1\" data-large-file=\"https:\/\/i0.wp.com\/deltaimage.de\/wp\/wp-content\/uploads\/IMG_2056_900.jpg?fit=890%2C645&#038;ssl=1\" src=\"https:\/\/i0.wp.com\/deltaimage.de\/wp\/wp-content\/uploads\/IMG_2056_900.jpg?w=595&#038;h=431&#038;ssl=1\" srcset=\"https:\/\/i0.wp.com\/deltaimage.de\/wp\/wp-content\/uploads\/IMG_2056_900.jpg?w=890&amp;ssl=1 890w, https:\/\/i0.wp.com\/deltaimage.de\/wp\/wp-content\/uploads\/IMG_2056_900.jpg?resize=200%2C145&amp;ssl=1 200w, https:\/\/i0.wp.com\/deltaimage.de\/wp\/wp-content\/uploads\/IMG_2056_900.jpg?resize=300%2C217&amp;ssl=1 300w, https:\/\/i0.wp.com\/deltaimage.de\/wp\/wp-content\/uploads\/IMG_2056_900.jpg?resize=768%2C557&amp;ssl=1 768w, https:\/\/i0.wp.com\/deltaimage.de\/wp\/wp-content\/uploads\/IMG_2056_900.jpg?resize=818%2C593&amp;ssl=1 818w, https:\/\/i0.wp.com\/deltaimage.de\/wp\/wp-content\/uploads\/IMG_2056_900.jpg?resize=621%2C450&amp;ssl=1 621w, https:\/\/i0.wp.com\/deltaimage.de\/wp\/wp-content\/uploads\/IMG_2056_900.jpg?resize=552%2C400&amp;ssl=1 552w\" width=\"595\" height=\"431\" loading=\"lazy\" data-original-width=\"595\" data-original-height=\"431\" itemprop=\"http:\/\/schema.org\/image\" title=\"img_2056_900\" alt=\"MTB Tour Rund um das Schloss Hohenzollern. Analog\" style=\"width: 595px; height: 431px;\" \/> <\/a> <div class=\"tiled-gallery-caption\" itemprop=\"caption description\"> MTB Tour Rund um das Schloss Hohenzollern. Analog <\/div> <\/div> <\/div> <!-- close group --> <div class=\"gallery-group images-1\" style=\"width: 291px; height: 435px;\" data-original-width=\"291\" data-original-height=\"435\" > <div class=\"tiled-gallery-item tiled-gallery-item-large\" itemprop=\"associatedMedia\" itemscope itemtype=\"http:\/\/schema.org\/ImageObject\"> <a href=\"https:\/\/deltaimage.de\/wp\/?attachment_id=13444#main\" border=\"0\" itemprop=\"url\"> <meta itemprop=\"width\" content=\"287\"> <meta itemprop=\"height\" content=\"431\"> <img decoding=\"async\" class=\"\" data-attachment-id=\"13444\" data-orig-file=\"https:\/\/deltaimage.de\/wp\/wp-content\/uploads\/IMG_2455_900.jpg\" data-orig-size=\"593,890\" data-comments-opened=\"\" data-image-meta=\"{&quot;aperture&quot;:&quot;11&quot;,&quot;credit&quot;:&quot;PAUL ESCHBACH&quot;,&quot;camera&quot;:&quot;Canon EOS Kiss X6i&quot;,&quot;caption&quot;:&quot;&quot;,&quot;created_timestamp&quot;:&quot;1482682703&quot;,&quot;copyright&quot;:&quot;(C) DELTA IMAGE&quot;,&quot;focal_length&quot;:&quot;100&quot;,&quot;iso&quot;:&quot;200&quot;,&quot;shutter_speed&quot;:&quot;0.16666666666667&quot;,&quot;title&quot;:&quot;&quot;,&quot;orientation&quot;:&quot;0&quot;}\" data-image-title=\"IMG_2455_900\" data-image-description=\"\" data-medium-file=\"https:\/\/i0.wp.com\/deltaimage.de\/wp\/wp-content\/uploads\/IMG_2455_900.jpg?fit=200%2C300&#038;ssl=1\" data-large-file=\"https:\/\/i0.wp.com\/deltaimage.de\/wp\/wp-content\/uploads\/IMG_2455_900.jpg?fit=593%2C890&#038;ssl=1\" src=\"https:\/\/i0.wp.com\/deltaimage.de\/wp\/wp-content\/uploads\/IMG_2455_900.jpg?w=287&#038;h=431&#038;ssl=1\" srcset=\"https:\/\/i0.wp.com\/deltaimage.de\/wp\/wp-content\/uploads\/IMG_2455_900.jpg?w=593&amp;ssl=1 593w, https:\/\/i0.wp.com\/deltaimage.de\/wp\/wp-content\/uploads\/IMG_2455_900.jpg?resize=133%2C200&amp;ssl=1 133w, https:\/\/i0.wp.com\/deltaimage.de\/wp\/wp-content\/uploads\/IMG_2455_900.jpg?resize=200%2C300&amp;ssl=1 200w, https:\/\/i0.wp.com\/deltaimage.de\/wp\/wp-content\/uploads\/IMG_2455_900.jpg?resize=395%2C593&amp;ssl=1 395w, https:\/\/i0.wp.com\/deltaimage.de\/wp\/wp-content\/uploads\/IMG_2455_900.jpg?resize=300%2C450&amp;ssl=1 300w, https:\/\/i0.wp.com\/deltaimage.de\/wp\/wp-content\/uploads\/IMG_2455_900.jpg?resize=267%2C400&amp;ssl=1 267w\" width=\"287\" height=\"431\" loading=\"lazy\" data-original-width=\"287\" data-original-height=\"431\" itemprop=\"http:\/\/schema.org\/image\" title=\"IMG_2455_900\" alt=\"IMG_2455_900\" style=\"width: 287px; height: 431px;\" \/> <\/a> <\/div> <\/div> <!-- close group --> <\/div> <!-- close row --> <div class=\"gallery-row\" style=\"width: 890px; height: 408px;\" data-original-width=\"890\" data-original-height=\"408\" > <div class=\"gallery-group images-1\" style=\"width: 622px; height: 408px;\" data-original-width=\"622\" data-original-height=\"408\" > <div class=\"tiled-gallery-item tiled-gallery-item-large\" itemprop=\"associatedMedia\" itemscope itemtype=\"http:\/\/schema.org\/ImageObject\"> <a href=\"https:\/\/deltaimage.de\/wp\/?attachment_id=13451#main\" border=\"0\" itemprop=\"url\"> <meta itemprop=\"width\" content=\"618\"> <meta itemprop=\"height\" content=\"404\"> <img decoding=\"async\" class=\"\" data-attachment-id=\"13451\" data-orig-file=\"https:\/\/deltaimage.de\/wp\/wp-content\/uploads\/IMG_2451_900.jpg\" data-orig-size=\"890,582\" data-comments-opened=\"\" data-image-meta=\"{&quot;aperture&quot;:&quot;11&quot;,&quot;credit&quot;:&quot;PAUL ESCHBACH&quot;,&quot;camera&quot;:&quot;Canon EOS Kiss X6i&quot;,&quot;caption&quot;:&quot;&quot;,&quot;created_timestamp&quot;:&quot;1482676993&quot;,&quot;copyright&quot;:&quot;(C) DELTA IMAGE&quot;,&quot;focal_length&quot;:&quot;100&quot;,&quot;iso&quot;:&quot;200&quot;,&quot;shutter_speed&quot;:&quot;0.2&quot;,&quot;title&quot;:&quot;&quot;,&quot;orientation&quot;:&quot;0&quot;}\" data-image-title=\"IMG_2451_900\" data-image-description=\"\" data-medium-file=\"https:\/\/i0.wp.com\/deltaimage.de\/wp\/wp-content\/uploads\/IMG_2451_900.jpg?fit=300%2C196&#038;ssl=1\" data-large-file=\"https:\/\/i0.wp.com\/deltaimage.de\/wp\/wp-content\/uploads\/IMG_2451_900.jpg?fit=890%2C582&#038;ssl=1\" src=\"https:\/\/i0.wp.com\/deltaimage.de\/wp\/wp-content\/uploads\/IMG_2451_900.jpg?w=618&#038;h=404&#038;ssl=1\" srcset=\"https:\/\/i0.wp.com\/deltaimage.de\/wp\/wp-content\/uploads\/IMG_2451_900.jpg?w=890&amp;ssl=1 890w, https:\/\/i0.wp.com\/deltaimage.de\/wp\/wp-content\/uploads\/IMG_2451_900.jpg?resize=200%2C131&amp;ssl=1 200w, https:\/\/i0.wp.com\/deltaimage.de\/wp\/wp-content\/uploads\/IMG_2451_900.jpg?resize=300%2C196&amp;ssl=1 300w, https:\/\/i0.wp.com\/deltaimage.de\/wp\/wp-content\/uploads\/IMG_2451_900.jpg?resize=768%2C502&amp;ssl=1 768w, https:\/\/i0.wp.com\/deltaimage.de\/wp\/wp-content\/uploads\/IMG_2451_900.jpg?resize=688%2C450&amp;ssl=1 688w, https:\/\/i0.wp.com\/deltaimage.de\/wp\/wp-content\/uploads\/IMG_2451_900.jpg?resize=612%2C400&amp;ssl=1 612w\" width=\"618\" height=\"404\" loading=\"lazy\" data-original-width=\"618\" data-original-height=\"404\" itemprop=\"http:\/\/schema.org\/image\" title=\"IMG_2451_900\" alt=\"Mit dem MTB auf den gro\u00dfen Arber bei strahlend blauem Himmel: MINOX 35 analog\" style=\"width: 618px; height: 404px;\" \/> <\/a> <div class=\"tiled-gallery-caption\" itemprop=\"caption description\"> Mit dem MTB auf den gro\u00dfen Arber bei strahlend blauem Himmel: MINOX 35 analog <\/div> <\/div> <\/div> <!-- close group --> <div class=\"gallery-group images-1\" style=\"width: 268px; height: 408px;\" data-original-width=\"268\" data-original-height=\"408\" > <div class=\"tiled-gallery-item tiled-gallery-item-large\" itemprop=\"associatedMedia\" itemscope itemtype=\"http:\/\/schema.org\/ImageObject\"> <a href=\"https:\/\/deltaimage.de\/wp\/?attachment_id=13452#main\" border=\"0\" itemprop=\"url\"> <meta itemprop=\"width\" content=\"264\"> <meta itemprop=\"height\" content=\"404\"> <img decoding=\"async\" class=\"\" data-attachment-id=\"13452\" data-orig-file=\"https:\/\/deltaimage.de\/wp\/wp-content\/uploads\/IMG_2457_900b.jpg\" data-orig-size=\"582,890\" data-comments-opened=\"\" data-image-meta=\"{&quot;aperture&quot;:&quot;11&quot;,&quot;credit&quot;:&quot;PAUL ESCHBACH&quot;,&quot;camera&quot;:&quot;Canon EOS Kiss X6i&quot;,&quot;caption&quot;:&quot;&quot;,&quot;created_timestamp&quot;:&quot;1482682735&quot;,&quot;copyright&quot;:&quot;(C) DELTA IMAGE&quot;,&quot;focal_length&quot;:&quot;100&quot;,&quot;iso&quot;:&quot;200&quot;,&quot;shutter_speed&quot;:&quot;0.16666666666667&quot;,&quot;title&quot;:&quot;&quot;,&quot;orientation&quot;:&quot;0&quot;}\" data-image-title=\"IMG_2457_900b\" data-image-description=\"\" data-medium-file=\"https:\/\/i0.wp.com\/deltaimage.de\/wp\/wp-content\/uploads\/IMG_2457_900b.jpg?fit=196%2C300&#038;ssl=1\" data-large-file=\"https:\/\/i0.wp.com\/deltaimage.de\/wp\/wp-content\/uploads\/IMG_2457_900b.jpg?fit=582%2C890&#038;ssl=1\" src=\"https:\/\/i0.wp.com\/deltaimage.de\/wp\/wp-content\/uploads\/IMG_2457_900b.jpg?w=264&#038;h=404&#038;ssl=1\" srcset=\"https:\/\/i0.wp.com\/deltaimage.de\/wp\/wp-content\/uploads\/IMG_2457_900b.jpg?w=582&amp;ssl=1 582w, https:\/\/i0.wp.com\/deltaimage.de\/wp\/wp-content\/uploads\/IMG_2457_900b.jpg?resize=131%2C200&amp;ssl=1 131w, https:\/\/i0.wp.com\/deltaimage.de\/wp\/wp-content\/uploads\/IMG_2457_900b.jpg?resize=196%2C300&amp;ssl=1 196w, https:\/\/i0.wp.com\/deltaimage.de\/wp\/wp-content\/uploads\/IMG_2457_900b.jpg?resize=388%2C593&amp;ssl=1 388w, https:\/\/i0.wp.com\/deltaimage.de\/wp\/wp-content\/uploads\/IMG_2457_900b.jpg?resize=294%2C450&amp;ssl=1 294w, https:\/\/i0.wp.com\/deltaimage.de\/wp\/wp-content\/uploads\/IMG_2457_900b.jpg?resize=262%2C400&amp;ssl=1 262w\" width=\"264\" height=\"404\" loading=\"lazy\" data-original-width=\"264\" data-original-height=\"404\" itemprop=\"http:\/\/schema.org\/image\" title=\"IMG_2457_900b\" alt=\"Irgendwo im B\u00f6hmerwald auf der MTB Reise entlang der Moldau bis Prag. Analog\" style=\"width: 264px; height: 404px;\" \/> <\/a> <div class=\"tiled-gallery-caption\" itemprop=\"caption description\"> Irgendwo im B\u00f6hmerwald auf der MTB Reise entlang der Moldau bis Prag. Analog <\/div> <\/div> <\/div> <!-- close group --> <\/div> <!-- close row --> <div class=\"gallery-row\" style=\"width: 890px; height: 298px;\" data-original-width=\"890\" data-original-height=\"298\" > <div class=\"gallery-group images-1\" style=\"width: 445px; height: 298px;\" data-original-width=\"445\" data-original-height=\"298\" > <div class=\"tiled-gallery-item tiled-gallery-item-large\" itemprop=\"associatedMedia\" itemscope itemtype=\"http:\/\/schema.org\/ImageObject\"> <a href=\"https:\/\/deltaimage.de\/wp\/?attachment_id=13446#main\" border=\"0\" itemprop=\"url\"> <meta itemprop=\"width\" content=\"441\"> <meta itemprop=\"height\" content=\"294\"> <img decoding=\"async\" class=\"\" data-attachment-id=\"13446\" data-orig-file=\"https:\/\/deltaimage.de\/wp\/wp-content\/uploads\/IMG_1928_900.jpg\" data-orig-size=\"890,593\" data-comments-opened=\"\" data-image-meta=\"{&quot;aperture&quot;:&quot;13&quot;,&quot;credit&quot;:&quot;PAUL ESCHBACH&quot;,&quot;camera&quot;:&quot;Canon EOS Kiss X6i&quot;,&quot;caption&quot;:&quot;&quot;,&quot;created_timestamp&quot;:&quot;1482441544&quot;,&quot;copyright&quot;:&quot;(C) DELTA IMAGE&quot;,&quot;focal_length&quot;:&quot;100&quot;,&quot;iso&quot;:&quot;200&quot;,&quot;shutter_speed&quot;:&quot;0.2&quot;,&quot;title&quot;:&quot;&quot;,&quot;orientation&quot;:&quot;0&quot;}\" data-image-title=\"IMG_1928_900\" data-image-description=\"\" data-medium-file=\"https:\/\/i0.wp.com\/deltaimage.de\/wp\/wp-content\/uploads\/IMG_1928_900.jpg?fit=300%2C200&#038;ssl=1\" data-large-file=\"https:\/\/i0.wp.com\/deltaimage.de\/wp\/wp-content\/uploads\/IMG_1928_900.jpg?fit=890%2C593&#038;ssl=1\" src=\"https:\/\/i0.wp.com\/deltaimage.de\/wp\/wp-content\/uploads\/IMG_1928_900.jpg?w=441&#038;h=294&#038;ssl=1\" srcset=\"https:\/\/i0.wp.com\/deltaimage.de\/wp\/wp-content\/uploads\/IMG_1928_900.jpg?w=890&amp;ssl=1 890w, https:\/\/i0.wp.com\/deltaimage.de\/wp\/wp-content\/uploads\/IMG_1928_900.jpg?resize=200%2C133&amp;ssl=1 200w, https:\/\/i0.wp.com\/deltaimage.de\/wp\/wp-content\/uploads\/IMG_1928_900.jpg?resize=300%2C200&amp;ssl=1 300w, https:\/\/i0.wp.com\/deltaimage.de\/wp\/wp-content\/uploads\/IMG_1928_900.jpg?resize=768%2C512&amp;ssl=1 768w, https:\/\/i0.wp.com\/deltaimage.de\/wp\/wp-content\/uploads\/IMG_1928_900.jpg?resize=675%2C450&amp;ssl=1 675w, https:\/\/i0.wp.com\/deltaimage.de\/wp\/wp-content\/uploads\/IMG_1928_900.jpg?resize=600%2C400&amp;ssl=1 600w\" width=\"441\" height=\"294\" loading=\"lazy\" data-original-width=\"441\" data-original-height=\"294\" itemprop=\"http:\/\/schema.org\/image\" title=\"IMG_1928_900\" alt=\"Ende einer MTB Tour im Bayerischen Wald, Ich warte in Zwiesel auf die Waldbahn nach Hause. MINOX35 analog\" style=\"width: 441px; height: 294px;\" \/> <\/a> <div class=\"tiled-gallery-caption\" itemprop=\"caption description\"> Ende einer MTB Tour im Bayerischen Wald, Ich warte in Zwiesel auf die Waldbahn nach Hause. MINOX35 analog <\/div> <\/div> <\/div> <!-- close group --> <div class=\"gallery-group images-1\" style=\"width: 445px; height: 298px;\" data-original-width=\"445\" data-original-height=\"298\" > <div class=\"tiled-gallery-item tiled-gallery-item-large\" itemprop=\"associatedMedia\" itemscope itemtype=\"http:\/\/schema.org\/ImageObject\"> <a href=\"https:\/\/deltaimage.de\/wp\/?attachment_id=13445#main\" border=\"0\" itemprop=\"url\"> <meta itemprop=\"width\" content=\"441\"> <meta itemprop=\"height\" content=\"294\"> <img decoding=\"async\" class=\"\" data-attachment-id=\"13445\" data-orig-file=\"https:\/\/deltaimage.de\/wp\/wp-content\/uploads\/IMG_1939_900.jpg\" data-orig-size=\"890,593\" data-comments-opened=\"\" data-image-meta=\"{&quot;aperture&quot;:&quot;13&quot;,&quot;credit&quot;:&quot;PAUL ESCHBACH&quot;,&quot;camera&quot;:&quot;Canon EOS Kiss X6i&quot;,&quot;caption&quot;:&quot;&quot;,&quot;created_timestamp&quot;:&quot;1482441747&quot;,&quot;copyright&quot;:&quot;(C) DELTA IMAGE&quot;,&quot;focal_length&quot;:&quot;100&quot;,&quot;iso&quot;:&quot;200&quot;,&quot;shutter_speed&quot;:&quot;0.25&quot;,&quot;title&quot;:&quot;&quot;,&quot;orientation&quot;:&quot;0&quot;}\" data-image-title=\"IMG_1939_900\" data-image-description=\"\" data-medium-file=\"https:\/\/i0.wp.com\/deltaimage.de\/wp\/wp-content\/uploads\/IMG_1939_900.jpg?fit=300%2C200&#038;ssl=1\" data-large-file=\"https:\/\/i0.wp.com\/deltaimage.de\/wp\/wp-content\/uploads\/IMG_1939_900.jpg?fit=890%2C593&#038;ssl=1\" src=\"https:\/\/i0.wp.com\/deltaimage.de\/wp\/wp-content\/uploads\/IMG_1939_900.jpg?w=441&#038;h=294&#038;ssl=1\" srcset=\"https:\/\/i0.wp.com\/deltaimage.de\/wp\/wp-content\/uploads\/IMG_1939_900.jpg?w=890&amp;ssl=1 890w, https:\/\/i0.wp.com\/deltaimage.de\/wp\/wp-content\/uploads\/IMG_1939_900.jpg?resize=200%2C133&amp;ssl=1 200w, https:\/\/i0.wp.com\/deltaimage.de\/wp\/wp-content\/uploads\/IMG_1939_900.jpg?resize=300%2C200&amp;ssl=1 300w, https:\/\/i0.wp.com\/deltaimage.de\/wp\/wp-content\/uploads\/IMG_1939_900.jpg?resize=768%2C512&amp;ssl=1 768w, https:\/\/i0.wp.com\/deltaimage.de\/wp\/wp-content\/uploads\/IMG_1939_900.jpg?resize=675%2C450&amp;ssl=1 675w, https:\/\/i0.wp.com\/deltaimage.de\/wp\/wp-content\/uploads\/IMG_1939_900.jpg?resize=600%2C400&amp;ssl=1 600w\" width=\"441\" height=\"294\" loading=\"lazy\" data-original-width=\"441\" data-original-height=\"294\" itemprop=\"http:\/\/schema.org\/image\" title=\"IMG_1939_900\" alt=\"Erste MTB Tour 1992 zum Teufelssee in Tschechien. Alles war noch unbekannt und unsicher.: MINOX 35 analog\" style=\"width: 441px; height: 294px;\" \/> <\/a> <div class=\"tiled-gallery-caption\" itemprop=\"caption description\"> Erste MTB Tour 1992 zum Teufelssee in Tschechien. Alles war noch unbekannt und unsicher.: MINOX 35 analog <\/div> <\/div> <\/div> <!-- close group --> <\/div> <!-- close row --> <div class=\"gallery-row\" style=\"width: 890px; height: 762px;\" data-original-width=\"890\" data-original-height=\"762\" > <div class=\"gallery-group images-1\" style=\"width: 509px; height: 762px;\" data-original-width=\"509\" data-original-height=\"762\" > <div class=\"tiled-gallery-item tiled-gallery-item-large\" itemprop=\"associatedMedia\" itemscope itemtype=\"http:\/\/schema.org\/ImageObject\"> <a href=\"https:\/\/deltaimage.de\/wp\/?attachment_id=13438#main\" border=\"0\" itemprop=\"url\"> <meta itemprop=\"width\" content=\"505\"> <meta itemprop=\"height\" content=\"758\"> <img decoding=\"async\" class=\"\" data-attachment-id=\"13438\" data-orig-file=\"https:\/\/deltaimage.de\/wp\/wp-content\/uploads\/IMG_2568_900.jpg\" data-orig-size=\"593,890\" data-comments-opened=\"\" data-image-meta=\"{&quot;aperture&quot;:&quot;11&quot;,&quot;credit&quot;:&quot;PAUL ESCHBACH&quot;,&quot;camera&quot;:&quot;Canon EOS Kiss X6i&quot;,&quot;caption&quot;:&quot;&quot;,&quot;created_timestamp&quot;:&quot;1482684013&quot;,&quot;copyright&quot;:&quot;(C) DELTA IMAGE&quot;,&quot;focal_length&quot;:&quot;100&quot;,&quot;iso&quot;:&quot;200&quot;,&quot;shutter_speed&quot;:&quot;0.076923076923077&quot;,&quot;title&quot;:&quot;&quot;,&quot;orientation&quot;:&quot;0&quot;}\" data-image-title=\"IMG_2568_900\" data-image-description=\"\" data-medium-file=\"https:\/\/i0.wp.com\/deltaimage.de\/wp\/wp-content\/uploads\/IMG_2568_900.jpg?fit=200%2C300&#038;ssl=1\" data-large-file=\"https:\/\/i0.wp.com\/deltaimage.de\/wp\/wp-content\/uploads\/IMG_2568_900.jpg?fit=593%2C890&#038;ssl=1\" src=\"https:\/\/i0.wp.com\/deltaimage.de\/wp\/wp-content\/uploads\/IMG_2568_900.jpg?w=505&#038;h=758&#038;ssl=1\" srcset=\"https:\/\/i0.wp.com\/deltaimage.de\/wp\/wp-content\/uploads\/IMG_2568_900.jpg?w=593&amp;ssl=1 593w, https:\/\/i0.wp.com\/deltaimage.de\/wp\/wp-content\/uploads\/IMG_2568_900.jpg?resize=133%2C200&amp;ssl=1 133w, https:\/\/i0.wp.com\/deltaimage.de\/wp\/wp-content\/uploads\/IMG_2568_900.jpg?resize=200%2C300&amp;ssl=1 200w, https:\/\/i0.wp.com\/deltaimage.de\/wp\/wp-content\/uploads\/IMG_2568_900.jpg?resize=395%2C593&amp;ssl=1 395w, https:\/\/i0.wp.com\/deltaimage.de\/wp\/wp-content\/uploads\/IMG_2568_900.jpg?resize=300%2C450&amp;ssl=1 300w, https:\/\/i0.wp.com\/deltaimage.de\/wp\/wp-content\/uploads\/IMG_2568_900.jpg?resize=267%2C400&amp;ssl=1 267w\" width=\"505\" height=\"758\" loading=\"lazy\" data-original-width=\"505\" data-original-height=\"758\" itemprop=\"http:\/\/schema.org\/image\" title=\"IMG_2568_900\" alt=\"MTB Tour im Bayerischen Wald 1992 im herrlichen Abendlicht bei Zwieselerwaldhaus. Analog\" style=\"width: 505px; height: 758px;\" \/> <\/a> <div class=\"tiled-gallery-caption\" itemprop=\"caption description\"> MTB Tour im Bayerischen Wald 1992 im herrlichen Abendlicht bei Zwieselerwaldhaus. Analog <\/div> <\/div> <\/div> <!-- close group --> <div class=\"gallery-group images-3\" style=\"width: 381px; height: 762px;\" data-original-width=\"381\" data-original-height=\"762\" > <div class=\"tiled-gallery-item tiled-gallery-item-large\" itemprop=\"associatedMedia\" itemscope itemtype=\"http:\/\/schema.org\/ImageObject\"> <a href=\"https:\/\/deltaimage.de\/wp\/?attachment_id=13439#main\" border=\"0\" itemprop=\"url\"> <meta itemprop=\"width\" content=\"377\"> <meta itemprop=\"height\" content=\"252\"> <img decoding=\"async\" class=\"\" data-attachment-id=\"13439\" data-orig-file=\"https:\/\/deltaimage.de\/wp\/wp-content\/uploads\/IMG_2563_900.jpg\" data-orig-size=\"890,593\" data-comments-opened=\"\" data-image-meta=\"{&quot;aperture&quot;:&quot;11&quot;,&quot;credit&quot;:&quot;PAUL ESCHBACH&quot;,&quot;camera&quot;:&quot;Canon EOS Kiss X6i&quot;,&quot;caption&quot;:&quot;&quot;,&quot;created_timestamp&quot;:&quot;1482683943&quot;,&quot;copyright&quot;:&quot;(C) DELTA IMAGE&quot;,&quot;focal_length&quot;:&quot;100&quot;,&quot;iso&quot;:&quot;200&quot;,&quot;shutter_speed&quot;:&quot;0.16666666666667&quot;,&quot;title&quot;:&quot;&quot;,&quot;orientation&quot;:&quot;0&quot;}\" data-image-title=\"IMG_2563_900\" data-image-description=\"\" data-medium-file=\"https:\/\/i0.wp.com\/deltaimage.de\/wp\/wp-content\/uploads\/IMG_2563_900.jpg?fit=300%2C200&#038;ssl=1\" data-large-file=\"https:\/\/i0.wp.com\/deltaimage.de\/wp\/wp-content\/uploads\/IMG_2563_900.jpg?fit=890%2C593&#038;ssl=1\" src=\"https:\/\/i0.wp.com\/deltaimage.de\/wp\/wp-content\/uploads\/IMG_2563_900.jpg?w=377&#038;h=252&#038;ssl=1\" srcset=\"https:\/\/i0.wp.com\/deltaimage.de\/wp\/wp-content\/uploads\/IMG_2563_900.jpg?w=890&amp;ssl=1 890w, https:\/\/i0.wp.com\/deltaimage.de\/wp\/wp-content\/uploads\/IMG_2563_900.jpg?resize=200%2C133&amp;ssl=1 200w, https:\/\/i0.wp.com\/deltaimage.de\/wp\/wp-content\/uploads\/IMG_2563_900.jpg?resize=300%2C200&amp;ssl=1 300w, https:\/\/i0.wp.com\/deltaimage.de\/wp\/wp-content\/uploads\/IMG_2563_900.jpg?resize=768%2C512&amp;ssl=1 768w, https:\/\/i0.wp.com\/deltaimage.de\/wp\/wp-content\/uploads\/IMG_2563_900.jpg?resize=675%2C450&amp;ssl=1 675w, https:\/\/i0.wp.com\/deltaimage.de\/wp\/wp-content\/uploads\/IMG_2563_900.jpg?resize=600%2C400&amp;ssl=1 600w\" width=\"377\" height=\"252\" loading=\"lazy\" data-original-width=\"377\" data-original-height=\"252\" itemprop=\"http:\/\/schema.org\/image\" title=\"IMG_2563_900\" alt=\"MTB Tour im Bayerischen Wald 1992 am Ufer des kleinen Arbersees. Analog\" style=\"width: 377px; height: 252px;\" \/> <\/a> <div class=\"tiled-gallery-caption\" itemprop=\"caption description\"> MTB Tour im Bayerischen Wald 1992 am Ufer des kleinen Arbersees. Analog <\/div> <\/div> <div class=\"tiled-gallery-item tiled-gallery-item-large\" itemprop=\"associatedMedia\" itemscope itemtype=\"http:\/\/schema.org\/ImageObject\"> <a href=\"https:\/\/deltaimage.de\/wp\/?attachment_id=13433#main\" border=\"0\" itemprop=\"url\"> <meta itemprop=\"width\" content=\"377\"> <meta itemprop=\"height\" content=\"251\"> <img decoding=\"async\" class=\"\" data-attachment-id=\"13433\" data-orig-file=\"https:\/\/deltaimage.de\/wp\/wp-content\/uploads\/IMG_2660_900.jpg\" data-orig-size=\"890,593\" data-comments-opened=\"\" data-image-meta=\"{&quot;aperture&quot;:&quot;11&quot;,&quot;credit&quot;:&quot;PAUL ESCHBACH&quot;,&quot;camera&quot;:&quot;Canon EOS Kiss X6i&quot;,&quot;caption&quot;:&quot;&quot;,&quot;created_timestamp&quot;:&quot;1482744283&quot;,&quot;copyright&quot;:&quot;(C) DELTA IMAGE&quot;,&quot;focal_length&quot;:&quot;100&quot;,&quot;iso&quot;:&quot;200&quot;,&quot;shutter_speed&quot;:&quot;0.066666666666667&quot;,&quot;title&quot;:&quot;&quot;,&quot;orientation&quot;:&quot;0&quot;}\" data-image-title=\"IMG_2660_900\" data-image-description=\"\" data-medium-file=\"https:\/\/i0.wp.com\/deltaimage.de\/wp\/wp-content\/uploads\/IMG_2660_900.jpg?fit=300%2C200&#038;ssl=1\" data-large-file=\"https:\/\/i0.wp.com\/deltaimage.de\/wp\/wp-content\/uploads\/IMG_2660_900.jpg?fit=890%2C593&#038;ssl=1\" src=\"https:\/\/i0.wp.com\/deltaimage.de\/wp\/wp-content\/uploads\/IMG_2660_900.jpg?w=377&#038;h=251&#038;ssl=1\" srcset=\"https:\/\/i0.wp.com\/deltaimage.de\/wp\/wp-content\/uploads\/IMG_2660_900.jpg?w=890&amp;ssl=1 890w, https:\/\/i0.wp.com\/deltaimage.de\/wp\/wp-content\/uploads\/IMG_2660_900.jpg?resize=200%2C133&amp;ssl=1 200w, https:\/\/i0.wp.com\/deltaimage.de\/wp\/wp-content\/uploads\/IMG_2660_900.jpg?resize=300%2C200&amp;ssl=1 300w, https:\/\/i0.wp.com\/deltaimage.de\/wp\/wp-content\/uploads\/IMG_2660_900.jpg?resize=768%2C512&amp;ssl=1 768w, https:\/\/i0.wp.com\/deltaimage.de\/wp\/wp-content\/uploads\/IMG_2660_900.jpg?resize=675%2C450&amp;ssl=1 675w, https:\/\/i0.wp.com\/deltaimage.de\/wp\/wp-content\/uploads\/IMG_2660_900.jpg?resize=600%2C400&amp;ssl=1 600w\" width=\"377\" height=\"251\" loading=\"lazy\" data-original-width=\"377\" data-original-height=\"251\" itemprop=\"http:\/\/schema.org\/image\" title=\"IMG_2660_900\" alt=\"MTB Tour im Bayerischen Wald 1992, ich musste zwei mal \u00fcber den Brennessattel. Mit allem Gep\u00e4ck am kleinen Arbersee. Analog\" style=\"width: 377px; height: 251px;\" \/> <\/a> <div class=\"tiled-gallery-caption\" itemprop=\"caption description\"> MTB Tour im Bayerischen Wald 1992, ich musste zwei mal \u00fcber den Brennessattel. Mit allem Gep\u00e4ck am kleinen Arbersee. Analog <\/div> <\/div> <div class=\"tiled-gallery-item tiled-gallery-item-large\" itemprop=\"associatedMedia\" itemscope itemtype=\"http:\/\/schema.org\/ImageObject\"> <a href=\"https:\/\/deltaimage.de\/wp\/?attachment_id=13431#main\" border=\"0\" itemprop=\"url\"> <meta itemprop=\"width\" content=\"377\"> <meta itemprop=\"height\" content=\"247\"> <img decoding=\"async\" class=\"\" data-attachment-id=\"13431\" data-orig-file=\"https:\/\/deltaimage.de\/wp\/wp-content\/uploads\/IMG_8948_900.jpg\" data-orig-size=\"890,583\" data-comments-opened=\"\" data-image-meta=\"{&quot;aperture&quot;:&quot;11&quot;,&quot;credit&quot;:&quot;PAUL ESCHBACH&quot;,&quot;camera&quot;:&quot;Canon EOS Kiss X6i&quot;,&quot;caption&quot;:&quot;&quot;,&quot;created_timestamp&quot;:&quot;1485093857&quot;,&quot;copyright&quot;:&quot;(C) DELTA IMAGE&quot;,&quot;focal_length&quot;:&quot;180&quot;,&quot;iso&quot;:&quot;200&quot;,&quot;shutter_speed&quot;:&quot;0.025&quot;,&quot;title&quot;:&quot;&quot;,&quot;orientation&quot;:&quot;0&quot;}\" data-image-title=\"IMG_8948_900\" data-image-description=\"\" data-medium-file=\"https:\/\/i0.wp.com\/deltaimage.de\/wp\/wp-content\/uploads\/IMG_8948_900.jpg?fit=300%2C197&#038;ssl=1\" data-large-file=\"https:\/\/i0.wp.com\/deltaimage.de\/wp\/wp-content\/uploads\/IMG_8948_900.jpg?fit=890%2C583&#038;ssl=1\" src=\"https:\/\/i0.wp.com\/deltaimage.de\/wp\/wp-content\/uploads\/IMG_8948_900.jpg?w=377&#038;h=247&#038;ssl=1\" srcset=\"https:\/\/i0.wp.com\/deltaimage.de\/wp\/wp-content\/uploads\/IMG_8948_900.jpg?w=890&amp;ssl=1 890w, https:\/\/i0.wp.com\/deltaimage.de\/wp\/wp-content\/uploads\/IMG_8948_900.jpg?resize=200%2C131&amp;ssl=1 200w, https:\/\/i0.wp.com\/deltaimage.de\/wp\/wp-content\/uploads\/IMG_8948_900.jpg?resize=300%2C197&amp;ssl=1 300w, https:\/\/i0.wp.com\/deltaimage.de\/wp\/wp-content\/uploads\/IMG_8948_900.jpg?resize=768%2C503&amp;ssl=1 768w, https:\/\/i0.wp.com\/deltaimage.de\/wp\/wp-content\/uploads\/IMG_8948_900.jpg?resize=687%2C450&amp;ssl=1 687w, https:\/\/i0.wp.com\/deltaimage.de\/wp\/wp-content\/uploads\/IMG_8948_900.jpg?resize=611%2C400&amp;ssl=1 611w\" width=\"377\" height=\"247\" loading=\"lazy\" data-original-width=\"377\" data-original-height=\"247\" itemprop=\"http:\/\/schema.org\/image\" title=\"IMG_8948_900\" alt=\"Entlang des Isar Hochufers in M\u00fcnchen. Analog\" style=\"width: 377px; height: 247px;\" \/> <\/a> <div class=\"tiled-gallery-caption\" itemprop=\"caption description\"> Entlang des Isar Hochufers in M\u00fcnchen. Analog <\/div> <\/div> <\/div> <!-- close group --> <\/div> <!-- close row --> <div class=\"gallery-row\" style=\"width: 890px; height: 416px;\" data-original-width=\"890\" data-original-height=\"416\" > <div class=\"gallery-group images-1\" style=\"width: 622px; height: 416px;\" data-original-width=\"622\" data-original-height=\"416\" > <div class=\"tiled-gallery-item tiled-gallery-item-large\" itemprop=\"associatedMedia\" itemscope itemtype=\"http:\/\/schema.org\/ImageObject\"> <a href=\"https:\/\/deltaimage.de\/wp\/?attachment_id=13442#main\" border=\"0\" itemprop=\"url\"> <meta itemprop=\"width\" content=\"618\"> <meta itemprop=\"height\" content=\"412\"> <img decoding=\"async\" class=\"\" data-attachment-id=\"13442\" data-orig-file=\"https:\/\/deltaimage.de\/wp\/wp-content\/uploads\/IMG_2459_900.jpg\" data-orig-size=\"890,593\" data-comments-opened=\"\" data-image-meta=\"{&quot;aperture&quot;:&quot;11&quot;,&quot;credit&quot;:&quot;PAUL ESCHBACH&quot;,&quot;camera&quot;:&quot;Canon EOS Kiss X6i&quot;,&quot;caption&quot;:&quot;&quot;,&quot;created_timestamp&quot;:&quot;1482682756&quot;,&quot;copyright&quot;:&quot;(C) DELTA IMAGE&quot;,&quot;focal_length&quot;:&quot;100&quot;,&quot;iso&quot;:&quot;200&quot;,&quot;shutter_speed&quot;:&quot;0.16666666666667&quot;,&quot;title&quot;:&quot;&quot;,&quot;orientation&quot;:&quot;0&quot;}\" data-image-title=\"IMG_2459_900\" data-image-description=\"\" data-medium-file=\"https:\/\/i0.wp.com\/deltaimage.de\/wp\/wp-content\/uploads\/IMG_2459_900.jpg?fit=300%2C200&#038;ssl=1\" data-large-file=\"https:\/\/i0.wp.com\/deltaimage.de\/wp\/wp-content\/uploads\/IMG_2459_900.jpg?fit=890%2C593&#038;ssl=1\" src=\"https:\/\/i0.wp.com\/deltaimage.de\/wp\/wp-content\/uploads\/IMG_2459_900.jpg?w=618&#038;h=412&#038;ssl=1\" srcset=\"https:\/\/i0.wp.com\/deltaimage.de\/wp\/wp-content\/uploads\/IMG_2459_900.jpg?w=890&amp;ssl=1 890w, https:\/\/i0.wp.com\/deltaimage.de\/wp\/wp-content\/uploads\/IMG_2459_900.jpg?resize=200%2C133&amp;ssl=1 200w, https:\/\/i0.wp.com\/deltaimage.de\/wp\/wp-content\/uploads\/IMG_2459_900.jpg?resize=300%2C200&amp;ssl=1 300w, https:\/\/i0.wp.com\/deltaimage.de\/wp\/wp-content\/uploads\/IMG_2459_900.jpg?resize=768%2C512&amp;ssl=1 768w, https:\/\/i0.wp.com\/deltaimage.de\/wp\/wp-content\/uploads\/IMG_2459_900.jpg?resize=675%2C450&amp;ssl=1 675w, https:\/\/i0.wp.com\/deltaimage.de\/wp\/wp-content\/uploads\/IMG_2459_900.jpg?resize=600%2C400&amp;ssl=1 600w\" width=\"618\" height=\"412\" loading=\"lazy\" data-original-width=\"618\" data-original-height=\"412\" itemprop=\"http:\/\/schema.org\/image\" title=\"IMG_2459_900\" alt=\"Mit dem MTB auf Tour im Bayerischen Wald\" style=\"width: 618px; height: 412px;\" \/> <\/a> <div class=\"tiled-gallery-caption\" itemprop=\"caption description\"> Mit dem MTB auf Tour im Bayerischen Wald <\/div> <\/div> <\/div> <!-- close group --> <div class=\"gallery-group images-1\" style=\"width: 268px; height: 416px;\" data-original-width=\"268\" data-original-height=\"416\" > <div class=\"tiled-gallery-item tiled-gallery-item-large\" itemprop=\"associatedMedia\" itemscope itemtype=\"http:\/\/schema.org\/ImageObject\"> <a href=\"https:\/\/deltaimage.de\/wp\/?attachment_id=13450#main\" border=\"0\" itemprop=\"url\"> <meta itemprop=\"width\" content=\"264\"> <meta itemprop=\"height\" content=\"412\"> <img decoding=\"async\" class=\"\" data-attachment-id=\"13450\" data-orig-file=\"https:\/\/deltaimage.de\/wp\/wp-content\/uploads\/IMG_2565_900.jpg\" data-orig-size=\"571,890\" data-comments-opened=\"\" data-image-meta=\"{&quot;aperture&quot;:&quot;11&quot;,&quot;credit&quot;:&quot;PAUL ESCHBACH&quot;,&quot;camera&quot;:&quot;Canon EOS Kiss X6i&quot;,&quot;caption&quot;:&quot;&quot;,&quot;created_timestamp&quot;:&quot;1482683962&quot;,&quot;copyright&quot;:&quot;(C) DELTA IMAGE&quot;,&quot;focal_length&quot;:&quot;100&quot;,&quot;iso&quot;:&quot;200&quot;,&quot;shutter_speed&quot;:&quot;0.16666666666667&quot;,&quot;title&quot;:&quot;&quot;,&quot;orientation&quot;:&quot;0&quot;}\" data-image-title=\"IMG_2565_900\" data-image-description=\"\" data-medium-file=\"https:\/\/i0.wp.com\/deltaimage.de\/wp\/wp-content\/uploads\/IMG_2565_900.jpg?fit=192%2C300&#038;ssl=1\" data-large-file=\"https:\/\/i0.wp.com\/deltaimage.de\/wp\/wp-content\/uploads\/IMG_2565_900.jpg?fit=571%2C890&#038;ssl=1\" src=\"https:\/\/i0.wp.com\/deltaimage.de\/wp\/wp-content\/uploads\/IMG_2565_900.jpg?w=264&#038;h=412&#038;ssl=1\" srcset=\"https:\/\/i0.wp.com\/deltaimage.de\/wp\/wp-content\/uploads\/IMG_2565_900.jpg?w=571&amp;ssl=1 571w, https:\/\/i0.wp.com\/deltaimage.de\/wp\/wp-content\/uploads\/IMG_2565_900.jpg?resize=128%2C200&amp;ssl=1 128w, https:\/\/i0.wp.com\/deltaimage.de\/wp\/wp-content\/uploads\/IMG_2565_900.jpg?resize=192%2C300&amp;ssl=1 192w, https:\/\/i0.wp.com\/deltaimage.de\/wp\/wp-content\/uploads\/IMG_2565_900.jpg?resize=380%2C593&amp;ssl=1 380w, https:\/\/i0.wp.com\/deltaimage.de\/wp\/wp-content\/uploads\/IMG_2565_900.jpg?resize=289%2C450&amp;ssl=1 289w, https:\/\/i0.wp.com\/deltaimage.de\/wp\/wp-content\/uploads\/IMG_2565_900.jpg?resize=257%2C400&amp;ssl=1 257w\" width=\"264\" height=\"412\" loading=\"lazy\" data-original-width=\"264\" data-original-height=\"412\" itemprop=\"http:\/\/schema.org\/image\" title=\"IMG_2565_900\" alt=\"\u00dcberquerung des Bresses Sattels bei Regen 1991 in der gro\u00dfen MTV-Tour entlang des Bayerischen Waldes.: MINOX 25 analog\" style=\"width: 264px; height: 412px;\" \/> <\/a> <div class=\"tiled-gallery-caption\" itemprop=\"caption description\"> \u00dcberquerung des Bresses Sattels bei Regen 1991 in der gro\u00dfen MTV-Tour entlang des Bayerischen Waldes.: MINOX 25 analog <\/div> <\/div> <\/div> <!-- close group --> <\/div> <!-- close row --> <\/div>\r\n<p><!-- \/wp:paragraph -->\r\n\r\n<!-- wp:heading --><\/p>","protected":false},"excerpt":{"rendered":"<p>Am eigenen Geburtstag ist es eine gute M\u00f6glichkeit, auch mal einen Blick zur\u00fcckzuwerfen. Seit dem Jahr 1986 stehe ich meistens hinter der Kamera und fotografiere wie wild und auch andere [&hellip;]<\/p>\n","protected":false},"author":1,"featured_media":40675,"comment_status":"open","ping_status":"closed","sticky":false,"template":"","format":"standard","meta":{"wpupg_custom_link":[],"wpupg_custom_link_behaviour":["default"],"wpupg_custom_link_nofollow":["default"],"wpupg_custom_image":[],"wpupg_custom_image_id":[],"jetpack_post_was_ever_published":false,"footnotes":""},"categories":[861,8],"tags":[595,900,674,1240,67,3541,3542],"class_list":["post-40673","post","type-post","status-publish","format-standard","has-post-thumbnail","hentry","category-bayerwaldteam","category-news","tag-bayerischer-wald","tag-boehmerwald","tag-foto-sessner","tag-mtb","tag-paul-eschbach","tag-portrait","tag-sport-fotografie"],"jetpack_featured_media_url":"https:\/\/i0.wp.com\/deltaimage.de\/wp\/wp-content\/uploads\/Scan0001_1200.jpg?fit=1200%2C450&ssl=1","jetpack-related-posts":[{"id":18914,"url":"https:\/\/deltaimage.de\/wp\/?p=18914","url_meta":{"origin":40673,"position":0},"title":"Streetfotografie am Single-Trail am Fellhorn","author":"EschbacP","date":"18. Juni 2018","format":false,"excerpt":"Ein bestimmendes Thema bei den Fotografen sind die neuen Regelungen zum europ\u00e4ischen Datenschutz. Ein gro\u00dfes Ma\u00df an Verunsicherung herrscht sowohl bei den Profis als auch bei den Amateuren. \u00a0 Darf man jetzt noch so unbeschwert fotografieren wie fr\u00fcher? Ja und Nein. Es kommt darauf an. Auch fr\u00fcher war das Einverst\u00e4ndnis\u2026","rel":"","context":"In &quot;News Blog&quot;","block_context":{"text":"News Blog","link":"https:\/\/deltaimage.de\/wp\/?cat=8"},"img":{"alt_text":"","src":"https:\/\/i0.wp.com\/deltaimage.de\/wp\/wp-content\/uploads\/PE1S0695_1200.jpg?fit=1200%2C450&ssl=1&resize=350%2C200","width":350,"height":200,"srcset":"https:\/\/i0.wp.com\/deltaimage.de\/wp\/wp-content\/uploads\/PE1S0695_1200.jpg?fit=1200%2C450&ssl=1&resize=350%2C200 1x, https:\/\/i0.wp.com\/deltaimage.de\/wp\/wp-content\/uploads\/PE1S0695_1200.jpg?fit=1200%2C450&ssl=1&resize=525%2C300 1.5x, https:\/\/i0.wp.com\/deltaimage.de\/wp\/wp-content\/uploads\/PE1S0695_1200.jpg?fit=1200%2C450&ssl=1&resize=700%2C400 2x, https:\/\/i0.wp.com\/deltaimage.de\/wp\/wp-content\/uploads\/PE1S0695_1200.jpg?fit=1200%2C450&ssl=1&resize=1050%2C600 3x"},"classes":[]},{"id":36034,"url":"https:\/\/deltaimage.de\/wp\/?p=36034","url_meta":{"origin":40673,"position":1},"title":"Regen, Matsch, nasse Steine, steile Auf und Abfahrten &#8211; MTB Europameisterschaft im Olympiapark","author":"EschbacP","date":"20. August 2022","format":false,"excerpt":"Kaum eine Sportart in dem Portfolio, der European Championship Munich2022 kann, so gut mit Regen auf dem Parcours umgehen wie die Cross-Country-FahrerInnen mit ihren Mountainbikes. Die Meisterschaft wird auf dem Olympiagel\u00e4nde mit einer in die H\u00fcgel modellierten Strecke begangen. \u00a0 EM Munich2022 Finale der Frauen Die Sportdisziplinen werden sehr zuschauerfreundlich\u2026","rel":"","context":"In &quot;News Blog&quot;","block_context":{"text":"News Blog","link":"https:\/\/deltaimage.de\/wp\/?cat=8"},"img":{"alt_text":"","src":"https:\/\/i0.wp.com\/deltaimage.de\/wp\/wp-content\/uploads\/PE1D3857_1200.jpg?fit=1200%2C450&ssl=1&resize=350%2C200","width":350,"height":200,"srcset":"https:\/\/i0.wp.com\/deltaimage.de\/wp\/wp-content\/uploads\/PE1D3857_1200.jpg?fit=1200%2C450&ssl=1&resize=350%2C200 1x, https:\/\/i0.wp.com\/deltaimage.de\/wp\/wp-content\/uploads\/PE1D3857_1200.jpg?fit=1200%2C450&ssl=1&resize=525%2C300 1.5x, https:\/\/i0.wp.com\/deltaimage.de\/wp\/wp-content\/uploads\/PE1D3857_1200.jpg?fit=1200%2C450&ssl=1&resize=700%2C400 2x, https:\/\/i0.wp.com\/deltaimage.de\/wp\/wp-content\/uploads\/PE1D3857_1200.jpg?fit=1200%2C450&ssl=1&resize=1050%2C600 3x"},"classes":[]},{"id":36042,"url":"https:\/\/deltaimage.de\/wp\/?p=36042","url_meta":{"origin":40673,"position":2},"title":"MTB &#8211; European Championship MUNICH 2022 &#8211; Finale der Frauen","author":"EschbacP","date":"20. August 2022","format":false,"excerpt":"Jede Sportart hat ihr ganz spezifische \u00c4sthetik in den Bildern, als Fotograf bin ich auf der Suche nach diesen ganz charakteristischen Fotos, um mehr als nur den jeweiligen Event zu fotografieren. Sport bedeutet auch immer SportlerInnen und ihre k\u00f6rperliche und mentale Anspannung in allen Phasen des Sports. Gerade bei so\u2026","rel":"","context":"In &quot;News Blog&quot;","block_context":{"text":"News Blog","link":"https:\/\/deltaimage.de\/wp\/?cat=8"},"img":{"alt_text":"","src":"https:\/\/i0.wp.com\/deltaimage.de\/wp\/wp-content\/uploads\/PE1D4330_1200.jpg?fit=1200%2C450&ssl=1&resize=350%2C200","width":350,"height":200,"srcset":"https:\/\/i0.wp.com\/deltaimage.de\/wp\/wp-content\/uploads\/PE1D4330_1200.jpg?fit=1200%2C450&ssl=1&resize=350%2C200 1x, https:\/\/i0.wp.com\/deltaimage.de\/wp\/wp-content\/uploads\/PE1D4330_1200.jpg?fit=1200%2C450&ssl=1&resize=525%2C300 1.5x, https:\/\/i0.wp.com\/deltaimage.de\/wp\/wp-content\/uploads\/PE1D4330_1200.jpg?fit=1200%2C450&ssl=1&resize=700%2C400 2x, https:\/\/i0.wp.com\/deltaimage.de\/wp\/wp-content\/uploads\/PE1D4330_1200.jpg?fit=1200%2C450&ssl=1&resize=1050%2C600 3x"},"classes":[]},{"id":25520,"url":"https:\/\/deltaimage.de\/wp\/?p=25520","url_meta":{"origin":40673,"position":3},"title":"Einen Sommertag im Dachauer Moos im Juni genie\u00dfen &#8211; Zuhause in der Natur","author":"EschbacP","date":"27. Juni 2020","format":false,"excerpt":"Sommertag + Samstag + Juni = Ausflug in die Berge oder an die Seen Auch au\u00dferhalb der Coronazeiten ein kleines Martyrium mit garantiertem Stau in die Berge und Stau auch wieder zur\u00fcck. Zu viele Menschen wollen dieselbe Art an Freizeit \/ Erholung \/ Abenteuer \/ Sport - was auch immer\u2026","rel":"","context":"In &quot;Dachauer Land&quot;","block_context":{"text":"Dachauer Land","link":"https:\/\/deltaimage.de\/wp\/?cat=3010"},"img":{"alt_text":"","src":"https:\/\/i0.wp.com\/deltaimage.de\/wp\/wp-content\/uploads\/IMG_8789_1200.jpg?fit=1200%2C450&ssl=1&resize=350%2C200","width":350,"height":200,"srcset":"https:\/\/i0.wp.com\/deltaimage.de\/wp\/wp-content\/uploads\/IMG_8789_1200.jpg?fit=1200%2C450&ssl=1&resize=350%2C200 1x, https:\/\/i0.wp.com\/deltaimage.de\/wp\/wp-content\/uploads\/IMG_8789_1200.jpg?fit=1200%2C450&ssl=1&resize=525%2C300 1.5x, https:\/\/i0.wp.com\/deltaimage.de\/wp\/wp-content\/uploads\/IMG_8789_1200.jpg?fit=1200%2C450&ssl=1&resize=700%2C400 2x, https:\/\/i0.wp.com\/deltaimage.de\/wp\/wp-content\/uploads\/IMG_8789_1200.jpg?fit=1200%2C450&ssl=1&resize=1050%2C600 3x"},"classes":[]},{"id":40354,"url":"https:\/\/deltaimage.de\/wp\/?p=40354","url_meta":{"origin":40673,"position":4},"title":"Vogel-Flugbetrieb an den Seen im Dachauer Moos","author":"EschbacP","date":"22. Juni 2023","format":false,"excerpt":"Im Dachauer Moos sind viele Kies-Baggerseen durch den jahrzehntelangen Abbau von Kies der Schotterebene f\u00fcr den Bau von Infrastruktur im Umfeld von M\u00fcnchen entstanden. Eisenbahn, Rangierbahnhof, Autobahnen und Bundesstra\u00dfen - alle haben als manchmal t\u00fcrkisblaue Wasserfl\u00e4chen, Spuren in der Mooslandschaft hinterlassen. An den vielen Seen im Dachauer Moos herrscht jetzt\u2026","rel":"","context":"In &quot;Dachauer Land&quot;","block_context":{"text":"Dachauer Land","link":"https:\/\/deltaimage.de\/wp\/?cat=3010"},"img":{"alt_text":"","src":"https:\/\/i0.wp.com\/deltaimage.de\/wp\/wp-content\/uploads\/PE1D0251_1200.jpg?fit=1200%2C450&ssl=1&resize=350%2C200","width":350,"height":200,"srcset":"https:\/\/i0.wp.com\/deltaimage.de\/wp\/wp-content\/uploads\/PE1D0251_1200.jpg?fit=1200%2C450&ssl=1&resize=350%2C200 1x, https:\/\/i0.wp.com\/deltaimage.de\/wp\/wp-content\/uploads\/PE1D0251_1200.jpg?fit=1200%2C450&ssl=1&resize=525%2C300 1.5x, https:\/\/i0.wp.com\/deltaimage.de\/wp\/wp-content\/uploads\/PE1D0251_1200.jpg?fit=1200%2C450&ssl=1&resize=700%2C400 2x, https:\/\/i0.wp.com\/deltaimage.de\/wp\/wp-content\/uploads\/PE1D0251_1200.jpg?fit=1200%2C450&ssl=1&resize=1050%2C600 3x"},"classes":[]},{"id":40249,"url":"https:\/\/deltaimage.de\/wp\/?p=40249","url_meta":{"origin":40673,"position":5},"title":"\u00dcber den Streuwiesen im Dachauer Moos in diesem Sommer","author":"EschbacP","date":"4. Juni 2023","format":false,"excerpt":"Das Dachauer Moos wird zu gro\u00dfen Teilen als Streuwiesen in der Landwirtschaft genutzt. In Feld und Flur w\u00e4chst alles in den letzten Wochen bei durchgehendem Sonnenschein und mehreren Wochen Regen zuvor. An einem Sonntagnachmittag, wendet der Landwirt, mit seinem Traktor und Graswender, das frisch geschnittene, lange Gras. Das alleine ist\u2026","rel":"","context":"In &quot;Dachauer Moos&quot;","block_context":{"text":"Dachauer Moos","link":"https:\/\/deltaimage.de\/wp\/?cat=2523"},"img":{"alt_text":"","src":"https:\/\/i0.wp.com\/deltaimage.de\/wp\/wp-content\/uploads\/IMG_6825_1200.jpg?fit=1200%2C450&ssl=1&resize=350%2C200","width":350,"height":200,"srcset":"https:\/\/i0.wp.com\/deltaimage.de\/wp\/wp-content\/uploads\/IMG_6825_1200.jpg?fit=1200%2C450&ssl=1&resize=350%2C200 1x, https:\/\/i0.wp.com\/deltaimage.de\/wp\/wp-content\/uploads\/IMG_6825_1200.jpg?fit=1200%2C450&ssl=1&resize=525%2C300 1.5x, https:\/\/i0.wp.com\/deltaimage.de\/wp\/wp-content\/uploads\/IMG_6825_1200.jpg?fit=1200%2C450&ssl=1&resize=700%2C400 2x, https:\/\/i0.wp.com\/deltaimage.de\/wp\/wp-content\/uploads\/IMG_6825_1200.jpg?fit=1200%2C450&ssl=1&resize=1050%2C600 3x"},"classes":[]}],"jetpack_sharing_enabled":true,"_links":{"self":[{"href":"https:\/\/deltaimage.de\/wp\/index.php?rest_route=\/wp\/v2\/posts\/40673","targetHints":{"allow":["GET"]}}],"collection":[{"href":"https:\/\/deltaimage.de\/wp\/index.php?rest_route=\/wp\/v2\/posts"}],"about":[{"href":"https:\/\/deltaimage.de\/wp\/index.php?rest_route=\/wp\/v2\/types\/post"}],"author":[{"embeddable":true,"href":"https:\/\/deltaimage.de\/wp\/index.php?rest_route=\/wp\/v2\/users\/1"}],"replies":[{"embeddable":true,"href":"https:\/\/deltaimage.de\/wp\/index.php?rest_route=%2Fwp%2Fv2%2Fcomments&post=40673"}],"version-history":[{"count":13,"href":"https:\/\/deltaimage.de\/wp\/index.php?rest_route=\/wp\/v2\/posts\/40673\/revisions"}],"predecessor-version":[{"id":51585,"href":"https:\/\/deltaimage.de\/wp\/index.php?rest_route=\/wp\/v2\/posts\/40673\/revisions\/51585"}],"wp:featuredmedia":[{"embeddable":true,"href":"https:\/\/deltaimage.de\/wp\/index.php?rest_route=\/wp\/v2\/media\/40675"}],"wp:attachment":[{"href":"https:\/\/deltaimage.de\/wp\/index.php?rest_route=%2Fwp%2Fv2%2Fmedia&parent=40673"}],"wp:term":[{"taxonomy":"category","embeddable":true,"href":"https:\/\/deltaimage.de\/wp\/index.php?rest_route=%2Fwp%2Fv2%2Fcategories&post=40673"},{"taxonomy":"post_tag","embeddable":true,"href":"https:\/\/deltaimage.de\/wp\/index.php?rest_route=%2Fwp%2Fv2%2Ftags&post=40673"}],"curies":[{"name":"wp","href":"https:\/\/api.w.org\/{rel}","templated":true}]}}