{"id":42058,"date":"2023-12-02T14:33:13","date_gmt":"2023-12-02T13:33:13","guid":{"rendered":"https:\/\/deltaimage.de\/wp\/?p=42058"},"modified":"2025-08-23T20:27:44","modified_gmt":"2025-08-23T18:27:44","slug":"schneewanderung-und-meine-kamera","status":"publish","type":"post","link":"https:\/\/deltaimage.de\/wp\/?p=42058","title":{"rendered":"Schneewanderung und meine Kamera"},"content":{"rendered":"<p><a href=\"https:\/\/deltaimage.de\/wp\/?page_id=40118\"><img data-recalc-dims=\"1\" loading=\"lazy\" decoding=\"async\" data-attachment-id=\"40115\" data-permalink=\"https:\/\/deltaimage.de\/wp\/?attachment_id=40115#main\" data-orig-file=\"https:\/\/i0.wp.com\/deltaimage.de\/wp\/wp-content\/uploads\/Stempel_DELTA-IMAGE_Quality.png?fit=961%2C960&amp;ssl=1\" data-orig-size=\"961,960\" data-comments-opened=\"1\" data-image-meta=\"{&quot;aperture&quot;:&quot;0&quot;,&quot;credit&quot;:&quot;&quot;,&quot;camera&quot;:&quot;&quot;,&quot;caption&quot;:&quot;&quot;,&quot;created_timestamp&quot;:&quot;0&quot;,&quot;copyright&quot;:&quot;&quot;,&quot;focal_length&quot;:&quot;0&quot;,&quot;iso&quot;:&quot;0&quot;,&quot;shutter_speed&quot;:&quot;0&quot;,&quot;title&quot;:&quot;&quot;,&quot;orientation&quot;:&quot;0&quot;}\" data-image-title=\"Stempel_DELTA IMAGE_Quality\" data-image-description=\"\" data-image-caption=\"\" data-large-file=\"https:\/\/i0.wp.com\/deltaimage.de\/wp\/wp-content\/uploads\/Stempel_DELTA-IMAGE_Quality.png?fit=890%2C889&amp;ssl=1\" class=\"alignright wp-image-40115 size-thumbnail\" src=\"https:\/\/i0.wp.com\/deltaimage.de\/wp\/wp-content\/uploads\/Stempel_DELTA-IMAGE_Quality.png?resize=200%2C200&#038;ssl=1\" alt=\"\" width=\"200\" height=\"200\" srcset=\"https:\/\/i0.wp.com\/deltaimage.de\/wp\/wp-content\/uploads\/Stempel_DELTA-IMAGE_Quality.png?resize=200%2C200&amp;ssl=1 200w, https:\/\/i0.wp.com\/deltaimage.de\/wp\/wp-content\/uploads\/Stempel_DELTA-IMAGE_Quality.png?resize=601%2C600&amp;ssl=1 601w, https:\/\/i0.wp.com\/deltaimage.de\/wp\/wp-content\/uploads\/Stempel_DELTA-IMAGE_Quality.png?resize=594%2C593&amp;ssl=1 594w, https:\/\/i0.wp.com\/deltaimage.de\/wp\/wp-content\/uploads\/Stempel_DELTA-IMAGE_Quality.png?resize=450%2C450&amp;ssl=1 450w, https:\/\/i0.wp.com\/deltaimage.de\/wp\/wp-content\/uploads\/Stempel_DELTA-IMAGE_Quality.png?resize=75%2C75&amp;ssl=1 75w, https:\/\/i0.wp.com\/deltaimage.de\/wp\/wp-content\/uploads\/Stempel_DELTA-IMAGE_Quality.png?resize=400%2C400&amp;ssl=1 400w, https:\/\/i0.wp.com\/deltaimage.de\/wp\/wp-content\/uploads\/Stempel_DELTA-IMAGE_Quality.png?resize=50%2C50&amp;ssl=1 50w, https:\/\/i0.wp.com\/deltaimage.de\/wp\/wp-content\/uploads\/Stempel_DELTA-IMAGE_Quality.png?w=961&amp;ssl=1 961w\" sizes=\"auto, (max-width: 200px) 100vw, 200px\" \/><\/a><\/p>\r\n\r\n<p>Die Witterung und die Niederschl\u00e4ge machen auch vor der Kamera-Ausr\u00fcstung nicht Halt und schlagen sich auf ihr nieder. Im Fall von Regen ist das wenig sch\u00f6n. Im Fall von Schnee und Eis entstehen zusammen mit den Niederschl\u00e4gen auf der Kamera-Ausr\u00fcstung wieder selbst ein Bildmotiv, welches die Geschichte dieses Ausfluges oder Wanderung weiter erz\u00e4hlen kann.<\/p>\r\n<p>Schon am <strong>Gro\u00dfen Arber<\/strong> im <strong>Bayerischen Wald<\/strong> auf 1.456 m waren unsere Kameras unser den harten Wetterbedingungen im <strong>Arberwinter<\/strong> ein Fotomotiv selbst.<\/p>\r\n<p>So auch heute in meiner Schneewanderung an der <strong>Amper<\/strong> und <strong>Amperaue<\/strong>.<\/p>\r\n\r\n\r\n\r\n<p><img data-recalc-dims=\"1\" loading=\"lazy\" decoding=\"async\" data-attachment-id=\"50463\" data-permalink=\"https:\/\/deltaimage.de\/wp\/?attachment_id=50463#main\" data-orig-file=\"https:\/\/i0.wp.com\/deltaimage.de\/wp\/wp-content\/uploads\/1701528710821_900.jpg?fit=890%2C668&amp;ssl=1\" data-orig-size=\"890,668\" data-comments-opened=\"1\" data-image-meta=\"{&quot;aperture&quot;:&quot;0&quot;,&quot;credit&quot;:&quot;&quot;,&quot;camera&quot;:&quot;&quot;,&quot;caption&quot;:&quot;&quot;,&quot;created_timestamp&quot;:&quot;0&quot;,&quot;copyright&quot;:&quot;&quot;,&quot;focal_length&quot;:&quot;0&quot;,&quot;iso&quot;:&quot;0&quot;,&quot;shutter_speed&quot;:&quot;0&quot;,&quot;title&quot;:&quot;&quot;,&quot;orientation&quot;:&quot;0&quot;}\" data-image-title=\"1701528710821_900\" data-image-description=\"\" data-image-caption=\"\" data-large-file=\"https:\/\/i0.wp.com\/deltaimage.de\/wp\/wp-content\/uploads\/1701528710821_900.jpg?fit=890%2C668&amp;ssl=1\" class=\"aligncenter size-full wp-image-50463\" src=\"https:\/\/i0.wp.com\/deltaimage.de\/wp\/wp-content\/uploads\/1701528710821_900.jpg?resize=890%2C668&#038;ssl=1\" alt=\"\" width=\"890\" height=\"668\" srcset=\"https:\/\/i0.wp.com\/deltaimage.de\/wp\/wp-content\/uploads\/1701528710821_900.jpg?w=890&amp;ssl=1 890w, https:\/\/i0.wp.com\/deltaimage.de\/wp\/wp-content\/uploads\/1701528710821_900.jpg?resize=799%2C600&amp;ssl=1 799w, https:\/\/i0.wp.com\/deltaimage.de\/wp\/wp-content\/uploads\/1701528710821_900.jpg?resize=266%2C200&amp;ssl=1 266w, https:\/\/i0.wp.com\/deltaimage.de\/wp\/wp-content\/uploads\/1701528710821_900.jpg?resize=533%2C400&amp;ssl=1 533w\" sizes=\"auto, (max-width: 890px) 100vw, 890px\" \/><\/p>\r\n\r\n\r\n\r\n<p>Die hochwertige und etwas in die Jahre gekommene Profikamera ist hochwertig gegen Wasser und Schnee abgeh\u00e4rtet. Das Objektiv der Canon L-Serie ebenso.<\/p>\r\n\r\n\r\n\r\n<p><!--more--><\/p>\r\n<p>&nbsp;<\/p>\r\n\r\n\r\n\r\n<h2>Auf dem R\u00fcckweg zeigt sich Schnee und Eis<\/h2>\r\n\r\n\r\n\r\n<p>Weniger ist manchmal mehr, die Schneewanderung wird anstrengend werden, so beschr\u00e4nke ich meine Ausr\u00fcstung auf das Notwendige.<\/p>\r\n\r\n\r\n\r\n<ul>\r\n<li>Die Digitalkamera <strong>EOS 1Ds Mark III<\/strong> ist hervorragend gegen Feuchtigkeit, Wasser und Schnee gesch\u00fctzt.<\/li>\r\n<li>\r\n\r\nDas <strong>EF 24-105 f\/4.0 IS<\/strong> reicht vollkommen aus, nur keinen unn\u00f6tigen Objektivwechsel. Ein Weitwinkel mit 24 mm Vollformat, bis zum leichten Tele mit 105 mm, mit Bildstabilisierung &#8211; mehr ist nicht notwendig bei diesem Wetter.<\/li>\r\n<li>Das wichtigste Teil ist der <strong>Systemblitz<\/strong>, um die Schneeflocken anblitzen zu k\u00f6nnen. So werden diese kleinen Flocken als gro\u00dfe Unsch\u00e4rfekreise Bildwirkung und zeigen so die Atmosph\u00e4re des Tages mit den Mitteln der Fotografie.<\/li>\r\n<\/ul>\r\n<p>&nbsp;<\/p>\r\n<h2>Schneeflocken als Unsch\u00e4rfescheiben im Bild<\/h2>\r\n<p>Der Systemblitz beleuchtet dabei die Schneeflocken in unmittelbarer N\u00e4he zum Objektiv. Die Reflexion des Blitzlichtes der Schneeflocke ist im Unsch\u00e4rfebereich, die Schneeflocken in unmittelbarer N\u00e4he zur Kamera bekommen das meiste Licht ab und sind am meisten Bild wirksam auf dem Bildmotiv.<\/p>\r\n<p><img data-recalc-dims=\"1\" loading=\"lazy\" decoding=\"async\" data-attachment-id=\"42069\" data-permalink=\"https:\/\/deltaimage.de\/wp\/?attachment_id=42069#main\" data-orig-file=\"https:\/\/i0.wp.com\/deltaimage.de\/wp\/wp-content\/uploads\/PE1S3210_900.jpg?fit=890%2C593&amp;ssl=1\" data-orig-size=\"890,593\" data-comments-opened=\"1\" data-image-meta=\"{&quot;aperture&quot;:&quot;7.1&quot;,&quot;credit&quot;:&quot;Paul Eschbach&quot;,&quot;camera&quot;:&quot;Canon EOS-1Ds Mark III&quot;,&quot;caption&quot;:&quot;&quot;,&quot;created_timestamp&quot;:&quot;1701521741&quot;,&quot;copyright&quot;:&quot;&quot;,&quot;focal_length&quot;:&quot;28&quot;,&quot;iso&quot;:&quot;200&quot;,&quot;shutter_speed&quot;:&quot;0.004&quot;,&quot;title&quot;:&quot;&quot;,&quot;orientation&quot;:&quot;0&quot;}\" data-image-title=\"PE1S3210_900\" data-image-description=\"\" data-image-caption=\"\" data-large-file=\"https:\/\/i0.wp.com\/deltaimage.de\/wp\/wp-content\/uploads\/PE1S3210_900.jpg?fit=890%2C593&amp;ssl=1\" class=\"aligncenter size-full wp-image-42069\" src=\"https:\/\/i0.wp.com\/deltaimage.de\/wp\/wp-content\/uploads\/PE1S3210_900.jpg?resize=890%2C593&#038;ssl=1\" alt=\"\" width=\"890\" height=\"593\" srcset=\"https:\/\/i0.wp.com\/deltaimage.de\/wp\/wp-content\/uploads\/PE1S3210_900.jpg?w=890&amp;ssl=1 890w, https:\/\/i0.wp.com\/deltaimage.de\/wp\/wp-content\/uploads\/PE1S3210_900.jpg?resize=300%2C200&amp;ssl=1 300w, https:\/\/i0.wp.com\/deltaimage.de\/wp\/wp-content\/uploads\/PE1S3210_900.jpg?resize=600%2C400&amp;ssl=1 600w, https:\/\/i0.wp.com\/deltaimage.de\/wp\/wp-content\/uploads\/PE1S3210_900.jpg?resize=200%2C133&amp;ssl=1 200w\" sizes=\"auto, (max-width: 890px) 100vw, 890px\" \/><\/p>\r\n\r\n\r\n\r\n\r\n\r\n<p>In diesem Bild sind sehr viele Schneeflocken zu sehen, die Stimmung eines Wintertages mit Schneefall wird so viel eindringlicher vermittelt, als ohne die Foto-Technik.<\/p>\r\n<p>&nbsp;<\/p>\r\n<h2>Schauen wir uns ein Vergleichsmotiv mit und ohne Blitz an<\/h2>\r\n<p>Das folgende Bildmotiv habe ich einmal mit dem Systemblitz angeblitzt (Rechts) und einmal ohne (Links).<\/p>\r\n<div class=\"su-row\"><div class=\"su-column su-column-size-1-2\"><div class=\"su-column-inner su-u-clearfix su-u-trim\">\r\n<h2 style=\"text-align: center;\">Ohne Systemblitz<\/h2>\r\n<p><img data-recalc-dims=\"1\" loading=\"lazy\" decoding=\"async\" data-attachment-id=\"42092\" data-permalink=\"https:\/\/deltaimage.de\/wp\/?attachment_id=42092#main\" data-orig-file=\"https:\/\/i0.wp.com\/deltaimage.de\/wp\/wp-content\/uploads\/PE1S3162_900.jpg?fit=593%2C890&amp;ssl=1\" data-orig-size=\"593,890\" data-comments-opened=\"1\" data-image-meta=\"{&quot;aperture&quot;:&quot;5.6&quot;,&quot;credit&quot;:&quot;Paul Eschbach&quot;,&quot;camera&quot;:&quot;Canon EOS-1Ds Mark III&quot;,&quot;caption&quot;:&quot;&quot;,&quot;created_timestamp&quot;:&quot;1701516891&quot;,&quot;copyright&quot;:&quot;&quot;,&quot;focal_length&quot;:&quot;105&quot;,&quot;iso&quot;:&quot;200&quot;,&quot;shutter_speed&quot;:&quot;0.005&quot;,&quot;title&quot;:&quot;&quot;,&quot;orientation&quot;:&quot;0&quot;}\" data-image-title=\"PE1S3162_900\" data-image-description=\"\" data-image-caption=\"\" data-large-file=\"https:\/\/i0.wp.com\/deltaimage.de\/wp\/wp-content\/uploads\/PE1S3162_900.jpg?fit=593%2C890&amp;ssl=1\" class=\"aligncenter size-full wp-image-42092\" src=\"https:\/\/i0.wp.com\/deltaimage.de\/wp\/wp-content\/uploads\/PE1S3162_900.jpg?resize=593%2C890&#038;ssl=1\" alt=\"\" width=\"593\" height=\"890\" srcset=\"https:\/\/i0.wp.com\/deltaimage.de\/wp\/wp-content\/uploads\/PE1S3162_900.jpg?w=593&amp;ssl=1 593w, https:\/\/i0.wp.com\/deltaimage.de\/wp\/wp-content\/uploads\/PE1S3162_900.jpg?resize=400%2C600&amp;ssl=1 400w, https:\/\/i0.wp.com\/deltaimage.de\/wp\/wp-content\/uploads\/PE1S3162_900.jpg?resize=133%2C200&amp;ssl=1 133w, https:\/\/i0.wp.com\/deltaimage.de\/wp\/wp-content\/uploads\/PE1S3162_900.jpg?resize=267%2C400&amp;ssl=1 267w\" sizes=\"auto, (max-width: 593px) 100vw, 593px\" \/><\/p>\r\n<\/div><\/div> <div class=\"su-column su-column-size-1-2\"><div class=\"su-column-inner su-u-clearfix su-u-trim\">\r\n<h2 style=\"text-align: center;\">Mit Systemblitz<\/h2>\r\n<p><img data-recalc-dims=\"1\" loading=\"lazy\" decoding=\"async\" data-attachment-id=\"42091\" data-permalink=\"https:\/\/deltaimage.de\/wp\/?attachment_id=42091#main\" data-orig-file=\"https:\/\/i0.wp.com\/deltaimage.de\/wp\/wp-content\/uploads\/PE1S3163_900.jpg?fit=593%2C890&amp;ssl=1\" data-orig-size=\"593,890\" data-comments-opened=\"1\" data-image-meta=\"{&quot;aperture&quot;:&quot;5.6&quot;,&quot;credit&quot;:&quot;Paul Eschbach&quot;,&quot;camera&quot;:&quot;Canon EOS-1Ds Mark III&quot;,&quot;caption&quot;:&quot;&quot;,&quot;created_timestamp&quot;:&quot;1701516949&quot;,&quot;copyright&quot;:&quot;&quot;,&quot;focal_length&quot;:&quot;85&quot;,&quot;iso&quot;:&quot;200&quot;,&quot;shutter_speed&quot;:&quot;0.00625&quot;,&quot;title&quot;:&quot;&quot;,&quot;orientation&quot;:&quot;0&quot;}\" data-image-title=\"PE1S3163_900\" data-image-description=\"\" data-image-caption=\"\" data-large-file=\"https:\/\/i0.wp.com\/deltaimage.de\/wp\/wp-content\/uploads\/PE1S3163_900.jpg?fit=593%2C890&amp;ssl=1\" class=\"aligncenter size-full wp-image-42091\" src=\"https:\/\/i0.wp.com\/deltaimage.de\/wp\/wp-content\/uploads\/PE1S3163_900.jpg?resize=593%2C890&#038;ssl=1\" alt=\"\" width=\"593\" height=\"890\" srcset=\"https:\/\/i0.wp.com\/deltaimage.de\/wp\/wp-content\/uploads\/PE1S3163_900.jpg?w=593&amp;ssl=1 593w, https:\/\/i0.wp.com\/deltaimage.de\/wp\/wp-content\/uploads\/PE1S3163_900.jpg?resize=400%2C600&amp;ssl=1 400w, https:\/\/i0.wp.com\/deltaimage.de\/wp\/wp-content\/uploads\/PE1S3163_900.jpg?resize=133%2C200&amp;ssl=1 133w, https:\/\/i0.wp.com\/deltaimage.de\/wp\/wp-content\/uploads\/PE1S3163_900.jpg?resize=267%2C400&amp;ssl=1 267w\" sizes=\"auto, (max-width: 593px) 100vw, 593px\" \/><\/div><\/div> <\/div>\r\n<blockquote>\r\n<pre>Sehen Sie den Unterschied im Bild und in der Bildwirkung?<\/pre>\r\n<\/blockquote>\r\n<p>Das Bild rechts erz\u00e4hlt vielmehr eine Geschichte eines Wintertages mit Schneefall und den fotografischen Eindr\u00fccke in dieser Winterlandschaft. Im Bild Links fehlen diese Eindr\u00fccke und damit auch diese Teile dieser Geschichte.<\/p>\r\n<p>&nbsp;<\/p>\r\n","protected":false},"excerpt":{"rendered":"<p>Die Witterung und die Niederschl\u00e4ge machen auch vor der Kamera-Ausr\u00fcstung nicht Halt und schlagen sich auf ihr nieder. Im Fall von Regen ist das wenig sch\u00f6n. Im Fall von Schnee [&hellip;]<\/p>\n","protected":false},"author":1,"featured_media":42070,"comment_status":"open","ping_status":"closed","sticky":false,"template":"","format":"standard","meta":{"wpupg_custom_link":[],"wpupg_custom_link_behaviour":["default"],"wpupg_custom_link_nofollow":["default"],"wpupg_custom_image":[],"wpupg_custom_image_id":[],"jetpack_post_was_ever_published":false,"footnotes":""},"categories":[2523,8],"tags":[464,775,3661,541,452],"class_list":["post-42058","post","type-post","status-publish","format-standard","has-post-thumbnail","hentry","category-dachauer-moos","category-news","tag-amper","tag-dachauer-moos","tag-eos-1ds-mark-iii","tag-schnee","tag-winter"],"jetpack_featured_media_url":"https:\/\/i0.wp.com\/deltaimage.de\/wp\/wp-content\/uploads\/PE1S3207_1200.jpg?fit=1200%2C450&ssl=1","jetpack-related-posts":[{"id":27175,"url":"https:\/\/deltaimage.de\/wp\/?p=27175","url_meta":{"origin":42058,"position":0},"title":"Im Dachauer Moos &#8211; an der Amper &#8211; sitzt unerwartet ein Eisvogel","author":"EschbacP","date":"9. Januar 2021","format":false,"excerpt":"Die gr\u00f6\u00dften \u00dcberraschungen kommen meist, wenn man am wenigsten damit rechnet. \u00a0 Einen Spaziergang an der winterlichen Amper sollte es sein nach vielen Tagen im Hause verbracht, durfte es an einem winterlichen Nachmittag mal wieder ein Spaziergang mit Kamera an der Amper bis zum G\u00fcndinger Wehr sein. Auf dem R\u00fcckweg\u2026","rel":"","context":"In &quot;Dachauer Land&quot;","block_context":{"text":"Dachauer Land","link":"https:\/\/deltaimage.de\/wp\/?cat=3010"},"img":{"alt_text":"","src":"https:\/\/i0.wp.com\/deltaimage.de\/wp\/wp-content\/uploads\/IMG_6068_1200.jpg?fit=1200%2C450&ssl=1&resize=350%2C200","width":350,"height":200,"srcset":"https:\/\/i0.wp.com\/deltaimage.de\/wp\/wp-content\/uploads\/IMG_6068_1200.jpg?fit=1200%2C450&ssl=1&resize=350%2C200 1x, https:\/\/i0.wp.com\/deltaimage.de\/wp\/wp-content\/uploads\/IMG_6068_1200.jpg?fit=1200%2C450&ssl=1&resize=525%2C300 1.5x, https:\/\/i0.wp.com\/deltaimage.de\/wp\/wp-content\/uploads\/IMG_6068_1200.jpg?fit=1200%2C450&ssl=1&resize=700%2C400 2x, https:\/\/i0.wp.com\/deltaimage.de\/wp\/wp-content\/uploads\/IMG_6068_1200.jpg?fit=1200%2C450&ssl=1&resize=1050%2C600 3x"},"classes":[]},{"id":43113,"url":"https:\/\/deltaimage.de\/wp\/?p=43113","url_meta":{"origin":42058,"position":1},"title":"30 Jahre Fotografie im Dachauer Moos &#8211; Paul Eschbach","author":"EschbacP","date":"19. Juli 2024","format":false,"excerpt":"In den 40 Jahren, in denen ich nun ernsthaft (?) fotografiere, hat sich sehr viel - nein - eigentlich alles ver\u00e4ndert. Aber der Reihe nach. Zum Fotografieren habe ich im M\u00e4rz 1986 begonnen - als blutiger Anf\u00e4nger mit einer ganz einfachen Ausr\u00fcstung. Wir fotografierten damals auf Negativfilm, das war sehr\u2026","rel":"","context":"In &quot;Dachauer Land&quot;","block_context":{"text":"Dachauer Land","link":"https:\/\/deltaimage.de\/wp\/?cat=3010"},"img":{"alt_text":"","src":"https:\/\/i0.wp.com\/deltaimage.de\/wp\/wp-content\/uploads\/IMG_20221217_160016_1200.jpg?fit=1200%2C450&ssl=1&resize=350%2C200","width":350,"height":200,"srcset":"https:\/\/i0.wp.com\/deltaimage.de\/wp\/wp-content\/uploads\/IMG_20221217_160016_1200.jpg?fit=1200%2C450&ssl=1&resize=350%2C200 1x, https:\/\/i0.wp.com\/deltaimage.de\/wp\/wp-content\/uploads\/IMG_20221217_160016_1200.jpg?fit=1200%2C450&ssl=1&resize=525%2C300 1.5x, https:\/\/i0.wp.com\/deltaimage.de\/wp\/wp-content\/uploads\/IMG_20221217_160016_1200.jpg?fit=1200%2C450&ssl=1&resize=700%2C400 2x, https:\/\/i0.wp.com\/deltaimage.de\/wp\/wp-content\/uploads\/IMG_20221217_160016_1200.jpg?fit=1200%2C450&ssl=1&resize=1050%2C600 3x"},"classes":[]},{"id":38429,"url":"https:\/\/deltaimage.de\/wp\/?p=38429","url_meta":{"origin":42058,"position":2},"title":"Schnee im Dachauer Moos vor Weihnachten","author":"EschbacP","date":"31. Dezember 2022","format":false,"excerpt":"Bis eine Woche vor Weihnachten hatte es mit dem Schnee noch geklappt. Dann schmolz der wei\u00dfe aber rapide in den Tagen vor Weihnachten dahin. Schauen wir uns das Dachauer Moos im Winterkleid, unter Schnee und Eis, genauer an. Die B\u00e4ume und B\u00fcsche in den W\u00e4ldern der Amper Auen sind \u00fcber\u2026","rel":"","context":"In &quot;Dachauer Land&quot;","block_context":{"text":"Dachauer Land","link":"https:\/\/deltaimage.de\/wp\/?cat=3010"},"img":{"alt_text":"","src":"https:\/\/i0.wp.com\/deltaimage.de\/wp\/wp-content\/uploads\/PE1S1734_1200.jpg?fit=1200%2C450&ssl=1&resize=350%2C200","width":350,"height":200,"srcset":"https:\/\/i0.wp.com\/deltaimage.de\/wp\/wp-content\/uploads\/PE1S1734_1200.jpg?fit=1200%2C450&ssl=1&resize=350%2C200 1x, https:\/\/i0.wp.com\/deltaimage.de\/wp\/wp-content\/uploads\/PE1S1734_1200.jpg?fit=1200%2C450&ssl=1&resize=525%2C300 1.5x, https:\/\/i0.wp.com\/deltaimage.de\/wp\/wp-content\/uploads\/PE1S1734_1200.jpg?fit=1200%2C450&ssl=1&resize=700%2C400 2x, https:\/\/i0.wp.com\/deltaimage.de\/wp\/wp-content\/uploads\/PE1S1734_1200.jpg?fit=1200%2C450&ssl=1&resize=1050%2C600 3x"},"classes":[]},{"id":40418,"url":"https:\/\/deltaimage.de\/wp\/?p=40418","url_meta":{"origin":42058,"position":3},"title":"Ein leuchtend blauer Edelstein fliegt knapp \u00fcber der Wasseroberfl\u00e4che vorbei &#8230;","author":"EschbacP","date":"30. Juni 2023","format":false,"excerpt":"... im Augenwinkel. Klein, schnell und (schon) weit entfernt.\u00a0Ich rei\u00dfe die Kamera hoch, bringe das unerwartete Flugobjekt in den Sucher - nicht einfach bei 500 mm Brennweite. Klick! Klick! Klick! Klick! Und weg ist er - schon zu weit weg und verschwindet hinter den B\u00fcschen am Ufer dieses kleinen Sees.\u2026","rel":"","context":"In &quot;Dachauer Land&quot;","block_context":{"text":"Dachauer Land","link":"https:\/\/deltaimage.de\/wp\/?cat=3010"},"img":{"alt_text":"","src":"https:\/\/i0.wp.com\/deltaimage.de\/wp\/wp-content\/uploads\/PE1D0806_1200.jpg?fit=1200%2C450&ssl=1&resize=350%2C200","width":350,"height":200,"srcset":"https:\/\/i0.wp.com\/deltaimage.de\/wp\/wp-content\/uploads\/PE1D0806_1200.jpg?fit=1200%2C450&ssl=1&resize=350%2C200 1x, https:\/\/i0.wp.com\/deltaimage.de\/wp\/wp-content\/uploads\/PE1D0806_1200.jpg?fit=1200%2C450&ssl=1&resize=525%2C300 1.5x, https:\/\/i0.wp.com\/deltaimage.de\/wp\/wp-content\/uploads\/PE1D0806_1200.jpg?fit=1200%2C450&ssl=1&resize=700%2C400 2x, https:\/\/i0.wp.com\/deltaimage.de\/wp\/wp-content\/uploads\/PE1D0806_1200.jpg?fit=1200%2C450&ssl=1&resize=1050%2C600 3x"},"classes":[]},{"id":31038,"url":"https:\/\/deltaimage.de\/wp\/?p=31038","url_meta":{"origin":42058,"position":4},"title":"Weihnachtsbeitrag aus dem Dachauer Moos","author":"EschbacP","date":"24. Dezember 2021","format":false,"excerpt":"Es ist bei lange nicht selbstverst\u00e4ndlich, auch wenn sich (fast) alle es sich so sehr w\u00fcnschen. Ein wunderbares Weihnachten mit Schnee vom 24.12. bis zum 6.1. - ein Fest f\u00fcr alle Menschen mit einem Sinn f\u00fcr Landschaft, Natur und letztlich Fotografie. In diesem Jahr haben wir in Dachau zwar auch\u2026","rel":"","context":"In &quot;Dachauer Land&quot;","block_context":{"text":"Dachauer Land","link":"https:\/\/deltaimage.de\/wp\/?cat=3010"},"img":{"alt_text":"","src":"https:\/\/i0.wp.com\/deltaimage.de\/wp\/wp-content\/uploads\/IMG_3127_1200.jpg?fit=1200%2C450&ssl=1&resize=350%2C200","width":350,"height":200,"srcset":"https:\/\/i0.wp.com\/deltaimage.de\/wp\/wp-content\/uploads\/IMG_3127_1200.jpg?fit=1200%2C450&ssl=1&resize=350%2C200 1x, https:\/\/i0.wp.com\/deltaimage.de\/wp\/wp-content\/uploads\/IMG_3127_1200.jpg?fit=1200%2C450&ssl=1&resize=525%2C300 1.5x, https:\/\/i0.wp.com\/deltaimage.de\/wp\/wp-content\/uploads\/IMG_3127_1200.jpg?fit=1200%2C450&ssl=1&resize=700%2C400 2x, https:\/\/i0.wp.com\/deltaimage.de\/wp\/wp-content\/uploads\/IMG_3127_1200.jpg?fit=1200%2C450&ssl=1&resize=1050%2C600 3x"},"classes":[]},{"id":38436,"url":"https:\/\/deltaimage.de\/wp\/?p=38436","url_meta":{"origin":42058,"position":5},"title":"Schnee und Eis im Dachauer Moos","author":"EschbacP","date":"31. Dezember 2022","format":false,"excerpt":"Wenige Minuten nach einem herrlichen Sonnenuntergang im Dachauer Moos zeigt sich die blaue Stunde \u00fcber dem Eis und Schnee im Himmelreich. Das kalte Licht nach Sonnenuntergang wird von den wei\u00dfen Fl\u00e4chen reflektiert und f\u00fcllt die Schatten der Objekte mit einem herrlich kalten Licht. Dies verst\u00e4rkt den Eindruck von Schnee und\u2026","rel":"","context":"In &quot;Dachauer Land&quot;","block_context":{"text":"Dachauer Land","link":"https:\/\/deltaimage.de\/wp\/?cat=3010"},"img":{"alt_text":"","src":"https:\/\/i0.wp.com\/deltaimage.de\/wp\/wp-content\/uploads\/PE1S1851_1200.jpg?fit=1200%2C450&ssl=1&resize=350%2C200","width":350,"height":200,"srcset":"https:\/\/i0.wp.com\/deltaimage.de\/wp\/wp-content\/uploads\/PE1S1851_1200.jpg?fit=1200%2C450&ssl=1&resize=350%2C200 1x, https:\/\/i0.wp.com\/deltaimage.de\/wp\/wp-content\/uploads\/PE1S1851_1200.jpg?fit=1200%2C450&ssl=1&resize=525%2C300 1.5x, https:\/\/i0.wp.com\/deltaimage.de\/wp\/wp-content\/uploads\/PE1S1851_1200.jpg?fit=1200%2C450&ssl=1&resize=700%2C400 2x, https:\/\/i0.wp.com\/deltaimage.de\/wp\/wp-content\/uploads\/PE1S1851_1200.jpg?fit=1200%2C450&ssl=1&resize=1050%2C600 3x"},"classes":[]}],"jetpack_sharing_enabled":true,"_links":{"self":[{"href":"https:\/\/deltaimage.de\/wp\/index.php?rest_route=\/wp\/v2\/posts\/42058","targetHints":{"allow":["GET"]}}],"collection":[{"href":"https:\/\/deltaimage.de\/wp\/index.php?rest_route=\/wp\/v2\/posts"}],"about":[{"href":"https:\/\/deltaimage.de\/wp\/index.php?rest_route=\/wp\/v2\/types\/post"}],"author":[{"embeddable":true,"href":"https:\/\/deltaimage.de\/wp\/index.php?rest_route=\/wp\/v2\/users\/1"}],"replies":[{"embeddable":true,"href":"https:\/\/deltaimage.de\/wp\/index.php?rest_route=%2Fwp%2Fv2%2Fcomments&post=42058"}],"version-history":[{"count":12,"href":"https:\/\/deltaimage.de\/wp\/index.php?rest_route=\/wp\/v2\/posts\/42058\/revisions"}],"predecessor-version":[{"id":51623,"href":"https:\/\/deltaimage.de\/wp\/index.php?rest_route=\/wp\/v2\/posts\/42058\/revisions\/51623"}],"wp:featuredmedia":[{"embeddable":true,"href":"https:\/\/deltaimage.de\/wp\/index.php?rest_route=\/wp\/v2\/media\/42070"}],"wp:attachment":[{"href":"https:\/\/deltaimage.de\/wp\/index.php?rest_route=%2Fwp%2Fv2%2Fmedia&parent=42058"}],"wp:term":[{"taxonomy":"category","embeddable":true,"href":"https:\/\/deltaimage.de\/wp\/index.php?rest_route=%2Fwp%2Fv2%2Fcategories&post=42058"},{"taxonomy":"post_tag","embeddable":true,"href":"https:\/\/deltaimage.de\/wp\/index.php?rest_route=%2Fwp%2Fv2%2Ftags&post=42058"}],"curies":[{"name":"wp","href":"https:\/\/api.w.org\/{rel}","templated":true}]}}