{"id":42171,"date":"2023-12-27T17:59:39","date_gmt":"2023-12-27T16:59:39","guid":{"rendered":"https:\/\/deltaimage.de\/wp\/?p=42171"},"modified":"2025-08-23T20:25:23","modified_gmt":"2025-08-23T18:25:23","slug":"pikeniere-musketiere-und-kuerassiere-mit-dr-marcus-junkelmann","status":"publish","type":"post","link":"https:\/\/deltaimage.de\/wp\/?p=42171","title":{"rendered":"Pikeniere, Musketiere und K\u00fcrassiere mit Dr. Marcus Junkelmann"},"content":{"rendered":"<p><img data-recalc-dims=\"1\" loading=\"lazy\" decoding=\"async\" data-attachment-id=\"40115\" data-permalink=\"https:\/\/deltaimage.de\/wp\/?attachment_id=40115#main\" data-orig-file=\"https:\/\/i0.wp.com\/deltaimage.de\/wp\/wp-content\/uploads\/Stempel_DELTA-IMAGE_Quality.png?fit=961%2C960&amp;ssl=1\" data-orig-size=\"961,960\" data-comments-opened=\"1\" data-image-meta=\"{&quot;aperture&quot;:&quot;0&quot;,&quot;credit&quot;:&quot;&quot;,&quot;camera&quot;:&quot;&quot;,&quot;caption&quot;:&quot;&quot;,&quot;created_timestamp&quot;:&quot;0&quot;,&quot;copyright&quot;:&quot;&quot;,&quot;focal_length&quot;:&quot;0&quot;,&quot;iso&quot;:&quot;0&quot;,&quot;shutter_speed&quot;:&quot;0&quot;,&quot;title&quot;:&quot;&quot;,&quot;orientation&quot;:&quot;0&quot;}\" data-image-title=\"Stempel_DELTA IMAGE_Quality\" data-image-description=\"\" data-image-caption=\"\" data-large-file=\"https:\/\/i0.wp.com\/deltaimage.de\/wp\/wp-content\/uploads\/Stempel_DELTA-IMAGE_Quality.png?fit=890%2C889&amp;ssl=1\" class=\"alignright wp-image-40115 size-thumbnail\" src=\"https:\/\/i0.wp.com\/deltaimage.de\/wp\/wp-content\/uploads\/Stempel_DELTA-IMAGE_Quality.png?resize=200%2C200&#038;ssl=1\" alt=\"\" width=\"200\" height=\"200\" srcset=\"https:\/\/i0.wp.com\/deltaimage.de\/wp\/wp-content\/uploads\/Stempel_DELTA-IMAGE_Quality.png?resize=200%2C200&amp;ssl=1 200w, https:\/\/i0.wp.com\/deltaimage.de\/wp\/wp-content\/uploads\/Stempel_DELTA-IMAGE_Quality.png?resize=601%2C600&amp;ssl=1 601w, https:\/\/i0.wp.com\/deltaimage.de\/wp\/wp-content\/uploads\/Stempel_DELTA-IMAGE_Quality.png?resize=594%2C593&amp;ssl=1 594w, https:\/\/i0.wp.com\/deltaimage.de\/wp\/wp-content\/uploads\/Stempel_DELTA-IMAGE_Quality.png?resize=450%2C450&amp;ssl=1 450w, https:\/\/i0.wp.com\/deltaimage.de\/wp\/wp-content\/uploads\/Stempel_DELTA-IMAGE_Quality.png?resize=75%2C75&amp;ssl=1 75w, https:\/\/i0.wp.com\/deltaimage.de\/wp\/wp-content\/uploads\/Stempel_DELTA-IMAGE_Quality.png?resize=400%2C400&amp;ssl=1 400w, https:\/\/i0.wp.com\/deltaimage.de\/wp\/wp-content\/uploads\/Stempel_DELTA-IMAGE_Quality.png?resize=50%2C50&amp;ssl=1 50w, https:\/\/i0.wp.com\/deltaimage.de\/wp\/wp-content\/uploads\/Stempel_DELTA-IMAGE_Quality.png?w=961&amp;ssl=1 961w\" sizes=\"auto, (max-width: 200px) 100vw, 200px\" \/><\/p>\n<p>Neue Buchprojekte mit <strong>Dr. Marcus Junkelmann<\/strong> entf\u00fchrt mich immer wieder in andere und nicht minder spannende Zeitepochen, oft in der bayerischen Geschichte. Er f\u00fchlt sich im 19. Jahrhundert genauso zu Hause, wie im 18. Jahrhundert mit der Schicksalsschlacht der <strong>Wittelsbacher<\/strong> 1704 in H\u00f6chst\u00e4dt. Dann waren die Wittelsbacher im Exil in den spanischen Niederlanden und waren Bayern erstmal los.<\/p>\n<p>Auch die Zeit der <strong>R\u00f6mer<\/strong> und dort im Speziellen die <strong>Gladiatoren<\/strong> &#8211; kann alles passieren und ist passiert. Immer spannend und als Fotograf muss ich einfach flexibel im Einsatz und in der Umsetzung sein.<\/p>\n<p>Jetzt f\u00fchrt Dr. Junkelmann mich in die Zeit des <strong>Drei\u00dfigj\u00e4hrigen Krieges<\/strong> (1618 &#8211; 1648). Die drei neuen <strong>B\u00fccher<\/strong> handeln \u00fcber die <strong>Soldaten<\/strong> und das <strong>Milit\u00e4rwesen<\/strong> im <strong>Drei\u00dfigj\u00e4hrigen Krieg<\/strong> (1616 &#8211; 1648) und erl\u00e4utern viel tiefgehender die neue <strong>Dauerausstellung<\/strong> im<a href=\"https:\/\/www.armeemuseum.de\/de\/ausstellungen\/armeemuseum-im-neuen-schloss\/formen-des-krieges-1600-1815.html\"><strong> Bayerischen Armeemuseum<\/strong><\/a> in <strong>Ingolstadt<\/strong>, als dies der schon sehr umfangreiche <a href=\"https:\/\/www.armeemuseum.de\/images\/publikationen\/2019_Formen_des_Krieges_online.pdf\"><strong>Ausstellungskatalog<\/strong><\/a> (<em>in dem Link als kostenloser Download als PDF-Dokument<\/em>) vermag.<\/p>\n<p><img data-recalc-dims=\"1\" loading=\"lazy\" decoding=\"async\" data-attachment-id=\"42176\" data-permalink=\"https:\/\/deltaimage.de\/wp\/?attachment_id=42176#main\" data-orig-file=\"https:\/\/i0.wp.com\/deltaimage.de\/wp\/wp-content\/uploads\/PE5D0295_1200.jpg?fit=1200%2C450&amp;ssl=1\" data-orig-size=\"1200,450\" data-comments-opened=\"1\" data-image-meta=\"{&quot;aperture&quot;:&quot;2.8&quot;,&quot;credit&quot;:&quot;Paul Eschbach&quot;,&quot;camera&quot;:&quot;Canon EOS 5DS R&quot;,&quot;caption&quot;:&quot;&quot;,&quot;created_timestamp&quot;:&quot;1601130516&quot;,&quot;copyright&quot;:&quot;DELTA IMAGE&quot;,&quot;focal_length&quot;:&quot;162&quot;,&quot;iso&quot;:&quot;50&quot;,&quot;shutter_speed&quot;:&quot;0.008&quot;,&quot;title&quot;:&quot;&quot;,&quot;orientation&quot;:&quot;0&quot;}\" data-image-title=\"PE5D0295_1200\" data-image-description=\"\" data-image-caption=\"\" data-large-file=\"https:\/\/i0.wp.com\/deltaimage.de\/wp\/wp-content\/uploads\/PE5D0295_1200.jpg?fit=890%2C334&amp;ssl=1\" class=\"aligncenter size-full wp-image-42176\" src=\"https:\/\/i0.wp.com\/deltaimage.de\/wp\/wp-content\/uploads\/PE5D0295_1200.jpg?resize=890%2C334&#038;ssl=1\" alt=\"\" width=\"890\" height=\"334\" srcset=\"https:\/\/i0.wp.com\/deltaimage.de\/wp\/wp-content\/uploads\/PE5D0295_1200.jpg?w=1200&amp;ssl=1 1200w, https:\/\/i0.wp.com\/deltaimage.de\/wp\/wp-content\/uploads\/PE5D0295_1200.jpg?resize=900%2C338&amp;ssl=1 900w, https:\/\/i0.wp.com\/deltaimage.de\/wp\/wp-content\/uploads\/PE5D0295_1200.jpg?resize=300%2C113&amp;ssl=1 300w, https:\/\/i0.wp.com\/deltaimage.de\/wp\/wp-content\/uploads\/PE5D0295_1200.jpg?resize=1067%2C400&amp;ssl=1 1067w\" sizes=\"auto, (max-width: 890px) 100vw, 890px\" \/><\/p>\n<p><strong>Dr. Marcus Junkelmann<\/strong> erl\u00e4utert einem der Darsteller der Bilder die auszuf\u00fchrenden Handlungen mit der Waffe im Detail &#8211; so lange, bis alles passt und sitzt. Da kennt <strong>Dr. Junkelmann<\/strong> keine Nachl\u00e4ssigkeit.<\/p>\n<p>Mitten in den Vorbereitungen, f\u00fcr die n\u00e4chste Einstellung, gelingt mir dieses szenische Set-Foto mit <strong>Dr. Junkelmann<\/strong> &#8211; im Halbschatten agierend, aber den aufmerksamen Blick klar zum Fotografen und zur Kamera gerichtet &#8211; wie ein Omar Sharif als Regisseur agierend und schon wieder Teil des Sets zu sein.<\/p>\n<blockquote>\n<pre>So kennen wir ihn, so lieben wir Dr. Junkelmann.<\/pre>\n<\/blockquote>\n<p><img data-recalc-dims=\"1\" loading=\"lazy\" decoding=\"async\" data-attachment-id=\"42144\" data-permalink=\"https:\/\/deltaimage.de\/wp\/?attachment_id=42144#main\" data-orig-file=\"https:\/\/i0.wp.com\/deltaimage.de\/wp\/wp-content\/uploads\/PE5D0337_900-2.jpg?fit=890%2C619&amp;ssl=1\" data-orig-size=\"890,619\" data-comments-opened=\"1\" data-image-meta=\"{&quot;aperture&quot;:&quot;2.8&quot;,&quot;credit&quot;:&quot;Paul Eschbach&quot;,&quot;camera&quot;:&quot;Canon EOS 5DS R&quot;,&quot;caption&quot;:&quot;&quot;,&quot;created_timestamp&quot;:&quot;1601131999&quot;,&quot;copyright&quot;:&quot;DELTA IMAGE&quot;,&quot;focal_length&quot;:&quot;125&quot;,&quot;iso&quot;:&quot;50&quot;,&quot;shutter_speed&quot;:&quot;0.008&quot;,&quot;title&quot;:&quot;&quot;,&quot;orientation&quot;:&quot;0&quot;}\" data-image-title=\"PE5D0337_900-2\" data-image-description=\"\" data-image-caption=\"\" data-large-file=\"https:\/\/i0.wp.com\/deltaimage.de\/wp\/wp-content\/uploads\/PE5D0337_900-2.jpg?fit=890%2C619&amp;ssl=1\" class=\"aligncenter size-full wp-image-42144\" src=\"https:\/\/i0.wp.com\/deltaimage.de\/wp\/wp-content\/uploads\/PE5D0337_900-2.jpg?resize=890%2C619&#038;ssl=1\" alt=\"\" width=\"890\" height=\"619\" srcset=\"https:\/\/i0.wp.com\/deltaimage.de\/wp\/wp-content\/uploads\/PE5D0337_900-2.jpg?w=890&amp;ssl=1 890w, https:\/\/i0.wp.com\/deltaimage.de\/wp\/wp-content\/uploads\/PE5D0337_900-2.jpg?resize=863%2C600&amp;ssl=1 863w, https:\/\/i0.wp.com\/deltaimage.de\/wp\/wp-content\/uploads\/PE5D0337_900-2.jpg?resize=288%2C200&amp;ssl=1 288w, https:\/\/i0.wp.com\/deltaimage.de\/wp\/wp-content\/uploads\/PE5D0337_900-2.jpg?resize=575%2C400&amp;ssl=1 575w\" sizes=\"auto, (max-width: 890px) 100vw, 890px\" \/><\/p>\n<p><!--more--><\/p>\n<h2><\/h2>\n<h2>Die Soldaten im Drei\u00dfigj\u00e4hrigen Krieg &#8211; Pikeniere<\/h2>\n<p><img data-recalc-dims=\"1\" loading=\"lazy\" decoding=\"async\" data-attachment-id=\"42175\" data-permalink=\"https:\/\/deltaimage.de\/wp\/?attachment_id=42175#main\" data-orig-file=\"https:\/\/i0.wp.com\/deltaimage.de\/wp\/wp-content\/uploads\/Soldaten-Pikenier.jpg?fit=629%2C905&amp;ssl=1\" data-orig-size=\"629,905\" data-comments-opened=\"1\" data-image-meta=\"{&quot;aperture&quot;:&quot;0&quot;,&quot;credit&quot;:&quot;Paul Eschbach&quot;,&quot;camera&quot;:&quot;&quot;,&quot;caption&quot;:&quot;&quot;,&quot;created_timestamp&quot;:&quot;1701957876&quot;,&quot;copyright&quot;:&quot;&quot;,&quot;focal_length&quot;:&quot;0&quot;,&quot;iso&quot;:&quot;0&quot;,&quot;shutter_speed&quot;:&quot;0&quot;,&quot;title&quot;:&quot;&quot;,&quot;orientation&quot;:&quot;0&quot;}\" data-image-title=\"Soldaten-Pikenier\" data-image-description=\"\" data-image-caption=\"\" data-large-file=\"https:\/\/i0.wp.com\/deltaimage.de\/wp\/wp-content\/uploads\/Soldaten-Pikenier.jpg?fit=629%2C905&amp;ssl=1\" class=\"alignleft wp-image-42175 size-stay-logo\" src=\"https:\/\/i0.wp.com\/deltaimage.de\/wp\/wp-content\/uploads\/Soldaten-Pikenier.jpg?resize=278%2C400&#038;ssl=1\" alt=\"\" width=\"278\" height=\"400\" srcset=\"https:\/\/i0.wp.com\/deltaimage.de\/wp\/wp-content\/uploads\/Soldaten-Pikenier.jpg?resize=278%2C400&amp;ssl=1 278w, https:\/\/i0.wp.com\/deltaimage.de\/wp\/wp-content\/uploads\/Soldaten-Pikenier.jpg?resize=417%2C600&amp;ssl=1 417w, https:\/\/i0.wp.com\/deltaimage.de\/wp\/wp-content\/uploads\/Soldaten-Pikenier.jpg?resize=139%2C200&amp;ssl=1 139w, https:\/\/i0.wp.com\/deltaimage.de\/wp\/wp-content\/uploads\/Soldaten-Pikenier.jpg?w=629&amp;ssl=1 629w\" sizes=\"auto, (max-width: 278px) 100vw, 278px\" \/><\/p>\n<p>Der Umschlagstext zum Buch:<\/p>\n<p>Die <strong>Pikeniere<\/strong>, Fu\u00dfsoldaten, deren Hauptwaffe der <strong>Langspie\u00df<\/strong> war, bildeten einen unverzichtbaren Teil der <strong>Infanterie<\/strong> des <strong>Drei\u00dfigj\u00e4hrigen Krieges<\/strong>. Ihre geschlossenen, Spie\u00dfe-starrenden Bl\u00f6cke stabilisierten im offenen Gefecht die Front und gaben dem Angriff den letzten Nachdruck. Sie hielten feindliche Reiter auf Abstand und boten Schutz und R\u00fcckhalt f\u00fcr die <strong>Musketiere<\/strong>, die ohne sie im Nahkampf wehrlos waren, wenn sie ihre Waffen abgefeuert hatten. Diese Aufgabenteilung zwischen der in die Ferne wirkenden Feuerwaffe und dem archaischen Spie\u00df war f\u00fcr das 16. und 17. Jahrhundert charakteristisch.<br \/>\nDer Historiker <strong>Marcus Junkelmann<\/strong> beschreibt und erkl\u00e4rt in Text und Bild, wie die Soldaten des <strong>Drei\u00dfigj\u00e4hrigen Krieges<\/strong> k\u00e4mpften und wie ihre Ausr\u00fcstung und Bewaffnung beschaffen war. Er verbindet historische Quellen mit der Untersuchung von Originalwaffen und den Erkenntnissen aus der experimentellen Erprobung von Waffenwirkungen und Fechtweisen. So bietet dieses Buch ein umfassendes Bild mit neuen und \u00fcberraschenden Erkenntnissen.<br \/>\nAls Erg\u00e4nzung zum Ausstellungskatalog \u201eFormen des Krieges\u201c wendet es sich an alle interessierten Besucher des <strong>Bayerischen Armeemuseums<\/strong>, aber auch an Historiker und Reenactors dieser Epoche.<\/p>\n<p>Mehr zum Buch in unserem <strong><a href=\"http:\/\/shop.deltaimage.de\">shop.deltaimage.de<\/a><\/strong>.<\/p>\n<p>&nbsp;<\/p>\n<p>&nbsp;<\/p>\n<h2>Die Soldaten im Drei\u00dfigj\u00e4hrigen Krieg &#8211; Musketiere<\/h2>\n<p><img data-recalc-dims=\"1\" loading=\"lazy\" decoding=\"async\" data-attachment-id=\"42174\" data-permalink=\"https:\/\/deltaimage.de\/wp\/?attachment_id=42174#main\" data-orig-file=\"https:\/\/i0.wp.com\/deltaimage.de\/wp\/wp-content\/uploads\/Soldaten-Musketier.jpg?fit=629%2C899&amp;ssl=1\" data-orig-size=\"629,899\" data-comments-opened=\"1\" data-image-meta=\"{&quot;aperture&quot;:&quot;0&quot;,&quot;credit&quot;:&quot;Paul Eschbach&quot;,&quot;camera&quot;:&quot;&quot;,&quot;caption&quot;:&quot;&quot;,&quot;created_timestamp&quot;:&quot;1701959297&quot;,&quot;copyright&quot;:&quot;&quot;,&quot;focal_length&quot;:&quot;0&quot;,&quot;iso&quot;:&quot;0&quot;,&quot;shutter_speed&quot;:&quot;0&quot;,&quot;title&quot;:&quot;&quot;,&quot;orientation&quot;:&quot;0&quot;}\" data-image-title=\"Soldaten-Musketier\" data-image-description=\"\" data-image-caption=\"\" data-large-file=\"https:\/\/i0.wp.com\/deltaimage.de\/wp\/wp-content\/uploads\/Soldaten-Musketier.jpg?fit=629%2C899&amp;ssl=1\" class=\"alignleft wp-image-42174 size-stay-logo\" src=\"https:\/\/i0.wp.com\/deltaimage.de\/wp\/wp-content\/uploads\/Soldaten-Musketier.jpg?resize=280%2C400&#038;ssl=1\" alt=\"\" width=\"280\" height=\"400\" srcset=\"https:\/\/i0.wp.com\/deltaimage.de\/wp\/wp-content\/uploads\/Soldaten-Musketier.jpg?resize=280%2C400&amp;ssl=1 280w, https:\/\/i0.wp.com\/deltaimage.de\/wp\/wp-content\/uploads\/Soldaten-Musketier.jpg?resize=420%2C600&amp;ssl=1 420w, https:\/\/i0.wp.com\/deltaimage.de\/wp\/wp-content\/uploads\/Soldaten-Musketier.jpg?resize=140%2C200&amp;ssl=1 140w, https:\/\/i0.wp.com\/deltaimage.de\/wp\/wp-content\/uploads\/Soldaten-Musketier.jpg?w=629&amp;ssl=1 629w\" sizes=\"auto, (max-width: 280px) 100vw, 280px\" \/><\/p>\n<p>Der Umschlagstext zum Buch:<\/p>\n<p>Die <strong>Musketiere<\/strong> waren der Teil der <strong>Infanterie<\/strong> des <strong>Drei\u00dfigj\u00e4hrigen Krieges<\/strong>, der das Feuergefecht auf gr\u00f6\u00dfere Distanz mit <strong>Handfeuerwaffen<\/strong> f\u00fchrte. Der Anteil der <strong>Musketiere<\/strong> an den <strong>Infanterieformationen<\/strong> betrug um 1630 ungef\u00e4hr zwei Drittel. Ihre \u00fcbliche Waffe war die solide und relativ einfach zu bedienende <strong>Luntenschlossmuskete<\/strong>, ein glattl\u00e4ufiges <strong>Infanteriegewehr<\/strong>, das wegen seines Gewichts meistens auf eine St\u00fctzgabel aufgelegt wurde. In der Schlacht waren sie auf den Schutz und R\u00fcckhalt der in fester Formation stehenden <strong>Pikeniere<\/strong> mit ihren <strong>Langspie\u00dfen<\/strong> angewiesen.<br \/>\nDer Historiker <strong>Marcus Junkelmann<\/strong> beschreibt und erkl\u00e4rt in Text und Bild, wie die Soldaten des <strong>Drei\u00dfigj\u00e4hrigen Krieges<\/strong> k\u00e4mpften und wie ihre Ausr\u00fcstung und Bewaffnung beschaffen war. Er verbindet historische Quellen mit der Untersuchung von Originalwaffen und den Erkenntnissen aus der experimentellen Erprobung von Waffenwirkungen und Fechtweisen. So bietet dieses Buch ein umfassendes Bild mit neuen und \u00fcberraschenden Erkenntnissen.<br \/>\nAls Erg\u00e4nzung zum Ausstellungskatalog \u201eFormen des Krieges\u201c wendet es sich an alle interessierten Besucher des <strong>Bayerischen Armeemuseums<\/strong>, aber auch an Historiker und Reenactors dieser Epoche.<\/p>\n<p>Mehr zum Buch in unserem <strong><a href=\"http:\/\/shop.deltaimage.de\">shop.deltaimage.de<\/a><\/strong>.<\/p>\n<p>&nbsp;<\/p>\n<p>&nbsp;<\/p>\n<h2>Die Soldaten im Drei\u00dfigj\u00e4hrigen Krieg &#8211; K\u00fcrassiere<\/h2>\n<p><img data-recalc-dims=\"1\" loading=\"lazy\" decoding=\"async\" data-attachment-id=\"42173\" data-permalink=\"https:\/\/deltaimage.de\/wp\/?attachment_id=42173#main\" data-orig-file=\"https:\/\/i0.wp.com\/deltaimage.de\/wp\/wp-content\/uploads\/Soldaten-Kuerassier.jpg?fit=578%2C822&amp;ssl=1\" data-orig-size=\"578,822\" data-comments-opened=\"1\" data-image-meta=\"{&quot;aperture&quot;:&quot;0&quot;,&quot;credit&quot;:&quot;Paul Eschbach&quot;,&quot;camera&quot;:&quot;&quot;,&quot;caption&quot;:&quot;&quot;,&quot;created_timestamp&quot;:&quot;1701959532&quot;,&quot;copyright&quot;:&quot;&quot;,&quot;focal_length&quot;:&quot;0&quot;,&quot;iso&quot;:&quot;0&quot;,&quot;shutter_speed&quot;:&quot;0&quot;,&quot;title&quot;:&quot;&quot;,&quot;orientation&quot;:&quot;0&quot;}\" data-image-title=\"Soldaten-K\u00fcrassier\" data-image-description=\"\" data-image-caption=\"\" data-large-file=\"https:\/\/i0.wp.com\/deltaimage.de\/wp\/wp-content\/uploads\/Soldaten-Kuerassier.jpg?fit=578%2C822&amp;ssl=1\" class=\"alignleft wp-image-42173 size-stay-logo\" src=\"https:\/\/i0.wp.com\/deltaimage.de\/wp\/wp-content\/uploads\/Soldaten-Kuerassier.jpg?resize=281%2C400&#038;ssl=1\" alt=\"\" width=\"281\" height=\"400\" srcset=\"https:\/\/i0.wp.com\/deltaimage.de\/wp\/wp-content\/uploads\/Soldaten-Kuerassier.jpg?resize=281%2C400&amp;ssl=1 281w, https:\/\/i0.wp.com\/deltaimage.de\/wp\/wp-content\/uploads\/Soldaten-Kuerassier.jpg?resize=422%2C600&amp;ssl=1 422w, https:\/\/i0.wp.com\/deltaimage.de\/wp\/wp-content\/uploads\/Soldaten-Kuerassier.jpg?resize=141%2C200&amp;ssl=1 141w, https:\/\/i0.wp.com\/deltaimage.de\/wp\/wp-content\/uploads\/Soldaten-Kuerassier.jpg?w=578&amp;ssl=1 578w\" sizes=\"auto, (max-width: 281px) 100vw, 281px\" \/><\/p>\n<p>&nbsp;<\/p>\n<p>&nbsp;<\/p>\n<p>&nbsp;<\/p>\n<p>Mehr zum Buch in unserem <strong><a href=\"http:\/\/shop.deltaimage.de\">shop.deltaimage.de<\/a><\/strong>.<\/p>\n","protected":false},"excerpt":{"rendered":"<p>Neue Buchprojekte mit Dr. Marcus Junkelmann entf\u00fchrt mich immer wieder in andere und nicht minder spannende Zeitepochen, oft in der bayerischen Geschichte. Er f\u00fchlt sich im 19. Jahrhundert genauso zu [&hellip;]<\/p>\n","protected":false},"author":1,"featured_media":42176,"comment_status":"open","ping_status":"closed","sticky":false,"template":"","format":"standard","meta":{"wpupg_custom_link":[],"wpupg_custom_link_behaviour":["default"],"wpupg_custom_link_nofollow":["default"],"wpupg_custom_image":[],"wpupg_custom_image_id":[],"jetpack_post_was_ever_published":false,"footnotes":""},"categories":[1189,3831,8],"tags":[3666,3664,3667,2377,3669,3665,3671,3672,3670,3668],"class_list":["post-42171","post","type-post","status-publish","format-standard","has-post-thumbnail","hentry","category-buch","category-geschichte-als-fest-dr-marcus-junkelmann","category-news","tag-1600-1815","tag-bayerisches-armeemuseum","tag-dauerausstellung","tag-dr-marcus-junkelmann","tag-dreissigjaehrigem-krieg","tag-ingolstadt","tag-kuerassiere","tag-musketiere","tag-pikeniere","tag-soldaten"],"jetpack_featured_media_url":"https:\/\/i0.wp.com\/deltaimage.de\/wp\/wp-content\/uploads\/PE5D0295_1200.jpg?fit=1200%2C450&ssl=1","jetpack-related-posts":[{"id":42142,"url":"https:\/\/deltaimage.de\/wp\/?p=42142","url_meta":{"origin":42171,"position":0},"title":"Neue B\u00fccher mit Dr. Marcus Junkelmann entstehen","author":"EschbacP","date":"27. Dezember 2023","format":false,"excerpt":"... und dieses mal wird gleich richtig geschossen. Buchprojekte mit dem Historiker, Experiment-Arch\u00e4ologen und Buchautor Dr. Marcus Junkelmann sind immer etwas ganz Besonderes - in jeglicher Hinsicht. Als Fotograf f\u00fcr die Bucheinb\u00e4nde und die Darstellung der wichtigen Szenen bin ich wieder mit dabei. Als Ort der Handlung haben wir uns\u2026","rel":"","context":"In &quot;Buch&quot;","block_context":{"text":"Buch","link":"https:\/\/deltaimage.de\/wp\/?cat=1189"},"img":{"alt_text":"","src":"https:\/\/i0.wp.com\/deltaimage.de\/wp\/wp-content\/uploads\/PE5D0382_1200.jpg?fit=1200%2C450&ssl=1&resize=350%2C200","width":350,"height":200,"srcset":"https:\/\/i0.wp.com\/deltaimage.de\/wp\/wp-content\/uploads\/PE5D0382_1200.jpg?fit=1200%2C450&ssl=1&resize=350%2C200 1x, https:\/\/i0.wp.com\/deltaimage.de\/wp\/wp-content\/uploads\/PE5D0382_1200.jpg?fit=1200%2C450&ssl=1&resize=525%2C300 1.5x, https:\/\/i0.wp.com\/deltaimage.de\/wp\/wp-content\/uploads\/PE5D0382_1200.jpg?fit=1200%2C450&ssl=1&resize=700%2C400 2x, https:\/\/i0.wp.com\/deltaimage.de\/wp\/wp-content\/uploads\/PE5D0382_1200.jpg?fit=1200%2C450&ssl=1&resize=1050%2C600 3x"},"classes":[]},{"id":42698,"url":"https:\/\/deltaimage.de\/wp\/?p=42698","url_meta":{"origin":42171,"position":1},"title":"Buchvorstellung Dr. Junkelmann im Bayerischen Armeemuseum Ingolstadt","author":"EschbacP","date":"21. M\u00e4rz 2024","format":false,"excerpt":"\u00a0 Der bekannte Historiker und Buchautor Dr. Marcus Junkelmann stellt im Bayerischen Armeemuseum in Ingolstadt, drei neue B\u00fccher, erg\u00e4nzend zur neuen Ausstellung, Formen des Krieges 1600-1815, \u00fcber die Kriegsf\u00fchrung und die Soldaten im Drei\u00dfigj\u00e4hrigen Krieg, vor. Wir durften Dr. Junkelmann wieder einmal mit der Ausarbeitung der Pr\u00e4sentation f\u00fcr diesen Abend\u2026","rel":"","context":"In &quot;Buch&quot;","block_context":{"text":"Buch","link":"https:\/\/deltaimage.de\/wp\/?cat=1189"},"img":{"alt_text":"","src":"https:\/\/i0.wp.com\/deltaimage.de\/wp\/wp-content\/uploads\/PE1S0111_1200.jpg?fit=1200%2C450&ssl=1&resize=350%2C200","width":350,"height":200,"srcset":"https:\/\/i0.wp.com\/deltaimage.de\/wp\/wp-content\/uploads\/PE1S0111_1200.jpg?fit=1200%2C450&ssl=1&resize=350%2C200 1x, https:\/\/i0.wp.com\/deltaimage.de\/wp\/wp-content\/uploads\/PE1S0111_1200.jpg?fit=1200%2C450&ssl=1&resize=525%2C300 1.5x, https:\/\/i0.wp.com\/deltaimage.de\/wp\/wp-content\/uploads\/PE1S0111_1200.jpg?fit=1200%2C450&ssl=1&resize=700%2C400 2x, https:\/\/i0.wp.com\/deltaimage.de\/wp\/wp-content\/uploads\/PE1S0111_1200.jpg?fit=1200%2C450&ssl=1&resize=1050%2C600 3x"},"classes":[]},{"id":42521,"url":"https:\/\/deltaimage.de\/wp\/?p=42521","url_meta":{"origin":42171,"position":2},"title":"Buchvorstellung Dr. Junkelmann im Bayerischen Armeemuseum","author":"EschbacP","date":"11. Februar 2024","format":false,"excerpt":"Buchvorstellung - Soldaten des Drei\u00dfigj\u00e4hrigen Krieges 21. M\u00e4rz 2024- 18.00 Uhr im neuen Schloss Ingolstadt (Bayerisches Armeemuseum) \u00a0 Programm des Abends Dr. Ansgar Rei\u00df - Begr\u00fc\u00dfung Dr. Marcus Junkelmann - Vorstellung des Projektes: Der Pikenier \u2013 Der Musketier \u2013 Der K\u00fcrassier anschlie\u00dfend praktische Vorf\u00fchrungen im Schlosshof Der Historiker Dr. Marcus\u2026","rel":"","context":"In &quot;Buch&quot;","block_context":{"text":"Buch","link":"https:\/\/deltaimage.de\/wp\/?cat=1189"},"img":{"alt_text":"","src":"https:\/\/i0.wp.com\/deltaimage.de\/wp\/wp-content\/uploads\/PE5D0295_1200.jpg?fit=1200%2C450&ssl=1&resize=350%2C200","width":350,"height":200,"srcset":"https:\/\/i0.wp.com\/deltaimage.de\/wp\/wp-content\/uploads\/PE5D0295_1200.jpg?fit=1200%2C450&ssl=1&resize=350%2C200 1x, https:\/\/i0.wp.com\/deltaimage.de\/wp\/wp-content\/uploads\/PE5D0295_1200.jpg?fit=1200%2C450&ssl=1&resize=525%2C300 1.5x, https:\/\/i0.wp.com\/deltaimage.de\/wp\/wp-content\/uploads\/PE5D0295_1200.jpg?fit=1200%2C450&ssl=1&resize=700%2C400 2x, https:\/\/i0.wp.com\/deltaimage.de\/wp\/wp-content\/uploads\/PE5D0295_1200.jpg?fit=1200%2C450&ssl=1&resize=1050%2C600 3x"},"classes":[]},{"id":42506,"url":"https:\/\/deltaimage.de\/wp\/?p=42506","url_meta":{"origin":42171,"position":3},"title":"3-mal Junkelmann f\u00fcrs Armeemuseum sind da!","author":"EschbacP","date":"7. Februar 2024","format":false,"excerpt":"Lange haben wir gewartet, auf die Auslieferung der drei neuen B\u00fccher von Dr. Marcus Junkelmann zum Drei\u00dfigj\u00e4hrigen Krieg. Auch die ersten BestellerInnen, waren schon etwas ungeduldig, aber es hat sich gelohnt. \u00a0 Formen des Krieges im Bayerischen Armeemuseum in Ingolstadt Das Bayerische Armeemuseum widmet die neue Ausstellung den \"Formen des\u2026","rel":"","context":"In &quot;Buch&quot;","block_context":{"text":"Buch","link":"https:\/\/deltaimage.de\/wp\/?cat=1189"},"img":{"alt_text":"","src":"https:\/\/i0.wp.com\/deltaimage.de\/wp\/wp-content\/uploads\/IMG_8694-1200.jpg?fit=1200%2C450&ssl=1&resize=350%2C200","width":350,"height":200,"srcset":"https:\/\/i0.wp.com\/deltaimage.de\/wp\/wp-content\/uploads\/IMG_8694-1200.jpg?fit=1200%2C450&ssl=1&resize=350%2C200 1x, https:\/\/i0.wp.com\/deltaimage.de\/wp\/wp-content\/uploads\/IMG_8694-1200.jpg?fit=1200%2C450&ssl=1&resize=525%2C300 1.5x, https:\/\/i0.wp.com\/deltaimage.de\/wp\/wp-content\/uploads\/IMG_8694-1200.jpg?fit=1200%2C450&ssl=1&resize=700%2C400 2x, https:\/\/i0.wp.com\/deltaimage.de\/wp\/wp-content\/uploads\/IMG_8694-1200.jpg?fit=1200%2C450&ssl=1&resize=1050%2C600 3x"},"classes":[]},{"id":44186,"url":"https:\/\/deltaimage.de\/wp\/?p=44186","url_meta":{"origin":42171,"position":4},"title":"Dr. Marcus Junkelmann: Musketiere, M\u00f6nche und Marketenderinnen &#8211; 12.\/13.10.2024","author":"EschbacP","date":"16. September 2024","format":false,"excerpt":"2 Tage Fest: Schlei\u00dfheim in der Zeit des Drei\u00dfigj\u00e4hrigen Kriegs Unser Fest nimmt die verschiedenen h\u00f6fischen, l\u00e4ndlichen, geistlichen und milit\u00e4rischen Aspekte der Schlei\u00dfheimer Geschichte zur Zeit Wilhelms V. und Maximilians I. in spielerischer und unterhaltsamer Weise auf. Die mit Schlei\u00dfheim eng verbundenen Herzogs- und Kurf\u00fcrstenpaare von Wilhelm dem Frommen bis\u2026","rel":"","context":"In &quot;Geschichte als Fest - Dr. Marcus Junkelmann&quot;","block_context":{"text":"Geschichte als Fest - Dr. Marcus Junkelmann","link":"https:\/\/deltaimage.de\/wp\/?cat=3831"},"img":{"alt_text":"","src":"https:\/\/i0.wp.com\/deltaimage.de\/wp\/wp-content\/uploads\/PE1S0149_1200.jpg?fit=1200%2C450&ssl=1&resize=350%2C200","width":350,"height":200,"srcset":"https:\/\/i0.wp.com\/deltaimage.de\/wp\/wp-content\/uploads\/PE1S0149_1200.jpg?fit=1200%2C450&ssl=1&resize=350%2C200 1x, https:\/\/i0.wp.com\/deltaimage.de\/wp\/wp-content\/uploads\/PE1S0149_1200.jpg?fit=1200%2C450&ssl=1&resize=525%2C300 1.5x, https:\/\/i0.wp.com\/deltaimage.de\/wp\/wp-content\/uploads\/PE1S0149_1200.jpg?fit=1200%2C450&ssl=1&resize=700%2C400 2x, https:\/\/i0.wp.com\/deltaimage.de\/wp\/wp-content\/uploads\/PE1S0149_1200.jpg?fit=1200%2C450&ssl=1&resize=1050%2C600 3x"},"classes":[]},{"id":42715,"url":"https:\/\/deltaimage.de\/wp\/?p=42715","url_meta":{"origin":42171,"position":5},"title":"Pikeniere mit Dr. Marcus Junkelmann im Bayerischen Armeemuseum Ingolstadt","author":"EschbacP","date":"22. M\u00e4rz 2024","format":false,"excerpt":"Die Geschichte zu erz\u00e4hlen, ohne ein dazugeh\u00f6riges geschichts-akkurates Darstellungsprogramm mit Akteuren und historischen Gegenst\u00e4nden, ist nicht nach dem Gusto vom bekannten Historiker und Experimentalarch\u00e4ologen Dr. Marcus Junkelmann. Zu seiner neuen Buchvorstellung, \u00fcber die neuen B\u00fccher zu den Soldaten des Dreissigj\u00e4hrigen Krieges, im Bayerischen Armeemuseum, wird die Kriegskunst auch gleich im\u2026","rel":"","context":"In &quot;Buch&quot;","block_context":{"text":"Buch","link":"https:\/\/deltaimage.de\/wp\/?cat=1189"},"img":{"alt_text":"","src":"https:\/\/i0.wp.com\/deltaimage.de\/wp\/wp-content\/uploads\/PE1S0231_1200-1.jpg?fit=1200%2C450&ssl=1&resize=350%2C200","width":350,"height":200,"srcset":"https:\/\/i0.wp.com\/deltaimage.de\/wp\/wp-content\/uploads\/PE1S0231_1200-1.jpg?fit=1200%2C450&ssl=1&resize=350%2C200 1x, https:\/\/i0.wp.com\/deltaimage.de\/wp\/wp-content\/uploads\/PE1S0231_1200-1.jpg?fit=1200%2C450&ssl=1&resize=525%2C300 1.5x, https:\/\/i0.wp.com\/deltaimage.de\/wp\/wp-content\/uploads\/PE1S0231_1200-1.jpg?fit=1200%2C450&ssl=1&resize=700%2C400 2x, https:\/\/i0.wp.com\/deltaimage.de\/wp\/wp-content\/uploads\/PE1S0231_1200-1.jpg?fit=1200%2C450&ssl=1&resize=1050%2C600 3x"},"classes":[]}],"jetpack_sharing_enabled":true,"_links":{"self":[{"href":"https:\/\/deltaimage.de\/wp\/index.php?rest_route=\/wp\/v2\/posts\/42171","targetHints":{"allow":["GET"]}}],"collection":[{"href":"https:\/\/deltaimage.de\/wp\/index.php?rest_route=\/wp\/v2\/posts"}],"about":[{"href":"https:\/\/deltaimage.de\/wp\/index.php?rest_route=\/wp\/v2\/types\/post"}],"author":[{"embeddable":true,"href":"https:\/\/deltaimage.de\/wp\/index.php?rest_route=\/wp\/v2\/users\/1"}],"replies":[{"embeddable":true,"href":"https:\/\/deltaimage.de\/wp\/index.php?rest_route=%2Fwp%2Fv2%2Fcomments&post=42171"}],"version-history":[{"count":13,"href":"https:\/\/deltaimage.de\/wp\/index.php?rest_route=\/wp\/v2\/posts\/42171\/revisions"}],"predecessor-version":[{"id":51621,"href":"https:\/\/deltaimage.de\/wp\/index.php?rest_route=\/wp\/v2\/posts\/42171\/revisions\/51621"}],"wp:featuredmedia":[{"embeddable":true,"href":"https:\/\/deltaimage.de\/wp\/index.php?rest_route=\/wp\/v2\/media\/42176"}],"wp:attachment":[{"href":"https:\/\/deltaimage.de\/wp\/index.php?rest_route=%2Fwp%2Fv2%2Fmedia&parent=42171"}],"wp:term":[{"taxonomy":"category","embeddable":true,"href":"https:\/\/deltaimage.de\/wp\/index.php?rest_route=%2Fwp%2Fv2%2Fcategories&post=42171"},{"taxonomy":"post_tag","embeddable":true,"href":"https:\/\/deltaimage.de\/wp\/index.php?rest_route=%2Fwp%2Fv2%2Ftags&post=42171"}],"curies":[{"name":"wp","href":"https:\/\/api.w.org\/{rel}","templated":true}]}}