{"id":42595,"date":"2024-03-16T18:20:10","date_gmt":"2024-03-16T17:20:10","guid":{"rendered":"https:\/\/deltaimage.de\/wp\/?p=42595"},"modified":"2025-08-23T20:57:26","modified_gmt":"2025-08-23T18:57:26","slug":"70-jahre-erstflug-lockheed-f-105-starfighter-flugwerft-schleissheim-deutsches-museum","status":"publish","type":"post","link":"https:\/\/deltaimage.de\/wp\/?p=42595","title":{"rendered":"70 Jahre Erstflug Lockheed F-105 &#8222;Starfighter&#8220; in der Flugwerft Schlei\u00dfheim &#8211; Deutsches Museum"},"content":{"rendered":"\r\n<p><img data-recalc-dims=\"1\" loading=\"lazy\" decoding=\"async\" data-attachment-id=\"33265\" data-permalink=\"https:\/\/deltaimage.de\/wp\/?attachment_id=33265#main\" data-orig-file=\"https:\/\/i0.wp.com\/deltaimage.de\/wp\/wp-content\/uploads\/F-104G-Thomas-Michel-Auflage-2.jpg?fit=843%2C1121&amp;ssl=1\" data-orig-size=\"843,1121\" data-comments-opened=\"0\" data-image-meta=\"{&quot;aperture&quot;:&quot;0&quot;,&quot;credit&quot;:&quot;Paul Eschbach&quot;,&quot;camera&quot;:&quot;&quot;,&quot;caption&quot;:&quot;&quot;,&quot;created_timestamp&quot;:&quot;1642935554&quot;,&quot;copyright&quot;:&quot;&quot;,&quot;focal_length&quot;:&quot;0&quot;,&quot;iso&quot;:&quot;0&quot;,&quot;shutter_speed&quot;:&quot;0&quot;,&quot;title&quot;:&quot;&quot;,&quot;orientation&quot;:&quot;1&quot;}\" data-image-title=\"F-104G Thomas Michel Auflage 2\" data-image-description=\"\" data-image-caption=\"\" data-large-file=\"https:\/\/i0.wp.com\/deltaimage.de\/wp\/wp-content\/uploads\/F-104G-Thomas-Michel-Auflage-2.jpg?fit=843%2C1121&amp;ssl=1\" class=\"alignright wp-image-33265 size-medium\" src=\"https:\/\/i0.wp.com\/deltaimage.de\/wp\/wp-content\/uploads\/F-104G-Thomas-Michel-Auflage-2.jpg?resize=451%2C600&#038;ssl=1\" alt=\"\" width=\"451\" height=\"600\" srcset=\"https:\/\/i0.wp.com\/deltaimage.de\/wp\/wp-content\/uploads\/F-104G-Thomas-Michel-Auflage-2.jpg?resize=451%2C600&amp;ssl=1 451w, https:\/\/i0.wp.com\/deltaimage.de\/wp\/wp-content\/uploads\/F-104G-Thomas-Michel-Auflage-2.jpg?resize=150%2C200&amp;ssl=1 150w, https:\/\/i0.wp.com\/deltaimage.de\/wp\/wp-content\/uploads\/F-104G-Thomas-Michel-Auflage-2.jpg?resize=446%2C593&amp;ssl=1 446w, https:\/\/i0.wp.com\/deltaimage.de\/wp\/wp-content\/uploads\/F-104G-Thomas-Michel-Auflage-2.jpg?resize=338%2C450&amp;ssl=1 338w, https:\/\/i0.wp.com\/deltaimage.de\/wp\/wp-content\/uploads\/F-104G-Thomas-Michel-Auflage-2.jpg?resize=301%2C400&amp;ssl=1 301w, https:\/\/i0.wp.com\/deltaimage.de\/wp\/wp-content\/uploads\/F-104G-Thomas-Michel-Auflage-2.jpg?w=843&amp;ssl=1 843w\" sizes=\"auto, (max-width: 451px) 100vw, 451px\" \/><\/p>\r\n<p>Das <strong>Deutsche Museum<\/strong> hat in der <strong>Flugwerft Schlei\u00dfheim<\/strong> eine <strong>Lockheed F-104G<\/strong> in (fast) originalem Zustand als Ausstellungsexponat stehen. In den letzten Jahren hat sich <strong>Thomas Michel<\/strong> als fr\u00fcher erster Wart (Flugzeug Ger\u00e4te Mechaniker) der <strong>Bundesluftwaffe<\/strong> professionell um die <strong>21+53<\/strong> gek\u00fcmmert und dieses Ausstellungsexponat mit viel Engagement und Faszination, wieder in einen fast originalen Zustand versetzt.<\/p>\r\n<p>Die umfangreichen Arbeiten zur musealen Aufarbeitung auf den originalen Ausr\u00fcstungszustand an der <strong>21+53,<\/strong> sind in einem wunderbaren Buch gesammelt worden und erm\u00f6glichen dem Enthusiasten auch erstmalig einen Blick unter die Au\u00dfenverkleidungen dieses <strong>Meilensteins der Luftfahrt<\/strong>, in der Nachkriegszeit. Dabei kann<strong> Thomas Michel<\/strong> nicht einfach in den Baumarkt gehen und sich ein Ersatzteil kaufen, das ist etwas schwieriger &#8211; aber eine erf\u00fcllende Herausforderung f\u00fcr diesen <strong>F-104G<\/strong> &#8211; Fan.<\/p>\r\n<p>Das Buch ist bei uns in <strong><a href=\"https:\/\/shop.deltaimage.de\/?product=lockheed-starfighter-deutsches-museum-flugwerft-schleissheim\">shop.deltaimage.de<\/a><\/strong> zu bestellen.<\/p>\r\n<p>Das Buch (DIN A4-Format; gebundene Ausgabe, Hardcover) ist bei uns im <strong><a href=\"https:\/\/shop.deltaimage.de\/?product=lockheed-starfighter-deutsches-museum-flugwerft-schleissheim\">shop.deltaimage.de Online im eShop<\/a><\/strong> zu bestellen.<\/p>\r\n<h2>\u00a0<\/h2>\r\n<p><!--more--><\/p>\r\n<h2>Blick in die Sonderausstellung 70 Jahre F-104<\/h2>\r\n<p>Mehr Einblick in die Sonderausstellung, in der Flugwerft Schlei\u00dfheim, im Deutschen Museum, finden Sie in unserem News-Blog Beitrag zur Sonderausstellung. Es \u00f6ffnet sich ein ganz anderer Blick auf dieses einmalige Flugzeug der Nachkriegszeit.<\/p>\r\n<p><img data-recalc-dims=\"1\" loading=\"lazy\" decoding=\"async\" data-attachment-id=\"42587\" data-permalink=\"https:\/\/deltaimage.de\/wp\/?attachment_id=42587\" data-orig-file=\"https:\/\/i0.wp.com\/deltaimage.de\/wp\/wp-content\/uploads\/PE1S0028_900-2.jpg?fit=890%2C593&amp;ssl=1\" data-orig-size=\"890,593\" data-comments-opened=\"1\" data-image-meta=\"{&quot;aperture&quot;:&quot;1.8&quot;,&quot;credit&quot;:&quot;Paul Eschbach&quot;,&quot;camera&quot;:&quot;Canon EOS-1Ds Mark III&quot;,&quot;caption&quot;:&quot;&quot;,&quot;created_timestamp&quot;:&quot;1709548050&quot;,&quot;copyright&quot;:&quot;&quot;,&quot;focal_length&quot;:&quot;24&quot;,&quot;iso&quot;:&quot;400&quot;,&quot;shutter_speed&quot;:&quot;0.005&quot;,&quot;title&quot;:&quot;&quot;,&quot;orientation&quot;:&quot;0&quot;}\" data-image-title=\"PE1S0028_900\" data-image-description=\"\" data-image-caption=\"\" data-large-file=\"https:\/\/i0.wp.com\/deltaimage.de\/wp\/wp-content\/uploads\/PE1S0028_900-2.jpg?fit=890%2C593&amp;ssl=1\" class=\"aligncenter size-full wp-image-42587\" src=\"https:\/\/i0.wp.com\/deltaimage.de\/wp\/wp-content\/uploads\/PE1S0028_900-2.jpg?resize=890%2C593&#038;ssl=1\" alt=\"\" width=\"890\" height=\"593\" srcset=\"https:\/\/i0.wp.com\/deltaimage.de\/wp\/wp-content\/uploads\/PE1S0028_900-2.jpg?w=890&amp;ssl=1 890w, https:\/\/i0.wp.com\/deltaimage.de\/wp\/wp-content\/uploads\/PE1S0028_900-2.jpg?resize=300%2C200&amp;ssl=1 300w, https:\/\/i0.wp.com\/deltaimage.de\/wp\/wp-content\/uploads\/PE1S0028_900-2.jpg?resize=600%2C400&amp;ssl=1 600w, https:\/\/i0.wp.com\/deltaimage.de\/wp\/wp-content\/uploads\/PE1S0028_900-2.jpg?resize=200%2C133&amp;ssl=1 200w\" sizes=\"auto, (max-width: 890px) 100vw, 890px\" \/><\/p>\r\n<p>Durch das Buchprojekt im <a href=\"https:\/\/shop.deltaimage.de\"><strong>DELTA IMAGE Eigenverlag<\/strong><\/a>, kenne ich die innere Technikgeschichte der <strong>F-104G<\/strong> schon in Text und Bild. Nun kann ich mir selbst diese verr\u00fcckte Technik, die weitgehend nach den deutschen Anforderungen nachtr\u00e4glich in das Flugzeug hineinkonstruiert wurde, ansehen. Irgendwie ein gro\u00dfes Wunder, dass das alles auf so engem Platz funktioniert hatte.<\/p>\r\n<div class=\"tiled-gallery type-rectangular tiled-gallery-unresized\" data-original-width=\"890\" data-carousel-extra='{&quot;blog_id&quot;:1,&quot;permalink&quot;:&quot;https:\\\/\\\/deltaimage.de\\\/wp\\\/?p=42595&quot;,&quot;likes_blog_id&quot;:66828988}' itemscope itemtype=\"http:\/\/schema.org\/ImageGallery\" > <div class=\"gallery-row\" style=\"width: 890px; height: 397px;\" data-original-width=\"890\" data-original-height=\"397\" > <div class=\"gallery-group images-1\" style=\"width: 594px; height: 397px;\" data-original-width=\"594\" data-original-height=\"397\" > <div class=\"tiled-gallery-item tiled-gallery-item-large\" itemprop=\"associatedMedia\" itemscope itemtype=\"http:\/\/schema.org\/ImageObject\"> <a href=\"https:\/\/deltaimage.de\/wp\/?attachment_id=42599#main\" border=\"0\" itemprop=\"url\"> <meta itemprop=\"width\" content=\"590\"> <meta itemprop=\"height\" content=\"393\"> <img decoding=\"async\" class=\"\" data-attachment-id=\"42599\" data-orig-file=\"https:\/\/deltaimage.de\/wp\/wp-content\/uploads\/PE1S0029_900-2.jpg\" data-orig-size=\"890,593\" data-comments-opened=\"1\" data-image-meta=\"{&quot;aperture&quot;:&quot;2.8&quot;,&quot;credit&quot;:&quot;Paul Eschbach&quot;,&quot;camera&quot;:&quot;Canon EOS-1Ds Mark III&quot;,&quot;caption&quot;:&quot;&quot;,&quot;created_timestamp&quot;:&quot;1709548817&quot;,&quot;copyright&quot;:&quot;&quot;,&quot;focal_length&quot;:&quot;24&quot;,&quot;iso&quot;:&quot;400&quot;,&quot;shutter_speed&quot;:&quot;0.0125&quot;,&quot;title&quot;:&quot;&quot;,&quot;orientation&quot;:&quot;0&quot;}\" data-image-title=\"PE1S0029_900\" data-image-description=\"\" data-medium-file=\"https:\/\/i0.wp.com\/deltaimage.de\/wp\/wp-content\/uploads\/PE1S0029_900-2.jpg?fit=890%2C593&#038;ssl=1\" data-large-file=\"https:\/\/i0.wp.com\/deltaimage.de\/wp\/wp-content\/uploads\/PE1S0029_900-2.jpg?fit=890%2C593&#038;ssl=1\" src=\"https:\/\/i0.wp.com\/deltaimage.de\/wp\/wp-content\/uploads\/PE1S0029_900-2.jpg?w=590&#038;h=393&#038;ssl=1\" srcset=\"https:\/\/i0.wp.com\/deltaimage.de\/wp\/wp-content\/uploads\/PE1S0029_900-2.jpg?w=890&amp;ssl=1 890w, https:\/\/i0.wp.com\/deltaimage.de\/wp\/wp-content\/uploads\/PE1S0029_900-2.jpg?resize=300%2C200&amp;ssl=1 300w, https:\/\/i0.wp.com\/deltaimage.de\/wp\/wp-content\/uploads\/PE1S0029_900-2.jpg?resize=600%2C400&amp;ssl=1 600w, https:\/\/i0.wp.com\/deltaimage.de\/wp\/wp-content\/uploads\/PE1S0029_900-2.jpg?resize=200%2C133&amp;ssl=1 200w\" width=\"590\" height=\"393\" loading=\"lazy\" data-original-width=\"590\" data-original-height=\"393\" itemprop=\"http:\/\/schema.org\/image\" title=\"PE1S0029_900\" alt=\"PE1S0029_900\" style=\"width: 590px; height: 393px;\" \/> <\/a> <\/div> <\/div> <!-- close group --> <div class=\"gallery-group images-2\" style=\"width: 296px; height: 397px;\" data-original-width=\"296\" data-original-height=\"397\" > <div class=\"tiled-gallery-item tiled-gallery-item-large\" itemprop=\"associatedMedia\" itemscope itemtype=\"http:\/\/schema.org\/ImageObject\"> <a href=\"https:\/\/deltaimage.de\/wp\/?attachment_id=42604#main\" border=\"0\" itemprop=\"url\"> <meta itemprop=\"width\" content=\"292\"> <meta itemprop=\"height\" content=\"195\"> <img decoding=\"async\" class=\"\" data-attachment-id=\"42604\" data-orig-file=\"https:\/\/deltaimage.de\/wp\/wp-content\/uploads\/PE1S0021_900-1.jpg\" data-orig-size=\"890,593\" data-comments-opened=\"1\" data-image-meta=\"{&quot;aperture&quot;:&quot;2.8&quot;,&quot;credit&quot;:&quot;Paul Eschbach&quot;,&quot;camera&quot;:&quot;Canon EOS-1Ds Mark III&quot;,&quot;caption&quot;:&quot;&quot;,&quot;created_timestamp&quot;:&quot;1709546407&quot;,&quot;copyright&quot;:&quot;&quot;,&quot;focal_length&quot;:&quot;24&quot;,&quot;iso&quot;:&quot;400&quot;,&quot;shutter_speed&quot;:&quot;0.016666666666667&quot;,&quot;title&quot;:&quot;&quot;,&quot;orientation&quot;:&quot;0&quot;}\" data-image-title=\"PE1S0021_900\" data-image-description=\"\" data-medium-file=\"https:\/\/i0.wp.com\/deltaimage.de\/wp\/wp-content\/uploads\/PE1S0021_900-1.jpg?fit=890%2C593&#038;ssl=1\" data-large-file=\"https:\/\/i0.wp.com\/deltaimage.de\/wp\/wp-content\/uploads\/PE1S0021_900-1.jpg?fit=890%2C593&#038;ssl=1\" src=\"https:\/\/i0.wp.com\/deltaimage.de\/wp\/wp-content\/uploads\/PE1S0021_900-1.jpg?w=292&#038;h=195&#038;ssl=1\" srcset=\"https:\/\/i0.wp.com\/deltaimage.de\/wp\/wp-content\/uploads\/PE1S0021_900-1.jpg?w=890&amp;ssl=1 890w, https:\/\/i0.wp.com\/deltaimage.de\/wp\/wp-content\/uploads\/PE1S0021_900-1.jpg?resize=300%2C200&amp;ssl=1 300w, https:\/\/i0.wp.com\/deltaimage.de\/wp\/wp-content\/uploads\/PE1S0021_900-1.jpg?resize=600%2C400&amp;ssl=1 600w, https:\/\/i0.wp.com\/deltaimage.de\/wp\/wp-content\/uploads\/PE1S0021_900-1.jpg?resize=200%2C133&amp;ssl=1 200w\" width=\"292\" height=\"195\" loading=\"lazy\" data-original-width=\"292\" data-original-height=\"195\" itemprop=\"http:\/\/schema.org\/image\" title=\"PE1S0021_900\" alt=\"Kuchen zum Jubil\u00e4um, f\u00fcr die G\u00e4ste zur Er\u00f6ffnung der Sonderausstellung.\" style=\"width: 292px; height: 195px;\" \/> <\/a> <div class=\"tiled-gallery-caption\" itemprop=\"caption description\"> Kuchen zum Jubil\u00e4um, f\u00fcr die G\u00e4ste zur Er\u00f6ffnung der Sonderausstellung. <\/div> <\/div> <div class=\"tiled-gallery-item tiled-gallery-item-large\" itemprop=\"associatedMedia\" itemscope itemtype=\"http:\/\/schema.org\/ImageObject\"> <a href=\"https:\/\/deltaimage.de\/wp\/?attachment_id=42603#main\" border=\"0\" itemprop=\"url\"> <meta itemprop=\"width\" content=\"292\"> <meta itemprop=\"height\" content=\"194\"> <img decoding=\"async\" class=\"\" data-attachment-id=\"42603\" data-orig-file=\"https:\/\/deltaimage.de\/wp\/wp-content\/uploads\/PE1S0024_900-1.jpg\" data-orig-size=\"890,593\" data-comments-opened=\"1\" data-image-meta=\"{&quot;aperture&quot;:&quot;1.4&quot;,&quot;credit&quot;:&quot;Paul Eschbach&quot;,&quot;camera&quot;:&quot;Canon EOS-1Ds Mark III&quot;,&quot;caption&quot;:&quot;&quot;,&quot;created_timestamp&quot;:&quot;1709547036&quot;,&quot;copyright&quot;:&quot;&quot;,&quot;focal_length&quot;:&quot;24&quot;,&quot;iso&quot;:&quot;400&quot;,&quot;shutter_speed&quot;:&quot;0.004&quot;,&quot;title&quot;:&quot;&quot;,&quot;orientation&quot;:&quot;0&quot;}\" data-image-title=\"PE1S0024_900\" data-image-description=\"\" data-medium-file=\"https:\/\/i0.wp.com\/deltaimage.de\/wp\/wp-content\/uploads\/PE1S0024_900-1.jpg?fit=890%2C593&#038;ssl=1\" data-large-file=\"https:\/\/i0.wp.com\/deltaimage.de\/wp\/wp-content\/uploads\/PE1S0024_900-1.jpg?fit=890%2C593&#038;ssl=1\" src=\"https:\/\/i0.wp.com\/deltaimage.de\/wp\/wp-content\/uploads\/PE1S0024_900-1.jpg?w=292&#038;h=194&#038;ssl=1\" srcset=\"https:\/\/i0.wp.com\/deltaimage.de\/wp\/wp-content\/uploads\/PE1S0024_900-1.jpg?w=890&amp;ssl=1 890w, https:\/\/i0.wp.com\/deltaimage.de\/wp\/wp-content\/uploads\/PE1S0024_900-1.jpg?resize=300%2C200&amp;ssl=1 300w, https:\/\/i0.wp.com\/deltaimage.de\/wp\/wp-content\/uploads\/PE1S0024_900-1.jpg?resize=600%2C400&amp;ssl=1 600w, https:\/\/i0.wp.com\/deltaimage.de\/wp\/wp-content\/uploads\/PE1S0024_900-1.jpg?resize=200%2C133&amp;ssl=1 200w\" width=\"292\" height=\"194\" loading=\"lazy\" data-original-width=\"292\" data-original-height=\"194\" itemprop=\"http:\/\/schema.org\/image\" title=\"PE1S0024_900\" alt=\"Thomas Michel stellt die von Ihm konzipierte und zusammengetragene Sonderausstellung F-104G vor.\" style=\"width: 292px; height: 194px;\" \/> <\/a> <div class=\"tiled-gallery-caption\" itemprop=\"caption description\"> Thomas Michel stellt die von Ihm konzipierte und zusammengetragene Sonderausstellung F-104G vor. <\/div> <\/div> <\/div> <!-- close group --> <\/div> <!-- close row --> <div class=\"gallery-row\" style=\"width: 890px; height: 150px;\" data-original-width=\"890\" data-original-height=\"150\" > <div class=\"gallery-group images-1\" style=\"width: 223px; height: 150px;\" data-original-width=\"223\" data-original-height=\"150\" > <div class=\"tiled-gallery-item tiled-gallery-item-small\" itemprop=\"associatedMedia\" itemscope itemtype=\"http:\/\/schema.org\/ImageObject\"> <a href=\"https:\/\/deltaimage.de\/wp\/?attachment_id=42598#main\" border=\"0\" itemprop=\"url\"> <meta itemprop=\"width\" content=\"219\"> <meta itemprop=\"height\" content=\"146\"> <img decoding=\"async\" class=\"\" data-attachment-id=\"42598\" data-orig-file=\"https:\/\/deltaimage.de\/wp\/wp-content\/uploads\/PE1S0027_900.jpg\" data-orig-size=\"890,593\" data-comments-opened=\"1\" data-image-meta=\"{&quot;aperture&quot;:&quot;1.8&quot;,&quot;credit&quot;:&quot;Paul Eschbach&quot;,&quot;camera&quot;:&quot;Canon EOS-1Ds Mark III&quot;,&quot;caption&quot;:&quot;&quot;,&quot;created_timestamp&quot;:&quot;1709547409&quot;,&quot;copyright&quot;:&quot;&quot;,&quot;focal_length&quot;:&quot;24&quot;,&quot;iso&quot;:&quot;400&quot;,&quot;shutter_speed&quot;:&quot;0.002&quot;,&quot;title&quot;:&quot;&quot;,&quot;orientation&quot;:&quot;0&quot;}\" data-image-title=\"PE1S0027_900\" data-image-description=\"\" data-medium-file=\"https:\/\/i0.wp.com\/deltaimage.de\/wp\/wp-content\/uploads\/PE1S0027_900.jpg?fit=890%2C593&#038;ssl=1\" data-large-file=\"https:\/\/i0.wp.com\/deltaimage.de\/wp\/wp-content\/uploads\/PE1S0027_900.jpg?fit=890%2C593&#038;ssl=1\" src=\"https:\/\/i0.wp.com\/deltaimage.de\/wp\/wp-content\/uploads\/PE1S0027_900.jpg?w=219&#038;h=146&#038;ssl=1\" srcset=\"https:\/\/i0.wp.com\/deltaimage.de\/wp\/wp-content\/uploads\/PE1S0027_900.jpg?w=890&amp;ssl=1 890w, https:\/\/i0.wp.com\/deltaimage.de\/wp\/wp-content\/uploads\/PE1S0027_900.jpg?resize=300%2C200&amp;ssl=1 300w, https:\/\/i0.wp.com\/deltaimage.de\/wp\/wp-content\/uploads\/PE1S0027_900.jpg?resize=600%2C400&amp;ssl=1 600w, https:\/\/i0.wp.com\/deltaimage.de\/wp\/wp-content\/uploads\/PE1S0027_900.jpg?resize=200%2C133&amp;ssl=1 200w\" width=\"219\" height=\"146\" loading=\"lazy\" data-original-width=\"219\" data-original-height=\"146\" itemprop=\"http:\/\/schema.org\/image\" title=\"PE1S0027_900\" alt=\"PE1S0027_900\" style=\"width: 219px; height: 146px;\" \/> <\/a> <\/div> <\/div> <!-- close group --> <div class=\"gallery-group images-1\" style=\"width: 223px; height: 150px;\" data-original-width=\"223\" data-original-height=\"150\" > <div class=\"tiled-gallery-item tiled-gallery-item-small\" itemprop=\"associatedMedia\" itemscope itemtype=\"http:\/\/schema.org\/ImageObject\"> <a href=\"https:\/\/deltaimage.de\/wp\/?attachment_id=42601#main\" border=\"0\" itemprop=\"url\"> <meta itemprop=\"width\" content=\"219\"> <meta itemprop=\"height\" content=\"146\"> <img decoding=\"async\" class=\"\" data-attachment-id=\"42601\" data-orig-file=\"https:\/\/deltaimage.de\/wp\/wp-content\/uploads\/PE1S0034_900.jpg\" data-orig-size=\"890,593\" data-comments-opened=\"1\" data-image-meta=\"{&quot;aperture&quot;:&quot;1.4&quot;,&quot;credit&quot;:&quot;Paul Eschbach&quot;,&quot;camera&quot;:&quot;Canon EOS-1Ds Mark III&quot;,&quot;caption&quot;:&quot;&quot;,&quot;created_timestamp&quot;:&quot;1709550926&quot;,&quot;copyright&quot;:&quot;&quot;,&quot;focal_length&quot;:&quot;24&quot;,&quot;iso&quot;:&quot;400&quot;,&quot;shutter_speed&quot;:&quot;0.002&quot;,&quot;title&quot;:&quot;&quot;,&quot;orientation&quot;:&quot;0&quot;}\" data-image-title=\"PE1S0034_900\" data-image-description=\"\" data-medium-file=\"https:\/\/i0.wp.com\/deltaimage.de\/wp\/wp-content\/uploads\/PE1S0034_900.jpg?fit=890%2C593&#038;ssl=1\" data-large-file=\"https:\/\/i0.wp.com\/deltaimage.de\/wp\/wp-content\/uploads\/PE1S0034_900.jpg?fit=890%2C593&#038;ssl=1\" src=\"https:\/\/i0.wp.com\/deltaimage.de\/wp\/wp-content\/uploads\/PE1S0034_900.jpg?w=219&#038;h=146&#038;ssl=1\" srcset=\"https:\/\/i0.wp.com\/deltaimage.de\/wp\/wp-content\/uploads\/PE1S0034_900.jpg?w=890&amp;ssl=1 890w, https:\/\/i0.wp.com\/deltaimage.de\/wp\/wp-content\/uploads\/PE1S0034_900.jpg?resize=300%2C200&amp;ssl=1 300w, https:\/\/i0.wp.com\/deltaimage.de\/wp\/wp-content\/uploads\/PE1S0034_900.jpg?resize=600%2C400&amp;ssl=1 600w, https:\/\/i0.wp.com\/deltaimage.de\/wp\/wp-content\/uploads\/PE1S0034_900.jpg?resize=200%2C133&amp;ssl=1 200w\" width=\"219\" height=\"146\" loading=\"lazy\" data-original-width=\"219\" data-original-height=\"146\" itemprop=\"http:\/\/schema.org\/image\" title=\"PE1S0034_900\" alt=\"PE1S0034_900\" style=\"width: 219px; height: 146px;\" \/> <\/a> <\/div> <\/div> <!-- close group --> <div class=\"gallery-group images-1\" style=\"width: 222px; height: 150px;\" data-original-width=\"222\" data-original-height=\"150\" > <div class=\"tiled-gallery-item tiled-gallery-item-small\" itemprop=\"associatedMedia\" itemscope itemtype=\"http:\/\/schema.org\/ImageObject\"> <a href=\"https:\/\/deltaimage.de\/wp\/?attachment_id=42602#main\" border=\"0\" itemprop=\"url\"> <meta itemprop=\"width\" content=\"218\"> <meta itemprop=\"height\" content=\"146\"> <img decoding=\"async\" class=\"\" data-attachment-id=\"42602\" data-orig-file=\"https:\/\/deltaimage.de\/wp\/wp-content\/uploads\/PE1S0037_900.jpg\" data-orig-size=\"890,593\" data-comments-opened=\"1\" data-image-meta=\"{&quot;aperture&quot;:&quot;9&quot;,&quot;credit&quot;:&quot;Paul Eschbach&quot;,&quot;camera&quot;:&quot;Canon EOS-1Ds Mark III&quot;,&quot;caption&quot;:&quot;&quot;,&quot;created_timestamp&quot;:&quot;1709551023&quot;,&quot;copyright&quot;:&quot;&quot;,&quot;focal_length&quot;:&quot;24&quot;,&quot;iso&quot;:&quot;400&quot;,&quot;shutter_speed&quot;:&quot;1&quot;,&quot;title&quot;:&quot;&quot;,&quot;orientation&quot;:&quot;0&quot;}\" data-image-title=\"PE1S0037_900\" data-image-description=\"\" data-medium-file=\"https:\/\/i0.wp.com\/deltaimage.de\/wp\/wp-content\/uploads\/PE1S0037_900.jpg?fit=890%2C593&#038;ssl=1\" data-large-file=\"https:\/\/i0.wp.com\/deltaimage.de\/wp\/wp-content\/uploads\/PE1S0037_900.jpg?fit=890%2C593&#038;ssl=1\" src=\"https:\/\/i0.wp.com\/deltaimage.de\/wp\/wp-content\/uploads\/PE1S0037_900.jpg?w=218&#038;h=146&#038;ssl=1\" srcset=\"https:\/\/i0.wp.com\/deltaimage.de\/wp\/wp-content\/uploads\/PE1S0037_900.jpg?w=890&amp;ssl=1 890w, https:\/\/i0.wp.com\/deltaimage.de\/wp\/wp-content\/uploads\/PE1S0037_900.jpg?resize=300%2C200&amp;ssl=1 300w, https:\/\/i0.wp.com\/deltaimage.de\/wp\/wp-content\/uploads\/PE1S0037_900.jpg?resize=600%2C400&amp;ssl=1 600w, https:\/\/i0.wp.com\/deltaimage.de\/wp\/wp-content\/uploads\/PE1S0037_900.jpg?resize=200%2C133&amp;ssl=1 200w\" width=\"218\" height=\"146\" loading=\"lazy\" data-original-width=\"218\" data-original-height=\"146\" itemprop=\"http:\/\/schema.org\/image\" title=\"PE1S0037_900\" alt=\"PE1S0037_900\" style=\"width: 218px; height: 146px;\" \/> <\/a> <\/div> <\/div> <!-- close group --> <div class=\"gallery-group images-1\" style=\"width: 222px; height: 150px;\" data-original-width=\"222\" data-original-height=\"150\" > <div class=\"tiled-gallery-item tiled-gallery-item-small\" itemprop=\"associatedMedia\" itemscope itemtype=\"http:\/\/schema.org\/ImageObject\"> <a href=\"https:\/\/deltaimage.de\/wp\/?attachment_id=42600#main\" border=\"0\" itemprop=\"url\"> <meta itemprop=\"width\" content=\"218\"> <meta itemprop=\"height\" content=\"146\"> <img decoding=\"async\" class=\"\" data-attachment-id=\"42600\" data-orig-file=\"https:\/\/deltaimage.de\/wp\/wp-content\/uploads\/PE1S0032_900-4.jpg\" data-orig-size=\"890,593\" data-comments-opened=\"1\" data-image-meta=\"{&quot;aperture&quot;:&quot;1.4&quot;,&quot;credit&quot;:&quot;Paul Eschbach&quot;,&quot;camera&quot;:&quot;Canon EOS-1Ds Mark III&quot;,&quot;caption&quot;:&quot;&quot;,&quot;created_timestamp&quot;:&quot;1709549945&quot;,&quot;copyright&quot;:&quot;&quot;,&quot;focal_length&quot;:&quot;24&quot;,&quot;iso&quot;:&quot;400&quot;,&quot;shutter_speed&quot;:&quot;0.0015625&quot;,&quot;title&quot;:&quot;&quot;,&quot;orientation&quot;:&quot;0&quot;}\" data-image-title=\"PE1S0032_900\" data-image-description=\"\" data-medium-file=\"https:\/\/i0.wp.com\/deltaimage.de\/wp\/wp-content\/uploads\/PE1S0032_900-4.jpg?fit=890%2C593&#038;ssl=1\" data-large-file=\"https:\/\/i0.wp.com\/deltaimage.de\/wp\/wp-content\/uploads\/PE1S0032_900-4.jpg?fit=890%2C593&#038;ssl=1\" src=\"https:\/\/i0.wp.com\/deltaimage.de\/wp\/wp-content\/uploads\/PE1S0032_900-4.jpg?w=218&#038;h=146&#038;ssl=1\" srcset=\"https:\/\/i0.wp.com\/deltaimage.de\/wp\/wp-content\/uploads\/PE1S0032_900-4.jpg?w=890&amp;ssl=1 890w, https:\/\/i0.wp.com\/deltaimage.de\/wp\/wp-content\/uploads\/PE1S0032_900-4.jpg?resize=300%2C200&amp;ssl=1 300w, https:\/\/i0.wp.com\/deltaimage.de\/wp\/wp-content\/uploads\/PE1S0032_900-4.jpg?resize=600%2C400&amp;ssl=1 600w, https:\/\/i0.wp.com\/deltaimage.de\/wp\/wp-content\/uploads\/PE1S0032_900-4.jpg?resize=200%2C133&amp;ssl=1 200w\" width=\"218\" height=\"146\" loading=\"lazy\" data-original-width=\"218\" data-original-height=\"146\" itemprop=\"http:\/\/schema.org\/image\" title=\"PE1S0032_900\" alt=\"PE1S0032_900\" style=\"width: 218px; height: 146px;\" \/> <\/a> <\/div> <\/div> <!-- close group --> <\/div> <!-- close row --> <\/div>\r\n<h2>\u00a0<\/h2>\r\n<h2>70 Jahre Erstflug am 4.3.1954 &#8211; 4.3.2024<\/h2>\r\n<p>Vor <strong>70 Jahren<\/strong> erhob sich die <strong>F-104<\/strong> mit bis zu Mach 2,2 (mehr als zweifache <strong>Schallgeschwindigkeit<\/strong>), erstmalig in die L\u00fcfte und revolutionierte gleich die Luftfahrt, nicht einmal 10 Jahre nach dem Ende des Weltkrieges und katapultierte uns alle in das Jet-Zeitalter. Kein Flugzeugmuster war schneller, kein Flugzeug stieg schneller und kein Jet stieg h\u00f6her &#8211; alle drei Rekorde hielt die <strong>F-104<\/strong> zur gleichen Zeit \u00fcber Jahre hinweg. Der <strong>Starfighter<\/strong> war auch der Traum der Milit\u00e4rpiloten der Zeit, eine Rakete mit Fl\u00fcgeln und einem kleinen Cockpit daran montiert.<\/p>\r\n<p>Die Bundesluftwaffe beschaffte die <strong>F-104<\/strong> in der Version <strong>F-104G<\/strong> als <strong>Jagdflugzeug<\/strong>, <strong>Jagdbomber<\/strong>, <strong>Aufkl\u00e4rer<\/strong>, <strong>Trainer<\/strong> und <strong>Marineflieger<\/strong> in den 60er-Jahren (letztes Jahrtausend) in 913 Einheiten und l\u00f6ste damit eine ganze Reihe an Vorg\u00e4nger-Muster so mit einem einzigen Einsatzmuster ab.<\/p>\r\n<p>In der Produktionszeit von 1956 bis 1975 in den USA und den weltweiten Lizenznehmern, darunter auch Deutschland, wurden 2578 Flugzeuge gebaut. Deutschland stellte die F-104G zusammen mit den Luftstreitkr\u00e4ften in <strong>Italien<\/strong>, <strong>Niederlande<\/strong>, <strong>Belgien<\/strong>, <strong>Kanada<\/strong>, <strong>Taiwan<\/strong>, <strong>D\u00e4nemark<\/strong>, <strong>Griechenland<\/strong>, <strong>Japan<\/strong>, <strong>Jordanien<\/strong>, <strong>Norwegen<\/strong>, <strong>Pakistan<\/strong>, <strong>Puerto Rico<\/strong>, <strong>Spanien<\/strong>, <strong>T\u00fcrkei<\/strong> und schlie\u00dflich nicht die <strong>NASA<\/strong> zu vergessen, in den Flugbetrieb.<\/p>\r\n<p>&nbsp;<\/p>\r\n<h2>Sonderausstellung zum Erstflug in der Flugwerft Schlei\u00dfheim<\/h2>\r\n<p>Das Deutsche Museum und Thomas Michel haben sich wiederum mit viel M\u00fche und Engagement, eine Sammlung an herrlichen Exponaten zur Erl\u00e4uterung der Technik und des Einsatzes des Starfighters in die Flugwerft Schlei\u00dfheim geholt, um dieses Jubil\u00e4um und den Meilenstein zu w\u00fcrdigen.<\/p>\r\n","protected":false},"excerpt":{"rendered":"<p>Das Deutsche Museum hat in der Flugwerft Schlei\u00dfheim eine Lockheed F-104G in (fast) originalem Zustand als Ausstellungsexponat stehen. In den letzten Jahren hat sich Thomas Michel als fr\u00fcher erster Wart [&hellip;]<\/p>\n","protected":false},"author":1,"featured_media":42586,"comment_status":"open","ping_status":"closed","sticky":false,"template":"","format":"standard","meta":{"wpupg_custom_link":[],"wpupg_custom_link_behaviour":["default"],"wpupg_custom_link_nofollow":["default"],"wpupg_custom_image":[],"wpupg_custom_image_id":[],"jetpack_post_was_ever_published":false,"footnotes":""},"categories":[8],"tags":[3699,3696,71,3271,3131,204,617,3695,3698,1051],"class_list":["post-42595","post","type-post","status-publish","format-standard","has-post-thumbnail","hentry","category-news","tag-70-jahre","tag-bundesluftwaffe","tag-deutsches-museum","tag-erstflug","tag-f-104g","tag-flugwerft-schleissheim","tag-jet","tag-lockheed","tag-mach-2-2","tag-starfighter"],"jetpack_featured_media_url":"https:\/\/i0.wp.com\/deltaimage.de\/wp\/wp-content\/uploads\/PE1S0043_1200.jpg?fit=1200%2C450&ssl=1","jetpack-related-posts":[{"id":33197,"url":"https:\/\/deltaimage.de\/wp\/?p=33197","url_meta":{"origin":42595,"position":0},"title":"F-104 &#8222;Starfighter&#8220; im Flugwerft-Shop neu eingetroffen","author":"EschbacP","date":"4. M\u00e4rz 2022","format":false,"excerpt":"Heute sind die neuen B\u00fccher zu unserem Projekt Lockheed \u201eStarfighter\u201c F-104G (21+53) im Deutschen Museum Flugwerft Schlei\u00dfheim als neue Buchlieferung eingetroffen und sind nun zum Verkauf in der Flugwerft und hier im SHOP.deltaimage.de verf\u00fcgbar. \u00a0 Ein Museums-Exponat wird in den zeitgem\u00e4\u00dfen Zustand zur\u00fcckgef\u00fchrt Das Deutsche Museum erh\u00e4lt die fliegenden Exponate\u2026","rel":"","context":"In &quot;Buch&quot;","block_context":{"text":"Buch","link":"https:\/\/deltaimage.de\/wp\/?cat=1189"},"img":{"alt_text":"","src":"https:\/\/i0.wp.com\/deltaimage.de\/wp\/wp-content\/uploads\/IMG_20220304_143041_1200.jpg?fit=1200%2C450&ssl=1&resize=350%2C200","width":350,"height":200,"srcset":"https:\/\/i0.wp.com\/deltaimage.de\/wp\/wp-content\/uploads\/IMG_20220304_143041_1200.jpg?fit=1200%2C450&ssl=1&resize=350%2C200 1x, https:\/\/i0.wp.com\/deltaimage.de\/wp\/wp-content\/uploads\/IMG_20220304_143041_1200.jpg?fit=1200%2C450&ssl=1&resize=525%2C300 1.5x, https:\/\/i0.wp.com\/deltaimage.de\/wp\/wp-content\/uploads\/IMG_20220304_143041_1200.jpg?fit=1200%2C450&ssl=1&resize=700%2C400 2x, https:\/\/i0.wp.com\/deltaimage.de\/wp\/wp-content\/uploads\/IMG_20220304_143041_1200.jpg?fit=1200%2C450&ssl=1&resize=1050%2C600 3x"},"classes":[]},{"id":30891,"url":"https:\/\/deltaimage.de\/wp\/?p=30891","url_meta":{"origin":42595,"position":1},"title":"Der Nikolaus bringt das erste eigene Buch in die Flugwerft Schlei\u00dfheim","author":"EschbacP","date":"12. Dezember 2021","format":false,"excerpt":"Der Nikolaus kommt dieses Jahr zu einem Mitarbeiter in der Flugwerft Schlei\u00dfheim und hat den Sack voller B\u00fccher. Nicht irgend welche B\u00fccher ... B\u00fccher, die man selbst gemacht hat, sind schon ein ganz besonderes Erlebnis und Ereignis - auch ganz ohne Nikolaus. Thomas Michel hat \u00fcber 5 Jahre seine Arbeit\u2026","rel":"","context":"In &quot;Buch&quot;","block_context":{"text":"Buch","link":"https:\/\/deltaimage.de\/wp\/?cat=1189"},"img":{"alt_text":"","src":"https:\/\/i0.wp.com\/deltaimage.de\/wp\/wp-content\/uploads\/IMG_20211212_124701_1_1200.jpg?fit=1200%2C450&ssl=1&resize=350%2C200","width":350,"height":200,"srcset":"https:\/\/i0.wp.com\/deltaimage.de\/wp\/wp-content\/uploads\/IMG_20211212_124701_1_1200.jpg?fit=1200%2C450&ssl=1&resize=350%2C200 1x, https:\/\/i0.wp.com\/deltaimage.de\/wp\/wp-content\/uploads\/IMG_20211212_124701_1_1200.jpg?fit=1200%2C450&ssl=1&resize=525%2C300 1.5x, https:\/\/i0.wp.com\/deltaimage.de\/wp\/wp-content\/uploads\/IMG_20211212_124701_1_1200.jpg?fit=1200%2C450&ssl=1&resize=700%2C400 2x, https:\/\/i0.wp.com\/deltaimage.de\/wp\/wp-content\/uploads\/IMG_20211212_124701_1_1200.jpg?fit=1200%2C450&ssl=1&resize=1050%2C600 3x"},"classes":[]},{"id":30838,"url":"https:\/\/deltaimage.de\/wp\/?p=30838","url_meta":{"origin":42595,"position":2},"title":"Neues Buchprojekt: F-104G &#8222;Starfighter&#8220; in der Flugwerft Schlei\u00dfheim","author":"EschbacP","date":"30. November 2021","format":false,"excerpt":"Neue Buchprojekte sind immer spannend \u00fcber alle Projektphasen des Projektes - bis hin zu den ersten Exemplaren, die man in den H\u00e4nden h\u00e4lt. Heute kam ein Versandkarton von der Druckerei und die ersten Exemplare sind da. \u00a0 Die F-104G (21+53) in der Flugwerft Schlei\u00dfheim im ungewohnten Blickwinkel Das neue Buchprojekt\u2026","rel":"","context":"In &quot;Buch&quot;","block_context":{"text":"Buch","link":"https:\/\/deltaimage.de\/wp\/?cat=1189"},"img":{"alt_text":"","src":"https:\/\/i0.wp.com\/deltaimage.de\/wp\/wp-content\/uploads\/IMG_3523_1200.jpg?fit=1200%2C450&ssl=1&resize=350%2C200","width":350,"height":200,"srcset":"https:\/\/i0.wp.com\/deltaimage.de\/wp\/wp-content\/uploads\/IMG_3523_1200.jpg?fit=1200%2C450&ssl=1&resize=350%2C200 1x, https:\/\/i0.wp.com\/deltaimage.de\/wp\/wp-content\/uploads\/IMG_3523_1200.jpg?fit=1200%2C450&ssl=1&resize=525%2C300 1.5x, https:\/\/i0.wp.com\/deltaimage.de\/wp\/wp-content\/uploads\/IMG_3523_1200.jpg?fit=1200%2C450&ssl=1&resize=700%2C400 2x, https:\/\/i0.wp.com\/deltaimage.de\/wp\/wp-content\/uploads\/IMG_3523_1200.jpg?fit=1200%2C450&ssl=1&resize=1050%2C600 3x"},"classes":[]},{"id":48319,"url":"https:\/\/deltaimage.de\/wp\/?p=48319","url_meta":{"origin":42595,"position":3},"title":"100 Jahre Erstflug UDET U12 &#8222;Flamingo&#8220; in der Flugwerft Schlei\u00dfheim &#8211; Ausstellungstafeln","author":"EschbacP","date":"14. M\u00e4rz 2025","format":false,"excerpt":"Am 5.4. und 6.4.2025 wird in der Flugwerft Schlei\u00dfheim im Deutschen Museum in Oberschlei\u00dfheim 100 Jahre Erstflug des UDET U12 \"Flamingo\" (1925 - 2025) gefeiert. Kein Geringerer als der Firmengr\u00fcnder Ernst Udet selbst, hat dieses von ihm erdachte Flugzeug als Standard-Sport-Flugzeug und Standard-Schul-Flugzeug am Flugplatz Schlei\u00dfheim zum ersten Male in\u2026","rel":"","context":"In &quot;Buch&quot;","block_context":{"text":"Buch","link":"https:\/\/deltaimage.de\/wp\/?cat=1189"},"img":{"alt_text":"","src":"https:\/\/i0.wp.com\/deltaimage.de\/wp\/wp-content\/uploads\/IMG_20250314_125334-1200.jpg?fit=1199%2C449&ssl=1&resize=350%2C200","width":350,"height":200,"srcset":"https:\/\/i0.wp.com\/deltaimage.de\/wp\/wp-content\/uploads\/IMG_20250314_125334-1200.jpg?fit=1199%2C449&ssl=1&resize=350%2C200 1x, https:\/\/i0.wp.com\/deltaimage.de\/wp\/wp-content\/uploads\/IMG_20250314_125334-1200.jpg?fit=1199%2C449&ssl=1&resize=525%2C300 1.5x, https:\/\/i0.wp.com\/deltaimage.de\/wp\/wp-content\/uploads\/IMG_20250314_125334-1200.jpg?fit=1199%2C449&ssl=1&resize=700%2C400 2x, https:\/\/i0.wp.com\/deltaimage.de\/wp\/wp-content\/uploads\/IMG_20250314_125334-1200.jpg?fit=1199%2C449&ssl=1&resize=1050%2C600 3x"},"classes":[]},{"id":47926,"url":"https:\/\/deltaimage.de\/wp\/?p=47926","url_meta":{"origin":42595,"position":4},"title":"Buch-Neuvorstellung: Udet U12 &#8222;Flamingo&#8220; &#8211; 100 Erstflug in Schlei\u00dfheim 1925 &#8211; 2025","author":"EschbacP","date":"22. Februar 2025","format":false,"excerpt":"Buch-Neuvorstellung: Udet U12 \"Flamingo\" - 100 Erstflug in Schlei\u00dfheim 1925 - 2025 Die Buch-Neuvorstellung im DELTA IMAGE - Eigenverlag von Paul Eschbach stellt die Udet U12 \"Flamingo\" in einen neuen FOTO-BILDBAND zur Luftfahrtgeschichte in Bayern vor. Dieses Jahr wird der Erstflug der Udet U12 \"Flamingo\" in Schlei\u00dfheim genau 100 Jahre\u2026","rel":"","context":"In &quot;Buch&quot;","block_context":{"text":"Buch","link":"https:\/\/deltaimage.de\/wp\/?cat=1189"},"img":{"alt_text":"","src":"https:\/\/i0.wp.com\/deltaimage.de\/wp\/wp-content\/uploads\/Plakat_Flamingo-1200.jpg?fit=1200%2C447&ssl=1&resize=350%2C200","width":350,"height":200,"srcset":"https:\/\/i0.wp.com\/deltaimage.de\/wp\/wp-content\/uploads\/Plakat_Flamingo-1200.jpg?fit=1200%2C447&ssl=1&resize=350%2C200 1x, https:\/\/i0.wp.com\/deltaimage.de\/wp\/wp-content\/uploads\/Plakat_Flamingo-1200.jpg?fit=1200%2C447&ssl=1&resize=525%2C300 1.5x, https:\/\/i0.wp.com\/deltaimage.de\/wp\/wp-content\/uploads\/Plakat_Flamingo-1200.jpg?fit=1200%2C447&ssl=1&resize=700%2C400 2x, https:\/\/i0.wp.com\/deltaimage.de\/wp\/wp-content\/uploads\/Plakat_Flamingo-1200.jpg?fit=1200%2C447&ssl=1&resize=1050%2C600 3x"},"classes":[]},{"id":22890,"url":"https:\/\/deltaimage.de\/wp\/?p=22890","url_meta":{"origin":42595,"position":5},"title":"JUNKERS F 13 im Deutschen Museum Flugwerft Schlei\u00dfheim","author":"EschbacP","date":"31. Oktober 2019","format":false,"excerpt":"Das Deutsche Museum und die Junkers Flugzeugwerke AG beauftragen DELTA IMAGE mit Luftaufnahmen der einmaligen Junker F 13 im Himmel \u00fcber Schlei\u00dfheim und M\u00fcnchen. Die Junker F 13 war das erste Verkehrsflugzeug aus Ganzmetall und wurde von RIMOWA wieder als Nachbau in die Luft gebracht. \u00a0 JUNKERS F 13 Erstflug\u2026","rel":"","context":"In &quot;Event - Fotografie&quot;","block_context":{"text":"Event - Fotografie","link":"https:\/\/deltaimage.de\/wp\/?cat=851"},"img":{"alt_text":"","src":"https:\/\/i0.wp.com\/deltaimage.de\/wp\/wp-content\/uploads\/PE1S0481_1200.jpg?fit=1200%2C450&ssl=1&resize=350%2C200","width":350,"height":200,"srcset":"https:\/\/i0.wp.com\/deltaimage.de\/wp\/wp-content\/uploads\/PE1S0481_1200.jpg?fit=1200%2C450&ssl=1&resize=350%2C200 1x, https:\/\/i0.wp.com\/deltaimage.de\/wp\/wp-content\/uploads\/PE1S0481_1200.jpg?fit=1200%2C450&ssl=1&resize=525%2C300 1.5x, https:\/\/i0.wp.com\/deltaimage.de\/wp\/wp-content\/uploads\/PE1S0481_1200.jpg?fit=1200%2C450&ssl=1&resize=700%2C400 2x, https:\/\/i0.wp.com\/deltaimage.de\/wp\/wp-content\/uploads\/PE1S0481_1200.jpg?fit=1200%2C450&ssl=1&resize=1050%2C600 3x"},"classes":[]}],"jetpack_sharing_enabled":true,"_links":{"self":[{"href":"https:\/\/deltaimage.de\/wp\/index.php?rest_route=\/wp\/v2\/posts\/42595","targetHints":{"allow":["GET"]}}],"collection":[{"href":"https:\/\/deltaimage.de\/wp\/index.php?rest_route=\/wp\/v2\/posts"}],"about":[{"href":"https:\/\/deltaimage.de\/wp\/index.php?rest_route=\/wp\/v2\/types\/post"}],"author":[{"embeddable":true,"href":"https:\/\/deltaimage.de\/wp\/index.php?rest_route=\/wp\/v2\/users\/1"}],"replies":[{"embeddable":true,"href":"https:\/\/deltaimage.de\/wp\/index.php?rest_route=%2Fwp%2Fv2%2Fcomments&post=42595"}],"version-history":[{"count":8,"href":"https:\/\/deltaimage.de\/wp\/index.php?rest_route=\/wp\/v2\/posts\/42595\/revisions"}],"predecessor-version":[{"id":51670,"href":"https:\/\/deltaimage.de\/wp\/index.php?rest_route=\/wp\/v2\/posts\/42595\/revisions\/51670"}],"wp:featuredmedia":[{"embeddable":true,"href":"https:\/\/deltaimage.de\/wp\/index.php?rest_route=\/wp\/v2\/media\/42586"}],"wp:attachment":[{"href":"https:\/\/deltaimage.de\/wp\/index.php?rest_route=%2Fwp%2Fv2%2Fmedia&parent=42595"}],"wp:term":[{"taxonomy":"category","embeddable":true,"href":"https:\/\/deltaimage.de\/wp\/index.php?rest_route=%2Fwp%2Fv2%2Fcategories&post=42595"},{"taxonomy":"post_tag","embeddable":true,"href":"https:\/\/deltaimage.de\/wp\/index.php?rest_route=%2Fwp%2Fv2%2Ftags&post=42595"}],"curies":[{"name":"wp","href":"https:\/\/api.w.org\/{rel}","templated":true}]}}