{"id":42614,"date":"2024-03-19T18:28:44","date_gmt":"2024-03-19T17:28:44","guid":{"rendered":"https:\/\/deltaimage.de\/wp\/?p=42614"},"modified":"2025-08-23T20:56:53","modified_gmt":"2025-08-23T18:56:53","slug":"im-fruehling-ab-in-die-goldene-stadt-prag","status":"publish","type":"post","link":"https:\/\/deltaimage.de\/wp\/?p=42614","title":{"rendered":"Im Fr\u00fchling &#8211; ab in die Goldene Stadt Prag"},"content":{"rendered":"<p><img data-recalc-dims=\"1\" loading=\"lazy\" decoding=\"async\" data-attachment-id=\"10582\" data-permalink=\"https:\/\/deltaimage.de\/wp\/?attachment_id=10582#main\" data-orig-file=\"https:\/\/i0.wp.com\/deltaimage.de\/wp\/wp-content\/uploads\/BAYERWALDTEAM_neu.jpg?fit=1546%2C1085&amp;ssl=1\" data-orig-size=\"1546,1085\" data-comments-opened=\"0\" data-image-meta=\"{&quot;aperture&quot;:&quot;0&quot;,&quot;credit&quot;:&quot;&quot;,&quot;camera&quot;:&quot;&quot;,&quot;caption&quot;:&quot;&quot;,&quot;created_timestamp&quot;:&quot;0&quot;,&quot;copyright&quot;:&quot;&quot;,&quot;focal_length&quot;:&quot;0&quot;,&quot;iso&quot;:&quot;0&quot;,&quot;shutter_speed&quot;:&quot;0&quot;,&quot;title&quot;:&quot;&quot;,&quot;orientation&quot;:&quot;0&quot;}\" data-image-title=\"BAYERWALDTEAM_neu\" data-image-description=\"\" data-image-caption=\"\" data-large-file=\"https:\/\/i0.wp.com\/deltaimage.de\/wp\/wp-content\/uploads\/BAYERWALDTEAM_neu.jpg?fit=890%2C625&amp;ssl=1\" class=\"wp-image-10582 alignright\" src=\"https:\/\/i0.wp.com\/deltaimage.de\/wp\/wp-content\/uploads\/BAYERWALDTEAM_neu.jpg?resize=143%2C89\" alt=\"BAYERWALDTEAM neu\" width=\"143\" height=\"89\" \/><br \/>\nIm Fr\u00fchling kann ich f\u00fcr ein paar Tage in die tschechische Hauptstadt <strong>Prag<\/strong> fahren und den Fr\u00fchling in <strong>Prag<\/strong> erleben. Also, auf geht&#8217;s nach <strong>Prag<\/strong> &#8211; nat\u00fcrlich mit dem Zug, oder besser gesagt, mit dem ALEX ab <strong>M\u00fcnchen<\/strong>, ohne Umsteigen, direkt zum Hauptbahnhof in die goldene Stadt.<\/p>\n<p>Mitte der 90er Jahre, bin ich schon \u00f6fters mit dem Zug nach <strong>Prag<\/strong> gefahren, damals waren es noch Kurswagen, zwischen Deutschland und Tschechien, mit der \u010cesk\u00e9 dr\u00e1hy \u010cD (Tschechische Bahnen). In Regensburg und Schwandorf, wurden einzelne Wagons so umrangiert, dass sich auch schon eine Zugfahrt ohne Umsteiger ergab &#8211; nur es dauerte 8 Stunden. Jetzt f\u00e4hrt der ALEX von <strong>M\u00fcnchen<\/strong> nach <strong>Prag<\/strong> in 5 Stunden, 30 Minuten &#8211; das ist perfekt. Mit dem Auto ist man in die City auch nicht wirklich schneller.<\/p>\n<p><img data-recalc-dims=\"1\" loading=\"lazy\" decoding=\"async\" data-attachment-id=\"51660\" data-permalink=\"https:\/\/deltaimage.de\/wp\/?attachment_id=51660#main\" data-orig-file=\"https:\/\/i0.wp.com\/deltaimage.de\/wp\/wp-content\/uploads\/1710356046412_900.jpg?fit=890%2C668&amp;ssl=1\" data-orig-size=\"890,668\" data-comments-opened=\"1\" data-image-meta=\"{&quot;aperture&quot;:&quot;0&quot;,&quot;credit&quot;:&quot;&quot;,&quot;camera&quot;:&quot;&quot;,&quot;caption&quot;:&quot;&quot;,&quot;created_timestamp&quot;:&quot;0&quot;,&quot;copyright&quot;:&quot;&quot;,&quot;focal_length&quot;:&quot;0&quot;,&quot;iso&quot;:&quot;0&quot;,&quot;shutter_speed&quot;:&quot;0&quot;,&quot;title&quot;:&quot;&quot;,&quot;orientation&quot;:&quot;0&quot;}\" data-image-title=\"1710356046412_900\" data-image-description=\"\" data-image-caption=\"\" data-large-file=\"https:\/\/i0.wp.com\/deltaimage.de\/wp\/wp-content\/uploads\/1710356046412_900.jpg?fit=890%2C668&amp;ssl=1\" class=\"aligncenter size-full wp-image-51660\" src=\"https:\/\/i0.wp.com\/deltaimage.de\/wp\/wp-content\/uploads\/1710356046412_900.jpg?resize=890%2C668&#038;ssl=1\" alt=\"\" width=\"890\" height=\"668\" srcset=\"https:\/\/i0.wp.com\/deltaimage.de\/wp\/wp-content\/uploads\/1710356046412_900.jpg?w=890&amp;ssl=1 890w, https:\/\/i0.wp.com\/deltaimage.de\/wp\/wp-content\/uploads\/1710356046412_900.jpg?resize=799%2C600&amp;ssl=1 799w, https:\/\/i0.wp.com\/deltaimage.de\/wp\/wp-content\/uploads\/1710356046412_900.jpg?resize=266%2C200&amp;ssl=1 266w, https:\/\/i0.wp.com\/deltaimage.de\/wp\/wp-content\/uploads\/1710356046412_900.jpg?resize=533%2C400&amp;ssl=1 533w\" sizes=\"auto, (max-width: 890px) 100vw, 890px\" \/><\/p>\n<p>In <strong>Pilsen<\/strong> kommt der Zug, mit meinem Abteil, gleich neben dem herrlichen Portal des Hauptbahnhofes in <strong>Pilsen<\/strong> zum Stehen. In <strong>Dachau<\/strong>, ganz gem\u00fctlich um 8 Uhr losgefahren und gegen 14.00 Uhr am Hauptbahnhof in <strong>Prag<\/strong> &#8211; das ist nicht schlecht.<\/p>\n<p><img data-recalc-dims=\"1\" loading=\"lazy\" decoding=\"async\" data-attachment-id=\"51661\" data-permalink=\"https:\/\/deltaimage.de\/wp\/?attachment_id=51661#main\" data-orig-file=\"https:\/\/i0.wp.com\/deltaimage.de\/wp\/wp-content\/uploads\/1710356046420_1200.jpg?fit=1200%2C450&amp;ssl=1\" data-orig-size=\"1200,450\" data-comments-opened=\"1\" data-image-meta=\"{&quot;aperture&quot;:&quot;0&quot;,&quot;credit&quot;:&quot;&quot;,&quot;camera&quot;:&quot;&quot;,&quot;caption&quot;:&quot;&quot;,&quot;created_timestamp&quot;:&quot;0&quot;,&quot;copyright&quot;:&quot;&quot;,&quot;focal_length&quot;:&quot;0&quot;,&quot;iso&quot;:&quot;0&quot;,&quot;shutter_speed&quot;:&quot;0&quot;,&quot;title&quot;:&quot;&quot;,&quot;orientation&quot;:&quot;0&quot;}\" data-image-title=\"1710356046420_1200\" data-image-description=\"\" data-image-caption=\"\" data-large-file=\"https:\/\/i0.wp.com\/deltaimage.de\/wp\/wp-content\/uploads\/1710356046420_1200.jpg?fit=890%2C334&amp;ssl=1\" class=\"aligncenter size-full wp-image-51661\" src=\"https:\/\/i0.wp.com\/deltaimage.de\/wp\/wp-content\/uploads\/1710356046420_1200.jpg?resize=890%2C334&#038;ssl=1\" alt=\"\" width=\"890\" height=\"334\" srcset=\"https:\/\/i0.wp.com\/deltaimage.de\/wp\/wp-content\/uploads\/1710356046420_1200.jpg?w=1200&amp;ssl=1 1200w, https:\/\/i0.wp.com\/deltaimage.de\/wp\/wp-content\/uploads\/1710356046420_1200.jpg?resize=900%2C338&amp;ssl=1 900w, https:\/\/i0.wp.com\/deltaimage.de\/wp\/wp-content\/uploads\/1710356046420_1200.jpg?resize=300%2C113&amp;ssl=1 300w, https:\/\/i0.wp.com\/deltaimage.de\/wp\/wp-content\/uploads\/1710356046420_1200.jpg?resize=1067%2C400&amp;ssl=1 1067w\" sizes=\"auto, (max-width: 890px) 100vw, 890px\" \/><\/p>\n<p>Als Wagenmaterial stehen umgebaute EUROFIMA Wagen zur Verf\u00fcgung, also der h\u00f6chste Fahrkomfort aus den 79er und 80er Jahren &#8211; und die waren deutlich bequemer als die heutigen Z\u00fcge.<\/p>\n<p><!--more--><\/p>\n<p>&nbsp;<\/p>\n<h2>Einfahrt nach Prag \u00fcber die Moldau am Vysehrad<\/h2>\n<p>Nach der Station in <strong>Prag-Smichov<\/strong> \u00fcberquert der Zug die breite <strong>Moldau<\/strong>, dies er\u00f6ffnet den Blick \u00fcber die Moldau hinweg zu diesem bekannten Wahrzeichen der Stadt <strong>Prag<\/strong> und der<\/p>\n<p id=\"firstHeading\" class=\"firstHeading mw-first-heading\"><span class=\"mw-page-title-main\">Basilika\u00a0<\/span>Peter und Paul, im neugotischen Baustil.<\/p>\n<p><img data-recalc-dims=\"1\" loading=\"lazy\" decoding=\"async\" class=\"aligncenter size-full wp-image-42616\" src=\"https:\/\/i0.wp.com\/deltaimage.de\/wp\/wp-content\/uploads\/1710356046260_900.jpg?resize=890%2C668&#038;ssl=1\" alt=\"\" width=\"890\" height=\"668\" \/><\/p>\n<p>Gleich sind wir am Hauptbahnhof in <strong>Prag<\/strong>, nur noch unter der Nussle-Br\u00fccke hindurch und durch einen langen Eisenbahntunnel.<\/p>\n<p>&nbsp;<\/p>\n<h2>Der Hauptbahnhof &#8211;\u00a0<span class=\"mw-page-title-main\">Hlavn\u00ed N\u00e1dra\u017e\u00ed\u00a0<\/span>&#8211; in Prag<\/h2>\n<p>Der Hauptbahnhof in <strong>Prag<\/strong> ist schon gleich selbst wieder eine Sehensw\u00fcrdigkeit in der goldenen Stadt <strong>Prag<\/strong>. Gebaut im sch\u00f6nsten Jugendstil, zeigt der Bahnhof den einstigen Glanz, den die Eisenbahn in der KuK-Monarchie verspr\u00fchte. <strong>Prag<\/strong> war der Endpunkt der Franz-Josef-Bahn, von <strong>Wien<\/strong> direkt nach <strong>Prag<\/strong>.<\/p>\n<p><img data-recalc-dims=\"1\" loading=\"lazy\" decoding=\"async\" class=\"aligncenter size-full wp-image-42620\" src=\"https:\/\/i0.wp.com\/deltaimage.de\/wp\/wp-content\/uploads\/1710356046073_900.jpg?resize=890%2C668&#038;ssl=1\" alt=\"\" width=\"890\" height=\"668\" \/><\/p>\n<p>Die Bahnhofshalle ist eine Stahl- und Glas-Konstruktion in der \u00c4ra der Dampflokomotiven und ist Zeugnis der modernen Baukunst von 1871, vom Architekten Josef Fanta.<\/p>\n<p><img data-recalc-dims=\"1\" loading=\"lazy\" decoding=\"async\" class=\"aligncenter size-full wp-image-42635\" src=\"https:\/\/i0.wp.com\/deltaimage.de\/wp\/wp-content\/uploads\/1710356046091_900.jpg?resize=890%2C668&#038;ssl=1\" alt=\"\" width=\"890\" height=\"668\" \/><\/p>\n<p>Das gro\u00dfe Jugendstil-Empfangsgeb\u00e4ude kann man als Reisender, nicht wie vermutet, durch das Hauptportal verlassen. Da kreuzt unmittelbar die mehrspurige Magistrale den Weg. Auf dem Bild ist die Verkehrssituation sogar noch gesch\u00f6nt. Stehender Verkehr zu allen Sto\u00dfzeiten (Rund um die Uhr). Prag kann man eh besser erkunden und sich bewegen, zu Fu\u00df und mit den sehr guten \u00f6ffentlichen Verkehrsmitteln. So bleibt auch noch ein letzter Blick, auf dieses imposante Portal, wenn nur die Autos nicht da w\u00e4ren.<\/p>\n<p><img data-recalc-dims=\"1\" loading=\"lazy\" decoding=\"async\" class=\"aligncenter size-full wp-image-42621\" src=\"https:\/\/i0.wp.com\/deltaimage.de\/wp\/wp-content\/uploads\/1710356046053_900.jpg?resize=890%2C632&#038;ssl=1\" alt=\"\" width=\"890\" height=\"632\" \/><\/p>\n<p>&nbsp;<\/p>\n<h2>&#8222;GOOD VIBES ONLY&#8220;<\/h2>\n<p>Nicht weit vom Hotel an der Vodickova, suche ich mir noch eine Pivnice f\u00fcr ein Prager Bier zum Abschluss des Reisetages. Da komme ich an einem Eingang vorbei, intensives blaues Licht f\u00e4llt auf das Kopfsteinpflaster in der Prager Neustadt.<\/p>\n<p><img data-recalc-dims=\"1\" loading=\"lazy\" decoding=\"async\" class=\"aligncenter size-full wp-image-42627\" src=\"https:\/\/i0.wp.com\/deltaimage.de\/wp\/wp-content\/uploads\/1710355947336_900.jpg?resize=890%2C668&#038;ssl=1\" alt=\"\" width=\"890\" height=\"668\" \/><\/p>\n<p>Das ist mal ein gutes Motto f\u00fcr ein Abend-Lokal. Nur gute Stimmung ist in diesem Lokal erw\u00fcnscht.<\/p>\n<p>&nbsp;<\/p>\n<h2>Mein Hotel hatte viele freie Zimmer<\/h2>\n<p>So war nicht nur der \u00dcbernachtungspreis mehr als g\u00fcnstig, inklusive Fr\u00fchst\u00fcck. Beim Check-in bekam ich auch noch gleich ein Upgrade auf ein ger\u00e4umiges Doppelzimmer.<\/p>\n<p><img data-recalc-dims=\"1\" loading=\"lazy\" decoding=\"async\" class=\"aligncenter size-full wp-image-42632\" src=\"https:\/\/i0.wp.com\/deltaimage.de\/wp\/wp-content\/uploads\/1710355947347_1200.jpg?resize=890%2C228&#038;ssl=1\" alt=\"\" width=\"890\" height=\"228\" \/><\/p>\n<p><strong>Prag<\/strong> hat mich f\u00fcr ein paar Tage wieder, ich freue mich.<\/p>\n","protected":false},"excerpt":{"rendered":"<p>Im Fr\u00fchling kann ich f\u00fcr ein paar Tage in die tschechische Hauptstadt Prag fahren und den Fr\u00fchling in Prag erleben. Also, auf geht&#8217;s nach Prag &#8211; nat\u00fcrlich mit dem Zug, [&hellip;]<\/p>\n","protected":false},"author":1,"featured_media":51661,"comment_status":"open","ping_status":"closed","sticky":false,"template":"","format":"standard","meta":{"wpupg_custom_link":[],"wpupg_custom_link_behaviour":["default"],"wpupg_custom_link_nofollow":["default"],"wpupg_custom_image":[],"wpupg_custom_image_id":[],"jetpack_post_was_ever_published":false,"footnotes":""},"categories":[861,8,3709,3708],"tags":[3702,542,3703,114,569,3701,801,673,3700],"class_list":["post-42614","post","type-post","status-publish","format-standard","has-post-thumbnail","hentry","category-bayerwaldteam","category-news","category-prag","category-tschechien","tag-alex","tag-eisenbahn","tag-franz-josef-bahn","tag-fruehling","tag-jugendstil","tag-pilsen","tag-prag","tag-tschechien","tag-zugfahrt"],"jetpack_featured_media_url":"https:\/\/i0.wp.com\/deltaimage.de\/wp\/wp-content\/uploads\/1710356046420_1200.jpg?fit=1200%2C450&ssl=1","jetpack-related-posts":[{"id":48769,"url":"https:\/\/deltaimage.de\/wp\/?p=48769","url_meta":{"origin":42614,"position":0},"title":"Eine Gesch\u00e4ftsreise nach Prag &#8211; Fr\u00fchling in Prag","author":"EschbacP","date":"29. August 2025","format":false,"excerpt":"Vor 25 Jahren war ich fast w\u00f6chentlich in Prag, alles gesch\u00e4ftlich und (un-)nat\u00fcrlich alles mit dem Auto. So kamen im Jahr entsprechend viele Kilometer zusammen. Das Auto von damals habe ich noch immer - auch das ist nachhaltig, nur die Fahrt nach Prag mache ich inzwischen alles mit dem Zug,\u2026","rel":"","context":"In &quot;News Blog&quot;","block_context":{"text":"News Blog","link":"https:\/\/deltaimage.de\/wp\/?cat=8"},"img":{"alt_text":"","src":"https:\/\/i0.wp.com\/deltaimage.de\/wp\/wp-content\/uploads\/IMG_6850_1200.jpg?fit=1200%2C450&ssl=1&resize=350%2C200","width":350,"height":200,"srcset":"https:\/\/i0.wp.com\/deltaimage.de\/wp\/wp-content\/uploads\/IMG_6850_1200.jpg?fit=1200%2C450&ssl=1&resize=350%2C200 1x, https:\/\/i0.wp.com\/deltaimage.de\/wp\/wp-content\/uploads\/IMG_6850_1200.jpg?fit=1200%2C450&ssl=1&resize=525%2C300 1.5x, https:\/\/i0.wp.com\/deltaimage.de\/wp\/wp-content\/uploads\/IMG_6850_1200.jpg?fit=1200%2C450&ssl=1&resize=700%2C400 2x, https:\/\/i0.wp.com\/deltaimage.de\/wp\/wp-content\/uploads\/IMG_6850_1200.jpg?fit=1200%2C450&ssl=1&resize=1050%2C600 3x"},"classes":[]},{"id":23868,"url":"https:\/\/deltaimage.de\/wp\/?p=23868","url_meta":{"origin":42614,"position":1},"title":"Im Advent von M\u00fcnchen nach Prag fahren &#8211; nat\u00fcrlich mit dem Zug!","author":"EschbacP","date":"16. Dezember 2019","format":false,"excerpt":"Nach Prag bin ich schon so oft gefahren, jetzt sehr gerne mit dem ALEX von M\u00fcnchen Hbf direkt nach Prag hlavn\u00ed n\u00e1dra\u017e\u00ed, kein Umsteigen, viel Komfort und Kaffee am Platz. Was will man da mehr, wenn der ALEX sich schon die M\u00fche macht, die Lokomotive so sch\u00f6n zu beschriften, macht\u2026","rel":"","context":"In &quot;News Blog&quot;","block_context":{"text":"News Blog","link":"https:\/\/deltaimage.de\/wp\/?cat=8"},"img":{"alt_text":"","src":"https:\/\/i0.wp.com\/deltaimage.de\/wp\/wp-content\/uploads\/PE1S0020_1200-1.jpg?fit=1200%2C450&ssl=1&resize=350%2C200","width":350,"height":200,"srcset":"https:\/\/i0.wp.com\/deltaimage.de\/wp\/wp-content\/uploads\/PE1S0020_1200-1.jpg?fit=1200%2C450&ssl=1&resize=350%2C200 1x, https:\/\/i0.wp.com\/deltaimage.de\/wp\/wp-content\/uploads\/PE1S0020_1200-1.jpg?fit=1200%2C450&ssl=1&resize=525%2C300 1.5x, https:\/\/i0.wp.com\/deltaimage.de\/wp\/wp-content\/uploads\/PE1S0020_1200-1.jpg?fit=1200%2C450&ssl=1&resize=700%2C400 2x, https:\/\/i0.wp.com\/deltaimage.de\/wp\/wp-content\/uploads\/PE1S0020_1200-1.jpg?fit=1200%2C450&ssl=1&resize=1050%2C600 3x"},"classes":[]},{"id":9673,"url":"https:\/\/deltaimage.de\/wp\/?p=9673","url_meta":{"origin":42614,"position":2},"title":"Weihnachten in der goldenen Stadt Prag","author":"EschbacP","date":"14. Dezember 2015","format":false,"excerpt":"Die goldene Stadt Prag hat den Beinamen nicht durch die goldene Stimme von Karel Gott, sondern aus dem Mittelalter. Die T\u00fcrme der Kirchen und der Stadttore waren zum Wetterschutz auch mit purem Gold \u00fcberzogen - daher die goldene Stadt. \u00a0 Seit 2000 bin ich gesch\u00e4ftlich st\u00e4ndig in Tschechien und in\u2026","rel":"","context":"In &quot;Fotografie&quot;","block_context":{"text":"Fotografie","link":"https:\/\/deltaimage.de\/wp\/?cat=848"},"img":{"alt_text":"Weihnachten in der goldenen Stadt Prag","src":"https:\/\/i0.wp.com\/deltaimage.de\/wp\/wp-content\/uploads\/IMG_0923_Prag_1200.jpg?fit=1200%2C500&ssl=1&resize=350%2C200","width":350,"height":200,"srcset":"https:\/\/i0.wp.com\/deltaimage.de\/wp\/wp-content\/uploads\/IMG_0923_Prag_1200.jpg?fit=1200%2C500&ssl=1&resize=350%2C200 1x, https:\/\/i0.wp.com\/deltaimage.de\/wp\/wp-content\/uploads\/IMG_0923_Prag_1200.jpg?fit=1200%2C500&ssl=1&resize=525%2C300 1.5x, https:\/\/i0.wp.com\/deltaimage.de\/wp\/wp-content\/uploads\/IMG_0923_Prag_1200.jpg?fit=1200%2C500&ssl=1&resize=700%2C400 2x, https:\/\/i0.wp.com\/deltaimage.de\/wp\/wp-content\/uploads\/IMG_0923_Prag_1200.jpg?fit=1200%2C500&ssl=1&resize=1050%2C600 3x"},"classes":[]},{"id":42680,"url":"https:\/\/deltaimage.de\/wp\/?p=42680","url_meta":{"origin":42614,"position":3},"title":"Die Karlsbr\u00fccke, die Moldau und die blaue Stunde","author":"EschbacP","date":"19. M\u00e4rz 2024","format":false,"excerpt":"Die Prager Kleinseite auf dem linken Moldauufer, ist mit der Altstadt auf dem rechten Moldauufer, mit der \u00e4ltesten Steinbr\u00fccke in Tschechien, der Karlsbr\u00fccke, verbunden. Die gesamte Szenerie in Prag, ist gerade in der blauen Stunde, wie in einem \u00fcberdimensionierten Freiluft-Architektur-Museum, die Moldau \u00f6ffnet die gesamte Szenerie und die Blicke fallen\u2026","rel":"","context":"In &quot;BAYERWALDTEAM&quot;","block_context":{"text":"BAYERWALDTEAM","link":"https:\/\/deltaimage.de\/wp\/?cat=861"},"img":{"alt_text":"","src":"https:\/\/i0.wp.com\/deltaimage.de\/wp\/wp-content\/uploads\/1710355947384_1200.jpg?fit=1200%2C450&ssl=1&resize=350%2C200","width":350,"height":200,"srcset":"https:\/\/i0.wp.com\/deltaimage.de\/wp\/wp-content\/uploads\/1710355947384_1200.jpg?fit=1200%2C450&ssl=1&resize=350%2C200 1x, https:\/\/i0.wp.com\/deltaimage.de\/wp\/wp-content\/uploads\/1710355947384_1200.jpg?fit=1200%2C450&ssl=1&resize=525%2C300 1.5x, https:\/\/i0.wp.com\/deltaimage.de\/wp\/wp-content\/uploads\/1710355947384_1200.jpg?fit=1200%2C450&ssl=1&resize=700%2C400 2x, https:\/\/i0.wp.com\/deltaimage.de\/wp\/wp-content\/uploads\/1710355947384_1200.jpg?fit=1200%2C450&ssl=1&resize=1050%2C600 3x"},"classes":[]},{"id":21849,"url":"https:\/\/deltaimage.de\/wp\/?p=21849","url_meta":{"origin":42614,"position":4},"title":"BAYERWALDTEAM in der goldenen Stadt Prag","author":"EschbacP","date":"5. Juni 2019","format":false,"excerpt":"Das Angenehme mit dem N\u00fctzlichen verbinden. Ein gesch\u00e4ftlicher Termin f\u00fchrt mich mal wieder in das B\u00fcro in Prag \u2013 nur 3 Gehminuten vom Wenzelsplatz entfernt. Da bietet es sich ja geradezu an, fr\u00fch Morgens den Weg vom Hotel auf dem sch\u00f6nsten Weg als fotografierender Tourist zu gehen. Vom Kloster Strahov,\u2026","rel":"","context":"In &quot;BAYERWALDTEAM&quot;","block_context":{"text":"BAYERWALDTEAM","link":"https:\/\/deltaimage.de\/wp\/?cat=861"},"img":{"alt_text":"","src":"https:\/\/i0.wp.com\/deltaimage.de\/wp\/wp-content\/uploads\/ZY5M1553_1200.jpg?fit=1200%2C450&ssl=1&resize=350%2C200","width":350,"height":200,"srcset":"https:\/\/i0.wp.com\/deltaimage.de\/wp\/wp-content\/uploads\/ZY5M1553_1200.jpg?fit=1200%2C450&ssl=1&resize=350%2C200 1x, https:\/\/i0.wp.com\/deltaimage.de\/wp\/wp-content\/uploads\/ZY5M1553_1200.jpg?fit=1200%2C450&ssl=1&resize=525%2C300 1.5x, https:\/\/i0.wp.com\/deltaimage.de\/wp\/wp-content\/uploads\/ZY5M1553_1200.jpg?fit=1200%2C450&ssl=1&resize=700%2C400 2x, https:\/\/i0.wp.com\/deltaimage.de\/wp\/wp-content\/uploads\/ZY5M1553_1200.jpg?fit=1200%2C450&ssl=1&resize=1050%2C600 3x"},"classes":[]},{"id":23882,"url":"https:\/\/deltaimage.de\/wp\/?p=23882","url_meta":{"origin":42614,"position":5},"title":"Die goldene Stadt Prag &#8211; die Karlsbr\u00fccke","author":"EschbacP","date":"17. Dezember 2019","format":false,"excerpt":"Geduld ist eine Tugend des Fotografen. Das Warten auf das passende Licht geh\u00f6rt genauso zur Erfahrung eines Fotografen wie die Vorahnung, wo heute das Licht besonders gut sein wird. Dann gilt es zur rechten Zeit am passenden Ort zu sein. Der Rest ist etwas Magie des Ortes. \u00a0 Prag -\u2026","rel":"","context":"In &quot;News Blog&quot;","block_context":{"text":"News Blog","link":"https:\/\/deltaimage.de\/wp\/?cat=8"},"img":{"alt_text":"","src":"https:\/\/i0.wp.com\/deltaimage.de\/wp\/wp-content\/uploads\/PE1S0712_1200.jpg?fit=1200%2C450&ssl=1&resize=350%2C200","width":350,"height":200,"srcset":"https:\/\/i0.wp.com\/deltaimage.de\/wp\/wp-content\/uploads\/PE1S0712_1200.jpg?fit=1200%2C450&ssl=1&resize=350%2C200 1x, https:\/\/i0.wp.com\/deltaimage.de\/wp\/wp-content\/uploads\/PE1S0712_1200.jpg?fit=1200%2C450&ssl=1&resize=525%2C300 1.5x, https:\/\/i0.wp.com\/deltaimage.de\/wp\/wp-content\/uploads\/PE1S0712_1200.jpg?fit=1200%2C450&ssl=1&resize=700%2C400 2x, https:\/\/i0.wp.com\/deltaimage.de\/wp\/wp-content\/uploads\/PE1S0712_1200.jpg?fit=1200%2C450&ssl=1&resize=1050%2C600 3x"},"classes":[]}],"jetpack_sharing_enabled":true,"_links":{"self":[{"href":"https:\/\/deltaimage.de\/wp\/index.php?rest_route=\/wp\/v2\/posts\/42614","targetHints":{"allow":["GET"]}}],"collection":[{"href":"https:\/\/deltaimage.de\/wp\/index.php?rest_route=\/wp\/v2\/posts"}],"about":[{"href":"https:\/\/deltaimage.de\/wp\/index.php?rest_route=\/wp\/v2\/types\/post"}],"author":[{"embeddable":true,"href":"https:\/\/deltaimage.de\/wp\/index.php?rest_route=\/wp\/v2\/users\/1"}],"replies":[{"embeddable":true,"href":"https:\/\/deltaimage.de\/wp\/index.php?rest_route=%2Fwp%2Fv2%2Fcomments&post=42614"}],"version-history":[{"count":16,"href":"https:\/\/deltaimage.de\/wp\/index.php?rest_route=\/wp\/v2\/posts\/42614\/revisions"}],"predecessor-version":[{"id":51669,"href":"https:\/\/deltaimage.de\/wp\/index.php?rest_route=\/wp\/v2\/posts\/42614\/revisions\/51669"}],"wp:featuredmedia":[{"embeddable":true,"href":"https:\/\/deltaimage.de\/wp\/index.php?rest_route=\/wp\/v2\/media\/51661"}],"wp:attachment":[{"href":"https:\/\/deltaimage.de\/wp\/index.php?rest_route=%2Fwp%2Fv2%2Fmedia&parent=42614"}],"wp:term":[{"taxonomy":"category","embeddable":true,"href":"https:\/\/deltaimage.de\/wp\/index.php?rest_route=%2Fwp%2Fv2%2Fcategories&post=42614"},{"taxonomy":"post_tag","embeddable":true,"href":"https:\/\/deltaimage.de\/wp\/index.php?rest_route=%2Fwp%2Fv2%2Ftags&post=42614"}],"curies":[{"name":"wp","href":"https:\/\/api.w.org\/{rel}","templated":true}]}}