{"id":42698,"date":"2024-03-21T14:27:06","date_gmt":"2024-03-21T13:27:06","guid":{"rendered":"https:\/\/deltaimage.de\/wp\/?p=42698"},"modified":"2025-08-23T20:39:57","modified_gmt":"2025-08-23T18:39:57","slug":"heute-buchvorstellung-dr-junkelmann-im-bayerischen-armeemuseum-ingolstadt","status":"publish","type":"post","link":"https:\/\/deltaimage.de\/wp\/?p=42698","title":{"rendered":"Buchvorstellung Dr. Junkelmann im Bayerischen Armeemuseum Ingolstadt"},"content":{"rendered":"<p><a href=\"https:\/\/deltaimage.de\/wp\/?page_id=40118\"><img data-recalc-dims=\"1\" loading=\"lazy\" decoding=\"async\" data-attachment-id=\"40115\" data-permalink=\"https:\/\/deltaimage.de\/wp\/?attachment_id=40115#main\" data-orig-file=\"https:\/\/i0.wp.com\/deltaimage.de\/wp\/wp-content\/uploads\/Stempel_DELTA-IMAGE_Quality.png?fit=961%2C960&amp;ssl=1\" data-orig-size=\"961,960\" data-comments-opened=\"1\" data-image-meta=\"{&quot;aperture&quot;:&quot;0&quot;,&quot;credit&quot;:&quot;&quot;,&quot;camera&quot;:&quot;&quot;,&quot;caption&quot;:&quot;&quot;,&quot;created_timestamp&quot;:&quot;0&quot;,&quot;copyright&quot;:&quot;&quot;,&quot;focal_length&quot;:&quot;0&quot;,&quot;iso&quot;:&quot;0&quot;,&quot;shutter_speed&quot;:&quot;0&quot;,&quot;title&quot;:&quot;&quot;,&quot;orientation&quot;:&quot;0&quot;}\" data-image-title=\"Stempel_DELTA IMAGE_Quality\" data-image-description=\"\" data-image-caption=\"\" data-large-file=\"https:\/\/i0.wp.com\/deltaimage.de\/wp\/wp-content\/uploads\/Stempel_DELTA-IMAGE_Quality.png?fit=890%2C889&amp;ssl=1\" class=\"alignright wp-image-40115 size-thumbnail\" src=\"https:\/\/i0.wp.com\/deltaimage.de\/wp\/wp-content\/uploads\/Stempel_DELTA-IMAGE_Quality.png?resize=200%2C200&#038;ssl=1\" alt=\"\" width=\"200\" height=\"200\" srcset=\"https:\/\/i0.wp.com\/deltaimage.de\/wp\/wp-content\/uploads\/Stempel_DELTA-IMAGE_Quality.png?resize=200%2C200&amp;ssl=1 200w, https:\/\/i0.wp.com\/deltaimage.de\/wp\/wp-content\/uploads\/Stempel_DELTA-IMAGE_Quality.png?resize=601%2C600&amp;ssl=1 601w, https:\/\/i0.wp.com\/deltaimage.de\/wp\/wp-content\/uploads\/Stempel_DELTA-IMAGE_Quality.png?resize=594%2C593&amp;ssl=1 594w, https:\/\/i0.wp.com\/deltaimage.de\/wp\/wp-content\/uploads\/Stempel_DELTA-IMAGE_Quality.png?resize=450%2C450&amp;ssl=1 450w, https:\/\/i0.wp.com\/deltaimage.de\/wp\/wp-content\/uploads\/Stempel_DELTA-IMAGE_Quality.png?resize=75%2C75&amp;ssl=1 75w, https:\/\/i0.wp.com\/deltaimage.de\/wp\/wp-content\/uploads\/Stempel_DELTA-IMAGE_Quality.png?resize=400%2C400&amp;ssl=1 400w, https:\/\/i0.wp.com\/deltaimage.de\/wp\/wp-content\/uploads\/Stempel_DELTA-IMAGE_Quality.png?resize=50%2C50&amp;ssl=1 50w, https:\/\/i0.wp.com\/deltaimage.de\/wp\/wp-content\/uploads\/Stempel_DELTA-IMAGE_Quality.png?w=961&amp;ssl=1 961w\" sizes=\"auto, (max-width: 200px) 100vw, 200px\" \/><\/a><\/p>\r\n<p>&nbsp;<\/p>\r\n\r\n<p>Der bekannte <strong>Historiker<\/strong> und <strong>Buchautor Dr. Marcus Junkelmann<\/strong> stellt im <strong>Bayerischen Armeemuseum<\/strong> in <strong>Ingolstadt,<\/strong> drei neue <strong>B\u00fccher, <\/strong>erg\u00e4nzend zur neuen Ausstellung, Formen des Krieges 1600-1815, \u00fcber die Kriegsf\u00fchrung und die Soldaten im <strong>Drei\u00dfigj\u00e4hrigen Krieg<\/strong>, vor.<\/p>\r\n<p>Wir durften <strong>Dr. Junkelmann<\/strong> wieder einmal mit der Ausarbeitung der Pr\u00e4sentation f\u00fcr diesen Abend unterst\u00fctzen.<\/p>\r\n<p>Er schafft es immer wieder, einen gro\u00dfen Speisesaal eines Renaissance-Schlosses, bis auf den aller letzten Platz, zu f\u00fcllen. Der Saal war voll und alle ZuschauerInnen waren begeistert von dem engagierten und lebendigen Vortrag, zu einem der vielen Themen, in denen sich <strong>Dr. Junkelmann<\/strong> wahrlich weidlich gut auskennt.<\/p>\r\n\r\n\r\n\r\n<figure class=\"wp-block-image size-large\"><img data-recalc-dims=\"1\" loading=\"lazy\" decoding=\"async\" data-attachment-id=\"42706\" data-permalink=\"https:\/\/deltaimage.de\/wp\/?attachment_id=42706#main\" data-orig-file=\"https:\/\/i0.wp.com\/deltaimage.de\/wp\/wp-content\/uploads\/PE1S0112_900.jpg?fit=890%2C593&amp;ssl=1\" data-orig-size=\"890,593\" data-comments-opened=\"1\" data-image-meta=\"{&quot;aperture&quot;:&quot;4&quot;,&quot;credit&quot;:&quot;Paul Eschbach&quot;,&quot;camera&quot;:&quot;Canon EOS-1Ds Mark III&quot;,&quot;caption&quot;:&quot;&quot;,&quot;created_timestamp&quot;:&quot;1711044863&quot;,&quot;copyright&quot;:&quot;&quot;,&quot;focal_length&quot;:&quot;24&quot;,&quot;iso&quot;:&quot;200&quot;,&quot;shutter_speed&quot;:&quot;0.066666666666667&quot;,&quot;title&quot;:&quot;&quot;,&quot;orientation&quot;:&quot;0&quot;}\" data-image-title=\"PE1S0112_900\" data-image-description=\"\" data-image-caption=\"\" data-large-file=\"https:\/\/i0.wp.com\/deltaimage.de\/wp\/wp-content\/uploads\/PE1S0112_900.jpg?fit=890%2C593&amp;ssl=1\" class=\"aligncenter size-full wp-image-42706\" src=\"https:\/\/i0.wp.com\/deltaimage.de\/wp\/wp-content\/uploads\/PE1S0112_900.jpg?resize=890%2C593&#038;ssl=1\" alt=\"\" width=\"890\" height=\"593\" srcset=\"https:\/\/i0.wp.com\/deltaimage.de\/wp\/wp-content\/uploads\/PE1S0112_900.jpg?w=890&amp;ssl=1 890w, https:\/\/i0.wp.com\/deltaimage.de\/wp\/wp-content\/uploads\/PE1S0112_900.jpg?resize=300%2C200&amp;ssl=1 300w, https:\/\/i0.wp.com\/deltaimage.de\/wp\/wp-content\/uploads\/PE1S0112_900.jpg?resize=600%2C400&amp;ssl=1 600w, https:\/\/i0.wp.com\/deltaimage.de\/wp\/wp-content\/uploads\/PE1S0112_900.jpg?resize=200%2C133&amp;ssl=1 200w\" sizes=\"auto, (max-width: 890px) 100vw, 890px\" \/><\/figure>\r\n<p>Nicht ungew\u00f6hnlich, waren die Illustration des pr\u00e4sentierten Stoffes durch historisch korrekt ger\u00fcstete Soldaten, um den Folien auch etwas Lebendiges f\u00fcr die eigene Vorstellung zu geben. <strong>Dr. Junkelmann<\/strong> hat sich ja gerade durch seine experimentelle Arch\u00e4ologie einen wohlklingenden Namen, weit \u00fcber die Grenzen von <strong>Bayern<\/strong> hinaus, gemacht. Die BesucherInnen bekommen die Ausr\u00fcstungsteile der Soldaten, regelrecht zum Anschauen unter die Nase gehalten. Das vermittelt <strong>Geschichtswissenschaften<\/strong> auf eine ganz besonders eindringliche Art und Weise.<\/p>\r\n\r\n\r\n\r\n<p><!--more--><\/p>\r\n\r\n\r\n\r\n<p>&nbsp;<\/p>\r\n<h2>Er hatte eine Stunde f\u00fcr den Vortrag &#8211; und hat die Zeit eingehalten<\/h2>\r\n<p>\u00dcber diese Themen k\u00f6nnte <strong>Dr. Junkelmann<\/strong> auch Tage lang erz\u00e4hlen, Faktenwissen wird durch Geschichten und Erz\u00e4hlungen erg\u00e4nzt und durch seine Experimente untermauert. Es galt immerhin die Themen aus der Gattungen an Soldaten vorzustellen:<\/p>\r\n<ul>\r\n<li>Die <strong>Pikeniere<\/strong>, die <strong>Infantrie<\/strong> mit langen Piken.<\/li>\r\n<li>Die <strong>Musketiere<\/strong>, mit den schweren Gewehren f\u00fcr die Wirkung in der Distanz.<\/li>\r\n<li>Die <strong>K\u00fcrassiere<\/strong>, zu Pferd, mit den schweren Panzerungen als schwere Reiter.<\/li>\r\n<\/ul>\r\n<p><img data-recalc-dims=\"1\" loading=\"lazy\" decoding=\"async\" data-attachment-id=\"42708\" data-permalink=\"https:\/\/deltaimage.de\/wp\/?attachment_id=42708#main\" data-orig-file=\"https:\/\/i0.wp.com\/deltaimage.de\/wp\/wp-content\/uploads\/PE1S0106_900-3.jpg?fit=890%2C593&amp;ssl=1\" data-orig-size=\"890,593\" data-comments-opened=\"1\" data-image-meta=\"{&quot;aperture&quot;:&quot;4&quot;,&quot;credit&quot;:&quot;Paul Eschbach&quot;,&quot;camera&quot;:&quot;Canon EOS-1Ds Mark III&quot;,&quot;caption&quot;:&quot;&quot;,&quot;created_timestamp&quot;:&quot;1711044635&quot;,&quot;copyright&quot;:&quot;&quot;,&quot;focal_length&quot;:&quot;45&quot;,&quot;iso&quot;:&quot;800&quot;,&quot;shutter_speed&quot;:&quot;0.125&quot;,&quot;title&quot;:&quot;&quot;,&quot;orientation&quot;:&quot;0&quot;}\" data-image-title=\"PE1S0106_900\" data-image-description=\"\" data-image-caption=\"\" data-large-file=\"https:\/\/i0.wp.com\/deltaimage.de\/wp\/wp-content\/uploads\/PE1S0106_900-3.jpg?fit=890%2C593&amp;ssl=1\" class=\"aligncenter size-full wp-image-42708\" src=\"https:\/\/i0.wp.com\/deltaimage.de\/wp\/wp-content\/uploads\/PE1S0106_900-3.jpg?resize=890%2C593&#038;ssl=1\" alt=\"\" width=\"890\" height=\"593\" srcset=\"https:\/\/i0.wp.com\/deltaimage.de\/wp\/wp-content\/uploads\/PE1S0106_900-3.jpg?w=890&amp;ssl=1 890w, https:\/\/i0.wp.com\/deltaimage.de\/wp\/wp-content\/uploads\/PE1S0106_900-3.jpg?resize=300%2C200&amp;ssl=1 300w, https:\/\/i0.wp.com\/deltaimage.de\/wp\/wp-content\/uploads\/PE1S0106_900-3.jpg?resize=600%2C400&amp;ssl=1 600w, https:\/\/i0.wp.com\/deltaimage.de\/wp\/wp-content\/uploads\/PE1S0106_900-3.jpg?resize=200%2C133&amp;ssl=1 200w\" sizes=\"auto, (max-width: 890px) 100vw, 890px\" \/><\/p>\r\n<p>&nbsp;<\/p>\r\n\r\n\r\n\r\n<h2>Pikeniere, Musketiere und K\u00fcrassiere<\/h2>\r\n\r\n\r\n\r\n<p>Die drei Ver\u00f6ffentlichungen, f\u00fcr das <strong>Bayerische Armeemuseum<\/strong>, stellt drei Waffengattungen im <strong>Dreissigj\u00e4hrigen Krieg<\/strong> 1618-1648, ausf\u00fchrlichst auf historischem Quellenmaterial, dar. Da verwundert es nicht, wenn im Vortragsraum auch Soldaten mit historischen Ausr\u00fcstungen zu gegen sind. Das steigert die Anschaulichkeit und vermittelt die Geschichte in den vielen spannenden Details und Entwicklungen auf eine lebendige Art.<\/p>\r\n<p><img data-recalc-dims=\"1\" loading=\"lazy\" decoding=\"async\" data-attachment-id=\"42707\" data-permalink=\"https:\/\/deltaimage.de\/wp\/?attachment_id=42707#main\" data-orig-file=\"https:\/\/i0.wp.com\/deltaimage.de\/wp\/wp-content\/uploads\/PE1S0115_900-2.jpg?fit=890%2C593&amp;ssl=1\" data-orig-size=\"890,593\" data-comments-opened=\"1\" data-image-meta=\"{&quot;aperture&quot;:&quot;4&quot;,&quot;credit&quot;:&quot;Paul Eschbach&quot;,&quot;camera&quot;:&quot;Canon EOS-1Ds Mark III&quot;,&quot;caption&quot;:&quot;&quot;,&quot;created_timestamp&quot;:&quot;1711044984&quot;,&quot;copyright&quot;:&quot;&quot;,&quot;focal_length&quot;:&quot;47&quot;,&quot;iso&quot;:&quot;200&quot;,&quot;shutter_speed&quot;:&quot;0.25&quot;,&quot;title&quot;:&quot;&quot;,&quot;orientation&quot;:&quot;0&quot;}\" data-image-title=\"PE1S0115_900\" data-image-description=\"\" data-image-caption=\"\" data-large-file=\"https:\/\/i0.wp.com\/deltaimage.de\/wp\/wp-content\/uploads\/PE1S0115_900-2.jpg?fit=890%2C593&amp;ssl=1\" class=\"aligncenter size-full wp-image-42707\" src=\"https:\/\/i0.wp.com\/deltaimage.de\/wp\/wp-content\/uploads\/PE1S0115_900-2.jpg?resize=890%2C593&#038;ssl=1\" alt=\"\" width=\"890\" height=\"593\" srcset=\"https:\/\/i0.wp.com\/deltaimage.de\/wp\/wp-content\/uploads\/PE1S0115_900-2.jpg?w=890&amp;ssl=1 890w, https:\/\/i0.wp.com\/deltaimage.de\/wp\/wp-content\/uploads\/PE1S0115_900-2.jpg?resize=300%2C200&amp;ssl=1 300w, https:\/\/i0.wp.com\/deltaimage.de\/wp\/wp-content\/uploads\/PE1S0115_900-2.jpg?resize=600%2C400&amp;ssl=1 600w, https:\/\/i0.wp.com\/deltaimage.de\/wp\/wp-content\/uploads\/PE1S0115_900-2.jpg?resize=200%2C133&amp;ssl=1 200w\" sizes=\"auto, (max-width: 890px) 100vw, 890px\" \/><\/p>\r\n<p>Die Soldaten wollten eigentlich w\u00e4hrend des Vortrages bereits die Waffeneins\u00e4tze vorf\u00fchren, aber dazu war der Raum einfach zu niedrig. Durch diesen unmittelbaren Eindruck, bekommen die ZuseherInnen auch eine Vorstellung davon, wie physisch anstrengend und gleichzeitig feinf\u00fchlig das Hantieren mit diesen Ausr\u00fcstungen, im L\u00e4rm und Get\u00fcmmel einer Schlacht war. Dies war sicherlich nicht so spielerisch einfach, wie in historisierenden Filmen, es dargestellt wird.<\/p>\r\n<p>&nbsp;<\/p>\r\n\r\n\r\n\r\n\r\n\r\n<h2>Vorf\u00fchrungen im Schlosshof nach der Buchvorstellung<\/h2>\r\n\r\n\r\n\r\n<p>Es w\u00e4re kein <strong>Dr. Junkelmann<\/strong>, wenn da nicht ein historisch korrektes Reenactment nach der ausf\u00fchrlichen Pr\u00e4sentation eingebaut w\u00e4re. Die Handhabung der Waffen der <strong>Pikeniere<\/strong>, der <strong>Musketiere<\/strong>, wurde auf dem Schlossplatz, im Licht eines Lagerfeuers, dem Publikum demonstriert. Dazu folgt ein eigener Beitrag.<\/p>\r\n<p><img data-recalc-dims=\"1\" loading=\"lazy\" decoding=\"async\" data-attachment-id=\"42710\" data-permalink=\"https:\/\/deltaimage.de\/wp\/?attachment_id=42710#main\" data-orig-file=\"https:\/\/i0.wp.com\/deltaimage.de\/wp\/wp-content\/uploads\/PE1S0158_900-2.jpg?fit=890%2C629&amp;ssl=1\" data-orig-size=\"890,629\" data-comments-opened=\"1\" data-image-meta=\"{&quot;aperture&quot;:&quot;4&quot;,&quot;credit&quot;:&quot;Paul Eschbach&quot;,&quot;camera&quot;:&quot;Canon EOS-1Ds Mark III&quot;,&quot;caption&quot;:&quot;&quot;,&quot;created_timestamp&quot;:&quot;1711048673&quot;,&quot;copyright&quot;:&quot;&quot;,&quot;focal_length&quot;:&quot;105&quot;,&quot;iso&quot;:&quot;1600&quot;,&quot;shutter_speed&quot;:&quot;0.0125&quot;,&quot;title&quot;:&quot;&quot;,&quot;orientation&quot;:&quot;0&quot;}\" data-image-title=\"PE1S0158_900\" data-image-description=\"\" data-image-caption=\"\" data-large-file=\"https:\/\/i0.wp.com\/deltaimage.de\/wp\/wp-content\/uploads\/PE1S0158_900-2.jpg?fit=890%2C629&amp;ssl=1\" class=\"aligncenter size-full wp-image-42710\" src=\"https:\/\/i0.wp.com\/deltaimage.de\/wp\/wp-content\/uploads\/PE1S0158_900-2.jpg?resize=890%2C629&#038;ssl=1\" alt=\"\" width=\"890\" height=\"629\" srcset=\"https:\/\/i0.wp.com\/deltaimage.de\/wp\/wp-content\/uploads\/PE1S0158_900-2.jpg?w=890&amp;ssl=1 890w, https:\/\/i0.wp.com\/deltaimage.de\/wp\/wp-content\/uploads\/PE1S0158_900-2.jpg?resize=849%2C600&amp;ssl=1 849w, https:\/\/i0.wp.com\/deltaimage.de\/wp\/wp-content\/uploads\/PE1S0158_900-2.jpg?resize=283%2C200&amp;ssl=1 283w, https:\/\/i0.wp.com\/deltaimage.de\/wp\/wp-content\/uploads\/PE1S0158_900-2.jpg?resize=566%2C400&amp;ssl=1 566w\" sizes=\"auto, (max-width: 890px) 100vw, 890px\" \/><\/p>\r\n<p>Die <strong>Pikeniere<\/strong> mit ihren 5 m langen <strong>Piken<\/strong>, als die wirkungsvolle Distanzwaffe im <strong>Drei\u00dfigj\u00e4hrigen Krie<\/strong>g, zum Schutz vor gegnerischer <strong>Kavallerie<\/strong>.<\/p>\r\n<p>&nbsp;<\/p>\r\n<h2>B\u00fccher \u00fcber die Soldaten im Drei\u00dfigj\u00e4hrigen Krieg<\/h2>\r\n<p>Die drei neuen B\u00fccher \u00fcber die Soldaten im Drei\u00dfigj\u00e4hrigen Krieg, sind im Bayerischen Armeemuseum selbst und bei uns im <a href=\"https:\/\/shop.deltaimage.de\/?product=soldaten-des-dreissigjaehrigen-krieges-der-pikenier\"><strong>shop.deltaimage.de<\/strong><\/a> zu beziehen.<\/p>\r\n<p><img data-recalc-dims=\"1\" loading=\"lazy\" decoding=\"async\" width=\"890\" height=\"334\" data-attachment-id=\"42507\" data-permalink=\"https:\/\/deltaimage.de\/wp\/?attachment_id=42507#main\" data-orig-file=\"https:\/\/i0.wp.com\/deltaimage.de\/wp\/wp-content\/uploads\/IMG_8694-1200.jpg?fit=1200%2C450&amp;ssl=1\" data-orig-size=\"1200,450\" data-comments-opened=\"1\" data-image-meta=\"{&quot;aperture&quot;:&quot;0&quot;,&quot;credit&quot;:&quot;&quot;,&quot;camera&quot;:&quot;&quot;,&quot;caption&quot;:&quot;&quot;,&quot;created_timestamp&quot;:&quot;0&quot;,&quot;copyright&quot;:&quot;&quot;,&quot;focal_length&quot;:&quot;0&quot;,&quot;iso&quot;:&quot;0&quot;,&quot;shutter_speed&quot;:&quot;0&quot;,&quot;title&quot;:&quot;&quot;,&quot;orientation&quot;:&quot;1&quot;}\" data-image-title=\"IMG_8694-1200\" data-image-description=\"\" data-image-caption=\"\" data-large-file=\"https:\/\/i0.wp.com\/deltaimage.de\/wp\/wp-content\/uploads\/IMG_8694-1200.jpg?fit=890%2C334&amp;ssl=1\" class=\"wp-image-42507 aligncenter\" src=\"https:\/\/i0.wp.com\/deltaimage.de\/wp\/wp-content\/uploads\/IMG_8694-1200.jpg?resize=890%2C334&#038;ssl=1\" alt=\"\" srcset=\"https:\/\/i0.wp.com\/deltaimage.de\/wp\/wp-content\/uploads\/IMG_8694-1200.jpg?w=1200&amp;ssl=1 1200w, https:\/\/i0.wp.com\/deltaimage.de\/wp\/wp-content\/uploads\/IMG_8694-1200.jpg?resize=900%2C338&amp;ssl=1 900w, https:\/\/i0.wp.com\/deltaimage.de\/wp\/wp-content\/uploads\/IMG_8694-1200.jpg?resize=300%2C113&amp;ssl=1 300w, https:\/\/i0.wp.com\/deltaimage.de\/wp\/wp-content\/uploads\/IMG_8694-1200.jpg?resize=1067%2C400&amp;ssl=1 1067w\" sizes=\"auto, (max-width: 890px) 100vw, 890px\" \/><\/p>\r\n","protected":false},"excerpt":{"rendered":"<p>&nbsp; Der bekannte Historiker und Buchautor Dr. Marcus Junkelmann stellt im Bayerischen Armeemuseum in Ingolstadt, drei neue B\u00fccher, erg\u00e4nzend zur neuen Ausstellung, Formen des Krieges 1600-1815, \u00fcber die Kriegsf\u00fchrung und [&hellip;]<\/p>\n","protected":false},"author":1,"featured_media":42705,"comment_status":"open","ping_status":"closed","sticky":false,"template":"","format":"standard","meta":{"wpupg_custom_link":[],"wpupg_custom_link_behaviour":["default"],"wpupg_custom_link_nofollow":["default"],"wpupg_custom_image":[],"wpupg_custom_image_id":[],"jetpack_post_was_ever_published":false,"footnotes":""},"categories":[1189,3831,8],"tags":[3664,487,2377,3665,3671,3672,3670,3712],"class_list":["post-42698","post","type-post","status-publish","format-standard","has-post-thumbnail","hentry","category-buch","category-geschichte-als-fest-dr-marcus-junkelmann","category-news","tag-bayerisches-armeemuseum","tag-buch","tag-dr-marcus-junkelmann","tag-ingolstadt","tag-kuerassiere","tag-musketiere","tag-pikeniere","tag-soldaten-im-dreissigjaehrigen-krieg"],"jetpack_featured_media_url":"https:\/\/i0.wp.com\/deltaimage.de\/wp\/wp-content\/uploads\/PE1S0111_1200.jpg?fit=1200%2C450&ssl=1","jetpack-related-posts":[{"id":42715,"url":"https:\/\/deltaimage.de\/wp\/?p=42715","url_meta":{"origin":42698,"position":0},"title":"Pikeniere mit Dr. Marcus Junkelmann im Bayerischen Armeemuseum Ingolstadt","author":"EschbacP","date":"22. M\u00e4rz 2024","format":false,"excerpt":"Die Geschichte zu erz\u00e4hlen, ohne ein dazugeh\u00f6riges geschichts-akkurates Darstellungsprogramm mit Akteuren und historischen Gegenst\u00e4nden, ist nicht nach dem Gusto vom bekannten Historiker und Experimentalarch\u00e4ologen Dr. Marcus Junkelmann. Zu seiner neuen Buchvorstellung, \u00fcber die neuen B\u00fccher zu den Soldaten des Dreissigj\u00e4hrigen Krieges, im Bayerischen Armeemuseum, wird die Kriegskunst auch gleich im\u2026","rel":"","context":"In &quot;Buch&quot;","block_context":{"text":"Buch","link":"https:\/\/deltaimage.de\/wp\/?cat=1189"},"img":{"alt_text":"","src":"https:\/\/i0.wp.com\/deltaimage.de\/wp\/wp-content\/uploads\/PE1S0231_1200-1.jpg?fit=1200%2C450&ssl=1&resize=350%2C200","width":350,"height":200,"srcset":"https:\/\/i0.wp.com\/deltaimage.de\/wp\/wp-content\/uploads\/PE1S0231_1200-1.jpg?fit=1200%2C450&ssl=1&resize=350%2C200 1x, https:\/\/i0.wp.com\/deltaimage.de\/wp\/wp-content\/uploads\/PE1S0231_1200-1.jpg?fit=1200%2C450&ssl=1&resize=525%2C300 1.5x, https:\/\/i0.wp.com\/deltaimage.de\/wp\/wp-content\/uploads\/PE1S0231_1200-1.jpg?fit=1200%2C450&ssl=1&resize=700%2C400 2x, https:\/\/i0.wp.com\/deltaimage.de\/wp\/wp-content\/uploads\/PE1S0231_1200-1.jpg?fit=1200%2C450&ssl=1&resize=1050%2C600 3x"},"classes":[]},{"id":42171,"url":"https:\/\/deltaimage.de\/wp\/?p=42171","url_meta":{"origin":42698,"position":1},"title":"Pikeniere, Musketiere und K\u00fcrassiere mit Dr. Marcus Junkelmann","author":"EschbacP","date":"27. Dezember 2023","format":false,"excerpt":"Neue Buchprojekte mit Dr. Marcus Junkelmann entf\u00fchrt mich immer wieder in andere und nicht minder spannende Zeitepochen, oft in der bayerischen Geschichte. Er f\u00fchlt sich im 19. Jahrhundert genauso zu Hause, wie im 18. Jahrhundert mit der Schicksalsschlacht der Wittelsbacher 1704 in H\u00f6chst\u00e4dt. Dann waren die Wittelsbacher im Exil in\u2026","rel":"","context":"In &quot;Buch&quot;","block_context":{"text":"Buch","link":"https:\/\/deltaimage.de\/wp\/?cat=1189"},"img":{"alt_text":"","src":"https:\/\/i0.wp.com\/deltaimage.de\/wp\/wp-content\/uploads\/PE5D0295_1200.jpg?fit=1200%2C450&ssl=1&resize=350%2C200","width":350,"height":200,"srcset":"https:\/\/i0.wp.com\/deltaimage.de\/wp\/wp-content\/uploads\/PE5D0295_1200.jpg?fit=1200%2C450&ssl=1&resize=350%2C200 1x, https:\/\/i0.wp.com\/deltaimage.de\/wp\/wp-content\/uploads\/PE5D0295_1200.jpg?fit=1200%2C450&ssl=1&resize=525%2C300 1.5x, https:\/\/i0.wp.com\/deltaimage.de\/wp\/wp-content\/uploads\/PE5D0295_1200.jpg?fit=1200%2C450&ssl=1&resize=700%2C400 2x, https:\/\/i0.wp.com\/deltaimage.de\/wp\/wp-content\/uploads\/PE5D0295_1200.jpg?fit=1200%2C450&ssl=1&resize=1050%2C600 3x"},"classes":[]},{"id":42734,"url":"https:\/\/deltaimage.de\/wp\/?p=42734","url_meta":{"origin":42698,"position":2},"title":"Musketiere mit Dr. Marcus Junkelmann im Bayerischen Armeemuseum Ingolstadt","author":"EschbacP","date":"22. M\u00e4rz 2024","format":false,"excerpt":"Die Geschichte zu erz\u00e4hlen, ohne ein dazugeh\u00f6riges geschichts-akkurates Darstellungsprogramm mit Akteuren und historischen Gegenst\u00e4nden, ist nicht nach dem Gusto vom bekannten Historiker und Experimentalarch\u00e4ologen Dr. Marcus Junkelmann. Zu seiner neuen Buchvorstellung, \u00fcber die neuen B\u00fccher zu den Soldaten des Drei\u00dfigj\u00e4hrigen Krieges, im Bayerischen Armeemuseum, wird die Kriegskunst auch gleich im\u2026","rel":"","context":"In &quot;Geschichte als Fest - Dr. Marcus Junkelmann&quot;","block_context":{"text":"Geschichte als Fest - Dr. Marcus Junkelmann","link":"https:\/\/deltaimage.de\/wp\/?cat=3831"},"img":{"alt_text":"","src":"https:\/\/i0.wp.com\/deltaimage.de\/wp\/wp-content\/uploads\/PE1S0140_1200.jpg?fit=1200%2C450&ssl=1&resize=350%2C200","width":350,"height":200,"srcset":"https:\/\/i0.wp.com\/deltaimage.de\/wp\/wp-content\/uploads\/PE1S0140_1200.jpg?fit=1200%2C450&ssl=1&resize=350%2C200 1x, https:\/\/i0.wp.com\/deltaimage.de\/wp\/wp-content\/uploads\/PE1S0140_1200.jpg?fit=1200%2C450&ssl=1&resize=525%2C300 1.5x, https:\/\/i0.wp.com\/deltaimage.de\/wp\/wp-content\/uploads\/PE1S0140_1200.jpg?fit=1200%2C450&ssl=1&resize=700%2C400 2x, https:\/\/i0.wp.com\/deltaimage.de\/wp\/wp-content\/uploads\/PE1S0140_1200.jpg?fit=1200%2C450&ssl=1&resize=1050%2C600 3x"},"classes":[]},{"id":42142,"url":"https:\/\/deltaimage.de\/wp\/?p=42142","url_meta":{"origin":42698,"position":3},"title":"Neue B\u00fccher mit Dr. Marcus Junkelmann entstehen","author":"EschbacP","date":"27. Dezember 2023","format":false,"excerpt":"... und dieses mal wird gleich richtig geschossen. Buchprojekte mit dem Historiker, Experiment-Arch\u00e4ologen und Buchautor Dr. Marcus Junkelmann sind immer etwas ganz Besonderes - in jeglicher Hinsicht. Als Fotograf f\u00fcr die Bucheinb\u00e4nde und die Darstellung der wichtigen Szenen bin ich wieder mit dabei. Als Ort der Handlung haben wir uns\u2026","rel":"","context":"In &quot;Buch&quot;","block_context":{"text":"Buch","link":"https:\/\/deltaimage.de\/wp\/?cat=1189"},"img":{"alt_text":"","src":"https:\/\/i0.wp.com\/deltaimage.de\/wp\/wp-content\/uploads\/PE5D0382_1200.jpg?fit=1200%2C450&ssl=1&resize=350%2C200","width":350,"height":200,"srcset":"https:\/\/i0.wp.com\/deltaimage.de\/wp\/wp-content\/uploads\/PE5D0382_1200.jpg?fit=1200%2C450&ssl=1&resize=350%2C200 1x, https:\/\/i0.wp.com\/deltaimage.de\/wp\/wp-content\/uploads\/PE5D0382_1200.jpg?fit=1200%2C450&ssl=1&resize=525%2C300 1.5x, https:\/\/i0.wp.com\/deltaimage.de\/wp\/wp-content\/uploads\/PE5D0382_1200.jpg?fit=1200%2C450&ssl=1&resize=700%2C400 2x, https:\/\/i0.wp.com\/deltaimage.de\/wp\/wp-content\/uploads\/PE5D0382_1200.jpg?fit=1200%2C450&ssl=1&resize=1050%2C600 3x"},"classes":[]},{"id":42521,"url":"https:\/\/deltaimage.de\/wp\/?p=42521","url_meta":{"origin":42698,"position":4},"title":"Buchvorstellung Dr. Junkelmann im Bayerischen Armeemuseum","author":"EschbacP","date":"11. Februar 2024","format":false,"excerpt":"Buchvorstellung - Soldaten des Drei\u00dfigj\u00e4hrigen Krieges 21. M\u00e4rz 2024- 18.00 Uhr im neuen Schloss Ingolstadt (Bayerisches Armeemuseum) \u00a0 Programm des Abends Dr. Ansgar Rei\u00df - Begr\u00fc\u00dfung Dr. Marcus Junkelmann - Vorstellung des Projektes: Der Pikenier \u2013 Der Musketier \u2013 Der K\u00fcrassier anschlie\u00dfend praktische Vorf\u00fchrungen im Schlosshof Der Historiker Dr. Marcus\u2026","rel":"","context":"In &quot;Buch&quot;","block_context":{"text":"Buch","link":"https:\/\/deltaimage.de\/wp\/?cat=1189"},"img":{"alt_text":"","src":"https:\/\/i0.wp.com\/deltaimage.de\/wp\/wp-content\/uploads\/PE5D0295_1200.jpg?fit=1200%2C450&ssl=1&resize=350%2C200","width":350,"height":200,"srcset":"https:\/\/i0.wp.com\/deltaimage.de\/wp\/wp-content\/uploads\/PE5D0295_1200.jpg?fit=1200%2C450&ssl=1&resize=350%2C200 1x, https:\/\/i0.wp.com\/deltaimage.de\/wp\/wp-content\/uploads\/PE5D0295_1200.jpg?fit=1200%2C450&ssl=1&resize=525%2C300 1.5x, https:\/\/i0.wp.com\/deltaimage.de\/wp\/wp-content\/uploads\/PE5D0295_1200.jpg?fit=1200%2C450&ssl=1&resize=700%2C400 2x, https:\/\/i0.wp.com\/deltaimage.de\/wp\/wp-content\/uploads\/PE5D0295_1200.jpg?fit=1200%2C450&ssl=1&resize=1050%2C600 3x"},"classes":[]},{"id":42506,"url":"https:\/\/deltaimage.de\/wp\/?p=42506","url_meta":{"origin":42698,"position":5},"title":"3-mal Junkelmann f\u00fcrs Armeemuseum sind da!","author":"EschbacP","date":"7. Februar 2024","format":false,"excerpt":"Lange haben wir gewartet, auf die Auslieferung der drei neuen B\u00fccher von Dr. Marcus Junkelmann zum Drei\u00dfigj\u00e4hrigen Krieg. Auch die ersten BestellerInnen, waren schon etwas ungeduldig, aber es hat sich gelohnt. \u00a0 Formen des Krieges im Bayerischen Armeemuseum in Ingolstadt Das Bayerische Armeemuseum widmet die neue Ausstellung den \"Formen des\u2026","rel":"","context":"In &quot;Buch&quot;","block_context":{"text":"Buch","link":"https:\/\/deltaimage.de\/wp\/?cat=1189"},"img":{"alt_text":"","src":"https:\/\/i0.wp.com\/deltaimage.de\/wp\/wp-content\/uploads\/IMG_8694-1200.jpg?fit=1200%2C450&ssl=1&resize=350%2C200","width":350,"height":200,"srcset":"https:\/\/i0.wp.com\/deltaimage.de\/wp\/wp-content\/uploads\/IMG_8694-1200.jpg?fit=1200%2C450&ssl=1&resize=350%2C200 1x, https:\/\/i0.wp.com\/deltaimage.de\/wp\/wp-content\/uploads\/IMG_8694-1200.jpg?fit=1200%2C450&ssl=1&resize=525%2C300 1.5x, https:\/\/i0.wp.com\/deltaimage.de\/wp\/wp-content\/uploads\/IMG_8694-1200.jpg?fit=1200%2C450&ssl=1&resize=700%2C400 2x, https:\/\/i0.wp.com\/deltaimage.de\/wp\/wp-content\/uploads\/IMG_8694-1200.jpg?fit=1200%2C450&ssl=1&resize=1050%2C600 3x"},"classes":[]}],"jetpack_sharing_enabled":true,"_links":{"self":[{"href":"https:\/\/deltaimage.de\/wp\/index.php?rest_route=\/wp\/v2\/posts\/42698","targetHints":{"allow":["GET"]}}],"collection":[{"href":"https:\/\/deltaimage.de\/wp\/index.php?rest_route=\/wp\/v2\/posts"}],"about":[{"href":"https:\/\/deltaimage.de\/wp\/index.php?rest_route=\/wp\/v2\/types\/post"}],"author":[{"embeddable":true,"href":"https:\/\/deltaimage.de\/wp\/index.php?rest_route=\/wp\/v2\/users\/1"}],"replies":[{"embeddable":true,"href":"https:\/\/deltaimage.de\/wp\/index.php?rest_route=%2Fwp%2Fv2%2Fcomments&post=42698"}],"version-history":[{"count":12,"href":"https:\/\/deltaimage.de\/wp\/index.php?rest_route=\/wp\/v2\/posts\/42698\/revisions"}],"predecessor-version":[{"id":51637,"href":"https:\/\/deltaimage.de\/wp\/index.php?rest_route=\/wp\/v2\/posts\/42698\/revisions\/51637"}],"wp:featuredmedia":[{"embeddable":true,"href":"https:\/\/deltaimage.de\/wp\/index.php?rest_route=\/wp\/v2\/media\/42705"}],"wp:attachment":[{"href":"https:\/\/deltaimage.de\/wp\/index.php?rest_route=%2Fwp%2Fv2%2Fmedia&parent=42698"}],"wp:term":[{"taxonomy":"category","embeddable":true,"href":"https:\/\/deltaimage.de\/wp\/index.php?rest_route=%2Fwp%2Fv2%2Fcategories&post=42698"},{"taxonomy":"post_tag","embeddable":true,"href":"https:\/\/deltaimage.de\/wp\/index.php?rest_route=%2Fwp%2Fv2%2Ftags&post=42698"}],"curies":[{"name":"wp","href":"https:\/\/api.w.org\/{rel}","templated":true}]}}