{"id":43079,"date":"2024-07-28T21:39:35","date_gmt":"2024-07-28T19:39:35","guid":{"rendered":"https:\/\/deltaimage.de\/wp\/?p=43079"},"modified":"2025-08-25T20:49:15","modified_gmt":"2025-08-25T18:49:15","slug":"test-video","status":"publish","type":"post","link":"https:\/\/deltaimage.de\/wp\/?p=43079","title":{"rendered":"Neuer Foto-Bildband \u00fcber das Maisacher Moos als Video und PDF"},"content":{"rendered":"<p><a href=\"https:\/\/deltaimage.de\/wp\/?page_id=40118\"><img data-recalc-dims=\"1\" loading=\"lazy\" decoding=\"async\" data-attachment-id=\"40115\" data-permalink=\"https:\/\/deltaimage.de\/wp\/?attachment_id=40115#main\" data-orig-file=\"https:\/\/i0.wp.com\/deltaimage.de\/wp\/wp-content\/uploads\/Stempel_DELTA-IMAGE_Quality.png?fit=961%2C960&amp;ssl=1\" data-orig-size=\"961,960\" data-comments-opened=\"1\" data-image-meta=\"{&quot;aperture&quot;:&quot;0&quot;,&quot;credit&quot;:&quot;&quot;,&quot;camera&quot;:&quot;&quot;,&quot;caption&quot;:&quot;&quot;,&quot;created_timestamp&quot;:&quot;0&quot;,&quot;copyright&quot;:&quot;&quot;,&quot;focal_length&quot;:&quot;0&quot;,&quot;iso&quot;:&quot;0&quot;,&quot;shutter_speed&quot;:&quot;0&quot;,&quot;title&quot;:&quot;&quot;,&quot;orientation&quot;:&quot;0&quot;}\" data-image-title=\"Stempel_DELTA IMAGE_Quality\" data-image-description=\"\" data-image-caption=\"\" data-large-file=\"https:\/\/i0.wp.com\/deltaimage.de\/wp\/wp-content\/uploads\/Stempel_DELTA-IMAGE_Quality.png?fit=890%2C889&amp;ssl=1\" class=\"alignright wp-image-40115 size-thumbnail\" src=\"https:\/\/i0.wp.com\/deltaimage.de\/wp\/wp-content\/uploads\/Stempel_DELTA-IMAGE_Quality.png?resize=200%2C200&#038;ssl=1\" alt=\"\" width=\"200\" height=\"200\" srcset=\"https:\/\/i0.wp.com\/deltaimage.de\/wp\/wp-content\/uploads\/Stempel_DELTA-IMAGE_Quality.png?resize=200%2C200&amp;ssl=1 200w, https:\/\/i0.wp.com\/deltaimage.de\/wp\/wp-content\/uploads\/Stempel_DELTA-IMAGE_Quality.png?resize=601%2C600&amp;ssl=1 601w, https:\/\/i0.wp.com\/deltaimage.de\/wp\/wp-content\/uploads\/Stempel_DELTA-IMAGE_Quality.png?resize=594%2C593&amp;ssl=1 594w, https:\/\/i0.wp.com\/deltaimage.de\/wp\/wp-content\/uploads\/Stempel_DELTA-IMAGE_Quality.png?resize=450%2C450&amp;ssl=1 450w, https:\/\/i0.wp.com\/deltaimage.de\/wp\/wp-content\/uploads\/Stempel_DELTA-IMAGE_Quality.png?resize=75%2C75&amp;ssl=1 75w, https:\/\/i0.wp.com\/deltaimage.de\/wp\/wp-content\/uploads\/Stempel_DELTA-IMAGE_Quality.png?resize=400%2C400&amp;ssl=1 400w, https:\/\/i0.wp.com\/deltaimage.de\/wp\/wp-content\/uploads\/Stempel_DELTA-IMAGE_Quality.png?resize=50%2C50&amp;ssl=1 50w, https:\/\/i0.wp.com\/deltaimage.de\/wp\/wp-content\/uploads\/Stempel_DELTA-IMAGE_Quality.png?w=961&amp;ssl=1 961w\" sizes=\"auto, (max-width: 200px) 100vw, 200px\" \/><\/a><\/p>\n<h2>\u00dcber 30 Jahre fotografiere ich das Dachauer Moos in allen Regionen<\/h2>\n<p><img data-recalc-dims=\"1\" loading=\"lazy\" decoding=\"async\" data-attachment-id=\"43292\" data-permalink=\"https:\/\/deltaimage.de\/wp\/?attachment_id=43292#main\" data-orig-file=\"https:\/\/i0.wp.com\/deltaimage.de\/wp\/wp-content\/uploads\/PE1D9071_900-1.jpg?fit=890%2C593&amp;ssl=1\" data-orig-size=\"890,593\" data-comments-opened=\"1\" data-image-meta=\"{&quot;aperture&quot;:&quot;5&quot;,&quot;credit&quot;:&quot;DELTA IMAGE Paul Eschbach&quot;,&quot;camera&quot;:&quot;Canon EOS-1D Mark III&quot;,&quot;caption&quot;:&quot;&quot;,&quot;created_timestamp&quot;:&quot;1685646071&quot;,&quot;copyright&quot;:&quot;&quot;,&quot;focal_length&quot;:&quot;400&quot;,&quot;iso&quot;:&quot;200&quot;,&quot;shutter_speed&quot;:&quot;0.002&quot;,&quot;title&quot;:&quot;&quot;,&quot;orientation&quot;:&quot;0&quot;}\" data-image-title=\"PE1D9071_900\" data-image-description=\"\" data-image-caption=\"\" data-large-file=\"https:\/\/i0.wp.com\/deltaimage.de\/wp\/wp-content\/uploads\/PE1D9071_900-1.jpg?fit=890%2C593&amp;ssl=1\" class=\"alignright wp-image-43292 size-thumbnail\" src=\"https:\/\/i0.wp.com\/deltaimage.de\/wp\/wp-content\/uploads\/PE1D9071_900-1.jpg?resize=300%2C200&#038;ssl=1\" alt=\"\" width=\"300\" height=\"200\" srcset=\"https:\/\/i0.wp.com\/deltaimage.de\/wp\/wp-content\/uploads\/PE1D9071_900-1.jpg?resize=300%2C200&amp;ssl=1 300w, https:\/\/i0.wp.com\/deltaimage.de\/wp\/wp-content\/uploads\/PE1D9071_900-1.jpg?resize=675%2C450&amp;ssl=1 675w, https:\/\/i0.wp.com\/deltaimage.de\/wp\/wp-content\/uploads\/PE1D9071_900-1.jpg?resize=600%2C400&amp;ssl=1 600w, https:\/\/i0.wp.com\/deltaimage.de\/wp\/wp-content\/uploads\/PE1D9071_900-1.jpg?resize=200%2C133&amp;ssl=1 200w, https:\/\/i0.wp.com\/deltaimage.de\/wp\/wp-content\/uploads\/PE1D9071_900-1.jpg?w=890&amp;ssl=1 890w\" sizes=\"auto, (max-width: 300px) 100vw, 300px\" \/>Als aufmerksame BetrachterInnen meiner Webseite <strong>https:\/\/deltaimage.de<\/strong> ist Ihnen sicherlich schon der thematische Schwerpunkt in meiner Fotografie im <strong>Dachauer Moos<\/strong> aufgefallen. Zu allen Jahreszeiten bin ich hier, unmittelbar vor meiner Haust\u00fcre, auf den Beinen, um die Sch\u00f6nheiten dieser <strong>Niedermoor-Landschaft<\/strong> in Bildmotiven einzufangen.<\/p>\n<p>Immer wieder zeige ich Ausschnitte meiner Fotoausfl\u00fcge und die dabei fotografierten Bildmotive als <strong>News Blog Beitrag<\/strong> hier online und f\u00fcr alle zur Verf\u00fcgung. Die immer noch vorhandene <strong>Niedermoor-Landschaft<\/strong> im <strong>Dachauer Moos<\/strong> ist so weitl\u00e4ufig und thematisch so vielf\u00e4ltig, dass es mir dabei niemals langweilig geworden ist.<\/p>\n<p>&nbsp;<\/p>\n<blockquote>\n<pre>Einmal fotografisch im Niedermoor gewesen zu sein - ist wie keinmal dort zu sein!<\/pre>\n<\/blockquote>\n<p><img data-recalc-dims=\"1\" loading=\"lazy\" decoding=\"async\" data-attachment-id=\"43291\" data-permalink=\"https:\/\/deltaimage.de\/wp\/?attachment_id=43291#main\" data-orig-file=\"https:\/\/i0.wp.com\/deltaimage.de\/wp\/wp-content\/uploads\/IMG_0072_900.jpg?fit=890%2C593&amp;ssl=1\" data-orig-size=\"890,593\" data-comments-opened=\"1\" data-image-meta=\"{&quot;aperture&quot;:&quot;9&quot;,&quot;credit&quot;:&quot;PAUL ESCHBACH&quot;,&quot;camera&quot;:&quot;Canon EOS 80D&quot;,&quot;caption&quot;:&quot;&quot;,&quot;created_timestamp&quot;:&quot;1651319706&quot;,&quot;copyright&quot;:&quot;Paul Eschbach @ DELTA IMAGE&quot;,&quot;focal_length&quot;:&quot;400&quot;,&quot;iso&quot;:&quot;200&quot;,&quot;shutter_speed&quot;:&quot;0.008&quot;,&quot;title&quot;:&quot;&quot;,&quot;orientation&quot;:&quot;0&quot;}\" data-image-title=\"IMG_0072_900\" data-image-description=\"\" data-image-caption=\"\" data-large-file=\"https:\/\/i0.wp.com\/deltaimage.de\/wp\/wp-content\/uploads\/IMG_0072_900.jpg?fit=890%2C593&amp;ssl=1\" class=\"alignright wp-image-43291 size-thumbnail\" src=\"https:\/\/i0.wp.com\/deltaimage.de\/wp\/wp-content\/uploads\/IMG_0072_900.jpg?resize=300%2C200&#038;ssl=1\" alt=\"\" width=\"300\" height=\"200\" srcset=\"https:\/\/i0.wp.com\/deltaimage.de\/wp\/wp-content\/uploads\/IMG_0072_900.jpg?resize=300%2C200&amp;ssl=1 300w, https:\/\/i0.wp.com\/deltaimage.de\/wp\/wp-content\/uploads\/IMG_0072_900.jpg?resize=675%2C450&amp;ssl=1 675w, https:\/\/i0.wp.com\/deltaimage.de\/wp\/wp-content\/uploads\/IMG_0072_900.jpg?resize=600%2C400&amp;ssl=1 600w, https:\/\/i0.wp.com\/deltaimage.de\/wp\/wp-content\/uploads\/IMG_0072_900.jpg?resize=200%2C133&amp;ssl=1 200w, https:\/\/i0.wp.com\/deltaimage.de\/wp\/wp-content\/uploads\/IMG_0072_900.jpg?w=890&amp;ssl=1 890w\" sizes=\"auto, (max-width: 300px) 100vw, 300px\" \/>R\u00e4umlich erstreckt sich das Dachauer Moos im Westen in <strong>Maisach<\/strong> beginnend: Weiter zieht sich das Moos \u00fcber <strong>Gra\u00dflfing<\/strong>, <strong>Olching<\/strong> und <strong>Gr\u00f6benzell<\/strong>, <strong>Eschenried<\/strong> und <strong>Gr\u00f6benried<\/strong> bis <strong>Dachau<\/strong>. Weiter geht der Landschaftsraum \u00fcber <strong>Karlsfeld<\/strong> nach <strong>Obergrashof<\/strong>, <strong>Badersfeld<\/strong> bis <strong>Haimhausen<\/strong> und <strong>Oberschlei\u00dfheim<\/strong>. Daran anschlie\u00dfend erstreckt das Dachauer Moos sich \u00fcber <strong>Unterschlei\u00dfheim<\/strong>, <strong>Lohhof<\/strong> nach <strong>Eching<\/strong> und weiter \u00fcber <strong>Fr\u00f6ttmaning<\/strong> in die weitl\u00e4ufige Heide-Landschaft im <strong>Norden von M\u00fcnchen<\/strong>.<\/p>\n<p>\u00dcber die vier Jahreszeiten und ihrer vielf\u00e4ltigen \u00dcbergangsbereiche hinweg ver\u00e4ndert sich die jeweilige Landschaft im Wochenrhythmus in dem Gesicht der <strong>Tierwelt<\/strong> und der <strong>Pflanzenwelt<\/strong>.<\/p>\n<p>Gen\u00fcgend Motivbereiche f\u00fcr die abwechslungsreichen Bereiche in der Fotografie &#8211; ein Landschaftsraum mit einer unbegrenzten Vielfalt an Bildmotiven und pers\u00f6nlichen Erlebnissen in der <strong>Naturlandschaft<\/strong> und der <strong>Kulturlandschaft<\/strong>.<\/p>\n<p>&nbsp;<\/p>\n<h2>In den letzten Monaten ist daraus ein erster Foto-Bildband entstanden<\/h2>\n<p><img data-recalc-dims=\"1\" loading=\"lazy\" decoding=\"async\" data-attachment-id=\"43151\" data-permalink=\"https:\/\/deltaimage.de\/wp\/?attachment_id=43151#main\" data-orig-file=\"https:\/\/i0.wp.com\/deltaimage.de\/wp\/wp-content\/uploads\/DELTA-IMAGE-IMG_9039.jpg?fit=2000%2C1721&amp;ssl=1\" data-orig-size=\"2000,1721\" data-comments-opened=\"1\" data-image-meta=\"{&quot;aperture&quot;:&quot;11&quot;,&quot;credit&quot;:&quot;PAUL ESCHBACH&quot;,&quot;camera&quot;:&quot;Canon EOS Kiss X6i&quot;,&quot;caption&quot;:&quot;&quot;,&quot;created_timestamp&quot;:&quot;1720203658&quot;,&quot;copyright&quot;:&quot;(C) DELTA IMAGE&quot;,&quot;focal_length&quot;:&quot;24&quot;,&quot;iso&quot;:&quot;100&quot;,&quot;shutter_speed&quot;:&quot;0.00625&quot;,&quot;title&quot;:&quot;&quot;,&quot;orientation&quot;:&quot;0&quot;}\" data-image-title=\"DELTA IMAGE &#8211; IMG_9039\" data-image-description=\"\" data-image-caption=\"\" data-large-file=\"https:\/\/i0.wp.com\/deltaimage.de\/wp\/wp-content\/uploads\/DELTA-IMAGE-IMG_9039.jpg?fit=890%2C766&amp;ssl=1\" class=\"wp-image-43151 size-rta_thumb_no_cropped_1200x450 alignleft\" src=\"https:\/\/i0.wp.com\/deltaimage.de\/wp\/wp-content\/uploads\/DELTA-IMAGE-IMG_9039.jpg?resize=523%2C450&#038;ssl=1\" alt=\"\" width=\"523\" height=\"450\" srcset=\"https:\/\/i0.wp.com\/deltaimage.de\/wp\/wp-content\/uploads\/DELTA-IMAGE-IMG_9039.jpg?resize=523%2C450&amp;ssl=1 523w, https:\/\/i0.wp.com\/deltaimage.de\/wp\/wp-content\/uploads\/DELTA-IMAGE-IMG_9039.jpg?resize=697%2C600&amp;ssl=1 697w, https:\/\/i0.wp.com\/deltaimage.de\/wp\/wp-content\/uploads\/DELTA-IMAGE-IMG_9039.jpg?resize=1200%2C1033&amp;ssl=1 1200w, https:\/\/i0.wp.com\/deltaimage.de\/wp\/wp-content\/uploads\/DELTA-IMAGE-IMG_9039.jpg?resize=232%2C200&amp;ssl=1 232w, https:\/\/i0.wp.com\/deltaimage.de\/wp\/wp-content\/uploads\/DELTA-IMAGE-IMG_9039.jpg?resize=1536%2C1322&amp;ssl=1 1536w, https:\/\/i0.wp.com\/deltaimage.de\/wp\/wp-content\/uploads\/DELTA-IMAGE-IMG_9039.jpg?resize=689%2C593&amp;ssl=1 689w, https:\/\/i0.wp.com\/deltaimage.de\/wp\/wp-content\/uploads\/DELTA-IMAGE-IMG_9039.jpg?resize=465%2C400&amp;ssl=1 465w, https:\/\/i0.wp.com\/deltaimage.de\/wp\/wp-content\/uploads\/DELTA-IMAGE-IMG_9039.jpg?w=2000&amp;ssl=1 2000w, https:\/\/i0.wp.com\/deltaimage.de\/wp\/wp-content\/uploads\/DELTA-IMAGE-IMG_9039.jpg?w=1780&amp;ssl=1 1780w\" sizes=\"auto, (max-width: 523px) 100vw, 523px\" \/>Der Wunsch und die Idee zu einem eigenen <strong>Buch<\/strong> \u00fcber das <strong>Dachauer Moos<\/strong> besteht schon recht lange und ist in all der Zeit immer weiter gereift und gewachsen. Das Bildmaterial ist \u00fcber die Jahre zusammen gekommen, daraus gilt es nun kleine Themen und Geschichten zu formen, um eine gr\u00f6\u00dfere Erz\u00e4hlung den LeserInnen des Buches zu vermitteln. Aus dem Gesamtthema des <strong>Dachauer Mooses<\/strong> habe ich zusammen mit dem <strong>BUND Naturschutz in Bayern e.V. &#8211; Kreisgruppe Dachau<\/strong> das Moosgebiet des <strong>Maisacher Mooses<\/strong> als zusammenh\u00e4ngendes <strong>Niedermoorgebiet<\/strong> des <strong>Palsweiser Mooses<\/strong> und des <strong>Fu\u00dfbergmooses<\/strong> ausgew\u00e4hlt.<\/p>\n<p>Das <strong>Maisacher Moos<\/strong> ist als <strong>Niedermoor<\/strong> das zweitgr\u00f6\u00dfte in Bayern, hinter dem Donaumoos. Dies unterstreicht die Bedeutung dieses Landschaftsraumes. Vielmehr noch, ist es als <strong>Niedermoor<\/strong> in den vergangenen zwanzig Jahren teilweise wiedervern\u00e4sst worden. Die Ergebnisse und die Erfolge dieser Arbeiten kann man bei einer Wanderung durch das <strong>Maisacher Moos<\/strong> selbst erleben und weiter beobachten. Diesen Prozess der <strong>Wiedervern\u00e4ssung<\/strong> und dem danach folgenden Wandel in der <strong>Niedermoor-Landschaft<\/strong> gilt es mit der Sprache der Fotografie zu beschreiben und zu bebildern.<\/p>\n<p>Dieser <strong>Foto-Bildband<\/strong> zum <strong>Maisacher Moos<\/strong> soll auch f\u00fcr all die flei\u00dfigen HelferInnen sein, die zum Erhalt und zur Umgestaltung dieser <strong>Niedermoor-Landschaft<\/strong> die wesentlichen Beitr\u00e4ge geliefert haben.<\/p>\n<p>Einen kurzen <strong>Filmbeitrag<\/strong> zu den <strong>Landschaftspflegema\u00dfnahmen<\/strong>, die \u00fcber die Mittel der <strong>Gl\u00fccksspirale<\/strong> gef\u00f6rdert und unterst\u00fctzt werden, haben wir in einem eignen Beitrag f\u00fcr Sie zusammen gestellt. Darin sehen Sie den zweiten Vorstand der <strong>Kreisgruppe Dachau<\/strong>, wie er von einer Begegnung zusammen mit einem Fotografen und einer <strong>Ringelnatter<\/strong> schw\u00e4rmt.\u00a0<strong><a href=\"https:\/\/deltaimage.de\/wp\/?p=43043\">Sehen Sie hier selbs<\/a>t<\/strong>. Wer dieser <strong>Fotograf<\/strong> wohl ist, erraten Sie sicherlich ganz schnell. Hier geht&#8217;s zu diesem <strong>Beitrag<\/strong> mit der <a href=\"https:\/\/deltaimage.de\/wp\/?p=43043\"><strong>Gl\u00fccksspirale und Heinz Gibowsky<\/strong><\/a>.<\/p>\n<p>&nbsp;<\/p>\n<h2>Das neue Buch zum Maisacher Moos &#8211; ein Foto-Bildband zum Dachauer Moos<\/h2>\n<p>Nach der kleinen Vorgeschichte zu diesem neuen <strong>Buchprojekt<\/strong> im <strong>Dachauer Moos<\/strong> stelle ich Ihnen diesen <strong>Foto-Bildband<\/strong> nachfolgend in zwei Formaten vor. Einem <strong>PDF Dokument<\/strong> mit allen wesentlichen Inhalten zum neuen <strong>Buch<\/strong> \u2192\u00a0<strong>Reiter PDF<\/strong>. Diese <strong>Kurzpr\u00e4sentation<\/strong> biete ich Ihnen auch als bewegtes <strong>Video<\/strong> mit gesprochenen Texten an \u2192 Video. W\u00e4hlen Sie das f\u00fcr Sie passendere Format aus, die Inhalte sind in beiden F\u00e4llen gleich.<\/p>\n<div class=\"su-tabs su-tabs-style-default su-tabs-mobile-stack\" data-active=\"1\" data-scroll-offset=\"0\" data-anchor-in-url=\"no\"><div class=\"su-tabs-nav\"><span class=\"\" data-url=\"\" data-target=\"blank\" tabindex=\"0\" role=\"button\">Projektvorstellung: <strong>Video<\/strong><\/span><span class=\"\" data-url=\"\" data-target=\"blank\" tabindex=\"0\" role=\"button\">Projektvorstellung: <strong>PDF Dokument<\/strong><\/span><\/div><div class=\"su-tabs-panes\"><div class=\"su-tabs-pane su-u-clearfix su-u-trim\" data-title=\"Projektvorstellung: &lt;strong&gt;Video&lt;\/strong&gt;\">\n<h2>Projekt-Pr\u00e4sentation Maisacher Moos im Video-Format<\/h2>\n[evp_embed_video url=&#8220;https:\/\/deltaimage.de\/wp\/wp-content\/uploads\/DELTAADVICE_Buch_Dachauer-Moos_PR_Eschbach_20240713.mp4&#8243;]\n<\/div>\n<div class=\"su-tabs-pane su-u-clearfix su-u-trim\" data-title=\"Projektvorstellung: &lt;strong&gt;PDF Dokument&lt;\/strong&gt;\">\n<h2>Projekt-Pr\u00e4sentation Maisacher Moos im PDF-Dokument<\/h2>\n<a href=\"https:\/\/deltaimage.de\/wp\/wp-content\/uploads\/DELTAADVICE_Buch_Dachauer-Moos_PR_Eschbach_20240713.pdf\" class=\"pdfemb-viewer\" style=\"width:1200px;height:900px;\" data-width=\"1200\" data-height=\"900\" data-toolbar=\"both\" data-toolbar-fixed=\"on\">DELTAADVICE_Buch_Dachauer Moos_PR_Eschbach_20240713<\/a>\n<\/div><\/div><\/div>\n","protected":false},"excerpt":{"rendered":"<p>\u00dcber 30 Jahre fotografiere ich das Dachauer Moos in allen Regionen Als aufmerksame BetrachterInnen meiner Webseite https:\/\/deltaimage.de ist Ihnen sicherlich schon der thematische Schwerpunkt in meiner Fotografie im Dachauer Moos [&hellip;]<\/p>\n","protected":false},"author":1,"featured_media":43290,"comment_status":"open","ping_status":"closed","sticky":false,"template":"","format":"standard","meta":{"wpupg_custom_link":[],"wpupg_custom_link_behaviour":["default"],"wpupg_custom_link_nofollow":["default"],"wpupg_custom_image":[],"wpupg_custom_image_id":[],"jetpack_post_was_ever_published":false,"footnotes":""},"categories":[1189,3010,2523,8,853],"tags":[2522,95,775,2905,3771,3773,3768,3772,3770,1847,3774,2819,2907,2897,959,2160,1663,72,3769,984],"class_list":["post-43079","post","type-post","status-publish","format-standard","has-post-thumbnail","hentry","category-buch","category-dachauer-land","category-dachauer-moos","category-news","category-video","tag-badersfeld","tag-dachau","tag-dachauer-moos","tag-eching","tag-eschenried","tag-froettmaning","tag-grasslfing","tag-groebenried","tag-groebenzell","tag-haimhausen","tag-heide-landschaft-im-norden-von-muenchen","tag-karlsfeld","tag-lohhof","tag-maisach","tag-moos","tag-niedermoor","tag-obergrashof","tag-oberschleissheim","tag-olching","tag-unterschleissheim"],"jetpack_featured_media_url":"https:\/\/i0.wp.com\/deltaimage.de\/wp\/wp-content\/uploads\/PE1D0823_1200.jpg?fit=1200%2C450&ssl=1","jetpack-related-posts":[{"id":48874,"url":"https:\/\/deltaimage.de\/wp\/?p=48874","url_meta":{"origin":43079,"position":0},"title":"Themenvortrag Veranstaltungsb\u00fchne: Robert Rossa zur Entwicklung des Niedermoores im Dachauer Moos","author":"EschbacP","date":"14. April 2025","format":false,"excerpt":"Auf der Veranstaltungsb\u00fchne im Dachauer Wasserturm w\u00fcnschte ich mir lebendige Vortr\u00e4ge \u00fcber Themen der Natur, die eine Beziehung zum Dachauer Moos haben. Nicht nur statische Bilder, Infotafeln und Roll-Ups sollen die Fest- und Foto-Ausstellung ausmachen, sondern im besonderen lebendige Bilder und die Diskussionen zwischen den BesucherInnen \u00fcber Natur-relevante Themen. Dazu\u2026","rel":"","context":"In &quot;Dachauer Land&quot;","block_context":{"text":"Dachauer Land","link":"https:\/\/deltaimage.de\/wp\/?cat=3010"},"img":{"alt_text":"","src":"https:\/\/i0.wp.com\/deltaimage.de\/wp\/wp-content\/uploads\/IMG_20250413_183116_1200.jpg?fit=1200%2C450&ssl=1&resize=350%2C200","width":350,"height":200,"srcset":"https:\/\/i0.wp.com\/deltaimage.de\/wp\/wp-content\/uploads\/IMG_20250413_183116_1200.jpg?fit=1200%2C450&ssl=1&resize=350%2C200 1x, https:\/\/i0.wp.com\/deltaimage.de\/wp\/wp-content\/uploads\/IMG_20250413_183116_1200.jpg?fit=1200%2C450&ssl=1&resize=525%2C300 1.5x, https:\/\/i0.wp.com\/deltaimage.de\/wp\/wp-content\/uploads\/IMG_20250413_183116_1200.jpg?fit=1200%2C450&ssl=1&resize=700%2C400 2x, https:\/\/i0.wp.com\/deltaimage.de\/wp\/wp-content\/uploads\/IMG_20250413_183116_1200.jpg?fit=1200%2C450&ssl=1&resize=1050%2C600 3x"},"classes":[]},{"id":52187,"url":"https:\/\/deltaimage.de\/wp\/?p=52187","url_meta":{"origin":43079,"position":1},"title":"Sp\u00e4tsommer im Palsweiser Moos &#8211; Naturfotografie am Ende der Sommerferien","author":"EschbacP","date":"9. September 2025","format":false,"excerpt":"Der Sommer verabschiedet sich ganz langsam, der Hochsommer ist vorbei. Die Tage werden schon wieder sp\u00fcrbar k\u00fcrzer und auch k\u00fchler. Die Natur im Niedermoor bereitet sich auf den vor der T\u00fcre stehenden Herbst vor. Dies sind alles gute Gr\u00fcnde, wieder einmal in das geliebte Palsweiser Moos im Dachauer Moos auf\u2026","rel":"","context":"In &quot;Dachauer Land&quot;","block_context":{"text":"Dachauer Land","link":"https:\/\/deltaimage.de\/wp\/?cat=3010"},"img":{"alt_text":"","src":"https:\/\/i0.wp.com\/deltaimage.de\/wp\/wp-content\/uploads\/PE1S0003-Pano_1200.jpg?fit=1200%2C450&ssl=1&resize=350%2C200","width":350,"height":200,"srcset":"https:\/\/i0.wp.com\/deltaimage.de\/wp\/wp-content\/uploads\/PE1S0003-Pano_1200.jpg?fit=1200%2C450&ssl=1&resize=350%2C200 1x, https:\/\/i0.wp.com\/deltaimage.de\/wp\/wp-content\/uploads\/PE1S0003-Pano_1200.jpg?fit=1200%2C450&ssl=1&resize=525%2C300 1.5x, https:\/\/i0.wp.com\/deltaimage.de\/wp\/wp-content\/uploads\/PE1S0003-Pano_1200.jpg?fit=1200%2C450&ssl=1&resize=700%2C400 2x, https:\/\/i0.wp.com\/deltaimage.de\/wp\/wp-content\/uploads\/PE1S0003-Pano_1200.jpg?fit=1200%2C450&ssl=1&resize=1050%2C600 3x"},"classes":[]},{"id":46507,"url":"https:\/\/deltaimage.de\/wp\/?p=46507","url_meta":{"origin":43079,"position":2},"title":"S\u00fcddeutsche Zeitung: Schatzkammer der Natur &#8211; Dachau","author":"EschbacP","date":"9. November 2024","format":false,"excerpt":"\u00a0 S\u00fcddeutsche Zeitung - Lokalredaktion Dachau von Stefan Salger Die S\u00fcddeutsche Zeitung brachte in der Wochenendausgabe 2.\/3. November 2024 in der Lokalausgabe Dachau den Bericht von Stefan Salger aus F\u00fcrstenfeldbruck zu meinem neuen Foto-Bildband \u00fcber das Maisacher Mooses, dem Palsweiser Moos und dem zusammengeh\u00f6renden Fu\u00dfberger Moos). Link zum Originalbeitrag im\u2026","rel":"","context":"In &quot;Buch&quot;","block_context":{"text":"Buch","link":"https:\/\/deltaimage.de\/wp\/?cat=1189"},"img":{"alt_text":"","src":"https:\/\/i0.wp.com\/deltaimage.de\/wp\/wp-content\/uploads\/Logo_Sueddeutsche-Zeitung.JPG.png?fit=1200%2C449&ssl=1&resize=350%2C200","width":350,"height":200,"srcset":"https:\/\/i0.wp.com\/deltaimage.de\/wp\/wp-content\/uploads\/Logo_Sueddeutsche-Zeitung.JPG.png?fit=1200%2C449&ssl=1&resize=350%2C200 1x, https:\/\/i0.wp.com\/deltaimage.de\/wp\/wp-content\/uploads\/Logo_Sueddeutsche-Zeitung.JPG.png?fit=1200%2C449&ssl=1&resize=525%2C300 1.5x, https:\/\/i0.wp.com\/deltaimage.de\/wp\/wp-content\/uploads\/Logo_Sueddeutsche-Zeitung.JPG.png?fit=1200%2C449&ssl=1&resize=700%2C400 2x, https:\/\/i0.wp.com\/deltaimage.de\/wp\/wp-content\/uploads\/Logo_Sueddeutsche-Zeitung.JPG.png?fit=1200%2C449&ssl=1&resize=1050%2C600 3x"},"classes":[]},{"id":48341,"url":"https:\/\/deltaimage.de\/wp\/?p=48341","url_meta":{"origin":43079,"position":3},"title":"Dachauer Nachrichten: Dachauer Moos erleben &#8211; Jubil\u00e4umsausstellung der Kreisgruppe Dachau &#8230;","author":"EschbacP","date":"16. M\u00e4rz 2025","format":false,"excerpt":"Beitrag ver\u00f6ffentlicht in der Dachauer Rundschau vom 16.3.2025 --> Link zum e-Paper \u00a0 Dachauer Moos erleben Jubil\u00e4umsausstellung der Kreisgruppe Dachau im BUND Naturschutz im Dachauer Wasserturm ab 21. M\u00e4rz Dachau\u2013 Die Kreisgruppe Dachau im BUND Naturschutz in Bayern feiert dieses Jahr 50 Jahre der Gr\u00fcndung und zeigt das Wirken im\u2026","rel":"","context":"In &quot;Ausstellung \/ Sonderausstellung&quot;","block_context":{"text":"Ausstellung \/ Sonderausstellung","link":"https:\/\/deltaimage.de\/wp\/?cat=860"},"img":{"alt_text":"","src":"https:\/\/i0.wp.com\/deltaimage.de\/wp\/wp-content\/uploads\/Logo_Dachauer-Rundschau.jpg?fit=1200%2C448&ssl=1&resize=350%2C200","width":350,"height":200,"srcset":"https:\/\/i0.wp.com\/deltaimage.de\/wp\/wp-content\/uploads\/Logo_Dachauer-Rundschau.jpg?fit=1200%2C448&ssl=1&resize=350%2C200 1x, https:\/\/i0.wp.com\/deltaimage.de\/wp\/wp-content\/uploads\/Logo_Dachauer-Rundschau.jpg?fit=1200%2C448&ssl=1&resize=525%2C300 1.5x, https:\/\/i0.wp.com\/deltaimage.de\/wp\/wp-content\/uploads\/Logo_Dachauer-Rundschau.jpg?fit=1200%2C448&ssl=1&resize=700%2C400 2x, https:\/\/i0.wp.com\/deltaimage.de\/wp\/wp-content\/uploads\/Logo_Dachauer-Rundschau.jpg?fit=1200%2C448&ssl=1&resize=1050%2C600 3x"},"classes":[]},{"id":52502,"url":"https:\/\/deltaimage.de\/wp\/?p=52502","url_meta":{"origin":43079,"position":4},"title":"Bayern: Fotoausstellung \u00fcber das Palsweiser- und Fu\u00dfbergmoos (Dachauer Moos) von Paul Eschbach","author":"EschbacP","date":"14. Oktober 2025","format":false,"excerpt":"Ausstellung Fotoausstellung \u00fcber das Palsweiser Moos und Fu\u00dfbergmoos (Dachauer Moos) von Paul Eschbach Der Dachauer Natur- und Landschaftsfotograf Paul Eschbach zeigt in seiner Bilderausstellung die oft verborgenen Sch\u00f6nheiten dieser \u00fcbergreifenden Niedermoor-Landschaft aus allen vier Jahreszeiten, dem Moos, dem Wald, den Tieren und den Pflanzen. Die gro\u00dfformatigen Landschafts- und Naturbilder verdeutlichen\u2026","rel":"","context":"In &quot;Dachauer Land&quot;","block_context":{"text":"Dachauer Land","link":"https:\/\/deltaimage.de\/wp\/?cat=3010"},"img":{"alt_text":"","src":"https:\/\/i0.wp.com\/deltaimage.de\/wp\/wp-content\/uploads\/Logo_Bayern.jpg?fit=1200%2C450&ssl=1&resize=350%2C200","width":350,"height":200,"srcset":"https:\/\/i0.wp.com\/deltaimage.de\/wp\/wp-content\/uploads\/Logo_Bayern.jpg?fit=1200%2C450&ssl=1&resize=350%2C200 1x, https:\/\/i0.wp.com\/deltaimage.de\/wp\/wp-content\/uploads\/Logo_Bayern.jpg?fit=1200%2C450&ssl=1&resize=525%2C300 1.5x, https:\/\/i0.wp.com\/deltaimage.de\/wp\/wp-content\/uploads\/Logo_Bayern.jpg?fit=1200%2C450&ssl=1&resize=700%2C400 2x, https:\/\/i0.wp.com\/deltaimage.de\/wp\/wp-content\/uploads\/Logo_Bayern.jpg?fit=1200%2C450&ssl=1&resize=1050%2C600 3x"},"classes":[]},{"id":49496,"url":"https:\/\/deltaimage.de\/wp\/?p=49496","url_meta":{"origin":43079,"position":5},"title":"Der Sommer beginnt im Dachauer Moos","author":"EschbacP","date":"1. Juni 2025","format":false,"excerpt":"Der Mai ist zu Ende und der Vorsommer zieht langsam \u00fcber das Dachauer Moos. Das Licht ver\u00e4ndert sich vom luftigen Fr\u00fchling zwischen sp\u00e4rlichem Laub, zum dominanten und dramatischen Licht des Sommers, auch wenn der kalendarische Sommerbeginn noch einige Wochen braucht. Der Sommer ist da! Die Landschaft ver\u00e4ndert sich, die B\u00e4ume\u2026","rel":"","context":"In &quot;Dachauer Land&quot;","block_context":{"text":"Dachauer Land","link":"https:\/\/deltaimage.de\/wp\/?cat=3010"},"img":{"alt_text":"","src":"https:\/\/i0.wp.com\/deltaimage.de\/wp\/wp-content\/uploads\/IMG_8955_1200.jpg?fit=1200%2C450&ssl=1&resize=350%2C200","width":350,"height":200,"srcset":"https:\/\/i0.wp.com\/deltaimage.de\/wp\/wp-content\/uploads\/IMG_8955_1200.jpg?fit=1200%2C450&ssl=1&resize=350%2C200 1x, https:\/\/i0.wp.com\/deltaimage.de\/wp\/wp-content\/uploads\/IMG_8955_1200.jpg?fit=1200%2C450&ssl=1&resize=525%2C300 1.5x, https:\/\/i0.wp.com\/deltaimage.de\/wp\/wp-content\/uploads\/IMG_8955_1200.jpg?fit=1200%2C450&ssl=1&resize=700%2C400 2x, https:\/\/i0.wp.com\/deltaimage.de\/wp\/wp-content\/uploads\/IMG_8955_1200.jpg?fit=1200%2C450&ssl=1&resize=1050%2C600 3x"},"classes":[]}],"jetpack_sharing_enabled":true,"_links":{"self":[{"href":"https:\/\/deltaimage.de\/wp\/index.php?rest_route=\/wp\/v2\/posts\/43079","targetHints":{"allow":["GET"]}}],"collection":[{"href":"https:\/\/deltaimage.de\/wp\/index.php?rest_route=\/wp\/v2\/posts"}],"about":[{"href":"https:\/\/deltaimage.de\/wp\/index.php?rest_route=\/wp\/v2\/types\/post"}],"author":[{"embeddable":true,"href":"https:\/\/deltaimage.de\/wp\/index.php?rest_route=\/wp\/v2\/users\/1"}],"replies":[{"embeddable":true,"href":"https:\/\/deltaimage.de\/wp\/index.php?rest_route=%2Fwp%2Fv2%2Fcomments&post=43079"}],"version-history":[{"count":33,"href":"https:\/\/deltaimage.de\/wp\/index.php?rest_route=\/wp\/v2\/posts\/43079\/revisions"}],"predecessor-version":[{"id":51679,"href":"https:\/\/deltaimage.de\/wp\/index.php?rest_route=\/wp\/v2\/posts\/43079\/revisions\/51679"}],"wp:featuredmedia":[{"embeddable":true,"href":"https:\/\/deltaimage.de\/wp\/index.php?rest_route=\/wp\/v2\/media\/43290"}],"wp:attachment":[{"href":"https:\/\/deltaimage.de\/wp\/index.php?rest_route=%2Fwp%2Fv2%2Fmedia&parent=43079"}],"wp:term":[{"taxonomy":"category","embeddable":true,"href":"https:\/\/deltaimage.de\/wp\/index.php?rest_route=%2Fwp%2Fv2%2Fcategories&post=43079"},{"taxonomy":"post_tag","embeddable":true,"href":"https:\/\/deltaimage.de\/wp\/index.php?rest_route=%2Fwp%2Fv2%2Ftags&post=43079"}],"curies":[{"name":"wp","href":"https:\/\/api.w.org\/{rel}","templated":true}]}}