{"id":43300,"date":"2024-07-28T22:08:33","date_gmt":"2024-07-28T20:08:33","guid":{"rendered":"https:\/\/deltaimage.de\/wp\/?p=43300"},"modified":"2025-08-25T20:50:10","modified_gmt":"2025-08-25T18:50:10","slug":"wat-und-wasservoegel-im-sommerlichen-speichersee-in-eching","status":"publish","type":"post","link":"https:\/\/deltaimage.de\/wp\/?p=43300","title":{"rendered":"Wat-V\u00f6gel und Wasserv\u00f6gel im sommerlichen Speichersee in Eching"},"content":{"rendered":"<p><a href=\"https:\/\/deltaimage.de\/wp\/?page_id=40118\"><img data-recalc-dims=\"1\" loading=\"lazy\" decoding=\"async\" data-attachment-id=\"40115\" data-permalink=\"https:\/\/deltaimage.de\/wp\/?attachment_id=40115#main\" data-orig-file=\"https:\/\/i0.wp.com\/deltaimage.de\/wp\/wp-content\/uploads\/Stempel_DELTA-IMAGE_Quality.png?fit=961%2C960&amp;ssl=1\" data-orig-size=\"961,960\" data-comments-opened=\"1\" data-image-meta=\"{&quot;aperture&quot;:&quot;0&quot;,&quot;credit&quot;:&quot;&quot;,&quot;camera&quot;:&quot;&quot;,&quot;caption&quot;:&quot;&quot;,&quot;created_timestamp&quot;:&quot;0&quot;,&quot;copyright&quot;:&quot;&quot;,&quot;focal_length&quot;:&quot;0&quot;,&quot;iso&quot;:&quot;0&quot;,&quot;shutter_speed&quot;:&quot;0&quot;,&quot;title&quot;:&quot;&quot;,&quot;orientation&quot;:&quot;0&quot;}\" data-image-title=\"Stempel_DELTA IMAGE_Quality\" data-image-description=\"\" data-image-caption=\"\" data-large-file=\"https:\/\/i0.wp.com\/deltaimage.de\/wp\/wp-content\/uploads\/Stempel_DELTA-IMAGE_Quality.png?fit=890%2C889&amp;ssl=1\" class=\"alignright wp-image-40115 size-thumbnail\" src=\"https:\/\/i0.wp.com\/deltaimage.de\/wp\/wp-content\/uploads\/Stempel_DELTA-IMAGE_Quality.png?resize=200%2C200&#038;ssl=1\" alt=\"\" width=\"200\" height=\"200\" srcset=\"https:\/\/i0.wp.com\/deltaimage.de\/wp\/wp-content\/uploads\/Stempel_DELTA-IMAGE_Quality.png?resize=200%2C200&amp;ssl=1 200w, https:\/\/i0.wp.com\/deltaimage.de\/wp\/wp-content\/uploads\/Stempel_DELTA-IMAGE_Quality.png?resize=601%2C600&amp;ssl=1 601w, https:\/\/i0.wp.com\/deltaimage.de\/wp\/wp-content\/uploads\/Stempel_DELTA-IMAGE_Quality.png?resize=594%2C593&amp;ssl=1 594w, https:\/\/i0.wp.com\/deltaimage.de\/wp\/wp-content\/uploads\/Stempel_DELTA-IMAGE_Quality.png?resize=450%2C450&amp;ssl=1 450w, https:\/\/i0.wp.com\/deltaimage.de\/wp\/wp-content\/uploads\/Stempel_DELTA-IMAGE_Quality.png?resize=75%2C75&amp;ssl=1 75w, https:\/\/i0.wp.com\/deltaimage.de\/wp\/wp-content\/uploads\/Stempel_DELTA-IMAGE_Quality.png?resize=400%2C400&amp;ssl=1 400w, https:\/\/i0.wp.com\/deltaimage.de\/wp\/wp-content\/uploads\/Stempel_DELTA-IMAGE_Quality.png?resize=50%2C50&amp;ssl=1 50w, https:\/\/i0.wp.com\/deltaimage.de\/wp\/wp-content\/uploads\/Stempel_DELTA-IMAGE_Quality.png?w=961&amp;ssl=1 961w\" sizes=\"auto, (max-width: 200px) 100vw, 200px\" \/><\/a><br \/>\nAnfang Juni waren gro\u00dfe Hochwasser in weiten Teilen von <strong>Ober- und Niederbayern<\/strong> zu vermelden. Regionale Starkregen haben die B\u00e4che und Fl\u00fcsse anschwellen lassen und die Wasserst\u00e4nde sind als Folge \u00fcberall stark angestiegen, ebenso die Grundwasserpegel an vielen Orten. Entsprechende Sch\u00e4den waren \u00fcberall zu beklagen. Ebenso wurden einige D\u00e4mme besch\u00e4digt, die Arbeiten zur Reparatur und dem Aufr\u00e4umen ziehen sich hin.<\/p>\n<p>So konnte der <strong>Speichersee in Eching<\/strong> erst am letzten Sonntag wieder in die <strong>Isar<\/strong> geleert werden, um diese Arbeiten nicht zu gef\u00e4hrden. Einen Blick im <strong>Luftbild<\/strong> auf den Speichersee in Eching habe ich Ihnen in einem <a href=\"https:\/\/deltaimage.de\/wp\/?p=43213\"><strong>eigenen Beitrag<\/strong><\/a> zusammengefasst.<\/p>\n<p>&nbsp;<\/p>\n<h2>Speichersee mit Schlickfl\u00e4chen und Sandb\u00e4nken in Eching<\/h2>\n<p>F\u00fcr meinen Fotoausflug an den <strong>Echinger Speichersee<\/strong> konnte dieser Zeitablauf nicht besser passen, erst am Tag zuvor &#8211; so berichteten die ortsans\u00e4ssigen Ornithologen &#8211; wurde der Stausee abgelassen. Zur\u00fcck bliebt ein weitgehend entleerter Stausee mit gewaltigen Schlickfl\u00e4chen, Sandb\u00e4nken und Schildr\u00f6hricht mit Niedrigwasser. Darauf haben auch alle Wat-V\u00f6gel und viele Wasserv\u00f6gel gewartet. Das Leben im Schlick liegt nun auf dem Pr\u00e4sentierteller und muss nur noch aufgepickt werden.<\/p>\n<p><img data-recalc-dims=\"1\" loading=\"lazy\" decoding=\"async\" data-attachment-id=\"43190\" data-permalink=\"https:\/\/deltaimage.de\/wp\/?attachment_id=43190#main\" data-orig-file=\"https:\/\/i0.wp.com\/deltaimage.de\/wp\/wp-content\/uploads\/PED42778_900.jpg?fit=890%2C593&amp;ssl=1\" data-orig-size=\"890,593\" data-comments-opened=\"1\" data-image-meta=\"{&quot;aperture&quot;:&quot;9&quot;,&quot;credit&quot;:&quot;Paul Eschbach&quot;,&quot;camera&quot;:&quot;Canon EOS-1D Mark IV&quot;,&quot;caption&quot;:&quot;&quot;,&quot;created_timestamp&quot;:&quot;1721565124&quot;,&quot;copyright&quot;:&quot;www.deltaimage.de&quot;,&quot;focal_length&quot;:&quot;400&quot;,&quot;iso&quot;:&quot;800&quot;,&quot;shutter_speed&quot;:&quot;0.0005&quot;,&quot;title&quot;:&quot;&quot;,&quot;orientation&quot;:&quot;0&quot;}\" data-image-title=\"PED42778_900\" data-image-description=\"\" data-image-caption=\"\" data-large-file=\"https:\/\/i0.wp.com\/deltaimage.de\/wp\/wp-content\/uploads\/PED42778_900.jpg?fit=890%2C593&amp;ssl=1\" class=\"aligncenter size-full wp-image-43190\" src=\"https:\/\/i0.wp.com\/deltaimage.de\/wp\/wp-content\/uploads\/PED42778_900.jpg?resize=890%2C593&#038;ssl=1\" alt=\"\" width=\"890\" height=\"593\" srcset=\"https:\/\/i0.wp.com\/deltaimage.de\/wp\/wp-content\/uploads\/PED42778_900.jpg?w=890&amp;ssl=1 890w, https:\/\/i0.wp.com\/deltaimage.de\/wp\/wp-content\/uploads\/PED42778_900.jpg?resize=300%2C200&amp;ssl=1 300w, https:\/\/i0.wp.com\/deltaimage.de\/wp\/wp-content\/uploads\/PED42778_900.jpg?resize=675%2C450&amp;ssl=1 675w, https:\/\/i0.wp.com\/deltaimage.de\/wp\/wp-content\/uploads\/PED42778_900.jpg?resize=600%2C400&amp;ssl=1 600w, https:\/\/i0.wp.com\/deltaimage.de\/wp\/wp-content\/uploads\/PED42778_900.jpg?resize=200%2C133&amp;ssl=1 200w\" sizes=\"auto, (max-width: 890px) 100vw, 890px\" \/><\/p>\n<p>Entsprechend sch\u00f6ne Bildmotive zeigten sich vom <strong>Vogel-Beobachtungsturm<\/strong> den ganzen Tag \u00fcber. Gro\u00dfe Algenteppiche zeigen sich soeben an der Wasseroberfl\u00e4che und dienen ebenso als Nahrung f\u00fcr viele V\u00f6gel. Hier liegt noch ein gro\u00dfer Baumstamm auf dieser Algenfl\u00e4che und dient den <strong>Silberreihern<\/strong>, <strong>Graureihern<\/strong> und anderen Wasserv\u00f6geln als Ansitz ohne nasse F\u00fc\u00dfe. Auf diesem Bild steht ein Graureiher majest\u00e4tisch auf ebendiesem Baumstamm und beobachtet die Umgebung.<\/p>\n<p><!--more--><\/p>\n<p>&nbsp;<\/p>\n<h2>Die gewohnten Wasserv\u00f6gel versammelten sich ebenso auf dem Echinger Stausee<\/h2>\n<p>Grad so als ob sich dieses Ereignis bei den Wat- V\u00f6geln und Wasserv\u00f6geln herumgesprochen hat. Hunderte V\u00f6gel einer Gattung sind auf dem See in gro\u00dfen Kolonien.<\/p>\n<p><img data-recalc-dims=\"1\" loading=\"lazy\" decoding=\"async\" data-attachment-id=\"43193\" data-permalink=\"https:\/\/deltaimage.de\/wp\/?attachment_id=43193#main\" data-orig-file=\"https:\/\/i0.wp.com\/deltaimage.de\/wp\/wp-content\/uploads\/PED42951_900.jpg?fit=890%2C593&amp;ssl=1\" data-orig-size=\"890,593\" data-comments-opened=\"1\" data-image-meta=\"{&quot;aperture&quot;:&quot;5.6&quot;,&quot;credit&quot;:&quot;Paul Eschbach&quot;,&quot;camera&quot;:&quot;Canon EOS-1D Mark IV&quot;,&quot;caption&quot;:&quot;&quot;,&quot;created_timestamp&quot;:&quot;1721571822&quot;,&quot;copyright&quot;:&quot;www.deltaimage.de&quot;,&quot;focal_length&quot;:&quot;400&quot;,&quot;iso&quot;:&quot;800&quot;,&quot;shutter_speed&quot;:&quot;0.00015625&quot;,&quot;title&quot;:&quot;&quot;,&quot;orientation&quot;:&quot;0&quot;}\" data-image-title=\"PED42951_900\" data-image-description=\"\" data-image-caption=\"\" data-large-file=\"https:\/\/i0.wp.com\/deltaimage.de\/wp\/wp-content\/uploads\/PED42951_900.jpg?fit=890%2C593&amp;ssl=1\" class=\"aligncenter size-full wp-image-43193\" src=\"https:\/\/i0.wp.com\/deltaimage.de\/wp\/wp-content\/uploads\/PED42951_900.jpg?resize=890%2C593&#038;ssl=1\" alt=\"\" width=\"890\" height=\"593\" srcset=\"https:\/\/i0.wp.com\/deltaimage.de\/wp\/wp-content\/uploads\/PED42951_900.jpg?w=890&amp;ssl=1 890w, https:\/\/i0.wp.com\/deltaimage.de\/wp\/wp-content\/uploads\/PED42951_900.jpg?resize=300%2C200&amp;ssl=1 300w, https:\/\/i0.wp.com\/deltaimage.de\/wp\/wp-content\/uploads\/PED42951_900.jpg?resize=675%2C450&amp;ssl=1 675w, https:\/\/i0.wp.com\/deltaimage.de\/wp\/wp-content\/uploads\/PED42951_900.jpg?resize=600%2C400&amp;ssl=1 600w, https:\/\/i0.wp.com\/deltaimage.de\/wp\/wp-content\/uploads\/PED42951_900.jpg?resize=200%2C133&amp;ssl=1 200w\" sizes=\"auto, (max-width: 890px) 100vw, 890px\" \/><\/p>\n<p>Hier sind es die h\u00fcbschen <strong>H\u00f6ckerschw\u00e4ne, die<\/strong> wir aus den M\u00fcnchener Parks kennen, hier tummeln sie sich mit allerlei anderen V\u00f6geln. Zum Futtern ist jetzt wohl genug da, da muss man auch als Vogel keinen Zoff anfangen.<\/p>\n<p>Dazwischen <strong>Stockenten<\/strong> und <strong>Blessh\u00fchner<\/strong> in gro\u00dfer Anzahl. Nach ein paar Stunden am Stausee, ist dies alles schon ein gewohntes Bild. So schnell gew\u00f6hnt man sich an diesen Reichtum an V\u00f6geln aller Arten.<\/p>\n<p>&nbsp;<\/p>\n<h2>Ein Silberreiher landet nicht nur irgendwie im seichten Wasser &#8211; er zelebriert sein h\u00fcbsches Federkleid<\/h2>\n<p>Mit der langen Brennweite gelingen auch sehr sch\u00f6ne Beobachtungen der Vogel in ihrem Verhalten den Tag \u00fcber. Hier f\u00e4llt mir der <strong>Silberreiher<\/strong> beim Anflug schon auf. Den Flug f\u00e4ngt es ganz grazile ab und l\u00e4sst sein herrlich wei\u00dfes Federkleid dabei wie eine Diva im Wind herrlich zur Geltung kommen.<\/p>\n<p><img data-recalc-dims=\"1\" loading=\"lazy\" decoding=\"async\" data-attachment-id=\"43192\" data-permalink=\"https:\/\/deltaimage.de\/wp\/?attachment_id=43192#main\" data-orig-file=\"https:\/\/i0.wp.com\/deltaimage.de\/wp\/wp-content\/uploads\/PED42865_900.jpg?fit=890%2C593&amp;ssl=1\" data-orig-size=\"890,593\" data-comments-opened=\"1\" data-image-meta=\"{&quot;aperture&quot;:&quot;5.6&quot;,&quot;credit&quot;:&quot;Paul Eschbach&quot;,&quot;camera&quot;:&quot;Canon EOS-1D Mark IV&quot;,&quot;caption&quot;:&quot;&quot;,&quot;created_timestamp&quot;:&quot;1721566516&quot;,&quot;copyright&quot;:&quot;www.deltaimage.de&quot;,&quot;focal_length&quot;:&quot;400&quot;,&quot;iso&quot;:&quot;800&quot;,&quot;shutter_speed&quot;:&quot;0.00015625&quot;,&quot;title&quot;:&quot;&quot;,&quot;orientation&quot;:&quot;0&quot;}\" data-image-title=\"PED42865_900\" data-image-description=\"\" data-image-caption=\"\" data-large-file=\"https:\/\/i0.wp.com\/deltaimage.de\/wp\/wp-content\/uploads\/PED42865_900.jpg?fit=890%2C593&amp;ssl=1\" class=\"aligncenter size-full wp-image-43192\" src=\"https:\/\/i0.wp.com\/deltaimage.de\/wp\/wp-content\/uploads\/PED42865_900.jpg?resize=890%2C593&#038;ssl=1\" alt=\"\" width=\"890\" height=\"593\" srcset=\"https:\/\/i0.wp.com\/deltaimage.de\/wp\/wp-content\/uploads\/PED42865_900.jpg?w=890&amp;ssl=1 890w, https:\/\/i0.wp.com\/deltaimage.de\/wp\/wp-content\/uploads\/PED42865_900.jpg?resize=300%2C200&amp;ssl=1 300w, https:\/\/i0.wp.com\/deltaimage.de\/wp\/wp-content\/uploads\/PED42865_900.jpg?resize=675%2C450&amp;ssl=1 675w, https:\/\/i0.wp.com\/deltaimage.de\/wp\/wp-content\/uploads\/PED42865_900.jpg?resize=600%2C400&amp;ssl=1 600w, https:\/\/i0.wp.com\/deltaimage.de\/wp\/wp-content\/uploads\/PED42865_900.jpg?resize=200%2C133&amp;ssl=1 200w\" sizes=\"auto, (max-width: 890px) 100vw, 890px\" \/><\/p>\n","protected":false},"excerpt":{"rendered":"<p>Anfang Juni waren gro\u00dfe Hochwasser in weiten Teilen von Ober- und Niederbayern zu vermelden. Regionale Starkregen haben die B\u00e4che und Fl\u00fcsse anschwellen lassen und die Wasserst\u00e4nde sind als Folge \u00fcberall [&hellip;]<\/p>\n","protected":false},"author":1,"featured_media":43301,"comment_status":"open","ping_status":"closed","sticky":false,"template":"","format":"standard","meta":{"wpupg_custom_link":[],"wpupg_custom_link_behaviour":["default"],"wpupg_custom_link_nofollow":["default"],"wpupg_custom_image":[],"wpupg_custom_image_id":[],"jetpack_post_was_ever_published":false,"footnotes":""},"categories":[3217,8],"tags":[3211,3775,3236,3777,3689,1179,3776],"class_list":["post-43300","post","type-post","status-publish","format-standard","has-post-thumbnail","hentry","category-naturfotografie","category-news","tag-blesshuhn","tag-echinger-speichersee","tag-graureiher","tag-hoeckerschwan","tag-silberreiher","tag-wasservoegel","tag-wat-vogel"],"jetpack_featured_media_url":"https:\/\/i0.wp.com\/deltaimage.de\/wp\/wp-content\/uploads\/PED42446_1200.jpg?fit=1200%2C450&ssl=1","jetpack-related-posts":[{"id":43213,"url":"https:\/\/deltaimage.de\/wp\/?p=43213","url_meta":{"origin":43300,"position":0},"title":"Echinger Speichersee aus der Vogelperspektive gesehen","author":"EschbacP","date":"22. Juli 2024","format":false,"excerpt":"Der Echinger Speichersee ist eine Vogelfreist\u00e4tte, das bedeutet, dass das Gebiet ein Naturschutzgebiet ist und einen ganz besonderen Schutz f\u00fcr die hier lebenden und fliegenden V\u00f6gel eingerichtet hat. Diese Schutzfl\u00e4che z\u00e4hlt zu den wertvollsten Wasservogelschutzgebieten Bayerns und ist Bestandteil des europ\u00e4ischen Schutzgebietsnetzes Natura2000. Hier d\u00fcrfen sie sich von uns Menschen\u2026","rel":"","context":"In &quot;Luftbild&quot;","block_context":{"text":"Luftbild","link":"https:\/\/deltaimage.de\/wp\/?cat=850"},"img":{"alt_text":"","src":"https:\/\/i0.wp.com\/deltaimage.de\/wp\/wp-content\/uploads\/ZY5M0862_1200.jpg?fit=1200%2C450&ssl=1&resize=350%2C200","width":350,"height":200,"srcset":"https:\/\/i0.wp.com\/deltaimage.de\/wp\/wp-content\/uploads\/ZY5M0862_1200.jpg?fit=1200%2C450&ssl=1&resize=350%2C200 1x, https:\/\/i0.wp.com\/deltaimage.de\/wp\/wp-content\/uploads\/ZY5M0862_1200.jpg?fit=1200%2C450&ssl=1&resize=525%2C300 1.5x, https:\/\/i0.wp.com\/deltaimage.de\/wp\/wp-content\/uploads\/ZY5M0862_1200.jpg?fit=1200%2C450&ssl=1&resize=700%2C400 2x, https:\/\/i0.wp.com\/deltaimage.de\/wp\/wp-content\/uploads\/ZY5M0862_1200.jpg?fit=1200%2C450&ssl=1&resize=1050%2C600 3x"},"classes":[]},{"id":43186,"url":"https:\/\/deltaimage.de\/wp\/?p=43186","url_meta":{"origin":43300,"position":1},"title":"Ein Vogel-Paradies an der Mittleren Isar in Eching","author":"EschbacP","date":"22. Juli 2024","format":false,"excerpt":"An der Mittleren Isar ist ein international bedeutender Rastplatz f\u00fcr V\u00f6gel, bei ihren Vogelwanderungen quer durch Europa und bis nach Afrika. Das will ich mir doch einmal an diesem Sommertag ansehen. Vor einigen Tagen traf ich den Vogelfotografen Lars und er lud mich ein, gemeinsam an den Echinger Stausee zu\u2026","rel":"","context":"In &quot;Naturfotografie&quot;","block_context":{"text":"Naturfotografie","link":"https:\/\/deltaimage.de\/wp\/?cat=3217"},"img":{"alt_text":"","src":"https:\/\/i0.wp.com\/deltaimage.de\/wp\/wp-content\/uploads\/PED42805_1200.jpg?fit=1200%2C450&ssl=1&resize=350%2C200","width":350,"height":200,"srcset":"https:\/\/i0.wp.com\/deltaimage.de\/wp\/wp-content\/uploads\/PED42805_1200.jpg?fit=1200%2C450&ssl=1&resize=350%2C200 1x, https:\/\/i0.wp.com\/deltaimage.de\/wp\/wp-content\/uploads\/PED42805_1200.jpg?fit=1200%2C450&ssl=1&resize=525%2C300 1.5x, https:\/\/i0.wp.com\/deltaimage.de\/wp\/wp-content\/uploads\/PED42805_1200.jpg?fit=1200%2C450&ssl=1&resize=700%2C400 2x, https:\/\/i0.wp.com\/deltaimage.de\/wp\/wp-content\/uploads\/PED42805_1200.jpg?fit=1200%2C450&ssl=1&resize=1050%2C600 3x"},"classes":[]},{"id":54169,"url":"https:\/\/deltaimage.de\/wp\/?p=54169","url_meta":{"origin":43300,"position":2},"title":"Eine Mittelmeerm\u00f6we macht Zwischenstation im Dachauer Moos im Fr\u00fchling","author":"EschbacP","date":"23. M\u00e4rz 2026","format":false,"excerpt":"Auf dem Landschaftssee an der Schinderkreppe im Dachauer Moos ist der Winter weitgehend zu Ende und der Fr\u00fchling ist bereits eingezogen. Es sind wie den ganzen Winter \u00fcber, noch kaum Wasserv\u00f6gel auf dem See zu beobachten. Ein paar Bl\u00e4ssh\u00fchner d\u00fcmpeln auf dem See umher. Trotzdem bin ich heute wieder einmal\u2026","rel":"","context":"In &quot;Dachauer Land&quot;","block_context":{"text":"Dachauer Land","link":"https:\/\/deltaimage.de\/wp\/?cat=3010"},"img":{"alt_text":"","src":"https:\/\/i0.wp.com\/deltaimage.de\/wp\/wp-content\/uploads\/PED47608_1200.jpg?fit=1200%2C450&ssl=1&resize=350%2C200","width":350,"height":200,"srcset":"https:\/\/i0.wp.com\/deltaimage.de\/wp\/wp-content\/uploads\/PED47608_1200.jpg?fit=1200%2C450&ssl=1&resize=350%2C200 1x, https:\/\/i0.wp.com\/deltaimage.de\/wp\/wp-content\/uploads\/PED47608_1200.jpg?fit=1200%2C450&ssl=1&resize=525%2C300 1.5x, https:\/\/i0.wp.com\/deltaimage.de\/wp\/wp-content\/uploads\/PED47608_1200.jpg?fit=1200%2C450&ssl=1&resize=700%2C400 2x, https:\/\/i0.wp.com\/deltaimage.de\/wp\/wp-content\/uploads\/PED47608_1200.jpg?fit=1200%2C450&ssl=1&resize=1050%2C600 3x"},"classes":[]},{"id":40354,"url":"https:\/\/deltaimage.de\/wp\/?p=40354","url_meta":{"origin":43300,"position":3},"title":"Vogel-Flugbetrieb an den Seen im Dachauer Moos","author":"EschbacP","date":"22. Juni 2023","format":false,"excerpt":"Im Dachauer Moos sind viele Kies-Baggerseen durch den jahrzehntelangen Abbau von Kies der Schotterebene f\u00fcr den Bau von Infrastruktur im Umfeld von M\u00fcnchen entstanden. Eisenbahn, Rangierbahnhof, Autobahnen und Bundesstra\u00dfen - alle haben als manchmal t\u00fcrkisblaue Wasserfl\u00e4chen, Spuren in der Mooslandschaft hinterlassen. An den vielen Seen im Dachauer Moos herrscht jetzt\u2026","rel":"","context":"In &quot;Dachauer Land&quot;","block_context":{"text":"Dachauer Land","link":"https:\/\/deltaimage.de\/wp\/?cat=3010"},"img":{"alt_text":"","src":"https:\/\/i0.wp.com\/deltaimage.de\/wp\/wp-content\/uploads\/PE1D0251_1200.jpg?fit=1200%2C450&ssl=1&resize=350%2C200","width":350,"height":200,"srcset":"https:\/\/i0.wp.com\/deltaimage.de\/wp\/wp-content\/uploads\/PE1D0251_1200.jpg?fit=1200%2C450&ssl=1&resize=350%2C200 1x, https:\/\/i0.wp.com\/deltaimage.de\/wp\/wp-content\/uploads\/PE1D0251_1200.jpg?fit=1200%2C450&ssl=1&resize=525%2C300 1.5x, https:\/\/i0.wp.com\/deltaimage.de\/wp\/wp-content\/uploads\/PE1D0251_1200.jpg?fit=1200%2C450&ssl=1&resize=700%2C400 2x, https:\/\/i0.wp.com\/deltaimage.de\/wp\/wp-content\/uploads\/PE1D0251_1200.jpg?fit=1200%2C450&ssl=1&resize=1050%2C600 3x"},"classes":[]},{"id":33393,"url":"https:\/\/deltaimage.de\/wp\/?p=33393","url_meta":{"origin":43300,"position":4},"title":"Fr\u00fchling an der Amper ist auch Brutzeit","author":"EschbacP","date":"21. M\u00e4rz 2022","format":false,"excerpt":"Im Fr\u00fchling ist viel Aktivit\u00e4t in der Natur. Es gilt f\u00fcr die flei\u00dfigen Jungeltern, die Grundlage f\u00fcr die n\u00e4chste Generation f\u00fcr dieses Jahr zu schaffen. Die Wasserv\u00f6gel bauen gut gesch\u00fctzt durch die Wasserfl\u00e4chen die Nester auf kleinen k\u00fcnstlichen Inseln im Wasser auf Treibgut, einem Ast oder einer Sandbank. So lassen\u2026","rel":"","context":"In &quot;Dachauer Land&quot;","block_context":{"text":"Dachauer Land","link":"https:\/\/deltaimage.de\/wp\/?cat=3010"},"img":{"alt_text":"","src":"https:\/\/i0.wp.com\/deltaimage.de\/wp\/wp-content\/uploads\/IMG_5608_1200.jpg?fit=1200%2C450&ssl=1&resize=350%2C200","width":350,"height":200,"srcset":"https:\/\/i0.wp.com\/deltaimage.de\/wp\/wp-content\/uploads\/IMG_5608_1200.jpg?fit=1200%2C450&ssl=1&resize=350%2C200 1x, https:\/\/i0.wp.com\/deltaimage.de\/wp\/wp-content\/uploads\/IMG_5608_1200.jpg?fit=1200%2C450&ssl=1&resize=525%2C300 1.5x, https:\/\/i0.wp.com\/deltaimage.de\/wp\/wp-content\/uploads\/IMG_5608_1200.jpg?fit=1200%2C450&ssl=1&resize=700%2C400 2x, https:\/\/i0.wp.com\/deltaimage.de\/wp\/wp-content\/uploads\/IMG_5608_1200.jpg?fit=1200%2C450&ssl=1&resize=1050%2C600 3x"},"classes":[]},{"id":52054,"url":"https:\/\/deltaimage.de\/wp\/?p=52054","url_meta":{"origin":43300,"position":5},"title":"V\u00f6gel beobachten und fotografieren im Dachauer Moos &#8211; Schafstelze","author":"EschbacP","date":"1. September 2025","format":false,"excerpt":"Einmal mehr etwas genauer hinschauen - und schon er\u00f6ffnet sich eine wunderbare \u00dcberraschung! Im Dachauer Moos beobachte ich bei meinen fotografischen Wanderungen und Erkundungen regelm\u00e4\u00dfig mit dem Fernglas und der Kamera, mit entsprechend gro\u00dfem und langen Objektiv unterwegs. Auf der Suche nach dem Kiebitz im Dachauer Moos, war ich im\u2026","rel":"","context":"In &quot;Dachauer Land&quot;","block_context":{"text":"Dachauer Land","link":"https:\/\/deltaimage.de\/wp\/?cat=3010"},"img":{"alt_text":"","src":"https:\/\/i0.wp.com\/deltaimage.de\/wp\/wp-content\/uploads\/PED44430_1200.jpg?fit=1200%2C450&ssl=1&resize=350%2C200","width":350,"height":200,"srcset":"https:\/\/i0.wp.com\/deltaimage.de\/wp\/wp-content\/uploads\/PED44430_1200.jpg?fit=1200%2C450&ssl=1&resize=350%2C200 1x, https:\/\/i0.wp.com\/deltaimage.de\/wp\/wp-content\/uploads\/PED44430_1200.jpg?fit=1200%2C450&ssl=1&resize=525%2C300 1.5x, https:\/\/i0.wp.com\/deltaimage.de\/wp\/wp-content\/uploads\/PED44430_1200.jpg?fit=1200%2C450&ssl=1&resize=700%2C400 2x, https:\/\/i0.wp.com\/deltaimage.de\/wp\/wp-content\/uploads\/PED44430_1200.jpg?fit=1200%2C450&ssl=1&resize=1050%2C600 3x"},"classes":[]}],"jetpack_sharing_enabled":true,"_links":{"self":[{"href":"https:\/\/deltaimage.de\/wp\/index.php?rest_route=\/wp\/v2\/posts\/43300","targetHints":{"allow":["GET"]}}],"collection":[{"href":"https:\/\/deltaimage.de\/wp\/index.php?rest_route=\/wp\/v2\/posts"}],"about":[{"href":"https:\/\/deltaimage.de\/wp\/index.php?rest_route=\/wp\/v2\/types\/post"}],"author":[{"embeddable":true,"href":"https:\/\/deltaimage.de\/wp\/index.php?rest_route=\/wp\/v2\/users\/1"}],"replies":[{"embeddable":true,"href":"https:\/\/deltaimage.de\/wp\/index.php?rest_route=%2Fwp%2Fv2%2Fcomments&post=43300"}],"version-history":[{"count":13,"href":"https:\/\/deltaimage.de\/wp\/index.php?rest_route=\/wp\/v2\/posts\/43300\/revisions"}],"predecessor-version":[{"id":51738,"href":"https:\/\/deltaimage.de\/wp\/index.php?rest_route=\/wp\/v2\/posts\/43300\/revisions\/51738"}],"wp:featuredmedia":[{"embeddable":true,"href":"https:\/\/deltaimage.de\/wp\/index.php?rest_route=\/wp\/v2\/media\/43301"}],"wp:attachment":[{"href":"https:\/\/deltaimage.de\/wp\/index.php?rest_route=%2Fwp%2Fv2%2Fmedia&parent=43300"}],"wp:term":[{"taxonomy":"category","embeddable":true,"href":"https:\/\/deltaimage.de\/wp\/index.php?rest_route=%2Fwp%2Fv2%2Fcategories&post=43300"},{"taxonomy":"post_tag","embeddable":true,"href":"https:\/\/deltaimage.de\/wp\/index.php?rest_route=%2Fwp%2Fv2%2Ftags&post=43300"}],"curies":[{"name":"wp","href":"https:\/\/api.w.org\/{rel}","templated":true}]}}