{"id":43736,"date":"2024-09-09T11:36:56","date_gmt":"2024-09-09T09:36:56","guid":{"rendered":"https:\/\/deltaimage.de\/wp\/?p=43736"},"modified":"2025-08-25T20:55:34","modified_gmt":"2025-08-25T18:55:34","slug":"das-buch-flugwerft-passend-zur-junkers-f-13-in-schleissheim","status":"publish","type":"post","link":"https:\/\/deltaimage.de\/wp\/?p=43736","title":{"rendered":"Das Buch &#8222;Flugwerft&#8220; passend zur Junkers F 13 in Schlei\u00dfheim"},"content":{"rendered":"<p><a href=\"https:\/\/deltaimage.de\/wp\/?page_id=40118\"><img data-recalc-dims=\"1\" loading=\"lazy\" decoding=\"async\" data-attachment-id=\"40115\" data-permalink=\"https:\/\/deltaimage.de\/wp\/?attachment_id=40115#main\" data-orig-file=\"https:\/\/i0.wp.com\/deltaimage.de\/wp\/wp-content\/uploads\/Stempel_DELTA-IMAGE_Quality.png?fit=961%2C960&amp;ssl=1\" data-orig-size=\"961,960\" data-comments-opened=\"1\" data-image-meta=\"{&quot;aperture&quot;:&quot;0&quot;,&quot;credit&quot;:&quot;&quot;,&quot;camera&quot;:&quot;&quot;,&quot;caption&quot;:&quot;&quot;,&quot;created_timestamp&quot;:&quot;0&quot;,&quot;copyright&quot;:&quot;&quot;,&quot;focal_length&quot;:&quot;0&quot;,&quot;iso&quot;:&quot;0&quot;,&quot;shutter_speed&quot;:&quot;0&quot;,&quot;title&quot;:&quot;&quot;,&quot;orientation&quot;:&quot;0&quot;}\" data-image-title=\"Stempel_DELTA IMAGE_Quality\" data-image-description=\"\" data-image-caption=\"\" data-large-file=\"https:\/\/i0.wp.com\/deltaimage.de\/wp\/wp-content\/uploads\/Stempel_DELTA-IMAGE_Quality.png?fit=890%2C889&amp;ssl=1\" class=\"alignright wp-image-40115 size-thumbnail\" src=\"https:\/\/i0.wp.com\/deltaimage.de\/wp\/wp-content\/uploads\/Stempel_DELTA-IMAGE_Quality.png?resize=200%2C200&#038;ssl=1\" alt=\"\" width=\"200\" height=\"200\" srcset=\"https:\/\/i0.wp.com\/deltaimage.de\/wp\/wp-content\/uploads\/Stempel_DELTA-IMAGE_Quality.png?resize=200%2C200&amp;ssl=1 200w, https:\/\/i0.wp.com\/deltaimage.de\/wp\/wp-content\/uploads\/Stempel_DELTA-IMAGE_Quality.png?resize=601%2C600&amp;ssl=1 601w, https:\/\/i0.wp.com\/deltaimage.de\/wp\/wp-content\/uploads\/Stempel_DELTA-IMAGE_Quality.png?resize=594%2C593&amp;ssl=1 594w, https:\/\/i0.wp.com\/deltaimage.de\/wp\/wp-content\/uploads\/Stempel_DELTA-IMAGE_Quality.png?resize=450%2C450&amp;ssl=1 450w, https:\/\/i0.wp.com\/deltaimage.de\/wp\/wp-content\/uploads\/Stempel_DELTA-IMAGE_Quality.png?resize=75%2C75&amp;ssl=1 75w, https:\/\/i0.wp.com\/deltaimage.de\/wp\/wp-content\/uploads\/Stempel_DELTA-IMAGE_Quality.png?resize=400%2C400&amp;ssl=1 400w, https:\/\/i0.wp.com\/deltaimage.de\/wp\/wp-content\/uploads\/Stempel_DELTA-IMAGE_Quality.png?resize=50%2C50&amp;ssl=1 50w, https:\/\/i0.wp.com\/deltaimage.de\/wp\/wp-content\/uploads\/Stempel_DELTA-IMAGE_Quality.png?w=961&amp;ssl=1 961w\" sizes=\"auto, (max-width: 200px) 100vw, 200px\" \/><\/a><\/p>\r\n\r\n<p>Die <strong>Junkers F 13<\/strong> war das erste neu konstruierte Passagierflugzeug und kombinierte damals die modernsten Luftfahrt-Technologien in ein leistungsf\u00e4higes und sicheres Flugzeug. Die Luftfahrtgesellschaften in den 20er Jahren setzten weltweit auf die <strong>Junkers F 13<\/strong>. Von den 314 bis 351 weltweit gebauten<strong> Junkers F 13<\/strong> waren 110 Flugzeuge in Deutschland zugelassen, das zeigt auch den riesigen Erfolg im Ausland. Im Jahr 1925, dem Jahr der Gr\u00fcndung der <strong>Deutschen Verkehrsflieger Schule (DVS),<\/strong> beherrschte die <strong>Junkers F 13<\/strong> mit einem Anteil von 40 % an dem weltweiten Luftverkehrsnetz.<\/p>\r\n\r\n\r\n\r\n<p><img data-recalc-dims=\"1\" loading=\"lazy\" decoding=\"async\" data-attachment-id=\"43737\" data-permalink=\"https:\/\/deltaimage.de\/wp\/?attachment_id=43737#main\" data-orig-file=\"https:\/\/i0.wp.com\/deltaimage.de\/wp\/wp-content\/uploads\/PE1S0024_900-7.jpg?fit=890%2C593&amp;ssl=1\" data-orig-size=\"890,593\" data-comments-opened=\"1\" data-image-meta=\"{&quot;aperture&quot;:&quot;5&quot;,&quot;credit&quot;:&quot;Paul Eschbach&quot;,&quot;camera&quot;:&quot;Canon EOS-1Ds Mark III&quot;,&quot;caption&quot;:&quot;&quot;,&quot;created_timestamp&quot;:&quot;1725702351&quot;,&quot;copyright&quot;:&quot;&quot;,&quot;focal_length&quot;:&quot;130&quot;,&quot;iso&quot;:&quot;200&quot;,&quot;shutter_speed&quot;:&quot;0.0005&quot;,&quot;title&quot;:&quot;&quot;,&quot;orientation&quot;:&quot;0&quot;}\" data-image-title=\"PE1S0024_900\" data-image-description=\"\" data-image-caption=\"\" data-large-file=\"https:\/\/i0.wp.com\/deltaimage.de\/wp\/wp-content\/uploads\/PE1S0024_900-7.jpg?fit=890%2C593&amp;ssl=1\" class=\"aligncenter size-full wp-image-43737\" src=\"https:\/\/i0.wp.com\/deltaimage.de\/wp\/wp-content\/uploads\/PE1S0024_900-7.jpg?resize=890%2C593&#038;ssl=1\" alt=\"\" width=\"890\" height=\"593\" srcset=\"https:\/\/i0.wp.com\/deltaimage.de\/wp\/wp-content\/uploads\/PE1S0024_900-7.jpg?w=890&amp;ssl=1 890w, https:\/\/i0.wp.com\/deltaimage.de\/wp\/wp-content\/uploads\/PE1S0024_900-7.jpg?resize=300%2C200&amp;ssl=1 300w, https:\/\/i0.wp.com\/deltaimage.de\/wp\/wp-content\/uploads\/PE1S0024_900-7.jpg?resize=600%2C400&amp;ssl=1 600w, https:\/\/i0.wp.com\/deltaimage.de\/wp\/wp-content\/uploads\/PE1S0024_900-7.jpg?resize=200%2C133&amp;ssl=1 200w\" sizes=\"auto, (max-width: 890px) 100vw, 890px\" \/><\/p>\r\n\r\n\r\n\r\n<p>Am Wochenende 7. &#8211; 8. September 2024 war der <strong>Verein Junkers Luftverkehr<\/strong> mit gleich drei <strong>Junkers F 13 Replikas<\/strong> aus <strong>Altenrhein<\/strong> in der <strong>Flugwerft Schlei\u00dfheim<\/strong> im <strong>Deutschen Museum<\/strong> zu Gast f\u00fcr Passagier-Rundfl\u00fcge.<\/p>\r\n\r\n\r\n\r\n<p><!--more--><\/p>\r\n\r\n\r\n\r\n<p>&nbsp;<\/p>\r\n<h2>Junkers F 13 und das \u00e4lteste Luftfahrtgeb\u00e4ude in Europa<\/h2>\r\n<p>Die <strong>Junkers F 13<\/strong> steht hier vor der <strong>Flugwerft Schlei\u00dfheim<\/strong>, der &#8222;Neuen Werft&#8220; am <strong>Flugplatz Schlei\u00dfheim<\/strong> und damit in bester zeitgen\u00f6ssischer Gesellschaft und ein Beispiel von lebendiger Luftfahrtgeschichte. Die <strong>Flugwerft<\/strong> wurde ab 1917 erbaut und hatte das Kriegsende 1918 noch im Bauzustand erlebt und wurde erst im Jahr 1919 fertig und erstmal nicht als Luftfahrtgeb\u00e4ude genutzt. Der <strong>Versailler Vertrag<\/strong> von 1919 verbot durch die Siegerm\u00e4chte im Deutschen Reich alle Formen der Fliegerei, so sollten auch alle Flugpl\u00e4tze geschliffen werden und alle Flugzeuge verschrottet werden. So weit kam es dann nicht, es entwickelte sich mit Riesenschritten eine aufstrebende Zivilluftfahrt in Europa. Nur in Deutschland eben nicht, man brauchte aber die Deutschen Flugpl\u00e4tze, um mit den damaligen Flugzeugen quer durch Europa fliegen zu k\u00f6nnen. Mit der ersten Mitteilung des neuen Reichsverkehrsministeriums in den <strong>Nachrichten f\u00fcr Luftfahrer (NfL)<\/strong> Ausgabe 1, war eine Liste enthalten, nach welcher in Deutschland sechs Flugpl\u00e4tze erhalten bleiben k\u00f6nnen und so die neue Zivilluftfahrt aufgebaut werden kann.<\/p>\r\n<p><img data-recalc-dims=\"1\" loading=\"lazy\" decoding=\"async\" data-attachment-id=\"43740\" data-permalink=\"https:\/\/deltaimage.de\/wp\/?attachment_id=43740#main\" data-orig-file=\"https:\/\/i0.wp.com\/deltaimage.de\/wp\/wp-content\/uploads\/PE1S0094_900.jpg?fit=890%2C593&amp;ssl=1\" data-orig-size=\"890,593\" data-comments-opened=\"1\" data-image-meta=\"{&quot;aperture&quot;:&quot;5.6&quot;,&quot;credit&quot;:&quot;Paul Eschbach&quot;,&quot;camera&quot;:&quot;Canon EOS-1Ds Mark III&quot;,&quot;caption&quot;:&quot;&quot;,&quot;created_timestamp&quot;:&quot;1725704407&quot;,&quot;copyright&quot;:&quot;&quot;,&quot;focal_length&quot;:&quot;150&quot;,&quot;iso&quot;:&quot;800&quot;,&quot;shutter_speed&quot;:&quot;0.0003125&quot;,&quot;title&quot;:&quot;&quot;,&quot;orientation&quot;:&quot;0&quot;}\" data-image-title=\"PE1S0094_900\" data-image-description=\"\" data-image-caption=\"\" data-large-file=\"https:\/\/i0.wp.com\/deltaimage.de\/wp\/wp-content\/uploads\/PE1S0094_900.jpg?fit=890%2C593&amp;ssl=1\" class=\"aligncenter size-full wp-image-43740\" src=\"https:\/\/i0.wp.com\/deltaimage.de\/wp\/wp-content\/uploads\/PE1S0094_900.jpg?resize=890%2C593&#038;ssl=1\" alt=\"\" width=\"890\" height=\"593\" srcset=\"https:\/\/i0.wp.com\/deltaimage.de\/wp\/wp-content\/uploads\/PE1S0094_900.jpg?w=890&amp;ssl=1 890w, https:\/\/i0.wp.com\/deltaimage.de\/wp\/wp-content\/uploads\/PE1S0094_900.jpg?resize=300%2C200&amp;ssl=1 300w, https:\/\/i0.wp.com\/deltaimage.de\/wp\/wp-content\/uploads\/PE1S0094_900.jpg?resize=600%2C400&amp;ssl=1 600w, https:\/\/i0.wp.com\/deltaimage.de\/wp\/wp-content\/uploads\/PE1S0094_900.jpg?resize=200%2C133&amp;ssl=1 200w\" sizes=\"auto, (max-width: 890px) 100vw, 890px\" \/><\/p>\r\n<p>&nbsp;<\/p>\r\n<h2>In Schlei\u00dfheim gr\u00fcndete sich die erste Luftverkehrs-Holding<\/h2>\r\n<p>Hugo Junkers wollte den Absatz seines neuen Verkehrs- und Frachtflugzeugs weiter zu f\u00f6rdern, gr\u00fcndete er in Schlei\u00dfheim eine eigene Junkers Luftverkehrs AG. Auch viele anderen Luftverkehrsgesellschaften versuchten sich in diesem neuen Markt und bauten internationale Luftverkehrsverbindungen als Punkt-zu-Punkt Flugstrecken auf. Jede Flugverbindung eine andere Gesellschaft &#8211; das war nicht das, was die exklusiven Kunden sich von dem neuen Transportmittel an Komfort einer Reise erhofften. So wurden am 22. Oktober 1923 in der Schlei\u00dfheimer Schlossgastst\u00e4tte als Zusammenschluss von mehreren Luftfahrtgesellschaften unter dem neuen Namen als Holding der Trans-Europa-Union (TREU) beschlossen.<\/p>\r\n<p><img data-recalc-dims=\"1\" loading=\"lazy\" decoding=\"async\" data-attachment-id=\"43743\" data-permalink=\"https:\/\/deltaimage.de\/wp\/?attachment_id=43743#main\" data-orig-file=\"https:\/\/i0.wp.com\/deltaimage.de\/wp\/wp-content\/uploads\/PE1S0540_900.jpg?fit=890%2C593&amp;ssl=1\" data-orig-size=\"890,593\" data-comments-opened=\"1\" data-image-meta=\"{&quot;aperture&quot;:&quot;5.6&quot;,&quot;credit&quot;:&quot;Paul Eschbach&quot;,&quot;camera&quot;:&quot;Canon EOS-1Ds Mark III&quot;,&quot;caption&quot;:&quot;&quot;,&quot;created_timestamp&quot;:&quot;1725724372&quot;,&quot;copyright&quot;:&quot;&quot;,&quot;focal_length&quot;:&quot;310&quot;,&quot;iso&quot;:&quot;200&quot;,&quot;shutter_speed&quot;:&quot;0.002&quot;,&quot;title&quot;:&quot;&quot;,&quot;orientation&quot;:&quot;0&quot;}\" data-image-title=\"PE1S0540_900\" data-image-description=\"\" data-image-caption=\"\" data-large-file=\"https:\/\/i0.wp.com\/deltaimage.de\/wp\/wp-content\/uploads\/PE1S0540_900.jpg?fit=890%2C593&amp;ssl=1\" class=\"aligncenter size-full wp-image-43743\" src=\"https:\/\/i0.wp.com\/deltaimage.de\/wp\/wp-content\/uploads\/PE1S0540_900.jpg?resize=890%2C593&#038;ssl=1\" alt=\"\" width=\"890\" height=\"593\" srcset=\"https:\/\/i0.wp.com\/deltaimage.de\/wp\/wp-content\/uploads\/PE1S0540_900.jpg?w=890&amp;ssl=1 890w, https:\/\/i0.wp.com\/deltaimage.de\/wp\/wp-content\/uploads\/PE1S0540_900.jpg?resize=300%2C200&amp;ssl=1 300w, https:\/\/i0.wp.com\/deltaimage.de\/wp\/wp-content\/uploads\/PE1S0540_900.jpg?resize=600%2C400&amp;ssl=1 600w, https:\/\/i0.wp.com\/deltaimage.de\/wp\/wp-content\/uploads\/PE1S0540_900.jpg?resize=200%2C133&amp;ssl=1 200w\" sizes=\"auto, (max-width: 890px) 100vw, 890px\" \/><\/p>\r\n<p>So kamen sicherlich auch viele Junkers F 13 nach Schlei\u00dfheim.<\/p>\r\n<p>&nbsp;<\/p>\r\n<h2>Die Junkers F 13 und die Flugwerft sind praktisch gleich alt<\/h2>\r\n<p>F\u00fcr die Aufnahme einer <strong>Junkers F 13<\/strong> gibt es nach <strong>Dessau<\/strong> wohl kaum einen stimmigeren Ort als <strong>Schlei\u00dfheim<\/strong> mit der <strong>Flugwerft<\/strong>. Beide stammen aus dem Jahr 1919 mit der Fertigstellung (<strong>Flugwerft<\/strong>) bzw. mit dem Erstflug (<strong>Junkers F 13<\/strong>). Beide waren Meilensteine ihrer Zeitepoche und beide gibt es heute wieder in Ihrer eigentlichen Funktion.<\/p>\r\n<p><img data-recalc-dims=\"1\" loading=\"lazy\" decoding=\"async\" data-attachment-id=\"36189\" data-permalink=\"https:\/\/deltaimage.de\/wp\/?attachment_id=36189#main\" data-orig-file=\"https:\/\/i0.wp.com\/deltaimage.de\/wp\/wp-content\/uploads\/Flugwerft-Schleissheim.jpg?fit=822%2C825&amp;ssl=1\" data-orig-size=\"822,825\" data-comments-opened=\"0\" data-image-meta=\"{&quot;aperture&quot;:&quot;0&quot;,&quot;credit&quot;:&quot;Paul Eschbach&quot;,&quot;camera&quot;:&quot;&quot;,&quot;caption&quot;:&quot;&quot;,&quot;created_timestamp&quot;:&quot;1658772281&quot;,&quot;copyright&quot;:&quot;&quot;,&quot;focal_length&quot;:&quot;0&quot;,&quot;iso&quot;:&quot;0&quot;,&quot;shutter_speed&quot;:&quot;0&quot;,&quot;title&quot;:&quot;&quot;,&quot;orientation&quot;:&quot;0&quot;}\" data-image-title=\"Flugwerft Schlei\u00dfheim\" data-image-description=\"\" data-image-caption=\"\" data-large-file=\"https:\/\/i0.wp.com\/deltaimage.de\/wp\/wp-content\/uploads\/Flugwerft-Schleissheim.jpg?fit=822%2C825&amp;ssl=1\" class=\"aligncenter size-full wp-image-36189\" src=\"https:\/\/i0.wp.com\/deltaimage.de\/wp\/wp-content\/uploads\/Flugwerft-Schleissheim.jpg?resize=822%2C825&#038;ssl=1\" alt=\"\" width=\"822\" height=\"825\" srcset=\"https:\/\/i0.wp.com\/deltaimage.de\/wp\/wp-content\/uploads\/Flugwerft-Schleissheim.jpg?w=822&amp;ssl=1 822w, https:\/\/i0.wp.com\/deltaimage.de\/wp\/wp-content\/uploads\/Flugwerft-Schleissheim.jpg?resize=598%2C600&amp;ssl=1 598w, https:\/\/i0.wp.com\/deltaimage.de\/wp\/wp-content\/uploads\/Flugwerft-Schleissheim.jpg?resize=199%2C200&amp;ssl=1 199w, https:\/\/i0.wp.com\/deltaimage.de\/wp\/wp-content\/uploads\/Flugwerft-Schleissheim.jpg?resize=591%2C593&amp;ssl=1 591w, https:\/\/i0.wp.com\/deltaimage.de\/wp\/wp-content\/uploads\/Flugwerft-Schleissheim.jpg?resize=448%2C450&amp;ssl=1 448w, https:\/\/i0.wp.com\/deltaimage.de\/wp\/wp-content\/uploads\/Flugwerft-Schleissheim.jpg?resize=75%2C75&amp;ssl=1 75w, https:\/\/i0.wp.com\/deltaimage.de\/wp\/wp-content\/uploads\/Flugwerft-Schleissheim.jpg?resize=399%2C400&amp;ssl=1 399w, https:\/\/i0.wp.com\/deltaimage.de\/wp\/wp-content\/uploads\/Flugwerft-Schleissheim.jpg?resize=50%2C50&amp;ssl=1 50w\" sizes=\"auto, (max-width: 822px) 100vw, 822px\" \/><\/p>\r\n<p>Wenn Sie sich in die 110 Jahre <strong>Luftfahrtgeschichte<\/strong> der <strong>Flugwerft<\/strong> in <strong>Schlei\u00dfheim<\/strong> vertiefen m\u00f6chten und auf Spurensuche mit der <strong>Junkers F 13<\/strong> gehen m\u00f6chten, haben wir das <a href=\"https:\/\/shop.deltaimage.de\/?product=flugwerft-schleissheim-110-jahre-luftfahrtgeschichte-30-jahre-deutsches-museum\"><strong>passende Buch<\/strong><\/a> dazu in unserem<a href=\"http:\/\/shop.deltaimage.de\"><strong> shop.deltaimage.de<\/strong><\/a>. In diesem Buch haben wir viele der vorhandenen Bilder aus 110 Jahren Luftfahrtgeschichte in Schlei\u00dfheim zu diesem \u00e4ltesten Luftfahrtgeb\u00e4ude in Deutschland gesammelt und reichlich kommentiert und erl\u00e4utert zu einem Dokument f\u00fcr dieses Denkmal der Luftfahrtgeschichte in Bayern und in Deutschland gemacht.<\/p>\r\n\n\t\t<style type=\"text\/css\">\n\t\t\t#gallery-1 {\n\t\t\t\tmargin: auto;\n\t\t\t}\n\t\t\t#gallery-1 .gallery-item {\n\t\t\t\tfloat: left;\n\t\t\t\tmargin-top: 10px;\n\t\t\t\ttext-align: center;\n\t\t\t\twidth: 20%;\n\t\t\t}\n\t\t\t#gallery-1 img {\n\t\t\t\tborder: 2px solid #cfcfcf;\n\t\t\t}\n\t\t\t#gallery-1 .gallery-caption {\n\t\t\t\tmargin-left: 0;\n\t\t\t}\n\t\t\t\/* see gallery_shortcode() in wp-includes\/media.php *\/\n\t\t<\/style>\n\t\t<div data-carousel-extra='{&quot;blog_id&quot;:1,&quot;permalink&quot;:&quot;https:\/\/deltaimage.de\/wp\/?p=43736&quot;}' id='gallery-1' class='gallery galleryid-43736 gallery-columns-5 gallery-size-full'><dl class='gallery-item'>\n\t\t\t<dt class='gallery-icon landscape'>\n\t\t\t\t<a href='https:\/\/deltaimage.de\/wp\/?attachment_id=36246#main'><img loading=\"lazy\" decoding=\"async\" width=\"890\" height=\"593\" src=\"https:\/\/i0.wp.com\/deltaimage.de\/wp\/wp-content\/uploads\/IMG_7870_900.jpg?fit=890%2C593&amp;ssl=1\" class=\"attachment-full size-full\" alt=\"\" srcset=\"https:\/\/i0.wp.com\/deltaimage.de\/wp\/wp-content\/uploads\/IMG_7870_900.jpg?w=890&amp;ssl=1 890w, https:\/\/i0.wp.com\/deltaimage.de\/wp\/wp-content\/uploads\/IMG_7870_900.jpg?resize=300%2C200&amp;ssl=1 300w, https:\/\/i0.wp.com\/deltaimage.de\/wp\/wp-content\/uploads\/IMG_7870_900.jpg?resize=675%2C450&amp;ssl=1 675w, https:\/\/i0.wp.com\/deltaimage.de\/wp\/wp-content\/uploads\/IMG_7870_900.jpg?resize=600%2C400&amp;ssl=1 600w, https:\/\/i0.wp.com\/deltaimage.de\/wp\/wp-content\/uploads\/IMG_7870_900.jpg?resize=200%2C133&amp;ssl=1 200w\" sizes=\"auto, (max-width: 890px) 100vw, 890px\" data-attachment-id=\"36246\" data-permalink=\"https:\/\/deltaimage.de\/wp\/?attachment_id=36246#main\" data-orig-file=\"https:\/\/i0.wp.com\/deltaimage.de\/wp\/wp-content\/uploads\/IMG_7870_900.jpg?fit=890%2C593&amp;ssl=1\" data-orig-size=\"890,593\" data-comments-opened=\"0\" data-image-meta=\"{&quot;aperture&quot;:&quot;9&quot;,&quot;credit&quot;:&quot;PAUL ESCHBACH&quot;,&quot;camera&quot;:&quot;Canon EOS Kiss X6i&quot;,&quot;caption&quot;:&quot;&quot;,&quot;created_timestamp&quot;:&quot;1660928156&quot;,&quot;copyright&quot;:&quot;(C) DELTA IMAGE&quot;,&quot;focal_length&quot;:&quot;60&quot;,&quot;iso&quot;:&quot;100&quot;,&quot;shutter_speed&quot;:&quot;0.00625&quot;,&quot;title&quot;:&quot;&quot;,&quot;orientation&quot;:&quot;0&quot;}\" data-image-title=\"IMG_7870_900\" data-image-description=\"\" data-image-caption=\"\" data-large-file=\"https:\/\/i0.wp.com\/deltaimage.de\/wp\/wp-content\/uploads\/IMG_7870_900.jpg?fit=890%2C593&amp;ssl=1\" \/><\/a>\n\t\t\t<\/dt><\/dl><dl class='gallery-item'>\n\t\t\t<dt class='gallery-icon landscape'>\n\t\t\t\t<a href='https:\/\/deltaimage.de\/wp\/?attachment_id=36242#main'><img loading=\"lazy\" decoding=\"async\" width=\"890\" height=\"593\" src=\"https:\/\/i0.wp.com\/deltaimage.de\/wp\/wp-content\/uploads\/IMG_7876_900.jpg?fit=890%2C593&amp;ssl=1\" class=\"attachment-full size-full\" alt=\"\" srcset=\"https:\/\/i0.wp.com\/deltaimage.de\/wp\/wp-content\/uploads\/IMG_7876_900.jpg?w=890&amp;ssl=1 890w, https:\/\/i0.wp.com\/deltaimage.de\/wp\/wp-content\/uploads\/IMG_7876_900.jpg?resize=300%2C200&amp;ssl=1 300w, https:\/\/i0.wp.com\/deltaimage.de\/wp\/wp-content\/uploads\/IMG_7876_900.jpg?resize=675%2C450&amp;ssl=1 675w, https:\/\/i0.wp.com\/deltaimage.de\/wp\/wp-content\/uploads\/IMG_7876_900.jpg?resize=600%2C400&amp;ssl=1 600w, https:\/\/i0.wp.com\/deltaimage.de\/wp\/wp-content\/uploads\/IMG_7876_900.jpg?resize=200%2C133&amp;ssl=1 200w\" sizes=\"auto, (max-width: 890px) 100vw, 890px\" data-attachment-id=\"36242\" data-permalink=\"https:\/\/deltaimage.de\/wp\/?attachment_id=36242#main\" data-orig-file=\"https:\/\/i0.wp.com\/deltaimage.de\/wp\/wp-content\/uploads\/IMG_7876_900.jpg?fit=890%2C593&amp;ssl=1\" data-orig-size=\"890,593\" data-comments-opened=\"0\" data-image-meta=\"{&quot;aperture&quot;:&quot;9&quot;,&quot;credit&quot;:&quot;PAUL ESCHBACH&quot;,&quot;camera&quot;:&quot;Canon EOS Kiss X6i&quot;,&quot;caption&quot;:&quot;&quot;,&quot;created_timestamp&quot;:&quot;1660928379&quot;,&quot;copyright&quot;:&quot;(C) DELTA IMAGE&quot;,&quot;focal_length&quot;:&quot;60&quot;,&quot;iso&quot;:&quot;100&quot;,&quot;shutter_speed&quot;:&quot;0.00625&quot;,&quot;title&quot;:&quot;&quot;,&quot;orientation&quot;:&quot;0&quot;}\" data-image-title=\"IMG_7876_900\" data-image-description=\"\" data-image-caption=\"\" data-large-file=\"https:\/\/i0.wp.com\/deltaimage.de\/wp\/wp-content\/uploads\/IMG_7876_900.jpg?fit=890%2C593&amp;ssl=1\" \/><\/a>\n\t\t\t<\/dt><\/dl><dl class='gallery-item'>\n\t\t\t<dt class='gallery-icon landscape'>\n\t\t\t\t<a href='https:\/\/deltaimage.de\/wp\/?attachment_id=36243#main'><img loading=\"lazy\" decoding=\"async\" width=\"890\" height=\"593\" src=\"https:\/\/i0.wp.com\/deltaimage.de\/wp\/wp-content\/uploads\/IMG_7873_900.jpg?fit=890%2C593&amp;ssl=1\" class=\"attachment-full size-full\" alt=\"\" srcset=\"https:\/\/i0.wp.com\/deltaimage.de\/wp\/wp-content\/uploads\/IMG_7873_900.jpg?w=890&amp;ssl=1 890w, https:\/\/i0.wp.com\/deltaimage.de\/wp\/wp-content\/uploads\/IMG_7873_900.jpg?resize=300%2C200&amp;ssl=1 300w, https:\/\/i0.wp.com\/deltaimage.de\/wp\/wp-content\/uploads\/IMG_7873_900.jpg?resize=675%2C450&amp;ssl=1 675w, https:\/\/i0.wp.com\/deltaimage.de\/wp\/wp-content\/uploads\/IMG_7873_900.jpg?resize=600%2C400&amp;ssl=1 600w, https:\/\/i0.wp.com\/deltaimage.de\/wp\/wp-content\/uploads\/IMG_7873_900.jpg?resize=200%2C133&amp;ssl=1 200w\" sizes=\"auto, (max-width: 890px) 100vw, 890px\" data-attachment-id=\"36243\" data-permalink=\"https:\/\/deltaimage.de\/wp\/?attachment_id=36243#main\" data-orig-file=\"https:\/\/i0.wp.com\/deltaimage.de\/wp\/wp-content\/uploads\/IMG_7873_900.jpg?fit=890%2C593&amp;ssl=1\" data-orig-size=\"890,593\" data-comments-opened=\"0\" data-image-meta=\"{&quot;aperture&quot;:&quot;9&quot;,&quot;credit&quot;:&quot;PAUL ESCHBACH&quot;,&quot;camera&quot;:&quot;Canon EOS Kiss X6i&quot;,&quot;caption&quot;:&quot;&quot;,&quot;created_timestamp&quot;:&quot;1660928317&quot;,&quot;copyright&quot;:&quot;(C) DELTA IMAGE&quot;,&quot;focal_length&quot;:&quot;60&quot;,&quot;iso&quot;:&quot;100&quot;,&quot;shutter_speed&quot;:&quot;0.00625&quot;,&quot;title&quot;:&quot;&quot;,&quot;orientation&quot;:&quot;0&quot;}\" data-image-title=\"IMG_7873_900\" data-image-description=\"\" data-image-caption=\"\" data-large-file=\"https:\/\/i0.wp.com\/deltaimage.de\/wp\/wp-content\/uploads\/IMG_7873_900.jpg?fit=890%2C593&amp;ssl=1\" \/><\/a>\n\t\t\t<\/dt><\/dl><dl class='gallery-item'>\n\t\t\t<dt class='gallery-icon landscape'>\n\t\t\t\t<a href='https:\/\/deltaimage.de\/wp\/?attachment_id=36244#main'><img loading=\"lazy\" decoding=\"async\" width=\"890\" height=\"593\" src=\"https:\/\/i0.wp.com\/deltaimage.de\/wp\/wp-content\/uploads\/IMG_7872_900.jpg?fit=890%2C593&amp;ssl=1\" class=\"attachment-full size-full\" alt=\"\" srcset=\"https:\/\/i0.wp.com\/deltaimage.de\/wp\/wp-content\/uploads\/IMG_7872_900.jpg?w=890&amp;ssl=1 890w, https:\/\/i0.wp.com\/deltaimage.de\/wp\/wp-content\/uploads\/IMG_7872_900.jpg?resize=300%2C200&amp;ssl=1 300w, https:\/\/i0.wp.com\/deltaimage.de\/wp\/wp-content\/uploads\/IMG_7872_900.jpg?resize=675%2C450&amp;ssl=1 675w, https:\/\/i0.wp.com\/deltaimage.de\/wp\/wp-content\/uploads\/IMG_7872_900.jpg?resize=600%2C400&amp;ssl=1 600w, https:\/\/i0.wp.com\/deltaimage.de\/wp\/wp-content\/uploads\/IMG_7872_900.jpg?resize=200%2C133&amp;ssl=1 200w\" sizes=\"auto, (max-width: 890px) 100vw, 890px\" data-attachment-id=\"36244\" data-permalink=\"https:\/\/deltaimage.de\/wp\/?attachment_id=36244#main\" data-orig-file=\"https:\/\/i0.wp.com\/deltaimage.de\/wp\/wp-content\/uploads\/IMG_7872_900.jpg?fit=890%2C593&amp;ssl=1\" data-orig-size=\"890,593\" data-comments-opened=\"0\" data-image-meta=\"{&quot;aperture&quot;:&quot;9&quot;,&quot;credit&quot;:&quot;PAUL ESCHBACH&quot;,&quot;camera&quot;:&quot;Canon EOS Kiss X6i&quot;,&quot;caption&quot;:&quot;&quot;,&quot;created_timestamp&quot;:&quot;1660928288&quot;,&quot;copyright&quot;:&quot;(C) DELTA IMAGE&quot;,&quot;focal_length&quot;:&quot;60&quot;,&quot;iso&quot;:&quot;100&quot;,&quot;shutter_speed&quot;:&quot;0.00625&quot;,&quot;title&quot;:&quot;&quot;,&quot;orientation&quot;:&quot;0&quot;}\" data-image-title=\"IMG_7872_900\" data-image-description=\"\" data-image-caption=\"\" data-large-file=\"https:\/\/i0.wp.com\/deltaimage.de\/wp\/wp-content\/uploads\/IMG_7872_900.jpg?fit=890%2C593&amp;ssl=1\" \/><\/a>\n\t\t\t<\/dt><\/dl><dl class='gallery-item'>\n\t\t\t<dt class='gallery-icon landscape'>\n\t\t\t\t<a href='https:\/\/deltaimage.de\/wp\/?attachment_id=36245#main'><img loading=\"lazy\" decoding=\"async\" width=\"890\" height=\"593\" src=\"https:\/\/i0.wp.com\/deltaimage.de\/wp\/wp-content\/uploads\/IMG_7871_900.jpg?fit=890%2C593&amp;ssl=1\" class=\"attachment-full size-full\" alt=\"\" srcset=\"https:\/\/i0.wp.com\/deltaimage.de\/wp\/wp-content\/uploads\/IMG_7871_900.jpg?w=890&amp;ssl=1 890w, https:\/\/i0.wp.com\/deltaimage.de\/wp\/wp-content\/uploads\/IMG_7871_900.jpg?resize=300%2C200&amp;ssl=1 300w, https:\/\/i0.wp.com\/deltaimage.de\/wp\/wp-content\/uploads\/IMG_7871_900.jpg?resize=675%2C450&amp;ssl=1 675w, https:\/\/i0.wp.com\/deltaimage.de\/wp\/wp-content\/uploads\/IMG_7871_900.jpg?resize=600%2C400&amp;ssl=1 600w, https:\/\/i0.wp.com\/deltaimage.de\/wp\/wp-content\/uploads\/IMG_7871_900.jpg?resize=200%2C133&amp;ssl=1 200w\" sizes=\"auto, (max-width: 890px) 100vw, 890px\" data-attachment-id=\"36245\" data-permalink=\"https:\/\/deltaimage.de\/wp\/?attachment_id=36245#main\" data-orig-file=\"https:\/\/i0.wp.com\/deltaimage.de\/wp\/wp-content\/uploads\/IMG_7871_900.jpg?fit=890%2C593&amp;ssl=1\" data-orig-size=\"890,593\" data-comments-opened=\"0\" data-image-meta=\"{&quot;aperture&quot;:&quot;9&quot;,&quot;credit&quot;:&quot;PAUL ESCHBACH&quot;,&quot;camera&quot;:&quot;Canon EOS Kiss X6i&quot;,&quot;caption&quot;:&quot;&quot;,&quot;created_timestamp&quot;:&quot;1660928240&quot;,&quot;copyright&quot;:&quot;(C) DELTA IMAGE&quot;,&quot;focal_length&quot;:&quot;60&quot;,&quot;iso&quot;:&quot;100&quot;,&quot;shutter_speed&quot;:&quot;0.00625&quot;,&quot;title&quot;:&quot;&quot;,&quot;orientation&quot;:&quot;0&quot;}\" data-image-title=\"IMG_7871_900\" data-image-description=\"\" data-image-caption=\"\" data-large-file=\"https:\/\/i0.wp.com\/deltaimage.de\/wp\/wp-content\/uploads\/IMG_7871_900.jpg?fit=890%2C593&amp;ssl=1\" \/><\/a>\n\t\t\t<\/dt><\/dl><br style=\"clear: both\" \/>\n\t\t<\/div>\n\r\n<p>&nbsp;<\/p>\r\n<p>Das Buch ist als gebundene Ausgabe (Hardcover) und als Taschenbuch (Softcover) in zwei unterschiedlichen Ausf\u00fchrungen, bei gleichem und identischem Inhalt, verf\u00fcgbar. Tauchen Sie ein in die gro\u00dfe Zeit des Beginns des zivilen Luftverkehrs in Bayern.<\/p>\r\n","protected":false},"excerpt":{"rendered":"<p>Die Junkers F 13 war das erste neu konstruierte Passagierflugzeug und kombinierte damals die modernsten Luftfahrt-Technologien in ein leistungsf\u00e4higes und sicheres Flugzeug. Die Luftfahrtgesellschaften in den 20er Jahren setzten weltweit [&hellip;]<\/p>\n","protected":false},"author":1,"featured_media":43738,"comment_status":"open","ping_status":"closed","sticky":false,"template":"","format":"standard","meta":{"wpupg_custom_link":[],"wpupg_custom_link_behaviour":["default"],"wpupg_custom_link_nofollow":["default"],"wpupg_custom_image":[],"wpupg_custom_image_id":[],"jetpack_post_was_ever_published":false,"footnotes":""},"categories":[8],"tags":[71,3804,401,2645,2673,3802,3803,72],"class_list":["post-43736","post","type-post","status-publish","format-standard","has-post-thumbnail","hentry","category-news","tag-deutsches-museum","tag-f-13-repika","tag-flugplatz-schleissheim","tag-hugo-junkers","tag-junkers-f-13","tag-nachrichten-fuer-luftfahrer","tag-nfl","tag-oberschleissheim"],"jetpack_featured_media_url":"https:\/\/i0.wp.com\/deltaimage.de\/wp\/wp-content\/uploads\/PE1S0100_1200.jpg?fit=1200%2C450&ssl=1","jetpack-related-posts":[{"id":22890,"url":"https:\/\/deltaimage.de\/wp\/?p=22890","url_meta":{"origin":43736,"position":0},"title":"JUNKERS F 13 im Deutschen Museum Flugwerft Schlei\u00dfheim","author":"EschbacP","date":"31. Oktober 2019","format":false,"excerpt":"Das Deutsche Museum und die Junkers Flugzeugwerke AG beauftragen DELTA IMAGE mit Luftaufnahmen der einmaligen Junker F 13 im Himmel \u00fcber Schlei\u00dfheim und M\u00fcnchen. Die Junker F 13 war das erste Verkehrsflugzeug aus Ganzmetall und wurde von RIMOWA wieder als Nachbau in die Luft gebracht. \u00a0 JUNKERS F 13 Erstflug\u2026","rel":"","context":"In &quot;Event - Fotografie&quot;","block_context":{"text":"Event - Fotografie","link":"https:\/\/deltaimage.de\/wp\/?cat=851"},"img":{"alt_text":"","src":"https:\/\/i0.wp.com\/deltaimage.de\/wp\/wp-content\/uploads\/PE1S0481_1200.jpg?fit=1200%2C450&ssl=1&resize=350%2C200","width":350,"height":200,"srcset":"https:\/\/i0.wp.com\/deltaimage.de\/wp\/wp-content\/uploads\/PE1S0481_1200.jpg?fit=1200%2C450&ssl=1&resize=350%2C200 1x, https:\/\/i0.wp.com\/deltaimage.de\/wp\/wp-content\/uploads\/PE1S0481_1200.jpg?fit=1200%2C450&ssl=1&resize=525%2C300 1.5x, https:\/\/i0.wp.com\/deltaimage.de\/wp\/wp-content\/uploads\/PE1S0481_1200.jpg?fit=1200%2C450&ssl=1&resize=700%2C400 2x, https:\/\/i0.wp.com\/deltaimage.de\/wp\/wp-content\/uploads\/PE1S0481_1200.jpg?fit=1200%2C450&ssl=1&resize=1050%2C600 3x"},"classes":[]},{"id":22899,"url":"https:\/\/deltaimage.de\/wp\/?p=22899","url_meta":{"origin":43736,"position":1},"title":"JUNKERS F 13 \u2013 die fliegende Luftfahrtgeschichte \u00fcber M\u00fcnchen unterwegs","author":"EschbacP","date":"31. Oktober 2019","format":false,"excerpt":"Selten hat man die Gelegenheit, solche Perlen der Luftfahrt als Zuschauer am Flugplatz beim Start oder der Landung zu bewundern. \u00dcber Jahrzehnte waren die JUNKERS Ju 52 aus D\u00fcbendorf st\u00e4ndige Dauerg\u00e4ste in Schlei\u00dfheim. Und manchmal, da hat man noch mehr Gl\u00fcck. Das Deutsche Museum und die Junkers Flugzeugwerke AG beauftragen\u2026","rel":"","context":"In &quot;Event - Fotografie&quot;","block_context":{"text":"Event - Fotografie","link":"https:\/\/deltaimage.de\/wp\/?cat=851"},"img":{"alt_text":"","src":"https:\/\/i0.wp.com\/deltaimage.de\/wp\/wp-content\/uploads\/PE1S0559_1200.jpg?fit=1200%2C450&ssl=1&resize=350%2C200","width":350,"height":200,"srcset":"https:\/\/i0.wp.com\/deltaimage.de\/wp\/wp-content\/uploads\/PE1S0559_1200.jpg?fit=1200%2C450&ssl=1&resize=350%2C200 1x, https:\/\/i0.wp.com\/deltaimage.de\/wp\/wp-content\/uploads\/PE1S0559_1200.jpg?fit=1200%2C450&ssl=1&resize=525%2C300 1.5x, https:\/\/i0.wp.com\/deltaimage.de\/wp\/wp-content\/uploads\/PE1S0559_1200.jpg?fit=1200%2C450&ssl=1&resize=700%2C400 2x, https:\/\/i0.wp.com\/deltaimage.de\/wp\/wp-content\/uploads\/PE1S0559_1200.jpg?fit=1200%2C450&ssl=1&resize=1050%2C600 3x"},"classes":[]},{"id":22978,"url":"https:\/\/deltaimage.de\/wp\/?p=22978","url_meta":{"origin":43736,"position":2},"title":"Sonderausstellung Flugwerft Schlei\u00dfheim: JUNKERS F 13 und die Anf\u00e4nge des Luftverkehrs in Deutschland","author":"EschbacP","date":"12. November 2019","format":false,"excerpt":"Bis M\u00e4rz 2020 zeigt das Deutsche Museum Flugwerft Schlei\u00dfheim (FWS) eine neue Sonderausstellung \u00fcber den Beginn der Verkehrsfliegerei in Deutschland. \"JUNKERS F 13 und die Anf\u00e4nge des Luftverkehrs in Deutschland\" Der Werftverein e.V. und die Bayerischen Flugzeug Historiker e.V. zeigen anl\u00e4sslich des Erstfluges der JUNKERS F 13 die Geschichte dieses\u2026","rel":"","context":"In &quot;Ausstellung \/ Sonderausstellung&quot;","block_context":{"text":"Ausstellung \/ Sonderausstellung","link":"https:\/\/deltaimage.de\/wp\/?cat=860"},"img":{"alt_text":"","src":"https:\/\/i0.wp.com\/deltaimage.de\/wp\/wp-content\/uploads\/IMG_4247_1200.jpg?fit=1200%2C450&ssl=1&resize=350%2C200","width":350,"height":200,"srcset":"https:\/\/i0.wp.com\/deltaimage.de\/wp\/wp-content\/uploads\/IMG_4247_1200.jpg?fit=1200%2C450&ssl=1&resize=350%2C200 1x, https:\/\/i0.wp.com\/deltaimage.de\/wp\/wp-content\/uploads\/IMG_4247_1200.jpg?fit=1200%2C450&ssl=1&resize=525%2C300 1.5x, https:\/\/i0.wp.com\/deltaimage.de\/wp\/wp-content\/uploads\/IMG_4247_1200.jpg?fit=1200%2C450&ssl=1&resize=700%2C400 2x, https:\/\/i0.wp.com\/deltaimage.de\/wp\/wp-content\/uploads\/IMG_4247_1200.jpg?fit=1200%2C450&ssl=1&resize=1050%2C600 3x"},"classes":[]},{"id":49752,"url":"https:\/\/deltaimage.de\/wp\/?p=49752","url_meta":{"origin":43736,"position":3},"title":"Historische Wellblech-Flugzeuge landen wieder in der Flugwerft Schlei\u00dfheim","author":"EschbacP","date":"24. Juli 2025","format":false,"excerpt":"Der Flugplatz Schlei\u00dfheim ist einer der \u00e4ltesten Flugpl\u00e4tze in Deutschland und in Europa, sicherlich aber der \u00e4lteste Flugplatz in Bayern. Mit der Flugwerft Schlei\u00dfheim ist das weltgr\u00f6\u00dfte Technikmuseum mit der 1992 er\u00f6ffneten Au\u00dfenstelle f\u00fcr Luft- und Raumfahrt hier zugegen und zeigt die Meisterwerke der Technik und deren Geschichte den tausenden\u2026","rel":"","context":"In &quot;Flugplatzwanderung&quot;","block_context":{"text":"Flugplatzwanderung","link":"https:\/\/deltaimage.de\/wp\/?cat=854"},"img":{"alt_text":"","src":"https:\/\/i0.wp.com\/deltaimage.de\/wp\/wp-content\/uploads\/PE1X0880_1200.jpg?fit=1200%2C450&ssl=1&resize=350%2C200","width":350,"height":200,"srcset":"https:\/\/i0.wp.com\/deltaimage.de\/wp\/wp-content\/uploads\/PE1X0880_1200.jpg?fit=1200%2C450&ssl=1&resize=350%2C200 1x, https:\/\/i0.wp.com\/deltaimage.de\/wp\/wp-content\/uploads\/PE1X0880_1200.jpg?fit=1200%2C450&ssl=1&resize=525%2C300 1.5x, https:\/\/i0.wp.com\/deltaimage.de\/wp\/wp-content\/uploads\/PE1X0880_1200.jpg?fit=1200%2C450&ssl=1&resize=700%2C400 2x, https:\/\/i0.wp.com\/deltaimage.de\/wp\/wp-content\/uploads\/PE1X0880_1200.jpg?fit=1200%2C450&ssl=1&resize=1050%2C600 3x"},"classes":[]},{"id":22944,"url":"https:\/\/deltaimage.de\/wp\/?p=22944","url_meta":{"origin":43736,"position":4},"title":"ABENDZEITUNG mit unseren Fotos der JUNKERS F 13","author":"EschbacP","date":"31. Oktober 2019","format":false,"excerpt":"Heute noch f\u00fcr das Deutsche Museum fotografiert, morgen sind die Fotos schon in der Abendzeitung in einem gro\u00dfen Bericht \u00fcber die JUNKERS F 13. \u00a0 Zum Originalbericht der ABENDZEITUNG.","rel":"","context":"In &quot;News Blog&quot;","block_context":{"text":"News Blog","link":"https:\/\/deltaimage.de\/wp\/?cat=8"},"img":{"alt_text":"","src":"https:\/\/i0.wp.com\/deltaimage.de\/wp\/wp-content\/uploads\/PE1S0663_1200.jpg?fit=1200%2C450&ssl=1&resize=350%2C200","width":350,"height":200,"srcset":"https:\/\/i0.wp.com\/deltaimage.de\/wp\/wp-content\/uploads\/PE1S0663_1200.jpg?fit=1200%2C450&ssl=1&resize=350%2C200 1x, https:\/\/i0.wp.com\/deltaimage.de\/wp\/wp-content\/uploads\/PE1S0663_1200.jpg?fit=1200%2C450&ssl=1&resize=525%2C300 1.5x, https:\/\/i0.wp.com\/deltaimage.de\/wp\/wp-content\/uploads\/PE1S0663_1200.jpg?fit=1200%2C450&ssl=1&resize=700%2C400 2x, https:\/\/i0.wp.com\/deltaimage.de\/wp\/wp-content\/uploads\/PE1S0663_1200.jpg?fit=1200%2C450&ssl=1&resize=1050%2C600 3x"},"classes":[]},{"id":2511,"url":"https:\/\/deltaimage.de\/wp\/?p=2511","url_meta":{"origin":43736,"position":5},"title":"Lufthansa Stiftung Berlin mit Ju 52 in Oberschlei\u00dfheim","author":"EschbacP","date":"13. November 2013","format":false,"excerpt":"Im Jahr 1987, zum Flugplatzfest in Oberschlei\u00dfheim war die Ju 52 \"Berlin-Tempelhof\" der Deutschen Lufthansa Stiftung schon als Jubil\u00e4umsgast in Oberschlei\u00dfheim. Auf den Bilder ist die Ju 52 erst ein Jahr alt - im Jahr 1986 wurde die Maschine komplett restauriert wieder in Betrieb genommen. Die Lufthansa Ju unterscheidet sich\u2026","rel":"","context":"In &quot;News Blog&quot;","block_context":{"text":"News Blog","link":"https:\/\/deltaimage.de\/wp\/?cat=8"},"img":{"alt_text":"","src":"https:\/\/i0.wp.com\/deltaimage.de\/wp\/wp-content\/uploads\/ZY5M2965_1200.jpg?fit=1200%2C450&ssl=1&resize=350%2C200","width":350,"height":200,"srcset":"https:\/\/i0.wp.com\/deltaimage.de\/wp\/wp-content\/uploads\/ZY5M2965_1200.jpg?fit=1200%2C450&ssl=1&resize=350%2C200 1x, https:\/\/i0.wp.com\/deltaimage.de\/wp\/wp-content\/uploads\/ZY5M2965_1200.jpg?fit=1200%2C450&ssl=1&resize=525%2C300 1.5x, https:\/\/i0.wp.com\/deltaimage.de\/wp\/wp-content\/uploads\/ZY5M2965_1200.jpg?fit=1200%2C450&ssl=1&resize=700%2C400 2x, https:\/\/i0.wp.com\/deltaimage.de\/wp\/wp-content\/uploads\/ZY5M2965_1200.jpg?fit=1200%2C450&ssl=1&resize=1050%2C600 3x"},"classes":[]}],"jetpack_sharing_enabled":true,"_links":{"self":[{"href":"https:\/\/deltaimage.de\/wp\/index.php?rest_route=\/wp\/v2\/posts\/43736","targetHints":{"allow":["GET"]}}],"collection":[{"href":"https:\/\/deltaimage.de\/wp\/index.php?rest_route=\/wp\/v2\/posts"}],"about":[{"href":"https:\/\/deltaimage.de\/wp\/index.php?rest_route=\/wp\/v2\/types\/post"}],"author":[{"embeddable":true,"href":"https:\/\/deltaimage.de\/wp\/index.php?rest_route=\/wp\/v2\/users\/1"}],"replies":[{"embeddable":true,"href":"https:\/\/deltaimage.de\/wp\/index.php?rest_route=%2Fwp%2Fv2%2Fcomments&post=43736"}],"version-history":[{"count":9,"href":"https:\/\/deltaimage.de\/wp\/index.php?rest_route=\/wp\/v2\/posts\/43736\/revisions"}],"predecessor-version":[{"id":51745,"href":"https:\/\/deltaimage.de\/wp\/index.php?rest_route=\/wp\/v2\/posts\/43736\/revisions\/51745"}],"wp:featuredmedia":[{"embeddable":true,"href":"https:\/\/deltaimage.de\/wp\/index.php?rest_route=\/wp\/v2\/media\/43738"}],"wp:attachment":[{"href":"https:\/\/deltaimage.de\/wp\/index.php?rest_route=%2Fwp%2Fv2%2Fmedia&parent=43736"}],"wp:term":[{"taxonomy":"category","embeddable":true,"href":"https:\/\/deltaimage.de\/wp\/index.php?rest_route=%2Fwp%2Fv2%2Fcategories&post=43736"},{"taxonomy":"post_tag","embeddable":true,"href":"https:\/\/deltaimage.de\/wp\/index.php?rest_route=%2Fwp%2Fv2%2Ftags&post=43736"}],"curies":[{"name":"wp","href":"https:\/\/api.w.org\/{rel}","templated":true}]}}