{"id":44871,"date":"2024-09-19T19:38:22","date_gmt":"2024-09-19T17:38:22","guid":{"rendered":"https:\/\/deltaimage.de\/wp\/?p=44871"},"modified":"2025-08-23T21:26:22","modified_gmt":"2025-08-23T19:26:22","slug":"sueddeutsche-zeitung-momentaufnahmen-der-verletzlichen-natur","status":"publish","type":"post","link":"https:\/\/deltaimage.de\/wp\/?p=44871","title":{"rendered":"S\u00fcddeutsche Zeitung: Momentaufnahmen der verletzlichen Natur"},"content":{"rendered":"<p>Beitrag von Renate Zauscher der <a href=\"https:\/\/sueddeutsche.de\"><strong>S\u00fcddeutschen Zeitung<\/strong><\/a> vom 20.9.2024 zur Pressevorstellung des neuen Buchs \u00fcber die zweitgr\u00f6\u00dfte Niedermoor-Landschaft in Bayern <strong>Maisacher Moos<\/strong> im Landkreis <strong>Dachau<\/strong> (<strong>Palsweiser Moos<\/strong>) und im Landkreis <strong>F\u00fcrstenfeldbruck<\/strong> (<strong>Fu\u00dfbergmoos<\/strong>) von Paul Eschbach.<\/p>\n<p><img data-recalc-dims=\"1\" loading=\"lazy\" decoding=\"async\" data-attachment-id=\"44879\" data-permalink=\"https:\/\/deltaimage.de\/wp\/?attachment_id=44879#main\" data-orig-file=\"https:\/\/i0.wp.com\/deltaimage.de\/wp\/wp-content\/uploads\/Sueddeutsche_Bericht_Buch-2024-09-19.jpg?fit=1822%2C947&amp;ssl=1\" data-orig-size=\"1822,947\" data-comments-opened=\"1\" data-image-meta=\"{&quot;aperture&quot;:&quot;0&quot;,&quot;credit&quot;:&quot;Paul Eschbach&quot;,&quot;camera&quot;:&quot;&quot;,&quot;caption&quot;:&quot;&quot;,&quot;created_timestamp&quot;:&quot;1726774829&quot;,&quot;copyright&quot;:&quot;&quot;,&quot;focal_length&quot;:&quot;0&quot;,&quot;iso&quot;:&quot;0&quot;,&quot;shutter_speed&quot;:&quot;0&quot;,&quot;title&quot;:&quot;&quot;,&quot;orientation&quot;:&quot;0&quot;}\" data-image-title=\"Sueddeutsche_Bericht_Buch 2024 09 19\" data-image-description=\"\" data-image-caption=\"\" data-large-file=\"https:\/\/i0.wp.com\/deltaimage.de\/wp\/wp-content\/uploads\/Sueddeutsche_Bericht_Buch-2024-09-19.jpg?fit=890%2C463&amp;ssl=1\" class=\"aligncenter size-full wp-image-44879\" src=\"https:\/\/i0.wp.com\/deltaimage.de\/wp\/wp-content\/uploads\/Sueddeutsche_Bericht_Buch-2024-09-19.jpg?resize=890%2C463&#038;ssl=1\" alt=\"\" width=\"890\" height=\"463\" srcset=\"https:\/\/i0.wp.com\/deltaimage.de\/wp\/wp-content\/uploads\/Sueddeutsche_Bericht_Buch-2024-09-19.jpg?w=1822&amp;ssl=1 1822w, https:\/\/i0.wp.com\/deltaimage.de\/wp\/wp-content\/uploads\/Sueddeutsche_Bericht_Buch-2024-09-19.jpg?resize=900%2C468&amp;ssl=1 900w, https:\/\/i0.wp.com\/deltaimage.de\/wp\/wp-content\/uploads\/Sueddeutsche_Bericht_Buch-2024-09-19.jpg?resize=1200%2C624&amp;ssl=1 1200w, https:\/\/i0.wp.com\/deltaimage.de\/wp\/wp-content\/uploads\/Sueddeutsche_Bericht_Buch-2024-09-19.jpg?resize=300%2C156&amp;ssl=1 300w, https:\/\/i0.wp.com\/deltaimage.de\/wp\/wp-content\/uploads\/Sueddeutsche_Bericht_Buch-2024-09-19.jpg?resize=1536%2C798&amp;ssl=1 1536w, https:\/\/i0.wp.com\/deltaimage.de\/wp\/wp-content\/uploads\/Sueddeutsche_Bericht_Buch-2024-09-19.jpg?resize=770%2C400&amp;ssl=1 770w\" sizes=\"auto, (max-width: 890px) 100vw, 890px\" \/><\/p>\n<p><!--more--><\/p>\n<p>URL: <a href=\"http:\/\/www.sz.de\/lux.JmowbeozsSWsTqrCHRvXdp\">www.sz.de\/lux.JmowbeozsSWsTqrCHRvXdp<\/a><br \/>\nCopyright: S\u00fcddeutsche Zeitung Digitale Medien GmbH \/ S\u00fcddeutsche Zeitung GmbH<br \/>\nQuelle: SZ<\/p>\n<div id=\"attachment_44881\" style=\"width: 900px\" class=\"wp-caption aligncenter\"><a href=\"https:\/\/i0.wp.com\/deltaimage.de\/wp\/wp-content\/uploads\/IMG_914_FHD.jpg?ssl=1\"><img data-recalc-dims=\"1\" loading=\"lazy\" decoding=\"async\" aria-describedby=\"caption-attachment-44881\" data-attachment-id=\"44881\" data-permalink=\"https:\/\/deltaimage.de\/wp\/?attachment_id=44881#main\" data-orig-file=\"https:\/\/i0.wp.com\/deltaimage.de\/wp\/wp-content\/uploads\/IMG_9143_450.jpg?fit=450%2C320&amp;ssl=1\" data-orig-size=\"450,320\" data-comments-opened=\"1\" data-image-meta=\"{&quot;aperture&quot;:&quot;13&quot;,&quot;credit&quot;:&quot;PAUL ESCHBACH&quot;,&quot;camera&quot;:&quot;Canon EOS Kiss X6i&quot;,&quot;caption&quot;:&quot;&quot;,&quot;created_timestamp&quot;:&quot;1726861501&quot;,&quot;copyright&quot;:&quot;(C) DELTA IMAGE&quot;,&quot;focal_length&quot;:&quot;24&quot;,&quot;iso&quot;:&quot;100&quot;,&quot;shutter_speed&quot;:&quot;0.2&quot;,&quot;title&quot;:&quot;&quot;,&quot;orientation&quot;:&quot;1&quot;}\" data-image-title=\"IMG_9143_450\" data-image-description=\"\" data-image-caption=\"\" data-large-file=\"https:\/\/i0.wp.com\/deltaimage.de\/wp\/wp-content\/uploads\/IMG_9143_450.jpg?fit=450%2C320&amp;ssl=1\" class=\"wp-image-44881\" src=\"https:\/\/i0.wp.com\/deltaimage.de\/wp\/wp-content\/uploads\/IMG_9143_450.jpg?resize=890%2C633&#038;ssl=1\" alt=\"\" width=\"890\" height=\"633\" srcset=\"https:\/\/i0.wp.com\/deltaimage.de\/wp\/wp-content\/uploads\/IMG_9143_450.jpg?w=450&amp;ssl=1 450w, https:\/\/i0.wp.com\/deltaimage.de\/wp\/wp-content\/uploads\/IMG_9143_450.jpg?resize=281%2C200&amp;ssl=1 281w\" sizes=\"auto, (max-width: 890px) 100vw, 890px\" \/><\/a><p id=\"caption-attachment-44881\" class=\"wp-caption-text\">Beitrag von Renate Zauscher, S\u00fcddeutsche Zeitung vom 20.9.2024<\/p><\/div>\n","protected":false},"excerpt":{"rendered":"<p>Beitrag von Renate Zauscher der S\u00fcddeutschen Zeitung vom 20.9.2024 zur Pressevorstellung des neuen Buchs \u00fcber die zweitgr\u00f6\u00dfte Niedermoor-Landschaft in Bayern Maisacher Moos im Landkreis Dachau (Palsweiser Moos) und im Landkreis [&hellip;]<\/p>\n","protected":false},"author":1,"featured_media":44887,"comment_status":"open","ping_status":"closed","sticky":false,"template":"","format":"standard","meta":{"wpupg_custom_link":[],"wpupg_custom_link_behaviour":["default"],"wpupg_custom_link_nofollow":["default"],"wpupg_custom_image":[],"wpupg_custom_image_id":[],"jetpack_post_was_ever_published":false,"footnotes":""},"categories":[1189,3010,2523,81,8,3832,3800],"tags":[3781,3349,1844,3851,3746,2160,3850,67,3852,2127,2760],"class_list":["post-44871","post","type-post","status-publish","format-standard","has-post-thumbnail","hentry","category-buch","category-dachauer-land","category-dachauer-moos","category-fotobuch","category-news","category-presseschau","category-projekt-dachauer-moos","tag-foto-bildband","tag-fussbergmoos","tag-landkreis-dachau","tag-landkreis-fuerstenfeldbruck","tag-maisacher-moos","tag-niedermoor","tag-palsweoser-moos","tag-paul-eschbach","tag-renate-zauscher","tag-sueddeutsche-zeitung","tag-sz"],"jetpack_featured_media_url":"https:\/\/i0.wp.com\/deltaimage.de\/wp\/wp-content\/uploads\/Logo_Sueddeustche-Zeitung_900.jpg?fit=890%2C164&ssl=1","jetpack-related-posts":[{"id":46721,"url":"https:\/\/deltaimage.de\/wp\/?p=46721","url_meta":{"origin":44871,"position":0},"title":"S\u00fcddeutsche Zeitung: &#8222;Wenn der Boden nachgibt&#8220; &#8211; Informationsveranstaltung f\u00fcr das Maisacher Moos &#8211; 14.11.2024","author":"EschbacP","date":"15. November 2024","format":false,"excerpt":"Quelle: Renate Zauscher, Dachau. Link zum Originalbeitrag auf www.sueddeutsche.de. \u00a0 S\u00fcddeutsche Zeitung: Wenn der Boden nachgibt Die S\u00fcddeutsche Zeitung berichtet \u00fcber die Informationsveranstaltung im Sportheim \u00dcberacker zum Stand und der Entwicklung im Maisacher Moos.","rel":"","context":"In &quot;Dachauer Land&quot;","block_context":{"text":"Dachauer Land","link":"https:\/\/deltaimage.de\/wp\/?cat=3010"},"img":{"alt_text":"","src":"https:\/\/i0.wp.com\/deltaimage.de\/wp\/wp-content\/uploads\/Logo_Sueddeutsche-Zeitung.JPG.png?fit=1200%2C449&ssl=1&resize=350%2C200","width":350,"height":200,"srcset":"https:\/\/i0.wp.com\/deltaimage.de\/wp\/wp-content\/uploads\/Logo_Sueddeutsche-Zeitung.JPG.png?fit=1200%2C449&ssl=1&resize=350%2C200 1x, https:\/\/i0.wp.com\/deltaimage.de\/wp\/wp-content\/uploads\/Logo_Sueddeutsche-Zeitung.JPG.png?fit=1200%2C449&ssl=1&resize=525%2C300 1.5x, https:\/\/i0.wp.com\/deltaimage.de\/wp\/wp-content\/uploads\/Logo_Sueddeutsche-Zeitung.JPG.png?fit=1200%2C449&ssl=1&resize=700%2C400 2x, https:\/\/i0.wp.com\/deltaimage.de\/wp\/wp-content\/uploads\/Logo_Sueddeutsche-Zeitung.JPG.png?fit=1200%2C449&ssl=1&resize=1050%2C600 3x"},"classes":[]},{"id":46507,"url":"https:\/\/deltaimage.de\/wp\/?p=46507","url_meta":{"origin":44871,"position":1},"title":"S\u00fcddeutsche Zeitung: Schatzkammer der Natur &#8211; Dachau","author":"EschbacP","date":"9. November 2024","format":false,"excerpt":"\u00a0 S\u00fcddeutsche Zeitung - Lokalredaktion Dachau von Stefan Salger Die S\u00fcddeutsche Zeitung brachte in der Wochenendausgabe 2.\/3. November 2024 in der Lokalausgabe Dachau den Bericht von Stefan Salger aus F\u00fcrstenfeldbruck zu meinem neuen Foto-Bildband \u00fcber das Maisacher Mooses, dem Palsweiser Moos und dem zusammengeh\u00f6renden Fu\u00dfberger Moos). Link zum Originalbeitrag im\u2026","rel":"","context":"In &quot;Buch&quot;","block_context":{"text":"Buch","link":"https:\/\/deltaimage.de\/wp\/?cat=1189"},"img":{"alt_text":"","src":"https:\/\/i0.wp.com\/deltaimage.de\/wp\/wp-content\/uploads\/Logo_Sueddeutsche-Zeitung.JPG.png?fit=1200%2C449&ssl=1&resize=350%2C200","width":350,"height":200,"srcset":"https:\/\/i0.wp.com\/deltaimage.de\/wp\/wp-content\/uploads\/Logo_Sueddeutsche-Zeitung.JPG.png?fit=1200%2C449&ssl=1&resize=350%2C200 1x, https:\/\/i0.wp.com\/deltaimage.de\/wp\/wp-content\/uploads\/Logo_Sueddeutsche-Zeitung.JPG.png?fit=1200%2C449&ssl=1&resize=525%2C300 1.5x, https:\/\/i0.wp.com\/deltaimage.de\/wp\/wp-content\/uploads\/Logo_Sueddeutsche-Zeitung.JPG.png?fit=1200%2C449&ssl=1&resize=700%2C400 2x, https:\/\/i0.wp.com\/deltaimage.de\/wp\/wp-content\/uploads\/Logo_Sueddeutsche-Zeitung.JPG.png?fit=1200%2C449&ssl=1&resize=1050%2C600 3x"},"classes":[]},{"id":46012,"url":"https:\/\/deltaimage.de\/wp\/?p=46012","url_meta":{"origin":44871,"position":2},"title":"S\u00fcddeutsche Zeitung: Die Schn\u00f6rkellose; Alles im Fluss &#8211; die Maisach im Dachauer Moos","author":"EschbacP","date":"17. Oktober 2024","format":false,"excerpt":"Von: S\u00fcddeutsche Zeitung Jacqueline Lang, im Originalbeitrag \u00a0 Die Schn\u00f6rkellose Die Journalistin Jacqueline Lang schreibt einen Beitrag \u00fcber den kleinen Fluss Maisach am Nordrand des Dachauer Mooses, unmittelbar am \u00dcbergang von der ebenen Niedermoor-Ebene in das viel \u00e4ltere und von den letzten Eiszeiten nicht mehr \u00fcberformten Tertial-H\u00fcgelland. Ein Beitrag in\u2026","rel":"","context":"In &quot;Dachauer Land&quot;","block_context":{"text":"Dachauer Land","link":"https:\/\/deltaimage.de\/wp\/?cat=3010"},"img":{"alt_text":"","src":"https:\/\/i0.wp.com\/deltaimage.de\/wp\/wp-content\/uploads\/Logo_Sueddeutsche-Zeitung.JPG.png?fit=1200%2C449&ssl=1&resize=350%2C200","width":350,"height":200,"srcset":"https:\/\/i0.wp.com\/deltaimage.de\/wp\/wp-content\/uploads\/Logo_Sueddeutsche-Zeitung.JPG.png?fit=1200%2C449&ssl=1&resize=350%2C200 1x, https:\/\/i0.wp.com\/deltaimage.de\/wp\/wp-content\/uploads\/Logo_Sueddeutsche-Zeitung.JPG.png?fit=1200%2C449&ssl=1&resize=525%2C300 1.5x, https:\/\/i0.wp.com\/deltaimage.de\/wp\/wp-content\/uploads\/Logo_Sueddeutsche-Zeitung.JPG.png?fit=1200%2C449&ssl=1&resize=700%2C400 2x, https:\/\/i0.wp.com\/deltaimage.de\/wp\/wp-content\/uploads\/Logo_Sueddeutsche-Zeitung.JPG.png?fit=1200%2C449&ssl=1&resize=1050%2C600 3x"},"classes":[]},{"id":45960,"url":"https:\/\/deltaimage.de\/wp\/?p=45960","url_meta":{"origin":44871,"position":3},"title":"S\u00fcddeutsche Zeitung F\u00fcrstenfeldbruck: Schatzkammer der Natur &#8211; Fu\u00dfbergmoos","author":"EschbacP","date":"8. Oktober 2024","format":false,"excerpt":"Ein Blick in die Regionalausgabe SZ F\u00fcrstenfeldbruck Der vollst\u00e4ndige Artikel in der Regionalausgabe der S\u00fcddeutschenzeitung f\u00fcr den Landkreis F\u00fcrstenfeldbruck. \u00a0 Schatzkammer der Natur Paul Eschbach fotografiert im Maisacher Moos. Sein neuer Bildband ist ein eindringliches Pl\u00e4doyer f\u00fcr den Erhalt der dortigen Tier- und Pflanzenwelt. Von Stefan Salger Maisach \u2013 Es\u2026","rel":"","context":"In &quot;Buch&quot;","block_context":{"text":"Buch","link":"https:\/\/deltaimage.de\/wp\/?cat=1189"},"img":{"alt_text":"","src":"https:\/\/i0.wp.com\/deltaimage.de\/wp\/wp-content\/uploads\/SZ-FFB-Schatzkammer-der-Natur-20241008-300.jpg?resize=350%2C200&ssl=1","width":350,"height":200},"classes":[]},{"id":46777,"url":"https:\/\/deltaimage.de\/wp\/?p=46777","url_meta":{"origin":44871,"position":4},"title":"Das Maisacher Moos, die Wiedervern\u00e4ssung und der Biber im Bayerischen Fernsehen","author":"EschbacP","date":"20. November 2024","format":false,"excerpt":"In den vergangenen Jahren war Deutschland \u00fcber viele Monate hinweg von extremer Trockenheit und D\u00fcrre geplagt, Oberbayern kam dabei noch relativ gut weg. Heute, im Jahr 2024, vielen so viele Niederschl\u00e4ge wie schon seit langer Zeit nicht mehr. Der Landkreis Dachau war gleich von mehreren Sparregenlagen und dem dann folgenden\u2026","rel":"","context":"In &quot;Dachauer Land&quot;","block_context":{"text":"Dachauer Land","link":"https:\/\/deltaimage.de\/wp\/?cat=3010"},"img":{"alt_text":"","src":"https:\/\/i0.wp.com\/deltaimage.de\/wp\/wp-content\/uploads\/PE1S0112-Pano_1200.jpg?fit=1200%2C450&ssl=1&resize=350%2C200","width":350,"height":200,"srcset":"https:\/\/i0.wp.com\/deltaimage.de\/wp\/wp-content\/uploads\/PE1S0112-Pano_1200.jpg?fit=1200%2C450&ssl=1&resize=350%2C200 1x, https:\/\/i0.wp.com\/deltaimage.de\/wp\/wp-content\/uploads\/PE1S0112-Pano_1200.jpg?fit=1200%2C450&ssl=1&resize=525%2C300 1.5x, https:\/\/i0.wp.com\/deltaimage.de\/wp\/wp-content\/uploads\/PE1S0112-Pano_1200.jpg?fit=1200%2C450&ssl=1&resize=700%2C400 2x, https:\/\/i0.wp.com\/deltaimage.de\/wp\/wp-content\/uploads\/PE1S0112-Pano_1200.jpg?fit=1200%2C450&ssl=1&resize=1050%2C600 3x"},"classes":[]},{"id":45924,"url":"https:\/\/deltaimage.de\/wp\/?p=45924","url_meta":{"origin":44871,"position":5},"title":"S\u00fcddeutsche Zeitung SZplus: Schatzkammer der Natur &#8211; Fu\u00dfbergmoos","author":"EschbacP","date":"7. Oktober 2024","format":false,"excerpt":"Paul Eschbach war zu unterschiedlichen Jahres- und Tageszeiten im Maisacher Moos unterwegs. Sein neuer Bildband ist ein eindringliches Pl\u00e4doyer f\u00fcr den Erhalt der Tier- und Pflanzenwelt. Von Stefan Salger, im Originalbeitrag auf www.sueddeutsche.de Es gibt Parallelen zwischen der Serengeti in Ostafrika und dem Fu\u00dfbergmoos in der Gemeinde Maisach. Das mag\u2026","rel":"","context":"In &quot;Buch&quot;","block_context":{"text":"Buch","link":"https:\/\/deltaimage.de\/wp\/?cat=1189"},"img":{"alt_text":"","src":"https:\/\/i0.wp.com\/deltaimage.de\/wp\/wp-content\/uploads\/SZ_Schatzkammer_der_Natur_2_Hubert-Bauer-Falkner.jpg?resize=350%2C200&ssl=1","width":350,"height":200,"srcset":"https:\/\/i0.wp.com\/deltaimage.de\/wp\/wp-content\/uploads\/SZ_Schatzkammer_der_Natur_2_Hubert-Bauer-Falkner.jpg?resize=350%2C200&ssl=1 1x, https:\/\/i0.wp.com\/deltaimage.de\/wp\/wp-content\/uploads\/SZ_Schatzkammer_der_Natur_2_Hubert-Bauer-Falkner.jpg?resize=525%2C300&ssl=1 1.5x, https:\/\/i0.wp.com\/deltaimage.de\/wp\/wp-content\/uploads\/SZ_Schatzkammer_der_Natur_2_Hubert-Bauer-Falkner.jpg?resize=700%2C400&ssl=1 2x, https:\/\/i0.wp.com\/deltaimage.de\/wp\/wp-content\/uploads\/SZ_Schatzkammer_der_Natur_2_Hubert-Bauer-Falkner.jpg?resize=1050%2C600&ssl=1 3x, https:\/\/i0.wp.com\/deltaimage.de\/wp\/wp-content\/uploads\/SZ_Schatzkammer_der_Natur_2_Hubert-Bauer-Falkner.jpg?resize=1400%2C800&ssl=1 4x"},"classes":[]}],"jetpack_sharing_enabled":true,"_links":{"self":[{"href":"https:\/\/deltaimage.de\/wp\/index.php?rest_route=\/wp\/v2\/posts\/44871","targetHints":{"allow":["GET"]}}],"collection":[{"href":"https:\/\/deltaimage.de\/wp\/index.php?rest_route=\/wp\/v2\/posts"}],"about":[{"href":"https:\/\/deltaimage.de\/wp\/index.php?rest_route=\/wp\/v2\/types\/post"}],"author":[{"embeddable":true,"href":"https:\/\/deltaimage.de\/wp\/index.php?rest_route=\/wp\/v2\/users\/1"}],"replies":[{"embeddable":true,"href":"https:\/\/deltaimage.de\/wp\/index.php?rest_route=%2Fwp%2Fv2%2Fcomments&post=44871"}],"version-history":[{"count":13,"href":"https:\/\/deltaimage.de\/wp\/index.php?rest_route=\/wp\/v2\/posts\/44871\/revisions"}],"predecessor-version":[{"id":51703,"href":"https:\/\/deltaimage.de\/wp\/index.php?rest_route=\/wp\/v2\/posts\/44871\/revisions\/51703"}],"wp:featuredmedia":[{"embeddable":true,"href":"https:\/\/deltaimage.de\/wp\/index.php?rest_route=\/wp\/v2\/media\/44887"}],"wp:attachment":[{"href":"https:\/\/deltaimage.de\/wp\/index.php?rest_route=%2Fwp%2Fv2%2Fmedia&parent=44871"}],"wp:term":[{"taxonomy":"category","embeddable":true,"href":"https:\/\/deltaimage.de\/wp\/index.php?rest_route=%2Fwp%2Fv2%2Fcategories&post=44871"},{"taxonomy":"post_tag","embeddable":true,"href":"https:\/\/deltaimage.de\/wp\/index.php?rest_route=%2Fwp%2Fv2%2Ftags&post=44871"}],"curies":[{"name":"wp","href":"https:\/\/api.w.org\/{rel}","templated":true}]}}