{"id":44904,"date":"2024-09-21T18:12:46","date_gmt":"2024-09-21T16:12:46","guid":{"rendered":"https:\/\/deltaimage.de\/wp\/?p=44904"},"modified":"2025-08-23T21:25:30","modified_gmt":"2025-08-23T19:25:30","slug":"der-herbst-haelt-auch-einzug-im-inhauser-moos","status":"publish","type":"post","link":"https:\/\/deltaimage.de\/wp\/?p=44904","title":{"rendered":"Der Herbst h\u00e4lt auch Einzug im Inhauser Moos"},"content":{"rendered":"<p>Dann fange ich einfach mal an, \u00fcber diesen Herbsttag im <strong>Inhauser Moos<\/strong> zu erz\u00e4hlen. Ich starte mit der <strong>K\u00f6nigslibelle<\/strong> &#8211; die wird in der Geschichte noch eine Rolle spielen. Die <strong>Gro\u00dfe K\u00f6nigslibelle<\/strong> ist eines der ganz besonderen Bildmotive in der <strong>Niedermoor-Landschaft<\/strong> und im <strong>Dachauer Moos<\/strong> durchaus regelm\u00e4\u00dfig anzutreffen. Optisch ist sie eine der auff\u00e4lligsten <strong>Gro\u00dflibellen<\/strong> im <strong>Moos<\/strong>. Wie die meisten <strong>Gro\u00dflibellen<\/strong>, ist sie ein J\u00e4ger im Flug und macht kaum Rast auf einem Ansitz, wie andere <strong>Gro\u00dflibellen<\/strong> und die meisten <strong>Kleinlibellen<\/strong>. So fliegt sie unentwegt ihre Kreise \u00fcber der Wasseroberfl\u00e4che und versucht sich im Fang von anderen <strong>Libellen<\/strong> und <strong>Insekten<\/strong>.<\/p>\n<p>Diese Eigenheit macht das Fotografieren der <strong>Gro\u00dfen K\u00f6nigslibelle<\/strong> so schwierig und anspruchsvoll und dadurch auch im besonderen Ma\u00dfe auch lohnenswert.<\/p>\n<p><img data-recalc-dims=\"1\" loading=\"lazy\" decoding=\"async\" data-attachment-id=\"44909\" data-permalink=\"https:\/\/deltaimage.de\/wp\/?attachment_id=44909#main\" data-orig-file=\"https:\/\/i0.wp.com\/deltaimage.de\/wp\/wp-content\/uploads\/PE1X6516_900.jpg?fit=890%2C593&amp;ssl=1\" data-orig-size=\"890,593\" data-comments-opened=\"1\" data-image-meta=\"{&quot;aperture&quot;:&quot;6.3&quot;,&quot;credit&quot;:&quot;Paul Eschbach&quot;,&quot;camera&quot;:&quot;Canon EOS-1D X Mark II&quot;,&quot;caption&quot;:&quot;&quot;,&quot;created_timestamp&quot;:&quot;1726927057&quot;,&quot;copyright&quot;:&quot;DELTA IMAGE www.deltaimage.de&quot;,&quot;focal_length&quot;:&quot;200&quot;,&quot;iso&quot;:&quot;1600&quot;,&quot;shutter_speed&quot;:&quot;0.0004&quot;,&quot;title&quot;:&quot;&quot;,&quot;orientation&quot;:&quot;0&quot;}\" data-image-title=\"PE1X6516_900\" data-image-description=\"\" data-image-caption=\"\" data-large-file=\"https:\/\/i0.wp.com\/deltaimage.de\/wp\/wp-content\/uploads\/PE1X6516_900.jpg?fit=890%2C593&amp;ssl=1\" class=\"aligncenter size-full wp-image-44909\" src=\"https:\/\/i0.wp.com\/deltaimage.de\/wp\/wp-content\/uploads\/PE1X6516_900.jpg?resize=890%2C593&#038;ssl=1\" alt=\"\" width=\"890\" height=\"593\" srcset=\"https:\/\/i0.wp.com\/deltaimage.de\/wp\/wp-content\/uploads\/PE1X6516_900.jpg?w=890&amp;ssl=1 890w, https:\/\/i0.wp.com\/deltaimage.de\/wp\/wp-content\/uploads\/PE1X6516_900.jpg?resize=300%2C200&amp;ssl=1 300w, https:\/\/i0.wp.com\/deltaimage.de\/wp\/wp-content\/uploads\/PE1X6516_900.jpg?resize=600%2C400&amp;ssl=1 600w, https:\/\/i0.wp.com\/deltaimage.de\/wp\/wp-content\/uploads\/PE1X6516_900.jpg?resize=200%2C133&amp;ssl=1 200w\" sizes=\"auto, (max-width: 890px) 100vw, 890px\" \/><\/p>\n<p>Heute, an diesem T\u00fcmpel, hat die <strong>Gro\u00dfe K\u00f6nigslibelle<\/strong> wohl mehr Gefallen an mir mit meiner knallroten Jacke gefunden. Sie steht etwa 30 Sekunden auf der Stelle und starrt mich f\u00f6rmlich an. Gen\u00fcgend Zeit f\u00fcr mich, die Bildsch\u00e4rfe zu organisieren und etwa 10 Aufnahmen zu machen. Dann drehe ich mich auch immer weg, um die Aufmerksamkeit der Tiere nicht unn\u00f6tig lange zu binden.<\/p>\n<p>Danke liebe <strong>K\u00f6nigslibelle<\/strong> f\u00fcr diesen kurzen Moment und die gelungenen Bilder von Dir.<\/p>\n<p><!--more--><\/p>\n<p>&nbsp;<\/p>\n<h2>Warum fliegt die K\u00f6nigslibelle so hoch und ist so gro\u00df?<\/h2>\n<p>Im Augenwinkel sehe ich die <strong>Gro\u00dfe K\u00f6nigslibelle<\/strong> mit der markanten blauen Zeichnung sehr hoch und sehr schnell fliegen, wie kann das sein. Die Erkl\u00e4rung ist ganz einfach.<\/p>\n<blockquote>\n<pre>Weil es keine K\u00f6nigslibelle ist, sondern ein Eisvogel!<\/pre>\n<\/blockquote>\n<p>Aha! Dann sollte ich langsam beginnen den <strong>Eisvogel<\/strong> in den Sucher zu bekommen, den Flug zu verfolgen und ein halbwegs brauchbares Bild zu zaubern. Das w\u00e4re schon sch\u00f6n, Herr Eschbach!<\/p>\n<p><img data-recalc-dims=\"1\" loading=\"lazy\" decoding=\"async\" data-attachment-id=\"44905\" data-permalink=\"https:\/\/deltaimage.de\/wp\/?attachment_id=44905#main\" data-orig-file=\"https:\/\/i0.wp.com\/deltaimage.de\/wp\/wp-content\/uploads\/PE1X6538_900.jpg?fit=890%2C593&amp;ssl=1\" data-orig-size=\"890,593\" data-comments-opened=\"1\" data-image-meta=\"{&quot;aperture&quot;:&quot;6.3&quot;,&quot;credit&quot;:&quot;Paul Eschbach&quot;,&quot;camera&quot;:&quot;Canon EOS-1D X Mark II&quot;,&quot;caption&quot;:&quot;&quot;,&quot;created_timestamp&quot;:&quot;1726927451&quot;,&quot;copyright&quot;:&quot;DELTA IMAGE www.deltaimage.de&quot;,&quot;focal_length&quot;:&quot;320&quot;,&quot;iso&quot;:&quot;1600&quot;,&quot;shutter_speed&quot;:&quot;0.0002&quot;,&quot;title&quot;:&quot;&quot;,&quot;orientation&quot;:&quot;0&quot;}\" data-image-title=\"PE1X6538_900\" data-image-description=\"\" data-image-caption=\"\" data-large-file=\"https:\/\/i0.wp.com\/deltaimage.de\/wp\/wp-content\/uploads\/PE1X6538_900.jpg?fit=890%2C593&amp;ssl=1\" class=\"aligncenter size-full wp-image-44905\" src=\"https:\/\/i0.wp.com\/deltaimage.de\/wp\/wp-content\/uploads\/PE1X6538_900.jpg?resize=890%2C593&#038;ssl=1\" alt=\"\" width=\"890\" height=\"593\" srcset=\"https:\/\/i0.wp.com\/deltaimage.de\/wp\/wp-content\/uploads\/PE1X6538_900.jpg?w=890&amp;ssl=1 890w, https:\/\/i0.wp.com\/deltaimage.de\/wp\/wp-content\/uploads\/PE1X6538_900.jpg?resize=300%2C200&amp;ssl=1 300w, https:\/\/i0.wp.com\/deltaimage.de\/wp\/wp-content\/uploads\/PE1X6538_900.jpg?resize=600%2C400&amp;ssl=1 600w, https:\/\/i0.wp.com\/deltaimage.de\/wp\/wp-content\/uploads\/PE1X6538_900.jpg?resize=200%2C133&amp;ssl=1 200w\" sizes=\"auto, (max-width: 890px) 100vw, 890px\" \/><\/p>\n<p>Der kleine Vogel ist immer sehr schnell unterwegs und kann mit dem charakteristischen blauen Federkleid im Kontrast zu seiner orangefarbenen Unterseite eigentlich sehr gut identifiziert\u00a0 werden. Diese V\u00f6gel sind<\/p>\n<ol>\n<li>immer sehr schnell unterwegs<\/li>\n<li>von sich aus relativ klein<\/li>\n<li>meist sehr weit weg unterwegs.<\/li>\n<\/ol>\n<p>So bin ich um dieses Bild schon sehr froh und gl\u00fccklich.<\/p>\n<p>&nbsp;<\/p>\n<h2>Herbstzeit ist auch Libellenzeit im Niedermoor<\/h2>\n<p>Die <strong>Gemeine Heidelibelle<\/strong> fliegt auch noch im Herbst und passt mit der Farbzeichnung ganz perfekt zu den erwarteten Farben des Herbstes in der Wald- und <strong>Moos-Landschaft<\/strong>.<\/p>\n<p><img data-recalc-dims=\"1\" loading=\"lazy\" decoding=\"async\" data-attachment-id=\"44915\" data-permalink=\"https:\/\/deltaimage.de\/wp\/?attachment_id=44915#main\" data-orig-file=\"https:\/\/i0.wp.com\/deltaimage.de\/wp\/wp-content\/uploads\/PE1X6342_900.jpg?fit=890%2C593&amp;ssl=1\" data-orig-size=\"890,593\" data-comments-opened=\"1\" data-image-meta=\"{&quot;aperture&quot;:&quot;7.1&quot;,&quot;credit&quot;:&quot;Paul Eschbach&quot;,&quot;camera&quot;:&quot;Canon EOS-1D X Mark II&quot;,&quot;caption&quot;:&quot;&quot;,&quot;created_timestamp&quot;:&quot;1726923005&quot;,&quot;copyright&quot;:&quot;DELTA IMAGE www.deltaimage.de&quot;,&quot;focal_length&quot;:&quot;100&quot;,&quot;iso&quot;:&quot;800&quot;,&quot;shutter_speed&quot;:&quot;0.000625&quot;,&quot;title&quot;:&quot;&quot;,&quot;orientation&quot;:&quot;0&quot;}\" data-image-title=\"PE1X6342_900\" data-image-description=\"\" data-image-caption=\"\" data-large-file=\"https:\/\/i0.wp.com\/deltaimage.de\/wp\/wp-content\/uploads\/PE1X6342_900.jpg?fit=890%2C593&amp;ssl=1\" class=\"aligncenter size-full wp-image-44915\" src=\"https:\/\/i0.wp.com\/deltaimage.de\/wp\/wp-content\/uploads\/PE1X6342_900.jpg?resize=890%2C593&#038;ssl=1\" alt=\"\" width=\"890\" height=\"593\" srcset=\"https:\/\/i0.wp.com\/deltaimage.de\/wp\/wp-content\/uploads\/PE1X6342_900.jpg?w=890&amp;ssl=1 890w, https:\/\/i0.wp.com\/deltaimage.de\/wp\/wp-content\/uploads\/PE1X6342_900.jpg?resize=300%2C200&amp;ssl=1 300w, https:\/\/i0.wp.com\/deltaimage.de\/wp\/wp-content\/uploads\/PE1X6342_900.jpg?resize=600%2C400&amp;ssl=1 600w, https:\/\/i0.wp.com\/deltaimage.de\/wp\/wp-content\/uploads\/PE1X6342_900.jpg?resize=200%2C133&amp;ssl=1 200w\" sizes=\"auto, (max-width: 890px) 100vw, 890px\" \/><\/p>\n<p>Eine sehr sch\u00f6ne Zeichnung auf der <strong>Gemeinen Heidelibelle<\/strong>, passt sehr stimmig zu den Farben des Herbstes.<\/p>\n<p><img data-recalc-dims=\"1\" loading=\"lazy\" decoding=\"async\" data-attachment-id=\"44925\" data-permalink=\"https:\/\/deltaimage.de\/wp\/?attachment_id=44925#main\" data-orig-file=\"https:\/\/i0.wp.com\/deltaimage.de\/wp\/wp-content\/uploads\/PE1X6323_900.jpg?fit=890%2C593&amp;ssl=1\" data-orig-size=\"890,593\" data-comments-opened=\"1\" data-image-meta=\"{&quot;aperture&quot;:&quot;7.1&quot;,&quot;credit&quot;:&quot;Paul Eschbach&quot;,&quot;camera&quot;:&quot;Canon EOS-1D X Mark II&quot;,&quot;caption&quot;:&quot;&quot;,&quot;created_timestamp&quot;:&quot;1726922056&quot;,&quot;copyright&quot;:&quot;DELTA IMAGE www.deltaimage.de&quot;,&quot;focal_length&quot;:&quot;100&quot;,&quot;iso&quot;:&quot;800&quot;,&quot;shutter_speed&quot;:&quot;0.000625&quot;,&quot;title&quot;:&quot;&quot;,&quot;orientation&quot;:&quot;0&quot;}\" data-image-title=\"PE1X6323_900\" data-image-description=\"\" data-image-caption=\"\" data-large-file=\"https:\/\/i0.wp.com\/deltaimage.de\/wp\/wp-content\/uploads\/PE1X6323_900.jpg?fit=890%2C593&amp;ssl=1\" class=\"aligncenter size-full wp-image-44925\" src=\"https:\/\/i0.wp.com\/deltaimage.de\/wp\/wp-content\/uploads\/PE1X6323_900.jpg?resize=890%2C593&#038;ssl=1\" alt=\"\" width=\"890\" height=\"593\" srcset=\"https:\/\/i0.wp.com\/deltaimage.de\/wp\/wp-content\/uploads\/PE1X6323_900.jpg?w=890&amp;ssl=1 890w, https:\/\/i0.wp.com\/deltaimage.de\/wp\/wp-content\/uploads\/PE1X6323_900.jpg?resize=300%2C200&amp;ssl=1 300w, https:\/\/i0.wp.com\/deltaimage.de\/wp\/wp-content\/uploads\/PE1X6323_900.jpg?resize=600%2C400&amp;ssl=1 600w, https:\/\/i0.wp.com\/deltaimage.de\/wp\/wp-content\/uploads\/PE1X6323_900.jpg?resize=200%2C133&amp;ssl=1 200w\" sizes=\"auto, (max-width: 890px) 100vw, 890px\" \/><\/p>\n<p>Eine sanfte Wiese verwandelte sich durch die gro\u00dfen Regenf\u00e4lle in einen flachen und weitl\u00e4ufigen T\u00fcmpel &#8211; ein <strong>Biotop<\/strong> welches die <strong>Libellen<\/strong> in der kurzen Zeit f\u00fcr sich nutzen und Zugang zu Nahrung und Wasser haben.<\/p>\n<p><img data-recalc-dims=\"1\" loading=\"lazy\" decoding=\"async\" data-attachment-id=\"44916\" data-permalink=\"https:\/\/deltaimage.de\/wp\/?attachment_id=44916#main\" data-orig-file=\"https:\/\/i0.wp.com\/deltaimage.de\/wp\/wp-content\/uploads\/PE1X6422_900.jpg?fit=890%2C593&amp;ssl=1\" data-orig-size=\"890,593\" data-comments-opened=\"1\" data-image-meta=\"{&quot;aperture&quot;:&quot;9&quot;,&quot;credit&quot;:&quot;Paul Eschbach&quot;,&quot;camera&quot;:&quot;Canon EOS-1D X Mark II&quot;,&quot;caption&quot;:&quot;&quot;,&quot;created_timestamp&quot;:&quot;1726925121&quot;,&quot;copyright&quot;:&quot;DELTA IMAGE www.deltaimage.de&quot;,&quot;focal_length&quot;:&quot;400&quot;,&quot;iso&quot;:&quot;800&quot;,&quot;shutter_speed&quot;:&quot;0.0008&quot;,&quot;title&quot;:&quot;&quot;,&quot;orientation&quot;:&quot;0&quot;}\" data-image-title=\"PE1X6422_900\" data-image-description=\"\" data-image-caption=\"\" data-large-file=\"https:\/\/i0.wp.com\/deltaimage.de\/wp\/wp-content\/uploads\/PE1X6422_900.jpg?fit=890%2C593&amp;ssl=1\" class=\"aligncenter size-full wp-image-44916\" src=\"https:\/\/i0.wp.com\/deltaimage.de\/wp\/wp-content\/uploads\/PE1X6422_900.jpg?resize=890%2C593&#038;ssl=1\" alt=\"\" width=\"890\" height=\"593\" srcset=\"https:\/\/i0.wp.com\/deltaimage.de\/wp\/wp-content\/uploads\/PE1X6422_900.jpg?w=890&amp;ssl=1 890w, https:\/\/i0.wp.com\/deltaimage.de\/wp\/wp-content\/uploads\/PE1X6422_900.jpg?resize=300%2C200&amp;ssl=1 300w, https:\/\/i0.wp.com\/deltaimage.de\/wp\/wp-content\/uploads\/PE1X6422_900.jpg?resize=600%2C400&amp;ssl=1 600w, https:\/\/i0.wp.com\/deltaimage.de\/wp\/wp-content\/uploads\/PE1X6422_900.jpg?resize=200%2C133&amp;ssl=1 200w\" sizes=\"auto, (max-width: 890px) 100vw, 890px\" \/><\/p>\n<p>Im Tandem-Flug zieht die das <strong>M\u00e4nnchen<\/strong> (oben) und das <strong>Weibchen<\/strong> (unten) der <strong>Gro\u00dfen Heidelibelle<\/strong> \u00fcber dieses tempor\u00e4re Habitat und taucht immer wieder kurz mit der Spitze des Hinterteils des Weibchens ins Wasser ein.<\/p>\n<p>&nbsp;<\/p>\n<h2>Der Wald h\u00e4lt auch viele sch\u00f6ne Bildmotive bereit<\/h2>\n<p>Im Halbdunkel des Waldes spannt eine Spinne ihr Netz, zischen den niedrigen Trieben der jungen Fichten &#8211; auf dem Fang nach etwas lebendigen im Spinnennetz.<\/p>\n<p><img data-recalc-dims=\"1\" loading=\"lazy\" decoding=\"async\" data-attachment-id=\"44920\" data-permalink=\"https:\/\/deltaimage.de\/wp\/?attachment_id=44920#main\" data-orig-file=\"https:\/\/i0.wp.com\/deltaimage.de\/wp\/wp-content\/uploads\/PE1X6299_900.jpg?fit=890%2C593&amp;ssl=1\" data-orig-size=\"890,593\" data-comments-opened=\"1\" data-image-meta=\"{&quot;aperture&quot;:&quot;2.8&quot;,&quot;credit&quot;:&quot;Paul Eschbach&quot;,&quot;camera&quot;:&quot;Canon EOS-1D X Mark II&quot;,&quot;caption&quot;:&quot;&quot;,&quot;created_timestamp&quot;:&quot;1726921673&quot;,&quot;copyright&quot;:&quot;DELTA IMAGE www.deltaimage.de&quot;,&quot;focal_length&quot;:&quot;100&quot;,&quot;iso&quot;:&quot;200&quot;,&quot;shutter_speed&quot;:&quot;0.002&quot;,&quot;title&quot;:&quot;&quot;,&quot;orientation&quot;:&quot;0&quot;}\" data-image-title=\"PE1X6299_900\" data-image-description=\"\" data-image-caption=\"\" data-large-file=\"https:\/\/i0.wp.com\/deltaimage.de\/wp\/wp-content\/uploads\/PE1X6299_900.jpg?fit=890%2C593&amp;ssl=1\" class=\"aligncenter size-full wp-image-44920\" src=\"https:\/\/i0.wp.com\/deltaimage.de\/wp\/wp-content\/uploads\/PE1X6299_900.jpg?resize=890%2C593&#038;ssl=1\" alt=\"\" width=\"890\" height=\"593\" srcset=\"https:\/\/i0.wp.com\/deltaimage.de\/wp\/wp-content\/uploads\/PE1X6299_900.jpg?w=890&amp;ssl=1 890w, https:\/\/i0.wp.com\/deltaimage.de\/wp\/wp-content\/uploads\/PE1X6299_900.jpg?resize=300%2C200&amp;ssl=1 300w, https:\/\/i0.wp.com\/deltaimage.de\/wp\/wp-content\/uploads\/PE1X6299_900.jpg?resize=600%2C400&amp;ssl=1 600w, https:\/\/i0.wp.com\/deltaimage.de\/wp\/wp-content\/uploads\/PE1X6299_900.jpg?resize=200%2C133&amp;ssl=1 200w\" sizes=\"auto, (max-width: 890px) 100vw, 890px\" \/><\/p>\n<p>So geh\u00f6ren die Spinnennetze f\u00fcr mich als Fotograf untrennbar zum charakteristischen Anblick des Herbstes im Wald. Im Fichtenwald ist es nicht einfach, das charakteristische Wasser in der <strong>Niedermoor-Landschaft<\/strong> zu finden und in einem Bildmotiv umzusetzen. In der Waldmitte zieht sich ein wassergef\u00fcllter Graben durch den Wald und so kommt das Wasser wieder mit der herabfallenden Biomasse als neuer N\u00e4hrboden zum Aufbau von Moosen und in ein paar tausend Jahren, zur Bildung von Torfboden im Niedermoor.<\/p>\n<p><img data-recalc-dims=\"1\" loading=\"lazy\" decoding=\"async\" data-attachment-id=\"44921\" data-permalink=\"https:\/\/deltaimage.de\/wp\/?attachment_id=44921#main\" data-orig-file=\"https:\/\/i0.wp.com\/deltaimage.de\/wp\/wp-content\/uploads\/PE1X6288_900.jpg?fit=890%2C593&amp;ssl=1\" data-orig-size=\"890,593\" data-comments-opened=\"1\" data-image-meta=\"{&quot;aperture&quot;:&quot;8&quot;,&quot;credit&quot;:&quot;Paul Eschbach&quot;,&quot;camera&quot;:&quot;Canon EOS-1D X Mark II&quot;,&quot;caption&quot;:&quot;&quot;,&quot;created_timestamp&quot;:&quot;1726921470&quot;,&quot;copyright&quot;:&quot;DELTA IMAGE www.deltaimage.de&quot;,&quot;focal_length&quot;:&quot;100&quot;,&quot;iso&quot;:&quot;200&quot;,&quot;shutter_speed&quot;:&quot;0.0125&quot;,&quot;title&quot;:&quot;&quot;,&quot;orientation&quot;:&quot;0&quot;}\" data-image-title=\"PE1X6288_900\" data-image-description=\"\" data-image-caption=\"\" data-large-file=\"https:\/\/i0.wp.com\/deltaimage.de\/wp\/wp-content\/uploads\/PE1X6288_900.jpg?fit=890%2C593&amp;ssl=1\" class=\"aligncenter size-full wp-image-44921\" src=\"https:\/\/i0.wp.com\/deltaimage.de\/wp\/wp-content\/uploads\/PE1X6288_900.jpg?resize=890%2C593&#038;ssl=1\" alt=\"\" width=\"890\" height=\"593\" srcset=\"https:\/\/i0.wp.com\/deltaimage.de\/wp\/wp-content\/uploads\/PE1X6288_900.jpg?w=890&amp;ssl=1 890w, https:\/\/i0.wp.com\/deltaimage.de\/wp\/wp-content\/uploads\/PE1X6288_900.jpg?resize=300%2C200&amp;ssl=1 300w, https:\/\/i0.wp.com\/deltaimage.de\/wp\/wp-content\/uploads\/PE1X6288_900.jpg?resize=600%2C400&amp;ssl=1 600w, https:\/\/i0.wp.com\/deltaimage.de\/wp\/wp-content\/uploads\/PE1X6288_900.jpg?resize=200%2C133&amp;ssl=1 200w\" sizes=\"auto, (max-width: 890px) 100vw, 890px\" \/><\/p>\n<p>Mitten drin, eine kleine Insel. Gerade gro\u00df genug, dass sich eine Pflanze sich den neuen Lebensraum ergattern konnte. Alles umgeben vom Wasser, so fallen alle Pflanzenteile, die herabfallen auf den Grund und beginnen die Torf-Werdung. Sehr sch\u00f6n ist der schmale Lichtstrahl, der durch das Bl\u00e4tterdach und die Baumwipfel des Fichtenwaldes genau auf diese kleine Pflanze f\u00e4llt.<\/p>\n<p><img data-recalc-dims=\"1\" loading=\"lazy\" decoding=\"async\" data-attachment-id=\"44922\" data-permalink=\"https:\/\/deltaimage.de\/wp\/?attachment_id=44922#main\" data-orig-file=\"https:\/\/i0.wp.com\/deltaimage.de\/wp\/wp-content\/uploads\/PE1X6292_900.jpg?fit=890%2C593&amp;ssl=1\" data-orig-size=\"890,593\" data-comments-opened=\"1\" data-image-meta=\"{&quot;aperture&quot;:&quot;2.8&quot;,&quot;credit&quot;:&quot;Paul Eschbach&quot;,&quot;camera&quot;:&quot;Canon EOS-1D X Mark II&quot;,&quot;caption&quot;:&quot;&quot;,&quot;created_timestamp&quot;:&quot;1726921579&quot;,&quot;copyright&quot;:&quot;DELTA IMAGE www.deltaimage.de&quot;,&quot;focal_length&quot;:&quot;100&quot;,&quot;iso&quot;:&quot;200&quot;,&quot;shutter_speed&quot;:&quot;0.0025&quot;,&quot;title&quot;:&quot;&quot;,&quot;orientation&quot;:&quot;0&quot;}\" data-image-title=\"PE1X6292_900\" data-image-description=\"\" data-image-caption=\"\" data-large-file=\"https:\/\/i0.wp.com\/deltaimage.de\/wp\/wp-content\/uploads\/PE1X6292_900.jpg?fit=890%2C593&amp;ssl=1\" class=\"aligncenter size-full wp-image-44922\" src=\"https:\/\/i0.wp.com\/deltaimage.de\/wp\/wp-content\/uploads\/PE1X6292_900.jpg?resize=890%2C593&#038;ssl=1\" alt=\"\" width=\"890\" height=\"593\" srcset=\"https:\/\/i0.wp.com\/deltaimage.de\/wp\/wp-content\/uploads\/PE1X6292_900.jpg?w=890&amp;ssl=1 890w, https:\/\/i0.wp.com\/deltaimage.de\/wp\/wp-content\/uploads\/PE1X6292_900.jpg?resize=300%2C200&amp;ssl=1 300w, https:\/\/i0.wp.com\/deltaimage.de\/wp\/wp-content\/uploads\/PE1X6292_900.jpg?resize=600%2C400&amp;ssl=1 600w, https:\/\/i0.wp.com\/deltaimage.de\/wp\/wp-content\/uploads\/PE1X6292_900.jpg?resize=200%2C133&amp;ssl=1 200w\" sizes=\"auto, (max-width: 890px) 100vw, 890px\" \/><\/p>\n<p>Es gibt noch tausend mehr Bildmotive im Herbstwald im <strong>Inhauser Moos<\/strong>. Dazu ein andermal mehr.<\/p>\n","protected":false},"excerpt":{"rendered":"<p>Dann fange ich einfach mal an, \u00fcber diesen Herbsttag im Inhauser Moos zu erz\u00e4hlen. Ich starte mit der K\u00f6nigslibelle &#8211; die wird in der Geschichte noch eine Rolle spielen. Die [&hellip;]<\/p>\n","protected":false},"author":1,"featured_media":44928,"comment_status":"open","ping_status":"closed","sticky":false,"template":"","format":"standard","meta":{"wpupg_custom_link":[],"wpupg_custom_link_behaviour":["default"],"wpupg_custom_link_nofollow":["default"],"wpupg_custom_image":[],"wpupg_custom_image_id":[],"jetpack_post_was_ever_published":false,"footnotes":""},"categories":[3010,2523,8],"tags":[775,319,3854,3853,3855],"class_list":["post-44904","post","type-post","status-publish","format-standard","has-post-thumbnail","hentry","category-dachauer-land","category-dachauer-moos","category-news","tag-dachauer-moos","tag-herbst","tag-inhauser-moos","tag-koenigslibelle","tag-niedermoor-landschaft"],"jetpack_featured_media_url":"https:\/\/i0.wp.com\/deltaimage.de\/wp\/wp-content\/uploads\/PE1X6519_1200.jpg?fit=1200%2C450&ssl=1","jetpack-related-posts":[{"id":52187,"url":"https:\/\/deltaimage.de\/wp\/?p=52187","url_meta":{"origin":44904,"position":0},"title":"Sp\u00e4tsommer im Palsweiser Moos &#8211; Naturfotografie am Ende der Sommerferien","author":"EschbacP","date":"9. September 2025","format":false,"excerpt":"Der Sommer verabschiedet sich ganz langsam, der Hochsommer ist vorbei. Die Tage werden schon wieder sp\u00fcrbar k\u00fcrzer und auch k\u00fchler. Die Natur im Niedermoor bereitet sich auf den vor der T\u00fcre stehenden Herbst vor. Dies sind alles gute Gr\u00fcnde, wieder einmal in das geliebte Palsweiser Moos im Dachauer Moos auf\u2026","rel":"","context":"In &quot;Dachauer Land&quot;","block_context":{"text":"Dachauer Land","link":"https:\/\/deltaimage.de\/wp\/?cat=3010"},"img":{"alt_text":"","src":"https:\/\/i0.wp.com\/deltaimage.de\/wp\/wp-content\/uploads\/PE1S0003-Pano_1200.jpg?fit=1200%2C450&ssl=1&resize=350%2C200","width":350,"height":200,"srcset":"https:\/\/i0.wp.com\/deltaimage.de\/wp\/wp-content\/uploads\/PE1S0003-Pano_1200.jpg?fit=1200%2C450&ssl=1&resize=350%2C200 1x, https:\/\/i0.wp.com\/deltaimage.de\/wp\/wp-content\/uploads\/PE1S0003-Pano_1200.jpg?fit=1200%2C450&ssl=1&resize=525%2C300 1.5x, https:\/\/i0.wp.com\/deltaimage.de\/wp\/wp-content\/uploads\/PE1S0003-Pano_1200.jpg?fit=1200%2C450&ssl=1&resize=700%2C400 2x, https:\/\/i0.wp.com\/deltaimage.de\/wp\/wp-content\/uploads\/PE1S0003-Pano_1200.jpg?fit=1200%2C450&ssl=1&resize=1050%2C600 3x"},"classes":[]},{"id":48809,"url":"https:\/\/deltaimage.de\/wp\/?p=48809","url_meta":{"origin":44904,"position":1},"title":"Die Niedermoor-Landschaft im Dachauer Moos verstehen: Projektleiterin im BN Elisabeth G\u00f6pfert im Wasserturm","author":"EschbacP","date":"5. April 2025","format":false,"excerpt":"Das Dachauer Moos steht im Moosverbund mit dem Freisinger Moos und dem Erdinger Moos - eine fr\u00fcher zusammenh\u00e4ngende Moosachse im Norden von M\u00fcnchen. Die Naturschutzarbeit wird \u00fcber die Landrats\u00e4mter in Dachau, Freising, Erding und F\u00fcrstenfeldbruck koordiniert. Die Projektkoordinatorin f\u00fcr das Dachauer Moos und das Maisacher Moos ist heute Abend die\u2026","rel":"","context":"In &quot;Dachauer Land&quot;","block_context":{"text":"Dachauer Land","link":"https:\/\/deltaimage.de\/wp\/?cat=3010"},"img":{"alt_text":"","src":"https:\/\/i0.wp.com\/deltaimage.de\/wp\/wp-content\/uploads\/PE1S0008_1200-1.jpg?fit=1200%2C450&ssl=1&resize=350%2C200","width":350,"height":200,"srcset":"https:\/\/i0.wp.com\/deltaimage.de\/wp\/wp-content\/uploads\/PE1S0008_1200-1.jpg?fit=1200%2C450&ssl=1&resize=350%2C200 1x, https:\/\/i0.wp.com\/deltaimage.de\/wp\/wp-content\/uploads\/PE1S0008_1200-1.jpg?fit=1200%2C450&ssl=1&resize=525%2C300 1.5x, https:\/\/i0.wp.com\/deltaimage.de\/wp\/wp-content\/uploads\/PE1S0008_1200-1.jpg?fit=1200%2C450&ssl=1&resize=700%2C400 2x, https:\/\/i0.wp.com\/deltaimage.de\/wp\/wp-content\/uploads\/PE1S0008_1200-1.jpg?fit=1200%2C450&ssl=1&resize=1050%2C600 3x"},"classes":[]},{"id":49496,"url":"https:\/\/deltaimage.de\/wp\/?p=49496","url_meta":{"origin":44904,"position":2},"title":"Der Sommer beginnt im Dachauer Moos","author":"EschbacP","date":"1. Juni 2025","format":false,"excerpt":"Der Mai ist zu Ende und der Vorsommer zieht langsam \u00fcber das Dachauer Moos. Das Licht ver\u00e4ndert sich vom luftigen Fr\u00fchling zwischen sp\u00e4rlichem Laub, zum dominanten und dramatischen Licht des Sommers, auch wenn der kalendarische Sommerbeginn noch einige Wochen braucht. Der Sommer ist da! Die Landschaft ver\u00e4ndert sich, die B\u00e4ume\u2026","rel":"","context":"In &quot;Dachauer Land&quot;","block_context":{"text":"Dachauer Land","link":"https:\/\/deltaimage.de\/wp\/?cat=3010"},"img":{"alt_text":"","src":"https:\/\/i0.wp.com\/deltaimage.de\/wp\/wp-content\/uploads\/IMG_8955_1200.jpg?fit=1200%2C450&ssl=1&resize=350%2C200","width":350,"height":200,"srcset":"https:\/\/i0.wp.com\/deltaimage.de\/wp\/wp-content\/uploads\/IMG_8955_1200.jpg?fit=1200%2C450&ssl=1&resize=350%2C200 1x, https:\/\/i0.wp.com\/deltaimage.de\/wp\/wp-content\/uploads\/IMG_8955_1200.jpg?fit=1200%2C450&ssl=1&resize=525%2C300 1.5x, https:\/\/i0.wp.com\/deltaimage.de\/wp\/wp-content\/uploads\/IMG_8955_1200.jpg?fit=1200%2C450&ssl=1&resize=700%2C400 2x, https:\/\/i0.wp.com\/deltaimage.de\/wp\/wp-content\/uploads\/IMG_8955_1200.jpg?fit=1200%2C450&ssl=1&resize=1050%2C600 3x"},"classes":[]},{"id":43079,"url":"https:\/\/deltaimage.de\/wp\/?p=43079","url_meta":{"origin":44904,"position":3},"title":"Neuer Foto-Bildband \u00fcber das Maisacher Moos als Video und PDF","author":"EschbacP","date":"28. Juli 2024","format":false,"excerpt":"\u00dcber 30 Jahre fotografiere ich das Dachauer Moos in allen Regionen Als aufmerksame BetrachterInnen meiner Webseite https:\/\/deltaimage.de ist Ihnen sicherlich schon der thematische Schwerpunkt in meiner Fotografie im Dachauer Moos aufgefallen. Zu allen Jahreszeiten bin ich hier, unmittelbar vor meiner Haust\u00fcre, auf den Beinen, um die Sch\u00f6nheiten dieser Niedermoor-Landschaft in\u2026","rel":"","context":"In &quot;Buch&quot;","block_context":{"text":"Buch","link":"https:\/\/deltaimage.de\/wp\/?cat=1189"},"img":{"alt_text":"","src":"https:\/\/i0.wp.com\/deltaimage.de\/wp\/wp-content\/uploads\/PE1D0823_1200.jpg?fit=1200%2C450&ssl=1&resize=350%2C200","width":350,"height":200,"srcset":"https:\/\/i0.wp.com\/deltaimage.de\/wp\/wp-content\/uploads\/PE1D0823_1200.jpg?fit=1200%2C450&ssl=1&resize=350%2C200 1x, https:\/\/i0.wp.com\/deltaimage.de\/wp\/wp-content\/uploads\/PE1D0823_1200.jpg?fit=1200%2C450&ssl=1&resize=525%2C300 1.5x, https:\/\/i0.wp.com\/deltaimage.de\/wp\/wp-content\/uploads\/PE1D0823_1200.jpg?fit=1200%2C450&ssl=1&resize=700%2C400 2x, https:\/\/i0.wp.com\/deltaimage.de\/wp\/wp-content\/uploads\/PE1D0823_1200.jpg?fit=1200%2C450&ssl=1&resize=1050%2C600 3x"},"classes":[]},{"id":46507,"url":"https:\/\/deltaimage.de\/wp\/?p=46507","url_meta":{"origin":44904,"position":4},"title":"S\u00fcddeutsche Zeitung: Schatzkammer der Natur &#8211; Dachau","author":"EschbacP","date":"9. November 2024","format":false,"excerpt":"\u00a0 S\u00fcddeutsche Zeitung - Lokalredaktion Dachau von Stefan Salger Die S\u00fcddeutsche Zeitung brachte in der Wochenendausgabe 2.\/3. November 2024 in der Lokalausgabe Dachau den Bericht von Stefan Salger aus F\u00fcrstenfeldbruck zu meinem neuen Foto-Bildband \u00fcber das Maisacher Mooses, dem Palsweiser Moos und dem zusammengeh\u00f6renden Fu\u00dfberger Moos). Link zum Originalbeitrag im\u2026","rel":"","context":"In &quot;Buch&quot;","block_context":{"text":"Buch","link":"https:\/\/deltaimage.de\/wp\/?cat=1189"},"img":{"alt_text":"","src":"https:\/\/i0.wp.com\/deltaimage.de\/wp\/wp-content\/uploads\/Logo_Sueddeutsche-Zeitung.JPG.png?fit=1200%2C449&ssl=1&resize=350%2C200","width":350,"height":200,"srcset":"https:\/\/i0.wp.com\/deltaimage.de\/wp\/wp-content\/uploads\/Logo_Sueddeutsche-Zeitung.JPG.png?fit=1200%2C449&ssl=1&resize=350%2C200 1x, https:\/\/i0.wp.com\/deltaimage.de\/wp\/wp-content\/uploads\/Logo_Sueddeutsche-Zeitung.JPG.png?fit=1200%2C449&ssl=1&resize=525%2C300 1.5x, https:\/\/i0.wp.com\/deltaimage.de\/wp\/wp-content\/uploads\/Logo_Sueddeutsche-Zeitung.JPG.png?fit=1200%2C449&ssl=1&resize=700%2C400 2x, https:\/\/i0.wp.com\/deltaimage.de\/wp\/wp-content\/uploads\/Logo_Sueddeutsche-Zeitung.JPG.png?fit=1200%2C449&ssl=1&resize=1050%2C600 3x"},"classes":[]},{"id":52054,"url":"https:\/\/deltaimage.de\/wp\/?p=52054","url_meta":{"origin":44904,"position":5},"title":"V\u00f6gel beobachten und fotografieren im Dachauer Moos &#8211; Schafstelze","author":"EschbacP","date":"1. September 2025","format":false,"excerpt":"Einmal mehr etwas genauer hinschauen - und schon er\u00f6ffnet sich eine wunderbare \u00dcberraschung! Im Dachauer Moos beobachte ich bei meinen fotografischen Wanderungen und Erkundungen regelm\u00e4\u00dfig mit dem Fernglas und der Kamera, mit entsprechend gro\u00dfem und langen Objektiv unterwegs. Auf der Suche nach dem Kiebitz im Dachauer Moos, war ich im\u2026","rel":"","context":"In &quot;Dachauer Land&quot;","block_context":{"text":"Dachauer Land","link":"https:\/\/deltaimage.de\/wp\/?cat=3010"},"img":{"alt_text":"","src":"https:\/\/i0.wp.com\/deltaimage.de\/wp\/wp-content\/uploads\/PED44430_1200.jpg?fit=1200%2C450&ssl=1&resize=350%2C200","width":350,"height":200,"srcset":"https:\/\/i0.wp.com\/deltaimage.de\/wp\/wp-content\/uploads\/PED44430_1200.jpg?fit=1200%2C450&ssl=1&resize=350%2C200 1x, https:\/\/i0.wp.com\/deltaimage.de\/wp\/wp-content\/uploads\/PED44430_1200.jpg?fit=1200%2C450&ssl=1&resize=525%2C300 1.5x, https:\/\/i0.wp.com\/deltaimage.de\/wp\/wp-content\/uploads\/PED44430_1200.jpg?fit=1200%2C450&ssl=1&resize=700%2C400 2x, https:\/\/i0.wp.com\/deltaimage.de\/wp\/wp-content\/uploads\/PED44430_1200.jpg?fit=1200%2C450&ssl=1&resize=1050%2C600 3x"},"classes":[]}],"jetpack_sharing_enabled":true,"_links":{"self":[{"href":"https:\/\/deltaimage.de\/wp\/index.php?rest_route=\/wp\/v2\/posts\/44904","targetHints":{"allow":["GET"]}}],"collection":[{"href":"https:\/\/deltaimage.de\/wp\/index.php?rest_route=\/wp\/v2\/posts"}],"about":[{"href":"https:\/\/deltaimage.de\/wp\/index.php?rest_route=\/wp\/v2\/types\/post"}],"author":[{"embeddable":true,"href":"https:\/\/deltaimage.de\/wp\/index.php?rest_route=\/wp\/v2\/users\/1"}],"replies":[{"embeddable":true,"href":"https:\/\/deltaimage.de\/wp\/index.php?rest_route=%2Fwp%2Fv2%2Fcomments&post=44904"}],"version-history":[{"count":13,"href":"https:\/\/deltaimage.de\/wp\/index.php?rest_route=\/wp\/v2\/posts\/44904\/revisions"}],"predecessor-version":[{"id":44924,"href":"https:\/\/deltaimage.de\/wp\/index.php?rest_route=\/wp\/v2\/posts\/44904\/revisions\/44924"}],"wp:featuredmedia":[{"embeddable":true,"href":"https:\/\/deltaimage.de\/wp\/index.php?rest_route=\/wp\/v2\/media\/44928"}],"wp:attachment":[{"href":"https:\/\/deltaimage.de\/wp\/index.php?rest_route=%2Fwp%2Fv2%2Fmedia&parent=44904"}],"wp:term":[{"taxonomy":"category","embeddable":true,"href":"https:\/\/deltaimage.de\/wp\/index.php?rest_route=%2Fwp%2Fv2%2Fcategories&post=44904"},{"taxonomy":"post_tag","embeddable":true,"href":"https:\/\/deltaimage.de\/wp\/index.php?rest_route=%2Fwp%2Fv2%2Ftags&post=44904"}],"curies":[{"name":"wp","href":"https:\/\/api.w.org\/{rel}","templated":true}]}}