{"id":45879,"date":"2024-10-05T12:58:41","date_gmt":"2024-10-05T10:58:41","guid":{"rendered":"https:\/\/deltaimage.de\/wp\/?p=45879"},"modified":"2025-08-25T20:41:45","modified_gmt":"2025-08-25T18:41:45","slug":"lohhofer-anzeiger-die-niedermoorlandschaft-im-wechsel-der-jahreszeiten","status":"publish","type":"post","link":"https:\/\/deltaimage.de\/wp\/?p=45879","title":{"rendered":"Lohhofer Anzeiger: Neues Buch &#8222;Dachauer Moos&#8220; &#8211; Die Niedermoorlandschaft im Wechsel der Jahreszeiten"},"content":{"rendered":"<h2><a href=\"https:\/\/www.icu-net.de\/aktuelles\/lohhofer-lkr-anzeiger.html\"><img data-recalc-dims=\"1\" loading=\"lazy\" decoding=\"async\" data-attachment-id=\"36580\" data-permalink=\"https:\/\/deltaimage.de\/wp\/?attachment_id=36580\" data-orig-file=\"https:\/\/i0.wp.com\/deltaimage.de\/wp\/wp-content\/uploads\/logo_Lohofer-Anzeiger_950.jpg?fit=950%2C184&amp;ssl=1\" data-orig-size=\"950,184\" data-comments-opened=\"0\" data-image-meta=\"{&quot;aperture&quot;:&quot;0&quot;,&quot;credit&quot;:&quot;&quot;,&quot;camera&quot;:&quot;&quot;,&quot;caption&quot;:&quot;&quot;,&quot;created_timestamp&quot;:&quot;0&quot;,&quot;copyright&quot;:&quot;&quot;,&quot;focal_length&quot;:&quot;0&quot;,&quot;iso&quot;:&quot;0&quot;,&quot;shutter_speed&quot;:&quot;0&quot;,&quot;title&quot;:&quot;&quot;,&quot;orientation&quot;:&quot;1&quot;}\" data-image-title=\"logo_Lohofer-Anzeiger_950\" data-image-description=\"\" data-image-caption=\"\" data-large-file=\"https:\/\/i0.wp.com\/deltaimage.de\/wp\/wp-content\/uploads\/logo_Lohofer-Anzeiger_950.jpg?fit=890%2C172&amp;ssl=1\" class=\"alignright wp-image-36580 size-thumbnail\" src=\"https:\/\/i0.wp.com\/deltaimage.de\/wp\/wp-content\/uploads\/logo_Lohofer-Anzeiger_950.jpg?resize=300%2C58&#038;ssl=1\" alt=\"\" width=\"300\" height=\"58\" srcset=\"https:\/\/i0.wp.com\/deltaimage.de\/wp\/wp-content\/uploads\/logo_Lohofer-Anzeiger_950.jpg?resize=300%2C58&amp;ssl=1 300w, https:\/\/i0.wp.com\/deltaimage.de\/wp\/wp-content\/uploads\/logo_Lohofer-Anzeiger_950.jpg?resize=900%2C174&amp;ssl=1 900w, https:\/\/i0.wp.com\/deltaimage.de\/wp\/wp-content\/uploads\/logo_Lohofer-Anzeiger_950.jpg?resize=890%2C172&amp;ssl=1 890w, https:\/\/i0.wp.com\/deltaimage.de\/wp\/wp-content\/uploads\/logo_Lohofer-Anzeiger_950.jpg?w=950&amp;ssl=1 950w\" sizes=\"auto, (max-width: 300px) 100vw, 300px\" \/><\/a>Lohhofer Anzeiger: Neues Buch &#8222;Dachauer Moos&#8220; &#8211; Die Niedermoorlandschaft im Wechsel der Jahreszeiten<\/h2>\n<p>&nbsp;<\/p>\n<h3>Die Niedermoorlandschaft im Wechsel der Jahreszeiten neues Buch &#8222;Dachauer Moos&#8220;<\/h3>\n<p>Im Dachauer Moos wandelt sich die Niedermoorlandschaft \u00fcber die letzten Jahre durch viele vernetzende Ma\u00dfnahmen im Natur- und Umweltschutz zu einer immer\u00a0 wertvolleren Naturlandschaft. Die Wiedervern\u00e4ssung im Die Wiedervern\u00e4ssung im Moos nimmt durch die Zuarbeit des Bibers als Wasserbaumeister immer konkretere Formen an. Es ist wieder nass im Moos.<br \/>\n\u00dcber drei\u00dfig Jahre hinweg hat Paul Eschbach als Fotograf das Dachauer Moos generell und das Maisacher Moos im speziellen fotografisch entdeckt und die sch\u00f6nsten Bildmotive f\u00fcr die Leser und Leserinnen in einem Foto-Bildband (und der Edition-Kompakt) zusammengefasst. Herausgekommen ist ein gro\u00dfformatiger Bildband in der Gr\u00f6\u00dfe DIN A4 mit Seitenf\u00fcllenden Bildmotiven dieser herrlichen <strong>Niedermoor-Landschaft<\/strong> im Wechsel der Jahreszeiten.<\/p>\n<p>Das Buch ist in zwei verschiedenen Gr\u00f6\u00dfen (Foto-Bildband und Edition-Kompakt) verf\u00fcgbar, die Inhalte sind aber dieselben. So sollte f\u00fcr jeden Geschmack etwas dabei sein, sodass dieses Buch viele Menschen erreichen kann und diese so die Sch\u00f6nheit in dieser Landschaft erleben und erfahren k\u00f6nnen. F\u00fcr den Naturschutz ist es wichtig, dass die Menschen im Dachauer Moos, die davon betroffen sind, sich auch ein eigenes Bild von der <strong>Niedermoor-Landschaft<\/strong> machen k\u00f6nnen. Dazu m\u00f6chte dieses Buch auch aufrufen \u2013 gehen Sie hinaus und erleben die\u00a0 <strong>Niedermoor-Landschaft im<\/strong> Norden von M\u00fcnchen. Dazu ist das Buch auch in Zusammenarbeit mit dem Bund Naturschutz in Bayern e. V. \u2013 Kreisgruppe Dachau entstanden.<\/p>\n<p>Mehr Informationen auf <a href=\"https:\/\/deltaimage.de\"><strong>https:\/\/deltaimage.de<\/strong><\/a>.<br \/>\nPaul Eschbach<\/p>\n<p><img data-recalc-dims=\"1\" loading=\"lazy\" decoding=\"async\" data-attachment-id=\"45878\" data-permalink=\"https:\/\/deltaimage.de\/wp\/?attachment_id=45878#main\" data-orig-file=\"https:\/\/i0.wp.com\/deltaimage.de\/wp\/wp-content\/uploads\/SmartSelect_20241005_123146_OneDrive.jpg?fit=1879%2C860&amp;ssl=1\" data-orig-size=\"1879,860\" data-comments-opened=\"1\" data-image-meta=\"{&quot;aperture&quot;:&quot;0&quot;,&quot;credit&quot;:&quot;&quot;,&quot;camera&quot;:&quot;&quot;,&quot;caption&quot;:&quot;&quot;,&quot;created_timestamp&quot;:&quot;0&quot;,&quot;copyright&quot;:&quot;&quot;,&quot;focal_length&quot;:&quot;0&quot;,&quot;iso&quot;:&quot;0&quot;,&quot;shutter_speed&quot;:&quot;0&quot;,&quot;title&quot;:&quot;&quot;,&quot;orientation&quot;:&quot;0&quot;}\" data-image-title=\"SmartSelect_20241005_123146_OneDrive\" data-image-description=\"\" data-image-caption=\"\" data-large-file=\"https:\/\/i0.wp.com\/deltaimage.de\/wp\/wp-content\/uploads\/SmartSelect_20241005_123146_OneDrive.jpg?fit=890%2C407&amp;ssl=1\" class=\"aligncenter size-full wp-image-45878\" src=\"https:\/\/i0.wp.com\/deltaimage.de\/wp\/wp-content\/uploads\/SmartSelect_20241005_123146_OneDrive.jpg?resize=890%2C407&#038;ssl=1\" alt=\"\" width=\"890\" height=\"407\" srcset=\"https:\/\/i0.wp.com\/deltaimage.de\/wp\/wp-content\/uploads\/SmartSelect_20241005_123146_OneDrive.jpg?w=1879&amp;ssl=1 1879w, https:\/\/i0.wp.com\/deltaimage.de\/wp\/wp-content\/uploads\/SmartSelect_20241005_123146_OneDrive.jpg?resize=900%2C412&amp;ssl=1 900w, https:\/\/i0.wp.com\/deltaimage.de\/wp\/wp-content\/uploads\/SmartSelect_20241005_123146_OneDrive.jpg?resize=1200%2C549&amp;ssl=1 1200w, https:\/\/i0.wp.com\/deltaimage.de\/wp\/wp-content\/uploads\/SmartSelect_20241005_123146_OneDrive.jpg?resize=300%2C137&amp;ssl=1 300w, https:\/\/i0.wp.com\/deltaimage.de\/wp\/wp-content\/uploads\/SmartSelect_20241005_123146_OneDrive.jpg?resize=1536%2C703&amp;ssl=1 1536w, https:\/\/i0.wp.com\/deltaimage.de\/wp\/wp-content\/uploads\/SmartSelect_20241005_123146_OneDrive.jpg?resize=874%2C400&amp;ssl=1 874w, https:\/\/i0.wp.com\/deltaimage.de\/wp\/wp-content\/uploads\/SmartSelect_20241005_123146_OneDrive.jpg?w=1780&amp;ssl=1 1780w\" sizes=\"auto, (max-width: 890px) 100vw, 890px\" \/>I<\/p>\n<p>V..n.r.: <strong>Dr. Roderich Zauscher<\/strong>, Vorsitzender der <a href=\"https:\/\/dachau.bund-naturschutz.de\"><strong>Kreisgruppe Dachau des Bund Naturschutz in Bayern e. V.<\/strong> <\/a>und <strong>Paul Eschbach<\/strong>, Fotograf und Buchautor, <a href=\"https:\/\/deltaimage.de\"><strong>DELTA IMAGE<\/strong><\/a>, Dachau<br \/>\nFoto: Andi Pirchmoser<\/p>\n","protected":false},"excerpt":{"rendered":"<p>Lohhofer Anzeiger: Neues Buch &#8222;Dachauer Moos&#8220; &#8211; Die Niedermoorlandschaft im Wechsel der Jahreszeiten &nbsp; Die Niedermoorlandschaft im Wechsel der Jahreszeiten neues Buch &#8222;Dachauer Moos&#8220; Im Dachauer Moos wandelt sich die [&hellip;]<\/p>\n","protected":false},"author":1,"featured_media":36580,"comment_status":"open","ping_status":"closed","sticky":false,"template":"","format":"standard","meta":{"wpupg_custom_link":[],"wpupg_custom_link_behaviour":["default"],"wpupg_custom_link_nofollow":["default"],"wpupg_custom_image":[],"wpupg_custom_image_id":[],"jetpack_post_was_ever_published":false,"footnotes":""},"categories":[1189,3010,2523,8,3832,3800],"tags":[487,3805,775,3399,3757,3349,3966,3681,3746,3346,67],"class_list":["post-45879","post","type-post","status-publish","format-standard","has-post-thumbnail","hentry","category-buch","category-dachauer-land","category-dachauer-moos","category-news","category-presseschau","category-projekt-dachauer-moos","tag-buch","tag-bund-naturschutz-in-bayern-e-v","tag-dachauer-moos","tag-delta-image-eigenverlag","tag-dr-roderich-zauscher","tag-fussbergmoos","tag-jahreszeiten","tag-kreisgruppe-dachau","tag-maisacher-moos","tag-palsweiser-moos","tag-paul-eschbach"],"jetpack_featured_media_url":"https:\/\/i0.wp.com\/deltaimage.de\/wp\/wp-content\/uploads\/logo_Lohofer-Anzeiger_950.jpg?fit=950%2C184&ssl=1","jetpack-related-posts":[{"id":44895,"url":"https:\/\/deltaimage.de\/wp\/?p=44895","url_meta":{"origin":45879,"position":0},"title":"Schlei\u00dfheimer Zeitung: Neuer Lesestoff f\u00fcr die Herbsttage und ein ideales Geschenk","author":"EschbacP","date":"21. September 2024","format":false,"excerpt":"Neuer Lesestoff f\u00fcr die Herbsttage und ein ideales Geschenk Paul Eschbach zeigt die Sch\u00f6nheit der Natur im Dachauer und Maisacher Moos Im Dachauer Moos wandelt sich die Niedermoorlandschaft \u00fcber die letzten Jahre durch viele vernetzenden Ma\u00dfnahmen im Natur- und Umweltschutz zu einer immer wertvolleren Naturlandschaft. Die Wiedervern\u00e4ssung im Moos nimmt\u2026","rel":"","context":"In &quot;Buch&quot;","block_context":{"text":"Buch","link":"https:\/\/deltaimage.de\/wp\/?cat=1189"},"img":{"alt_text":"","src":"https:\/\/i0.wp.com\/deltaimage.de\/wp\/wp-content\/uploads\/Logo_Schleissheimer-Zeitung-e1726945612862.jpg?fit=890%2C334&ssl=1&resize=350%2C200","width":350,"height":200,"srcset":"https:\/\/i0.wp.com\/deltaimage.de\/wp\/wp-content\/uploads\/Logo_Schleissheimer-Zeitung-e1726945612862.jpg?fit=890%2C334&ssl=1&resize=350%2C200 1x, https:\/\/i0.wp.com\/deltaimage.de\/wp\/wp-content\/uploads\/Logo_Schleissheimer-Zeitung-e1726945612862.jpg?fit=890%2C334&ssl=1&resize=525%2C300 1.5x, https:\/\/i0.wp.com\/deltaimage.de\/wp\/wp-content\/uploads\/Logo_Schleissheimer-Zeitung-e1726945612862.jpg?fit=890%2C334&ssl=1&resize=700%2C400 2x"},"classes":[]},{"id":43845,"url":"https:\/\/deltaimage.de\/wp\/?p=43845","url_meta":{"origin":45879,"position":1},"title":"Neues Buch zum Maisacher Moos von Paul Eschbach im Schaufenster","author":"EschbacP","date":"13. September 2024","format":false,"excerpt":"Seit heute ist das neue Buch zum Maisacher Moos (Palsweiser Moos & Fu\u00dfbergmoos) auch im Schaufenster in der Gesch\u00e4ftsstelle des BUND Naturschutz in Bayern e.V. - Kreisgruppe Dachau in der Martin-Huber-Stra\u00dfe 20 in Dachau ausgestellt. Interessierte k\u00f6nnen einen Blick in das Buch werfen. Die Mitarbeiterin Stefanie Rudloff dekoriert noch die\u2026","rel":"","context":"In &quot;Buch&quot;","block_context":{"text":"Buch","link":"https:\/\/deltaimage.de\/wp\/?cat=1189"},"img":{"alt_text":"","src":"https:\/\/i0.wp.com\/deltaimage.de\/wp\/wp-content\/uploads\/1726221346857_1200.jpg?fit=1200%2C450&ssl=1&resize=350%2C200","width":350,"height":200,"srcset":"https:\/\/i0.wp.com\/deltaimage.de\/wp\/wp-content\/uploads\/1726221346857_1200.jpg?fit=1200%2C450&ssl=1&resize=350%2C200 1x, https:\/\/i0.wp.com\/deltaimage.de\/wp\/wp-content\/uploads\/1726221346857_1200.jpg?fit=1200%2C450&ssl=1&resize=525%2C300 1.5x, https:\/\/i0.wp.com\/deltaimage.de\/wp\/wp-content\/uploads\/1726221346857_1200.jpg?fit=1200%2C450&ssl=1&resize=700%2C400 2x, https:\/\/i0.wp.com\/deltaimage.de\/wp\/wp-content\/uploads\/1726221346857_1200.jpg?fit=1200%2C450&ssl=1&resize=1050%2C600 3x"},"classes":[]},{"id":53667,"url":"https:\/\/deltaimage.de\/wp\/?p=53667","url_meta":{"origin":45879,"position":2},"title":"Dachauer Kurier: Kunst im Rathaus Erdweg: Dachauer Moos mit Paul Eschbach","author":"EschbacP","date":"25. Januar 2026","format":false,"excerpt":"ERDWEG: Die Gemeinde Erdweg pr\u00e4sentiert vom 8. Februar bis 8. Mai 2026 im Rathaus eine besondere Foto-Ausstellung zum Dachauer Moos. Der Dachauer Fotograf Paul Eschbach besch\u00e4ftigte sich seit \u00fcber 30 Jahren intensiv mit dieser einzigartigen Natur- und Kulturlandschaft und dokumentierte ihren stetigen Wandel. Unter dem Titel \u00bbWo ist das Dachauer\u2026","rel":"","context":"In &quot;Ausstellung \/ Sonderausstellung&quot;","block_context":{"text":"Ausstellung \/ Sonderausstellung","link":"https:\/\/deltaimage.de\/wp\/?cat=860"},"img":{"alt_text":"","src":"https:\/\/i0.wp.com\/deltaimage.de\/wp\/wp-content\/uploads\/Headline-Dachauer-Kurier-20260126.png?fit=1200%2C437&ssl=1&resize=350%2C200","width":350,"height":200,"srcset":"https:\/\/i0.wp.com\/deltaimage.de\/wp\/wp-content\/uploads\/Headline-Dachauer-Kurier-20260126.png?fit=1200%2C437&ssl=1&resize=350%2C200 1x, https:\/\/i0.wp.com\/deltaimage.de\/wp\/wp-content\/uploads\/Headline-Dachauer-Kurier-20260126.png?fit=1200%2C437&ssl=1&resize=525%2C300 1.5x, https:\/\/i0.wp.com\/deltaimage.de\/wp\/wp-content\/uploads\/Headline-Dachauer-Kurier-20260126.png?fit=1200%2C437&ssl=1&resize=700%2C400 2x, https:\/\/i0.wp.com\/deltaimage.de\/wp\/wp-content\/uploads\/Headline-Dachauer-Kurier-20260126.png?fit=1200%2C437&ssl=1&resize=1050%2C600 3x"},"classes":[]},{"id":43079,"url":"https:\/\/deltaimage.de\/wp\/?p=43079","url_meta":{"origin":45879,"position":3},"title":"Neuer Foto-Bildband \u00fcber das Maisacher Moos als Video und PDF","author":"EschbacP","date":"28. Juli 2024","format":false,"excerpt":"\u00dcber 30 Jahre fotografiere ich das Dachauer Moos in allen Regionen Als aufmerksame BetrachterInnen meiner Webseite https:\/\/deltaimage.de ist Ihnen sicherlich schon der thematische Schwerpunkt in meiner Fotografie im Dachauer Moos aufgefallen. Zu allen Jahreszeiten bin ich hier, unmittelbar vor meiner Haust\u00fcre, auf den Beinen, um die Sch\u00f6nheiten dieser Niedermoor-Landschaft in\u2026","rel":"","context":"In &quot;Buch&quot;","block_context":{"text":"Buch","link":"https:\/\/deltaimage.de\/wp\/?cat=1189"},"img":{"alt_text":"","src":"https:\/\/i0.wp.com\/deltaimage.de\/wp\/wp-content\/uploads\/PE1D0823_1200.jpg?fit=1200%2C450&ssl=1&resize=350%2C200","width":350,"height":200,"srcset":"https:\/\/i0.wp.com\/deltaimage.de\/wp\/wp-content\/uploads\/PE1D0823_1200.jpg?fit=1200%2C450&ssl=1&resize=350%2C200 1x, https:\/\/i0.wp.com\/deltaimage.de\/wp\/wp-content\/uploads\/PE1D0823_1200.jpg?fit=1200%2C450&ssl=1&resize=525%2C300 1.5x, https:\/\/i0.wp.com\/deltaimage.de\/wp\/wp-content\/uploads\/PE1D0823_1200.jpg?fit=1200%2C450&ssl=1&resize=700%2C400 2x, https:\/\/i0.wp.com\/deltaimage.de\/wp\/wp-content\/uploads\/PE1D0823_1200.jpg?fit=1200%2C450&ssl=1&resize=1050%2C600 3x"},"classes":[]},{"id":43758,"url":"https:\/\/deltaimage.de\/wp\/?p=43758","url_meta":{"origin":45879,"position":4},"title":"Der Fotograf Paul Eschbach kommt selbst und bringt die ersten B\u00fccher vorbei","author":"EschbacP","date":"11. September 2024","format":false,"excerpt":"Die Gesch\u00e4ftsstelle der Kreisgruppe bekommt gerade die ersten neuen B\u00fccher zum Maisacher Moos \u2013 der Buchautor bringt die ersten Exemplare vorbei. Nun k\u00f6nnen sich die Mitglieder der Kreisgruppe \u00fcber dieses Foto-Bilderbuch erfreuen. Es wird nicht mehr lange dauern, dann steht der Advent und Weihnachten bei uns allen wieder vor der\u2026","rel":"","context":"In &quot;Buch&quot;","block_context":{"text":"Buch","link":"https:\/\/deltaimage.de\/wp\/?cat=1189"},"img":{"alt_text":"","src":"https:\/\/i0.wp.com\/deltaimage.de\/wp\/wp-content\/uploads\/ANDI0067_1200-1.jpg?fit=1200%2C450&ssl=1&resize=350%2C200","width":350,"height":200,"srcset":"https:\/\/i0.wp.com\/deltaimage.de\/wp\/wp-content\/uploads\/ANDI0067_1200-1.jpg?fit=1200%2C450&ssl=1&resize=350%2C200 1x, https:\/\/i0.wp.com\/deltaimage.de\/wp\/wp-content\/uploads\/ANDI0067_1200-1.jpg?fit=1200%2C450&ssl=1&resize=525%2C300 1.5x, https:\/\/i0.wp.com\/deltaimage.de\/wp\/wp-content\/uploads\/ANDI0067_1200-1.jpg?fit=1200%2C450&ssl=1&resize=700%2C400 2x, https:\/\/i0.wp.com\/deltaimage.de\/wp\/wp-content\/uploads\/ANDI0067_1200-1.jpg?fit=1200%2C450&ssl=1&resize=1050%2C600 3x"},"classes":[]},{"id":44191,"url":"https:\/\/deltaimage.de\/wp\/?p=44191","url_meta":{"origin":45879,"position":5},"title":"Dachauer Nachrichten: Das Dachauer Moos in Wort und Bild","author":"EschbacP","date":"16. September 2024","format":false,"excerpt":"Am 12. September 2024 kam die Journalistin Simone Wester zur Pressevorstellung des neuen Buches \u00fcber das Maisacher Moos vom Dachauer Fotografen Paul Eschbach und hat ihre Eindr\u00fccke in diesem Zeitungsbeitrag zusammengefasst. Zusammen mit dem BUND Naturschutz in Bayern e.V. - Kreisgruppe Dachau und dem Kreisvorsitzenden Dr. Roderich Zauscher haben wir\u2026","rel":"","context":"In &quot;Buch&quot;","block_context":{"text":"Buch","link":"https:\/\/deltaimage.de\/wp\/?cat=1189"},"img":{"alt_text":"","src":"https:\/\/i0.wp.com\/deltaimage.de\/wp\/wp-content\/uploads\/Logo_Dachauer-Nachrichten.jpg?fit=1200%2C200&ssl=1&resize=350%2C200","width":350,"height":200,"srcset":"https:\/\/i0.wp.com\/deltaimage.de\/wp\/wp-content\/uploads\/Logo_Dachauer-Nachrichten.jpg?fit=1200%2C200&ssl=1&resize=350%2C200 1x, https:\/\/i0.wp.com\/deltaimage.de\/wp\/wp-content\/uploads\/Logo_Dachauer-Nachrichten.jpg?fit=1200%2C200&ssl=1&resize=525%2C300 1.5x, https:\/\/i0.wp.com\/deltaimage.de\/wp\/wp-content\/uploads\/Logo_Dachauer-Nachrichten.jpg?fit=1200%2C200&ssl=1&resize=700%2C400 2x, https:\/\/i0.wp.com\/deltaimage.de\/wp\/wp-content\/uploads\/Logo_Dachauer-Nachrichten.jpg?fit=1200%2C200&ssl=1&resize=1050%2C600 3x"},"classes":[]}],"jetpack_sharing_enabled":true,"_links":{"self":[{"href":"https:\/\/deltaimage.de\/wp\/index.php?rest_route=\/wp\/v2\/posts\/45879","targetHints":{"allow":["GET"]}}],"collection":[{"href":"https:\/\/deltaimage.de\/wp\/index.php?rest_route=\/wp\/v2\/posts"}],"about":[{"href":"https:\/\/deltaimage.de\/wp\/index.php?rest_route=\/wp\/v2\/types\/post"}],"author":[{"embeddable":true,"href":"https:\/\/deltaimage.de\/wp\/index.php?rest_route=\/wp\/v2\/users\/1"}],"replies":[{"embeddable":true,"href":"https:\/\/deltaimage.de\/wp\/index.php?rest_route=%2Fwp%2Fv2%2Fcomments&post=45879"}],"version-history":[{"count":6,"href":"https:\/\/deltaimage.de\/wp\/index.php?rest_route=\/wp\/v2\/posts\/45879\/revisions"}],"predecessor-version":[{"id":51725,"href":"https:\/\/deltaimage.de\/wp\/index.php?rest_route=\/wp\/v2\/posts\/45879\/revisions\/51725"}],"wp:featuredmedia":[{"embeddable":true,"href":"https:\/\/deltaimage.de\/wp\/index.php?rest_route=\/wp\/v2\/media\/36580"}],"wp:attachment":[{"href":"https:\/\/deltaimage.de\/wp\/index.php?rest_route=%2Fwp%2Fv2%2Fmedia&parent=45879"}],"wp:term":[{"taxonomy":"category","embeddable":true,"href":"https:\/\/deltaimage.de\/wp\/index.php?rest_route=%2Fwp%2Fv2%2Fcategories&post=45879"},{"taxonomy":"post_tag","embeddable":true,"href":"https:\/\/deltaimage.de\/wp\/index.php?rest_route=%2Fwp%2Fv2%2Ftags&post=45879"}],"curies":[{"name":"wp","href":"https:\/\/api.w.org\/{rel}","templated":true}]}}