{"id":45924,"date":"2024-10-07T18:11:35","date_gmt":"2024-10-07T16:11:35","guid":{"rendered":"https:\/\/deltaimage.de\/wp\/?p=45924"},"modified":"2025-08-25T20:40:52","modified_gmt":"2025-08-25T18:40:52","slug":"sueddeutsche-zeitung-schatzkammer-der-natur","status":"publish","type":"post","link":"https:\/\/deltaimage.de\/wp\/?p=45924","title":{"rendered":"S\u00fcddeutsche Zeitung SZplus: Schatzkammer der Natur &#8211; Fu\u00dfbergmoos"},"content":{"rendered":"<div id=\"attachment_45934\" style=\"width: 1546px\" class=\"wp-caption aligncenter\"><img data-recalc-dims=\"1\" loading=\"lazy\" decoding=\"async\" aria-describedby=\"caption-attachment-45934\" data-attachment-id=\"45934\" data-permalink=\"https:\/\/deltaimage.de\/wp\/?attachment_id=45934#main\" data-orig-file=\"https:\/\/i0.wp.com\/deltaimage.de\/wp\/wp-content\/uploads\/SZ_Schatzkammer_der_Natur_2_Hubert-Bauer-Falkner.jpg?fit=1536%2C864&amp;ssl=1\" data-orig-size=\"1536,864\" data-comments-opened=\"1\" data-image-meta=\"{&quot;aperture&quot;:&quot;0&quot;,&quot;credit&quot;:&quot;&quot;,&quot;camera&quot;:&quot;&quot;,&quot;caption&quot;:&quot;&quot;,&quot;created_timestamp&quot;:&quot;0&quot;,&quot;copyright&quot;:&quot;&quot;,&quot;focal_length&quot;:&quot;0&quot;,&quot;iso&quot;:&quot;0&quot;,&quot;shutter_speed&quot;:&quot;0&quot;,&quot;title&quot;:&quot;&quot;,&quot;orientation&quot;:&quot;0&quot;}\" data-image-title=\"SZ_Schatzkammer_der_Natur_2_Hubert Bauer-Falkner\" data-image-description=\"\" data-image-caption=\"\" data-large-file=\"https:\/\/i0.wp.com\/deltaimage.de\/wp\/wp-content\/uploads\/SZ_Schatzkammer_der_Natur_2_Hubert-Bauer-Falkner.jpg?fit=890%2C501&amp;ssl=1\" class=\"wp-image-45934 size-full\" src=\"https:\/\/i0.wp.com\/deltaimage.de\/wp\/wp-content\/uploads\/SZ_Schatzkammer_der_Natur_2_Hubert-Bauer-Falkner.jpg?resize=890%2C501&#038;ssl=1\" alt=\"\" width=\"890\" height=\"501\" srcset=\"https:\/\/i0.wp.com\/deltaimage.de\/wp\/wp-content\/uploads\/SZ_Schatzkammer_der_Natur_2_Hubert-Bauer-Falkner.jpg?w=1536&amp;ssl=1 1536w, https:\/\/i0.wp.com\/deltaimage.de\/wp\/wp-content\/uploads\/SZ_Schatzkammer_der_Natur_2_Hubert-Bauer-Falkner.jpg?resize=900%2C506&amp;ssl=1 900w, https:\/\/i0.wp.com\/deltaimage.de\/wp\/wp-content\/uploads\/SZ_Schatzkammer_der_Natur_2_Hubert-Bauer-Falkner.jpg?resize=1200%2C675&amp;ssl=1 1200w, https:\/\/i0.wp.com\/deltaimage.de\/wp\/wp-content\/uploads\/SZ_Schatzkammer_der_Natur_2_Hubert-Bauer-Falkner.jpg?resize=300%2C169&amp;ssl=1 300w, https:\/\/i0.wp.com\/deltaimage.de\/wp\/wp-content\/uploads\/SZ_Schatzkammer_der_Natur_2_Hubert-Bauer-Falkner.jpg?resize=711%2C400&amp;ssl=1 711w\" sizes=\"auto, (max-width: 890px) 100vw, 890px\" \/><p id=\"caption-attachment-45934\" class=\"wp-caption-text\">Foto: BAYERWALDTEAM Hubert Bauer-Falkner<\/p><\/div>\n<h3>Paul Eschbach war zu unterschiedlichen Jahres- und Tageszeiten im Maisacher Moos unterwegs. Sein neuer Bildband ist ein eindringliches Pl\u00e4doyer f\u00fcr den Erhalt der Tier- und Pflanzenwelt.<\/h3>\n<p>Von <strong>Stefan Salger<\/strong>, im <a href=\"https:\/\/www.sueddeutsche.de\/muenchen\/fuerstenfeldbruck\/grasslfinger-moos-fussbergmoos-maisacher-moos-bildband-fotos-fotograf-buch-naturschutz-eschbach-lux.LEVmqynxPkLKi3K4weWLRN?reduced=true\"><strong>Originalbeitrag auf www.sueddeutsche.de<\/strong><\/a><\/p>\n<p class=\"css-h7vn94\" data-manual=\"paragraph\"><img data-recalc-dims=\"1\" loading=\"lazy\" decoding=\"async\" data-attachment-id=\"45926\" data-permalink=\"https:\/\/deltaimage.de\/wp\/?attachment_id=45926#main\" data-orig-file=\"https:\/\/i0.wp.com\/deltaimage.de\/wp\/wp-content\/uploads\/SZPlus_Foto_Paul-Eschbach.jpg?fit=654%2C392&amp;ssl=1\" data-orig-size=\"654,392\" data-comments-opened=\"1\" data-image-meta=\"{&quot;aperture&quot;:&quot;0&quot;,&quot;credit&quot;:&quot;Paul Eschbach&quot;,&quot;camera&quot;:&quot;&quot;,&quot;caption&quot;:&quot;&quot;,&quot;created_timestamp&quot;:&quot;1728324342&quot;,&quot;copyright&quot;:&quot;&quot;,&quot;focal_length&quot;:&quot;0&quot;,&quot;iso&quot;:&quot;0&quot;,&quot;shutter_speed&quot;:&quot;0&quot;,&quot;title&quot;:&quot;&quot;,&quot;orientation&quot;:&quot;0&quot;}\" data-image-title=\"SZPlus_Foto_Paul Eschbach\" data-image-description=\"\" data-image-caption=\"\" data-large-file=\"https:\/\/i0.wp.com\/deltaimage.de\/wp\/wp-content\/uploads\/SZPlus_Foto_Paul-Eschbach.jpg?fit=654%2C392&amp;ssl=1\" class=\"size-full wp-image-45926 alignright\" src=\"https:\/\/i0.wp.com\/deltaimage.de\/wp\/wp-content\/uploads\/SZPlus_Foto_Paul-Eschbach.jpg?resize=654%2C392&#038;ssl=1\" alt=\"\" width=\"654\" height=\"392\" srcset=\"https:\/\/i0.wp.com\/deltaimage.de\/wp\/wp-content\/uploads\/SZPlus_Foto_Paul-Eschbach.jpg?w=654&amp;ssl=1 654w, https:\/\/i0.wp.com\/deltaimage.de\/wp\/wp-content\/uploads\/SZPlus_Foto_Paul-Eschbach.jpg?resize=300%2C180&amp;ssl=1 300w\" sizes=\"auto, (max-width: 654px) 100vw, 654px\" \/><\/p>\n<p class=\"css-h7vn94\" data-manual=\"paragraph\">Es gibt Parallelen zwischen der Serengeti in Ostafrika und dem Fu\u00dfbergmoos in der Gemeinde <a href=\"https:\/\/www.sueddeutsche.de\/thema\/Maisach\">Maisach<\/a>. Das mag vermessen klingen. Wer sich aber hier wie dort auf die Pirsch macht, der braucht vor allem eines: viel Geduld. Au\u00dferdem Sachkenntnis und ein Qu\u00e4ntchen Gl\u00fcck. Egal, ob man L\u00f6wen und Zebras nachsp\u00fcrt oder seltenen V\u00f6geln und Blindschleichen. Paul Eschbach erinnert sich noch gut an jenen Fr\u00fchlingstag, als er mal wieder, das Fotostativ geschultert, im <strong>Fu\u00dfbergmoos<\/strong> unterwegs ist. &#8230;<\/p>\n<h2 data-manual=\"paragraph\"><\/h2>\n<p data-manual=\"paragraph\"><!--more--><\/p>\n<h2 data-manual=\"paragraph\">Ein Blick in die Online-Ausgabe von SZplus<\/h2>\n<p>Der vollst\u00e4ndige Artikel ist hinter einer Pay-Wall von <strong>SZplus<\/strong> und kann mit dem passenden Abo angesehen werden. So kann auch ich nur vermuten, was <strong>Stefan Salger<\/strong> \u00fcber mich und das Buch geschrieben habe.<\/p>\n<p data-manual=\"paragraph\"><img data-recalc-dims=\"1\" loading=\"lazy\" decoding=\"async\" data-attachment-id=\"45925\" data-permalink=\"https:\/\/deltaimage.de\/wp\/?attachment_id=45925#main\" data-orig-file=\"https:\/\/i0.wp.com\/deltaimage.de\/wp\/wp-content\/uploads\/SZ_Schatzkammer_der_Natur.jpg?fit=900%2C788&amp;ssl=1\" data-orig-size=\"900,788\" data-comments-opened=\"1\" data-image-meta=\"{&quot;aperture&quot;:&quot;0&quot;,&quot;credit&quot;:&quot;&quot;,&quot;camera&quot;:&quot;&quot;,&quot;caption&quot;:&quot;&quot;,&quot;created_timestamp&quot;:&quot;0&quot;,&quot;copyright&quot;:&quot;&quot;,&quot;focal_length&quot;:&quot;0&quot;,&quot;iso&quot;:&quot;0&quot;,&quot;shutter_speed&quot;:&quot;0&quot;,&quot;title&quot;:&quot;&quot;,&quot;orientation&quot;:&quot;0&quot;}\" data-image-title=\"SZ_Schatzkammer_der_Natur\" data-image-description=\"\" data-image-caption=\"\" data-large-file=\"https:\/\/i0.wp.com\/deltaimage.de\/wp\/wp-content\/uploads\/SZ_Schatzkammer_der_Natur.jpg?fit=890%2C779&amp;ssl=1\" class=\"aligncenter size-full wp-image-45925\" src=\"https:\/\/i0.wp.com\/deltaimage.de\/wp\/wp-content\/uploads\/SZ_Schatzkammer_der_Natur.jpg?resize=890%2C779&#038;ssl=1\" alt=\"\" width=\"890\" height=\"779\" srcset=\"https:\/\/i0.wp.com\/deltaimage.de\/wp\/wp-content\/uploads\/SZ_Schatzkammer_der_Natur.jpg?w=900&amp;ssl=1 900w, https:\/\/i0.wp.com\/deltaimage.de\/wp\/wp-content\/uploads\/SZ_Schatzkammer_der_Natur.jpg?resize=685%2C600&amp;ssl=1 685w, https:\/\/i0.wp.com\/deltaimage.de\/wp\/wp-content\/uploads\/SZ_Schatzkammer_der_Natur.jpg?resize=228%2C200&amp;ssl=1 228w, https:\/\/i0.wp.com\/deltaimage.de\/wp\/wp-content\/uploads\/SZ_Schatzkammer_der_Natur.jpg?resize=457%2C400&amp;ssl=1 457w\" sizes=\"auto, (max-width: 890px) 100vw, 890px\" \/><\/p>\n<p>Den vollst\u00e4ndigen Artikel k\u00f6nnen Sie auf <strong>SZplus lesen<\/strong>.<\/p>\n<p>&nbsp;<\/p>\n","protected":false},"excerpt":{"rendered":"<p>Paul Eschbach war zu unterschiedlichen Jahres- und Tageszeiten im Maisacher Moos unterwegs. Sein neuer Bildband ist ein eindringliches Pl\u00e4doyer f\u00fcr den Erhalt der Tier- und Pflanzenwelt. Von Stefan Salger, im [&hellip;]<\/p>\n","protected":false},"author":1,"featured_media":27059,"comment_status":"open","ping_status":"closed","sticky":false,"template":"","format":"standard","meta":{"wpupg_custom_link":[],"wpupg_custom_link_behaviour":["default"],"wpupg_custom_link_nofollow":["default"],"wpupg_custom_image":[],"wpupg_custom_image_id":[],"jetpack_post_was_ever_published":false,"footnotes":""},"categories":[1189,3010,2523,8],"tags":[27,3349,1892,3750,2897,3746,959,38,2160,67],"class_list":["post-45924","post","type-post","status-publish","format-standard","has-post-thumbnail","hentry","category-buch","category-dachauer-land","category-dachauer-moos","category-news","tag-furstenfeldbruck","tag-fussbergmoos","tag-hubert-bauer-falkner","tag-landschaftsschutz","tag-maisach","tag-maisacher-moos","tag-moos","tag-naturschutz","tag-niedermoor","tag-paul-eschbach"],"jetpack_featured_media_url":"https:\/\/i0.wp.com\/deltaimage.de\/wp\/wp-content\/uploads\/Logo_SZ-2.jpg?fit=456%2C113&ssl=1","jetpack-related-posts":[{"id":45960,"url":"https:\/\/deltaimage.de\/wp\/?p=45960","url_meta":{"origin":45924,"position":0},"title":"S\u00fcddeutsche Zeitung F\u00fcrstenfeldbruck: Schatzkammer der Natur &#8211; Fu\u00dfbergmoos","author":"EschbacP","date":"8. Oktober 2024","format":false,"excerpt":"Ein Blick in die Regionalausgabe SZ F\u00fcrstenfeldbruck Der vollst\u00e4ndige Artikel in der Regionalausgabe der S\u00fcddeutschenzeitung f\u00fcr den Landkreis F\u00fcrstenfeldbruck. \u00a0 Schatzkammer der Natur Paul Eschbach fotografiert im Maisacher Moos. Sein neuer Bildband ist ein eindringliches Pl\u00e4doyer f\u00fcr den Erhalt der dortigen Tier- und Pflanzenwelt. Von Stefan Salger Maisach \u2013 Es\u2026","rel":"","context":"In &quot;Buch&quot;","block_context":{"text":"Buch","link":"https:\/\/deltaimage.de\/wp\/?cat=1189"},"img":{"alt_text":"","src":"https:\/\/i0.wp.com\/deltaimage.de\/wp\/wp-content\/uploads\/SZ-FFB-Schatzkammer-der-Natur-20241008-300.jpg?resize=350%2C200&ssl=1","width":350,"height":200},"classes":[]},{"id":48910,"url":"https:\/\/deltaimage.de\/wp\/?p=48910","url_meta":{"origin":45924,"position":1},"title":"Pressemitteilung: Gemeinde Maisach","author":"EschbacP","date":"16. April 2025","format":false,"excerpt":"Liebe Redaktionen, \u00a0 im Maisacher Gemeindezentrum (Riedelstra\u00dfe 3, Maisach) wird vom Freitag 9. Mai 2025 bis Sonntag 18. Mai 2025 eine Fotoausstellung des Fotografen Paul Eschbach gezeigt. Bitte ver\u00f6ffentlichen Sie daher unsere Pressemitteilung unten. Einige Fotografien k\u00f6nnen Sie \u00fcber die Bayernbox herunterladen. \u00a0 Wir freuen uns \u00fcber eine m\u00f6glichst gro\u00dfe\u2026","rel":"","context":"In &quot;Dachauer Land&quot;","block_context":{"text":"Dachauer Land","link":"https:\/\/deltaimage.de\/wp\/?cat=3010"},"img":{"alt_text":"","src":"https:\/\/i0.wp.com\/deltaimage.de\/wp\/wp-content\/uploads\/IMG_20250416_073553_1200.jpg?fit=1200%2C450&ssl=1&resize=350%2C200","width":350,"height":200,"srcset":"https:\/\/i0.wp.com\/deltaimage.de\/wp\/wp-content\/uploads\/IMG_20250416_073553_1200.jpg?fit=1200%2C450&ssl=1&resize=350%2C200 1x, https:\/\/i0.wp.com\/deltaimage.de\/wp\/wp-content\/uploads\/IMG_20250416_073553_1200.jpg?fit=1200%2C450&ssl=1&resize=525%2C300 1.5x, https:\/\/i0.wp.com\/deltaimage.de\/wp\/wp-content\/uploads\/IMG_20250416_073553_1200.jpg?fit=1200%2C450&ssl=1&resize=700%2C400 2x, https:\/\/i0.wp.com\/deltaimage.de\/wp\/wp-content\/uploads\/IMG_20250416_073553_1200.jpg?fit=1200%2C450&ssl=1&resize=1050%2C600 3x"},"classes":[]},{"id":48924,"url":"https:\/\/deltaimage.de\/wp\/?p=48924","url_meta":{"origin":45924,"position":2},"title":"Einladung zur \u00f6ffentlichen Vernissage im Gemeindezentrum Maisach zur Foto-Ausstellung von Paul Eschbach","author":"EschbacP","date":"16. April 2025","format":false,"excerpt":"Gemeinschaftsausstellung der Gemeinden Maisach und Bergkirchen zum Palsweiser Moos & Fu\u00dfbergmoos Das Maisacher Moos (Palsweiser Moos & Fu\u00dfbergmoos) liegt in den Landkreisen F\u00fcrstenfeldbruck und Dachau. Es besteht im Landkreis F\u00fcrstenfeldbruck aus der Niedermoor-Landschaft des Fu\u00dfbergmooses. Im Landkreis Dachau grenzt die Niedermoor-Landschaft des Palsweiser Mooses unmittelbar an das Fu\u00dfbergmoos an. Zwei\u2026","rel":"","context":"In &quot;Buch&quot;","block_context":{"text":"Buch","link":"https:\/\/deltaimage.de\/wp\/?cat=1189"},"img":{"alt_text":"","src":"https:\/\/i0.wp.com\/deltaimage.de\/wp\/wp-content\/uploads\/Plakat_Maisach_Vernissage-1200.jpg?fit=1200%2C449&ssl=1&resize=350%2C200","width":350,"height":200,"srcset":"https:\/\/i0.wp.com\/deltaimage.de\/wp\/wp-content\/uploads\/Plakat_Maisach_Vernissage-1200.jpg?fit=1200%2C449&ssl=1&resize=350%2C200 1x, https:\/\/i0.wp.com\/deltaimage.de\/wp\/wp-content\/uploads\/Plakat_Maisach_Vernissage-1200.jpg?fit=1200%2C449&ssl=1&resize=525%2C300 1.5x, https:\/\/i0.wp.com\/deltaimage.de\/wp\/wp-content\/uploads\/Plakat_Maisach_Vernissage-1200.jpg?fit=1200%2C449&ssl=1&resize=700%2C400 2x, https:\/\/i0.wp.com\/deltaimage.de\/wp\/wp-content\/uploads\/Plakat_Maisach_Vernissage-1200.jpg?fit=1200%2C449&ssl=1&resize=1050%2C600 3x"},"classes":[]},{"id":44871,"url":"https:\/\/deltaimage.de\/wp\/?p=44871","url_meta":{"origin":45924,"position":3},"title":"S\u00fcddeutsche Zeitung: Momentaufnahmen der verletzlichen Natur","author":"EschbacP","date":"19. September 2024","format":false,"excerpt":"Beitrag von Renate Zauscher der S\u00fcddeutschen Zeitung vom 20.9.2024 zur Pressevorstellung des neuen Buchs \u00fcber die zweitgr\u00f6\u00dfte Niedermoor-Landschaft in Bayern Maisacher Moos im Landkreis Dachau (Palsweiser Moos) und im Landkreis F\u00fcrstenfeldbruck (Fu\u00dfbergmoos) von Paul Eschbach. URL: www.sz.de\/lux.JmowbeozsSWsTqrCHRvXdp Copyright: S\u00fcddeutsche Zeitung Digitale Medien GmbH \/ S\u00fcddeutsche Zeitung GmbH Quelle: SZ","rel":"","context":"In &quot;Buch&quot;","block_context":{"text":"Buch","link":"https:\/\/deltaimage.de\/wp\/?cat=1189"},"img":{"alt_text":"","src":"https:\/\/i0.wp.com\/deltaimage.de\/wp\/wp-content\/uploads\/IMG_9143_450.jpg?resize=350%2C200&ssl=1","width":350,"height":200},"classes":[]},{"id":47834,"url":"https:\/\/deltaimage.de\/wp\/?p=47834","url_meta":{"origin":45924,"position":4},"title":"Foto-Ausstellung in Maisach zum Maisacher Moos im Mai 2025","author":"EschbacP","date":"16. Februar 2025","format":false,"excerpt":"Die Gemeinde Maisach zeigt im Gemeindezentrum an der Riedlstra\u00dfe eine Fotoausstellung vom Dachauer Fotografen Paul Eschbach zum Maisacher Moos. \"Wo ist das Maisacher Moos heute noch zu sehen?\" \u00a0 Neun Tage lang werden die fotografischen Sch\u00f6nheiten dieser Niedermoor-Landschaft in gro\u00dfformatigen Bildmotiven und Informationstafeln ausgestellt. Das zweitgr\u00f6\u00dfte Niedermoor in Bayern wird\u2026","rel":"","context":"In &quot;Buch&quot;","block_context":{"text":"Buch","link":"https:\/\/deltaimage.de\/wp\/?cat=1189"},"img":{"alt_text":"","src":"https:\/\/i0.wp.com\/deltaimage.de\/wp\/wp-content\/uploads\/IMG_1199_1200.jpg?fit=1200%2C450&ssl=1&resize=350%2C200","width":350,"height":200,"srcset":"https:\/\/i0.wp.com\/deltaimage.de\/wp\/wp-content\/uploads\/IMG_1199_1200.jpg?fit=1200%2C450&ssl=1&resize=350%2C200 1x, https:\/\/i0.wp.com\/deltaimage.de\/wp\/wp-content\/uploads\/IMG_1199_1200.jpg?fit=1200%2C450&ssl=1&resize=525%2C300 1.5x, https:\/\/i0.wp.com\/deltaimage.de\/wp\/wp-content\/uploads\/IMG_1199_1200.jpg?fit=1200%2C450&ssl=1&resize=700%2C400 2x, https:\/\/i0.wp.com\/deltaimage.de\/wp\/wp-content\/uploads\/IMG_1199_1200.jpg?fit=1200%2C450&ssl=1&resize=1050%2C600 3x"},"classes":[]},{"id":52502,"url":"https:\/\/deltaimage.de\/wp\/?p=52502","url_meta":{"origin":45924,"position":5},"title":"Bayern: Fotoausstellung \u00fcber das Palsweiser- und Fu\u00dfbergmoos (Dachauer Moos) von Paul Eschbach","author":"EschbacP","date":"14. Oktober 2025","format":false,"excerpt":"Ausstellung Fotoausstellung \u00fcber das Palsweiser Moos und Fu\u00dfbergmoos (Dachauer Moos) von Paul Eschbach Der Dachauer Natur- und Landschaftsfotograf Paul Eschbach zeigt in seiner Bilderausstellung die oft verborgenen Sch\u00f6nheiten dieser \u00fcbergreifenden Niedermoor-Landschaft aus allen vier Jahreszeiten, dem Moos, dem Wald, den Tieren und den Pflanzen. Die gro\u00dfformatigen Landschafts- und Naturbilder verdeutlichen\u2026","rel":"","context":"In &quot;Dachauer Land&quot;","block_context":{"text":"Dachauer Land","link":"https:\/\/deltaimage.de\/wp\/?cat=3010"},"img":{"alt_text":"","src":"https:\/\/i0.wp.com\/deltaimage.de\/wp\/wp-content\/uploads\/Logo_Bayern.jpg?fit=1200%2C450&ssl=1&resize=350%2C200","width":350,"height":200,"srcset":"https:\/\/i0.wp.com\/deltaimage.de\/wp\/wp-content\/uploads\/Logo_Bayern.jpg?fit=1200%2C450&ssl=1&resize=350%2C200 1x, https:\/\/i0.wp.com\/deltaimage.de\/wp\/wp-content\/uploads\/Logo_Bayern.jpg?fit=1200%2C450&ssl=1&resize=525%2C300 1.5x, https:\/\/i0.wp.com\/deltaimage.de\/wp\/wp-content\/uploads\/Logo_Bayern.jpg?fit=1200%2C450&ssl=1&resize=700%2C400 2x, https:\/\/i0.wp.com\/deltaimage.de\/wp\/wp-content\/uploads\/Logo_Bayern.jpg?fit=1200%2C450&ssl=1&resize=1050%2C600 3x"},"classes":[]}],"jetpack_sharing_enabled":true,"_links":{"self":[{"href":"https:\/\/deltaimage.de\/wp\/index.php?rest_route=\/wp\/v2\/posts\/45924","targetHints":{"allow":["GET"]}}],"collection":[{"href":"https:\/\/deltaimage.de\/wp\/index.php?rest_route=\/wp\/v2\/posts"}],"about":[{"href":"https:\/\/deltaimage.de\/wp\/index.php?rest_route=\/wp\/v2\/types\/post"}],"author":[{"embeddable":true,"href":"https:\/\/deltaimage.de\/wp\/index.php?rest_route=\/wp\/v2\/users\/1"}],"replies":[{"embeddable":true,"href":"https:\/\/deltaimage.de\/wp\/index.php?rest_route=%2Fwp%2Fv2%2Fcomments&post=45924"}],"version-history":[{"count":10,"href":"https:\/\/deltaimage.de\/wp\/index.php?rest_route=\/wp\/v2\/posts\/45924\/revisions"}],"predecessor-version":[{"id":51723,"href":"https:\/\/deltaimage.de\/wp\/index.php?rest_route=\/wp\/v2\/posts\/45924\/revisions\/51723"}],"wp:featuredmedia":[{"embeddable":true,"href":"https:\/\/deltaimage.de\/wp\/index.php?rest_route=\/wp\/v2\/media\/27059"}],"wp:attachment":[{"href":"https:\/\/deltaimage.de\/wp\/index.php?rest_route=%2Fwp%2Fv2%2Fmedia&parent=45924"}],"wp:term":[{"taxonomy":"category","embeddable":true,"href":"https:\/\/deltaimage.de\/wp\/index.php?rest_route=%2Fwp%2Fv2%2Fcategories&post=45924"},{"taxonomy":"post_tag","embeddable":true,"href":"https:\/\/deltaimage.de\/wp\/index.php?rest_route=%2Fwp%2Fv2%2Ftags&post=45924"}],"curies":[{"name":"wp","href":"https:\/\/api.w.org\/{rel}","templated":true}]}}