{"id":45986,"date":"2024-10-11T19:03:14","date_gmt":"2024-10-11T17:03:14","guid":{"rendered":"https:\/\/deltaimage.de\/wp\/?p=45986"},"modified":"2025-08-25T20:46:26","modified_gmt":"2025-08-25T18:46:26","slug":"da-soll-ihnen-der-appetit-zu-speiss-und-trank-gar-angeregt-werden-schleissheim-im-dreissigjaehrigen-krieg-12-13-oktober-2024","status":"publish","type":"post","link":"https:\/\/deltaimage.de\/wp\/?p=45986","title":{"rendered":"Da soll Ihnen der Appetit zu Spei\u00df und Trank gar angeregt werden &#8211; Schlei\u00dfheim im Drei\u00dfigj\u00e4hrigen Krieg; 12.\/13. Oktober 2024"},"content":{"rendered":"<p><strong>Dr. Marcus Junkelmann<\/strong> entf\u00fchrt Sie an dem Wochenende <strong>12.\/13.10.2024<\/strong> in die <strong>Zeit des Drei\u00dfigj\u00e4hrigen Krieges<\/strong> am <strong>Hofe des bayerischen Herzogs \/ Kurf\u00fcrsten Maximilian I. von Bayern<\/strong> im Maximilianshof am <strong>Alten Schloss Schlei\u00dfheim<\/strong>. Das schlie\u00dft nicht nur den ganzen Tag, Auff\u00fchrungen und Darbietungen aus der Zeitepoche der <strong>Renaissance<\/strong> mit ein. Auch f\u00fcr die Verpflegung der ZuschauerInnen den ganzen Tag \u00fcber ist die kulinarische Speisenfolge der Zeitepoche angepasst, so hat der <strong>Herzog Wilhelm V.<\/strong> f\u00fcr die Schwaige eine Speisenfolge f\u00fcr 365 Tage hinterlassen.<\/p>\n<p>Die Speisen werden Ihnen von der <strong>Schlosswirtschaft Schlei\u00dfheim<\/strong> unter der kulinarischen Leitung von <strong>Jens Blum<\/strong> nach den historischen Zitaten von <strong>Dr. Marcus Junkelmann<\/strong> pr\u00e4sentiert und kredenzt.<\/p>\n<blockquote><p>Lassen Sie sich auch kulinarisch in die Zeitepoche entf\u00fchren.<\/p><\/blockquote>\n<p>Die damalige K\u00fcche kam ohne Convenient-Food mit Breitband-Gew\u00fcrzen aus, daf\u00fcr waren am Hof die edlen Gew\u00fcrze aus allen Teilen der Welt verf\u00fcgbar, war doch der n\u00f6rdliche Handelsplatz der Kaufleute aus Venedig im bayerischen Mittenwald.<\/p>\n<p>&nbsp;<\/p>\n<h2>Speisen aus dem 17. Jahrhundert in der heutigen Zeit<\/h2>\n<p><strong>Jens Blum<\/strong> hat die Speisen extra f\u00fcr mich als Fotograf schon vorbereitet und angerichtet, so dass ich wohl als einer der ersten die ganze Auswahl an einem Ort sehen durfte.<\/p>\n<p><img data-recalc-dims=\"1\" loading=\"lazy\" decoding=\"async\" class=\"size-full wp-image-1704 aligncenter\" src=\"https:\/\/i0.wp.com\/marcus-junkelmann.de\/wp-content\/uploads\/2024\/10\/PE1S0050_900.jpg?resize=890%2C593&#038;ssl=1\" alt=\"\" width=\"890\" height=\"593\" \/><\/p>\n<p><!--more--><\/p>\n<p>Ein sehr sch\u00f6ner Anblick dieser Speisenfolge aus dem 17. Jahrhundert in der Schlosswirtschaft. Die <strong>Speisenkarte<\/strong> haben wir in<a href=\"https:\/\/marcus-junkelmann.de\/2024\/10\/11\/die-speisen-karte-im-schleissheim-zur-zeit-des-dreissigjaehrigen-krieges\/\"> diesem Beitrag<\/a> bereits gezeigt, so f\u00e4llt die <strong>Auswahl schon Zuhause<\/strong> viel einfacher.<\/p>\n<p>&nbsp;<\/p>\n<h2>Ich habe meine Favoriten schon fest im Blick.<\/h2>\n<p>Diese Gelegenheit werde ich mir sicherlich nicht nehmen lassen und mich ganz ordentlich durch die Speisenfolge probieren, der Veranstaltungstag reicht von 11.00 Uhr bis nach 19.00 Uhr &#8211; da braucht auch der Fotograf immer etwas zum Essen.<\/p>\n<p>Sodann, beginnen wir mit der klassischen Vorspeise damals wie heute vor dem gro\u00dfen Essen &#8211; einem Salat:<\/p>\n<p>&nbsp;<\/p>\n<h2>Schafm\u00e4ulersalat<\/h2>\n<p>ein marinierter Feldsalat mit rotem Krautsalat, Zitrone &amp; Sardellenfilets<\/p>\n<p><img data-recalc-dims=\"1\" loading=\"lazy\" decoding=\"async\" class=\"size-full wp-image-1679 aligncenter\" src=\"https:\/\/i0.wp.com\/marcus-junkelmann.de\/wp-content\/uploads\/2024\/10\/PE1S0007_900.jpg?resize=890%2C593&#038;ssl=1\" alt=\"\" width=\"890\" height=\"593\" \/><\/p>\n<p><img data-recalc-dims=\"1\" loading=\"lazy\" decoding=\"async\" class=\"size-full wp-image-1681 aligncenter\" src=\"https:\/\/i0.wp.com\/marcus-junkelmann.de\/wp-content\/uploads\/2024\/10\/PE1S0006_900.jpg?resize=890%2C593&#038;ssl=1\" alt=\"\" width=\"890\" height=\"593\" \/><\/p>\n<p>&nbsp;<\/p>\n<h2>Commifsfeldbrotsuppe<\/h2>\n<p>Ger\u00f6stetes Vollkornbrot in kr\u00e4ftiger Br\u00fche<\/p>\n<p><img data-recalc-dims=\"1\" loading=\"lazy\" decoding=\"async\" class=\"size-full wp-image-1686 aligncenter\" src=\"https:\/\/i0.wp.com\/marcus-junkelmann.de\/wp-content\/uploads\/2024\/10\/PE1S0018_900.jpg?resize=890%2C593&#038;ssl=1\" alt=\"\" width=\"890\" height=\"593\" \/><\/p>\n<p><img data-recalc-dims=\"1\" loading=\"lazy\" decoding=\"async\" class=\"size-full wp-image-1687 aligncenter\" src=\"https:\/\/i0.wp.com\/marcus-junkelmann.de\/wp-content\/uploads\/2024\/10\/PE1S0015_900.jpg?resize=890%2C593&#038;ssl=1\" alt=\"\" width=\"890\" height=\"593\" \/><\/p>\n<p>&nbsp;<\/p>\n<h2>R\u00fcbeneintopf<\/h2>\n<p>von gelben &amp; wei\u00dfen R\u00fcben mit Rauchw\u00fcrsten<\/p>\n<p><img data-recalc-dims=\"1\" loading=\"lazy\" decoding=\"async\" class=\"size-full wp-image-1683 aligncenter\" src=\"https:\/\/i0.wp.com\/marcus-junkelmann.de\/wp-content\/uploads\/2024\/10\/PE1S0013_900.jpg?resize=890%2C593&#038;ssl=1\" alt=\"\" width=\"890\" height=\"593\" \/><\/p>\n<p><img data-recalc-dims=\"1\" loading=\"lazy\" decoding=\"async\" class=\"size-full wp-image-1684 aligncenter\" src=\"https:\/\/i0.wp.com\/marcus-junkelmann.de\/wp-content\/uploads\/2024\/10\/PE1S0012_900.jpg?resize=890%2C593&#038;ssl=1\" alt=\"\" width=\"890\" height=\"593\" \/><\/p>\n<p>&nbsp;<\/p>\n<h2>Bratwurst-Kn\u00f6tlein<\/h2>\n<p>Bratwurstkn\u00f6del auf feinem R\u00fcbenkraut &amp; R\u00f6stzwiebeln<\/p>\n<p><img data-recalc-dims=\"1\" loading=\"lazy\" decoding=\"async\" class=\"size-full wp-image-1698 aligncenter\" src=\"https:\/\/i0.wp.com\/marcus-junkelmann.de\/wp-content\/uploads\/2024\/10\/PE1S0001_900.jpg?resize=890%2C593&#038;ssl=1\" alt=\"\" width=\"890\" height=\"593\" \/><\/p>\n<p><img data-recalc-dims=\"1\" loading=\"lazy\" decoding=\"async\" class=\"size-full wp-image-1714 aligncenter\" src=\"https:\/\/i0.wp.com\/marcus-junkelmann.de\/wp-content\/uploads\/2024\/10\/PE1S0004_900.jpg?resize=890%2C593&#038;ssl=1\" alt=\"\" width=\"890\" height=\"593\" \/><\/p>\n<p>&nbsp;<\/p>\n<h2>Grobe Bratwurst a la Salsicca,<\/h2>\n<p>ger\u00e4ucherte Br\u00fchpolnischewurst oder ger\u00e4ucherte, pikante Feuerwurst mit Senf &amp; Meerrettich;<\/p>\n<p>wahlweise mit rotem Krautsalat, Kartoffelsalat, rote R\u00fcben-Salat, gebackene Wassernudeln<\/p>\n<p><img data-recalc-dims=\"1\" loading=\"lazy\" decoding=\"async\" class=\"size-full wp-image-1693 aligncenter\" src=\"https:\/\/i0.wp.com\/marcus-junkelmann.de\/wp-content\/uploads\/2024\/10\/PE1S0028_900.jpg?resize=890%2C593&#038;ssl=1\" alt=\"\" width=\"890\" height=\"593\" \/><\/p>\n<p><img data-recalc-dims=\"1\" loading=\"lazy\" decoding=\"async\" class=\"size-full wp-image-1694 aligncenter\" src=\"https:\/\/i0.wp.com\/marcus-junkelmann.de\/wp-content\/uploads\/2024\/10\/PE1S0025_900.jpg?resize=890%2C593&#038;ssl=1\" alt=\"\" width=\"890\" height=\"593\" \/><\/p>\n<p>&nbsp;<\/p>\n<h2>Gesottener Ochsenbrustkern<\/h2>\n<p>mit Semmelbr\u00f6sel gebacken, Saucensud &amp; gebackenen Wasssernudeln.<\/p>\n<p><img data-recalc-dims=\"1\" loading=\"lazy\" decoding=\"async\" class=\"size-full wp-image-1689 aligncenter\" src=\"https:\/\/i0.wp.com\/marcus-junkelmann.de\/wp-content\/uploads\/2024\/10\/PE1S0023_900.jpg?resize=890%2C593&#038;ssl=1\" alt=\"\" width=\"890\" height=\"593\" \/><\/p>\n<p><img data-recalc-dims=\"1\" loading=\"lazy\" decoding=\"async\" class=\"size-full wp-image-1690 aligncenter\" src=\"https:\/\/i0.wp.com\/marcus-junkelmann.de\/wp-content\/uploads\/2024\/10\/PE1S0019_900.jpg?resize=890%2C593&#038;ssl=1\" alt=\"\" width=\"890\" height=\"593\" \/><\/p>\n<p>&nbsp;<\/p>\n<p>&nbsp;<\/p>\n<p>So d\u00fcrfen Sie sich auf den Tag im Maximilianshof jetzt schon freuen, so werden Sie sicherlich nicht hungrig wieder nach Hause gehen. Daf\u00fcr hat die <strong>Schlosswirtschaft Schlei\u00dfheim<\/strong> und <strong>Dr. Marcus Junkelmann<\/strong> jetzt schon im Vorfeld gesorgt. Die <strong>Speisenkarte<\/strong> haben wir in<a href=\"https:\/\/marcus-junkelmann.de\/2024\/10\/11\/die-speisen-karte-im-schleissheim-zur-zeit-des-dreissigjaehrigen-krieges\/\"> diesem Beitrag<\/a> bereits gezeigt, so f\u00e4llt die <strong>Auswahl schon Zuhause<\/strong> viel einfacher.<\/p>\n","protected":false},"excerpt":{"rendered":"<p>Dr. Marcus Junkelmann entf\u00fchrt Sie an dem Wochenende 12.\/13.10.2024 in die Zeit des Drei\u00dfigj\u00e4hrigen Krieges am Hofe des bayerischen Herzogs \/ Kurf\u00fcrsten Maximilian I. von Bayern im Maximilianshof am Alten [&hellip;]<\/p>\n","protected":false},"author":1,"featured_media":45987,"comment_status":"open","ping_status":"closed","sticky":false,"template":"","format":"standard","meta":{"wpupg_custom_link":[],"wpupg_custom_link_behaviour":["default"],"wpupg_custom_link_nofollow":["default"],"wpupg_custom_image":[],"wpupg_custom_image_id":[],"footnotes":"","jetpack_post_was_ever_published":false},"categories":[3831,8],"tags":[3688,3976,2377,3797,3977,33,3974,3975],"class_list":["post-45986","post","type-post","status-publish","format-standard","has-post-thumbnail","hentry","category-geschichte-als-fest-dr-marcus-junkelmann","category-news","tag-1618-1648","tag-chef-koch-jens-blum","tag-dr-marcus-junkelmann","tag-moenche","tag-musketiere-und-marketenderinnen","tag-schleisheim","tag-schlosswirtschaft-schleissheim","tag-speisenkarte"],"jetpack-related-posts":[{"id":45995,"url":"https:\/\/deltaimage.de\/wp\/?p=45995","url_meta":{"origin":45986,"position":0},"title":"Es ist 1618 in Schlei\u00dfheim. Der Herzog Maximilian I. von Bayern l\u00e4dt zum Fest &#8230;","author":"EschbacP","date":"12. Oktober 2024","format":false,"excerpt":"Schlei\u00dfheim zur Zeit des Drei\u00dfigj\u00e4hrigen Krieges Dr. Marcus Junkelmann feiert im Maximilianshof des Alten Schlosses Schlei\u00dfheim im Maximilianshof ein Fest mit all seinen Freunden. Wir zeigen Ihnen hier aus der Veranstaltung am 12. Oktober 2024 die sch\u00f6nsten Eindr\u00fccke der BesucherInnen an diesem sch\u00f6nen Herbsttag. \u00a0 Fotoimpressionen: M\u00f6nche, Musketiere und Marketenderinnen\u2026","rel":"","context":"In &quot;Geschichte als Fest - Dr. Marcus Junkelmann&quot;","block_context":{"text":"Geschichte als Fest - Dr. Marcus Junkelmann","link":"https:\/\/deltaimage.de\/wp\/?cat=3831"},"img":{"alt_text":"","src":"https:\/\/i0.wp.com\/deltaimage.de\/wp\/wp-content\/uploads\/PE1S1104_1200.jpg?fit=1200%2C450&ssl=1&resize=350%2C200","width":350,"height":200,"srcset":"https:\/\/i0.wp.com\/deltaimage.de\/wp\/wp-content\/uploads\/PE1S1104_1200.jpg?fit=1200%2C450&ssl=1&resize=350%2C200 1x, https:\/\/i0.wp.com\/deltaimage.de\/wp\/wp-content\/uploads\/PE1S1104_1200.jpg?fit=1200%2C450&ssl=1&resize=525%2C300 1.5x, https:\/\/i0.wp.com\/deltaimage.de\/wp\/wp-content\/uploads\/PE1S1104_1200.jpg?fit=1200%2C450&ssl=1&resize=700%2C400 2x, https:\/\/i0.wp.com\/deltaimage.de\/wp\/wp-content\/uploads\/PE1S1104_1200.jpg?fit=1200%2C450&ssl=1&resize=1050%2C600 3x"},"classes":[]},{"id":55403,"url":"https:\/\/deltaimage.de\/wp\/?p=55403","url_meta":{"origin":45986,"position":1},"title":"Die Gemeinde Oberschlei\u00dfheim im Barockfieber: Oberschlei\u00dfheim entdeckt seinen \u201eBlauen K\u00f6nig\u201c wieder neu zum 300. Todesjahr","author":"EschbacP","date":"23. August 2026","format":false,"excerpt":"Reproduzierte Originalunterschrift von Kurf\u00fcrst Max II. Emanuel von Bayern. Wenn wir heute durch die Gemeinde Oberschlei\u00dfheim im Norden von M\u00fcnchen spazieren, ist die Geschichte des Ortes und auch die Geschichte von Bayern allgegenw\u00e4rtig. Das majest\u00e4tische Neue Schloss Schlei\u00dfheim, die weitl\u00e4ufige Parkanlage \u2013 all das verdanken wir der k\u00fchnen Vision eines\u2026","rel":"","context":"In &quot;Geschichte als Fest - Dr. Marcus Junkelmann&quot;","block_context":{"text":"Geschichte als Fest - Dr. Marcus Junkelmann","link":"https:\/\/deltaimage.de\/wp\/?cat=3831"},"img":{"alt_text":"","src":"https:\/\/i0.wp.com\/deltaimage.de\/wp\/wp-content\/uploads\/PE1S0171_1200-2.jpg?fit=1200%2C450&ssl=1&resize=350%2C200","width":350,"height":200,"srcset":"https:\/\/i0.wp.com\/deltaimage.de\/wp\/wp-content\/uploads\/PE1S0171_1200-2.jpg?fit=1200%2C450&ssl=1&resize=350%2C200 1x, https:\/\/i0.wp.com\/deltaimage.de\/wp\/wp-content\/uploads\/PE1S0171_1200-2.jpg?fit=1200%2C450&ssl=1&resize=525%2C300 1.5x, https:\/\/i0.wp.com\/deltaimage.de\/wp\/wp-content\/uploads\/PE1S0171_1200-2.jpg?fit=1200%2C450&ssl=1&resize=700%2C400 2x, https:\/\/i0.wp.com\/deltaimage.de\/wp\/wp-content\/uploads\/PE1S0171_1200-2.jpg?fit=1200%2C450&ssl=1&resize=1050%2C600 3x"},"classes":[]},{"id":44186,"url":"https:\/\/deltaimage.de\/wp\/?p=44186","url_meta":{"origin":45986,"position":2},"title":"Dr. Marcus Junkelmann: Musketiere, M\u00f6nche und Marketenderinnen &#8211; 12.\/13.10.2024","author":"EschbacP","date":"16. September 2024","format":false,"excerpt":"2 Tage Fest: Schlei\u00dfheim in der Zeit des Drei\u00dfigj\u00e4hrigen Kriegs Unser Fest nimmt die verschiedenen h\u00f6fischen, l\u00e4ndlichen, geistlichen und milit\u00e4rischen Aspekte der Schlei\u00dfheimer Geschichte zur Zeit Wilhelms V. und Maximilians I. in spielerischer und unterhaltsamer Weise auf. Die mit Schlei\u00dfheim eng verbundenen Herzogs- und Kurf\u00fcrstenpaare von Wilhelm dem Frommen bis\u2026","rel":"","context":"In &quot;Geschichte als Fest - Dr. Marcus Junkelmann&quot;","block_context":{"text":"Geschichte als Fest - Dr. Marcus Junkelmann","link":"https:\/\/deltaimage.de\/wp\/?cat=3831"},"img":{"alt_text":"","src":"https:\/\/i0.wp.com\/deltaimage.de\/wp\/wp-content\/uploads\/PE1S0149_1200.jpg?fit=1200%2C450&ssl=1&resize=350%2C200","width":350,"height":200,"srcset":"https:\/\/i0.wp.com\/deltaimage.de\/wp\/wp-content\/uploads\/PE1S0149_1200.jpg?fit=1200%2C450&ssl=1&resize=350%2C200 1x, https:\/\/i0.wp.com\/deltaimage.de\/wp\/wp-content\/uploads\/PE1S0149_1200.jpg?fit=1200%2C450&ssl=1&resize=525%2C300 1.5x, https:\/\/i0.wp.com\/deltaimage.de\/wp\/wp-content\/uploads\/PE1S0149_1200.jpg?fit=1200%2C450&ssl=1&resize=700%2C400 2x, https:\/\/i0.wp.com\/deltaimage.de\/wp\/wp-content\/uploads\/PE1S0149_1200.jpg?fit=1200%2C450&ssl=1&resize=1050%2C600 3x"},"classes":[]},{"id":45985,"url":"https:\/\/deltaimage.de\/wp\/?p=45985","url_meta":{"origin":45986,"position":3},"title":"Die Speisen-Karte im Schlei\u00dfheim zur Zeit des Dreissigj\u00e4hrigen Krieges","author":"EschbacP","date":"11. Oktober 2024","format":false,"excerpt":"Unter der Leitung des Chef-Kochs der Schlosswirtschaft Schlei\u00dfheim, Jens Bluhm, besteht die Speisenfolge w\u00e4hrend des Festes \"Musketiere, M\u00f6nche und Marketenderinnen\" aus folgender Speisenfolge nach den historisch \u00fcberlieferten Speisenpl\u00e4nen zu Schlei\u00dfheim, Salzburg und N\u00fcrnberg unter der historischen Leistung von unserem Dr. Marcus Junkelmann. Speisen am 12.\/13. Oktober 2024 \u00a0","rel":"","context":"In &quot;Geschichte als Fest - Dr. Marcus Junkelmann&quot;","block_context":{"text":"Geschichte als Fest - Dr. Marcus Junkelmann","link":"https:\/\/deltaimage.de\/wp\/?cat=3831"},"img":{"alt_text":"","src":"https:\/\/i0.wp.com\/deltaimage.de\/wp\/wp-content\/uploads\/PE1S0034_1200-2.jpg?fit=1200%2C450&ssl=1&resize=350%2C200","width":350,"height":200,"srcset":"https:\/\/i0.wp.com\/deltaimage.de\/wp\/wp-content\/uploads\/PE1S0034_1200-2.jpg?fit=1200%2C450&ssl=1&resize=350%2C200 1x, https:\/\/i0.wp.com\/deltaimage.de\/wp\/wp-content\/uploads\/PE1S0034_1200-2.jpg?fit=1200%2C450&ssl=1&resize=525%2C300 1.5x, https:\/\/i0.wp.com\/deltaimage.de\/wp\/wp-content\/uploads\/PE1S0034_1200-2.jpg?fit=1200%2C450&ssl=1&resize=700%2C400 2x, https:\/\/i0.wp.com\/deltaimage.de\/wp\/wp-content\/uploads\/PE1S0034_1200-2.jpg?fit=1200%2C450&ssl=1&resize=1050%2C600 3x"},"classes":[]},{"id":42506,"url":"https:\/\/deltaimage.de\/wp\/?p=42506","url_meta":{"origin":45986,"position":4},"title":"3-mal Junkelmann f\u00fcrs Armeemuseum sind da!","author":"EschbacP","date":"7. Februar 2024","format":false,"excerpt":"Lange haben wir gewartet, auf die Auslieferung der drei neuen B\u00fccher von Dr. Marcus Junkelmann zum Drei\u00dfigj\u00e4hrigen Krieg. Auch die ersten BestellerInnen, waren schon etwas ungeduldig, aber es hat sich gelohnt. \u00a0 Formen des Krieges im Bayerischen Armeemuseum in Ingolstadt Das Bayerische Armeemuseum widmet die neue Ausstellung den \"Formen des\u2026","rel":"","context":"In &quot;Buch&quot;","block_context":{"text":"Buch","link":"https:\/\/deltaimage.de\/wp\/?cat=1189"},"img":{"alt_text":"","src":"https:\/\/i0.wp.com\/deltaimage.de\/wp\/wp-content\/uploads\/IMG_8694-1200.jpg?fit=1200%2C450&ssl=1&resize=350%2C200","width":350,"height":200,"srcset":"https:\/\/i0.wp.com\/deltaimage.de\/wp\/wp-content\/uploads\/IMG_8694-1200.jpg?fit=1200%2C450&ssl=1&resize=350%2C200 1x, https:\/\/i0.wp.com\/deltaimage.de\/wp\/wp-content\/uploads\/IMG_8694-1200.jpg?fit=1200%2C450&ssl=1&resize=525%2C300 1.5x, https:\/\/i0.wp.com\/deltaimage.de\/wp\/wp-content\/uploads\/IMG_8694-1200.jpg?fit=1200%2C450&ssl=1&resize=700%2C400 2x, https:\/\/i0.wp.com\/deltaimage.de\/wp\/wp-content\/uploads\/IMG_8694-1200.jpg?fit=1200%2C450&ssl=1&resize=1050%2C600 3x"},"classes":[]},{"id":42142,"url":"https:\/\/deltaimage.de\/wp\/?p=42142","url_meta":{"origin":45986,"position":5},"title":"Neue B\u00fccher mit Dr. Marcus Junkelmann entstehen","author":"EschbacP","date":"27. Dezember 2023","format":false,"excerpt":"... und dieses mal wird gleich richtig geschossen. Buchprojekte mit dem Historiker, Experiment-Arch\u00e4ologen und Buchautor Dr. Marcus Junkelmann sind immer etwas ganz Besonderes - in jeglicher Hinsicht. Als Fotograf f\u00fcr die Bucheinb\u00e4nde und die Darstellung der wichtigen Szenen bin ich wieder mit dabei. Als Ort der Handlung haben wir uns\u2026","rel":"","context":"In &quot;Buch&quot;","block_context":{"text":"Buch","link":"https:\/\/deltaimage.de\/wp\/?cat=1189"},"img":{"alt_text":"","src":"https:\/\/i0.wp.com\/deltaimage.de\/wp\/wp-content\/uploads\/PE5D0382_1200.jpg?fit=1200%2C450&ssl=1&resize=350%2C200","width":350,"height":200,"srcset":"https:\/\/i0.wp.com\/deltaimage.de\/wp\/wp-content\/uploads\/PE5D0382_1200.jpg?fit=1200%2C450&ssl=1&resize=350%2C200 1x, https:\/\/i0.wp.com\/deltaimage.de\/wp\/wp-content\/uploads\/PE5D0382_1200.jpg?fit=1200%2C450&ssl=1&resize=525%2C300 1.5x, https:\/\/i0.wp.com\/deltaimage.de\/wp\/wp-content\/uploads\/PE5D0382_1200.jpg?fit=1200%2C450&ssl=1&resize=700%2C400 2x, https:\/\/i0.wp.com\/deltaimage.de\/wp\/wp-content\/uploads\/PE5D0382_1200.jpg?fit=1200%2C450&ssl=1&resize=1050%2C600 3x"},"classes":[]}],"jetpack_sharing_enabled":true,"jetpack_featured_media_url":"https:\/\/i0.wp.com\/deltaimage.de\/wp\/wp-content\/uploads\/PE1S0053_1200.jpg?fit=1200%2C450&ssl=1","_links":{"self":[{"href":"https:\/\/deltaimage.de\/wp\/index.php?rest_route=\/wp\/v2\/posts\/45986","targetHints":{"allow":["GET"]}}],"collection":[{"href":"https:\/\/deltaimage.de\/wp\/index.php?rest_route=\/wp\/v2\/posts"}],"about":[{"href":"https:\/\/deltaimage.de\/wp\/index.php?rest_route=\/wp\/v2\/types\/post"}],"author":[{"embeddable":true,"href":"https:\/\/deltaimage.de\/wp\/index.php?rest_route=\/wp\/v2\/users\/1"}],"replies":[{"embeddable":true,"href":"https:\/\/deltaimage.de\/wp\/index.php?rest_route=%2Fwp%2Fv2%2Fcomments&post=45986"}],"version-history":[{"count":7,"href":"https:\/\/deltaimage.de\/wp\/index.php?rest_route=\/wp\/v2\/posts\/45986\/revisions"}],"predecessor-version":[{"id":51733,"href":"https:\/\/deltaimage.de\/wp\/index.php?rest_route=\/wp\/v2\/posts\/45986\/revisions\/51733"}],"wp:featuredmedia":[{"embeddable":true,"href":"https:\/\/deltaimage.de\/wp\/index.php?rest_route=\/wp\/v2\/media\/45987"}],"wp:attachment":[{"href":"https:\/\/deltaimage.de\/wp\/index.php?rest_route=%2Fwp%2Fv2%2Fmedia&parent=45986"}],"wp:term":[{"taxonomy":"category","embeddable":true,"href":"https:\/\/deltaimage.de\/wp\/index.php?rest_route=%2Fwp%2Fv2%2Fcategories&post=45986"},{"taxonomy":"post_tag","embeddable":true,"href":"https:\/\/deltaimage.de\/wp\/index.php?rest_route=%2Fwp%2Fv2%2Ftags&post=45986"}],"curies":[{"name":"wp","href":"https:\/\/api.w.org\/{rel}","templated":true}]}}