{"id":46001,"date":"2024-10-14T14:08:58","date_gmt":"2024-10-14T12:08:58","guid":{"rendered":"https:\/\/deltaimage.de\/wp\/?p=46001"},"modified":"2025-08-25T21:00:20","modified_gmt":"2025-08-25T19:00:20","slug":"muenchener-merkur-feuergefecht-vor-schloss-schleissheim-dreissigjaehriger-krieg-1618-1648","status":"publish","type":"post","link":"https:\/\/deltaimage.de\/wp\/?p=46001","title":{"rendered":"M\u00fcnchener Merkur: Feuergefecht vor Schloss Schlei\u00dfheim &#8211; Dreissigj\u00e4hriger Krieg 1618-1648"},"content":{"rendered":"<h4>Von: <strong>Andreas Sachse<\/strong> im <a href=\"https:\/\/www.merkur.de\/lokales\/muenchen-lk\/oberschleissheim-ort29202\/feuergefecht-schloss-schleissheim-dreissigjaehriger-krieg-marcus-junkelmann-archaeologe-93352826.html\">Originalbeitrag im M\u00fcnchener Merkur Landkreis M\u00fcnchen<\/a> vom 14.10.2024<\/h4>\n<p>Auszug aus Beitrag<\/p>\n<div id=\"attachment_1747\" style=\"width: 1110px\" class=\"wp-caption aligncenter\"><img data-recalc-dims=\"1\" loading=\"lazy\" decoding=\"async\" aria-describedby=\"caption-attachment-1747\" class=\"size-full wp-image-1747\" src=\"https:\/\/i0.wp.com\/marcus-junkelmann.de\/wp-content\/uploads\/2024\/10\/Merkus_Dreissigjaehriger_20241014-by-Andreas-Sachse_01.jpg?resize=890%2C501&#038;ssl=1\" alt=\"\" width=\"890\" height=\"501\" \/><p id=\"caption-attachment-1747\" class=\"wp-caption-text\">Feuer frei: Die Musketiere geben eine Salve ab, dass es nur so raucht. \u00a9 Andreas Sachse<\/p><\/div>\n<p><!--more--><\/p>\n<p>&nbsp;<\/p>\n<h1 class=\"id-StoryElement-headline\">Feuergefecht vor Schloss Schlei\u00dfheim<\/h1>\n<p class=\"id-StoryElement-leadText\">Besucher des Schlei\u00dfheimer Schlossparks erlebten am Wochenende ein Feldlager wie zur Zeit des Drei\u00dfigj\u00e4hrigen Kriegs mit Experimentalarch\u00e4ologe Marcus Junkelmann.<\/p>\n<p class=\"id-StoryElement-paragraph\"><strong>Oberschlei\u00dfheim<\/strong>\u00a0\u2013 Im Jahre des Herrn 1611 ist ein gewisser <strong>Philipp Hainhofer nach Schlei\u00dfheim<\/strong> gereist. 413 Jahre darauf schl\u00fcpft der bekannte<strong> Experimentalarch\u00e4ologe Marcus Junkelmann<\/strong> in die Kleider des Augsburger Kunstagenten, um aus dessen Aufzeichnungen zu lesen. Wo immer Junkelmann auftritt, wird Geschichte lebendig. Im <strong>Maximilianshof des Alten Schlosses<\/strong> lie\u00df der Historiker die Epoche des <strong>Drei\u00dfigj\u00e4hrigen Krieges<\/strong> zwei volle Tage lang auferstehen.<\/p>\n<p>&nbsp;<\/p>\n<h2 class=\"id-StoryElement-crosshead\">Junkelmann ist selbst in Schloss Lustheim in Oberschlei\u00dfheim aufgewachsen<\/h2>\n<p>R\u00f6mische Legion\u00e4re, die Langen Kerls des preu\u00dfischen Soldatenk\u00f6nigs Friedrich Wilhelm I., die Napoleonische Garde: Mit seinem Ansinnen, Geschichte erlebbar zu machen, hat Marcus Junkelmann in den vergangenen 40 Jahren die Zeitalter durchpfl\u00fcgt. Dass er den Drei\u00dfigj\u00e4hrigen Krieg in Oberschlei\u00dfheim zum Gegenstand einer Erlebnisreise erhebt, hat seinen Grund: Der Sohn eines Kunsthistorikers ist in <strong>Schloss Lustheim<\/strong> aufgewachsen. Dass Kurf\u00fcrst Maximilian I. mit dem Kaiser im Bunde war, wusste <strong>Dr. Junkelmann<\/strong> schon als Bub. An der Seite der katholischen Liga schlugen die Bayern 1648 in der wohl letzten gr\u00f6\u00dferen Schlacht nahe Schlei\u00dfheim die protestantischen Schweden.<\/p>\n<div id=\"attachment_1750\" style=\"width: 1110px\" class=\"wp-caption aligncenter\"><img data-recalc-dims=\"1\" loading=\"lazy\" decoding=\"async\" aria-describedby=\"caption-attachment-1750\" class=\"size-full wp-image-1750\" src=\"https:\/\/i0.wp.com\/marcus-junkelmann.de\/wp-content\/uploads\/2024\/10\/35867820-kampfbereit-pikeniere-vor-dem-alten-schloss-schleissheim-QmBG.jpg?resize=890%2C1338&#038;ssl=1\" alt=\"\" width=\"890\" height=\"1338\" \/><p id=\"caption-attachment-1750\" class=\"wp-caption-text\">Kampfbereit: Pikeniere vor dem Alten Schloss. \u00a9 Andreas Sachse<\/p><\/div>\n<h2 class=\"id-StoryElement-crosshead\">Drei\u00dfigj\u00e4hriger Krieg von 1618 bis 1648<\/h2>\n<p>Von 1618 bis 1648 rangen die Kaiserlichen von der Liga und die Protestantische Union um die Vorherrschaft im Heiligen R\u00f6mischen Reich. Frankreich, Spanien, \u00d6sterreich, Schweden und die Niederlande &#8211; ganz Europa mischte mit in einem der f\u00fcrchterlichsten Gemetzel der Geschichte.<\/p>\n<p>&nbsp;<\/p>\n<h2 class=\"id-StoryElement-crosshead\">Der Historiker will vermitteln, wie die Menschen damals lebten<\/h2>\n<p>Junkelmann interessieren aber keine Schlachten. Der Historiker will vermitteln, wie die Menschen damals lebten, die Soldaten und ihre Familien. Im Maximilianshof lie\u00df er am Wochenende ein Feldlager errichten. Damalige Heere zogen einen kilometerlangen Tross mit sich. Handwerker, Kaufleute, Huren, Gaukler, Musikanten und Familienangeh\u00f6rige begleiteten die Soldaten oft \u00fcber Jahre.<\/p>\n<p>&nbsp;<\/p>\n<h2 class=\"id-StoryElement-crosshead\">Musketiere und Pikeniere treten an<\/h2>\n<p>\u201eAntreten, in Reih und Glied!\u201c Die Stimme des Corporals schneidet durch die Luft. Manuel Kraus aus Schierling ist im echten Leben Softwareentwickler. Die Rolle des schneidigen Unteroffiziers ist ihm auf den Leib geschneidert. Musketiere und Pikeniere gehorchen aufs Wort. Der Corporal l\u00e4sst seine Leute Aufstellung nehmen. Auch wenn der ein oder andere \u00fcber die F\u00fc\u00dfe des Nebenmanns stolpert; in den schicken Uniformen macht die Truppe ordentlich was her.<\/p>\n<div id=\"attachment_1751\" style=\"width: 1110px\" class=\"wp-caption aligncenter\"><img data-recalc-dims=\"1\" loading=\"lazy\" decoding=\"async\" aria-describedby=\"caption-attachment-1751\" class=\"wp-image-1751 size-full\" src=\"https:\/\/i0.wp.com\/marcus-junkelmann.de\/wp-content\/uploads\/2024\/10\/35867827-historiker-marcus-junkelmann-alias-augsburger-kunstagent-philipp-hainhofer-der-schleissheim-1611-besucht-und-ausfuehrlich-beschrieben-hat-mit-kanonier-2plPw2h.jpg?resize=890%2C668&#038;ssl=1\" alt=\"\" width=\"890\" height=\"668\" \/><p id=\"caption-attachment-1751\" class=\"wp-caption-text\">Historiker Marcus Junkelmann (l.) alias Kunstagent Philipp Hainhofer, der Schleissheim 1611 besucht und ausf\u00fchrlich beschrieben hat, mit Kanonier Markus Grimmer, in der Mitte Feldwache Tilly alias Axel Stolch. \u00a9 Andreas Sachse<\/p><\/div>\n<h2 class=\"id-StoryElement-crosshead\">Schierling bei Regensburg ist Heimat der Schierlinger Genn\u00dfhenkher<\/h2>\n<p>Schierling, bei Regensburg gelegen, ist Heimat der Schierlinger Genn\u00dfhenkher, einer Bauernmiliz, die es niemals bis aufs Schlachtfeld schaffte. Beim einzigen Mal, da man ihrer Unterst\u00fctzung bedurfte, kamen sie zu sp\u00e4t. Hans-Peter St\u00f6ckl zuckt wie zur Entschuldigung mit den Schultern.<\/p>\n<blockquote><p>\u201eWoll\u00b4n Sie wissen, wieso wir so hei\u00dfen?\u201c<\/p><\/blockquote>\n<p>fragt Bauer St\u00f6ckl und beginnt zu erz\u00e4hlen: Als eine marodierende Soldateska sich n\u00e4herte, haben die Schierlinger ihre letzten G\u00e4nse an der Gurgel aufgeh\u00e4ngt und im Strauchwerk versteckt. Seither verspottet man sie als Genn\u00dfhenkher.<\/p>\n","protected":false},"excerpt":{"rendered":"<p>Von: Andreas Sachse im Originalbeitrag im M\u00fcnchener Merkur Landkreis M\u00fcnchen vom 14.10.2024 Auszug aus Beitrag<\/p>\n","protected":false},"author":1,"featured_media":46009,"comment_status":"open","ping_status":"closed","sticky":false,"template":"","format":"standard","meta":{"wpupg_custom_link":[],"wpupg_custom_link_behaviour":["default"],"wpupg_custom_link_nofollow":["default"],"wpupg_custom_image":[],"wpupg_custom_image_id":[],"jetpack_post_was_ever_published":false,"footnotes":""},"categories":[3831,8],"tags":[3688,2402,3979,2377,3686,3798,3797,3123,3672,3978,3670,2365,3668],"class_list":["post-46001","post","type-post","status-publish","format-standard","has-post-thumbnail","hentry","category-geschichte-als-fest-dr-marcus-junkelmann","category-news","tag-1618-1648","tag-altes-schloss-schleissheim","tag-artillerie","tag-dr-marcus-junkelmann","tag-dreissigjaehriger-krieg","tag-marketenderinnen","tag-moenche","tag-muenchener-merkur","tag-musketiere","tag-musketiere-moenche-marketenderinnen","tag-pikeniere","tag-schloss-schleissheim-2","tag-soldaten"],"jetpack_featured_media_url":"https:\/\/i0.wp.com\/deltaimage.de\/wp\/wp-content\/uploads\/Logo_Merkur.png?fit=7086%2C2657&ssl=1","jetpack-related-posts":[{"id":46000,"url":"https:\/\/deltaimage.de\/wp\/?p=46000","url_meta":{"origin":46001,"position":0},"title":"S\u00fcddeutsche Zeitung: \u00dcberleben unterm Kanonendonner &#8211; Dreissigj\u00e4hriger Krieg 1618-1648","author":"EschbacP","date":"14. Oktober 2024","format":false,"excerpt":"Von Sabrina Proske, Oberschlei\u00dfheim, im Originalbeitrag in der S\u00fcddeutschen Zeitung vom 13.10.2024 Foto: Leonhard Simon. Die Musketiere geben eine Salve ab. Richtig laut wird es beim Schuss der Kanone. \u00dcberleben unterm Kanonendonner Ein historisches Fest am Alten Schloss Schlei\u00dfheim versetzt die Besucher in die Zeit des Drei\u00dfigj\u00e4hrigen Krieges. Es sind\u2026","rel":"","context":"In &quot;Geschichte als Fest - Dr. Marcus Junkelmann&quot;","block_context":{"text":"Geschichte als Fest - Dr. Marcus Junkelmann","link":"https:\/\/deltaimage.de\/wp\/?cat=3831"},"img":{"alt_text":"","src":"https:\/\/i0.wp.com\/deltaimage.de\/wp\/wp-content\/uploads\/Logo_Sueddeutsche-Zeitung.JPG.png?fit=1200%2C449&ssl=1&resize=350%2C200","width":350,"height":200,"srcset":"https:\/\/i0.wp.com\/deltaimage.de\/wp\/wp-content\/uploads\/Logo_Sueddeutsche-Zeitung.JPG.png?fit=1200%2C449&ssl=1&resize=350%2C200 1x, https:\/\/i0.wp.com\/deltaimage.de\/wp\/wp-content\/uploads\/Logo_Sueddeutsche-Zeitung.JPG.png?fit=1200%2C449&ssl=1&resize=525%2C300 1.5x, https:\/\/i0.wp.com\/deltaimage.de\/wp\/wp-content\/uploads\/Logo_Sueddeutsche-Zeitung.JPG.png?fit=1200%2C449&ssl=1&resize=700%2C400 2x, https:\/\/i0.wp.com\/deltaimage.de\/wp\/wp-content\/uploads\/Logo_Sueddeutsche-Zeitung.JPG.png?fit=1200%2C449&ssl=1&resize=1050%2C600 3x"},"classes":[]},{"id":44186,"url":"https:\/\/deltaimage.de\/wp\/?p=44186","url_meta":{"origin":46001,"position":1},"title":"Dr. Marcus Junkelmann: Musketiere, M\u00f6nche und Marketenderinnen &#8211; 12.\/13.10.2024","author":"EschbacP","date":"16. September 2024","format":false,"excerpt":"2 Tage Fest: Schlei\u00dfheim in der Zeit des Drei\u00dfigj\u00e4hrigen Kriegs Unser Fest nimmt die verschiedenen h\u00f6fischen, l\u00e4ndlichen, geistlichen und milit\u00e4rischen Aspekte der Schlei\u00dfheimer Geschichte zur Zeit Wilhelms V. und Maximilians I. in spielerischer und unterhaltsamer Weise auf. Die mit Schlei\u00dfheim eng verbundenen Herzogs- und Kurf\u00fcrstenpaare von Wilhelm dem Frommen bis\u2026","rel":"","context":"In &quot;Geschichte als Fest - Dr. Marcus Junkelmann&quot;","block_context":{"text":"Geschichte als Fest - Dr. Marcus Junkelmann","link":"https:\/\/deltaimage.de\/wp\/?cat=3831"},"img":{"alt_text":"","src":"https:\/\/i0.wp.com\/deltaimage.de\/wp\/wp-content\/uploads\/PE1S0149_1200.jpg?fit=1200%2C450&ssl=1&resize=350%2C200","width":350,"height":200,"srcset":"https:\/\/i0.wp.com\/deltaimage.de\/wp\/wp-content\/uploads\/PE1S0149_1200.jpg?fit=1200%2C450&ssl=1&resize=350%2C200 1x, https:\/\/i0.wp.com\/deltaimage.de\/wp\/wp-content\/uploads\/PE1S0149_1200.jpg?fit=1200%2C450&ssl=1&resize=525%2C300 1.5x, https:\/\/i0.wp.com\/deltaimage.de\/wp\/wp-content\/uploads\/PE1S0149_1200.jpg?fit=1200%2C450&ssl=1&resize=700%2C400 2x, https:\/\/i0.wp.com\/deltaimage.de\/wp\/wp-content\/uploads\/PE1S0149_1200.jpg?fit=1200%2C450&ssl=1&resize=1050%2C600 3x"},"classes":[]},{"id":45985,"url":"https:\/\/deltaimage.de\/wp\/?p=45985","url_meta":{"origin":46001,"position":2},"title":"Die Speisen-Karte im Schlei\u00dfheim zur Zeit des Dreissigj\u00e4hrigen Krieges","author":"EschbacP","date":"11. Oktober 2024","format":false,"excerpt":"Unter der Leitung des Chef-Kochs der Schlosswirtschaft Schlei\u00dfheim, Jens Bluhm, besteht die Speisenfolge w\u00e4hrend des Festes \"Musketiere, M\u00f6nche und Marketenderinnen\" aus folgender Speisenfolge nach den historisch \u00fcberlieferten Speisenpl\u00e4nen zu Schlei\u00dfheim, Salzburg und N\u00fcrnberg unter der historischen Leistung von unserem Dr. Marcus Junkelmann. Speisen am 12.\/13. Oktober 2024 \u00a0","rel":"","context":"In &quot;Geschichte als Fest - Dr. Marcus Junkelmann&quot;","block_context":{"text":"Geschichte als Fest - Dr. Marcus Junkelmann","link":"https:\/\/deltaimage.de\/wp\/?cat=3831"},"img":{"alt_text":"","src":"https:\/\/i0.wp.com\/deltaimage.de\/wp\/wp-content\/uploads\/PE1S0034_1200-2.jpg?fit=1200%2C450&ssl=1&resize=350%2C200","width":350,"height":200,"srcset":"https:\/\/i0.wp.com\/deltaimage.de\/wp\/wp-content\/uploads\/PE1S0034_1200-2.jpg?fit=1200%2C450&ssl=1&resize=350%2C200 1x, https:\/\/i0.wp.com\/deltaimage.de\/wp\/wp-content\/uploads\/PE1S0034_1200-2.jpg?fit=1200%2C450&ssl=1&resize=525%2C300 1.5x, https:\/\/i0.wp.com\/deltaimage.de\/wp\/wp-content\/uploads\/PE1S0034_1200-2.jpg?fit=1200%2C450&ssl=1&resize=700%2C400 2x, https:\/\/i0.wp.com\/deltaimage.de\/wp\/wp-content\/uploads\/PE1S0034_1200-2.jpg?fit=1200%2C450&ssl=1&resize=1050%2C600 3x"},"classes":[]},{"id":45995,"url":"https:\/\/deltaimage.de\/wp\/?p=45995","url_meta":{"origin":46001,"position":3},"title":"Es ist 1618 in Schlei\u00dfheim. Der Herzog Maximilian I. von Bayern l\u00e4dt zum Fest &#8230;","author":"EschbacP","date":"12. Oktober 2024","format":false,"excerpt":"Schlei\u00dfheim zur Zeit des Drei\u00dfigj\u00e4hrigen Krieges Dr. Marcus Junkelmann feiert im Maximilianshof des Alten Schlosses Schlei\u00dfheim im Maximilianshof ein Fest mit all seinen Freunden. Wir zeigen Ihnen hier aus der Veranstaltung am 12. Oktober 2024 die sch\u00f6nsten Eindr\u00fccke der BesucherInnen an diesem sch\u00f6nen Herbsttag. \u00a0 Fotoimpressionen: M\u00f6nche, Musketiere und Marketenderinnen\u2026","rel":"","context":"In &quot;Geschichte als Fest - Dr. Marcus Junkelmann&quot;","block_context":{"text":"Geschichte als Fest - Dr. Marcus Junkelmann","link":"https:\/\/deltaimage.de\/wp\/?cat=3831"},"img":{"alt_text":"","src":"https:\/\/i0.wp.com\/deltaimage.de\/wp\/wp-content\/uploads\/PE1S1104_1200.jpg?fit=1200%2C450&ssl=1&resize=350%2C200","width":350,"height":200,"srcset":"https:\/\/i0.wp.com\/deltaimage.de\/wp\/wp-content\/uploads\/PE1S1104_1200.jpg?fit=1200%2C450&ssl=1&resize=350%2C200 1x, https:\/\/i0.wp.com\/deltaimage.de\/wp\/wp-content\/uploads\/PE1S1104_1200.jpg?fit=1200%2C450&ssl=1&resize=525%2C300 1.5x, https:\/\/i0.wp.com\/deltaimage.de\/wp\/wp-content\/uploads\/PE1S1104_1200.jpg?fit=1200%2C450&ssl=1&resize=700%2C400 2x, https:\/\/i0.wp.com\/deltaimage.de\/wp\/wp-content\/uploads\/PE1S1104_1200.jpg?fit=1200%2C450&ssl=1&resize=1050%2C600 3x"},"classes":[]},{"id":42506,"url":"https:\/\/deltaimage.de\/wp\/?p=42506","url_meta":{"origin":46001,"position":4},"title":"3-mal Junkelmann f\u00fcrs Armeemuseum sind da!","author":"EschbacP","date":"7. Februar 2024","format":false,"excerpt":"Lange haben wir gewartet, auf die Auslieferung der drei neuen B\u00fccher von Dr. Marcus Junkelmann zum Drei\u00dfigj\u00e4hrigen Krieg. Auch die ersten BestellerInnen, waren schon etwas ungeduldig, aber es hat sich gelohnt. \u00a0 Formen des Krieges im Bayerischen Armeemuseum in Ingolstadt Das Bayerische Armeemuseum widmet die neue Ausstellung den \"Formen des\u2026","rel":"","context":"In &quot;Buch&quot;","block_context":{"text":"Buch","link":"https:\/\/deltaimage.de\/wp\/?cat=1189"},"img":{"alt_text":"","src":"https:\/\/i0.wp.com\/deltaimage.de\/wp\/wp-content\/uploads\/IMG_8694-1200.jpg?fit=1200%2C450&ssl=1&resize=350%2C200","width":350,"height":200,"srcset":"https:\/\/i0.wp.com\/deltaimage.de\/wp\/wp-content\/uploads\/IMG_8694-1200.jpg?fit=1200%2C450&ssl=1&resize=350%2C200 1x, https:\/\/i0.wp.com\/deltaimage.de\/wp\/wp-content\/uploads\/IMG_8694-1200.jpg?fit=1200%2C450&ssl=1&resize=525%2C300 1.5x, https:\/\/i0.wp.com\/deltaimage.de\/wp\/wp-content\/uploads\/IMG_8694-1200.jpg?fit=1200%2C450&ssl=1&resize=700%2C400 2x, https:\/\/i0.wp.com\/deltaimage.de\/wp\/wp-content\/uploads\/IMG_8694-1200.jpg?fit=1200%2C450&ssl=1&resize=1050%2C600 3x"},"classes":[]},{"id":45986,"url":"https:\/\/deltaimage.de\/wp\/?p=45986","url_meta":{"origin":46001,"position":5},"title":"Da soll Ihnen der Appetit zu Spei\u00df und Trank gar angeregt werden &#8211; Schlei\u00dfheim im Drei\u00dfigj\u00e4hrigen Krieg; 12.\/13. Oktober 2024","author":"EschbacP","date":"11. Oktober 2024","format":false,"excerpt":"Dr. Marcus Junkelmann entf\u00fchrt Sie an dem Wochenende 12.\/13.10.2024 in die Zeit des Drei\u00dfigj\u00e4hrigen Krieges am Hofe des bayerischen Herzogs \/ Kurf\u00fcrsten Maximilian I. von Bayern im Maximilianshof am Alten Schloss Schlei\u00dfheim. Das schlie\u00dft nicht nur den ganzen Tag, Auff\u00fchrungen und Darbietungen aus der Zeitepoche der Renaissance mit ein. Auch\u2026","rel":"","context":"In &quot;Geschichte als Fest - Dr. Marcus Junkelmann&quot;","block_context":{"text":"Geschichte als Fest - Dr. Marcus Junkelmann","link":"https:\/\/deltaimage.de\/wp\/?cat=3831"},"img":{"alt_text":"","src":"https:\/\/i0.wp.com\/deltaimage.de\/wp\/wp-content\/uploads\/PE1S0053_1200.jpg?fit=1200%2C450&ssl=1&resize=350%2C200","width":350,"height":200,"srcset":"https:\/\/i0.wp.com\/deltaimage.de\/wp\/wp-content\/uploads\/PE1S0053_1200.jpg?fit=1200%2C450&ssl=1&resize=350%2C200 1x, https:\/\/i0.wp.com\/deltaimage.de\/wp\/wp-content\/uploads\/PE1S0053_1200.jpg?fit=1200%2C450&ssl=1&resize=525%2C300 1.5x, https:\/\/i0.wp.com\/deltaimage.de\/wp\/wp-content\/uploads\/PE1S0053_1200.jpg?fit=1200%2C450&ssl=1&resize=700%2C400 2x, https:\/\/i0.wp.com\/deltaimage.de\/wp\/wp-content\/uploads\/PE1S0053_1200.jpg?fit=1200%2C450&ssl=1&resize=1050%2C600 3x"},"classes":[]}],"jetpack_sharing_enabled":true,"_links":{"self":[{"href":"https:\/\/deltaimage.de\/wp\/index.php?rest_route=\/wp\/v2\/posts\/46001","targetHints":{"allow":["GET"]}}],"collection":[{"href":"https:\/\/deltaimage.de\/wp\/index.php?rest_route=\/wp\/v2\/posts"}],"about":[{"href":"https:\/\/deltaimage.de\/wp\/index.php?rest_route=\/wp\/v2\/types\/post"}],"author":[{"embeddable":true,"href":"https:\/\/deltaimage.de\/wp\/index.php?rest_route=\/wp\/v2\/users\/1"}],"replies":[{"embeddable":true,"href":"https:\/\/deltaimage.de\/wp\/index.php?rest_route=%2Fwp%2Fv2%2Fcomments&post=46001"}],"version-history":[{"count":7,"href":"https:\/\/deltaimage.de\/wp\/index.php?rest_route=\/wp\/v2\/posts\/46001\/revisions"}],"predecessor-version":[{"id":51754,"href":"https:\/\/deltaimage.de\/wp\/index.php?rest_route=\/wp\/v2\/posts\/46001\/revisions\/51754"}],"wp:featuredmedia":[{"embeddable":true,"href":"https:\/\/deltaimage.de\/wp\/index.php?rest_route=\/wp\/v2\/media\/46009"}],"wp:attachment":[{"href":"https:\/\/deltaimage.de\/wp\/index.php?rest_route=%2Fwp%2Fv2%2Fmedia&parent=46001"}],"wp:term":[{"taxonomy":"category","embeddable":true,"href":"https:\/\/deltaimage.de\/wp\/index.php?rest_route=%2Fwp%2Fv2%2Fcategories&post=46001"},{"taxonomy":"post_tag","embeddable":true,"href":"https:\/\/deltaimage.de\/wp\/index.php?rest_route=%2Fwp%2Fv2%2Ftags&post=46001"}],"curies":[{"name":"wp","href":"https:\/\/api.w.org\/{rel}","templated":true}]}}