{"id":46012,"date":"2024-10-17T20:29:14","date_gmt":"2024-10-17T18:29:14","guid":{"rendered":"https:\/\/deltaimage.de\/wp\/?p=46012"},"modified":"2024-10-17T20:55:04","modified_gmt":"2024-10-17T18:55:04","slug":"sueddeutsche-zeitung-die","status":"publish","type":"post","link":"https:\/\/deltaimage.de\/wp\/?p=46012","title":{"rendered":"S\u00fcddeutsche Zeitung: Die Schn\u00f6rkellose; Alles im Fluss &#8211; die Maisach im Dachauer Moos"},"content":{"rendered":"<p>Von: <strong>S\u00fcddeutsche Zeitung Jacqueline Lang<\/strong>, im <strong><a href=\"https:\/\/www.sueddeutsche.de\/muenchen\/dachau\/fluss-maisach-landkreis-dachau-lux.SY5f5eYvtiakctBmqxD72f\">Originalbeitrag<\/a><\/strong><\/p>\n<p>&nbsp;<\/p>\n<h1 style=\"text-align: center;\">Die Schn\u00f6rkellose<\/h1>\n<p>Die <strong>Journalistin Jacqueline Lang<\/strong> schreibt einen Beitrag \u00fcber den kleinen Fluss <strong>Maisach<\/strong> am Nordrand des <strong>Dachauer Mooses<\/strong>, unmittelbar am \u00dcbergang von der ebenen <strong>Niedermoor-Ebene<\/strong> in das viel \u00e4ltere und von den letzten Eiszeiten nicht mehr \u00fcberformten <strong>Tertial-H\u00fcgelland<\/strong>. Ein Beitrag in einer Reihe \u00fcber die Fl\u00fcsse in und um Dachau. Letzte Woche war das Portrait der <strong>Amper<\/strong> dran, heute eben die <strong>Maisach<\/strong>.<\/p>\n<p><img data-recalc-dims=\"1\" loading=\"lazy\" decoding=\"async\" data-attachment-id=\"46013\" data-permalink=\"https:\/\/deltaimage.de\/wp\/?attachment_id=46013#main\" data-orig-file=\"https:\/\/i0.wp.com\/deltaimage.de\/wp\/wp-content\/uploads\/SZ-Landkreis-Jacqueline-Land-Fluss-Maisach-2021017.jpg?fit=1061%2C1889&amp;ssl=1\" data-orig-size=\"1061,1889\" data-comments-opened=\"1\" data-image-meta=\"{&quot;aperture&quot;:&quot;0&quot;,&quot;credit&quot;:&quot;&quot;,&quot;camera&quot;:&quot;&quot;,&quot;caption&quot;:&quot;&quot;,&quot;created_timestamp&quot;:&quot;0&quot;,&quot;copyright&quot;:&quot;&quot;,&quot;focal_length&quot;:&quot;0&quot;,&quot;iso&quot;:&quot;0&quot;,&quot;shutter_speed&quot;:&quot;0&quot;,&quot;title&quot;:&quot;&quot;,&quot;orientation&quot;:&quot;1&quot;}\" data-image-title=\"SZ Landkreis Jacqueline Land Fluss Maisach 2021017\" data-image-description=\"\" data-image-caption=\"\" data-large-file=\"https:\/\/i0.wp.com\/deltaimage.de\/wp\/wp-content\/uploads\/SZ-Landkreis-Jacqueline-Land-Fluss-Maisach-2021017.jpg?fit=674%2C1200&amp;ssl=1\" class=\"aligncenter size-full wp-image-46013\" src=\"https:\/\/i0.wp.com\/deltaimage.de\/wp\/wp-content\/uploads\/SZ-Landkreis-Jacqueline-Land-Fluss-Maisach-2021017.jpg?resize=890%2C1585&#038;ssl=1\" alt=\"\" width=\"890\" height=\"1585\" srcset=\"https:\/\/i0.wp.com\/deltaimage.de\/wp\/wp-content\/uploads\/SZ-Landkreis-Jacqueline-Land-Fluss-Maisach-2021017.jpg?w=1061&amp;ssl=1 1061w, https:\/\/i0.wp.com\/deltaimage.de\/wp\/wp-content\/uploads\/SZ-Landkreis-Jacqueline-Land-Fluss-Maisach-2021017.jpg?resize=337%2C600&amp;ssl=1 337w, https:\/\/i0.wp.com\/deltaimage.de\/wp\/wp-content\/uploads\/SZ-Landkreis-Jacqueline-Land-Fluss-Maisach-2021017.jpg?resize=674%2C1200&amp;ssl=1 674w, https:\/\/i0.wp.com\/deltaimage.de\/wp\/wp-content\/uploads\/SZ-Landkreis-Jacqueline-Land-Fluss-Maisach-2021017.jpg?resize=112%2C200&amp;ssl=1 112w, https:\/\/i0.wp.com\/deltaimage.de\/wp\/wp-content\/uploads\/SZ-Landkreis-Jacqueline-Land-Fluss-Maisach-2021017.jpg?resize=863%2C1536&amp;ssl=1 863w, https:\/\/i0.wp.com\/deltaimage.de\/wp\/wp-content\/uploads\/SZ-Landkreis-Jacqueline-Land-Fluss-Maisach-2021017.jpg?resize=225%2C400&amp;ssl=1 225w\" sizes=\"auto, (max-width: 890px) 100vw, 890px\" \/><\/p>\n<p><!--more--><\/p>\n<p>Zusammen mit dem <strong>Kreisvorsitzenden Dr. Roderich Zauscher<\/strong> vom <a href=\"http:\/\/dachau.bund-naturschutz.de\"><strong>BUND Naturschutz in Bayern e.V. &#8211; Kreisgruppe Dachau<\/strong><\/a> und der <strong>Gebietsbetreuerin Elisabeth G\u00f6pfert<\/strong> erl\u00e4utern die beiden Naturexperten im <strong>Dachauer Moos<\/strong>, die wichtigen Fakten und das Zusammenwirken der <strong>Maisach<\/strong> und des <strong>Dachauer Mooses<\/strong>.<\/p>\n<p>&nbsp;<\/p>\n<h2>Hallo Herr Eschbach,<\/h2>\n<p>haben Sie zuf\u00e4llig Bilder von der Maisach, wir w\u00fcrden ein Flussportrait in der SZ machen.<\/p>\n<blockquote>\n<pre>Ja klar habe ich - wollen Sie auch noch einen Eisvogel an der Maisach mit dazu haben?<\/pre>\n<\/blockquote>\n<p>Ja sehr gerne.<\/p>\n<blockquote>\n<pre>Sie haben einen Eisvogel, wo war der denn, kann ich das sehen?<\/pre>\n<\/blockquote>\n<p>Die Stelle gibt es nicht mehr und damit auch der Platz des <strong>Eisvogels<\/strong>. Die umfangreichen Bauma\u00dfnahmen an der Hochwasserableitung der <strong>Maisach<\/strong> in die <strong>Amper<\/strong> hat dieses Ansitz des Eisvogels und vielleicht auch seine Brutst\u00e4tte komplett umgegraben, den Platz gibt es nicht mehr.<\/p>\n<p>Der durch die Ver\u00e4nderungen auch und gerade an der <strong>Maisach<\/strong> vollzogenen Umgestaltungen und Begradigungen l\u00e4sst das <strong>Hochwasser<\/strong> nicht mehr in die Wiesen und \u00c4cker ableiten, sondern trifft die Anwohner in den besiedelten Fl\u00e4chen mit voller Kraft. Dort wo mehr Natur erlaubt wird, wird manchmal auch an anderer Stelle wieder Natur zerst\u00f6rt.<\/p>\n","protected":false},"excerpt":{"rendered":"<p>Von: S\u00fcddeutsche Zeitung Jacqueline Lang, im Originalbeitrag &nbsp; Die Schn\u00f6rkellose Die Journalistin Jacqueline Lang schreibt einen Beitrag \u00fcber den kleinen Fluss Maisach am Nordrand des Dachauer Mooses, unmittelbar am \u00dcbergang [&hellip;]<\/p>\n","protected":false},"author":1,"featured_media":46006,"comment_status":"open","ping_status":"closed","sticky":false,"template":"","format":"standard","meta":{"wpupg_custom_link":[],"wpupg_custom_link_behaviour":["default"],"wpupg_custom_link_nofollow":[],"wpupg_custom_image":[],"wpupg_custom_image_id":[],"jetpack_post_was_ever_published":false,"footnotes":""},"categories":[3010,2523,8,3832,3800],"tags":[3981,2455,3980,1844,2897,67,2127,2760],"class_list":["post-46012","post","type-post","status-publish","format-standard","has-post-thumbnail","hentry","category-dachauer-land","category-dachauer-moos","category-news","category-presseschau","category-projekt-dachauer-moos","tag-alles-im-fluss","tag-fluss","tag-jacqueline-lang","tag-landkreis-dachau","tag-maisach","tag-paul-eschbach","tag-sueddeutsche-zeitung","tag-sz"],"jetpack_featured_media_url":"https:\/\/i0.wp.com\/deltaimage.de\/wp\/wp-content\/uploads\/Logo_Sueddeutsche-Zeitung.JPG.png?fit=1200%2C449&ssl=1","jetpack-related-posts":[{"id":44871,"url":"https:\/\/deltaimage.de\/wp\/?p=44871","url_meta":{"origin":46012,"position":0},"title":"S\u00fcddeutsche Zeitung: Momentaufnahmen der verletzlichen Natur","author":"EschbacP","date":"19. September 2024","format":false,"excerpt":"Beitrag von Renate Zauscher der S\u00fcddeutschen Zeitung vom 20.9.2024 zur Pressevorstellung des neuen Buchs \u00fcber die zweitgr\u00f6\u00dfte Niedermoor-Landschaft in Bayern Maisacher Moos im Landkreis Dachau (Palsweiser Moos) und im Landkreis F\u00fcrstenfeldbruck (Fu\u00dfbergmoos) von Paul Eschbach. URL: www.sz.de\/lux.JmowbeozsSWsTqrCHRvXdp Copyright: S\u00fcddeutsche Zeitung Digitale Medien GmbH \/ S\u00fcddeutsche Zeitung GmbH Quelle: SZ","rel":"","context":"In &quot;Buch&quot;","block_context":{"text":"Buch","link":"https:\/\/deltaimage.de\/wp\/?cat=1189"},"img":{"alt_text":"","src":"https:\/\/i0.wp.com\/deltaimage.de\/wp\/wp-content\/uploads\/IMG_9143_450.jpg?resize=350%2C200&ssl=1","width":350,"height":200},"classes":[]},{"id":45924,"url":"https:\/\/deltaimage.de\/wp\/?p=45924","url_meta":{"origin":46012,"position":1},"title":"S\u00fcddeutsche Zeitung SZplus: Schatzkammer der Natur &#8211; Fu\u00dfbergmoos","author":"EschbacP","date":"7. Oktober 2024","format":false,"excerpt":"Paul Eschbach war zu unterschiedlichen Jahres- und Tageszeiten im Maisacher Moos unterwegs. Sein neuer Bildband ist ein eindringliches Pl\u00e4doyer f\u00fcr den Erhalt der Tier- und Pflanzenwelt. Von Stefan Salger, im Originalbeitrag auf www.sueddeutsche.de Es gibt Parallelen zwischen der Serengeti in Ostafrika und dem Fu\u00dfbergmoos in der Gemeinde Maisach. Das mag\u2026","rel":"","context":"In &quot;Buch&quot;","block_context":{"text":"Buch","link":"https:\/\/deltaimage.de\/wp\/?cat=1189"},"img":{"alt_text":"","src":"https:\/\/i0.wp.com\/deltaimage.de\/wp\/wp-content\/uploads\/SZ_Schatzkammer_der_Natur_2_Hubert-Bauer-Falkner.jpg?resize=350%2C200&ssl=1","width":350,"height":200,"srcset":"https:\/\/i0.wp.com\/deltaimage.de\/wp\/wp-content\/uploads\/SZ_Schatzkammer_der_Natur_2_Hubert-Bauer-Falkner.jpg?resize=350%2C200&ssl=1 1x, https:\/\/i0.wp.com\/deltaimage.de\/wp\/wp-content\/uploads\/SZ_Schatzkammer_der_Natur_2_Hubert-Bauer-Falkner.jpg?resize=525%2C300&ssl=1 1.5x, https:\/\/i0.wp.com\/deltaimage.de\/wp\/wp-content\/uploads\/SZ_Schatzkammer_der_Natur_2_Hubert-Bauer-Falkner.jpg?resize=700%2C400&ssl=1 2x, https:\/\/i0.wp.com\/deltaimage.de\/wp\/wp-content\/uploads\/SZ_Schatzkammer_der_Natur_2_Hubert-Bauer-Falkner.jpg?resize=1050%2C600&ssl=1 3x, https:\/\/i0.wp.com\/deltaimage.de\/wp\/wp-content\/uploads\/SZ_Schatzkammer_der_Natur_2_Hubert-Bauer-Falkner.jpg?resize=1400%2C800&ssl=1 4x"},"classes":[]},{"id":47834,"url":"https:\/\/deltaimage.de\/wp\/?p=47834","url_meta":{"origin":46012,"position":2},"title":"Foto-Ausstellung in Maisach zum Maisacher Moos im Mai 2025","author":"EschbacP","date":"16. Februar 2025","format":false,"excerpt":"Die Gemeinde Maisach zeigt im Gemeindezentrum an der Riedlstra\u00dfe eine Fotoausstellung vom Dachauer Fotografen Paul Eschbach zum Maisacher Moos. \"Wo ist das Maisacher Moos heute noch zu sehen?\" \u00a0 Neun Tage lang werden die fotografischen Sch\u00f6nheiten dieser Niedermoor-Landschaft in gro\u00dfformatigen Bildmotiven und Informationstafeln ausgestellt. Das zweitgr\u00f6\u00dfte Niedermoor in Bayern wird\u2026","rel":"","context":"In &quot;Buch&quot;","block_context":{"text":"Buch","link":"https:\/\/deltaimage.de\/wp\/?cat=1189"},"img":{"alt_text":"","src":"https:\/\/i0.wp.com\/deltaimage.de\/wp\/wp-content\/uploads\/IMG_1199_1200.jpg?fit=1200%2C450&ssl=1&resize=350%2C200","width":350,"height":200,"srcset":"https:\/\/i0.wp.com\/deltaimage.de\/wp\/wp-content\/uploads\/IMG_1199_1200.jpg?fit=1200%2C450&ssl=1&resize=350%2C200 1x, https:\/\/i0.wp.com\/deltaimage.de\/wp\/wp-content\/uploads\/IMG_1199_1200.jpg?fit=1200%2C450&ssl=1&resize=525%2C300 1.5x, https:\/\/i0.wp.com\/deltaimage.de\/wp\/wp-content\/uploads\/IMG_1199_1200.jpg?fit=1200%2C450&ssl=1&resize=700%2C400 2x, https:\/\/i0.wp.com\/deltaimage.de\/wp\/wp-content\/uploads\/IMG_1199_1200.jpg?fit=1200%2C450&ssl=1&resize=1050%2C600 3x"},"classes":[]},{"id":46721,"url":"https:\/\/deltaimage.de\/wp\/?p=46721","url_meta":{"origin":46012,"position":3},"title":"S\u00fcddeutsche Zeitung: &#8222;Wenn der Boden nachgibt&#8220; &#8211; Informationsveranstaltung f\u00fcr das Maisacher Moos &#8211; 14.11.2024","author":"EschbacP","date":"15. November 2024","format":false,"excerpt":"Quelle: Renate Zauscher, Dachau. Link zum Originalbeitrag auf www.sueddeutsche.de. \u00a0 S\u00fcddeutsche Zeitung: Wenn der Boden nachgibt Die S\u00fcddeutsche Zeitung berichtet \u00fcber die Informationsveranstaltung im Sportheim \u00dcberacker zum Stand und der Entwicklung im Maisacher Moos.","rel":"","context":"In &quot;Dachauer Land&quot;","block_context":{"text":"Dachauer Land","link":"https:\/\/deltaimage.de\/wp\/?cat=3010"},"img":{"alt_text":"","src":"https:\/\/i0.wp.com\/deltaimage.de\/wp\/wp-content\/uploads\/Logo_Sueddeutsche-Zeitung.JPG.png?fit=1200%2C449&ssl=1&resize=350%2C200","width":350,"height":200,"srcset":"https:\/\/i0.wp.com\/deltaimage.de\/wp\/wp-content\/uploads\/Logo_Sueddeutsche-Zeitung.JPG.png?fit=1200%2C449&ssl=1&resize=350%2C200 1x, https:\/\/i0.wp.com\/deltaimage.de\/wp\/wp-content\/uploads\/Logo_Sueddeutsche-Zeitung.JPG.png?fit=1200%2C449&ssl=1&resize=525%2C300 1.5x, https:\/\/i0.wp.com\/deltaimage.de\/wp\/wp-content\/uploads\/Logo_Sueddeutsche-Zeitung.JPG.png?fit=1200%2C449&ssl=1&resize=700%2C400 2x, https:\/\/i0.wp.com\/deltaimage.de\/wp\/wp-content\/uploads\/Logo_Sueddeutsche-Zeitung.JPG.png?fit=1200%2C449&ssl=1&resize=1050%2C600 3x"},"classes":[]},{"id":46507,"url":"https:\/\/deltaimage.de\/wp\/?p=46507","url_meta":{"origin":46012,"position":4},"title":"S\u00fcddeutsche Zeitung: Schatzkammer der Natur &#8211; Dachau","author":"EschbacP","date":"9. November 2024","format":false,"excerpt":"\u00a0 S\u00fcddeutsche Zeitung - Lokalredaktion Dachau von Stefan Salger Die S\u00fcddeutsche Zeitung brachte in der Wochenendausgabe 2.\/3. November 2024 in der Lokalausgabe Dachau den Bericht von Stefan Salger aus F\u00fcrstenfeldbruck zu meinem neuen Foto-Bildband \u00fcber das Maisacher Mooses, dem Palsweiser Moos und dem zusammengeh\u00f6renden Fu\u00dfberger Moos). Link zum Originalbeitrag im\u2026","rel":"","context":"In &quot;Buch&quot;","block_context":{"text":"Buch","link":"https:\/\/deltaimage.de\/wp\/?cat=1189"},"img":{"alt_text":"","src":"https:\/\/i0.wp.com\/deltaimage.de\/wp\/wp-content\/uploads\/Logo_Sueddeutsche-Zeitung.JPG.png?fit=1200%2C449&ssl=1&resize=350%2C200","width":350,"height":200,"srcset":"https:\/\/i0.wp.com\/deltaimage.de\/wp\/wp-content\/uploads\/Logo_Sueddeutsche-Zeitung.JPG.png?fit=1200%2C449&ssl=1&resize=350%2C200 1x, https:\/\/i0.wp.com\/deltaimage.de\/wp\/wp-content\/uploads\/Logo_Sueddeutsche-Zeitung.JPG.png?fit=1200%2C449&ssl=1&resize=525%2C300 1.5x, https:\/\/i0.wp.com\/deltaimage.de\/wp\/wp-content\/uploads\/Logo_Sueddeutsche-Zeitung.JPG.png?fit=1200%2C449&ssl=1&resize=700%2C400 2x, https:\/\/i0.wp.com\/deltaimage.de\/wp\/wp-content\/uploads\/Logo_Sueddeutsche-Zeitung.JPG.png?fit=1200%2C449&ssl=1&resize=1050%2C600 3x"},"classes":[]},{"id":26513,"url":"https:\/\/deltaimage.de\/wp\/?p=26513","url_meta":{"origin":46012,"position":5},"title":"S\u00fcddeutsche Zeitung: Kanalsystem aus der Vogelperspektive von Paul Eschbach","author":"EschbacP","date":"24. Dezember 2020","format":false,"excerpt":"\u00a0 S\u00fcddeutsche Zeitung berichtet im Zeitungsteil ebenso \u00fcber unser neues Buch \u00fcber das Dachau-Schlei\u00dfheimer-Kanalsystem aus dem 17. und 18. Jahrhundert. Bis zum 19. Jahrhundert ern\u00e4hrte das Dachauer Moos die Menschen eher schlecht als recht. Nur eines hatte die Gegend gen\u00fcgend und im \u00dcberfluss - Wasser, Feuchtigkeit und Nebel. Heute wird\u2026","rel":"","context":"In &quot;Buch&quot;","block_context":{"text":"Buch","link":"https:\/\/deltaimage.de\/wp\/?cat=1189"},"img":{"alt_text":"","src":"https:\/\/i0.wp.com\/deltaimage.de\/wp\/wp-content\/uploads\/SZ-Beitrag-Kanalsystem-Buch.jpg?resize=350%2C200&ssl=1","width":350,"height":200,"srcset":"https:\/\/i0.wp.com\/deltaimage.de\/wp\/wp-content\/uploads\/SZ-Beitrag-Kanalsystem-Buch.jpg?resize=350%2C200&ssl=1 1x, https:\/\/i0.wp.com\/deltaimage.de\/wp\/wp-content\/uploads\/SZ-Beitrag-Kanalsystem-Buch.jpg?resize=525%2C300&ssl=1 1.5x"},"classes":[]}],"jetpack_sharing_enabled":true,"_links":{"self":[{"href":"https:\/\/deltaimage.de\/wp\/index.php?rest_route=\/wp\/v2\/posts\/46012","targetHints":{"allow":["GET"]}}],"collection":[{"href":"https:\/\/deltaimage.de\/wp\/index.php?rest_route=\/wp\/v2\/posts"}],"about":[{"href":"https:\/\/deltaimage.de\/wp\/index.php?rest_route=\/wp\/v2\/types\/post"}],"author":[{"embeddable":true,"href":"https:\/\/deltaimage.de\/wp\/index.php?rest_route=\/wp\/v2\/users\/1"}],"replies":[{"embeddable":true,"href":"https:\/\/deltaimage.de\/wp\/index.php?rest_route=%2Fwp%2Fv2%2Fcomments&post=46012"}],"version-history":[{"count":3,"href":"https:\/\/deltaimage.de\/wp\/index.php?rest_route=\/wp\/v2\/posts\/46012\/revisions"}],"predecessor-version":[{"id":46016,"href":"https:\/\/deltaimage.de\/wp\/index.php?rest_route=\/wp\/v2\/posts\/46012\/revisions\/46016"}],"wp:featuredmedia":[{"embeddable":true,"href":"https:\/\/deltaimage.de\/wp\/index.php?rest_route=\/wp\/v2\/media\/46006"}],"wp:attachment":[{"href":"https:\/\/deltaimage.de\/wp\/index.php?rest_route=%2Fwp%2Fv2%2Fmedia&parent=46012"}],"wp:term":[{"taxonomy":"category","embeddable":true,"href":"https:\/\/deltaimage.de\/wp\/index.php?rest_route=%2Fwp%2Fv2%2Fcategories&post=46012"},{"taxonomy":"post_tag","embeddable":true,"href":"https:\/\/deltaimage.de\/wp\/index.php?rest_route=%2Fwp%2Fv2%2Ftags&post=46012"}],"curies":[{"name":"wp","href":"https:\/\/api.w.org\/{rel}","templated":true}]}}