{"id":47317,"date":"2025-01-09T15:25:52","date_gmt":"2025-01-09T14:25:52","guid":{"rendered":"https:\/\/deltaimage.de\/wp\/?p=47317"},"modified":"2025-08-25T21:07:49","modified_gmt":"2025-08-25T19:07:49","slug":"ein-tag-im-bayerischen-armeemuseum-in-ingolstadt","status":"publish","type":"post","link":"https:\/\/deltaimage.de\/wp\/?p=47317","title":{"rendered":"Ein Tag im Bayerischen Armeemuseum in Ingolstadt"},"content":{"rendered":"\r\n<p><a href=\"https:\/\/deltaimage.de\/wp\/?page_id=40118\"><img data-recalc-dims=\"1\" loading=\"lazy\" decoding=\"async\" data-attachment-id=\"40115\" data-permalink=\"https:\/\/deltaimage.de\/wp\/?attachment_id=40115#main\" data-orig-file=\"https:\/\/i0.wp.com\/deltaimage.de\/wp\/wp-content\/uploads\/Stempel_DELTA-IMAGE_Quality.png?fit=961%2C960&amp;ssl=1\" data-orig-size=\"961,960\" data-comments-opened=\"1\" data-image-meta=\"{&quot;aperture&quot;:&quot;0&quot;,&quot;credit&quot;:&quot;&quot;,&quot;camera&quot;:&quot;&quot;,&quot;caption&quot;:&quot;&quot;,&quot;created_timestamp&quot;:&quot;0&quot;,&quot;copyright&quot;:&quot;&quot;,&quot;focal_length&quot;:&quot;0&quot;,&quot;iso&quot;:&quot;0&quot;,&quot;shutter_speed&quot;:&quot;0&quot;,&quot;title&quot;:&quot;&quot;,&quot;orientation&quot;:&quot;0&quot;}\" data-image-title=\"Stempel_DELTA IMAGE_Quality\" data-image-description=\"\" data-image-caption=\"\" data-large-file=\"https:\/\/i0.wp.com\/deltaimage.de\/wp\/wp-content\/uploads\/Stempel_DELTA-IMAGE_Quality.png?fit=890%2C889&amp;ssl=1\" class=\"alignright wp-image-40115 size-thumbnail\" src=\"https:\/\/i0.wp.com\/deltaimage.de\/wp\/wp-content\/uploads\/Stempel_DELTA-IMAGE_Quality.png?resize=200%2C200&#038;ssl=1\" alt=\"\" width=\"200\" height=\"200\" srcset=\"https:\/\/i0.wp.com\/deltaimage.de\/wp\/wp-content\/uploads\/Stempel_DELTA-IMAGE_Quality.png?resize=200%2C200&amp;ssl=1 200w, https:\/\/i0.wp.com\/deltaimage.de\/wp\/wp-content\/uploads\/Stempel_DELTA-IMAGE_Quality.png?resize=601%2C600&amp;ssl=1 601w, https:\/\/i0.wp.com\/deltaimage.de\/wp\/wp-content\/uploads\/Stempel_DELTA-IMAGE_Quality.png?resize=594%2C593&amp;ssl=1 594w, https:\/\/i0.wp.com\/deltaimage.de\/wp\/wp-content\/uploads\/Stempel_DELTA-IMAGE_Quality.png?resize=450%2C450&amp;ssl=1 450w, https:\/\/i0.wp.com\/deltaimage.de\/wp\/wp-content\/uploads\/Stempel_DELTA-IMAGE_Quality.png?resize=75%2C75&amp;ssl=1 75w, https:\/\/i0.wp.com\/deltaimage.de\/wp\/wp-content\/uploads\/Stempel_DELTA-IMAGE_Quality.png?resize=400%2C400&amp;ssl=1 400w, https:\/\/i0.wp.com\/deltaimage.de\/wp\/wp-content\/uploads\/Stempel_DELTA-IMAGE_Quality.png?resize=50%2C50&amp;ssl=1 50w, https:\/\/i0.wp.com\/deltaimage.de\/wp\/wp-content\/uploads\/Stempel_DELTA-IMAGE_Quality.png?w=961&amp;ssl=1 961w\" sizes=\"auto, (max-width: 200px) 100vw, 200px\" \/><\/a><\/p>\r\n<p>Das neue Jahr bringt auch gleich wieder einen neuen Termin mit dem <strong>Historiker<\/strong> und <strong>Experimental-Arch\u00e4ologen<\/strong> <strong>Dr. Marcus Junkelmann<\/strong> im Fotostudio. Standesgem\u00e4\u00df l\u00e4sst <strong>Dr. Marcus Junkelmann<\/strong> f\u00fcr uns gleich die ganze <strong>bayerische Armee<\/strong> auf dem <strong>Oberwiesenfeld<\/strong> aufmarschieren.<\/p>\r\n\r\n\r\n\r\n<p><img data-recalc-dims=\"1\" loading=\"lazy\" decoding=\"async\" data-attachment-id=\"47319\" data-permalink=\"https:\/\/deltaimage.de\/wp\/?attachment_id=47319#main\" data-orig-file=\"https:\/\/i0.wp.com\/deltaimage.de\/wp\/wp-content\/uploads\/1736431035646_1200.jpg?fit=1200%2C461&amp;ssl=1\" data-orig-size=\"1200,461\" data-comments-opened=\"1\" data-image-meta=\"{&quot;aperture&quot;:&quot;0&quot;,&quot;credit&quot;:&quot;&quot;,&quot;camera&quot;:&quot;&quot;,&quot;caption&quot;:&quot;&quot;,&quot;created_timestamp&quot;:&quot;0&quot;,&quot;copyright&quot;:&quot;&quot;,&quot;focal_length&quot;:&quot;0&quot;,&quot;iso&quot;:&quot;0&quot;,&quot;shutter_speed&quot;:&quot;0&quot;,&quot;title&quot;:&quot;&quot;,&quot;orientation&quot;:&quot;0&quot;}\" data-image-title=\"1736431035646_1200\" data-image-description=\"\" data-image-caption=\"\" data-large-file=\"https:\/\/i0.wp.com\/deltaimage.de\/wp\/wp-content\/uploads\/1736431035646_1200.jpg?fit=890%2C342&amp;ssl=1\" class=\"aligncenter size-full wp-image-47319\" src=\"https:\/\/i0.wp.com\/deltaimage.de\/wp\/wp-content\/uploads\/1736431035646_1200.jpg?resize=890%2C342&#038;ssl=1\" alt=\"\" width=\"890\" height=\"342\" srcset=\"https:\/\/i0.wp.com\/deltaimage.de\/wp\/wp-content\/uploads\/1736431035646_1200.jpg?w=1200&amp;ssl=1 1200w, https:\/\/i0.wp.com\/deltaimage.de\/wp\/wp-content\/uploads\/1736431035646_1200.jpg?resize=900%2C346&amp;ssl=1 900w, https:\/\/i0.wp.com\/deltaimage.de\/wp\/wp-content\/uploads\/1736431035646_1200.jpg?resize=300%2C115&amp;ssl=1 300w, https:\/\/i0.wp.com\/deltaimage.de\/wp\/wp-content\/uploads\/1736431035646_1200.jpg?resize=1041%2C400&amp;ssl=1 1041w\" sizes=\"auto, (max-width: 890px) 100vw, 890px\" \/><\/p>\r\n\r\n\r\n\r\n<p><!--more--><\/p>\r\n\r\n\r\n\r\n<p>&nbsp;<\/p>\r\n<h2>Fotografieren f\u00fcr eine neue Ver\u00f6ffentlichung<\/h2>\r\n\r\n\r\n\r\n<p>F\u00fcr <strong>Dr. Marcus Junkelmann<\/strong> habe ich schon in vielen Zeit-Epochen fotografiert, f\u00fcr Buchver\u00f6ffentlichungen und andere Publikationen und Veranstaltungen. So treffen wir uns wieder und ich habe die Rolle des Fotografen \u00fcbernommen.<\/p>\r\n\r\n\r\n\r\n<p>&nbsp;<\/p>\r\n\r\n\r\n\r\n<h2>Historische Fotografie in der Zeitepoche &#8230;<\/h2>\r\n\r\n\r\n\r\n<p>&#8230; das kann ich Ihnen jetzt aber noch nicht verraten. Nur eins, die Kombination aus <strong>Dr. Junkelmann<\/strong> und dem <strong>Bayerischen Armeemuseum Ingolstadt<\/strong> wird wieder etwas ganz Besonderes in der<strong> bayerischen Geschichte<\/strong>. Das m\u00f6chte ich dann doch preisgeben, versteht sich bei <strong>Dr. Junkelmann<\/strong> absolut von selbst:<\/p>\r\n<ul>\r\n<li>mal waren wir bei den <strong>R\u00f6mern in Bayern<\/strong>,<\/li>\r\n<li>mal war es der <strong>Drei\u00dfigj\u00e4hrige Krieg<\/strong>,<\/li>\r\n<li>dann auch mal die <strong>Schlacht bei H\u00f6chst\u00e4dt<\/strong>,<\/li>\r\n<li>dann in der <strong>Napoleonischen Zeit<\/strong>,<\/li>\r\n<li>dann die <strong>Befreiungskriege<\/strong><\/li>\r\n<\/ul>\r\n<p>bis zum <strong>ausgehenden 19. Jahrhundert<\/strong>.<\/p>\r\n\r\n\r\n\r\n<h2>\u00a0<\/h2>\r\n\r\n\r\n\r\n<h2>Fotografieren im Fotostudio kenne ich schon<\/h2>\r\n\r\n\r\n\r\n<p>Aber in einem Museum, einen ganzen Ausstellungssaal f\u00fcr uns zu bekommen, ist schon etwas Besonderes. In dem \u00fcbergro\u00dfen Saal ist dann auch noch eine \u00fcberdimensionierte wei\u00dfe Fotowand aufgebaut. Sowas habe ich noch nicht erlebt. Hier wird eine bestehende Ausstellung abgebaut und eine neue Ausstellung aufgebaut. So kommen wir mit unserem Fototermin zeitlich gerade recht und bekommen perfekte Foto-M\u00f6glichkeiten.<\/p>\r\n\r\n\r\n\r\n<p>&nbsp;<\/p>\r\n\r\n\r\n\r\n<h2>Die bayerische Armee ist verschwindend klein &#8230;<\/h2>\r\n\r\n\r\n\r\n<p>In diesem Schlosssaal als Ausstellungsraum. Ich bin schon ganz gespannt, was da an neuer Ausstellung hinkommt. Da plane ich mir gleich den n\u00e4chsten Besuch ein.<\/p>\r\n\r\n\r\n","protected":false},"excerpt":{"rendered":"<p>Das neue Jahr bringt auch gleich wieder einen neuen Termin mit dem Historiker und Experimental-Arch\u00e4ologen Dr. Marcus Junkelmann im Fotostudio. Standesgem\u00e4\u00df l\u00e4sst Dr. Marcus Junkelmann f\u00fcr uns gleich die ganze [&hellip;]<\/p>\n","protected":false},"author":1,"featured_media":47319,"comment_status":"open","ping_status":"closed","sticky":false,"template":"","format":"standard","meta":{"wpupg_custom_link":[],"wpupg_custom_link_behaviour":["default"],"wpupg_custom_link_nofollow":["default"],"wpupg_custom_image":[],"wpupg_custom_image_id":[],"jetpack_post_was_ever_published":false,"footnotes":""},"categories":[848,3831,8],"tags":[3728,3664,2377,4066,3665],"class_list":["post-47317","post","type-post","status-publish","format-standard","has-post-thumbnail","hentry","category-fotografie","category-geschichte-als-fest-dr-marcus-junkelmann","category-news","tag-bayerische-geschichte","tag-bayerisches-armeemuseum","tag-dr-marcus-junkelmann","tag-fotostudio","tag-ingolstadt"],"jetpack_featured_media_url":"https:\/\/i0.wp.com\/deltaimage.de\/wp\/wp-content\/uploads\/1736431035646_1200.jpg?fit=1200%2C461&ssl=1","jetpack-related-posts":[{"id":42142,"url":"https:\/\/deltaimage.de\/wp\/?p=42142","url_meta":{"origin":47317,"position":0},"title":"Neue B\u00fccher mit Dr. Marcus Junkelmann entstehen","author":"EschbacP","date":"27. Dezember 2023","format":false,"excerpt":"... und dieses mal wird gleich richtig geschossen. Buchprojekte mit dem Historiker, Experiment-Arch\u00e4ologen und Buchautor Dr. Marcus Junkelmann sind immer etwas ganz Besonderes - in jeglicher Hinsicht. Als Fotograf f\u00fcr die Bucheinb\u00e4nde und die Darstellung der wichtigen Szenen bin ich wieder mit dabei. Als Ort der Handlung haben wir uns\u2026","rel":"","context":"In &quot;Buch&quot;","block_context":{"text":"Buch","link":"https:\/\/deltaimage.de\/wp\/?cat=1189"},"img":{"alt_text":"","src":"https:\/\/i0.wp.com\/deltaimage.de\/wp\/wp-content\/uploads\/PE5D0382_1200.jpg?fit=1200%2C450&ssl=1&resize=350%2C200","width":350,"height":200,"srcset":"https:\/\/i0.wp.com\/deltaimage.de\/wp\/wp-content\/uploads\/PE5D0382_1200.jpg?fit=1200%2C450&ssl=1&resize=350%2C200 1x, https:\/\/i0.wp.com\/deltaimage.de\/wp\/wp-content\/uploads\/PE5D0382_1200.jpg?fit=1200%2C450&ssl=1&resize=525%2C300 1.5x, https:\/\/i0.wp.com\/deltaimage.de\/wp\/wp-content\/uploads\/PE5D0382_1200.jpg?fit=1200%2C450&ssl=1&resize=700%2C400 2x, https:\/\/i0.wp.com\/deltaimage.de\/wp\/wp-content\/uploads\/PE5D0382_1200.jpg?fit=1200%2C450&ssl=1&resize=1050%2C600 3x"},"classes":[]},{"id":42734,"url":"https:\/\/deltaimage.de\/wp\/?p=42734","url_meta":{"origin":47317,"position":1},"title":"Musketiere mit Dr. Marcus Junkelmann im Bayerischen Armeemuseum Ingolstadt","author":"EschbacP","date":"22. M\u00e4rz 2024","format":false,"excerpt":"Die Geschichte zu erz\u00e4hlen, ohne ein dazugeh\u00f6riges geschichts-akkurates Darstellungsprogramm mit Akteuren und historischen Gegenst\u00e4nden, ist nicht nach dem Gusto vom bekannten Historiker und Experimentalarch\u00e4ologen Dr. Marcus Junkelmann. Zu seiner neuen Buchvorstellung, \u00fcber die neuen B\u00fccher zu den Soldaten des Drei\u00dfigj\u00e4hrigen Krieges, im Bayerischen Armeemuseum, wird die Kriegskunst auch gleich im\u2026","rel":"","context":"In &quot;Geschichte als Fest - Dr. Marcus Junkelmann&quot;","block_context":{"text":"Geschichte als Fest - Dr. Marcus Junkelmann","link":"https:\/\/deltaimage.de\/wp\/?cat=3831"},"img":{"alt_text":"","src":"https:\/\/i0.wp.com\/deltaimage.de\/wp\/wp-content\/uploads\/PE1S0140_1200.jpg?fit=1200%2C450&ssl=1&resize=350%2C200","width":350,"height":200,"srcset":"https:\/\/i0.wp.com\/deltaimage.de\/wp\/wp-content\/uploads\/PE1S0140_1200.jpg?fit=1200%2C450&ssl=1&resize=350%2C200 1x, https:\/\/i0.wp.com\/deltaimage.de\/wp\/wp-content\/uploads\/PE1S0140_1200.jpg?fit=1200%2C450&ssl=1&resize=525%2C300 1.5x, https:\/\/i0.wp.com\/deltaimage.de\/wp\/wp-content\/uploads\/PE1S0140_1200.jpg?fit=1200%2C450&ssl=1&resize=700%2C400 2x, https:\/\/i0.wp.com\/deltaimage.de\/wp\/wp-content\/uploads\/PE1S0140_1200.jpg?fit=1200%2C450&ssl=1&resize=1050%2C600 3x"},"classes":[]},{"id":42715,"url":"https:\/\/deltaimage.de\/wp\/?p=42715","url_meta":{"origin":47317,"position":2},"title":"Pikeniere mit Dr. Marcus Junkelmann im Bayerischen Armeemuseum Ingolstadt","author":"EschbacP","date":"22. M\u00e4rz 2024","format":false,"excerpt":"Die Geschichte zu erz\u00e4hlen, ohne ein dazugeh\u00f6riges geschichts-akkurates Darstellungsprogramm mit Akteuren und historischen Gegenst\u00e4nden, ist nicht nach dem Gusto vom bekannten Historiker und Experimentalarch\u00e4ologen Dr. Marcus Junkelmann. Zu seiner neuen Buchvorstellung, \u00fcber die neuen B\u00fccher zu den Soldaten des Dreissigj\u00e4hrigen Krieges, im Bayerischen Armeemuseum, wird die Kriegskunst auch gleich im\u2026","rel":"","context":"In &quot;Buch&quot;","block_context":{"text":"Buch","link":"https:\/\/deltaimage.de\/wp\/?cat=1189"},"img":{"alt_text":"","src":"https:\/\/i0.wp.com\/deltaimage.de\/wp\/wp-content\/uploads\/PE1S0231_1200-1.jpg?fit=1200%2C450&ssl=1&resize=350%2C200","width":350,"height":200,"srcset":"https:\/\/i0.wp.com\/deltaimage.de\/wp\/wp-content\/uploads\/PE1S0231_1200-1.jpg?fit=1200%2C450&ssl=1&resize=350%2C200 1x, https:\/\/i0.wp.com\/deltaimage.de\/wp\/wp-content\/uploads\/PE1S0231_1200-1.jpg?fit=1200%2C450&ssl=1&resize=525%2C300 1.5x, https:\/\/i0.wp.com\/deltaimage.de\/wp\/wp-content\/uploads\/PE1S0231_1200-1.jpg?fit=1200%2C450&ssl=1&resize=700%2C400 2x, https:\/\/i0.wp.com\/deltaimage.de\/wp\/wp-content\/uploads\/PE1S0231_1200-1.jpg?fit=1200%2C450&ssl=1&resize=1050%2C600 3x"},"classes":[]},{"id":42698,"url":"https:\/\/deltaimage.de\/wp\/?p=42698","url_meta":{"origin":47317,"position":3},"title":"Buchvorstellung Dr. Junkelmann im Bayerischen Armeemuseum Ingolstadt","author":"EschbacP","date":"21. M\u00e4rz 2024","format":false,"excerpt":"\u00a0 Der bekannte Historiker und Buchautor Dr. Marcus Junkelmann stellt im Bayerischen Armeemuseum in Ingolstadt, drei neue B\u00fccher, erg\u00e4nzend zur neuen Ausstellung, Formen des Krieges 1600-1815, \u00fcber die Kriegsf\u00fchrung und die Soldaten im Drei\u00dfigj\u00e4hrigen Krieg, vor. Wir durften Dr. Junkelmann wieder einmal mit der Ausarbeitung der Pr\u00e4sentation f\u00fcr diesen Abend\u2026","rel":"","context":"In &quot;Buch&quot;","block_context":{"text":"Buch","link":"https:\/\/deltaimage.de\/wp\/?cat=1189"},"img":{"alt_text":"","src":"https:\/\/i0.wp.com\/deltaimage.de\/wp\/wp-content\/uploads\/PE1S0111_1200.jpg?fit=1200%2C450&ssl=1&resize=350%2C200","width":350,"height":200,"srcset":"https:\/\/i0.wp.com\/deltaimage.de\/wp\/wp-content\/uploads\/PE1S0111_1200.jpg?fit=1200%2C450&ssl=1&resize=350%2C200 1x, https:\/\/i0.wp.com\/deltaimage.de\/wp\/wp-content\/uploads\/PE1S0111_1200.jpg?fit=1200%2C450&ssl=1&resize=525%2C300 1.5x, https:\/\/i0.wp.com\/deltaimage.de\/wp\/wp-content\/uploads\/PE1S0111_1200.jpg?fit=1200%2C450&ssl=1&resize=700%2C400 2x, https:\/\/i0.wp.com\/deltaimage.de\/wp\/wp-content\/uploads\/PE1S0111_1200.jpg?fit=1200%2C450&ssl=1&resize=1050%2C600 3x"},"classes":[]},{"id":42506,"url":"https:\/\/deltaimage.de\/wp\/?p=42506","url_meta":{"origin":47317,"position":4},"title":"3-mal Junkelmann f\u00fcrs Armeemuseum sind da!","author":"EschbacP","date":"7. Februar 2024","format":false,"excerpt":"Lange haben wir gewartet, auf die Auslieferung der drei neuen B\u00fccher von Dr. Marcus Junkelmann zum Drei\u00dfigj\u00e4hrigen Krieg. Auch die ersten BestellerInnen, waren schon etwas ungeduldig, aber es hat sich gelohnt. \u00a0 Formen des Krieges im Bayerischen Armeemuseum in Ingolstadt Das Bayerische Armeemuseum widmet die neue Ausstellung den \"Formen des\u2026","rel":"","context":"In &quot;Buch&quot;","block_context":{"text":"Buch","link":"https:\/\/deltaimage.de\/wp\/?cat=1189"},"img":{"alt_text":"","src":"https:\/\/i0.wp.com\/deltaimage.de\/wp\/wp-content\/uploads\/IMG_8694-1200.jpg?fit=1200%2C450&ssl=1&resize=350%2C200","width":350,"height":200,"srcset":"https:\/\/i0.wp.com\/deltaimage.de\/wp\/wp-content\/uploads\/IMG_8694-1200.jpg?fit=1200%2C450&ssl=1&resize=350%2C200 1x, https:\/\/i0.wp.com\/deltaimage.de\/wp\/wp-content\/uploads\/IMG_8694-1200.jpg?fit=1200%2C450&ssl=1&resize=525%2C300 1.5x, https:\/\/i0.wp.com\/deltaimage.de\/wp\/wp-content\/uploads\/IMG_8694-1200.jpg?fit=1200%2C450&ssl=1&resize=700%2C400 2x, https:\/\/i0.wp.com\/deltaimage.de\/wp\/wp-content\/uploads\/IMG_8694-1200.jpg?fit=1200%2C450&ssl=1&resize=1050%2C600 3x"},"classes":[]},{"id":42521,"url":"https:\/\/deltaimage.de\/wp\/?p=42521","url_meta":{"origin":47317,"position":5},"title":"Buchvorstellung Dr. Junkelmann im Bayerischen Armeemuseum","author":"EschbacP","date":"11. Februar 2024","format":false,"excerpt":"Buchvorstellung - Soldaten des Drei\u00dfigj\u00e4hrigen Krieges 21. M\u00e4rz 2024- 18.00 Uhr im neuen Schloss Ingolstadt (Bayerisches Armeemuseum) \u00a0 Programm des Abends Dr. Ansgar Rei\u00df - Begr\u00fc\u00dfung Dr. Marcus Junkelmann - Vorstellung des Projektes: Der Pikenier \u2013 Der Musketier \u2013 Der K\u00fcrassier anschlie\u00dfend praktische Vorf\u00fchrungen im Schlosshof Der Historiker Dr. Marcus\u2026","rel":"","context":"In &quot;Buch&quot;","block_context":{"text":"Buch","link":"https:\/\/deltaimage.de\/wp\/?cat=1189"},"img":{"alt_text":"","src":"https:\/\/i0.wp.com\/deltaimage.de\/wp\/wp-content\/uploads\/PE5D0295_1200.jpg?fit=1200%2C450&ssl=1&resize=350%2C200","width":350,"height":200,"srcset":"https:\/\/i0.wp.com\/deltaimage.de\/wp\/wp-content\/uploads\/PE5D0295_1200.jpg?fit=1200%2C450&ssl=1&resize=350%2C200 1x, https:\/\/i0.wp.com\/deltaimage.de\/wp\/wp-content\/uploads\/PE5D0295_1200.jpg?fit=1200%2C450&ssl=1&resize=525%2C300 1.5x, https:\/\/i0.wp.com\/deltaimage.de\/wp\/wp-content\/uploads\/PE5D0295_1200.jpg?fit=1200%2C450&ssl=1&resize=700%2C400 2x, https:\/\/i0.wp.com\/deltaimage.de\/wp\/wp-content\/uploads\/PE5D0295_1200.jpg?fit=1200%2C450&ssl=1&resize=1050%2C600 3x"},"classes":[]}],"jetpack_sharing_enabled":true,"_links":{"self":[{"href":"https:\/\/deltaimage.de\/wp\/index.php?rest_route=\/wp\/v2\/posts\/47317","targetHints":{"allow":["GET"]}}],"collection":[{"href":"https:\/\/deltaimage.de\/wp\/index.php?rest_route=\/wp\/v2\/posts"}],"about":[{"href":"https:\/\/deltaimage.de\/wp\/index.php?rest_route=\/wp\/v2\/types\/post"}],"author":[{"embeddable":true,"href":"https:\/\/deltaimage.de\/wp\/index.php?rest_route=\/wp\/v2\/users\/1"}],"replies":[{"embeddable":true,"href":"https:\/\/deltaimage.de\/wp\/index.php?rest_route=%2Fwp%2Fv2%2Fcomments&post=47317"}],"version-history":[{"count":9,"href":"https:\/\/deltaimage.de\/wp\/index.php?rest_route=\/wp\/v2\/posts\/47317\/revisions"}],"predecessor-version":[{"id":51765,"href":"https:\/\/deltaimage.de\/wp\/index.php?rest_route=\/wp\/v2\/posts\/47317\/revisions\/51765"}],"wp:featuredmedia":[{"embeddable":true,"href":"https:\/\/deltaimage.de\/wp\/index.php?rest_route=\/wp\/v2\/media\/47319"}],"wp:attachment":[{"href":"https:\/\/deltaimage.de\/wp\/index.php?rest_route=%2Fwp%2Fv2%2Fmedia&parent=47317"}],"wp:term":[{"taxonomy":"category","embeddable":true,"href":"https:\/\/deltaimage.de\/wp\/index.php?rest_route=%2Fwp%2Fv2%2Fcategories&post=47317"},{"taxonomy":"post_tag","embeddable":true,"href":"https:\/\/deltaimage.de\/wp\/index.php?rest_route=%2Fwp%2Fv2%2Ftags&post=47317"}],"curies":[{"name":"wp","href":"https:\/\/api.w.org\/{rel}","templated":true}]}}