{"id":47567,"date":"2025-01-22T19:28:43","date_gmt":"2025-01-22T18:28:43","guid":{"rendered":"https:\/\/deltaimage.de\/wp\/?p=47567"},"modified":"2025-08-25T21:06:23","modified_gmt":"2025-08-25T19:06:23","slug":"buch-neuvorstellung-dachauer-moos-schwarzhoelzl-krenmoos-regatta-anlage-von-paul-eschbach","status":"publish","type":"post","link":"https:\/\/deltaimage.de\/wp\/?p=47567","title":{"rendered":"Buch-Neuvorstellung &#8211; Dachauer Moos: Schwarzh\u00f6lzl, Krenmoos &#038; Regatta-Anlage von Paul Eschbach"},"content":{"rendered":"<p><a href=\"https:\/\/deltaimage.de\/wp\/?page_id=40118\"><img data-recalc-dims=\"1\" loading=\"lazy\" decoding=\"async\" data-attachment-id=\"40115\" data-permalink=\"https:\/\/deltaimage.de\/wp\/?attachment_id=40115#main\" data-orig-file=\"https:\/\/i0.wp.com\/deltaimage.de\/wp\/wp-content\/uploads\/Stempel_DELTA-IMAGE_Quality.png?fit=961%2C960&amp;ssl=1\" data-orig-size=\"961,960\" data-comments-opened=\"1\" data-image-meta=\"{&quot;aperture&quot;:&quot;0&quot;,&quot;credit&quot;:&quot;&quot;,&quot;camera&quot;:&quot;&quot;,&quot;caption&quot;:&quot;&quot;,&quot;created_timestamp&quot;:&quot;0&quot;,&quot;copyright&quot;:&quot;&quot;,&quot;focal_length&quot;:&quot;0&quot;,&quot;iso&quot;:&quot;0&quot;,&quot;shutter_speed&quot;:&quot;0&quot;,&quot;title&quot;:&quot;&quot;,&quot;orientation&quot;:&quot;0&quot;}\" data-image-title=\"Stempel_DELTA IMAGE_Quality\" data-image-description=\"\" data-image-caption=\"\" data-large-file=\"https:\/\/i0.wp.com\/deltaimage.de\/wp\/wp-content\/uploads\/Stempel_DELTA-IMAGE_Quality.png?fit=890%2C889&amp;ssl=1\" class=\"alignright wp-image-40115 size-thumbnail\" src=\"https:\/\/i0.wp.com\/deltaimage.de\/wp\/wp-content\/uploads\/Stempel_DELTA-IMAGE_Quality.png?resize=200%2C200&#038;ssl=1\" alt=\"\" width=\"200\" height=\"200\" srcset=\"https:\/\/i0.wp.com\/deltaimage.de\/wp\/wp-content\/uploads\/Stempel_DELTA-IMAGE_Quality.png?resize=200%2C200&amp;ssl=1 200w, https:\/\/i0.wp.com\/deltaimage.de\/wp\/wp-content\/uploads\/Stempel_DELTA-IMAGE_Quality.png?resize=601%2C600&amp;ssl=1 601w, https:\/\/i0.wp.com\/deltaimage.de\/wp\/wp-content\/uploads\/Stempel_DELTA-IMAGE_Quality.png?resize=594%2C593&amp;ssl=1 594w, https:\/\/i0.wp.com\/deltaimage.de\/wp\/wp-content\/uploads\/Stempel_DELTA-IMAGE_Quality.png?resize=450%2C450&amp;ssl=1 450w, https:\/\/i0.wp.com\/deltaimage.de\/wp\/wp-content\/uploads\/Stempel_DELTA-IMAGE_Quality.png?resize=75%2C75&amp;ssl=1 75w, https:\/\/i0.wp.com\/deltaimage.de\/wp\/wp-content\/uploads\/Stempel_DELTA-IMAGE_Quality.png?resize=400%2C400&amp;ssl=1 400w, https:\/\/i0.wp.com\/deltaimage.de\/wp\/wp-content\/uploads\/Stempel_DELTA-IMAGE_Quality.png?resize=50%2C50&amp;ssl=1 50w, https:\/\/i0.wp.com\/deltaimage.de\/wp\/wp-content\/uploads\/Stempel_DELTA-IMAGE_Quality.png?w=961&amp;ssl=1 961w\" sizes=\"auto, (max-width: 200px) 100vw, 200px\" \/><\/a><\/p>\n<h2>Buch-Neuvorstellung: FOTO-BILDBAND zum Schwarzh\u00f6lzl und Krenmoos<\/h2>\n<p><a href=\"https:\/\/deltaimage.de\/wp\/?page_id=45287\"><strong>DELTA IMAGE &#8211; Eigenverlag<\/strong><\/a> stellt einen neuen <strong>FOTO-BILDBAND<\/strong>\u00a0zum <strong>Dachauer Moos<\/strong> vor. Der <strong>Foto-Bildband<\/strong> zum <strong>Schwarzh\u00f6lzl<\/strong> und <strong>Krenmoos<\/strong> vom <strong>Dachauer Fotografen Paul Eschbach<\/strong> sucht im zweiten Band der <strong>FOTO-BILDBAND<\/strong><strong>-Reihe<\/strong> wieder nach den <strong>Sch\u00f6nheiten in der Natur- und Kulturlandschaft<\/strong>. Das gr\u00f6\u00dfte <strong>Naturschutzgebiet<\/strong> (NSG) im <strong>Landkreis Dachau<\/strong> ist das <strong>Schwarzh\u00f6lzl<\/strong> mit einer besonderen Geschichte.<\/p>\n<p>&nbsp;<\/p>\n<p><img data-recalc-dims=\"1\" loading=\"lazy\" decoding=\"async\" data-attachment-id=\"42760\" data-permalink=\"https:\/\/deltaimage.de\/wp\/?attachment_id=42760#main\" data-orig-file=\"https:\/\/i0.wp.com\/deltaimage.de\/wp\/wp-content\/uploads\/PED48057_1200.jpg?fit=1200%2C450&amp;ssl=1\" data-orig-size=\"1200,450\" data-comments-opened=\"1\" data-image-meta=\"{&quot;aperture&quot;:&quot;6.3&quot;,&quot;credit&quot;:&quot;Paul Eschbach&quot;,&quot;camera&quot;:&quot;Canon EOS-1D Mark IV&quot;,&quot;caption&quot;:&quot;&quot;,&quot;created_timestamp&quot;:&quot;1711375814&quot;,&quot;copyright&quot;:&quot;www.deltaimage.de&quot;,&quot;focal_length&quot;:&quot;400&quot;,&quot;iso&quot;:&quot;200&quot;,&quot;shutter_speed&quot;:&quot;0.001&quot;,&quot;title&quot;:&quot;&quot;,&quot;orientation&quot;:&quot;0&quot;}\" data-image-title=\"PED48057_1200\" data-image-description=\"\" data-image-caption=\"\" data-large-file=\"https:\/\/i0.wp.com\/deltaimage.de\/wp\/wp-content\/uploads\/PED48057_1200.jpg?fit=890%2C334&amp;ssl=1\" class=\"aligncenter size-full wp-image-42760\" src=\"https:\/\/i0.wp.com\/deltaimage.de\/wp\/wp-content\/uploads\/PED48057_1200.jpg?resize=890%2C334&#038;ssl=1\" alt=\"\" width=\"890\" height=\"334\" srcset=\"https:\/\/i0.wp.com\/deltaimage.de\/wp\/wp-content\/uploads\/PED48057_1200.jpg?w=1200&amp;ssl=1 1200w, https:\/\/i0.wp.com\/deltaimage.de\/wp\/wp-content\/uploads\/PED48057_1200.jpg?resize=900%2C338&amp;ssl=1 900w, https:\/\/i0.wp.com\/deltaimage.de\/wp\/wp-content\/uploads\/PED48057_1200.jpg?resize=300%2C113&amp;ssl=1 300w, https:\/\/i0.wp.com\/deltaimage.de\/wp\/wp-content\/uploads\/PED48057_1200.jpg?resize=1067%2C400&amp;ssl=1 1067w\" sizes=\"auto, (max-width: 890px) 100vw, 890px\" \/><\/p>\n<p>&nbsp;<\/p>\n<blockquote>\n<pre>Was ist heute aus der Mooslandschaft geworden und was ist noch zu erleben? \r\nPaul Eschbach, Fotograf und Buchautor aus Dachau<\/pre>\n<\/blockquote>\n<p>&nbsp;<\/p>\n<p><!--more--><\/p>\n<h2>Die Niedermoor-Landschaft im Dachauer Moos im Buch<\/h2>\n<p>Die hier behandelten <strong>Niedermoor-Landschaften<\/strong> im <strong>Schwarzh\u00f6lzl<\/strong>, im <strong>Krenmoos<\/strong> und der <strong>Regatta-Anlage <\/strong>liegen zwischen den Orten:<\/p>\n<ul>\n<li>Norden: <strong>Kanalsystem Dachau \u2013 Schlei\u00dfheim<\/strong>, seit dem 17. Jahrhundert; <strong>Oberschlei\u00dfheim<\/strong><\/li>\n<li>Osten: <strong>Regatta\u2013Anlage<\/strong> zu den <strong>XX. Olympischen Sommersielen 1972<\/strong> in den Sportarten Rudern und Kanu<\/li>\n<li>S\u00fcden: <strong>Kanalsystem Karlsfeld \u2013 Schlei\u00dfheim<\/strong>, seit ausgehendem 16. Jahrhundert; <strong>Feldmoching<\/strong><\/li>\n<li>Westen: <strong>Karlsfeld<\/strong>; Karlsfelder See<\/li>\n<li>Nord-West: <strong>Dachau<\/strong><\/li>\n<\/ul>\n<p>&nbsp;<\/p>\n<p><img data-recalc-dims=\"1\" loading=\"lazy\" decoding=\"async\" data-attachment-id=\"40603\" data-permalink=\"https:\/\/deltaimage.de\/wp\/?attachment_id=40603#main\" data-orig-file=\"https:\/\/i0.wp.com\/deltaimage.de\/wp\/wp-content\/uploads\/PANO_20230730_104712_1200.jpg?fit=1200%2C389&amp;ssl=1\" data-orig-size=\"1200,389\" data-comments-opened=\"1\" data-image-meta=\"{&quot;aperture&quot;:&quot;0&quot;,&quot;credit&quot;:&quot;&quot;,&quot;camera&quot;:&quot;2201116SG&quot;,&quot;caption&quot;:&quot;&quot;,&quot;created_timestamp&quot;:&quot;1690714032&quot;,&quot;copyright&quot;:&quot;&quot;,&quot;focal_length&quot;:&quot;0&quot;,&quot;iso&quot;:&quot;0&quot;,&quot;shutter_speed&quot;:&quot;0&quot;,&quot;title&quot;:&quot;&quot;,&quot;orientation&quot;:&quot;0&quot;}\" data-image-title=\"PANO_20230730_104712_1200\" data-image-description=\"\" data-image-caption=\"\" data-large-file=\"https:\/\/i0.wp.com\/deltaimage.de\/wp\/wp-content\/uploads\/PANO_20230730_104712_1200.jpg?fit=890%2C289&amp;ssl=1\" class=\"aligncenter size-full wp-image-40603\" src=\"https:\/\/i0.wp.com\/deltaimage.de\/wp\/wp-content\/uploads\/PANO_20230730_104712_1200.jpg?resize=890%2C289&#038;ssl=1\" alt=\"\" width=\"890\" height=\"289\" srcset=\"https:\/\/i0.wp.com\/deltaimage.de\/wp\/wp-content\/uploads\/PANO_20230730_104712_1200.jpg?w=1200&amp;ssl=1 1200w, https:\/\/i0.wp.com\/deltaimage.de\/wp\/wp-content\/uploads\/PANO_20230730_104712_1200.jpg?resize=900%2C292&amp;ssl=1 900w, https:\/\/i0.wp.com\/deltaimage.de\/wp\/wp-content\/uploads\/PANO_20230730_104712_1200.jpg?resize=300%2C97&amp;ssl=1 300w, https:\/\/i0.wp.com\/deltaimage.de\/wp\/wp-content\/uploads\/PANO_20230730_104712_1200.jpg?resize=890%2C289&amp;ssl=1 890w\" sizes=\"auto, (max-width: 890px) 100vw, 890px\" \/><\/p>\n<p>&nbsp;<\/p>\n<h2>Geschichte des Naturschutzgebietes Schwarzh\u00f6lzl<\/h2>\n<p>Die <strong>Niedermoor-Landschaft<\/strong> des <strong>Schwarzh\u00f6lzls<\/strong> ist durch den Bestand an <strong>Kiefern<\/strong> gepr\u00e4gt worden und hat auch daher seinen Namen bekommen. Die <strong>Kiefern<\/strong> sind sowohl im <strong>Niedermoor<\/strong>, als auch auf der <strong>M\u00fcnchener Schotterebene<\/strong> im Besonderen an den Standort angepasst. Durch die tiefe Pfahlwurzel und den geraden und unverzweigten Wuchs sind die <strong>Kiefern<\/strong> besonders standfest und k\u00f6nnen auch bis zum tiefer gelegenen <strong>Grundwasser<\/strong> vordringen.<\/p>\n<p>Das <strong>Niedermoor<\/strong> wurde bereits einmal im Jahr 1913 unter <strong>Naturschutz<\/strong> gestellt. Der <strong>Torfabbau<\/strong> und die <strong>Trockenlegung<\/strong> des Mooses haben aber ihr Werk vollbracht und bereits im Jahr 1921 wurde dieser Schutz wieder aufgehoben, da alles Sch\u00fctzenswerte eh schon verschwunden und umgenutzt war.<\/p>\n<p>Die unerm\u00fcdlichen Bem\u00fchungen von <strong>Josef Koller<\/strong>, der praktisch im <strong>Schwarzh\u00f6lzl<\/strong> und im <strong>Krenmoos\u00a0<\/strong> schon als Jugendlicher mit seinem Vater viel Freizeit verbracht hatte, bewirkte bereits 1983 die Ausweisung als <strong>Landschaftsschutzgebiet<\/strong> (LSG). Dann zeigte sich die Natur wiederum verletzlich, und die letzten Orchideen und besonders sch\u00fctzenswerten Pflanzen einer <strong>Niedermoor-Landschaft<\/strong> wurden r\u00fccksichtslos ausgegraben. Die sp\u00fcrbare <strong>Grundwasserabsenkung<\/strong> durch die massive <strong>Niedermoor-Entw\u00e4sserung<\/strong> mit dem Bau der <strong>Regatta-Anlage<\/strong> hat ein \u00dcbriges mit dazu getan. Es war nun Zeit im Jahr 1993, diese letzten Reste im <strong>Schwarzh\u00f6lzl<\/strong> wiederum unter dem sch\u00e4rferen Schutz als <strong>Naturschutzgebiet<\/strong> auszuweisen.<\/p>\n<p>&nbsp;<\/p>\n<p><a href=\"https:\/\/shop.deltaimage.de\/?product=foto-bildband-schwarzhoelzl-krenmoos-regatta-anlage-im-dachauer-moos-von-paul-eschbach\"><img data-recalc-dims=\"1\" loading=\"lazy\" decoding=\"async\" data-attachment-id=\"47580\" data-permalink=\"https:\/\/deltaimage.de\/wp\/?attachment_id=47580#main\" data-orig-file=\"https:\/\/i0.wp.com\/deltaimage.de\/wp\/wp-content\/uploads\/Dachauer-Moos-Schwarzhoelzl_1200.jpg?fit=1200%2C840&amp;ssl=1\" data-orig-size=\"1200,840\" data-comments-opened=\"1\" data-image-meta=\"{&quot;aperture&quot;:&quot;0&quot;,&quot;credit&quot;:&quot;Paul Eschbach&quot;,&quot;camera&quot;:&quot;&quot;,&quot;caption&quot;:&quot;&quot;,&quot;created_timestamp&quot;:&quot;1720644763&quot;,&quot;copyright&quot;:&quot;&quot;,&quot;focal_length&quot;:&quot;0&quot;,&quot;iso&quot;:&quot;0&quot;,&quot;shutter_speed&quot;:&quot;0&quot;,&quot;title&quot;:&quot;&quot;,&quot;orientation&quot;:&quot;1&quot;}\" data-image-title=\"Dachauer Moos &#8211; Schwarzh\u00f6lzl_1200\" data-image-description=\"\" data-image-caption=\"&lt;p&gt;Dachauer Moos: Schwarzh\u00f6lzl, Krenmoos &#038; Regatta-Anlage&lt;\/p&gt;\n\" data-large-file=\"https:\/\/i0.wp.com\/deltaimage.de\/wp\/wp-content\/uploads\/Dachauer-Moos-Schwarzhoelzl_1200.jpg?fit=890%2C623&amp;ssl=1\" class=\"aligncenter wp-image-47580 size-full\" src=\"https:\/\/i0.wp.com\/deltaimage.de\/wp\/wp-content\/uploads\/Dachauer-Moos-Schwarzhoelzl_1200.jpg?resize=890%2C623&#038;ssl=1\" alt=\"\" width=\"890\" height=\"623\" srcset=\"https:\/\/i0.wp.com\/deltaimage.de\/wp\/wp-content\/uploads\/Dachauer-Moos-Schwarzhoelzl_1200.jpg?w=1200&amp;ssl=1 1200w, https:\/\/i0.wp.com\/deltaimage.de\/wp\/wp-content\/uploads\/Dachauer-Moos-Schwarzhoelzl_1200.jpg?resize=857%2C600&amp;ssl=1 857w, https:\/\/i0.wp.com\/deltaimage.de\/wp\/wp-content\/uploads\/Dachauer-Moos-Schwarzhoelzl_1200.jpg?resize=286%2C200&amp;ssl=1 286w, https:\/\/i0.wp.com\/deltaimage.de\/wp\/wp-content\/uploads\/Dachauer-Moos-Schwarzhoelzl_1200.jpg?resize=571%2C400&amp;ssl=1 571w\" sizes=\"auto, (max-width: 890px) 100vw, 890px\" \/><\/a><\/p>\n<p><a href=\"https:\/\/shop.deltaimage.de\/?product=foto-bildband-schwarzhoelzl-krenmoos-regatta-anlage-im-dachauer-moos-von-paul-eschbach\"><strong>Zum neuen Buch in shop.deltaimage.de<\/strong><\/a>.<\/p>\n<p>Der Einband des Buches zeigt eine <strong>Helm-Azurjungfer<\/strong> am <strong>Moosgraben<\/strong> im <strong>Naturschutzgebiet<\/strong> und <strong>FFH-Schutzgebiet<\/strong> <strong>Schwarzh\u00f6lzl<\/strong>. Die Lebensr\u00e4ume sind in Deutschland im Verschwinden und daher wird die <strong>Helm-Azurjungfer<\/strong> in der <strong>Roten Liste<\/strong> derzeit als \u201estark gef\u00e4hrdet\u201c gef\u00fchrt.\u00a0<sup id=\"cite_ref-1\" class=\"reference\"><\/sup>Die <strong>Helm-Azurjungfer<\/strong> ist europaweit eine der Libellenarten mit dem h\u00f6chsten Schutzstatus.<\/p>\n<p>&nbsp;<\/p>\n<div class=\"su-row\"> <div class=\"su-column su-column-size-1-3\"><div class=\"su-column-inner su-u-clearfix su-u-trim\">\n<p><img data-recalc-dims=\"1\" loading=\"lazy\" decoding=\"async\" data-attachment-id=\"40551\" data-permalink=\"https:\/\/deltaimage.de\/wp\/?attachment_id=40551#main\" data-orig-file=\"https:\/\/i0.wp.com\/deltaimage.de\/wp\/wp-content\/uploads\/PE1S2273_1200.jpg?fit=1200%2C450&amp;ssl=1\" data-orig-size=\"1200,450\" data-comments-opened=\"1\" data-image-meta=\"{&quot;aperture&quot;:&quot;5.6&quot;,&quot;credit&quot;:&quot;Paul Eschbach&quot;,&quot;camera&quot;:&quot;Canon EOS-1Ds Mark III&quot;,&quot;caption&quot;:&quot;&quot;,&quot;created_timestamp&quot;:&quot;1689685351&quot;,&quot;copyright&quot;:&quot;&quot;,&quot;focal_length&quot;:&quot;400&quot;,&quot;iso&quot;:&quot;400&quot;,&quot;shutter_speed&quot;:&quot;0.0015625&quot;,&quot;title&quot;:&quot;&quot;,&quot;orientation&quot;:&quot;0&quot;}\" data-image-title=\"PE1S2273_1200\" data-image-description=\"\" data-image-caption=\"\" data-large-file=\"https:\/\/i0.wp.com\/deltaimage.de\/wp\/wp-content\/uploads\/PE1S2273_1200.jpg?fit=890%2C334&amp;ssl=1\" class=\"aligncenter size-full wp-image-40551\" src=\"https:\/\/i0.wp.com\/deltaimage.de\/wp\/wp-content\/uploads\/PE1S2273_1200.jpg?resize=890%2C334&#038;ssl=1\" alt=\"\" width=\"890\" height=\"334\" srcset=\"https:\/\/i0.wp.com\/deltaimage.de\/wp\/wp-content\/uploads\/PE1S2273_1200.jpg?w=1200&amp;ssl=1 1200w, https:\/\/i0.wp.com\/deltaimage.de\/wp\/wp-content\/uploads\/PE1S2273_1200.jpg?resize=900%2C338&amp;ssl=1 900w, https:\/\/i0.wp.com\/deltaimage.de\/wp\/wp-content\/uploads\/PE1S2273_1200.jpg?resize=300%2C113&amp;ssl=1 300w, https:\/\/i0.wp.com\/deltaimage.de\/wp\/wp-content\/uploads\/PE1S2273_1200.jpg?resize=890%2C334&amp;ssl=1 890w, https:\/\/i0.wp.com\/deltaimage.de\/wp\/wp-content\/uploads\/PE1S2273_1200.jpg?resize=1067%2C400&amp;ssl=1 1067w\" sizes=\"auto, (max-width: 890px) 100vw, 890px\" \/><\/p>\n<h2>Naturschutzgebiet (NSG) Schwarzh\u00f6lzl<\/h2>\n<p>Das <strong>Schwarzh\u00f6lzl<\/strong> ist als <strong>Naturschutzgebiet<\/strong> (NSG) seit 1993 unter Schutz gestellt, nachdem das Gebiet seit 1983 unter <strong>Landschaftsschutz<\/strong> (LSG) stand. Dies ist vor allem dem Karlsfelder-Natursch\u00fctzer und Ornithologen <strong>Josef Koller<\/strong> zu verdanken, der sich schon seit Ende der '60er Jahre um die Erhaltung dieses fr\u00fcheren <strong>Naturschutzgebiets<\/strong>, sehr aktiv eingesetzt hatte. Das <strong>Naturschutzgebiet Schwarzh\u00f6lzl<\/strong> liegt fl\u00e4chenm\u00e4\u00dfig in der Landeshauptstadt <strong>M\u00fcnchen<\/strong>, den Gemeinden <strong>Feldmoching<\/strong>, <strong>Oberschlei\u00dfheim<\/strong> und\u00a0<strong>Karlsfeld<\/strong>.<\/p>\n<\/div><\/div> <div class=\"su-column su-column-size-1-3\"><div class=\"su-column-inner su-u-clearfix su-u-trim\">\n<p><img data-recalc-dims=\"1\" loading=\"lazy\" decoding=\"async\" data-attachment-id=\"40107\" data-permalink=\"https:\/\/deltaimage.de\/wp\/?attachment_id=40107#main\" data-orig-file=\"https:\/\/i0.wp.com\/deltaimage.de\/wp\/wp-content\/uploads\/PE5D6961_1200.jpg?fit=1200%2C450&amp;ssl=1\" data-orig-size=\"1200,450\" data-comments-opened=\"1\" data-image-meta=\"{&quot;aperture&quot;:&quot;6.3&quot;,&quot;credit&quot;:&quot;Paul Eschbach&quot;,&quot;camera&quot;:&quot;Canon EOS 5DS R&quot;,&quot;caption&quot;:&quot;&quot;,&quot;created_timestamp&quot;:&quot;1685038999&quot;,&quot;copyright&quot;:&quot;DELTA IMAGE www.deltaimage.de&quot;,&quot;focal_length&quot;:&quot;400&quot;,&quot;iso&quot;:&quot;200&quot;,&quot;shutter_speed&quot;:&quot;0.001&quot;,&quot;title&quot;:&quot;&quot;,&quot;orientation&quot;:&quot;0&quot;}\" data-image-title=\"PE5D6961_1200\" data-image-description=\"\" data-image-caption=\"\" data-large-file=\"https:\/\/i0.wp.com\/deltaimage.de\/wp\/wp-content\/uploads\/PE5D6961_1200.jpg?fit=890%2C334&amp;ssl=1\" class=\"aligncenter size-full wp-image-40107\" src=\"https:\/\/i0.wp.com\/deltaimage.de\/wp\/wp-content\/uploads\/PE5D6961_1200.jpg?resize=890%2C334&#038;ssl=1\" alt=\"\" width=\"890\" height=\"334\" srcset=\"https:\/\/i0.wp.com\/deltaimage.de\/wp\/wp-content\/uploads\/PE5D6961_1200.jpg?w=1200&amp;ssl=1 1200w, https:\/\/i0.wp.com\/deltaimage.de\/wp\/wp-content\/uploads\/PE5D6961_1200.jpg?resize=900%2C338&amp;ssl=1 900w, https:\/\/i0.wp.com\/deltaimage.de\/wp\/wp-content\/uploads\/PE5D6961_1200.jpg?resize=300%2C113&amp;ssl=1 300w, https:\/\/i0.wp.com\/deltaimage.de\/wp\/wp-content\/uploads\/PE5D6961_1200.jpg?resize=890%2C334&amp;ssl=1 890w, https:\/\/i0.wp.com\/deltaimage.de\/wp\/wp-content\/uploads\/PE5D6961_1200.jpg?resize=1067%2C400&amp;ssl=1 1067w\" sizes=\"auto, (max-width: 890px) 100vw, 890px\" \/><\/p>\n<h2>Landschaftsschutzgebiet (LSG) Krenmoos<\/h2>\n<p>Das <strong>Schwarzh\u00f6lzl<\/strong> ist umgeben von dem <strong>Landschaftsschutzgebiet<\/strong> (LSG) <strong>Krenmoos<\/strong>, zwischen der Gemeinde Karlsfeld, der Landkreisgrenze zu M\u00fcnchen-Land, dem Krebsbach und der Siedlung Schwarzh\u00f6lzl. Auf dieser Naturfl\u00e4che ist eines der wichtigen Brutgebiete des gesch\u00fctzten Kiebitz und das FFH-Schutzgebiet f\u00fcr die ebenso streng gesch\u00fctzten Helm-Azurjungfer.<\/p>\n<\/div><\/div> <div class=\"su-column su-column-size-1-3\"><div class=\"su-column-inner su-u-clearfix su-u-trim\">\n<p><img data-recalc-dims=\"1\" loading=\"lazy\" decoding=\"async\" data-attachment-id=\"35434\" data-permalink=\"https:\/\/deltaimage.de\/wp\/?attachment_id=35434#main\" data-orig-file=\"https:\/\/i0.wp.com\/deltaimage.de\/wp\/wp-content\/uploads\/PE1D1974_1200.jpg?fit=1200%2C450&amp;ssl=1\" data-orig-size=\"1200,450\" data-comments-opened=\"0\" data-image-meta=\"{&quot;aperture&quot;:&quot;5.6&quot;,&quot;credit&quot;:&quot;DELTA IMAGE Paul Eschbach&quot;,&quot;camera&quot;:&quot;Canon EOS-1D Mark III&quot;,&quot;caption&quot;:&quot;&quot;,&quot;created_timestamp&quot;:&quot;1658577072&quot;,&quot;copyright&quot;:&quot;&quot;,&quot;focal_length&quot;:&quot;560&quot;,&quot;iso&quot;:&quot;800&quot;,&quot;shutter_speed&quot;:&quot;0.0002&quot;,&quot;title&quot;:&quot;&quot;,&quot;orientation&quot;:&quot;0&quot;}\" data-image-title=\"PE1D1974_1200\" data-image-description=\"\" data-image-caption=\"\" data-large-file=\"https:\/\/i0.wp.com\/deltaimage.de\/wp\/wp-content\/uploads\/PE1D1974_1200.jpg?fit=890%2C334&amp;ssl=1\" class=\"aligncenter size-full wp-image-35434\" src=\"https:\/\/i0.wp.com\/deltaimage.de\/wp\/wp-content\/uploads\/PE1D1974_1200.jpg?resize=890%2C334&#038;ssl=1\" alt=\"\" width=\"890\" height=\"334\" srcset=\"https:\/\/i0.wp.com\/deltaimage.de\/wp\/wp-content\/uploads\/PE1D1974_1200.jpg?w=1200&amp;ssl=1 1200w, https:\/\/i0.wp.com\/deltaimage.de\/wp\/wp-content\/uploads\/PE1D1974_1200.jpg?resize=900%2C338&amp;ssl=1 900w, https:\/\/i0.wp.com\/deltaimage.de\/wp\/wp-content\/uploads\/PE1D1974_1200.jpg?resize=300%2C113&amp;ssl=1 300w, https:\/\/i0.wp.com\/deltaimage.de\/wp\/wp-content\/uploads\/PE1D1974_1200.jpg?resize=890%2C334&amp;ssl=1 890w, https:\/\/i0.wp.com\/deltaimage.de\/wp\/wp-content\/uploads\/PE1D1974_1200.jpg?resize=1067%2C400&amp;ssl=1 1067w\" sizes=\"auto, (max-width: 890px) 100vw, 890px\" \/><\/p>\n<h2>Regatta-Anlage der XX. Olympischen Sommerspiele 1972<\/h2>\n<p>Die weitl\u00e4ufige <strong>Regatta-Anlage<\/strong> liegt mitten in der Niedermoor-Landschaft und ist heute ein Teil des <strong>Naturschutzgebietes<\/strong> (NSG) <strong>Schwarzh\u00f6lzl<\/strong>. Die Bauma\u00dfnahmen f\u00fchrten zu einer merklichen Absenkung des Grundwasserstandes und zu einer Entw\u00e4sserung der <strong>Niedermoor-Landschaften<\/strong>. Aus dem Aushub zum Bau der <strong>Regatta-Anlage<\/strong> ist der <strong>Schwarzh\u00f6lzl-Berg<\/strong> im <strong>Schwarzh\u00f6lzl<\/strong> entstanden.<\/p>\n<\/div><\/div><\/div>\n<p>&nbsp;<\/p>\n<h2><strong>FOTO-BILDBAND: Dachauer Moos \u2013 Schwarzh\u00f6lzl und Krenmoos fotografiert von Paul Eschbach<\/strong><\/h2>\n<ul>\n<li><strong>FOTO-BILDBAND<\/strong><\/li>\n<li>gebundene Ausgabe (Hardcover)<\/li>\n<li>Buchgr\u00f6\u00dfe: DIN A4 210 x 297 mm;\u00a0Querformat<\/li>\n<li>232 Seiten<\/li>\n<li>Buchgewicht: 1,1 kg<\/li>\n<li>ISBN: 978-3-911461-04-7<\/li>\n<li>Neuerscheinung Februar 2025<\/li>\n<\/ul>\n<p>Der <strong>FOTO-BILDBAND<\/strong> zum <strong><a href=\"https:\/\/shop.deltaimage.de\/?product=foto-bildband-schwarzhoelzl-krenmoos-regatta-anlage-im-dachauer-moos-von-paul-eschbach\">Dachauer Moos: <\/a><\/strong><strong>Schwarzh\u00f6lzl, Krenmoos und Regatta-Anlage<\/strong> ist erh\u00e4ltlich im online-Shop von <a href=\"https:\/\/deltaimage.de\/wp\/?page_id=45287\"><strong>DELTA IMAGE-Eigenverlag<\/strong><\/a> <a href=\"https:\/\/shop.deltaimage.de\"><strong>https:\/\/shop.deltaimage.de<\/strong><\/a>.<\/p>\n","protected":false},"excerpt":{"rendered":"<p>Buch-Neuvorstellung: FOTO-BILDBAND zum Schwarzh\u00f6lzl und Krenmoos DELTA IMAGE &#8211; Eigenverlag stellt einen neuen FOTO-BILDBAND\u00a0zum Dachauer Moos vor. Der Foto-Bildband zum Schwarzh\u00f6lzl und Krenmoos vom Dachauer Fotografen Paul Eschbach sucht im [&hellip;]<\/p>\n","protected":false},"author":1,"featured_media":47591,"comment_status":"open","ping_status":"closed","sticky":false,"template":"","format":"standard","meta":{"wpupg_custom_link":[],"wpupg_custom_link_behaviour":["default"],"wpupg_custom_link_nofollow":["default"],"wpupg_custom_image":[],"wpupg_custom_image_id":[],"jetpack_post_was_ever_published":true,"footnotes":""},"categories":[1189,3010,2523,81,3217,8,3800],"tags":[4071,775,3399,414,4072,3044,3371,72,4073,67,4074,620],"class_list":["post-47567","post","type-post","status-publish","format-standard","has-post-thumbnail","hentry","category-buch","category-dachauer-land","category-dachauer-moos","category-fotobuch","category-naturfotografie","category-news","category-projekt-dachauer-moos","tag-buch-neuvorstellung-dachauer-moos-schwarzhoelzl-krenmoos-regatta-anlage","tag-dachauer-moos","tag-delta-image-eigenverlag","tag-fotograf","tag-helm-azurjungfer","tag-krenmoos","tag-naturschutzgebiet","tag-oberschleissheim","tag-olympische-sommerspiele-1972","tag-paul-eschbach","tag-rudern-und-kanu","tag-schwarzhoelzl"],"jetpack_featured_media_url":"https:\/\/i0.wp.com\/deltaimage.de\/wp\/wp-content\/uploads\/Plakat_Schwarzhoelzl_1200.jpg?fit=1198%2C450&ssl=1","jetpack-related-posts":[{"id":54179,"url":"https:\/\/deltaimage.de\/wp\/?p=54179","url_meta":{"origin":47567,"position":0},"title":"Fr\u00fchbl\u00fcher im Schwarzh\u00f6lzl &#8211; der Fr\u00fchling ist schon voll im Kommen!","author":"EschbacP","date":"22. M\u00e4rz 2026","format":false,"excerpt":"Der Winter endet am 20. M\u00e4rz, dann beginnt der Fr\u00fchling auf dem Kalender. In der Natur zeigt sich der Fr\u00fchling mit den ersten Bl\u00fcten in Wald und Flur. Die Fr\u00fchbl\u00fcher zeigen sich als Erste und bringen in das Grau-Braun der Landschaft die ersten leuchtenden Farbtupfer. Die Fr\u00fchbl\u00fcher hei\u00dfen so, weil\u2026","rel":"","context":"In &quot;Dachauer Land&quot;","block_context":{"text":"Dachauer Land","link":"https:\/\/deltaimage.de\/wp\/?cat=3010"},"img":{"alt_text":"","src":"https:\/\/i0.wp.com\/deltaimage.de\/wp\/wp-content\/uploads\/IMG_0335_1200.jpg?fit=1200%2C450&ssl=1&resize=350%2C200","width":350,"height":200,"srcset":"https:\/\/i0.wp.com\/deltaimage.de\/wp\/wp-content\/uploads\/IMG_0335_1200.jpg?fit=1200%2C450&ssl=1&resize=350%2C200 1x, https:\/\/i0.wp.com\/deltaimage.de\/wp\/wp-content\/uploads\/IMG_0335_1200.jpg?fit=1200%2C450&ssl=1&resize=525%2C300 1.5x, https:\/\/i0.wp.com\/deltaimage.de\/wp\/wp-content\/uploads\/IMG_0335_1200.jpg?fit=1200%2C450&ssl=1&resize=700%2C400 2x, https:\/\/i0.wp.com\/deltaimage.de\/wp\/wp-content\/uploads\/IMG_0335_1200.jpg?fit=1200%2C450&ssl=1&resize=1050%2C600 3x"},"classes":[]},{"id":52436,"url":"https:\/\/deltaimage.de\/wp\/?p=52436","url_meta":{"origin":47567,"position":1},"title":"FOTO-Ausstellung von Paul Eschbach zum Dachauer Moos ist vorbereitet!","author":"EschbacP","date":"10. Oktober 2025","format":false,"excerpt":"In der Volkshochschule Bergkirchen (vhs Bergkirchen) beginnt ab 17. Oktober 2025 eine neue FOTO-Ausstellung zum Dachauer Moos vom Dachauer Fotografen Paul Eschbach mit einer \u00f6ffentlichen Vernissage am Freitag, 17.10.2025 18:30 Uhr. Die Weitl\u00e4ufigkeit und die Sch\u00f6nheit des Dachauer Mooses zeigt Paul Eschbach in seiner FOTO-Ausstellung mit 20 gro\u00dfformatigen Farbfotos in\u2026","rel":"","context":"In &quot;Dachauer Land&quot;","block_context":{"text":"Dachauer Land","link":"https:\/\/deltaimage.de\/wp\/?cat=3010"},"img":{"alt_text":"","src":"https:\/\/i0.wp.com\/deltaimage.de\/wp\/wp-content\/uploads\/1760109157303_1200.jpg?fit=1200%2C450&ssl=1&resize=350%2C200","width":350,"height":200,"srcset":"https:\/\/i0.wp.com\/deltaimage.de\/wp\/wp-content\/uploads\/1760109157303_1200.jpg?fit=1200%2C450&ssl=1&resize=350%2C200 1x, https:\/\/i0.wp.com\/deltaimage.de\/wp\/wp-content\/uploads\/1760109157303_1200.jpg?fit=1200%2C450&ssl=1&resize=525%2C300 1.5x, https:\/\/i0.wp.com\/deltaimage.de\/wp\/wp-content\/uploads\/1760109157303_1200.jpg?fit=1200%2C450&ssl=1&resize=700%2C400 2x, https:\/\/i0.wp.com\/deltaimage.de\/wp\/wp-content\/uploads\/1760109157303_1200.jpg?fit=1200%2C450&ssl=1&resize=1050%2C600 3x"},"classes":[]},{"id":47543,"url":"https:\/\/deltaimage.de\/wp\/?p=47543","url_meta":{"origin":47567,"position":2},"title":"Schwarzh\u00f6lzl im Winter mit einem sonnigen Sonntag","author":"EschbacP","date":"21. Januar 2025","format":false,"excerpt":"Der Herbst 2024 und der Winter 2024\/2025 erscheint hier im Dachauer Moos sehr einheitlich und dauerhaft unter einem Hochnebel zu liegen. Die Landschaft liegt fotografisch in einem tr\u00fcben und wenig spektakul\u00e4ren Licht, was wiederum Auswirkungen bei der Suche nach spannenden Bildmotiven hat. In keinem der letzten 30 Jahre, war ich\u2026","rel":"","context":"In &quot;Dachauer Land&quot;","block_context":{"text":"Dachauer Land","link":"https:\/\/deltaimage.de\/wp\/?cat=3010"},"img":{"alt_text":"","src":"https:\/\/i0.wp.com\/deltaimage.de\/wp\/wp-content\/uploads\/PED48569_1200.jpg?fit=1200%2C450&ssl=1&resize=350%2C200","width":350,"height":200,"srcset":"https:\/\/i0.wp.com\/deltaimage.de\/wp\/wp-content\/uploads\/PED48569_1200.jpg?fit=1200%2C450&ssl=1&resize=350%2C200 1x, https:\/\/i0.wp.com\/deltaimage.de\/wp\/wp-content\/uploads\/PED48569_1200.jpg?fit=1200%2C450&ssl=1&resize=525%2C300 1.5x, https:\/\/i0.wp.com\/deltaimage.de\/wp\/wp-content\/uploads\/PED48569_1200.jpg?fit=1200%2C450&ssl=1&resize=700%2C400 2x, https:\/\/i0.wp.com\/deltaimage.de\/wp\/wp-content\/uploads\/PED48569_1200.jpg?fit=1200%2C450&ssl=1&resize=1050%2C600 3x"},"classes":[]},{"id":45879,"url":"https:\/\/deltaimage.de\/wp\/?p=45879","url_meta":{"origin":47567,"position":3},"title":"Lohhofer Anzeiger: Neues Buch &#8222;Dachauer Moos&#8220; &#8211; Die Niedermoorlandschaft im Wechsel der Jahreszeiten","author":"EschbacP","date":"5. Oktober 2024","format":false,"excerpt":"Lohhofer Anzeiger: Neues Buch \"Dachauer Moos\" - Die Niedermoorlandschaft im Wechsel der Jahreszeiten \u00a0 Die Niedermoorlandschaft im Wechsel der Jahreszeiten neues Buch \"Dachauer Moos\" Im Dachauer Moos wandelt sich die Niedermoorlandschaft \u00fcber die letzten Jahre durch viele vernetzende Ma\u00dfnahmen im Natur- und Umweltschutz zu einer immer\u00a0 wertvolleren Naturlandschaft. Die Wiedervern\u00e4ssung\u2026","rel":"","context":"In &quot;Buch&quot;","block_context":{"text":"Buch","link":"https:\/\/deltaimage.de\/wp\/?cat=1189"},"img":{"alt_text":"","src":"https:\/\/i0.wp.com\/deltaimage.de\/wp\/wp-content\/uploads\/logo_Lohofer-Anzeiger_950-300x58.jpg?resize=350%2C200&ssl=1","width":350,"height":200},"classes":[]},{"id":48046,"url":"https:\/\/deltaimage.de\/wp\/?p=48046","url_meta":{"origin":47567,"position":4},"title":"Fest- und Fotoausstellung zum Dachauer Moos im Dachauer Wasserturm \u00fcber 4 Wochen Ausstellungsdauer","author":"EschbacP","date":"3. M\u00e4rz 2025","format":false,"excerpt":"Wir pr\u00e4sentieren Ihnen die neue Fest- und Fotoausstellung im Dachauer Wasserturm von DELTA IMAGE (Paul Eschbach) in enger Zusammenarbeit mit der Kreisgruppe Dachau des BUND Naturschutz in Bayern e. V. Der Anlass dieser Ausstellung \u00fcber 5 Wochenenden ist das 50-j\u00e4hrige Bestehen der Kreisgruppe von 1975 bis 2025. Solch ein Jubil\u00e4um\u2026","rel":"","context":"In &quot;Ausstellung \/ Sonderausstellung&quot;","block_context":{"text":"Ausstellung \/ Sonderausstellung","link":"https:\/\/deltaimage.de\/wp\/?cat=860"},"img":{"alt_text":"","src":"https:\/\/i0.wp.com\/deltaimage.de\/wp\/wp-content\/uploads\/IMG_20250307_095011_1200.jpg?fit=1200%2C450&ssl=1&resize=350%2C200","width":350,"height":200,"srcset":"https:\/\/i0.wp.com\/deltaimage.de\/wp\/wp-content\/uploads\/IMG_20250307_095011_1200.jpg?fit=1200%2C450&ssl=1&resize=350%2C200 1x, https:\/\/i0.wp.com\/deltaimage.de\/wp\/wp-content\/uploads\/IMG_20250307_095011_1200.jpg?fit=1200%2C450&ssl=1&resize=525%2C300 1.5x, https:\/\/i0.wp.com\/deltaimage.de\/wp\/wp-content\/uploads\/IMG_20250307_095011_1200.jpg?fit=1200%2C450&ssl=1&resize=700%2C400 2x, https:\/\/i0.wp.com\/deltaimage.de\/wp\/wp-content\/uploads\/IMG_20250307_095011_1200.jpg?fit=1200%2C450&ssl=1&resize=1050%2C600 3x"},"classes":[]},{"id":38209,"url":"https:\/\/deltaimage.de\/wp\/?p=38209","url_meta":{"origin":47567,"position":5},"title":"Winter im Dachauer Moos im Dezember","author":"EschbacP","date":"24. Dezember 2022","format":false,"excerpt":"Der Winter bietet im Moos ein ganz anderes Gesicht, dem Fotografen und der BesucherIn. Der kleine See empf\u00e4ngt uns Fotografen mit einem herrlichen Nebel \u00fcber der Wasserfl\u00e4che. Die flache und monotone Landschaft f\u00e4ngt das Auge erst wieder an der n\u00e4chsten Baumreihe, oder am n\u00e4chsten Graben. Gerade dies ist die Zeit\u2026","rel":"","context":"In &quot;Dachauer Land&quot;","block_context":{"text":"Dachauer Land","link":"https:\/\/deltaimage.de\/wp\/?cat=3010"},"img":{"alt_text":"","src":"https:\/\/i0.wp.com\/deltaimage.de\/wp\/wp-content\/uploads\/PE1S1359_1200.jpg?fit=1200%2C450&ssl=1&resize=350%2C200","width":350,"height":200,"srcset":"https:\/\/i0.wp.com\/deltaimage.de\/wp\/wp-content\/uploads\/PE1S1359_1200.jpg?fit=1200%2C450&ssl=1&resize=350%2C200 1x, https:\/\/i0.wp.com\/deltaimage.de\/wp\/wp-content\/uploads\/PE1S1359_1200.jpg?fit=1200%2C450&ssl=1&resize=525%2C300 1.5x, https:\/\/i0.wp.com\/deltaimage.de\/wp\/wp-content\/uploads\/PE1S1359_1200.jpg?fit=1200%2C450&ssl=1&resize=700%2C400 2x, https:\/\/i0.wp.com\/deltaimage.de\/wp\/wp-content\/uploads\/PE1S1359_1200.jpg?fit=1200%2C450&ssl=1&resize=1050%2C600 3x"},"classes":[]}],"jetpack_sharing_enabled":true,"_links":{"self":[{"href":"https:\/\/deltaimage.de\/wp\/index.php?rest_route=\/wp\/v2\/posts\/47567","targetHints":{"allow":["GET"]}}],"collection":[{"href":"https:\/\/deltaimage.de\/wp\/index.php?rest_route=\/wp\/v2\/posts"}],"about":[{"href":"https:\/\/deltaimage.de\/wp\/index.php?rest_route=\/wp\/v2\/types\/post"}],"author":[{"embeddable":true,"href":"https:\/\/deltaimage.de\/wp\/index.php?rest_route=\/wp\/v2\/users\/1"}],"replies":[{"embeddable":true,"href":"https:\/\/deltaimage.de\/wp\/index.php?rest_route=%2Fwp%2Fv2%2Fcomments&post=47567"}],"version-history":[{"count":24,"href":"https:\/\/deltaimage.de\/wp\/index.php?rest_route=\/wp\/v2\/posts\/47567\/revisions"}],"predecessor-version":[{"id":51758,"href":"https:\/\/deltaimage.de\/wp\/index.php?rest_route=\/wp\/v2\/posts\/47567\/revisions\/51758"}],"wp:featuredmedia":[{"embeddable":true,"href":"https:\/\/deltaimage.de\/wp\/index.php?rest_route=\/wp\/v2\/media\/47591"}],"wp:attachment":[{"href":"https:\/\/deltaimage.de\/wp\/index.php?rest_route=%2Fwp%2Fv2%2Fmedia&parent=47567"}],"wp:term":[{"taxonomy":"category","embeddable":true,"href":"https:\/\/deltaimage.de\/wp\/index.php?rest_route=%2Fwp%2Fv2%2Fcategories&post=47567"},{"taxonomy":"post_tag","embeddable":true,"href":"https:\/\/deltaimage.de\/wp\/index.php?rest_route=%2Fwp%2Fv2%2Ftags&post=47567"}],"curies":[{"name":"wp","href":"https:\/\/api.w.org\/{rel}","templated":true}]}}