{"id":48046,"date":"2025-03-03T20:44:22","date_gmt":"2025-03-03T19:44:22","guid":{"rendered":"https:\/\/deltaimage.de\/wp\/?p=48046"},"modified":"2025-03-16T17:17:21","modified_gmt":"2025-03-16T16:17:21","slug":"fest-und-fotoausstellung-zum-dachauer-moos-im-dachauer-wasserturm-ueber-4-wochen-ausstellungsdauer","status":"publish","type":"post","link":"https:\/\/deltaimage.de\/wp\/?p=48046","title":{"rendered":"Fest- und Fotoausstellung zum Dachauer Moos im Dachauer Wasserturm \u00fcber 4 Wochen Ausstellungsdauer"},"content":{"rendered":"<p>Wir pr\u00e4sentieren Ihnen die neue Fest- und Fotoausstellung im <strong>Dachauer Wasserturm<\/strong> von <strong>DELTA IMAGE (Paul Eschbach)<\/strong> in enger Zusammenarbeit mit der <strong>Kreisgruppe Dachau<\/strong> des <strong>BUND Naturschutz in Bayern e. V.<\/strong> Der Anlass dieser Ausstellung \u00fcber 5 Wochenenden ist das <strong>50-j\u00e4hrige Bestehen der Kreisgruppe von 1975 bis 2025<\/strong>. Solch ein Jubil\u00e4um ist ein guter Anlass f\u00fcr einen Blick zur\u00fcck auf diese 50 Jahre. Ebenso blicken wir auf das inzwischen erreichte im Sinne des Natur- und Moosschutzes.<\/p>\n<p>Kommen Sie mit mir mit, ich stelle Ihnen die Ausstellung in den Details vor.<\/p>\n<p><img data-recalc-dims=\"1\" loading=\"lazy\" decoding=\"async\" data-attachment-id=\"48089\" data-permalink=\"https:\/\/deltaimage.de\/wp\/?attachment_id=48089#main\" data-orig-file=\"https:\/\/i0.wp.com\/deltaimage.de\/wp\/wp-content\/uploads\/IMG_20250307_095011_900.jpg?fit=890%2C668&amp;ssl=1\" data-orig-size=\"890,668\" data-comments-opened=\"1\" data-image-meta=\"{&quot;aperture&quot;:&quot;1.9&quot;,&quot;credit&quot;:&quot;&quot;,&quot;camera&quot;:&quot;2201116SG&quot;,&quot;caption&quot;:&quot;&quot;,&quot;created_timestamp&quot;:&quot;1741341011&quot;,&quot;copyright&quot;:&quot;&quot;,&quot;focal_length&quot;:&quot;5.89&quot;,&quot;iso&quot;:&quot;50&quot;,&quot;shutter_speed&quot;:&quot;0.0010526315789474&quot;,&quot;title&quot;:&quot;&quot;,&quot;orientation&quot;:&quot;0&quot;}\" data-image-title=\"IMG_20250307_095011_900\" data-image-description=\"\" data-image-caption=\"\" data-large-file=\"https:\/\/i0.wp.com\/deltaimage.de\/wp\/wp-content\/uploads\/IMG_20250307_095011_900.jpg?fit=890%2C668&amp;ssl=1\" class=\"aligncenter size-full wp-image-48089\" src=\"https:\/\/i0.wp.com\/deltaimage.de\/wp\/wp-content\/uploads\/IMG_20250307_095011_900.jpg?resize=890%2C668&#038;ssl=1\" alt=\"\" width=\"890\" height=\"668\" srcset=\"https:\/\/i0.wp.com\/deltaimage.de\/wp\/wp-content\/uploads\/IMG_20250307_095011_900.jpg?w=890&amp;ssl=1 890w, https:\/\/i0.wp.com\/deltaimage.de\/wp\/wp-content\/uploads\/IMG_20250307_095011_900.jpg?resize=799%2C600&amp;ssl=1 799w, https:\/\/i0.wp.com\/deltaimage.de\/wp\/wp-content\/uploads\/IMG_20250307_095011_900.jpg?resize=266%2C200&amp;ssl=1 266w, https:\/\/i0.wp.com\/deltaimage.de\/wp\/wp-content\/uploads\/IMG_20250307_095011_900.jpg?resize=533%2C400&amp;ssl=1 533w\" sizes=\"auto, (max-width: 890px) 100vw, 890px\" \/><\/p>\n<p>&nbsp;<\/p>\n<h2>Wer stellt im Dachauer Wasserturm aus?<\/h2>\n<div class=\"su-row\"><div class=\"su-column su-column-size-1-2\"><div class=\"su-column-inner su-u-clearfix su-u-trim\">\n<p><strong>BUND Naturschutz in Bayern e. V. - Kreisgruppe Dachau<\/strong><\/p>\n<p><img data-recalc-dims=\"1\" loading=\"lazy\" decoding=\"async\" data-attachment-id=\"44225\" data-permalink=\"https:\/\/deltaimage.de\/wp\/?attachment_id=44225#main\" data-orig-file=\"https:\/\/i0.wp.com\/deltaimage.de\/wp\/wp-content\/uploads\/Logo_BUND.jpg?fit=140%2C152&amp;ssl=1\" data-orig-size=\"140,152\" data-comments-opened=\"1\" data-image-meta=\"{&quot;aperture&quot;:&quot;0&quot;,&quot;credit&quot;:&quot;Paul Eschbach&quot;,&quot;camera&quot;:&quot;&quot;,&quot;caption&quot;:&quot;&quot;,&quot;created_timestamp&quot;:&quot;1495278811&quot;,&quot;copyright&quot;:&quot;&quot;,&quot;focal_length&quot;:&quot;0&quot;,&quot;iso&quot;:&quot;0&quot;,&quot;shutter_speed&quot;:&quot;0&quot;,&quot;title&quot;:&quot;&quot;,&quot;orientation&quot;:&quot;0&quot;}\" data-image-title=\"Logo_BUND\" data-image-description=\"\" data-image-caption=\"\" data-large-file=\"https:\/\/i0.wp.com\/deltaimage.de\/wp\/wp-content\/uploads\/Logo_BUND.jpg?fit=140%2C152&amp;ssl=1\" class=\"size-full wp-image-44225 alignright\" src=\"https:\/\/i0.wp.com\/deltaimage.de\/wp\/wp-content\/uploads\/Logo_BUND.jpg?resize=140%2C152&#038;ssl=1\" alt=\"\" width=\"140\" height=\"152\" \/><\/p>\n<ul>\n<li>Kreisgruppe Dachau im Landkreis Dachau<\/li>\n<li>12 Ortsgruppen im Landkreis Dachau<\/li>\n<li>gegr\u00fcndet 1975 mit 150 Mitgliedern<\/li>\n<li>Inzwischen \u00fcber 5.000 Mitglieder in der Kreisgruppe<\/li>\n<li>Vertreten durch den 1. Kreisvorstand Dr. Roderich Zauscher<\/li>\n<li>Inzwischen 100 Hektar Natur- und Mooslandschaft im Besitz, in Pacht, oder in Pflege.<\/li>\n<li>Die Kreisgruppe wird sich zusammen mit den Ortsgruppen pr\u00e4sentieren<\/li>\n<li><a href=\"https:\/\/dachau.bund-naturschutz.de\"><strong>https:\/\/dachau.bund-naturschutz.de<\/strong><\/a><\/li>\n<\/ul>\n<\/div><\/div> <div class=\"su-column su-column-size-1-2\"><div class=\"su-column-inner su-u-clearfix su-u-trim\">\n<p><strong>DELTA IMAGE - Paul Eschbach<\/strong><\/p>\n<p><img data-recalc-dims=\"1\" loading=\"lazy\" decoding=\"async\" data-attachment-id=\"32604\" data-permalink=\"https:\/\/deltaimage.de\/wp\/?attachment_id=32604#main\" data-orig-file=\"https:\/\/i0.wp.com\/deltaimage.de\/wp\/wp-content\/uploads\/DELTA-IMAGE-Logo.jpg?fit=697%2C141&amp;ssl=1\" data-orig-size=\"697,141\" data-comments-opened=\"0\" data-image-meta=\"{&quot;aperture&quot;:&quot;0&quot;,&quot;credit&quot;:&quot;Eschbach&quot;,&quot;camera&quot;:&quot;&quot;,&quot;caption&quot;:&quot;&quot;,&quot;created_timestamp&quot;:&quot;1367602127&quot;,&quot;copyright&quot;:&quot;&quot;,&quot;focal_length&quot;:&quot;0&quot;,&quot;iso&quot;:&quot;0&quot;,&quot;shutter_speed&quot;:&quot;0&quot;,&quot;title&quot;:&quot;&quot;,&quot;orientation&quot;:&quot;0&quot;}\" data-image-title=\"DELTA IMAGE-Logo\" data-image-description=\"\" data-image-caption=\"\" data-large-file=\"https:\/\/i0.wp.com\/deltaimage.de\/wp\/wp-content\/uploads\/DELTA-IMAGE-Logo.jpg?fit=697%2C141&amp;ssl=1\" class=\"alignright wp-image-32604 size-thumbnail\" src=\"https:\/\/i0.wp.com\/deltaimage.de\/wp\/wp-content\/uploads\/DELTA-IMAGE-Logo.jpg?resize=300%2C61&#038;ssl=1\" alt=\"\" width=\"300\" height=\"61\" srcset=\"https:\/\/i0.wp.com\/deltaimage.de\/wp\/wp-content\/uploads\/DELTA-IMAGE-Logo.jpg?resize=300%2C61&amp;ssl=1 300w, https:\/\/i0.wp.com\/deltaimage.de\/wp\/wp-content\/uploads\/DELTA-IMAGE-Logo.jpg?w=697&amp;ssl=1 697w\" sizes=\"auto, (max-width: 300px) 100vw, 300px\" \/><\/p>\n<ul>\n<li>Paul Eschbach<\/li>\n<li>Fotograf aus Dachau<\/li>\n<li>30 Jahre Fotografie im Dachauer Moos<\/li>\n<li>Fotoausstellung auf zwei Stockwerken des Dachauer Wasserturms<\/li>\n<li>Projektmanagement der Ausstellung<\/li>\n<li>Grafik und Design der Drucksachen<\/li>\n<li>DELTA IMAGE - Eigenverlag<\/li>\n<li>4 gro\u00dfformatige FOTO-B\u00fccher zum Dachauer Moos<\/li>\n<li><a href=\"mailto:pe@deltaadvice.eu\"><strong>pe@deltaadvice.eu<\/strong><\/a><\/li>\n<li><a href=\"https:\/\/deltaimage.de\"><strong>https:\/\/deltaimage.de<\/strong><\/a><\/li>\n<li><a href=\"https:\/\/shop.deltaimage.de\"><strong>https:\/\/shop.deltaimage.de<\/strong><\/a><\/li>\n<\/ul>\n<\/div><\/div> <\/div>\n<hr \/>\n<p>&nbsp;<\/p>\n<p>&nbsp;<\/p>\n<p><strong>DELTA IMAGE<\/strong> und <strong>BUND Naturschutz &#8211; Kreisgruppe Dachau<\/strong> pr\u00e4sentiert Ihnen die Fest- und Fotoausstellung aus Anlass:<\/p>\n<h2 style=\"text-align: center;\">50 Jahre Kreisgruppe Dachau im Dachauer Land und im Dachauer Moos<\/h2>\n<p>mit einer Ausstellung und Pr\u00e4sentation auf 4 Ebenen des Dachauer Wasserturms \u00fcber 4 Wochen Dauer.<\/p>\n<h1 style=\"text-align: center;\">Freitag 21.3. &#8211; Montag 21.4.2025<\/h1>\n<p style=\"text-align: center;\"><a href=\"https:\/\/deltaimage.de\/wp\/?tribe_events=vernissage-im-dachauer-wasserturm-50-jahre-bund-naturschutz-in-dachau-21-3-25\"><strong>Vernissage 21.3.2025 18:00 &#8211; 21:00 Uhr<\/strong><\/a><\/p>\n<p>&nbsp;<\/p>\n<p>&nbsp;<\/p>\n<hr \/>\n<div class=\"su-row\"><div class=\"su-column su-column-size-1-2\"><div class=\"su-column-inner su-u-clearfix su-u-trim\">\n<p><img data-recalc-dims=\"1\" loading=\"lazy\" decoding=\"async\" data-attachment-id=\"47596\" data-permalink=\"https:\/\/deltaimage.de\/wp\/?attachment_id=47596#main\" data-orig-file=\"https:\/\/i0.wp.com\/deltaimage.de\/wp\/wp-content\/uploads\/Plakat_Wasserturm_V3_1200-450.jpg?fit=1200%2C446&amp;ssl=1\" data-orig-size=\"1200,446\" data-comments-opened=\"1\" data-image-meta=\"{&quot;aperture&quot;:&quot;0&quot;,&quot;credit&quot;:&quot;&quot;,&quot;camera&quot;:&quot;&quot;,&quot;caption&quot;:&quot;&quot;,&quot;created_timestamp&quot;:&quot;0&quot;,&quot;copyright&quot;:&quot;&quot;,&quot;focal_length&quot;:&quot;0&quot;,&quot;iso&quot;:&quot;0&quot;,&quot;shutter_speed&quot;:&quot;0&quot;,&quot;title&quot;:&quot;&quot;,&quot;orientation&quot;:&quot;1&quot;}\" data-image-title=\"Plakat_Wasserturm_V3_1200-450\" data-image-description=\"\" data-image-caption=\"\" data-large-file=\"https:\/\/i0.wp.com\/deltaimage.de\/wp\/wp-content\/uploads\/Plakat_Wasserturm_V3_1200-450.jpg?fit=890%2C331&amp;ssl=1\" class=\"aligncenter size-full wp-image-47596\" src=\"https:\/\/i0.wp.com\/deltaimage.de\/wp\/wp-content\/uploads\/Plakat_Wasserturm_V3_1200-450.jpg?resize=890%2C331&#038;ssl=1\" alt=\"\" width=\"890\" height=\"331\" srcset=\"https:\/\/i0.wp.com\/deltaimage.de\/wp\/wp-content\/uploads\/Plakat_Wasserturm_V3_1200-450.jpg?w=1200&amp;ssl=1 1200w, https:\/\/i0.wp.com\/deltaimage.de\/wp\/wp-content\/uploads\/Plakat_Wasserturm_V3_1200-450.jpg?resize=900%2C335&amp;ssl=1 900w, https:\/\/i0.wp.com\/deltaimage.de\/wp\/wp-content\/uploads\/Plakat_Wasserturm_V3_1200-450.jpg?resize=300%2C112&amp;ssl=1 300w, https:\/\/i0.wp.com\/deltaimage.de\/wp\/wp-content\/uploads\/Plakat_Wasserturm_V3_1200-450.jpg?resize=1076%2C400&amp;ssl=1 1076w\" sizes=\"auto, (max-width: 890px) 100vw, 890px\" \/><\/p>\n<h1><a href=\"https:\/\/deltaimage.de\/wp\/?tribe_events=dachauer-wasserturm-natur-und-moosschutz-im-dachauer-moos-50-jahre-bund-naturschutz-in-dachau-2\">Teil A: 50 Jahre Kreisgruppe Dachau: 2. Stock<\/a><\/h1>\n<div class=\"su-expand su-expand-collapsed su-expand-link-style-default\" data-height=\"100\"><div class=\"su-expand-content su-u-trim\" style=\"color:#333333;max-height:100px;overflow:hidden\">\n<p>Welche Themen erwartet Sie in der <strong>Fest- und Fotoausstellung<\/strong> und somit auch in dieser digitalen Brosch\u00fcre:<\/p>\n<ul>\n<li><strong>GRUSSWORT<\/strong> von Dr. Roderich Zauscher, 1. Kreisvorsitzender<\/li>\n<li><strong>50 JAHRE BUND Naturschutz in Dachau<\/strong>\n<ul>\n<li>Ein \u00dcberblick und die aktuellen Themen<\/li>\n<li>Erfolge in f\u00fcnf Jahrzehnten<\/li>\n<li>Mitgliederentwicklung in der Kreisgruppe Dachau<\/li>\n<\/ul>\n<\/li>\n<li><strong>THEMEN UND TERMINE<\/strong> im Jubil\u00e4umsjahr<\/li>\n<li><strong>DAS NATURERBE IM LANDKREIS DACHAU<\/strong><\/li>\n<li><strong>UMWELTBILDUNG IN DER KREISGRUPPE DACHAU<\/strong>\n<ul>\n<li>Kinder lernen nicht nur in der Schule<\/li>\n<li>Umweltprojekt \u201eRaus in die Natur\u201c<\/li>\n<\/ul>\n<\/li>\n<li><strong>DIE ORTSGRUPPEN BN-DACHAU<\/strong> STELLEN SICH VOR\n<ul>\n<li>Ortsgruppen in: Dachau \u2022 Haimhausen \u2022 Hebertshausen \u2022 Karlsfeld \u2022 Markt Indersdorf \u2022 Odelzhausen, Pfaffenhofen und Sulzemoos \u2022 Petershausen \u2022 R\u00f6hrmoos \u2022 Schwabhausen \u2022 Vierkirchen \u2022 Weichs \u2022 Bergkirchen<\/li>\n<\/ul>\n<\/li>\n<li><strong>LANDKREIS DACHAU<\/strong>\n<ul>\n<li>\u00dcbersicht Ortsgruppen<\/li>\n<li>Naturfl\u00e4chen des BN KG Dachau<\/li>\n<li>Schutzgebiete im Landkreis Dachau<\/li>\n<\/ul>\n<\/li>\n<li><strong>LANDSCHAFTSPFLEGE UND MOOSSCHUTZ<\/strong><\/li>\n<li>... und <strong>darum gibt es den BN in vielen Regionen<\/strong> in Bayern<\/li>\n<li><strong>KREISGRUPPE IM SPIEGEL DER ZEIT<\/strong>\n<ul>\n<li>Ein Blick in das Zeitungsarchiv der Kreisgruppe 1975 bis 2025<\/li>\n<\/ul>\n<\/li>\n<li><strong>NEUE BUCHPROJEKTE<\/strong> zum Landkreis Dachau\n<ul>\n<li>Dachauer Moos und Maisacher Moos; Paul Eschbach<\/li>\n<li>Geschichtswerkstatt Dachau; Dr. Annegret Braun<\/li>\n<\/ul>\n<\/li>\n<li><strong>KONTAKTDATEN<\/strong> UND ANSPRECHPARTNER\n<ul>\n<li>Gesch\u00e4ftsstelle Kreisgruppe Dachau<\/li>\n<li>Kontakte zu den Ortsgruppen im Landkreis Dachau<\/li>\n<li>Funktionstr\u00e4ger Kreisgruppe Dachau<\/li>\n<li>Spendenkonto Kreisgruppe<\/li>\n<\/ul>\n<\/li>\n<\/ul>\n<\/div><div class=\"su-expand-link su-expand-link-more\" style=\"text-align:left\"><a href=\"javascript:;\" style=\"color:#336699;border-color:#336699\"><i class=\"sui sui-forward\" style=\"\" aria-label=\"\"><\/i><span style=\"border-color:#336699\">Mehr Inhalte anzeigen<\/span><\/a><\/div><div class=\"su-expand-link su-expand-link-less\" style=\"text-align:left\"><a href=\"javascript:;\" style=\"color:#336699;border-color:#336699\"><i class=\"sui sui-backward\" style=\"\" aria-label=\"\"><\/i><span style=\"border-color:#336699\">Weniger anzeigen<\/span><\/a><\/div><\/div>\n<\/div><\/div> <div class=\"su-column su-column-size-1-2\"><div class=\"su-column-inner su-u-clearfix su-u-trim\">\n<p><img data-recalc-dims=\"1\" loading=\"lazy\" decoding=\"async\" data-attachment-id=\"47595\" data-permalink=\"https:\/\/deltaimage.de\/wp\/?attachment_id=47595#main\" data-orig-file=\"https:\/\/i0.wp.com\/deltaimage.de\/wp\/wp-content\/uploads\/Plakat_Fotoausstellung_V3_1200-450.jpg?fit=1200%2C448&amp;ssl=1\" data-orig-size=\"1200,448\" data-comments-opened=\"1\" data-image-meta=\"{&quot;aperture&quot;:&quot;0&quot;,&quot;credit&quot;:&quot;&quot;,&quot;camera&quot;:&quot;&quot;,&quot;caption&quot;:&quot;&quot;,&quot;created_timestamp&quot;:&quot;0&quot;,&quot;copyright&quot;:&quot;&quot;,&quot;focal_length&quot;:&quot;0&quot;,&quot;iso&quot;:&quot;0&quot;,&quot;shutter_speed&quot;:&quot;0&quot;,&quot;title&quot;:&quot;&quot;,&quot;orientation&quot;:&quot;1&quot;}\" data-image-title=\"Plakat_Fotoausstellung_V3_1200-450\" data-image-description=\"\" data-image-caption=\"\" data-large-file=\"https:\/\/i0.wp.com\/deltaimage.de\/wp\/wp-content\/uploads\/Plakat_Fotoausstellung_V3_1200-450.jpg?fit=890%2C332&amp;ssl=1\" class=\"aligncenter size-full wp-image-47595\" src=\"https:\/\/i0.wp.com\/deltaimage.de\/wp\/wp-content\/uploads\/Plakat_Fotoausstellung_V3_1200-450.jpg?resize=890%2C332&#038;ssl=1\" alt=\"\" width=\"890\" height=\"332\" srcset=\"https:\/\/i0.wp.com\/deltaimage.de\/wp\/wp-content\/uploads\/Plakat_Fotoausstellung_V3_1200-450.jpg?w=1200&amp;ssl=1 1200w, https:\/\/i0.wp.com\/deltaimage.de\/wp\/wp-content\/uploads\/Plakat_Fotoausstellung_V3_1200-450.jpg?resize=900%2C336&amp;ssl=1 900w, https:\/\/i0.wp.com\/deltaimage.de\/wp\/wp-content\/uploads\/Plakat_Fotoausstellung_V3_1200-450.jpg?resize=300%2C112&amp;ssl=1 300w, https:\/\/i0.wp.com\/deltaimage.de\/wp\/wp-content\/uploads\/Plakat_Fotoausstellung_V3_1200-450.jpg?resize=1071%2C400&amp;ssl=1 1071w\" sizes=\"auto, (max-width: 890px) 100vw, 890px\" \/><\/p>\n<h1><a href=\"https:\/\/deltaimage.de\/wp\/?tribe_events=vernissage-im-dachauer-wasserturm-50-jahre-bund-naturschutz-in-dachau-21-3-25\">Teil B: FOTO-Ausstellung: Fotografische Entdeckungsreise im Palsweiser Moos und Fu\u00dfbergmoos: 1. &amp; 3. Stock<\/a><\/h1>\n<div class=\"su-expand su-expand-collapsed su-expand-link-style-default\" data-height=\"100\"><div class=\"su-expand-content su-u-trim\" style=\"color:#333333;max-height:100px;overflow:hidden\">\n<p>Auf zwei Stockwerken des <strong>Dachauer Wasserturms<\/strong> zeigt der <strong>Dachauer Fotograf<\/strong> <strong>Paul Eschbach<\/strong> einen kleinen Ausschnitt seiner fotografischen Fotoreise auf der Suche nach dem <strong>Dachauer Moos<\/strong> im Jahr 2025. Zu dieser Entdeckungsreise in der <strong>Niedermoor-Landschaft<\/strong> sind inzwischen vier <strong>FOTO-Bildb\u00e4nde<\/strong> entstanden und zeigen das <strong>Dachauer Moos<\/strong> aus der Sichtweise eines hier aufgewachsenen Fotografen in der Vielf\u00e4ltigkeit und den spannenden Bildmotiven.<\/p>\n<p><img data-recalc-dims=\"1\" loading=\"lazy\" decoding=\"async\" data-attachment-id=\"44064\" data-permalink=\"https:\/\/deltaimage.de\/wp\/?attachment_id=44064#main\" data-orig-file=\"https:\/\/i0.wp.com\/deltaimage.de\/wp\/wp-content\/uploads\/ZY5M7287_1200.jpg?fit=1200%2C450&amp;ssl=1\" data-orig-size=\"1200,450\" data-comments-opened=\"1\" data-image-meta=\"{&quot;aperture&quot;:&quot;9&quot;,&quot;credit&quot;:&quot;Paul Eschbach&quot;,&quot;camera&quot;:&quot;Canon EOS-1Ds Mark II&quot;,&quot;caption&quot;:&quot;&quot;,&quot;created_timestamp&quot;:&quot;1400397239&quot;,&quot;copyright&quot;:&quot;&quot;,&quot;focal_length&quot;:&quot;17&quot;,&quot;iso&quot;:&quot;100&quot;,&quot;shutter_speed&quot;:&quot;0.16666666666667&quot;,&quot;title&quot;:&quot;ZY5M7287&quot;,&quot;orientation&quot;:&quot;0&quot;}\" data-image-title=\"ZY5M7287\" data-image-description=\"\" data-image-caption=\"\" data-large-file=\"https:\/\/i0.wp.com\/deltaimage.de\/wp\/wp-content\/uploads\/ZY5M7287_1200.jpg?fit=890%2C334&amp;ssl=1\" class=\"aligncenter size-full wp-image-44064\" src=\"https:\/\/i0.wp.com\/deltaimage.de\/wp\/wp-content\/uploads\/ZY5M7287_1200.jpg?resize=890%2C334&#038;ssl=1\" alt=\"\" width=\"890\" height=\"334\" srcset=\"https:\/\/i0.wp.com\/deltaimage.de\/wp\/wp-content\/uploads\/ZY5M7287_1200.jpg?w=1200&amp;ssl=1 1200w, https:\/\/i0.wp.com\/deltaimage.de\/wp\/wp-content\/uploads\/ZY5M7287_1200.jpg?resize=900%2C338&amp;ssl=1 900w, https:\/\/i0.wp.com\/deltaimage.de\/wp\/wp-content\/uploads\/ZY5M7287_1200.jpg?resize=300%2C113&amp;ssl=1 300w, https:\/\/i0.wp.com\/deltaimage.de\/wp\/wp-content\/uploads\/ZY5M7287_1200.jpg?resize=1067%2C400&amp;ssl=1 1067w\" sizes=\"auto, (max-width: 890px) 100vw, 890px\" \/><\/p>\n<p>Auf zwei Stockwerken zeigt Paul Eschbach in gro\u00dfformatigen Fotos einige der Sch\u00f6nsten fotografischen Momente aus drei\u00dfig Jahren Fotografie im Dachauer Moos, mit dem thematischen Schwerpunkt im Palsweiser Moos und Fu\u00dfbergmoos. Zusammen ist dieses Maisacher Moos das zweitgr\u00f6\u00dfte Niedermoor in Bayern und die gr\u00f6\u00dfte Fl\u00e4che der Kreisgruppe Dachau im Landschafts- und Moosschutz.<\/p>\n<blockquote>\n<h2>Was ist heute aus der Mooslandschaft geworden und was ist noch zu erleben?<\/h2>\n<\/blockquote>\n<p>Vor 25 Jahren erschien mir als Fotograf das Palsweiser Moos sehr \u00e4hnlich einem Stadtwald oder einer trockenen Ackerfl\u00e4che. Das hat sich \u00fcber Jahre zum positiven gewandelt und nun ist das Wasser zur\u00fcck in der Niedermoor-Landschaft. Paul Eschbach zeigt dies in seinen Fotos aus dem Maisacher Moos.<\/p>\n<\/div><div class=\"su-expand-link su-expand-link-more\" style=\"text-align:left\"><a href=\"javascript:;\" style=\"color:#336699;border-color:#336699\"><i class=\"sui sui-forward\" style=\"\" aria-label=\"\"><\/i><span style=\"border-color:#336699\">Mehr Inhalte anzeigen<\/span><\/a><\/div><div class=\"su-expand-link su-expand-link-less\" style=\"text-align:left\"><a href=\"javascript:;\" style=\"color:#336699;border-color:#336699\"><i class=\"sui sui-backward\" style=\"\" aria-label=\"\"><\/i><span style=\"border-color:#336699\">Weniger anzeigen<\/span><\/a><\/div><\/div>\n<\/div><\/div> <\/div>\n<hr \/>\n<hr \/>\n<div class=\"su-row\"><div class=\"su-column su-column-size-1-2\"><div class=\"su-column-inner su-u-clearfix su-u-trim\">\n<p><img data-recalc-dims=\"1\" loading=\"lazy\" decoding=\"async\" data-attachment-id=\"46746\" data-permalink=\"https:\/\/deltaimage.de\/wp\/?attachment_id=46746#main\" data-orig-file=\"https:\/\/i0.wp.com\/deltaimage.de\/wp\/wp-content\/uploads\/Dachauer-Moos-Schwarzhoelzl_600.jpg?fit=600%2C420&amp;ssl=1\" data-orig-size=\"600,420\" data-comments-opened=\"1\" data-image-meta=\"{&quot;aperture&quot;:&quot;0&quot;,&quot;credit&quot;:&quot;Paul Eschbach&quot;,&quot;camera&quot;:&quot;&quot;,&quot;caption&quot;:&quot;&quot;,&quot;created_timestamp&quot;:&quot;1720644763&quot;,&quot;copyright&quot;:&quot;&quot;,&quot;focal_length&quot;:&quot;0&quot;,&quot;iso&quot;:&quot;0&quot;,&quot;shutter_speed&quot;:&quot;0&quot;,&quot;title&quot;:&quot;&quot;,&quot;orientation&quot;:&quot;1&quot;}\" data-image-title=\"Dachauer Moos &#8211; Schwarzh\u00f6lzl_600\" data-image-description=\"\" data-image-caption=\"\" data-large-file=\"https:\/\/i0.wp.com\/deltaimage.de\/wp\/wp-content\/uploads\/Dachauer-Moos-Schwarzhoelzl_600.jpg?fit=600%2C420&amp;ssl=1\" class=\"aligncenter size-full wp-image-46746\" src=\"https:\/\/i0.wp.com\/deltaimage.de\/wp\/wp-content\/uploads\/Dachauer-Moos-Schwarzhoelzl_600.jpg?resize=600%2C420&#038;ssl=1\" alt=\"\" width=\"600\" height=\"420\" srcset=\"https:\/\/i0.wp.com\/deltaimage.de\/wp\/wp-content\/uploads\/Dachauer-Moos-Schwarzhoelzl_600.jpg?w=600&amp;ssl=1 600w, https:\/\/i0.wp.com\/deltaimage.de\/wp\/wp-content\/uploads\/Dachauer-Moos-Schwarzhoelzl_600.jpg?resize=286%2C200&amp;ssl=1 286w, https:\/\/i0.wp.com\/deltaimage.de\/wp\/wp-content\/uploads\/Dachauer-Moos-Schwarzhoelzl_600.jpg?resize=571%2C400&amp;ssl=1 571w\" sizes=\"auto, (max-width: 600px) 100vw, 600px\" \/><\/p>\n<h1 style=\"text-align: left;\">Teil C: FOTO-Bildb\u00e4nde zum Dachauer Moos<\/h1>\n<div class=\"su-expand su-expand-collapsed su-expand-link-style-default\" data-height=\"100\"><div class=\"su-expand-content su-u-trim\" style=\"color:#333333;max-height:100px;overflow:hidden\">\n<p>Die <strong>Foto-Ausstellung<\/strong> f\u00fchrt die BesucherInnen in die zauberhafte Welt der <strong>Niedermoor-Landschaften<\/strong> ein und \u00f6ffnet den Blick f\u00fcr die gezeigten gro\u00dfformatigen <strong>Bildmotive<\/strong>. Das <strong>Dachauer Moos<\/strong> ist jedoch viel mehr an Landschaften, an Natur und wunderbaren Bildstimmungen im Nordwesten der gro\u00dfen Landeshauptstadt M\u00fcnchen. Dazu hat <strong>Paul Eschbach<\/strong> viele seiner <strong>Bildmotive<\/strong> \u00fcber 30 Jahre hinweg gezielt umgesetzt und in bislang vier <strong>FOTO-Bildb\u00e4nde<\/strong> mit vielen thematischen Informationen zum <strong>Dachauer Moos<\/strong> gepackt.<\/p>\n<p>W\u00e4hrend der Ausstellung ist <strong>Paul Eschbach<\/strong> in der Ausstellung vor Ort und zeigt auch die bislang vier <strong>FOTO-Bildb\u00e4nde<\/strong> gerne allen Interessierten BesucherInnen:<\/p>\n<ul>\n<li><a href=\"https:\/\/shop.deltaimage.de\/?product=maisacher-moos-eine-naturlandschaft-im-dachauer-moos-von-paul-eschbach\"><strong>Palsweiser Moos und Fu\u00dfbergmoos (Band 1)<\/strong><\/a><\/li>\n<li><a href=\"https:\/\/shop.deltaimage.de\/?product=foto-bildband-schwarzhoelzl-krenmoos-regatta-anlage-im-dachauer-moos-von-paul-eschbach\"><strong>Schwarzh\u00f6lzl, Krenmoos und Regatta-Anlage (Band 2)<\/strong><\/a><\/li>\n<li><a href=\"https:\/\/shop.deltaimage.de\/?product=foto-bildband-eschenrieder-moos-grasslfinger-moos-eine-naturlandschaft-im-dachauer-moos-von-paul-eschbach\"><strong>Eschenrieder Moos &amp; Gra\u00dflfinger Moos (Band 3)<\/strong><\/a><\/li>\n<li><a href=\"https:\/\/shop.deltaimage.de\/?product=foto-bildband-neuhimmelreich-groebenrieder-moos-im-dachauer-moos-von-paul-eschbach\"><strong>Neuhimmelreich &amp; Gr\u00f6benrieder Moos (Band 4)<\/strong><\/a><\/li>\n<\/ul>\n<p>Diese fotografische Reise durch das<strong> Dachauer Moos<\/strong> wird noch weiter gehen. Freuen Sie sich als BesucherInnen auch auf zuk\u00fcnftige <strong>FOTO-Bildb\u00e4nde<\/strong> zu Themen im <strong>Dachauer Moos<\/strong>.<\/p>\n<\/div><div class=\"su-expand-link su-expand-link-more\" style=\"text-align:left\"><a href=\"javascript:;\" style=\"color:#336699;border-color:#336699\"><i class=\"sui sui-forward\" style=\"\" aria-label=\"\"><\/i><span style=\"border-color:#336699\">Mehr Inhalte anzeigen<\/span><\/a><\/div><div class=\"su-expand-link su-expand-link-less\" style=\"text-align:left\"><a href=\"javascript:;\" style=\"color:#336699;border-color:#336699\"><i class=\"sui sui-backward\" style=\"\" aria-label=\"\"><\/i><span style=\"border-color:#336699\">Weniger anzeigen<\/span><\/a><\/div><\/div>\n<\/div><\/div> <div class=\"su-column su-column-size-1-2\"><div class=\"su-column-inner su-u-clearfix su-u-trim\">\n<p><img data-recalc-dims=\"1\" loading=\"lazy\" decoding=\"async\" data-attachment-id=\"47772\" data-permalink=\"https:\/\/deltaimage.de\/wp\/?attachment_id=47772\" data-orig-file=\"https:\/\/i0.wp.com\/deltaimage.de\/wp\/wp-content\/uploads\/Plakat_Wasserturm_Zauscher_2.jpg?fit=1200%2C448&amp;ssl=1\" data-orig-size=\"1200,448\" data-comments-opened=\"1\" data-image-meta=\"{&quot;aperture&quot;:&quot;0&quot;,&quot;credit&quot;:&quot;&quot;,&quot;camera&quot;:&quot;&quot;,&quot;caption&quot;:&quot;&quot;,&quot;created_timestamp&quot;:&quot;0&quot;,&quot;copyright&quot;:&quot;&quot;,&quot;focal_length&quot;:&quot;0&quot;,&quot;iso&quot;:&quot;0&quot;,&quot;shutter_speed&quot;:&quot;0&quot;,&quot;title&quot;:&quot;&quot;,&quot;orientation&quot;:&quot;1&quot;}\" data-image-title=\"Plakat_Wasserturm_Zauscher_2\" data-image-description=\"\" data-image-caption=\"\" data-large-file=\"https:\/\/i0.wp.com\/deltaimage.de\/wp\/wp-content\/uploads\/Plakat_Wasserturm_Zauscher_2.jpg?fit=890%2C332&amp;ssl=1\" class=\"aligncenter size-full wp-image-47772\" src=\"https:\/\/i0.wp.com\/deltaimage.de\/wp\/wp-content\/uploads\/Plakat_Wasserturm_Zauscher_2.jpg?resize=890%2C332&#038;ssl=1\" alt=\"\" width=\"890\" height=\"332\" srcset=\"https:\/\/i0.wp.com\/deltaimage.de\/wp\/wp-content\/uploads\/Plakat_Wasserturm_Zauscher_2.jpg?w=1200&amp;ssl=1 1200w, https:\/\/i0.wp.com\/deltaimage.de\/wp\/wp-content\/uploads\/Plakat_Wasserturm_Zauscher_2.jpg?resize=900%2C336&amp;ssl=1 900w, https:\/\/i0.wp.com\/deltaimage.de\/wp\/wp-content\/uploads\/Plakat_Wasserturm_Zauscher_2.jpg?resize=300%2C112&amp;ssl=1 300w, https:\/\/i0.wp.com\/deltaimage.de\/wp\/wp-content\/uploads\/Plakat_Wasserturm_Zauscher_2.jpg?resize=1071%2C400&amp;ssl=1 1071w\" sizes=\"auto, (max-width: 890px) 100vw, 890px\" \/><\/p>\n<h1>Teil D: Fach-, Themen- und Multivisionsvortr\u00e4ge auf der Veranstaltungsb\u00fchne im Wasserturm: 4. Stock<\/h1>\n<div class=\"su-expand su-expand-collapsed su-expand-link-style-default\" data-height=\"100\"><div class=\"su-expand-content su-u-trim\" style=\"color:#333333;max-height:100px;overflow:hidden\">\n<p>Auf der obersten Ebene des Dachauer Wasserturms (4.\u00a0 Stock) hat <strong>DELTA IMAGE<\/strong> eine spezielle <strong>Veranstaltungsb\u00fchne<\/strong> eingerichtet, um zu verschiedensten Themen im <strong>Natur- und Moosschutz<\/strong> \u00fcber 50 Jahre<\/p>\n<ul>\n<li><strong>Vortr\u00e4ge zu Themen des BN Kreisgruppe Dachau<\/strong><\/li>\n<li><strong>Pr\u00e4sentationen, wie z. B. Buchvorstellungen<\/strong><\/li>\n<li><strong>Multimedia-Shows zur Naturlandschaft im Dachauer Land und Umgebung<\/strong><\/li>\n<\/ul>\n<p>zeigen zu k\u00f6nnen. Einmal die Veranstaltungs-Technik aufbauen und einrichten und mehrfach, auch f\u00fcr kleinere und k\u00fcrzere Veranstaltungen, zur Kommunikation mit dem Publikum nutzen zu k\u00f6nnen. Die Vortr\u00e4ge u. \u00e4. sind im Veranstaltungskalender auf <a href=\"https:\/\/deltaimage.de\"><strong>https:\/\/deltaimage.de<\/strong><\/a> ver\u00f6ffentlicht.<\/p>\n<div id=\"attachment_48038\" style=\"width: 900px\" class=\"wp-caption aligncenter\"><img data-recalc-dims=\"1\" loading=\"lazy\" decoding=\"async\" aria-describedby=\"caption-attachment-48038\" data-attachment-id=\"48038\" data-permalink=\"https:\/\/deltaimage.de\/wp\/?attachment_id=48038\" data-orig-file=\"https:\/\/i0.wp.com\/deltaimage.de\/wp\/wp-content\/uploads\/PE1S0045_900.jpg?fit=890%2C593&amp;ssl=1\" data-orig-size=\"890,593\" data-comments-opened=\"1\" data-image-meta=\"{&quot;aperture&quot;:&quot;4&quot;,&quot;credit&quot;:&quot;Paul Eschbach&quot;,&quot;camera&quot;:&quot;Canon EOS-1Ds Mark III&quot;,&quot;caption&quot;:&quot;&quot;,&quot;created_timestamp&quot;:&quot;1541194349&quot;,&quot;copyright&quot;:&quot;&quot;,&quot;focal_length&quot;:&quot;24&quot;,&quot;iso&quot;:&quot;1600&quot;,&quot;shutter_speed&quot;:&quot;0.1&quot;,&quot;title&quot;:&quot;&quot;,&quot;orientation&quot;:&quot;0&quot;}\" data-image-title=\"PE1S0045_900\" data-image-description=\"\" data-image-caption=\"\" data-large-file=\"https:\/\/i0.wp.com\/deltaimage.de\/wp\/wp-content\/uploads\/PE1S0045_900.jpg?fit=890%2C593&amp;ssl=1\" class=\"wp-image-48038 size-full\" src=\"https:\/\/i0.wp.com\/deltaimage.de\/wp\/wp-content\/uploads\/PE1S0045_900.jpg?resize=890%2C593&#038;ssl=1\" alt=\"\" width=\"890\" height=\"593\" srcset=\"https:\/\/i0.wp.com\/deltaimage.de\/wp\/wp-content\/uploads\/PE1S0045_900.jpg?w=890&amp;ssl=1 890w, https:\/\/i0.wp.com\/deltaimage.de\/wp\/wp-content\/uploads\/PE1S0045_900.jpg?resize=300%2C200&amp;ssl=1 300w, https:\/\/i0.wp.com\/deltaimage.de\/wp\/wp-content\/uploads\/PE1S0045_900.jpg?resize=600%2C400&amp;ssl=1 600w, https:\/\/i0.wp.com\/deltaimage.de\/wp\/wp-content\/uploads\/PE1S0045_900.jpg?resize=200%2C133&amp;ssl=1 200w\" sizes=\"auto, (max-width: 890px) 100vw, 890px\" \/><p id=\"caption-attachment-48038\" class=\"wp-caption-text\">Symbolbild; Quelle Paul Eschbach @ Wunderwelten by Immanuel Schulz<\/p><\/div>\n<p>Die <strong>Veranstaltungstechnik<\/strong> wird von <strong>DELTA IMAG<\/strong>E aufgebaut und betrieben.<\/p>\n<\/div><div class=\"su-expand-link su-expand-link-more\" style=\"text-align:left\"><a href=\"javascript:;\" style=\"color:#336699;border-color:#336699\"><i class=\"sui sui-forward\" style=\"\" aria-label=\"\"><\/i><span style=\"border-color:#336699\">Mehr Inhalte anzeigen<\/span><\/a><\/div><div class=\"su-expand-link su-expand-link-less\" style=\"text-align:left\"><a href=\"javascript:;\" style=\"color:#336699;border-color:#336699\"><i class=\"sui sui-backward\" style=\"\" aria-label=\"\"><\/i><span style=\"border-color:#336699\">Weniger anzeigen<\/span><\/a><\/div><\/div>\n<\/div><\/div> <\/div>\n<hr \/>\n<p>Wir freuen uns zusammen mit der <strong>Kreisgruppe Dachau<\/strong> auf m\u00f6glichst viele BesucherInnen im Dachauer Wasserturm<\/p>\n","protected":false},"excerpt":{"rendered":"<p>Wir pr\u00e4sentieren Ihnen die neue Fest- und Fotoausstellung im Dachauer Wasserturm von DELTA IMAGE (Paul Eschbach) in enger Zusammenarbeit mit der Kreisgruppe Dachau des BUND Naturschutz in Bayern e. V. [&hellip;]<\/p>\n","protected":false},"author":1,"featured_media":48091,"comment_status":"open","ping_status":"closed","sticky":false,"template":"","format":"standard","meta":{"wpupg_custom_link":[],"wpupg_custom_link_behaviour":["default"],"wpupg_custom_link_nofollow":["default"],"wpupg_custom_image":[],"wpupg_custom_image_id":[],"jetpack_post_was_ever_published":false,"footnotes":""},"categories":[860,1189,3010,2523,81,3217,8,3800],"tags":[4125,775,3989,4124,157,3349,3746,4126,3346,67],"class_list":["post-48046","post","type-post","status-publish","format-standard","has-post-thumbnail","hentry","category-sonderausstellung","category-buch","category-dachauer-land","category-dachauer-moos","category-fotobuch","category-naturfotografie","category-news","category-projekt-dachauer-moos","tag-50-jahre-bund-naturschutz-kreisgruppe-dachau","tag-dachauer-moos","tag-dachauer-wasserturm","tag-festausstellung","tag-fotoausstellung","tag-fussbergmoos","tag-maisacher-moos","tag-natur-und-moosschutz-im-dachauer-moos","tag-palsweiser-moos","tag-paul-eschbach"],"jetpack_featured_media_url":"https:\/\/i0.wp.com\/deltaimage.de\/wp\/wp-content\/uploads\/IMG_20250307_095011_1200.jpg?fit=1200%2C450&ssl=1","jetpack-related-posts":[{"id":48303,"url":"https:\/\/deltaimage.de\/wp\/?p=48303","url_meta":{"origin":48046,"position":0},"title":"Schlei\u00dfheimer Zeitung: 50 Jahre BUND Naturschutz: Natur- und Moosschutz im Dachauer Moos","author":"EschbacP","date":"13. M\u00e4rz 2025","format":false,"excerpt":"Die Schlei\u00dfheimer Zeitung berichtet \u00fcber die Fest- und Foto-Ausstellung im Dachauer Wasserturm. --> Link 50 Jahre BUND Naturschutz: Natur- und Moosschutz im Dachauer Moos Jubil\u00e4ums-Ausstellung im Dachauer Wasserturm mit Fotos von Paul Eschbach Die\u00a0Kreisgruppe Dachau\u00a0des\u00a0BUND Naturschutz in Bayern e. V.\u00a0feiert im Jahr 2025 das 50-j\u00e4hrige Bestehen 1975 \u2014 2025 mit\u2026","rel":"","context":"In &quot;Ausstellung \/ Sonderausstellung&quot;","block_context":{"text":"Ausstellung \/ Sonderausstellung","link":"https:\/\/deltaimage.de\/wp\/?cat=860"},"img":{"alt_text":"","src":"https:\/\/i0.wp.com\/deltaimage.de\/wp\/wp-content\/uploads\/Logo_Schleissheimer-Zeitung-e1726945612862.jpg?fit=890%2C334&ssl=1&resize=350%2C200","width":350,"height":200,"srcset":"https:\/\/i0.wp.com\/deltaimage.de\/wp\/wp-content\/uploads\/Logo_Schleissheimer-Zeitung-e1726945612862.jpg?fit=890%2C334&ssl=1&resize=350%2C200 1x, https:\/\/i0.wp.com\/deltaimage.de\/wp\/wp-content\/uploads\/Logo_Schleissheimer-Zeitung-e1726945612862.jpg?fit=890%2C334&ssl=1&resize=525%2C300 1.5x, https:\/\/i0.wp.com\/deltaimage.de\/wp\/wp-content\/uploads\/Logo_Schleissheimer-Zeitung-e1726945612862.jpg?fit=890%2C334&ssl=1&resize=700%2C400 2x"},"classes":[]},{"id":48548,"url":"https:\/\/deltaimage.de\/wp\/?p=48548","url_meta":{"origin":48046,"position":1},"title":"Ein Blick in den zweiten Stock Ausstellung im Dachauer Wasserturm &#8211; &#8222;50 Jahre Natur- und Moosschutz im Dachauer Moos&#8220;","author":"EschbacP","date":"27. M\u00e4rz 2025","format":false,"excerpt":"\"50 Jahre Natur- und Moosschutz im Dachauer Moos\" \u00a0 Fest- und Foto-Ausstellung der Kreisgruppe Dachau im BUND Naturschutz in Bayern e. V. anl\u00e4sslich des 50-j\u00e4hrigen Bestehens der Kreisgruppe 1975 - 2025 im Dachauer Wasserturm. Die Ausstellung erstreckt sich \u00fcber vier Stockwerke im Dachauer Wasserturm, mit den folgenden Ausstellungsinhalten: \u00a0 Fachausstellung\u2026","rel":"","context":"In &quot;Buch&quot;","block_context":{"text":"Buch","link":"https:\/\/deltaimage.de\/wp\/?cat=1189"},"img":{"alt_text":"","src":"https:\/\/i0.wp.com\/deltaimage.de\/wp\/wp-content\/uploads\/PANO_20250327_113047_1200.jpg?fit=1200%2C602&ssl=1&resize=350%2C200","width":350,"height":200,"srcset":"https:\/\/i0.wp.com\/deltaimage.de\/wp\/wp-content\/uploads\/PANO_20250327_113047_1200.jpg?fit=1200%2C602&ssl=1&resize=350%2C200 1x, https:\/\/i0.wp.com\/deltaimage.de\/wp\/wp-content\/uploads\/PANO_20250327_113047_1200.jpg?fit=1200%2C602&ssl=1&resize=525%2C300 1.5x, https:\/\/i0.wp.com\/deltaimage.de\/wp\/wp-content\/uploads\/PANO_20250327_113047_1200.jpg?fit=1200%2C602&ssl=1&resize=700%2C400 2x, https:\/\/i0.wp.com\/deltaimage.de\/wp\/wp-content\/uploads\/PANO_20250327_113047_1200.jpg?fit=1200%2C602&ssl=1&resize=1050%2C600 3x"},"classes":[]},{"id":48341,"url":"https:\/\/deltaimage.de\/wp\/?p=48341","url_meta":{"origin":48046,"position":2},"title":"Dachauer Nachrichten: Dachauer Moos erleben &#8211; Jubil\u00e4umsausstellung der Kreisgruppe Dachau &#8230;","author":"EschbacP","date":"16. M\u00e4rz 2025","format":false,"excerpt":"Beitrag ver\u00f6ffentlicht in der Dachauer Rundschau vom 16.3.2025 --> Link zum e-Paper \u00a0 Dachauer Moos erleben Jubil\u00e4umsausstellung der Kreisgruppe Dachau im BUND Naturschutz im Dachauer Wasserturm ab 21. M\u00e4rz Dachau\u2013 Die Kreisgruppe Dachau im BUND Naturschutz in Bayern feiert dieses Jahr 50 Jahre der Gr\u00fcndung und zeigt das Wirken im\u2026","rel":"","context":"In &quot;Ausstellung \/ Sonderausstellung&quot;","block_context":{"text":"Ausstellung \/ Sonderausstellung","link":"https:\/\/deltaimage.de\/wp\/?cat=860"},"img":{"alt_text":"","src":"https:\/\/i0.wp.com\/deltaimage.de\/wp\/wp-content\/uploads\/Logo_Dachauer-Rundschau.jpg?fit=1200%2C448&ssl=1&resize=350%2C200","width":350,"height":200,"srcset":"https:\/\/i0.wp.com\/deltaimage.de\/wp\/wp-content\/uploads\/Logo_Dachauer-Rundschau.jpg?fit=1200%2C448&ssl=1&resize=350%2C200 1x, https:\/\/i0.wp.com\/deltaimage.de\/wp\/wp-content\/uploads\/Logo_Dachauer-Rundschau.jpg?fit=1200%2C448&ssl=1&resize=525%2C300 1.5x, https:\/\/i0.wp.com\/deltaimage.de\/wp\/wp-content\/uploads\/Logo_Dachauer-Rundschau.jpg?fit=1200%2C448&ssl=1&resize=700%2C400 2x, https:\/\/i0.wp.com\/deltaimage.de\/wp\/wp-content\/uploads\/Logo_Dachauer-Rundschau.jpg?fit=1200%2C448&ssl=1&resize=1050%2C600 3x"},"classes":[]},{"id":48630,"url":"https:\/\/deltaimage.de\/wp\/?p=48630","url_meta":{"origin":48046,"position":3},"title":"Ein Blick in den ersten Stock Ausstellung im Dachauer Wasserturm &#8211; &#8222;50 Jahre Natur- und Moosschutz im Dachauer Moos&#8220;","author":"EschbacP","date":"27. M\u00e4rz 2025","format":false,"excerpt":"\"50 Jahre Natur- und Moosschutz im Dachauer Moos\" \u00a0 Fest- und Foto-Ausstellung der Kreisgruppe Dachau im BUND Naturschutz in Bayern e. V. anl\u00e4sslich des 50-j\u00e4hrigen Bestehens der Kreisgruppe 1975 - 2025 im Dachauer Wasserturm. Die Ausstellung erstreckt sich \u00fcber vier Stockwerke im Dachauer Wasserturm, mit den folgenden Ausstellungsinhalten: \u00a0 Foto-Ausstellung\u2026","rel":"","context":"In &quot;Buch&quot;","block_context":{"text":"Buch","link":"https:\/\/deltaimage.de\/wp\/?cat=1189"},"img":{"alt_text":"","src":"https:\/\/i0.wp.com\/deltaimage.de\/wp\/wp-content\/uploads\/IMG_7901_1200.jpg?fit=1200%2C609&ssl=1&resize=350%2C200","width":350,"height":200,"srcset":"https:\/\/i0.wp.com\/deltaimage.de\/wp\/wp-content\/uploads\/IMG_7901_1200.jpg?fit=1200%2C609&ssl=1&resize=350%2C200 1x, https:\/\/i0.wp.com\/deltaimage.de\/wp\/wp-content\/uploads\/IMG_7901_1200.jpg?fit=1200%2C609&ssl=1&resize=525%2C300 1.5x, https:\/\/i0.wp.com\/deltaimage.de\/wp\/wp-content\/uploads\/IMG_7901_1200.jpg?fit=1200%2C609&ssl=1&resize=700%2C400 2x, https:\/\/i0.wp.com\/deltaimage.de\/wp\/wp-content\/uploads\/IMG_7901_1200.jpg?fit=1200%2C609&ssl=1&resize=1050%2C600 3x"},"classes":[]},{"id":48402,"url":"https:\/\/deltaimage.de\/wp\/?p=48402","url_meta":{"origin":48046,"position":4},"title":"Wochenanzeiger.de Dachau: 50 Jahre Bund Naturschutz in Dachau","author":"EschbacP","date":"16. M\u00e4rz 2025","format":false,"excerpt":"Text: Frank Marquardt Am Freitag, 21. M\u00e4rz, findet um 18 Uhr im Dachauer Wasserturm (Schlossstra\u00dfe 7a) die feierliche Er\u00f6ffnung der Ausstellung \u201e50 Jahre Bund Naturschutz in Dachau\u201d statt. Die Kreisgruppe Dachau des Bund Naturschutz, die seit 1975 besteht und mittlerweile fast 5.000 Mitglieder z\u00e4hlt, l\u00e4dt alle Interessierten herzlich zu dieser\u2026","rel":"","context":"In &quot;Ausstellung \/ Sonderausstellung&quot;","block_context":{"text":"Ausstellung \/ Sonderausstellung","link":"https:\/\/deltaimage.de\/wp\/?cat=860"},"img":{"alt_text":"","src":"https:\/\/i0.wp.com\/deltaimage.de\/wp\/wp-content\/uploads\/Logo_Wochenanzeiger_Dachau.jpg?fit=1200%2C201&ssl=1&resize=350%2C200","width":350,"height":200,"srcset":"https:\/\/i0.wp.com\/deltaimage.de\/wp\/wp-content\/uploads\/Logo_Wochenanzeiger_Dachau.jpg?fit=1200%2C201&ssl=1&resize=350%2C200 1x, https:\/\/i0.wp.com\/deltaimage.de\/wp\/wp-content\/uploads\/Logo_Wochenanzeiger_Dachau.jpg?fit=1200%2C201&ssl=1&resize=525%2C300 1.5x, https:\/\/i0.wp.com\/deltaimage.de\/wp\/wp-content\/uploads\/Logo_Wochenanzeiger_Dachau.jpg?fit=1200%2C201&ssl=1&resize=700%2C400 2x, https:\/\/i0.wp.com\/deltaimage.de\/wp\/wp-content\/uploads\/Logo_Wochenanzeiger_Dachau.jpg?fit=1200%2C201&ssl=1&resize=1050%2C600 3x"},"classes":[]},{"id":48452,"url":"https:\/\/deltaimage.de\/wp\/?p=48452","url_meta":{"origin":48046,"position":5},"title":"Dachauer Nachrichten: Neue Ausstellung im Dachauer Wasserturm: Die Sch\u00f6nheit des Mooses festgehalten","author":"EschbacP","date":"21. M\u00e4rz 2025","format":false,"excerpt":"Von Miriam Kohr \u00a0 50 Jahre Bund Naturschutz: Eine neue Foto- und Festausstellung im Wasserturm bietet ab 21. M\u00e4rz reichlich Information, aber auch beeindruckende Bilder. Dachau \u2013 Die Kreisgruppe Dachau des Bund Naturschutz feiert Jubil\u00e4um. Seit 50 Jahren setzt sie sich f\u00fcr den Natur- und Landschaftsschutz im Landkreis ein. Das\u2026","rel":"","context":"In &quot;Buch&quot;","block_context":{"text":"Buch","link":"https:\/\/deltaimage.de\/wp\/?cat=1189"},"img":{"alt_text":"","src":"https:\/\/i0.wp.com\/deltaimage.de\/wp\/wp-content\/uploads\/Logo_Merkur.png?fit=1200%2C450&ssl=1&resize=350%2C200","width":350,"height":200,"srcset":"https:\/\/i0.wp.com\/deltaimage.de\/wp\/wp-content\/uploads\/Logo_Merkur.png?fit=1200%2C450&ssl=1&resize=350%2C200 1x, https:\/\/i0.wp.com\/deltaimage.de\/wp\/wp-content\/uploads\/Logo_Merkur.png?fit=1200%2C450&ssl=1&resize=525%2C300 1.5x, https:\/\/i0.wp.com\/deltaimage.de\/wp\/wp-content\/uploads\/Logo_Merkur.png?fit=1200%2C450&ssl=1&resize=700%2C400 2x, https:\/\/i0.wp.com\/deltaimage.de\/wp\/wp-content\/uploads\/Logo_Merkur.png?fit=1200%2C450&ssl=1&resize=1050%2C600 3x"},"classes":[]}],"jetpack_sharing_enabled":true,"_links":{"self":[{"href":"https:\/\/deltaimage.de\/wp\/index.php?rest_route=\/wp\/v2\/posts\/48046","targetHints":{"allow":["GET"]}}],"collection":[{"href":"https:\/\/deltaimage.de\/wp\/index.php?rest_route=\/wp\/v2\/posts"}],"about":[{"href":"https:\/\/deltaimage.de\/wp\/index.php?rest_route=\/wp\/v2\/types\/post"}],"author":[{"embeddable":true,"href":"https:\/\/deltaimage.de\/wp\/index.php?rest_route=\/wp\/v2\/users\/1"}],"replies":[{"embeddable":true,"href":"https:\/\/deltaimage.de\/wp\/index.php?rest_route=%2Fwp%2Fv2%2Fcomments&post=48046"}],"version-history":[{"count":18,"href":"https:\/\/deltaimage.de\/wp\/index.php?rest_route=\/wp\/v2\/posts\/48046\/revisions"}],"predecessor-version":[{"id":48096,"href":"https:\/\/deltaimage.de\/wp\/index.php?rest_route=\/wp\/v2\/posts\/48046\/revisions\/48096"}],"wp:featuredmedia":[{"embeddable":true,"href":"https:\/\/deltaimage.de\/wp\/index.php?rest_route=\/wp\/v2\/media\/48091"}],"wp:attachment":[{"href":"https:\/\/deltaimage.de\/wp\/index.php?rest_route=%2Fwp%2Fv2%2Fmedia&parent=48046"}],"wp:term":[{"taxonomy":"category","embeddable":true,"href":"https:\/\/deltaimage.de\/wp\/index.php?rest_route=%2Fwp%2Fv2%2Fcategories&post=48046"},{"taxonomy":"post_tag","embeddable":true,"href":"https:\/\/deltaimage.de\/wp\/index.php?rest_route=%2Fwp%2Fv2%2Ftags&post=48046"}],"curies":[{"name":"wp","href":"https:\/\/api.w.org\/{rel}","templated":true}]}}