{"id":48097,"date":"2025-03-07T17:40:53","date_gmt":"2025-03-07T16:40:53","guid":{"rendered":"https:\/\/deltaimage.de\/wp\/?p=48097"},"modified":"2025-03-16T17:17:14","modified_gmt":"2025-03-16T16:17:14","slug":"dachauer-wasserturm-das-jahresprogramm-2025-liegt-auf","status":"publish","type":"post","link":"https:\/\/deltaimage.de\/wp\/?p=48097","title":{"rendered":"Dachauer Wasserturm: Das Jahresprogramm 2025 liegt auf"},"content":{"rendered":"<p>Der <strong><a href=\"https:\/\/dachauerwasserturm.de\">F\u00f6rderverein Dachauer Wasserturm e. V<\/a>.<\/strong> hat gestern das neue <strong><a href=\"https:\/\/www.dachauerwasserturm.de\/index.php\">Jahresprogramm 2025<\/a><\/strong> der Presse vorgestellt. ebenso liegen nun an vielen Punkten in <strong>Dachau<\/strong> und Umgebung die bekannten Flyer in der auff\u00e4llig gelben Farbe auf.<\/p>\n<p>&nbsp;<\/p>\n<h2>Werfen wir doch einen Blick in den Flyer auf das Jahresprogramm 2025<\/h2>\n<blockquote>\n<pre>Ach ja!<\/pre>\n<\/blockquote>\n<p>Da ist ja auch gleich unsere <strong>Fest- und Foto-Ausstellung im Wasserturm<\/strong>. Wir er\u00f6ffnen der Reigen der \u00fcberaus sehenswerten Veranstaltungen im Jahr 2025 vom<strong> 21.3. &#8211; 21-4.2025<\/strong>, mit der <a href=\"https:\/\/deltaimage.de\/wp\/?tribe_events=vernissage-im-dachauer-wasserturm-50-jahre-bund-naturschutz-in-dachau-21-3-25\"><strong>Vernissage am 21.3.2025<\/strong><\/a> um 18:00 Uhr.<\/p>\n<p><img data-recalc-dims=\"1\" loading=\"lazy\" decoding=\"async\" data-attachment-id=\"48100\" data-permalink=\"https:\/\/deltaimage.de\/wp\/?attachment_id=48100#main\" data-orig-file=\"https:\/\/i0.wp.com\/deltaimage.de\/wp\/wp-content\/uploads\/IMG_20250307_094918_900.jpg?fit=668%2C890&amp;ssl=1\" data-orig-size=\"668,890\" data-comments-opened=\"1\" data-image-meta=\"{&quot;aperture&quot;:&quot;1.9&quot;,&quot;credit&quot;:&quot;&quot;,&quot;camera&quot;:&quot;2201116SG&quot;,&quot;caption&quot;:&quot;&quot;,&quot;created_timestamp&quot;:&quot;1741340958&quot;,&quot;copyright&quot;:&quot;&quot;,&quot;focal_length&quot;:&quot;5.89&quot;,&quot;iso&quot;:&quot;50&quot;,&quot;shutter_speed&quot;:&quot;0.00095238095238095&quot;,&quot;title&quot;:&quot;&quot;,&quot;orientation&quot;:&quot;0&quot;}\" data-image-title=\"IMG_20250307_094918_900\" data-image-description=\"\" data-image-caption=\"\" data-large-file=\"https:\/\/i0.wp.com\/deltaimage.de\/wp\/wp-content\/uploads\/IMG_20250307_094918_900.jpg?fit=668%2C890&amp;ssl=1\" class=\"aligncenter size-full wp-image-48100\" src=\"https:\/\/i0.wp.com\/deltaimage.de\/wp\/wp-content\/uploads\/IMG_20250307_094918_900.jpg?resize=668%2C890&#038;ssl=1\" alt=\"\" width=\"668\" height=\"890\" srcset=\"https:\/\/i0.wp.com\/deltaimage.de\/wp\/wp-content\/uploads\/IMG_20250307_094918_900.jpg?w=668&amp;ssl=1 668w, https:\/\/i0.wp.com\/deltaimage.de\/wp\/wp-content\/uploads\/IMG_20250307_094918_900.jpg?resize=450%2C600&amp;ssl=1 450w, https:\/\/i0.wp.com\/deltaimage.de\/wp\/wp-content\/uploads\/IMG_20250307_094918_900.jpg?resize=150%2C200&amp;ssl=1 150w, https:\/\/i0.wp.com\/deltaimage.de\/wp\/wp-content\/uploads\/IMG_20250307_094918_900.jpg?resize=300%2C400&amp;ssl=1 300w\" sizes=\"auto, (max-width: 668px) 100vw, 668px\" \/><\/p>\n<p><!--more--><\/p>\n<p>&nbsp;<\/p>\n<h2>Der Dachauer Wasserturm, das Original und sein Veranstaltungsprogramm<\/h2>\n<p>Das hat eine gewisse \u00c4hnlichkeit. Das historische Original aus dem Jahr 1910 und die k\u00fcnstlerisch inspirierte Umsetzung, so wie es sich f\u00fcr eine traditionsreiche K\u00fcnstlerstadt auch geh\u00f6rt. Anhand der Fensterreihen kann man auf beiden Wassert\u00fcrmen auch sehen, das Bauwerk besteht aus vier Stockwerken. F\u00fcr unsere Fest- und Foto-Ausstellung werden auch alle vier Stockwerke genutzt werden.<\/p>\n<p><img data-recalc-dims=\"1\" loading=\"lazy\" decoding=\"async\" data-attachment-id=\"48102\" data-permalink=\"https:\/\/deltaimage.de\/wp\/?attachment_id=48102#main\" data-orig-file=\"https:\/\/i0.wp.com\/deltaimage.de\/wp\/wp-content\/uploads\/IMG_20250307_094829_900.jpg?fit=668%2C890&amp;ssl=1\" data-orig-size=\"668,890\" data-comments-opened=\"1\" data-image-meta=\"{&quot;aperture&quot;:&quot;1.9&quot;,&quot;credit&quot;:&quot;&quot;,&quot;camera&quot;:&quot;2201116SG&quot;,&quot;caption&quot;:&quot;&quot;,&quot;created_timestamp&quot;:&quot;1741340910&quot;,&quot;copyright&quot;:&quot;&quot;,&quot;focal_length&quot;:&quot;5.89&quot;,&quot;iso&quot;:&quot;50&quot;,&quot;shutter_speed&quot;:&quot;0.0010526315789474&quot;,&quot;title&quot;:&quot;&quot;,&quot;orientation&quot;:&quot;0&quot;}\" data-image-title=\"IMG_20250307_094829_900\" data-image-description=\"\" data-image-caption=\"\" data-large-file=\"https:\/\/i0.wp.com\/deltaimage.de\/wp\/wp-content\/uploads\/IMG_20250307_094829_900.jpg?fit=668%2C890&amp;ssl=1\" class=\"aligncenter size-full wp-image-48102\" src=\"https:\/\/i0.wp.com\/deltaimage.de\/wp\/wp-content\/uploads\/IMG_20250307_094829_900.jpg?resize=668%2C890&#038;ssl=1\" alt=\"\" width=\"668\" height=\"890\" srcset=\"https:\/\/i0.wp.com\/deltaimage.de\/wp\/wp-content\/uploads\/IMG_20250307_094829_900.jpg?w=668&amp;ssl=1 668w, https:\/\/i0.wp.com\/deltaimage.de\/wp\/wp-content\/uploads\/IMG_20250307_094829_900.jpg?resize=450%2C600&amp;ssl=1 450w, https:\/\/i0.wp.com\/deltaimage.de\/wp\/wp-content\/uploads\/IMG_20250307_094829_900.jpg?resize=150%2C200&amp;ssl=1 150w, https:\/\/i0.wp.com\/deltaimage.de\/wp\/wp-content\/uploads\/IMG_20250307_094829_900.jpg?resize=300%2C400&amp;ssl=1 300w\" sizes=\"auto, (max-width: 668px) 100vw, 668px\" \/><\/p>\n<ul>\n<li>1. Stock: Der <strong>Ausstellungsraum<\/strong> wird f\u00fcr den ersten Teil der <strong>Foto-Ausstellung<\/strong> genutzt werden.<\/li>\n<li>2. Stock: Hier ist die <strong>Themenausstellung<\/strong> vom <strong>BUND Naturschutz in Bayern &#8211; Kreisgruppe Dachau<\/strong> angesiedelt:<\/li>\n<\/ul>\n<h1 style=\"text-align: center;\">&#8222;50 Jahre Natur- und Moosschutz im Dachauer Moos&#8220;<\/h1>\n<ul>\n<li>3. Stock: Die <strong>Foto-Ausstellung<\/strong> geht weiter mit weiteren gro\u00dfformatigen Bildern aus dem <strong>Dachauer Moos<\/strong>, mit dem thematischen Schwerpunkt zum <strong>Palsweiser Moos<\/strong> und <strong>Fu\u00dfbergmoos<\/strong>.<\/li>\n<li>4. Stock: Die <strong>Veranstaltungsb\u00fchne<\/strong>. Hier werden die Themenvortr\u00e4ge gehalten und gezeigt werden.<\/li>\n<\/ul>\n","protected":false},"excerpt":{"rendered":"<p>Der F\u00f6rderverein Dachauer Wasserturm e. V. hat gestern das neue Jahresprogramm 2025 der Presse vorgestellt. ebenso liegen nun an vielen Punkten in Dachau und Umgebung die bekannten Flyer in der [&hellip;]<\/p>\n","protected":false},"author":1,"featured_media":48099,"comment_status":"open","ping_status":"closed","sticky":false,"template":"","format":"standard","meta":{"wpupg_custom_link":[],"wpupg_custom_link_behaviour":["default"],"wpupg_custom_link_nofollow":["default"],"wpupg_custom_image":[],"wpupg_custom_image_id":[],"jetpack_post_was_ever_published":false,"footnotes":""},"categories":[860,3010,2523,8],"tags":[4129,95,3989,3990,3152,348],"class_list":["post-48097","post","type-post","status-publish","format-standard","has-post-thumbnail","hentry","category-sonderausstellung","category-dachauer-land","category-dachauer-moos","category-news","tag-ausstellungsraum","tag-dachau","tag-dachauer-wasserturm","tag-foerderverein-dachauer-wasserturm-e-v","tag-hofgarten","tag-wasserturm"],"jetpack_featured_media_url":"https:\/\/i0.wp.com\/deltaimage.de\/wp\/wp-content\/uploads\/IMG_20250307_094848_1200.jpg?fit=1200%2C450&ssl=1","jetpack-related-posts":[{"id":48294,"url":"https:\/\/deltaimage.de\/wp\/?p=48294","url_meta":{"origin":48097,"position":0},"title":"Dachauer Nachrichten: Der Wasserturm startet in die Saison 2025","author":"EschbacP","date":"13. M\u00e4rz 2025","format":false,"excerpt":"Zwei Vereine feiern ein Turm-Jubil\u00e4um im Jahr 2025. Einer der Vereine ist sicherlich der BUND Naturschutz in Bayern e. V. - Kreisgruppe Dachau, mit dem 50-J\u00e4hrigen-Bestehen 1975 bis 2025. Dazu hat DELTA IMAGE zusammen mit der Kreisgruppe eine entsprechend gro\u00dfe Fest- und Foto-Ausstellung vorbereitet. Diese l\u00e4sst sich in Dachau nirgends\u2026","rel":"","context":"In &quot;Ausstellung \/ Sonderausstellung&quot;","block_context":{"text":"Ausstellung \/ Sonderausstellung","link":"https:\/\/deltaimage.de\/wp\/?cat=860"},"img":{"alt_text":"","src":"https:\/\/i0.wp.com\/deltaimage.de\/wp\/wp-content\/uploads\/Logo_Dachauer-Nachrichten.jpg?fit=1200%2C200&ssl=1&resize=350%2C200","width":350,"height":200,"srcset":"https:\/\/i0.wp.com\/deltaimage.de\/wp\/wp-content\/uploads\/Logo_Dachauer-Nachrichten.jpg?fit=1200%2C200&ssl=1&resize=350%2C200 1x, https:\/\/i0.wp.com\/deltaimage.de\/wp\/wp-content\/uploads\/Logo_Dachauer-Nachrichten.jpg?fit=1200%2C200&ssl=1&resize=525%2C300 1.5x, https:\/\/i0.wp.com\/deltaimage.de\/wp\/wp-content\/uploads\/Logo_Dachauer-Nachrichten.jpg?fit=1200%2C200&ssl=1&resize=700%2C400 2x, https:\/\/i0.wp.com\/deltaimage.de\/wp\/wp-content\/uploads\/Logo_Dachauer-Nachrichten.jpg?fit=1200%2C200&ssl=1&resize=1050%2C600 3x"},"classes":[]},{"id":47476,"url":"https:\/\/deltaimage.de\/wp\/?p=47476","url_meta":{"origin":48097,"position":1},"title":"Der Dachauer Wasserturm als k\u00fcnstlerischer Ausstellungsraum in der K\u00fcnstlerstadt","author":"EschbacP","date":"23. Januar 2025","format":false,"excerpt":"Dachau hat auf der h\u00f6chsten Erhebung der Stadt, unmittelbar neben dem Dachauer Schloss und Hofgarten stehend, einen historischen Wasserturm im Architekturstil des \"Historismus\" erbaut. Somit f\u00fcgt er sich sehr gut in die Architekturlandschaft, neben dem wittelsbachischen Schloss und Sommerresidenz, ein. Der Wasserturm diente ab dem Jahr 1911 der Wasserversorgung der\u2026","rel":"","context":"In &quot;Dachauer Land&quot;","block_context":{"text":"Dachauer Land","link":"https:\/\/deltaimage.de\/wp\/?cat=3010"},"img":{"alt_text":"","src":"https:\/\/i0.wp.com\/deltaimage.de\/wp\/wp-content\/uploads\/PE1S0075_1200.jpg?fit=1200%2C800&ssl=1&resize=350%2C200","width":350,"height":200,"srcset":"https:\/\/i0.wp.com\/deltaimage.de\/wp\/wp-content\/uploads\/PE1S0075_1200.jpg?fit=1200%2C800&ssl=1&resize=350%2C200 1x, https:\/\/i0.wp.com\/deltaimage.de\/wp\/wp-content\/uploads\/PE1S0075_1200.jpg?fit=1200%2C800&ssl=1&resize=525%2C300 1.5x, https:\/\/i0.wp.com\/deltaimage.de\/wp\/wp-content\/uploads\/PE1S0075_1200.jpg?fit=1200%2C800&ssl=1&resize=700%2C400 2x, https:\/\/i0.wp.com\/deltaimage.de\/wp\/wp-content\/uploads\/PE1S0075_1200.jpg?fit=1200%2C800&ssl=1&resize=1050%2C600 3x"},"classes":[]},{"id":48500,"url":"https:\/\/deltaimage.de\/wp\/?p=48500","url_meta":{"origin":48097,"position":2},"title":"Ein Blick in die Foto-Ausstellung im Dachauer Wasserturm von Paul Eschbach","author":"EschbacP","date":"26. M\u00e4rz 2025","format":false,"excerpt":"Die Foto-Ausstellung im Dachauer Wasserturm ist im Beisein der vielen Vernissage-G\u00e4sten er\u00f6ffnet. Werfen wir doch einen Blick in die hellen Ausstellungsr\u00e4ume im ersten Stock des Dachauer Wasserturms. Gro\u00dfformatige Fotografien zeigen die Sch\u00f6nheiten der Natur im Dachauer Moos, mit dem thematischen Schwerpunkt im Palsweiser Moos und Fu\u00dfbergmoos. \u00a0 Fr\u00fchlingsbeginn am Dachauer\u2026","rel":"","context":"In &quot;Buch&quot;","block_context":{"text":"Buch","link":"https:\/\/deltaimage.de\/wp\/?cat=1189"},"img":{"alt_text":"","src":"https:\/\/i0.wp.com\/deltaimage.de\/wp\/wp-content\/uploads\/PE1X9943_1200.jpg?fit=1200%2C450&ssl=1&resize=350%2C200","width":350,"height":200,"srcset":"https:\/\/i0.wp.com\/deltaimage.de\/wp\/wp-content\/uploads\/PE1X9943_1200.jpg?fit=1200%2C450&ssl=1&resize=350%2C200 1x, https:\/\/i0.wp.com\/deltaimage.de\/wp\/wp-content\/uploads\/PE1X9943_1200.jpg?fit=1200%2C450&ssl=1&resize=525%2C300 1.5x, https:\/\/i0.wp.com\/deltaimage.de\/wp\/wp-content\/uploads\/PE1X9943_1200.jpg?fit=1200%2C450&ssl=1&resize=700%2C400 2x, https:\/\/i0.wp.com\/deltaimage.de\/wp\/wp-content\/uploads\/PE1X9943_1200.jpg?fit=1200%2C450&ssl=1&resize=1050%2C600 3x"},"classes":[]},{"id":48461,"url":"https:\/\/deltaimage.de\/wp\/?p=48461","url_meta":{"origin":48097,"position":3},"title":"Die Sch\u00f6nheit und der Schutz des Dachauer Mooses: Vernissage im Dachauer Wasserturm","author":"EschbacP","date":"26. M\u00e4rz 2025","format":false,"excerpt":"Der BUND Naturschutz in Bayern \u2013 Kreisgruppe Dachau und der Dachauer Fotograf Paul Eschbach er\u00f6ffnen die neue Fest- und Foto-Ausstellung \u201eNatur- und Moosschutz im Dachauer Moos\u201c im Beisein von weit \u00fcber f\u00fcnfzig BesucherInnen im Dachauer Wasserturm, anl\u00e4sslich des 50-j\u00e4hrigen Bestehens der Kreisgruppe im Landkreis Dachau. \u00a0 Begr\u00fc\u00dfung und Er\u00f6ffnung der\u2026","rel":"","context":"In &quot;Buch&quot;","block_context":{"text":"Buch","link":"https:\/\/deltaimage.de\/wp\/?cat=1189"},"img":{"alt_text":"","src":"https:\/\/i0.wp.com\/deltaimage.de\/wp\/wp-content\/uploads\/Falkenberg_Paul_Vernissage-3_1200.jpg?fit=1200%2C450&ssl=1&resize=350%2C200","width":350,"height":200,"srcset":"https:\/\/i0.wp.com\/deltaimage.de\/wp\/wp-content\/uploads\/Falkenberg_Paul_Vernissage-3_1200.jpg?fit=1200%2C450&ssl=1&resize=350%2C200 1x, https:\/\/i0.wp.com\/deltaimage.de\/wp\/wp-content\/uploads\/Falkenberg_Paul_Vernissage-3_1200.jpg?fit=1200%2C450&ssl=1&resize=525%2C300 1.5x, https:\/\/i0.wp.com\/deltaimage.de\/wp\/wp-content\/uploads\/Falkenberg_Paul_Vernissage-3_1200.jpg?fit=1200%2C450&ssl=1&resize=700%2C400 2x, https:\/\/i0.wp.com\/deltaimage.de\/wp\/wp-content\/uploads\/Falkenberg_Paul_Vernissage-3_1200.jpg?fit=1200%2C450&ssl=1&resize=1050%2C600 3x"},"classes":[]},{"id":48548,"url":"https:\/\/deltaimage.de\/wp\/?p=48548","url_meta":{"origin":48097,"position":4},"title":"Ein Blick in den zweiten Stock Ausstellung im Dachauer Wasserturm &#8211; &#8222;50 Jahre Natur- und Moosschutz im Dachauer Moos&#8220;","author":"EschbacP","date":"27. M\u00e4rz 2025","format":false,"excerpt":"\"50 Jahre Natur- und Moosschutz im Dachauer Moos\" \u00a0 Fest- und Foto-Ausstellung der Kreisgruppe Dachau im BUND Naturschutz in Bayern e. V. anl\u00e4sslich des 50-j\u00e4hrigen Bestehens der Kreisgruppe 1975 - 2025 im Dachauer Wasserturm. Die Ausstellung erstreckt sich \u00fcber vier Stockwerke im Dachauer Wasserturm, mit den folgenden Ausstellungsinhalten: \u00a0 Fachausstellung\u2026","rel":"","context":"In &quot;Buch&quot;","block_context":{"text":"Buch","link":"https:\/\/deltaimage.de\/wp\/?cat=1189"},"img":{"alt_text":"","src":"https:\/\/i0.wp.com\/deltaimage.de\/wp\/wp-content\/uploads\/PANO_20250327_113047_1200.jpg?fit=1200%2C602&ssl=1&resize=350%2C200","width":350,"height":200,"srcset":"https:\/\/i0.wp.com\/deltaimage.de\/wp\/wp-content\/uploads\/PANO_20250327_113047_1200.jpg?fit=1200%2C602&ssl=1&resize=350%2C200 1x, https:\/\/i0.wp.com\/deltaimage.de\/wp\/wp-content\/uploads\/PANO_20250327_113047_1200.jpg?fit=1200%2C602&ssl=1&resize=525%2C300 1.5x, https:\/\/i0.wp.com\/deltaimage.de\/wp\/wp-content\/uploads\/PANO_20250327_113047_1200.jpg?fit=1200%2C602&ssl=1&resize=700%2C400 2x, https:\/\/i0.wp.com\/deltaimage.de\/wp\/wp-content\/uploads\/PANO_20250327_113047_1200.jpg?fit=1200%2C602&ssl=1&resize=1050%2C600 3x"},"classes":[]},{"id":48981,"url":"https:\/\/deltaimage.de\/wp\/?p=48981","url_meta":{"origin":48097,"position":5},"title":"Dachauer Wasserturm und die Niedermoor-Landschaft \u00fcber die Oster-Feiertage ge\u00f6ffnet","author":"EschbacP","date":"17. April 2025","format":false,"excerpt":"An vier aufeinanderfolgenden Wochenenden im M\u00e4rz und April 2025 war bislang die Fest- und Foto-Ausstellung im Dachauer Wasserturm ge\u00f6ffnet. Viele BesucherInnen kamen schon, um sich die gro\u00dfformatigen Landschafts- und Naturbilder zusammen mit der Themenausstellung zum BUND Naturschutz - Kreisgruppe Dachau anzusehen. Die Ausstellung ist noch nicht zu Ende! \u00a0 Foto-Ausstellung\u2026","rel":"","context":"In &quot;Dachauer Land&quot;","block_context":{"text":"Dachauer Land","link":"https:\/\/deltaimage.de\/wp\/?cat=3010"},"img":{"alt_text":"","src":"https:\/\/i0.wp.com\/deltaimage.de\/wp\/wp-content\/uploads\/IMG_7901_1200.jpg?fit=1200%2C609&ssl=1&resize=350%2C200","width":350,"height":200,"srcset":"https:\/\/i0.wp.com\/deltaimage.de\/wp\/wp-content\/uploads\/IMG_7901_1200.jpg?fit=1200%2C609&ssl=1&resize=350%2C200 1x, https:\/\/i0.wp.com\/deltaimage.de\/wp\/wp-content\/uploads\/IMG_7901_1200.jpg?fit=1200%2C609&ssl=1&resize=525%2C300 1.5x, https:\/\/i0.wp.com\/deltaimage.de\/wp\/wp-content\/uploads\/IMG_7901_1200.jpg?fit=1200%2C609&ssl=1&resize=700%2C400 2x, https:\/\/i0.wp.com\/deltaimage.de\/wp\/wp-content\/uploads\/IMG_7901_1200.jpg?fit=1200%2C609&ssl=1&resize=1050%2C600 3x"},"classes":[]}],"jetpack_sharing_enabled":true,"_links":{"self":[{"href":"https:\/\/deltaimage.de\/wp\/index.php?rest_route=\/wp\/v2\/posts\/48097","targetHints":{"allow":["GET"]}}],"collection":[{"href":"https:\/\/deltaimage.de\/wp\/index.php?rest_route=\/wp\/v2\/posts"}],"about":[{"href":"https:\/\/deltaimage.de\/wp\/index.php?rest_route=\/wp\/v2\/types\/post"}],"author":[{"embeddable":true,"href":"https:\/\/deltaimage.de\/wp\/index.php?rest_route=\/wp\/v2\/users\/1"}],"replies":[{"embeddable":true,"href":"https:\/\/deltaimage.de\/wp\/index.php?rest_route=%2Fwp%2Fv2%2Fcomments&post=48097"}],"version-history":[{"count":10,"href":"https:\/\/deltaimage.de\/wp\/index.php?rest_route=\/wp\/v2\/posts\/48097\/revisions"}],"predecessor-version":[{"id":48110,"href":"https:\/\/deltaimage.de\/wp\/index.php?rest_route=\/wp\/v2\/posts\/48097\/revisions\/48110"}],"wp:featuredmedia":[{"embeddable":true,"href":"https:\/\/deltaimage.de\/wp\/index.php?rest_route=\/wp\/v2\/media\/48099"}],"wp:attachment":[{"href":"https:\/\/deltaimage.de\/wp\/index.php?rest_route=%2Fwp%2Fv2%2Fmedia&parent=48097"}],"wp:term":[{"taxonomy":"category","embeddable":true,"href":"https:\/\/deltaimage.de\/wp\/index.php?rest_route=%2Fwp%2Fv2%2Fcategories&post=48097"},{"taxonomy":"post_tag","embeddable":true,"href":"https:\/\/deltaimage.de\/wp\/index.php?rest_route=%2Fwp%2Fv2%2Ftags&post=48097"}],"curies":[{"name":"wp","href":"https:\/\/api.w.org\/{rel}","templated":true}]}}