{"id":48360,"date":"2025-03-16T15:07:30","date_gmt":"2025-03-16T14:07:30","guid":{"rendered":"https:\/\/deltaimage.de\/wp\/?p=48360"},"modified":"2025-08-25T21:20:38","modified_gmt":"2025-08-25T19:20:38","slug":"ki-witt-kiju-witt-im-krenmoos","status":"publish","type":"post","link":"https:\/\/deltaimage.de\/wp\/?p=48360","title":{"rendered":",,ki-witt, kiju-witt\u201c im Krenmoos"},"content":{"rendered":"<p><a href=\"https:\/\/deltaimage.de\/wp\/?page_id=40118\"><img data-recalc-dims=\"1\" loading=\"lazy\" decoding=\"async\" data-attachment-id=\"40115\" data-permalink=\"https:\/\/deltaimage.de\/wp\/?attachment_id=40115#main\" data-orig-file=\"https:\/\/i0.wp.com\/deltaimage.de\/wp\/wp-content\/uploads\/Stempel_DELTA-IMAGE_Quality.png?fit=961%2C960&amp;ssl=1\" data-orig-size=\"961,960\" data-comments-opened=\"1\" data-image-meta=\"{&quot;aperture&quot;:&quot;0&quot;,&quot;credit&quot;:&quot;&quot;,&quot;camera&quot;:&quot;&quot;,&quot;caption&quot;:&quot;&quot;,&quot;created_timestamp&quot;:&quot;0&quot;,&quot;copyright&quot;:&quot;&quot;,&quot;focal_length&quot;:&quot;0&quot;,&quot;iso&quot;:&quot;0&quot;,&quot;shutter_speed&quot;:&quot;0&quot;,&quot;title&quot;:&quot;&quot;,&quot;orientation&quot;:&quot;0&quot;}\" data-image-title=\"Stempel_DELTA IMAGE_Quality\" data-image-description=\"\" data-image-caption=\"\" data-large-file=\"https:\/\/i0.wp.com\/deltaimage.de\/wp\/wp-content\/uploads\/Stempel_DELTA-IMAGE_Quality.png?fit=890%2C889&amp;ssl=1\" class=\"alignright wp-image-40115 size-thumbnail\" src=\"https:\/\/i0.wp.com\/deltaimage.de\/wp\/wp-content\/uploads\/Stempel_DELTA-IMAGE_Quality.png?resize=200%2C200&#038;ssl=1\" alt=\"\" width=\"200\" height=\"200\" srcset=\"https:\/\/i0.wp.com\/deltaimage.de\/wp\/wp-content\/uploads\/Stempel_DELTA-IMAGE_Quality.png?resize=200%2C200&amp;ssl=1 200w, https:\/\/i0.wp.com\/deltaimage.de\/wp\/wp-content\/uploads\/Stempel_DELTA-IMAGE_Quality.png?resize=601%2C600&amp;ssl=1 601w, https:\/\/i0.wp.com\/deltaimage.de\/wp\/wp-content\/uploads\/Stempel_DELTA-IMAGE_Quality.png?resize=594%2C593&amp;ssl=1 594w, https:\/\/i0.wp.com\/deltaimage.de\/wp\/wp-content\/uploads\/Stempel_DELTA-IMAGE_Quality.png?resize=450%2C450&amp;ssl=1 450w, https:\/\/i0.wp.com\/deltaimage.de\/wp\/wp-content\/uploads\/Stempel_DELTA-IMAGE_Quality.png?resize=75%2C75&amp;ssl=1 75w, https:\/\/i0.wp.com\/deltaimage.de\/wp\/wp-content\/uploads\/Stempel_DELTA-IMAGE_Quality.png?resize=400%2C400&amp;ssl=1 400w, https:\/\/i0.wp.com\/deltaimage.de\/wp\/wp-content\/uploads\/Stempel_DELTA-IMAGE_Quality.png?resize=50%2C50&amp;ssl=1 50w, https:\/\/i0.wp.com\/deltaimage.de\/wp\/wp-content\/uploads\/Stempel_DELTA-IMAGE_Quality.png?w=961&amp;ssl=1 961w\" sizes=\"auto, (max-width: 200px) 100vw, 200px\" \/><\/a><div class=\"su-audio\" data-id=\"su_audio_player_69ef33483ccd6\" data-audio=\"https:\/\/deltaimage.de\/wp\/wp-content\/uploads\/40-Kiebitz.mp3\" data-swf=\"https:\/\/deltaimage.de\/wp\/wp-content\/plugins\/shortcodes-ultimate\/vendor\/jplayer\/jplayer.swf\" data-autoplay=\"no\" data-loop=\"no\" style=\"\"><div id=\"su_audio_player_69ef33483ccd6\" class=\"jp-jplayer\"><\/div><div id=\"su_audio_player_69ef33483ccd6_container\" class=\"jp-audio\"><div class=\"jp-type-single\"><div class=\"jp-gui jp-interface\"><div class=\"jp-controls\"><span class=\"jp-play\"><\/span><span class=\"jp-pause\"><\/span><span class=\"jp-stop\"><\/span><span class=\"jp-mute\"><\/span><span class=\"jp-unmute\"><\/span><span class=\"jp-volume-max\"><\/span><\/div><div class=\"jp-progress\"><div class=\"jp-seek-bar\"><div class=\"jp-play-bar\"><\/div><\/div><\/div><div class=\"jp-volume-bar\"><div class=\"jp-volume-bar-value\"><\/div><\/div><div class=\"jp-current-time\"><\/div><div class=\"jp-duration\"><\/div><\/div><div class=\"jp-title\"><\/div><\/div><\/div><\/div>\n<p>Quelle: <a href=\"https:\/\/www.lbv.de\"><em>www.lbv.de<\/em><\/a> und <a href=\"https:\/\/www.tierstimmen.de\"><em>www.tierstimmem.de<\/em><\/a><\/p>\n<p>Die typische Vogelstimme im <strong>Niedermoor<\/strong> hatte ich in den letzten Wochen immer mal wieder im <strong>Krenmoos<\/strong> geh\u00f6rt, aber den dazugeh\u00f6rigen Vogel nicht entdeckt. Heute bin ich wieder auf der Suche nach dieser Vogelstimme unterwegs und ich war schon ganz gespannt, ob ich heute Erfolg bei der Sichtung haben werde.<\/p>\n<p>&nbsp;<\/p>\n<h2>Der im Niedermoor gesuchte Vogel ist im dunklen Feld sehr gut getarnt<\/h2>\n<p><strong>Watv\u00f6gel<\/strong> sind eigentlich typische Bewohner der <strong>Nieder- und Hochmoore<\/strong> und den dort vorhandenen typischen Lebensr\u00e4umen. Der dunkle Moorboden gibt den idealen Lebensraum und Untergrund f\u00fcr das Nest und die Aufzucht der K\u00fcken. Das typische Federkleid dieser V\u00f6gel ist in den Farben Schwarz und Wei\u00df.<\/p>\n<p>Nur es gibt diese Moorfl\u00e4chen in Bayern kaum noch, so ist der Vogel als Kulturfolger dem Menschen aus der Naturlandschaft heraus in die Kulturlandschaft der \u00c4cker und Felder auf der dunklen Erde gefolgt. Die Tarnung aus der Luft funktioniert fast genauso gut. Als <strong>Naturfotograf<\/strong> kann ich davon ein Lied singen. Einmal den Vogel im Sucher der Kamera oder mit dem Fernglas gefunden, bleibt es schwierig, dieselbe Position in der Entfernung auf dem Feld, ohne direkte Orientierungspunkte wiederzufinden.<\/p>\n<p><img data-recalc-dims=\"1\" loading=\"lazy\" decoding=\"async\" data-attachment-id=\"48366\" data-permalink=\"https:\/\/deltaimage.de\/wp\/?attachment_id=48366#main\" data-orig-file=\"https:\/\/i0.wp.com\/deltaimage.de\/wp\/wp-content\/uploads\/PED40288_900.jpg?fit=890%2C593&amp;ssl=1\" data-orig-size=\"890,593\" data-comments-opened=\"1\" data-image-meta=\"{&quot;aperture&quot;:&quot;5&quot;,&quot;credit&quot;:&quot;Paul Eschbach&quot;,&quot;camera&quot;:&quot;Canon EOS-1D Mark IV&quot;,&quot;caption&quot;:&quot;&quot;,&quot;created_timestamp&quot;:&quot;1742134702&quot;,&quot;copyright&quot;:&quot;www.deltaimage.de&quot;,&quot;focal_length&quot;:&quot;400&quot;,&quot;iso&quot;:&quot;800&quot;,&quot;shutter_speed&quot;:&quot;0.002&quot;,&quot;title&quot;:&quot;&quot;,&quot;orientation&quot;:&quot;0&quot;}\" data-image-title=\"PED40288_900\" data-image-description=\"\" data-image-caption=\"\" data-large-file=\"https:\/\/i0.wp.com\/deltaimage.de\/wp\/wp-content\/uploads\/PED40288_900.jpg?fit=890%2C593&amp;ssl=1\" class=\"aligncenter size-full wp-image-48366\" src=\"https:\/\/i0.wp.com\/deltaimage.de\/wp\/wp-content\/uploads\/PED40288_900.jpg?resize=890%2C593&#038;ssl=1\" alt=\"\" width=\"890\" height=\"593\" srcset=\"https:\/\/i0.wp.com\/deltaimage.de\/wp\/wp-content\/uploads\/PED40288_900.jpg?w=890&amp;ssl=1 890w, https:\/\/i0.wp.com\/deltaimage.de\/wp\/wp-content\/uploads\/PED40288_900.jpg?resize=300%2C200&amp;ssl=1 300w, https:\/\/i0.wp.com\/deltaimage.de\/wp\/wp-content\/uploads\/PED40288_900.jpg?resize=600%2C400&amp;ssl=1 600w, https:\/\/i0.wp.com\/deltaimage.de\/wp\/wp-content\/uploads\/PED40288_900.jpg?resize=200%2C133&amp;ssl=1 200w\" sizes=\"auto, (max-width: 890px) 100vw, 890px\" \/><\/p>\n<p>Es geht um den Vogel des Jahres 2024 &#8211; den gesch\u00fctzten und stark bedrohten <strong>Kiebitz<\/strong>. Zu Beginn des Beitrages h\u00f6ren Sie einen seiner typischen Rufe. In der Natur wird man den so gut getarnten <strong>Watvogel<\/strong> meist zuerst h\u00f6ren und dann erst optisch in der Entfernung auch finden k\u00f6nnen.<\/p>\n<p><!--more--><\/p>\n<p>&nbsp;<\/p>\n<h2>Die Kiebitze sind wieder im Krenmoos da!<\/h2>\n<p>Vor einigen Wochen hatte ich den typischen Ruf des Kiebitz schon in der kalten Luft \u00fcber dem <strong>Krenmoos<\/strong> geh\u00f6rt \u2013 nur zu Gesicht hatte ich ihn nicht bekommen. Heute ist ein kalter, nasser und windiger Wintertag im <strong>Krenmoos<\/strong> \u2013 da muss ich unbedingt zum Nachsehen gehen.<\/p>\n<p>Geflogen sind heute noch keine <strong>Kiebitze<\/strong>, das Flugbild ist fast einzigartig, mit den \u00fcberdimensionierten Fl\u00fcgeln.<\/p>\n<p><img data-recalc-dims=\"1\" loading=\"lazy\" decoding=\"async\" data-attachment-id=\"48367\" data-permalink=\"https:\/\/deltaimage.de\/wp\/?attachment_id=48367#main\" data-orig-file=\"https:\/\/i0.wp.com\/deltaimage.de\/wp\/wp-content\/uploads\/PED40286_900.jpg?fit=890%2C593&amp;ssl=1\" data-orig-size=\"890,593\" data-comments-opened=\"1\" data-image-meta=\"{&quot;aperture&quot;:&quot;7.1&quot;,&quot;credit&quot;:&quot;Paul Eschbach&quot;,&quot;camera&quot;:&quot;Canon EOS-1D Mark IV&quot;,&quot;caption&quot;:&quot;&quot;,&quot;created_timestamp&quot;:&quot;1742134689&quot;,&quot;copyright&quot;:&quot;www.deltaimage.de&quot;,&quot;focal_length&quot;:&quot;400&quot;,&quot;iso&quot;:&quot;800&quot;,&quot;shutter_speed&quot;:&quot;0.004&quot;,&quot;title&quot;:&quot;&quot;,&quot;orientation&quot;:&quot;0&quot;}\" data-image-title=\"PED40286_900\" data-image-description=\"\" data-image-caption=\"\" data-large-file=\"https:\/\/i0.wp.com\/deltaimage.de\/wp\/wp-content\/uploads\/PED40286_900.jpg?fit=890%2C593&amp;ssl=1\" class=\"aligncenter size-full wp-image-48367\" src=\"https:\/\/i0.wp.com\/deltaimage.de\/wp\/wp-content\/uploads\/PED40286_900.jpg?resize=890%2C593&#038;ssl=1\" alt=\"\" width=\"890\" height=\"593\" srcset=\"https:\/\/i0.wp.com\/deltaimage.de\/wp\/wp-content\/uploads\/PED40286_900.jpg?w=890&amp;ssl=1 890w, https:\/\/i0.wp.com\/deltaimage.de\/wp\/wp-content\/uploads\/PED40286_900.jpg?resize=300%2C200&amp;ssl=1 300w, https:\/\/i0.wp.com\/deltaimage.de\/wp\/wp-content\/uploads\/PED40286_900.jpg?resize=600%2C400&amp;ssl=1 600w, https:\/\/i0.wp.com\/deltaimage.de\/wp\/wp-content\/uploads\/PED40286_900.jpg?resize=200%2C133&amp;ssl=1 200w\" sizes=\"auto, (max-width: 890px) 100vw, 890px\" \/><\/p>\n<p>Das Federkleid in einem metallisch schimmernden Gr\u00fcn und die Tolle am Hinterkopf sind untr\u00fcgliche Erkennungszeichen des Kiebitz.<\/p>\n<p>&nbsp;<\/p>\n<h2>Etwas sp\u00e4ter sichte ich den Kiebitz auch noch auf dem anderen Feld<\/h2>\n<p>Der <strong>Kiebitz<\/strong> war vor vielen Jahren st\u00e4ndiger Gast auf den <strong>Niedermoorfl\u00e4chen<\/strong> im <strong>Dachauer Moos<\/strong>. Der Karlsfelder Natursch\u00fctzer und Vogelfachmann bezeichnete den <strong>Kiebitz<\/strong> als \u00bbAllerweltsvogel\u00ab \u2013 so h\u00e4ufig war es im Moos zu sehen und zu h\u00f6ren. In den letzten Jahren gingen die Best\u00e4nde der Kiebitze um 80 bis 90 Prozent zur\u00fcck, bedingt durch das Verschwinden und die Ver\u00e4nderungen der Lebensr\u00e4ume dieser Watv\u00f6gel.<\/p>\n<p><img data-recalc-dims=\"1\" loading=\"lazy\" decoding=\"async\" data-attachment-id=\"48374\" data-permalink=\"https:\/\/deltaimage.de\/wp\/?attachment_id=48374#main\" data-orig-file=\"https:\/\/i0.wp.com\/deltaimage.de\/wp\/wp-content\/uploads\/PED40310_900.jpg?fit=890%2C593&amp;ssl=1\" data-orig-size=\"890,593\" data-comments-opened=\"1\" data-image-meta=\"{&quot;aperture&quot;:&quot;5&quot;,&quot;credit&quot;:&quot;Paul Eschbach&quot;,&quot;camera&quot;:&quot;Canon EOS-1D Mark IV&quot;,&quot;caption&quot;:&quot;&quot;,&quot;created_timestamp&quot;:&quot;1742134974&quot;,&quot;copyright&quot;:&quot;www.deltaimage.de&quot;,&quot;focal_length&quot;:&quot;400&quot;,&quot;iso&quot;:&quot;800&quot;,&quot;shutter_speed&quot;:&quot;0.0015625&quot;,&quot;title&quot;:&quot;&quot;,&quot;orientation&quot;:&quot;0&quot;}\" data-image-title=\"PED40310_900\" data-image-description=\"\" data-image-caption=\"\" data-large-file=\"https:\/\/i0.wp.com\/deltaimage.de\/wp\/wp-content\/uploads\/PED40310_900.jpg?fit=890%2C593&amp;ssl=1\" class=\"aligncenter size-full wp-image-48374\" src=\"https:\/\/i0.wp.com\/deltaimage.de\/wp\/wp-content\/uploads\/PED40310_900.jpg?resize=890%2C593&#038;ssl=1\" alt=\"\" width=\"890\" height=\"593\" srcset=\"https:\/\/i0.wp.com\/deltaimage.de\/wp\/wp-content\/uploads\/PED40310_900.jpg?w=890&amp;ssl=1 890w, https:\/\/i0.wp.com\/deltaimage.de\/wp\/wp-content\/uploads\/PED40310_900.jpg?resize=300%2C200&amp;ssl=1 300w, https:\/\/i0.wp.com\/deltaimage.de\/wp\/wp-content\/uploads\/PED40310_900.jpg?resize=600%2C400&amp;ssl=1 600w, https:\/\/i0.wp.com\/deltaimage.de\/wp\/wp-content\/uploads\/PED40310_900.jpg?resize=200%2C133&amp;ssl=1 200w\" sizes=\"auto, (max-width: 890px) 100vw, 890px\" \/><\/p>\n<p>Um Ihnen auch einen Eindruck der Gr\u00f6\u00dfe und der Tarnung des <strong>Kiebitz<\/strong> geben zu k\u00f6nnen, ist dies die Sichtung mit einem leistungsf\u00e4higen Teleobjektiv vom Feldweg aus, in der maximalen Vergr\u00f6\u00dferung von 1:1. Bitte versuchen Sie niemals, mit einem Smartphone diese sch\u00f6nen und gesch\u00fctzten V\u00f6gel fotografieren zu wollen, indem Sie in die Felder laufen. Vom 1. M\u00e4rz bis Mitte Juli stehen die <strong>Kiebitze<\/strong> unter besonderen Schutzbedingungen.<\/p>\n<p><img data-recalc-dims=\"1\" loading=\"lazy\" decoding=\"async\" data-attachment-id=\"48375\" data-permalink=\"https:\/\/deltaimage.de\/wp\/?attachment_id=48375#main\" data-orig-file=\"https:\/\/i0.wp.com\/deltaimage.de\/wp\/wp-content\/uploads\/PED40327_900.jpg?fit=890%2C593&amp;ssl=1\" data-orig-size=\"890,593\" data-comments-opened=\"1\" data-image-meta=\"{&quot;aperture&quot;:&quot;5&quot;,&quot;credit&quot;:&quot;Paul Eschbach&quot;,&quot;camera&quot;:&quot;Canon EOS-1D Mark IV&quot;,&quot;caption&quot;:&quot;&quot;,&quot;created_timestamp&quot;:&quot;1742135588&quot;,&quot;copyright&quot;:&quot;www.deltaimage.de&quot;,&quot;focal_length&quot;:&quot;400&quot;,&quot;iso&quot;:&quot;800&quot;,&quot;shutter_speed&quot;:&quot;0.0025&quot;,&quot;title&quot;:&quot;&quot;,&quot;orientation&quot;:&quot;0&quot;}\" data-image-title=\"PED40327_900\" data-image-description=\"\" data-image-caption=\"\" data-large-file=\"https:\/\/i0.wp.com\/deltaimage.de\/wp\/wp-content\/uploads\/PED40327_900.jpg?fit=890%2C593&amp;ssl=1\" class=\"aligncenter size-full wp-image-48375\" src=\"https:\/\/i0.wp.com\/deltaimage.de\/wp\/wp-content\/uploads\/PED40327_900.jpg?resize=890%2C593&#038;ssl=1\" alt=\"\" width=\"890\" height=\"593\" srcset=\"https:\/\/i0.wp.com\/deltaimage.de\/wp\/wp-content\/uploads\/PED40327_900.jpg?w=890&amp;ssl=1 890w, https:\/\/i0.wp.com\/deltaimage.de\/wp\/wp-content\/uploads\/PED40327_900.jpg?resize=300%2C200&amp;ssl=1 300w, https:\/\/i0.wp.com\/deltaimage.de\/wp\/wp-content\/uploads\/PED40327_900.jpg?resize=600%2C400&amp;ssl=1 600w, https:\/\/i0.wp.com\/deltaimage.de\/wp\/wp-content\/uploads\/PED40327_900.jpg?resize=200%2C133&amp;ssl=1 200w\" sizes=\"auto, (max-width: 890px) 100vw, 890px\" \/><\/p>\n","protected":false},"excerpt":{"rendered":"<p>Quelle: www.lbv.de und www.tierstimmem.de Die typische Vogelstimme im Niedermoor hatte ich in den letzten Wochen immer mal wieder im Krenmoos geh\u00f6rt, aber den dazugeh\u00f6rigen Vogel nicht entdeckt. Heute bin ich [&hellip;]<\/p>\n","protected":false},"author":1,"featured_media":48368,"comment_status":"open","ping_status":"closed","sticky":false,"template":"","format":"standard","meta":{"wpupg_custom_link":[],"wpupg_custom_link_behaviour":["default"],"wpupg_custom_link_nofollow":["default"],"wpupg_custom_image":[],"wpupg_custom_image_id":[],"jetpack_post_was_ever_published":false,"footnotes":""},"categories":[3010,2523,3217,8,3800],"tags":[775,3481,3044,2160,3713],"class_list":["post-48360","post","type-post","status-publish","format-standard","has-post-thumbnail","hentry","category-dachauer-land","category-dachauer-moos","category-naturfotografie","category-news","category-projekt-dachauer-moos","tag-dachauer-moos","tag-kiebitz","tag-krenmoos","tag-niedermoor","tag-watvogel"],"jetpack_featured_media_url":"https:\/\/i0.wp.com\/deltaimage.de\/wp\/wp-content\/uploads\/PED40290_1200.jpg?fit=1200%2C450&ssl=1","jetpack-related-posts":[{"id":52054,"url":"https:\/\/deltaimage.de\/wp\/?p=52054","url_meta":{"origin":48360,"position":0},"title":"V\u00f6gel beobachten und fotografieren im Dachauer Moos &#8211; Schafstelze","author":"EschbacP","date":"1. September 2025","format":false,"excerpt":"Einmal mehr etwas genauer hinschauen - und schon er\u00f6ffnet sich eine wunderbare \u00dcberraschung! Im Dachauer Moos beobachte ich bei meinen fotografischen Wanderungen und Erkundungen regelm\u00e4\u00dfig mit dem Fernglas und der Kamera, mit entsprechend gro\u00dfem und langen Objektiv unterwegs. Auf der Suche nach dem Kiebitz im Dachauer Moos, war ich im\u2026","rel":"","context":"In &quot;Dachauer Land&quot;","block_context":{"text":"Dachauer Land","link":"https:\/\/deltaimage.de\/wp\/?cat=3010"},"img":{"alt_text":"","src":"https:\/\/i0.wp.com\/deltaimage.de\/wp\/wp-content\/uploads\/PED44430_1200.jpg?fit=1200%2C450&ssl=1&resize=350%2C200","width":350,"height":200,"srcset":"https:\/\/i0.wp.com\/deltaimage.de\/wp\/wp-content\/uploads\/PED44430_1200.jpg?fit=1200%2C450&ssl=1&resize=350%2C200 1x, https:\/\/i0.wp.com\/deltaimage.de\/wp\/wp-content\/uploads\/PED44430_1200.jpg?fit=1200%2C450&ssl=1&resize=525%2C300 1.5x, https:\/\/i0.wp.com\/deltaimage.de\/wp\/wp-content\/uploads\/PED44430_1200.jpg?fit=1200%2C450&ssl=1&resize=700%2C400 2x, https:\/\/i0.wp.com\/deltaimage.de\/wp\/wp-content\/uploads\/PED44430_1200.jpg?fit=1200%2C450&ssl=1&resize=1050%2C600 3x"},"classes":[]},{"id":52057,"url":"https:\/\/deltaimage.de\/wp\/?p=52057","url_meta":{"origin":48360,"position":1},"title":"V\u00f6gel beobachten und fotografieren im Dachauer Moos &#8211; Neunt\u00f6ter","author":"EschbacP","date":"4. September 2025","format":false,"excerpt":"Das Dachauer Moos h\u00e4lt bei meinen Foto- und Naturbeobachtungen auch immer wieder \u00dcberraschungen bereit, so bin ich immer wieder von der Sichtung seltener Tier- und Vogelarten \u00fcberrascht und begeistert. So sa\u00df im Fr\u00fchling\/Sommer im Krenmoos ganz unscheinbar, ein kleiner Vogel auf einem Busch im Krenmoos - ein ganz besonderer Bewohner\u2026","rel":"","context":"In &quot;Dachauer Land&quot;","block_context":{"text":"Dachauer Land","link":"https:\/\/deltaimage.de\/wp\/?cat=3010"},"img":{"alt_text":"","src":"https:\/\/i0.wp.com\/deltaimage.de\/wp\/wp-content\/uploads\/PED49060_1200.jpg?fit=1200%2C450&ssl=1&resize=350%2C200","width":350,"height":200,"srcset":"https:\/\/i0.wp.com\/deltaimage.de\/wp\/wp-content\/uploads\/PED49060_1200.jpg?fit=1200%2C450&ssl=1&resize=350%2C200 1x, https:\/\/i0.wp.com\/deltaimage.de\/wp\/wp-content\/uploads\/PED49060_1200.jpg?fit=1200%2C450&ssl=1&resize=525%2C300 1.5x, https:\/\/i0.wp.com\/deltaimage.de\/wp\/wp-content\/uploads\/PED49060_1200.jpg?fit=1200%2C450&ssl=1&resize=700%2C400 2x, https:\/\/i0.wp.com\/deltaimage.de\/wp\/wp-content\/uploads\/PED49060_1200.jpg?fit=1200%2C450&ssl=1&resize=1050%2C600 3x"},"classes":[]},{"id":47567,"url":"https:\/\/deltaimage.de\/wp\/?p=47567","url_meta":{"origin":48360,"position":2},"title":"Buch-Neuvorstellung &#8211; Dachauer Moos: Schwarzh\u00f6lzl, Krenmoos &#038; Regatta-Anlage von Paul Eschbach","author":"EschbacP","date":"22. Januar 2025","format":false,"excerpt":"Buch-Neuvorstellung: FOTO-BILDBAND zum Schwarzh\u00f6lzl und Krenmoos DELTA IMAGE - Eigenverlag stellt einen neuen FOTO-BILDBAND\u00a0zum Dachauer Moos vor. Der Foto-Bildband zum Schwarzh\u00f6lzl und Krenmoos vom Dachauer Fotografen Paul Eschbach sucht im zweiten Band der FOTO-BILDBAND-Reihe wieder nach den Sch\u00f6nheiten in der Natur- und Kulturlandschaft. Das gr\u00f6\u00dfte Naturschutzgebiet (NSG) im Landkreis Dachau\u2026","rel":"","context":"In &quot;Buch&quot;","block_context":{"text":"Buch","link":"https:\/\/deltaimage.de\/wp\/?cat=1189"},"img":{"alt_text":"","src":"https:\/\/i0.wp.com\/deltaimage.de\/wp\/wp-content\/uploads\/Plakat_Schwarzhoelzl_1200.jpg?fit=1198%2C450&ssl=1&resize=350%2C200","width":350,"height":200,"srcset":"https:\/\/i0.wp.com\/deltaimage.de\/wp\/wp-content\/uploads\/Plakat_Schwarzhoelzl_1200.jpg?fit=1198%2C450&ssl=1&resize=350%2C200 1x, https:\/\/i0.wp.com\/deltaimage.de\/wp\/wp-content\/uploads\/Plakat_Schwarzhoelzl_1200.jpg?fit=1198%2C450&ssl=1&resize=525%2C300 1.5x, https:\/\/i0.wp.com\/deltaimage.de\/wp\/wp-content\/uploads\/Plakat_Schwarzhoelzl_1200.jpg?fit=1198%2C450&ssl=1&resize=700%2C400 2x, https:\/\/i0.wp.com\/deltaimage.de\/wp\/wp-content\/uploads\/Plakat_Schwarzhoelzl_1200.jpg?fit=1198%2C450&ssl=1&resize=1050%2C600 3x"},"classes":[]},{"id":54138,"url":"https:\/\/deltaimage.de\/wp\/?p=54138","url_meta":{"origin":48360,"position":3},"title":"Der Sound des Vorfr\u00fchlings in der Niedermoor-Landschaft im Bild eingefangen: Feldlerche","author":"EschbacP","date":"17. M\u00e4rz 2026","format":false,"excerpt":"Im Vorfr\u00fchling macht die Feldlerche als einer der ersten V\u00f6gel, durch ihre wilden Ges\u00e4nge \u00fcber der offenen Niedermoor- und Heidelandschaft auf sich aufmerksam. So ist dieser kleine Vogel zum Inbegriff f\u00fcr das Fr\u00fchlingserwachen geworden. Kaum ein anderer Kleinvogel ist so charakteristisch f\u00fcr die Ausl\u00e4ufer der M\u00fcnchener Schotterebene, n\u00f6rdlich von M\u00fcnchen.\u2026","rel":"","context":"In &quot;Dachauer Land&quot;","block_context":{"text":"Dachauer Land","link":"https:\/\/deltaimage.de\/wp\/?cat=3010"},"img":{"alt_text":"","src":"https:\/\/i0.wp.com\/deltaimage.de\/wp\/wp-content\/uploads\/PED46708_1200.jpg?fit=1200%2C450&ssl=1&resize=350%2C200","width":350,"height":200,"srcset":"https:\/\/i0.wp.com\/deltaimage.de\/wp\/wp-content\/uploads\/PED46708_1200.jpg?fit=1200%2C450&ssl=1&resize=350%2C200 1x, https:\/\/i0.wp.com\/deltaimage.de\/wp\/wp-content\/uploads\/PED46708_1200.jpg?fit=1200%2C450&ssl=1&resize=525%2C300 1.5x, https:\/\/i0.wp.com\/deltaimage.de\/wp\/wp-content\/uploads\/PED46708_1200.jpg?fit=1200%2C450&ssl=1&resize=700%2C400 2x, https:\/\/i0.wp.com\/deltaimage.de\/wp\/wp-content\/uploads\/PED46708_1200.jpg?fit=1200%2C450&ssl=1&resize=1050%2C600 3x"},"classes":[]},{"id":54081,"url":"https:\/\/deltaimage.de\/wp\/?p=54081","url_meta":{"origin":48360,"position":4},"title":"Der Fr\u00fchling kommt im Krenmoos: Die Pr\u00e4zision in der Flugmechanik des Turmfalken","author":"EschbacP","date":"15. M\u00e4rz 2026","format":false,"excerpt":"Im Vorfr\u00fchling wandelt sich die Niedermoor-Landschaft und die Tierwelten \u00dcber die vielen Jahre in meiner Natur- und Landschaftsfotografie ergeben sich die wichtigen Fotomotive im Jahreskreis. Der Kreislauf des Lebens beginnt im Vorfr\u00fchling wieder von Vorne: Die Zugv\u00f6gel kommen aus den Winterquartieren im S\u00fcden. Die Suche nach dem Partner f\u00fcr das\u2026","rel":"","context":"In &quot;Dachauer Land&quot;","block_context":{"text":"Dachauer Land","link":"https:\/\/deltaimage.de\/wp\/?cat=3010"},"img":{"alt_text":"","src":"https:\/\/i0.wp.com\/deltaimage.de\/wp\/wp-content\/uploads\/PED47124_1200.jpg?fit=1200%2C450&ssl=1&resize=350%2C200","width":350,"height":200,"srcset":"https:\/\/i0.wp.com\/deltaimage.de\/wp\/wp-content\/uploads\/PED47124_1200.jpg?fit=1200%2C450&ssl=1&resize=350%2C200 1x, https:\/\/i0.wp.com\/deltaimage.de\/wp\/wp-content\/uploads\/PED47124_1200.jpg?fit=1200%2C450&ssl=1&resize=525%2C300 1.5x, https:\/\/i0.wp.com\/deltaimage.de\/wp\/wp-content\/uploads\/PED47124_1200.jpg?fit=1200%2C450&ssl=1&resize=700%2C400 2x, https:\/\/i0.wp.com\/deltaimage.de\/wp\/wp-content\/uploads\/PED47124_1200.jpg?fit=1200%2C450&ssl=1&resize=1050%2C600 3x"},"classes":[]},{"id":47543,"url":"https:\/\/deltaimage.de\/wp\/?p=47543","url_meta":{"origin":48360,"position":5},"title":"Schwarzh\u00f6lzl im Winter mit einem sonnigen Sonntag","author":"EschbacP","date":"21. Januar 2025","format":false,"excerpt":"Der Herbst 2024 und der Winter 2024\/2025 erscheint hier im Dachauer Moos sehr einheitlich und dauerhaft unter einem Hochnebel zu liegen. Die Landschaft liegt fotografisch in einem tr\u00fcben und wenig spektakul\u00e4ren Licht, was wiederum Auswirkungen bei der Suche nach spannenden Bildmotiven hat. In keinem der letzten 30 Jahre, war ich\u2026","rel":"","context":"In &quot;Dachauer Land&quot;","block_context":{"text":"Dachauer Land","link":"https:\/\/deltaimage.de\/wp\/?cat=3010"},"img":{"alt_text":"","src":"https:\/\/i0.wp.com\/deltaimage.de\/wp\/wp-content\/uploads\/PED48569_1200.jpg?fit=1200%2C450&ssl=1&resize=350%2C200","width":350,"height":200,"srcset":"https:\/\/i0.wp.com\/deltaimage.de\/wp\/wp-content\/uploads\/PED48569_1200.jpg?fit=1200%2C450&ssl=1&resize=350%2C200 1x, https:\/\/i0.wp.com\/deltaimage.de\/wp\/wp-content\/uploads\/PED48569_1200.jpg?fit=1200%2C450&ssl=1&resize=525%2C300 1.5x, https:\/\/i0.wp.com\/deltaimage.de\/wp\/wp-content\/uploads\/PED48569_1200.jpg?fit=1200%2C450&ssl=1&resize=700%2C400 2x, https:\/\/i0.wp.com\/deltaimage.de\/wp\/wp-content\/uploads\/PED48569_1200.jpg?fit=1200%2C450&ssl=1&resize=1050%2C600 3x"},"classes":[]}],"jetpack_sharing_enabled":true,"_links":{"self":[{"href":"https:\/\/deltaimage.de\/wp\/index.php?rest_route=\/wp\/v2\/posts\/48360","targetHints":{"allow":["GET"]}}],"collection":[{"href":"https:\/\/deltaimage.de\/wp\/index.php?rest_route=\/wp\/v2\/posts"}],"about":[{"href":"https:\/\/deltaimage.de\/wp\/index.php?rest_route=\/wp\/v2\/types\/post"}],"author":[{"embeddable":true,"href":"https:\/\/deltaimage.de\/wp\/index.php?rest_route=\/wp\/v2\/users\/1"}],"replies":[{"embeddable":true,"href":"https:\/\/deltaimage.de\/wp\/index.php?rest_route=%2Fwp%2Fv2%2Fcomments&post=48360"}],"version-history":[{"count":18,"href":"https:\/\/deltaimage.de\/wp\/index.php?rest_route=\/wp\/v2\/posts\/48360\/revisions"}],"predecessor-version":[{"id":51786,"href":"https:\/\/deltaimage.de\/wp\/index.php?rest_route=\/wp\/v2\/posts\/48360\/revisions\/51786"}],"wp:featuredmedia":[{"embeddable":true,"href":"https:\/\/deltaimage.de\/wp\/index.php?rest_route=\/wp\/v2\/media\/48368"}],"wp:attachment":[{"href":"https:\/\/deltaimage.de\/wp\/index.php?rest_route=%2Fwp%2Fv2%2Fmedia&parent=48360"}],"wp:term":[{"taxonomy":"category","embeddable":true,"href":"https:\/\/deltaimage.de\/wp\/index.php?rest_route=%2Fwp%2Fv2%2Fcategories&post=48360"},{"taxonomy":"post_tag","embeddable":true,"href":"https:\/\/deltaimage.de\/wp\/index.php?rest_route=%2Fwp%2Fv2%2Ftags&post=48360"}],"curies":[{"name":"wp","href":"https:\/\/api.w.org\/{rel}","templated":true}]}}