{"id":48382,"date":"2025-03-16T16:20:51","date_gmt":"2025-03-16T15:20:51","guid":{"rendered":"https:\/\/deltaimage.de\/wp\/?p=48382"},"modified":"2025-08-25T21:19:45","modified_gmt":"2025-08-25T19:19:45","slug":"graugaense-ziehen-an-den-letzten-wintertagen-uebers-krenmoos","status":"publish","type":"post","link":"https:\/\/deltaimage.de\/wp\/?p=48382","title":{"rendered":"Graug\u00e4nse ziehen an den letzten Wintertagen \u00fcbers Krenmoos"},"content":{"rendered":"<p><a href=\"https:\/\/deltaimage.de\/wp\/?page_id=40118\"><img data-recalc-dims=\"1\" loading=\"lazy\" decoding=\"async\" data-attachment-id=\"40115\" data-permalink=\"https:\/\/deltaimage.de\/wp\/?attachment_id=40115#main\" data-orig-file=\"https:\/\/i0.wp.com\/deltaimage.de\/wp\/wp-content\/uploads\/Stempel_DELTA-IMAGE_Quality.png?fit=961%2C960&amp;ssl=1\" data-orig-size=\"961,960\" data-comments-opened=\"1\" data-image-meta=\"{&quot;aperture&quot;:&quot;0&quot;,&quot;credit&quot;:&quot;&quot;,&quot;camera&quot;:&quot;&quot;,&quot;caption&quot;:&quot;&quot;,&quot;created_timestamp&quot;:&quot;0&quot;,&quot;copyright&quot;:&quot;&quot;,&quot;focal_length&quot;:&quot;0&quot;,&quot;iso&quot;:&quot;0&quot;,&quot;shutter_speed&quot;:&quot;0&quot;,&quot;title&quot;:&quot;&quot;,&quot;orientation&quot;:&quot;0&quot;}\" data-image-title=\"Stempel_DELTA IMAGE_Quality\" data-image-description=\"\" data-image-caption=\"\" data-large-file=\"https:\/\/i0.wp.com\/deltaimage.de\/wp\/wp-content\/uploads\/Stempel_DELTA-IMAGE_Quality.png?fit=890%2C889&amp;ssl=1\" class=\"alignright wp-image-40115 size-thumbnail\" src=\"https:\/\/i0.wp.com\/deltaimage.de\/wp\/wp-content\/uploads\/Stempel_DELTA-IMAGE_Quality.png?resize=200%2C200&#038;ssl=1\" alt=\"\" width=\"200\" height=\"200\" srcset=\"https:\/\/i0.wp.com\/deltaimage.de\/wp\/wp-content\/uploads\/Stempel_DELTA-IMAGE_Quality.png?resize=200%2C200&amp;ssl=1 200w, https:\/\/i0.wp.com\/deltaimage.de\/wp\/wp-content\/uploads\/Stempel_DELTA-IMAGE_Quality.png?resize=601%2C600&amp;ssl=1 601w, https:\/\/i0.wp.com\/deltaimage.de\/wp\/wp-content\/uploads\/Stempel_DELTA-IMAGE_Quality.png?resize=594%2C593&amp;ssl=1 594w, https:\/\/i0.wp.com\/deltaimage.de\/wp\/wp-content\/uploads\/Stempel_DELTA-IMAGE_Quality.png?resize=450%2C450&amp;ssl=1 450w, https:\/\/i0.wp.com\/deltaimage.de\/wp\/wp-content\/uploads\/Stempel_DELTA-IMAGE_Quality.png?resize=75%2C75&amp;ssl=1 75w, https:\/\/i0.wp.com\/deltaimage.de\/wp\/wp-content\/uploads\/Stempel_DELTA-IMAGE_Quality.png?resize=400%2C400&amp;ssl=1 400w, https:\/\/i0.wp.com\/deltaimage.de\/wp\/wp-content\/uploads\/Stempel_DELTA-IMAGE_Quality.png?resize=50%2C50&amp;ssl=1 50w, https:\/\/i0.wp.com\/deltaimage.de\/wp\/wp-content\/uploads\/Stempel_DELTA-IMAGE_Quality.png?w=961&amp;ssl=1 961w\" sizes=\"auto, (max-width: 200px) 100vw, 200px\" \/><\/a>Ein ungem\u00fctlicher Tag im <strong>Niedermoor<\/strong> \u2013 eigentlich einer der letzten Wintertage. In wenigen Tagen ist der kalendarische Fr\u00fchlingsbeginn \u2013 dann beginnt das Leben in der Natur und im Moos. Die Farben im Moos wandeln sich im April dann schnell vom Grau und Braun in die Farbpaletten des Gr\u00fcns und Wei\u00df.<\/p>\n<p>In der Natur gibt es eigentlich kaum schlechte Tage \u2013 f\u00fcr die FotografIn werden immer wieder positive \u00dcberraschungen vorgehalten.<\/p>\n<p><img data-recalc-dims=\"1\" loading=\"lazy\" decoding=\"async\" data-attachment-id=\"48385\" data-permalink=\"https:\/\/deltaimage.de\/wp\/?attachment_id=48385#main\" data-orig-file=\"https:\/\/i0.wp.com\/deltaimage.de\/wp\/wp-content\/uploads\/PED40262_1200.jpg?fit=1200%2C450&amp;ssl=1\" data-orig-size=\"1200,450\" data-comments-opened=\"1\" data-image-meta=\"{&quot;aperture&quot;:&quot;7.1&quot;,&quot;credit&quot;:&quot;Paul Eschbach&quot;,&quot;camera&quot;:&quot;Canon EOS-1D Mark IV&quot;,&quot;caption&quot;:&quot;&quot;,&quot;created_timestamp&quot;:&quot;1742134370&quot;,&quot;copyright&quot;:&quot;www.deltaimage.de&quot;,&quot;focal_length&quot;:&quot;400&quot;,&quot;iso&quot;:&quot;800&quot;,&quot;shutter_speed&quot;:&quot;0.00625&quot;,&quot;title&quot;:&quot;&quot;,&quot;orientation&quot;:&quot;0&quot;}\" data-image-title=\"PED40262_1200\" data-image-description=\"\" data-image-caption=\"\" data-large-file=\"https:\/\/i0.wp.com\/deltaimage.de\/wp\/wp-content\/uploads\/PED40262_1200.jpg?fit=890%2C334&amp;ssl=1\" class=\"aligncenter size-full wp-image-48385\" src=\"https:\/\/i0.wp.com\/deltaimage.de\/wp\/wp-content\/uploads\/PED40262_1200.jpg?resize=890%2C334&#038;ssl=1\" alt=\"\" width=\"890\" height=\"334\" srcset=\"https:\/\/i0.wp.com\/deltaimage.de\/wp\/wp-content\/uploads\/PED40262_1200.jpg?w=1200&amp;ssl=1 1200w, https:\/\/i0.wp.com\/deltaimage.de\/wp\/wp-content\/uploads\/PED40262_1200.jpg?resize=900%2C338&amp;ssl=1 900w, https:\/\/i0.wp.com\/deltaimage.de\/wp\/wp-content\/uploads\/PED40262_1200.jpg?resize=300%2C113&amp;ssl=1 300w, https:\/\/i0.wp.com\/deltaimage.de\/wp\/wp-content\/uploads\/PED40262_1200.jpg?resize=1067%2C400&amp;ssl=1 1067w\" sizes=\"auto, (max-width: 890px) 100vw, 890px\" \/><\/p>\n<p>Andere Fotos bei besonderem Wetter- und Lichtbedingungen.<\/p>\n<p><!--more--><\/p>\n<p>&nbsp;<\/p>\n<h2>Zwei Graug\u00e4nse laufen gerade noch im Moos, dann kommen Sie zu mir her\u00fcber geflogen &#8230;<\/h2>\n<p>&#8230; <strong>Naturfotografie<\/strong> bedeutet immer wieder \u00dcberraschungen im positiven Sinne f\u00fcr die BeobachterInnen und FotografInnen \u00fcbrig. So auch heute. Die beiden Graug\u00e4nsen kommen \u00fcberraschend zu mir her\u00fcber geflogen. Das Licht ist tr\u00fcb und eher d\u00fcster. Die ISO-Empfindlichkeit hatte ich schon auf ISO 800 gestellt. Ich rei\u00dfe das Objektiv hoch und suche die Graug\u00e4nse im Sucher. Das wenige Licht sorgt ganz von selbst f\u00fcr relativ lange Verschlusszeiten von 1\/160 Sekunde. F\u00fcr die schnelle Bewegung der Graug\u00e4nse ist dies viel zu lange. Es hilft nur, das Foto in der Bewegung der Graug\u00e4nse mitzuziehen und die Bewegungs-Unsch\u00e4rfen \u2013 gerade in den Fl\u00fcgeln kreativ umzusetzen.<\/p>\n<p><img data-recalc-dims=\"1\" loading=\"lazy\" decoding=\"async\" data-attachment-id=\"48387\" data-permalink=\"https:\/\/deltaimage.de\/wp\/?attachment_id=48387#main\" data-orig-file=\"https:\/\/i0.wp.com\/deltaimage.de\/wp\/wp-content\/uploads\/PED40277_900.jpg?fit=890%2C593&amp;ssl=1\" data-orig-size=\"890,593\" data-comments-opened=\"1\" data-image-meta=\"{&quot;aperture&quot;:&quot;7.1&quot;,&quot;credit&quot;:&quot;Paul Eschbach&quot;,&quot;camera&quot;:&quot;Canon EOS-1D Mark IV&quot;,&quot;caption&quot;:&quot;&quot;,&quot;created_timestamp&quot;:&quot;1742134377&quot;,&quot;copyright&quot;:&quot;www.deltaimage.de&quot;,&quot;focal_length&quot;:&quot;400&quot;,&quot;iso&quot;:&quot;800&quot;,&quot;shutter_speed&quot;:&quot;0.004&quot;,&quot;title&quot;:&quot;&quot;,&quot;orientation&quot;:&quot;0&quot;}\" data-image-title=\"PED40277_900\" data-image-description=\"\" data-image-caption=\"\" data-large-file=\"https:\/\/i0.wp.com\/deltaimage.de\/wp\/wp-content\/uploads\/PED40277_900.jpg?fit=890%2C593&amp;ssl=1\" class=\"aligncenter size-full wp-image-48387\" src=\"https:\/\/i0.wp.com\/deltaimage.de\/wp\/wp-content\/uploads\/PED40277_900.jpg?resize=890%2C593&#038;ssl=1\" alt=\"\" width=\"890\" height=\"593\" srcset=\"https:\/\/i0.wp.com\/deltaimage.de\/wp\/wp-content\/uploads\/PED40277_900.jpg?w=890&amp;ssl=1 890w, https:\/\/i0.wp.com\/deltaimage.de\/wp\/wp-content\/uploads\/PED40277_900.jpg?resize=300%2C200&amp;ssl=1 300w, https:\/\/i0.wp.com\/deltaimage.de\/wp\/wp-content\/uploads\/PED40277_900.jpg?resize=600%2C400&amp;ssl=1 600w, https:\/\/i0.wp.com\/deltaimage.de\/wp\/wp-content\/uploads\/PED40277_900.jpg?resize=200%2C133&amp;ssl=1 200w\" sizes=\"auto, (max-width: 890px) 100vw, 890px\" \/><\/p>\n<p>&nbsp;<\/p>\n<h2>Der Winter ist halt einfach eher d\u00fcster und tr\u00fcbe im Licht<\/h2>\n<p>Im Winter und sei es auch nur das Ende dieser Jahreszeit, liefert auch \u00fcberwiegend solche Bilder. Keine Bl\u00e4tter an den B\u00e4umen, das Licht ist tr\u00fcbe und eher d\u00fcster. Auch das sind Bilder der Jahreszeit und erz\u00e4hlen eine Geschichte der Landschaft im Zusammenwirken mit anderen Bildern aus dieser Jahreszeit.<\/p>\n<p><img data-recalc-dims=\"1\" loading=\"lazy\" decoding=\"async\" data-attachment-id=\"48384\" data-permalink=\"https:\/\/deltaimage.de\/wp\/?attachment_id=48384#main\" data-orig-file=\"https:\/\/i0.wp.com\/deltaimage.de\/wp\/wp-content\/uploads\/PED40271_900.jpg?fit=890%2C593&amp;ssl=1\" data-orig-size=\"890,593\" data-comments-opened=\"1\" data-image-meta=\"{&quot;aperture&quot;:&quot;7.1&quot;,&quot;credit&quot;:&quot;Paul Eschbach&quot;,&quot;camera&quot;:&quot;Canon EOS-1D Mark IV&quot;,&quot;caption&quot;:&quot;&quot;,&quot;created_timestamp&quot;:&quot;1742134375&quot;,&quot;copyright&quot;:&quot;www.deltaimage.de&quot;,&quot;focal_length&quot;:&quot;400&quot;,&quot;iso&quot;:&quot;800&quot;,&quot;shutter_speed&quot;:&quot;0.008&quot;,&quot;title&quot;:&quot;&quot;,&quot;orientation&quot;:&quot;0&quot;}\" data-image-title=\"PED40271_900\" data-image-description=\"\" data-image-caption=\"\" data-large-file=\"https:\/\/i0.wp.com\/deltaimage.de\/wp\/wp-content\/uploads\/PED40271_900.jpg?fit=890%2C593&amp;ssl=1\" class=\"aligncenter size-full wp-image-48384\" src=\"https:\/\/i0.wp.com\/deltaimage.de\/wp\/wp-content\/uploads\/PED40271_900.jpg?resize=890%2C593&#038;ssl=1\" alt=\"\" width=\"890\" height=\"593\" srcset=\"https:\/\/i0.wp.com\/deltaimage.de\/wp\/wp-content\/uploads\/PED40271_900.jpg?w=890&amp;ssl=1 890w, https:\/\/i0.wp.com\/deltaimage.de\/wp\/wp-content\/uploads\/PED40271_900.jpg?resize=300%2C200&amp;ssl=1 300w, https:\/\/i0.wp.com\/deltaimage.de\/wp\/wp-content\/uploads\/PED40271_900.jpg?resize=600%2C400&amp;ssl=1 600w, https:\/\/i0.wp.com\/deltaimage.de\/wp\/wp-content\/uploads\/PED40271_900.jpg?resize=200%2C133&amp;ssl=1 200w\" sizes=\"auto, (max-width: 890px) 100vw, 890px\" \/><\/p>\n<p>Geschwindigkeit und Bewegung im Bild festgehalten, erfordert eine entsprechend l\u00e4ngere Belichtungszeit in der Fotografie. Das wenige Licht an diesem Tage liefert das im Zusammenwirken mit der Belichtungsautomatik ganz von allein.<\/p>\n<p>&nbsp;<\/p>\n<h2>Bei Sonnenschein w\u00e4ren diese Bilder so nicht entstanden \u2013 ich bin froh \u00fcber dieses Licht<\/h2>\n<p>Die Natur als Bildmotiv bedeutet auch immer, die Bewegungen im Bild und in der Natur einzufangen und in Bildern festzuhalten. Am richtigen Ort zu sein und auch noch die zum Bild passende fotografische Ausr\u00fcstung mit dabei zu haben, ist schon viel Gl\u00fcck im Moment der Aufnahme. Wenn das Licht dann auch noch zum Bildmotiv passen sollte, dann hat die FotografIn schon einiges richtig gemacht.<\/p>\n<blockquote>\n<pre>Und sei es auch nur das Gl\u00fcck und der Zufall des Augenblicks.<\/pre>\n<\/blockquote>\n<p><img data-recalc-dims=\"1\" loading=\"lazy\" decoding=\"async\" data-attachment-id=\"48383\" data-permalink=\"https:\/\/deltaimage.de\/wp\/?attachment_id=48383#main\" data-orig-file=\"https:\/\/i0.wp.com\/deltaimage.de\/wp\/wp-content\/uploads\/PED40272_1200.jpg?fit=1200%2C450&amp;ssl=1\" data-orig-size=\"1200,450\" data-comments-opened=\"1\" data-image-meta=\"{&quot;aperture&quot;:&quot;7.1&quot;,&quot;credit&quot;:&quot;Paul Eschbach&quot;,&quot;camera&quot;:&quot;Canon EOS-1D Mark IV&quot;,&quot;caption&quot;:&quot;&quot;,&quot;created_timestamp&quot;:&quot;1742134375&quot;,&quot;copyright&quot;:&quot;www.deltaimage.de&quot;,&quot;focal_length&quot;:&quot;400&quot;,&quot;iso&quot;:&quot;800&quot;,&quot;shutter_speed&quot;:&quot;0.008&quot;,&quot;title&quot;:&quot;&quot;,&quot;orientation&quot;:&quot;0&quot;}\" data-image-title=\"PED40272_1200\" data-image-description=\"\" data-image-caption=\"\" data-large-file=\"https:\/\/i0.wp.com\/deltaimage.de\/wp\/wp-content\/uploads\/PED40272_1200.jpg?fit=890%2C334&amp;ssl=1\" class=\"aligncenter size-full wp-image-48383\" src=\"https:\/\/i0.wp.com\/deltaimage.de\/wp\/wp-content\/uploads\/PED40272_1200.jpg?resize=890%2C334&#038;ssl=1\" alt=\"\" width=\"890\" height=\"334\" srcset=\"https:\/\/i0.wp.com\/deltaimage.de\/wp\/wp-content\/uploads\/PED40272_1200.jpg?w=1200&amp;ssl=1 1200w, https:\/\/i0.wp.com\/deltaimage.de\/wp\/wp-content\/uploads\/PED40272_1200.jpg?resize=900%2C338&amp;ssl=1 900w, https:\/\/i0.wp.com\/deltaimage.de\/wp\/wp-content\/uploads\/PED40272_1200.jpg?resize=300%2C113&amp;ssl=1 300w, https:\/\/i0.wp.com\/deltaimage.de\/wp\/wp-content\/uploads\/PED40272_1200.jpg?resize=1067%2C400&amp;ssl=1 1067w\" sizes=\"auto, (max-width: 890px) 100vw, 890px\" \/><\/p>\n<p>Am wenigsten kann die FotografIn die Bewegungsrichtung (oder die Flugrichtung) der Tiere \u00fcberhaupt beeinflussen oder auch nur vorhersagen.<\/p>\n<p>Da hilft nur immer wieder hinauszugehen und immer wieder sich vorbereiten und ausprobieren. Irgendwann passen die meisten Faktoren f\u00fcr ein Bild, das ist der Ausgleich f\u00fcr noch mehr Situationen, in denen es nicht funktioniert hatte.<\/p>\n","protected":false},"excerpt":{"rendered":"<p>Ein ungem\u00fctlicher Tag im Niedermoor \u2013 eigentlich einer der letzten Wintertage. In wenigen Tagen ist der kalendarische Fr\u00fchlingsbeginn \u2013 dann beginnt das Leben in der Natur und im Moos. Die [&hellip;]<\/p>\n","protected":false},"author":1,"featured_media":48383,"comment_status":"open","ping_status":"closed","sticky":false,"template":"","format":"standard","meta":{"wpupg_custom_link":[],"wpupg_custom_link_behaviour":["default"],"wpupg_custom_link_nofollow":["default"],"wpupg_custom_image":[],"wpupg_custom_image_id":[],"jetpack_post_was_ever_published":false,"footnotes":""},"categories":[3010,2523,3217,8,3800],"tags":[2218,3044,89,2160,452],"class_list":["post-48382","post","type-post","status-publish","format-standard","has-post-thumbnail","hentry","category-dachauer-land","category-dachauer-moos","category-naturfotografie","category-news","category-projekt-dachauer-moos","tag-graugans","tag-krenmoos","tag-landschaft","tag-niedermoor","tag-winter"],"jetpack_featured_media_url":"https:\/\/i0.wp.com\/deltaimage.de\/wp\/wp-content\/uploads\/PED40272_1200.jpg?fit=1200%2C450&ssl=1","jetpack-related-posts":[{"id":54081,"url":"https:\/\/deltaimage.de\/wp\/?p=54081","url_meta":{"origin":48382,"position":0},"title":"Der Fr\u00fchling kommt im Krenmoos: Die Pr\u00e4zision in der Flugmechanik des Turmfalken","author":"EschbacP","date":"15. M\u00e4rz 2026","format":false,"excerpt":"Im Vorfr\u00fchling wandelt sich die Niedermoor-Landschaft und die Tierwelten \u00dcber die vielen Jahre in meiner Natur- und Landschaftsfotografie ergeben sich die wichtigen Fotomotive im Jahreskreis. Der Kreislauf des Lebens beginnt im Vorfr\u00fchling wieder von Vorne: Die Zugv\u00f6gel kommen aus den Winterquartieren im S\u00fcden. Die Suche nach dem Partner f\u00fcr das\u2026","rel":"","context":"In &quot;Dachauer Land&quot;","block_context":{"text":"Dachauer Land","link":"https:\/\/deltaimage.de\/wp\/?cat=3010"},"img":{"alt_text":"","src":"https:\/\/i0.wp.com\/deltaimage.de\/wp\/wp-content\/uploads\/PED47124_1200.jpg?fit=1200%2C450&ssl=1&resize=350%2C200","width":350,"height":200,"srcset":"https:\/\/i0.wp.com\/deltaimage.de\/wp\/wp-content\/uploads\/PED47124_1200.jpg?fit=1200%2C450&ssl=1&resize=350%2C200 1x, https:\/\/i0.wp.com\/deltaimage.de\/wp\/wp-content\/uploads\/PED47124_1200.jpg?fit=1200%2C450&ssl=1&resize=525%2C300 1.5x, https:\/\/i0.wp.com\/deltaimage.de\/wp\/wp-content\/uploads\/PED47124_1200.jpg?fit=1200%2C450&ssl=1&resize=700%2C400 2x, https:\/\/i0.wp.com\/deltaimage.de\/wp\/wp-content\/uploads\/PED47124_1200.jpg?fit=1200%2C450&ssl=1&resize=1050%2C600 3x"},"classes":[]},{"id":47567,"url":"https:\/\/deltaimage.de\/wp\/?p=47567","url_meta":{"origin":48382,"position":1},"title":"Buch-Neuvorstellung &#8211; Dachauer Moos: Schwarzh\u00f6lzl, Krenmoos &#038; Regatta-Anlage von Paul Eschbach","author":"EschbacP","date":"22. Januar 2025","format":false,"excerpt":"Buch-Neuvorstellung: FOTO-BILDBAND zum Schwarzh\u00f6lzl und Krenmoos DELTA IMAGE - Eigenverlag stellt einen neuen FOTO-BILDBAND\u00a0zum Dachauer Moos vor. Der Foto-Bildband zum Schwarzh\u00f6lzl und Krenmoos vom Dachauer Fotografen Paul Eschbach sucht im zweiten Band der FOTO-BILDBAND-Reihe wieder nach den Sch\u00f6nheiten in der Natur- und Kulturlandschaft. Das gr\u00f6\u00dfte Naturschutzgebiet (NSG) im Landkreis Dachau\u2026","rel":"","context":"In &quot;Buch&quot;","block_context":{"text":"Buch","link":"https:\/\/deltaimage.de\/wp\/?cat=1189"},"img":{"alt_text":"","src":"https:\/\/i0.wp.com\/deltaimage.de\/wp\/wp-content\/uploads\/Plakat_Schwarzhoelzl_1200.jpg?fit=1198%2C450&ssl=1&resize=350%2C200","width":350,"height":200,"srcset":"https:\/\/i0.wp.com\/deltaimage.de\/wp\/wp-content\/uploads\/Plakat_Schwarzhoelzl_1200.jpg?fit=1198%2C450&ssl=1&resize=350%2C200 1x, https:\/\/i0.wp.com\/deltaimage.de\/wp\/wp-content\/uploads\/Plakat_Schwarzhoelzl_1200.jpg?fit=1198%2C450&ssl=1&resize=525%2C300 1.5x, https:\/\/i0.wp.com\/deltaimage.de\/wp\/wp-content\/uploads\/Plakat_Schwarzhoelzl_1200.jpg?fit=1198%2C450&ssl=1&resize=700%2C400 2x, https:\/\/i0.wp.com\/deltaimage.de\/wp\/wp-content\/uploads\/Plakat_Schwarzhoelzl_1200.jpg?fit=1198%2C450&ssl=1&resize=1050%2C600 3x"},"classes":[]},{"id":48360,"url":"https:\/\/deltaimage.de\/wp\/?p=48360","url_meta":{"origin":48382,"position":2},"title":",,ki-witt, kiju-witt\u201c im Krenmoos","author":"EschbacP","date":"16. M\u00e4rz 2025","format":false,"excerpt":"Quelle: www.lbv.de und www.tierstimmem.de Die typische Vogelstimme im Niedermoor hatte ich in den letzten Wochen immer mal wieder im Krenmoos geh\u00f6rt, aber den dazugeh\u00f6rigen Vogel nicht entdeckt. Heute bin ich wieder auf der Suche nach dieser Vogelstimme unterwegs und ich war schon ganz gespannt, ob ich heute Erfolg bei der\u2026","rel":"","context":"In &quot;Dachauer Land&quot;","block_context":{"text":"Dachauer Land","link":"https:\/\/deltaimage.de\/wp\/?cat=3010"},"img":{"alt_text":"","src":"https:\/\/i0.wp.com\/deltaimage.de\/wp\/wp-content\/uploads\/PED40290_1200.jpg?fit=1200%2C450&ssl=1&resize=350%2C200","width":350,"height":200,"srcset":"https:\/\/i0.wp.com\/deltaimage.de\/wp\/wp-content\/uploads\/PED40290_1200.jpg?fit=1200%2C450&ssl=1&resize=350%2C200 1x, https:\/\/i0.wp.com\/deltaimage.de\/wp\/wp-content\/uploads\/PED40290_1200.jpg?fit=1200%2C450&ssl=1&resize=525%2C300 1.5x, https:\/\/i0.wp.com\/deltaimage.de\/wp\/wp-content\/uploads\/PED40290_1200.jpg?fit=1200%2C450&ssl=1&resize=700%2C400 2x, https:\/\/i0.wp.com\/deltaimage.de\/wp\/wp-content\/uploads\/PED40290_1200.jpg?fit=1200%2C450&ssl=1&resize=1050%2C600 3x"},"classes":[]},{"id":47543,"url":"https:\/\/deltaimage.de\/wp\/?p=47543","url_meta":{"origin":48382,"position":3},"title":"Schwarzh\u00f6lzl im Winter mit einem sonnigen Sonntag","author":"EschbacP","date":"21. Januar 2025","format":false,"excerpt":"Der Herbst 2024 und der Winter 2024\/2025 erscheint hier im Dachauer Moos sehr einheitlich und dauerhaft unter einem Hochnebel zu liegen. Die Landschaft liegt fotografisch in einem tr\u00fcben und wenig spektakul\u00e4ren Licht, was wiederum Auswirkungen bei der Suche nach spannenden Bildmotiven hat. In keinem der letzten 30 Jahre, war ich\u2026","rel":"","context":"In &quot;Dachauer Land&quot;","block_context":{"text":"Dachauer Land","link":"https:\/\/deltaimage.de\/wp\/?cat=3010"},"img":{"alt_text":"","src":"https:\/\/i0.wp.com\/deltaimage.de\/wp\/wp-content\/uploads\/PED48569_1200.jpg?fit=1200%2C450&ssl=1&resize=350%2C200","width":350,"height":200,"srcset":"https:\/\/i0.wp.com\/deltaimage.de\/wp\/wp-content\/uploads\/PED48569_1200.jpg?fit=1200%2C450&ssl=1&resize=350%2C200 1x, https:\/\/i0.wp.com\/deltaimage.de\/wp\/wp-content\/uploads\/PED48569_1200.jpg?fit=1200%2C450&ssl=1&resize=525%2C300 1.5x, https:\/\/i0.wp.com\/deltaimage.de\/wp\/wp-content\/uploads\/PED48569_1200.jpg?fit=1200%2C450&ssl=1&resize=700%2C400 2x, https:\/\/i0.wp.com\/deltaimage.de\/wp\/wp-content\/uploads\/PED48569_1200.jpg?fit=1200%2C450&ssl=1&resize=1050%2C600 3x"},"classes":[]},{"id":52054,"url":"https:\/\/deltaimage.de\/wp\/?p=52054","url_meta":{"origin":48382,"position":4},"title":"V\u00f6gel beobachten und fotografieren im Dachauer Moos &#8211; Schafstelze","author":"EschbacP","date":"1. September 2025","format":false,"excerpt":"Einmal mehr etwas genauer hinschauen - und schon er\u00f6ffnet sich eine wunderbare \u00dcberraschung! Im Dachauer Moos beobachte ich bei meinen fotografischen Wanderungen und Erkundungen regelm\u00e4\u00dfig mit dem Fernglas und der Kamera, mit entsprechend gro\u00dfem und langen Objektiv unterwegs. Auf der Suche nach dem Kiebitz im Dachauer Moos, war ich im\u2026","rel":"","context":"In &quot;Dachauer Land&quot;","block_context":{"text":"Dachauer Land","link":"https:\/\/deltaimage.de\/wp\/?cat=3010"},"img":{"alt_text":"","src":"https:\/\/i0.wp.com\/deltaimage.de\/wp\/wp-content\/uploads\/PED44430_1200.jpg?fit=1200%2C450&ssl=1&resize=350%2C200","width":350,"height":200,"srcset":"https:\/\/i0.wp.com\/deltaimage.de\/wp\/wp-content\/uploads\/PED44430_1200.jpg?fit=1200%2C450&ssl=1&resize=350%2C200 1x, https:\/\/i0.wp.com\/deltaimage.de\/wp\/wp-content\/uploads\/PED44430_1200.jpg?fit=1200%2C450&ssl=1&resize=525%2C300 1.5x, https:\/\/i0.wp.com\/deltaimage.de\/wp\/wp-content\/uploads\/PED44430_1200.jpg?fit=1200%2C450&ssl=1&resize=700%2C400 2x, https:\/\/i0.wp.com\/deltaimage.de\/wp\/wp-content\/uploads\/PED44430_1200.jpg?fit=1200%2C450&ssl=1&resize=1050%2C600 3x"},"classes":[]},{"id":47558,"url":"https:\/\/deltaimage.de\/wp\/?p=47558","url_meta":{"origin":48382,"position":5},"title":"Eine Elster im Winter im Krenmoos","author":"EschbacP","date":"21. Januar 2025","format":false,"excerpt":"Ich bin im Krenmoos im Winter, an einem sonnigen Wochenende unterwegs. Mein Blick schweift \u00fcber die Mooslandschaft und ich beobachte den Wandel in der Natur und der Landschaft. Es ist jetzt die zweite H\u00e4lfte im Januar, in den folgenden Wochen begannen fr\u00fcher die k\u00e4ltesten Wochen im Jahresverlauf. Die Natur sollte\u2026","rel":"","context":"In &quot;Dachauer Land&quot;","block_context":{"text":"Dachauer Land","link":"https:\/\/deltaimage.de\/wp\/?cat=3010"},"img":{"alt_text":"","src":"https:\/\/i0.wp.com\/deltaimage.de\/wp\/wp-content\/uploads\/PED48499_1200.jpg?fit=1200%2C450&ssl=1&resize=350%2C200","width":350,"height":200,"srcset":"https:\/\/i0.wp.com\/deltaimage.de\/wp\/wp-content\/uploads\/PED48499_1200.jpg?fit=1200%2C450&ssl=1&resize=350%2C200 1x, https:\/\/i0.wp.com\/deltaimage.de\/wp\/wp-content\/uploads\/PED48499_1200.jpg?fit=1200%2C450&ssl=1&resize=525%2C300 1.5x, https:\/\/i0.wp.com\/deltaimage.de\/wp\/wp-content\/uploads\/PED48499_1200.jpg?fit=1200%2C450&ssl=1&resize=700%2C400 2x, https:\/\/i0.wp.com\/deltaimage.de\/wp\/wp-content\/uploads\/PED48499_1200.jpg?fit=1200%2C450&ssl=1&resize=1050%2C600 3x"},"classes":[]}],"jetpack_sharing_enabled":true,"_links":{"self":[{"href":"https:\/\/deltaimage.de\/wp\/index.php?rest_route=\/wp\/v2\/posts\/48382","targetHints":{"allow":["GET"]}}],"collection":[{"href":"https:\/\/deltaimage.de\/wp\/index.php?rest_route=\/wp\/v2\/posts"}],"about":[{"href":"https:\/\/deltaimage.de\/wp\/index.php?rest_route=\/wp\/v2\/types\/post"}],"author":[{"embeddable":true,"href":"https:\/\/deltaimage.de\/wp\/index.php?rest_route=\/wp\/v2\/users\/1"}],"replies":[{"embeddable":true,"href":"https:\/\/deltaimage.de\/wp\/index.php?rest_route=%2Fwp%2Fv2%2Fcomments&post=48382"}],"version-history":[{"count":8,"href":"https:\/\/deltaimage.de\/wp\/index.php?rest_route=\/wp\/v2\/posts\/48382\/revisions"}],"predecessor-version":[{"id":51785,"href":"https:\/\/deltaimage.de\/wp\/index.php?rest_route=\/wp\/v2\/posts\/48382\/revisions\/51785"}],"wp:featuredmedia":[{"embeddable":true,"href":"https:\/\/deltaimage.de\/wp\/index.php?rest_route=\/wp\/v2\/media\/48383"}],"wp:attachment":[{"href":"https:\/\/deltaimage.de\/wp\/index.php?rest_route=%2Fwp%2Fv2%2Fmedia&parent=48382"}],"wp:term":[{"taxonomy":"category","embeddable":true,"href":"https:\/\/deltaimage.de\/wp\/index.php?rest_route=%2Fwp%2Fv2%2Fcategories&post=48382"},{"taxonomy":"post_tag","embeddable":true,"href":"https:\/\/deltaimage.de\/wp\/index.php?rest_route=%2Fwp%2Fv2%2Ftags&post=48382"}],"curies":[{"name":"wp","href":"https:\/\/api.w.org\/{rel}","templated":true}]}}