{"id":48631,"date":"2025-03-27T15:40:43","date_gmt":"2025-03-27T14:40:43","guid":{"rendered":"https:\/\/deltaimage.de\/wp\/?p=48631"},"modified":"2025-08-28T19:43:32","modified_gmt":"2025-08-28T17:43:32","slug":"ein-blick-in-den-dritten-stock-ausstellung-im-dachauer-wasserturm-50-jahre-natur-und-moosschutz-im-dachauer-moos","status":"publish","type":"post","link":"https:\/\/deltaimage.de\/wp\/?p=48631","title":{"rendered":"Ein Blick in den dritten Stock Ausstellung im Dachauer Wasserturm &#8211; &#8222;50 Jahre Natur- und Moosschutz im Dachauer Moos&#8220;"},"content":{"rendered":"<h1 style=\"text-align: center;\">&#8222;50 Jahre Natur- und Moosschutz im Dachauer Moos&#8220;<\/h1>\n<p>&nbsp;<\/p>\n<p><strong>Fest- und Foto-Ausstellung<\/strong> der <a href=\"https:\/\/dachau.bund-naturschutz.de\"><strong>Kreisgruppe Dachau im BUND Naturschutz in Bayern e. V.<\/strong><\/a> anl\u00e4sslich des <strong>50-j\u00e4hrigen Bestehens der Kreisgruppe 1975 &#8211; 2025<\/strong> im <a href=\"https:\/\/dachauerwasserturm.de\"><strong>Dachauer Wasserturm<\/strong><\/a>.<\/p>\n<p><img data-recalc-dims=\"1\" loading=\"lazy\" decoding=\"async\" data-attachment-id=\"47775\" data-permalink=\"https:\/\/deltaimage.de\/wp\/?attachment_id=47775#main\" data-orig-file=\"https:\/\/i0.wp.com\/deltaimage.de\/wp\/wp-content\/uploads\/Plakat_A4_BN-Dachau_Wasserturm-1200.jpg?fit=847%2C1200&amp;ssl=1\" data-orig-size=\"847,1200\" data-comments-opened=\"1\" data-image-meta=\"{&quot;aperture&quot;:&quot;0&quot;,&quot;credit&quot;:&quot;Paul Eschbach&quot;,&quot;camera&quot;:&quot;&quot;,&quot;caption&quot;:&quot;&quot;,&quot;created_timestamp&quot;:&quot;1738326738&quot;,&quot;copyright&quot;:&quot;&quot;,&quot;focal_length&quot;:&quot;0&quot;,&quot;iso&quot;:&quot;0&quot;,&quot;shutter_speed&quot;:&quot;0&quot;,&quot;title&quot;:&quot;&quot;,&quot;orientation&quot;:&quot;1&quot;}\" data-image-title=\"Plakat_A4_BN-Dachau_Wasserturm-1200\" data-image-description=\"\" data-image-caption=\"\" data-large-file=\"https:\/\/i0.wp.com\/deltaimage.de\/wp\/wp-content\/uploads\/Plakat_A4_BN-Dachau_Wasserturm-1200.jpg?fit=847%2C1200&amp;ssl=1\" class=\"aligncenter size-full wp-image-47775\" src=\"https:\/\/i0.wp.com\/deltaimage.de\/wp\/wp-content\/uploads\/Plakat_A4_BN-Dachau_Wasserturm-1200.jpg?resize=847%2C1200&#038;ssl=1\" alt=\"\" width=\"847\" height=\"1200\" srcset=\"https:\/\/i0.wp.com\/deltaimage.de\/wp\/wp-content\/uploads\/Plakat_A4_BN-Dachau_Wasserturm-1200.jpg?w=847&amp;ssl=1 847w, https:\/\/i0.wp.com\/deltaimage.de\/wp\/wp-content\/uploads\/Plakat_A4_BN-Dachau_Wasserturm-1200.jpg?resize=424%2C600&amp;ssl=1 424w, https:\/\/i0.wp.com\/deltaimage.de\/wp\/wp-content\/uploads\/Plakat_A4_BN-Dachau_Wasserturm-1200.jpg?resize=141%2C200&amp;ssl=1 141w, https:\/\/i0.wp.com\/deltaimage.de\/wp\/wp-content\/uploads\/Plakat_A4_BN-Dachau_Wasserturm-1200.jpg?resize=282%2C400&amp;ssl=1 282w\" sizes=\"auto, (max-width: 847px) 100vw, 847px\" \/><\/p>\n<p><!--more--><\/p>\n<p>Die Ausstellung erstreckt sich \u00fcber vier Stockwerke im <strong>Dachauer Wasserturm<\/strong>, mit den folgenden Ausstellungsinhalten:<\/p>\n\n<table id=\"tablepress-12\" class=\"tablepress tablepress-id-12\">\n<thead>\n<tr class=\"row-1\">\n\t<th class=\"column-1\">Stockwerk<\/th><th class=\"column-2\">Inhalt<\/th><th class=\"column-3\">Link<\/th>\n<\/tr>\n<\/thead>\n<tbody class=\"row-hover\">\n<tr class=\"row-2\">\n\t<td class=\"column-1\">erster (1.)<\/td><td class=\"column-2\">Foto-Ausstellung vom Dachauer Fotografen Paul Eschbach<br \/>\n\"Die Sch\u00f6nheiten im Dachauer Moos - Schwerpunkt Palsweiser Moos &amp; Fu\u00dfbergmoos (Maisacher Moos)\"<\/td><td class=\"column-3\"><a href=\"https:\/\/deltaimage.de\/wp\/?p=48630\" target=\"_blank\">erster Stock Wasserturm<\/a><\/td>\n<\/tr>\n<tr class=\"row-3\">\n\t<td class=\"column-1\">zweiter (2.)<\/td><td class=\"column-2\">Festausstellung<br \/>\n\"50 Jahre Natur- und Moosschutz im Dachauer Moos\" anl\u00e4sslich 50 Jahre Kreisgruppe Dachau im BUND Naturschutz in Bayern mit Informationstafeln zu 50 Jahre Kreisgruppe Dachau, Roll-Ups zum aktuellen Wirken der Kreisgruppe und Exponate von seltenen und gef\u00e4hrdeten Tieren in der Niedermoor-Landschaft<\/td><td class=\"column-3\"><a href=\"https:\/\/deltaimage.de\/wp\/?p=48548\" target=\"_blank\">Ein Blick in den zweiten Stock Ausstellung im Dachauer Wasserturm \u2013 \u201e50 Jahre Natur- und Moosschutz im Dachauer Moos\u201c<\/a><\/td>\n<\/tr>\n<tr class=\"row-4\">\n\t<td class=\"column-1\">dritter (3.)<\/td><td class=\"column-2\">Fortsetzung der Foto-Ausstellung vom Dachauer Fotografen Paul Eschbach<\/td><td class=\"column-3\"><a href=\"https:\/\/deltaimage.de\/wp\/?p=48631\" target=\"_blank\">dritter Stock Wasserturm<\/a><\/td>\n<\/tr>\n<tr class=\"row-5\">\n\t<td class=\"column-1\">vierter (4.)<\/td><td class=\"column-2\">Veranstaltungsb\u00fchne im Dachgarten mit Vortr\u00e4gen zu \"50 Jahre Natur- und Moosschutz im Dachauer Moos\", sowie Multivisions-Vortr\u00e4ge von ausgezeichneten Fotografen (Naturfototage F\u00fcrstenfeld und Fotowettbewerb \"Glanzlichter der Naturfotografie (GdN)<\/td><td class=\"column-3\"><a href=\"https:\/\/deltaimage.de\/wp\/?p=48537\" target=\"_blank\">Veranstaltungsb\u00fchne im 4. Stock Wasserturm<\/a><\/td>\n<\/tr>\n<\/tbody>\n<\/table>\n<!-- #tablepress-12 from cache -->\n<p>&nbsp;<\/p>\n<p>&nbsp;<\/p>\n<h2>Fortsetzung Foto-Ausstellung Paul Eschbach (3. Stock)<\/h2>\n<p>Die <strong>Foto-Ausstellung<\/strong> im ersten Stock setzt sich hier im 3. Stock weiter fort.<\/p>\n<p><img data-recalc-dims=\"1\" loading=\"lazy\" decoding=\"async\" data-attachment-id=\"48560\" data-permalink=\"https:\/\/deltaimage.de\/wp\/?attachment_id=48560#main\" data-orig-file=\"https:\/\/i0.wp.com\/deltaimage.de\/wp\/wp-content\/uploads\/PANO_20250327_112755_1200.jpg?fit=1200%2C457&amp;ssl=1\" data-orig-size=\"1200,457\" data-comments-opened=\"1\" data-image-meta=\"{&quot;aperture&quot;:&quot;0&quot;,&quot;credit&quot;:&quot;&quot;,&quot;camera&quot;:&quot;2201116SG&quot;,&quot;caption&quot;:&quot;&quot;,&quot;created_timestamp&quot;:&quot;1743074875&quot;,&quot;copyright&quot;:&quot;&quot;,&quot;focal_length&quot;:&quot;0&quot;,&quot;iso&quot;:&quot;0&quot;,&quot;shutter_speed&quot;:&quot;0&quot;,&quot;title&quot;:&quot;&quot;,&quot;orientation&quot;:&quot;0&quot;}\" data-image-title=\"PANO_20250327_112755_1200\" data-image-description=\"\" data-image-caption=\"\" data-large-file=\"https:\/\/i0.wp.com\/deltaimage.de\/wp\/wp-content\/uploads\/PANO_20250327_112755_1200.jpg?fit=890%2C339&amp;ssl=1\" class=\"aligncenter size-full wp-image-48560\" src=\"https:\/\/i0.wp.com\/deltaimage.de\/wp\/wp-content\/uploads\/PANO_20250327_112755_1200.jpg?resize=890%2C339&#038;ssl=1\" alt=\"\" width=\"890\" height=\"339\" srcset=\"https:\/\/i0.wp.com\/deltaimage.de\/wp\/wp-content\/uploads\/PANO_20250327_112755_1200.jpg?w=1200&amp;ssl=1 1200w, https:\/\/i0.wp.com\/deltaimage.de\/wp\/wp-content\/uploads\/PANO_20250327_112755_1200.jpg?resize=900%2C343&amp;ssl=1 900w, https:\/\/i0.wp.com\/deltaimage.de\/wp\/wp-content\/uploads\/PANO_20250327_112755_1200.jpg?resize=300%2C114&amp;ssl=1 300w, https:\/\/i0.wp.com\/deltaimage.de\/wp\/wp-content\/uploads\/PANO_20250327_112755_1200.jpg?resize=1050%2C400&amp;ssl=1 1050w\" sizes=\"auto, (max-width: 890px) 100vw, 890px\" \/><\/p>\n<p>Die<strong> Foto-Ausstellung<\/strong> von <strong>Paul Eschbach<\/strong> zu den Sch\u00f6nheiten im <strong>Dachauer Moos<\/strong> setzt sich im dritten Stockwerk weiter fort.<\/p>\n<p>In diesem Stockwerk waren fr\u00fcher die Wasserbassins installiert, um das hochgepumpte Grundwasser im Hochbeh\u00e4lter vorzuhalten und dann bei Bedarf im freien Auslauf im Rohrleitungsnetz an die Verbrauchsstellen mit einem erforderlichen Wasser-Mindestdruck zu bef\u00f6rdern.<\/p>\n<p>Die ebenso gro\u00dfformatigen Fotografien von <strong>Paul Eschbach<\/strong> werden erg\u00e4nzt von Roll-Ups zum Thema der <strong>Moore und der Moose<\/strong> des <a href=\"https:\/\/www.lfu.bayern.de\/index.htm\"><strong>Bayerischen Landesamt f\u00fcr Umwelt &#8211; LfU Bayern<\/strong><\/a>. Auch dieser Raum ist durchgehend mit Galerieleisten zum Aufh\u00e4ngen der Bilder an den Ausstellungsw\u00e4nden sehr gut geeignet. F\u00fcr viele Wandteile sind unsere Fotografien im Format 100 x 70 cm einfach zu gro\u00df gewesen.<\/p>\n<div class=\"tiled-gallery type-rectangular tiled-gallery-unresized\" data-original-width=\"890\" data-carousel-extra='{&quot;blog_id&quot;:1,&quot;permalink&quot;:&quot;https:\\\/\\\/deltaimage.de\\\/wp\\\/?p=48631&quot;,&quot;likes_blog_id&quot;:66828988}' itemscope itemtype=\"http:\/\/schema.org\/ImageGallery\" > <div class=\"gallery-row\" style=\"width: 890px; height: 598px;\" data-original-width=\"890\" data-original-height=\"598\" > <div class=\"gallery-group images-4\" style=\"width: 307px; height: 598px;\" data-original-width=\"307\" data-original-height=\"598\" > <div class=\"tiled-gallery-item tiled-gallery-item-large\" itemprop=\"associatedMedia\" itemscope itemtype=\"http:\/\/schema.org\/ImageObject\"> <a href=\"https:\/\/deltaimage.de\/wp\/?attachment_id=48616#main\" border=\"0\" itemprop=\"url\"> <meta itemprop=\"width\" content=\"303\"> <meta itemprop=\"height\" content=\"115\"> <img decoding=\"async\" class=\"\" data-attachment-id=\"48616\" data-orig-file=\"https:\/\/deltaimage.de\/wp\/wp-content\/uploads\/IMG_7958_900-1.jpg\" data-orig-size=\"890,337\" data-comments-opened=\"1\" data-image-meta=\"{&quot;aperture&quot;:&quot;5&quot;,&quot;credit&quot;:&quot;PAUL ESCHBACH&quot;,&quot;camera&quot;:&quot;Canon EOS 80D&quot;,&quot;caption&quot;:&quot;&quot;,&quot;created_timestamp&quot;:&quot;1743079323&quot;,&quot;copyright&quot;:&quot;Paul Eschbach @ DELTA IMAGE&quot;,&quot;focal_length&quot;:&quot;17&quot;,&quot;iso&quot;:&quot;800&quot;,&quot;shutter_speed&quot;:&quot;0.0025&quot;,&quot;title&quot;:&quot;&quot;,&quot;orientation&quot;:&quot;0&quot;}\" data-image-title=\"IMG_7958_900\" data-image-description=\"\" data-medium-file=\"https:\/\/i0.wp.com\/deltaimage.de\/wp\/wp-content\/uploads\/IMG_7958_900-1.jpg?fit=890%2C337&#038;ssl=1\" data-large-file=\"https:\/\/i0.wp.com\/deltaimage.de\/wp\/wp-content\/uploads\/IMG_7958_900-1.jpg?fit=890%2C337&#038;ssl=1\" src=\"https:\/\/i0.wp.com\/deltaimage.de\/wp\/wp-content\/uploads\/IMG_7958_900-1.jpg?w=303&#038;h=115&#038;ssl=1\" srcset=\"https:\/\/i0.wp.com\/deltaimage.de\/wp\/wp-content\/uploads\/IMG_7958_900-1.jpg?w=890&amp;ssl=1 890w, https:\/\/i0.wp.com\/deltaimage.de\/wp\/wp-content\/uploads\/IMG_7958_900-1.jpg?resize=300%2C114&amp;ssl=1 300w\" width=\"303\" height=\"115\" loading=\"lazy\" data-original-width=\"303\" data-original-height=\"115\" itemprop=\"http:\/\/schema.org\/image\" title=\"IMG_7958_900\" alt=\"IMG_7958_900\" style=\"width: 303px; height: 115px;\" \/> <\/a> <\/div> <div class=\"tiled-gallery-item tiled-gallery-item-large\" itemprop=\"associatedMedia\" itemscope itemtype=\"http:\/\/schema.org\/ImageObject\"> <a href=\"https:\/\/deltaimage.de\/wp\/?attachment_id=48620#main\" border=\"0\" itemprop=\"url\"> <meta itemprop=\"width\" content=\"303\"> <meta itemprop=\"height\" content=\"202\"> <img decoding=\"async\" class=\"\" data-attachment-id=\"48620\" data-orig-file=\"https:\/\/deltaimage.de\/wp\/wp-content\/uploads\/IMG_7953_900.jpg\" data-orig-size=\"890,593\" data-comments-opened=\"1\" data-image-meta=\"{&quot;aperture&quot;:&quot;5&quot;,&quot;credit&quot;:&quot;PAUL ESCHBACH&quot;,&quot;camera&quot;:&quot;Canon EOS 80D&quot;,&quot;caption&quot;:&quot;&quot;,&quot;created_timestamp&quot;:&quot;1743079115&quot;,&quot;copyright&quot;:&quot;Paul Eschbach @ DELTA IMAGE&quot;,&quot;focal_length&quot;:&quot;43&quot;,&quot;iso&quot;:&quot;800&quot;,&quot;shutter_speed&quot;:&quot;0.003125&quot;,&quot;title&quot;:&quot;&quot;,&quot;orientation&quot;:&quot;0&quot;}\" data-image-title=\"IMG_7953_900\" data-image-description=\"\" data-medium-file=\"https:\/\/i0.wp.com\/deltaimage.de\/wp\/wp-content\/uploads\/IMG_7953_900.jpg?fit=890%2C593&#038;ssl=1\" data-large-file=\"https:\/\/i0.wp.com\/deltaimage.de\/wp\/wp-content\/uploads\/IMG_7953_900.jpg?fit=890%2C593&#038;ssl=1\" src=\"https:\/\/i0.wp.com\/deltaimage.de\/wp\/wp-content\/uploads\/IMG_7953_900.jpg?w=303&#038;h=202&#038;ssl=1\" srcset=\"https:\/\/i0.wp.com\/deltaimage.de\/wp\/wp-content\/uploads\/IMG_7953_900.jpg?w=890&amp;ssl=1 890w, https:\/\/i0.wp.com\/deltaimage.de\/wp\/wp-content\/uploads\/IMG_7953_900.jpg?resize=300%2C200&amp;ssl=1 300w, https:\/\/i0.wp.com\/deltaimage.de\/wp\/wp-content\/uploads\/IMG_7953_900.jpg?resize=600%2C400&amp;ssl=1 600w, https:\/\/i0.wp.com\/deltaimage.de\/wp\/wp-content\/uploads\/IMG_7953_900.jpg?resize=200%2C133&amp;ssl=1 200w\" width=\"303\" height=\"202\" loading=\"lazy\" data-original-width=\"303\" data-original-height=\"202\" itemprop=\"http:\/\/schema.org\/image\" title=\"IMG_7953_900\" alt=\"IMG_7953_900\" style=\"width: 303px; height: 202px;\" \/> <\/a> <\/div> <div class=\"tiled-gallery-item tiled-gallery-item-large\" itemprop=\"associatedMedia\" itemscope itemtype=\"http:\/\/schema.org\/ImageObject\"> <a href=\"https:\/\/deltaimage.de\/wp\/?attachment_id=48623#main\" border=\"0\" itemprop=\"url\"> <meta itemprop=\"width\" content=\"303\"> <meta itemprop=\"height\" content=\"140\"> <img decoding=\"async\" class=\"\" data-attachment-id=\"48623\" data-orig-file=\"https:\/\/deltaimage.de\/wp\/wp-content\/uploads\/IMG_7950_1200.jpg\" data-orig-size=\"1200,555\" data-comments-opened=\"1\" data-image-meta=\"{&quot;aperture&quot;:&quot;5&quot;,&quot;credit&quot;:&quot;PAUL ESCHBACH&quot;,&quot;camera&quot;:&quot;Canon EOS 80D&quot;,&quot;caption&quot;:&quot;&quot;,&quot;created_timestamp&quot;:&quot;1743079080&quot;,&quot;copyright&quot;:&quot;Paul Eschbach @ DELTA IMAGE&quot;,&quot;focal_length&quot;:&quot;28&quot;,&quot;iso&quot;:&quot;800&quot;,&quot;shutter_speed&quot;:&quot;0.003125&quot;,&quot;title&quot;:&quot;&quot;,&quot;orientation&quot;:&quot;0&quot;}\" data-image-title=\"IMG_7950_1200\" data-image-description=\"\" data-medium-file=\"https:\/\/i0.wp.com\/deltaimage.de\/wp\/wp-content\/uploads\/IMG_7950_1200.jpg?fit=900%2C416&#038;ssl=1\" data-large-file=\"https:\/\/i0.wp.com\/deltaimage.de\/wp\/wp-content\/uploads\/IMG_7950_1200.jpg?fit=890%2C412&#038;ssl=1\" src=\"https:\/\/i0.wp.com\/deltaimage.de\/wp\/wp-content\/uploads\/IMG_7950_1200.jpg?w=303&#038;h=140&#038;ssl=1\" srcset=\"https:\/\/i0.wp.com\/deltaimage.de\/wp\/wp-content\/uploads\/IMG_7950_1200.jpg?w=1200&amp;ssl=1 1200w, https:\/\/i0.wp.com\/deltaimage.de\/wp\/wp-content\/uploads\/IMG_7950_1200.jpg?resize=900%2C416&amp;ssl=1 900w, https:\/\/i0.wp.com\/deltaimage.de\/wp\/wp-content\/uploads\/IMG_7950_1200.jpg?resize=300%2C139&amp;ssl=1 300w, https:\/\/i0.wp.com\/deltaimage.de\/wp\/wp-content\/uploads\/IMG_7950_1200.jpg?resize=865%2C400&amp;ssl=1 865w\" width=\"303\" height=\"140\" loading=\"lazy\" data-original-width=\"303\" data-original-height=\"140\" itemprop=\"http:\/\/schema.org\/image\" title=\"IMG_7950_1200\" alt=\"IMG_7950_1200\" style=\"width: 303px; height: 140px;\" \/> <\/a> <\/div> <div class=\"tiled-gallery-item tiled-gallery-item-large\" itemprop=\"associatedMedia\" itemscope itemtype=\"http:\/\/schema.org\/ImageObject\"> <a href=\"https:\/\/deltaimage.de\/wp\/?attachment_id=48619#main\" border=\"0\" itemprop=\"url\"> <meta itemprop=\"width\" content=\"303\"> <meta itemprop=\"height\" content=\"125\"> <img decoding=\"async\" class=\"\" data-attachment-id=\"48619\" data-orig-file=\"https:\/\/deltaimage.de\/wp\/wp-content\/uploads\/IMG_7954_900.jpg\" data-orig-size=\"890,366\" data-comments-opened=\"1\" data-image-meta=\"{&quot;aperture&quot;:&quot;5&quot;,&quot;credit&quot;:&quot;PAUL ESCHBACH&quot;,&quot;camera&quot;:&quot;Canon EOS 80D&quot;,&quot;caption&quot;:&quot;&quot;,&quot;created_timestamp&quot;:&quot;1743079124&quot;,&quot;copyright&quot;:&quot;Paul Eschbach @ DELTA IMAGE&quot;,&quot;focal_length&quot;:&quot;28&quot;,&quot;iso&quot;:&quot;800&quot;,&quot;shutter_speed&quot;:&quot;0.002&quot;,&quot;title&quot;:&quot;&quot;,&quot;orientation&quot;:&quot;0&quot;}\" data-image-title=\"IMG_7954_900\" data-image-description=\"\" data-medium-file=\"https:\/\/i0.wp.com\/deltaimage.de\/wp\/wp-content\/uploads\/IMG_7954_900.jpg?fit=890%2C366&#038;ssl=1\" data-large-file=\"https:\/\/i0.wp.com\/deltaimage.de\/wp\/wp-content\/uploads\/IMG_7954_900.jpg?fit=890%2C366&#038;ssl=1\" src=\"https:\/\/i0.wp.com\/deltaimage.de\/wp\/wp-content\/uploads\/IMG_7954_900.jpg?w=303&#038;h=125&#038;ssl=1\" srcset=\"https:\/\/i0.wp.com\/deltaimage.de\/wp\/wp-content\/uploads\/IMG_7954_900.jpg?w=890&amp;ssl=1 890w, https:\/\/i0.wp.com\/deltaimage.de\/wp\/wp-content\/uploads\/IMG_7954_900.jpg?resize=300%2C123&amp;ssl=1 300w\" width=\"303\" height=\"125\" loading=\"lazy\" data-original-width=\"303\" data-original-height=\"125\" itemprop=\"http:\/\/schema.org\/image\" title=\"IMG_7954_900\" alt=\"IMG_7954_900\" style=\"width: 303px; height: 125px;\" \/> <\/a> <\/div> <\/div> <!-- close group --> <div class=\"gallery-group images-4\" style=\"width: 234px; height: 598px;\" data-original-width=\"234\" data-original-height=\"598\" > <div class=\"tiled-gallery-item tiled-gallery-item-small\" itemprop=\"associatedMedia\" itemscope itemtype=\"http:\/\/schema.org\/ImageObject\"> <a href=\"https:\/\/deltaimage.de\/wp\/?attachment_id=48621#main\" border=\"0\" itemprop=\"url\"> <meta itemprop=\"width\" content=\"230\"> <meta itemprop=\"height\" content=\"153\"> <img decoding=\"async\" class=\"\" data-attachment-id=\"48621\" data-orig-file=\"https:\/\/deltaimage.de\/wp\/wp-content\/uploads\/IMG_7952_900.jpg\" data-orig-size=\"890,593\" data-comments-opened=\"1\" data-image-meta=\"{&quot;aperture&quot;:&quot;5&quot;,&quot;credit&quot;:&quot;PAUL ESCHBACH&quot;,&quot;camera&quot;:&quot;Canon EOS 80D&quot;,&quot;caption&quot;:&quot;&quot;,&quot;created_timestamp&quot;:&quot;1743079104&quot;,&quot;copyright&quot;:&quot;Paul Eschbach @ DELTA IMAGE&quot;,&quot;focal_length&quot;:&quot;33&quot;,&quot;iso&quot;:&quot;800&quot;,&quot;shutter_speed&quot;:&quot;0.0025&quot;,&quot;title&quot;:&quot;&quot;,&quot;orientation&quot;:&quot;0&quot;}\" data-image-title=\"IMG_7952_900\" data-image-description=\"\" data-medium-file=\"https:\/\/i0.wp.com\/deltaimage.de\/wp\/wp-content\/uploads\/IMG_7952_900.jpg?fit=890%2C593&#038;ssl=1\" data-large-file=\"https:\/\/i0.wp.com\/deltaimage.de\/wp\/wp-content\/uploads\/IMG_7952_900.jpg?fit=890%2C593&#038;ssl=1\" src=\"https:\/\/i0.wp.com\/deltaimage.de\/wp\/wp-content\/uploads\/IMG_7952_900.jpg?w=230&#038;h=153&#038;ssl=1\" srcset=\"https:\/\/i0.wp.com\/deltaimage.de\/wp\/wp-content\/uploads\/IMG_7952_900.jpg?w=890&amp;ssl=1 890w, https:\/\/i0.wp.com\/deltaimage.de\/wp\/wp-content\/uploads\/IMG_7952_900.jpg?resize=300%2C200&amp;ssl=1 300w, https:\/\/i0.wp.com\/deltaimage.de\/wp\/wp-content\/uploads\/IMG_7952_900.jpg?resize=600%2C400&amp;ssl=1 600w, https:\/\/i0.wp.com\/deltaimage.de\/wp\/wp-content\/uploads\/IMG_7952_900.jpg?resize=200%2C133&amp;ssl=1 200w\" width=\"230\" height=\"153\" loading=\"lazy\" data-original-width=\"230\" data-original-height=\"153\" itemprop=\"http:\/\/schema.org\/image\" title=\"IMG_7952_900\" alt=\"IMG_7952_900\" style=\"width: 230px; height: 153px;\" \/> <\/a> <\/div> <div class=\"tiled-gallery-item tiled-gallery-item-small\" itemprop=\"associatedMedia\" itemscope itemtype=\"http:\/\/schema.org\/ImageObject\"> <a href=\"https:\/\/deltaimage.de\/wp\/?attachment_id=48618#main\" border=\"0\" itemprop=\"url\"> <meta itemprop=\"width\" content=\"230\"> <meta itemprop=\"height\" content=\"136\"> <img decoding=\"async\" class=\"\" data-attachment-id=\"48618\" data-orig-file=\"https:\/\/deltaimage.de\/wp\/wp-content\/uploads\/IMG_7956_900.jpg\" data-orig-size=\"890,527\" data-comments-opened=\"1\" data-image-meta=\"{&quot;aperture&quot;:&quot;5&quot;,&quot;credit&quot;:&quot;PAUL ESCHBACH&quot;,&quot;camera&quot;:&quot;Canon EOS 80D&quot;,&quot;caption&quot;:&quot;&quot;,&quot;created_timestamp&quot;:&quot;1743079140&quot;,&quot;copyright&quot;:&quot;Paul Eschbach @ DELTA IMAGE&quot;,&quot;focal_length&quot;:&quot;17&quot;,&quot;iso&quot;:&quot;800&quot;,&quot;shutter_speed&quot;:&quot;0.003125&quot;,&quot;title&quot;:&quot;&quot;,&quot;orientation&quot;:&quot;0&quot;}\" data-image-title=\"IMG_7956_900\" data-image-description=\"\" data-medium-file=\"https:\/\/i0.wp.com\/deltaimage.de\/wp\/wp-content\/uploads\/IMG_7956_900.jpg?fit=890%2C527&#038;ssl=1\" data-large-file=\"https:\/\/i0.wp.com\/deltaimage.de\/wp\/wp-content\/uploads\/IMG_7956_900.jpg?fit=890%2C527&#038;ssl=1\" src=\"https:\/\/i0.wp.com\/deltaimage.de\/wp\/wp-content\/uploads\/IMG_7956_900.jpg?w=230&#038;h=136&#038;ssl=1\" srcset=\"https:\/\/i0.wp.com\/deltaimage.de\/wp\/wp-content\/uploads\/IMG_7956_900.jpg?w=890&amp;ssl=1 890w, https:\/\/i0.wp.com\/deltaimage.de\/wp\/wp-content\/uploads\/IMG_7956_900.jpg?resize=300%2C178&amp;ssl=1 300w, https:\/\/i0.wp.com\/deltaimage.de\/wp\/wp-content\/uploads\/IMG_7956_900.jpg?resize=676%2C400&amp;ssl=1 676w\" width=\"230\" height=\"136\" loading=\"lazy\" data-original-width=\"230\" data-original-height=\"136\" itemprop=\"http:\/\/schema.org\/image\" title=\"IMG_7956_900\" alt=\"IMG_7956_900\" style=\"width: 230px; height: 136px;\" \/> <\/a> <\/div> <div class=\"tiled-gallery-item tiled-gallery-item-small\" itemprop=\"associatedMedia\" itemscope itemtype=\"http:\/\/schema.org\/ImageObject\"> <a href=\"https:\/\/deltaimage.de\/wp\/?attachment_id=48625#main\" border=\"0\" itemprop=\"url\"> <meta itemprop=\"width\" content=\"230\"> <meta itemprop=\"height\" content=\"140\"> <img decoding=\"async\" class=\"\" data-attachment-id=\"48625\" data-orig-file=\"https:\/\/deltaimage.de\/wp\/wp-content\/uploads\/IMG_7948_900.jpg\" data-orig-size=\"890,543\" data-comments-opened=\"1\" data-image-meta=\"{&quot;aperture&quot;:&quot;5&quot;,&quot;credit&quot;:&quot;PAUL ESCHBACH&quot;,&quot;camera&quot;:&quot;Canon EOS 80D&quot;,&quot;caption&quot;:&quot;&quot;,&quot;created_timestamp&quot;:&quot;1743079061&quot;,&quot;copyright&quot;:&quot;Paul Eschbach @ DELTA IMAGE&quot;,&quot;focal_length&quot;:&quot;18&quot;,&quot;iso&quot;:&quot;800&quot;,&quot;shutter_speed&quot;:&quot;0.004&quot;,&quot;title&quot;:&quot;&quot;,&quot;orientation&quot;:&quot;0&quot;}\" data-image-title=\"IMG_7948_900\" data-image-description=\"\" data-medium-file=\"https:\/\/i0.wp.com\/deltaimage.de\/wp\/wp-content\/uploads\/IMG_7948_900.jpg?fit=890%2C543&#038;ssl=1\" data-large-file=\"https:\/\/i0.wp.com\/deltaimage.de\/wp\/wp-content\/uploads\/IMG_7948_900.jpg?fit=890%2C543&#038;ssl=1\" src=\"https:\/\/i0.wp.com\/deltaimage.de\/wp\/wp-content\/uploads\/IMG_7948_900.jpg?w=230&#038;h=140&#038;ssl=1\" srcset=\"https:\/\/i0.wp.com\/deltaimage.de\/wp\/wp-content\/uploads\/IMG_7948_900.jpg?w=890&amp;ssl=1 890w, https:\/\/i0.wp.com\/deltaimage.de\/wp\/wp-content\/uploads\/IMG_7948_900.jpg?resize=300%2C183&amp;ssl=1 300w, https:\/\/i0.wp.com\/deltaimage.de\/wp\/wp-content\/uploads\/IMG_7948_900.jpg?resize=656%2C400&amp;ssl=1 656w\" width=\"230\" height=\"140\" loading=\"lazy\" data-original-width=\"230\" data-original-height=\"140\" itemprop=\"http:\/\/schema.org\/image\" title=\"IMG_7948_900\" alt=\"IMG_7948_900\" style=\"width: 230px; height: 140px;\" \/> <\/a> <\/div> <div class=\"tiled-gallery-item tiled-gallery-item-small\" itemprop=\"associatedMedia\" itemscope itemtype=\"http:\/\/schema.org\/ImageObject\"> <a href=\"https:\/\/deltaimage.de\/wp\/?attachment_id=48626#main\" border=\"0\" itemprop=\"url\"> <meta itemprop=\"width\" content=\"230\"> <meta itemprop=\"height\" content=\"153\"> <img decoding=\"async\" class=\"\" data-attachment-id=\"48626\" data-orig-file=\"https:\/\/deltaimage.de\/wp\/wp-content\/uploads\/IMG_7947_900.jpg\" data-orig-size=\"890,593\" data-comments-opened=\"1\" data-image-meta=\"{&quot;aperture&quot;:&quot;5&quot;,&quot;credit&quot;:&quot;PAUL ESCHBACH&quot;,&quot;camera&quot;:&quot;Canon EOS 80D&quot;,&quot;caption&quot;:&quot;&quot;,&quot;created_timestamp&quot;:&quot;1743079044&quot;,&quot;copyright&quot;:&quot;Paul Eschbach @ DELTA IMAGE&quot;,&quot;focal_length&quot;:&quot;28&quot;,&quot;iso&quot;:&quot;800&quot;,&quot;shutter_speed&quot;:&quot;0.004&quot;,&quot;title&quot;:&quot;&quot;,&quot;orientation&quot;:&quot;0&quot;}\" data-image-title=\"IMG_7947_900\" data-image-description=\"\" data-medium-file=\"https:\/\/i0.wp.com\/deltaimage.de\/wp\/wp-content\/uploads\/IMG_7947_900.jpg?fit=890%2C593&#038;ssl=1\" data-large-file=\"https:\/\/i0.wp.com\/deltaimage.de\/wp\/wp-content\/uploads\/IMG_7947_900.jpg?fit=890%2C593&#038;ssl=1\" src=\"https:\/\/i0.wp.com\/deltaimage.de\/wp\/wp-content\/uploads\/IMG_7947_900.jpg?w=230&#038;h=153&#038;ssl=1\" srcset=\"https:\/\/i0.wp.com\/deltaimage.de\/wp\/wp-content\/uploads\/IMG_7947_900.jpg?w=890&amp;ssl=1 890w, https:\/\/i0.wp.com\/deltaimage.de\/wp\/wp-content\/uploads\/IMG_7947_900.jpg?resize=300%2C200&amp;ssl=1 300w, https:\/\/i0.wp.com\/deltaimage.de\/wp\/wp-content\/uploads\/IMG_7947_900.jpg?resize=600%2C400&amp;ssl=1 600w, https:\/\/i0.wp.com\/deltaimage.de\/wp\/wp-content\/uploads\/IMG_7947_900.jpg?resize=200%2C133&amp;ssl=1 200w\" width=\"230\" height=\"153\" loading=\"lazy\" data-original-width=\"230\" data-original-height=\"153\" itemprop=\"http:\/\/schema.org\/image\" title=\"IMG_7947_900\" alt=\"IMG_7947_900\" style=\"width: 230px; height: 153px;\" \/> <\/a> <\/div> <\/div> <!-- close group --> <div class=\"gallery-group images-3\" style=\"width: 349px; height: 598px;\" data-original-width=\"349\" data-original-height=\"598\" > <div class=\"tiled-gallery-item tiled-gallery-item-large\" itemprop=\"associatedMedia\" itemscope itemtype=\"http:\/\/schema.org\/ImageObject\"> <a href=\"https:\/\/deltaimage.de\/wp\/?attachment_id=48617#main\" border=\"0\" itemprop=\"url\"> <meta itemprop=\"width\" content=\"345\"> <meta itemprop=\"height\" content=\"151\"> <img decoding=\"async\" class=\"\" data-attachment-id=\"48617\" data-orig-file=\"https:\/\/deltaimage.de\/wp\/wp-content\/uploads\/IMG_7957_900-1.jpg\" data-orig-size=\"890,390\" data-comments-opened=\"1\" data-image-meta=\"{&quot;aperture&quot;:&quot;5&quot;,&quot;credit&quot;:&quot;PAUL ESCHBACH&quot;,&quot;camera&quot;:&quot;Canon EOS 80D&quot;,&quot;caption&quot;:&quot;&quot;,&quot;created_timestamp&quot;:&quot;1743079145&quot;,&quot;copyright&quot;:&quot;Paul Eschbach @ DELTA IMAGE&quot;,&quot;focal_length&quot;:&quot;17&quot;,&quot;iso&quot;:&quot;800&quot;,&quot;shutter_speed&quot;:&quot;0.0025&quot;,&quot;title&quot;:&quot;&quot;,&quot;orientation&quot;:&quot;0&quot;}\" data-image-title=\"IMG_7957_900\" data-image-description=\"\" data-medium-file=\"https:\/\/i0.wp.com\/deltaimage.de\/wp\/wp-content\/uploads\/IMG_7957_900-1.jpg?fit=890%2C390&#038;ssl=1\" data-large-file=\"https:\/\/i0.wp.com\/deltaimage.de\/wp\/wp-content\/uploads\/IMG_7957_900-1.jpg?fit=890%2C390&#038;ssl=1\" src=\"https:\/\/i0.wp.com\/deltaimage.de\/wp\/wp-content\/uploads\/IMG_7957_900-1.jpg?w=345&#038;h=151&#038;ssl=1\" srcset=\"https:\/\/i0.wp.com\/deltaimage.de\/wp\/wp-content\/uploads\/IMG_7957_900-1.jpg?w=890&amp;ssl=1 890w, https:\/\/i0.wp.com\/deltaimage.de\/wp\/wp-content\/uploads\/IMG_7957_900-1.jpg?resize=300%2C131&amp;ssl=1 300w\" width=\"345\" height=\"151\" loading=\"lazy\" data-original-width=\"345\" data-original-height=\"151\" itemprop=\"http:\/\/schema.org\/image\" title=\"IMG_7957_900\" alt=\"IMG_7957_900\" style=\"width: 345px; height: 151px;\" \/> <\/a> <\/div> <div class=\"tiled-gallery-item tiled-gallery-item-large\" itemprop=\"associatedMedia\" itemscope itemtype=\"http:\/\/schema.org\/ImageObject\"> <a href=\"https:\/\/deltaimage.de\/wp\/?attachment_id=48624#main\" border=\"0\" itemprop=\"url\"> <meta itemprop=\"width\" content=\"345\"> <meta itemprop=\"height\" content=\"230\"> <img decoding=\"async\" class=\"\" data-attachment-id=\"48624\" data-orig-file=\"https:\/\/deltaimage.de\/wp\/wp-content\/uploads\/IMG_7949_900.jpg\" data-orig-size=\"890,593\" data-comments-opened=\"1\" data-image-meta=\"{&quot;aperture&quot;:&quot;5&quot;,&quot;credit&quot;:&quot;PAUL ESCHBACH&quot;,&quot;camera&quot;:&quot;Canon EOS 80D&quot;,&quot;caption&quot;:&quot;&quot;,&quot;created_timestamp&quot;:&quot;1743079071&quot;,&quot;copyright&quot;:&quot;Paul Eschbach @ DELTA IMAGE&quot;,&quot;focal_length&quot;:&quot;17&quot;,&quot;iso&quot;:&quot;800&quot;,&quot;shutter_speed&quot;:&quot;0.0025&quot;,&quot;title&quot;:&quot;&quot;,&quot;orientation&quot;:&quot;0&quot;}\" data-image-title=\"IMG_7949_900\" data-image-description=\"\" data-medium-file=\"https:\/\/i0.wp.com\/deltaimage.de\/wp\/wp-content\/uploads\/IMG_7949_900.jpg?fit=890%2C593&#038;ssl=1\" data-large-file=\"https:\/\/i0.wp.com\/deltaimage.de\/wp\/wp-content\/uploads\/IMG_7949_900.jpg?fit=890%2C593&#038;ssl=1\" src=\"https:\/\/i0.wp.com\/deltaimage.de\/wp\/wp-content\/uploads\/IMG_7949_900.jpg?w=345&#038;h=230&#038;ssl=1\" srcset=\"https:\/\/i0.wp.com\/deltaimage.de\/wp\/wp-content\/uploads\/IMG_7949_900.jpg?w=890&amp;ssl=1 890w, https:\/\/i0.wp.com\/deltaimage.de\/wp\/wp-content\/uploads\/IMG_7949_900.jpg?resize=300%2C200&amp;ssl=1 300w, https:\/\/i0.wp.com\/deltaimage.de\/wp\/wp-content\/uploads\/IMG_7949_900.jpg?resize=600%2C400&amp;ssl=1 600w, https:\/\/i0.wp.com\/deltaimage.de\/wp\/wp-content\/uploads\/IMG_7949_900.jpg?resize=200%2C133&amp;ssl=1 200w\" width=\"345\" height=\"230\" loading=\"lazy\" data-original-width=\"345\" data-original-height=\"230\" itemprop=\"http:\/\/schema.org\/image\" title=\"IMG_7949_900\" alt=\"IMG_7949_900\" style=\"width: 345px; height: 230px;\" \/> <\/a> <\/div> <div class=\"tiled-gallery-item tiled-gallery-item-large\" itemprop=\"associatedMedia\" itemscope itemtype=\"http:\/\/schema.org\/ImageObject\"> <a href=\"https:\/\/deltaimage.de\/wp\/?attachment_id=48622#main\" border=\"0\" itemprop=\"url\"> <meta itemprop=\"width\" content=\"345\"> <meta itemprop=\"height\" content=\"205\"> <img decoding=\"async\" class=\"\" data-attachment-id=\"48622\" data-orig-file=\"https:\/\/deltaimage.de\/wp\/wp-content\/uploads\/IMG_7951_900-1.jpg\" data-orig-size=\"890,527\" data-comments-opened=\"1\" data-image-meta=\"{&quot;aperture&quot;:&quot;5&quot;,&quot;credit&quot;:&quot;PAUL ESCHBACH&quot;,&quot;camera&quot;:&quot;Canon EOS 80D&quot;,&quot;caption&quot;:&quot;&quot;,&quot;created_timestamp&quot;:&quot;1743079088&quot;,&quot;copyright&quot;:&quot;Paul Eschbach @ DELTA IMAGE&quot;,&quot;focal_length&quot;:&quot;17&quot;,&quot;iso&quot;:&quot;800&quot;,&quot;shutter_speed&quot;:&quot;0.0025&quot;,&quot;title&quot;:&quot;&quot;,&quot;orientation&quot;:&quot;0&quot;}\" data-image-title=\"IMG_7951_900\" data-image-description=\"\" data-medium-file=\"https:\/\/i0.wp.com\/deltaimage.de\/wp\/wp-content\/uploads\/IMG_7951_900-1.jpg?fit=890%2C527&#038;ssl=1\" data-large-file=\"https:\/\/i0.wp.com\/deltaimage.de\/wp\/wp-content\/uploads\/IMG_7951_900-1.jpg?fit=890%2C527&#038;ssl=1\" src=\"https:\/\/i0.wp.com\/deltaimage.de\/wp\/wp-content\/uploads\/IMG_7951_900-1.jpg?w=345&#038;h=205&#038;ssl=1\" srcset=\"https:\/\/i0.wp.com\/deltaimage.de\/wp\/wp-content\/uploads\/IMG_7951_900-1.jpg?w=890&amp;ssl=1 890w, https:\/\/i0.wp.com\/deltaimage.de\/wp\/wp-content\/uploads\/IMG_7951_900-1.jpg?resize=300%2C178&amp;ssl=1 300w, https:\/\/i0.wp.com\/deltaimage.de\/wp\/wp-content\/uploads\/IMG_7951_900-1.jpg?resize=676%2C400&amp;ssl=1 676w\" width=\"345\" height=\"205\" loading=\"lazy\" data-original-width=\"345\" data-original-height=\"205\" itemprop=\"http:\/\/schema.org\/image\" title=\"IMG_7951_900\" alt=\"IMG_7951_900\" style=\"width: 345px; height: 205px;\" \/> <\/a> <\/div> <\/div> <!-- close group --> <\/div> <!-- close row --> <\/div>\n<p>&nbsp;<\/p>\n","protected":false},"excerpt":{"rendered":"<p>&#8222;50 Jahre Natur- und Moosschutz im Dachauer Moos&#8220; &nbsp; Fest- und Foto-Ausstellung der Kreisgruppe Dachau im BUND Naturschutz in Bayern e. V. anl\u00e4sslich des 50-j\u00e4hrigen Bestehens der Kreisgruppe 1975 &#8211; [&hellip;]<\/p>\n","protected":false},"author":1,"featured_media":48623,"comment_status":"open","ping_status":"closed","sticky":false,"template":"","format":"standard","meta":{"wpupg_custom_link":[],"wpupg_custom_link_behaviour":["default"],"wpupg_custom_link_nofollow":["default"],"wpupg_custom_image":[],"wpupg_custom_image_id":[],"jetpack_post_was_ever_published":false,"footnotes":""},"categories":[1189,3010,2523,3217,8,3800],"tags":[4162,142,4164,3989,3399,3983,4067],"class_list":["post-48631","post","type-post","status-publish","format-standard","has-post-thumbnail","hentry","category-buch","category-dachauer-land","category-dachauer-moos","category-naturfotografie","category-news","category-projekt-dachauer-moos","tag-50-jahre-natur-und-moosschutz-im-dachauer-moos","tag-ausstellung","tag-bund-naturschutz-in-bayern-kreisgruppe-dachau","tag-dachauer-wasserturm","tag-delta-image-eigenverlag","tag-foto-ausstellung","tag-fotograf-paul-eschbach"],"jetpack_featured_media_url":"https:\/\/i0.wp.com\/deltaimage.de\/wp\/wp-content\/uploads\/IMG_7950_1200.jpg?fit=1200%2C555&ssl=1","jetpack-related-posts":[{"id":48548,"url":"https:\/\/deltaimage.de\/wp\/?p=48548","url_meta":{"origin":48631,"position":0},"title":"Ein Blick in den zweiten Stock Ausstellung im Dachauer Wasserturm &#8211; &#8222;50 Jahre Natur- und Moosschutz im Dachauer Moos&#8220;","author":"EschbacP","date":"27. M\u00e4rz 2025","format":false,"excerpt":"\"50 Jahre Natur- und Moosschutz im Dachauer Moos\" \u00a0 Fest- und Foto-Ausstellung der Kreisgruppe Dachau im BUND Naturschutz in Bayern e. V. anl\u00e4sslich des 50-j\u00e4hrigen Bestehens der Kreisgruppe 1975 - 2025 im Dachauer Wasserturm. Die Ausstellung erstreckt sich \u00fcber vier Stockwerke im Dachauer Wasserturm, mit den folgenden Ausstellungsinhalten: \u00a0 Fachausstellung\u2026","rel":"","context":"In &quot;Buch&quot;","block_context":{"text":"Buch","link":"https:\/\/deltaimage.de\/wp\/?cat=1189"},"img":{"alt_text":"","src":"https:\/\/i0.wp.com\/deltaimage.de\/wp\/wp-content\/uploads\/PANO_20250327_113047_1200.jpg?fit=1200%2C602&ssl=1&resize=350%2C200","width":350,"height":200,"srcset":"https:\/\/i0.wp.com\/deltaimage.de\/wp\/wp-content\/uploads\/PANO_20250327_113047_1200.jpg?fit=1200%2C602&ssl=1&resize=350%2C200 1x, https:\/\/i0.wp.com\/deltaimage.de\/wp\/wp-content\/uploads\/PANO_20250327_113047_1200.jpg?fit=1200%2C602&ssl=1&resize=525%2C300 1.5x, https:\/\/i0.wp.com\/deltaimage.de\/wp\/wp-content\/uploads\/PANO_20250327_113047_1200.jpg?fit=1200%2C602&ssl=1&resize=700%2C400 2x, https:\/\/i0.wp.com\/deltaimage.de\/wp\/wp-content\/uploads\/PANO_20250327_113047_1200.jpg?fit=1200%2C602&ssl=1&resize=1050%2C600 3x"},"classes":[]},{"id":48630,"url":"https:\/\/deltaimage.de\/wp\/?p=48630","url_meta":{"origin":48631,"position":1},"title":"Ein Blick in den ersten Stock Ausstellung im Dachauer Wasserturm &#8211; &#8222;50 Jahre Natur- und Moosschutz im Dachauer Moos&#8220;","author":"EschbacP","date":"27. M\u00e4rz 2025","format":false,"excerpt":"\"50 Jahre Natur- und Moosschutz im Dachauer Moos\" \u00a0 Fest- und Foto-Ausstellung der Kreisgruppe Dachau im BUND Naturschutz in Bayern e. V. anl\u00e4sslich des 50-j\u00e4hrigen Bestehens der Kreisgruppe 1975 - 2025 im Dachauer Wasserturm. Die Ausstellung erstreckt sich \u00fcber vier Stockwerke im Dachauer Wasserturm, mit den folgenden Ausstellungsinhalten: \u00a0 Foto-Ausstellung\u2026","rel":"","context":"In &quot;Buch&quot;","block_context":{"text":"Buch","link":"https:\/\/deltaimage.de\/wp\/?cat=1189"},"img":{"alt_text":"","src":"https:\/\/i0.wp.com\/deltaimage.de\/wp\/wp-content\/uploads\/IMG_7901_1200.jpg?fit=1200%2C609&ssl=1&resize=350%2C200","width":350,"height":200,"srcset":"https:\/\/i0.wp.com\/deltaimage.de\/wp\/wp-content\/uploads\/IMG_7901_1200.jpg?fit=1200%2C609&ssl=1&resize=350%2C200 1x, https:\/\/i0.wp.com\/deltaimage.de\/wp\/wp-content\/uploads\/IMG_7901_1200.jpg?fit=1200%2C609&ssl=1&resize=525%2C300 1.5x, https:\/\/i0.wp.com\/deltaimage.de\/wp\/wp-content\/uploads\/IMG_7901_1200.jpg?fit=1200%2C609&ssl=1&resize=700%2C400 2x, https:\/\/i0.wp.com\/deltaimage.de\/wp\/wp-content\/uploads\/IMG_7901_1200.jpg?fit=1200%2C609&ssl=1&resize=1050%2C600 3x"},"classes":[]},{"id":48303,"url":"https:\/\/deltaimage.de\/wp\/?p=48303","url_meta":{"origin":48631,"position":2},"title":"Schlei\u00dfheimer Zeitung: 50 Jahre BUND Naturschutz: Natur- und Moosschutz im Dachauer Moos","author":"EschbacP","date":"13. M\u00e4rz 2025","format":false,"excerpt":"Die Schlei\u00dfheimer Zeitung berichtet \u00fcber die Fest- und Foto-Ausstellung im Dachauer Wasserturm. --> Link 50 Jahre BUND Naturschutz: Natur- und Moosschutz im Dachauer Moos Jubil\u00e4ums-Ausstellung im Dachauer Wasserturm mit Fotos von Paul Eschbach Die\u00a0Kreisgruppe Dachau\u00a0des\u00a0BUND Naturschutz in Bayern e. V.\u00a0feiert im Jahr 2025 das 50-j\u00e4hrige Bestehen 1975 \u2014 2025 mit\u2026","rel":"","context":"In &quot;Ausstellung \/ Sonderausstellung&quot;","block_context":{"text":"Ausstellung \/ Sonderausstellung","link":"https:\/\/deltaimage.de\/wp\/?cat=860"},"img":{"alt_text":"","src":"https:\/\/i0.wp.com\/deltaimage.de\/wp\/wp-content\/uploads\/Logo_Schleissheimer-Zeitung-e1726945612862.jpg?fit=890%2C334&ssl=1&resize=350%2C200","width":350,"height":200,"srcset":"https:\/\/i0.wp.com\/deltaimage.de\/wp\/wp-content\/uploads\/Logo_Schleissheimer-Zeitung-e1726945612862.jpg?fit=890%2C334&ssl=1&resize=350%2C200 1x, https:\/\/i0.wp.com\/deltaimage.de\/wp\/wp-content\/uploads\/Logo_Schleissheimer-Zeitung-e1726945612862.jpg?fit=890%2C334&ssl=1&resize=525%2C300 1.5x, https:\/\/i0.wp.com\/deltaimage.de\/wp\/wp-content\/uploads\/Logo_Schleissheimer-Zeitung-e1726945612862.jpg?fit=890%2C334&ssl=1&resize=700%2C400 2x"},"classes":[]},{"id":48500,"url":"https:\/\/deltaimage.de\/wp\/?p=48500","url_meta":{"origin":48631,"position":3},"title":"Ein Blick in die Foto-Ausstellung im Dachauer Wasserturm von Paul Eschbach","author":"EschbacP","date":"26. M\u00e4rz 2025","format":false,"excerpt":"Die Foto-Ausstellung im Dachauer Wasserturm ist im Beisein der vielen Vernissage-G\u00e4sten er\u00f6ffnet. Werfen wir doch einen Blick in die hellen Ausstellungsr\u00e4ume im ersten Stock des Dachauer Wasserturms. Gro\u00dfformatige Fotografien zeigen die Sch\u00f6nheiten der Natur im Dachauer Moos, mit dem thematischen Schwerpunkt im Palsweiser Moos und Fu\u00dfbergmoos. \u00a0 Fr\u00fchlingsbeginn am Dachauer\u2026","rel":"","context":"In &quot;Buch&quot;","block_context":{"text":"Buch","link":"https:\/\/deltaimage.de\/wp\/?cat=1189"},"img":{"alt_text":"","src":"https:\/\/i0.wp.com\/deltaimage.de\/wp\/wp-content\/uploads\/PE1X9943_1200.jpg?fit=1200%2C450&ssl=1&resize=350%2C200","width":350,"height":200,"srcset":"https:\/\/i0.wp.com\/deltaimage.de\/wp\/wp-content\/uploads\/PE1X9943_1200.jpg?fit=1200%2C450&ssl=1&resize=350%2C200 1x, https:\/\/i0.wp.com\/deltaimage.de\/wp\/wp-content\/uploads\/PE1X9943_1200.jpg?fit=1200%2C450&ssl=1&resize=525%2C300 1.5x, https:\/\/i0.wp.com\/deltaimage.de\/wp\/wp-content\/uploads\/PE1X9943_1200.jpg?fit=1200%2C450&ssl=1&resize=700%2C400 2x, https:\/\/i0.wp.com\/deltaimage.de\/wp\/wp-content\/uploads\/PE1X9943_1200.jpg?fit=1200%2C450&ssl=1&resize=1050%2C600 3x"},"classes":[]},{"id":48725,"url":"https:\/\/deltaimage.de\/wp\/?p=48725","url_meta":{"origin":48631,"position":4},"title":"Die naturvertr\u00e4gliche Form der Landschaftspflege im BUND Naturschutz: Heinz Gibowsky Kreisgruppe Dachau","author":"EschbacP","date":"29. M\u00e4rz 2025","format":false,"excerpt":"Die Kreisgruppe Dachau im BUND Naturschutz in Bayern e. V. hat 100 Hektar Naturfl\u00e4che in der Landschaftspflege im Landkreis Dachau (und im Fu\u00dfbergmoos). Wie die Kreisgruppe mit ehrenamtlichen LandschaftspflegerInnen in der Kreisgruppe und den 12 Ortsgruppen\u00a0dies technisch und logistisch machen erz\u00e4hlte Heinz Gibowsky von der Kreisgruppe Dachau in seinem Vortrag.\u2026","rel":"","context":"In &quot;Dachauer Land&quot;","block_context":{"text":"Dachauer Land","link":"https:\/\/deltaimage.de\/wp\/?cat=3010"},"img":{"alt_text":"","src":"https:\/\/i0.wp.com\/deltaimage.de\/wp\/wp-content\/uploads\/PE1S0019_1200-2.jpg?fit=1200%2C450&ssl=1&resize=350%2C200","width":350,"height":200,"srcset":"https:\/\/i0.wp.com\/deltaimage.de\/wp\/wp-content\/uploads\/PE1S0019_1200-2.jpg?fit=1200%2C450&ssl=1&resize=350%2C200 1x, https:\/\/i0.wp.com\/deltaimage.de\/wp\/wp-content\/uploads\/PE1S0019_1200-2.jpg?fit=1200%2C450&ssl=1&resize=525%2C300 1.5x, https:\/\/i0.wp.com\/deltaimage.de\/wp\/wp-content\/uploads\/PE1S0019_1200-2.jpg?fit=1200%2C450&ssl=1&resize=700%2C400 2x, https:\/\/i0.wp.com\/deltaimage.de\/wp\/wp-content\/uploads\/PE1S0019_1200-2.jpg?fit=1200%2C450&ssl=1&resize=1050%2C600 3x"},"classes":[]},{"id":48461,"url":"https:\/\/deltaimage.de\/wp\/?p=48461","url_meta":{"origin":48631,"position":5},"title":"Die Sch\u00f6nheit und der Schutz des Dachauer Mooses: Vernissage im Dachauer Wasserturm","author":"EschbacP","date":"26. M\u00e4rz 2025","format":false,"excerpt":"Der BUND Naturschutz in Bayern \u2013 Kreisgruppe Dachau und der Dachauer Fotograf Paul Eschbach er\u00f6ffnen die neue Fest- und Foto-Ausstellung \u201eNatur- und Moosschutz im Dachauer Moos\u201c im Beisein von weit \u00fcber f\u00fcnfzig BesucherInnen im Dachauer Wasserturm, anl\u00e4sslich des 50-j\u00e4hrigen Bestehens der Kreisgruppe im Landkreis Dachau. \u00a0 Begr\u00fc\u00dfung und Er\u00f6ffnung der\u2026","rel":"","context":"In &quot;Buch&quot;","block_context":{"text":"Buch","link":"https:\/\/deltaimage.de\/wp\/?cat=1189"},"img":{"alt_text":"","src":"https:\/\/i0.wp.com\/deltaimage.de\/wp\/wp-content\/uploads\/Falkenberg_Paul_Vernissage-3_1200.jpg?fit=1200%2C450&ssl=1&resize=350%2C200","width":350,"height":200,"srcset":"https:\/\/i0.wp.com\/deltaimage.de\/wp\/wp-content\/uploads\/Falkenberg_Paul_Vernissage-3_1200.jpg?fit=1200%2C450&ssl=1&resize=350%2C200 1x, https:\/\/i0.wp.com\/deltaimage.de\/wp\/wp-content\/uploads\/Falkenberg_Paul_Vernissage-3_1200.jpg?fit=1200%2C450&ssl=1&resize=525%2C300 1.5x, https:\/\/i0.wp.com\/deltaimage.de\/wp\/wp-content\/uploads\/Falkenberg_Paul_Vernissage-3_1200.jpg?fit=1200%2C450&ssl=1&resize=700%2C400 2x, https:\/\/i0.wp.com\/deltaimage.de\/wp\/wp-content\/uploads\/Falkenberg_Paul_Vernissage-3_1200.jpg?fit=1200%2C450&ssl=1&resize=1050%2C600 3x"},"classes":[]}],"jetpack_sharing_enabled":true,"_links":{"self":[{"href":"https:\/\/deltaimage.de\/wp\/index.php?rest_route=\/wp\/v2\/posts\/48631","targetHints":{"allow":["GET"]}}],"collection":[{"href":"https:\/\/deltaimage.de\/wp\/index.php?rest_route=\/wp\/v2\/posts"}],"about":[{"href":"https:\/\/deltaimage.de\/wp\/index.php?rest_route=\/wp\/v2\/types\/post"}],"author":[{"embeddable":true,"href":"https:\/\/deltaimage.de\/wp\/index.php?rest_route=\/wp\/v2\/users\/1"}],"replies":[{"embeddable":true,"href":"https:\/\/deltaimage.de\/wp\/index.php?rest_route=%2Fwp%2Fv2%2Fcomments&post=48631"}],"version-history":[{"count":8,"href":"https:\/\/deltaimage.de\/wp\/index.php?rest_route=\/wp\/v2\/posts\/48631\/revisions"}],"predecessor-version":[{"id":51842,"href":"https:\/\/deltaimage.de\/wp\/index.php?rest_route=\/wp\/v2\/posts\/48631\/revisions\/51842"}],"wp:featuredmedia":[{"embeddable":true,"href":"https:\/\/deltaimage.de\/wp\/index.php?rest_route=\/wp\/v2\/media\/48623"}],"wp:attachment":[{"href":"https:\/\/deltaimage.de\/wp\/index.php?rest_route=%2Fwp%2Fv2%2Fmedia&parent=48631"}],"wp:term":[{"taxonomy":"category","embeddable":true,"href":"https:\/\/deltaimage.de\/wp\/index.php?rest_route=%2Fwp%2Fv2%2Fcategories&post=48631"},{"taxonomy":"post_tag","embeddable":true,"href":"https:\/\/deltaimage.de\/wp\/index.php?rest_route=%2Fwp%2Fv2%2Ftags&post=48631"}],"curies":[{"name":"wp","href":"https:\/\/api.w.org\/{rel}","templated":true}]}}