{"id":48703,"date":"2025-03-28T12:45:23","date_gmt":"2025-03-28T11:45:23","guid":{"rendered":"https:\/\/deltaimage.de\/wp\/?p=48703"},"modified":"2025-03-29T11:33:36","modified_gmt":"2025-03-29T10:33:36","slug":"morgen-im-dachauer-wasserturm-veranstaltungsbuehne-mit-walter-drechsler-eisvogel-fotografie-an-der-amper-bei-haimhausen","status":"publish","type":"post","link":"https:\/\/deltaimage.de\/wp\/?p=48703","title":{"rendered":"Heute im Dachauer Wasserturm: Veranstaltungsb\u00fchne mit Walter Drechsler &#8211; Eisvogel-Fotografie an der Amper bei Haimhausen"},"content":{"rendered":"<h1 style=\"text-align: center;\">Heute: Samstag 29.3.2025;\u00a0 15:00 bis 16:30 Uhr<img data-recalc-dims=\"1\" loading=\"lazy\" decoding=\"async\" data-attachment-id=\"47654\" data-permalink=\"https:\/\/deltaimage.de\/wp\/?attachment_id=47654\" data-orig-file=\"https:\/\/i0.wp.com\/deltaimage.de\/wp\/wp-content\/uploads\/50JahreDachau-BN.jpg?fit=500%2C600&amp;ssl=1\" data-orig-size=\"500,600\" data-comments-opened=\"1\" data-image-meta=\"{&quot;aperture&quot;:&quot;0&quot;,&quot;credit&quot;:&quot;&quot;,&quot;camera&quot;:&quot;&quot;,&quot;caption&quot;:&quot;&quot;,&quot;created_timestamp&quot;:&quot;0&quot;,&quot;copyright&quot;:&quot;&quot;,&quot;focal_length&quot;:&quot;0&quot;,&quot;iso&quot;:&quot;0&quot;,&quot;shutter_speed&quot;:&quot;0&quot;,&quot;title&quot;:&quot;&quot;,&quot;orientation&quot;:&quot;0&quot;}\" data-image-title=\"50JahreDachau-BN\" data-image-description=\"\" data-image-caption=\"\" data-large-file=\"https:\/\/i0.wp.com\/deltaimage.de\/wp\/wp-content\/uploads\/50JahreDachau-BN.jpg?fit=500%2C600&amp;ssl=1\" class=\"alignright wp-image-47654 size-thumbnail\" src=\"https:\/\/i0.wp.com\/deltaimage.de\/wp\/wp-content\/uploads\/50JahreDachau-BN.jpg?resize=167%2C200&#038;ssl=1\" alt=\"\" width=\"167\" height=\"200\" srcset=\"https:\/\/i0.wp.com\/deltaimage.de\/wp\/wp-content\/uploads\/50JahreDachau-BN.jpg?resize=167%2C200&amp;ssl=1 167w, https:\/\/i0.wp.com\/deltaimage.de\/wp\/wp-content\/uploads\/50JahreDachau-BN.jpg?resize=333%2C400&amp;ssl=1 333w, https:\/\/i0.wp.com\/deltaimage.de\/wp\/wp-content\/uploads\/50JahreDachau-BN.jpg?w=500&amp;ssl=1 500w\" sizes=\"auto, (max-width: 167px) 100vw, 167px\" \/><\/h1>\n<p>im Rahmen der <a href=\"https:\/\/deltaimage.de\/wp\/?portfolio=foto-ausstellung-im-wasserturm-natur-und-moorschutz-im-dachauer-moos-paul-eschbach\"><strong>Fest- und Foto-Ausstellung<\/strong><\/a>: &#8222;50 Jahre Natur- und Moosschutz im Dachauer Moos&#8220;\u00a0im <a href=\"https:\/\/dachauerwasserturm.de\"><strong>Dachauer Wasserturm<\/strong><\/a> im 4. Stock (Veranstaltungsb\u00fchne) ein <strong>Multivisionsvortrag<\/strong> statt.<\/p>\n<p>&nbsp;<\/p>\n<h2 style=\"text-align: center;\">Walter Drechsler, Natur- und Unterwasser-Fotograf<\/h2>\n<h2 style=\"text-align: center;\">Referent Naturfototage F\u00fcrstenfeld,<\/h2>\n<h2 style=\"text-align: center;\">Preistr\u00e4ger Glanzlichter der Naturfotografie (GdN)<\/h2>\n<h2 style=\"text-align: center;\"><\/h2>\n<p style=\"text-align: left;\">zum Thema<\/p>\n<h1 style=\"text-align: center;\">Eisvogel &#8211; die fliegenden Edelsteine an der Amper<\/h1>\n<p>statt.<\/p>\n<p><img data-recalc-dims=\"1\" loading=\"lazy\" decoding=\"async\" data-attachment-id=\"47901\" data-permalink=\"https:\/\/deltaimage.de\/wp\/?attachment_id=47901#main\" data-orig-file=\"https:\/\/i0.wp.com\/deltaimage.de\/wp\/wp-content\/uploads\/Plakat_Wasserturm_Eisvogel.jpg?fit=1200%2C450&amp;ssl=1\" data-orig-size=\"1200,450\" data-comments-opened=\"1\" data-image-meta=\"{&quot;aperture&quot;:&quot;0&quot;,&quot;credit&quot;:&quot;&quot;,&quot;camera&quot;:&quot;&quot;,&quot;caption&quot;:&quot;&quot;,&quot;created_timestamp&quot;:&quot;0&quot;,&quot;copyright&quot;:&quot;&quot;,&quot;focal_length&quot;:&quot;0&quot;,&quot;iso&quot;:&quot;0&quot;,&quot;shutter_speed&quot;:&quot;0&quot;,&quot;title&quot;:&quot;&quot;,&quot;orientation&quot;:&quot;1&quot;}\" data-image-title=\"Plakat_Wasserturm_Eisvogel\" data-image-description=\"\" data-image-caption=\"\" data-large-file=\"https:\/\/i0.wp.com\/deltaimage.de\/wp\/wp-content\/uploads\/Plakat_Wasserturm_Eisvogel.jpg?fit=890%2C334&amp;ssl=1\" class=\"aligncenter size-full wp-image-47901\" src=\"https:\/\/i0.wp.com\/deltaimage.de\/wp\/wp-content\/uploads\/Plakat_Wasserturm_Eisvogel.jpg?resize=890%2C334&#038;ssl=1\" alt=\"\" width=\"890\" height=\"334\" srcset=\"https:\/\/i0.wp.com\/deltaimage.de\/wp\/wp-content\/uploads\/Plakat_Wasserturm_Eisvogel.jpg?w=1200&amp;ssl=1 1200w, https:\/\/i0.wp.com\/deltaimage.de\/wp\/wp-content\/uploads\/Plakat_Wasserturm_Eisvogel.jpg?resize=900%2C338&amp;ssl=1 900w, https:\/\/i0.wp.com\/deltaimage.de\/wp\/wp-content\/uploads\/Plakat_Wasserturm_Eisvogel.jpg?resize=300%2C113&amp;ssl=1 300w, https:\/\/i0.wp.com\/deltaimage.de\/wp\/wp-content\/uploads\/Plakat_Wasserturm_Eisvogel.jpg?resize=1067%2C400&amp;ssl=1 1067w\" sizes=\"auto, (max-width: 890px) 100vw, 890px\" \/><\/p>\n<p>&nbsp;<\/p>\n<p>Mehr zum <strong>Multi-Visions- und<\/strong> <a href=\"https:\/\/deltaimage.de\/wp\/?tribe_events=themenvortrag-walter-drechsler-eisvogel-die-fliegenden-edelsteine-an-der-amper-29-3-2025\"><strong>Fachvortrag und die Veranstaltung gibt es hier<\/strong><\/a>.<\/p>\n<p>&nbsp;<\/p>\n<p><img data-recalc-dims=\"1\" loading=\"lazy\" decoding=\"async\" data-attachment-id=\"48540\" data-permalink=\"https:\/\/deltaimage.de\/wp\/?attachment_id=48540#main\" data-orig-file=\"https:\/\/i0.wp.com\/deltaimage.de\/wp\/wp-content\/uploads\/PE1X9954_1200.jpg?fit=1200%2C450&amp;ssl=1\" data-orig-size=\"1200,450\" data-comments-opened=\"1\" data-image-meta=\"{&quot;aperture&quot;:&quot;3.2&quot;,&quot;credit&quot;:&quot;Paul Eschbach&quot;,&quot;camera&quot;:&quot;Canon EOS-1D X Mark II&quot;,&quot;caption&quot;:&quot;&quot;,&quot;created_timestamp&quot;:&quot;1742734349&quot;,&quot;copyright&quot;:&quot;DELTA IMAGE www.deltaimage.de&quot;,&quot;focal_length&quot;:&quot;24&quot;,&quot;iso&quot;:&quot;800&quot;,&quot;shutter_speed&quot;:&quot;0.00125&quot;,&quot;title&quot;:&quot;&quot;,&quot;orientation&quot;:&quot;0&quot;}\" data-image-title=\"PE1X9954_1200\" data-image-description=\"\" data-image-caption=\"\" data-large-file=\"https:\/\/i0.wp.com\/deltaimage.de\/wp\/wp-content\/uploads\/PE1X9954_1200.jpg?fit=890%2C334&amp;ssl=1\" class=\"aligncenter size-full wp-image-48540\" src=\"https:\/\/i0.wp.com\/deltaimage.de\/wp\/wp-content\/uploads\/PE1X9954_1200.jpg?resize=890%2C334&#038;ssl=1\" alt=\"\" width=\"890\" height=\"334\" srcset=\"https:\/\/i0.wp.com\/deltaimage.de\/wp\/wp-content\/uploads\/PE1X9954_1200.jpg?w=1200&amp;ssl=1 1200w, https:\/\/i0.wp.com\/deltaimage.de\/wp\/wp-content\/uploads\/PE1X9954_1200.jpg?resize=900%2C338&amp;ssl=1 900w, https:\/\/i0.wp.com\/deltaimage.de\/wp\/wp-content\/uploads\/PE1X9954_1200.jpg?resize=300%2C113&amp;ssl=1 300w, https:\/\/i0.wp.com\/deltaimage.de\/wp\/wp-content\/uploads\/PE1X9954_1200.jpg?resize=1067%2C400&amp;ssl=1 1067w\" sizes=\"auto, (max-width: 890px) 100vw, 890px\" \/><\/p>\n","protected":false},"excerpt":{"rendered":"<p>Heute: Samstag 29.3.2025;\u00a0 15:00 bis 16:30 Uhr im Rahmen der Fest- und Foto-Ausstellung: &#8222;50 Jahre Natur- und Moosschutz im Dachauer Moos&#8220;\u00a0im Dachauer Wasserturm im 4. Stock (Veranstaltungsb\u00fchne) ein Multivisionsvortrag statt. [&hellip;]<\/p>\n","protected":false},"author":1,"featured_media":47901,"comment_status":"open","ping_status":"closed","sticky":false,"template":"","format":"standard","meta":{"wpupg_custom_link":[],"wpupg_custom_link_behaviour":["default"],"wpupg_custom_link_nofollow":["default"],"wpupg_custom_image":[],"wpupg_custom_image_id":[],"jetpack_post_was_ever_published":false,"footnotes":""},"categories":[3010,2523,3217,8,3800],"tags":[4162,775,3989,2904,4168,4167,4166,4107],"class_list":["post-48703","post","type-post","status-publish","format-standard","has-post-thumbnail","hentry","category-dachauer-land","category-dachauer-moos","category-naturfotografie","category-news","category-projekt-dachauer-moos","tag-50-jahre-natur-und-moosschutz-im-dachauer-moos","tag-dachauer-moos","tag-dachauer-wasserturm","tag-eisvogel","tag-naturfotograf","tag-unterwasserfotograf","tag-vortragsbuehne","tag-walter-drechsler"],"jetpack_featured_media_url":"https:\/\/i0.wp.com\/deltaimage.de\/wp\/wp-content\/uploads\/Plakat_Wasserturm_Eisvogel.jpg?fit=1200%2C450&ssl=1","jetpack-related-posts":[{"id":48731,"url":"https:\/\/deltaimage.de\/wp\/?p=48731","url_meta":{"origin":48703,"position":0},"title":"Eisvogel &#8211; Fotografie an der Amper: Werner Drechsler im Dachauer Wasserturm","author":"EschbacP","date":"29. M\u00e4rz 2025","format":false,"excerpt":"Die Naturfotografie im Landkreis Dachau ist eine spannende Besch\u00e4ftigung mit der Natur in der Umgebung von Dachau und dem Landkreis Dachau. Die fliegenden Edelsteine sind ein Highlight f\u00fcr alle NaturbeobachterInnen und NaturfotografInnen. Wir konnten den Fotografen Walter Drechsler aus Haimhausen gewinnen, uns mitzunehmen an die Amper und seiner fotografischen Erkundung\u2026","rel":"","context":"In &quot;Dachauer Land&quot;","block_context":{"text":"Dachauer Land","link":"https:\/\/deltaimage.de\/wp\/?cat=3010"},"img":{"alt_text":"","src":"https:\/\/i0.wp.com\/deltaimage.de\/wp\/wp-content\/uploads\/PE1S0038_1200.jpg?fit=1200%2C450&ssl=1&resize=350%2C200","width":350,"height":200,"srcset":"https:\/\/i0.wp.com\/deltaimage.de\/wp\/wp-content\/uploads\/PE1S0038_1200.jpg?fit=1200%2C450&ssl=1&resize=350%2C200 1x, https:\/\/i0.wp.com\/deltaimage.de\/wp\/wp-content\/uploads\/PE1S0038_1200.jpg?fit=1200%2C450&ssl=1&resize=525%2C300 1.5x, https:\/\/i0.wp.com\/deltaimage.de\/wp\/wp-content\/uploads\/PE1S0038_1200.jpg?fit=1200%2C450&ssl=1&resize=700%2C400 2x, https:\/\/i0.wp.com\/deltaimage.de\/wp\/wp-content\/uploads\/PE1S0038_1200.jpg?fit=1200%2C450&ssl=1&resize=1050%2C600 3x"},"classes":[]},{"id":49195,"url":"https:\/\/deltaimage.de\/wp\/?p=49195","url_meta":{"origin":48703,"position":1},"title":"Freude an der Fotografie: Paul Eschbach vier Wochen im Dachauer Wasserturm","author":"EschbacP","date":"1. Mai 2025","format":false,"excerpt":"Vier Wochen Foto-Ausstellung im Dachauer Wasserturm sind nun vor\u00fcber - fast wie im Flug. Sechzehn Tage Foto-Ausstellung mit vierzig gro\u00dfformatigen Natur- und Landschaftsfotos zum Dachauer Moos. \"Wo ist das Dachauer Moos heute noch zu finden?\" \u00a0 im Rahmen der Fest- und Foto-Ausstellung \"50 Jahre Natur- und Moosschutz im Dachauer Moos\",\u2026","rel":"","context":"In &quot;Buch&quot;","block_context":{"text":"Buch","link":"https:\/\/deltaimage.de\/wp\/?cat=1189"},"img":{"alt_text":"","src":"https:\/\/i0.wp.com\/deltaimage.de\/wp\/wp-content\/uploads\/ANDI0017_1200.jpg?fit=1200%2C450&ssl=1&resize=350%2C200","width":350,"height":200,"srcset":"https:\/\/i0.wp.com\/deltaimage.de\/wp\/wp-content\/uploads\/ANDI0017_1200.jpg?fit=1200%2C450&ssl=1&resize=350%2C200 1x, https:\/\/i0.wp.com\/deltaimage.de\/wp\/wp-content\/uploads\/ANDI0017_1200.jpg?fit=1200%2C450&ssl=1&resize=525%2C300 1.5x, https:\/\/i0.wp.com\/deltaimage.de\/wp\/wp-content\/uploads\/ANDI0017_1200.jpg?fit=1200%2C450&ssl=1&resize=700%2C400 2x, https:\/\/i0.wp.com\/deltaimage.de\/wp\/wp-content\/uploads\/ANDI0017_1200.jpg?fit=1200%2C450&ssl=1&resize=1050%2C600 3x"},"classes":[]},{"id":48630,"url":"https:\/\/deltaimage.de\/wp\/?p=48630","url_meta":{"origin":48703,"position":2},"title":"Ein Blick in den ersten Stock Ausstellung im Dachauer Wasserturm &#8211; &#8222;50 Jahre Natur- und Moosschutz im Dachauer Moos&#8220;","author":"EschbacP","date":"27. M\u00e4rz 2025","format":false,"excerpt":"\"50 Jahre Natur- und Moosschutz im Dachauer Moos\" \u00a0 Fest- und Foto-Ausstellung der Kreisgruppe Dachau im BUND Naturschutz in Bayern e. V. anl\u00e4sslich des 50-j\u00e4hrigen Bestehens der Kreisgruppe 1975 - 2025 im Dachauer Wasserturm. Die Ausstellung erstreckt sich \u00fcber vier Stockwerke im Dachauer Wasserturm, mit den folgenden Ausstellungsinhalten: \u00a0 Foto-Ausstellung\u2026","rel":"","context":"In &quot;Buch&quot;","block_context":{"text":"Buch","link":"https:\/\/deltaimage.de\/wp\/?cat=1189"},"img":{"alt_text":"","src":"https:\/\/i0.wp.com\/deltaimage.de\/wp\/wp-content\/uploads\/IMG_7901_1200.jpg?fit=1200%2C609&ssl=1&resize=350%2C200","width":350,"height":200,"srcset":"https:\/\/i0.wp.com\/deltaimage.de\/wp\/wp-content\/uploads\/IMG_7901_1200.jpg?fit=1200%2C609&ssl=1&resize=350%2C200 1x, https:\/\/i0.wp.com\/deltaimage.de\/wp\/wp-content\/uploads\/IMG_7901_1200.jpg?fit=1200%2C609&ssl=1&resize=525%2C300 1.5x, https:\/\/i0.wp.com\/deltaimage.de\/wp\/wp-content\/uploads\/IMG_7901_1200.jpg?fit=1200%2C609&ssl=1&resize=700%2C400 2x, https:\/\/i0.wp.com\/deltaimage.de\/wp\/wp-content\/uploads\/IMG_7901_1200.jpg?fit=1200%2C609&ssl=1&resize=1050%2C600 3x"},"classes":[]},{"id":48809,"url":"https:\/\/deltaimage.de\/wp\/?p=48809","url_meta":{"origin":48703,"position":3},"title":"Die Niedermoor-Landschaft im Dachauer Moos verstehen: Projektleiterin im BN Elisabeth G\u00f6pfert im Wasserturm","author":"EschbacP","date":"5. April 2025","format":false,"excerpt":"Das Dachauer Moos steht im Moosverbund mit dem Freisinger Moos und dem Erdinger Moos - eine fr\u00fcher zusammenh\u00e4ngende Moosachse im Norden von M\u00fcnchen. Die Naturschutzarbeit wird \u00fcber die Landrats\u00e4mter in Dachau, Freising, Erding und F\u00fcrstenfeldbruck koordiniert. Die Projektkoordinatorin f\u00fcr das Dachauer Moos und das Maisacher Moos ist heute Abend die\u2026","rel":"","context":"In &quot;Dachauer Land&quot;","block_context":{"text":"Dachauer Land","link":"https:\/\/deltaimage.de\/wp\/?cat=3010"},"img":{"alt_text":"","src":"https:\/\/i0.wp.com\/deltaimage.de\/wp\/wp-content\/uploads\/PE1S0008_1200-1.jpg?fit=1200%2C450&ssl=1&resize=350%2C200","width":350,"height":200,"srcset":"https:\/\/i0.wp.com\/deltaimage.de\/wp\/wp-content\/uploads\/PE1S0008_1200-1.jpg?fit=1200%2C450&ssl=1&resize=350%2C200 1x, https:\/\/i0.wp.com\/deltaimage.de\/wp\/wp-content\/uploads\/PE1S0008_1200-1.jpg?fit=1200%2C450&ssl=1&resize=525%2C300 1.5x, https:\/\/i0.wp.com\/deltaimage.de\/wp\/wp-content\/uploads\/PE1S0008_1200-1.jpg?fit=1200%2C450&ssl=1&resize=700%2C400 2x, https:\/\/i0.wp.com\/deltaimage.de\/wp\/wp-content\/uploads\/PE1S0008_1200-1.jpg?fit=1200%2C450&ssl=1&resize=1050%2C600 3x"},"classes":[]},{"id":48251,"url":"https:\/\/deltaimage.de\/wp\/?p=48251","url_meta":{"origin":48703,"position":4},"title":"Veranstaltungsb\u00fchne im Wasserturm pr\u00e4sentiert Werke von ausgezeichneten Naturfotografen im M\u00e4rz und April 2025","author":"EschbacP","date":"12. M\u00e4rz 2025","format":false,"excerpt":"Im Rahmen der Fest- und Foto-Ausstellung hat der ausstellende Fotograf aus Dachau: Paul Eschbach als Projektleiter der Gesamtausstellung im 4. Stockwerk des Dachauer Wasserturms eine Veranstaltungsb\u00fchne konzipiert. Dabei sind alle Veranstaltungen im Eintritt frei. Veranstaltungsb\u00fchne ist ein dynamisches Ausstellungskonzept Der vierte Stock im Wasserturm ist 124 Stufen \u00fcber dem Eingang.\u2026","rel":"","context":"In &quot;News Blog&quot;","block_context":{"text":"News Blog","link":"https:\/\/deltaimage.de\/wp\/?cat=8"},"img":{"alt_text":"","src":"https:\/\/i0.wp.com\/deltaimage.de\/wp\/wp-content\/uploads\/PE1S0045_900.jpg?fit=890%2C593&ssl=1&resize=350%2C200","width":350,"height":200,"srcset":"https:\/\/i0.wp.com\/deltaimage.de\/wp\/wp-content\/uploads\/PE1S0045_900.jpg?fit=890%2C593&ssl=1&resize=350%2C200 1x, https:\/\/i0.wp.com\/deltaimage.de\/wp\/wp-content\/uploads\/PE1S0045_900.jpg?fit=890%2C593&ssl=1&resize=525%2C300 1.5x, https:\/\/i0.wp.com\/deltaimage.de\/wp\/wp-content\/uploads\/PE1S0045_900.jpg?fit=890%2C593&ssl=1&resize=700%2C400 2x"},"classes":[]},{"id":48815,"url":"https:\/\/deltaimage.de\/wp\/?p=48815","url_meta":{"origin":48703,"position":5},"title":"Abenteuer Wildes Europa: Naturfotograf Erich Kuchling im Wasserturm mit seiner Multivisions-Show","author":"EschbacP","date":"5. April 2025","format":false,"excerpt":"Auf der Veranstaltungsb\u00fchne im Dachauer Wasserturm w\u00fcnschte ich mir lebendige Vortr\u00e4ge \u00fcber Themen der Natur, die eine Beziehung zum Dachauer Moos haben. Nicht nur statische Bilder, Infotafeln und Roll-Ups sollen die Fest- und Foto-Ausstellung ausmachen, sondern im besonderen lebendige Bilder und die Diskussionen zwischen den BesucherInnen \u00fcber Natur-relevante Themen. Dazu\u2026","rel":"","context":"In &quot;Dachauer Land&quot;","block_context":{"text":"Dachauer Land","link":"https:\/\/deltaimage.de\/wp\/?cat=3010"},"img":{"alt_text":"","src":"https:\/\/i0.wp.com\/deltaimage.de\/wp\/wp-content\/uploads\/PE1S0022_1200-1.jpg?fit=1200%2C450&ssl=1&resize=350%2C200","width":350,"height":200,"srcset":"https:\/\/i0.wp.com\/deltaimage.de\/wp\/wp-content\/uploads\/PE1S0022_1200-1.jpg?fit=1200%2C450&ssl=1&resize=350%2C200 1x, https:\/\/i0.wp.com\/deltaimage.de\/wp\/wp-content\/uploads\/PE1S0022_1200-1.jpg?fit=1200%2C450&ssl=1&resize=525%2C300 1.5x, https:\/\/i0.wp.com\/deltaimage.de\/wp\/wp-content\/uploads\/PE1S0022_1200-1.jpg?fit=1200%2C450&ssl=1&resize=700%2C400 2x, https:\/\/i0.wp.com\/deltaimage.de\/wp\/wp-content\/uploads\/PE1S0022_1200-1.jpg?fit=1200%2C450&ssl=1&resize=1050%2C600 3x"},"classes":[]}],"jetpack_sharing_enabled":true,"_links":{"self":[{"href":"https:\/\/deltaimage.de\/wp\/index.php?rest_route=\/wp\/v2\/posts\/48703","targetHints":{"allow":["GET"]}}],"collection":[{"href":"https:\/\/deltaimage.de\/wp\/index.php?rest_route=\/wp\/v2\/posts"}],"about":[{"href":"https:\/\/deltaimage.de\/wp\/index.php?rest_route=\/wp\/v2\/types\/post"}],"author":[{"embeddable":true,"href":"https:\/\/deltaimage.de\/wp\/index.php?rest_route=\/wp\/v2\/users\/1"}],"replies":[{"embeddable":true,"href":"https:\/\/deltaimage.de\/wp\/index.php?rest_route=%2Fwp%2Fv2%2Fcomments&post=48703"}],"version-history":[{"count":7,"href":"https:\/\/deltaimage.de\/wp\/index.php?rest_route=\/wp\/v2\/posts\/48703\/revisions"}],"predecessor-version":[{"id":48724,"href":"https:\/\/deltaimage.de\/wp\/index.php?rest_route=\/wp\/v2\/posts\/48703\/revisions\/48724"}],"wp:featuredmedia":[{"embeddable":true,"href":"https:\/\/deltaimage.de\/wp\/index.php?rest_route=\/wp\/v2\/media\/47901"}],"wp:attachment":[{"href":"https:\/\/deltaimage.de\/wp\/index.php?rest_route=%2Fwp%2Fv2%2Fmedia&parent=48703"}],"wp:term":[{"taxonomy":"category","embeddable":true,"href":"https:\/\/deltaimage.de\/wp\/index.php?rest_route=%2Fwp%2Fv2%2Fcategories&post=48703"},{"taxonomy":"post_tag","embeddable":true,"href":"https:\/\/deltaimage.de\/wp\/index.php?rest_route=%2Fwp%2Fv2%2Ftags&post=48703"}],"curies":[{"name":"wp","href":"https:\/\/api.w.org\/{rel}","templated":true}]}}