{"id":48790,"date":"2025-04-02T13:15:08","date_gmt":"2025-04-02T11:15:08","guid":{"rendered":"https:\/\/deltaimage.de\/wp\/?p=48790"},"modified":"2025-08-28T19:49:24","modified_gmt":"2025-08-28T17:49:24","slug":"es-ist-nacht-im-dachauer-wasserturm-fotoausstellung-im-uv-licht-betrachten","status":"publish","type":"post","link":"https:\/\/deltaimage.de\/wp\/?p=48790","title":{"rendered":"Es ist Nacht im Dachauer Wasserturm &#8211; Fotoausstellung im UV-Licht betrachten"},"content":{"rendered":"<p><a href=\"https:\/\/deltaimage.de\/wp\/?page_id=40118\"><img data-recalc-dims=\"1\" loading=\"lazy\" decoding=\"async\" data-attachment-id=\"40115\" data-permalink=\"https:\/\/deltaimage.de\/wp\/?attachment_id=40115#main\" data-orig-file=\"https:\/\/i0.wp.com\/deltaimage.de\/wp\/wp-content\/uploads\/Stempel_DELTA-IMAGE_Quality.png?fit=961%2C960&amp;ssl=1\" data-orig-size=\"961,960\" data-comments-opened=\"1\" data-image-meta=\"{&quot;aperture&quot;:&quot;0&quot;,&quot;credit&quot;:&quot;&quot;,&quot;camera&quot;:&quot;&quot;,&quot;caption&quot;:&quot;&quot;,&quot;created_timestamp&quot;:&quot;0&quot;,&quot;copyright&quot;:&quot;&quot;,&quot;focal_length&quot;:&quot;0&quot;,&quot;iso&quot;:&quot;0&quot;,&quot;shutter_speed&quot;:&quot;0&quot;,&quot;title&quot;:&quot;&quot;,&quot;orientation&quot;:&quot;0&quot;}\" data-image-title=\"Stempel_DELTA IMAGE_Quality\" data-image-description=\"\" data-image-caption=\"\" data-large-file=\"https:\/\/i0.wp.com\/deltaimage.de\/wp\/wp-content\/uploads\/Stempel_DELTA-IMAGE_Quality.png?fit=890%2C889&amp;ssl=1\" class=\"alignright wp-image-40115 size-thumbnail\" src=\"https:\/\/i0.wp.com\/deltaimage.de\/wp\/wp-content\/uploads\/Stempel_DELTA-IMAGE_Quality.png?resize=200%2C200&#038;ssl=1\" alt=\"\" width=\"200\" height=\"200\" srcset=\"https:\/\/i0.wp.com\/deltaimage.de\/wp\/wp-content\/uploads\/Stempel_DELTA-IMAGE_Quality.png?resize=200%2C200&amp;ssl=1 200w, https:\/\/i0.wp.com\/deltaimage.de\/wp\/wp-content\/uploads\/Stempel_DELTA-IMAGE_Quality.png?resize=601%2C600&amp;ssl=1 601w, https:\/\/i0.wp.com\/deltaimage.de\/wp\/wp-content\/uploads\/Stempel_DELTA-IMAGE_Quality.png?resize=594%2C593&amp;ssl=1 594w, https:\/\/i0.wp.com\/deltaimage.de\/wp\/wp-content\/uploads\/Stempel_DELTA-IMAGE_Quality.png?resize=450%2C450&amp;ssl=1 450w, https:\/\/i0.wp.com\/deltaimage.de\/wp\/wp-content\/uploads\/Stempel_DELTA-IMAGE_Quality.png?resize=75%2C75&amp;ssl=1 75w, https:\/\/i0.wp.com\/deltaimage.de\/wp\/wp-content\/uploads\/Stempel_DELTA-IMAGE_Quality.png?resize=400%2C400&amp;ssl=1 400w, https:\/\/i0.wp.com\/deltaimage.de\/wp\/wp-content\/uploads\/Stempel_DELTA-IMAGE_Quality.png?resize=50%2C50&amp;ssl=1 50w, https:\/\/i0.wp.com\/deltaimage.de\/wp\/wp-content\/uploads\/Stempel_DELTA-IMAGE_Quality.png?w=961&amp;ssl=1 961w\" sizes=\"auto, (max-width: 200px) 100vw, 200px\" \/><\/a><\/p>\n<h2>Wie sieht das dunkle Dachauer Moos bei Nacht aus, wenn die Nebel \u00fcber die Niedermoor-Landschaft ziehen?<\/h2>\n<p>Als Fotograf habe ich eine Vorstellung davon, aber genau wei\u00df ich es auch nicht. Die Nacht hat auf jeden Fall einen ganz besonderen Reiz auf uns Menschen &#8211; etwas Unheimliches und vor allem etwas Unbekanntes.\u00a0 In der Foto-Ausstellung im Dachauer Wasserturm h\u00e4ngen etwa 40 gro\u00dfformatige Fotografien aus dem <strong>Dachauer Moos<\/strong> an den W\u00e4nden.<\/p>\n<blockquote>\n<pre>W\u00e4re es m\u00f6glich, den Tag zur Nacht zu machen?<\/pre>\n<\/blockquote>\n<p>Nicht ganz, aber in der Wahrnehmung k\u00f6nnen wir da schon recht nahe hinkommen.<\/p>\n<p><img data-recalc-dims=\"1\" loading=\"lazy\" decoding=\"async\" data-attachment-id=\"48797\" data-permalink=\"https:\/\/deltaimage.de\/wp\/?attachment_id=48797#main\" data-orig-file=\"https:\/\/i0.wp.com\/deltaimage.de\/wp\/wp-content\/uploads\/IMG_20250328_192826_1200.jpg?fit=1200%2C450&amp;ssl=1\" data-orig-size=\"1200,450\" data-comments-opened=\"1\" data-image-meta=\"{&quot;aperture&quot;:&quot;1.9&quot;,&quot;credit&quot;:&quot;&quot;,&quot;camera&quot;:&quot;2201116SG&quot;,&quot;caption&quot;:&quot;&quot;,&quot;created_timestamp&quot;:&quot;1743190107&quot;,&quot;copyright&quot;:&quot;&quot;,&quot;focal_length&quot;:&quot;5.89&quot;,&quot;iso&quot;:&quot;4600&quot;,&quot;shutter_speed&quot;:&quot;0.071428571428571&quot;,&quot;title&quot;:&quot;&quot;,&quot;orientation&quot;:&quot;0&quot;}\" data-image-title=\"IMG_20250328_192826_1200\" data-image-description=\"\" data-image-caption=\"\" data-large-file=\"https:\/\/i0.wp.com\/deltaimage.de\/wp\/wp-content\/uploads\/IMG_20250328_192826_1200.jpg?fit=890%2C334&amp;ssl=1\" class=\"aligncenter size-full wp-image-48797\" src=\"https:\/\/i0.wp.com\/deltaimage.de\/wp\/wp-content\/uploads\/IMG_20250328_192826_1200.jpg?resize=890%2C334&#038;ssl=1\" alt=\"\" width=\"890\" height=\"334\" srcset=\"https:\/\/i0.wp.com\/deltaimage.de\/wp\/wp-content\/uploads\/IMG_20250328_192826_1200.jpg?w=1200&amp;ssl=1 1200w, https:\/\/i0.wp.com\/deltaimage.de\/wp\/wp-content\/uploads\/IMG_20250328_192826_1200.jpg?resize=900%2C338&amp;ssl=1 900w, https:\/\/i0.wp.com\/deltaimage.de\/wp\/wp-content\/uploads\/IMG_20250328_192826_1200.jpg?resize=300%2C113&amp;ssl=1 300w, https:\/\/i0.wp.com\/deltaimage.de\/wp\/wp-content\/uploads\/IMG_20250328_192826_1200.jpg?resize=1067%2C400&amp;ssl=1 1067w\" sizes=\"auto, (max-width: 890px) 100vw, 890px\" \/><\/p>\n<p><!--more--><\/p>\n<p>&nbsp;<\/p>\n<h2>UV-Licht nach Sonnenuntergang im Dachauer Wasserturm<\/h2>\n<p>Der <strong>Ausstellungsraum<\/strong> im ersten Stockwerk im <strong>Dachauer Wasserturm<\/strong> hat eine UV-Leuchte an der Decke installiert. Aus purer Neugierde wollte ich das mal ausprobieren, wenn es drau\u00dfen schon stockdunkel ist &#8211; und hier sind die Ergebnisse.<\/p>\n<p><img data-recalc-dims=\"1\" loading=\"lazy\" decoding=\"async\" data-attachment-id=\"48794\" data-permalink=\"https:\/\/deltaimage.de\/wp\/?attachment_id=48794#main\" data-orig-file=\"https:\/\/i0.wp.com\/deltaimage.de\/wp\/wp-content\/uploads\/IMG_20250328_192850_1200.jpg?fit=1200%2C450&amp;ssl=1\" data-orig-size=\"1200,450\" data-comments-opened=\"1\" data-image-meta=\"{&quot;aperture&quot;:&quot;1.9&quot;,&quot;credit&quot;:&quot;&quot;,&quot;camera&quot;:&quot;2201116SG&quot;,&quot;caption&quot;:&quot;&quot;,&quot;created_timestamp&quot;:&quot;1743190130&quot;,&quot;copyright&quot;:&quot;&quot;,&quot;focal_length&quot;:&quot;5.89&quot;,&quot;iso&quot;:&quot;50&quot;,&quot;shutter_speed&quot;:&quot;8.3333333333333E-5&quot;,&quot;title&quot;:&quot;&quot;,&quot;orientation&quot;:&quot;0&quot;}\" data-image-title=\"IMG_20250328_192850_1200\" data-image-description=\"\" data-image-caption=\"\" data-large-file=\"https:\/\/i0.wp.com\/deltaimage.de\/wp\/wp-content\/uploads\/IMG_20250328_192850_1200.jpg?fit=890%2C334&amp;ssl=1\" class=\"aligncenter size-full wp-image-48794\" src=\"https:\/\/i0.wp.com\/deltaimage.de\/wp\/wp-content\/uploads\/IMG_20250328_192850_1200.jpg?resize=890%2C334&#038;ssl=1\" alt=\"\" width=\"890\" height=\"334\" srcset=\"https:\/\/i0.wp.com\/deltaimage.de\/wp\/wp-content\/uploads\/IMG_20250328_192850_1200.jpg?w=1200&amp;ssl=1 1200w, https:\/\/i0.wp.com\/deltaimage.de\/wp\/wp-content\/uploads\/IMG_20250328_192850_1200.jpg?resize=900%2C338&amp;ssl=1 900w, https:\/\/i0.wp.com\/deltaimage.de\/wp\/wp-content\/uploads\/IMG_20250328_192850_1200.jpg?resize=300%2C113&amp;ssl=1 300w, https:\/\/i0.wp.com\/deltaimage.de\/wp\/wp-content\/uploads\/IMG_20250328_192850_1200.jpg?resize=1067%2C400&amp;ssl=1 1067w\" sizes=\"auto, (max-width: 890px) 100vw, 890px\" \/><\/p>\n<p>Meine gro\u00dfformatigen Fotografien zum <strong>Dachauer Moos<\/strong> im Tageslicht bekommen unmittelbar den Anschein einer (ich will nicht mystisch schreiben, da inzwischen jedes Foto als mystisch beschrieben wird) ungewohnten und fremdartigen Eindruck und Wahrnehmung auf mich als Betrachter.<\/p>\n<p>Nur die Bildteile mit viel Licht im Bild reflektieren das UV-Licht stark genug f\u00fcr eine differenzierende Wahrnehmung von Kontrasten:<\/p>\n<ul>\n<li><strong>helle Bildteile<\/strong> erscheinen kontrastreich und differenzierend<\/li>\n<li><strong>mittel Helle Bildteile<\/strong> sind noch mit etwas Kontrast ausgestattet<\/li>\n<li><strong>dunkle Bildteile<\/strong> verschwinden in einem dunklen Matsch im Bild.<\/li>\n<\/ul>\n<p>Fast genauso ist unsere Wahrnehmung in der Dunkelheit.<\/p>\n<p><img data-recalc-dims=\"1\" loading=\"lazy\" decoding=\"async\" data-attachment-id=\"48795\" data-permalink=\"https:\/\/deltaimage.de\/wp\/?attachment_id=48795#main\" data-orig-file=\"https:\/\/i0.wp.com\/deltaimage.de\/wp\/wp-content\/uploads\/IMG_20250328_192837_1200.jpg?fit=1200%2C450&amp;ssl=1\" data-orig-size=\"1200,450\" data-comments-opened=\"1\" data-image-meta=\"{&quot;aperture&quot;:&quot;1.9&quot;,&quot;credit&quot;:&quot;&quot;,&quot;camera&quot;:&quot;2201116SG&quot;,&quot;caption&quot;:&quot;&quot;,&quot;created_timestamp&quot;:&quot;1743190118&quot;,&quot;copyright&quot;:&quot;&quot;,&quot;focal_length&quot;:&quot;5.89&quot;,&quot;iso&quot;:&quot;50&quot;,&quot;shutter_speed&quot;:&quot;8.3333333333333E-5&quot;,&quot;title&quot;:&quot;&quot;,&quot;orientation&quot;:&quot;0&quot;}\" data-image-title=\"IMG_20250328_192837_1200\" data-image-description=\"\" data-image-caption=\"\" data-large-file=\"https:\/\/i0.wp.com\/deltaimage.de\/wp\/wp-content\/uploads\/IMG_20250328_192837_1200.jpg?fit=890%2C334&amp;ssl=1\" class=\"aligncenter size-full wp-image-48795\" src=\"https:\/\/i0.wp.com\/deltaimage.de\/wp\/wp-content\/uploads\/IMG_20250328_192837_1200.jpg?resize=890%2C334&#038;ssl=1\" alt=\"\" width=\"890\" height=\"334\" srcset=\"https:\/\/i0.wp.com\/deltaimage.de\/wp\/wp-content\/uploads\/IMG_20250328_192837_1200.jpg?w=1200&amp;ssl=1 1200w, https:\/\/i0.wp.com\/deltaimage.de\/wp\/wp-content\/uploads\/IMG_20250328_192837_1200.jpg?resize=900%2C338&amp;ssl=1 900w, https:\/\/i0.wp.com\/deltaimage.de\/wp\/wp-content\/uploads\/IMG_20250328_192837_1200.jpg?resize=300%2C113&amp;ssl=1 300w, https:\/\/i0.wp.com\/deltaimage.de\/wp\/wp-content\/uploads\/IMG_20250328_192837_1200.jpg?resize=1067%2C400&amp;ssl=1 1067w\" sizes=\"auto, (max-width: 890px) 100vw, 890px\" \/><\/p>\n<p>&nbsp;<\/p>\n<h2>Der Ausstellungsraum ist in ein dunkelblaues Licht der UV-Leuchte getaucht<\/h2>\n<p>Der Eindruck ist schon ganz \u00fcberraschend und vollkommen ungewohnt. Ein so kleines und einfaches Experiment bringt f\u00fcr mich solch eine \u00dcberraschung mit sich.<\/p>\n<p><img data-recalc-dims=\"1\" loading=\"lazy\" decoding=\"async\" data-attachment-id=\"48796\" data-permalink=\"https:\/\/deltaimage.de\/wp\/?attachment_id=48796#main\" data-orig-file=\"https:\/\/i0.wp.com\/deltaimage.de\/wp\/wp-content\/uploads\/IMG_20250328_192906_900.jpg?fit=890%2C668&amp;ssl=1\" data-orig-size=\"890,668\" data-comments-opened=\"1\" data-image-meta=\"{&quot;aperture&quot;:&quot;1.9&quot;,&quot;credit&quot;:&quot;&quot;,&quot;camera&quot;:&quot;2201116SG&quot;,&quot;caption&quot;:&quot;&quot;,&quot;created_timestamp&quot;:&quot;1743190147&quot;,&quot;copyright&quot;:&quot;&quot;,&quot;focal_length&quot;:&quot;5.89&quot;,&quot;iso&quot;:&quot;18900&quot;,&quot;shutter_speed&quot;:&quot;0.071428571428571&quot;,&quot;title&quot;:&quot;&quot;,&quot;orientation&quot;:&quot;0&quot;}\" data-image-title=\"IMG_20250328_192906_900\" data-image-description=\"\" data-image-caption=\"\" data-large-file=\"https:\/\/i0.wp.com\/deltaimage.de\/wp\/wp-content\/uploads\/IMG_20250328_192906_900.jpg?fit=890%2C668&amp;ssl=1\" class=\"aligncenter size-full wp-image-48796\" src=\"https:\/\/i0.wp.com\/deltaimage.de\/wp\/wp-content\/uploads\/IMG_20250328_192906_900.jpg?resize=890%2C668&#038;ssl=1\" alt=\"\" width=\"890\" height=\"668\" srcset=\"https:\/\/i0.wp.com\/deltaimage.de\/wp\/wp-content\/uploads\/IMG_20250328_192906_900.jpg?w=890&amp;ssl=1 890w, https:\/\/i0.wp.com\/deltaimage.de\/wp\/wp-content\/uploads\/IMG_20250328_192906_900.jpg?resize=799%2C600&amp;ssl=1 799w, https:\/\/i0.wp.com\/deltaimage.de\/wp\/wp-content\/uploads\/IMG_20250328_192906_900.jpg?resize=266%2C200&amp;ssl=1 266w, https:\/\/i0.wp.com\/deltaimage.de\/wp\/wp-content\/uploads\/IMG_20250328_192906_900.jpg?resize=533%2C400&amp;ssl=1 533w\" sizes=\"auto, (max-width: 890px) 100vw, 890px\" \/><\/p>\n<p>Ach wie gut, dass ich gerade am Freitag die Ausstellung bis um 20.00 Uhr ge\u00f6ffnet habe.<\/p>\n<p>Wenn Sie ebenso die Neugierde packt, besuchen Sie mich doch im Dachauer Wasserturm nach 19.00 Uhr und wir gehen gemeinsam in die my&#8230;.. Nacht ins <strong>Dachauer Moos<\/strong> hinaus.<\/p>\n","protected":false},"excerpt":{"rendered":"<p>Wie sieht das dunkle Dachauer Moos bei Nacht aus, wenn die Nebel \u00fcber die Niedermoor-Landschaft ziehen? Als Fotograf habe ich eine Vorstellung davon, aber genau wei\u00df ich es auch nicht. [&hellip;]<\/p>\n","protected":false},"author":1,"featured_media":48791,"comment_status":"open","ping_status":"closed","sticky":false,"template":"","format":"standard","meta":{"wpupg_custom_link":[],"wpupg_custom_link_behaviour":["default"],"wpupg_custom_link_nofollow":["default"],"wpupg_custom_image":[],"wpupg_custom_image_id":[],"jetpack_post_was_ever_published":false,"footnotes":""},"categories":[3010,2523,3217,8,3800],"tags":[142,775,3989,4177,587,67,4176],"class_list":["post-48790","post","type-post","status-publish","format-standard","has-post-thumbnail","hentry","category-dachauer-land","category-dachauer-moos","category-naturfotografie","category-news","category-projekt-dachauer-moos","tag-ausstellung","tag-dachauer-moos","tag-dachauer-wasserturm","tag-experiment","tag-nacht","tag-paul-eschbach","tag-uv-licht"],"jetpack_featured_media_url":"https:\/\/i0.wp.com\/deltaimage.de\/wp\/wp-content\/uploads\/IMG_20250328_192906_1200.jpg?fit=1200%2C450&ssl=1","jetpack-related-posts":[{"id":48439,"url":"https:\/\/deltaimage.de\/wp\/?p=48439","url_meta":{"origin":48790,"position":0},"title":"Unsere Foto-Ausstellung zum Dachauer Moos und der Dachauer Wasserturm kommen zusammen","author":"EschbacP","date":"17. M\u00e4rz 2025","format":false,"excerpt":"Am kommenden Freitag, dem 21.3.2025, beginnt die Fest- und Foto-Ausstellung im Dachauer Wasserturm mit dem Thema: \"50 Jahre Natur- und Moosschutz im Dachauer Moos\" Zusammen mit der Kreisgruppe Dachau im BUND Naturschutz in Bayern e. V. mit der Vernissage als Ausstellungser\u00f6ffnung. Das muss vorbereitet und auch aufgebaut werden. Die Ausstellung\u2026","rel":"","context":"In &quot;Dachauer Land&quot;","block_context":{"text":"Dachauer Land","link":"https:\/\/deltaimage.de\/wp\/?cat=3010"},"img":{"alt_text":"","src":"https:\/\/i0.wp.com\/deltaimage.de\/wp\/wp-content\/uploads\/IMG_20250317_150611-1200.jpg?fit=1200%2C450&ssl=1&resize=350%2C200","width":350,"height":200,"srcset":"https:\/\/i0.wp.com\/deltaimage.de\/wp\/wp-content\/uploads\/IMG_20250317_150611-1200.jpg?fit=1200%2C450&ssl=1&resize=350%2C200 1x, https:\/\/i0.wp.com\/deltaimage.de\/wp\/wp-content\/uploads\/IMG_20250317_150611-1200.jpg?fit=1200%2C450&ssl=1&resize=525%2C300 1.5x, https:\/\/i0.wp.com\/deltaimage.de\/wp\/wp-content\/uploads\/IMG_20250317_150611-1200.jpg?fit=1200%2C450&ssl=1&resize=700%2C400 2x, https:\/\/i0.wp.com\/deltaimage.de\/wp\/wp-content\/uploads\/IMG_20250317_150611-1200.jpg?fit=1200%2C450&ssl=1&resize=1050%2C600 3x"},"classes":[]},{"id":48500,"url":"https:\/\/deltaimage.de\/wp\/?p=48500","url_meta":{"origin":48790,"position":1},"title":"Ein Blick in die Foto-Ausstellung im Dachauer Wasserturm von Paul Eschbach","author":"EschbacP","date":"26. M\u00e4rz 2025","format":false,"excerpt":"Die Foto-Ausstellung im Dachauer Wasserturm ist im Beisein der vielen Vernissage-G\u00e4sten er\u00f6ffnet. Werfen wir doch einen Blick in die hellen Ausstellungsr\u00e4ume im ersten Stock des Dachauer Wasserturms. Gro\u00dfformatige Fotografien zeigen die Sch\u00f6nheiten der Natur im Dachauer Moos, mit dem thematischen Schwerpunkt im Palsweiser Moos und Fu\u00dfbergmoos. \u00a0 Fr\u00fchlingsbeginn am Dachauer\u2026","rel":"","context":"In &quot;Buch&quot;","block_context":{"text":"Buch","link":"https:\/\/deltaimage.de\/wp\/?cat=1189"},"img":{"alt_text":"","src":"https:\/\/i0.wp.com\/deltaimage.de\/wp\/wp-content\/uploads\/PE1X9943_1200.jpg?fit=1200%2C450&ssl=1&resize=350%2C200","width":350,"height":200,"srcset":"https:\/\/i0.wp.com\/deltaimage.de\/wp\/wp-content\/uploads\/PE1X9943_1200.jpg?fit=1200%2C450&ssl=1&resize=350%2C200 1x, https:\/\/i0.wp.com\/deltaimage.de\/wp\/wp-content\/uploads\/PE1X9943_1200.jpg?fit=1200%2C450&ssl=1&resize=525%2C300 1.5x, https:\/\/i0.wp.com\/deltaimage.de\/wp\/wp-content\/uploads\/PE1X9943_1200.jpg?fit=1200%2C450&ssl=1&resize=700%2C400 2x, https:\/\/i0.wp.com\/deltaimage.de\/wp\/wp-content\/uploads\/PE1X9943_1200.jpg?fit=1200%2C450&ssl=1&resize=1050%2C600 3x"},"classes":[]},{"id":48830,"url":"https:\/\/deltaimage.de\/wp\/?p=48830","url_meta":{"origin":48790,"position":2},"title":"Am Sonntag im Wasserturm: Geschichte der Glonn und des Dachauer Mooses in Themenvortr\u00e4gen","author":"EschbacP","date":"12. April 2025","format":false,"excerpt":"Die Fest- und Foto-Ausstellung l\u00e4uft nun schon seit dem 21. M\u00e4rz 2025 im Dachauer Wasserturm und man glaubt es kaum, auch am vierten Wochenende ist der Turm trotz des sch\u00f6nen Fr\u00fchlingswetters den ganzen Tag \u00fcber voll. Andauernd f\u00fchre ich Besuchergruppen durch die drei Stockwerke der Ausstellung. Das \u00fcberrascht so manchen\u2026","rel":"","context":"In &quot;Dachauer Land&quot;","block_context":{"text":"Dachauer Land","link":"https:\/\/deltaimage.de\/wp\/?cat=3010"},"img":{"alt_text":"","src":"https:\/\/i0.wp.com\/deltaimage.de\/wp\/wp-content\/uploads\/IMG_20250307_095011_1200.jpg?fit=1200%2C450&ssl=1&resize=350%2C200","width":350,"height":200,"srcset":"https:\/\/i0.wp.com\/deltaimage.de\/wp\/wp-content\/uploads\/IMG_20250307_095011_1200.jpg?fit=1200%2C450&ssl=1&resize=350%2C200 1x, https:\/\/i0.wp.com\/deltaimage.de\/wp\/wp-content\/uploads\/IMG_20250307_095011_1200.jpg?fit=1200%2C450&ssl=1&resize=525%2C300 1.5x, https:\/\/i0.wp.com\/deltaimage.de\/wp\/wp-content\/uploads\/IMG_20250307_095011_1200.jpg?fit=1200%2C450&ssl=1&resize=700%2C400 2x, https:\/\/i0.wp.com\/deltaimage.de\/wp\/wp-content\/uploads\/IMG_20250307_095011_1200.jpg?fit=1200%2C450&ssl=1&resize=1050%2C600 3x"},"classes":[]},{"id":48452,"url":"https:\/\/deltaimage.de\/wp\/?p=48452","url_meta":{"origin":48790,"position":3},"title":"Dachauer Nachrichten: Neue Ausstellung im Dachauer Wasserturm: Die Sch\u00f6nheit des Mooses festgehalten","author":"EschbacP","date":"21. M\u00e4rz 2025","format":false,"excerpt":"Von Miriam Kohr \u00a0 50 Jahre Bund Naturschutz: Eine neue Foto- und Festausstellung im Wasserturm bietet ab 21. M\u00e4rz reichlich Information, aber auch beeindruckende Bilder. Dachau \u2013 Die Kreisgruppe Dachau des Bund Naturschutz feiert Jubil\u00e4um. Seit 50 Jahren setzt sie sich f\u00fcr den Natur- und Landschaftsschutz im Landkreis ein. Das\u2026","rel":"","context":"In &quot;Buch&quot;","block_context":{"text":"Buch","link":"https:\/\/deltaimage.de\/wp\/?cat=1189"},"img":{"alt_text":"","src":"https:\/\/i0.wp.com\/deltaimage.de\/wp\/wp-content\/uploads\/Logo_Merkur.png?fit=1200%2C450&ssl=1&resize=350%2C200","width":350,"height":200,"srcset":"https:\/\/i0.wp.com\/deltaimage.de\/wp\/wp-content\/uploads\/Logo_Merkur.png?fit=1200%2C450&ssl=1&resize=350%2C200 1x, https:\/\/i0.wp.com\/deltaimage.de\/wp\/wp-content\/uploads\/Logo_Merkur.png?fit=1200%2C450&ssl=1&resize=525%2C300 1.5x, https:\/\/i0.wp.com\/deltaimage.de\/wp\/wp-content\/uploads\/Logo_Merkur.png?fit=1200%2C450&ssl=1&resize=700%2C400 2x, https:\/\/i0.wp.com\/deltaimage.de\/wp\/wp-content\/uploads\/Logo_Merkur.png?fit=1200%2C450&ssl=1&resize=1050%2C600 3x"},"classes":[]},{"id":49103,"url":"https:\/\/deltaimage.de\/wp\/?p=49103","url_meta":{"origin":48790,"position":4},"title":"Heute endet die Ausstellung von Paul Eschbach im Dachauer Wasserturm","author":"EschbacP","date":"21. April 2025","format":false,"excerpt":"Heute endet die Fest- und Foto-Ausstellung im Dachauer Wasserturm nach vier Wochen Ausstellungsdauer, an 5 verl\u00e4ngerten Wochenenden, mit insgesamt 16 Ausstellungstagen. Als Fotograf und Ausstellungsleiter habe ich es mir nicht nehmen lassen, an allen Ausstellungstagen im Wasserturm selbst vor Ort zu sein. Mit dem Turmschl\u00fcssel ausgestattet war es mir eine\u2026","rel":"","context":"In &quot;Dachauer Land&quot;","block_context":{"text":"Dachauer Land","link":"https:\/\/deltaimage.de\/wp\/?cat=3010"},"img":{"alt_text":"","src":"https:\/\/i0.wp.com\/deltaimage.de\/wp\/wp-content\/uploads\/IMG_7914_1200.jpg?fit=1200%2C538&ssl=1&resize=350%2C200","width":350,"height":200,"srcset":"https:\/\/i0.wp.com\/deltaimage.de\/wp\/wp-content\/uploads\/IMG_7914_1200.jpg?fit=1200%2C538&ssl=1&resize=350%2C200 1x, https:\/\/i0.wp.com\/deltaimage.de\/wp\/wp-content\/uploads\/IMG_7914_1200.jpg?fit=1200%2C538&ssl=1&resize=525%2C300 1.5x, https:\/\/i0.wp.com\/deltaimage.de\/wp\/wp-content\/uploads\/IMG_7914_1200.jpg?fit=1200%2C538&ssl=1&resize=700%2C400 2x, https:\/\/i0.wp.com\/deltaimage.de\/wp\/wp-content\/uploads\/IMG_7914_1200.jpg?fit=1200%2C538&ssl=1&resize=1050%2C600 3x"},"classes":[]},{"id":48341,"url":"https:\/\/deltaimage.de\/wp\/?p=48341","url_meta":{"origin":48790,"position":5},"title":"Dachauer Nachrichten: Dachauer Moos erleben &#8211; Jubil\u00e4umsausstellung der Kreisgruppe Dachau &#8230;","author":"EschbacP","date":"16. M\u00e4rz 2025","format":false,"excerpt":"Beitrag ver\u00f6ffentlicht in der Dachauer Rundschau vom 16.3.2025 --> Link zum e-Paper \u00a0 Dachauer Moos erleben Jubil\u00e4umsausstellung der Kreisgruppe Dachau im BUND Naturschutz im Dachauer Wasserturm ab 21. M\u00e4rz Dachau\u2013 Die Kreisgruppe Dachau im BUND Naturschutz in Bayern feiert dieses Jahr 50 Jahre der Gr\u00fcndung und zeigt das Wirken im\u2026","rel":"","context":"In &quot;Ausstellung \/ Sonderausstellung&quot;","block_context":{"text":"Ausstellung \/ Sonderausstellung","link":"https:\/\/deltaimage.de\/wp\/?cat=860"},"img":{"alt_text":"","src":"https:\/\/i0.wp.com\/deltaimage.de\/wp\/wp-content\/uploads\/Logo_Dachauer-Rundschau.jpg?fit=1200%2C448&ssl=1&resize=350%2C200","width":350,"height":200,"srcset":"https:\/\/i0.wp.com\/deltaimage.de\/wp\/wp-content\/uploads\/Logo_Dachauer-Rundschau.jpg?fit=1200%2C448&ssl=1&resize=350%2C200 1x, https:\/\/i0.wp.com\/deltaimage.de\/wp\/wp-content\/uploads\/Logo_Dachauer-Rundschau.jpg?fit=1200%2C448&ssl=1&resize=525%2C300 1.5x, https:\/\/i0.wp.com\/deltaimage.de\/wp\/wp-content\/uploads\/Logo_Dachauer-Rundschau.jpg?fit=1200%2C448&ssl=1&resize=700%2C400 2x, https:\/\/i0.wp.com\/deltaimage.de\/wp\/wp-content\/uploads\/Logo_Dachauer-Rundschau.jpg?fit=1200%2C448&ssl=1&resize=1050%2C600 3x"},"classes":[]}],"jetpack_sharing_enabled":true,"_links":{"self":[{"href":"https:\/\/deltaimage.de\/wp\/index.php?rest_route=\/wp\/v2\/posts\/48790","targetHints":{"allow":["GET"]}}],"collection":[{"href":"https:\/\/deltaimage.de\/wp\/index.php?rest_route=\/wp\/v2\/posts"}],"about":[{"href":"https:\/\/deltaimage.de\/wp\/index.php?rest_route=\/wp\/v2\/types\/post"}],"author":[{"embeddable":true,"href":"https:\/\/deltaimage.de\/wp\/index.php?rest_route=\/wp\/v2\/users\/1"}],"replies":[{"embeddable":true,"href":"https:\/\/deltaimage.de\/wp\/index.php?rest_route=%2Fwp%2Fv2%2Fcomments&post=48790"}],"version-history":[{"count":6,"href":"https:\/\/deltaimage.de\/wp\/index.php?rest_route=\/wp\/v2\/posts\/48790\/revisions"}],"predecessor-version":[{"id":51848,"href":"https:\/\/deltaimage.de\/wp\/index.php?rest_route=\/wp\/v2\/posts\/48790\/revisions\/51848"}],"wp:featuredmedia":[{"embeddable":true,"href":"https:\/\/deltaimage.de\/wp\/index.php?rest_route=\/wp\/v2\/media\/48791"}],"wp:attachment":[{"href":"https:\/\/deltaimage.de\/wp\/index.php?rest_route=%2Fwp%2Fv2%2Fmedia&parent=48790"}],"wp:term":[{"taxonomy":"category","embeddable":true,"href":"https:\/\/deltaimage.de\/wp\/index.php?rest_route=%2Fwp%2Fv2%2Fcategories&post=48790"},{"taxonomy":"post_tag","embeddable":true,"href":"https:\/\/deltaimage.de\/wp\/index.php?rest_route=%2Fwp%2Fv2%2Ftags&post=48790"}],"curies":[{"name":"wp","href":"https:\/\/api.w.org\/{rel}","templated":true}]}}